{"id":1188,"date":"2021-08-12T08:52:48","date_gmt":"2021-08-12T05:52:48","guid":{"rendered":"https:\/\/blogs.uef.fi\/puheenvuoroja\/?p=1188"},"modified":"2025-05-13T12:29:33","modified_gmt":"2025-05-13T09:29:33","slug":"professorin-kesa","status":"publish","type":"post","link":"https:\/\/blogs.uef.fi\/puheenvuoroja\/2021\/08\/12\/professorin-kesa\/","title":{"rendered":"Professorin kes\u00e4"},"content":{"rendered":"\n<p>Entisen valtionvarainministerin unohtumaton lausahdus \u2013 \u201dProfessorilla on kolme syyt\u00e4 olla professori \u2013 kes\u00e4-, hein\u00e4- ja elokuu\u201d \u2013 mieless\u00e4ni odotin mielenkiinnolla ensimm\u00e4ist\u00e4 kes\u00e4\u00e4 t\u00e4ysprofessorina. T\u00e4ss\u00e4 muutamia muistiinmerkint\u00f6j\u00e4 tuosta myyttisest\u00e4 ajasta.<\/p>\n\n\n\n<h2 class=\"wp-block-heading\">Kes\u00e4kuu<\/h2>\n\n\n\n<p>Kes\u00e4kuussa maailma tehd\u00e4\u00e4n valmiiksi ennen juhannusta, olipa pandemia tai ei. Suunnitellaan tutkimusta ja opetusta. Pidet\u00e4\u00e4n v\u00e4hint\u00e4\u00e4n yksi palaveri joka projektissa. T\u00e4ytet\u00e4\u00e4n Solea, Mepcoa, Rondoa, Saimaa, Weboodia. Tehd\u00e4\u00e4n ensi lukuvuoden kurssisuunnitelmat ja ty\u00f6suunnitelmat. Artikkelik\u00e4sikirjoituksia ja graduja tippuu s\u00e4hk\u00f6postiin kommentoitavaksi jatkuvalla sy\u00f6t\u00f6ll\u00e4.<\/p>\n\n\n\n<p>Suomeen laskeutunut l\u00e4mp\u00f6aalto ei varsinaisesti paranna ty\u00f6tehoa. Kotikonttorilla on jo aamusta +28. Ty\u00f6huoneessa n\u00e4ihin asteisiin p\u00e4\u00e4st\u00e4isiin vasta muutama tunti my\u00f6hemmin, mutta et\u00e4kokoustaminen vaatii nopeat varikkopys\u00e4hdykset, joten hikoilen kotona. Jaksaminen on koetuksella p\u00e4iv\u00e4n mittaisissa et\u00e4kokouksissa ja puhuminen koneelle ei energisoi. Juhannus l\u00e4hestyy ja vauhti kiihtyy.<\/p>\n\n\n\n<p>\u201dIkuinen Teamssi tietokoneel jatkuu<br>Zoomiin tarunhohtoiseen.<br>Ei en\u00e4\u00e4 duunii, painan puita uuniin<br>Syvem\u00e4lle skutsiin meen\u201d*<\/p>\n\n\n\n<h2 class=\"wp-block-heading\">Hein\u00e4kuu<\/h2>\n\n\n\n<p>Kokonaisty\u00f6aikaj\u00e4rjestelm\u00e4n vuosittainen vapaajakso on koittanut! Aika kuluu nopeasti k\u00e4sikirjoituksen kirjoittamisen ja apurahahakemusten arvioinnin parissa. Tuntuu uskomattomalta, ett\u00e4 voi yht\u00e4jaksoisesti keskitty\u00e4 yhteen asiaan! Mit\u00e4 nyt reitilt\u00e4\u00e4n harhautunut p\u00f6rri\u00e4inen joskus katkaisee ajatuksen juoksun.<\/p>\n\n\n\n<p>Koronatilanne kehittyy hein\u00e4kuun aikana huonompaan suuntaan ja hautaa viimeisetkin haaveet paluusta aitoon normaaliin. Nykyp\u00e4iv\u00e4n digitaaliset j\u00e4rjestelm\u00e4t mahdollistavat paljon, mutta kaikki ei ole mennyt parempaan suuntaan: tutkimusprojektien palavereissa on v\u00e4hemm\u00e4n ideointia ja tieteelliset kokoukset muistuttavat enemm\u00e4n tiedotustilaisuuksia, kun spontaani vuorovaikutus on j\u00e4\u00e4nyt pois.<\/p>\n\n\n\n<h2 class=\"wp-block-heading\">Elokuu<\/h2>\n\n\n\n<p>Elokuu koittaa ja samalla paluu t\u00f6ihin. Opetusta ei en\u00e4\u00e4 suunnitella vaan toteutetaan. Opiskelijat ovat ahkeroineet kes\u00e4ll\u00e4, joten uusia graduja ja k\u00e4sikirjoituksia on luettavana. Apurahahakemuskausi on jo p\u00e4\u00e4ll\u00e4, joten kirjoittamista riitt\u00e4\u00e4.<\/p>\n\n\n\n<h2 class=\"wp-block-heading\">Yhteenvedon paikka<\/h2>\n\n\n\n<p>Ovatko n\u00e4m\u00e4 kolme kuukautta syy olla professori? Ovat ja eiv\u00e4t ole, sill\u00e4 kes\u00e4kuukaudet eiv\u00e4t juurikaan eroa muusta lukuvuodesta. Opetusta on v\u00e4hemm\u00e4n, hallintoa tasaisen tappavasti ja tutkimukselle ei viel\u00e4k\u00e4\u00e4n riitt\u00e4v\u00e4sti aikaa. Tarinan opetus (jos sellaisen haluaa) on enemminkin siin\u00e4, ett\u00e4 kun asiaa katsoo vain yhdest\u00e4 suunnasta, niin ei v\u00e4ltt\u00e4m\u00e4tt\u00e4 tule ajatelleeksi kokonaisuutta.<\/p>\n\n\n\n<p>Ennen vanhaan perustutkinto-opiskelijasta on voinut n\u00e4ytt\u00e4\u00e4 silt\u00e4, ett\u00e4 yliopiston toiminta lakkaa kolmen kes\u00e4kuukauden ajaksi. Me yliopistolaiset toki tied\u00e4mme, ett\u00e4 n\u00e4in ei ole.<\/p>\n\n\n\n<p>* Mukaeltu JVG:n Ikuinen vappu -laulun sanoituksesta.<\/p>\n\n\n\n<figure class=\"wp-block-image\"><a href=\"https:\/\/blogs.uef.fi\/puheenvuoroja\/wp-content\/uploads\/sites\/6\/2021\/04\/Jaana_Rysa_105_155.jpg\"><img loading=\"lazy\" decoding=\"async\" width=\"105\" height=\"155\" src=\"https:\/\/blogs.uef.fi\/puheenvuoroja\/wp-content\/uploads\/sites\/6\/2021\/04\/Jaana_Rysa_105_155.jpg\" alt=\"Professori Jaana Rys\u00e4.\" class=\"wp-image-1012\" \/><\/a><\/figure>\n\n\n\n<p>Jaana Rys\u00e4<br>L\u00e4\u00e4keainetoksikologian professori<br>Farmasian laitos, It\u00e4-Suomen yliopisto<\/p>\n\n\n\n<p>&nbsp;<\/p>\n\n\n\n<p>&nbsp;<\/p>\n\n\n\n<p>&nbsp;<\/p>\n","protected":false},"excerpt":{"rendered":"<p>Entisen valtionvarainministerin unohtumaton lausahdus \u2013 \u201dProfessorilla on kolme syyt\u00e4 olla professori \u2013 kes\u00e4-, hein\u00e4- ja elokuu\u201d \u2013 mieless\u00e4ni odotin mielenkiinnolla ensimm\u00e4ist\u00e4 kes\u00e4\u00e4 t\u00e4ysprofessorina. T\u00e4ss\u00e4 muutamia muistiinmerkint\u00f6j\u00e4 tuosta myyttisest\u00e4 ajasta. Kes\u00e4kuu Kes\u00e4kuussa maailma tehd\u00e4\u00e4n valmiiksi ennen juhannusta, olipa pandemia tai ei. Suunnitellaan tutkimusta ja opetusta. Pidet\u00e4\u00e4n v\u00e4hint\u00e4\u00e4n yksi palaveri joka projektissa. T\u00e4ytet\u00e4\u00e4n Solea, Mepcoa, Rondoa, Saimaa, [&hellip;]<\/p>\n","protected":false},"author":7,"featured_media":0,"comment_status":"open","ping_status":"closed","sticky":false,"template":"","format":"standard","meta":{"_acf_changed":false,"footnotes":""},"categories":[763],"tags":[24,101,219],"class_list":["post-1188","post","type-post","status-publish","format-standard","hentry","category-jaana-rysa","tag-professori","tag-tyoelama","tag-yliopistot"],"acf":[],"yoast_head":"<!-- This site is optimized with the Yoast SEO plugin v27.3 - https:\/\/yoast.com\/product\/yoast-seo-wordpress\/ -->\n<title>Professorin kes\u00e4 - Puheenvuoroja<\/title>\n<meta name=\"robots\" content=\"index, follow, max-snippet:-1, max-image-preview:large, max-video-preview:-1\" \/>\n<link rel=\"canonical\" href=\"https:\/\/blogs.uef.fi\/puheenvuoroja\/2021\/08\/12\/professorin-kesa\/\" \/>\n<meta property=\"og:locale\" content=\"fi_FI\" \/>\n<meta property=\"og:type\" content=\"article\" \/>\n<meta property=\"og:title\" content=\"Professorin kes\u00e4 - Puheenvuoroja\" \/>\n<meta property=\"og:description\" content=\"Entisen valtionvarainministerin unohtumaton lausahdus \u2013 \u201dProfessorilla on kolme syyt\u00e4 olla professori \u2013 kes\u00e4-, hein\u00e4- ja elokuu\u201d \u2013 mieless\u00e4ni odotin mielenkiinnolla ensimm\u00e4ist\u00e4 kes\u00e4\u00e4 t\u00e4ysprofessorina. T\u00e4ss\u00e4 muutamia muistiinmerkint\u00f6j\u00e4 tuosta myyttisest\u00e4 ajasta. Kes\u00e4kuu Kes\u00e4kuussa maailma tehd\u00e4\u00e4n valmiiksi ennen juhannusta, olipa pandemia tai ei. Suunnitellaan tutkimusta ja opetusta. Pidet\u00e4\u00e4n v\u00e4hint\u00e4\u00e4n yksi palaveri joka projektissa. T\u00e4ytet\u00e4\u00e4n Solea, Mepcoa, Rondoa, Saimaa, [&hellip;]\" \/>\n<meta property=\"og:url\" content=\"https:\/\/blogs.uef.fi\/puheenvuoroja\/2021\/08\/12\/professorin-kesa\/\" \/>\n<meta property=\"og:site_name\" content=\"Puheenvuoroja\" \/>\n<meta property=\"article:published_time\" content=\"2021-08-12T05:52:48+00:00\" \/>\n<meta property=\"article:modified_time\" content=\"2025-05-13T09:29:33+00:00\" \/>\n<meta property=\"og:image\" content=\"https:\/\/blogs.uef.fi\/puheenvuoroja\/wp-content\/uploads\/sites\/6\/2021\/04\/Jaana_Rysa_105_155.jpg\" \/>\n\t<meta property=\"og:image:width\" content=\"105\" \/>\n\t<meta property=\"og:image:height\" content=\"155\" \/>\n\t<meta property=\"og:image:type\" content=\"image\/jpeg\" \/>\n<meta name=\"author\" content=\"Viestint\u00e4\" \/>\n<meta name=\"twitter:card\" content=\"summary_large_image\" \/>\n<meta name=\"twitter:label1\" content=\"Kirjoittanut\" \/>\n\t<meta name=\"twitter:data1\" content=\"Viestint\u00e4\" \/>\n\t<meta name=\"twitter:label2\" content=\"Arvioitu lukuaika\" \/>\n\t<meta name=\"twitter:data2\" content=\"3 minuuttia\" \/>\n<script type=\"application\/ld+json\" class=\"yoast-schema-graph\">{\"@context\":\"https:\\\/\\\/schema.org\",\"@graph\":[{\"@type\":\"Article\",\"@id\":\"https:\\\/\\\/blogs.uef.fi\\\/puheenvuoroja\\\/2021\\\/08\\\/12\\\/professorin-kesa\\\/#article\",\"isPartOf\":{\"@id\":\"https:\\\/\\\/blogs.uef.fi\\\/puheenvuoroja\\\/2021\\\/08\\\/12\\\/professorin-kesa\\\/\"},\"author\":{\"name\":\"Viestint\u00e4\",\"@id\":\"https:\\\/\\\/blogs.uef.fi\\\/puheenvuoroja\\\/#\\\/schema\\\/person\\\/23b326ec5bb0d7bd395b6ddbbded3497\"},\"headline\":\"Professorin kes\u00e4\",\"datePublished\":\"2021-08-12T05:52:48+00:00\",\"dateModified\":\"2025-05-13T09:29:33+00:00\",\"mainEntityOfPage\":{\"@id\":\"https:\\\/\\\/blogs.uef.fi\\\/puheenvuoroja\\\/2021\\\/08\\\/12\\\/professorin-kesa\\\/\"},\"wordCount\":400,\"commentCount\":0,\"image\":{\"@id\":\"https:\\\/\\\/blogs.uef.fi\\\/puheenvuoroja\\\/2021\\\/08\\\/12\\\/professorin-kesa\\\/#primaryimage\"},\"thumbnailUrl\":\"https:\\\/\\\/blogs.uef.fi\\\/puheenvuoroja\\\/wp-content\\\/uploads\\\/sites\\\/6\\\/2021\\\/04\\\/Jaana_Rysa_105_155.jpg\",\"keywords\":[\"professori\",\"ty\u00f6el\u00e4m\u00e4\",\"Yliopistot\"],\"articleSection\":[\"Jaana Rys\u00e4\"],\"inLanguage\":\"fi\",\"potentialAction\":[{\"@type\":\"CommentAction\",\"name\":\"Comment\",\"target\":[\"https:\\\/\\\/blogs.uef.fi\\\/puheenvuoroja\\\/2021\\\/08\\\/12\\\/professorin-kesa\\\/#respond\"]}]},{\"@type\":\"WebPage\",\"@id\":\"https:\\\/\\\/blogs.uef.fi\\\/puheenvuoroja\\\/2021\\\/08\\\/12\\\/professorin-kesa\\\/\",\"url\":\"https:\\\/\\\/blogs.uef.fi\\\/puheenvuoroja\\\/2021\\\/08\\\/12\\\/professorin-kesa\\\/\",\"name\":\"Professorin kes\u00e4 - Puheenvuoroja\",\"isPartOf\":{\"@id\":\"https:\\\/\\\/blogs.uef.fi\\\/puheenvuoroja\\\/#website\"},\"primaryImageOfPage\":{\"@id\":\"https:\\\/\\\/blogs.uef.fi\\\/puheenvuoroja\\\/2021\\\/08\\\/12\\\/professorin-kesa\\\/#primaryimage\"},\"image\":{\"@id\":\"https:\\\/\\\/blogs.uef.fi\\\/puheenvuoroja\\\/2021\\\/08\\\/12\\\/professorin-kesa\\\/#primaryimage\"},\"thumbnailUrl\":\"https:\\\/\\\/blogs.uef.fi\\\/puheenvuoroja\\\/wp-content\\\/uploads\\\/sites\\\/6\\\/2021\\\/04\\\/Jaana_Rysa_105_155.jpg\",\"datePublished\":\"2021-08-12T05:52:48+00:00\",\"dateModified\":\"2025-05-13T09:29:33+00:00\",\"author\":{\"@id\":\"https:\\\/\\\/blogs.uef.fi\\\/puheenvuoroja\\\/#\\\/schema\\\/person\\\/23b326ec5bb0d7bd395b6ddbbded3497\"},\"breadcrumb\":{\"@id\":\"https:\\\/\\\/blogs.uef.fi\\\/puheenvuoroja\\\/2021\\\/08\\\/12\\\/professorin-kesa\\\/#breadcrumb\"},\"inLanguage\":\"fi\",\"potentialAction\":[{\"@type\":\"ReadAction\",\"target\":[\"https:\\\/\\\/blogs.uef.fi\\\/puheenvuoroja\\\/2021\\\/08\\\/12\\\/professorin-kesa\\\/\"]}]},{\"@type\":\"ImageObject\",\"inLanguage\":\"fi\",\"@id\":\"https:\\\/\\\/blogs.uef.fi\\\/puheenvuoroja\\\/2021\\\/08\\\/12\\\/professorin-kesa\\\/#primaryimage\",\"url\":\"https:\\\/\\\/blogs.uef.fi\\\/puheenvuoroja\\\/wp-content\\\/uploads\\\/sites\\\/6\\\/2021\\\/04\\\/Jaana_Rysa_105_155.jpg\",\"contentUrl\":\"https:\\\/\\\/blogs.uef.fi\\\/puheenvuoroja\\\/wp-content\\\/uploads\\\/sites\\\/6\\\/2021\\\/04\\\/Jaana_Rysa_105_155.jpg\",\"width\":105,\"height\":155,\"caption\":\"Professori Jaana Rys\u00e4.\"},{\"@type\":\"BreadcrumbList\",\"@id\":\"https:\\\/\\\/blogs.uef.fi\\\/puheenvuoroja\\\/2021\\\/08\\\/12\\\/professorin-kesa\\\/#breadcrumb\",\"itemListElement\":[{\"@type\":\"ListItem\",\"position\":1,\"name\":\"Home\",\"item\":\"https:\\\/\\\/blogs.uef.fi\\\/puheenvuoroja\\\/\"},{\"@type\":\"ListItem\",\"position\":2,\"name\":\"Professorin kes\u00e4\"}]},{\"@type\":\"WebSite\",\"@id\":\"https:\\\/\\\/blogs.uef.fi\\\/puheenvuoroja\\\/#website\",\"url\":\"https:\\\/\\\/blogs.uef.fi\\\/puheenvuoroja\\\/\",\"name\":\"Puheenvuoroja\",\"description\":\"\",\"potentialAction\":[{\"@type\":\"SearchAction\",\"target\":{\"@type\":\"EntryPoint\",\"urlTemplate\":\"https:\\\/\\\/blogs.uef.fi\\\/puheenvuoroja\\\/?s={search_term_string}\"},\"query-input\":{\"@type\":\"PropertyValueSpecification\",\"valueRequired\":true,\"valueName\":\"search_term_string\"}}],\"inLanguage\":\"fi\"},{\"@type\":\"Person\",\"@id\":\"https:\\\/\\\/blogs.uef.fi\\\/puheenvuoroja\\\/#\\\/schema\\\/person\\\/23b326ec5bb0d7bd395b6ddbbded3497\",\"name\":\"Viestint\u00e4\",\"url\":\"https:\\\/\\\/blogs.uef.fi\\\/puheenvuoroja\\\/author\\\/viestinta\\\/\"}]}<\/script>\n<!-- \/ Yoast SEO plugin. -->","yoast_head_json":{"title":"Professorin kes\u00e4 - Puheenvuoroja","robots":{"index":"index","follow":"follow","max-snippet":"max-snippet:-1","max-image-preview":"max-image-preview:large","max-video-preview":"max-video-preview:-1"},"canonical":"https:\/\/blogs.uef.fi\/puheenvuoroja\/2021\/08\/12\/professorin-kesa\/","og_locale":"fi_FI","og_type":"article","og_title":"Professorin kes\u00e4 - Puheenvuoroja","og_description":"Entisen valtionvarainministerin unohtumaton lausahdus \u2013 \u201dProfessorilla on kolme syyt\u00e4 olla professori \u2013 kes\u00e4-, hein\u00e4- ja elokuu\u201d \u2013 mieless\u00e4ni odotin mielenkiinnolla ensimm\u00e4ist\u00e4 kes\u00e4\u00e4 t\u00e4ysprofessorina. T\u00e4ss\u00e4 muutamia muistiinmerkint\u00f6j\u00e4 tuosta myyttisest\u00e4 ajasta. Kes\u00e4kuu Kes\u00e4kuussa maailma tehd\u00e4\u00e4n valmiiksi ennen juhannusta, olipa pandemia tai ei. Suunnitellaan tutkimusta ja opetusta. Pidet\u00e4\u00e4n v\u00e4hint\u00e4\u00e4n yksi palaveri joka projektissa. T\u00e4ytet\u00e4\u00e4n Solea, Mepcoa, Rondoa, Saimaa, [&hellip;]","og_url":"https:\/\/blogs.uef.fi\/puheenvuoroja\/2021\/08\/12\/professorin-kesa\/","og_site_name":"Puheenvuoroja","article_published_time":"2021-08-12T05:52:48+00:00","article_modified_time":"2025-05-13T09:29:33+00:00","og_image":[{"width":105,"height":155,"url":"https:\/\/blogs.uef.fi\/puheenvuoroja\/wp-content\/uploads\/sites\/6\/2021\/04\/Jaana_Rysa_105_155.jpg","type":"image\/jpeg"}],"author":"Viestint\u00e4","twitter_card":"summary_large_image","twitter_misc":{"Kirjoittanut":"Viestint\u00e4","Arvioitu lukuaika":"3 minuuttia"},"schema":{"@context":"https:\/\/schema.org","@graph":[{"@type":"Article","@id":"https:\/\/blogs.uef.fi\/puheenvuoroja\/2021\/08\/12\/professorin-kesa\/#article","isPartOf":{"@id":"https:\/\/blogs.uef.fi\/puheenvuoroja\/2021\/08\/12\/professorin-kesa\/"},"author":{"name":"Viestint\u00e4","@id":"https:\/\/blogs.uef.fi\/puheenvuoroja\/#\/schema\/person\/23b326ec5bb0d7bd395b6ddbbded3497"},"headline":"Professorin kes\u00e4","datePublished":"2021-08-12T05:52:48+00:00","dateModified":"2025-05-13T09:29:33+00:00","mainEntityOfPage":{"@id":"https:\/\/blogs.uef.fi\/puheenvuoroja\/2021\/08\/12\/professorin-kesa\/"},"wordCount":400,"commentCount":0,"image":{"@id":"https:\/\/blogs.uef.fi\/puheenvuoroja\/2021\/08\/12\/professorin-kesa\/#primaryimage"},"thumbnailUrl":"https:\/\/blogs.uef.fi\/puheenvuoroja\/wp-content\/uploads\/sites\/6\/2021\/04\/Jaana_Rysa_105_155.jpg","keywords":["professori","ty\u00f6el\u00e4m\u00e4","Yliopistot"],"articleSection":["Jaana Rys\u00e4"],"inLanguage":"fi","potentialAction":[{"@type":"CommentAction","name":"Comment","target":["https:\/\/blogs.uef.fi\/puheenvuoroja\/2021\/08\/12\/professorin-kesa\/#respond"]}]},{"@type":"WebPage","@id":"https:\/\/blogs.uef.fi\/puheenvuoroja\/2021\/08\/12\/professorin-kesa\/","url":"https:\/\/blogs.uef.fi\/puheenvuoroja\/2021\/08\/12\/professorin-kesa\/","name":"Professorin kes\u00e4 - Puheenvuoroja","isPartOf":{"@id":"https:\/\/blogs.uef.fi\/puheenvuoroja\/#website"},"primaryImageOfPage":{"@id":"https:\/\/blogs.uef.fi\/puheenvuoroja\/2021\/08\/12\/professorin-kesa\/#primaryimage"},"image":{"@id":"https:\/\/blogs.uef.fi\/puheenvuoroja\/2021\/08\/12\/professorin-kesa\/#primaryimage"},"thumbnailUrl":"https:\/\/blogs.uef.fi\/puheenvuoroja\/wp-content\/uploads\/sites\/6\/2021\/04\/Jaana_Rysa_105_155.jpg","datePublished":"2021-08-12T05:52:48+00:00","dateModified":"2025-05-13T09:29:33+00:00","author":{"@id":"https:\/\/blogs.uef.fi\/puheenvuoroja\/#\/schema\/person\/23b326ec5bb0d7bd395b6ddbbded3497"},"breadcrumb":{"@id":"https:\/\/blogs.uef.fi\/puheenvuoroja\/2021\/08\/12\/professorin-kesa\/#breadcrumb"},"inLanguage":"fi","potentialAction":[{"@type":"ReadAction","target":["https:\/\/blogs.uef.fi\/puheenvuoroja\/2021\/08\/12\/professorin-kesa\/"]}]},{"@type":"ImageObject","inLanguage":"fi","@id":"https:\/\/blogs.uef.fi\/puheenvuoroja\/2021\/08\/12\/professorin-kesa\/#primaryimage","url":"https:\/\/blogs.uef.fi\/puheenvuoroja\/wp-content\/uploads\/sites\/6\/2021\/04\/Jaana_Rysa_105_155.jpg","contentUrl":"https:\/\/blogs.uef.fi\/puheenvuoroja\/wp-content\/uploads\/sites\/6\/2021\/04\/Jaana_Rysa_105_155.jpg","width":105,"height":155,"caption":"Professori Jaana Rys\u00e4."},{"@type":"BreadcrumbList","@id":"https:\/\/blogs.uef.fi\/puheenvuoroja\/2021\/08\/12\/professorin-kesa\/#breadcrumb","itemListElement":[{"@type":"ListItem","position":1,"name":"Home","item":"https:\/\/blogs.uef.fi\/puheenvuoroja\/"},{"@type":"ListItem","position":2,"name":"Professorin kes\u00e4"}]},{"@type":"WebSite","@id":"https:\/\/blogs.uef.fi\/puheenvuoroja\/#website","url":"https:\/\/blogs.uef.fi\/puheenvuoroja\/","name":"Puheenvuoroja","description":"","potentialAction":[{"@type":"SearchAction","target":{"@type":"EntryPoint","urlTemplate":"https:\/\/blogs.uef.fi\/puheenvuoroja\/?s={search_term_string}"},"query-input":{"@type":"PropertyValueSpecification","valueRequired":true,"valueName":"search_term_string"}}],"inLanguage":"fi"},{"@type":"Person","@id":"https:\/\/blogs.uef.fi\/puheenvuoroja\/#\/schema\/person\/23b326ec5bb0d7bd395b6ddbbded3497","name":"Viestint\u00e4","url":"https:\/\/blogs.uef.fi\/puheenvuoroja\/author\/viestinta\/"}]}},"_links":{"self":[{"href":"https:\/\/blogs.uef.fi\/puheenvuoroja\/wp-json\/wp\/v2\/posts\/1188","targetHints":{"allow":["GET"]}}],"collection":[{"href":"https:\/\/blogs.uef.fi\/puheenvuoroja\/wp-json\/wp\/v2\/posts"}],"about":[{"href":"https:\/\/blogs.uef.fi\/puheenvuoroja\/wp-json\/wp\/v2\/types\/post"}],"author":[{"embeddable":true,"href":"https:\/\/blogs.uef.fi\/puheenvuoroja\/wp-json\/wp\/v2\/users\/7"}],"replies":[{"embeddable":true,"href":"https:\/\/blogs.uef.fi\/puheenvuoroja\/wp-json\/wp\/v2\/comments?post=1188"}],"version-history":[{"count":2,"href":"https:\/\/blogs.uef.fi\/puheenvuoroja\/wp-json\/wp\/v2\/posts\/1188\/revisions"}],"predecessor-version":[{"id":3288,"href":"https:\/\/blogs.uef.fi\/puheenvuoroja\/wp-json\/wp\/v2\/posts\/1188\/revisions\/3288"}],"wp:attachment":[{"href":"https:\/\/blogs.uef.fi\/puheenvuoroja\/wp-json\/wp\/v2\/media?parent=1188"}],"wp:term":[{"taxonomy":"category","embeddable":true,"href":"https:\/\/blogs.uef.fi\/puheenvuoroja\/wp-json\/wp\/v2\/categories?post=1188"},{"taxonomy":"post_tag","embeddable":true,"href":"https:\/\/blogs.uef.fi\/puheenvuoroja\/wp-json\/wp\/v2\/tags?post=1188"}],"curies":[{"name":"wp","href":"https:\/\/api.w.org\/{rel}","templated":true}]}}