{"id":780,"date":"2020-08-31T12:00:12","date_gmt":"2020-08-31T09:00:12","guid":{"rendered":"https:\/\/blogs.uef.fi\/parasta-aikaa-varhaiskasvatuksessa\/?p=780"},"modified":"2021-08-11T13:47:48","modified_gmt":"2021-08-11T10:47:48","slug":"tie-varhaiskasvatuksen-opettajaksi","status":"publish","type":"post","link":"https:\/\/blogs.uef.fi\/parasta-aikaa-varhaiskasvatuksessa\/?p=780","title":{"rendered":"Tie varhaiskasvatuksen opettajaksi"},"content":{"rendered":"<p style=\"text-align: justify\">On kiistatonta, ett\u00e4 varhaiskasvatusvuosien aikana rakennetaan perusta tulevalle oppimiselle ja hyvinvoinnille. P\u00e4iv\u00e4kotien varhaiskasvatus on osa koulutus- ja sivistysj\u00e4rjestelm\u00e4\u00e4 ja hyv\u00e4 opettaja on avainasemassa laadukkaan oppimisymp\u00e4rist\u00f6n suunnittelussa ja toiminnan toteuttamisesta. Hyvist\u00e4 opettajista on pulaa \u2013 onneksi varhaiskasvatuksen koulutus on alkanut kiinnostaa.<\/p>\n<div id=\"attachment_783\" style=\"width: 482px\" class=\"wp-caption aligncenter\"><img loading=\"lazy\" decoding=\"async\" aria-describedby=\"caption-attachment-783\" class=\"wp-image-783\" src=\"https:\/\/blogs.uef.fi\/parasta-aikaa-varhaiskasvatuksessa\/wp-content\/uploads\/sites\/93\/2020\/09\/DSC5545.jpg\" alt=\"Kaksi varhaiskasvatuksen opettajaopiskelijaa istuvat rakentamassa pient\u00e4 tornia palikoista.\" width=\"472\" height=\"323\" srcset=\"https:\/\/blogs.uef.fi\/parasta-aikaa-varhaiskasvatuksessa\/wp-content\/uploads\/sites\/93\/2020\/09\/DSC5545.jpg 2337w, https:\/\/blogs.uef.fi\/parasta-aikaa-varhaiskasvatuksessa\/wp-content\/uploads\/sites\/93\/2020\/09\/DSC5545-300x205.jpg 300w, https:\/\/blogs.uef.fi\/parasta-aikaa-varhaiskasvatuksessa\/wp-content\/uploads\/sites\/93\/2020\/09\/DSC5545-1024x701.jpg 1024w, https:\/\/blogs.uef.fi\/parasta-aikaa-varhaiskasvatuksessa\/wp-content\/uploads\/sites\/93\/2020\/09\/DSC5545-768x526.jpg 768w, https:\/\/blogs.uef.fi\/parasta-aikaa-varhaiskasvatuksessa\/wp-content\/uploads\/sites\/93\/2020\/09\/DSC5545-1536x1052.jpg 1536w, https:\/\/blogs.uef.fi\/parasta-aikaa-varhaiskasvatuksessa\/wp-content\/uploads\/sites\/93\/2020\/09\/DSC5545-2048x1402.jpg 2048w\" sizes=\"auto, (max-width: 472px) 100vw, 472px\" \/><p id=\"caption-attachment-783\" class=\"wp-caption-text\">Kuva1. Varhaiskasvatuksen opettajakoulutuksessa rakennetaan yhdess\u00e4 pohjaa lasten elinik\u00e4iselle oppimiselle ja hyvinvoinnille.<\/p><\/div>\n<p style=\"text-align: justify\">It\u00e4-Suomen yliopistossa varhaiskasvatuksen puolella aloittaa kaiken kaikkiaan 139 uutta ja innostunutta opiskelijaa. Hakijoita oli per\u00e4ti 459 kappaletta. Opiskelijavalinnoissa on t\u00e4n\u00e4 kev\u00e4\u00e4n\u00e4 ollut mukana kolme uutta hakukohdetta varhaiskasvatuksen opettaja (3 v) -koulutuksen lis\u00e4ksi: avoimen yliopiston v\u00e4yl\u00e4, varhaiskasvatuksen opettaja + maisteri (3 v + 2 v) ja varhaiskasvatuksen maisterikoulutus (2 v). Avoimen yliopiston v\u00e4yl\u00e4 -hakukohteessa koulutukseen haetaan aiempien kasvatustieteellisten perusopintojen perusteella ja hakija ei osallistu Vakava-kokeeseen. Soveltuvuuskokeeseen h\u00e4n kuitenkin osallistuu.<\/p>\n<p style=\"text-align: justify\">Varhaiskasvatuksen maisterikoulutus oli t\u00e4n\u00e4 vuonna ensimm\u00e4ist\u00e4 kertaa hakukohteena. Sen tavoitteena on vahvistaa varhaiskasvatuksen asemaa osana koulutus- ja sivistysj\u00e4rjestelm\u00e4\u00e4. Maisteriopintojen aikana asiantuntijuus syvenee erityisesti johtajuuden n\u00e4k\u00f6kulmasta.<\/p>\n<p style=\"text-align: justify\">Varhaiskasvatuksen koulutus ja koko It\u00e4-Suomen yliopisto toivottaa uudet opiskelijat syd\u00e4mellisesti tervetulleeksi akateemiseen yhteis\u00f6\u00f6n. Yhdess\u00e4 rakennamme lapsillemme vahvempaa tulevaisuutta.<\/p>\n<p>&nbsp;<\/p>\n<p><strong><em>Kirjoittajat:<\/em><\/strong><\/p>\n<p><img loading=\"lazy\" decoding=\"async\" class=\"wp-image-83 alignnone\" src=\"https:\/\/blogs.uef.fi\/parasta-aikaa-varhaiskasvatuksessa\/wp-content\/uploads\/sites\/93\/2019\/05\/ninas-1-e1559134336602-207x300.jpg\" alt=\"\" width=\"114\" height=\"203\" \/><br \/>\nNina Sajaniemi<br \/>\nIt\u00e4-Suomen yliopisto, varhaiskasvatuksen professori<\/p>\n<p>Salla Martins\u00e9n<br \/>\nIt\u00e4-Suomen yliopisto, amanuenssi, varhaiskasvatuksen koulutus ja luokanopettajakoulutus<\/p>\n","protected":false},"excerpt":{"rendered":"<p>On kiistatonta, ett\u00e4 varhaiskasvatusvuosien aikana rakennetaan perusta tulevalle oppimiselle ja hyvinvoinnille. P\u00e4iv\u00e4kotien varhaiskasvatus on osa koulutus- ja sivistysj\u00e4rjestelm\u00e4\u00e4 ja hyv\u00e4 opettaja on avainasemassa laadukkaan oppimisymp\u00e4rist\u00f6n suunnittelussa ja toiminnan toteuttamisesta. Hyvist\u00e4 opettajista on pulaa \u2013 onneksi varhaiskasvatuksen koulutus on alkanut kiinnostaa. It\u00e4-Suomen yliopistossa varhaiskasvatuksen puolella aloittaa kaiken kaikkiaan 139 uutta ja innostunutta opiskelijaa. Hakijoita oli per\u00e4ti [&hellip;]<\/p>\n","protected":false},"author":257,"featured_media":0,"comment_status":"open","ping_status":"open","sticky":false,"template":"","format":"standard","meta":{"_acf_changed":false,"footnotes":""},"categories":[1],"tags":[],"class_list":["post-780","post","type-post","status-publish","format-standard","hentry","category-uncategorized"],"acf":[],"yoast_head":"<!-- This site is optimized with the Yoast SEO plugin v27.3 - https:\/\/yoast.com\/product\/yoast-seo-wordpress\/ -->\n<title>Tie varhaiskasvatuksen opettajaksi - Parasta aikaa varhaiskasvatuksessa<\/title>\n<meta name=\"robots\" content=\"index, follow, max-snippet:-1, max-image-preview:large, max-video-preview:-1\" \/>\n<link rel=\"canonical\" href=\"https:\/\/blogs.uef.fi\/parasta-aikaa-varhaiskasvatuksessa\/?p=780\" \/>\n<meta property=\"og:locale\" content=\"fi_FI\" \/>\n<meta property=\"og:type\" content=\"article\" \/>\n<meta property=\"og:title\" content=\"Tie varhaiskasvatuksen opettajaksi - Parasta aikaa varhaiskasvatuksessa\" \/>\n<meta property=\"og:description\" content=\"On kiistatonta, ett\u00e4 varhaiskasvatusvuosien aikana rakennetaan perusta tulevalle oppimiselle ja hyvinvoinnille. P\u00e4iv\u00e4kotien varhaiskasvatus on osa koulutus- ja sivistysj\u00e4rjestelm\u00e4\u00e4 ja hyv\u00e4 opettaja on avainasemassa laadukkaan oppimisymp\u00e4rist\u00f6n suunnittelussa ja toiminnan toteuttamisesta. Hyvist\u00e4 opettajista on pulaa \u2013 onneksi varhaiskasvatuksen koulutus on alkanut kiinnostaa. It\u00e4-Suomen yliopistossa varhaiskasvatuksen puolella aloittaa kaiken kaikkiaan 139 uutta ja innostunutta opiskelijaa. Hakijoita oli per\u00e4ti [&hellip;]\" \/>\n<meta property=\"og:url\" content=\"https:\/\/blogs.uef.fi\/parasta-aikaa-varhaiskasvatuksessa\/?p=780\" \/>\n<meta property=\"og:site_name\" content=\"Parasta aikaa varhaiskasvatuksessa\" \/>\n<meta property=\"article:published_time\" content=\"2020-08-31T09:00:12+00:00\" \/>\n<meta property=\"article:modified_time\" content=\"2021-08-11T10:47:48+00:00\" \/>\n<meta property=\"og:image\" content=\"https:\/\/blogs.uef.fi\/parasta-aikaa-varhaiskasvatuksessa\/wp-content\/uploads\/sites\/93\/2020\/09\/DSC5545.jpg\" \/>\n<meta name=\"author\" content=\"Parasta_aikaa\" \/>\n<meta name=\"twitter:card\" content=\"summary_large_image\" \/>\n<meta name=\"twitter:label1\" content=\"Kirjoittanut\" \/>\n\t<meta name=\"twitter:data1\" content=\"Parasta_aikaa\" \/>\n\t<meta name=\"twitter:label2\" content=\"Arvioitu lukuaika\" \/>\n\t<meta name=\"twitter:data2\" content=\"1 minuutti\" \/>\n<script type=\"application\/ld+json\" class=\"yoast-schema-graph\">{\"@context\":\"https:\\\/\\\/schema.org\",\"@graph\":[{\"@type\":\"Article\",\"@id\":\"https:\\\/\\\/blogs.uef.fi\\\/parasta-aikaa-varhaiskasvatuksessa\\\/?p=780#article\",\"isPartOf\":{\"@id\":\"https:\\\/\\\/blogs.uef.fi\\\/parasta-aikaa-varhaiskasvatuksessa\\\/?p=780\"},\"author\":{\"name\":\"Parasta_aikaa\",\"@id\":\"https:\\\/\\\/blogs.uef.fi\\\/parasta-aikaa-varhaiskasvatuksessa\\\/#\\\/schema\\\/person\\\/bc691df0f10ff8a79fdf36fae739c625\"},\"headline\":\"Tie varhaiskasvatuksen opettajaksi\",\"datePublished\":\"2020-08-31T09:00:12+00:00\",\"dateModified\":\"2021-08-11T10:47:48+00:00\",\"mainEntityOfPage\":{\"@id\":\"https:\\\/\\\/blogs.uef.fi\\\/parasta-aikaa-varhaiskasvatuksessa\\\/?p=780\"},\"wordCount\":205,\"commentCount\":0,\"image\":{\"@id\":\"https:\\\/\\\/blogs.uef.fi\\\/parasta-aikaa-varhaiskasvatuksessa\\\/?p=780#primaryimage\"},\"thumbnailUrl\":\"https:\\\/\\\/blogs.uef.fi\\\/parasta-aikaa-varhaiskasvatuksessa\\\/wp-content\\\/uploads\\\/sites\\\/93\\\/2020\\\/09\\\/DSC5545.jpg\",\"articleSection\":[\"Uncategorized\"],\"inLanguage\":\"fi\",\"potentialAction\":[{\"@type\":\"CommentAction\",\"name\":\"Comment\",\"target\":[\"https:\\\/\\\/blogs.uef.fi\\\/parasta-aikaa-varhaiskasvatuksessa\\\/?p=780#respond\"]}]},{\"@type\":\"WebPage\",\"@id\":\"https:\\\/\\\/blogs.uef.fi\\\/parasta-aikaa-varhaiskasvatuksessa\\\/?p=780\",\"url\":\"https:\\\/\\\/blogs.uef.fi\\\/parasta-aikaa-varhaiskasvatuksessa\\\/?p=780\",\"name\":\"Tie varhaiskasvatuksen opettajaksi - Parasta aikaa varhaiskasvatuksessa\",\"isPartOf\":{\"@id\":\"https:\\\/\\\/blogs.uef.fi\\\/parasta-aikaa-varhaiskasvatuksessa\\\/#website\"},\"primaryImageOfPage\":{\"@id\":\"https:\\\/\\\/blogs.uef.fi\\\/parasta-aikaa-varhaiskasvatuksessa\\\/?p=780#primaryimage\"},\"image\":{\"@id\":\"https:\\\/\\\/blogs.uef.fi\\\/parasta-aikaa-varhaiskasvatuksessa\\\/?p=780#primaryimage\"},\"thumbnailUrl\":\"https:\\\/\\\/blogs.uef.fi\\\/parasta-aikaa-varhaiskasvatuksessa\\\/wp-content\\\/uploads\\\/sites\\\/93\\\/2020\\\/09\\\/DSC5545.jpg\",\"datePublished\":\"2020-08-31T09:00:12+00:00\",\"dateModified\":\"2021-08-11T10:47:48+00:00\",\"author\":{\"@id\":\"https:\\\/\\\/blogs.uef.fi\\\/parasta-aikaa-varhaiskasvatuksessa\\\/#\\\/schema\\\/person\\\/bc691df0f10ff8a79fdf36fae739c625\"},\"breadcrumb\":{\"@id\":\"https:\\\/\\\/blogs.uef.fi\\\/parasta-aikaa-varhaiskasvatuksessa\\\/?p=780#breadcrumb\"},\"inLanguage\":\"fi\",\"potentialAction\":[{\"@type\":\"ReadAction\",\"target\":[\"https:\\\/\\\/blogs.uef.fi\\\/parasta-aikaa-varhaiskasvatuksessa\\\/?p=780\"]}]},{\"@type\":\"ImageObject\",\"inLanguage\":\"fi\",\"@id\":\"https:\\\/\\\/blogs.uef.fi\\\/parasta-aikaa-varhaiskasvatuksessa\\\/?p=780#primaryimage\",\"url\":\"https:\\\/\\\/blogs.uef.fi\\\/parasta-aikaa-varhaiskasvatuksessa\\\/wp-content\\\/uploads\\\/sites\\\/93\\\/2020\\\/09\\\/DSC5545.jpg\",\"contentUrl\":\"https:\\\/\\\/blogs.uef.fi\\\/parasta-aikaa-varhaiskasvatuksessa\\\/wp-content\\\/uploads\\\/sites\\\/93\\\/2020\\\/09\\\/DSC5545.jpg\",\"width\":2337,\"height\":1600},{\"@type\":\"BreadcrumbList\",\"@id\":\"https:\\\/\\\/blogs.uef.fi\\\/parasta-aikaa-varhaiskasvatuksessa\\\/?p=780#breadcrumb\",\"itemListElement\":[{\"@type\":\"ListItem\",\"position\":1,\"name\":\"Home\",\"item\":\"https:\\\/\\\/blogs.uef.fi\\\/parasta-aikaa-varhaiskasvatuksessa\"},{\"@type\":\"ListItem\",\"position\":2,\"name\":\"Tie varhaiskasvatuksen opettajaksi\"}]},{\"@type\":\"WebSite\",\"@id\":\"https:\\\/\\\/blogs.uef.fi\\\/parasta-aikaa-varhaiskasvatuksessa\\\/#website\",\"url\":\"https:\\\/\\\/blogs.uef.fi\\\/parasta-aikaa-varhaiskasvatuksessa\\\/\",\"name\":\"Parasta aikaa varhaiskasvatuksessa\",\"description\":\"\",\"potentialAction\":[{\"@type\":\"SearchAction\",\"target\":{\"@type\":\"EntryPoint\",\"urlTemplate\":\"https:\\\/\\\/blogs.uef.fi\\\/parasta-aikaa-varhaiskasvatuksessa\\\/?s={search_term_string}\"},\"query-input\":{\"@type\":\"PropertyValueSpecification\",\"valueRequired\":true,\"valueName\":\"search_term_string\"}}],\"inLanguage\":\"fi\"},{\"@type\":\"Person\",\"@id\":\"https:\\\/\\\/blogs.uef.fi\\\/parasta-aikaa-varhaiskasvatuksessa\\\/#\\\/schema\\\/person\\\/bc691df0f10ff8a79fdf36fae739c625\",\"name\":\"Parasta_aikaa\",\"url\":\"https:\\\/\\\/blogs.uef.fi\\\/parasta-aikaa-varhaiskasvatuksessa\\\/?author=257\"}]}<\/script>\n<!-- \/ Yoast SEO plugin. -->","yoast_head_json":{"title":"Tie varhaiskasvatuksen opettajaksi - Parasta aikaa varhaiskasvatuksessa","robots":{"index":"index","follow":"follow","max-snippet":"max-snippet:-1","max-image-preview":"max-image-preview:large","max-video-preview":"max-video-preview:-1"},"canonical":"https:\/\/blogs.uef.fi\/parasta-aikaa-varhaiskasvatuksessa\/?p=780","og_locale":"fi_FI","og_type":"article","og_title":"Tie varhaiskasvatuksen opettajaksi - Parasta aikaa varhaiskasvatuksessa","og_description":"On kiistatonta, ett\u00e4 varhaiskasvatusvuosien aikana rakennetaan perusta tulevalle oppimiselle ja hyvinvoinnille. P\u00e4iv\u00e4kotien varhaiskasvatus on osa koulutus- ja sivistysj\u00e4rjestelm\u00e4\u00e4 ja hyv\u00e4 opettaja on avainasemassa laadukkaan oppimisymp\u00e4rist\u00f6n suunnittelussa ja toiminnan toteuttamisesta. Hyvist\u00e4 opettajista on pulaa \u2013 onneksi varhaiskasvatuksen koulutus on alkanut kiinnostaa. It\u00e4-Suomen yliopistossa varhaiskasvatuksen puolella aloittaa kaiken kaikkiaan 139 uutta ja innostunutta opiskelijaa. Hakijoita oli per\u00e4ti [&hellip;]","og_url":"https:\/\/blogs.uef.fi\/parasta-aikaa-varhaiskasvatuksessa\/?p=780","og_site_name":"Parasta aikaa varhaiskasvatuksessa","article_published_time":"2020-08-31T09:00:12+00:00","article_modified_time":"2021-08-11T10:47:48+00:00","og_image":[{"url":"https:\/\/blogs.uef.fi\/parasta-aikaa-varhaiskasvatuksessa\/wp-content\/uploads\/sites\/93\/2020\/09\/DSC5545.jpg","type":"","width":"","height":""}],"author":"Parasta_aikaa","twitter_card":"summary_large_image","twitter_misc":{"Kirjoittanut":"Parasta_aikaa","Arvioitu lukuaika":"1 minuutti"},"schema":{"@context":"https:\/\/schema.org","@graph":[{"@type":"Article","@id":"https:\/\/blogs.uef.fi\/parasta-aikaa-varhaiskasvatuksessa\/?p=780#article","isPartOf":{"@id":"https:\/\/blogs.uef.fi\/parasta-aikaa-varhaiskasvatuksessa\/?p=780"},"author":{"name":"Parasta_aikaa","@id":"https:\/\/blogs.uef.fi\/parasta-aikaa-varhaiskasvatuksessa\/#\/schema\/person\/bc691df0f10ff8a79fdf36fae739c625"},"headline":"Tie varhaiskasvatuksen opettajaksi","datePublished":"2020-08-31T09:00:12+00:00","dateModified":"2021-08-11T10:47:48+00:00","mainEntityOfPage":{"@id":"https:\/\/blogs.uef.fi\/parasta-aikaa-varhaiskasvatuksessa\/?p=780"},"wordCount":205,"commentCount":0,"image":{"@id":"https:\/\/blogs.uef.fi\/parasta-aikaa-varhaiskasvatuksessa\/?p=780#primaryimage"},"thumbnailUrl":"https:\/\/blogs.uef.fi\/parasta-aikaa-varhaiskasvatuksessa\/wp-content\/uploads\/sites\/93\/2020\/09\/DSC5545.jpg","articleSection":["Uncategorized"],"inLanguage":"fi","potentialAction":[{"@type":"CommentAction","name":"Comment","target":["https:\/\/blogs.uef.fi\/parasta-aikaa-varhaiskasvatuksessa\/?p=780#respond"]}]},{"@type":"WebPage","@id":"https:\/\/blogs.uef.fi\/parasta-aikaa-varhaiskasvatuksessa\/?p=780","url":"https:\/\/blogs.uef.fi\/parasta-aikaa-varhaiskasvatuksessa\/?p=780","name":"Tie varhaiskasvatuksen opettajaksi - Parasta aikaa varhaiskasvatuksessa","isPartOf":{"@id":"https:\/\/blogs.uef.fi\/parasta-aikaa-varhaiskasvatuksessa\/#website"},"primaryImageOfPage":{"@id":"https:\/\/blogs.uef.fi\/parasta-aikaa-varhaiskasvatuksessa\/?p=780#primaryimage"},"image":{"@id":"https:\/\/blogs.uef.fi\/parasta-aikaa-varhaiskasvatuksessa\/?p=780#primaryimage"},"thumbnailUrl":"https:\/\/blogs.uef.fi\/parasta-aikaa-varhaiskasvatuksessa\/wp-content\/uploads\/sites\/93\/2020\/09\/DSC5545.jpg","datePublished":"2020-08-31T09:00:12+00:00","dateModified":"2021-08-11T10:47:48+00:00","author":{"@id":"https:\/\/blogs.uef.fi\/parasta-aikaa-varhaiskasvatuksessa\/#\/schema\/person\/bc691df0f10ff8a79fdf36fae739c625"},"breadcrumb":{"@id":"https:\/\/blogs.uef.fi\/parasta-aikaa-varhaiskasvatuksessa\/?p=780#breadcrumb"},"inLanguage":"fi","potentialAction":[{"@type":"ReadAction","target":["https:\/\/blogs.uef.fi\/parasta-aikaa-varhaiskasvatuksessa\/?p=780"]}]},{"@type":"ImageObject","inLanguage":"fi","@id":"https:\/\/blogs.uef.fi\/parasta-aikaa-varhaiskasvatuksessa\/?p=780#primaryimage","url":"https:\/\/blogs.uef.fi\/parasta-aikaa-varhaiskasvatuksessa\/wp-content\/uploads\/sites\/93\/2020\/09\/DSC5545.jpg","contentUrl":"https:\/\/blogs.uef.fi\/parasta-aikaa-varhaiskasvatuksessa\/wp-content\/uploads\/sites\/93\/2020\/09\/DSC5545.jpg","width":2337,"height":1600},{"@type":"BreadcrumbList","@id":"https:\/\/blogs.uef.fi\/parasta-aikaa-varhaiskasvatuksessa\/?p=780#breadcrumb","itemListElement":[{"@type":"ListItem","position":1,"name":"Home","item":"https:\/\/blogs.uef.fi\/parasta-aikaa-varhaiskasvatuksessa"},{"@type":"ListItem","position":2,"name":"Tie varhaiskasvatuksen opettajaksi"}]},{"@type":"WebSite","@id":"https:\/\/blogs.uef.fi\/parasta-aikaa-varhaiskasvatuksessa\/#website","url":"https:\/\/blogs.uef.fi\/parasta-aikaa-varhaiskasvatuksessa\/","name":"Parasta aikaa varhaiskasvatuksessa","description":"","potentialAction":[{"@type":"SearchAction","target":{"@type":"EntryPoint","urlTemplate":"https:\/\/blogs.uef.fi\/parasta-aikaa-varhaiskasvatuksessa\/?s={search_term_string}"},"query-input":{"@type":"PropertyValueSpecification","valueRequired":true,"valueName":"search_term_string"}}],"inLanguage":"fi"},{"@type":"Person","@id":"https:\/\/blogs.uef.fi\/parasta-aikaa-varhaiskasvatuksessa\/#\/schema\/person\/bc691df0f10ff8a79fdf36fae739c625","name":"Parasta_aikaa","url":"https:\/\/blogs.uef.fi\/parasta-aikaa-varhaiskasvatuksessa\/?author=257"}]}},"_links":{"self":[{"href":"https:\/\/blogs.uef.fi\/parasta-aikaa-varhaiskasvatuksessa\/index.php?rest_route=\/wp\/v2\/posts\/780","targetHints":{"allow":["GET"]}}],"collection":[{"href":"https:\/\/blogs.uef.fi\/parasta-aikaa-varhaiskasvatuksessa\/index.php?rest_route=\/wp\/v2\/posts"}],"about":[{"href":"https:\/\/blogs.uef.fi\/parasta-aikaa-varhaiskasvatuksessa\/index.php?rest_route=\/wp\/v2\/types\/post"}],"author":[{"embeddable":true,"href":"https:\/\/blogs.uef.fi\/parasta-aikaa-varhaiskasvatuksessa\/index.php?rest_route=\/wp\/v2\/users\/257"}],"replies":[{"embeddable":true,"href":"https:\/\/blogs.uef.fi\/parasta-aikaa-varhaiskasvatuksessa\/index.php?rest_route=%2Fwp%2Fv2%2Fcomments&post=780"}],"version-history":[{"count":2,"href":"https:\/\/blogs.uef.fi\/parasta-aikaa-varhaiskasvatuksessa\/index.php?rest_route=\/wp\/v2\/posts\/780\/revisions"}],"predecessor-version":[{"id":1179,"href":"https:\/\/blogs.uef.fi\/parasta-aikaa-varhaiskasvatuksessa\/index.php?rest_route=\/wp\/v2\/posts\/780\/revisions\/1179"}],"wp:attachment":[{"href":"https:\/\/blogs.uef.fi\/parasta-aikaa-varhaiskasvatuksessa\/index.php?rest_route=%2Fwp%2Fv2%2Fmedia&parent=780"}],"wp:term":[{"taxonomy":"category","embeddable":true,"href":"https:\/\/blogs.uef.fi\/parasta-aikaa-varhaiskasvatuksessa\/index.php?rest_route=%2Fwp%2Fv2%2Fcategories&post=780"},{"taxonomy":"post_tag","embeddable":true,"href":"https:\/\/blogs.uef.fi\/parasta-aikaa-varhaiskasvatuksessa\/index.php?rest_route=%2Fwp%2Fv2%2Ftags&post=780"}],"curies":[{"name":"wp","href":"https:\/\/api.w.org\/{rel}","templated":true}]}}