{"id":3127,"date":"2026-08-31T12:00:56","date_gmt":"2026-08-31T09:00:56","guid":{"rendered":"https:\/\/blogs.uef.fi\/parasta-aikaa-varhaiskasvatuksessa\/?p=3127"},"modified":"2026-08-31T12:28:59","modified_gmt":"2026-08-31T09:28:59","slug":"parasta-aikaa-varhaiskasvatuksessa","status":"publish","type":"post","link":"https:\/\/blogs.uef.fi\/parasta-aikaa-varhaiskasvatuksessa\/?p=3127","title":{"rendered":"Parasta Aikaa Varhaiskasvatuksessa"},"content":{"rendered":"\n<p>Ensimm\u00e4inen Parasta aikaa varhaiskasvatuksessa- blogiteksti julkaistiin 29.5.2019. Blogi on siit\u00e4 l\u00e4htien esitellyt It\u00e4-Suomen yliopiston varhaiskasvatuksen koulutusta, tutkimusta ja pohtinut alan ajankohtaisia aiheita. T\u00e4m\u00e4n kertaisen blogitekstin ajatuksena onkin nostaa esille vuosien aikana julkaistuja helmi\u00e4. Ajat muuttuvat, tutkimus tuottaa uutta tietoa ja ymm\u00e4rryksemme syvenee. Mutta py\u00f6r\u00e4\u00e4 ei ole aina viisasta keksi\u00e4 uudelleen. Varhaiskasvatuksen ydinteht\u00e4v\u00e4 s\u00e4ilyy ajan juoksussa samana. Lapsi on ja on aina ollut toiminnan keski\u00f6ss\u00e4, ja lapsen etu, hyvinvointi sek\u00e4 oppimisen, kasvun ja kehityksen edist\u00e4minen ohjaavat ty\u00f6t\u00e4mme. T\u00e4t\u00e4 teht\u00e4v\u00e4\u00e4 toteutamme laadukkaan pedagogiikan ja vuorovaikutuksen avulla, ammattitaidolla ja syd\u00e4n mukana. Menneisiin teksteihin palaaminen voi tuoda esiin ajatuksia her\u00e4tt\u00e4vi\u00e4 huomioita, merkityksellisi\u00e4 k\u00e4sitteit\u00e4 ja muistoja t\u00e4rkeist\u00e4 kohtaamisista sek\u00e4 hankkeista. Ehk\u00e4 juuri t\u00e4m\u00e4n takia vanhoihin teksteihin kannattaa palata aika ajoin. Ne muistuttavat meit\u00e4 siit\u00e4, mist\u00e4 olemme tulleet, mit\u00e4 olemme oppineet ja mik\u00e4 ty\u00f6ss\u00e4mme on kaikkein olennaisinta.<\/p>\n\n\n\n<p>Alta l\u00f6yd\u00e4t (yhdell\u00e4 tavalla) luokitellusti aiempia tekstej\u00e4mme linkkeineen. Iloisia lukuhetki\u00e4 <em>Parasta aikaa varhaiskasvatuksessa<\/em>-blogin parissa!<\/p>\n\n\n\n<figure class=\"wp-block-image aligncenter size-large\"><img loading=\"lazy\" decoding=\"async\" width=\"1024\" height=\"683\" src=\"https:\/\/blogs.uef.fi\/parasta-aikaa-varhaiskasvatuksessa\/wp-content\/uploads\/sites\/93\/2026\/08\/21087530-girls-6174061-1024x683.jpg\" alt=\"\" class=\"wp-image-3131\" srcset=\"https:\/\/blogs.uef.fi\/parasta-aikaa-varhaiskasvatuksessa\/wp-content\/uploads\/sites\/93\/2026\/08\/21087530-girls-6174061-1024x683.jpg 1024w, https:\/\/blogs.uef.fi\/parasta-aikaa-varhaiskasvatuksessa\/wp-content\/uploads\/sites\/93\/2026\/08\/21087530-girls-6174061-300x200.jpg 300w, https:\/\/blogs.uef.fi\/parasta-aikaa-varhaiskasvatuksessa\/wp-content\/uploads\/sites\/93\/2026\/08\/21087530-girls-6174061-768x512.jpg 768w, https:\/\/blogs.uef.fi\/parasta-aikaa-varhaiskasvatuksessa\/wp-content\/uploads\/sites\/93\/2026\/08\/21087530-girls-6174061-1536x1024.jpg 1536w, https:\/\/blogs.uef.fi\/parasta-aikaa-varhaiskasvatuksessa\/wp-content\/uploads\/sites\/93\/2026\/08\/21087530-girls-6174061-2048x1365.jpg 2048w\" sizes=\"auto, (max-width: 1024px) 100vw, 1024px\" \/><figcaption class=\"wp-element-caption\">Kuvituskuva: Pixabay<\/figcaption><\/figure>\n\n\n\n<h4 class=\"wp-block-heading\"><strong>Kokonaisvaltainen pedagogiikka ja oppiminen<\/strong><\/h4>\n\n\n\n<p><a href=\"https:\/\/blogs.uef.fi\/parasta-aikaa-varhaiskasvatuksessa\/?p=3106\" target=\"_blank\" rel=\"noreferrer noopener\"><strong>Mit\u00e4 p\u00e4iv\u00e4kodin ruokap\u00f6yd\u00e4ss\u00e4 oikeastaan tapahtuu?<\/strong><\/a> (2026)<\/p>\n\n\n\n<p><a href=\"https:\/\/blogs.uef.fi\/parasta-aikaa-varhaiskasvatuksessa\/?p=3097\" target=\"_blank\" rel=\"noreferrer noopener\"><strong>Miksi leikin tutkiminen on (edelleen) t\u00e4rke\u00e4\u00e4?<\/strong><\/a> (2026)<\/p>\n\n\n\n<p><a href=\"https:\/\/blogs.uef.fi\/parasta-aikaa-varhaiskasvatuksessa\/?p=2859\" target=\"_blank\" rel=\"noreferrer noopener\"><strong>LUMA-keskusten vierailut: inspiraatiota ja oppimisen iloa varhaiskasvatuksessa\u00a0<\/strong><\/a>(2024)<\/p>\n\n\n\n<p><a href=\"https:\/\/blogs.uef.fi\/parasta-aikaa-varhaiskasvatuksessa\/?p=2576\" target=\"_blank\" rel=\"noreferrer noopener\"><strong>K\u00e4sit\u00f6it\u00e4 tehdess\u00e4 lapsi tutustuu toiminnallisesti arjen teknologiaan<\/strong><\/a> (2024)<\/p>\n\n\n\n<p><a href=\"https:\/\/blogs.uef.fi\/parasta-aikaa-varhaiskasvatuksessa\/?p=1936\" target=\"_blank\" rel=\"noreferrer noopener\"><strong>Aivoterveellinen varhaiskasvatusymp\u00e4rist\u00f6<\/strong><\/a> (2023)<\/p>\n\n\n\n<p><a href=\"https:\/\/blogs.uef.fi\/parasta-aikaa-varhaiskasvatuksessa\/?p=1401\" target=\"_blank\" rel=\"noreferrer noopener\"><strong>Kunnan t\u00e4rkein p\u00f6yt\u00e4 on lasten ruokap\u00f6yt\u00e4<\/strong><\/a>(2021)<\/p>\n\n\n\n<p><a href=\"https:\/\/blogs.uef.fi\/parasta-aikaa-varhaiskasvatuksessa\/?p=988\" target=\"_blank\" rel=\"noreferrer noopener\"><strong>Varhaiskasvatuksen katsomuskasvatuksellista osaamista kehitt\u00e4m\u00e4ss\u00e4<\/strong><\/a> (2021)<\/p>\n\n\n\n<p><a href=\"https:\/\/blogs.uef.fi\/parasta-aikaa-varhaiskasvatuksessa\/?p=790\" target=\"_blank\" rel=\"noreferrer noopener\"><strong>Ulkoleikit lis\u00e4\u00e4v\u00e4t fyysist\u00e4 aktiivisuutta \u2013 vai lis\u00e4\u00e4v\u00e4tk\u00f6?<\/strong><\/a> (2020)<\/p>\n\n\n\n<p><a href=\"https:\/\/blogs.uef.fi\/parasta-aikaa-varhaiskasvatuksessa\/?p=712\" target=\"_blank\" rel=\"noreferrer noopener\"><strong>\u201cOotteko te vain leikkineet t\u00e4\u00e4ll\u00e4?\u201d<\/strong><\/a> (2020)<\/p>\n\n\n\n<p><a href=\"https:\/\/blogs.uef.fi\/parasta-aikaa-varhaiskasvatuksessa\/?p=705\" target=\"_blank\" rel=\"noreferrer noopener\"><strong>Aatos ja Amine<\/strong><\/a> (2020)<\/p>\n\n\n\n<p><a href=\"https:\/\/blogs.uef.fi\/parasta-aikaa-varhaiskasvatuksessa\/?p=445\" target=\"_blank\" rel=\"noreferrer noopener\"><strong>\u201dMatematiikkaa\u2026 Mihin min\u00e4 t\u00e4t\u00e4 koskaan tarvitsen?\u201d<\/strong><\/a> (2020)<\/p>\n\n\n\n<p><\/p>\n\n\n\n<h4 class=\"wp-block-heading\"><strong>Opettajuus ja ammatillinen osaaminen<\/strong><\/h4>\n\n\n\n<p><a href=\"https:\/\/blogs.uef.fi\/parasta-aikaa-varhaiskasvatuksessa\/?p=3022\" target=\"_blank\" rel=\"noreferrer noopener\"><strong>Opettajaopiskelijasta opettajajohtajaksi \u2013 asiantuntijuutta hy\u00f6dynt\u00e4en, rohkeasti vaikuttaen<\/strong><\/a> (2025)<\/p>\n\n\n\n<p><a href=\"https:\/\/blogs.uef.fi\/parasta-aikaa-varhaiskasvatuksessa\/?p=2491\" target=\"_blank\" rel=\"noreferrer noopener\"><strong>Vakaope vaikuttaa!<\/strong><\/a> (2024)<\/p>\n\n\n\n<p><a href=\"https:\/\/blogs.uef.fi\/parasta-aikaa-varhaiskasvatuksessa\/?p=2421\" target=\"_blank\" rel=\"noreferrer noopener\"><strong>Lainakengiss\u00e4 \u2013 Hiljaisesti hyv\u00e4 tulee<\/strong><\/a> (2023)<\/p>\n\n\n\n<p><a href=\"https:\/\/blogs.uef.fi\/parasta-aikaa-varhaiskasvatuksessa\/?p=2054\" target=\"_blank\" rel=\"noreferrer noopener\"><strong>Varhaiskasvatuksen opettajan pienen maailman kokoinen teht\u00e4v\u00e4<\/strong><\/a> (2023)<\/p>\n\n\n\n<p><a href=\"https:\/\/blogs.uef.fi\/parasta-aikaa-varhaiskasvatuksessa\/?p=1059\" target=\"_blank\" rel=\"noreferrer noopener\"><strong>Tuulahduksia kent\u00e4lt\u00e4: Oman opettajuuden juurilla<\/strong><\/a> (2021)<\/p>\n\n\n\n<p><a href=\"https:\/\/blogs.uef.fi\/parasta-aikaa-varhaiskasvatuksessa\/?p=927\" target=\"_blank\" rel=\"noreferrer noopener\"><strong>Yhteisharjoittelut \u2013 kohti moniammatillista osaamista<\/strong><\/a> (2020)<\/p>\n\n\n\n<p><a href=\"https:\/\/blogs.uef.fi\/parasta-aikaa-varhaiskasvatuksessa\/?p=145\" target=\"_blank\" rel=\"noreferrer noopener\"><strong>\u201dOn oltava suuri syd\u00e4n, jotta voi opettaa pieni\u00e4 mieli\u00e4\u201d<\/strong><\/a> (2019)<\/p>\n\n\n\n<p><a href=\"https:\/\/blogs.uef.fi\/parasta-aikaa-varhaiskasvatuksessa\/?p=65\" target=\"_blank\" rel=\"noreferrer noopener\"><strong>Varhaiskasvatuksen opettajuus kannattaa<\/strong><\/a> (2019)<\/p>\n\n\n\n<p><\/p>\n\n\n\n<h4 class=\"wp-block-heading\"><strong>Koulutus ja opiskelijakokemukset<\/strong><\/h4>\n\n\n\n<p><a href=\"https:\/\/blogs.uef.fi\/parasta-aikaa-varhaiskasvatuksessa\/?p=3082\" target=\"_blank\" rel=\"noreferrer noopener\"><strong>Terveisi\u00e4\u00a0Sulo Ry:lt\u00e4!<\/strong><\/a> (2026)<\/p>\n\n\n\n<p><a href=\"https:\/\/blogs.uef.fi\/parasta-aikaa-varhaiskasvatuksessa\/?p=3076\" target=\"_blank\" rel=\"noreferrer noopener\"><strong>Tandempy\u00f6r\u00e4ily\u00e4 ruotsin tunneilla?<\/strong><\/a> (2026)<\/p>\n\n\n\n<p><a href=\"https:\/\/blogs.uef.fi\/parasta-aikaa-varhaiskasvatuksessa\/?p=2984\" target=\"_blank\" rel=\"noreferrer noopener\"><strong>Tuki ei ole tasoitus \u2013 vaan mahdollisuus kasvaa<\/strong><\/a> (2025)<\/p>\n\n\n\n<p><a href=\"https:\/\/blogs.uef.fi\/parasta-aikaa-varhaiskasvatuksessa\/?p=2943\" target=\"_blank\" rel=\"noreferrer noopener\"><strong>Miksi kannattaa opiskella varhaiskasvatuksen opettajaksi?\u00a0<\/strong><\/a>(2025)<\/p>\n\n\n\n<p><a href=\"https:\/\/blogs.uef.fi\/parasta-aikaa-varhaiskasvatuksessa\/?p=2967\" target=\"_blank\" rel=\"noreferrer noopener\"><strong>Identiteettikriisi. Vai niink\u00f6 sittenk\u00e4\u00e4n?<\/strong><\/a> (2025)<\/p>\n\n\n\n<p><a href=\"https:\/\/blogs.uef.fi\/parasta-aikaa-varhaiskasvatuksessa\/?p=2081\" target=\"_blank\" rel=\"noreferrer noopener\"><strong>Varhaiskasvatuksen syvent\u00e4v\u00e4 harjoittelu \u2013 rohkeasti kokeillen ja mokaillen matkalla kohti syvemp\u00e4\u00e4 asiantuntijuutta<\/strong><\/a> (2023)<\/p>\n\n\n\n<p><a href=\"https:\/\/blogs.uef.fi\/parasta-aikaa-varhaiskasvatuksessa\/?p=1843\" target=\"_blank\" rel=\"noreferrer noopener\"><strong>Monimuoto-opiskelulla varhaiskasvatuksen opettajaksi It\u00e4-Suomen yliopistossa \u2013 75+ monimuotokoulutuksen ensimm\u00e4iset opiskelijat uunista ulos!<\/strong><\/a> (2023)<\/p>\n\n\n\n<p><a href=\"https:\/\/blogs.uef.fi\/parasta-aikaa-varhaiskasvatuksessa\/?p=1823\" target=\"_blank\" rel=\"noreferrer noopener\"><strong>El\u00e4m\u00e4ni paras p\u00e4\u00e4t\u00f6s<\/strong><\/a> (2023)<\/p>\n\n\n\n<p><a href=\"https:\/\/blogs.uef.fi\/parasta-aikaa-varhaiskasvatuksessa\/?p=1747\" target=\"_blank\" rel=\"noreferrer noopener\"><strong>Ihanaa uutta vuotta varhaiskasvatuksen opettajaopiskelijoiden ainej\u00e4rjest\u00f6 Sulo ry:lt\u00e4!<\/strong><\/a> (2022)<\/p>\n\n\n\n<p><a href=\"https:\/\/blogs.uef.fi\/parasta-aikaa-varhaiskasvatuksessa\/?p=1477\" target=\"_blank\" rel=\"noreferrer noopener\"><strong>Matkaa yliopistossa ei tarvitse aloittaa yksin<\/strong><\/a> (2022)<\/p>\n\n\n\n<p><a href=\"https:\/\/blogs.uef.fi\/parasta-aikaa-varhaiskasvatuksessa\/?p=1240\" target=\"_blank\" rel=\"noreferrer noopener\"><strong>Seikkailijana steinerpedagogisessa varhaiskasvatuksessa<\/strong><\/a> (2021)<\/p>\n\n\n\n<p><a href=\"https:\/\/blogs.uef.fi\/parasta-aikaa-varhaiskasvatuksessa\/?p=962\" target=\"_blank\" rel=\"noreferrer noopener\"><strong>Varhaiskasvatuksen opettajaksi monimuoto-opintojen siivitt\u00e4m\u00e4n\u00e4 \u2013 1000+ sek\u00e4 75+<\/strong><\/a> (2021)<\/p>\n\n\n\n<p><a href=\"https:\/\/blogs.uef.fi\/parasta-aikaa-varhaiskasvatuksessa\/?p=893\" target=\"_blank\" rel=\"noreferrer noopener\"><strong>TiTaTa \u2013 Sivuaine, joka vie tiedon, taiteen ja taidon \u00e4\u00e4relle<\/strong><\/a> (2020)<\/p>\n\n\n\n<p><a href=\"https:\/\/blogs.uef.fi\/parasta-aikaa-varhaiskasvatuksessa\/?p=780\" target=\"_blank\" rel=\"noreferrer noopener\"><strong>Tie varhaiskasvatuksen opettajaksi<\/strong><\/a> (2020)<\/p>\n\n\n\n<p><a href=\"https:\/\/blogs.uef.fi\/parasta-aikaa-varhaiskasvatuksessa\/?p=570\" target=\"_blank\" rel=\"noreferrer noopener\"><strong>Mit\u00e4 varhaiskasvatuksen opettajaopinnot sis\u00e4lt\u00e4v\u00e4t?<\/strong><\/a> (2020)<\/p>\n\n\n\n<p><a href=\"https:\/\/blogs.uef.fi\/parasta-aikaa-varhaiskasvatuksessa\/?p=183\" target=\"_blank\" rel=\"noreferrer noopener\"><strong>Millaista opiskelu on varhaiskasvatuksen opettajan koulutuksessa?<\/strong><\/a> (2019)<\/p>\n\n\n\n<p><a href=\"https:\/\/blogs.uef.fi\/parasta-aikaa-varhaiskasvatuksessa\/?p=109\" target=\"_blank\" rel=\"noreferrer noopener\"><strong>Miksi juuri It\u00e4-Suomen yliopisto ja varhaiskasvatus?<\/strong><\/a> (2019)<\/p>\n\n\n\n<p><\/p>\n\n\n\n<h4 class=\"wp-block-heading\"><strong>Tuki, ja osallisuus<\/strong><\/h4>\n\n\n\n<p><a href=\"https:\/\/blogs.uef.fi\/parasta-aikaa-varhaiskasvatuksessa\/?p=3002\" target=\"_blank\" rel=\"noreferrer noopener\"><strong>Lapsen toivotun k\u00e4ytt\u00e4ytymisen intensiivinen tuki<\/strong><\/a> (2025)<\/p>\n\n\n\n<p><a href=\"https:\/\/blogs.uef.fi\/parasta-aikaa-varhaiskasvatuksessa\/?p=2961\" target=\"_blank\" rel=\"noreferrer noopener\"><strong>Majakkana tunnemyrskyiss\u00e4<\/strong><\/a> (2025)<\/p>\n\n\n\n<p><a href=\"https:\/\/blogs.uef.fi\/parasta-aikaa-varhaiskasvatuksessa\/?p=1773\" target=\"_blank\" rel=\"noreferrer noopener\"><strong>Yhteis\u00f6llisyys varhaiskasvatuksen arvona, periaatteena ja toimintana<\/strong><\/a> (2023)<\/p>\n\n\n\n<p><a href=\"https:\/\/blogs.uef.fi\/parasta-aikaa-varhaiskasvatuksessa\/?p=1373\" target=\"_blank\" rel=\"noreferrer noopener\"><strong>Osallisuuden toimintakulttuurin tarkastelua tohtorin tutkinnon j\u00e4lkimainingeissa<\/strong><\/a> (2021)<\/p>\n\n\n\n<p><a href=\"https:\/\/blogs.uef.fi\/parasta-aikaa-varhaiskasvatuksessa\/?p=1086\" target=\"_blank\" rel=\"noreferrer noopener\"><strong>Vaikuttava k\u00e4ytt\u00e4ytymisen tuki edellytt\u00e4\u00e4 toimintakulttuurin muutosta: ProVarhaiskasvatus -toimintamalli<\/strong><\/a> (2021)<\/p>\n\n\n\n<p><\/p>\n\n\n\n<h4 class=\"wp-block-heading\"><strong>Ty\u00f6yhteis\u00f6, johtaminen ja ty\u00f6hyvinvointi<\/strong><\/h4>\n\n\n\n<p><a href=\"https:\/\/blogs.uef.fi\/parasta-aikaa-varhaiskasvatuksessa\/?p=3012\" target=\"_blank\" rel=\"noreferrer noopener\"><strong>Ty\u00f6n hallinnan tunteen vahvistaminen \u2013 resilienssi yksil\u00f6ll\u00e4 ja yhteis\u00f6ss\u00e4<\/strong><\/a> (2025)<\/p>\n\n\n\n<p><a href=\"https:\/\/blogs.uef.fi\/parasta-aikaa-varhaiskasvatuksessa\/?p=2804\" target=\"_blank\" rel=\"noreferrer noopener\"><strong>Varhaiskasvatuksen henkil\u00f6st\u00f6 kaipaa yhteisty\u00f6t\u00e4 ja yhteisesti sovittuja toimintatapoja ruokakasvatuksen toteutukseen<\/strong><\/a> (2024)<\/p>\n\n\n\n<p><a href=\"https:\/\/blogs.uef.fi\/parasta-aikaa-varhaiskasvatuksessa\/?p=2357\" target=\"_blank\" rel=\"noreferrer noopener\"><strong>Kollegiaalista tukea yli paikkakuntarajojen \u2013 kokeilussa varhaiskasvatuksen opettajien et\u00e4mentorointimalli<\/strong><\/a> (2023)<\/p>\n\n\n\n<p><a href=\"https:\/\/blogs.uef.fi\/parasta-aikaa-varhaiskasvatuksessa\/?p=1682\" target=\"_blank\" rel=\"noreferrer noopener\"><strong>Topaasia-pelin reflektiivinen dialogi tiimity\u00f6taitojen ja ty\u00f6hyvinvoinnin kehitt\u00e4misen v\u00e4lineen\u00e4<\/strong><\/a> (2022)<\/p>\n\n\n\n<p><\/p>\n\n\n\n<h4 class=\"wp-block-heading\"><strong>Tutkimus ja kehitt\u00e4mishankkeet<\/strong><\/h4>\n\n\n\n<p><a href=\"https:\/\/blogs.uef.fi\/parasta-aikaa-varhaiskasvatuksessa\/?p=3037\" target=\"_blank\" rel=\"noreferrer noopener\"><strong>UEF:n varhaiskasvatuksen opettajakoulutuksen v\u00e4it\u00f6skirjatutkijoita esitt\u00e4ytyy<\/strong><\/a> (2025)<\/p>\n\n\n\n<p><a href=\"https:\/\/blogs.uef.fi\/parasta-aikaa-varhaiskasvatuksessa\/?p=2949\" target=\"_blank\" rel=\"noreferrer noopener\"><strong>Mit\u00e4 tutkimus kertoo lasten hiekkaleikeist\u00e4?<\/strong><\/a> (2025)<\/p>\n\n\n\n<p><a href=\"https:\/\/blogs.uef.fi\/parasta-aikaa-varhaiskasvatuksessa\/?p=2902\" target=\"_blank\" rel=\"noreferrer noopener\"><strong>LAPE-ryhm\u00e4 monitieteisen lapsuudentutkimuksen suunnann\u00e4ytt\u00e4j\u00e4n\u00e4<\/strong><\/a> (2024)<\/p>\n\n\n\n<p><a href=\"https:\/\/blogs.uef.fi\/parasta-aikaa-varhaiskasvatuksessa\/?p=2452\" target=\"_blank\" rel=\"noreferrer noopener\"><strong>VakaTuki \u2013 hanke Varhaiskasvatuksen palvelun j\u00e4rjest\u00e4jien tuen rakenteet ja hallinnon prosessit<\/strong><\/a> (2024)<\/p>\n\n\n\n<p><a href=\"https:\/\/blogs.uef.fi\/parasta-aikaa-varhaiskasvatuksessa\/?p=2643\" target=\"_blank\" rel=\"noreferrer noopener\"><strong>Tulevaisuuden digikansalaisia kasvattamassa \u2013 DigiErkosta ev\u00e4it\u00e4 my\u00f6s varhaiskasvatukseen<\/strong><\/a> (2024)<\/p>\n\n\n\n<p><a href=\"https:\/\/blogs.uef.fi\/parasta-aikaa-varhaiskasvatuksessa\/?p=1867\" target=\"_blank\" rel=\"noreferrer noopener\"><strong>New York, New York!<\/strong><\/a> (2023)<\/p>\n\n\n\n<p><a href=\"https:\/\/blogs.uef.fi\/parasta-aikaa-varhaiskasvatuksessa\/?p=1702\"><strong>Kuinka lapset oppivat sy\u00f6m\u00e4\u00e4n kasviksia, marjoja ja hedelmi\u00e4?<\/strong><\/a> (2022)<\/p>\n\n\n\n<p><a href=\"https:\/\/blogs.uef.fi\/parasta-aikaa-varhaiskasvatuksessa\/?p=1547\" target=\"_blank\" rel=\"noreferrer noopener\"><strong>OHOSKE-hankkeesta hyv\u00e4\u00e4 p\u00e4iv\u00e4\u00e4!<\/strong><\/a> (2022)<\/p>\n\n\n\n<p><a href=\"https:\/\/blogs.uef.fi\/parasta-aikaa-varhaiskasvatuksessa\/?p=1507\" target=\"_blank\" rel=\"noreferrer noopener\"><strong>Pienin askelin kohti suurta muutosta \u2013 varhaiskasvatuksen toimintaymp\u00e4rist\u00f6n laajentuminen ja tuki LaTVa-hankkeessa<\/strong><\/a> (2022)<\/p>\n\n\n\n<p><a href=\"https:\/\/blogs.uef.fi\/parasta-aikaa-varhaiskasvatuksessa\/?p=1451\" target=\"_blank\" rel=\"noreferrer noopener\"><strong>KieliVaka: Kielituetut kasvatustieteen perusopinnot maahanmuuttajataustaisille opiskelijoille<\/strong><\/a> (2022)<\/p>\n\n\n\n<p><a href=\"https:\/\/blogs.uef.fi\/parasta-aikaa-varhaiskasvatuksessa\/?p=1022\" target=\"_blank\" rel=\"noreferrer noopener\"><strong>Esittelyss\u00e4 Sm4rt LOC \u2013 Learning Observation Classroom<\/strong><\/a> (2021)<\/p>\n\n\n\n<p><a href=\"https:\/\/blogs.uef.fi\/parasta-aikaa-varhaiskasvatuksessa\/?p=908\" target=\"_blank\" rel=\"noreferrer noopener\"><strong>Mit\u00e4 ihmett\u00e4, miksi varhaiskasvatusta?<\/strong><\/a> (2020)<\/p>\n\n\n\n<p><a href=\"https:\/\/blogs.uef.fi\/parasta-aikaa-varhaiskasvatuksessa\/?p=383\" target=\"_blank\" rel=\"noreferrer noopener\"><strong>K\u00e4sitteiden merkitys varhaiskasvatustieteen kehittymisess\u00e4 \u2013 varhaiskasvatuksen perustoiminnot-k\u00e4sitteen tutkimus<\/strong><\/a> (2019)<\/p>\n\n\n\n<p><\/p>\n\n\n\n<h4 class=\"wp-block-heading\"><strong>Varhaiskasvatuksen yhteiskunnalliset ja rakenteelliset kysymykset<\/strong><\/h4>\n\n\n\n<p><a href=\"https:\/\/blogs.uef.fi\/parasta-aikaa-varhaiskasvatuksessa\/?p=3091\" target=\"_blank\" rel=\"noreferrer noopener\"><strong>Kun muutos tuli kyl\u00e4\u00e4n \u2013 ja j\u00e4i asumaan.<\/strong><\/a> (2026)<\/p>\n\n\n\n<p><a href=\"https:\/\/blogs.uef.fi\/parasta-aikaa-varhaiskasvatuksessa\/?p=2630\" target=\"_blank\" rel=\"noreferrer noopener\"><strong>Poukkoileva politiikka ei juurruta varhaiskasvatusta osaksi koulutusj\u00e4rjestelm\u00e4\u00e4<\/strong><\/a> (2024)<\/p>\n\n\n\n<p><a href=\"https:\/\/blogs.uef.fi\/parasta-aikaa-varhaiskasvatuksessa\/?p=2938\" target=\"_blank\" rel=\"noreferrer noopener\"><strong>Me teemme uutta varhaiskasvatuksessa<\/strong><\/a> (2025)<\/p>\n\n\n\n<p><a href=\"https:\/\/blogs.uef.fi\/parasta-aikaa-varhaiskasvatuksessa\/?p=1731\" target=\"_blank\" rel=\"noreferrer noopener\"><strong>Varhaiskasvatuslaki uudistui \u2013 vakav\u00e4ki lapsen tuen toimintakulttuurin muutoksessa<\/strong><\/a> (2022)<\/p>\n\n\n\n<p><a href=\"https:\/\/blogs.uef.fi\/parasta-aikaa-varhaiskasvatuksessa\/?p=1195\" target=\"_blank\" rel=\"noreferrer noopener\"><strong>Varhaiskasvatus muutosprosessissa<\/strong><\/a> (2021)<\/p>\n\n\n\n<p><a href=\"https:\/\/blogs.uef.fi\/parasta-aikaa-varhaiskasvatuksessa\/?p=417\" target=\"_blank\" rel=\"noreferrer noopener\"><strong>Synnymmek\u00f6 hyviksi?<\/strong><\/a> (2019)<\/p>\n\n\n\n<p><\/p>\n","protected":false},"excerpt":{"rendered":"<p>Ensimm\u00e4inen Parasta aikaa varhaiskasvatuksessa- blogiteksti julkaistiin 29.5.2019. Blogi on siit\u00e4 l\u00e4htien esitellyt It\u00e4-Suomen yliopiston varhaiskasvatuksen koulutusta, tutkimusta ja pohtinut alan ajankohtaisia aiheita. T\u00e4m\u00e4n kertaisen blogitekstin ajatuksena onkin nostaa esille vuosien aikana julkaistuja helmi\u00e4. Ajat muuttuvat, tutkimus tuottaa uutta tietoa ja ymm\u00e4rryksemme syvenee. Mutta py\u00f6r\u00e4\u00e4 ei ole aina viisasta keksi\u00e4 uudelleen. Varhaiskasvatuksen ydinteht\u00e4v\u00e4 s\u00e4ilyy ajan juoksussa [&hellip;]<\/p>\n","protected":false},"author":257,"featured_media":0,"comment_status":"open","ping_status":"open","sticky":false,"template":"","format":"standard","meta":{"_acf_changed":false,"footnotes":""},"categories":[1],"tags":[],"class_list":["post-3127","post","type-post","status-publish","format-standard","hentry","category-uncategorized"],"acf":[],"yoast_head":"<!-- This site is optimized with the Yoast SEO plugin v28.2 - https:\/\/yoast.com\/product\/yoast-seo-wordpress\/ -->\n<title>Parasta Aikaa Varhaiskasvatuksessa - Parasta aikaa varhaiskasvatuksessa<\/title>\n<meta name=\"robots\" content=\"index, follow, max-snippet:-1, max-image-preview:large, max-video-preview:-1\" \/>\n<link rel=\"canonical\" href=\"https:\/\/blogs.uef.fi\/parasta-aikaa-varhaiskasvatuksessa\/?p=3127\" \/>\n<meta property=\"og:locale\" content=\"fi_FI\" \/>\n<meta property=\"og:type\" content=\"article\" \/>\n<meta property=\"og:title\" content=\"Parasta Aikaa Varhaiskasvatuksessa - Parasta aikaa varhaiskasvatuksessa\" \/>\n<meta property=\"og:description\" content=\"Ensimm\u00e4inen Parasta aikaa varhaiskasvatuksessa- blogiteksti julkaistiin 29.5.2019. Blogi on siit\u00e4 l\u00e4htien esitellyt It\u00e4-Suomen yliopiston varhaiskasvatuksen koulutusta, tutkimusta ja pohtinut alan ajankohtaisia aiheita. T\u00e4m\u00e4n kertaisen blogitekstin ajatuksena onkin nostaa esille vuosien aikana julkaistuja helmi\u00e4. Ajat muuttuvat, tutkimus tuottaa uutta tietoa ja ymm\u00e4rryksemme syvenee. Mutta py\u00f6r\u00e4\u00e4 ei ole aina viisasta keksi\u00e4 uudelleen. Varhaiskasvatuksen ydinteht\u00e4v\u00e4 s\u00e4ilyy ajan juoksussa [&hellip;]\" \/>\n<meta property=\"og:url\" content=\"https:\/\/blogs.uef.fi\/parasta-aikaa-varhaiskasvatuksessa\/?p=3127\" \/>\n<meta property=\"og:site_name\" content=\"Parasta aikaa varhaiskasvatuksessa\" \/>\n<meta property=\"article:published_time\" content=\"2026-08-31T09:00:56+00:00\" \/>\n<meta property=\"article:modified_time\" content=\"2026-08-31T09:28:59+00:00\" \/>\n<meta property=\"og:image\" content=\"https:\/\/blogs.uef.fi\/parasta-aikaa-varhaiskasvatuksessa\/wp-content\/uploads\/sites\/93\/2026\/08\/21087530-girls-6174061-scaled.jpg\" \/>\n\t<meta property=\"og:image:width\" content=\"2560\" \/>\n\t<meta property=\"og:image:height\" content=\"1707\" \/>\n\t<meta property=\"og:image:type\" content=\"image\/jpeg\" \/>\n<meta name=\"author\" content=\"Parasta_aikaa\" \/>\n<meta name=\"twitter:card\" content=\"summary_large_image\" \/>\n<meta name=\"twitter:label1\" content=\"Kirjoittanut\" \/>\n\t<meta name=\"twitter:data1\" content=\"Parasta_aikaa\" \/>\n\t<meta name=\"twitter:label2\" content=\"Arvioitu lukuaika\" \/>\n\t<meta name=\"twitter:data2\" content=\"4 minuuttia\" \/>\n<script type=\"application\/ld+json\" class=\"yoast-schema-graph\">{\"@context\":\"https:\\\/\\\/schema.org\",\"@graph\":[{\"@type\":\"Article\",\"@id\":\"https:\\\/\\\/blogs.uef.fi\\\/parasta-aikaa-varhaiskasvatuksessa\\\/?p=3127#article\",\"isPartOf\":{\"@id\":\"https:\\\/\\\/blogs.uef.fi\\\/parasta-aikaa-varhaiskasvatuksessa\\\/?p=3127\"},\"author\":{\"name\":\"Parasta_aikaa\",\"@id\":\"https:\\\/\\\/blogs.uef.fi\\\/parasta-aikaa-varhaiskasvatuksessa\\\/#\\\/schema\\\/person\\\/bc691df0f10ff8a79fdf36fae739c625\"},\"headline\":\"Parasta Aikaa Varhaiskasvatuksessa\",\"datePublished\":\"2026-08-31T09:00:56+00:00\",\"dateModified\":\"2026-08-31T09:28:59+00:00\",\"mainEntityOfPage\":{\"@id\":\"https:\\\/\\\/blogs.uef.fi\\\/parasta-aikaa-varhaiskasvatuksessa\\\/?p=3127\"},\"wordCount\":649,\"commentCount\":0,\"image\":{\"@id\":\"https:\\\/\\\/blogs.uef.fi\\\/parasta-aikaa-varhaiskasvatuksessa\\\/?p=3127#primaryimage\"},\"thumbnailUrl\":\"https:\\\/\\\/blogs.uef.fi\\\/parasta-aikaa-varhaiskasvatuksessa\\\/wp-content\\\/uploads\\\/sites\\\/93\\\/2026\\\/08\\\/21087530-girls-6174061-1024x683.jpg\",\"articleSection\":[\"Uncategorized\"],\"inLanguage\":\"fi\",\"potentialAction\":[{\"@type\":\"CommentAction\",\"name\":\"Comment\",\"target\":[\"https:\\\/\\\/blogs.uef.fi\\\/parasta-aikaa-varhaiskasvatuksessa\\\/?p=3127#respond\"]}]},{\"@type\":\"WebPage\",\"@id\":\"https:\\\/\\\/blogs.uef.fi\\\/parasta-aikaa-varhaiskasvatuksessa\\\/?p=3127\",\"url\":\"https:\\\/\\\/blogs.uef.fi\\\/parasta-aikaa-varhaiskasvatuksessa\\\/?p=3127\",\"name\":\"Parasta Aikaa Varhaiskasvatuksessa - Parasta aikaa varhaiskasvatuksessa\",\"isPartOf\":{\"@id\":\"https:\\\/\\\/blogs.uef.fi\\\/parasta-aikaa-varhaiskasvatuksessa\\\/#website\"},\"primaryImageOfPage\":{\"@id\":\"https:\\\/\\\/blogs.uef.fi\\\/parasta-aikaa-varhaiskasvatuksessa\\\/?p=3127#primaryimage\"},\"image\":{\"@id\":\"https:\\\/\\\/blogs.uef.fi\\\/parasta-aikaa-varhaiskasvatuksessa\\\/?p=3127#primaryimage\"},\"thumbnailUrl\":\"https:\\\/\\\/blogs.uef.fi\\\/parasta-aikaa-varhaiskasvatuksessa\\\/wp-content\\\/uploads\\\/sites\\\/93\\\/2026\\\/08\\\/21087530-girls-6174061-1024x683.jpg\",\"datePublished\":\"2026-08-31T09:00:56+00:00\",\"dateModified\":\"2026-08-31T09:28:59+00:00\",\"author\":{\"@id\":\"https:\\\/\\\/blogs.uef.fi\\\/parasta-aikaa-varhaiskasvatuksessa\\\/#\\\/schema\\\/person\\\/bc691df0f10ff8a79fdf36fae739c625\"},\"breadcrumb\":{\"@id\":\"https:\\\/\\\/blogs.uef.fi\\\/parasta-aikaa-varhaiskasvatuksessa\\\/?p=3127#breadcrumb\"},\"inLanguage\":\"fi\",\"potentialAction\":[{\"@type\":\"ReadAction\",\"target\":[\"https:\\\/\\\/blogs.uef.fi\\\/parasta-aikaa-varhaiskasvatuksessa\\\/?p=3127\"]}]},{\"@type\":\"ImageObject\",\"inLanguage\":\"fi\",\"@id\":\"https:\\\/\\\/blogs.uef.fi\\\/parasta-aikaa-varhaiskasvatuksessa\\\/?p=3127#primaryimage\",\"url\":\"https:\\\/\\\/blogs.uef.fi\\\/parasta-aikaa-varhaiskasvatuksessa\\\/wp-content\\\/uploads\\\/sites\\\/93\\\/2026\\\/08\\\/21087530-girls-6174061-scaled.jpg\",\"contentUrl\":\"https:\\\/\\\/blogs.uef.fi\\\/parasta-aikaa-varhaiskasvatuksessa\\\/wp-content\\\/uploads\\\/sites\\\/93\\\/2026\\\/08\\\/21087530-girls-6174061-scaled.jpg\",\"width\":2560,\"height\":1707},{\"@type\":\"BreadcrumbList\",\"@id\":\"https:\\\/\\\/blogs.uef.fi\\\/parasta-aikaa-varhaiskasvatuksessa\\\/?p=3127#breadcrumb\",\"itemListElement\":[{\"@type\":\"ListItem\",\"position\":1,\"name\":\"Home\",\"item\":\"https:\\\/\\\/blogs.uef.fi\\\/parasta-aikaa-varhaiskasvatuksessa\"},{\"@type\":\"ListItem\",\"position\":2,\"name\":\"Parasta Aikaa Varhaiskasvatuksessa\"}]},{\"@type\":\"WebSite\",\"@id\":\"https:\\\/\\\/blogs.uef.fi\\\/parasta-aikaa-varhaiskasvatuksessa\\\/#website\",\"url\":\"https:\\\/\\\/blogs.uef.fi\\\/parasta-aikaa-varhaiskasvatuksessa\\\/\",\"name\":\"Parasta aikaa varhaiskasvatuksessa\",\"description\":\"\",\"potentialAction\":[{\"@type\":\"SearchAction\",\"target\":{\"@type\":\"EntryPoint\",\"urlTemplate\":\"https:\\\/\\\/blogs.uef.fi\\\/parasta-aikaa-varhaiskasvatuksessa\\\/?s={search_term_string}\"},\"query-input\":{\"@type\":\"PropertyValueSpecification\",\"valueRequired\":true,\"valueName\":\"search_term_string\"}}],\"inLanguage\":\"fi\"},{\"@type\":\"Person\",\"@id\":\"https:\\\/\\\/blogs.uef.fi\\\/parasta-aikaa-varhaiskasvatuksessa\\\/#\\\/schema\\\/person\\\/bc691df0f10ff8a79fdf36fae739c625\",\"name\":\"Parasta_aikaa\",\"url\":\"https:\\\/\\\/blogs.uef.fi\\\/parasta-aikaa-varhaiskasvatuksessa\\\/?author=257\"}]}<\/script>\n<!-- \/ Yoast SEO plugin. -->","yoast_head_json":{"title":"Parasta Aikaa Varhaiskasvatuksessa - Parasta aikaa varhaiskasvatuksessa","robots":{"index":"index","follow":"follow","max-snippet":"max-snippet:-1","max-image-preview":"max-image-preview:large","max-video-preview":"max-video-preview:-1"},"canonical":"https:\/\/blogs.uef.fi\/parasta-aikaa-varhaiskasvatuksessa\/?p=3127","og_locale":"fi_FI","og_type":"article","og_title":"Parasta Aikaa Varhaiskasvatuksessa - Parasta aikaa varhaiskasvatuksessa","og_description":"Ensimm\u00e4inen Parasta aikaa varhaiskasvatuksessa- blogiteksti julkaistiin 29.5.2019. Blogi on siit\u00e4 l\u00e4htien esitellyt It\u00e4-Suomen yliopiston varhaiskasvatuksen koulutusta, tutkimusta ja pohtinut alan ajankohtaisia aiheita. T\u00e4m\u00e4n kertaisen blogitekstin ajatuksena onkin nostaa esille vuosien aikana julkaistuja helmi\u00e4. Ajat muuttuvat, tutkimus tuottaa uutta tietoa ja ymm\u00e4rryksemme syvenee. Mutta py\u00f6r\u00e4\u00e4 ei ole aina viisasta keksi\u00e4 uudelleen. Varhaiskasvatuksen ydinteht\u00e4v\u00e4 s\u00e4ilyy ajan juoksussa [&hellip;]","og_url":"https:\/\/blogs.uef.fi\/parasta-aikaa-varhaiskasvatuksessa\/?p=3127","og_site_name":"Parasta aikaa varhaiskasvatuksessa","article_published_time":"2026-08-31T09:00:56+00:00","article_modified_time":"2026-08-31T09:28:59+00:00","og_image":[{"width":2560,"height":1707,"url":"https:\/\/blogs.uef.fi\/parasta-aikaa-varhaiskasvatuksessa\/wp-content\/uploads\/sites\/93\/2026\/08\/21087530-girls-6174061-scaled.jpg","type":"image\/jpeg"}],"author":"Parasta_aikaa","twitter_card":"summary_large_image","twitter_misc":{"Kirjoittanut":"Parasta_aikaa","Arvioitu lukuaika":"4 minuuttia"},"schema":{"@context":"https:\/\/schema.org","@graph":[{"@type":"Article","@id":"https:\/\/blogs.uef.fi\/parasta-aikaa-varhaiskasvatuksessa\/?p=3127#article","isPartOf":{"@id":"https:\/\/blogs.uef.fi\/parasta-aikaa-varhaiskasvatuksessa\/?p=3127"},"author":{"name":"Parasta_aikaa","@id":"https:\/\/blogs.uef.fi\/parasta-aikaa-varhaiskasvatuksessa\/#\/schema\/person\/bc691df0f10ff8a79fdf36fae739c625"},"headline":"Parasta Aikaa Varhaiskasvatuksessa","datePublished":"2026-08-31T09:00:56+00:00","dateModified":"2026-08-31T09:28:59+00:00","mainEntityOfPage":{"@id":"https:\/\/blogs.uef.fi\/parasta-aikaa-varhaiskasvatuksessa\/?p=3127"},"wordCount":649,"commentCount":0,"image":{"@id":"https:\/\/blogs.uef.fi\/parasta-aikaa-varhaiskasvatuksessa\/?p=3127#primaryimage"},"thumbnailUrl":"https:\/\/blogs.uef.fi\/parasta-aikaa-varhaiskasvatuksessa\/wp-content\/uploads\/sites\/93\/2026\/08\/21087530-girls-6174061-1024x683.jpg","articleSection":["Uncategorized"],"inLanguage":"fi","potentialAction":[{"@type":"CommentAction","name":"Comment","target":["https:\/\/blogs.uef.fi\/parasta-aikaa-varhaiskasvatuksessa\/?p=3127#respond"]}]},{"@type":"WebPage","@id":"https:\/\/blogs.uef.fi\/parasta-aikaa-varhaiskasvatuksessa\/?p=3127","url":"https:\/\/blogs.uef.fi\/parasta-aikaa-varhaiskasvatuksessa\/?p=3127","name":"Parasta Aikaa Varhaiskasvatuksessa - Parasta aikaa varhaiskasvatuksessa","isPartOf":{"@id":"https:\/\/blogs.uef.fi\/parasta-aikaa-varhaiskasvatuksessa\/#website"},"primaryImageOfPage":{"@id":"https:\/\/blogs.uef.fi\/parasta-aikaa-varhaiskasvatuksessa\/?p=3127#primaryimage"},"image":{"@id":"https:\/\/blogs.uef.fi\/parasta-aikaa-varhaiskasvatuksessa\/?p=3127#primaryimage"},"thumbnailUrl":"https:\/\/blogs.uef.fi\/parasta-aikaa-varhaiskasvatuksessa\/wp-content\/uploads\/sites\/93\/2026\/08\/21087530-girls-6174061-1024x683.jpg","datePublished":"2026-08-31T09:00:56+00:00","dateModified":"2026-08-31T09:28:59+00:00","author":{"@id":"https:\/\/blogs.uef.fi\/parasta-aikaa-varhaiskasvatuksessa\/#\/schema\/person\/bc691df0f10ff8a79fdf36fae739c625"},"breadcrumb":{"@id":"https:\/\/blogs.uef.fi\/parasta-aikaa-varhaiskasvatuksessa\/?p=3127#breadcrumb"},"inLanguage":"fi","potentialAction":[{"@type":"ReadAction","target":["https:\/\/blogs.uef.fi\/parasta-aikaa-varhaiskasvatuksessa\/?p=3127"]}]},{"@type":"ImageObject","inLanguage":"fi","@id":"https:\/\/blogs.uef.fi\/parasta-aikaa-varhaiskasvatuksessa\/?p=3127#primaryimage","url":"https:\/\/blogs.uef.fi\/parasta-aikaa-varhaiskasvatuksessa\/wp-content\/uploads\/sites\/93\/2026\/08\/21087530-girls-6174061-scaled.jpg","contentUrl":"https:\/\/blogs.uef.fi\/parasta-aikaa-varhaiskasvatuksessa\/wp-content\/uploads\/sites\/93\/2026\/08\/21087530-girls-6174061-scaled.jpg","width":2560,"height":1707},{"@type":"BreadcrumbList","@id":"https:\/\/blogs.uef.fi\/parasta-aikaa-varhaiskasvatuksessa\/?p=3127#breadcrumb","itemListElement":[{"@type":"ListItem","position":1,"name":"Home","item":"https:\/\/blogs.uef.fi\/parasta-aikaa-varhaiskasvatuksessa"},{"@type":"ListItem","position":2,"name":"Parasta Aikaa Varhaiskasvatuksessa"}]},{"@type":"WebSite","@id":"https:\/\/blogs.uef.fi\/parasta-aikaa-varhaiskasvatuksessa\/#website","url":"https:\/\/blogs.uef.fi\/parasta-aikaa-varhaiskasvatuksessa\/","name":"Parasta aikaa varhaiskasvatuksessa","description":"","potentialAction":[{"@type":"SearchAction","target":{"@type":"EntryPoint","urlTemplate":"https:\/\/blogs.uef.fi\/parasta-aikaa-varhaiskasvatuksessa\/?s={search_term_string}"},"query-input":{"@type":"PropertyValueSpecification","valueRequired":true,"valueName":"search_term_string"}}],"inLanguage":"fi"},{"@type":"Person","@id":"https:\/\/blogs.uef.fi\/parasta-aikaa-varhaiskasvatuksessa\/#\/schema\/person\/bc691df0f10ff8a79fdf36fae739c625","name":"Parasta_aikaa","url":"https:\/\/blogs.uef.fi\/parasta-aikaa-varhaiskasvatuksessa\/?author=257"}]}},"_links":{"self":[{"href":"https:\/\/blogs.uef.fi\/parasta-aikaa-varhaiskasvatuksessa\/index.php?rest_route=\/wp\/v2\/posts\/3127","targetHints":{"allow":["GET"]}}],"collection":[{"href":"https:\/\/blogs.uef.fi\/parasta-aikaa-varhaiskasvatuksessa\/index.php?rest_route=\/wp\/v2\/posts"}],"about":[{"href":"https:\/\/blogs.uef.fi\/parasta-aikaa-varhaiskasvatuksessa\/index.php?rest_route=\/wp\/v2\/types\/post"}],"author":[{"embeddable":true,"href":"https:\/\/blogs.uef.fi\/parasta-aikaa-varhaiskasvatuksessa\/index.php?rest_route=\/wp\/v2\/users\/257"}],"replies":[{"embeddable":true,"href":"https:\/\/blogs.uef.fi\/parasta-aikaa-varhaiskasvatuksessa\/index.php?rest_route=%2Fwp%2Fv2%2Fcomments&post=3127"}],"version-history":[{"count":1,"href":"https:\/\/blogs.uef.fi\/parasta-aikaa-varhaiskasvatuksessa\/index.php?rest_route=\/wp\/v2\/posts\/3127\/revisions"}],"predecessor-version":[{"id":3137,"href":"https:\/\/blogs.uef.fi\/parasta-aikaa-varhaiskasvatuksessa\/index.php?rest_route=\/wp\/v2\/posts\/3127\/revisions\/3137"}],"wp:attachment":[{"href":"https:\/\/blogs.uef.fi\/parasta-aikaa-varhaiskasvatuksessa\/index.php?rest_route=%2Fwp%2Fv2%2Fmedia&parent=3127"}],"wp:term":[{"taxonomy":"category","embeddable":true,"href":"https:\/\/blogs.uef.fi\/parasta-aikaa-varhaiskasvatuksessa\/index.php?rest_route=%2Fwp%2Fv2%2Fcategories&post=3127"},{"taxonomy":"post_tag","embeddable":true,"href":"https:\/\/blogs.uef.fi\/parasta-aikaa-varhaiskasvatuksessa\/index.php?rest_route=%2Fwp%2Fv2%2Ftags&post=3127"}],"curies":[{"name":"wp","href":"https:\/\/api.w.org\/{rel}","templated":true}]}}