{"id":3076,"date":"2026-01-30T12:00:00","date_gmt":"2026-01-30T10:00:00","guid":{"rendered":"https:\/\/blogs.uef.fi\/parasta-aikaa-varhaiskasvatuksessa\/?p=3076"},"modified":"2026-02-27T11:29:04","modified_gmt":"2026-02-27T09:29:04","slug":"tandem-pyorailya-ruotsin-tunneilla","status":"publish","type":"post","link":"https:\/\/blogs.uef.fi\/parasta-aikaa-varhaiskasvatuksessa\/?p=3076","title":{"rendered":"Tandempy\u00f6r\u00e4ily\u00e4 ruotsin tunneilla?"},"content":{"rendered":"\n<p class=\"has-text-align-center\"><strong><em>Mit\u00e4 tapahtuu, kun \u00e4idinkielelt\u00e4\u00e4n suomenkielinen ja \u00e4idinkielelt\u00e4\u00e4n ruotsinkielinen kohtaavat toisensa kotimaisen kielen opetustunneilla?<\/em><\/strong><\/p>\n\n\n\n<p class=\"has-text-align-center\"><strong>&#8230;<\/strong><\/p>\n\n\n\n<p class=\"has-text-align-center\"><strong><em>No, paljon tapahtuu, ja monenlaista hyv\u00e4\u00e4 on tuloksena.<\/em><\/strong><\/p>\n\n\n\n<p>Useimmiten ajatellaan, ett\u00e4 puhuttaessa toisesta kotimaisesta kielest\u00e4 puhutaan ruotsin kielest\u00e4. Enemmist\u00f6ll\u00e4 suomalaisia ruotsi onkin se toinen kotimainen kieli, mutta on hyv\u00e4 muistaa, ett\u00e4 my\u00f6s suomi voi olla se toinen kotimainen kieli.<\/p>\n\n\n\n<figure class=\"wp-block-image aligncenter size-full\"><img loading=\"lazy\" decoding=\"async\" width=\"575\" height=\"522\" src=\"https:\/\/blogs.uef.fi\/parasta-aikaa-varhaiskasvatuksessa\/wp-content\/uploads\/sites\/93\/2026\/01\/image-1.png\" alt=\"\" class=\"wp-image-3078\" srcset=\"https:\/\/blogs.uef.fi\/parasta-aikaa-varhaiskasvatuksessa\/wp-content\/uploads\/sites\/93\/2026\/01\/image-1.png 575w, https:\/\/blogs.uef.fi\/parasta-aikaa-varhaiskasvatuksessa\/wp-content\/uploads\/sites\/93\/2026\/01\/image-1-300x272.png 300w\" sizes=\"auto, (max-width: 575px) 100vw, 575px\" \/><figcaption class=\"wp-element-caption\">Kuva on luoto Copilot-ohjelmalla.<\/figcaption><\/figure>\n\n\n\n<p>Syksyll\u00e4 2025 meill\u00e4 oli mahdollisuus tutustua varhaiskasvatuksen opettajaopiskelijoihin, joiden toinen kotimainen kieli on suomi. Me, It\u00e4-Suomen yliopiston varhaiskasvatuksen opettajaopiskelijat ja min\u00e4, kohtasimme Vaasassa opiskelevat \u00c5bo Akademin varhaiskasvatuksen opettajaopiskelijat, osa et\u00e4opetusryhm\u00e4ss\u00e4, osa kampuksen l\u00e4hiopetusryhm\u00e4ss\u00e4. Molempien koulutusohjelmien toteutus on siis monimuotoista.<\/p>\n\n\n\n<p>Toteutimme tutustumista ns. tandemoppimisen mallilla. Kielipedagogiikassa tandem tarkoittaa sit\u00e4, ett\u00e4 kaksi erikielist\u00e4 opiskelijaa opettaa toisiaan. T\u00e4ss\u00e4 meid\u00e4n kokeilussamme toimimme pareittain sek\u00e4 pienryhmiss\u00e4. Suomen kielt\u00e4 \u00e4idinkielen\u00e4\u00e4n puhuvat opiskelijat auttoivat ruotsinkielisi\u00e4 suomen kielen oppimisessa, ja p\u00e4invastoin: ruotsia \u00e4idinkielen\u00e4\u00e4n puhuvat auttoivat meit\u00e4 esimerkiksi ruotsinkielisen ty\u00f6hakemuksen kirjoittamisessa.<\/p>\n\n\n\n<p>Tapasimme ryhmien kanssa nelj\u00e4 kertaa tunnin mittaisissa sessioissa Zoom-sovelluksen v\u00e4lityksell\u00e4. Jokaiselle tapaamiskerralle olimme laatineet ohjeistuksen ja teht\u00e4v\u00e4n, johon opiskelijat valmistautuivat etuk\u00e4teen. Aloitimme tutustumisella, itsens\u00e4 esittelyll\u00e4; siis niin, ett\u00e4 me esittelimme itsemme ruotsiksi, vaasalaiset suomeksi. Ensimm\u00e4isen kerran ohjelmaan sis\u00e4ltyi lis\u00e4ksi etuk\u00e4teen valmistellun kysymyspatteriston l\u00e4pik\u00e4yminen (ice-breakers) ja vapaamuotoinen haastatteluosio; t\u00e4m\u00e4kin sujuvasti kaksikielisesti.<\/p>\n\n\n\n<p>Kun ryhmien koulutusala oli sama, varhaiskasvatus, pystyimme tuomaan alakohtaisuuden suoraan tandemtuntien sis\u00e4lt\u00f6\u00f6n; k\u00e4vimme VASU-keskusteluja, haimme t\u00f6it\u00e4 p\u00e4iv\u00e4kodeista, vaihdoimme mielipiteit\u00e4 ja ajatuksia lasten ja nuorten asioista, puhuimme harrastuksista ja t\u00e4m\u00e4n hetken haasteista niin lasten ja nuorten kuin varhaiskasvatuksen ty\u00f6ntekij\u00f6iden ja huoltajien ja perheiden n\u00e4k\u00f6kulmasta. Nelj\u00e4nnell\u00e4 tapaamiskerralla esittelimme lastenkirjallisuutta, ja edelleen: me ruotsiksi, he suomeksi. Ja t\u00e4m\u00e4n kaiken ohella tutustuimme toisiimme ja saimme uusia yst\u00e4vi\u00e4, kielitietoisuutemme avartui ja kielitaitomme karttui.<\/p>\n\n\n\n<p>Alkuun saattoi tuntua t\u00e4lt\u00e4 (kursivoidut sitaatit on poimittu saaduista opiskelijapalautteista):<\/p>\n\n\n\n<p><em>\u201d Kumpikin osapuoli olivat aika lailla yht\u00e4 pihalla, mutta hauskaa oli, kun yritettiin etsi\u00e4 oikeita sanoja.\u201d<\/em><\/p>\n\n\n\n<p>Opetuskokeilu oli intensiivinen, ja tunnit vaativat valmistautumista, mutta ty\u00f6 tuntui kannattaneen. Autenttinen vuorovaikutustilanne tuli esille palautteissa<em>:<\/em><\/p>\n\n\n\n<p><em>\u201d T\u00e4m\u00e4 oli kiva kokemus ja todella hy\u00f6dyllinen siihen, ett\u00e4 p\u00e4\u00e4see k\u00e4ytt\u00e4m\u00e4\u00e4n eri kielt\u00e4 ihan eri lailla kuin normaaleilla tunneilla harjoitellessa.\u201d<\/em><\/p>\n\n\n\n<p>\u201d<em>Jag upplevde alla uppgifter som mycket givande och roliga! Arbetsintervjun var s\u00e4rskilt v\u00e4rdefull eftersom den k\u00e4ndes ganska realistisk och gav m\u00f6jlighet att \u00f6va p\u00e5 en situation som man kan st\u00f6ta p\u00e5 i framtiden.\u201d<\/em><\/p>\n\n\n\n<p><em>\u201dUppgiften som jag tror jag har mest nytta av var att skriva en arbetsans\u00f6kan p\u00e5 finska. L\u00e4rde mig en del nya uttryck och termer.\u201d<\/em><\/p>\n\n\n\n<p>Niin kuin monelle meist\u00e4, my\u00f6s ruotsinkielisille se suomi voi olla haasteellista ja jopa pelottavaa. Palautteissa tuli useita kommentteja siihen, ett\u00e4 rohkeus, uskallus ja varmuus toisen kotimaisen kielen puhumiseen lis\u00e4\u00e4ntyi ja vahvistui yhteisty\u00f6tuntiemme ansiosta:<\/p>\n\n\n\n<p><em>\u201d<\/em><em>J<\/em><em>ag har b\u00f6rjat v\u00e5ga prata finska mera.\u201d<\/em><\/p>\n\n\n\n<p><em>\u201d<\/em><em> <\/em><em>Att det inte \u00e4r s\u00e5 farligt att s\u00e4ga fel ord ibland eller s\u00e4ga ordet p\u00e5 svenska i st\u00e4llet.\u201d<\/em><\/p>\n\n\n\n<p>Opettajan n\u00e4k\u00f6kulmasta t\u00e4m\u00e4 opetusmetodi tuntui todella mielekk\u00e4\u00e4lt\u00e4 ja kokeilumme onnistui hyvin. Suunnittelimme tapaamisia huolellisesti ja kollegani Marit West-Sj\u00f6holmin kokemus sek\u00e4 ammattitaito olivat suuri etu ja apu onnistuneen toteutuksen taustalla. Itse tapaamisissa roolimme oli ohjeistaminen ja turvallisen ilmapiirin luominen. Seurailimme opiskelijoiden ty\u00f6skentely\u00e4 enemm\u00e4n sivusta, toki tarvittaessa heit\u00e4 my\u00f6s auttaen. Mainittakoon viel\u00e4, ett\u00e4 min\u00e4, &#8221;umpisuomalainen&#8221;, puhuin aina ruotsia, ja Marit, \u00e4idinkielelt\u00e4\u00e4n ruotsinkielinen, ohjeisti tunteja suomeksi. Yht\u00e4 lailla laitoimme mekin siis itsemme likoon.<\/p>\n\n\n\n<p>Haasteina koimme l\u00e4hinn\u00e4 aikataulutuksen, yhteisten opetusaikojen l\u00f6yt\u00e4misen, onneksemme sekin asia sujui lopulta hyvin. Tekniikka toimi, vaikka Zoom-sovellus oli uusi tuttavuus kontaktiopetukseen osallistuville Vaasan opiskelijoille.<\/p>\n\n\n\n<p>Toiveemme on, ett\u00e4 voimme jatkaa yhteisty\u00f6t\u00e4 ja tarjota t\u00e4m\u00e4nkaltaisen kokemuksen my\u00f6s seuraaville vuosikursseille. Saamamme opiskelijapalaute kannustaa meit\u00e4 tandemopetuksen jatkamiseen:<\/p>\n\n\n\n<p>\u201d<em>Jag tycker det har varit givande att ha tandem och skulle faktiskt ha kunnat t\u00e4nka mig att forts\u00e4tta med det!\u201d<\/em><\/p>\n\n\n\n<div class=\"person-card\">\n    \n                    <div class=\"person-card-item\">\n                    <div class=\"person-card-column-left\">\n                                                    <span class=\"person-placeholder\"><\/span>\n                                            <\/div>\n\n                    <div class=\"person-card-column-right\">\n                                                <p class=\"person-card-name\">Riikka Halonen<\/p>\n                        \n                                                <p class=\"person-card-position\">Yliopisto-opettaja<\/p>\n                        \n                                                <p class=\"person-card-organisation\">It\u00e4-Suomen yliopisto<\/p>\n                        \n                                                <p class=\"person-card-text\">Kirjoittaja on Kielikeskuksen ruotsin kielen yliopisto-opettaja Joensuusta.\r\n\r\n\r\nH\u00e4nen ty\u00f6parinsa t\u00e4ss\u00e4 yhteisty\u00f6kokeilussa oli Marit West-Sj\u00f6holm, suomen kielen yliopisto-opettaja \u00c5bo Akademista.<\/p>\n                        \n                                            <\/div>\n                <\/div>\n                            <\/div>\n","protected":false},"excerpt":{"rendered":"<p>Mit\u00e4 tapahtuu, kun \u00e4idinkielelt\u00e4\u00e4n suomenkielinen ja \u00e4idinkielelt\u00e4\u00e4n ruotsinkielinen kohtaavat toisensa kotimaisen kielen opetustunneilla? &#8230; No, paljon tapahtuu, ja monenlaista hyv\u00e4\u00e4 on tuloksena. Useimmiten ajatellaan, ett\u00e4 puhuttaessa toisesta kotimaisesta kielest\u00e4 puhutaan ruotsin kielest\u00e4. Enemmist\u00f6ll\u00e4 suomalaisia ruotsi onkin se toinen kotimainen kieli, mutta on hyv\u00e4 muistaa, ett\u00e4 my\u00f6s suomi voi olla se toinen kotimainen kieli. Syksyll\u00e4 2025 [&hellip;]<\/p>\n","protected":false},"author":257,"featured_media":0,"comment_status":"open","ping_status":"open","sticky":false,"template":"","format":"standard","meta":{"_acf_changed":false,"footnotes":""},"categories":[1],"tags":[],"class_list":["post-3076","post","type-post","status-publish","format-standard","hentry","category-uncategorized"],"acf":[],"yoast_head":"<!-- This site is optimized with the Yoast SEO plugin v27.3 - https:\/\/yoast.com\/product\/yoast-seo-wordpress\/ -->\n<title>Tandempy\u00f6r\u00e4ily\u00e4 ruotsin tunneilla? - Parasta aikaa varhaiskasvatuksessa<\/title>\n<meta name=\"robots\" content=\"index, follow, max-snippet:-1, max-image-preview:large, max-video-preview:-1\" \/>\n<link rel=\"canonical\" href=\"https:\/\/blogs.uef.fi\/parasta-aikaa-varhaiskasvatuksessa\/?p=3076\" \/>\n<meta property=\"og:locale\" content=\"fi_FI\" \/>\n<meta property=\"og:type\" content=\"article\" \/>\n<meta property=\"og:title\" content=\"Tandempy\u00f6r\u00e4ily\u00e4 ruotsin tunneilla? - Parasta aikaa varhaiskasvatuksessa\" \/>\n<meta property=\"og:description\" content=\"Mit\u00e4 tapahtuu, kun \u00e4idinkielelt\u00e4\u00e4n suomenkielinen ja \u00e4idinkielelt\u00e4\u00e4n ruotsinkielinen kohtaavat toisensa kotimaisen kielen opetustunneilla? &#8230; No, paljon tapahtuu, ja monenlaista hyv\u00e4\u00e4 on tuloksena. Useimmiten ajatellaan, ett\u00e4 puhuttaessa toisesta kotimaisesta kielest\u00e4 puhutaan ruotsin kielest\u00e4. Enemmist\u00f6ll\u00e4 suomalaisia ruotsi onkin se toinen kotimainen kieli, mutta on hyv\u00e4 muistaa, ett\u00e4 my\u00f6s suomi voi olla se toinen kotimainen kieli. Syksyll\u00e4 2025 [&hellip;]\" \/>\n<meta property=\"og:url\" content=\"https:\/\/blogs.uef.fi\/parasta-aikaa-varhaiskasvatuksessa\/?p=3076\" \/>\n<meta property=\"og:site_name\" content=\"Parasta aikaa varhaiskasvatuksessa\" \/>\n<meta property=\"article:published_time\" content=\"2026-01-30T10:00:00+00:00\" \/>\n<meta property=\"article:modified_time\" content=\"2026-02-27T09:29:04+00:00\" \/>\n<meta property=\"og:image\" content=\"https:\/\/blogs.uef.fi\/parasta-aikaa-varhaiskasvatuksessa\/wp-content\/uploads\/sites\/93\/2026\/01\/image-1.png\" \/>\n\t<meta property=\"og:image:width\" content=\"575\" \/>\n\t<meta property=\"og:image:height\" content=\"522\" \/>\n\t<meta property=\"og:image:type\" content=\"image\/png\" \/>\n<meta name=\"author\" content=\"Parasta_aikaa\" \/>\n<meta name=\"twitter:card\" content=\"summary_large_image\" \/>\n<meta name=\"twitter:label1\" content=\"Kirjoittanut\" \/>\n\t<meta name=\"twitter:data1\" content=\"Parasta_aikaa\" \/>\n\t<meta name=\"twitter:label2\" content=\"Arvioitu lukuaika\" \/>\n\t<meta name=\"twitter:data2\" content=\"4 minuuttia\" \/>\n<script type=\"application\/ld+json\" class=\"yoast-schema-graph\">{\"@context\":\"https:\\\/\\\/schema.org\",\"@graph\":[{\"@type\":\"Article\",\"@id\":\"https:\\\/\\\/blogs.uef.fi\\\/parasta-aikaa-varhaiskasvatuksessa\\\/?p=3076#article\",\"isPartOf\":{\"@id\":\"https:\\\/\\\/blogs.uef.fi\\\/parasta-aikaa-varhaiskasvatuksessa\\\/?p=3076\"},\"author\":{\"name\":\"Parasta_aikaa\",\"@id\":\"https:\\\/\\\/blogs.uef.fi\\\/parasta-aikaa-varhaiskasvatuksessa\\\/#\\\/schema\\\/person\\\/bc691df0f10ff8a79fdf36fae739c625\"},\"headline\":\"Tandempy\u00f6r\u00e4ily\u00e4 ruotsin tunneilla?\",\"datePublished\":\"2026-01-30T10:00:00+00:00\",\"dateModified\":\"2026-02-27T09:29:04+00:00\",\"mainEntityOfPage\":{\"@id\":\"https:\\\/\\\/blogs.uef.fi\\\/parasta-aikaa-varhaiskasvatuksessa\\\/?p=3076\"},\"wordCount\":653,\"commentCount\":0,\"image\":{\"@id\":\"https:\\\/\\\/blogs.uef.fi\\\/parasta-aikaa-varhaiskasvatuksessa\\\/?p=3076#primaryimage\"},\"thumbnailUrl\":\"https:\\\/\\\/blogs.uef.fi\\\/parasta-aikaa-varhaiskasvatuksessa\\\/wp-content\\\/uploads\\\/sites\\\/93\\\/2026\\\/01\\\/image-1.png\",\"articleSection\":[\"Uncategorized\"],\"inLanguage\":\"fi\",\"potentialAction\":[{\"@type\":\"CommentAction\",\"name\":\"Comment\",\"target\":[\"https:\\\/\\\/blogs.uef.fi\\\/parasta-aikaa-varhaiskasvatuksessa\\\/?p=3076#respond\"]}]},{\"@type\":\"WebPage\",\"@id\":\"https:\\\/\\\/blogs.uef.fi\\\/parasta-aikaa-varhaiskasvatuksessa\\\/?p=3076\",\"url\":\"https:\\\/\\\/blogs.uef.fi\\\/parasta-aikaa-varhaiskasvatuksessa\\\/?p=3076\",\"name\":\"Tandempy\u00f6r\u00e4ily\u00e4 ruotsin tunneilla? - Parasta aikaa varhaiskasvatuksessa\",\"isPartOf\":{\"@id\":\"https:\\\/\\\/blogs.uef.fi\\\/parasta-aikaa-varhaiskasvatuksessa\\\/#website\"},\"primaryImageOfPage\":{\"@id\":\"https:\\\/\\\/blogs.uef.fi\\\/parasta-aikaa-varhaiskasvatuksessa\\\/?p=3076#primaryimage\"},\"image\":{\"@id\":\"https:\\\/\\\/blogs.uef.fi\\\/parasta-aikaa-varhaiskasvatuksessa\\\/?p=3076#primaryimage\"},\"thumbnailUrl\":\"https:\\\/\\\/blogs.uef.fi\\\/parasta-aikaa-varhaiskasvatuksessa\\\/wp-content\\\/uploads\\\/sites\\\/93\\\/2026\\\/01\\\/image-1.png\",\"datePublished\":\"2026-01-30T10:00:00+00:00\",\"dateModified\":\"2026-02-27T09:29:04+00:00\",\"author\":{\"@id\":\"https:\\\/\\\/blogs.uef.fi\\\/parasta-aikaa-varhaiskasvatuksessa\\\/#\\\/schema\\\/person\\\/bc691df0f10ff8a79fdf36fae739c625\"},\"breadcrumb\":{\"@id\":\"https:\\\/\\\/blogs.uef.fi\\\/parasta-aikaa-varhaiskasvatuksessa\\\/?p=3076#breadcrumb\"},\"inLanguage\":\"fi\",\"potentialAction\":[{\"@type\":\"ReadAction\",\"target\":[\"https:\\\/\\\/blogs.uef.fi\\\/parasta-aikaa-varhaiskasvatuksessa\\\/?p=3076\"]}]},{\"@type\":\"ImageObject\",\"inLanguage\":\"fi\",\"@id\":\"https:\\\/\\\/blogs.uef.fi\\\/parasta-aikaa-varhaiskasvatuksessa\\\/?p=3076#primaryimage\",\"url\":\"https:\\\/\\\/blogs.uef.fi\\\/parasta-aikaa-varhaiskasvatuksessa\\\/wp-content\\\/uploads\\\/sites\\\/93\\\/2026\\\/01\\\/image-1.png\",\"contentUrl\":\"https:\\\/\\\/blogs.uef.fi\\\/parasta-aikaa-varhaiskasvatuksessa\\\/wp-content\\\/uploads\\\/sites\\\/93\\\/2026\\\/01\\\/image-1.png\",\"width\":575,\"height\":522},{\"@type\":\"BreadcrumbList\",\"@id\":\"https:\\\/\\\/blogs.uef.fi\\\/parasta-aikaa-varhaiskasvatuksessa\\\/?p=3076#breadcrumb\",\"itemListElement\":[{\"@type\":\"ListItem\",\"position\":1,\"name\":\"Home\",\"item\":\"https:\\\/\\\/blogs.uef.fi\\\/parasta-aikaa-varhaiskasvatuksessa\"},{\"@type\":\"ListItem\",\"position\":2,\"name\":\"Tandempy\u00f6r\u00e4ily\u00e4 ruotsin tunneilla?\"}]},{\"@type\":\"WebSite\",\"@id\":\"https:\\\/\\\/blogs.uef.fi\\\/parasta-aikaa-varhaiskasvatuksessa\\\/#website\",\"url\":\"https:\\\/\\\/blogs.uef.fi\\\/parasta-aikaa-varhaiskasvatuksessa\\\/\",\"name\":\"Parasta aikaa varhaiskasvatuksessa\",\"description\":\"\",\"potentialAction\":[{\"@type\":\"SearchAction\",\"target\":{\"@type\":\"EntryPoint\",\"urlTemplate\":\"https:\\\/\\\/blogs.uef.fi\\\/parasta-aikaa-varhaiskasvatuksessa\\\/?s={search_term_string}\"},\"query-input\":{\"@type\":\"PropertyValueSpecification\",\"valueRequired\":true,\"valueName\":\"search_term_string\"}}],\"inLanguage\":\"fi\"},{\"@type\":\"Person\",\"@id\":\"https:\\\/\\\/blogs.uef.fi\\\/parasta-aikaa-varhaiskasvatuksessa\\\/#\\\/schema\\\/person\\\/bc691df0f10ff8a79fdf36fae739c625\",\"name\":\"Parasta_aikaa\",\"url\":\"https:\\\/\\\/blogs.uef.fi\\\/parasta-aikaa-varhaiskasvatuksessa\\\/?author=257\"}]}<\/script>\n<!-- \/ Yoast SEO plugin. -->","yoast_head_json":{"title":"Tandempy\u00f6r\u00e4ily\u00e4 ruotsin tunneilla? - Parasta aikaa varhaiskasvatuksessa","robots":{"index":"index","follow":"follow","max-snippet":"max-snippet:-1","max-image-preview":"max-image-preview:large","max-video-preview":"max-video-preview:-1"},"canonical":"https:\/\/blogs.uef.fi\/parasta-aikaa-varhaiskasvatuksessa\/?p=3076","og_locale":"fi_FI","og_type":"article","og_title":"Tandempy\u00f6r\u00e4ily\u00e4 ruotsin tunneilla? - Parasta aikaa varhaiskasvatuksessa","og_description":"Mit\u00e4 tapahtuu, kun \u00e4idinkielelt\u00e4\u00e4n suomenkielinen ja \u00e4idinkielelt\u00e4\u00e4n ruotsinkielinen kohtaavat toisensa kotimaisen kielen opetustunneilla? &#8230; No, paljon tapahtuu, ja monenlaista hyv\u00e4\u00e4 on tuloksena. Useimmiten ajatellaan, ett\u00e4 puhuttaessa toisesta kotimaisesta kielest\u00e4 puhutaan ruotsin kielest\u00e4. Enemmist\u00f6ll\u00e4 suomalaisia ruotsi onkin se toinen kotimainen kieli, mutta on hyv\u00e4 muistaa, ett\u00e4 my\u00f6s suomi voi olla se toinen kotimainen kieli. Syksyll\u00e4 2025 [&hellip;]","og_url":"https:\/\/blogs.uef.fi\/parasta-aikaa-varhaiskasvatuksessa\/?p=3076","og_site_name":"Parasta aikaa varhaiskasvatuksessa","article_published_time":"2026-01-30T10:00:00+00:00","article_modified_time":"2026-02-27T09:29:04+00:00","og_image":[{"width":575,"height":522,"url":"https:\/\/blogs.uef.fi\/parasta-aikaa-varhaiskasvatuksessa\/wp-content\/uploads\/sites\/93\/2026\/01\/image-1.png","type":"image\/png"}],"author":"Parasta_aikaa","twitter_card":"summary_large_image","twitter_misc":{"Kirjoittanut":"Parasta_aikaa","Arvioitu lukuaika":"4 minuuttia"},"schema":{"@context":"https:\/\/schema.org","@graph":[{"@type":"Article","@id":"https:\/\/blogs.uef.fi\/parasta-aikaa-varhaiskasvatuksessa\/?p=3076#article","isPartOf":{"@id":"https:\/\/blogs.uef.fi\/parasta-aikaa-varhaiskasvatuksessa\/?p=3076"},"author":{"name":"Parasta_aikaa","@id":"https:\/\/blogs.uef.fi\/parasta-aikaa-varhaiskasvatuksessa\/#\/schema\/person\/bc691df0f10ff8a79fdf36fae739c625"},"headline":"Tandempy\u00f6r\u00e4ily\u00e4 ruotsin tunneilla?","datePublished":"2026-01-30T10:00:00+00:00","dateModified":"2026-02-27T09:29:04+00:00","mainEntityOfPage":{"@id":"https:\/\/blogs.uef.fi\/parasta-aikaa-varhaiskasvatuksessa\/?p=3076"},"wordCount":653,"commentCount":0,"image":{"@id":"https:\/\/blogs.uef.fi\/parasta-aikaa-varhaiskasvatuksessa\/?p=3076#primaryimage"},"thumbnailUrl":"https:\/\/blogs.uef.fi\/parasta-aikaa-varhaiskasvatuksessa\/wp-content\/uploads\/sites\/93\/2026\/01\/image-1.png","articleSection":["Uncategorized"],"inLanguage":"fi","potentialAction":[{"@type":"CommentAction","name":"Comment","target":["https:\/\/blogs.uef.fi\/parasta-aikaa-varhaiskasvatuksessa\/?p=3076#respond"]}]},{"@type":"WebPage","@id":"https:\/\/blogs.uef.fi\/parasta-aikaa-varhaiskasvatuksessa\/?p=3076","url":"https:\/\/blogs.uef.fi\/parasta-aikaa-varhaiskasvatuksessa\/?p=3076","name":"Tandempy\u00f6r\u00e4ily\u00e4 ruotsin tunneilla? - Parasta aikaa varhaiskasvatuksessa","isPartOf":{"@id":"https:\/\/blogs.uef.fi\/parasta-aikaa-varhaiskasvatuksessa\/#website"},"primaryImageOfPage":{"@id":"https:\/\/blogs.uef.fi\/parasta-aikaa-varhaiskasvatuksessa\/?p=3076#primaryimage"},"image":{"@id":"https:\/\/blogs.uef.fi\/parasta-aikaa-varhaiskasvatuksessa\/?p=3076#primaryimage"},"thumbnailUrl":"https:\/\/blogs.uef.fi\/parasta-aikaa-varhaiskasvatuksessa\/wp-content\/uploads\/sites\/93\/2026\/01\/image-1.png","datePublished":"2026-01-30T10:00:00+00:00","dateModified":"2026-02-27T09:29:04+00:00","author":{"@id":"https:\/\/blogs.uef.fi\/parasta-aikaa-varhaiskasvatuksessa\/#\/schema\/person\/bc691df0f10ff8a79fdf36fae739c625"},"breadcrumb":{"@id":"https:\/\/blogs.uef.fi\/parasta-aikaa-varhaiskasvatuksessa\/?p=3076#breadcrumb"},"inLanguage":"fi","potentialAction":[{"@type":"ReadAction","target":["https:\/\/blogs.uef.fi\/parasta-aikaa-varhaiskasvatuksessa\/?p=3076"]}]},{"@type":"ImageObject","inLanguage":"fi","@id":"https:\/\/blogs.uef.fi\/parasta-aikaa-varhaiskasvatuksessa\/?p=3076#primaryimage","url":"https:\/\/blogs.uef.fi\/parasta-aikaa-varhaiskasvatuksessa\/wp-content\/uploads\/sites\/93\/2026\/01\/image-1.png","contentUrl":"https:\/\/blogs.uef.fi\/parasta-aikaa-varhaiskasvatuksessa\/wp-content\/uploads\/sites\/93\/2026\/01\/image-1.png","width":575,"height":522},{"@type":"BreadcrumbList","@id":"https:\/\/blogs.uef.fi\/parasta-aikaa-varhaiskasvatuksessa\/?p=3076#breadcrumb","itemListElement":[{"@type":"ListItem","position":1,"name":"Home","item":"https:\/\/blogs.uef.fi\/parasta-aikaa-varhaiskasvatuksessa"},{"@type":"ListItem","position":2,"name":"Tandempy\u00f6r\u00e4ily\u00e4 ruotsin tunneilla?"}]},{"@type":"WebSite","@id":"https:\/\/blogs.uef.fi\/parasta-aikaa-varhaiskasvatuksessa\/#website","url":"https:\/\/blogs.uef.fi\/parasta-aikaa-varhaiskasvatuksessa\/","name":"Parasta aikaa varhaiskasvatuksessa","description":"","potentialAction":[{"@type":"SearchAction","target":{"@type":"EntryPoint","urlTemplate":"https:\/\/blogs.uef.fi\/parasta-aikaa-varhaiskasvatuksessa\/?s={search_term_string}"},"query-input":{"@type":"PropertyValueSpecification","valueRequired":true,"valueName":"search_term_string"}}],"inLanguage":"fi"},{"@type":"Person","@id":"https:\/\/blogs.uef.fi\/parasta-aikaa-varhaiskasvatuksessa\/#\/schema\/person\/bc691df0f10ff8a79fdf36fae739c625","name":"Parasta_aikaa","url":"https:\/\/blogs.uef.fi\/parasta-aikaa-varhaiskasvatuksessa\/?author=257"}]}},"_links":{"self":[{"href":"https:\/\/blogs.uef.fi\/parasta-aikaa-varhaiskasvatuksessa\/index.php?rest_route=\/wp\/v2\/posts\/3076","targetHints":{"allow":["GET"]}}],"collection":[{"href":"https:\/\/blogs.uef.fi\/parasta-aikaa-varhaiskasvatuksessa\/index.php?rest_route=\/wp\/v2\/posts"}],"about":[{"href":"https:\/\/blogs.uef.fi\/parasta-aikaa-varhaiskasvatuksessa\/index.php?rest_route=\/wp\/v2\/types\/post"}],"author":[{"embeddable":true,"href":"https:\/\/blogs.uef.fi\/parasta-aikaa-varhaiskasvatuksessa\/index.php?rest_route=\/wp\/v2\/users\/257"}],"replies":[{"embeddable":true,"href":"https:\/\/blogs.uef.fi\/parasta-aikaa-varhaiskasvatuksessa\/index.php?rest_route=%2Fwp%2Fv2%2Fcomments&post=3076"}],"version-history":[{"count":2,"href":"https:\/\/blogs.uef.fi\/parasta-aikaa-varhaiskasvatuksessa\/index.php?rest_route=\/wp\/v2\/posts\/3076\/revisions"}],"predecessor-version":[{"id":3087,"href":"https:\/\/blogs.uef.fi\/parasta-aikaa-varhaiskasvatuksessa\/index.php?rest_route=\/wp\/v2\/posts\/3076\/revisions\/3087"}],"wp:attachment":[{"href":"https:\/\/blogs.uef.fi\/parasta-aikaa-varhaiskasvatuksessa\/index.php?rest_route=%2Fwp%2Fv2%2Fmedia&parent=3076"}],"wp:term":[{"taxonomy":"category","embeddable":true,"href":"https:\/\/blogs.uef.fi\/parasta-aikaa-varhaiskasvatuksessa\/index.php?rest_route=%2Fwp%2Fv2%2Fcategories&post=3076"},{"taxonomy":"post_tag","embeddable":true,"href":"https:\/\/blogs.uef.fi\/parasta-aikaa-varhaiskasvatuksessa\/index.php?rest_route=%2Fwp%2Fv2%2Ftags&post=3076"}],"curies":[{"name":"wp","href":"https:\/\/api.w.org\/{rel}","templated":true}]}}