{"id":2630,"date":"2024-04-30T12:00:00","date_gmt":"2024-04-30T09:00:00","guid":{"rendered":"https:\/\/blogs.uef.fi\/parasta-aikaa-varhaiskasvatuksessa\/?p=2630"},"modified":"2024-06-17T16:00:16","modified_gmt":"2024-06-17T13:00:16","slug":"poukkoileva-pedagogiikka-ei-juurruta-varhaiskasvatusta-osaksi-koulutusjarjestelmaa","status":"publish","type":"post","link":"https:\/\/blogs.uef.fi\/parasta-aikaa-varhaiskasvatuksessa\/?p=2630","title":{"rendered":"Poukkoileva politiikka ei juurruta varhaiskasvatusta osaksi koulutusj\u00e4rjestelm\u00e4\u00e4"},"content":{"rendered":"\n<p>Kiinnostus varhaiskasvatuksen kehitt\u00e4miseen on ollut suurta niin Suomessa kuin kansainv\u00e4lisestikin koko 2000-luvun. Vuonna 2013 tapahtuneen hallinnonalan muutoksen my\u00f6t\u00e4 varhaiskasvatuksen roolia on pyritty vahvistamaan osana suomalaista koulutusj\u00e4rjestelm\u00e4\u00e4 varhaiskasvatuksen muodostaessa lapsen ensimm\u00e4isen opinpolun sek\u00e4 ehe\u00e4n jatkumon perusopetukseen ja muuhun my\u00f6hemp\u00e4\u00e4n oppimiseen. Samanaikaisesti varhaiskasvatus on ollut kunnissa monenlaisten tehostamistoimenpiteiden kohteena, jotka ovat paikoin vaikeuttaneet toivottua pedagogiikan laadun nostoa. Vaje kelpoisista opettajista ei ole edesauttanut tavoitteeseen p\u00e4\u00e4sy\u00e4.<\/p>\n\n\n\n<p>N\u00e4m\u00e4 kaikki tulevat selke\u00e4sti esiin johtamani <em>Osaava varhaiskasvatus<\/em> -hankkeen varhaiskasvatuksen opettajien ja lastenhoitajien haastatteluissa, p\u00e4iv\u00e4kodin johtajien kyselyss\u00e4 sek\u00e4 kuntien varhaiskasvatusjohtajien tai t\u00e4t\u00e4 teht\u00e4v\u00e4\u00e4 hoitavien kyselyss\u00e4. Viesti on selv\u00e4: kelpoisia ja sitoutuneita opettajia ja muuta henkil\u00f6st\u00f6\u00e4 tarvitaan kipe\u00e4sti, ty\u00f6olot on laitettava kuntoon ja resursseja ty\u00f6n tekemiseen tulee lis\u00e4t\u00e4. Lis\u00e4ksi opettajalla tulee olla mahdollisuus keskitty\u00e4 teht\u00e4v\u00e4\u00e4ns\u00e4 ja toteuttaa koulutustaan vastaavaa ty\u00f6t\u00e4\u00e4n tiimin kanssa. Erityisopettajien saatavuus ja p\u00e4iv\u00e4kodin johtajan tuki pedagogisen toiminnan toteuttamiseen ja henkil\u00f6st\u00f6n hyvinvoinnista huolehtimiseen ovat niin ik\u00e4\u00e4n avainasemassa alan veto- ja pitovoiman parantamisessa.<\/p>\n\n\n\n<p>Varhaiskasvatuslakiin asetetut tavoitteet n\u00e4ytt\u00e4v\u00e4t juurtuvan hitaasti varhaiskasvatuksen toteuttamiseen. Varhaiskasvatuksella on edelleen omalaatuinen asema perustuslaissa s\u00e4\u00e4nneltyjen lapsen sivistyksellisten perusoikeuksien sek\u00e4 koulutus- ja sosiaalipalveluja koskevan oikeuden kanssa. Ymm\u00e4rt\u00e4m\u00e4tt\u00f6myys ja erimielisyys siit\u00e4, kenelle ja miksi varhaiskasvatusta tarjotaan ja tulisi tarjota, on tullut n\u00e4kyv\u00e4ksi varhaiskasvatusta koskevassa julkisessa keskustelussa erityisesti nyt, kun lain kirjauksiin on esitetty muutosehdotuksia. Varhaiskasvatus onkin useiden eri toimijoiden intressien ristivedossa eik\u00e4 ala tunnu saavan kaipaamaansa ty\u00f6rauhaa kehitty\u00e4kseen pedagogisesti painottuneeksi hoivan, kasvatuksen ja opetuksen kokonaisuudeksi.<\/p>\n\n\n\n<figure class=\"wp-block-image aligncenter size-large is-resized\"><img loading=\"lazy\" decoding=\"async\" width=\"1024\" height=\"768\" src=\"https:\/\/blogs.uef.fi\/parasta-aikaa-varhaiskasvatuksessa\/wp-content\/uploads\/sites\/93\/2024\/04\/plant-pot-2756428_1280-1024x768.jpg\" alt=\"\" class=\"wp-image-2639\" style=\"width:620px;height:auto\" srcset=\"https:\/\/blogs.uef.fi\/parasta-aikaa-varhaiskasvatuksessa\/wp-content\/uploads\/sites\/93\/2024\/04\/plant-pot-2756428_1280-1024x768.jpg 1024w, https:\/\/blogs.uef.fi\/parasta-aikaa-varhaiskasvatuksessa\/wp-content\/uploads\/sites\/93\/2024\/04\/plant-pot-2756428_1280-300x225.jpg 300w, https:\/\/blogs.uef.fi\/parasta-aikaa-varhaiskasvatuksessa\/wp-content\/uploads\/sites\/93\/2024\/04\/plant-pot-2756428_1280-768x576.jpg 768w, https:\/\/blogs.uef.fi\/parasta-aikaa-varhaiskasvatuksessa\/wp-content\/uploads\/sites\/93\/2024\/04\/plant-pot-2756428_1280.jpg 1280w\" sizes=\"auto, (max-width: 1024px) 100vw, 1024px\" \/><figcaption class=\"wp-element-caption\">Kuvituskuva 1. Pixabay<\/figcaption><\/figure>\n\n\n\n<h5 class=\"wp-block-heading\">Yksityist\u00e4misen vaikutuksia eriarvoisuudelle on arvioitava<\/h5>\n\n\n\n<p>Yksi esimerkki varhaiskasvatuksen kehitt\u00e4misen poukkoilevuudesta on yksityisen varhaiskasvatuksen asema. Nykyinen hallitusohjelma pyrkii tavoitteellisesti yksityisen varhaiskasvatuksen osuuden lis\u00e4\u00e4miseen muuttamalla luvanvaraisuuden j\u00e4lleen ilmoitusmenettelyksi, nostamalla yksityisen hoidon tuen piiriss\u00e4 olevien lasten osuutta ja uudistamalla palveluseteleit\u00e4 koskevaa lains\u00e4\u00e4d\u00e4nt\u00f6\u00e4. Varhaiskasvatuksen laatu ja valvonnan merkitys n\u00e4hd\u00e4\u00e4n edelleen merkityksellisen\u00e4, ja v\u00e4ljennyst\u00e4 ehtoihin perusteellaan muun muassa hallinnollisen ty\u00f6n v\u00e4hent\u00e4misell\u00e4.<\/p>\n\n\n\n<p>Paikoin s\u00e4\u00e4ntelyyn onkin hyv\u00e4 suhtautua kriittisesti. Samanaikaisesti on kuitenkin hyv\u00e4 tarkastella s\u00e4\u00e4ntelyn v\u00e4hent\u00e4misen perusteita: onko taustalla yhteiskunnan tehostaminen, taloudelliset s\u00e4\u00e4st\u00f6t ja tuottavuuden parantaminen ja miten pyrkimykset suhteutuvat varhaiskasvatuslain painottamaan lapsen etuun ja pedagogiikkaan. Pyrkimys lis\u00e4t\u00e4 yksityist\u00e4 varhaiskasvatusta ja tavoite lapsen edun yht\u00e4l\u00e4isest\u00e4 toteutumisesta, oppimiserojen tasoittamisesta ja segregaation ehk\u00e4isyst\u00e4 asettuvat tutkimuksen valossa j\u00e4nnitteiseen suhteeseen. Koulutuksen markkinoitumista onkin ehdotettu tarkasteltavan kriittisesti juuri eriarvoisuuden n\u00e4k\u00f6kulmasta. On syyt\u00e4 pit\u00e4\u00e4 mieless\u00e4, ettei yksityist\u00e4misen lis\u00e4\u00e4misell\u00e4 kyet\u00e4 v\u00e4ltt\u00e4m\u00e4tt\u00e4 saavuttamaan palvelun laatua, tehokkuutta ja palveluiden oikeudenmukaista jakautumista. Sen sijaan valinnanvapaus voi johtaa perheiden eriarvoistumiseen ja lapsen edun vaihtelevaan toteutumiseen.<\/p>\n\n\n\n<h5 class=\"wp-block-heading\">Kelpoisuudet, laadukas pedagogiikka ja lapsen etu<\/h5>\n\n\n\n<p>Toiseksi julkista keskustelua on her\u00e4tt\u00e4nyt hallitusohjelman kirjaus varhaiskasvatuksen johtajan teht\u00e4v\u00e4ss\u00e4 toimimisen mahdollisuudesta varhaiskasvatuksen sosionomi YAMK-tutkinnon suorittaneille. Toteutetut kansalliset arvioinnit ovat p\u00e4\u00e4tyneet yhdenmukaisesti siihen, ett\u00e4 varhaiskasvatuksen johtamisen tulee perustua kasvatustieteellisen koulutuksen tuottamaan osaamiseen, ja ett\u00e4 yliopistot vastaavat t\u00e4ss\u00e4 teht\u00e4v\u00e4ss\u00e4 vaadittavan tiet\u00e4myksen ja osaamisen kerrytt\u00e4miseen hyvin. Pitk\u00e4\u00e4n valmistellun lain ja siin\u00e4 esitetyn kelpoisuuden purkamisen vaade on ristiriidassa hallitusohjelmaan kirjatun sitoumuksen kanssa, jonka mukaan lapsella on oikeus pedagogisesti johdettuun ja toteutettuun varhaiskasvatukseen.<\/p>\n\n\n\n<p>Varhaiskasvatuksen asemoituessa osaksi koulutusj\u00e4rjestelm\u00e4\u00e4, kasvatustieteellisen koulutuksen suorittaneiden ja pedagogiikan johtamisesta vastaavien p\u00e4iv\u00e4kodin johtajien ja varhaiskasvatuksen opettajien asema on turvattava, jotta heid\u00e4n ammattiosaamisensa kohdentuu niin varhaiskasvatuksen yksik\u00f6iss\u00e4 kuin lapsiryhmiss\u00e4 laadukkaan pedagogisen varhaiskasvatuksen toteuttamiseen. Varhaiskasvatuksen opettajien ja p\u00e4iv\u00e4kodin johtajien arvon tunnustaminen osana varhaisinta koulutusj\u00e4rjestelm\u00e4\u00e4 ei tarkoita sit\u00e4, etteik\u00f6 varhaiskasvatuksen muut ammattiryhm\u00e4t ja heid\u00e4n koulutuksensa tuottama osaaminen olisi t\u00e4rke\u00e4\u00e4 \u2013 p\u00e4invastoin. Koulutusten samankaltaisuus on kuitenkin est\u00e4nyt kunkin koulutuksen tuottaman eriytyneen osaamisen tunnistamista ja ammattiroolien vastuiden selkeytt\u00e4mist\u00e4 ja siten, kuten jo vuosikymmeni\u00e4 sitten on esitetty, ehk\u00e4issyt alan kehitt\u00e4mist\u00e4.<\/p>\n\n\n\n<p>Alan kehitt\u00e4minen koulutusj\u00e4rjestelm\u00e4n osana tarkoittaa lain painottaman lapsen edun ja laadukkaan pedagogiikan toteutumisen mahdollistamista. T\u00e4m\u00e4 edellytt\u00e4\u00e4 pitk\u00e4j\u00e4nteisyytt\u00e4 ja yhteist\u00e4 tahtotilaa toimia lasten parhaaksi. On kyett\u00e4v\u00e4 tekem\u00e4\u00e4n sellaisia tietoon perustuvia p\u00e4\u00e4t\u00f6ksi\u00e4, jotka edist\u00e4v\u00e4t lapsen oikeutta oppia ja vahvistavat ihmisyyteen kasvua. Lain viitoittama henkil\u00f6st\u00f6rakenne raamittaa t\u00e4t\u00e4 tukevaa p\u00e4\u00e4t\u00f6ksentekoa. Se my\u00f6s tarjoaa mahdollisuuksia hy\u00f6dynt\u00e4\u00e4 kunkin varhaiskasvatuksen koulutuksen tuottamaa osaamista, jolloin lasten ja my\u00f6s heid\u00e4n perheidens\u00e4 kanssa teht\u00e4v\u00e4ss\u00e4 ty\u00f6ss\u00e4 vastuut ja velvoitteet kohdentuvat ammatillisen osaamisen mukaisesti. <\/p>\n\n\n\n<h5 class=\"wp-block-heading\">Kirjoittaja<\/h5>\n\n\n\n<div class=\"person-card\">\n    \n                    <div class=\"person-card-item\">\n                    <div class=\"person-card-column-left\">\n                                                    <img decoding=\"async\" class=\"person-card-image\" src=\"https:\/\/blogs.uef.fi\/parasta-aikaa-varhaiskasvatuksessa\/wp-content\/uploads\/sites\/93\/2024\/04\/satu.jpg\" alt=\"\" \/>\n                                            <\/div>\n\n                    <div class=\"person-card-column-right\">\n                                                <p class=\"person-card-name\">Satu Valkonen<\/p>\n                        \n                                                <p class=\"person-card-position\">Vieraileva tutkija, dosentti<\/p>\n                        \n                                                <p class=\"person-card-organisation\">It\u00e4-Suomen yliopisto<\/p>\n                        \n                        \n                                            <\/div>\n                <\/div>\n                            <\/div>\n","protected":false},"excerpt":{"rendered":"<p>Kiinnostus varhaiskasvatuksen kehitt\u00e4miseen on ollut suurta niin Suomessa kuin kansainv\u00e4lisestikin koko 2000-luvun. Vuonna 2013 tapahtuneen hallinnonalan muutoksen my\u00f6t\u00e4 varhaiskasvatuksen roolia on pyritty vahvistamaan osana suomalaista koulutusj\u00e4rjestelm\u00e4\u00e4 varhaiskasvatuksen muodostaessa lapsen ensimm\u00e4isen opinpolun sek\u00e4 ehe\u00e4n jatkumon perusopetukseen ja muuhun my\u00f6hemp\u00e4\u00e4n oppimiseen. Samanaikaisesti varhaiskasvatus on ollut kunnissa monenlaisten tehostamistoimenpiteiden kohteena, jotka ovat paikoin vaikeuttaneet toivottua pedagogiikan laadun nostoa. [&hellip;]<\/p>\n","protected":false},"author":257,"featured_media":0,"comment_status":"open","ping_status":"open","sticky":false,"template":"","format":"standard","meta":{"_acf_changed":false,"footnotes":""},"categories":[1],"tags":[],"class_list":["post-2630","post","type-post","status-publish","format-standard","hentry","category-uncategorized"],"acf":[],"yoast_head":"<!-- This site is optimized with the Yoast SEO plugin v27.3 - https:\/\/yoast.com\/product\/yoast-seo-wordpress\/ -->\n<title>Poukkoileva politiikka ei juurruta varhaiskasvatusta osaksi koulutusj\u00e4rjestelm\u00e4\u00e4 - Parasta aikaa varhaiskasvatuksessa<\/title>\n<meta name=\"robots\" content=\"index, follow, max-snippet:-1, max-image-preview:large, max-video-preview:-1\" \/>\n<link rel=\"canonical\" href=\"https:\/\/blogs.uef.fi\/parasta-aikaa-varhaiskasvatuksessa\/?p=2630\" \/>\n<meta property=\"og:locale\" content=\"fi_FI\" \/>\n<meta property=\"og:type\" content=\"article\" \/>\n<meta property=\"og:title\" content=\"Poukkoileva politiikka ei juurruta varhaiskasvatusta osaksi koulutusj\u00e4rjestelm\u00e4\u00e4 - Parasta aikaa varhaiskasvatuksessa\" \/>\n<meta property=\"og:description\" content=\"Kiinnostus varhaiskasvatuksen kehitt\u00e4miseen on ollut suurta niin Suomessa kuin kansainv\u00e4lisestikin koko 2000-luvun. Vuonna 2013 tapahtuneen hallinnonalan muutoksen my\u00f6t\u00e4 varhaiskasvatuksen roolia on pyritty vahvistamaan osana suomalaista koulutusj\u00e4rjestelm\u00e4\u00e4 varhaiskasvatuksen muodostaessa lapsen ensimm\u00e4isen opinpolun sek\u00e4 ehe\u00e4n jatkumon perusopetukseen ja muuhun my\u00f6hemp\u00e4\u00e4n oppimiseen. Samanaikaisesti varhaiskasvatus on ollut kunnissa monenlaisten tehostamistoimenpiteiden kohteena, jotka ovat paikoin vaikeuttaneet toivottua pedagogiikan laadun nostoa. [&hellip;]\" \/>\n<meta property=\"og:url\" content=\"https:\/\/blogs.uef.fi\/parasta-aikaa-varhaiskasvatuksessa\/?p=2630\" \/>\n<meta property=\"og:site_name\" content=\"Parasta aikaa varhaiskasvatuksessa\" \/>\n<meta property=\"article:published_time\" content=\"2024-04-30T09:00:00+00:00\" \/>\n<meta property=\"article:modified_time\" content=\"2024-06-17T13:00:16+00:00\" \/>\n<meta property=\"og:image\" content=\"https:\/\/blogs.uef.fi\/parasta-aikaa-varhaiskasvatuksessa\/wp-content\/uploads\/sites\/93\/2024\/04\/plant-pot-2756428_1280-1024x768.jpg\" \/>\n<meta name=\"author\" content=\"Parasta_aikaa\" \/>\n<meta name=\"twitter:card\" content=\"summary_large_image\" \/>\n<meta name=\"twitter:label1\" content=\"Kirjoittanut\" \/>\n\t<meta name=\"twitter:data1\" content=\"Parasta_aikaa\" \/>\n\t<meta name=\"twitter:label2\" content=\"Arvioitu lukuaika\" \/>\n\t<meta name=\"twitter:data2\" content=\"4 minuuttia\" \/>\n<script type=\"application\/ld+json\" class=\"yoast-schema-graph\">{\"@context\":\"https:\\\/\\\/schema.org\",\"@graph\":[{\"@type\":\"Article\",\"@id\":\"https:\\\/\\\/blogs.uef.fi\\\/parasta-aikaa-varhaiskasvatuksessa\\\/?p=2630#article\",\"isPartOf\":{\"@id\":\"https:\\\/\\\/blogs.uef.fi\\\/parasta-aikaa-varhaiskasvatuksessa\\\/?p=2630\"},\"author\":{\"name\":\"Parasta_aikaa\",\"@id\":\"https:\\\/\\\/blogs.uef.fi\\\/parasta-aikaa-varhaiskasvatuksessa\\\/#\\\/schema\\\/person\\\/bc691df0f10ff8a79fdf36fae739c625\"},\"headline\":\"Poukkoileva politiikka ei juurruta varhaiskasvatusta osaksi koulutusj\u00e4rjestelm\u00e4\u00e4\",\"datePublished\":\"2024-04-30T09:00:00+00:00\",\"dateModified\":\"2024-06-17T13:00:16+00:00\",\"mainEntityOfPage\":{\"@id\":\"https:\\\/\\\/blogs.uef.fi\\\/parasta-aikaa-varhaiskasvatuksessa\\\/?p=2630\"},\"wordCount\":729,\"commentCount\":0,\"image\":{\"@id\":\"https:\\\/\\\/blogs.uef.fi\\\/parasta-aikaa-varhaiskasvatuksessa\\\/?p=2630#primaryimage\"},\"thumbnailUrl\":\"https:\\\/\\\/blogs.uef.fi\\\/parasta-aikaa-varhaiskasvatuksessa\\\/wp-content\\\/uploads\\\/sites\\\/93\\\/2024\\\/04\\\/plant-pot-2756428_1280-1024x768.jpg\",\"articleSection\":[\"Uncategorized\"],\"inLanguage\":\"fi\",\"potentialAction\":[{\"@type\":\"CommentAction\",\"name\":\"Comment\",\"target\":[\"https:\\\/\\\/blogs.uef.fi\\\/parasta-aikaa-varhaiskasvatuksessa\\\/?p=2630#respond\"]}]},{\"@type\":\"WebPage\",\"@id\":\"https:\\\/\\\/blogs.uef.fi\\\/parasta-aikaa-varhaiskasvatuksessa\\\/?p=2630\",\"url\":\"https:\\\/\\\/blogs.uef.fi\\\/parasta-aikaa-varhaiskasvatuksessa\\\/?p=2630\",\"name\":\"Poukkoileva politiikka ei juurruta varhaiskasvatusta osaksi koulutusj\u00e4rjestelm\u00e4\u00e4 - Parasta aikaa varhaiskasvatuksessa\",\"isPartOf\":{\"@id\":\"https:\\\/\\\/blogs.uef.fi\\\/parasta-aikaa-varhaiskasvatuksessa\\\/#website\"},\"primaryImageOfPage\":{\"@id\":\"https:\\\/\\\/blogs.uef.fi\\\/parasta-aikaa-varhaiskasvatuksessa\\\/?p=2630#primaryimage\"},\"image\":{\"@id\":\"https:\\\/\\\/blogs.uef.fi\\\/parasta-aikaa-varhaiskasvatuksessa\\\/?p=2630#primaryimage\"},\"thumbnailUrl\":\"https:\\\/\\\/blogs.uef.fi\\\/parasta-aikaa-varhaiskasvatuksessa\\\/wp-content\\\/uploads\\\/sites\\\/93\\\/2024\\\/04\\\/plant-pot-2756428_1280-1024x768.jpg\",\"datePublished\":\"2024-04-30T09:00:00+00:00\",\"dateModified\":\"2024-06-17T13:00:16+00:00\",\"author\":{\"@id\":\"https:\\\/\\\/blogs.uef.fi\\\/parasta-aikaa-varhaiskasvatuksessa\\\/#\\\/schema\\\/person\\\/bc691df0f10ff8a79fdf36fae739c625\"},\"breadcrumb\":{\"@id\":\"https:\\\/\\\/blogs.uef.fi\\\/parasta-aikaa-varhaiskasvatuksessa\\\/?p=2630#breadcrumb\"},\"inLanguage\":\"fi\",\"potentialAction\":[{\"@type\":\"ReadAction\",\"target\":[\"https:\\\/\\\/blogs.uef.fi\\\/parasta-aikaa-varhaiskasvatuksessa\\\/?p=2630\"]}]},{\"@type\":\"ImageObject\",\"inLanguage\":\"fi\",\"@id\":\"https:\\\/\\\/blogs.uef.fi\\\/parasta-aikaa-varhaiskasvatuksessa\\\/?p=2630#primaryimage\",\"url\":\"https:\\\/\\\/blogs.uef.fi\\\/parasta-aikaa-varhaiskasvatuksessa\\\/wp-content\\\/uploads\\\/sites\\\/93\\\/2024\\\/04\\\/plant-pot-2756428_1280.jpg\",\"contentUrl\":\"https:\\\/\\\/blogs.uef.fi\\\/parasta-aikaa-varhaiskasvatuksessa\\\/wp-content\\\/uploads\\\/sites\\\/93\\\/2024\\\/04\\\/plant-pot-2756428_1280.jpg\",\"width\":1280,\"height\":960},{\"@type\":\"BreadcrumbList\",\"@id\":\"https:\\\/\\\/blogs.uef.fi\\\/parasta-aikaa-varhaiskasvatuksessa\\\/?p=2630#breadcrumb\",\"itemListElement\":[{\"@type\":\"ListItem\",\"position\":1,\"name\":\"Home\",\"item\":\"https:\\\/\\\/blogs.uef.fi\\\/parasta-aikaa-varhaiskasvatuksessa\"},{\"@type\":\"ListItem\",\"position\":2,\"name\":\"Poukkoileva politiikka ei juurruta varhaiskasvatusta osaksi koulutusj\u00e4rjestelm\u00e4\u00e4\"}]},{\"@type\":\"WebSite\",\"@id\":\"https:\\\/\\\/blogs.uef.fi\\\/parasta-aikaa-varhaiskasvatuksessa\\\/#website\",\"url\":\"https:\\\/\\\/blogs.uef.fi\\\/parasta-aikaa-varhaiskasvatuksessa\\\/\",\"name\":\"Parasta aikaa varhaiskasvatuksessa\",\"description\":\"\",\"potentialAction\":[{\"@type\":\"SearchAction\",\"target\":{\"@type\":\"EntryPoint\",\"urlTemplate\":\"https:\\\/\\\/blogs.uef.fi\\\/parasta-aikaa-varhaiskasvatuksessa\\\/?s={search_term_string}\"},\"query-input\":{\"@type\":\"PropertyValueSpecification\",\"valueRequired\":true,\"valueName\":\"search_term_string\"}}],\"inLanguage\":\"fi\"},{\"@type\":\"Person\",\"@id\":\"https:\\\/\\\/blogs.uef.fi\\\/parasta-aikaa-varhaiskasvatuksessa\\\/#\\\/schema\\\/person\\\/bc691df0f10ff8a79fdf36fae739c625\",\"name\":\"Parasta_aikaa\",\"url\":\"https:\\\/\\\/blogs.uef.fi\\\/parasta-aikaa-varhaiskasvatuksessa\\\/?author=257\"}]}<\/script>\n<!-- \/ Yoast SEO plugin. -->","yoast_head_json":{"title":"Poukkoileva politiikka ei juurruta varhaiskasvatusta osaksi koulutusj\u00e4rjestelm\u00e4\u00e4 - Parasta aikaa varhaiskasvatuksessa","robots":{"index":"index","follow":"follow","max-snippet":"max-snippet:-1","max-image-preview":"max-image-preview:large","max-video-preview":"max-video-preview:-1"},"canonical":"https:\/\/blogs.uef.fi\/parasta-aikaa-varhaiskasvatuksessa\/?p=2630","og_locale":"fi_FI","og_type":"article","og_title":"Poukkoileva politiikka ei juurruta varhaiskasvatusta osaksi koulutusj\u00e4rjestelm\u00e4\u00e4 - Parasta aikaa varhaiskasvatuksessa","og_description":"Kiinnostus varhaiskasvatuksen kehitt\u00e4miseen on ollut suurta niin Suomessa kuin kansainv\u00e4lisestikin koko 2000-luvun. Vuonna 2013 tapahtuneen hallinnonalan muutoksen my\u00f6t\u00e4 varhaiskasvatuksen roolia on pyritty vahvistamaan osana suomalaista koulutusj\u00e4rjestelm\u00e4\u00e4 varhaiskasvatuksen muodostaessa lapsen ensimm\u00e4isen opinpolun sek\u00e4 ehe\u00e4n jatkumon perusopetukseen ja muuhun my\u00f6hemp\u00e4\u00e4n oppimiseen. Samanaikaisesti varhaiskasvatus on ollut kunnissa monenlaisten tehostamistoimenpiteiden kohteena, jotka ovat paikoin vaikeuttaneet toivottua pedagogiikan laadun nostoa. [&hellip;]","og_url":"https:\/\/blogs.uef.fi\/parasta-aikaa-varhaiskasvatuksessa\/?p=2630","og_site_name":"Parasta aikaa varhaiskasvatuksessa","article_published_time":"2024-04-30T09:00:00+00:00","article_modified_time":"2024-06-17T13:00:16+00:00","og_image":[{"url":"https:\/\/blogs.uef.fi\/parasta-aikaa-varhaiskasvatuksessa\/wp-content\/uploads\/sites\/93\/2024\/04\/plant-pot-2756428_1280-1024x768.jpg","type":"","width":"","height":""}],"author":"Parasta_aikaa","twitter_card":"summary_large_image","twitter_misc":{"Kirjoittanut":"Parasta_aikaa","Arvioitu lukuaika":"4 minuuttia"},"schema":{"@context":"https:\/\/schema.org","@graph":[{"@type":"Article","@id":"https:\/\/blogs.uef.fi\/parasta-aikaa-varhaiskasvatuksessa\/?p=2630#article","isPartOf":{"@id":"https:\/\/blogs.uef.fi\/parasta-aikaa-varhaiskasvatuksessa\/?p=2630"},"author":{"name":"Parasta_aikaa","@id":"https:\/\/blogs.uef.fi\/parasta-aikaa-varhaiskasvatuksessa\/#\/schema\/person\/bc691df0f10ff8a79fdf36fae739c625"},"headline":"Poukkoileva politiikka ei juurruta varhaiskasvatusta osaksi koulutusj\u00e4rjestelm\u00e4\u00e4","datePublished":"2024-04-30T09:00:00+00:00","dateModified":"2024-06-17T13:00:16+00:00","mainEntityOfPage":{"@id":"https:\/\/blogs.uef.fi\/parasta-aikaa-varhaiskasvatuksessa\/?p=2630"},"wordCount":729,"commentCount":0,"image":{"@id":"https:\/\/blogs.uef.fi\/parasta-aikaa-varhaiskasvatuksessa\/?p=2630#primaryimage"},"thumbnailUrl":"https:\/\/blogs.uef.fi\/parasta-aikaa-varhaiskasvatuksessa\/wp-content\/uploads\/sites\/93\/2024\/04\/plant-pot-2756428_1280-1024x768.jpg","articleSection":["Uncategorized"],"inLanguage":"fi","potentialAction":[{"@type":"CommentAction","name":"Comment","target":["https:\/\/blogs.uef.fi\/parasta-aikaa-varhaiskasvatuksessa\/?p=2630#respond"]}]},{"@type":"WebPage","@id":"https:\/\/blogs.uef.fi\/parasta-aikaa-varhaiskasvatuksessa\/?p=2630","url":"https:\/\/blogs.uef.fi\/parasta-aikaa-varhaiskasvatuksessa\/?p=2630","name":"Poukkoileva politiikka ei juurruta varhaiskasvatusta osaksi koulutusj\u00e4rjestelm\u00e4\u00e4 - Parasta aikaa varhaiskasvatuksessa","isPartOf":{"@id":"https:\/\/blogs.uef.fi\/parasta-aikaa-varhaiskasvatuksessa\/#website"},"primaryImageOfPage":{"@id":"https:\/\/blogs.uef.fi\/parasta-aikaa-varhaiskasvatuksessa\/?p=2630#primaryimage"},"image":{"@id":"https:\/\/blogs.uef.fi\/parasta-aikaa-varhaiskasvatuksessa\/?p=2630#primaryimage"},"thumbnailUrl":"https:\/\/blogs.uef.fi\/parasta-aikaa-varhaiskasvatuksessa\/wp-content\/uploads\/sites\/93\/2024\/04\/plant-pot-2756428_1280-1024x768.jpg","datePublished":"2024-04-30T09:00:00+00:00","dateModified":"2024-06-17T13:00:16+00:00","author":{"@id":"https:\/\/blogs.uef.fi\/parasta-aikaa-varhaiskasvatuksessa\/#\/schema\/person\/bc691df0f10ff8a79fdf36fae739c625"},"breadcrumb":{"@id":"https:\/\/blogs.uef.fi\/parasta-aikaa-varhaiskasvatuksessa\/?p=2630#breadcrumb"},"inLanguage":"fi","potentialAction":[{"@type":"ReadAction","target":["https:\/\/blogs.uef.fi\/parasta-aikaa-varhaiskasvatuksessa\/?p=2630"]}]},{"@type":"ImageObject","inLanguage":"fi","@id":"https:\/\/blogs.uef.fi\/parasta-aikaa-varhaiskasvatuksessa\/?p=2630#primaryimage","url":"https:\/\/blogs.uef.fi\/parasta-aikaa-varhaiskasvatuksessa\/wp-content\/uploads\/sites\/93\/2024\/04\/plant-pot-2756428_1280.jpg","contentUrl":"https:\/\/blogs.uef.fi\/parasta-aikaa-varhaiskasvatuksessa\/wp-content\/uploads\/sites\/93\/2024\/04\/plant-pot-2756428_1280.jpg","width":1280,"height":960},{"@type":"BreadcrumbList","@id":"https:\/\/blogs.uef.fi\/parasta-aikaa-varhaiskasvatuksessa\/?p=2630#breadcrumb","itemListElement":[{"@type":"ListItem","position":1,"name":"Home","item":"https:\/\/blogs.uef.fi\/parasta-aikaa-varhaiskasvatuksessa"},{"@type":"ListItem","position":2,"name":"Poukkoileva politiikka ei juurruta varhaiskasvatusta osaksi koulutusj\u00e4rjestelm\u00e4\u00e4"}]},{"@type":"WebSite","@id":"https:\/\/blogs.uef.fi\/parasta-aikaa-varhaiskasvatuksessa\/#website","url":"https:\/\/blogs.uef.fi\/parasta-aikaa-varhaiskasvatuksessa\/","name":"Parasta aikaa varhaiskasvatuksessa","description":"","potentialAction":[{"@type":"SearchAction","target":{"@type":"EntryPoint","urlTemplate":"https:\/\/blogs.uef.fi\/parasta-aikaa-varhaiskasvatuksessa\/?s={search_term_string}"},"query-input":{"@type":"PropertyValueSpecification","valueRequired":true,"valueName":"search_term_string"}}],"inLanguage":"fi"},{"@type":"Person","@id":"https:\/\/blogs.uef.fi\/parasta-aikaa-varhaiskasvatuksessa\/#\/schema\/person\/bc691df0f10ff8a79fdf36fae739c625","name":"Parasta_aikaa","url":"https:\/\/blogs.uef.fi\/parasta-aikaa-varhaiskasvatuksessa\/?author=257"}]}},"_links":{"self":[{"href":"https:\/\/blogs.uef.fi\/parasta-aikaa-varhaiskasvatuksessa\/index.php?rest_route=\/wp\/v2\/posts\/2630","targetHints":{"allow":["GET"]}}],"collection":[{"href":"https:\/\/blogs.uef.fi\/parasta-aikaa-varhaiskasvatuksessa\/index.php?rest_route=\/wp\/v2\/posts"}],"about":[{"href":"https:\/\/blogs.uef.fi\/parasta-aikaa-varhaiskasvatuksessa\/index.php?rest_route=\/wp\/v2\/types\/post"}],"author":[{"embeddable":true,"href":"https:\/\/blogs.uef.fi\/parasta-aikaa-varhaiskasvatuksessa\/index.php?rest_route=\/wp\/v2\/users\/257"}],"replies":[{"embeddable":true,"href":"https:\/\/blogs.uef.fi\/parasta-aikaa-varhaiskasvatuksessa\/index.php?rest_route=%2Fwp%2Fv2%2Fcomments&post=2630"}],"version-history":[{"count":2,"href":"https:\/\/blogs.uef.fi\/parasta-aikaa-varhaiskasvatuksessa\/index.php?rest_route=\/wp\/v2\/posts\/2630\/revisions"}],"predecessor-version":[{"id":2668,"href":"https:\/\/blogs.uef.fi\/parasta-aikaa-varhaiskasvatuksessa\/index.php?rest_route=\/wp\/v2\/posts\/2630\/revisions\/2668"}],"wp:attachment":[{"href":"https:\/\/blogs.uef.fi\/parasta-aikaa-varhaiskasvatuksessa\/index.php?rest_route=%2Fwp%2Fv2%2Fmedia&parent=2630"}],"wp:term":[{"taxonomy":"category","embeddable":true,"href":"https:\/\/blogs.uef.fi\/parasta-aikaa-varhaiskasvatuksessa\/index.php?rest_route=%2Fwp%2Fv2%2Fcategories&post=2630"},{"taxonomy":"post_tag","embeddable":true,"href":"https:\/\/blogs.uef.fi\/parasta-aikaa-varhaiskasvatuksessa\/index.php?rest_route=%2Fwp%2Fv2%2Ftags&post=2630"}],"curies":[{"name":"wp","href":"https:\/\/api.w.org\/{rel}","templated":true}]}}