{"id":2452,"date":"2024-01-31T12:00:00","date_gmt":"2024-01-31T10:00:00","guid":{"rendered":"https:\/\/blogs.uef.fi\/parasta-aikaa-varhaiskasvatuksessa\/?p=2452"},"modified":"2024-01-30T22:47:07","modified_gmt":"2024-01-30T20:47:07","slug":"vakatuki-hanke-varhaiskasvatuksen-palvelun-jarjestajien-tuen-rakenteet-ja-hallinnon-prosessit","status":"publish","type":"post","link":"https:\/\/blogs.uef.fi\/parasta-aikaa-varhaiskasvatuksessa\/?p=2452","title":{"rendered":"VakaTuki \u2013 hanke Varhaiskasvatuksen palvelun j\u00e4rjest\u00e4jien tuen rakenteet ja hallinnon prosessit"},"content":{"rendered":"\n<figure class=\"wp-block-image aligncenter size-medium\"><img loading=\"lazy\" decoding=\"async\" width=\"300\" height=\"300\" src=\"https:\/\/blogs.uef.fi\/parasta-aikaa-varhaiskasvatuksessa\/wp-content\/uploads\/sites\/93\/2024\/01\/vakatuki-1-300x300.jpg\" alt=\"VakaTuki hankkeen logo\" class=\"wp-image-2458\" style=\"aspect-ratio:1;object-fit:cover\" srcset=\"https:\/\/blogs.uef.fi\/parasta-aikaa-varhaiskasvatuksessa\/wp-content\/uploads\/sites\/93\/2024\/01\/vakatuki-1-300x300.jpg 300w, https:\/\/blogs.uef.fi\/parasta-aikaa-varhaiskasvatuksessa\/wp-content\/uploads\/sites\/93\/2024\/01\/vakatuki-1-150x150.jpg 150w, https:\/\/blogs.uef.fi\/parasta-aikaa-varhaiskasvatuksessa\/wp-content\/uploads\/sites\/93\/2024\/01\/vakatuki-1.jpg 420w\" sizes=\"auto, (max-width: 300px) 100vw, 300px\" \/><\/figure>\n\n\n\n<p>VakaTuki \u2013 tutkimushankkeessa tutkittiin inkluusion ja tuen tasojen prosessien toteutumista 1.8.2022 voimaan tulleen varhaiskasvatuslain uusimman muutoksen my\u00f6t\u00e4. Hanke toteutettiin nelj\u00e4n yliopiston yhteisty\u00f6n\u00e4 (Helsinki, Jyv\u00e4skyl\u00e4, Oulu ja It\u00e4-Suomi) lain siirtym\u00e4aikana 1.8.2022 \u2013 31.12.2023. Hankkeen johtajana toimi It\u00e4-Suomen yliopiston professori P\u00e4ivi Pihlaja. Lis\u00e4ksi It\u00e4-Suomen yliopistossa hankkeessa ty\u00f6skenteli kolme projektitutkijaa.<\/p>\n\n\n\n<p>VakaTuki-tutkimuksen keski\u00f6ss\u00e4 on inklusiivinen varhaiskasvatus. Lyhyesti kiteytettyn\u00e4 inkluusiossa on kyse varhaiskasvatusta ohjaavista arvoista ja ideologiasta. Toiminnan tasolla inklusiivisen varhaiskasvatuksen tulisi n\u00e4ytt\u00e4yty\u00e4 kaikkia lapsia koskevina yht\u00e4l\u00e4isin\u00e4 oikeuksina opetukseen, tasa-arvoisuutena, yhdenvertaisuutena, syrjim\u00e4tt\u00f6myyten\u00e4, moninaisuuden arvostamisena sek\u00e4 sosiaalisena osallisuutena ja yhteis\u00f6llisyyten\u00e4 (HE 148\/2021 vp). Tuen n\u00e4k\u00f6kulmasta tasot ja n\u00e4ihin liitetyt hallinnolliset, rakenteelliset, pedagogiset sek\u00e4 hoidolliset ratkaisut tulivat voimaan lain muutoksen my\u00f6t\u00e4 ja ne edustavat muutoksessa inklusiivisen kasvatuksen ja koulutuksen toteuttamista (Opetushallitus 2022). K\u00e4yt\u00e4nn\u00f6ss\u00e4 inklusiivisuuden k\u00e4site on edelleen ep\u00e4selv\u00e4 monille alalla ty\u00f6skenteleville, mik\u00e4 vaikeuttaa inklusiivisuuden toteuttamista sek\u00e4 kehitt\u00e4mist\u00e4 kasvatuksen ja koulutuksen alalla.<\/p>\n\n\n\n<p>VakaTuki -tutkimuksessa tarkasteltiin ammattilaisten n\u00e4k\u00f6kulmasta tuen hallinnollisia prosesseja ja niiden toteutumista sek\u00e4 resursointia varhaiskasvatuksen johdosta aina varhaiskasvatuksen toteukseen ja p\u00e4iv\u00e4kotitasolle asti. Tutkimus rakentui kolmen osatutkimuksen kokonaisuudesta. Ensimm\u00e4isess\u00e4 osiossa ker\u00e4ttiin kyselyaineisto valtakunnallisesti, johon vastasi 139 kunnan varhaiskasvatuksesta vastaavaa johtajaa. Kyselyss\u00e4 tiedusteltiin inklusiivisen varhaiskasvatuksen ja tuen tasojen toteuttamiseen liittyvi\u00e4 hallinnollisia prosesseja ja resursointia. Toisessa osatutkimuksessa keskityttiin inklusiivisen varhaiskasvatuksen johtamiseen 116 p\u00e4iv\u00e4kodinjohtajan n\u00e4k\u00f6kulmasta. Kolmas osatutkimus oli laaja haastattelututkimus. Kaiken kaikkiaan hankkeessa toteutettiin 31 haastattelua, joihin osallistui yhteens\u00e4 65 tutkimushenkil\u00f6\u00e4. Yhdist\u00e4v\u00e4 tekij\u00e4 kaikille tutkimushenkil\u00f6ille oli yhteys inklusiiviseen varhaiskasvatukseen. Haastateltavina oli kunnallispoliitikkoja, hallinnon henkil\u00f6st\u00f6\u00e4, yksityisen varhaiskasvatuksen edustajia, erityisopettajia, varhaiskasvatuksen opettajia sek\u00e4 huoltajia.<\/p>\n\n\n\n<p>Alustavat tutkimustulokset antavat viitteit\u00e4 siit\u00e4, ett\u00e4 tuen hallinnollisissa prosesseissa ja niiden toteuttamisessa on kuntien v\u00e4lill\u00e4 isojakin eroja, eik\u00e4 voimassa olevan lain v\u00e4himm\u00e4isvaatimuksia kolmiportaisen tuen osalta aina saavuteta. Alustavien tulosten pohjalta voidaan sanoa, ett\u00e4 lakiuudistuksen mukanaan tuomia hallinnollisia prosesseja on tarpeellista selkeytt\u00e4\u00e4, jotta lain mukaiset tuenprosessit kunnissa mahdollistuvat. Inklusiivisen varhaiskasvatuksen ideologia ja arvoperusta sek\u00e4 lapsen edun ensisijaisuus eiv\u00e4t aina ohjaa hallinnollista p\u00e4\u00e4t\u00f6ksentekoa. Inkluusion toetutuminen sen laajassa merkityksess\u00e4 vaatii edelleen ty\u00f6t\u00e4, varhaiskasvatuksen inklusiivista johtamista kaikilla tasoilla (aina p\u00e4\u00e4tt\u00e4jist\u00e4 kent\u00e4lle asti) sek\u00e4 varhaiskasvatuksen toiminnan ja k\u00e4yt\u00e4nt\u00f6jen jatkuvaa arviointia sek\u00e4 kehitt\u00e4mist\u00e4. \u00a0<\/p>\n\n\n\n<p>VakaTuki \u2013 hanke toteutettiin opetus- ja kulttuuriministeri\u00f6n rahoituksella. Tutkimuksen tekeminen on aikaa viev\u00e4 prosessi, joka tutkimusluvista, aineistonkeruun ja -analyysiin kautta valmiisiin tutkimusartikkeleihin on usein vuosia kest\u00e4v\u00e4 sinnikk\u00e4\u00e4n ty\u00f6n tulos. Luotettavaa tietoa ei saada hutiloimalla. Vaikka tutkimuksen rahoitus on VakaTuki-hankkeen nimiss\u00e4 p\u00e4\u00e4ttynyt vuoden 2023 lopussa, ty\u00f6 aineiston ja tutkimusaiheen parissa jatkuu aktiivisesti niin It\u00e4-Suomen yliopistossa kuin muissa yhteisty\u00f6yliopistoissa. Alustavien tulosten perusteella my\u00f6s jatkotutkimukselle on tarvetta ja uusi It\u00e4-Suomen yliopiston johtama Vakaata tukea-tutkimushanke onkin py\u00f6r\u00e4ht\u00e4nyt k\u00e4yntiin tammikuun alussa.<\/p>\n\n\n\n<div class=\"person-card\">\n    \n    <\/div>\n\n\n\n<div class=\"person-card\">\n        <h2>Kirjoittajat<\/h2>\n    \n                    <div class=\"person-card-item\">\n                    <div class=\"person-card-column-left\">\n                                                    <img decoding=\"async\" class=\"person-card-image\" src=\"https:\/\/blogs.uef.fi\/parasta-aikaa-varhaiskasvatuksessa\/wp-content\/uploads\/sites\/93\/2022\/09\/kata2.png\" alt=\"\" \/>\n                                            <\/div>\n\n                    <div class=\"person-card-column-right\">\n                                                <p class=\"person-card-name\">Kata Kumpulainen<\/p>\n                        \n                                                <p class=\"person-card-position\">Projektitutkija<\/p>\n                        \n                        \n                        \n                                            <\/div>\n                <\/div>\n                                        <div class=\"person-card-item\">\n                    <div class=\"person-card-column-left\">\n                                                    <img decoding=\"async\" class=\"person-card-image\" src=\"https:\/\/blogs.uef.fi\/parasta-aikaa-varhaiskasvatuksessa\/wp-content\/uploads\/sites\/93\/2022\/04\/Minna-scaled.jpg\" alt=\"\" \/>\n                                            <\/div>\n\n                    <div class=\"person-card-column-right\">\n                                                <p class=\"person-card-name\">Minna Laitinen<\/p>\n                        \n                                                <p class=\"person-card-position\">Yliopisto-opettaja<\/p>\n                        \n                        \n                        \n                                            <\/div>\n                <\/div>\n                            <\/div>\n","protected":false},"excerpt":{"rendered":"<p>VakaTuki \u2013 tutkimushankkeessa tutkittiin inkluusion ja tuen tasojen prosessien toteutumista 1.8.2022 voimaan tulleen varhaiskasvatuslain uusimman muutoksen my\u00f6t\u00e4. Hanke toteutettiin nelj\u00e4n yliopiston yhteisty\u00f6n\u00e4 (Helsinki, Jyv\u00e4skyl\u00e4, Oulu ja It\u00e4-Suomi) lain siirtym\u00e4aikana 1.8.2022 \u2013 31.12.2023. Hankkeen johtajana toimi It\u00e4-Suomen yliopiston professori P\u00e4ivi Pihlaja. Lis\u00e4ksi It\u00e4-Suomen yliopistossa hankkeessa ty\u00f6skenteli kolme projektitutkijaa. VakaTuki-tutkimuksen keski\u00f6ss\u00e4 on inklusiivinen varhaiskasvatus. Lyhyesti kiteytettyn\u00e4 inkluusiossa [&hellip;]<\/p>\n","protected":false},"author":257,"featured_media":0,"comment_status":"open","ping_status":"open","sticky":false,"template":"","format":"standard","meta":{"_acf_changed":false,"footnotes":""},"categories":[1],"tags":[],"class_list":["post-2452","post","type-post","status-publish","format-standard","hentry","category-uncategorized"],"acf":[],"yoast_head":"<!-- This site is optimized with the Yoast SEO plugin v27.3 - https:\/\/yoast.com\/product\/yoast-seo-wordpress\/ -->\n<title>VakaTuki \u2013 hanke Varhaiskasvatuksen palvelun j\u00e4rjest\u00e4jien tuen rakenteet ja hallinnon prosessit - Parasta aikaa varhaiskasvatuksessa<\/title>\n<meta name=\"robots\" content=\"index, follow, max-snippet:-1, max-image-preview:large, max-video-preview:-1\" \/>\n<link rel=\"canonical\" href=\"https:\/\/blogs.uef.fi\/parasta-aikaa-varhaiskasvatuksessa\/?p=2452\" \/>\n<meta property=\"og:locale\" content=\"fi_FI\" \/>\n<meta property=\"og:type\" content=\"article\" \/>\n<meta property=\"og:title\" content=\"VakaTuki \u2013 hanke Varhaiskasvatuksen palvelun j\u00e4rjest\u00e4jien tuen rakenteet ja hallinnon prosessit - Parasta aikaa varhaiskasvatuksessa\" \/>\n<meta property=\"og:description\" content=\"VakaTuki \u2013 tutkimushankkeessa tutkittiin inkluusion ja tuen tasojen prosessien toteutumista 1.8.2022 voimaan tulleen varhaiskasvatuslain uusimman muutoksen my\u00f6t\u00e4. Hanke toteutettiin nelj\u00e4n yliopiston yhteisty\u00f6n\u00e4 (Helsinki, Jyv\u00e4skyl\u00e4, Oulu ja It\u00e4-Suomi) lain siirtym\u00e4aikana 1.8.2022 \u2013 31.12.2023. Hankkeen johtajana toimi It\u00e4-Suomen yliopiston professori P\u00e4ivi Pihlaja. Lis\u00e4ksi It\u00e4-Suomen yliopistossa hankkeessa ty\u00f6skenteli kolme projektitutkijaa. VakaTuki-tutkimuksen keski\u00f6ss\u00e4 on inklusiivinen varhaiskasvatus. Lyhyesti kiteytettyn\u00e4 inkluusiossa [&hellip;]\" \/>\n<meta property=\"og:url\" content=\"https:\/\/blogs.uef.fi\/parasta-aikaa-varhaiskasvatuksessa\/?p=2452\" \/>\n<meta property=\"og:site_name\" content=\"Parasta aikaa varhaiskasvatuksessa\" \/>\n<meta property=\"article:published_time\" content=\"2024-01-31T10:00:00+00:00\" \/>\n<meta property=\"og:image\" content=\"https:\/\/blogs.uef.fi\/parasta-aikaa-varhaiskasvatuksessa\/wp-content\/uploads\/sites\/93\/2024\/01\/vakatuki-1-300x300.jpg\" \/>\n<meta name=\"author\" content=\"Parasta_aikaa\" \/>\n<meta name=\"twitter:card\" content=\"summary_large_image\" \/>\n<meta name=\"twitter:label1\" content=\"Kirjoittanut\" \/>\n\t<meta name=\"twitter:data1\" content=\"Parasta_aikaa\" \/>\n\t<meta name=\"twitter:label2\" content=\"Arvioitu lukuaika\" \/>\n\t<meta name=\"twitter:data2\" content=\"3 minuuttia\" \/>\n<script type=\"application\/ld+json\" class=\"yoast-schema-graph\">{\"@context\":\"https:\\\/\\\/schema.org\",\"@graph\":[{\"@type\":\"Article\",\"@id\":\"https:\\\/\\\/blogs.uef.fi\\\/parasta-aikaa-varhaiskasvatuksessa\\\/?p=2452#article\",\"isPartOf\":{\"@id\":\"https:\\\/\\\/blogs.uef.fi\\\/parasta-aikaa-varhaiskasvatuksessa\\\/?p=2452\"},\"author\":{\"name\":\"Parasta_aikaa\",\"@id\":\"https:\\\/\\\/blogs.uef.fi\\\/parasta-aikaa-varhaiskasvatuksessa\\\/#\\\/schema\\\/person\\\/bc691df0f10ff8a79fdf36fae739c625\"},\"headline\":\"VakaTuki \u2013 hanke Varhaiskasvatuksen palvelun j\u00e4rjest\u00e4jien tuen rakenteet ja hallinnon prosessit\",\"datePublished\":\"2024-01-31T10:00:00+00:00\",\"mainEntityOfPage\":{\"@id\":\"https:\\\/\\\/blogs.uef.fi\\\/parasta-aikaa-varhaiskasvatuksessa\\\/?p=2452\"},\"wordCount\":463,\"commentCount\":0,\"image\":{\"@id\":\"https:\\\/\\\/blogs.uef.fi\\\/parasta-aikaa-varhaiskasvatuksessa\\\/?p=2452#primaryimage\"},\"thumbnailUrl\":\"https:\\\/\\\/blogs.uef.fi\\\/parasta-aikaa-varhaiskasvatuksessa\\\/wp-content\\\/uploads\\\/sites\\\/93\\\/2024\\\/01\\\/vakatuki-1-300x300.jpg\",\"articleSection\":[\"Uncategorized\"],\"inLanguage\":\"fi\",\"potentialAction\":[{\"@type\":\"CommentAction\",\"name\":\"Comment\",\"target\":[\"https:\\\/\\\/blogs.uef.fi\\\/parasta-aikaa-varhaiskasvatuksessa\\\/?p=2452#respond\"]}]},{\"@type\":\"WebPage\",\"@id\":\"https:\\\/\\\/blogs.uef.fi\\\/parasta-aikaa-varhaiskasvatuksessa\\\/?p=2452\",\"url\":\"https:\\\/\\\/blogs.uef.fi\\\/parasta-aikaa-varhaiskasvatuksessa\\\/?p=2452\",\"name\":\"VakaTuki \u2013 hanke Varhaiskasvatuksen palvelun j\u00e4rjest\u00e4jien tuen rakenteet ja hallinnon prosessit - Parasta aikaa varhaiskasvatuksessa\",\"isPartOf\":{\"@id\":\"https:\\\/\\\/blogs.uef.fi\\\/parasta-aikaa-varhaiskasvatuksessa\\\/#website\"},\"primaryImageOfPage\":{\"@id\":\"https:\\\/\\\/blogs.uef.fi\\\/parasta-aikaa-varhaiskasvatuksessa\\\/?p=2452#primaryimage\"},\"image\":{\"@id\":\"https:\\\/\\\/blogs.uef.fi\\\/parasta-aikaa-varhaiskasvatuksessa\\\/?p=2452#primaryimage\"},\"thumbnailUrl\":\"https:\\\/\\\/blogs.uef.fi\\\/parasta-aikaa-varhaiskasvatuksessa\\\/wp-content\\\/uploads\\\/sites\\\/93\\\/2024\\\/01\\\/vakatuki-1-300x300.jpg\",\"datePublished\":\"2024-01-31T10:00:00+00:00\",\"author\":{\"@id\":\"https:\\\/\\\/blogs.uef.fi\\\/parasta-aikaa-varhaiskasvatuksessa\\\/#\\\/schema\\\/person\\\/bc691df0f10ff8a79fdf36fae739c625\"},\"breadcrumb\":{\"@id\":\"https:\\\/\\\/blogs.uef.fi\\\/parasta-aikaa-varhaiskasvatuksessa\\\/?p=2452#breadcrumb\"},\"inLanguage\":\"fi\",\"potentialAction\":[{\"@type\":\"ReadAction\",\"target\":[\"https:\\\/\\\/blogs.uef.fi\\\/parasta-aikaa-varhaiskasvatuksessa\\\/?p=2452\"]}]},{\"@type\":\"ImageObject\",\"inLanguage\":\"fi\",\"@id\":\"https:\\\/\\\/blogs.uef.fi\\\/parasta-aikaa-varhaiskasvatuksessa\\\/?p=2452#primaryimage\",\"url\":\"https:\\\/\\\/blogs.uef.fi\\\/parasta-aikaa-varhaiskasvatuksessa\\\/wp-content\\\/uploads\\\/sites\\\/93\\\/2024\\\/01\\\/vakatuki-1.jpg\",\"contentUrl\":\"https:\\\/\\\/blogs.uef.fi\\\/parasta-aikaa-varhaiskasvatuksessa\\\/wp-content\\\/uploads\\\/sites\\\/93\\\/2024\\\/01\\\/vakatuki-1.jpg\",\"width\":420,\"height\":420},{\"@type\":\"BreadcrumbList\",\"@id\":\"https:\\\/\\\/blogs.uef.fi\\\/parasta-aikaa-varhaiskasvatuksessa\\\/?p=2452#breadcrumb\",\"itemListElement\":[{\"@type\":\"ListItem\",\"position\":1,\"name\":\"Home\",\"item\":\"https:\\\/\\\/blogs.uef.fi\\\/parasta-aikaa-varhaiskasvatuksessa\"},{\"@type\":\"ListItem\",\"position\":2,\"name\":\"VakaTuki \u2013 hanke Varhaiskasvatuksen palvelun j\u00e4rjest\u00e4jien tuen rakenteet ja hallinnon prosessit\"}]},{\"@type\":\"WebSite\",\"@id\":\"https:\\\/\\\/blogs.uef.fi\\\/parasta-aikaa-varhaiskasvatuksessa\\\/#website\",\"url\":\"https:\\\/\\\/blogs.uef.fi\\\/parasta-aikaa-varhaiskasvatuksessa\\\/\",\"name\":\"Parasta aikaa varhaiskasvatuksessa\",\"description\":\"\",\"potentialAction\":[{\"@type\":\"SearchAction\",\"target\":{\"@type\":\"EntryPoint\",\"urlTemplate\":\"https:\\\/\\\/blogs.uef.fi\\\/parasta-aikaa-varhaiskasvatuksessa\\\/?s={search_term_string}\"},\"query-input\":{\"@type\":\"PropertyValueSpecification\",\"valueRequired\":true,\"valueName\":\"search_term_string\"}}],\"inLanguage\":\"fi\"},{\"@type\":\"Person\",\"@id\":\"https:\\\/\\\/blogs.uef.fi\\\/parasta-aikaa-varhaiskasvatuksessa\\\/#\\\/schema\\\/person\\\/bc691df0f10ff8a79fdf36fae739c625\",\"name\":\"Parasta_aikaa\",\"url\":\"https:\\\/\\\/blogs.uef.fi\\\/parasta-aikaa-varhaiskasvatuksessa\\\/?author=257\"}]}<\/script>\n<!-- \/ Yoast SEO plugin. -->","yoast_head_json":{"title":"VakaTuki \u2013 hanke Varhaiskasvatuksen palvelun j\u00e4rjest\u00e4jien tuen rakenteet ja hallinnon prosessit - Parasta aikaa varhaiskasvatuksessa","robots":{"index":"index","follow":"follow","max-snippet":"max-snippet:-1","max-image-preview":"max-image-preview:large","max-video-preview":"max-video-preview:-1"},"canonical":"https:\/\/blogs.uef.fi\/parasta-aikaa-varhaiskasvatuksessa\/?p=2452","og_locale":"fi_FI","og_type":"article","og_title":"VakaTuki \u2013 hanke Varhaiskasvatuksen palvelun j\u00e4rjest\u00e4jien tuen rakenteet ja hallinnon prosessit - Parasta aikaa varhaiskasvatuksessa","og_description":"VakaTuki \u2013 tutkimushankkeessa tutkittiin inkluusion ja tuen tasojen prosessien toteutumista 1.8.2022 voimaan tulleen varhaiskasvatuslain uusimman muutoksen my\u00f6t\u00e4. Hanke toteutettiin nelj\u00e4n yliopiston yhteisty\u00f6n\u00e4 (Helsinki, Jyv\u00e4skyl\u00e4, Oulu ja It\u00e4-Suomi) lain siirtym\u00e4aikana 1.8.2022 \u2013 31.12.2023. Hankkeen johtajana toimi It\u00e4-Suomen yliopiston professori P\u00e4ivi Pihlaja. Lis\u00e4ksi It\u00e4-Suomen yliopistossa hankkeessa ty\u00f6skenteli kolme projektitutkijaa. VakaTuki-tutkimuksen keski\u00f6ss\u00e4 on inklusiivinen varhaiskasvatus. Lyhyesti kiteytettyn\u00e4 inkluusiossa [&hellip;]","og_url":"https:\/\/blogs.uef.fi\/parasta-aikaa-varhaiskasvatuksessa\/?p=2452","og_site_name":"Parasta aikaa varhaiskasvatuksessa","article_published_time":"2024-01-31T10:00:00+00:00","og_image":[{"url":"https:\/\/blogs.uef.fi\/parasta-aikaa-varhaiskasvatuksessa\/wp-content\/uploads\/sites\/93\/2024\/01\/vakatuki-1-300x300.jpg","type":"","width":"","height":""}],"author":"Parasta_aikaa","twitter_card":"summary_large_image","twitter_misc":{"Kirjoittanut":"Parasta_aikaa","Arvioitu lukuaika":"3 minuuttia"},"schema":{"@context":"https:\/\/schema.org","@graph":[{"@type":"Article","@id":"https:\/\/blogs.uef.fi\/parasta-aikaa-varhaiskasvatuksessa\/?p=2452#article","isPartOf":{"@id":"https:\/\/blogs.uef.fi\/parasta-aikaa-varhaiskasvatuksessa\/?p=2452"},"author":{"name":"Parasta_aikaa","@id":"https:\/\/blogs.uef.fi\/parasta-aikaa-varhaiskasvatuksessa\/#\/schema\/person\/bc691df0f10ff8a79fdf36fae739c625"},"headline":"VakaTuki \u2013 hanke Varhaiskasvatuksen palvelun j\u00e4rjest\u00e4jien tuen rakenteet ja hallinnon prosessit","datePublished":"2024-01-31T10:00:00+00:00","mainEntityOfPage":{"@id":"https:\/\/blogs.uef.fi\/parasta-aikaa-varhaiskasvatuksessa\/?p=2452"},"wordCount":463,"commentCount":0,"image":{"@id":"https:\/\/blogs.uef.fi\/parasta-aikaa-varhaiskasvatuksessa\/?p=2452#primaryimage"},"thumbnailUrl":"https:\/\/blogs.uef.fi\/parasta-aikaa-varhaiskasvatuksessa\/wp-content\/uploads\/sites\/93\/2024\/01\/vakatuki-1-300x300.jpg","articleSection":["Uncategorized"],"inLanguage":"fi","potentialAction":[{"@type":"CommentAction","name":"Comment","target":["https:\/\/blogs.uef.fi\/parasta-aikaa-varhaiskasvatuksessa\/?p=2452#respond"]}]},{"@type":"WebPage","@id":"https:\/\/blogs.uef.fi\/parasta-aikaa-varhaiskasvatuksessa\/?p=2452","url":"https:\/\/blogs.uef.fi\/parasta-aikaa-varhaiskasvatuksessa\/?p=2452","name":"VakaTuki \u2013 hanke Varhaiskasvatuksen palvelun j\u00e4rjest\u00e4jien tuen rakenteet ja hallinnon prosessit - Parasta aikaa varhaiskasvatuksessa","isPartOf":{"@id":"https:\/\/blogs.uef.fi\/parasta-aikaa-varhaiskasvatuksessa\/#website"},"primaryImageOfPage":{"@id":"https:\/\/blogs.uef.fi\/parasta-aikaa-varhaiskasvatuksessa\/?p=2452#primaryimage"},"image":{"@id":"https:\/\/blogs.uef.fi\/parasta-aikaa-varhaiskasvatuksessa\/?p=2452#primaryimage"},"thumbnailUrl":"https:\/\/blogs.uef.fi\/parasta-aikaa-varhaiskasvatuksessa\/wp-content\/uploads\/sites\/93\/2024\/01\/vakatuki-1-300x300.jpg","datePublished":"2024-01-31T10:00:00+00:00","author":{"@id":"https:\/\/blogs.uef.fi\/parasta-aikaa-varhaiskasvatuksessa\/#\/schema\/person\/bc691df0f10ff8a79fdf36fae739c625"},"breadcrumb":{"@id":"https:\/\/blogs.uef.fi\/parasta-aikaa-varhaiskasvatuksessa\/?p=2452#breadcrumb"},"inLanguage":"fi","potentialAction":[{"@type":"ReadAction","target":["https:\/\/blogs.uef.fi\/parasta-aikaa-varhaiskasvatuksessa\/?p=2452"]}]},{"@type":"ImageObject","inLanguage":"fi","@id":"https:\/\/blogs.uef.fi\/parasta-aikaa-varhaiskasvatuksessa\/?p=2452#primaryimage","url":"https:\/\/blogs.uef.fi\/parasta-aikaa-varhaiskasvatuksessa\/wp-content\/uploads\/sites\/93\/2024\/01\/vakatuki-1.jpg","contentUrl":"https:\/\/blogs.uef.fi\/parasta-aikaa-varhaiskasvatuksessa\/wp-content\/uploads\/sites\/93\/2024\/01\/vakatuki-1.jpg","width":420,"height":420},{"@type":"BreadcrumbList","@id":"https:\/\/blogs.uef.fi\/parasta-aikaa-varhaiskasvatuksessa\/?p=2452#breadcrumb","itemListElement":[{"@type":"ListItem","position":1,"name":"Home","item":"https:\/\/blogs.uef.fi\/parasta-aikaa-varhaiskasvatuksessa"},{"@type":"ListItem","position":2,"name":"VakaTuki \u2013 hanke Varhaiskasvatuksen palvelun j\u00e4rjest\u00e4jien tuen rakenteet ja hallinnon prosessit"}]},{"@type":"WebSite","@id":"https:\/\/blogs.uef.fi\/parasta-aikaa-varhaiskasvatuksessa\/#website","url":"https:\/\/blogs.uef.fi\/parasta-aikaa-varhaiskasvatuksessa\/","name":"Parasta aikaa varhaiskasvatuksessa","description":"","potentialAction":[{"@type":"SearchAction","target":{"@type":"EntryPoint","urlTemplate":"https:\/\/blogs.uef.fi\/parasta-aikaa-varhaiskasvatuksessa\/?s={search_term_string}"},"query-input":{"@type":"PropertyValueSpecification","valueRequired":true,"valueName":"search_term_string"}}],"inLanguage":"fi"},{"@type":"Person","@id":"https:\/\/blogs.uef.fi\/parasta-aikaa-varhaiskasvatuksessa\/#\/schema\/person\/bc691df0f10ff8a79fdf36fae739c625","name":"Parasta_aikaa","url":"https:\/\/blogs.uef.fi\/parasta-aikaa-varhaiskasvatuksessa\/?author=257"}]}},"_links":{"self":[{"href":"https:\/\/blogs.uef.fi\/parasta-aikaa-varhaiskasvatuksessa\/index.php?rest_route=\/wp\/v2\/posts\/2452","targetHints":{"allow":["GET"]}}],"collection":[{"href":"https:\/\/blogs.uef.fi\/parasta-aikaa-varhaiskasvatuksessa\/index.php?rest_route=\/wp\/v2\/posts"}],"about":[{"href":"https:\/\/blogs.uef.fi\/parasta-aikaa-varhaiskasvatuksessa\/index.php?rest_route=\/wp\/v2\/types\/post"}],"author":[{"embeddable":true,"href":"https:\/\/blogs.uef.fi\/parasta-aikaa-varhaiskasvatuksessa\/index.php?rest_route=\/wp\/v2\/users\/257"}],"replies":[{"embeddable":true,"href":"https:\/\/blogs.uef.fi\/parasta-aikaa-varhaiskasvatuksessa\/index.php?rest_route=%2Fwp%2Fv2%2Fcomments&post=2452"}],"version-history":[{"count":1,"href":"https:\/\/blogs.uef.fi\/parasta-aikaa-varhaiskasvatuksessa\/index.php?rest_route=\/wp\/v2\/posts\/2452\/revisions"}],"predecessor-version":[{"id":2485,"href":"https:\/\/blogs.uef.fi\/parasta-aikaa-varhaiskasvatuksessa\/index.php?rest_route=\/wp\/v2\/posts\/2452\/revisions\/2485"}],"wp:attachment":[{"href":"https:\/\/blogs.uef.fi\/parasta-aikaa-varhaiskasvatuksessa\/index.php?rest_route=%2Fwp%2Fv2%2Fmedia&parent=2452"}],"wp:term":[{"taxonomy":"category","embeddable":true,"href":"https:\/\/blogs.uef.fi\/parasta-aikaa-varhaiskasvatuksessa\/index.php?rest_route=%2Fwp%2Fv2%2Fcategories&post=2452"},{"taxonomy":"post_tag","embeddable":true,"href":"https:\/\/blogs.uef.fi\/parasta-aikaa-varhaiskasvatuksessa\/index.php?rest_route=%2Fwp%2Fv2%2Ftags&post=2452"}],"curies":[{"name":"wp","href":"https:\/\/api.w.org\/{rel}","templated":true}]}}