{"id":1867,"date":"2023-05-01T15:12:10","date_gmt":"2023-05-01T12:12:10","guid":{"rendered":"https:\/\/blogs.uef.fi\/parasta-aikaa-varhaiskasvatuksessa\/?p=1867"},"modified":"2023-05-03T12:05:31","modified_gmt":"2023-05-03T09:05:31","slug":"new-york-new-york","status":"publish","type":"post","link":"https:\/\/blogs.uef.fi\/parasta-aikaa-varhaiskasvatuksessa\/?p=1867","title":{"rendered":"New York, New York!"},"content":{"rendered":"<p style=\"text-align: justify\">\u201dOlisko ihan p\u00f6hk\u00f6 ajatus?\u201d kysyin ohimennen v\u00e4it\u00f6skirjatutkimukseni ohjaajilta Nina Sajaniemelt\u00e4 ja Piia Bj\u00f6rnilt\u00e4, kun huomasin, ett\u00e4 It\u00e4-Suomen yliopiston v\u00e4it\u00f6skirjatutkijoiden olisi mahdollista hakea Saastamoisen s\u00e4\u00e4ti\u00f6lt\u00e4 apurahaa tutkimusty\u00f6jaksoon ulkomailla. Eih\u00e4n se tietenk\u00e4\u00e4n ollut p\u00f6hk\u00f6 idea vaan mahdollisuus, joka kannattaisi ehdottomasti hy\u00f6dynt\u00e4\u00e4. Vaihdoimme ohjaajieni kanssa s\u00e4hk\u00f6posteja ja mietimme erilaisia vaihtoehtoja jakson toteuttamiseen. Sopivan vaihtoehdon l\u00f6ydytty\u00e4 laitoin apurahahakemuksen eteenp\u00e4in. Mik\u00e4 ilon ja onnen p\u00e4iv\u00e4 se olikaan, kun my\u00f6nteinen p\u00e4\u00e4t\u00f6s tuli s\u00e4hk\u00f6postiini! Pian kuitenkin huomasin, ett\u00e4 asia ei sen j\u00e4lkeen edennyt, kuten olin ajatellut. Muun muassa Covid-19 pandemia aiheutti t\u00e4ss\u00e4kin asiassa erilaisia vaikeuksia ja mutkia matkaan. Loppujen lopuksi asiat kuitenkin j\u00e4rjestyiv\u00e4t ja huhtikuussa p\u00e4\u00e4sin vihdoin viimein matkaan.<\/p>\n<p style=\"text-align: justify\">Lentokent\u00e4ll\u00e4 ennen l\u00e4ht\u00f6\u00e4 tunnelmat olivat hieman ep\u00e4uskoiset. Tuijotin l\u00e4ht\u00f6portin ikkunan takana olevaa lentokonetta miettien samalla, ett\u00e4 kohta oikeasti istuisin sen kyydiss\u00e4 matkalla kohti New York City\u00e4. Jo lukion aikana haaveilin kielimatkasta tai vaihto-oppilasvuodesta, mutta aika tai tilanne muutoin eiv\u00e4t oikein miss\u00e4\u00e4n vaiheessa olleet sellaiselle optimaalisia. T\u00e4m\u00e4 on siis samalla muistutus my\u00f6s siit\u00e4, ettei unelmia ja haaveita kannata unohtaa!<\/p>\n<div id=\"attachment_1870\" style=\"width: 460px\" class=\"wp-caption aligncenter\"><img loading=\"lazy\" decoding=\"async\" aria-describedby=\"caption-attachment-1870\" class=\"wp-image-1870 size-full\" src=\"https:\/\/blogs.uef.fi\/parasta-aikaa-varhaiskasvatuksessa\/wp-content\/uploads\/sites\/93\/2023\/05\/lentokone.jpg\" alt=\"N\u00e4kym\u00e4 lentokoneen ikkunasta\" width=\"450\" height=\"600\" srcset=\"https:\/\/blogs.uef.fi\/parasta-aikaa-varhaiskasvatuksessa\/wp-content\/uploads\/sites\/93\/2023\/05\/lentokone.jpg 450w, https:\/\/blogs.uef.fi\/parasta-aikaa-varhaiskasvatuksessa\/wp-content\/uploads\/sites\/93\/2023\/05\/lentokone-225x300.jpg 225w\" sizes=\"auto, (max-width: 450px) 100vw, 450px\" \/><p id=\"caption-attachment-1870\" class=\"wp-caption-text\">Lento New Yorkiin kesti noin 8 tuntia ja lentoreitti kulki mm. Gr\u00f6nlannin yll\u00e4.<\/p><\/div>\n<p style=\"text-align: justify\">Sain onnekseni sis\u00e4llytetty\u00e4 matkaani Learning and the Brain- konferenssin. Erityisen\u00e4 aiheena oli Teaching Social Brain ja koko konferenssi oli v\u00e4it\u00f6skirjatutkimukseni kannalta eritt\u00e4in antoisa. Keynote-puheenvuorot antoivat paljon uusia ideoita ja samalla my\u00f6s vahvistusta tutkimusty\u00f6t\u00e4ni ajatellen. Oli eritt\u00e4in antoisaa keskustella kollegojen kanssa. N\u00e4m\u00e4 keskustelut toivat uusia n\u00e4k\u00f6kulmia tutkimusty\u00f6h\u00f6ni ja sain uusia tuttavuuksia, joiden kanssa on nyt sujuvaa vaihtaa ajatuksia my\u00f6s s\u00e4hk\u00f6postitse.<\/p>\n<div id=\"attachment_1876\" style=\"width: 478px\" class=\"wp-caption aligncenter\"><img loading=\"lazy\" decoding=\"async\" aria-describedby=\"caption-attachment-1876\" class=\"wp-image-1876 size-full\" src=\"https:\/\/blogs.uef.fi\/parasta-aikaa-varhaiskasvatuksessa\/wp-content\/uploads\/sites\/93\/2023\/05\/konferenssi.jpg\" alt=\"\" width=\"468\" height=\"504\" srcset=\"https:\/\/blogs.uef.fi\/parasta-aikaa-varhaiskasvatuksessa\/wp-content\/uploads\/sites\/93\/2023\/05\/konferenssi.jpg 468w, https:\/\/blogs.uef.fi\/parasta-aikaa-varhaiskasvatuksessa\/wp-content\/uploads\/sites\/93\/2023\/05\/konferenssi-279x300.jpg 279w\" sizes=\"auto, (max-width: 468px) 100vw, 468px\" \/><p id=\"caption-attachment-1876\" class=\"wp-caption-text\">Konferenssin ensimm\u00e4iset hetket.<\/p><\/div>\n<p style=\"text-align: justify\">P\u00e4\u00e4asiallisena vierailukohteena minulla oli New York Cityss\u00e4 sijaitseva Columbian yliopisto ja siell\u00e4 erityisesti Barnard College ja Teachers College. Teachers Collegen yhteydess\u00e4 toimii p\u00e4iv\u00e4koti ja olin sopinut vierailun p\u00e4iv\u00e4kodin johtajan ja varhaiskasvatuksen opettajakoulutuksessa ty\u00f6skentelev\u00e4n lehtorin Amanda Fellnerin kanssa. Olin jo ennen matkaa perehtynyt h\u00e4nen julkaisuihinsa ja yhteinen keskustelu toi lis\u00e4\u00e4 vahvistusta sille, ett\u00e4 ajattelimme monista asioista samoin, mutta pystyimme my\u00f6s hyvin vaihtamaan ajatuksia erilaisista n\u00e4k\u00f6kulmista. Niinp\u00e4 sovimme, ett\u00e4 jatkamme yhteisty\u00f6t\u00e4 yhteisen tutkimusartikkelin merkeiss\u00e4. My\u00f6s p\u00e4iv\u00e4kotiin tutustuminen oli eritt\u00e4in mielenkiintoista! Lis\u00e4tietoa ja kuvia p\u00e4iv\u00e4kodista: <a href=\"https:\/\/www.tc.columbia.edu\/ritagold\/\">https:\/\/www.tc.columbia.edu\/ritagold\/<\/a>.<\/p>\n<div id=\"attachment_1912\" style=\"width: 432px\" class=\"wp-caption aligncenter\"><img loading=\"lazy\" decoding=\"async\" aria-describedby=\"caption-attachment-1912\" class=\"wp-image-1912 size-full\" src=\"https:\/\/blogs.uef.fi\/parasta-aikaa-varhaiskasvatuksessa\/wp-content\/uploads\/sites\/93\/2023\/05\/teachers-College-1.jpg\" alt=\"\" width=\"422\" height=\"562\" srcset=\"https:\/\/blogs.uef.fi\/parasta-aikaa-varhaiskasvatuksessa\/wp-content\/uploads\/sites\/93\/2023\/05\/teachers-College-1.jpg 422w, https:\/\/blogs.uef.fi\/parasta-aikaa-varhaiskasvatuksessa\/wp-content\/uploads\/sites\/93\/2023\/05\/teachers-College-1-225x300.jpg 225w\" sizes=\"auto, (max-width: 422px) 100vw, 422px\" \/><p id=\"caption-attachment-1912\" class=\"wp-caption-text\">Teachers Collegen sis\u00e4\u00e4nk\u00e4ynti.<\/p><\/div>\n<div id=\"attachment_1882\" style=\"width: 311px\" class=\"wp-caption aligncenter\"><img loading=\"lazy\" decoding=\"async\" aria-describedby=\"caption-attachment-1882\" class=\"wp-image-1882 size-full\" src=\"https:\/\/blogs.uef.fi\/parasta-aikaa-varhaiskasvatuksessa\/wp-content\/uploads\/sites\/93\/2023\/05\/Butler-libraray.jpg\" alt=\"kuva Columbian yliopiston kirjastosta\" width=\"301\" height=\"225\" \/><p id=\"caption-attachment-1882\" class=\"wp-caption-text\">Butler Library Columbian yliopistolla.<\/p><\/div>\n<p style=\"text-align: justify\">Matka kului p\u00e4\u00e4asiassa t\u00f6iden ja erilaisten tapaamisten parissa, mutta vapaa-aikaakin ehti onneksi hieman olemaan. Matkan aikana ehdin k\u00e4ym\u00e4\u00e4n Metropolitanin oopperassa, Top of the Rock-n\u00e4k\u00f6alatasanteella, Metropolitanin taidemuseossa sek\u00e4 tietysti Keskuspuistossa, joka oli ehdottomasti suosikkini kaikista n\u00e4ist\u00e4 kohteista. K\u00e4velykilometrej\u00e4 kertyi roimasti, koska k\u00e4ytin julkisia kulkuv\u00e4lineit\u00e4 vain lentokent\u00e4n ja hotellien v\u00e4lill\u00e4 siirtymiseen. K\u00e4vellen n\u00e4ki\u00a0 paljon ja pystyi tekem\u00e4\u00e4n ymp\u00e4rist\u00f6st\u00e4 havaintoja, joita esimerkiksi metron kyydiss\u00e4 ei olisi voinut samalla tavalla tehd\u00e4. Uusissa paikoissa k\u00e4vely onkin yleens\u00e4 antoisin tapa aistia ja havainnoida uutta ymp\u00e4rist\u00f6\u00e4.<\/p>\n<div id=\"attachment_1885\" style=\"width: 476px\" class=\"wp-caption aligncenter\"><img loading=\"lazy\" decoding=\"async\" aria-describedby=\"caption-attachment-1885\" class=\"wp-image-1885 size-full\" src=\"https:\/\/blogs.uef.fi\/parasta-aikaa-varhaiskasvatuksessa\/wp-content\/uploads\/sites\/93\/2023\/05\/maisema.jpg\" alt=\"maisema kuva pilvenpiirt\u00e4j\u00e4n huipulta\" width=\"466\" height=\"621\" srcset=\"https:\/\/blogs.uef.fi\/parasta-aikaa-varhaiskasvatuksessa\/wp-content\/uploads\/sites\/93\/2023\/05\/maisema.jpg 466w, https:\/\/blogs.uef.fi\/parasta-aikaa-varhaiskasvatuksessa\/wp-content\/uploads\/sites\/93\/2023\/05\/maisema-225x300.jpg 225w\" sizes=\"auto, (max-width: 466px) 100vw, 466px\" \/><p id=\"caption-attachment-1885\" class=\"wp-caption-text\">N\u00e4kym\u00e4t Top of the Rock-n\u00e4k\u00f6alatasanteelta Keskuspuiston suuntaan.<\/p><\/div>\n<div id=\"attachment_1888\" style=\"width: 348px\" class=\"wp-caption aligncenter\"><img loading=\"lazy\" decoding=\"async\" aria-describedby=\"caption-attachment-1888\" class=\"wp-image-1888 size-full\" src=\"https:\/\/blogs.uef.fi\/parasta-aikaa-varhaiskasvatuksessa\/wp-content\/uploads\/sites\/93\/2023\/05\/ooppera.jpg\" alt=\"oopperan lava\" width=\"338\" height=\"277\" srcset=\"https:\/\/blogs.uef.fi\/parasta-aikaa-varhaiskasvatuksessa\/wp-content\/uploads\/sites\/93\/2023\/05\/ooppera.jpg 338w, https:\/\/blogs.uef.fi\/parasta-aikaa-varhaiskasvatuksessa\/wp-content\/uploads\/sites\/93\/2023\/05\/ooppera-300x246.jpg 300w\" sizes=\"auto, (max-width: 338px) 100vw, 338px\" \/><p id=\"caption-attachment-1888\" class=\"wp-caption-text\">Metropolitanin ooppera. Illan n\u00e4yt\u00f6ksen\u00e4 oli Puccinin s\u00e4velt\u00e4m\u00e4 ooppera La Boh\u00e8me.<\/p><\/div>\n<div id=\"attachment_1891\" style=\"width: 597px\" class=\"wp-caption alignnone\"><img loading=\"lazy\" decoding=\"async\" aria-describedby=\"caption-attachment-1891\" class=\"wp-image-1891 size-full\" src=\"https:\/\/blogs.uef.fi\/parasta-aikaa-varhaiskasvatuksessa\/wp-content\/uploads\/sites\/93\/2023\/05\/Monet.jpg\" alt=\"kuva Monetin Water Lilies taulusta\" width=\"587\" height=\"440\" srcset=\"https:\/\/blogs.uef.fi\/parasta-aikaa-varhaiskasvatuksessa\/wp-content\/uploads\/sites\/93\/2023\/05\/Monet.jpg 587w, https:\/\/blogs.uef.fi\/parasta-aikaa-varhaiskasvatuksessa\/wp-content\/uploads\/sites\/93\/2023\/05\/Monet-300x225.jpg 300w\" sizes=\"auto, (max-width: 587px) 100vw, 587px\" \/><p id=\"caption-attachment-1891\" class=\"wp-caption-text\">Claude Monet: Water Lilies.<\/p><\/div>\n<div id=\"attachment_1894\" style=\"width: 488px\" class=\"wp-caption aligncenter\"><img loading=\"lazy\" decoding=\"async\" aria-describedby=\"caption-attachment-1894\" class=\"size-full wp-image-1894\" src=\"https:\/\/blogs.uef.fi\/parasta-aikaa-varhaiskasvatuksessa\/wp-content\/uploads\/sites\/93\/2023\/05\/keskuspuisto-1.jpg\" alt=\"tie vehre\u00e4ss\u00e4 keskuspuistossa\" width=\"478\" height=\"637\" srcset=\"https:\/\/blogs.uef.fi\/parasta-aikaa-varhaiskasvatuksessa\/wp-content\/uploads\/sites\/93\/2023\/05\/keskuspuisto-1.jpg 478w, https:\/\/blogs.uef.fi\/parasta-aikaa-varhaiskasvatuksessa\/wp-content\/uploads\/sites\/93\/2023\/05\/keskuspuisto-1-225x300.jpg 225w\" sizes=\"auto, (max-width: 478px) 100vw, 478px\" \/><p id=\"caption-attachment-1894\" class=\"wp-caption-text\">Keskuspuistossa ei v\u00e4ltt\u00e4m\u00e4tt\u00e4 tulisi ajatelleeksi olevansa keskell\u00e4 miljoonakaupungin sykett\u00e4.<\/p><\/div>\n<p style=\"text-align: justify\">Matkaan liittyi paljon j\u00e4nnityst\u00e4, koska edellisest\u00e4 yksin matkustamisesta oli kertynyt jo rutkasti aikaa eik\u00e4 englannin puhumistakaan ollut ihan viime hetkiin tapahtunut. Mukavuusalueiden ulkopuolelle astuminen on kuitenkin oppimisen ja uusien kokemusten saamiseksi eritt\u00e4in suotavaa, joten olen ikuisesti kiitollinen siit\u00e4, ett\u00e4 j\u00e4nnityksest\u00e4 huolimatta uskalsin l\u00e4hte\u00e4 matkaan tutustumaan uusiin ihmisiin ja paikkoihin. Haluankin l\u00e4mpim\u00e4sti kiitt\u00e4\u00e4 Saastamoisen s\u00e4\u00e4ti\u00f6t\u00e4 ja akateemista rehtoriamme Tapio M\u00e4\u00e4tt\u00e4\u00e4 t\u00e4st\u00e4 mahdollisuudesta verkostoitua ja tavata uusia yhteisty\u00f6kumppaneita. Kiitos my\u00f6s Sari Havu-Nuutiselle ja kaikille ty\u00f6kavereilleni siit\u00e4, ett\u00e4 matkan tekeminen t\u00f6iden lomassa onnistui. Kiitos kuuluu tietysti my\u00f6s ohjaajilleni Ninalle ja Piialle, koska ilman teid\u00e4n rohkaisuanne ja apuanne t\u00e4m\u00e4 uusi kokemus ei olisi onnistunut!<\/p>\n<div id=\"attachment_1897\" style=\"width: 402px\" class=\"wp-caption aligncenter\"><img loading=\"lazy\" decoding=\"async\" aria-describedby=\"caption-attachment-1897\" class=\"wp-image-1897 size-full\" src=\"https:\/\/blogs.uef.fi\/parasta-aikaa-varhaiskasvatuksessa\/wp-content\/uploads\/sites\/93\/2023\/05\/imagine.jpg\" alt=\"\" width=\"392\" height=\"258\" srcset=\"https:\/\/blogs.uef.fi\/parasta-aikaa-varhaiskasvatuksessa\/wp-content\/uploads\/sites\/93\/2023\/05\/imagine.jpg 392w, https:\/\/blogs.uef.fi\/parasta-aikaa-varhaiskasvatuksessa\/wp-content\/uploads\/sites\/93\/2023\/05\/imagine-300x197.jpg 300w\" sizes=\"auto, (max-width: 392px) 100vw, 392px\" \/><p id=\"caption-attachment-1897\" class=\"wp-caption-text\">Imagine-mosaiikki John Lennonin muistoksi perustetulla Strawberry Fields- aukiolla Keskuspuistossa.<\/p><\/div>\n<p>&nbsp;<\/p>\n<p>Kirjoittaja:<\/p>\n<p><img loading=\"lazy\" decoding=\"async\" class=\"alignnone size-thumbnail wp-image-1559\" src=\"https:\/\/blogs.uef.fi\/parasta-aikaa-varhaiskasvatuksessa\/wp-content\/uploads\/sites\/93\/2022\/04\/Tiina_-150x150.jpeg\" alt=\"kuva kirjoittajasta\" width=\"150\" height=\"150\" srcset=\"https:\/\/blogs.uef.fi\/parasta-aikaa-varhaiskasvatuksessa\/wp-content\/uploads\/sites\/93\/2022\/04\/Tiina_-150x150.jpeg 150w, https:\/\/blogs.uef.fi\/parasta-aikaa-varhaiskasvatuksessa\/wp-content\/uploads\/sites\/93\/2022\/04\/Tiina_-100x100.jpeg 100w\" sizes=\"auto, (max-width: 150px) 100vw, 150px\" \/><\/p>\n<p>Tiina Kuutti (KM)<\/p>\n<p>Yliopisto-opettaja<\/p>\n<p>It\u00e4-Suomen yliopisto<\/p>\n<p><a href=\"mailto:tiina.kuutti@uef.fi\">tiina.kuutti@uef.fi<\/a>, 050 5334465<\/p>\n","protected":false},"excerpt":{"rendered":"<p>\u201dOlisko ihan p\u00f6hk\u00f6 ajatus?\u201d kysyin ohimennen v\u00e4it\u00f6skirjatutkimukseni ohjaajilta Nina Sajaniemelt\u00e4 ja Piia Bj\u00f6rnilt\u00e4, kun huomasin, ett\u00e4 It\u00e4-Suomen yliopiston v\u00e4it\u00f6skirjatutkijoiden olisi mahdollista hakea Saastamoisen s\u00e4\u00e4ti\u00f6lt\u00e4 apurahaa tutkimusty\u00f6jaksoon ulkomailla. Eih\u00e4n se tietenk\u00e4\u00e4n ollut p\u00f6hk\u00f6 idea vaan mahdollisuus, joka kannattaisi ehdottomasti hy\u00f6dynt\u00e4\u00e4. Vaihdoimme ohjaajieni kanssa s\u00e4hk\u00f6posteja ja mietimme erilaisia vaihtoehtoja jakson toteuttamiseen. Sopivan vaihtoehdon l\u00f6ydytty\u00e4 laitoin apurahahakemuksen eteenp\u00e4in. [&hellip;]<\/p>\n","protected":false},"author":585,"featured_media":0,"comment_status":"open","ping_status":"open","sticky":false,"template":"","format":"standard","meta":{"_acf_changed":false,"footnotes":""},"categories":[1],"tags":[],"class_list":["post-1867","post","type-post","status-publish","format-standard","hentry","category-uncategorized"],"acf":[],"yoast_head":"<!-- This site is optimized with the Yoast SEO plugin v27.3 - https:\/\/yoast.com\/product\/yoast-seo-wordpress\/ -->\n<title>New York, New York! - Parasta aikaa varhaiskasvatuksessa<\/title>\n<meta name=\"robots\" content=\"index, follow, max-snippet:-1, max-image-preview:large, max-video-preview:-1\" \/>\n<link rel=\"canonical\" href=\"https:\/\/blogs.uef.fi\/parasta-aikaa-varhaiskasvatuksessa\/?p=1867\" \/>\n<meta property=\"og:locale\" content=\"fi_FI\" \/>\n<meta property=\"og:type\" content=\"article\" \/>\n<meta property=\"og:title\" content=\"New York, New York! - Parasta aikaa varhaiskasvatuksessa\" \/>\n<meta property=\"og:description\" content=\"\u201dOlisko ihan p\u00f6hk\u00f6 ajatus?\u201d kysyin ohimennen v\u00e4it\u00f6skirjatutkimukseni ohjaajilta Nina Sajaniemelt\u00e4 ja Piia Bj\u00f6rnilt\u00e4, kun huomasin, ett\u00e4 It\u00e4-Suomen yliopiston v\u00e4it\u00f6skirjatutkijoiden olisi mahdollista hakea Saastamoisen s\u00e4\u00e4ti\u00f6lt\u00e4 apurahaa tutkimusty\u00f6jaksoon ulkomailla. Eih\u00e4n se tietenk\u00e4\u00e4n ollut p\u00f6hk\u00f6 idea vaan mahdollisuus, joka kannattaisi ehdottomasti hy\u00f6dynt\u00e4\u00e4. Vaihdoimme ohjaajieni kanssa s\u00e4hk\u00f6posteja ja mietimme erilaisia vaihtoehtoja jakson toteuttamiseen. Sopivan vaihtoehdon l\u00f6ydytty\u00e4 laitoin apurahahakemuksen eteenp\u00e4in. [&hellip;]\" \/>\n<meta property=\"og:url\" content=\"https:\/\/blogs.uef.fi\/parasta-aikaa-varhaiskasvatuksessa\/?p=1867\" \/>\n<meta property=\"og:site_name\" content=\"Parasta aikaa varhaiskasvatuksessa\" \/>\n<meta property=\"article:published_time\" content=\"2023-05-01T12:12:10+00:00\" \/>\n<meta property=\"article:modified_time\" content=\"2023-05-03T09:05:31+00:00\" \/>\n<meta property=\"og:image\" content=\"https:\/\/blogs.uef.fi\/parasta-aikaa-varhaiskasvatuksessa\/wp-content\/uploads\/sites\/93\/2023\/05\/lentokone.jpg\" \/>\n<meta name=\"author\" content=\"minnlait\" \/>\n<meta name=\"twitter:card\" content=\"summary_large_image\" \/>\n<meta name=\"twitter:label1\" content=\"Kirjoittanut\" \/>\n\t<meta name=\"twitter:data1\" content=\"minnlait\" \/>\n\t<meta name=\"twitter:label2\" content=\"Arvioitu lukuaika\" \/>\n\t<meta name=\"twitter:data2\" content=\"6 minuuttia\" \/>\n<script type=\"application\/ld+json\" class=\"yoast-schema-graph\">{\"@context\":\"https:\\\/\\\/schema.org\",\"@graph\":[{\"@type\":\"Article\",\"@id\":\"https:\\\/\\\/blogs.uef.fi\\\/parasta-aikaa-varhaiskasvatuksessa\\\/?p=1867#article\",\"isPartOf\":{\"@id\":\"https:\\\/\\\/blogs.uef.fi\\\/parasta-aikaa-varhaiskasvatuksessa\\\/?p=1867\"},\"author\":{\"name\":\"minnlait\",\"@id\":\"https:\\\/\\\/blogs.uef.fi\\\/parasta-aikaa-varhaiskasvatuksessa\\\/#\\\/schema\\\/person\\\/393b3fef6d2c94c44842e2431daad829\"},\"headline\":\"New York, New York!\",\"datePublished\":\"2023-05-01T12:12:10+00:00\",\"dateModified\":\"2023-05-03T09:05:31+00:00\",\"mainEntityOfPage\":{\"@id\":\"https:\\\/\\\/blogs.uef.fi\\\/parasta-aikaa-varhaiskasvatuksessa\\\/?p=1867\"},\"wordCount\":753,\"commentCount\":0,\"image\":{\"@id\":\"https:\\\/\\\/blogs.uef.fi\\\/parasta-aikaa-varhaiskasvatuksessa\\\/?p=1867#primaryimage\"},\"thumbnailUrl\":\"https:\\\/\\\/blogs.uef.fi\\\/parasta-aikaa-varhaiskasvatuksessa\\\/wp-content\\\/uploads\\\/sites\\\/93\\\/2023\\\/05\\\/lentokone.jpg\",\"articleSection\":[\"Uncategorized\"],\"inLanguage\":\"fi\",\"potentialAction\":[{\"@type\":\"CommentAction\",\"name\":\"Comment\",\"target\":[\"https:\\\/\\\/blogs.uef.fi\\\/parasta-aikaa-varhaiskasvatuksessa\\\/?p=1867#respond\"]}]},{\"@type\":\"WebPage\",\"@id\":\"https:\\\/\\\/blogs.uef.fi\\\/parasta-aikaa-varhaiskasvatuksessa\\\/?p=1867\",\"url\":\"https:\\\/\\\/blogs.uef.fi\\\/parasta-aikaa-varhaiskasvatuksessa\\\/?p=1867\",\"name\":\"New York, New York! - Parasta aikaa varhaiskasvatuksessa\",\"isPartOf\":{\"@id\":\"https:\\\/\\\/blogs.uef.fi\\\/parasta-aikaa-varhaiskasvatuksessa\\\/#website\"},\"primaryImageOfPage\":{\"@id\":\"https:\\\/\\\/blogs.uef.fi\\\/parasta-aikaa-varhaiskasvatuksessa\\\/?p=1867#primaryimage\"},\"image\":{\"@id\":\"https:\\\/\\\/blogs.uef.fi\\\/parasta-aikaa-varhaiskasvatuksessa\\\/?p=1867#primaryimage\"},\"thumbnailUrl\":\"https:\\\/\\\/blogs.uef.fi\\\/parasta-aikaa-varhaiskasvatuksessa\\\/wp-content\\\/uploads\\\/sites\\\/93\\\/2023\\\/05\\\/lentokone.jpg\",\"datePublished\":\"2023-05-01T12:12:10+00:00\",\"dateModified\":\"2023-05-03T09:05:31+00:00\",\"author\":{\"@id\":\"https:\\\/\\\/blogs.uef.fi\\\/parasta-aikaa-varhaiskasvatuksessa\\\/#\\\/schema\\\/person\\\/393b3fef6d2c94c44842e2431daad829\"},\"breadcrumb\":{\"@id\":\"https:\\\/\\\/blogs.uef.fi\\\/parasta-aikaa-varhaiskasvatuksessa\\\/?p=1867#breadcrumb\"},\"inLanguage\":\"fi\",\"potentialAction\":[{\"@type\":\"ReadAction\",\"target\":[\"https:\\\/\\\/blogs.uef.fi\\\/parasta-aikaa-varhaiskasvatuksessa\\\/?p=1867\"]}]},{\"@type\":\"ImageObject\",\"inLanguage\":\"fi\",\"@id\":\"https:\\\/\\\/blogs.uef.fi\\\/parasta-aikaa-varhaiskasvatuksessa\\\/?p=1867#primaryimage\",\"url\":\"https:\\\/\\\/blogs.uef.fi\\\/parasta-aikaa-varhaiskasvatuksessa\\\/wp-content\\\/uploads\\\/sites\\\/93\\\/2023\\\/05\\\/lentokone.jpg\",\"contentUrl\":\"https:\\\/\\\/blogs.uef.fi\\\/parasta-aikaa-varhaiskasvatuksessa\\\/wp-content\\\/uploads\\\/sites\\\/93\\\/2023\\\/05\\\/lentokone.jpg\",\"width\":450,\"height\":600,\"caption\":\"Lento New Yorkiin kesti noin 8 tuntia ja lentoreitti kulki mm. Gr\u00f6nlannin yll\u00e4.\"},{\"@type\":\"BreadcrumbList\",\"@id\":\"https:\\\/\\\/blogs.uef.fi\\\/parasta-aikaa-varhaiskasvatuksessa\\\/?p=1867#breadcrumb\",\"itemListElement\":[{\"@type\":\"ListItem\",\"position\":1,\"name\":\"Home\",\"item\":\"https:\\\/\\\/blogs.uef.fi\\\/parasta-aikaa-varhaiskasvatuksessa\"},{\"@type\":\"ListItem\",\"position\":2,\"name\":\"New York, New York!\"}]},{\"@type\":\"WebSite\",\"@id\":\"https:\\\/\\\/blogs.uef.fi\\\/parasta-aikaa-varhaiskasvatuksessa\\\/#website\",\"url\":\"https:\\\/\\\/blogs.uef.fi\\\/parasta-aikaa-varhaiskasvatuksessa\\\/\",\"name\":\"Parasta aikaa varhaiskasvatuksessa\",\"description\":\"\",\"potentialAction\":[{\"@type\":\"SearchAction\",\"target\":{\"@type\":\"EntryPoint\",\"urlTemplate\":\"https:\\\/\\\/blogs.uef.fi\\\/parasta-aikaa-varhaiskasvatuksessa\\\/?s={search_term_string}\"},\"query-input\":{\"@type\":\"PropertyValueSpecification\",\"valueRequired\":true,\"valueName\":\"search_term_string\"}}],\"inLanguage\":\"fi\"},{\"@type\":\"Person\",\"@id\":\"https:\\\/\\\/blogs.uef.fi\\\/parasta-aikaa-varhaiskasvatuksessa\\\/#\\\/schema\\\/person\\\/393b3fef6d2c94c44842e2431daad829\",\"name\":\"minnlait\",\"url\":\"https:\\\/\\\/blogs.uef.fi\\\/parasta-aikaa-varhaiskasvatuksessa\\\/?author=585\"}]}<\/script>\n<!-- \/ Yoast SEO plugin. -->","yoast_head_json":{"title":"New York, New York! - Parasta aikaa varhaiskasvatuksessa","robots":{"index":"index","follow":"follow","max-snippet":"max-snippet:-1","max-image-preview":"max-image-preview:large","max-video-preview":"max-video-preview:-1"},"canonical":"https:\/\/blogs.uef.fi\/parasta-aikaa-varhaiskasvatuksessa\/?p=1867","og_locale":"fi_FI","og_type":"article","og_title":"New York, New York! - Parasta aikaa varhaiskasvatuksessa","og_description":"\u201dOlisko ihan p\u00f6hk\u00f6 ajatus?\u201d kysyin ohimennen v\u00e4it\u00f6skirjatutkimukseni ohjaajilta Nina Sajaniemelt\u00e4 ja Piia Bj\u00f6rnilt\u00e4, kun huomasin, ett\u00e4 It\u00e4-Suomen yliopiston v\u00e4it\u00f6skirjatutkijoiden olisi mahdollista hakea Saastamoisen s\u00e4\u00e4ti\u00f6lt\u00e4 apurahaa tutkimusty\u00f6jaksoon ulkomailla. Eih\u00e4n se tietenk\u00e4\u00e4n ollut p\u00f6hk\u00f6 idea vaan mahdollisuus, joka kannattaisi ehdottomasti hy\u00f6dynt\u00e4\u00e4. Vaihdoimme ohjaajieni kanssa s\u00e4hk\u00f6posteja ja mietimme erilaisia vaihtoehtoja jakson toteuttamiseen. Sopivan vaihtoehdon l\u00f6ydytty\u00e4 laitoin apurahahakemuksen eteenp\u00e4in. [&hellip;]","og_url":"https:\/\/blogs.uef.fi\/parasta-aikaa-varhaiskasvatuksessa\/?p=1867","og_site_name":"Parasta aikaa varhaiskasvatuksessa","article_published_time":"2023-05-01T12:12:10+00:00","article_modified_time":"2023-05-03T09:05:31+00:00","og_image":[{"url":"https:\/\/blogs.uef.fi\/parasta-aikaa-varhaiskasvatuksessa\/wp-content\/uploads\/sites\/93\/2023\/05\/lentokone.jpg","type":"","width":"","height":""}],"author":"minnlait","twitter_card":"summary_large_image","twitter_misc":{"Kirjoittanut":"minnlait","Arvioitu lukuaika":"6 minuuttia"},"schema":{"@context":"https:\/\/schema.org","@graph":[{"@type":"Article","@id":"https:\/\/blogs.uef.fi\/parasta-aikaa-varhaiskasvatuksessa\/?p=1867#article","isPartOf":{"@id":"https:\/\/blogs.uef.fi\/parasta-aikaa-varhaiskasvatuksessa\/?p=1867"},"author":{"name":"minnlait","@id":"https:\/\/blogs.uef.fi\/parasta-aikaa-varhaiskasvatuksessa\/#\/schema\/person\/393b3fef6d2c94c44842e2431daad829"},"headline":"New York, New York!","datePublished":"2023-05-01T12:12:10+00:00","dateModified":"2023-05-03T09:05:31+00:00","mainEntityOfPage":{"@id":"https:\/\/blogs.uef.fi\/parasta-aikaa-varhaiskasvatuksessa\/?p=1867"},"wordCount":753,"commentCount":0,"image":{"@id":"https:\/\/blogs.uef.fi\/parasta-aikaa-varhaiskasvatuksessa\/?p=1867#primaryimage"},"thumbnailUrl":"https:\/\/blogs.uef.fi\/parasta-aikaa-varhaiskasvatuksessa\/wp-content\/uploads\/sites\/93\/2023\/05\/lentokone.jpg","articleSection":["Uncategorized"],"inLanguage":"fi","potentialAction":[{"@type":"CommentAction","name":"Comment","target":["https:\/\/blogs.uef.fi\/parasta-aikaa-varhaiskasvatuksessa\/?p=1867#respond"]}]},{"@type":"WebPage","@id":"https:\/\/blogs.uef.fi\/parasta-aikaa-varhaiskasvatuksessa\/?p=1867","url":"https:\/\/blogs.uef.fi\/parasta-aikaa-varhaiskasvatuksessa\/?p=1867","name":"New York, New York! - Parasta aikaa varhaiskasvatuksessa","isPartOf":{"@id":"https:\/\/blogs.uef.fi\/parasta-aikaa-varhaiskasvatuksessa\/#website"},"primaryImageOfPage":{"@id":"https:\/\/blogs.uef.fi\/parasta-aikaa-varhaiskasvatuksessa\/?p=1867#primaryimage"},"image":{"@id":"https:\/\/blogs.uef.fi\/parasta-aikaa-varhaiskasvatuksessa\/?p=1867#primaryimage"},"thumbnailUrl":"https:\/\/blogs.uef.fi\/parasta-aikaa-varhaiskasvatuksessa\/wp-content\/uploads\/sites\/93\/2023\/05\/lentokone.jpg","datePublished":"2023-05-01T12:12:10+00:00","dateModified":"2023-05-03T09:05:31+00:00","author":{"@id":"https:\/\/blogs.uef.fi\/parasta-aikaa-varhaiskasvatuksessa\/#\/schema\/person\/393b3fef6d2c94c44842e2431daad829"},"breadcrumb":{"@id":"https:\/\/blogs.uef.fi\/parasta-aikaa-varhaiskasvatuksessa\/?p=1867#breadcrumb"},"inLanguage":"fi","potentialAction":[{"@type":"ReadAction","target":["https:\/\/blogs.uef.fi\/parasta-aikaa-varhaiskasvatuksessa\/?p=1867"]}]},{"@type":"ImageObject","inLanguage":"fi","@id":"https:\/\/blogs.uef.fi\/parasta-aikaa-varhaiskasvatuksessa\/?p=1867#primaryimage","url":"https:\/\/blogs.uef.fi\/parasta-aikaa-varhaiskasvatuksessa\/wp-content\/uploads\/sites\/93\/2023\/05\/lentokone.jpg","contentUrl":"https:\/\/blogs.uef.fi\/parasta-aikaa-varhaiskasvatuksessa\/wp-content\/uploads\/sites\/93\/2023\/05\/lentokone.jpg","width":450,"height":600,"caption":"Lento New Yorkiin kesti noin 8 tuntia ja lentoreitti kulki mm. Gr\u00f6nlannin yll\u00e4."},{"@type":"BreadcrumbList","@id":"https:\/\/blogs.uef.fi\/parasta-aikaa-varhaiskasvatuksessa\/?p=1867#breadcrumb","itemListElement":[{"@type":"ListItem","position":1,"name":"Home","item":"https:\/\/blogs.uef.fi\/parasta-aikaa-varhaiskasvatuksessa"},{"@type":"ListItem","position":2,"name":"New York, New York!"}]},{"@type":"WebSite","@id":"https:\/\/blogs.uef.fi\/parasta-aikaa-varhaiskasvatuksessa\/#website","url":"https:\/\/blogs.uef.fi\/parasta-aikaa-varhaiskasvatuksessa\/","name":"Parasta aikaa varhaiskasvatuksessa","description":"","potentialAction":[{"@type":"SearchAction","target":{"@type":"EntryPoint","urlTemplate":"https:\/\/blogs.uef.fi\/parasta-aikaa-varhaiskasvatuksessa\/?s={search_term_string}"},"query-input":{"@type":"PropertyValueSpecification","valueRequired":true,"valueName":"search_term_string"}}],"inLanguage":"fi"},{"@type":"Person","@id":"https:\/\/blogs.uef.fi\/parasta-aikaa-varhaiskasvatuksessa\/#\/schema\/person\/393b3fef6d2c94c44842e2431daad829","name":"minnlait","url":"https:\/\/blogs.uef.fi\/parasta-aikaa-varhaiskasvatuksessa\/?author=585"}]}},"_links":{"self":[{"href":"https:\/\/blogs.uef.fi\/parasta-aikaa-varhaiskasvatuksessa\/index.php?rest_route=\/wp\/v2\/posts\/1867","targetHints":{"allow":["GET"]}}],"collection":[{"href":"https:\/\/blogs.uef.fi\/parasta-aikaa-varhaiskasvatuksessa\/index.php?rest_route=\/wp\/v2\/posts"}],"about":[{"href":"https:\/\/blogs.uef.fi\/parasta-aikaa-varhaiskasvatuksessa\/index.php?rest_route=\/wp\/v2\/types\/post"}],"author":[{"embeddable":true,"href":"https:\/\/blogs.uef.fi\/parasta-aikaa-varhaiskasvatuksessa\/index.php?rest_route=\/wp\/v2\/users\/585"}],"replies":[{"embeddable":true,"href":"https:\/\/blogs.uef.fi\/parasta-aikaa-varhaiskasvatuksessa\/index.php?rest_route=%2Fwp%2Fv2%2Fcomments&post=1867"}],"version-history":[{"count":2,"href":"https:\/\/blogs.uef.fi\/parasta-aikaa-varhaiskasvatuksessa\/index.php?rest_route=\/wp\/v2\/posts\/1867\/revisions"}],"predecessor-version":[{"id":1929,"href":"https:\/\/blogs.uef.fi\/parasta-aikaa-varhaiskasvatuksessa\/index.php?rest_route=\/wp\/v2\/posts\/1867\/revisions\/1929"}],"wp:attachment":[{"href":"https:\/\/blogs.uef.fi\/parasta-aikaa-varhaiskasvatuksessa\/index.php?rest_route=%2Fwp%2Fv2%2Fmedia&parent=1867"}],"wp:term":[{"taxonomy":"category","embeddable":true,"href":"https:\/\/blogs.uef.fi\/parasta-aikaa-varhaiskasvatuksessa\/index.php?rest_route=%2Fwp%2Fv2%2Fcategories&post=1867"},{"taxonomy":"post_tag","embeddable":true,"href":"https:\/\/blogs.uef.fi\/parasta-aikaa-varhaiskasvatuksessa\/index.php?rest_route=%2Fwp%2Fv2%2Ftags&post=1867"}],"curies":[{"name":"wp","href":"https:\/\/api.w.org\/{rel}","templated":true}]}}