{"id":1601,"date":"2022-05-31T12:00:16","date_gmt":"2022-05-31T09:00:16","guid":{"rendered":"https:\/\/blogs.uef.fi\/parasta-aikaa-varhaiskasvatuksessa\/?p=1601"},"modified":"2022-06-06T17:10:44","modified_gmt":"2022-06-06T14:10:44","slug":"terveiset-kuvataidekasvatuksesta","status":"publish","type":"post","link":"https:\/\/blogs.uef.fi\/parasta-aikaa-varhaiskasvatuksessa\/?p=1601","title":{"rendered":"Terveiset kuvataidekasvatuksesta"},"content":{"rendered":"<p>PIKKU PRINSSI<\/p>\n<p>\u201d- Ei voi tuntea muuta kuin sen, mink\u00e4 itse on kesytt\u00e4nyt, kettu sanoi. &#8221;Ihmisill\u00e4 ei ole en\u00e4\u00e4 aikaa tuntea mit\u00e4\u00e4n. He ostavat kaupoista valmiiksi tehtyj\u00e4 tavaroita. Kesyt\u00e4 minut&#8221;, sanoi kettu Pikku Prinssille. Niin lapsi kesytt\u00e4\u00e4 maailman omakseen ja maailma kesytt\u00e4\u00e4 lapsen omakseen. Sormien p\u00e4\u00e4t, silmien liikkeet, hermojen radat, aivojen salaiset sopukat, silmien liikkeet, sormien p\u00e4\u00e4t \u2026 laajenevissa kaarissa maailman keh\u00e4t s\u00e4teilev\u00e4t pienelle lapselle v\u00e4rein\u00e4, muotoina, tiloina, makuina, v\u00e4r\u00e4hdyksin\u00e4. Kesytt\u00e4minen on k\u00e4sitt\u00e4mist\u00e4, k\u00e4sin koskettamista, kiinni tarttumista, tunnustelua, tunnistamista, valon s\u00e4ikeit\u00e4 sormenp\u00e4ist\u00e4 vatsapohjaan ja v\u00e4l\u00e4hdyksi\u00e4 silmiss\u00e4 \u2013 kunnes sormista kaartuu viiva, toinen, kolmas. Kunnes viivat asettuvat vierekk\u00e4in, lomittain, sis\u00e4kk\u00e4in, ja v\u00e4riympyr\u00e4n keskell\u00e4 hehkuu suuri punainen ruusu.&#8221;<\/p>\n<p>&nbsp;<\/p>\n<div id=\"attachment_1604\" style=\"width: 536px\" class=\"wp-caption aligncenter\"><img loading=\"lazy\" decoding=\"async\" aria-describedby=\"caption-attachment-1604\" class=\" wp-image-1604\" src=\"https:\/\/blogs.uef.fi\/parasta-aikaa-varhaiskasvatuksessa\/wp-content\/uploads\/sites\/93\/2022\/05\/Asta1.jpg\" alt=\"Vauvan v\u00e4rikylpy. Vauva levittelee k\u00e4sill\u00e4\u00e4n v\u00e4rj\u00e4\u00e4v\u00e4\u00e4 ainetta alustaan.\" width=\"526\" height=\"323\" srcset=\"https:\/\/blogs.uef.fi\/parasta-aikaa-varhaiskasvatuksessa\/wp-content\/uploads\/sites\/93\/2022\/05\/Asta1.jpg 734w, https:\/\/blogs.uef.fi\/parasta-aikaa-varhaiskasvatuksessa\/wp-content\/uploads\/sites\/93\/2022\/05\/Asta1-300x184.jpg 300w\" sizes=\"auto, (max-width: 526px) 100vw, 526px\" \/><p id=\"caption-attachment-1604\" class=\"wp-caption-text\">Kuva 1. Porin Taidemuseo 19.6.2013<\/p><\/div>\n<p>&nbsp;<\/p>\n<p>Kiitos niille sadoille It\u00e4-Suomen yliopiston varhaiskasvatuksen opiskelijoille, jotka ovat vuosien varrella osallistuneet kuvataidekasvatuksen opintojaksolle ja tehneet opetusty\u00f6st\u00e4ni kiehtovaa, mielek\u00e4st\u00e4 ja ennen kaikkea hauskaa!<\/p>\n<p>&nbsp;<\/p>\n<p>Asta Kuusinen<br \/>\nKuvataidekasvatuksen yliopistonlehtori<br \/>\nIt\u00e4-Suomen yliopisto<\/p>\n<p>1.8.2007-31.10.2022<\/p>\n","protected":false},"excerpt":{"rendered":"<p>PIKKU PRINSSI \u201d- Ei voi tuntea muuta kuin sen, mink\u00e4 itse on kesytt\u00e4nyt, kettu sanoi. &#8221;Ihmisill\u00e4 ei ole en\u00e4\u00e4 aikaa tuntea mit\u00e4\u00e4n. He ostavat kaupoista valmiiksi tehtyj\u00e4 tavaroita. Kesyt\u00e4 minut&#8221;, sanoi kettu Pikku Prinssille. Niin lapsi kesytt\u00e4\u00e4 maailman omakseen ja maailma kesytt\u00e4\u00e4 lapsen omakseen. Sormien p\u00e4\u00e4t, silmien liikkeet, hermojen radat, aivojen salaiset sopukat, silmien liikkeet, [&hellip;]<\/p>\n","protected":false},"author":257,"featured_media":0,"comment_status":"open","ping_status":"open","sticky":false,"template":"","format":"standard","meta":{"_acf_changed":false,"footnotes":""},"categories":[1],"tags":[],"class_list":["post-1601","post","type-post","status-publish","format-standard","hentry","category-uncategorized"],"acf":[],"yoast_head":"<!-- This site is optimized with the Yoast SEO plugin v27.3 - https:\/\/yoast.com\/product\/yoast-seo-wordpress\/ -->\n<title>Terveiset kuvataidekasvatuksesta - Parasta aikaa varhaiskasvatuksessa<\/title>\n<meta name=\"robots\" content=\"index, follow, max-snippet:-1, max-image-preview:large, max-video-preview:-1\" \/>\n<link rel=\"canonical\" href=\"https:\/\/blogs.uef.fi\/parasta-aikaa-varhaiskasvatuksessa\/?p=1601\" \/>\n<meta property=\"og:locale\" content=\"fi_FI\" \/>\n<meta property=\"og:type\" content=\"article\" \/>\n<meta property=\"og:title\" content=\"Terveiset kuvataidekasvatuksesta - Parasta aikaa varhaiskasvatuksessa\" \/>\n<meta property=\"og:description\" content=\"PIKKU PRINSSI \u201d- Ei voi tuntea muuta kuin sen, mink\u00e4 itse on kesytt\u00e4nyt, kettu sanoi. &#8221;Ihmisill\u00e4 ei ole en\u00e4\u00e4 aikaa tuntea mit\u00e4\u00e4n. He ostavat kaupoista valmiiksi tehtyj\u00e4 tavaroita. Kesyt\u00e4 minut&#8221;, sanoi kettu Pikku Prinssille. Niin lapsi kesytt\u00e4\u00e4 maailman omakseen ja maailma kesytt\u00e4\u00e4 lapsen omakseen. Sormien p\u00e4\u00e4t, silmien liikkeet, hermojen radat, aivojen salaiset sopukat, silmien liikkeet, [&hellip;]\" \/>\n<meta property=\"og:url\" content=\"https:\/\/blogs.uef.fi\/parasta-aikaa-varhaiskasvatuksessa\/?p=1601\" \/>\n<meta property=\"og:site_name\" content=\"Parasta aikaa varhaiskasvatuksessa\" \/>\n<meta property=\"article:published_time\" content=\"2022-05-31T09:00:16+00:00\" \/>\n<meta property=\"article:modified_time\" content=\"2022-06-06T14:10:44+00:00\" \/>\n<meta property=\"og:image\" content=\"https:\/\/blogs.uef.fi\/parasta-aikaa-varhaiskasvatuksessa\/wp-content\/uploads\/sites\/93\/2022\/05\/Asta1.jpg\" \/>\n<meta name=\"author\" content=\"Parasta_aikaa\" \/>\n<meta name=\"twitter:card\" content=\"summary_large_image\" \/>\n<meta name=\"twitter:label1\" content=\"Kirjoittanut\" \/>\n\t<meta name=\"twitter:data1\" content=\"Parasta_aikaa\" \/>\n\t<meta name=\"twitter:label2\" content=\"Arvioitu lukuaika\" \/>\n\t<meta name=\"twitter:data2\" content=\"2 minuuttia\" \/>\n<script type=\"application\/ld+json\" class=\"yoast-schema-graph\">{\"@context\":\"https:\\\/\\\/schema.org\",\"@graph\":[{\"@type\":\"Article\",\"@id\":\"https:\\\/\\\/blogs.uef.fi\\\/parasta-aikaa-varhaiskasvatuksessa\\\/?p=1601#article\",\"isPartOf\":{\"@id\":\"https:\\\/\\\/blogs.uef.fi\\\/parasta-aikaa-varhaiskasvatuksessa\\\/?p=1601\"},\"author\":{\"name\":\"Parasta_aikaa\",\"@id\":\"https:\\\/\\\/blogs.uef.fi\\\/parasta-aikaa-varhaiskasvatuksessa\\\/#\\\/schema\\\/person\\\/bc691df0f10ff8a79fdf36fae739c625\"},\"headline\":\"Terveiset kuvataidekasvatuksesta\",\"datePublished\":\"2022-05-31T09:00:16+00:00\",\"dateModified\":\"2022-06-06T14:10:44+00:00\",\"mainEntityOfPage\":{\"@id\":\"https:\\\/\\\/blogs.uef.fi\\\/parasta-aikaa-varhaiskasvatuksessa\\\/?p=1601\"},\"wordCount\":177,\"commentCount\":0,\"image\":{\"@id\":\"https:\\\/\\\/blogs.uef.fi\\\/parasta-aikaa-varhaiskasvatuksessa\\\/?p=1601#primaryimage\"},\"thumbnailUrl\":\"https:\\\/\\\/blogs.uef.fi\\\/parasta-aikaa-varhaiskasvatuksessa\\\/wp-content\\\/uploads\\\/sites\\\/93\\\/2022\\\/05\\\/Asta1.jpg\",\"articleSection\":[\"Uncategorized\"],\"inLanguage\":\"fi\",\"potentialAction\":[{\"@type\":\"CommentAction\",\"name\":\"Comment\",\"target\":[\"https:\\\/\\\/blogs.uef.fi\\\/parasta-aikaa-varhaiskasvatuksessa\\\/?p=1601#respond\"]}]},{\"@type\":\"WebPage\",\"@id\":\"https:\\\/\\\/blogs.uef.fi\\\/parasta-aikaa-varhaiskasvatuksessa\\\/?p=1601\",\"url\":\"https:\\\/\\\/blogs.uef.fi\\\/parasta-aikaa-varhaiskasvatuksessa\\\/?p=1601\",\"name\":\"Terveiset kuvataidekasvatuksesta - Parasta aikaa varhaiskasvatuksessa\",\"isPartOf\":{\"@id\":\"https:\\\/\\\/blogs.uef.fi\\\/parasta-aikaa-varhaiskasvatuksessa\\\/#website\"},\"primaryImageOfPage\":{\"@id\":\"https:\\\/\\\/blogs.uef.fi\\\/parasta-aikaa-varhaiskasvatuksessa\\\/?p=1601#primaryimage\"},\"image\":{\"@id\":\"https:\\\/\\\/blogs.uef.fi\\\/parasta-aikaa-varhaiskasvatuksessa\\\/?p=1601#primaryimage\"},\"thumbnailUrl\":\"https:\\\/\\\/blogs.uef.fi\\\/parasta-aikaa-varhaiskasvatuksessa\\\/wp-content\\\/uploads\\\/sites\\\/93\\\/2022\\\/05\\\/Asta1.jpg\",\"datePublished\":\"2022-05-31T09:00:16+00:00\",\"dateModified\":\"2022-06-06T14:10:44+00:00\",\"author\":{\"@id\":\"https:\\\/\\\/blogs.uef.fi\\\/parasta-aikaa-varhaiskasvatuksessa\\\/#\\\/schema\\\/person\\\/bc691df0f10ff8a79fdf36fae739c625\"},\"breadcrumb\":{\"@id\":\"https:\\\/\\\/blogs.uef.fi\\\/parasta-aikaa-varhaiskasvatuksessa\\\/?p=1601#breadcrumb\"},\"inLanguage\":\"fi\",\"potentialAction\":[{\"@type\":\"ReadAction\",\"target\":[\"https:\\\/\\\/blogs.uef.fi\\\/parasta-aikaa-varhaiskasvatuksessa\\\/?p=1601\"]}]},{\"@type\":\"ImageObject\",\"inLanguage\":\"fi\",\"@id\":\"https:\\\/\\\/blogs.uef.fi\\\/parasta-aikaa-varhaiskasvatuksessa\\\/?p=1601#primaryimage\",\"url\":\"https:\\\/\\\/blogs.uef.fi\\\/parasta-aikaa-varhaiskasvatuksessa\\\/wp-content\\\/uploads\\\/sites\\\/93\\\/2022\\\/05\\\/Asta1.jpg\",\"contentUrl\":\"https:\\\/\\\/blogs.uef.fi\\\/parasta-aikaa-varhaiskasvatuksessa\\\/wp-content\\\/uploads\\\/sites\\\/93\\\/2022\\\/05\\\/Asta1.jpg\",\"width\":734,\"height\":450,\"caption\":\"Kuva 1. Porin Taidemuseo 19.6.2013\"},{\"@type\":\"BreadcrumbList\",\"@id\":\"https:\\\/\\\/blogs.uef.fi\\\/parasta-aikaa-varhaiskasvatuksessa\\\/?p=1601#breadcrumb\",\"itemListElement\":[{\"@type\":\"ListItem\",\"position\":1,\"name\":\"Home\",\"item\":\"https:\\\/\\\/blogs.uef.fi\\\/parasta-aikaa-varhaiskasvatuksessa\"},{\"@type\":\"ListItem\",\"position\":2,\"name\":\"Terveiset kuvataidekasvatuksesta\"}]},{\"@type\":\"WebSite\",\"@id\":\"https:\\\/\\\/blogs.uef.fi\\\/parasta-aikaa-varhaiskasvatuksessa\\\/#website\",\"url\":\"https:\\\/\\\/blogs.uef.fi\\\/parasta-aikaa-varhaiskasvatuksessa\\\/\",\"name\":\"Parasta aikaa varhaiskasvatuksessa\",\"description\":\"\",\"potentialAction\":[{\"@type\":\"SearchAction\",\"target\":{\"@type\":\"EntryPoint\",\"urlTemplate\":\"https:\\\/\\\/blogs.uef.fi\\\/parasta-aikaa-varhaiskasvatuksessa\\\/?s={search_term_string}\"},\"query-input\":{\"@type\":\"PropertyValueSpecification\",\"valueRequired\":true,\"valueName\":\"search_term_string\"}}],\"inLanguage\":\"fi\"},{\"@type\":\"Person\",\"@id\":\"https:\\\/\\\/blogs.uef.fi\\\/parasta-aikaa-varhaiskasvatuksessa\\\/#\\\/schema\\\/person\\\/bc691df0f10ff8a79fdf36fae739c625\",\"name\":\"Parasta_aikaa\",\"url\":\"https:\\\/\\\/blogs.uef.fi\\\/parasta-aikaa-varhaiskasvatuksessa\\\/?author=257\"}]}<\/script>\n<!-- \/ Yoast SEO plugin. -->","yoast_head_json":{"title":"Terveiset kuvataidekasvatuksesta - Parasta aikaa varhaiskasvatuksessa","robots":{"index":"index","follow":"follow","max-snippet":"max-snippet:-1","max-image-preview":"max-image-preview:large","max-video-preview":"max-video-preview:-1"},"canonical":"https:\/\/blogs.uef.fi\/parasta-aikaa-varhaiskasvatuksessa\/?p=1601","og_locale":"fi_FI","og_type":"article","og_title":"Terveiset kuvataidekasvatuksesta - Parasta aikaa varhaiskasvatuksessa","og_description":"PIKKU PRINSSI \u201d- Ei voi tuntea muuta kuin sen, mink\u00e4 itse on kesytt\u00e4nyt, kettu sanoi. &#8221;Ihmisill\u00e4 ei ole en\u00e4\u00e4 aikaa tuntea mit\u00e4\u00e4n. He ostavat kaupoista valmiiksi tehtyj\u00e4 tavaroita. Kesyt\u00e4 minut&#8221;, sanoi kettu Pikku Prinssille. Niin lapsi kesytt\u00e4\u00e4 maailman omakseen ja maailma kesytt\u00e4\u00e4 lapsen omakseen. Sormien p\u00e4\u00e4t, silmien liikkeet, hermojen radat, aivojen salaiset sopukat, silmien liikkeet, [&hellip;]","og_url":"https:\/\/blogs.uef.fi\/parasta-aikaa-varhaiskasvatuksessa\/?p=1601","og_site_name":"Parasta aikaa varhaiskasvatuksessa","article_published_time":"2022-05-31T09:00:16+00:00","article_modified_time":"2022-06-06T14:10:44+00:00","og_image":[{"url":"https:\/\/blogs.uef.fi\/parasta-aikaa-varhaiskasvatuksessa\/wp-content\/uploads\/sites\/93\/2022\/05\/Asta1.jpg","type":"","width":"","height":""}],"author":"Parasta_aikaa","twitter_card":"summary_large_image","twitter_misc":{"Kirjoittanut":"Parasta_aikaa","Arvioitu lukuaika":"2 minuuttia"},"schema":{"@context":"https:\/\/schema.org","@graph":[{"@type":"Article","@id":"https:\/\/blogs.uef.fi\/parasta-aikaa-varhaiskasvatuksessa\/?p=1601#article","isPartOf":{"@id":"https:\/\/blogs.uef.fi\/parasta-aikaa-varhaiskasvatuksessa\/?p=1601"},"author":{"name":"Parasta_aikaa","@id":"https:\/\/blogs.uef.fi\/parasta-aikaa-varhaiskasvatuksessa\/#\/schema\/person\/bc691df0f10ff8a79fdf36fae739c625"},"headline":"Terveiset kuvataidekasvatuksesta","datePublished":"2022-05-31T09:00:16+00:00","dateModified":"2022-06-06T14:10:44+00:00","mainEntityOfPage":{"@id":"https:\/\/blogs.uef.fi\/parasta-aikaa-varhaiskasvatuksessa\/?p=1601"},"wordCount":177,"commentCount":0,"image":{"@id":"https:\/\/blogs.uef.fi\/parasta-aikaa-varhaiskasvatuksessa\/?p=1601#primaryimage"},"thumbnailUrl":"https:\/\/blogs.uef.fi\/parasta-aikaa-varhaiskasvatuksessa\/wp-content\/uploads\/sites\/93\/2022\/05\/Asta1.jpg","articleSection":["Uncategorized"],"inLanguage":"fi","potentialAction":[{"@type":"CommentAction","name":"Comment","target":["https:\/\/blogs.uef.fi\/parasta-aikaa-varhaiskasvatuksessa\/?p=1601#respond"]}]},{"@type":"WebPage","@id":"https:\/\/blogs.uef.fi\/parasta-aikaa-varhaiskasvatuksessa\/?p=1601","url":"https:\/\/blogs.uef.fi\/parasta-aikaa-varhaiskasvatuksessa\/?p=1601","name":"Terveiset kuvataidekasvatuksesta - Parasta aikaa varhaiskasvatuksessa","isPartOf":{"@id":"https:\/\/blogs.uef.fi\/parasta-aikaa-varhaiskasvatuksessa\/#website"},"primaryImageOfPage":{"@id":"https:\/\/blogs.uef.fi\/parasta-aikaa-varhaiskasvatuksessa\/?p=1601#primaryimage"},"image":{"@id":"https:\/\/blogs.uef.fi\/parasta-aikaa-varhaiskasvatuksessa\/?p=1601#primaryimage"},"thumbnailUrl":"https:\/\/blogs.uef.fi\/parasta-aikaa-varhaiskasvatuksessa\/wp-content\/uploads\/sites\/93\/2022\/05\/Asta1.jpg","datePublished":"2022-05-31T09:00:16+00:00","dateModified":"2022-06-06T14:10:44+00:00","author":{"@id":"https:\/\/blogs.uef.fi\/parasta-aikaa-varhaiskasvatuksessa\/#\/schema\/person\/bc691df0f10ff8a79fdf36fae739c625"},"breadcrumb":{"@id":"https:\/\/blogs.uef.fi\/parasta-aikaa-varhaiskasvatuksessa\/?p=1601#breadcrumb"},"inLanguage":"fi","potentialAction":[{"@type":"ReadAction","target":["https:\/\/blogs.uef.fi\/parasta-aikaa-varhaiskasvatuksessa\/?p=1601"]}]},{"@type":"ImageObject","inLanguage":"fi","@id":"https:\/\/blogs.uef.fi\/parasta-aikaa-varhaiskasvatuksessa\/?p=1601#primaryimage","url":"https:\/\/blogs.uef.fi\/parasta-aikaa-varhaiskasvatuksessa\/wp-content\/uploads\/sites\/93\/2022\/05\/Asta1.jpg","contentUrl":"https:\/\/blogs.uef.fi\/parasta-aikaa-varhaiskasvatuksessa\/wp-content\/uploads\/sites\/93\/2022\/05\/Asta1.jpg","width":734,"height":450,"caption":"Kuva 1. Porin Taidemuseo 19.6.2013"},{"@type":"BreadcrumbList","@id":"https:\/\/blogs.uef.fi\/parasta-aikaa-varhaiskasvatuksessa\/?p=1601#breadcrumb","itemListElement":[{"@type":"ListItem","position":1,"name":"Home","item":"https:\/\/blogs.uef.fi\/parasta-aikaa-varhaiskasvatuksessa"},{"@type":"ListItem","position":2,"name":"Terveiset kuvataidekasvatuksesta"}]},{"@type":"WebSite","@id":"https:\/\/blogs.uef.fi\/parasta-aikaa-varhaiskasvatuksessa\/#website","url":"https:\/\/blogs.uef.fi\/parasta-aikaa-varhaiskasvatuksessa\/","name":"Parasta aikaa varhaiskasvatuksessa","description":"","potentialAction":[{"@type":"SearchAction","target":{"@type":"EntryPoint","urlTemplate":"https:\/\/blogs.uef.fi\/parasta-aikaa-varhaiskasvatuksessa\/?s={search_term_string}"},"query-input":{"@type":"PropertyValueSpecification","valueRequired":true,"valueName":"search_term_string"}}],"inLanguage":"fi"},{"@type":"Person","@id":"https:\/\/blogs.uef.fi\/parasta-aikaa-varhaiskasvatuksessa\/#\/schema\/person\/bc691df0f10ff8a79fdf36fae739c625","name":"Parasta_aikaa","url":"https:\/\/blogs.uef.fi\/parasta-aikaa-varhaiskasvatuksessa\/?author=257"}]}},"_links":{"self":[{"href":"https:\/\/blogs.uef.fi\/parasta-aikaa-varhaiskasvatuksessa\/index.php?rest_route=\/wp\/v2\/posts\/1601","targetHints":{"allow":["GET"]}}],"collection":[{"href":"https:\/\/blogs.uef.fi\/parasta-aikaa-varhaiskasvatuksessa\/index.php?rest_route=\/wp\/v2\/posts"}],"about":[{"href":"https:\/\/blogs.uef.fi\/parasta-aikaa-varhaiskasvatuksessa\/index.php?rest_route=\/wp\/v2\/types\/post"}],"author":[{"embeddable":true,"href":"https:\/\/blogs.uef.fi\/parasta-aikaa-varhaiskasvatuksessa\/index.php?rest_route=\/wp\/v2\/users\/257"}],"replies":[{"embeddable":true,"href":"https:\/\/blogs.uef.fi\/parasta-aikaa-varhaiskasvatuksessa\/index.php?rest_route=%2Fwp%2Fv2%2Fcomments&post=1601"}],"version-history":[{"count":2,"href":"https:\/\/blogs.uef.fi\/parasta-aikaa-varhaiskasvatuksessa\/index.php?rest_route=\/wp\/v2\/posts\/1601\/revisions"}],"predecessor-version":[{"id":1622,"href":"https:\/\/blogs.uef.fi\/parasta-aikaa-varhaiskasvatuksessa\/index.php?rest_route=\/wp\/v2\/posts\/1601\/revisions\/1622"}],"wp:attachment":[{"href":"https:\/\/blogs.uef.fi\/parasta-aikaa-varhaiskasvatuksessa\/index.php?rest_route=%2Fwp%2Fv2%2Fmedia&parent=1601"}],"wp:term":[{"taxonomy":"category","embeddable":true,"href":"https:\/\/blogs.uef.fi\/parasta-aikaa-varhaiskasvatuksessa\/index.php?rest_route=%2Fwp%2Fv2%2Fcategories&post=1601"},{"taxonomy":"post_tag","embeddable":true,"href":"https:\/\/blogs.uef.fi\/parasta-aikaa-varhaiskasvatuksessa\/index.php?rest_route=%2Fwp%2Fv2%2Ftags&post=1601"}],"curies":[{"name":"wp","href":"https:\/\/api.w.org\/{rel}","templated":true}]}}