{"id":1451,"date":"2022-01-31T12:00:09","date_gmt":"2022-01-31T10:00:09","guid":{"rendered":"https:\/\/blogs.uef.fi\/parasta-aikaa-varhaiskasvatuksessa\/?p=1451"},"modified":"2022-01-31T12:02:23","modified_gmt":"2022-01-31T10:02:23","slug":"kielivaka-kielituetut-kasvatustieteen-perusopinnot-maahanmuuttajataustaisille-opiskelijoille","status":"publish","type":"post","link":"https:\/\/blogs.uef.fi\/parasta-aikaa-varhaiskasvatuksessa\/?p=1451","title":{"rendered":"KieliVaka: Kielituetut kasvatustieteen perusopinnot maahanmuuttajataustaisille opiskelijoille"},"content":{"rendered":"<p style=\"text-align: justify\"><span class=\"TextRun SCXW229318077 BCX0\" lang=\"EN-US\" xml:lang=\"EN-US\" data-contrast=\"auto\"><span class=\"NormalTextRun SpellingErrorV2 SCXW229318077 BCX0\">Varhaiskasvatuksen<\/span> <span class=\"NormalTextRun SpellingErrorV2 SCXW229318077 BCX0\">moninainen<\/span> <span class=\"NormalTextRun SpellingErrorV2 SCXW229318077 BCX0\">kieli<\/span><span class=\"NormalTextRun SCXW229318077 BCX0\">&#8211; ja <\/span><span class=\"NormalTextRun SpellingErrorV2 SCXW229318077 BCX0\">kulttuuriosaaminen<\/span> <span class=\"NormalTextRun SpellingErrorV2 SCXW229318077 BCX0\">tarvitsee<\/span> <span class=\"NormalTextRun SpellingErrorV2 SCXW229318077 BCX0\">vahvistusta<\/span><span class=\"NormalTextRun SCXW229318077 BCX0\"> ja <\/span><span class=\"NormalTextRun SpellingErrorV2 SCXW229318077 BCX0\">t\u00e4t\u00e4<\/span><span class=\"NormalTextRun SCXW229318077 BCX0\"> on <\/span><span class=\"NormalTextRun SpellingErrorV2 SCXW229318077 BCX0\">l\u00e4hdetty<\/span> <span class=\"NormalTextRun SpellingErrorV2 SCXW229318077 BCX0\">tavoittelemaan<\/span> <span class=\"NormalTextRun SCXW229318077 BCX0\">Tampereen <\/span><span class=\"NormalTextRun SpellingErrorV2 SCXW229318077 BCX0\">yliopiston<\/span> <\/span><span class=\"TextRun SCXW229318077 BCX0\" lang=\"EN-US\" xml:lang=\"EN-US\" data-contrast=\"auto\"><span class=\"NormalTextRun SpellingErrorV2 SCXW229318077 BCX0\">KieliVaka<\/span><span class=\"NormalTextRun SCXW229318077 BCX0\"> &#8211; <\/span><span class=\"NormalTextRun SpellingErrorV2 SCXW229318077 BCX0\">Kielituetut<\/span> <span class=\"NormalTextRun SpellingErrorV2 SCXW229318077 BCX0\">varhaiskasvatuksen<\/span> <span class=\"NormalTextRun SpellingErrorV2 SCXW229318077 BCX0\">perusopinnot<\/span> <span class=\"NormalTextRun SpellingErrorV2 SCXW229318077 BCX0\">maahanmuuttajille<\/span><span class=\"NormalTextRun SCXW229318077 BCX0\"> \u2013<\/span><span class=\"NormalTextRun SpellingErrorV2 SCXW229318077 BCX0\">hankkeessa<\/span><span class=\"NormalTextRun SCXW229318077 BCX0\">.<\/span> <\/span><span class=\"TextRun SCXW229318077 BCX0\" lang=\"EN-US\" xml:lang=\"EN-US\" data-contrast=\"auto\"><span class=\"NormalTextRun SpellingErrorV2 SCXW229318077 BCX0\">Pilottivaiheessa<\/span><\/span><span class=\"TextRun SCXW229318077 BCX0\" lang=\"EN-US\" xml:lang=\"EN-US\" data-contrast=\"auto\"> <span class=\"NormalTextRun SpellingErrorV2 SCXW229318077 BCX0\">oleva<\/span> <span class=\"NormalTextRun SpellingErrorV2 SCXW229318077 BCX0\">hanke<\/span> <span class=\"NormalTextRun SpellingErrorV2 SCXW229318077 BCX0\">tunnetaan<\/span> <span class=\"NormalTextRun SpellingErrorV2 SCXW229318077 BCX0\">tuttavallisemmin<\/span> <span class=\"NormalTextRun SpellingErrorV2 SCXW229318077 BCX0\">nimell\u00e4<\/span> <\/span><span class=\"TextRun SCXW229318077 BCX0\" lang=\"EN-US\" xml:lang=\"EN-US\" data-contrast=\"auto\"><span class=\"NormalTextRun SpellingErrorV2 SCXW229318077 BCX0\">KieliVaka<\/span><\/span><span class=\"TextRun SCXW229318077 BCX0\" lang=\"EN-US\" xml:lang=\"EN-US\" data-contrast=\"auto\"><span class=\"NormalTextRun SCXW229318077 BCX0\">. <\/span><span class=\"NormalTextRun CommentStart SpellingErrorV2 SCXW229318077 BCX0\">Kielituetut<\/span> <span class=\"NormalTextRun SpellingErrorV2 SCXW229318077 BCX0\">varhaiskasvatuksen<\/span> <span class=\"NormalTextRun SpellingErrorV2 SCXW229318077 BCX0\">perusopinnot<\/span> <span class=\"NormalTextRun SpellingErrorV2 SCXW229318077 BCX0\">sis\u00e4lt\u00e4v\u00e4t<\/span> <span class=\"NormalTextRun SpellingErrorV2 SCXW229318077 BCX0\">varhaiskasvatukseen<\/span> <span class=\"NormalTextRun SpellingErrorV2 SCXW229318077 BCX0\">suuntautuvat<\/span> <span class=\"NormalTextRun SpellingErrorV2 SCXW229318077 BCX0\">kasvatustieteellisen<\/span> <span class=\"NormalTextRun SpellingErrorV2 SCXW229318077 BCX0\">alan<\/span> <span class=\"NormalTextRun SpellingErrorV2 SCXW229318077 BCX0\">perusopinnot<\/span><span class=\"NormalTextRun SCXW229318077 BCX0\"> 25 <\/span><span class=\"NormalTextRun SpellingErrorV2 SCXW229318077 BCX0\">opintopistett\u00e4<\/span><span class=\"NormalTextRun SCXW229318077 BCX0\"> (op) <\/span><span class=\"NormalTextRun SpellingErrorV2 SCXW229318077 BCX0\">sek\u00e4<\/span> <span class=\"NormalTextRun SpellingErrorV2 SCXW229318077 BCX0\">suomen<\/span> <span class=\"NormalTextRun SpellingErrorV2 SCXW229318077 BCX0\">kielen<\/span> <span class=\"NormalTextRun SpellingErrorV2 SCXW229318077 BCX0\">opetusta<\/span><span class=\"NormalTextRun SCXW229318077 BCX0\"> 6 op. <\/span><span class=\"NormalTextRun SpellingErrorV2 SCXW229318077 BCX0\">Opintoihin<\/span> <span class=\"NormalTextRun SpellingErrorV2 SCXW229318077 BCX0\">kuuluu<\/span> <span class=\"NormalTextRun SpellingErrorV2 SCXW229318077 BCX0\">my\u00f6s<\/span> <span class=\"NormalTextRun SpellingErrorV2 SCXW229318077 BCX0\">opiskelutaitojen<\/span> <span class=\"NormalTextRun SpellingErrorV2 SCXW229318077 BCX0\">opetusta<\/span><span class=\"NormalTextRun SCXW229318077 BCX0\"> ja <\/span><span class=\"NormalTextRun SpellingErrorV2 SCXW229318077 BCX0\">henkil\u00f6kohtaista<\/span> <span class=\"NormalTextRun SpellingErrorV2 SCXW229318077 BCX0\">ohjausta<\/span><span class=\"NormalTextRun SCXW229318077 BCX0\">; <\/span><span class=\"NormalTextRun SpellingErrorV2 SCXW229318077 BCX0\">n\u00e4ist\u00e4<\/span> <span class=\"NormalTextRun SpellingErrorV2 SCXW229318077 BCX0\">vastaavat<\/span> <span class=\"NormalTextRun SpellingErrorV2 SCXW229318077 BCX0\">opintojen<\/span> <span class=\"NormalTextRun SpellingErrorV2 SCXW229318077 BCX0\">tutoropettaja<\/span> <span class=\"NormalTextRun SpellingErrorV2 SCXW229318077 BCX0\">sek\u00e4<\/span> <span class=\"NormalTextRun SpellingErrorV2 SCXW229318077 BCX0\">suomen<\/span> <span class=\"NormalTextRun SpellingErrorV2 SCXW229318077 BCX0\">kielen<\/span> <span class=\"NormalTextRun SpellingErrorV2 SCXW229318077 BCX0\">opettajat<\/span><span class=\"NormalTextRun SCXW229318077 BCX0\">. <\/span><span class=\"NormalTextRun SpellingErrorV2 SCXW229318077 BCX0\">KieliVakan<\/span> <span class=\"NormalTextRun SpellingErrorV2 SCXW229318077 BCX0\">kasvatustieteen<\/span> <span class=\"NormalTextRun SpellingErrorV2 SCXW229318077 BCX0\">perusopinnot<\/span> <span class=\"NormalTextRun SpellingErrorV2 SCXW229318077 BCX0\">toteutetaan<\/span> <span class=\"NormalTextRun SpellingErrorV2 SCXW229318077 BCX0\">yhteisty\u00f6ss\u00e4<\/span> <span class=\"NormalTextRun SCXW229318077 BCX0\">It\u00e4-<\/span><span class=\"NormalTextRun SpellingErrorV2 SCXW229318077 BCX0\">Suomen<\/span> <span class=\"NormalTextRun SpellingErrorV2 SCXW229318077 BCX0\">yliopiston<\/span><span class=\"NormalTextRun SCXW229318077 BCX0\"> ja <\/span><span class=\"NormalTextRun SCXW229318077 BCX0\">Helsingin<\/span> <span class=\"NormalTextRun SpellingErrorV2 SCXW229318077 BCX0\">yliopiston<\/span> <span class=\"NormalTextRun SpellingErrorV2 SCXW229318077 BCX0\">kanssa<\/span><span class=\"NormalTextRun SCXW229318077 BCX0\">. <\/span><span class=\"NormalTextRun SCXW229318077 BCX0\">It\u00e4-<\/span><span class=\"NormalTextRun SpellingErrorV2 SCXW229318077 BCX0\">Suomen<\/span> <span class=\"NormalTextRun SpellingErrorV2 SCXW229318077 BCX0\">yliopisto<\/span> <span class=\"NormalTextRun SpellingErrorV2 SCXW229318077 BCX0\">vastaa<\/span> <span class=\"NormalTextRun SpellingErrorV2 SCXW229318077 BCX0\">perusopintojen<\/span> <span class=\"NormalTextRun SpellingErrorV2 SCXW229318077 BCX0\">tarjoamisesta<\/span><span class=\"NormalTextRun SCXW229318077 BCX0\">, <\/span><span class=\"NormalTextRun SpellingErrorV2 SCXW229318077 BCX0\">varhaiskasvatuksen<\/span> <span class=\"NormalTextRun SpellingErrorV2 SCXW229318077 BCX0\">opintojen<\/span> <span class=\"NormalTextRun SpellingErrorV2 SCXW229318077 BCX0\">substanssituesta<\/span> <span class=\"NormalTextRun SpellingErrorV2 SCXW229318077 BCX0\">sek\u00e4<\/span> <span class=\"NormalTextRun SpellingErrorV2 SCXW229318077 BCX0\">osittaisesta<\/span> <span class=\"NormalTextRun SpellingErrorV2 SCXW229318077 BCX0\">suomen<\/span> <span class=\"NormalTextRun SpellingErrorV2 SCXW229318077 BCX0\">kielen<\/span> <span class=\"NormalTextRun SpellingErrorV2 SCXW229318077 BCX0\">opetuksesta<\/span><span class=\"NormalTextRun SCXW229318077 BCX0\">. <\/span><span class=\"NormalTextRun SpellingErrorV2 SCXW229318077 BCX0\">Suomen<\/span> <span class=\"NormalTextRun SpellingErrorV2 SCXW229318077 BCX0\">kielen<\/span> <span class=\"NormalTextRun SpellingErrorV2 SCXW229318077 BCX0\">opetus<\/span><span class=\"NormalTextRun SCXW229318077 BCX0\"> on <\/span><span class=\"NormalTextRun SpellingErrorV2 SCXW229318077 BCX0\">jaettu<\/span> <span class=\"NormalTextRun SpellingErrorV2 SCXW229318077 BCX0\">kolmen<\/span> <span class=\"NormalTextRun SpellingErrorV2 SCXW229318077 BCX0\">yliopiston<\/span><span class=\"NormalTextRun SCXW229318077 BCX0\">, <\/span><span class=\"NormalTextRun SCXW229318077 BCX0\">Tampereen<\/span><span class=\"NormalTextRun SCXW229318077 BCX0\">, <\/span><span class=\"NormalTextRun SCXW229318077 BCX0\">Helsingin<\/span><span class=\"NormalTextRun SCXW229318077 BCX0\"> ja <\/span><span class=\"NormalTextRun SCXW229318077 BCX0\">It\u00e4-<\/span><span class=\"NormalTextRun SpellingErrorV2 SCXW229318077 BCX0\">Suomen<\/span> <span class=\"NormalTextRun SpellingErrorV2 SCXW229318077 BCX0\">yliopiston<\/span> <span class=\"NormalTextRun SpellingErrorV2 SCXW229318077 BCX0\">kesken<\/span><span class=\"NormalTextRun SCXW229318077 BCX0\">. <\/span><\/span><span class=\"EOP TrackedChange SCXW229318077 BCX0\" data-ccp-props=\"{&quot;201341983&quot;:0,&quot;335551550&quot;:6,&quot;335551620&quot;:6,&quot;335559739&quot;:160,&quot;335559740&quot;:257}\">\u00a0<\/span><\/p>\n<div id=\"attachment_1454\" style=\"width: 653px\" class=\"wp-caption aligncenter\"><img loading=\"lazy\" decoding=\"async\" aria-describedby=\"caption-attachment-1454\" class=\"size-full wp-image-1454\" src=\"https:\/\/blogs.uef.fi\/parasta-aikaa-varhaiskasvatuksessa\/wp-content\/uploads\/sites\/93\/2022\/01\/Venla-1.jpg\" alt=\"\" width=\"643\" height=\"337\" srcset=\"https:\/\/blogs.uef.fi\/parasta-aikaa-varhaiskasvatuksessa\/wp-content\/uploads\/sites\/93\/2022\/01\/Venla-1.jpg 643w, https:\/\/blogs.uef.fi\/parasta-aikaa-varhaiskasvatuksessa\/wp-content\/uploads\/sites\/93\/2022\/01\/Venla-1-300x157.jpg 300w\" sizes=\"auto, (max-width: 643px) 100vw, 643px\" \/><p id=\"caption-attachment-1454\" class=\"wp-caption-text\">Kuvituskuva 1. Pixabay<\/p><\/div>\n<p style=\"text-align: justify\"><span class=\"NormalTextRun CommentStart SpellingErrorV2   BCX0 DefaultHighlightTransition SCXW244809175\">KieliVakan<\/span> <span class=\"NormalTextRun SpellingErrorV2  BCX0 SCXW244809175\">opinnot<\/span> <span class=\"NormalTextRun SpellingErrorV2  BCX0 SCXW244809175\">ovat<\/span> <span class=\"NormalTextRun SpellingErrorV2  BCX0 SCXW244809175\">k\u00e4ynnistyneet<\/span> <span class=\"NormalTextRun  BCX0 SCXW244809175\">It\u00e4-<\/span><span class=\"NormalTextRun SpellingErrorV2  BCX0 SCXW244809175\">Suomen<\/span> <span class=\"NormalTextRun SpellingErrorV2  BCX0 SCXW244809175\">yliopistolla<\/span> <span class=\"NormalTextRun SpellingErrorV2  BCX0 SCXW244809175\">syksyll\u00e4<\/span><span class=\"NormalTextRun  BCX0 SCXW244809175\"> 2021 ja <\/span><span class=\"NormalTextRun SpellingErrorV2  BCX0 SCXW244809175\">kielituetuissa<\/span> <span class=\"NormalTextRun SpellingErrorV2  BCX0 SCXW244809175\">kasvatustieteen<\/span> <span class=\"NormalTextRun SpellingErrorV2  BCX0 SCXW244809175\">perusopinnoissa<\/span><span class=\"NormalTextRun  BCX0 SCXW244809175\"> on <\/span><span class=\"NormalTextRun SpellingErrorV2  BCX0 SCXW244809175\">aloittanut<\/span> <span class=\"NormalTextRun  BCX0 SCXW244809175\">22<\/span> <span class=\"NormalTextRun SpellingErrorV2  BCX0 SCXW244809175\">opiskelijaa<\/span><span class=\"NormalTextRun  BCX0 SCXW244809175\">, <\/span><span class=\"NormalTextRun SpellingErrorV2  BCX0 SCXW244809175\">jotka<\/span> <span class=\"NormalTextRun SpellingErrorV2  BCX0 SCXW244809175\">muodostavat<\/span> <span class=\"NormalTextRun SpellingErrorV2  BCX0 SCXW244809175\">hyvin<\/span> <span class=\"NormalTextRun SpellingErrorV2  BCX0 SCXW244809175\">kansainv\u00e4lisen<\/span> <span class=\"NormalTextRun SpellingErrorV2  BCX0 DefaultHighlightTransition SCXW244809175\">ryhm\u00e4n<\/span><span class=\"NormalTextRun  BCX0 SCXW244809175\">. <\/span><span class=\"NormalTextRun SpellingErrorV2  BCX0 SCXW244809175\">Opiskelijat<\/span> <span class=\"NormalTextRun SpellingErrorV2  BCX0 SCXW244809175\">ovat<\/span> <span class=\"NormalTextRun SpellingErrorV2  BCX0 SCXW244809175\">kotoisin<\/span> <span class=\"NormalTextRun SpellingErrorV2  BCX0 SCXW244809175\">ymp\u00e4ri<\/span> <span class=\"NormalTextRun SpellingErrorV2  BCX0 SCXW244809175\">maailmaa<\/span> <span class=\"NormalTextRun SpellingErrorV2  BCX0 SCXW244809175\">Euroopasta<\/span><span class=\"NormalTextRun  BCX0 SCXW244809175\">, <\/span><span class=\"NormalTextRun SpellingErrorV2  BCX0 SCXW244809175\">Aasiasta<\/span><span class=\"NormalTextRun  BCX0 SCXW244809175\">, <\/span><span class=\"NormalTextRun SpellingErrorV2  BCX0 SCXW244809175\">Australiasta<\/span> <span class=\"NormalTextRun SpellingErrorV2  BCX0 SCXW244809175\">sek\u00e4<\/span> <span class=\"NormalTextRun  BCX0 SCXW244809175\">Etel\u00e4-<\/span><span class=\"NormalTextRun SpellingErrorV2  BCX0 DefaultHighlightTransition SCXW244809175\">Amerikasta<\/span><span class=\"NormalTextRun  BCX0 SCXW244809175\">.<\/span><\/p>\n<p style=\"text-align: center\"><span class=\"TextRun SCXW120226189 BCX0\" lang=\"EN-US\" xml:lang=\"EN-US\" data-contrast=\"auto\"><span class=\"NormalTextRun SCXW120226189 BCX0\">\u201d<\/span><em><span class=\"NormalTextRun SpellingErrorV2 SCXW120226189 BCX0\">T\u00e4ss\u00e4<\/span> <span class=\"NormalTextRun SpellingErrorV2 SCXW120226189 BCX0\">hankkeessa<\/span><span class=\"NormalTextRun SCXW120226189 BCX0\"> on <\/span><span class=\"NormalTextRun SpellingErrorV2 SCXW120226189 BCX0\">valtavan<\/span> <span class=\"NormalTextRun SpellingErrorV2 SCXW120226189 BCX0\">paljon<\/span> <span class=\"NormalTextRun SpellingErrorV2 SCXW120226189 BCX0\">potentiaalia<\/span><span class=\"NormalTextRun SCXW120226189 BCX0\"> ja <\/span><span class=\"NormalTextRun SpellingErrorV2 SCXW120226189 BCX0\">mahdollisuuksia<\/span> <span class=\"NormalTextRun SpellingErrorV2 SCXW120226189 BCX0\">moneen<\/span><span class=\"NormalTextRun SCXW120226189 BCX0\">. On <\/span><span class=\"NormalTextRun SpellingErrorV2 SCXW120226189 BCX0\">upeaa<\/span><span class=\"NormalTextRun SCXW120226189 BCX0\"> olla <\/span><span class=\"NormalTextRun SpellingErrorV2 SCXW120226189 BCX0\">rakentamassa<\/span> <span class=\"NormalTextRun SpellingErrorV2 SCXW120226189 BCX0\">uudenlaista<\/span><span class=\"NormalTextRun SCXW120226189 BCX0\">, <\/span><span class=\"NormalTextRun SpellingErrorV2 SCXW120226189 BCX0\">moniammatillista<\/span> <span class=\"NormalTextRun SpellingErrorV2 SCXW120226189 BCX0\">koulutusv\u00e4yl\u00e4\u00e4<\/span> <span class=\"NormalTextRun SpellingErrorV2 SCXW120226189 BCX0\">varhaiskasvatuksen<\/span> <span class=\"NormalTextRun SpellingErrorV2 SCXW120226189 BCX0\">yliopistokoulutukseen<\/span><span class=\"NormalTextRun SCXW120226189 BCX0\"> ja <\/span><span class=\"NormalTextRun SpellingErrorV2 SCXW120226189 BCX0\">samanaikaisesti<\/span> <span class=\"NormalTextRun SpellingErrorV2 SCXW120226189 BCX0\">tukea<\/span> <span class=\"NormalTextRun SpellingErrorV2 SCXW120226189 BCX0\">maahanmuuttajataustaisen<\/span> <span class=\"NormalTextRun SpellingErrorV2 SCXW120226189 BCX0\">opiskelijoiden<\/span> <span class=\"NormalTextRun SpellingErrorV2 SCXW120226189 BCX0\">koulutus<\/span><span class=\"NormalTextRun SCXW120226189 BCX0\">&#8211; ja <\/span><span class=\"NormalTextRun SpellingErrorV2 SCXW120226189 BCX0\">urapolkuja<\/span><span class=\"NormalTextRun SCXW120226189 BCX0\">. <\/span><span class=\"NormalTextRun SpellingErrorV2 SCXW120226189 BCX0\">T\u00e4m\u00e4n<\/span> <span class=\"NormalTextRun SpellingErrorV2 SCXW120226189 BCX0\">kokoinen<\/span> <span class=\"NormalTextRun SpellingErrorV2 SCXW120226189 BCX0\">ryhm\u00e4<\/span><span class=\"NormalTextRun SCXW120226189 BCX0\"> ja <\/span><span class=\"NormalTextRun SpellingErrorV2 SCXW120226189 BCX0\">s\u00e4\u00e4nn\u00f6lliset<\/span> <span class=\"NormalTextRun SpellingErrorV2 SCXW120226189 BCX0\">tapaamiset<\/span> <span class=\"NormalTextRun SpellingErrorV2 SCXW120226189 BCX0\">ovat<\/span> <span class=\"NormalTextRun SpellingErrorV2 SCXW120226189 BCX0\">saaneet<\/span> <span class=\"NormalTextRun SpellingErrorV2 SCXW120226189 BCX0\">aikaan<\/span> <span class=\"NormalTextRun SpellingErrorV2 SCXW120226189 BCX0\">vahvan<\/span> <span class=\"NormalTextRun SpellingErrorV2 SCXW120226189 BCX0\">yhteenkuulumisen<\/span> <span class=\"NormalTextRun SpellingErrorV2 SCXW120226189 BCX0\">tunteen<\/span> <span class=\"NormalTextRun SpellingErrorV2 SCXW120226189 BCX0\">sek\u00e4<\/span> <span class=\"NormalTextRun SpellingErrorV2 SCXW120226189 BCX0\">hyv\u00e4n<\/span><span class=\"NormalTextRun SCXW120226189 BCX0\"> me-<\/span><span class=\"NormalTextRun SpellingErrorV2 SCXW120226189 BCX0\">hengen<\/span><span class=\"NormalTextRun SCXW120226189 BCX0\">. <\/span><span class=\"NormalTextRun SpellingErrorV2 SCXW120226189 BCX0\">T\u00e4t\u00e4<\/span> <span class=\"NormalTextRun SpellingErrorV2 SCXW120226189 BCX0\">ryhm\u00e4\u00e4<\/span><span class=\"NormalTextRun SCXW120226189 BCX0\"> on <\/span><span class=\"NormalTextRun SpellingErrorV2 SCXW120226189 BCX0\">mielett\u00f6m\u00e4n<\/span> <span class=\"NormalTextRun SpellingErrorV2 SCXW120226189 BCX0\">ihanaa<\/span> <span class=\"NormalTextRun SpellingErrorV2 SCXW120226189 BCX0\">tavata<\/span><span class=\"NormalTextRun SCXW120226189 BCX0\">; <\/span><span class=\"NormalTextRun SpellingErrorV2 SCXW120226189 BCX0\">sek\u00e4<\/span> <span class=\"NormalTextRun SpellingErrorV2 SCXW120226189 BCX0\">ammatillisesti<\/span><span class=\"NormalTextRun SCXW120226189 BCX0\">, <\/span><span class=\"NormalTextRun SpellingErrorV2 SCXW120226189 BCX0\">ett\u00e4<\/span> <span class=\"NormalTextRun SpellingErrorV2 SCXW120226189 BCX0\">henkisesti<\/span><span class=\"NormalTextRun SCXW120226189 BCX0\">. <\/span><span class=\"NormalTextRun SpellingErrorV2 SCXW120226189 BCX0\">Opiskelijat<\/span> <span class=\"NormalTextRun SpellingErrorV2 SCXW120226189 BCX0\">ovat<\/span> <span class=\"NormalTextRun SpellingErrorV2 SCXW120226189 BCX0\">hyvin<\/span> <span class=\"NormalTextRun SpellingErrorV2 SCXW120226189 BCX0\">motivoituneita<\/span><span class=\"NormalTextRun SCXW120226189 BCX0\"> ja <\/span><span class=\"NormalTextRun SpellingErrorV2 SCXW120226189 BCX0\">heist\u00e4<\/span> <span class=\"NormalTextRun SpellingErrorV2 SCXW120226189 BCX0\">huokuu<\/span> <span class=\"NormalTextRun SpellingErrorV2 SCXW120226189 BCX0\">innostus<\/span><span class=\"NormalTextRun SCXW120226189 BCX0\">. On <\/span><span class=\"NormalTextRun SpellingErrorV2 SCXW120226189 BCX0\">hienoa<\/span><span class=\"NormalTextRun SCXW120226189 BCX0\"> olla <\/span><span class=\"NormalTextRun SpellingErrorV2 SCXW120226189 BCX0\">t\u00e4ss\u00e4<\/span> <span class=\"NormalTextRun SpellingErrorV2 SCXW120226189 BCX0\">mukana<\/span><span class=\"NormalTextRun SCXW120226189 BCX0\"> ja <\/span><span class=\"NormalTextRun SpellingErrorV2 SCXW120226189 BCX0\">juuri<\/span> <span class=\"NormalTextRun SpellingErrorV2 SCXW120226189 BCX0\">heid\u00e4n<\/span> <span class=\"NormalTextRun SpellingErrorV2 SCXW120226189 BCX0\">kanssaan<\/span><\/em><span class=\"NormalTextRun SCXW120226189 BCX0\"><em>.<\/em>\u201d<br \/>\n<\/span><\/span><span class=\"TextRun SCXW120226189 BCX0\" lang=\"EN-US\" xml:lang=\"EN-US\" data-contrast=\"auto\"><span class=\"NormalTextRun SpellingErrorV2 SCXW120226189 BCX0\">Tutoropettaja<\/span> <span class=\"NormalTextRun SCXW120226189 BCX0\">Venla<\/span> <span class=\"NormalTextRun SCXW120226189 BCX0\">Hyt\u00f6nen<\/span><\/span><span class=\"EOP SCXW120226189 BCX0\" data-ccp-props=\"{&quot;201341983&quot;:0,&quot;335551550&quot;:6,&quot;335551620&quot;:6,&quot;335559685&quot;:1440,&quot;335559739&quot;:160,&quot;335559740&quot;:276}\">\u00a0<\/span><\/p>\n<p style=\"text-align: justify\"><span class=\"TextRun SCXW172822812 BCX0\" lang=\"EN-US\" xml:lang=\"EN-US\" data-contrast=\"auto\"><span class=\"NormalTextRun SpellingErrorV2 SCXW172822812 BCX0\">KieliVaka<\/span> <span class=\"NormalTextRun SpellingErrorV2 SCXW172822812 BCX0\">vastaa<\/span> <span class=\"NormalTextRun SpellingErrorV2 SCXW172822812 BCX0\">osaltaan<\/span> <span class=\"NormalTextRun SpellingErrorV2 SCXW172822812 BCX0\">joustavien<\/span> <span class=\"NormalTextRun SpellingErrorV2 SCXW172822812 BCX0\">koulutuspolkujen<\/span> <span class=\"NormalTextRun SpellingErrorV2 SCXW172822812 BCX0\">lis\u00e4\u00e4misen<\/span> <span class=\"NormalTextRun SpellingErrorV2 SCXW172822812 BCX0\">tarpeeseen<\/span><span class=\"NormalTextRun SCXW172822812 BCX0\"> ja <\/span><span class=\"NormalTextRun SpellingErrorV2 SCXW172822812 BCX0\">osittain<\/span> <span class=\"NormalTextRun SpellingErrorV2 SCXW172822812 BCX0\">uusien<\/span> <span class=\"NormalTextRun SpellingErrorV2 SCXW172822812 BCX0\">koulutuspolkujen<\/span> <span class=\"NormalTextRun SpellingErrorV2 SCXW172822812 BCX0\">avaamiseen<\/span><span class=\"NormalTextRun SCXW172822812 BCX0\"> (<\/span><span class=\"NormalTextRun SpellingErrorV2 SCXW172822812 BCX0\">Opetus<\/span><span class=\"NormalTextRun SCXW172822812 BCX0\">&#8211; ja <\/span><span class=\"NormalTextRun SpellingErrorV2 SCXW172822812 BCX0\">kulttuuriministeri\u00f6<\/span><span class=\"NormalTextRun SCXW172822812 BCX0\"> 2021). <\/span><span class=\"NormalTextRun SpellingErrorV2 SCXW172822812 BCX0\">Suoritettuaan<\/span> <span class=\"NormalTextRun SpellingErrorV2 SCXW172822812 BCX0\">kasvatustieteen<\/span> <span class=\"NormalTextRun SpellingErrorV2 SCXW172822812 BCX0\">perusopinnot<\/span> <span class=\"NormalTextRun SpellingErrorV2 SCXW172822812 BCX0\">opiskelijat<\/span> <span class=\"NormalTextRun SpellingErrorV2 SCXW172822812 BCX0\">voivat<\/span> <span class=\"NormalTextRun SpellingErrorV2 SCXW172822812 BCX0\">hakeutua<\/span> <span class=\"NormalTextRun SpellingErrorV2 SCXW172822812 BCX0\">opiskelemaan<\/span> <span class=\"NormalTextRun SpellingErrorV2 SCXW172822812 BCX0\">varhaiskasvatuksen<\/span> <span class=\"NormalTextRun SpellingErrorV2 SCXW172822812 BCX0\">opettajaksi<\/span> <span class=\"NormalTextRun CommentStart SpellingErrorV2 SCXW172822812 BCX0\">johtavaan <\/span><span class=\"NormalTextRun SpellingErrorV2 SCXW172822812 BCX0\">perustutkintokoulutukseen<\/span> <span class=\"NormalTextRun SCXW172822812 BCX0\">(KK) <\/span><span class=\"NormalTextRun SpellingErrorV2 SCXW172822812 BCX0\">avoimen<\/span> <span class=\"NormalTextRun SpellingErrorV2 SCXW172822812 BCX0\">v\u00e4yl\u00e4n<\/span> <span class=\"NormalTextRun SpellingErrorV2 SCXW172822812 BCX0\">kautta<\/span><span class=\"NormalTextRun SCXW172822812 BCX0\"> tai <\/span><span class=\"NormalTextRun SpellingErrorV2 SCXW172822812 BCX0\">ositta<\/span><span class=\"NormalTextRun SpellingErrorV2 SCXW172822812 BCX0\">in<\/span> <span class=\"NormalTextRun SpellingErrorV2 SCXW172822812 BCX0\">ty\u00f6n<\/span> <span class=\"NormalTextRun SpellingErrorV2 SCXW172822812 BCX0\">ohella<\/span> <span class=\"NormalTextRun SpellingErrorV2 SCXW172822812 BCX0\">tapahtuvaan<\/span> <span class=\"NormalTextRun SpellingErrorV2 SCXW172822812 BCX0\">valtavakunnalliseen<\/span> <span class=\"NormalTextRun SpellingErrorV2 SCXW172822812 BCX0\">monimuotokoulutukseen<\/span><span class=\"NormalTextRun SCXW172822812 BCX0\"> (1000+).<\/span><\/span><\/p>\n<div id=\"attachment_1457\" style=\"width: 1611px\" class=\"wp-caption aligncenter\"><img loading=\"lazy\" decoding=\"async\" aria-describedby=\"caption-attachment-1457\" class=\"size-full wp-image-1457\" src=\"https:\/\/blogs.uef.fi\/parasta-aikaa-varhaiskasvatuksessa\/wp-content\/uploads\/sites\/93\/2022\/01\/Venla2.jpg\" alt=\"\" width=\"1601\" height=\"1066\" srcset=\"https:\/\/blogs.uef.fi\/parasta-aikaa-varhaiskasvatuksessa\/wp-content\/uploads\/sites\/93\/2022\/01\/Venla2.jpg 1601w, https:\/\/blogs.uef.fi\/parasta-aikaa-varhaiskasvatuksessa\/wp-content\/uploads\/sites\/93\/2022\/01\/Venla2-300x200.jpg 300w, https:\/\/blogs.uef.fi\/parasta-aikaa-varhaiskasvatuksessa\/wp-content\/uploads\/sites\/93\/2022\/01\/Venla2-1024x682.jpg 1024w, https:\/\/blogs.uef.fi\/parasta-aikaa-varhaiskasvatuksessa\/wp-content\/uploads\/sites\/93\/2022\/01\/Venla2-768x511.jpg 768w, https:\/\/blogs.uef.fi\/parasta-aikaa-varhaiskasvatuksessa\/wp-content\/uploads\/sites\/93\/2022\/01\/Venla2-1536x1023.jpg 1536w\" sizes=\"auto, (max-width: 1601px) 100vw, 1601px\" \/><p id=\"caption-attachment-1457\" class=\"wp-caption-text\">Kuvituskuva 2. Pixabay<\/p><\/div>\n<p style=\"text-align: justify\"><span data-contrast=\"auto\">Tuoreessa v\u00e4it\u00f6stutkimuksessa on tarkastelu eri kieli- ja kulttuuritaustaisten lasten osallisuutta ja oppimista varhaiskasvatuksessa (Arvola 2021). Tutkimuksen tulokset osoittavat eri kieli- ja kulttuuritaustoista tulevien lasten tarvitsevan erityisesti tukea varhaiskasvatuksen toimintakulttuuriin kiinnittymiseen sosiaalisissa tilanteissa sek\u00e4 toisen kielen ja metakognitiivisten taitojen oppimisessa. Erilaiset t\u00e4ydennyskoulutukset ovat olleet merkitt\u00e4v\u00e4 keino monikulttuurisen ja kulttuurisensitiivisen osaamisen vahvistamisessa varhaiskasvatuksessa (Layne 2016; Layne &amp; Lipponen 2016). N\u00e4iden ohella on kuitenkin ehdottoman t\u00e4rke\u00e4\u00e4 vahvistaa ja lis\u00e4t\u00e4 my\u00f6s vuorovaikutteista kulttuurista ymm\u00e4rryst\u00e4. T\u00e4m\u00e4 onnistuu vain lis\u00e4\u00e4m\u00e4ll\u00e4 erilaisista kulttuuri- ja kielitaustoista tulevien ammattilaisten osuutta varhaiskasvatuksessa (Arvola 2021, ETNO 2019). Moninaistuvassa yhteiskunnassa on my\u00f6s hyv\u00e4 laajentaa ymm\u00e4rryst\u00e4 erilaisista kulttuurisista uskomuksista ja k\u00e4yt\u00e4nn\u00f6ist\u00e4 (Parrish &amp; Linder-VanBerschot 2010) my\u00f6s varhaiskasvatuksen kontekstissa. T\u00e4m\u00e4 mahdollistuu vahvistamalla kieli- ja kulttuuriosaamista varhaiskasvatuksessa.<\/span><span data-ccp-props=\"{&quot;201341983&quot;:0,&quot;335551550&quot;:6,&quot;335551620&quot;:6,&quot;335559739&quot;:160,&quot;335559740&quot;:257}\">\u00a0<\/span><\/p>\n<p style=\"text-align: justify\"><span data-contrast=\"auto\">Monikulttuurisen ja kulttuurisensitiivisen osaamisen olemassaolo on ensiarvoisen t\u00e4rke\u00e4\u00e4 lasten osallisuuden tukemisessa ja vertaissuhteiden muodostumisessa. Erityisesti n\u00e4m\u00e4 tarpeet n\u00e4ytt\u00e4ytyiv\u00e4t leikkiin ja mielikuvitusleikkiin kiinnittymisess\u00e4 ja yhteisen tietoisuuden jakamisessa. N\u00e4it\u00e4 voidaan tukea lis\u00e4\u00e4m\u00e4ll\u00e4 varhaiskasvatuksen henkil\u00f6st\u00f6n kieli- ja kulttuuritietoisuutta ja mahdollistamalla n\u00e4in kulttuurisesti responsiivisen pedagogiikan toteutumista. (Arvola 2021.)<\/span><span data-ccp-props=\"{&quot;201341983&quot;:0,&quot;335551550&quot;:6,&quot;335551620&quot;:6,&quot;335559739&quot;:160,&quot;335559740&quot;:257}\">\u00a0<\/span><\/p>\n<p><span data-contrast=\"auto\">KieliVaka-hankkeen johtaja Tea Sepp\u00e4l\u00e4 (2022) Tampereen yliopistosta painottaa pilotin olevan hyvin ajankohtainen:<\/span><\/p>\n<p style=\"text-align: center\"><em>\u201dVarhaiskasvatuksen kent\u00e4ll\u00e4 on asiakkaina paljon eri kulttuuritaustaisia lapsia ja perheit\u00e4, jotka tarvitsevat kieli-ja kulttuuriosaamista omaavia pedagogeja. Samalla suomenkieliset varhaiskasvattajat saavat perheit\u00e4 varten kieli- ja kulttuuritulkkeja kollegoiksi.\u00a0 Heid\u00e4n osaamistaan tarvitaan ja innolla odotetaan. Onneksi ryhm\u00e4 on pysynyt hyvin koossa ja opinnot edenneet kiitett\u00e4v\u00e4sti. Kiitokset heille ahkeruudesta ja sinnikkyydest\u00e4. \u201d \u00a0<\/em><\/p>\n<h4><b><span data-contrast=\"auto\"><br \/>\nMonikulttuurisuus ja -kielisyys sek\u00e4 joustavat koulutuspolut<\/span><\/b><span data-ccp-props=\"{&quot;201341983&quot;:0,&quot;335551550&quot;:6,&quot;335551620&quot;:6,&quot;335559739&quot;:160,&quot;335559740&quot;:257}\"><\/p>\n<p><\/span><\/h4>\n<p style=\"text-align: justify\"><span data-contrast=\"auto\">KieliVaka astuu suuriin saappaisiin ja lis\u00e4\u00e4 vastuuta sek\u00e4 hankkeessa ty\u00f6skenteleville, ett\u00e4 tulevaisuuden koulutuksille. Kuinka voidaan huomioida eri kieli- ja kulttuuritaustoista tulevien opiskelijoiden joustavat koulutuspolut, niiden monimuoto- ja verkko-opinnot sek\u00e4 samanaikaisesti huolehtia opiskelijoiden jaksamisesta? Yliopistotasoisten opintojen suorittaminen on jo itsess\u00e4\u00e4n vaativaa ja opinnot edellytt\u00e4v\u00e4t opiskelijalta itseohjautuvuutta sek\u00e4 harjaantuneita opiskelutaitoja.\u00a0 Erityisen t\u00e4rke\u00e4\u00e4 on mietti\u00e4 rakennettavia koulutuspolkuja saavutettavuuden n\u00e4k\u00f6kulmasta; kuinka hyvin yliopistot vastaavat t\u00e4h\u00e4n. KARVI:n toteuttamassa raportissa ensimm\u00e4isen ja toisen asteen opinnoissa kehitt\u00e4misen kohteiksi ovat nousseet monikulttuurisuuden ja monikielisyyden n\u00e4k\u00f6kulman vahvistaminen koulutuksen strategioissa, kielitietoisuuden vakiinnuttaminen osaksi koulutuksen toimintakulttuuria sek\u00e4 n\u00e4ihin tarvittavan osaamisen vahvistaminen (Pirinen 2015).\u00a0 Korkeakouluihin kohdentuvan Raportin (Airas 2019) mukaan korkeakoulut eiv\u00e4t viel\u00e4 tunnista maahanmuuttajataustaisia omana ryhm\u00e4n\u00e4\u00e4n ja n\u00e4in ollen vakiintuneita toiminta malleja opiskelun tukemiseen on vain v\u00e4h\u00e4n. Toimiviksi k\u00e4yt\u00e4nn\u00f6iksi on todettu tutoropettajat, opintojen ohjaajat sek\u00e4 vertaiset \u2013 n\u00e4m\u00e4 kaikki ovat l\u00e4sn\u00e4 KieliVaka-hankkeessa.<\/span><span data-ccp-props=\"{&quot;201341983&quot;:0,&quot;335551550&quot;:6,&quot;335551620&quot;:6,&quot;335559739&quot;:160,&quot;335559740&quot;:257}\">\u00a0<\/span><\/p>\n<div id=\"attachment_1460\" style=\"width: 1611px\" class=\"wp-caption aligncenter\"><img loading=\"lazy\" decoding=\"async\" aria-describedby=\"caption-attachment-1460\" class=\"size-full wp-image-1460\" src=\"https:\/\/blogs.uef.fi\/parasta-aikaa-varhaiskasvatuksessa\/wp-content\/uploads\/sites\/93\/2022\/01\/Venla3.jpg\" alt=\"\" width=\"1601\" height=\"1066\" srcset=\"https:\/\/blogs.uef.fi\/parasta-aikaa-varhaiskasvatuksessa\/wp-content\/uploads\/sites\/93\/2022\/01\/Venla3.jpg 1601w, https:\/\/blogs.uef.fi\/parasta-aikaa-varhaiskasvatuksessa\/wp-content\/uploads\/sites\/93\/2022\/01\/Venla3-300x200.jpg 300w, https:\/\/blogs.uef.fi\/parasta-aikaa-varhaiskasvatuksessa\/wp-content\/uploads\/sites\/93\/2022\/01\/Venla3-1024x682.jpg 1024w, https:\/\/blogs.uef.fi\/parasta-aikaa-varhaiskasvatuksessa\/wp-content\/uploads\/sites\/93\/2022\/01\/Venla3-768x511.jpg 768w, https:\/\/blogs.uef.fi\/parasta-aikaa-varhaiskasvatuksessa\/wp-content\/uploads\/sites\/93\/2022\/01\/Venla3-1536x1023.jpg 1536w\" sizes=\"auto, (max-width: 1601px) 100vw, 1601px\" \/><p id=\"caption-attachment-1460\" class=\"wp-caption-text\">Kuvituskuva 3. Pixabay<\/p><\/div>\n<p style=\"text-align: justify\"><span data-contrast=\"auto\">Tulevaisuudessa on t\u00e4rke\u00e4\u00e4 huomioida maahanmuuttajataustaisten opiskelijoiden tarpeet korkeakouluopintojen j\u00e4rjest\u00e4misess\u00e4. Kohderyhm\u00e4n tunnistaminen ja positiivinen erityiskohtelu yhdenvertaisuus periaatteen rinnalla auttavat j\u00e4rjest\u00e4m\u00e4\u00e4n tarvittavia tukitoimia sek\u00e4 ohjaamaan jatkokoulutukseen. Ajoittaiset \u201dkieliklinikat\u201d ja saatavilla oleva kielituki taas edesauttaisivat opintoihin kiinnittymist\u00e4, teht\u00e4vien loppuunsaattamista sek\u00e4 opinnoista valmistumista. N\u00e4iden ohella on t\u00e4rke\u00e4\u00e4 vahvistaa my\u00f6s hankepohjaisten, toimivien toimintatapojen jalkauttamista yliopiston toimintaan (Airas ym. 2019). Toivottavasti KieliVaka-hanke voisi osaltaan tukea t\u00e4t\u00e4 tarpeiden kohtaamista monikulttuurisen osaamisen vahvistamisessa.\u00a0<\/span><span data-ccp-props=\"{&quot;201341983&quot;:0,&quot;335551550&quot;:6,&quot;335551620&quot;:6,&quot;335559739&quot;:160,&quot;335559740&quot;:257}\">\u00a0<\/span><\/p>\n<p><span data-contrast=\"auto\">Lis\u00e4\u00e4 tietoa KieliVaka-hankkeesta:<\/span> <a href=\"https:\/\/www.tuni.fi\/fi\/tule-opiskelemaan\/kielivaka-kielituetut-varhaiskasvatuksen-perusopinnot-maahanmuuttajille\"><span data-contrast=\"none\">https:\/\/www.tuni.fi\/fi\/tule-opiskelemaan\/kielivaka-kielituetut-varhaiskasvatuksen-perusopinnot-maahanmuuttajille<\/span><\/a><span data-contrast=\"auto\">\u00a0<\/span><span data-ccp-props=\"{&quot;201341983&quot;:0,&quot;335551550&quot;:6,&quot;335551620&quot;:6,&quot;335559739&quot;:160,&quot;335559740&quot;:257}\">\u00a0<\/span><\/p>\n<p><span data-contrast=\"auto\">Rahoittajana toimii Opetus- ja kulttuuriministeri\u00f6.<\/span><span data-ccp-props=\"{&quot;201341983&quot;:0,&quot;335551550&quot;:6,&quot;335551620&quot;:6,&quot;335559739&quot;:160,&quot;335559740&quot;:257}\">\u00a0<\/span><\/p>\n<p>&nbsp;<\/p>\n<p>Kirjoittaja:<\/p>\n<p><img loading=\"lazy\" decoding=\"async\" class=\"alignnone  wp-image-1463\" src=\"https:\/\/blogs.uef.fi\/parasta-aikaa-varhaiskasvatuksessa\/wp-content\/uploads\/sites\/93\/2022\/01\/Venla4.jpg\" alt=\"\" width=\"360\" height=\"312\" srcset=\"https:\/\/blogs.uef.fi\/parasta-aikaa-varhaiskasvatuksessa\/wp-content\/uploads\/sites\/93\/2022\/01\/Venla4.jpg 412w, https:\/\/blogs.uef.fi\/parasta-aikaa-varhaiskasvatuksessa\/wp-content\/uploads\/sites\/93\/2022\/01\/Venla4-300x260.jpg 300w\" sizes=\"auto, (max-width: 360px) 100vw, 360px\" \/><\/p>\n<p><span data-contrast=\"auto\">Venla Hyt\u00f6nen<br \/>\n<\/span><span data-contrast=\"auto\">Yliopisto-opettaja<\/span><span data-ccp-props=\"{&quot;201341983&quot;:0,&quot;335551550&quot;:6,&quot;335551620&quot;:6,&quot;335559739&quot;:160,&quot;335559740&quot;:257}\"><br \/>\n<\/span><span data-contrast=\"auto\">Tutoropettaja KieliVaka-hankkeessa<\/span><span data-ccp-props=\"{&quot;201341983&quot;:0,&quot;335551550&quot;:6,&quot;335551620&quot;:6,&quot;335559739&quot;:160,&quot;335559740&quot;:257}\">\u00a0<\/span><\/p>\n<p>&nbsp;<\/p>\n<p><span data-contrast=\"auto\">L\u00e4hteet<\/span><span data-ccp-props=\"{&quot;201341983&quot;:0,&quot;335551550&quot;:6,&quot;335551620&quot;:6,&quot;335559739&quot;:160,&quot;335559740&quot;:257}\">\u00a0<\/span><\/p>\n<p><i><span data-contrast=\"auto\">Airas, M., Delahunty, D., Laitinen, M., Saarilammi. M-L., Sarparanta, T. Shemsedini, G., Stenberg, H., Vuori, H. &amp; V\u00e4\u00e4t\u00e4inen, H. 2019.\u00a0 TAUSTALLA ON V\u00c4LI\u00c4. Ulkomaalaistaustaiset opiskelijat korkeakoulupolulla . Julkaisut 22:2019. Helsinki: Kansallinen koulutuksen arviointikeskus.<\/span><\/i><span data-ccp-props=\"{&quot;201341983&quot;:0,&quot;335551550&quot;:6,&quot;335551620&quot;:6,&quot;335559739&quot;:160,&quot;335559740&quot;:259}\">\u00a0<\/span><\/p>\n<p><i><span data-contrast=\"auto\">Arvola, O.2021. Varhaiskasvatus eri kieli- ja kulttuuritaustaisten lasten osallisuuden ja oppimisen mahdollistajana. Turun yliopisto: V\u00e4it\u00f6s.\u00a0 <\/span><\/i><a href=\"https:\/\/urn.fi\/URN:ISBN:978-951-29-8468-8\"><i><span data-contrast=\"none\">https:\/\/urn.fi\/URN:ISBN:978-951-29-8468-8<\/span><\/i><\/a><i><span data-contrast=\"auto\"> .<\/span><\/i><span data-ccp-props=\"{&quot;201341983&quot;:0,&quot;335551550&quot;:6,&quot;335551620&quot;:6,&quot;335559739&quot;:160,&quot;335559740&quot;:259}\">\u00a0<\/span><\/p>\n<p><i><span data-contrast=\"auto\">ETNO. (2019). Oikeus kuulua joukkoon \u2013 Ehdotuksia monikulttuuristen nuorten yhteenkuuluvuuden vahvistamiseksi suomalaisessa yhteiskunnassa. Etnisten suhteiden neuvottelukunta ETNO.<\/span><\/i><span data-ccp-props=\"{&quot;201341983&quot;:0,&quot;335551550&quot;:6,&quot;335551620&quot;:6,&quot;335559739&quot;:160,&quot;335559740&quot;:259}\">\u00a0<\/span><\/p>\n<p><i><span data-contrast=\"auto\">Layne, H. (2016).\u201cContact zones\u201d in Finnish (intercultural) education. V\u00e4it\u00f6skirja. Helsinki: Helsingin yliopisto.<\/span><\/i><span data-ccp-props=\"{&quot;201341983&quot;:0,&quot;335551550&quot;:6,&quot;335551620&quot;:6,&quot;335559739&quot;:160,&quot;335559740&quot;:259}\">\u00a0<\/span><\/p>\n<p><i><span data-contrast=\"auto\">Layne, H., &amp; Lipponen, L. (2016). Student teachers in the contact zone: developing critical intercultural \u2019teacherhood\u2019 in kindergarten teacher education. Globalisation, Societies and Education, 14(1), 110\u2013126. doi: 10.1080\/14767724.2014.980780\u00a0<\/span><\/i><span data-ccp-props=\"{&quot;201341983&quot;:0,&quot;335551550&quot;:6,&quot;335551620&quot;:6,&quot;335559739&quot;:160,&quot;335559740&quot;:259}\">\u00a0<\/span><\/p>\n<p><i><span data-contrast=\"auto\">Parrish, P. &amp; Linder-VanBerschot, J. A. (2010). Cultural dimensions of learning: Addressing the challenges of multicultural instruction. International Review of Research in Open and distance learning. Vol. 11 (2).<\/span><\/i><span data-ccp-props=\"{&quot;201341983&quot;:0,&quot;335551550&quot;:6,&quot;335551620&quot;:6,&quot;335559739&quot;:160,&quot;335559740&quot;:259}\">\u00a0<\/span><\/p>\n<p><i><span data-contrast=\"auto\">Pirinen, T. 2015. Maahanmuuttajataustaiset oppijat suomalaisessa koulutusj\u00e4rjestelm\u00e4ss\u00e4. Julkaisut 17:2015. Helsinki: Kansallinen koulutuksen arviointikeskus.<\/span><\/i><span data-ccp-props=\"{&quot;201341983&quot;:0,&quot;335551550&quot;:6,&quot;335551620&quot;:6,&quot;335559739&quot;:160,&quot;335559740&quot;:257}\">\u00a0<\/span><\/p>\n<p><i><span data-contrast=\"auto\">Opetus- ja kulttuuriministeri\u00f6. 2021. Varhaiskasvatuksen koulutusten kehitt\u00e4misohjelma 2021\u20132030. Opetus- ja kulttuuriministeri\u00f6n julkaisuja 2021:3. <\/span><\/i><a href=\"http:\/\/urn.fi\/URN:ISBN:978-952-263-876-2\"><i><span data-contrast=\"none\">http:\/\/urn.fi\/URN:ISBN:978-952-263-876-2<\/span><\/i><\/a><i><span data-contrast=\"auto\">.\u00a0<\/span><\/i><span data-ccp-props=\"{&quot;201341983&quot;:0,&quot;335551550&quot;:6,&quot;335551620&quot;:6,&quot;335559739&quot;:160,&quot;335559740&quot;:257}\">\u00a0<\/span><\/p>\n","protected":false},"excerpt":{"rendered":"<p>Varhaiskasvatuksen moninainen kieli&#8211; ja kulttuuriosaaminen tarvitsee vahvistusta ja t\u00e4t\u00e4 on l\u00e4hdetty tavoittelemaan Tampereen yliopiston KieliVaka &#8211; Kielituetut varhaiskasvatuksen perusopinnot maahanmuuttajille \u2013hankkeessa. Pilottivaiheessa oleva hanke tunnetaan tuttavallisemmin nimell\u00e4 KieliVaka. Kielituetut varhaiskasvatuksen perusopinnot sis\u00e4lt\u00e4v\u00e4t varhaiskasvatukseen suuntautuvat kasvatustieteellisen alan perusopinnot 25 opintopistett\u00e4 (op) sek\u00e4 suomen kielen opetusta 6 op. Opintoihin kuuluu my\u00f6s opiskelutaitojen opetusta ja henkil\u00f6kohtaista ohjausta; n\u00e4ist\u00e4 [&hellip;]<\/p>\n","protected":false},"author":257,"featured_media":0,"comment_status":"open","ping_status":"open","sticky":false,"template":"","format":"standard","meta":{"_acf_changed":false,"footnotes":""},"categories":[1],"tags":[],"class_list":["post-1451","post","type-post","status-publish","format-standard","hentry","category-uncategorized"],"acf":[],"yoast_head":"<!-- This site is optimized with the Yoast SEO plugin v27.3 - https:\/\/yoast.com\/product\/yoast-seo-wordpress\/ -->\n<title>KieliVaka: Kielituetut kasvatustieteen perusopinnot maahanmuuttajataustaisille opiskelijoille - Parasta aikaa varhaiskasvatuksessa<\/title>\n<meta name=\"robots\" content=\"index, follow, max-snippet:-1, max-image-preview:large, max-video-preview:-1\" \/>\n<link rel=\"canonical\" href=\"https:\/\/blogs.uef.fi\/parasta-aikaa-varhaiskasvatuksessa\/?p=1451\" \/>\n<meta property=\"og:locale\" content=\"fi_FI\" \/>\n<meta property=\"og:type\" content=\"article\" \/>\n<meta property=\"og:title\" content=\"KieliVaka: Kielituetut kasvatustieteen perusopinnot maahanmuuttajataustaisille opiskelijoille - Parasta aikaa varhaiskasvatuksessa\" \/>\n<meta property=\"og:description\" content=\"Varhaiskasvatuksen moninainen kieli&#8211; ja kulttuuriosaaminen tarvitsee vahvistusta ja t\u00e4t\u00e4 on l\u00e4hdetty tavoittelemaan Tampereen yliopiston KieliVaka &#8211; Kielituetut varhaiskasvatuksen perusopinnot maahanmuuttajille \u2013hankkeessa. Pilottivaiheessa oleva hanke tunnetaan tuttavallisemmin nimell\u00e4 KieliVaka. Kielituetut varhaiskasvatuksen perusopinnot sis\u00e4lt\u00e4v\u00e4t varhaiskasvatukseen suuntautuvat kasvatustieteellisen alan perusopinnot 25 opintopistett\u00e4 (op) sek\u00e4 suomen kielen opetusta 6 op. Opintoihin kuuluu my\u00f6s opiskelutaitojen opetusta ja henkil\u00f6kohtaista ohjausta; n\u00e4ist\u00e4 [&hellip;]\" \/>\n<meta property=\"og:url\" content=\"https:\/\/blogs.uef.fi\/parasta-aikaa-varhaiskasvatuksessa\/?p=1451\" \/>\n<meta property=\"og:site_name\" content=\"Parasta aikaa varhaiskasvatuksessa\" \/>\n<meta property=\"article:published_time\" content=\"2022-01-31T10:00:09+00:00\" \/>\n<meta property=\"article:modified_time\" content=\"2022-01-31T10:02:23+00:00\" \/>\n<meta property=\"og:image\" content=\"https:\/\/blogs.uef.fi\/parasta-aikaa-varhaiskasvatuksessa\/wp-content\/uploads\/sites\/93\/2022\/01\/Venla-1.jpg\" \/>\n<meta name=\"author\" content=\"Parasta_aikaa\" \/>\n<meta name=\"twitter:card\" content=\"summary_large_image\" \/>\n<meta name=\"twitter:label1\" content=\"Kirjoittanut\" \/>\n\t<meta name=\"twitter:data1\" content=\"Parasta_aikaa\" \/>\n\t<meta name=\"twitter:label2\" content=\"Arvioitu lukuaika\" \/>\n\t<meta name=\"twitter:data2\" content=\"5 minuuttia\" \/>\n<script type=\"application\/ld+json\" class=\"yoast-schema-graph\">{\"@context\":\"https:\\\/\\\/schema.org\",\"@graph\":[{\"@type\":\"Article\",\"@id\":\"https:\\\/\\\/blogs.uef.fi\\\/parasta-aikaa-varhaiskasvatuksessa\\\/?p=1451#article\",\"isPartOf\":{\"@id\":\"https:\\\/\\\/blogs.uef.fi\\\/parasta-aikaa-varhaiskasvatuksessa\\\/?p=1451\"},\"author\":{\"name\":\"Parasta_aikaa\",\"@id\":\"https:\\\/\\\/blogs.uef.fi\\\/parasta-aikaa-varhaiskasvatuksessa\\\/#\\\/schema\\\/person\\\/bc691df0f10ff8a79fdf36fae739c625\"},\"headline\":\"KieliVaka: Kielituetut kasvatustieteen perusopinnot maahanmuuttajataustaisille opiskelijoille\",\"datePublished\":\"2022-01-31T10:00:09+00:00\",\"dateModified\":\"2022-01-31T10:02:23+00:00\",\"mainEntityOfPage\":{\"@id\":\"https:\\\/\\\/blogs.uef.fi\\\/parasta-aikaa-varhaiskasvatuksessa\\\/?p=1451\"},\"wordCount\":988,\"commentCount\":0,\"image\":{\"@id\":\"https:\\\/\\\/blogs.uef.fi\\\/parasta-aikaa-varhaiskasvatuksessa\\\/?p=1451#primaryimage\"},\"thumbnailUrl\":\"https:\\\/\\\/blogs.uef.fi\\\/parasta-aikaa-varhaiskasvatuksessa\\\/wp-content\\\/uploads\\\/sites\\\/93\\\/2022\\\/01\\\/Venla-1.jpg\",\"articleSection\":[\"Uncategorized\"],\"inLanguage\":\"fi\",\"potentialAction\":[{\"@type\":\"CommentAction\",\"name\":\"Comment\",\"target\":[\"https:\\\/\\\/blogs.uef.fi\\\/parasta-aikaa-varhaiskasvatuksessa\\\/?p=1451#respond\"]}]},{\"@type\":\"WebPage\",\"@id\":\"https:\\\/\\\/blogs.uef.fi\\\/parasta-aikaa-varhaiskasvatuksessa\\\/?p=1451\",\"url\":\"https:\\\/\\\/blogs.uef.fi\\\/parasta-aikaa-varhaiskasvatuksessa\\\/?p=1451\",\"name\":\"KieliVaka: Kielituetut kasvatustieteen perusopinnot maahanmuuttajataustaisille opiskelijoille - Parasta aikaa varhaiskasvatuksessa\",\"isPartOf\":{\"@id\":\"https:\\\/\\\/blogs.uef.fi\\\/parasta-aikaa-varhaiskasvatuksessa\\\/#website\"},\"primaryImageOfPage\":{\"@id\":\"https:\\\/\\\/blogs.uef.fi\\\/parasta-aikaa-varhaiskasvatuksessa\\\/?p=1451#primaryimage\"},\"image\":{\"@id\":\"https:\\\/\\\/blogs.uef.fi\\\/parasta-aikaa-varhaiskasvatuksessa\\\/?p=1451#primaryimage\"},\"thumbnailUrl\":\"https:\\\/\\\/blogs.uef.fi\\\/parasta-aikaa-varhaiskasvatuksessa\\\/wp-content\\\/uploads\\\/sites\\\/93\\\/2022\\\/01\\\/Venla-1.jpg\",\"datePublished\":\"2022-01-31T10:00:09+00:00\",\"dateModified\":\"2022-01-31T10:02:23+00:00\",\"author\":{\"@id\":\"https:\\\/\\\/blogs.uef.fi\\\/parasta-aikaa-varhaiskasvatuksessa\\\/#\\\/schema\\\/person\\\/bc691df0f10ff8a79fdf36fae739c625\"},\"breadcrumb\":{\"@id\":\"https:\\\/\\\/blogs.uef.fi\\\/parasta-aikaa-varhaiskasvatuksessa\\\/?p=1451#breadcrumb\"},\"inLanguage\":\"fi\",\"potentialAction\":[{\"@type\":\"ReadAction\",\"target\":[\"https:\\\/\\\/blogs.uef.fi\\\/parasta-aikaa-varhaiskasvatuksessa\\\/?p=1451\"]}]},{\"@type\":\"ImageObject\",\"inLanguage\":\"fi\",\"@id\":\"https:\\\/\\\/blogs.uef.fi\\\/parasta-aikaa-varhaiskasvatuksessa\\\/?p=1451#primaryimage\",\"url\":\"https:\\\/\\\/blogs.uef.fi\\\/parasta-aikaa-varhaiskasvatuksessa\\\/wp-content\\\/uploads\\\/sites\\\/93\\\/2022\\\/01\\\/Venla-1.jpg\",\"contentUrl\":\"https:\\\/\\\/blogs.uef.fi\\\/parasta-aikaa-varhaiskasvatuksessa\\\/wp-content\\\/uploads\\\/sites\\\/93\\\/2022\\\/01\\\/Venla-1.jpg\",\"width\":643,\"height\":337,\"caption\":\"Kuvituskuva 1. Pixabay\"},{\"@type\":\"BreadcrumbList\",\"@id\":\"https:\\\/\\\/blogs.uef.fi\\\/parasta-aikaa-varhaiskasvatuksessa\\\/?p=1451#breadcrumb\",\"itemListElement\":[{\"@type\":\"ListItem\",\"position\":1,\"name\":\"Home\",\"item\":\"https:\\\/\\\/blogs.uef.fi\\\/parasta-aikaa-varhaiskasvatuksessa\"},{\"@type\":\"ListItem\",\"position\":2,\"name\":\"KieliVaka: Kielituetut kasvatustieteen perusopinnot maahanmuuttajataustaisille opiskelijoille\"}]},{\"@type\":\"WebSite\",\"@id\":\"https:\\\/\\\/blogs.uef.fi\\\/parasta-aikaa-varhaiskasvatuksessa\\\/#website\",\"url\":\"https:\\\/\\\/blogs.uef.fi\\\/parasta-aikaa-varhaiskasvatuksessa\\\/\",\"name\":\"Parasta aikaa varhaiskasvatuksessa\",\"description\":\"\",\"potentialAction\":[{\"@type\":\"SearchAction\",\"target\":{\"@type\":\"EntryPoint\",\"urlTemplate\":\"https:\\\/\\\/blogs.uef.fi\\\/parasta-aikaa-varhaiskasvatuksessa\\\/?s={search_term_string}\"},\"query-input\":{\"@type\":\"PropertyValueSpecification\",\"valueRequired\":true,\"valueName\":\"search_term_string\"}}],\"inLanguage\":\"fi\"},{\"@type\":\"Person\",\"@id\":\"https:\\\/\\\/blogs.uef.fi\\\/parasta-aikaa-varhaiskasvatuksessa\\\/#\\\/schema\\\/person\\\/bc691df0f10ff8a79fdf36fae739c625\",\"name\":\"Parasta_aikaa\",\"url\":\"https:\\\/\\\/blogs.uef.fi\\\/parasta-aikaa-varhaiskasvatuksessa\\\/?author=257\"}]}<\/script>\n<!-- \/ Yoast SEO plugin. -->","yoast_head_json":{"title":"KieliVaka: Kielituetut kasvatustieteen perusopinnot maahanmuuttajataustaisille opiskelijoille - Parasta aikaa varhaiskasvatuksessa","robots":{"index":"index","follow":"follow","max-snippet":"max-snippet:-1","max-image-preview":"max-image-preview:large","max-video-preview":"max-video-preview:-1"},"canonical":"https:\/\/blogs.uef.fi\/parasta-aikaa-varhaiskasvatuksessa\/?p=1451","og_locale":"fi_FI","og_type":"article","og_title":"KieliVaka: Kielituetut kasvatustieteen perusopinnot maahanmuuttajataustaisille opiskelijoille - Parasta aikaa varhaiskasvatuksessa","og_description":"Varhaiskasvatuksen moninainen kieli&#8211; ja kulttuuriosaaminen tarvitsee vahvistusta ja t\u00e4t\u00e4 on l\u00e4hdetty tavoittelemaan Tampereen yliopiston KieliVaka &#8211; Kielituetut varhaiskasvatuksen perusopinnot maahanmuuttajille \u2013hankkeessa. Pilottivaiheessa oleva hanke tunnetaan tuttavallisemmin nimell\u00e4 KieliVaka. Kielituetut varhaiskasvatuksen perusopinnot sis\u00e4lt\u00e4v\u00e4t varhaiskasvatukseen suuntautuvat kasvatustieteellisen alan perusopinnot 25 opintopistett\u00e4 (op) sek\u00e4 suomen kielen opetusta 6 op. Opintoihin kuuluu my\u00f6s opiskelutaitojen opetusta ja henkil\u00f6kohtaista ohjausta; n\u00e4ist\u00e4 [&hellip;]","og_url":"https:\/\/blogs.uef.fi\/parasta-aikaa-varhaiskasvatuksessa\/?p=1451","og_site_name":"Parasta aikaa varhaiskasvatuksessa","article_published_time":"2022-01-31T10:00:09+00:00","article_modified_time":"2022-01-31T10:02:23+00:00","og_image":[{"url":"https:\/\/blogs.uef.fi\/parasta-aikaa-varhaiskasvatuksessa\/wp-content\/uploads\/sites\/93\/2022\/01\/Venla-1.jpg","type":"","width":"","height":""}],"author":"Parasta_aikaa","twitter_card":"summary_large_image","twitter_misc":{"Kirjoittanut":"Parasta_aikaa","Arvioitu lukuaika":"5 minuuttia"},"schema":{"@context":"https:\/\/schema.org","@graph":[{"@type":"Article","@id":"https:\/\/blogs.uef.fi\/parasta-aikaa-varhaiskasvatuksessa\/?p=1451#article","isPartOf":{"@id":"https:\/\/blogs.uef.fi\/parasta-aikaa-varhaiskasvatuksessa\/?p=1451"},"author":{"name":"Parasta_aikaa","@id":"https:\/\/blogs.uef.fi\/parasta-aikaa-varhaiskasvatuksessa\/#\/schema\/person\/bc691df0f10ff8a79fdf36fae739c625"},"headline":"KieliVaka: Kielituetut kasvatustieteen perusopinnot maahanmuuttajataustaisille opiskelijoille","datePublished":"2022-01-31T10:00:09+00:00","dateModified":"2022-01-31T10:02:23+00:00","mainEntityOfPage":{"@id":"https:\/\/blogs.uef.fi\/parasta-aikaa-varhaiskasvatuksessa\/?p=1451"},"wordCount":988,"commentCount":0,"image":{"@id":"https:\/\/blogs.uef.fi\/parasta-aikaa-varhaiskasvatuksessa\/?p=1451#primaryimage"},"thumbnailUrl":"https:\/\/blogs.uef.fi\/parasta-aikaa-varhaiskasvatuksessa\/wp-content\/uploads\/sites\/93\/2022\/01\/Venla-1.jpg","articleSection":["Uncategorized"],"inLanguage":"fi","potentialAction":[{"@type":"CommentAction","name":"Comment","target":["https:\/\/blogs.uef.fi\/parasta-aikaa-varhaiskasvatuksessa\/?p=1451#respond"]}]},{"@type":"WebPage","@id":"https:\/\/blogs.uef.fi\/parasta-aikaa-varhaiskasvatuksessa\/?p=1451","url":"https:\/\/blogs.uef.fi\/parasta-aikaa-varhaiskasvatuksessa\/?p=1451","name":"KieliVaka: Kielituetut kasvatustieteen perusopinnot maahanmuuttajataustaisille opiskelijoille - Parasta aikaa varhaiskasvatuksessa","isPartOf":{"@id":"https:\/\/blogs.uef.fi\/parasta-aikaa-varhaiskasvatuksessa\/#website"},"primaryImageOfPage":{"@id":"https:\/\/blogs.uef.fi\/parasta-aikaa-varhaiskasvatuksessa\/?p=1451#primaryimage"},"image":{"@id":"https:\/\/blogs.uef.fi\/parasta-aikaa-varhaiskasvatuksessa\/?p=1451#primaryimage"},"thumbnailUrl":"https:\/\/blogs.uef.fi\/parasta-aikaa-varhaiskasvatuksessa\/wp-content\/uploads\/sites\/93\/2022\/01\/Venla-1.jpg","datePublished":"2022-01-31T10:00:09+00:00","dateModified":"2022-01-31T10:02:23+00:00","author":{"@id":"https:\/\/blogs.uef.fi\/parasta-aikaa-varhaiskasvatuksessa\/#\/schema\/person\/bc691df0f10ff8a79fdf36fae739c625"},"breadcrumb":{"@id":"https:\/\/blogs.uef.fi\/parasta-aikaa-varhaiskasvatuksessa\/?p=1451#breadcrumb"},"inLanguage":"fi","potentialAction":[{"@type":"ReadAction","target":["https:\/\/blogs.uef.fi\/parasta-aikaa-varhaiskasvatuksessa\/?p=1451"]}]},{"@type":"ImageObject","inLanguage":"fi","@id":"https:\/\/blogs.uef.fi\/parasta-aikaa-varhaiskasvatuksessa\/?p=1451#primaryimage","url":"https:\/\/blogs.uef.fi\/parasta-aikaa-varhaiskasvatuksessa\/wp-content\/uploads\/sites\/93\/2022\/01\/Venla-1.jpg","contentUrl":"https:\/\/blogs.uef.fi\/parasta-aikaa-varhaiskasvatuksessa\/wp-content\/uploads\/sites\/93\/2022\/01\/Venla-1.jpg","width":643,"height":337,"caption":"Kuvituskuva 1. Pixabay"},{"@type":"BreadcrumbList","@id":"https:\/\/blogs.uef.fi\/parasta-aikaa-varhaiskasvatuksessa\/?p=1451#breadcrumb","itemListElement":[{"@type":"ListItem","position":1,"name":"Home","item":"https:\/\/blogs.uef.fi\/parasta-aikaa-varhaiskasvatuksessa"},{"@type":"ListItem","position":2,"name":"KieliVaka: Kielituetut kasvatustieteen perusopinnot maahanmuuttajataustaisille opiskelijoille"}]},{"@type":"WebSite","@id":"https:\/\/blogs.uef.fi\/parasta-aikaa-varhaiskasvatuksessa\/#website","url":"https:\/\/blogs.uef.fi\/parasta-aikaa-varhaiskasvatuksessa\/","name":"Parasta aikaa varhaiskasvatuksessa","description":"","potentialAction":[{"@type":"SearchAction","target":{"@type":"EntryPoint","urlTemplate":"https:\/\/blogs.uef.fi\/parasta-aikaa-varhaiskasvatuksessa\/?s={search_term_string}"},"query-input":{"@type":"PropertyValueSpecification","valueRequired":true,"valueName":"search_term_string"}}],"inLanguage":"fi"},{"@type":"Person","@id":"https:\/\/blogs.uef.fi\/parasta-aikaa-varhaiskasvatuksessa\/#\/schema\/person\/bc691df0f10ff8a79fdf36fae739c625","name":"Parasta_aikaa","url":"https:\/\/blogs.uef.fi\/parasta-aikaa-varhaiskasvatuksessa\/?author=257"}]}},"_links":{"self":[{"href":"https:\/\/blogs.uef.fi\/parasta-aikaa-varhaiskasvatuksessa\/index.php?rest_route=\/wp\/v2\/posts\/1451","targetHints":{"allow":["GET"]}}],"collection":[{"href":"https:\/\/blogs.uef.fi\/parasta-aikaa-varhaiskasvatuksessa\/index.php?rest_route=\/wp\/v2\/posts"}],"about":[{"href":"https:\/\/blogs.uef.fi\/parasta-aikaa-varhaiskasvatuksessa\/index.php?rest_route=\/wp\/v2\/types\/post"}],"author":[{"embeddable":true,"href":"https:\/\/blogs.uef.fi\/parasta-aikaa-varhaiskasvatuksessa\/index.php?rest_route=\/wp\/v2\/users\/257"}],"replies":[{"embeddable":true,"href":"https:\/\/blogs.uef.fi\/parasta-aikaa-varhaiskasvatuksessa\/index.php?rest_route=%2Fwp%2Fv2%2Fcomments&post=1451"}],"version-history":[{"count":2,"href":"https:\/\/blogs.uef.fi\/parasta-aikaa-varhaiskasvatuksessa\/index.php?rest_route=\/wp\/v2\/posts\/1451\/revisions"}],"predecessor-version":[{"id":1472,"href":"https:\/\/blogs.uef.fi\/parasta-aikaa-varhaiskasvatuksessa\/index.php?rest_route=\/wp\/v2\/posts\/1451\/revisions\/1472"}],"wp:attachment":[{"href":"https:\/\/blogs.uef.fi\/parasta-aikaa-varhaiskasvatuksessa\/index.php?rest_route=%2Fwp%2Fv2%2Fmedia&parent=1451"}],"wp:term":[{"taxonomy":"category","embeddable":true,"href":"https:\/\/blogs.uef.fi\/parasta-aikaa-varhaiskasvatuksessa\/index.php?rest_route=%2Fwp%2Fv2%2Fcategories&post=1451"},{"taxonomy":"post_tag","embeddable":true,"href":"https:\/\/blogs.uef.fi\/parasta-aikaa-varhaiskasvatuksessa\/index.php?rest_route=%2Fwp%2Fv2%2Ftags&post=1451"}],"curies":[{"name":"wp","href":"https:\/\/api.w.org\/{rel}","templated":true}]}}