{"id":109,"date":"2019-06-28T08:36:12","date_gmt":"2019-06-28T05:36:12","guid":{"rendered":"https:\/\/blogs.uef.fi\/parasta-aikaa-varhaiskasvatuksessa\/?p=109"},"modified":"2021-08-11T13:12:33","modified_gmt":"2021-08-11T10:12:33","slug":"miksi-juuri-ita-suomen-yliopisto-ja-varhaiskasvatus","status":"publish","type":"post","link":"https:\/\/blogs.uef.fi\/parasta-aikaa-varhaiskasvatuksessa\/?p=109","title":{"rendered":"Miksi juuri It\u00e4-Suomen yliopisto ja varhaiskasvatus?"},"content":{"rendered":"<p><img loading=\"lazy\" decoding=\"async\" class=\"aligncenter wp-image-111 size-large\" src=\"https:\/\/blogs.uef.fi\/parasta-aikaa-varhaiskasvatuksessa\/wp-content\/uploads\/sites\/93\/2019\/06\/Elina1-972x1024.jpg\" alt=\"It\u00e4-Suomen yliopisto, Joensuun kampus, Carelia-rakennus\" width=\"525\" height=\"553\" srcset=\"https:\/\/blogs.uef.fi\/parasta-aikaa-varhaiskasvatuksessa\/wp-content\/uploads\/sites\/93\/2019\/06\/Elina1-972x1024.jpg 972w, https:\/\/blogs.uef.fi\/parasta-aikaa-varhaiskasvatuksessa\/wp-content\/uploads\/sites\/93\/2019\/06\/Elina1-285x300.jpg 285w, https:\/\/blogs.uef.fi\/parasta-aikaa-varhaiskasvatuksessa\/wp-content\/uploads\/sites\/93\/2019\/06\/Elina1-768x809.jpg 768w, https:\/\/blogs.uef.fi\/parasta-aikaa-varhaiskasvatuksessa\/wp-content\/uploads\/sites\/93\/2019\/06\/Elina1.jpg 1781w\" sizes=\"auto, (max-width: 525px) 100vw, 525px\" \/><\/p>\n<p style=\"text-align: justify\"><strong>Opiskelen <\/strong>varhaiskasvatusta Joensuussa ja minulla loppui juuri toinen vuosi yliopistossa. Haluankin kertoa, kuinka min\u00e4 p\u00e4\u00e4dyin hakemaan t\u00e4lle alalle ja miksi juuri It\u00e4-Suomen yliopistoon.<\/p>\n<p style=\"text-align: justify\"><strong>Hain<\/strong> It\u00e4-Suomen yliopistoon, koska halusin l\u00e4hte\u00e4 tutusta kotiymp\u00e4rist\u00f6st\u00e4 pois ja p\u00e4\u00e4st\u00e4 kokemaan uutta. Lis\u00e4ksi oli paikkakuntia, joihin en halunnut l\u00e4hte\u00e4 opiskelemaan. Ajattelin kyll\u00e4 monta kertaa, miksi haluan muuttaa juuri toiselle puolelle Suomea, paikkaan, josta en tunne ket\u00e4\u00e4n. Se vain tuntui oikealta. Siihen ei oikeastaan ollut sen suurempaa syyt\u00e4, enk\u00e4 kadu p\u00e4\u00e4t\u00f6st\u00e4. Muuttaminen toi minulle paljon uusia yst\u00e4vi\u00e4 ja t\u00e4rkeit\u00e4 ihmisi\u00e4 l\u00e4helleni. Lis\u00e4ksi Joensuussa on hienoa se, ett\u00e4 t\u00e4\u00e4ll\u00e4 on mahdollisuus tutustua laajasti muiden alojen opiskelijoihin.<\/p>\n<p style=\"text-align: justify\"><strong>Miksi juuri varhaiskasvatus?<\/strong> Haluan tehd\u00e4 tulevaisuudessa ty\u00f6t\u00e4, josta nautin, enk\u00e4 vain ty\u00f6t\u00e4 pelk\u00e4n palkan perusteella. Haluan olla omalla ty\u00f6ll\u00e4ni osana tukemassa lapsien kasvua, kehityst\u00e4 ja oppimista. Mielest\u00e4ni pit\u00e4\u00e4 tavoitella juuri niit\u00e4 unelmia ja niit\u00e4 asioita, joita itse haluaa tehd\u00e4, eik\u00e4 mietti\u00e4, mit\u00e4 muut ajattelevat esimerkiksi t\u00e4st\u00e4 alasta. T\u00e4m\u00e4 ala on arvokas ihan yht\u00e4 lailla kuin mik\u00e4 tahansa muu ala. Jos p\u00e4iv\u00e4kodissa ty\u00f6skentely kiinnostaa sinua, pid\u00e4t lasten kanssa toimimisesta ja sinulla on halua suunnitella laadukasta varhaiskasvatusta ja toimintaa lapsille, suosittelen hakemaan opiskelemaan varhaiskasvatusta.<\/p>\n<p style=\"text-align: justify\"><strong>Millaista on opiskella ja asua Joensuussa?<\/strong> Joensuu ei ole mielest\u00e4ni liian pieni eik\u00e4 liian iso kaupunki ja tarvittavat palvelut, kaupat ja ravintolat l\u00f6ytyv\u00e4t l\u00e4helt\u00e4. Lis\u00e4ksi t\u00e4\u00e4lt\u00e4 l\u00f6ytyy kulttuuripalveluita, kuten teatteri, elokuvateatteri, museoita ja kirjasto sek\u00e4 erilaisia liikuntamahdollisuuksia, muun muassa uimahalli, lenkkipolkuja, kuntosaleja ja seuraurheilua. Vapaa-aikaa voi viett\u00e4\u00e4 my\u00f6s esimerkiksi keilaten tai l\u00e4htem\u00e4ll\u00e4 Kolille. Joensuun luonto on todella kaunis ja suosittelenkin tutustumaan ymp\u00e4rist\u00f6\u00f6n ja l\u00e4htem\u00e4\u00e4n vaikka retkelle ev\u00e4iden kanssa. Esimerkiksi Kuhasalossa on erilaisia polkuja ja hyvi\u00e4 pys\u00e4hdyspaikkoja.<\/p>\n<p><img loading=\"lazy\" decoding=\"async\" class=\"alignnone wp-image-113\" src=\"https:\/\/blogs.uef.fi\/parasta-aikaa-varhaiskasvatuksessa\/wp-content\/uploads\/sites\/93\/2019\/06\/Elina1_1-225x300.jpg\" alt=\"Mets\u00e4polku Joensuussa.\" width=\"229\" height=\"305\" srcset=\"https:\/\/blogs.uef.fi\/parasta-aikaa-varhaiskasvatuksessa\/wp-content\/uploads\/sites\/93\/2019\/06\/Elina1_1-225x300.jpg 225w, https:\/\/blogs.uef.fi\/parasta-aikaa-varhaiskasvatuksessa\/wp-content\/uploads\/sites\/93\/2019\/06\/Elina1_1-768x1025.jpg 768w, https:\/\/blogs.uef.fi\/parasta-aikaa-varhaiskasvatuksessa\/wp-content\/uploads\/sites\/93\/2019\/06\/Elina1_1-767x1024.jpg 767w\" sizes=\"auto, (max-width: 229px) 100vw, 229px\" \/> \u00a0 <img loading=\"lazy\" decoding=\"async\" class=\"alignnone wp-image-115\" src=\"https:\/\/blogs.uef.fi\/parasta-aikaa-varhaiskasvatuksessa\/wp-content\/uploads\/sites\/93\/2019\/06\/Elina1_2-225x300.jpg\" alt=\"Joensuun jokimaisema sillalta katsottuna.\" width=\"230\" height=\"307\" srcset=\"https:\/\/blogs.uef.fi\/parasta-aikaa-varhaiskasvatuksessa\/wp-content\/uploads\/sites\/93\/2019\/06\/Elina1_2-225x300.jpg 225w, https:\/\/blogs.uef.fi\/parasta-aikaa-varhaiskasvatuksessa\/wp-content\/uploads\/sites\/93\/2019\/06\/Elina1_2-768x1025.jpg 768w, https:\/\/blogs.uef.fi\/parasta-aikaa-varhaiskasvatuksessa\/wp-content\/uploads\/sites\/93\/2019\/06\/Elina1_2-767x1024.jpg 767w\" sizes=\"auto, (max-width: 230px) 100vw, 230px\" \/><\/p>\n<p style=\"text-align: justify\">Itse pid\u00e4n Joensuuta viihtyis\u00e4n\u00e4 opiskelukaupunkina ja kaupunkiin sopeutuu nopeasti. Yliopisto on l\u00e4hell\u00e4 keskustaa ja sen ymp\u00e4rille sijoittuu useita opiskelija-asuntoja. Joensuun kampuksella on useampi rakennus, mutta varhaiskasvatuksen opinnot sijoittuvat suurimmaksi osaksi Educa-rakennukseen. Jos kaupungin tarjoamista liikunta- ja harrastusmahdollisuuksista ei l\u00f6ydy itselle sopivaa vaihtoehtoa, niin esimerkiksi It\u00e4-Suomen yliopiston ylioppilaskunta (ISYY) tarjoaa pienell\u00e4 hinnalla liikuntapalveluita. Yliopistolla on muitakin harrastusmahdollisuuksia, esimerkiksi kuoro, teatteri ja erilaisia kerhoja. Lis\u00e4ksi opiskelijoilla on hyv\u00e4t terveyspalvelut yliopiston kautta.<\/p>\n<p style=\"text-align: justify\">Mielest\u00e4ni <strong>koulutuksemme valttina<\/strong> on se, ett\u00e4 opettajat ja opiskelijat ovat niin sanotusti yht\u00e4 suurta perhett\u00e4, eik\u00e4 suurta kuilua opettajien ja opiskelijoiden v\u00e4lill\u00e4 ole. N\u00e4in ollen vuorovaikutus on helppoa ja vaivatonta, eik\u00e4 tarvitse j\u00e4nnitt\u00e4\u00e4, jos opettajille on jotain asiaa. Lis\u00e4ksi opiskelijat tuntevat toisiaan my\u00f6s muilta vuosikursseilta, mink\u00e4 n\u00e4en todella hyv\u00e4n\u00e4 asiana, koska n\u00e4in apua voi halutessaan kysy\u00e4 yli vuosikurssien, esimerkiksi kandidaatin tutkielmaan liittyen jo valmistuneilta. Opiskelijakavereista kannattaa pit\u00e4\u00e4 kiinni niin opiskelujen aikana kuin niiden j\u00e4lkeenkin.<\/p>\n<p style=\"text-align: justify\">Koulutuksemme on laadukasta ja monipuolista: koulutus pohjaa\u00a0teoria- ja tutkimustietoon, mutta my\u00f6s\u00a0k\u00e4yt\u00e4nn\u00f6ss\u00e4 opetellaan\u00a0asioita.\u00a0Lis\u00e4ksi opettajien opetus on laadukasta, koska he\u00a0ovat hyvin\u00a0perehtyneit\u00e4 asiaansa ja k\u00e4ytt\u00e4v\u00e4t my\u00f6s\u00a0uutta tutkimustietoa opetuksissaan. Opetus on selke\u00e4\u00e4 ja\u00a0ymm\u00e4rrett\u00e4v\u00e4\u00e4 sek\u00e4 opintojaksojen suoritustavat vaihtelevat. Viihtyis\u00e4t opetustilatkin vaikuttavat kokonaisuuteen!\u00a0Opinnoista ja opiskelusta kerron enemm\u00e4n seuraavassa blogitekstiss\u00e4ni, joka julkaistaan my\u00f6hemmin t\u00e4n\u00e4 vuonna.<\/p>\n<p style=\"text-align: justify\">Voisin siis todeta, ett\u00e4 koulutuksemme laadukkuuden ja hyv\u00e4n ilmapiirin takia t\u00e4nne kannattaa tulla opiskelemaan.<\/p>\n<p><img loading=\"lazy\" decoding=\"async\" class=\"aligncenter wp-image-119\" style=\"height: 163px;text-align: left;color: #2b2b2b;text-indent: 0px;letter-spacing: normal;font-family: Lato, sans-serif;font-size: 16px;font-style: normal;font-variant: normal;font-weight: 400;text-decoration: none;vertical-align: middle;max-width: 100%\" src=\"https:\/\/blogs.uef.fi\/parasta-aikaa-varhaiskasvatuksessa\/wp-content\/uploads\/sites\/93\/2019\/06\/Elina1_4.jpg\" alt=\"It\u00e4-Suomen yliopiston Sulo ry:n logo.\" width=\"201\" height=\"136\" \/><\/p>\n<p>&nbsp;<\/p>\n<p><img loading=\"lazy\" decoding=\"async\" class=\"alignnone wp-image-117 \" style=\"height: 277px;text-align: left;color: #2b2b2b;text-indent: 0px;letter-spacing: normal;font-family: Lato, sans-serif;font-size: 16px;font-style: normal;font-variant: normal;font-weight: 400;text-decoration: none;vertical-align: middle;max-width: 100%\" src=\"https:\/\/blogs.uef.fi\/parasta-aikaa-varhaiskasvatuksessa\/wp-content\/uploads\/sites\/93\/2019\/06\/Elina1_3.jpg\" alt=\"\" width=\"155\" height=\"180\" \/><\/p>\n<p>Elina Sinkkonen<br \/>\nVarhaiskasvatuksen ainej\u00e4rjest\u00f6 Sulo Ry:n Puheenjohtaja<\/p>\n","protected":false},"excerpt":{"rendered":"<p>Opiskelen varhaiskasvatusta Joensuussa ja minulla loppui juuri toinen vuosi yliopistossa. Haluankin kertoa, kuinka min\u00e4 p\u00e4\u00e4dyin hakemaan t\u00e4lle alalle ja miksi juuri It\u00e4-Suomen yliopistoon. Hain It\u00e4-Suomen yliopistoon, koska halusin l\u00e4hte\u00e4 tutusta kotiymp\u00e4rist\u00f6st\u00e4 pois ja p\u00e4\u00e4st\u00e4 kokemaan uutta. Lis\u00e4ksi oli paikkakuntia, joihin en halunnut l\u00e4hte\u00e4 opiskelemaan. Ajattelin kyll\u00e4 monta kertaa, miksi haluan muuttaa juuri toiselle puolelle Suomea, [&hellip;]<\/p>\n","protected":false},"author":257,"featured_media":0,"comment_status":"open","ping_status":"open","sticky":false,"template":"","format":"standard","meta":{"_acf_changed":false,"footnotes":""},"categories":[1],"tags":[],"class_list":["post-109","post","type-post","status-publish","format-standard","hentry","category-uncategorized"],"acf":[],"yoast_head":"<!-- This site is optimized with the Yoast SEO plugin v27.3 - https:\/\/yoast.com\/product\/yoast-seo-wordpress\/ -->\n<title>Miksi juuri It\u00e4-Suomen yliopisto ja varhaiskasvatus? - Parasta aikaa varhaiskasvatuksessa<\/title>\n<meta name=\"robots\" content=\"index, follow, max-snippet:-1, max-image-preview:large, max-video-preview:-1\" \/>\n<link rel=\"canonical\" href=\"https:\/\/blogs.uef.fi\/parasta-aikaa-varhaiskasvatuksessa\/?p=109\" \/>\n<meta property=\"og:locale\" content=\"fi_FI\" \/>\n<meta property=\"og:type\" content=\"article\" \/>\n<meta property=\"og:title\" content=\"Miksi juuri It\u00e4-Suomen yliopisto ja varhaiskasvatus? - Parasta aikaa varhaiskasvatuksessa\" \/>\n<meta property=\"og:description\" content=\"Opiskelen varhaiskasvatusta Joensuussa ja minulla loppui juuri toinen vuosi yliopistossa. Haluankin kertoa, kuinka min\u00e4 p\u00e4\u00e4dyin hakemaan t\u00e4lle alalle ja miksi juuri It\u00e4-Suomen yliopistoon. Hain It\u00e4-Suomen yliopistoon, koska halusin l\u00e4hte\u00e4 tutusta kotiymp\u00e4rist\u00f6st\u00e4 pois ja p\u00e4\u00e4st\u00e4 kokemaan uutta. Lis\u00e4ksi oli paikkakuntia, joihin en halunnut l\u00e4hte\u00e4 opiskelemaan. Ajattelin kyll\u00e4 monta kertaa, miksi haluan muuttaa juuri toiselle puolelle Suomea, [&hellip;]\" \/>\n<meta property=\"og:url\" content=\"https:\/\/blogs.uef.fi\/parasta-aikaa-varhaiskasvatuksessa\/?p=109\" \/>\n<meta property=\"og:site_name\" content=\"Parasta aikaa varhaiskasvatuksessa\" \/>\n<meta property=\"article:published_time\" content=\"2019-06-28T05:36:12+00:00\" \/>\n<meta property=\"article:modified_time\" content=\"2021-08-11T10:12:33+00:00\" \/>\n<meta property=\"og:image\" content=\"https:\/\/blogs.uef.fi\/parasta-aikaa-varhaiskasvatuksessa\/wp-content\/uploads\/sites\/93\/2019\/06\/Elina1-972x1024.jpg\" \/>\n<meta name=\"author\" content=\"Parasta_aikaa\" \/>\n<meta name=\"twitter:card\" content=\"summary_large_image\" \/>\n<meta name=\"twitter:label1\" content=\"Kirjoittanut\" \/>\n\t<meta name=\"twitter:data1\" content=\"Parasta_aikaa\" \/>\n\t<meta name=\"twitter:label2\" content=\"Arvioitu lukuaika\" \/>\n\t<meta name=\"twitter:data2\" content=\"3 minuuttia\" \/>\n<script type=\"application\/ld+json\" class=\"yoast-schema-graph\">{\"@context\":\"https:\\\/\\\/schema.org\",\"@graph\":[{\"@type\":\"Article\",\"@id\":\"https:\\\/\\\/blogs.uef.fi\\\/parasta-aikaa-varhaiskasvatuksessa\\\/?p=109#article\",\"isPartOf\":{\"@id\":\"https:\\\/\\\/blogs.uef.fi\\\/parasta-aikaa-varhaiskasvatuksessa\\\/?p=109\"},\"author\":{\"name\":\"Parasta_aikaa\",\"@id\":\"https:\\\/\\\/blogs.uef.fi\\\/parasta-aikaa-varhaiskasvatuksessa\\\/#\\\/schema\\\/person\\\/bc691df0f10ff8a79fdf36fae739c625\"},\"headline\":\"Miksi juuri It\u00e4-Suomen yliopisto ja varhaiskasvatus?\",\"datePublished\":\"2019-06-28T05:36:12+00:00\",\"dateModified\":\"2021-08-11T10:12:33+00:00\",\"mainEntityOfPage\":{\"@id\":\"https:\\\/\\\/blogs.uef.fi\\\/parasta-aikaa-varhaiskasvatuksessa\\\/?p=109\"},\"wordCount\":569,\"commentCount\":0,\"image\":{\"@id\":\"https:\\\/\\\/blogs.uef.fi\\\/parasta-aikaa-varhaiskasvatuksessa\\\/?p=109#primaryimage\"},\"thumbnailUrl\":\"https:\\\/\\\/blogs.uef.fi\\\/parasta-aikaa-varhaiskasvatuksessa\\\/wp-content\\\/uploads\\\/sites\\\/93\\\/2019\\\/06\\\/Elina1-972x1024.jpg\",\"articleSection\":[\"Uncategorized\"],\"inLanguage\":\"fi\",\"potentialAction\":[{\"@type\":\"CommentAction\",\"name\":\"Comment\",\"target\":[\"https:\\\/\\\/blogs.uef.fi\\\/parasta-aikaa-varhaiskasvatuksessa\\\/?p=109#respond\"]}]},{\"@type\":\"WebPage\",\"@id\":\"https:\\\/\\\/blogs.uef.fi\\\/parasta-aikaa-varhaiskasvatuksessa\\\/?p=109\",\"url\":\"https:\\\/\\\/blogs.uef.fi\\\/parasta-aikaa-varhaiskasvatuksessa\\\/?p=109\",\"name\":\"Miksi juuri It\u00e4-Suomen yliopisto ja varhaiskasvatus? - Parasta aikaa varhaiskasvatuksessa\",\"isPartOf\":{\"@id\":\"https:\\\/\\\/blogs.uef.fi\\\/parasta-aikaa-varhaiskasvatuksessa\\\/#website\"},\"primaryImageOfPage\":{\"@id\":\"https:\\\/\\\/blogs.uef.fi\\\/parasta-aikaa-varhaiskasvatuksessa\\\/?p=109#primaryimage\"},\"image\":{\"@id\":\"https:\\\/\\\/blogs.uef.fi\\\/parasta-aikaa-varhaiskasvatuksessa\\\/?p=109#primaryimage\"},\"thumbnailUrl\":\"https:\\\/\\\/blogs.uef.fi\\\/parasta-aikaa-varhaiskasvatuksessa\\\/wp-content\\\/uploads\\\/sites\\\/93\\\/2019\\\/06\\\/Elina1-972x1024.jpg\",\"datePublished\":\"2019-06-28T05:36:12+00:00\",\"dateModified\":\"2021-08-11T10:12:33+00:00\",\"author\":{\"@id\":\"https:\\\/\\\/blogs.uef.fi\\\/parasta-aikaa-varhaiskasvatuksessa\\\/#\\\/schema\\\/person\\\/bc691df0f10ff8a79fdf36fae739c625\"},\"breadcrumb\":{\"@id\":\"https:\\\/\\\/blogs.uef.fi\\\/parasta-aikaa-varhaiskasvatuksessa\\\/?p=109#breadcrumb\"},\"inLanguage\":\"fi\",\"potentialAction\":[{\"@type\":\"ReadAction\",\"target\":[\"https:\\\/\\\/blogs.uef.fi\\\/parasta-aikaa-varhaiskasvatuksessa\\\/?p=109\"]}]},{\"@type\":\"ImageObject\",\"inLanguage\":\"fi\",\"@id\":\"https:\\\/\\\/blogs.uef.fi\\\/parasta-aikaa-varhaiskasvatuksessa\\\/?p=109#primaryimage\",\"url\":\"https:\\\/\\\/blogs.uef.fi\\\/parasta-aikaa-varhaiskasvatuksessa\\\/wp-content\\\/uploads\\\/sites\\\/93\\\/2019\\\/06\\\/Elina1.jpg\",\"contentUrl\":\"https:\\\/\\\/blogs.uef.fi\\\/parasta-aikaa-varhaiskasvatuksessa\\\/wp-content\\\/uploads\\\/sites\\\/93\\\/2019\\\/06\\\/Elina1.jpg\",\"width\":1781,\"height\":1877},{\"@type\":\"BreadcrumbList\",\"@id\":\"https:\\\/\\\/blogs.uef.fi\\\/parasta-aikaa-varhaiskasvatuksessa\\\/?p=109#breadcrumb\",\"itemListElement\":[{\"@type\":\"ListItem\",\"position\":1,\"name\":\"Home\",\"item\":\"https:\\\/\\\/blogs.uef.fi\\\/parasta-aikaa-varhaiskasvatuksessa\"},{\"@type\":\"ListItem\",\"position\":2,\"name\":\"Miksi juuri It\u00e4-Suomen yliopisto ja varhaiskasvatus?\"}]},{\"@type\":\"WebSite\",\"@id\":\"https:\\\/\\\/blogs.uef.fi\\\/parasta-aikaa-varhaiskasvatuksessa\\\/#website\",\"url\":\"https:\\\/\\\/blogs.uef.fi\\\/parasta-aikaa-varhaiskasvatuksessa\\\/\",\"name\":\"Parasta aikaa varhaiskasvatuksessa\",\"description\":\"\",\"potentialAction\":[{\"@type\":\"SearchAction\",\"target\":{\"@type\":\"EntryPoint\",\"urlTemplate\":\"https:\\\/\\\/blogs.uef.fi\\\/parasta-aikaa-varhaiskasvatuksessa\\\/?s={search_term_string}\"},\"query-input\":{\"@type\":\"PropertyValueSpecification\",\"valueRequired\":true,\"valueName\":\"search_term_string\"}}],\"inLanguage\":\"fi\"},{\"@type\":\"Person\",\"@id\":\"https:\\\/\\\/blogs.uef.fi\\\/parasta-aikaa-varhaiskasvatuksessa\\\/#\\\/schema\\\/person\\\/bc691df0f10ff8a79fdf36fae739c625\",\"name\":\"Parasta_aikaa\",\"url\":\"https:\\\/\\\/blogs.uef.fi\\\/parasta-aikaa-varhaiskasvatuksessa\\\/?author=257\"}]}<\/script>\n<!-- \/ Yoast SEO plugin. -->","yoast_head_json":{"title":"Miksi juuri It\u00e4-Suomen yliopisto ja varhaiskasvatus? - Parasta aikaa varhaiskasvatuksessa","robots":{"index":"index","follow":"follow","max-snippet":"max-snippet:-1","max-image-preview":"max-image-preview:large","max-video-preview":"max-video-preview:-1"},"canonical":"https:\/\/blogs.uef.fi\/parasta-aikaa-varhaiskasvatuksessa\/?p=109","og_locale":"fi_FI","og_type":"article","og_title":"Miksi juuri It\u00e4-Suomen yliopisto ja varhaiskasvatus? - Parasta aikaa varhaiskasvatuksessa","og_description":"Opiskelen varhaiskasvatusta Joensuussa ja minulla loppui juuri toinen vuosi yliopistossa. Haluankin kertoa, kuinka min\u00e4 p\u00e4\u00e4dyin hakemaan t\u00e4lle alalle ja miksi juuri It\u00e4-Suomen yliopistoon. Hain It\u00e4-Suomen yliopistoon, koska halusin l\u00e4hte\u00e4 tutusta kotiymp\u00e4rist\u00f6st\u00e4 pois ja p\u00e4\u00e4st\u00e4 kokemaan uutta. Lis\u00e4ksi oli paikkakuntia, joihin en halunnut l\u00e4hte\u00e4 opiskelemaan. Ajattelin kyll\u00e4 monta kertaa, miksi haluan muuttaa juuri toiselle puolelle Suomea, [&hellip;]","og_url":"https:\/\/blogs.uef.fi\/parasta-aikaa-varhaiskasvatuksessa\/?p=109","og_site_name":"Parasta aikaa varhaiskasvatuksessa","article_published_time":"2019-06-28T05:36:12+00:00","article_modified_time":"2021-08-11T10:12:33+00:00","og_image":[{"url":"https:\/\/blogs.uef.fi\/parasta-aikaa-varhaiskasvatuksessa\/wp-content\/uploads\/sites\/93\/2019\/06\/Elina1-972x1024.jpg","type":"","width":"","height":""}],"author":"Parasta_aikaa","twitter_card":"summary_large_image","twitter_misc":{"Kirjoittanut":"Parasta_aikaa","Arvioitu lukuaika":"3 minuuttia"},"schema":{"@context":"https:\/\/schema.org","@graph":[{"@type":"Article","@id":"https:\/\/blogs.uef.fi\/parasta-aikaa-varhaiskasvatuksessa\/?p=109#article","isPartOf":{"@id":"https:\/\/blogs.uef.fi\/parasta-aikaa-varhaiskasvatuksessa\/?p=109"},"author":{"name":"Parasta_aikaa","@id":"https:\/\/blogs.uef.fi\/parasta-aikaa-varhaiskasvatuksessa\/#\/schema\/person\/bc691df0f10ff8a79fdf36fae739c625"},"headline":"Miksi juuri It\u00e4-Suomen yliopisto ja varhaiskasvatus?","datePublished":"2019-06-28T05:36:12+00:00","dateModified":"2021-08-11T10:12:33+00:00","mainEntityOfPage":{"@id":"https:\/\/blogs.uef.fi\/parasta-aikaa-varhaiskasvatuksessa\/?p=109"},"wordCount":569,"commentCount":0,"image":{"@id":"https:\/\/blogs.uef.fi\/parasta-aikaa-varhaiskasvatuksessa\/?p=109#primaryimage"},"thumbnailUrl":"https:\/\/blogs.uef.fi\/parasta-aikaa-varhaiskasvatuksessa\/wp-content\/uploads\/sites\/93\/2019\/06\/Elina1-972x1024.jpg","articleSection":["Uncategorized"],"inLanguage":"fi","potentialAction":[{"@type":"CommentAction","name":"Comment","target":["https:\/\/blogs.uef.fi\/parasta-aikaa-varhaiskasvatuksessa\/?p=109#respond"]}]},{"@type":"WebPage","@id":"https:\/\/blogs.uef.fi\/parasta-aikaa-varhaiskasvatuksessa\/?p=109","url":"https:\/\/blogs.uef.fi\/parasta-aikaa-varhaiskasvatuksessa\/?p=109","name":"Miksi juuri It\u00e4-Suomen yliopisto ja varhaiskasvatus? - Parasta aikaa varhaiskasvatuksessa","isPartOf":{"@id":"https:\/\/blogs.uef.fi\/parasta-aikaa-varhaiskasvatuksessa\/#website"},"primaryImageOfPage":{"@id":"https:\/\/blogs.uef.fi\/parasta-aikaa-varhaiskasvatuksessa\/?p=109#primaryimage"},"image":{"@id":"https:\/\/blogs.uef.fi\/parasta-aikaa-varhaiskasvatuksessa\/?p=109#primaryimage"},"thumbnailUrl":"https:\/\/blogs.uef.fi\/parasta-aikaa-varhaiskasvatuksessa\/wp-content\/uploads\/sites\/93\/2019\/06\/Elina1-972x1024.jpg","datePublished":"2019-06-28T05:36:12+00:00","dateModified":"2021-08-11T10:12:33+00:00","author":{"@id":"https:\/\/blogs.uef.fi\/parasta-aikaa-varhaiskasvatuksessa\/#\/schema\/person\/bc691df0f10ff8a79fdf36fae739c625"},"breadcrumb":{"@id":"https:\/\/blogs.uef.fi\/parasta-aikaa-varhaiskasvatuksessa\/?p=109#breadcrumb"},"inLanguage":"fi","potentialAction":[{"@type":"ReadAction","target":["https:\/\/blogs.uef.fi\/parasta-aikaa-varhaiskasvatuksessa\/?p=109"]}]},{"@type":"ImageObject","inLanguage":"fi","@id":"https:\/\/blogs.uef.fi\/parasta-aikaa-varhaiskasvatuksessa\/?p=109#primaryimage","url":"https:\/\/blogs.uef.fi\/parasta-aikaa-varhaiskasvatuksessa\/wp-content\/uploads\/sites\/93\/2019\/06\/Elina1.jpg","contentUrl":"https:\/\/blogs.uef.fi\/parasta-aikaa-varhaiskasvatuksessa\/wp-content\/uploads\/sites\/93\/2019\/06\/Elina1.jpg","width":1781,"height":1877},{"@type":"BreadcrumbList","@id":"https:\/\/blogs.uef.fi\/parasta-aikaa-varhaiskasvatuksessa\/?p=109#breadcrumb","itemListElement":[{"@type":"ListItem","position":1,"name":"Home","item":"https:\/\/blogs.uef.fi\/parasta-aikaa-varhaiskasvatuksessa"},{"@type":"ListItem","position":2,"name":"Miksi juuri It\u00e4-Suomen yliopisto ja varhaiskasvatus?"}]},{"@type":"WebSite","@id":"https:\/\/blogs.uef.fi\/parasta-aikaa-varhaiskasvatuksessa\/#website","url":"https:\/\/blogs.uef.fi\/parasta-aikaa-varhaiskasvatuksessa\/","name":"Parasta aikaa varhaiskasvatuksessa","description":"","potentialAction":[{"@type":"SearchAction","target":{"@type":"EntryPoint","urlTemplate":"https:\/\/blogs.uef.fi\/parasta-aikaa-varhaiskasvatuksessa\/?s={search_term_string}"},"query-input":{"@type":"PropertyValueSpecification","valueRequired":true,"valueName":"search_term_string"}}],"inLanguage":"fi"},{"@type":"Person","@id":"https:\/\/blogs.uef.fi\/parasta-aikaa-varhaiskasvatuksessa\/#\/schema\/person\/bc691df0f10ff8a79fdf36fae739c625","name":"Parasta_aikaa","url":"https:\/\/blogs.uef.fi\/parasta-aikaa-varhaiskasvatuksessa\/?author=257"}]}},"_links":{"self":[{"href":"https:\/\/blogs.uef.fi\/parasta-aikaa-varhaiskasvatuksessa\/index.php?rest_route=\/wp\/v2\/posts\/109","targetHints":{"allow":["GET"]}}],"collection":[{"href":"https:\/\/blogs.uef.fi\/parasta-aikaa-varhaiskasvatuksessa\/index.php?rest_route=\/wp\/v2\/posts"}],"about":[{"href":"https:\/\/blogs.uef.fi\/parasta-aikaa-varhaiskasvatuksessa\/index.php?rest_route=\/wp\/v2\/types\/post"}],"author":[{"embeddable":true,"href":"https:\/\/blogs.uef.fi\/parasta-aikaa-varhaiskasvatuksessa\/index.php?rest_route=\/wp\/v2\/users\/257"}],"replies":[{"embeddable":true,"href":"https:\/\/blogs.uef.fi\/parasta-aikaa-varhaiskasvatuksessa\/index.php?rest_route=%2Fwp%2Fv2%2Fcomments&post=109"}],"version-history":[{"count":2,"href":"https:\/\/blogs.uef.fi\/parasta-aikaa-varhaiskasvatuksessa\/index.php?rest_route=\/wp\/v2\/posts\/109\/revisions"}],"predecessor-version":[{"id":1131,"href":"https:\/\/blogs.uef.fi\/parasta-aikaa-varhaiskasvatuksessa\/index.php?rest_route=\/wp\/v2\/posts\/109\/revisions\/1131"}],"wp:attachment":[{"href":"https:\/\/blogs.uef.fi\/parasta-aikaa-varhaiskasvatuksessa\/index.php?rest_route=%2Fwp%2Fv2%2Fmedia&parent=109"}],"wp:term":[{"taxonomy":"category","embeddable":true,"href":"https:\/\/blogs.uef.fi\/parasta-aikaa-varhaiskasvatuksessa\/index.php?rest_route=%2Fwp%2Fv2%2Fcategories&post=109"},{"taxonomy":"post_tag","embeddable":true,"href":"https:\/\/blogs.uef.fi\/parasta-aikaa-varhaiskasvatuksessa\/index.php?rest_route=%2Fwp%2Fv2%2Ftags&post=109"}],"curies":[{"name":"wp","href":"https:\/\/api.w.org\/{rel}","templated":true}]}}