{"id":657,"date":"2017-07-03T15:21:04","date_gmt":"2017-07-03T12:21:04","guid":{"rendered":"https:\/\/blogs.uef.fi\/on-the-move\/?p=657"},"modified":"2025-07-14T12:55:52","modified_gmt":"2025-07-14T09:55:52","slug":"mon-echange-erasmus-au-maroc","status":"publish","type":"post","link":"https:\/\/blogs.uef.fi\/on-the-move\/2017\/07\/03\/mon-echange-erasmus-au-maroc\/","title":{"rendered":"Mon \u00e9change Erasmus+ au Maroc"},"content":{"rendered":"\n<p>Fin 2015, quand on m\u2019a sollicit\u00e9 pour demander si un s\u00e9jour au Maroc pourrait m\u2019int\u00e9resser, je me suis dit&nbsp;:&nbsp;\u00ab&nbsp;Pourquoi pas&nbsp;?&nbsp;\u00bb L\u2019ann\u00e9e universitaire de 2015\u20132016 \u00e9tant tr\u00e8s charg\u00e9e, il fallait seulement fixer, puis am\u00e9nager un cr\u00e9neau un peu plus avanc\u00e9 dans le temps. Une autre chose \u00e0 prendre en consid\u00e9ration \u00e9tait l\u2019emplacement du Ramadan, les activit\u00e9s dans une soci\u00e9t\u00e9 musulmane telle que l\u2019est celle du Maroc se transformant et se ralentissant lors de ce mois de je\u00fbne. Le d\u00e9placement a finalement eu lieu du 15 au 22 mai 2017.<\/p>\n\n\n\n<p>Mon s\u00e9jour \u00e0 T\u00e9touan et \u00e0 Tanger comme l\u2019h\u00f4te de l\u2019Universit\u00e9 Abdelmalek Essa\u00e2di a \u00e9t\u00e9 marqu\u00e9 par la chaleur. Au niveau du climat, certes&nbsp;: le temps \u00e9tait comparable \u00e0 l\u2019\u00e9t\u00e9 finlandais \u2013 mais avant tout la chaleur humaine. Le Maroc a su r\u00e9pondre \u00e0 sa r\u00e9putation d\u2019un pays hospitalier et accueillant.<\/p>\n\n\n\n<p>\u00c0 mon arriv\u00e9e, un des chauffeurs du campus de T\u00e9touan m\u2019a ramen\u00e9 de l\u2019a\u00e9roport de Tanger \u00e0 T\u00e9touan \u00e0 une heure de route \u00e0 travers des paysages montagneux. La ville se situe coinc\u00e9e \u00e0 l\u2019extr\u00e9mit\u00e9 ouest du massif du Rif. On m\u2019avait pris une chambre dans un bel \u00e9tablissement h\u00f4telier \u00e0 la lisi\u00e8re de la ville.<\/p>\n\n\n\n<p>Le lendemain, la premi\u00e8re journ\u00e9e enti\u00e8re de la visite, le Professeur Ahmed EL MOUSSAOUI, vice-pr\u00e9sident de l\u2019Universit\u00e9 Abdelmalek Essa\u00e2di charg\u00e9 de la recherche scientifique et de la coop\u00e9ration Internationale est venu me chercher \u00e0 l\u2019h\u00f4tel pour me ramener au b\u00e2timent de la Pr\u00e9sidence, qui loge l\u2019administration centrale ainsi qu\u2019un amphith\u00e9\u00e2tre. Mme. Imane RAISSOUNI, charg\u00e9e des relations anglophones, recherche scientifique et coop\u00e9ration internationale y a pr\u00e9sent\u00e9 l\u2019\u00e9tablissement, qui encadre quelque 86 000 \u00e9tudiants et 1 500 employ\u00e9s dont 950 enseignants chercheurs sur plusieurs campus dans le nord du pays, notamment \u00e0 T\u00e9touan (y compris Martil), Tanger et Larache. Apr\u00e8s l\u2019arriv\u00e9e du th\u00e9 (\u00e0 la menthe et sucr\u00e9, selon l\u2019habitude du pays) et des petits g\u00e2teaux, c\u2019\u00e9tait \u00e0 mon tour de donner une pr\u00e9sentation g\u00e9n\u00e9rale sur UEF. Le pr\u00e9sident en personne, le Professeur Houdaifa AMEZIANE s\u2019est introduit, et on a pu \u00e9changer, aussi bien des id\u00e9es que des cadeaux. Il m\u2019a charg\u00e9 de transmettre \u00e0 la direction de l\u2019UEF son souhait de voir renouveler la convention bilat\u00e9rale qui touche \u00e0 son terme. Sur ma question, le Pr\u00e9sident a affirm\u00e9 que la commande du fran\u00e7ais n\u2019est pas indispensable pour un s\u00e9jour d\u2019\u00e9change \u00e0 l\u2019UAE.<\/p>\n\n\n\n<figure class=\"wp-block-image size-full\"><a href=\"https:\/\/blogs.uef.fi\/on-the-move\/wp-content\/uploads\/sites\/11\/2017\/07\/Picture-2.jpg\"><img loading=\"lazy\" decoding=\"async\" width=\"873\" height=\"655\" src=\"https:\/\/blogs.uef.fi\/on-the-move\/wp-content\/uploads\/sites\/11\/2017\/07\/Picture-2.jpg\" alt=\"\" class=\"wp-image-661\" srcset=\"https:\/\/blogs.uef.fi\/on-the-move\/wp-content\/uploads\/sites\/11\/2017\/07\/Picture-2.jpg 873w, https:\/\/blogs.uef.fi\/on-the-move\/wp-content\/uploads\/sites\/11\/2017\/07\/Picture-2-768x576.jpg 768w\" sizes=\"auto, (max-width: 873px) 100vw, 873px\" \/><\/a><figcaption class=\"wp-element-caption\"><em>La Pr\u00e9sidence<\/em><\/figcaption><\/figure>\n\n\n\n<figure class=\"wp-block-image size-full\"><a href=\"https:\/\/blogs.uef.fi\/on-the-move\/wp-content\/uploads\/sites\/11\/2017\/07\/Picture-1.jpg\"><img loading=\"lazy\" decoding=\"async\" width=\"857\" height=\"643\" src=\"https:\/\/blogs.uef.fi\/on-the-move\/wp-content\/uploads\/sites\/11\/2017\/07\/Picture-1.jpg\" alt=\"\" class=\"wp-image-659\" srcset=\"https:\/\/blogs.uef.fi\/on-the-move\/wp-content\/uploads\/sites\/11\/2017\/07\/Picture-1.jpg 857w, https:\/\/blogs.uef.fi\/on-the-move\/wp-content\/uploads\/sites\/11\/2017\/07\/Picture-1-768x576.jpg 768w\" sizes=\"auto, (max-width: 857px) 100vw, 857px\" \/><\/a><figcaption class=\"wp-element-caption\"><em>Deux\u00e8me de gauche : M. El Moussaoui, au milieu : M. Ameziane, et \u00e0 son c\u00f6t\u00e9 Mme Raissouni.<\/em><\/figcaption><\/figure>\n\n\n\n<p>Apr\u00e8s notre rencontre, M. EL MOUSSAOUI m\u2019a accompagn\u00e9 pour un tour guid\u00e9 sur le campus. En route, nous avons vu Kamal Eddine EL KADIRI, directeur de l\u2019\u00c9cole Nationale des Sciences Appliqu\u00e9es, qui nous a fait voir ses beaux locaux.<\/p>\n\n\n\n<p>Vu la forte mont\u00e9e des effectifs due \u00e0 la croissance de la population, il y avait une activit\u00e9 de construction et d\u2019am\u00e9nagement importante aux deux campus de T\u00e9touan et de Martil. Comme cl\u00f4ture de la journ\u00e9e du travail, j\u2019ai \u00e9t\u00e9 invit\u00e9 \u2013 comme chaque jour \u00e0 T\u00e9touan \u2013 \u00e0 d\u00e9jeuner avec les coll\u00e8gues. Un moment de partage et de discussions fructueux accompagn\u00e9 des d\u00e9lices de la cuisine marocaine.<\/p>\n\n\n\n<p>Le jour suivant, Madame RAISSOUNI est venue me chercher \u00e0 l\u2019h\u00f4tel pour me ramener \u00e0 la Facult\u00e9 des Lettres et des Sciences Humaines \u00e0 Martil, une petite ville au bord de la mer \u00e0 10 km de T\u00e9touan. Mon h\u00f4te, Le Professeur Mohammed Sa\u00e2d ZEMMOURI, Doyen de la Facult\u00e9 m\u2019a fait visiter les locaux, y inclus la biblioth\u00e8que, abritant plus de 100&nbsp;000 volumes dont le catalogue est en voie de num\u00e9risation. Et voil\u00e0 la surprise des retrouvailles&nbsp;! On a d\u00e9couvert que j\u2019avais crois\u00e9 Mme Ouafae GORTFI au m\u00eame colloque sur Le Cl\u00e9zio il y a une douzaine d\u2019ann\u00e9es, et que nous avions publi\u00e9 dans les m\u00eames actes.<\/p>\n\n\n\n<figure class=\"wp-block-image size-full\"><a href=\"https:\/\/blogs.uef.fi\/on-the-move\/wp-content\/uploads\/sites\/11\/2017\/07\/Picture-3.jpg\"><img loading=\"lazy\" decoding=\"async\" width=\"788\" height=\"591\" src=\"https:\/\/blogs.uef.fi\/on-the-move\/wp-content\/uploads\/sites\/11\/2017\/07\/Picture-3.jpg\" alt=\"\" class=\"wp-image-663\" srcset=\"https:\/\/blogs.uef.fi\/on-the-move\/wp-content\/uploads\/sites\/11\/2017\/07\/Picture-3.jpg 788w, https:\/\/blogs.uef.fi\/on-the-move\/wp-content\/uploads\/sites\/11\/2017\/07\/Picture-3-768x576.jpg 768w\" sizes=\"auto, (max-width: 788px) 100vw, 788px\" \/><\/a><figcaption class=\"wp-element-caption\"><em>Le campus \u00e0 T\u00e9touan<\/em><\/figcaption><\/figure>\n\n\n\n<p>\u00c0 cause du temps de pr\u00e9paration des examens de fin d\u2019ann\u00e9e (qui avaient d\u00e9j\u00e0 commenc\u00e9 en partie), il y avait moins d\u2019\u00e9tudiants que d\u2019habitude sur place. Mes h\u00f4tes se sont inutilement excus\u00e9s du faible effectif&nbsp;: lors de mes deux interventions, la salle \u00e9tait pleine et la discussion vive. Apr\u00e8s, nous nous sommes retrouv\u00e9s \u00e0 table, plusieurs enseignants-chercheurs des domaines de la langue et de la litt\u00e9rature, dans une discussion engag\u00e9e, o\u00f9 nous avons tous exprim\u00e9 le d\u00e9sir de former des projets en commun.<\/p>\n\n\n\n<p>Jeudi, le chauffeur est venu me chercher pour me d\u00e9placer \u00e0 l\u2019\u00c9cole Sup\u00e9rieure Roi Fahd de Traduction \u00e0 Tanger, o\u00f9 le Directeur Nouredine CHAMLALI nous attendait avec son \u00e9quipe. C\u2019\u00e9tait avec un int\u00e9r\u00eat particulier que je m\u2019y suis rendu, pour voir l\u2019\u00e9tablissement de mes trois \u00e9tudiants en \u00e9change marocains.<\/p>\n\n\n\n<figure class=\"wp-block-image size-full\"><a href=\"https:\/\/blogs.uef.fi\/on-the-move\/wp-content\/uploads\/sites\/11\/2017\/07\/Picture-4.jpg\"><img loading=\"lazy\" decoding=\"async\" width=\"779\" height=\"584\" src=\"https:\/\/blogs.uef.fi\/on-the-move\/wp-content\/uploads\/sites\/11\/2017\/07\/Picture-4.jpg\" alt=\"\" class=\"wp-image-665\" srcset=\"https:\/\/blogs.uef.fi\/on-the-move\/wp-content\/uploads\/sites\/11\/2017\/07\/Picture-4.jpg 779w, https:\/\/blogs.uef.fi\/on-the-move\/wp-content\/uploads\/sites\/11\/2017\/07\/Picture-4-768x576.jpg 768w\" sizes=\"auto, (max-width: 779px) 100vw, 779px\" \/><\/a><figcaption class=\"wp-element-caption\"><em>L\u2019\u00c9cole Sup\u00e9rieure Roi Fahd de Traduction<\/em><\/figcaption><\/figure>\n\n\n\n<p>Ma pr\u00e9sentation sur l\u2019UEF a suscit\u00e9 beaucoup d\u2019int\u00e9r\u00eat et les questions tr\u00e8s pr\u00e9cises des \u00e9tudiants ont d\u00e9voil\u00e9 une v\u00e9ritable r\u00e9flexion sur les modalit\u00e9s pour succ\u00e9der aux camarades actuellement en Finlande.<\/p>\n\n\n\n<p>Apr\u00e8s un tour guid\u00e9 par le chef d\u2019\u00e9tablissement dans les locaux modernes et bien \u00e9quip\u00e9s, notre entretien s\u2019est poursuivi au repas.<\/p>\n\n\n\n<p>Vendredi, on m\u2019a invit\u00e9 \u00e0 la c\u00e9r\u00e9monie de cl\u00f4ture du projet Tempus CREMAR, destin\u00e9 \u00e0 ravager le terrain pour l\u2019implantation du syst\u00e8me LMD au Maroc, dans le but de faciliter encore la mobilit\u00e9 estudiantine vers l\u2019Europe. Apr\u00e8s, on a pris le couscous du vendredi, de l\u00e9g\u00e8re inspiration du Ramadan, qui \u00e9tait en passe de commencer.<\/p>\n\n\n\n<p>M. EL MOUSSAOUI a sollicit\u00e9 un de ses doctorants de me faire voir l\u2019ancienne M\u00e9dina, puis, le soir, il nous a ramen\u00e9s en voiture pour une balade sur la promenade au bord de la mer, la Corniche de Martil.<\/p>\n\n\n\n<p>Samedi, le chauffeur m\u2019a ramen\u00e9 \u00e0 Chefchauen dans les montagnes, \u00e0 une heure de route sinueuse \u00e0 travers des paysages majestueux. Nous avons visit\u00e9 la c\u00e9l\u00e8bre source ainsi que l\u2019ancienne M\u00e9dina, avec ses portes et murs bleus caract\u00e9ristiques de cette ville autrefois interdite aux chr\u00e9tiens.<\/p>\n\n\n\n<figure class=\"wp-block-image size-full\"><a href=\"https:\/\/blogs.uef.fi\/on-the-move\/wp-content\/uploads\/sites\/11\/2017\/07\/Picture-5.jpg\"><img loading=\"lazy\" decoding=\"async\" width=\"978\" height=\"733\" src=\"https:\/\/blogs.uef.fi\/on-the-move\/wp-content\/uploads\/sites\/11\/2017\/07\/Picture-5.jpg\" alt=\"\" class=\"wp-image-667\" srcset=\"https:\/\/blogs.uef.fi\/on-the-move\/wp-content\/uploads\/sites\/11\/2017\/07\/Picture-5.jpg 978w, https:\/\/blogs.uef.fi\/on-the-move\/wp-content\/uploads\/sites\/11\/2017\/07\/Picture-5-768x576.jpg 768w\" sizes=\"auto, (max-width: 978px) 100vw, 978px\" \/><\/a><figcaption class=\"wp-element-caption\"><em>Chefchauen<\/em><\/figcaption><\/figure>\n\n\n\n<p>Le lendemain, le chauffeur m\u2019a amen\u00e9 \u00e0 Tanger, o\u00f9 le chauffeur mis \u00e0 ma disposition par M. CHAMLALI m\u2019a fait voir les principaux sites de cette ville mythique \u2013 le bord des mers : l\u2019Atlantique d\u2019un c\u00f4t\u00e9 et la M\u00e9diterran\u00e9e de l\u2019autre, ainsi que la Grotte d\u2019Hercule. Tanger a paru une ville internationale et moderne, en forte croissance.<\/p>\n\n\n\n<figure class=\"wp-block-image size-full\"><a href=\"https:\/\/blogs.uef.fi\/on-the-move\/wp-content\/uploads\/sites\/11\/2017\/07\/Picture-6-e1499084313724.jpg\"><img loading=\"lazy\" decoding=\"async\" width=\"714\" height=\"953\" src=\"https:\/\/blogs.uef.fi\/on-the-move\/wp-content\/uploads\/sites\/11\/2017\/07\/Picture-6-e1499084313724.jpg\" alt=\"\" class=\"wp-image-669\" \/><\/a><figcaption class=\"wp-element-caption\"><em>Une ruelle dans l\u2019ancienne m\u00e9dina de T\u00e9touan<\/em><\/figcaption><\/figure>\n\n\n\n<p>Le voyage a fini comme il a d\u00e9but\u00e9&nbsp;: t\u00f4t le matin, le chauffeur m\u2019attendait \u00e0 l\u2019entr\u00e9e de l\u2019h\u00f4tel pour me d\u00e9poser \u00e0 l\u2019a\u00e9roport, avec des souhaits chaleureux de retrouvailles un jour, <em>inshallah<\/em>.<\/p>\n\n\n\n<p>L\u2019exp\u00e9rience de la semaine pass\u00e9e au Maroc est inoubliable. Un d\u00e9paysement en pair avec des rencontres humaines et des nouvelles connaissances dont je vais garder le souvenir dans mon c\u0153ur.<\/p>\n\n\n\n<p>Fredrik Westerlund<\/p>\n","protected":false},"excerpt":{"rendered":"<p>Fin 2015, quand on m\u2019a sollicit\u00e9 pour demander si un s\u00e9jour au Maroc pourrait m\u2019int\u00e9resser, je me suis dit&nbsp;:&nbsp;\u00ab&nbsp;Pourquoi pas&nbsp;?&nbsp;\u00bb L\u2019ann\u00e9e universitaire de 2015\u20132016 \u00e9tant tr\u00e8s charg\u00e9e, il fallait seulement fixer, puis am\u00e9nager un cr\u00e9neau un peu plus avanc\u00e9 dans le temps. Une autre chose \u00e0 prendre en consid\u00e9ration \u00e9tait l\u2019emplacement du Ramadan, les activit\u00e9s [&hellip;]<\/p>\n","protected":false},"author":62,"featured_media":0,"comment_status":"open","ping_status":"closed","sticky":false,"template":"","format":"standard","meta":{"_acf_changed":false,"footnotes":""},"categories":[155,147],"tags":[5,81,23,21],"class_list":["post-657","post","type-post","status-publish","format-standard","hentry","category-goingabroadstaff","category-morocco","tag-erasmus-international-credit-mobility","tag-morocco","tag-outgoing","tag-staff-mobility-for-training"],"acf":[],"yoast_head":"<!-- This site is optimized with the Yoast SEO plugin v27.3 - https:\/\/yoast.com\/product\/yoast-seo-wordpress\/ -->\n<title>Mon \u00e9change Erasmus+ au Maroc - On the move<\/title>\n<meta name=\"robots\" content=\"index, follow, max-snippet:-1, max-image-preview:large, max-video-preview:-1\" \/>\n<link rel=\"canonical\" href=\"https:\/\/blogs.uef.fi\/on-the-move\/2017\/07\/03\/mon-echange-erasmus-au-maroc\/\" \/>\n<meta property=\"og:locale\" content=\"en_US\" \/>\n<meta property=\"og:type\" content=\"article\" \/>\n<meta property=\"og:title\" content=\"Mon \u00e9change Erasmus+ au Maroc - On the move\" \/>\n<meta property=\"og:description\" content=\"Fin 2015, quand on m\u2019a sollicit\u00e9 pour demander si un s\u00e9jour au Maroc pourrait m\u2019int\u00e9resser, je me suis dit&nbsp;:&nbsp;\u00ab&nbsp;Pourquoi pas&nbsp;?&nbsp;\u00bb L\u2019ann\u00e9e universitaire de 2015\u20132016 \u00e9tant tr\u00e8s charg\u00e9e, il fallait seulement fixer, puis am\u00e9nager un cr\u00e9neau un peu plus avanc\u00e9 dans le temps. Une autre chose \u00e0 prendre en consid\u00e9ration \u00e9tait l\u2019emplacement du Ramadan, les activit\u00e9s [&hellip;]\" \/>\n<meta property=\"og:url\" content=\"https:\/\/blogs.uef.fi\/on-the-move\/2017\/07\/03\/mon-echange-erasmus-au-maroc\/\" \/>\n<meta property=\"og:site_name\" content=\"On the move\" \/>\n<meta property=\"article:published_time\" content=\"2017-07-03T12:21:04+00:00\" \/>\n<meta property=\"article:modified_time\" content=\"2025-07-14T09:55:52+00:00\" \/>\n<meta property=\"og:image\" content=\"https:\/\/blogs.uef.fi\/on-the-move\/wp-content\/uploads\/sites\/11\/2017\/07\/Picture-2.jpg\" \/>\n\t<meta property=\"og:image:width\" content=\"873\" \/>\n\t<meta property=\"og:image:height\" content=\"655\" \/>\n\t<meta property=\"og:image:type\" content=\"image\/jpeg\" \/>\n<meta name=\"author\" content=\"On the Move\" \/>\n<meta name=\"twitter:card\" content=\"summary_large_image\" \/>\n<meta name=\"twitter:label1\" content=\"Written by\" \/>\n\t<meta name=\"twitter:data1\" content=\"On the Move\" \/>\n\t<meta name=\"twitter:label2\" content=\"Est. reading time\" \/>\n\t<meta name=\"twitter:data2\" content=\"6 minutes\" \/>\n<script type=\"application\/ld+json\" class=\"yoast-schema-graph\">{\"@context\":\"https:\\\/\\\/schema.org\",\"@graph\":[{\"@type\":\"Article\",\"@id\":\"https:\\\/\\\/blogs.uef.fi\\\/on-the-move\\\/2017\\\/07\\\/03\\\/mon-echange-erasmus-au-maroc\\\/#article\",\"isPartOf\":{\"@id\":\"https:\\\/\\\/blogs.uef.fi\\\/on-the-move\\\/2017\\\/07\\\/03\\\/mon-echange-erasmus-au-maroc\\\/\"},\"author\":{\"name\":\"On the Move\",\"@id\":\"https:\\\/\\\/blogs.uef.fi\\\/on-the-move\\\/#\\\/schema\\\/person\\\/283010230c1e904174885514153c53fc\"},\"headline\":\"Mon \u00e9change Erasmus+ au Maroc\",\"datePublished\":\"2017-07-03T12:21:04+00:00\",\"dateModified\":\"2025-07-14T09:55:52+00:00\",\"mainEntityOfPage\":{\"@id\":\"https:\\\/\\\/blogs.uef.fi\\\/on-the-move\\\/2017\\\/07\\\/03\\\/mon-echange-erasmus-au-maroc\\\/\"},\"wordCount\":1239,\"commentCount\":0,\"image\":{\"@id\":\"https:\\\/\\\/blogs.uef.fi\\\/on-the-move\\\/2017\\\/07\\\/03\\\/mon-echange-erasmus-au-maroc\\\/#primaryimage\"},\"thumbnailUrl\":\"https:\\\/\\\/blogs.uef.fi\\\/on-the-move\\\/wp-content\\\/uploads\\\/sites\\\/11\\\/2017\\\/07\\\/Picture-2.jpg\",\"keywords\":[\"Erasmus+ international credit mobility\",\"Morocco\",\"Outgoing\",\"Staff mobility for training\"],\"articleSection\":[\"Going Abroad (Staff)\",\"Morocco\"],\"inLanguage\":\"en-US\",\"potentialAction\":[{\"@type\":\"CommentAction\",\"name\":\"Comment\",\"target\":[\"https:\\\/\\\/blogs.uef.fi\\\/on-the-move\\\/2017\\\/07\\\/03\\\/mon-echange-erasmus-au-maroc\\\/#respond\"]}]},{\"@type\":\"WebPage\",\"@id\":\"https:\\\/\\\/blogs.uef.fi\\\/on-the-move\\\/2017\\\/07\\\/03\\\/mon-echange-erasmus-au-maroc\\\/\",\"url\":\"https:\\\/\\\/blogs.uef.fi\\\/on-the-move\\\/2017\\\/07\\\/03\\\/mon-echange-erasmus-au-maroc\\\/\",\"name\":\"Mon \u00e9change Erasmus+ au Maroc - On the move\",\"isPartOf\":{\"@id\":\"https:\\\/\\\/blogs.uef.fi\\\/on-the-move\\\/#website\"},\"primaryImageOfPage\":{\"@id\":\"https:\\\/\\\/blogs.uef.fi\\\/on-the-move\\\/2017\\\/07\\\/03\\\/mon-echange-erasmus-au-maroc\\\/#primaryimage\"},\"image\":{\"@id\":\"https:\\\/\\\/blogs.uef.fi\\\/on-the-move\\\/2017\\\/07\\\/03\\\/mon-echange-erasmus-au-maroc\\\/#primaryimage\"},\"thumbnailUrl\":\"https:\\\/\\\/blogs.uef.fi\\\/on-the-move\\\/wp-content\\\/uploads\\\/sites\\\/11\\\/2017\\\/07\\\/Picture-2.jpg\",\"datePublished\":\"2017-07-03T12:21:04+00:00\",\"dateModified\":\"2025-07-14T09:55:52+00:00\",\"author\":{\"@id\":\"https:\\\/\\\/blogs.uef.fi\\\/on-the-move\\\/#\\\/schema\\\/person\\\/283010230c1e904174885514153c53fc\"},\"breadcrumb\":{\"@id\":\"https:\\\/\\\/blogs.uef.fi\\\/on-the-move\\\/2017\\\/07\\\/03\\\/mon-echange-erasmus-au-maroc\\\/#breadcrumb\"},\"inLanguage\":\"en-US\",\"potentialAction\":[{\"@type\":\"ReadAction\",\"target\":[\"https:\\\/\\\/blogs.uef.fi\\\/on-the-move\\\/2017\\\/07\\\/03\\\/mon-echange-erasmus-au-maroc\\\/\"]}]},{\"@type\":\"ImageObject\",\"inLanguage\":\"en-US\",\"@id\":\"https:\\\/\\\/blogs.uef.fi\\\/on-the-move\\\/2017\\\/07\\\/03\\\/mon-echange-erasmus-au-maroc\\\/#primaryimage\",\"url\":\"https:\\\/\\\/blogs.uef.fi\\\/on-the-move\\\/wp-content\\\/uploads\\\/sites\\\/11\\\/2017\\\/07\\\/Picture-2.jpg\",\"contentUrl\":\"https:\\\/\\\/blogs.uef.fi\\\/on-the-move\\\/wp-content\\\/uploads\\\/sites\\\/11\\\/2017\\\/07\\\/Picture-2.jpg\",\"width\":873,\"height\":655},{\"@type\":\"BreadcrumbList\",\"@id\":\"https:\\\/\\\/blogs.uef.fi\\\/on-the-move\\\/2017\\\/07\\\/03\\\/mon-echange-erasmus-au-maroc\\\/#breadcrumb\",\"itemListElement\":[{\"@type\":\"ListItem\",\"position\":1,\"name\":\"Home\",\"item\":\"https:\\\/\\\/blogs.uef.fi\\\/on-the-move\\\/\"},{\"@type\":\"ListItem\",\"position\":2,\"name\":\"Mon \u00e9change Erasmus+ au Maroc\"}]},{\"@type\":\"WebSite\",\"@id\":\"https:\\\/\\\/blogs.uef.fi\\\/on-the-move\\\/#website\",\"url\":\"https:\\\/\\\/blogs.uef.fi\\\/on-the-move\\\/\",\"name\":\"On the move\",\"description\":\"\",\"potentialAction\":[{\"@type\":\"SearchAction\",\"target\":{\"@type\":\"EntryPoint\",\"urlTemplate\":\"https:\\\/\\\/blogs.uef.fi\\\/on-the-move\\\/?s={search_term_string}\"},\"query-input\":{\"@type\":\"PropertyValueSpecification\",\"valueRequired\":true,\"valueName\":\"search_term_string\"}}],\"inLanguage\":\"en-US\"},{\"@type\":\"Person\",\"@id\":\"https:\\\/\\\/blogs.uef.fi\\\/on-the-move\\\/#\\\/schema\\\/person\\\/283010230c1e904174885514153c53fc\",\"name\":\"On the Move\",\"url\":\"https:\\\/\\\/blogs.uef.fi\\\/on-the-move\\\/author\\\/kirsik\\\/\"}]}<\/script>\n<!-- \/ Yoast SEO plugin. -->","yoast_head_json":{"title":"Mon \u00e9change Erasmus+ au Maroc - On the move","robots":{"index":"index","follow":"follow","max-snippet":"max-snippet:-1","max-image-preview":"max-image-preview:large","max-video-preview":"max-video-preview:-1"},"canonical":"https:\/\/blogs.uef.fi\/on-the-move\/2017\/07\/03\/mon-echange-erasmus-au-maroc\/","og_locale":"en_US","og_type":"article","og_title":"Mon \u00e9change Erasmus+ au Maroc - On the move","og_description":"Fin 2015, quand on m\u2019a sollicit\u00e9 pour demander si un s\u00e9jour au Maroc pourrait m\u2019int\u00e9resser, je me suis dit&nbsp;:&nbsp;\u00ab&nbsp;Pourquoi pas&nbsp;?&nbsp;\u00bb L\u2019ann\u00e9e universitaire de 2015\u20132016 \u00e9tant tr\u00e8s charg\u00e9e, il fallait seulement fixer, puis am\u00e9nager un cr\u00e9neau un peu plus avanc\u00e9 dans le temps. Une autre chose \u00e0 prendre en consid\u00e9ration \u00e9tait l\u2019emplacement du Ramadan, les activit\u00e9s [&hellip;]","og_url":"https:\/\/blogs.uef.fi\/on-the-move\/2017\/07\/03\/mon-echange-erasmus-au-maroc\/","og_site_name":"On the move","article_published_time":"2017-07-03T12:21:04+00:00","article_modified_time":"2025-07-14T09:55:52+00:00","og_image":[{"width":873,"height":655,"url":"https:\/\/blogs.uef.fi\/on-the-move\/wp-content\/uploads\/sites\/11\/2017\/07\/Picture-2.jpg","type":"image\/jpeg"}],"author":"On the Move","twitter_card":"summary_large_image","twitter_misc":{"Written by":"On the Move","Est. reading time":"6 minutes"},"schema":{"@context":"https:\/\/schema.org","@graph":[{"@type":"Article","@id":"https:\/\/blogs.uef.fi\/on-the-move\/2017\/07\/03\/mon-echange-erasmus-au-maroc\/#article","isPartOf":{"@id":"https:\/\/blogs.uef.fi\/on-the-move\/2017\/07\/03\/mon-echange-erasmus-au-maroc\/"},"author":{"name":"On the Move","@id":"https:\/\/blogs.uef.fi\/on-the-move\/#\/schema\/person\/283010230c1e904174885514153c53fc"},"headline":"Mon \u00e9change Erasmus+ au Maroc","datePublished":"2017-07-03T12:21:04+00:00","dateModified":"2025-07-14T09:55:52+00:00","mainEntityOfPage":{"@id":"https:\/\/blogs.uef.fi\/on-the-move\/2017\/07\/03\/mon-echange-erasmus-au-maroc\/"},"wordCount":1239,"commentCount":0,"image":{"@id":"https:\/\/blogs.uef.fi\/on-the-move\/2017\/07\/03\/mon-echange-erasmus-au-maroc\/#primaryimage"},"thumbnailUrl":"https:\/\/blogs.uef.fi\/on-the-move\/wp-content\/uploads\/sites\/11\/2017\/07\/Picture-2.jpg","keywords":["Erasmus+ international credit mobility","Morocco","Outgoing","Staff mobility for training"],"articleSection":["Going Abroad (Staff)","Morocco"],"inLanguage":"en-US","potentialAction":[{"@type":"CommentAction","name":"Comment","target":["https:\/\/blogs.uef.fi\/on-the-move\/2017\/07\/03\/mon-echange-erasmus-au-maroc\/#respond"]}]},{"@type":"WebPage","@id":"https:\/\/blogs.uef.fi\/on-the-move\/2017\/07\/03\/mon-echange-erasmus-au-maroc\/","url":"https:\/\/blogs.uef.fi\/on-the-move\/2017\/07\/03\/mon-echange-erasmus-au-maroc\/","name":"Mon \u00e9change Erasmus+ au Maroc - On the move","isPartOf":{"@id":"https:\/\/blogs.uef.fi\/on-the-move\/#website"},"primaryImageOfPage":{"@id":"https:\/\/blogs.uef.fi\/on-the-move\/2017\/07\/03\/mon-echange-erasmus-au-maroc\/#primaryimage"},"image":{"@id":"https:\/\/blogs.uef.fi\/on-the-move\/2017\/07\/03\/mon-echange-erasmus-au-maroc\/#primaryimage"},"thumbnailUrl":"https:\/\/blogs.uef.fi\/on-the-move\/wp-content\/uploads\/sites\/11\/2017\/07\/Picture-2.jpg","datePublished":"2017-07-03T12:21:04+00:00","dateModified":"2025-07-14T09:55:52+00:00","author":{"@id":"https:\/\/blogs.uef.fi\/on-the-move\/#\/schema\/person\/283010230c1e904174885514153c53fc"},"breadcrumb":{"@id":"https:\/\/blogs.uef.fi\/on-the-move\/2017\/07\/03\/mon-echange-erasmus-au-maroc\/#breadcrumb"},"inLanguage":"en-US","potentialAction":[{"@type":"ReadAction","target":["https:\/\/blogs.uef.fi\/on-the-move\/2017\/07\/03\/mon-echange-erasmus-au-maroc\/"]}]},{"@type":"ImageObject","inLanguage":"en-US","@id":"https:\/\/blogs.uef.fi\/on-the-move\/2017\/07\/03\/mon-echange-erasmus-au-maroc\/#primaryimage","url":"https:\/\/blogs.uef.fi\/on-the-move\/wp-content\/uploads\/sites\/11\/2017\/07\/Picture-2.jpg","contentUrl":"https:\/\/blogs.uef.fi\/on-the-move\/wp-content\/uploads\/sites\/11\/2017\/07\/Picture-2.jpg","width":873,"height":655},{"@type":"BreadcrumbList","@id":"https:\/\/blogs.uef.fi\/on-the-move\/2017\/07\/03\/mon-echange-erasmus-au-maroc\/#breadcrumb","itemListElement":[{"@type":"ListItem","position":1,"name":"Home","item":"https:\/\/blogs.uef.fi\/on-the-move\/"},{"@type":"ListItem","position":2,"name":"Mon \u00e9change Erasmus+ au Maroc"}]},{"@type":"WebSite","@id":"https:\/\/blogs.uef.fi\/on-the-move\/#website","url":"https:\/\/blogs.uef.fi\/on-the-move\/","name":"On the move","description":"","potentialAction":[{"@type":"SearchAction","target":{"@type":"EntryPoint","urlTemplate":"https:\/\/blogs.uef.fi\/on-the-move\/?s={search_term_string}"},"query-input":{"@type":"PropertyValueSpecification","valueRequired":true,"valueName":"search_term_string"}}],"inLanguage":"en-US"},{"@type":"Person","@id":"https:\/\/blogs.uef.fi\/on-the-move\/#\/schema\/person\/283010230c1e904174885514153c53fc","name":"On the Move","url":"https:\/\/blogs.uef.fi\/on-the-move\/author\/kirsik\/"}]}},"_links":{"self":[{"href":"https:\/\/blogs.uef.fi\/on-the-move\/wp-json\/wp\/v2\/posts\/657","targetHints":{"allow":["GET"]}}],"collection":[{"href":"https:\/\/blogs.uef.fi\/on-the-move\/wp-json\/wp\/v2\/posts"}],"about":[{"href":"https:\/\/blogs.uef.fi\/on-the-move\/wp-json\/wp\/v2\/types\/post"}],"author":[{"embeddable":true,"href":"https:\/\/blogs.uef.fi\/on-the-move\/wp-json\/wp\/v2\/users\/62"}],"replies":[{"embeddable":true,"href":"https:\/\/blogs.uef.fi\/on-the-move\/wp-json\/wp\/v2\/comments?post=657"}],"version-history":[{"count":1,"href":"https:\/\/blogs.uef.fi\/on-the-move\/wp-json\/wp\/v2\/posts\/657\/revisions"}],"predecessor-version":[{"id":3518,"href":"https:\/\/blogs.uef.fi\/on-the-move\/wp-json\/wp\/v2\/posts\/657\/revisions\/3518"}],"wp:attachment":[{"href":"https:\/\/blogs.uef.fi\/on-the-move\/wp-json\/wp\/v2\/media?parent=657"}],"wp:term":[{"taxonomy":"category","embeddable":true,"href":"https:\/\/blogs.uef.fi\/on-the-move\/wp-json\/wp\/v2\/categories?post=657"},{"taxonomy":"post_tag","embeddable":true,"href":"https:\/\/blogs.uef.fi\/on-the-move\/wp-json\/wp\/v2\/tags?post=657"}],"curies":[{"name":"wp","href":"https:\/\/api.w.org\/{rel}","templated":true}]}}