{"id":3649,"date":"2016-03-15T11:08:00","date_gmt":"2016-03-15T09:08:00","guid":{"rendered":"https:\/\/blogs.uef.fi\/on-the-move\/?p=3649"},"modified":"2025-09-16T12:45:33","modified_gmt":"2025-09-16T09:45:33","slug":"the-return-to-joensuu","status":"publish","type":"post","link":"https:\/\/blogs.uef.fi\/on-the-move\/2016\/03\/15\/the-return-to-joensuu\/","title":{"rendered":"The return to Joensuu"},"content":{"rendered":"\n<p>When I grabbed my box of souvenirs from Finland from under my bed in my room in Novi Sad to take out my old student card, I felt a warm stream of excitement going through my body. Is it really happening? Am I really going back to Finland and Joensuu, the place in which I spent the most exciting year of studies and the place I love so deeply? Yes! Oh, what a great feeling it was!<\/p>\n\n\n\n<p>Hello, everyone! My name is Tihomir. I\u2019m a Master\u2019s student of Ecology at the University of Novi Sad, Serbia. Right now I am on the Erasmus+ exchange semester in Joensuu. I have already been here in the whole academic year 2013\/2014 by the exchange programme Campus Europae of the European University Foundation. The preparations for the two exchange periods were fairly similar, but the feelings before coming to Joensuu were very different. The first time I was a bit scared not knowing what to expect, but I quickly got to know the town and the friendly people. It was such a great year: I met so many new people from around the world, learned a fair bit of Finnish language, gained new skills, participated in many interesting events and traveled to unusual destinations. The exchange period had a big impact on me. So, naturally you can expect how excited I was to hear that few Erasmus+ places have been opened in Joensuu for the spring semester of 2016. This time I was eager to go and relive all those memories from the past.<\/p>\n\n\n\n<p>When I was in the train looking out of the window at the passing boreal forest and frozen lakes covered with snow the excitement was cooking inside me. My tutors were waiting for me at the train station on that cold afternoon and they gave me a ride to my new home in Rantakyl\u00e4, a part of the town that was an hour of walk away from the center. This part of the town was quiet and surrounded by cozy forest, so it felt different than the last time when I was living in the center in a buzzy student dormitory. While I was in Serbia, two new bridges were built and few cafes and shops opened in the center of the town. It felt so nice to see the people I knew from before again. For quite a few of them it was a surprise to see me, because I didn\u2019t tell everyone I\u2019m coming. It was a big surprise for the choir of UEF because the whole choir will come to Novi Sad to sing in May of 2016 because of my invitation and suddenly I appear in Joensuu in front of the Conductor and the singers.<br>Of course the other exchange students are new to me, but all of them seem to be very friendly, clever and hardworking; especially the ones from Serbia. \ud83d\ude42<\/p>\n\n\n\n<p>Sometimes this exchange period feels to me like a completely new experience, but for the most part it feels like a continuation of something I started before. Most importantly, it feels like coming home. It really does, somehow.<\/p>\n\n\n\n<p>Thank you, Erasmus+ for such a lovely opportunity to study in a different country and thank you, UEF for being such a great host university. I am really thankful. This is going to be another unforgettable semester!<\/p>\n\n\n\n<figure class=\"wp-block-image size-full\"><a href=\"https:\/\/blogs.uef.fi\/on-the-move\/wp-content\/uploads\/sites\/11\/2016\/03\/On-the-move_serbialaiset.jpg\"><img loading=\"lazy\" decoding=\"async\" width=\"350\" height=\"263\" src=\"https:\/\/blogs.uef.fi\/on-the-move\/wp-content\/uploads\/sites\/11\/2016\/03\/On-the-move_serbialaiset.jpg\" alt=\"\" class=\"wp-image-114\" srcset=\"https:\/\/blogs.uef.fi\/on-the-move\/wp-content\/uploads\/sites\/11\/2016\/03\/On-the-move_serbialaiset.jpg 350w, https:\/\/blogs.uef.fi\/on-the-move\/wp-content\/uploads\/sites\/11\/2016\/03\/On-the-move_serbialaiset-300x225.jpg 300w\" sizes=\"auto, (max-width: 350px) 100vw, 350px\" \/><\/a><figcaption class=\"wp-element-caption\"> <\/figcaption><\/figure>\n\n\n\n<p><strong>Tihomir Simin <\/strong>(on the left)<br>an exchange student at the Department of Environmental and Biological Sciences, Joensuu campus<\/p>\n","protected":false},"excerpt":{"rendered":"<p>When I grabbed my box of souvenirs from Finland from under my bed in my room in Novi Sad to take out my old student card, I felt a warm stream of excitement going through my body. Is it really happening? Am I really going back to Finland and Joensuu, the place in which I [&hellip;]<\/p>\n","protected":false},"author":7,"featured_media":0,"comment_status":"open","ping_status":"closed","sticky":false,"template":"","format":"standard","meta":{"_acf_changed":false,"footnotes":""},"categories":[141],"tags":[5,50,53,51,48,49,57,24],"class_list":["post-3649","post","type-post","status-publish","format-standard","hentry","category-comingtofinland","tag-erasmus-international-credit-mobility","tag-higher-education","tag-joensuu-campus","tag-mobility","tag-serbia","tag-spring-2016","tag-tihomir-simin","tag-uef"],"acf":[],"yoast_head":"<!-- This site is optimized with the Yoast SEO plugin v27.3 - https:\/\/yoast.com\/product\/yoast-seo-wordpress\/ -->\n<title>The return to Joensuu - On the move<\/title>\n<meta name=\"robots\" content=\"index, follow, max-snippet:-1, max-image-preview:large, max-video-preview:-1\" \/>\n<link rel=\"canonical\" href=\"https:\/\/blogs.uef.fi\/on-the-move\/2016\/03\/15\/the-return-to-joensuu\/\" \/>\n<meta property=\"og:locale\" content=\"en_US\" \/>\n<meta property=\"og:type\" content=\"article\" \/>\n<meta property=\"og:title\" content=\"The return to Joensuu - On the move\" \/>\n<meta property=\"og:description\" content=\"When I grabbed my box of souvenirs from Finland from under my bed in my room in Novi Sad to take out my old student card, I felt a warm stream of excitement going through my body. Is it really happening? Am I really going back to Finland and Joensuu, the place in which I [&hellip;]\" \/>\n<meta property=\"og:url\" content=\"https:\/\/blogs.uef.fi\/on-the-move\/2016\/03\/15\/the-return-to-joensuu\/\" \/>\n<meta property=\"og:site_name\" content=\"On the move\" \/>\n<meta property=\"article:published_time\" content=\"2016-03-15T09:08:00+00:00\" \/>\n<meta property=\"article:modified_time\" content=\"2025-09-16T09:45:33+00:00\" \/>\n<meta property=\"og:image\" content=\"https:\/\/blogs.uef.fi\/on-the-move\/wp-content\/uploads\/sites\/11\/2016\/03\/On-the-move_serbialaiset.jpg\" \/>\n\t<meta property=\"og:image:width\" content=\"350\" \/>\n\t<meta property=\"og:image:height\" content=\"263\" \/>\n\t<meta property=\"og:image:type\" content=\"image\/jpeg\" \/>\n<meta name=\"author\" content=\"Viestint\u00e4\" \/>\n<meta name=\"twitter:card\" content=\"summary_large_image\" \/>\n<meta name=\"twitter:label1\" content=\"Written by\" \/>\n\t<meta name=\"twitter:data1\" content=\"Viestint\u00e4\" \/>\n\t<meta name=\"twitter:label2\" content=\"Est. reading time\" \/>\n\t<meta name=\"twitter:data2\" content=\"3 minutes\" \/>\n<script type=\"application\/ld+json\" class=\"yoast-schema-graph\">{\"@context\":\"https:\\\/\\\/schema.org\",\"@graph\":[{\"@type\":\"Article\",\"@id\":\"https:\\\/\\\/blogs.uef.fi\\\/on-the-move\\\/2016\\\/03\\\/15\\\/the-return-to-joensuu\\\/#article\",\"isPartOf\":{\"@id\":\"https:\\\/\\\/blogs.uef.fi\\\/on-the-move\\\/2016\\\/03\\\/15\\\/the-return-to-joensuu\\\/\"},\"author\":{\"name\":\"Viestint\u00e4\",\"@id\":\"https:\\\/\\\/blogs.uef.fi\\\/on-the-move\\\/#\\\/schema\\\/person\\\/23b326ec5bb0d7bd395b6ddbbded3497\"},\"headline\":\"The return to Joensuu\",\"datePublished\":\"2016-03-15T09:08:00+00:00\",\"dateModified\":\"2025-09-16T09:45:33+00:00\",\"mainEntityOfPage\":{\"@id\":\"https:\\\/\\\/blogs.uef.fi\\\/on-the-move\\\/2016\\\/03\\\/15\\\/the-return-to-joensuu\\\/\"},\"wordCount\":584,\"commentCount\":0,\"image\":{\"@id\":\"https:\\\/\\\/blogs.uef.fi\\\/on-the-move\\\/2016\\\/03\\\/15\\\/the-return-to-joensuu\\\/#primaryimage\"},\"thumbnailUrl\":\"https:\\\/\\\/blogs.uef.fi\\\/on-the-move\\\/wp-content\\\/uploads\\\/sites\\\/11\\\/2016\\\/03\\\/On-the-move_serbialaiset.jpg\",\"keywords\":[\"Erasmus+ international credit mobility\",\"higher education\",\"Joensuu Campus\",\"mobility\",\"Serbia\",\"spring 2016\",\"Tihomir Simin\",\"UEF\"],\"articleSection\":[\"Coming to Finland as a Student\"],\"inLanguage\":\"en-US\",\"potentialAction\":[{\"@type\":\"CommentAction\",\"name\":\"Comment\",\"target\":[\"https:\\\/\\\/blogs.uef.fi\\\/on-the-move\\\/2016\\\/03\\\/15\\\/the-return-to-joensuu\\\/#respond\"]}]},{\"@type\":\"WebPage\",\"@id\":\"https:\\\/\\\/blogs.uef.fi\\\/on-the-move\\\/2016\\\/03\\\/15\\\/the-return-to-joensuu\\\/\",\"url\":\"https:\\\/\\\/blogs.uef.fi\\\/on-the-move\\\/2016\\\/03\\\/15\\\/the-return-to-joensuu\\\/\",\"name\":\"The return to Joensuu - On the move\",\"isPartOf\":{\"@id\":\"https:\\\/\\\/blogs.uef.fi\\\/on-the-move\\\/#website\"},\"primaryImageOfPage\":{\"@id\":\"https:\\\/\\\/blogs.uef.fi\\\/on-the-move\\\/2016\\\/03\\\/15\\\/the-return-to-joensuu\\\/#primaryimage\"},\"image\":{\"@id\":\"https:\\\/\\\/blogs.uef.fi\\\/on-the-move\\\/2016\\\/03\\\/15\\\/the-return-to-joensuu\\\/#primaryimage\"},\"thumbnailUrl\":\"https:\\\/\\\/blogs.uef.fi\\\/on-the-move\\\/wp-content\\\/uploads\\\/sites\\\/11\\\/2016\\\/03\\\/On-the-move_serbialaiset.jpg\",\"datePublished\":\"2016-03-15T09:08:00+00:00\",\"dateModified\":\"2025-09-16T09:45:33+00:00\",\"author\":{\"@id\":\"https:\\\/\\\/blogs.uef.fi\\\/on-the-move\\\/#\\\/schema\\\/person\\\/23b326ec5bb0d7bd395b6ddbbded3497\"},\"breadcrumb\":{\"@id\":\"https:\\\/\\\/blogs.uef.fi\\\/on-the-move\\\/2016\\\/03\\\/15\\\/the-return-to-joensuu\\\/#breadcrumb\"},\"inLanguage\":\"en-US\",\"potentialAction\":[{\"@type\":\"ReadAction\",\"target\":[\"https:\\\/\\\/blogs.uef.fi\\\/on-the-move\\\/2016\\\/03\\\/15\\\/the-return-to-joensuu\\\/\"]}]},{\"@type\":\"ImageObject\",\"inLanguage\":\"en-US\",\"@id\":\"https:\\\/\\\/blogs.uef.fi\\\/on-the-move\\\/2016\\\/03\\\/15\\\/the-return-to-joensuu\\\/#primaryimage\",\"url\":\"https:\\\/\\\/blogs.uef.fi\\\/on-the-move\\\/wp-content\\\/uploads\\\/sites\\\/11\\\/2016\\\/03\\\/On-the-move_serbialaiset.jpg\",\"contentUrl\":\"https:\\\/\\\/blogs.uef.fi\\\/on-the-move\\\/wp-content\\\/uploads\\\/sites\\\/11\\\/2016\\\/03\\\/On-the-move_serbialaiset.jpg\",\"width\":350,\"height\":263,\"caption\":\"Anja Vuja\u010di\u0107, Aleksandar Stanojkovi\u0107, Jelena Gnjatovi\u0107, Lana Domuz, Milan Boji\u0107, Milica Aleksi\u0107 and Tihomir Simin\"},{\"@type\":\"BreadcrumbList\",\"@id\":\"https:\\\/\\\/blogs.uef.fi\\\/on-the-move\\\/2016\\\/03\\\/15\\\/the-return-to-joensuu\\\/#breadcrumb\",\"itemListElement\":[{\"@type\":\"ListItem\",\"position\":1,\"name\":\"Home\",\"item\":\"https:\\\/\\\/blogs.uef.fi\\\/on-the-move\\\/\"},{\"@type\":\"ListItem\",\"position\":2,\"name\":\"The return to Joensuu\"}]},{\"@type\":\"WebSite\",\"@id\":\"https:\\\/\\\/blogs.uef.fi\\\/on-the-move\\\/#website\",\"url\":\"https:\\\/\\\/blogs.uef.fi\\\/on-the-move\\\/\",\"name\":\"On the move\",\"description\":\"\",\"potentialAction\":[{\"@type\":\"SearchAction\",\"target\":{\"@type\":\"EntryPoint\",\"urlTemplate\":\"https:\\\/\\\/blogs.uef.fi\\\/on-the-move\\\/?s={search_term_string}\"},\"query-input\":{\"@type\":\"PropertyValueSpecification\",\"valueRequired\":true,\"valueName\":\"search_term_string\"}}],\"inLanguage\":\"en-US\"},{\"@type\":\"Person\",\"@id\":\"https:\\\/\\\/blogs.uef.fi\\\/on-the-move\\\/#\\\/schema\\\/person\\\/23b326ec5bb0d7bd395b6ddbbded3497\",\"name\":\"Viestint\u00e4\",\"url\":\"https:\\\/\\\/blogs.uef.fi\\\/on-the-move\\\/author\\\/viestinta\\\/\"}]}<\/script>\n<!-- \/ Yoast SEO plugin. -->","yoast_head_json":{"title":"The return to Joensuu - On the move","robots":{"index":"index","follow":"follow","max-snippet":"max-snippet:-1","max-image-preview":"max-image-preview:large","max-video-preview":"max-video-preview:-1"},"canonical":"https:\/\/blogs.uef.fi\/on-the-move\/2016\/03\/15\/the-return-to-joensuu\/","og_locale":"en_US","og_type":"article","og_title":"The return to Joensuu - On the move","og_description":"When I grabbed my box of souvenirs from Finland from under my bed in my room in Novi Sad to take out my old student card, I felt a warm stream of excitement going through my body. Is it really happening? Am I really going back to Finland and Joensuu, the place in which I [&hellip;]","og_url":"https:\/\/blogs.uef.fi\/on-the-move\/2016\/03\/15\/the-return-to-joensuu\/","og_site_name":"On the move","article_published_time":"2016-03-15T09:08:00+00:00","article_modified_time":"2025-09-16T09:45:33+00:00","og_image":[{"width":350,"height":263,"url":"https:\/\/blogs.uef.fi\/on-the-move\/wp-content\/uploads\/sites\/11\/2016\/03\/On-the-move_serbialaiset.jpg","type":"image\/jpeg"}],"author":"Viestint\u00e4","twitter_card":"summary_large_image","twitter_misc":{"Written by":"Viestint\u00e4","Est. reading time":"3 minutes"},"schema":{"@context":"https:\/\/schema.org","@graph":[{"@type":"Article","@id":"https:\/\/blogs.uef.fi\/on-the-move\/2016\/03\/15\/the-return-to-joensuu\/#article","isPartOf":{"@id":"https:\/\/blogs.uef.fi\/on-the-move\/2016\/03\/15\/the-return-to-joensuu\/"},"author":{"name":"Viestint\u00e4","@id":"https:\/\/blogs.uef.fi\/on-the-move\/#\/schema\/person\/23b326ec5bb0d7bd395b6ddbbded3497"},"headline":"The return to Joensuu","datePublished":"2016-03-15T09:08:00+00:00","dateModified":"2025-09-16T09:45:33+00:00","mainEntityOfPage":{"@id":"https:\/\/blogs.uef.fi\/on-the-move\/2016\/03\/15\/the-return-to-joensuu\/"},"wordCount":584,"commentCount":0,"image":{"@id":"https:\/\/blogs.uef.fi\/on-the-move\/2016\/03\/15\/the-return-to-joensuu\/#primaryimage"},"thumbnailUrl":"https:\/\/blogs.uef.fi\/on-the-move\/wp-content\/uploads\/sites\/11\/2016\/03\/On-the-move_serbialaiset.jpg","keywords":["Erasmus+ international credit mobility","higher education","Joensuu Campus","mobility","Serbia","spring 2016","Tihomir Simin","UEF"],"articleSection":["Coming to Finland as a Student"],"inLanguage":"en-US","potentialAction":[{"@type":"CommentAction","name":"Comment","target":["https:\/\/blogs.uef.fi\/on-the-move\/2016\/03\/15\/the-return-to-joensuu\/#respond"]}]},{"@type":"WebPage","@id":"https:\/\/blogs.uef.fi\/on-the-move\/2016\/03\/15\/the-return-to-joensuu\/","url":"https:\/\/blogs.uef.fi\/on-the-move\/2016\/03\/15\/the-return-to-joensuu\/","name":"The return to Joensuu - On the move","isPartOf":{"@id":"https:\/\/blogs.uef.fi\/on-the-move\/#website"},"primaryImageOfPage":{"@id":"https:\/\/blogs.uef.fi\/on-the-move\/2016\/03\/15\/the-return-to-joensuu\/#primaryimage"},"image":{"@id":"https:\/\/blogs.uef.fi\/on-the-move\/2016\/03\/15\/the-return-to-joensuu\/#primaryimage"},"thumbnailUrl":"https:\/\/blogs.uef.fi\/on-the-move\/wp-content\/uploads\/sites\/11\/2016\/03\/On-the-move_serbialaiset.jpg","datePublished":"2016-03-15T09:08:00+00:00","dateModified":"2025-09-16T09:45:33+00:00","author":{"@id":"https:\/\/blogs.uef.fi\/on-the-move\/#\/schema\/person\/23b326ec5bb0d7bd395b6ddbbded3497"},"breadcrumb":{"@id":"https:\/\/blogs.uef.fi\/on-the-move\/2016\/03\/15\/the-return-to-joensuu\/#breadcrumb"},"inLanguage":"en-US","potentialAction":[{"@type":"ReadAction","target":["https:\/\/blogs.uef.fi\/on-the-move\/2016\/03\/15\/the-return-to-joensuu\/"]}]},{"@type":"ImageObject","inLanguage":"en-US","@id":"https:\/\/blogs.uef.fi\/on-the-move\/2016\/03\/15\/the-return-to-joensuu\/#primaryimage","url":"https:\/\/blogs.uef.fi\/on-the-move\/wp-content\/uploads\/sites\/11\/2016\/03\/On-the-move_serbialaiset.jpg","contentUrl":"https:\/\/blogs.uef.fi\/on-the-move\/wp-content\/uploads\/sites\/11\/2016\/03\/On-the-move_serbialaiset.jpg","width":350,"height":263,"caption":"Anja Vuja\u010di\u0107, Aleksandar Stanojkovi\u0107, Jelena Gnjatovi\u0107, Lana Domuz, Milan Boji\u0107, Milica Aleksi\u0107 and Tihomir Simin"},{"@type":"BreadcrumbList","@id":"https:\/\/blogs.uef.fi\/on-the-move\/2016\/03\/15\/the-return-to-joensuu\/#breadcrumb","itemListElement":[{"@type":"ListItem","position":1,"name":"Home","item":"https:\/\/blogs.uef.fi\/on-the-move\/"},{"@type":"ListItem","position":2,"name":"The return to Joensuu"}]},{"@type":"WebSite","@id":"https:\/\/blogs.uef.fi\/on-the-move\/#website","url":"https:\/\/blogs.uef.fi\/on-the-move\/","name":"On the move","description":"","potentialAction":[{"@type":"SearchAction","target":{"@type":"EntryPoint","urlTemplate":"https:\/\/blogs.uef.fi\/on-the-move\/?s={search_term_string}"},"query-input":{"@type":"PropertyValueSpecification","valueRequired":true,"valueName":"search_term_string"}}],"inLanguage":"en-US"},{"@type":"Person","@id":"https:\/\/blogs.uef.fi\/on-the-move\/#\/schema\/person\/23b326ec5bb0d7bd395b6ddbbded3497","name":"Viestint\u00e4","url":"https:\/\/blogs.uef.fi\/on-the-move\/author\/viestinta\/"}]}},"_links":{"self":[{"href":"https:\/\/blogs.uef.fi\/on-the-move\/wp-json\/wp\/v2\/posts\/3649","targetHints":{"allow":["GET"]}}],"collection":[{"href":"https:\/\/blogs.uef.fi\/on-the-move\/wp-json\/wp\/v2\/posts"}],"about":[{"href":"https:\/\/blogs.uef.fi\/on-the-move\/wp-json\/wp\/v2\/types\/post"}],"author":[{"embeddable":true,"href":"https:\/\/blogs.uef.fi\/on-the-move\/wp-json\/wp\/v2\/users\/7"}],"replies":[{"embeddable":true,"href":"https:\/\/blogs.uef.fi\/on-the-move\/wp-json\/wp\/v2\/comments?post=3649"}],"version-history":[{"count":1,"href":"https:\/\/blogs.uef.fi\/on-the-move\/wp-json\/wp\/v2\/posts\/3649\/revisions"}],"predecessor-version":[{"id":3650,"href":"https:\/\/blogs.uef.fi\/on-the-move\/wp-json\/wp\/v2\/posts\/3649\/revisions\/3650"}],"wp:attachment":[{"href":"https:\/\/blogs.uef.fi\/on-the-move\/wp-json\/wp\/v2\/media?parent=3649"}],"wp:term":[{"taxonomy":"category","embeddable":true,"href":"https:\/\/blogs.uef.fi\/on-the-move\/wp-json\/wp\/v2\/categories?post=3649"},{"taxonomy":"post_tag","embeddable":true,"href":"https:\/\/blogs.uef.fi\/on-the-move\/wp-json\/wp\/v2\/tags?post=3649"}],"curies":[{"name":"wp","href":"https:\/\/api.w.org\/{rel}","templated":true}]}}