{"id":583,"date":"2017-08-30T23:27:05","date_gmt":"2017-08-30T20:27:05","guid":{"rendered":"https:\/\/blogs.uef.fi\/oikeuttakohtuudella\/?p=583"},"modified":"2025-07-25T11:41:31","modified_gmt":"2025-07-25T09:41:31","slug":"tarttis-tehra-jotain-tiedustelulainsaadannon-pro-contra","status":"publish","type":"post","link":"https:\/\/blogs.uef.fi\/oikeuttakohtuudella\/2017\/08\/30\/tarttis-tehra-jotain-tiedustelulainsaadannon-pro-contra\/","title":{"rendered":"&#8221;Tarttis tehr\u00e4 jotain&#8221; \u2013 tiedustelulains\u00e4\u00e4d\u00e4nn\u00f6n pro &amp; contra"},"content":{"rendered":"\n<figure class=\"wp-block-image is-resized\"><a href=\"https:\/\/blogs.uef.fi\/oikeuttakohtuudella\/wp-content\/uploads\/sites\/9\/2016\/09\/Sutela-Mika_13x18.jpg\"><img loading=\"lazy\" decoding=\"async\" width=\"217\" height=\"300\" src=\"https:\/\/blogs.uef.fi\/oikeuttakohtuudella\/wp-content\/uploads\/sites\/9\/2016\/09\/Sutela-Mika_13x18-217x300.jpg\" alt=\"\" class=\"wp-image-167\" style=\"width:149px;height:auto\" srcset=\"https:\/\/blogs.uef.fi\/oikeuttakohtuudella\/wp-content\/uploads\/sites\/9\/2016\/09\/Sutela-Mika_13x18-217x300.jpg 217w, https:\/\/blogs.uef.fi\/oikeuttakohtuudella\/wp-content\/uploads\/sites\/9\/2016\/09\/Sutela-Mika_13x18-768x1064.jpg 768w, https:\/\/blogs.uef.fi\/oikeuttakohtuudella\/wp-content\/uploads\/sites\/9\/2016\/09\/Sutela-Mika_13x18-739x1024.jpg 739w, https:\/\/blogs.uef.fi\/oikeuttakohtuudella\/wp-content\/uploads\/sites\/9\/2016\/09\/Sutela-Mika_13x18.jpg 1535w\" sizes=\"auto, (max-width: 217px) 100vw, 217px\" \/><\/a><\/figure>\n\n\n\n<p><strong>Mika Sutela<\/strong><\/p>\n\n\n\n<p><em>Kirjoittaja on v\u00e4itellyt oikeustieteen tohtoriksi It\u00e4-Suomen yliopistossa.<\/em><\/p>\n\n\n\n<p>Perjantaina 18.8.2017 <strong>Abderrahman Bouanane<\/strong> puukotti Turussa kymment\u00e4 henkil\u00f6\u00e4. Suojelupoliisi ilmoitti Turun tapahtumien j\u00e4lkeen pit\u00e4v\u00e4ns\u00e4 terrorismin uhka-arvion toistaiseksi ennallaan. Neliportaisen asteikon toisella askelmalla uhka on jo kohonnut.<\/p>\n\n\n\n<p>Turun tapahtumien j\u00e4lkeen monet poliitikot ovat esitt\u00e4neet ehdotuksia ja vaatimuksia, joilla Turun kaltaisen tragedian voi est\u00e4\u00e4 vastaisuudessa: poliisille on saatava aseet ty\u00f6matkoille, laittomasti maassa olevien piilottaminen on kriminalisoitava ja k\u00e4\u00e4nnytett\u00e4v\u00e4t turvapaikanhakijat on internoitava saarille. Yksi vaatimuksista on yksityisel\u00e4m\u00e4n suojaan puuttuva siviili- ja sotilastiedustelulakipaketti, joka on haluttu saattaa voimaan kiireellisen\u00e4. Siviilitiedustelulaki ja sotilastiedustelulaki antaisivat suojelupoliisille ja puolustusvoimille oikeuden k\u00e4ytt\u00e4\u00e4 uusia salaisia tiedonhankintakeinoja ilman konkreettista rikosep\u00e4ily\u00e4. Tiedustelulakien tarkoitus ei kuitenkaan ole mahdollistaa suurten v\u00e4kijoukkojen massavalvontaa.<\/p>\n\n\n\n<p><strong>PAINE TIEDUSTELULAINS\u00c4\u00c4D\u00c4NN\u00d6LLE KASVAA<br><\/strong><\/p>\n\n\n\n<p>Muun muassa tasavallan presidentti <strong>Sauli Niinist\u00f6<\/strong>, p\u00e4\u00e4ministeri <strong>Juha Sipil\u00e4<\/strong> ja sis\u00e4ministeri <strong>Paula Risikko<\/strong> ovat vaatineet tiedustelulain mahdollisimman pikaista hyv\u00e4ksymist\u00e4.&nbsp;My\u00f6s oikeusministeri <strong>Antti H\u00e4kk\u00e4nen<\/strong> uskoo, ett\u00e4 perustelut kiirehtimismenettelylle t\u00e4yttyv\u00e4t tiedustelulains\u00e4\u00e4d\u00e4nn\u00f6n kohdalla. Risikon mukaan kiireellisyys johtuu paitsi Suomen turvallisuusymp\u00e4rist\u00f6n muutoksesta, my\u00f6s siit\u00e4, ett\u00e4 nykyisell\u00e4\u00e4n Suomi on liian riippuvainen tiedonsaannista muilta mailta.<\/p>\n\n\n\n<p>Tiedustelulains\u00e4\u00e4d\u00e4nn\u00f6n uudistaminen on Suojelupoliisin p\u00e4\u00e4llikk\u00f6 <strong>Antti Pelttarin <\/strong>mukaan v\u00e4ltt\u00e4m\u00e4t\u00f6n, jotta muun muassa terrorismitiedustelu toimisi joustavammin ja nopeammin. Suojelupoliisi joutuu nyt salaisen tiedonhankinnan (esimerkiksi internetviestiliikenteen ja puhelujen seuranta) tapauksessa todistamaan rikosep\u00e4ilyn, eiv\u00e4tk\u00e4 he p\u00e4\u00e4se k\u00e4siksi verkostoihin samalla tavalla kuin muut terrorismiuhkaiset maat.<\/p>\n\n\n\n<p>Niin ik\u00e4\u00e4n pikaista hyv\u00e4ksymist\u00e4 toivovan Aalto-yliopiston kyberturvallisuuden professori <strong>Jarno Limn\u00e9llin<\/strong> mukaan julkisessa keskustelussa ei olla kiinnitetty tarpeeksi huomiota siihen, miten tiedustelutoimintaa tultaisiin uuden lain puitteissa valvomaan: joka kerta, kun tietoliikennetiedustelua tietoliikenneviranomaiset tulevat kohdennetusti tekem\u00e4\u00e4n, siihen tullaan hakemaan lupa tuomioistuimelta. Asiasta puhuminen voisi h\u00e4lvent\u00e4\u00e4 huolia esimerkiksi yksityisyyden suojan heikkenemisest\u00e4. Muina valvontakeinoina Limn\u00e9ll nostaa esiin eduskuntaan suunnitellun uuden tiedustelun valvontavaliokunnan ja itsen\u00e4isesti toimivan tiedusteluvaltuutetun.<\/p>\n\n\n\n<p><strong>LAINVALMISTELUA ILMAN KIIRETT\u00c4<br><\/strong><\/p>\n\n\n\n<p>Turun yliopiston valtios\u00e4\u00e4nt\u00f6oikeuden professori <strong>Veli-Pekka <\/strong><strong>Viljasen<\/strong> mukaan kiireellist\u00e4 menettely\u00e4 ei perustuslain tekstimuutoksessa tulisi k\u00e4ytt\u00e4\u00e4, ellei odottaminen yksinkertaisesti ole mahdollista. Helsingin yliopiston valtios\u00e4\u00e4nt\u00f6oikeuden professori <strong>Tuomas Ojanen<\/strong> ja Turun yliopiston tohtorikoulutettava <strong>Niklas Vainio<\/strong> muistuttavat, etteiv\u00e4t viranomaisten laajemmat tiedusteluvaltuudet ole aina riitt\u00e4neet muissakaan EU-maissa, joissa vastaavat lait ovat jo voimassa.<\/p>\n\n\n\n<p>Tiedustelulakipaketti sis\u00e4lt\u00e4\u00e4 kohtia, jotka vaativat muutoksia perustuslakiin. Perustuslain muuttaminen kiireellisen\u00e4 menettelyn\u00e4 on poikkeuksellista ja vaatii eduskunnalta 5\/6 -enemmist\u00f6n. Vainio huomauttaa, ett\u00e4 mik\u00e4li laajaa lakipakettia ajetaan kiireell\u00e4 l\u00e4pi, sit\u00e4 ei ehdit\u00e4 kunnolla harkita ja muokata. Helsingin yliopiston oikeushistorian professori <strong>Jukka Kekkonen<\/strong> on todennut, ett\u00e4 lains\u00e4\u00e4d\u00e4nt\u00f6 pit\u00e4isi aina harkita rauhassa, kylm\u00e4nviile\u00e4ss\u00e4 mielentilassa. Lait pit\u00e4isi valmistella tilanteessa, jossa ei ole mit\u00e4\u00e4n yksitt\u00e4ist\u00e4, isoa ongelmaa, johon reagoidaan v\u00e4litt\u00f6m\u00e4sti.<\/p>\n\n\n\n<p><strong>TERRORISMIA VAI AMOK-JUOKSUA?<br><\/strong><\/p>\n\n\n\n<p>Rikoslain 34 a luvun 1 \u00a7:n mukaan rikos on tehty terroristisessa tarkoituksessa, jos se on omiaan aiheuttamaan vakavaa vahinkoa jollekin valtiolle tai kansainv\u00e4liselle j\u00e4rjest\u00f6lle. It\u00e4-Suomen yliopiston oikeuspsykologian dosentti<strong> Helin\u00e4 H\u00e4kk\u00e4nen-Nyholm<\/strong> on varovainen nimitt\u00e4m\u00e4\u00e4n Turun v\u00e4kivallantekoa terrori-iskuksi. Tekoa voivat H\u00e4kk\u00e4nen-Nyholmin mukaan selitt\u00e4\u00e4 terrorismin sijaan henkil\u00f6kohtaiset syyt ja <em>amok-juoksu<\/em>-niminen psykiatrinen tila, jolla viitataan hallitsemattomaan, impulsiiviseen ja silmitt\u00f6m\u00e4\u00e4n v\u00e4kivaltaiseen k\u00e4ytt\u00e4ytymisen tilaan, joka johtaa yleens\u00e4 usean satunnaisen vastaantulijan kuolemaan. Tila aiheuttaa kyvytt\u00f6myyden vastustaa aggressiivisia impulsseja, josta aiheutuu silmit\u00f6n raivoaminen.<\/p>\n\n\n\n<p>Dosentti H\u00e4kk\u00e4nen-Nyholm ihmettelee my\u00f6s sit\u00e4, ett\u00e4 julkisessa keskustelussa terrorismi-nimityst\u00e4 on perusteltu sill\u00e4, ett\u00e4 valtaosa Turun puukotuksen uhreista on naisia. H\u00e4kk\u00e4nen-Nyholmin mukaan yht\u00e4 hyvin voisi kysy\u00e4, kohdistuiko teko naisiin, koska he eiv\u00e4t pysty puolustautumaan yht\u00e4 hyvin kuin miehet. Psykologina H\u00e4kk\u00e4nen-Nyholm sanoisi, ett\u00e4 on yht\u00e4 lailla mahdollista, ett\u00e4 tekij\u00e4ll\u00e4 on jonkinlainen traumahistoria naisiin liittyen, ja siksi teko on kohdistunut heihin.<\/p>\n\n\n\n<p><strong>TURUN PUUKOTUS TOIMI HER\u00c4TYKSEN\u00c4<br><\/strong><\/p>\n\n\n\n<p>Suomi on Risikon mukaan panostanut jo lis\u00e4resursseja turvallisuuteen, muun muassa suojelupoliisille. Entinen poliisiylijohtaja <strong>Mikko Paatero<\/strong> totesi, ett\u00e4 viime kev\u00e4\u00e4n kehysriihess\u00e4 hallitus korjasi omaa edellist\u00e4 kehysp\u00e4\u00e4t\u00f6st\u00e4\u00e4n, jossa poliisin m\u00e4\u00e4r\u00e4rahoja oli leikattu merkitt\u00e4v\u00e4sti. Hallitus siis t\u00e4ytti kuoppaa, jonka oli itse kaivanut, mutta lis\u00e4\u00e4 m\u00e4\u00e4r\u00e4rahoja poliisille ei annettu.<\/p>\n\n\n\n<p>Turun puukotus oli yksitt\u00e4inen tapaus, oli se sitten terrorismia tai ei. Puukotus kuitenkin toimi her\u00e4tyksen\u00e4 poliittisella kent\u00e4ll\u00e4. Tilanne muistuttaa ns. moraalista paniikkia, joka syntyy, kun yhteis\u00f6ss\u00e4 nousee vahva tunne siit\u00e4, ett\u00e4 jokin uhkaa yleist\u00e4 j\u00e4rjestyst\u00e4. Yhteiskuntatieteilij\u00f6iden tutkimaan tunteeseen liittyy julkisuudessa yksimielinen k\u00e4sitys siit\u00e4, mik\u00e4 tai kuka uhka on. Uhka koetaan lopulta julkisuuden my\u00f6t\u00e4 suurempana, kuin se todellisuudessa on. Paniikki lietsoo esiin kiireen tunnetta ja suoraviivaisia ratkaisuehdotuksia tilanteen korjaamiseksi. Tapahtumien j\u00e4lkeen media ahdistaa p\u00e4\u00e4tt\u00e4ji\u00e4 siit\u00e4, miksi uhkaa ei torjuttu aiemmin, ja p\u00e4\u00e4tt\u00e4j\u00e4t ehdottavat konkreettisia toimenpiteit\u00e4, joihin pit\u00e4isi ryhty\u00e4 v\u00e4litt\u00f6m\u00e4sti, mutta joita olisi kaivattu jo aiemmin. Professori Kekkonen n\u00e4kee poliitikkojen ehdotusten takana muutakin kuin vain huolta ja paniikkia. Tyypillisesti moraalisille paniikkeja k\u00e4ytet\u00e4\u00e4n my\u00f6s hyv\u00e4ksi: halutaan rangaistuksia kovemmiksi ja kontrollia tiukemmaksi.<\/p>\n\n\n\n<p>Joka tapauksessa Turun tapahtumien j\u00e4lkeen monien mieleen on todenn\u00e4k\u00f6isesti tullut toukokuussa menehtyneen presidentti <strong>Mauno Koiviston<\/strong> ehk\u00e4 tunnetuin lause, kenties yleinen turkulainen sanonta, \u201d<em>tarttis tehr\u00e4 jotain<\/em>\u201d.<\/p>\n","protected":false},"excerpt":{"rendered":"<p>Mika Sutela Kirjoittaja on v\u00e4itellyt oikeustieteen tohtoriksi It\u00e4-Suomen yliopistossa. Perjantaina 18.8.2017 Abderrahman Bouanane puukotti Turussa kymment\u00e4 henkil\u00f6\u00e4. Suojelupoliisi ilmoitti Turun tapahtumien j\u00e4lkeen pit\u00e4v\u00e4ns\u00e4 terrorismin uhka-arvion toistaiseksi ennallaan. Neliportaisen asteikon toisella askelmalla uhka on jo kohonnut. Turun tapahtumien j\u00e4lkeen monet poliitikot ovat esitt\u00e4neet ehdotuksia ja vaatimuksia, joilla Turun kaltaisen tragedian voi est\u00e4\u00e4 vastaisuudessa: poliisille on saatava [&hellip;]<\/p>\n","protected":false},"author":47,"featured_media":0,"comment_status":"closed","ping_status":"closed","sticky":false,"template":"","format":"standard","meta":{"_acf_changed":false,"footnotes":""},"categories":[1],"tags":[431,5,433,429,427,351,81,423,425,419,421,415,417,191],"class_list":["post-583","post","type-post","status-publish","format-standard","hentry","category-uncategorized","tag-amok-juoksu","tag-lainvalmistelu","tag-moraalinen-paniikki","tag-oikeuspsykologia","tag-perusoikeudet","tag-rikollisuus","tag-rikosoikeus","tag-siviilitiedustelu","tag-sotilastiedustelu","tag-terrorismi","tag-tiedustelu","tag-tiedustelulainsaadanto","tag-turun-puukotus","tag-yksityisyyden-suoja"],"acf":[],"yoast_head":"<!-- This site is optimized with the Yoast SEO plugin v27.3 - https:\/\/yoast.com\/product\/yoast-seo-wordpress\/ -->\n<title>&quot;Tarttis tehr\u00e4 jotain&quot; \u2013 tiedustelulains\u00e4\u00e4d\u00e4nn\u00f6n pro &amp; contra - OIKEUTTA KOHTUUDELLA \u2013 THE BLOG OF UEF LAW SCHOOL<\/title>\n<meta name=\"robots\" content=\"index, follow, max-snippet:-1, max-image-preview:large, max-video-preview:-1\" \/>\n<link rel=\"canonical\" href=\"https:\/\/blogs.uef.fi\/oikeuttakohtuudella\/2017\/08\/30\/tarttis-tehra-jotain-tiedustelulainsaadannon-pro-contra\/\" \/>\n<meta property=\"og:locale\" content=\"fi_FI\" \/>\n<meta property=\"og:type\" content=\"article\" \/>\n<meta property=\"og:title\" content=\"&quot;Tarttis tehr\u00e4 jotain&quot; \u2013 tiedustelulains\u00e4\u00e4d\u00e4nn\u00f6n pro &amp; contra - OIKEUTTA KOHTUUDELLA \u2013 THE BLOG OF UEF LAW SCHOOL\" \/>\n<meta property=\"og:description\" content=\"Mika Sutela Kirjoittaja on v\u00e4itellyt oikeustieteen tohtoriksi It\u00e4-Suomen yliopistossa. Perjantaina 18.8.2017 Abderrahman Bouanane puukotti Turussa kymment\u00e4 henkil\u00f6\u00e4. Suojelupoliisi ilmoitti Turun tapahtumien j\u00e4lkeen pit\u00e4v\u00e4ns\u00e4 terrorismin uhka-arvion toistaiseksi ennallaan. Neliportaisen asteikon toisella askelmalla uhka on jo kohonnut. Turun tapahtumien j\u00e4lkeen monet poliitikot ovat esitt\u00e4neet ehdotuksia ja vaatimuksia, joilla Turun kaltaisen tragedian voi est\u00e4\u00e4 vastaisuudessa: poliisille on saatava [&hellip;]\" \/>\n<meta property=\"og:url\" content=\"https:\/\/blogs.uef.fi\/oikeuttakohtuudella\/2017\/08\/30\/tarttis-tehra-jotain-tiedustelulainsaadannon-pro-contra\/\" \/>\n<meta property=\"og:site_name\" content=\"OIKEUTTA KOHTUUDELLA \u2013 THE BLOG OF UEF LAW SCHOOL\" \/>\n<meta property=\"article:published_time\" content=\"2017-08-30T20:27:05+00:00\" \/>\n<meta property=\"article:modified_time\" content=\"2025-07-25T09:41:31+00:00\" \/>\n<meta property=\"og:image\" content=\"https:\/\/blogs.uef.fi\/oikeuttakohtuudella\/wp-content\/uploads\/sites\/9\/2016\/09\/Sutela-Mika_13x18.jpg\" \/>\n\t<meta property=\"og:image:width\" content=\"1535\" \/>\n\t<meta property=\"og:image:height\" content=\"2126\" \/>\n\t<meta property=\"og:image:type\" content=\"image\/jpeg\" \/>\n<meta name=\"author\" content=\"Oikeustieteet, UEF Law School\" \/>\n<meta name=\"twitter:card\" content=\"summary_large_image\" \/>\n<meta name=\"twitter:label1\" content=\"Kirjoittanut\" \/>\n\t<meta name=\"twitter:data1\" content=\"Oikeustieteet, UEF Law School\" \/>\n\t<meta name=\"twitter:label2\" content=\"Arvioitu lukuaika\" \/>\n\t<meta name=\"twitter:data2\" content=\"5 minuuttia\" \/>\n<script type=\"application\/ld+json\" class=\"yoast-schema-graph\">{\"@context\":\"https:\\\/\\\/schema.org\",\"@graph\":[{\"@type\":\"Article\",\"@id\":\"https:\\\/\\\/blogs.uef.fi\\\/oikeuttakohtuudella\\\/2017\\\/08\\\/30\\\/tarttis-tehra-jotain-tiedustelulainsaadannon-pro-contra\\\/#article\",\"isPartOf\":{\"@id\":\"https:\\\/\\\/blogs.uef.fi\\\/oikeuttakohtuudella\\\/2017\\\/08\\\/30\\\/tarttis-tehra-jotain-tiedustelulainsaadannon-pro-contra\\\/\"},\"author\":{\"name\":\"Oikeustieteet, UEF Law School\",\"@id\":\"https:\\\/\\\/blogs.uef.fi\\\/oikeuttakohtuudella\\\/#\\\/schema\\\/person\\\/f0ba4af088b920da8687e1ac1dd43455\"},\"headline\":\"&#8221;Tarttis tehr\u00e4 jotain&#8221; \u2013 tiedustelulains\u00e4\u00e4d\u00e4nn\u00f6n pro &amp; contra\",\"datePublished\":\"2017-08-30T20:27:05+00:00\",\"dateModified\":\"2025-07-25T09:41:31+00:00\",\"mainEntityOfPage\":{\"@id\":\"https:\\\/\\\/blogs.uef.fi\\\/oikeuttakohtuudella\\\/2017\\\/08\\\/30\\\/tarttis-tehra-jotain-tiedustelulainsaadannon-pro-contra\\\/\"},\"wordCount\":854,\"image\":{\"@id\":\"https:\\\/\\\/blogs.uef.fi\\\/oikeuttakohtuudella\\\/2017\\\/08\\\/30\\\/tarttis-tehra-jotain-tiedustelulainsaadannon-pro-contra\\\/#primaryimage\"},\"thumbnailUrl\":\"https:\\\/\\\/blogs.uef.fi\\\/oikeuttakohtuudella\\\/wp-content\\\/uploads\\\/sites\\\/9\\\/2016\\\/09\\\/Sutela-Mika_13x18-217x300.jpg\",\"keywords\":[\"amok-juoksu\",\"lainvalmistelu\",\"moraalinen paniikki\",\"oikeuspsykologia\",\"perusoikeudet\",\"rikollisuus\",\"rikosoikeus\",\"siviilitiedustelu\",\"sotilastiedustelu\",\"terrorismi\",\"tiedustelu\",\"tiedustelulains\u00e4\u00e4d\u00e4nt\u00f6\",\"turun puukotus\",\"yksityisyyden suoja\"],\"articleSection\":[\"Uncategorized\"],\"inLanguage\":\"fi\"},{\"@type\":\"WebPage\",\"@id\":\"https:\\\/\\\/blogs.uef.fi\\\/oikeuttakohtuudella\\\/2017\\\/08\\\/30\\\/tarttis-tehra-jotain-tiedustelulainsaadannon-pro-contra\\\/\",\"url\":\"https:\\\/\\\/blogs.uef.fi\\\/oikeuttakohtuudella\\\/2017\\\/08\\\/30\\\/tarttis-tehra-jotain-tiedustelulainsaadannon-pro-contra\\\/\",\"name\":\"\\\"Tarttis tehr\u00e4 jotain\\\" \u2013 tiedustelulains\u00e4\u00e4d\u00e4nn\u00f6n pro &amp; contra - OIKEUTTA KOHTUUDELLA \u2013 THE BLOG OF UEF LAW SCHOOL\",\"isPartOf\":{\"@id\":\"https:\\\/\\\/blogs.uef.fi\\\/oikeuttakohtuudella\\\/#website\"},\"primaryImageOfPage\":{\"@id\":\"https:\\\/\\\/blogs.uef.fi\\\/oikeuttakohtuudella\\\/2017\\\/08\\\/30\\\/tarttis-tehra-jotain-tiedustelulainsaadannon-pro-contra\\\/#primaryimage\"},\"image\":{\"@id\":\"https:\\\/\\\/blogs.uef.fi\\\/oikeuttakohtuudella\\\/2017\\\/08\\\/30\\\/tarttis-tehra-jotain-tiedustelulainsaadannon-pro-contra\\\/#primaryimage\"},\"thumbnailUrl\":\"https:\\\/\\\/blogs.uef.fi\\\/oikeuttakohtuudella\\\/wp-content\\\/uploads\\\/sites\\\/9\\\/2016\\\/09\\\/Sutela-Mika_13x18-217x300.jpg\",\"datePublished\":\"2017-08-30T20:27:05+00:00\",\"dateModified\":\"2025-07-25T09:41:31+00:00\",\"author\":{\"@id\":\"https:\\\/\\\/blogs.uef.fi\\\/oikeuttakohtuudella\\\/#\\\/schema\\\/person\\\/f0ba4af088b920da8687e1ac1dd43455\"},\"breadcrumb\":{\"@id\":\"https:\\\/\\\/blogs.uef.fi\\\/oikeuttakohtuudella\\\/2017\\\/08\\\/30\\\/tarttis-tehra-jotain-tiedustelulainsaadannon-pro-contra\\\/#breadcrumb\"},\"inLanguage\":\"fi\",\"potentialAction\":[{\"@type\":\"ReadAction\",\"target\":[\"https:\\\/\\\/blogs.uef.fi\\\/oikeuttakohtuudella\\\/2017\\\/08\\\/30\\\/tarttis-tehra-jotain-tiedustelulainsaadannon-pro-contra\\\/\"]}]},{\"@type\":\"ImageObject\",\"inLanguage\":\"fi\",\"@id\":\"https:\\\/\\\/blogs.uef.fi\\\/oikeuttakohtuudella\\\/2017\\\/08\\\/30\\\/tarttis-tehra-jotain-tiedustelulainsaadannon-pro-contra\\\/#primaryimage\",\"url\":\"https:\\\/\\\/blogs.uef.fi\\\/oikeuttakohtuudella\\\/wp-content\\\/uploads\\\/sites\\\/9\\\/2016\\\/09\\\/Sutela-Mika_13x18.jpg\",\"contentUrl\":\"https:\\\/\\\/blogs.uef.fi\\\/oikeuttakohtuudella\\\/wp-content\\\/uploads\\\/sites\\\/9\\\/2016\\\/09\\\/Sutela-Mika_13x18.jpg\",\"width\":1535,\"height\":2126},{\"@type\":\"BreadcrumbList\",\"@id\":\"https:\\\/\\\/blogs.uef.fi\\\/oikeuttakohtuudella\\\/2017\\\/08\\\/30\\\/tarttis-tehra-jotain-tiedustelulainsaadannon-pro-contra\\\/#breadcrumb\",\"itemListElement\":[{\"@type\":\"ListItem\",\"position\":1,\"name\":\"Home\",\"item\":\"https:\\\/\\\/blogs.uef.fi\\\/oikeuttakohtuudella\\\/\"},{\"@type\":\"ListItem\",\"position\":2,\"name\":\"&#8221;Tarttis tehr\u00e4 jotain&#8221; \u2013 tiedustelulains\u00e4\u00e4d\u00e4nn\u00f6n pro &amp; contra\"}]},{\"@type\":\"WebSite\",\"@id\":\"https:\\\/\\\/blogs.uef.fi\\\/oikeuttakohtuudella\\\/#website\",\"url\":\"https:\\\/\\\/blogs.uef.fi\\\/oikeuttakohtuudella\\\/\",\"name\":\"OIKEUTTA KOHTUUDELLA \u2013 THE BLOG OF UEF LAW SCHOOL\",\"description\":\"\",\"potentialAction\":[{\"@type\":\"SearchAction\",\"target\":{\"@type\":\"EntryPoint\",\"urlTemplate\":\"https:\\\/\\\/blogs.uef.fi\\\/oikeuttakohtuudella\\\/?s={search_term_string}\"},\"query-input\":{\"@type\":\"PropertyValueSpecification\",\"valueRequired\":true,\"valueName\":\"search_term_string\"}}],\"inLanguage\":\"fi\"},{\"@type\":\"Person\",\"@id\":\"https:\\\/\\\/blogs.uef.fi\\\/oikeuttakohtuudella\\\/#\\\/schema\\\/person\\\/f0ba4af088b920da8687e1ac1dd43455\",\"name\":\"Oikeustieteet, UEF Law School\",\"image\":{\"@type\":\"ImageObject\",\"inLanguage\":\"fi\",\"@id\":\"https:\\\/\\\/secure.gravatar.com\\\/avatar\\\/46c6336c730cf4a8d906dd4fc5719468732f2f986a2b0e3be1a516cec3c3320a?s=96&r=g\",\"url\":\"https:\\\/\\\/secure.gravatar.com\\\/avatar\\\/46c6336c730cf4a8d906dd4fc5719468732f2f986a2b0e3be1a516cec3c3320a?s=96&r=g\",\"contentUrl\":\"https:\\\/\\\/secure.gravatar.com\\\/avatar\\\/46c6336c730cf4a8d906dd4fc5719468732f2f986a2b0e3be1a516cec3c3320a?s=96&r=g\",\"caption\":\"Oikeustieteet, UEF Law School\"},\"url\":\"https:\\\/\\\/blogs.uef.fi\\\/oikeuttakohtuudella\\\/author\\\/oskkor\\\/\"}]}<\/script>\n<!-- \/ Yoast SEO plugin. -->","yoast_head_json":{"title":"\"Tarttis tehr\u00e4 jotain\" \u2013 tiedustelulains\u00e4\u00e4d\u00e4nn\u00f6n pro &amp; contra - OIKEUTTA KOHTUUDELLA \u2013 THE BLOG OF UEF LAW SCHOOL","robots":{"index":"index","follow":"follow","max-snippet":"max-snippet:-1","max-image-preview":"max-image-preview:large","max-video-preview":"max-video-preview:-1"},"canonical":"https:\/\/blogs.uef.fi\/oikeuttakohtuudella\/2017\/08\/30\/tarttis-tehra-jotain-tiedustelulainsaadannon-pro-contra\/","og_locale":"fi_FI","og_type":"article","og_title":"\"Tarttis tehr\u00e4 jotain\" \u2013 tiedustelulains\u00e4\u00e4d\u00e4nn\u00f6n pro &amp; contra - OIKEUTTA KOHTUUDELLA \u2013 THE BLOG OF UEF LAW SCHOOL","og_description":"Mika Sutela Kirjoittaja on v\u00e4itellyt oikeustieteen tohtoriksi It\u00e4-Suomen yliopistossa. Perjantaina 18.8.2017 Abderrahman Bouanane puukotti Turussa kymment\u00e4 henkil\u00f6\u00e4. Suojelupoliisi ilmoitti Turun tapahtumien j\u00e4lkeen pit\u00e4v\u00e4ns\u00e4 terrorismin uhka-arvion toistaiseksi ennallaan. Neliportaisen asteikon toisella askelmalla uhka on jo kohonnut. Turun tapahtumien j\u00e4lkeen monet poliitikot ovat esitt\u00e4neet ehdotuksia ja vaatimuksia, joilla Turun kaltaisen tragedian voi est\u00e4\u00e4 vastaisuudessa: poliisille on saatava [&hellip;]","og_url":"https:\/\/blogs.uef.fi\/oikeuttakohtuudella\/2017\/08\/30\/tarttis-tehra-jotain-tiedustelulainsaadannon-pro-contra\/","og_site_name":"OIKEUTTA KOHTUUDELLA \u2013 THE BLOG OF UEF LAW SCHOOL","article_published_time":"2017-08-30T20:27:05+00:00","article_modified_time":"2025-07-25T09:41:31+00:00","og_image":[{"width":1535,"height":2126,"url":"https:\/\/blogs.uef.fi\/oikeuttakohtuudella\/wp-content\/uploads\/sites\/9\/2016\/09\/Sutela-Mika_13x18.jpg","type":"image\/jpeg"}],"author":"Oikeustieteet, UEF Law School","twitter_card":"summary_large_image","twitter_misc":{"Kirjoittanut":"Oikeustieteet, UEF Law School","Arvioitu lukuaika":"5 minuuttia"},"schema":{"@context":"https:\/\/schema.org","@graph":[{"@type":"Article","@id":"https:\/\/blogs.uef.fi\/oikeuttakohtuudella\/2017\/08\/30\/tarttis-tehra-jotain-tiedustelulainsaadannon-pro-contra\/#article","isPartOf":{"@id":"https:\/\/blogs.uef.fi\/oikeuttakohtuudella\/2017\/08\/30\/tarttis-tehra-jotain-tiedustelulainsaadannon-pro-contra\/"},"author":{"name":"Oikeustieteet, UEF Law School","@id":"https:\/\/blogs.uef.fi\/oikeuttakohtuudella\/#\/schema\/person\/f0ba4af088b920da8687e1ac1dd43455"},"headline":"&#8221;Tarttis tehr\u00e4 jotain&#8221; \u2013 tiedustelulains\u00e4\u00e4d\u00e4nn\u00f6n pro &amp; contra","datePublished":"2017-08-30T20:27:05+00:00","dateModified":"2025-07-25T09:41:31+00:00","mainEntityOfPage":{"@id":"https:\/\/blogs.uef.fi\/oikeuttakohtuudella\/2017\/08\/30\/tarttis-tehra-jotain-tiedustelulainsaadannon-pro-contra\/"},"wordCount":854,"image":{"@id":"https:\/\/blogs.uef.fi\/oikeuttakohtuudella\/2017\/08\/30\/tarttis-tehra-jotain-tiedustelulainsaadannon-pro-contra\/#primaryimage"},"thumbnailUrl":"https:\/\/blogs.uef.fi\/oikeuttakohtuudella\/wp-content\/uploads\/sites\/9\/2016\/09\/Sutela-Mika_13x18-217x300.jpg","keywords":["amok-juoksu","lainvalmistelu","moraalinen paniikki","oikeuspsykologia","perusoikeudet","rikollisuus","rikosoikeus","siviilitiedustelu","sotilastiedustelu","terrorismi","tiedustelu","tiedustelulains\u00e4\u00e4d\u00e4nt\u00f6","turun puukotus","yksityisyyden suoja"],"articleSection":["Uncategorized"],"inLanguage":"fi"},{"@type":"WebPage","@id":"https:\/\/blogs.uef.fi\/oikeuttakohtuudella\/2017\/08\/30\/tarttis-tehra-jotain-tiedustelulainsaadannon-pro-contra\/","url":"https:\/\/blogs.uef.fi\/oikeuttakohtuudella\/2017\/08\/30\/tarttis-tehra-jotain-tiedustelulainsaadannon-pro-contra\/","name":"\"Tarttis tehr\u00e4 jotain\" \u2013 tiedustelulains\u00e4\u00e4d\u00e4nn\u00f6n pro &amp; contra - OIKEUTTA KOHTUUDELLA \u2013 THE BLOG OF UEF LAW SCHOOL","isPartOf":{"@id":"https:\/\/blogs.uef.fi\/oikeuttakohtuudella\/#website"},"primaryImageOfPage":{"@id":"https:\/\/blogs.uef.fi\/oikeuttakohtuudella\/2017\/08\/30\/tarttis-tehra-jotain-tiedustelulainsaadannon-pro-contra\/#primaryimage"},"image":{"@id":"https:\/\/blogs.uef.fi\/oikeuttakohtuudella\/2017\/08\/30\/tarttis-tehra-jotain-tiedustelulainsaadannon-pro-contra\/#primaryimage"},"thumbnailUrl":"https:\/\/blogs.uef.fi\/oikeuttakohtuudella\/wp-content\/uploads\/sites\/9\/2016\/09\/Sutela-Mika_13x18-217x300.jpg","datePublished":"2017-08-30T20:27:05+00:00","dateModified":"2025-07-25T09:41:31+00:00","author":{"@id":"https:\/\/blogs.uef.fi\/oikeuttakohtuudella\/#\/schema\/person\/f0ba4af088b920da8687e1ac1dd43455"},"breadcrumb":{"@id":"https:\/\/blogs.uef.fi\/oikeuttakohtuudella\/2017\/08\/30\/tarttis-tehra-jotain-tiedustelulainsaadannon-pro-contra\/#breadcrumb"},"inLanguage":"fi","potentialAction":[{"@type":"ReadAction","target":["https:\/\/blogs.uef.fi\/oikeuttakohtuudella\/2017\/08\/30\/tarttis-tehra-jotain-tiedustelulainsaadannon-pro-contra\/"]}]},{"@type":"ImageObject","inLanguage":"fi","@id":"https:\/\/blogs.uef.fi\/oikeuttakohtuudella\/2017\/08\/30\/tarttis-tehra-jotain-tiedustelulainsaadannon-pro-contra\/#primaryimage","url":"https:\/\/blogs.uef.fi\/oikeuttakohtuudella\/wp-content\/uploads\/sites\/9\/2016\/09\/Sutela-Mika_13x18.jpg","contentUrl":"https:\/\/blogs.uef.fi\/oikeuttakohtuudella\/wp-content\/uploads\/sites\/9\/2016\/09\/Sutela-Mika_13x18.jpg","width":1535,"height":2126},{"@type":"BreadcrumbList","@id":"https:\/\/blogs.uef.fi\/oikeuttakohtuudella\/2017\/08\/30\/tarttis-tehra-jotain-tiedustelulainsaadannon-pro-contra\/#breadcrumb","itemListElement":[{"@type":"ListItem","position":1,"name":"Home","item":"https:\/\/blogs.uef.fi\/oikeuttakohtuudella\/"},{"@type":"ListItem","position":2,"name":"&#8221;Tarttis tehr\u00e4 jotain&#8221; \u2013 tiedustelulains\u00e4\u00e4d\u00e4nn\u00f6n pro &amp; contra"}]},{"@type":"WebSite","@id":"https:\/\/blogs.uef.fi\/oikeuttakohtuudella\/#website","url":"https:\/\/blogs.uef.fi\/oikeuttakohtuudella\/","name":"OIKEUTTA KOHTUUDELLA \u2013 THE BLOG OF UEF LAW SCHOOL","description":"","potentialAction":[{"@type":"SearchAction","target":{"@type":"EntryPoint","urlTemplate":"https:\/\/blogs.uef.fi\/oikeuttakohtuudella\/?s={search_term_string}"},"query-input":{"@type":"PropertyValueSpecification","valueRequired":true,"valueName":"search_term_string"}}],"inLanguage":"fi"},{"@type":"Person","@id":"https:\/\/blogs.uef.fi\/oikeuttakohtuudella\/#\/schema\/person\/f0ba4af088b920da8687e1ac1dd43455","name":"Oikeustieteet, UEF Law School","image":{"@type":"ImageObject","inLanguage":"fi","@id":"https:\/\/secure.gravatar.com\/avatar\/46c6336c730cf4a8d906dd4fc5719468732f2f986a2b0e3be1a516cec3c3320a?s=96&r=g","url":"https:\/\/secure.gravatar.com\/avatar\/46c6336c730cf4a8d906dd4fc5719468732f2f986a2b0e3be1a516cec3c3320a?s=96&r=g","contentUrl":"https:\/\/secure.gravatar.com\/avatar\/46c6336c730cf4a8d906dd4fc5719468732f2f986a2b0e3be1a516cec3c3320a?s=96&r=g","caption":"Oikeustieteet, UEF Law School"},"url":"https:\/\/blogs.uef.fi\/oikeuttakohtuudella\/author\/oskkor\/"}]}},"_links":{"self":[{"href":"https:\/\/blogs.uef.fi\/oikeuttakohtuudella\/wp-json\/wp\/v2\/posts\/583","targetHints":{"allow":["GET"]}}],"collection":[{"href":"https:\/\/blogs.uef.fi\/oikeuttakohtuudella\/wp-json\/wp\/v2\/posts"}],"about":[{"href":"https:\/\/blogs.uef.fi\/oikeuttakohtuudella\/wp-json\/wp\/v2\/types\/post"}],"author":[{"embeddable":true,"href":"https:\/\/blogs.uef.fi\/oikeuttakohtuudella\/wp-json\/wp\/v2\/users\/47"}],"replies":[{"embeddable":true,"href":"https:\/\/blogs.uef.fi\/oikeuttakohtuudella\/wp-json\/wp\/v2\/comments?post=583"}],"version-history":[{"count":2,"href":"https:\/\/blogs.uef.fi\/oikeuttakohtuudella\/wp-json\/wp\/v2\/posts\/583\/revisions"}],"predecessor-version":[{"id":2888,"href":"https:\/\/blogs.uef.fi\/oikeuttakohtuudella\/wp-json\/wp\/v2\/posts\/583\/revisions\/2888"}],"wp:attachment":[{"href":"https:\/\/blogs.uef.fi\/oikeuttakohtuudella\/wp-json\/wp\/v2\/media?parent=583"}],"wp:term":[{"taxonomy":"category","embeddable":true,"href":"https:\/\/blogs.uef.fi\/oikeuttakohtuudella\/wp-json\/wp\/v2\/categories?post=583"},{"taxonomy":"post_tag","embeddable":true,"href":"https:\/\/blogs.uef.fi\/oikeuttakohtuudella\/wp-json\/wp\/v2\/tags?post=583"}],"curies":[{"name":"wp","href":"https:\/\/api.w.org\/{rel}","templated":true}]}}