{"id":345,"date":"2017-05-24T20:05:13","date_gmt":"2017-05-24T17:05:13","guid":{"rendered":"https:\/\/blogs.uef.fi\/oikeuttakohtuudella\/?p=345"},"modified":"2025-07-25T11:34:50","modified_gmt":"2025-07-25T09:34:50","slug":"lumi-suli-ja-rikokset-lisaantyvat-millainen-yhteys-saalla-on-rikollisuuteen","status":"publish","type":"post","link":"https:\/\/blogs.uef.fi\/oikeuttakohtuudella\/2017\/05\/24\/lumi-suli-ja-rikokset-lisaantyvat-millainen-yhteys-saalla-on-rikollisuuteen\/","title":{"rendered":"Lumi suli ja rikokset lis\u00e4\u00e4ntyv\u00e4t \u2013 millainen yhteys s\u00e4\u00e4ll\u00e4 on rikollisuuteen?"},"content":{"rendered":"\n<figure class=\"wp-block-image\"><a href=\"https:\/\/blogs.uef.fi\/oikeuttakohtuudella\/wp-content\/uploads\/sites\/9\/2016\/09\/Sutela-Mika_13x18.jpg\"><img loading=\"lazy\" decoding=\"async\" width=\"217\" height=\"300\" src=\"https:\/\/blogs.uef.fi\/oikeuttakohtuudella\/wp-content\/uploads\/sites\/9\/2016\/09\/Sutela-Mika_13x18-217x300.jpg\" alt=\"\" class=\"wp-image-167\" srcset=\"https:\/\/blogs.uef.fi\/oikeuttakohtuudella\/wp-content\/uploads\/sites\/9\/2016\/09\/Sutela-Mika_13x18-217x300.jpg 217w, https:\/\/blogs.uef.fi\/oikeuttakohtuudella\/wp-content\/uploads\/sites\/9\/2016\/09\/Sutela-Mika_13x18-768x1064.jpg 768w, https:\/\/blogs.uef.fi\/oikeuttakohtuudella\/wp-content\/uploads\/sites\/9\/2016\/09\/Sutela-Mika_13x18-739x1024.jpg 739w, https:\/\/blogs.uef.fi\/oikeuttakohtuudella\/wp-content\/uploads\/sites\/9\/2016\/09\/Sutela-Mika_13x18.jpg 1535w\" sizes=\"auto, (max-width: 217px) 100vw, 217px\" \/><\/a><\/figure>\n\n\n\n<p><\/p>\n\n\n\n<p><strong>Mika Sutela<br><\/strong><\/p>\n\n\n\n<p><em>Kirjoittaja on v\u00e4itellyt oikeustieteen tohtoriksi It\u00e4-Suomen yliopistossa.<\/em><\/p>\n\n\n\n<p><strong>KRIMINOLOGISET TEORIAT<\/strong> selitt\u00e4v\u00e4t p\u00e4\u00e4asiassa rikollisuutta ihmisten sosiodemografisilla tekij\u00f6ill\u00e4. N\u00e4m\u00e4 tekij\u00e4t kuitenkin muuttuvat hitaasti ajassa eiv\u00e4tk\u00e4 ne kykene selitt\u00e4m\u00e4\u00e4n rikollisuudessa tapahtuvia lyhyen aikav\u00e4lin, vuoden sis\u00e4isi\u00e4 muutoksia. Kriminologiassa on pitk\u00e4\u00e4n keskusteltu s\u00e4\u00e4tilojen ja ilmaston v\u00e4lisest\u00e4 yhteydest\u00e4 rikollisuuteen, tarkemmin ottaen rikollisuuden kausivaihteluun. Tutkimuksissa tarkasteltuja s\u00e4\u00e4h\u00e4n liittyvi\u00e4 muuttujia ovat olleet muun muassa l\u00e4mp\u00f6tila, sadem\u00e4\u00e4r\u00e4, ilmanpaine, ilmankosteus, tuulennopeus ja p\u00e4iv\u00e4n pituus.<\/p>\n\n\n\n<p><strong>JO 1800-LUVUN<\/strong> alkupuolella belgialainen matemaatikko, astronomi, tilastotieteilij\u00e4 ja sosiologi <strong>Adolphe Quetelet<\/strong> havaitsi, ett\u00e4 henkil\u00f6ihin kohdistuvat rikokset olivat suurimmillaan kes\u00e4aikana, omaisuuteen kohdistuvat rikokset puolestaan talviaikana.<\/p>\n\n\n\n<p><strong>KORKEAT L\u00c4MP\u00d6TILAT<\/strong> yhdistet\u00e4\u00e4n usein aggressioihin ja v\u00e4kivaltaan. T\u00e4st\u00e4 juontuvat yleiset fraasit \u201chot headed\u201d ja \u201cmy blood is boiling\u201d. Suomessakin puhutaan \u201ckuumakalleista\u201d ja siit\u00e4, kuinka \u201cveri kiehahtaa\u201d. Boston Northeastern Universityn kriminologi <strong>James Alan Fox<\/strong> on todennut, ett\u00e4 v\u00e4kivaltarikollisuuden m\u00e4\u00e4r\u00e4 on korkeimmillaan l\u00e4mp\u00f6tilan ollessa noin 29 celsiusastetta, mutta l\u00e4mp\u00f6tilan saavuttaessa 32 celsiusasteen v\u00e4kivaltarikollisuuden m\u00e4\u00e4r\u00e4 alkaa v\u00e4henty\u00e4 \u2013 ihmiset alkavat mieluummin vet\u00e4yty\u00e4 viile\u00e4\u00e4n kuin tapella.<\/p>\n\n\n\n<p><strong>ELLEN G. COHN<\/strong> havaitsi, ett\u00e4 l\u00e4mp\u00f6tilan kasvaessa pahoinpitelyiden, l\u00e4hisuhdev\u00e4kivaltatapausten ja raiskauksien m\u00e4\u00e4r\u00e4 lis\u00e4\u00e4ntyi. My\u00f6s kollektiivinen v\u00e4kivalta (mellakointi) lis\u00e4\u00e4ntyi l\u00e4mp\u00f6tilan kasvaessa. Sen sijaan henkirikoksilla ja ry\u00f6st\u00f6ill\u00e4 ei ollut merkitt\u00e4v\u00e4\u00e4 yhteytt\u00e4 l\u00e4mp\u00f6tilan kanssa. <strong>Simon Field<\/strong> on todennut, ett\u00e4 l\u00e4mp\u00f6tilan noustessa ihmiset viett\u00e4v\u00e4t enemm\u00e4n aikaa kotiensa ulkopuolella, mik\u00e4 lis\u00e4\u00e4 my\u00f6s omaisuusrikollisuutta, kuten auto- ja murtovarkauksia. Field havaitsi, ett\u00e4 vaikka raiskausten m\u00e4\u00e4r\u00e4 kasvaa l\u00e4mp\u00f6tilan kasvaessa, raiskausrikosten m\u00e4\u00e4r\u00e4\u00e4n ei kuitenkaan vaikuta p\u00e4iv\u00e4n pituus tai valon m\u00e4\u00e4r\u00e4. Samanlaisiin tuloksiin ovat p\u00e4\u00e4tyneet my\u00f6s <strong>James Horrocks<\/strong> ja <strong>Andrea Kutinova Menclova<\/strong>: huono s\u00e4\u00e4 v\u00e4hent\u00e4\u00e4 omaisuusrikollisuutta, koska rikolliset ovat v\u00e4hemm\u00e4n motivoituneita tekem\u00e4\u00e4n rikoksia huonon s\u00e4\u00e4n aikana ja koska t\u00e4ll\u00f6in my\u00f6s ihmiset ovat todenn\u00e4k\u00f6isemmin kodeissaan.<\/p>\n\n\n\n<p><strong>SUOMESSA S\u00c4\u00c4OLOSUHTEITA<\/strong> ja rikollisuuden v\u00e4list\u00e4 yhteytt\u00e4 ei tiett\u00e4v\u00e4sti ole tutkittu yliopistoissa, mutta Yle uutisoi tammikuussa 2016, kuinka vanha hokema &#8221;pakkanen on paras poliisi&#8221; ei pid\u00e4 paikkaansa ainakaan sik\u00e4li, ett\u00e4 rikolliset j\u00e4isiv\u00e4t hyisimpin\u00e4 p\u00e4ivin\u00e4 k\u00e4mpp\u00e4\u00e4n odottelemaan kelin lauhtumista. Yle Uutiset vertasi poliisin p\u00e4iv\u00e4kohtaisia rikosilmoitustilastoja Ilmatieteen laitoksen p\u00e4ivitt\u00e4isiin keskil\u00e4mp\u00f6tilatilastoihin ja tarkasteli rikosm\u00e4\u00e4rien kehittymist\u00e4 etenkin pakkaspiikkip\u00e4ivin\u00e4. Tulos oli h\u00e4mm\u00e4stytt\u00e4v\u00e4: pakkasen kiristytty\u00e4 rikosm\u00e4\u00e4r\u00e4t kasvoivat verrattuna lauhempiin edellisp\u00e4iviin. Kun s\u00e4\u00e4 lauhtui, putosivat my\u00f6s rikosm\u00e4\u00e4r\u00e4t. Poliisista kommentoitiin, ett\u00e4 pakkaset ovat osuneet (talvina 2011\u20132014) viikonlopuille, jolloin poliisilla on tunnetusti eniten rikosteht\u00e4vi\u00e4. Sik\u00e4li v\u00e4ite pakkasen rikollisia hillitsev\u00e4st\u00e4 vaikutuksesta pit\u00e4\u00e4 paikkansa, ett\u00e4 sulan maan aikana rikoksia tehd\u00e4\u00e4n enemm\u00e4n. &#8221;Vilkkainta&#8221; on kes\u00e4kuukausina, joista eniten rikoksia tehd\u00e4\u00e4n elokuussa.<\/p>\n\n\n\n<p><strong>JAMES ROTTON<\/strong> ja Ellen G. Cohn uskovat, ett\u00e4 kaikki, mik\u00e4 pit\u00e4\u00e4 ihmisi\u00e4 erossa toisistaan, v\u00e4hent\u00e4\u00e4 v\u00e4kivaltaa ja aggressioita. Sen sijaan, ett\u00e4 v\u00e4itt\u00e4\u00e4 hyv\u00e4n s\u00e4\u00e4n edist\u00e4v\u00e4n sosiaalista kanssak\u00e4ymist\u00e4, on j\u00e4rkev\u00e4mp\u00e4\u00e4 pit\u00e4\u00e4 kuumaa tai koleaa s\u00e4\u00e4t\u00e4 tekij\u00e4n\u00e4, joka v\u00e4hent\u00e4\u00e4 sosiaalista kanssak\u00e4ymist\u00e4. Kriminologisen rutiiniaktiviteettiteorian mukaan muutokset rutiineissa tai tyypillisiss\u00e4 aktiviteeteissa lis\u00e4\u00e4v\u00e4t yksil\u00f6n todenn\u00e4k\u00f6isyytt\u00e4 joutua tietyntyyppisten rikosten uhriksi. Tietyt lomap\u00e4iv\u00e4t -tai ajat saattavat vaikuttaa ihmisten tekemisiin ja k\u00e4ytt\u00e4ytymiseen, erityisesti ne kansalliset juhlap\u00e4iv\u00e4t, jolloin eri virastot ja koulut ovat kiinni. Monet suurista loma-ajoista kokoavat perheit\u00e4 yhteen. Suomessa poliisin mukaan valvonta- ja h\u00e4lytyssektorilla partioivien poliisien mieleen j\u00e4\u00e4 yleisesti joulun ajalta alkoholin liikak\u00e4ytt\u00f6 sek\u00e4 perheen ja suvun keskiset riidat. Joulut ovat poliisin mukaan kuitenkin vuosien varrella keskim\u00e4\u00e4rin rauhoittuneet.<\/p>\n\n\n\n<p><strong>RY\u00d6ST\u00d6ISS\u00c4 ON<\/strong> useissa tutkimuksissa havaittu piikki joulukuussa (<strong>Landau<\/strong> and <strong>Fridman<\/strong> 1993, <strong>McDowall<\/strong> ym. 2012). Ellen G. Cohn ja James Rotton toisaalta havaitsivat tutkimuksessaan (2003), ett\u00e4 my\u00f6s rikolliset viett\u00e4v\u00e4t lomaa. Kun s\u00e4\u00e4tila ja ajalliset seikat on otettu huomioon, pahoinpitelyt lis\u00e4\u00e4ntyiv\u00e4t merkitt\u00e4v\u00e4sti uudenvuodenp\u00e4iv\u00e4n\u00e4. Esim. joulup\u00e4iv\u00e4n\u00e4 h\u00e4iri\u00f6k\u00e4ytt\u00e4ytyminen puolestaan v\u00e4heni, vaikkakin l\u00e4hisuhdev\u00e4kivaltatapauksista ilmoitukset kasvoivatkin.<\/p>\n\n\n\n<p><strong>SUOMESSA TILASTOKESKUKSEN <\/strong>rikostilastojen perusteella on havaittavissa, ett\u00e4 vuosina 2010\u20132016 joulukuissa poliisin tietoon tuli huumausainerikoksia (RL 50:1-4 \u00a7) merkitt\u00e4v\u00e4sti keskim\u00e4\u00e4r\u00e4ist\u00e4 v\u00e4hemm\u00e4n (ks. oheinen kuva). Joulukuissa huumausainerikosten tilastoidut m\u00e4\u00e4r\u00e4t v\u00e4heniv\u00e4t reilulla viidenneksell\u00e4 (noin 22 prosenttiyksikk\u00f6\u00e4) keskim\u00e4\u00e4r\u00e4isest\u00e4 vuosittaisesta tasosta (noin 60 rikosta per kuukausi). Suurimmillaan huumausainerikosten m\u00e4\u00e4r\u00e4 on puolestaan ollut syyskuussa. Huumausainerikosten tilastoiduissa m\u00e4\u00e4riss\u00e4 vaikuttaa olevan kausittaista vaihtelua, vaikkakaan ei niin selv\u00e4sti kes\u00e4-talvi-syklill\u00e4 kuin perinteisimmiss\u00e4 rikoksissa (esim. pahoinpitely ja rattijuopumus).<\/p>\n\n\n\n<figure class=\"wp-block-image alignleft\"><a href=\"https:\/\/blogs.uef.fi\/oikeuttakohtuudella\/wp-content\/uploads\/sites\/9\/2017\/03\/Kuvasaa2.jpg\"><img loading=\"lazy\" decoding=\"async\" width=\"560\" height=\"352\" src=\"https:\/\/blogs.uef.fi\/oikeuttakohtuudella\/wp-content\/uploads\/sites\/9\/2017\/03\/Kuvasaa2.jpg\" alt=\"\" class=\"wp-image-505\" \/><\/a><figcaption class=\"wp-element-caption\">Keskim\u00e4\u00e4r\u00e4iset tilastoitujen huumausainerikosten lukum\u00e4\u00e4r\u00e4t kuukausittain 2010\u20132016.<\/figcaption><\/figure>\n\n\n\n<p><strong>TULEVAISUUDESSA TIEDOLLA<\/strong> s\u00e4\u00e4n yhteydest\u00e4 rikollisuuteen ja siihen kohdistetulla tutkimuksella on mahdollista parantaa poliisin resurssien kohdentamista lyhyell\u00e4 aikav\u00e4lill\u00e4. Aiempi s\u00e4\u00e4n ja rikollisuuden tutkimus keskittyy jo noin kolmenkymmenen vuoden taakse. Kyseisten tutkimusten tuloksiin on nykyp\u00e4iv\u00e4n\u00e4 suhtauduttava jo varauksella, koska modernia teknologiaa ei ollut tuohon aikaan k\u00e4ytett\u00e4viss\u00e4 ja s\u00e4\u00e4olotkin ovat muuttuneet. Tutkimuksen p\u00e4ivitt\u00e4minen olisi t\u00e4rke\u00e4\u00e4, jotta saataisiin tarkempaa, uutta tietoa. Yhteiskunnan muuttuessa my\u00f6s rikollisuus muuttuu ja esimerkiksi ilmastonmuutoksella saattaa olla my\u00f6s merkitt\u00e4vi\u00e4 vaikutuksia rikollisuuteen tulevaisuudessa.<\/p>\n\n\n\n<p>Uutisia:<\/p>\n\n\n\n<p><a href=\"http:\/\/yle.fi\/uutiset\/3-9372870\">Joulunvietto on sujunut melko rauhallisesti<\/a><\/p>\n\n\n\n<p><a href=\"http:\/\/www.mtv.fi\/uutiset\/rikos\/artikkeli\/poliisi-aattoyo-etelassa-tavallista-rauhattomampi-pohjoisessa-kehno-saa-hillitsi-juhlijoita\/6239498\">Poliisi: Aattoy\u00f6 etel\u00e4ss\u00e4 tavallista rauhattomampi \u2013 pohjoisessa kehno s\u00e4\u00e4 hillitsi juhlijoita<\/a><\/p>\n\n\n\n<p><a href=\"http:\/\/www.ksml.fi\/kotimaa\/Useita-rattijuoppoja-poliisin-haaviin-joulunpyhin%C3%A4\/899892\">Useita rattijuoppoja poliisin haaviin joulunpyhin\u00e4<\/a><\/p>\n\n\n\n<p><a href=\"http:\/\/www.hs.fi\/kotimaa\/art-2000005028614.html\">Poliisi uudenvuodeny\u00f6n\u00e4 t\u00e4ysin ty\u00f6llistetty ymp\u00e4ri maata \u2013 juhlijat hakkasivat toisiaan ja ajelivat humalassa<\/a><\/p>\n","protected":false},"excerpt":{"rendered":"<p>Mika Sutela Kirjoittaja on v\u00e4itellyt oikeustieteen tohtoriksi It\u00e4-Suomen yliopistossa. KRIMINOLOGISET TEORIAT selitt\u00e4v\u00e4t p\u00e4\u00e4asiassa rikollisuutta ihmisten sosiodemografisilla tekij\u00f6ill\u00e4. N\u00e4m\u00e4 tekij\u00e4t kuitenkin muuttuvat hitaasti ajassa eiv\u00e4tk\u00e4 ne kykene selitt\u00e4m\u00e4\u00e4n rikollisuudessa tapahtuvia lyhyen aikav\u00e4lin, vuoden sis\u00e4isi\u00e4 muutoksia. Kriminologiassa on pitk\u00e4\u00e4n keskusteltu s\u00e4\u00e4tilojen ja ilmaston v\u00e4lisest\u00e4 yhteydest\u00e4 rikollisuuteen, tarkemmin ottaen rikollisuuden kausivaihteluun. Tutkimuksissa tarkasteltuja s\u00e4\u00e4h\u00e4n liittyvi\u00e4 muuttujia ovat olleet [&hellip;]<\/p>\n","protected":false},"author":47,"featured_media":0,"comment_status":"closed","ping_status":"closed","sticky":false,"template":"","format":"standard","meta":{"_acf_changed":false,"footnotes":""},"categories":[1],"tags":[355,349,345,351,347,353],"class_list":["post-345","post","type-post","status-publish","format-standard","hentry","category-uncategorized","tag-empiirinen-tutkimus","tag-ilmasto","tag-kriminologia","tag-rikollisuus","tag-saa","tag-tilastotiede"],"acf":[],"yoast_head":"<!-- This site is optimized with the Yoast SEO plugin v27.3 - https:\/\/yoast.com\/product\/yoast-seo-wordpress\/ -->\n<title>Lumi suli ja rikokset lis\u00e4\u00e4ntyv\u00e4t \u2013 millainen yhteys s\u00e4\u00e4ll\u00e4 on rikollisuuteen? - OIKEUTTA KOHTUUDELLA \u2013 THE BLOG OF UEF LAW SCHOOL<\/title>\n<meta name=\"robots\" content=\"index, follow, max-snippet:-1, max-image-preview:large, max-video-preview:-1\" \/>\n<link rel=\"canonical\" href=\"https:\/\/blogs.uef.fi\/oikeuttakohtuudella\/2017\/05\/24\/lumi-suli-ja-rikokset-lisaantyvat-millainen-yhteys-saalla-on-rikollisuuteen\/\" \/>\n<meta property=\"og:locale\" content=\"fi_FI\" \/>\n<meta property=\"og:type\" content=\"article\" \/>\n<meta property=\"og:title\" content=\"Lumi suli ja rikokset lis\u00e4\u00e4ntyv\u00e4t \u2013 millainen yhteys s\u00e4\u00e4ll\u00e4 on rikollisuuteen? - OIKEUTTA KOHTUUDELLA \u2013 THE BLOG OF UEF LAW SCHOOL\" \/>\n<meta property=\"og:description\" content=\"Mika Sutela Kirjoittaja on v\u00e4itellyt oikeustieteen tohtoriksi It\u00e4-Suomen yliopistossa. KRIMINOLOGISET TEORIAT selitt\u00e4v\u00e4t p\u00e4\u00e4asiassa rikollisuutta ihmisten sosiodemografisilla tekij\u00f6ill\u00e4. N\u00e4m\u00e4 tekij\u00e4t kuitenkin muuttuvat hitaasti ajassa eiv\u00e4tk\u00e4 ne kykene selitt\u00e4m\u00e4\u00e4n rikollisuudessa tapahtuvia lyhyen aikav\u00e4lin, vuoden sis\u00e4isi\u00e4 muutoksia. Kriminologiassa on pitk\u00e4\u00e4n keskusteltu s\u00e4\u00e4tilojen ja ilmaston v\u00e4lisest\u00e4 yhteydest\u00e4 rikollisuuteen, tarkemmin ottaen rikollisuuden kausivaihteluun. Tutkimuksissa tarkasteltuja s\u00e4\u00e4h\u00e4n liittyvi\u00e4 muuttujia ovat olleet [&hellip;]\" \/>\n<meta property=\"og:url\" content=\"https:\/\/blogs.uef.fi\/oikeuttakohtuudella\/2017\/05\/24\/lumi-suli-ja-rikokset-lisaantyvat-millainen-yhteys-saalla-on-rikollisuuteen\/\" \/>\n<meta property=\"og:site_name\" content=\"OIKEUTTA KOHTUUDELLA \u2013 THE BLOG OF UEF LAW SCHOOL\" \/>\n<meta property=\"article:published_time\" content=\"2017-05-24T17:05:13+00:00\" \/>\n<meta property=\"article:modified_time\" content=\"2025-07-25T09:34:50+00:00\" \/>\n<meta property=\"og:image\" content=\"https:\/\/blogs.uef.fi\/oikeuttakohtuudella\/wp-content\/uploads\/sites\/9\/2016\/09\/Sutela-Mika_13x18.jpg\" \/>\n\t<meta property=\"og:image:width\" content=\"1535\" \/>\n\t<meta property=\"og:image:height\" content=\"2126\" \/>\n\t<meta property=\"og:image:type\" content=\"image\/jpeg\" \/>\n<meta name=\"author\" content=\"Oikeustieteet, UEF Law School\" \/>\n<meta name=\"twitter:card\" content=\"summary_large_image\" \/>\n<meta name=\"twitter:label1\" content=\"Kirjoittanut\" \/>\n\t<meta name=\"twitter:data1\" content=\"Oikeustieteet, UEF Law School\" \/>\n\t<meta name=\"twitter:label2\" content=\"Arvioitu lukuaika\" \/>\n\t<meta name=\"twitter:data2\" content=\"5 minuuttia\" \/>\n<script type=\"application\/ld+json\" class=\"yoast-schema-graph\">{\"@context\":\"https:\\\/\\\/schema.org\",\"@graph\":[{\"@type\":\"Article\",\"@id\":\"https:\\\/\\\/blogs.uef.fi\\\/oikeuttakohtuudella\\\/2017\\\/05\\\/24\\\/lumi-suli-ja-rikokset-lisaantyvat-millainen-yhteys-saalla-on-rikollisuuteen\\\/#article\",\"isPartOf\":{\"@id\":\"https:\\\/\\\/blogs.uef.fi\\\/oikeuttakohtuudella\\\/2017\\\/05\\\/24\\\/lumi-suli-ja-rikokset-lisaantyvat-millainen-yhteys-saalla-on-rikollisuuteen\\\/\"},\"author\":{\"name\":\"Oikeustieteet, UEF Law School\",\"@id\":\"https:\\\/\\\/blogs.uef.fi\\\/oikeuttakohtuudella\\\/#\\\/schema\\\/person\\\/f0ba4af088b920da8687e1ac1dd43455\"},\"headline\":\"Lumi suli ja rikokset lis\u00e4\u00e4ntyv\u00e4t \u2013 millainen yhteys s\u00e4\u00e4ll\u00e4 on rikollisuuteen?\",\"datePublished\":\"2017-05-24T17:05:13+00:00\",\"dateModified\":\"2025-07-25T09:34:50+00:00\",\"mainEntityOfPage\":{\"@id\":\"https:\\\/\\\/blogs.uef.fi\\\/oikeuttakohtuudella\\\/2017\\\/05\\\/24\\\/lumi-suli-ja-rikokset-lisaantyvat-millainen-yhteys-saalla-on-rikollisuuteen\\\/\"},\"wordCount\":907,\"image\":{\"@id\":\"https:\\\/\\\/blogs.uef.fi\\\/oikeuttakohtuudella\\\/2017\\\/05\\\/24\\\/lumi-suli-ja-rikokset-lisaantyvat-millainen-yhteys-saalla-on-rikollisuuteen\\\/#primaryimage\"},\"thumbnailUrl\":\"https:\\\/\\\/blogs.uef.fi\\\/oikeuttakohtuudella\\\/wp-content\\\/uploads\\\/sites\\\/9\\\/2016\\\/09\\\/Sutela-Mika_13x18-217x300.jpg\",\"keywords\":[\"empiirinen tutkimus\",\"ilmasto\",\"kriminologia\",\"rikollisuus\",\"s\u00e4\u00e4\",\"tilastotiede\"],\"articleSection\":[\"Uncategorized\"],\"inLanguage\":\"fi\"},{\"@type\":\"WebPage\",\"@id\":\"https:\\\/\\\/blogs.uef.fi\\\/oikeuttakohtuudella\\\/2017\\\/05\\\/24\\\/lumi-suli-ja-rikokset-lisaantyvat-millainen-yhteys-saalla-on-rikollisuuteen\\\/\",\"url\":\"https:\\\/\\\/blogs.uef.fi\\\/oikeuttakohtuudella\\\/2017\\\/05\\\/24\\\/lumi-suli-ja-rikokset-lisaantyvat-millainen-yhteys-saalla-on-rikollisuuteen\\\/\",\"name\":\"Lumi suli ja rikokset lis\u00e4\u00e4ntyv\u00e4t \u2013 millainen yhteys s\u00e4\u00e4ll\u00e4 on rikollisuuteen? - OIKEUTTA KOHTUUDELLA \u2013 THE BLOG OF UEF LAW SCHOOL\",\"isPartOf\":{\"@id\":\"https:\\\/\\\/blogs.uef.fi\\\/oikeuttakohtuudella\\\/#website\"},\"primaryImageOfPage\":{\"@id\":\"https:\\\/\\\/blogs.uef.fi\\\/oikeuttakohtuudella\\\/2017\\\/05\\\/24\\\/lumi-suli-ja-rikokset-lisaantyvat-millainen-yhteys-saalla-on-rikollisuuteen\\\/#primaryimage\"},\"image\":{\"@id\":\"https:\\\/\\\/blogs.uef.fi\\\/oikeuttakohtuudella\\\/2017\\\/05\\\/24\\\/lumi-suli-ja-rikokset-lisaantyvat-millainen-yhteys-saalla-on-rikollisuuteen\\\/#primaryimage\"},\"thumbnailUrl\":\"https:\\\/\\\/blogs.uef.fi\\\/oikeuttakohtuudella\\\/wp-content\\\/uploads\\\/sites\\\/9\\\/2016\\\/09\\\/Sutela-Mika_13x18-217x300.jpg\",\"datePublished\":\"2017-05-24T17:05:13+00:00\",\"dateModified\":\"2025-07-25T09:34:50+00:00\",\"author\":{\"@id\":\"https:\\\/\\\/blogs.uef.fi\\\/oikeuttakohtuudella\\\/#\\\/schema\\\/person\\\/f0ba4af088b920da8687e1ac1dd43455\"},\"breadcrumb\":{\"@id\":\"https:\\\/\\\/blogs.uef.fi\\\/oikeuttakohtuudella\\\/2017\\\/05\\\/24\\\/lumi-suli-ja-rikokset-lisaantyvat-millainen-yhteys-saalla-on-rikollisuuteen\\\/#breadcrumb\"},\"inLanguage\":\"fi\",\"potentialAction\":[{\"@type\":\"ReadAction\",\"target\":[\"https:\\\/\\\/blogs.uef.fi\\\/oikeuttakohtuudella\\\/2017\\\/05\\\/24\\\/lumi-suli-ja-rikokset-lisaantyvat-millainen-yhteys-saalla-on-rikollisuuteen\\\/\"]}]},{\"@type\":\"ImageObject\",\"inLanguage\":\"fi\",\"@id\":\"https:\\\/\\\/blogs.uef.fi\\\/oikeuttakohtuudella\\\/2017\\\/05\\\/24\\\/lumi-suli-ja-rikokset-lisaantyvat-millainen-yhteys-saalla-on-rikollisuuteen\\\/#primaryimage\",\"url\":\"https:\\\/\\\/blogs.uef.fi\\\/oikeuttakohtuudella\\\/wp-content\\\/uploads\\\/sites\\\/9\\\/2016\\\/09\\\/Sutela-Mika_13x18.jpg\",\"contentUrl\":\"https:\\\/\\\/blogs.uef.fi\\\/oikeuttakohtuudella\\\/wp-content\\\/uploads\\\/sites\\\/9\\\/2016\\\/09\\\/Sutela-Mika_13x18.jpg\",\"width\":1535,\"height\":2126},{\"@type\":\"BreadcrumbList\",\"@id\":\"https:\\\/\\\/blogs.uef.fi\\\/oikeuttakohtuudella\\\/2017\\\/05\\\/24\\\/lumi-suli-ja-rikokset-lisaantyvat-millainen-yhteys-saalla-on-rikollisuuteen\\\/#breadcrumb\",\"itemListElement\":[{\"@type\":\"ListItem\",\"position\":1,\"name\":\"Home\",\"item\":\"https:\\\/\\\/blogs.uef.fi\\\/oikeuttakohtuudella\\\/\"},{\"@type\":\"ListItem\",\"position\":2,\"name\":\"Lumi suli ja rikokset lis\u00e4\u00e4ntyv\u00e4t \u2013 millainen yhteys s\u00e4\u00e4ll\u00e4 on rikollisuuteen?\"}]},{\"@type\":\"WebSite\",\"@id\":\"https:\\\/\\\/blogs.uef.fi\\\/oikeuttakohtuudella\\\/#website\",\"url\":\"https:\\\/\\\/blogs.uef.fi\\\/oikeuttakohtuudella\\\/\",\"name\":\"OIKEUTTA KOHTUUDELLA \u2013 THE BLOG OF UEF LAW SCHOOL\",\"description\":\"\",\"potentialAction\":[{\"@type\":\"SearchAction\",\"target\":{\"@type\":\"EntryPoint\",\"urlTemplate\":\"https:\\\/\\\/blogs.uef.fi\\\/oikeuttakohtuudella\\\/?s={search_term_string}\"},\"query-input\":{\"@type\":\"PropertyValueSpecification\",\"valueRequired\":true,\"valueName\":\"search_term_string\"}}],\"inLanguage\":\"fi\"},{\"@type\":\"Person\",\"@id\":\"https:\\\/\\\/blogs.uef.fi\\\/oikeuttakohtuudella\\\/#\\\/schema\\\/person\\\/f0ba4af088b920da8687e1ac1dd43455\",\"name\":\"Oikeustieteet, UEF Law School\",\"image\":{\"@type\":\"ImageObject\",\"inLanguage\":\"fi\",\"@id\":\"https:\\\/\\\/secure.gravatar.com\\\/avatar\\\/46c6336c730cf4a8d906dd4fc5719468732f2f986a2b0e3be1a516cec3c3320a?s=96&r=g\",\"url\":\"https:\\\/\\\/secure.gravatar.com\\\/avatar\\\/46c6336c730cf4a8d906dd4fc5719468732f2f986a2b0e3be1a516cec3c3320a?s=96&r=g\",\"contentUrl\":\"https:\\\/\\\/secure.gravatar.com\\\/avatar\\\/46c6336c730cf4a8d906dd4fc5719468732f2f986a2b0e3be1a516cec3c3320a?s=96&r=g\",\"caption\":\"Oikeustieteet, UEF Law School\"},\"url\":\"https:\\\/\\\/blogs.uef.fi\\\/oikeuttakohtuudella\\\/author\\\/oskkor\\\/\"}]}<\/script>\n<!-- \/ Yoast SEO plugin. -->","yoast_head_json":{"title":"Lumi suli ja rikokset lis\u00e4\u00e4ntyv\u00e4t \u2013 millainen yhteys s\u00e4\u00e4ll\u00e4 on rikollisuuteen? - OIKEUTTA KOHTUUDELLA \u2013 THE BLOG OF UEF LAW SCHOOL","robots":{"index":"index","follow":"follow","max-snippet":"max-snippet:-1","max-image-preview":"max-image-preview:large","max-video-preview":"max-video-preview:-1"},"canonical":"https:\/\/blogs.uef.fi\/oikeuttakohtuudella\/2017\/05\/24\/lumi-suli-ja-rikokset-lisaantyvat-millainen-yhteys-saalla-on-rikollisuuteen\/","og_locale":"fi_FI","og_type":"article","og_title":"Lumi suli ja rikokset lis\u00e4\u00e4ntyv\u00e4t \u2013 millainen yhteys s\u00e4\u00e4ll\u00e4 on rikollisuuteen? - OIKEUTTA KOHTUUDELLA \u2013 THE BLOG OF UEF LAW SCHOOL","og_description":"Mika Sutela Kirjoittaja on v\u00e4itellyt oikeustieteen tohtoriksi It\u00e4-Suomen yliopistossa. KRIMINOLOGISET TEORIAT selitt\u00e4v\u00e4t p\u00e4\u00e4asiassa rikollisuutta ihmisten sosiodemografisilla tekij\u00f6ill\u00e4. N\u00e4m\u00e4 tekij\u00e4t kuitenkin muuttuvat hitaasti ajassa eiv\u00e4tk\u00e4 ne kykene selitt\u00e4m\u00e4\u00e4n rikollisuudessa tapahtuvia lyhyen aikav\u00e4lin, vuoden sis\u00e4isi\u00e4 muutoksia. Kriminologiassa on pitk\u00e4\u00e4n keskusteltu s\u00e4\u00e4tilojen ja ilmaston v\u00e4lisest\u00e4 yhteydest\u00e4 rikollisuuteen, tarkemmin ottaen rikollisuuden kausivaihteluun. Tutkimuksissa tarkasteltuja s\u00e4\u00e4h\u00e4n liittyvi\u00e4 muuttujia ovat olleet [&hellip;]","og_url":"https:\/\/blogs.uef.fi\/oikeuttakohtuudella\/2017\/05\/24\/lumi-suli-ja-rikokset-lisaantyvat-millainen-yhteys-saalla-on-rikollisuuteen\/","og_site_name":"OIKEUTTA KOHTUUDELLA \u2013 THE BLOG OF UEF LAW SCHOOL","article_published_time":"2017-05-24T17:05:13+00:00","article_modified_time":"2025-07-25T09:34:50+00:00","og_image":[{"width":1535,"height":2126,"url":"https:\/\/blogs.uef.fi\/oikeuttakohtuudella\/wp-content\/uploads\/sites\/9\/2016\/09\/Sutela-Mika_13x18.jpg","type":"image\/jpeg"}],"author":"Oikeustieteet, UEF Law School","twitter_card":"summary_large_image","twitter_misc":{"Kirjoittanut":"Oikeustieteet, UEF Law School","Arvioitu lukuaika":"5 minuuttia"},"schema":{"@context":"https:\/\/schema.org","@graph":[{"@type":"Article","@id":"https:\/\/blogs.uef.fi\/oikeuttakohtuudella\/2017\/05\/24\/lumi-suli-ja-rikokset-lisaantyvat-millainen-yhteys-saalla-on-rikollisuuteen\/#article","isPartOf":{"@id":"https:\/\/blogs.uef.fi\/oikeuttakohtuudella\/2017\/05\/24\/lumi-suli-ja-rikokset-lisaantyvat-millainen-yhteys-saalla-on-rikollisuuteen\/"},"author":{"name":"Oikeustieteet, UEF Law School","@id":"https:\/\/blogs.uef.fi\/oikeuttakohtuudella\/#\/schema\/person\/f0ba4af088b920da8687e1ac1dd43455"},"headline":"Lumi suli ja rikokset lis\u00e4\u00e4ntyv\u00e4t \u2013 millainen yhteys s\u00e4\u00e4ll\u00e4 on rikollisuuteen?","datePublished":"2017-05-24T17:05:13+00:00","dateModified":"2025-07-25T09:34:50+00:00","mainEntityOfPage":{"@id":"https:\/\/blogs.uef.fi\/oikeuttakohtuudella\/2017\/05\/24\/lumi-suli-ja-rikokset-lisaantyvat-millainen-yhteys-saalla-on-rikollisuuteen\/"},"wordCount":907,"image":{"@id":"https:\/\/blogs.uef.fi\/oikeuttakohtuudella\/2017\/05\/24\/lumi-suli-ja-rikokset-lisaantyvat-millainen-yhteys-saalla-on-rikollisuuteen\/#primaryimage"},"thumbnailUrl":"https:\/\/blogs.uef.fi\/oikeuttakohtuudella\/wp-content\/uploads\/sites\/9\/2016\/09\/Sutela-Mika_13x18-217x300.jpg","keywords":["empiirinen tutkimus","ilmasto","kriminologia","rikollisuus","s\u00e4\u00e4","tilastotiede"],"articleSection":["Uncategorized"],"inLanguage":"fi"},{"@type":"WebPage","@id":"https:\/\/blogs.uef.fi\/oikeuttakohtuudella\/2017\/05\/24\/lumi-suli-ja-rikokset-lisaantyvat-millainen-yhteys-saalla-on-rikollisuuteen\/","url":"https:\/\/blogs.uef.fi\/oikeuttakohtuudella\/2017\/05\/24\/lumi-suli-ja-rikokset-lisaantyvat-millainen-yhteys-saalla-on-rikollisuuteen\/","name":"Lumi suli ja rikokset lis\u00e4\u00e4ntyv\u00e4t \u2013 millainen yhteys s\u00e4\u00e4ll\u00e4 on rikollisuuteen? - OIKEUTTA KOHTUUDELLA \u2013 THE BLOG OF UEF LAW SCHOOL","isPartOf":{"@id":"https:\/\/blogs.uef.fi\/oikeuttakohtuudella\/#website"},"primaryImageOfPage":{"@id":"https:\/\/blogs.uef.fi\/oikeuttakohtuudella\/2017\/05\/24\/lumi-suli-ja-rikokset-lisaantyvat-millainen-yhteys-saalla-on-rikollisuuteen\/#primaryimage"},"image":{"@id":"https:\/\/blogs.uef.fi\/oikeuttakohtuudella\/2017\/05\/24\/lumi-suli-ja-rikokset-lisaantyvat-millainen-yhteys-saalla-on-rikollisuuteen\/#primaryimage"},"thumbnailUrl":"https:\/\/blogs.uef.fi\/oikeuttakohtuudella\/wp-content\/uploads\/sites\/9\/2016\/09\/Sutela-Mika_13x18-217x300.jpg","datePublished":"2017-05-24T17:05:13+00:00","dateModified":"2025-07-25T09:34:50+00:00","author":{"@id":"https:\/\/blogs.uef.fi\/oikeuttakohtuudella\/#\/schema\/person\/f0ba4af088b920da8687e1ac1dd43455"},"breadcrumb":{"@id":"https:\/\/blogs.uef.fi\/oikeuttakohtuudella\/2017\/05\/24\/lumi-suli-ja-rikokset-lisaantyvat-millainen-yhteys-saalla-on-rikollisuuteen\/#breadcrumb"},"inLanguage":"fi","potentialAction":[{"@type":"ReadAction","target":["https:\/\/blogs.uef.fi\/oikeuttakohtuudella\/2017\/05\/24\/lumi-suli-ja-rikokset-lisaantyvat-millainen-yhteys-saalla-on-rikollisuuteen\/"]}]},{"@type":"ImageObject","inLanguage":"fi","@id":"https:\/\/blogs.uef.fi\/oikeuttakohtuudella\/2017\/05\/24\/lumi-suli-ja-rikokset-lisaantyvat-millainen-yhteys-saalla-on-rikollisuuteen\/#primaryimage","url":"https:\/\/blogs.uef.fi\/oikeuttakohtuudella\/wp-content\/uploads\/sites\/9\/2016\/09\/Sutela-Mika_13x18.jpg","contentUrl":"https:\/\/blogs.uef.fi\/oikeuttakohtuudella\/wp-content\/uploads\/sites\/9\/2016\/09\/Sutela-Mika_13x18.jpg","width":1535,"height":2126},{"@type":"BreadcrumbList","@id":"https:\/\/blogs.uef.fi\/oikeuttakohtuudella\/2017\/05\/24\/lumi-suli-ja-rikokset-lisaantyvat-millainen-yhteys-saalla-on-rikollisuuteen\/#breadcrumb","itemListElement":[{"@type":"ListItem","position":1,"name":"Home","item":"https:\/\/blogs.uef.fi\/oikeuttakohtuudella\/"},{"@type":"ListItem","position":2,"name":"Lumi suli ja rikokset lis\u00e4\u00e4ntyv\u00e4t \u2013 millainen yhteys s\u00e4\u00e4ll\u00e4 on rikollisuuteen?"}]},{"@type":"WebSite","@id":"https:\/\/blogs.uef.fi\/oikeuttakohtuudella\/#website","url":"https:\/\/blogs.uef.fi\/oikeuttakohtuudella\/","name":"OIKEUTTA KOHTUUDELLA \u2013 THE BLOG OF UEF LAW SCHOOL","description":"","potentialAction":[{"@type":"SearchAction","target":{"@type":"EntryPoint","urlTemplate":"https:\/\/blogs.uef.fi\/oikeuttakohtuudella\/?s={search_term_string}"},"query-input":{"@type":"PropertyValueSpecification","valueRequired":true,"valueName":"search_term_string"}}],"inLanguage":"fi"},{"@type":"Person","@id":"https:\/\/blogs.uef.fi\/oikeuttakohtuudella\/#\/schema\/person\/f0ba4af088b920da8687e1ac1dd43455","name":"Oikeustieteet, UEF Law School","image":{"@type":"ImageObject","inLanguage":"fi","@id":"https:\/\/secure.gravatar.com\/avatar\/46c6336c730cf4a8d906dd4fc5719468732f2f986a2b0e3be1a516cec3c3320a?s=96&r=g","url":"https:\/\/secure.gravatar.com\/avatar\/46c6336c730cf4a8d906dd4fc5719468732f2f986a2b0e3be1a516cec3c3320a?s=96&r=g","contentUrl":"https:\/\/secure.gravatar.com\/avatar\/46c6336c730cf4a8d906dd4fc5719468732f2f986a2b0e3be1a516cec3c3320a?s=96&r=g","caption":"Oikeustieteet, UEF Law School"},"url":"https:\/\/blogs.uef.fi\/oikeuttakohtuudella\/author\/oskkor\/"}]}},"_links":{"self":[{"href":"https:\/\/blogs.uef.fi\/oikeuttakohtuudella\/wp-json\/wp\/v2\/posts\/345","targetHints":{"allow":["GET"]}}],"collection":[{"href":"https:\/\/blogs.uef.fi\/oikeuttakohtuudella\/wp-json\/wp\/v2\/posts"}],"about":[{"href":"https:\/\/blogs.uef.fi\/oikeuttakohtuudella\/wp-json\/wp\/v2\/types\/post"}],"author":[{"embeddable":true,"href":"https:\/\/blogs.uef.fi\/oikeuttakohtuudella\/wp-json\/wp\/v2\/users\/47"}],"replies":[{"embeddable":true,"href":"https:\/\/blogs.uef.fi\/oikeuttakohtuudella\/wp-json\/wp\/v2\/comments?post=345"}],"version-history":[{"count":1,"href":"https:\/\/blogs.uef.fi\/oikeuttakohtuudella\/wp-json\/wp\/v2\/posts\/345\/revisions"}],"predecessor-version":[{"id":2880,"href":"https:\/\/blogs.uef.fi\/oikeuttakohtuudella\/wp-json\/wp\/v2\/posts\/345\/revisions\/2880"}],"wp:attachment":[{"href":"https:\/\/blogs.uef.fi\/oikeuttakohtuudella\/wp-json\/wp\/v2\/media?parent=345"}],"wp:term":[{"taxonomy":"category","embeddable":true,"href":"https:\/\/blogs.uef.fi\/oikeuttakohtuudella\/wp-json\/wp\/v2\/categories?post=345"},{"taxonomy":"post_tag","embeddable":true,"href":"https:\/\/blogs.uef.fi\/oikeuttakohtuudella\/wp-json\/wp\/v2\/tags?post=345"}],"curies":[{"name":"wp","href":"https:\/\/api.w.org\/{rel}","templated":true}]}}