{"id":311,"date":"2017-01-09T15:29:21","date_gmt":"2017-01-09T12:29:21","guid":{"rendered":"https:\/\/blogs.uef.fi\/oikeuttakohtuudella\/?p=311"},"modified":"2025-06-30T13:16:02","modified_gmt":"2025-06-30T11:16:02","slug":"digitaalinen-historiatieto-sailyy-jalkeesi-mutta-kuka-sita-hallinnoi","status":"publish","type":"post","link":"https:\/\/blogs.uef.fi\/oikeuttakohtuudella\/2017\/01\/09\/digitaalinen-historiatieto-sailyy-jalkeesi-mutta-kuka-sita-hallinnoi\/","title":{"rendered":"Digitaalinen historiatieto s\u00e4ilyy j\u00e4lkeesi \u2013 mutta kuka sit\u00e4 hallinnoi?"},"content":{"rendered":"\n<figure class=\"wp-block-image\"><a href=\"https:\/\/blogs.uef.fi\/oikeuttakohtuudella\/wp-content\/uploads\/sites\/9\/2017\/01\/denisgalkin_uusi.jpg\"><img loading=\"lazy\" decoding=\"async\" width=\"100\" height=\"130\" src=\"https:\/\/blogs.uef.fi\/oikeuttakohtuudella\/wp-content\/uploads\/sites\/9\/2017\/01\/denisgalkin_uusi.jpg\" alt=\"\" class=\"wp-image-349\" \/><\/a><\/figure>\n\n\n\n<figure class=\"wp-block-image\"><a href=\"https:\/\/blogs.uef.fi\/oikeuttakohtuudella\/wp-content\/uploads\/sites\/9\/2017\/01\/VoutilainenTomi.jpg\"><img loading=\"lazy\" decoding=\"async\" width=\"100\" height=\"130\" src=\"https:\/\/blogs.uef.fi\/oikeuttakohtuudella\/wp-content\/uploads\/sites\/9\/2017\/01\/VoutilainenTomi.jpg\" alt=\"\" class=\"wp-image-317\" \/><\/a><\/figure>\n\n\n\n<p><strong>Denis Galkin, Tomi Voutilainen<\/strong><\/p>\n\n\n\n<p><em>Galkin on projektitutkija ja Voutilainen julkisoikeuden professori (erityisesti s\u00e4hk\u00f6inen hallinto ja informaatio-oikeus) It\u00e4-Suomen yliopistossa.<\/em><\/p>\n\n\n\n<p><strong>K\u00c4YT\u00c4MME S\u00c4HK\u00d6POSTIA<\/strong>, pikaviestipalveluita ja sosiaalisen median palveluita p\u00e4ivitt\u00e4in. Tietoverkon k\u00e4yt\u00f6st\u00e4 syntyy jokaiseen meist\u00e4 yhdistett\u00e4viss\u00e4 olevia henkil\u00f6tietoja, joiden k\u00e4sittely on suojattu tietosuojalains\u00e4\u00e4d\u00e4nn\u00f6ss\u00e4. Tietosuojaan liittyv\u00e4t kysymykset kattavat kaiken tietoverkossa tapahtuvan tietojenk\u00e4sittelyn: Euroopan unionin tuomioistuimen tuoreessa ratkaisussa (C-582\/14, 19.10.2016) dynaamisen IP-osoitteenkin katsottiin voivan t\u00e4ytt\u00e4\u00e4 henkil\u00f6tiedon m\u00e4\u00e4ritelm\u00e4n.<\/p>\n\n\n\n<p><strong>SE, MIT\u00c4<\/strong> teemme tietoverkossa, on osa <em>digitaalista historiatietoamme<\/em>. Viime vuosien aikana on tehty erilaisia aloitteita digitaalisen historiatietomme s\u00e4ilytt\u00e4miseksi tulevaisuuden tarpeita varten erillisiss\u00e4 digitaalisen tiedon tallennuspalveluissa. Tietojemme tallentamiseen ja hy\u00f6dynt\u00e4miseen liittyy yksityisel\u00e4m\u00e4n suojaa koskevia perusoikeuskysymyksi\u00e4: miten t\u00e4llaisissa palveluissa toteutetaan henkil\u00f6tietojen, luottamuksellisen viestinn\u00e4n ja omaisuuden suoja? Tietoa kertyy paitsi meist\u00e4 itsest\u00e4mme, mutta my\u00f6s viestint\u00e4mme muista osapuolista: sukulaisista, ty\u00f6kavereista, yst\u00e4vist\u00e4 ja asiakkaista.<\/p>\n\n\n\n<p><strong>HISTORIATIETOJEN S\u00c4ILYTYSTARPEET<\/strong> ovat l\u00e4ht\u00f6kohtaisesti omiamme, mutta niille voi synty\u00e4 my\u00f6s muita k\u00e4ytt\u00f6tarpeita esimerkiksi tutkimustarkoituksessa. L\u00e4hetetyt ja vastaanotetut digitaaliset viestit osoittautuvat ulkopuolisesta tutkijasta mielenkiintoiseksi, jos viestien l\u00e4hett\u00e4j\u00e4 tai vastaanottaja on ammattinsa puolesta kiinnostava henkil\u00f6: esimerkiksi taiteilijoiden ja poliittisten p\u00e4\u00e4tt\u00e4jien kirjeenvaihto on aina ollut perinteisess\u00e4, paperisessa muodossaankin tutkijoiden kiinnostuksen kohteena. Niin ik\u00e4\u00e4n toimittajien ammatissa kertyy tietoaineistoa, josta voi olla iloa media- tai historiantutkijoille. My\u00f6s tutkijoille itselleen voi synty\u00e4 merkitt\u00e4vi\u00e4 digitaalisia tietoaineistoja tutkimuksen tekemisen yhteydess\u00e4, jotka vuorostaan kiinnostavat muita tutkijoita.<\/p>\n\n\n\n<p><strong>TYYPILLISESTI ULKOPUOLISTEN<\/strong> mielenkiinto kasvaa syntyneeseen historiatietoon, kun viestin l\u00e4hett\u00e4j\u00e4 tai vastaanottaja kuolee. Suomalaisessa s\u00e4\u00e4ntelyss\u00e4 ei ole selv\u00e4\u00e4, millaisia mahdollisuuksia sivullisilla on digitaalisiin historiatietoihin tai miss\u00e4 asemassa kuolleen henkil\u00f6n perilliset ovat digitaalisen j\u00e4\u00e4mist\u00f6n suhteen. Digitaaliseen j\u00e4\u00e4mist\u00f6varallisuuteen liittyvi\u00e4 kysymyksi\u00e4 selvitettiin muutama vuosi sitten, mutta mit\u00e4\u00e4n n\u00e4kyvi\u00e4 kest\u00e4v\u00e4ll\u00e4 pohjalla olevia toimenpiteit\u00e4 selvityksen pohjalta ei ole tehty, ainoastaan Viestint\u00e4viraston tulkinnanvarainen <a href=\"https:\/\/www.viestintavirasto.fi\/attachments\/Viestintaviraston_tulkinta_digitaalisen_jaamiston_kasittelysta.pdf\">kirje teleyrityksille<\/a>, joka sek\u00e4\u00e4n ei varsinaisesti perustunut selvityksen tuloksiin.<\/p>\n\n\n\n<p><strong>VAINAJAN ELINAIKANA<\/strong> syntyneiden viestint\u00e4tietojen luottamuksellisuudesta on k\u00e4yty jonkin verran keskustelua valiokunnissa tietoyhteiskuntakaaren (221\/2013) eduskuntak\u00e4sittelyn yhteydess\u00e4 (PeVL 18\/2014 vp ja LiVM 10\/2014 vp). Valiokunnissa kritisoitiin tietoyhteiskuntaakaaren hallituksen esityst\u00e4, jonka mukaan vainajan perillisten on katsottu tulevan yleisseuraannon perusteella vainajan henkil\u00f6kohtaisten s\u00e4hk\u00f6isten viestien osalta viestinn\u00e4n osapuoliksi vainajan sijaan. Perustuslakivaliokunta totesikin, ett\u00e4 olennaista on, ett\u00e4 vainajan viestint\u00e4\u00e4 koskevalla s\u00e4\u00e4ntelyll\u00e4 saattaa olla vaikutuksia my\u00f6s muiden henkil\u00f6iden yksityisel\u00e4m\u00e4n ja luottamuksellisen viestin salaisuuden suojan kannalta. Valiokunta piti perusteltuna, ett\u00e4 t\u00e4t\u00e4 kysymyst\u00e4 selvitet\u00e4\u00e4n jatkossa erikseen osana asian j\u00e4\u00e4mist\u00f6oikeudelliset erityispiirteet huomioon ottavaa kokonaisarviointia. Liikenne- ja viestint\u00e4valiokunta tyytyi puolestaan mietinn\u00f6ss\u00e4\u00e4n (LiVM 10\/2014 vp) kannustamaan henkil\u00f6n s\u00e4hk\u00f6isess\u00e4 muodossa olevan omaisuuden oikeudellisen aseman selvitt\u00e4miseen nykyisen oikeustilan selkeytt\u00e4miseksi. Parlamentaarisesta kannustuksesta huolimatta lainvalmistelusta vastaavat ministeri\u00f6t eiv\u00e4t ole saaneet n\u00e4kyvi\u00e4 tuloksia aikaan, vaikka digitalisaatio on nykyisenkin hallituksen yksi k\u00e4rkihankkeista.<\/p>\n\n\n\n<p><strong>K\u00c4YTT\u00c4ESS\u00c4MME ERILAISIA<\/strong> palveluita meid\u00e4n tulisi aina varmistaa, mihin ker\u00e4\u00e4mi\u00e4mme tietoja k\u00e4ytet\u00e4\u00e4n, kenell\u00e4 on oikeus k\u00e4ytt\u00e4\u00e4 ker\u00e4\u00e4mi\u00e4mme tietoja ja miten tiedoille k\u00e4y, jos palvelun tuottaminen loppuu tai k\u00e4ytt\u00e4j\u00e4 haluaa lopettaa palvelun k\u00e4yt\u00f6n. Verkkopalveluiden k\u00e4ytt\u00f6 perustuu usein joko k\u00e4ytt\u00f6ehtoihin tai sopimuksiin. K\u00e4ytt\u00e4j\u00e4n on muistettava, ett\u00e4 h\u00e4n on sitoutunut noudattamaan ehtoja \u2013 tiet\u00e4m\u00e4tt\u00f6myyteen ei voi my\u00f6hemmin vedota. Samanaikaisesti palveluntarjoajalle ehdot toimivat v\u00e4yl\u00e4n\u00e4 kertoa k\u00e4ytt\u00e4j\u00e4lle palvelun toiminnasta. K\u00e4ytt\u00f6ehdoilla palveluntarjoaja ei voi kuitenkaan toteuttaa laissa s\u00e4\u00e4detty\u00e4 velvollisuuttaan informoida k\u00e4ytt\u00e4j\u00e4\u00e4 t\u00e4m\u00e4n lainmukaisista oikeuksista.<\/p>\n\n\n\n<p><strong>K\u00c4YTT\u00c4J\u00c4N TULEE<\/strong> lis\u00e4ksi aina varmistaa, onko h\u00e4nell\u00e4 oikeus ker\u00e4t\u00e4 ja tallentaa tietoja toisista henkil\u00f6ist\u00e4 ja julkistaa niit\u00e4. Rajoittavatko my\u00f6s tekij\u00e4noikeudet tietojen ker\u00e4\u00e4mist\u00e4 ja hy\u00f6dynt\u00e4mist\u00e4 tietoverkossa? Erityisesti taloudelliselta tai historialliselta arvoltaan merkityksellisten tai arkaluonteisten tietoaineistojen osalta kannattaa my\u00f6s selvitt\u00e4\u00e4, miten niit\u00e4 p\u00e4\u00e4see k\u00e4sittelem\u00e4\u00e4n erilaisissa tiedontallennuspalveluissa sen j\u00e4lkeen, kun k\u00e4ytt\u00e4j\u00e4 kuolee, ja toisaalta, voiko k\u00e4ytt\u00e4j\u00e4 est\u00e4\u00e4 esimerkiksi arkaluonteisten tietojen luovuttamisen palvelusta h\u00e4nen omaisilleen kuolemansa j\u00e4lkeen.<\/p>\n\n\n\n<p><strong>KEHITETT\u00c4ESS\u00c4 YHTEISKUNTAAMME<\/strong> digitaalisten palveluiden varaan on oikeudellisen s\u00e4\u00e4ntelyn pysytt\u00e4v\u00e4 mukana kehityksess\u00e4. Tulkinnanvarainen tai vanhentunut s\u00e4\u00e4ntely voi johtaa siihen, ett\u00e4 erilaisia palveluinnovaatioita ei voida toteuttaa. Toisaalta kehitysty\u00f6ss\u00e4 on huomioitava perusoikeuksien toteuttaminen, vaikka s\u00e4\u00e4ntely\u00e4 kehitett\u00e4isiinkin digitalisaatiota ajopuuna k\u00e4ytt\u00e4m\u00e4ll\u00e4.<\/p>\n\n\n\n<p><i>Kirjoittajat ovat laatineet <a href=\"http:\/\/www.theseus.fi\/handle\/10024\/121274\">selvityksen<\/a><\/i><i> Mikkelin ammattikorkeakoulun Digitalia-hankkeelle<\/i><i> Kansalaisarkistoon liittyvist\u00e4<\/i><i> oikeuksista ja velvollisuuksista.<br><\/i><\/p>\n","protected":false},"excerpt":{"rendered":"<p>Denis Galkin, Tomi Voutilainen Galkin on projektitutkija ja Voutilainen julkisoikeuden professori (erityisesti s\u00e4hk\u00f6inen hallinto ja informaatio-oikeus) It\u00e4-Suomen yliopistossa. K\u00c4YT\u00c4MME S\u00c4HK\u00d6POSTIA, pikaviestipalveluita ja sosiaalisen median palveluita p\u00e4ivitt\u00e4in. Tietoverkon k\u00e4yt\u00f6st\u00e4 syntyy jokaiseen meist\u00e4 yhdistett\u00e4viss\u00e4 olevia henkil\u00f6tietoja, joiden k\u00e4sittely on suojattu tietosuojalains\u00e4\u00e4d\u00e4nn\u00f6ss\u00e4. Tietosuojaan liittyv\u00e4t kysymykset kattavat kaiken tietoverkossa tapahtuvan tietojenk\u00e4sittelyn: Euroopan unionin tuomioistuimen tuoreessa ratkaisussa (C-582\/14, 19.10.2016) dynaamisen [&hellip;]<\/p>\n","protected":false},"author":47,"featured_media":0,"comment_status":"closed","ping_status":"closed","sticky":false,"template":"","format":"standard","meta":{"_acf_changed":false,"footnotes":""},"categories":[1],"tags":[175,179,183,185,195,177,181,197,193,187,189,191],"class_list":["post-311","post","type-post","status-publish","format-standard","hentry","category-uncategorized","tag-digitaalinen-historiatieto","tag-digitalia","tag-digitalisaatio","tag-henkilotieto","tag-henkilotietojen-suoja","tag-mikkelin-ammattikorkeakoulu","tag-pilvipalvelu","tag-teletieto","tag-tietosuoja","tag-tietoturvallisuus","tag-viestinta","tag-yksityisyyden-suoja"],"acf":[],"yoast_head":"<!-- This site is optimized with the Yoast SEO plugin v27.3 - https:\/\/yoast.com\/product\/yoast-seo-wordpress\/ -->\n<title>Digitaalinen historiatieto s\u00e4ilyy j\u00e4lkeesi \u2013 mutta kuka sit\u00e4 hallinnoi? - OIKEUTTA KOHTUUDELLA \u2013 THE BLOG OF UEF LAW SCHOOL<\/title>\n<meta name=\"robots\" content=\"index, follow, max-snippet:-1, max-image-preview:large, max-video-preview:-1\" \/>\n<link rel=\"canonical\" href=\"https:\/\/blogs.uef.fi\/oikeuttakohtuudella\/2017\/01\/09\/digitaalinen-historiatieto-sailyy-jalkeesi-mutta-kuka-sita-hallinnoi\/\" \/>\n<meta property=\"og:locale\" content=\"fi_FI\" \/>\n<meta property=\"og:type\" content=\"article\" \/>\n<meta property=\"og:title\" content=\"Digitaalinen historiatieto s\u00e4ilyy j\u00e4lkeesi \u2013 mutta kuka sit\u00e4 hallinnoi? - OIKEUTTA KOHTUUDELLA \u2013 THE BLOG OF UEF LAW SCHOOL\" \/>\n<meta property=\"og:description\" content=\"Denis Galkin, Tomi Voutilainen Galkin on projektitutkija ja Voutilainen julkisoikeuden professori (erityisesti s\u00e4hk\u00f6inen hallinto ja informaatio-oikeus) It\u00e4-Suomen yliopistossa. K\u00c4YT\u00c4MME S\u00c4HK\u00d6POSTIA, pikaviestipalveluita ja sosiaalisen median palveluita p\u00e4ivitt\u00e4in. Tietoverkon k\u00e4yt\u00f6st\u00e4 syntyy jokaiseen meist\u00e4 yhdistett\u00e4viss\u00e4 olevia henkil\u00f6tietoja, joiden k\u00e4sittely on suojattu tietosuojalains\u00e4\u00e4d\u00e4nn\u00f6ss\u00e4. Tietosuojaan liittyv\u00e4t kysymykset kattavat kaiken tietoverkossa tapahtuvan tietojenk\u00e4sittelyn: Euroopan unionin tuomioistuimen tuoreessa ratkaisussa (C-582\/14, 19.10.2016) dynaamisen [&hellip;]\" \/>\n<meta property=\"og:url\" content=\"https:\/\/blogs.uef.fi\/oikeuttakohtuudella\/2017\/01\/09\/digitaalinen-historiatieto-sailyy-jalkeesi-mutta-kuka-sita-hallinnoi\/\" \/>\n<meta property=\"og:site_name\" content=\"OIKEUTTA KOHTUUDELLA \u2013 THE BLOG OF UEF LAW SCHOOL\" \/>\n<meta property=\"article:published_time\" content=\"2017-01-09T12:29:21+00:00\" \/>\n<meta property=\"article:modified_time\" content=\"2025-06-30T11:16:02+00:00\" \/>\n<meta property=\"og:image\" content=\"https:\/\/blogs.uef.fi\/oikeuttakohtuudella\/wp-content\/uploads\/sites\/9\/2017\/01\/denisgalkin_uusi.jpg\" \/>\n\t<meta property=\"og:image:width\" content=\"100\" \/>\n\t<meta property=\"og:image:height\" content=\"130\" \/>\n\t<meta property=\"og:image:type\" content=\"image\/jpeg\" \/>\n<meta name=\"author\" content=\"Oikeustieteet, UEF Law School\" \/>\n<meta name=\"twitter:card\" content=\"summary_large_image\" \/>\n<meta name=\"twitter:label1\" content=\"Kirjoittanut\" \/>\n\t<meta name=\"twitter:data1\" content=\"Oikeustieteet, UEF Law School\" \/>\n\t<meta name=\"twitter:label2\" content=\"Arvioitu lukuaika\" \/>\n\t<meta name=\"twitter:data2\" content=\"4 minuuttia\" \/>\n<script type=\"application\/ld+json\" class=\"yoast-schema-graph\">{\"@context\":\"https:\\\/\\\/schema.org\",\"@graph\":[{\"@type\":\"Article\",\"@id\":\"https:\\\/\\\/blogs.uef.fi\\\/oikeuttakohtuudella\\\/2017\\\/01\\\/09\\\/digitaalinen-historiatieto-sailyy-jalkeesi-mutta-kuka-sita-hallinnoi\\\/#article\",\"isPartOf\":{\"@id\":\"https:\\\/\\\/blogs.uef.fi\\\/oikeuttakohtuudella\\\/2017\\\/01\\\/09\\\/digitaalinen-historiatieto-sailyy-jalkeesi-mutta-kuka-sita-hallinnoi\\\/\"},\"author\":{\"name\":\"Oikeustieteet, UEF Law School\",\"@id\":\"https:\\\/\\\/blogs.uef.fi\\\/oikeuttakohtuudella\\\/#\\\/schema\\\/person\\\/f0ba4af088b920da8687e1ac1dd43455\"},\"headline\":\"Digitaalinen historiatieto s\u00e4ilyy j\u00e4lkeesi \u2013 mutta kuka sit\u00e4 hallinnoi?\",\"datePublished\":\"2017-01-09T12:29:21+00:00\",\"dateModified\":\"2025-06-30T11:16:02+00:00\",\"mainEntityOfPage\":{\"@id\":\"https:\\\/\\\/blogs.uef.fi\\\/oikeuttakohtuudella\\\/2017\\\/01\\\/09\\\/digitaalinen-historiatieto-sailyy-jalkeesi-mutta-kuka-sita-hallinnoi\\\/\"},\"wordCount\":743,\"image\":{\"@id\":\"https:\\\/\\\/blogs.uef.fi\\\/oikeuttakohtuudella\\\/2017\\\/01\\\/09\\\/digitaalinen-historiatieto-sailyy-jalkeesi-mutta-kuka-sita-hallinnoi\\\/#primaryimage\"},\"thumbnailUrl\":\"https:\\\/\\\/blogs.uef.fi\\\/oikeuttakohtuudella\\\/wp-content\\\/uploads\\\/sites\\\/9\\\/2017\\\/01\\\/denisgalkin_uusi.jpg\",\"keywords\":[\"digitaalinen historiatieto\",\"digitalia\",\"digitalisaatio\",\"henkil\u00f6tieto\",\"henkil\u00f6tietojen suoja\",\"mikkelin ammattikorkeakoulu\",\"pilvipalvelu\",\"teletieto\",\"tietosuoja\",\"tietoturvallisuus\",\"viestint\u00e4\",\"yksityisyyden suoja\"],\"articleSection\":[\"Uncategorized\"],\"inLanguage\":\"fi\"},{\"@type\":\"WebPage\",\"@id\":\"https:\\\/\\\/blogs.uef.fi\\\/oikeuttakohtuudella\\\/2017\\\/01\\\/09\\\/digitaalinen-historiatieto-sailyy-jalkeesi-mutta-kuka-sita-hallinnoi\\\/\",\"url\":\"https:\\\/\\\/blogs.uef.fi\\\/oikeuttakohtuudella\\\/2017\\\/01\\\/09\\\/digitaalinen-historiatieto-sailyy-jalkeesi-mutta-kuka-sita-hallinnoi\\\/\",\"name\":\"Digitaalinen historiatieto s\u00e4ilyy j\u00e4lkeesi \u2013 mutta kuka sit\u00e4 hallinnoi? - OIKEUTTA KOHTUUDELLA \u2013 THE BLOG OF UEF LAW SCHOOL\",\"isPartOf\":{\"@id\":\"https:\\\/\\\/blogs.uef.fi\\\/oikeuttakohtuudella\\\/#website\"},\"primaryImageOfPage\":{\"@id\":\"https:\\\/\\\/blogs.uef.fi\\\/oikeuttakohtuudella\\\/2017\\\/01\\\/09\\\/digitaalinen-historiatieto-sailyy-jalkeesi-mutta-kuka-sita-hallinnoi\\\/#primaryimage\"},\"image\":{\"@id\":\"https:\\\/\\\/blogs.uef.fi\\\/oikeuttakohtuudella\\\/2017\\\/01\\\/09\\\/digitaalinen-historiatieto-sailyy-jalkeesi-mutta-kuka-sita-hallinnoi\\\/#primaryimage\"},\"thumbnailUrl\":\"https:\\\/\\\/blogs.uef.fi\\\/oikeuttakohtuudella\\\/wp-content\\\/uploads\\\/sites\\\/9\\\/2017\\\/01\\\/denisgalkin_uusi.jpg\",\"datePublished\":\"2017-01-09T12:29:21+00:00\",\"dateModified\":\"2025-06-30T11:16:02+00:00\",\"author\":{\"@id\":\"https:\\\/\\\/blogs.uef.fi\\\/oikeuttakohtuudella\\\/#\\\/schema\\\/person\\\/f0ba4af088b920da8687e1ac1dd43455\"},\"breadcrumb\":{\"@id\":\"https:\\\/\\\/blogs.uef.fi\\\/oikeuttakohtuudella\\\/2017\\\/01\\\/09\\\/digitaalinen-historiatieto-sailyy-jalkeesi-mutta-kuka-sita-hallinnoi\\\/#breadcrumb\"},\"inLanguage\":\"fi\",\"potentialAction\":[{\"@type\":\"ReadAction\",\"target\":[\"https:\\\/\\\/blogs.uef.fi\\\/oikeuttakohtuudella\\\/2017\\\/01\\\/09\\\/digitaalinen-historiatieto-sailyy-jalkeesi-mutta-kuka-sita-hallinnoi\\\/\"]}]},{\"@type\":\"ImageObject\",\"inLanguage\":\"fi\",\"@id\":\"https:\\\/\\\/blogs.uef.fi\\\/oikeuttakohtuudella\\\/2017\\\/01\\\/09\\\/digitaalinen-historiatieto-sailyy-jalkeesi-mutta-kuka-sita-hallinnoi\\\/#primaryimage\",\"url\":\"https:\\\/\\\/blogs.uef.fi\\\/oikeuttakohtuudella\\\/wp-content\\\/uploads\\\/sites\\\/9\\\/2017\\\/01\\\/denisgalkin_uusi.jpg\",\"contentUrl\":\"https:\\\/\\\/blogs.uef.fi\\\/oikeuttakohtuudella\\\/wp-content\\\/uploads\\\/sites\\\/9\\\/2017\\\/01\\\/denisgalkin_uusi.jpg\",\"width\":100,\"height\":130},{\"@type\":\"BreadcrumbList\",\"@id\":\"https:\\\/\\\/blogs.uef.fi\\\/oikeuttakohtuudella\\\/2017\\\/01\\\/09\\\/digitaalinen-historiatieto-sailyy-jalkeesi-mutta-kuka-sita-hallinnoi\\\/#breadcrumb\",\"itemListElement\":[{\"@type\":\"ListItem\",\"position\":1,\"name\":\"Home\",\"item\":\"https:\\\/\\\/blogs.uef.fi\\\/oikeuttakohtuudella\\\/\"},{\"@type\":\"ListItem\",\"position\":2,\"name\":\"Digitaalinen historiatieto s\u00e4ilyy j\u00e4lkeesi \u2013 mutta kuka sit\u00e4 hallinnoi?\"}]},{\"@type\":\"WebSite\",\"@id\":\"https:\\\/\\\/blogs.uef.fi\\\/oikeuttakohtuudella\\\/#website\",\"url\":\"https:\\\/\\\/blogs.uef.fi\\\/oikeuttakohtuudella\\\/\",\"name\":\"OIKEUTTA KOHTUUDELLA \u2013 THE BLOG OF UEF LAW SCHOOL\",\"description\":\"\",\"potentialAction\":[{\"@type\":\"SearchAction\",\"target\":{\"@type\":\"EntryPoint\",\"urlTemplate\":\"https:\\\/\\\/blogs.uef.fi\\\/oikeuttakohtuudella\\\/?s={search_term_string}\"},\"query-input\":{\"@type\":\"PropertyValueSpecification\",\"valueRequired\":true,\"valueName\":\"search_term_string\"}}],\"inLanguage\":\"fi\"},{\"@type\":\"Person\",\"@id\":\"https:\\\/\\\/blogs.uef.fi\\\/oikeuttakohtuudella\\\/#\\\/schema\\\/person\\\/f0ba4af088b920da8687e1ac1dd43455\",\"name\":\"Oikeustieteet, UEF Law School\",\"image\":{\"@type\":\"ImageObject\",\"inLanguage\":\"fi\",\"@id\":\"https:\\\/\\\/secure.gravatar.com\\\/avatar\\\/46c6336c730cf4a8d906dd4fc5719468732f2f986a2b0e3be1a516cec3c3320a?s=96&r=g\",\"url\":\"https:\\\/\\\/secure.gravatar.com\\\/avatar\\\/46c6336c730cf4a8d906dd4fc5719468732f2f986a2b0e3be1a516cec3c3320a?s=96&r=g\",\"contentUrl\":\"https:\\\/\\\/secure.gravatar.com\\\/avatar\\\/46c6336c730cf4a8d906dd4fc5719468732f2f986a2b0e3be1a516cec3c3320a?s=96&r=g\",\"caption\":\"Oikeustieteet, UEF Law School\"},\"url\":\"https:\\\/\\\/blogs.uef.fi\\\/oikeuttakohtuudella\\\/author\\\/oskkor\\\/\"}]}<\/script>\n<!-- \/ Yoast SEO plugin. -->","yoast_head_json":{"title":"Digitaalinen historiatieto s\u00e4ilyy j\u00e4lkeesi \u2013 mutta kuka sit\u00e4 hallinnoi? - OIKEUTTA KOHTUUDELLA \u2013 THE BLOG OF UEF LAW SCHOOL","robots":{"index":"index","follow":"follow","max-snippet":"max-snippet:-1","max-image-preview":"max-image-preview:large","max-video-preview":"max-video-preview:-1"},"canonical":"https:\/\/blogs.uef.fi\/oikeuttakohtuudella\/2017\/01\/09\/digitaalinen-historiatieto-sailyy-jalkeesi-mutta-kuka-sita-hallinnoi\/","og_locale":"fi_FI","og_type":"article","og_title":"Digitaalinen historiatieto s\u00e4ilyy j\u00e4lkeesi \u2013 mutta kuka sit\u00e4 hallinnoi? - OIKEUTTA KOHTUUDELLA \u2013 THE BLOG OF UEF LAW SCHOOL","og_description":"Denis Galkin, Tomi Voutilainen Galkin on projektitutkija ja Voutilainen julkisoikeuden professori (erityisesti s\u00e4hk\u00f6inen hallinto ja informaatio-oikeus) It\u00e4-Suomen yliopistossa. K\u00c4YT\u00c4MME S\u00c4HK\u00d6POSTIA, pikaviestipalveluita ja sosiaalisen median palveluita p\u00e4ivitt\u00e4in. Tietoverkon k\u00e4yt\u00f6st\u00e4 syntyy jokaiseen meist\u00e4 yhdistett\u00e4viss\u00e4 olevia henkil\u00f6tietoja, joiden k\u00e4sittely on suojattu tietosuojalains\u00e4\u00e4d\u00e4nn\u00f6ss\u00e4. Tietosuojaan liittyv\u00e4t kysymykset kattavat kaiken tietoverkossa tapahtuvan tietojenk\u00e4sittelyn: Euroopan unionin tuomioistuimen tuoreessa ratkaisussa (C-582\/14, 19.10.2016) dynaamisen [&hellip;]","og_url":"https:\/\/blogs.uef.fi\/oikeuttakohtuudella\/2017\/01\/09\/digitaalinen-historiatieto-sailyy-jalkeesi-mutta-kuka-sita-hallinnoi\/","og_site_name":"OIKEUTTA KOHTUUDELLA \u2013 THE BLOG OF UEF LAW SCHOOL","article_published_time":"2017-01-09T12:29:21+00:00","article_modified_time":"2025-06-30T11:16:02+00:00","og_image":[{"width":100,"height":130,"url":"https:\/\/blogs.uef.fi\/oikeuttakohtuudella\/wp-content\/uploads\/sites\/9\/2017\/01\/denisgalkin_uusi.jpg","type":"image\/jpeg"}],"author":"Oikeustieteet, UEF Law School","twitter_card":"summary_large_image","twitter_misc":{"Kirjoittanut":"Oikeustieteet, UEF Law School","Arvioitu lukuaika":"4 minuuttia"},"schema":{"@context":"https:\/\/schema.org","@graph":[{"@type":"Article","@id":"https:\/\/blogs.uef.fi\/oikeuttakohtuudella\/2017\/01\/09\/digitaalinen-historiatieto-sailyy-jalkeesi-mutta-kuka-sita-hallinnoi\/#article","isPartOf":{"@id":"https:\/\/blogs.uef.fi\/oikeuttakohtuudella\/2017\/01\/09\/digitaalinen-historiatieto-sailyy-jalkeesi-mutta-kuka-sita-hallinnoi\/"},"author":{"name":"Oikeustieteet, UEF Law School","@id":"https:\/\/blogs.uef.fi\/oikeuttakohtuudella\/#\/schema\/person\/f0ba4af088b920da8687e1ac1dd43455"},"headline":"Digitaalinen historiatieto s\u00e4ilyy j\u00e4lkeesi \u2013 mutta kuka sit\u00e4 hallinnoi?","datePublished":"2017-01-09T12:29:21+00:00","dateModified":"2025-06-30T11:16:02+00:00","mainEntityOfPage":{"@id":"https:\/\/blogs.uef.fi\/oikeuttakohtuudella\/2017\/01\/09\/digitaalinen-historiatieto-sailyy-jalkeesi-mutta-kuka-sita-hallinnoi\/"},"wordCount":743,"image":{"@id":"https:\/\/blogs.uef.fi\/oikeuttakohtuudella\/2017\/01\/09\/digitaalinen-historiatieto-sailyy-jalkeesi-mutta-kuka-sita-hallinnoi\/#primaryimage"},"thumbnailUrl":"https:\/\/blogs.uef.fi\/oikeuttakohtuudella\/wp-content\/uploads\/sites\/9\/2017\/01\/denisgalkin_uusi.jpg","keywords":["digitaalinen historiatieto","digitalia","digitalisaatio","henkil\u00f6tieto","henkil\u00f6tietojen suoja","mikkelin ammattikorkeakoulu","pilvipalvelu","teletieto","tietosuoja","tietoturvallisuus","viestint\u00e4","yksityisyyden suoja"],"articleSection":["Uncategorized"],"inLanguage":"fi"},{"@type":"WebPage","@id":"https:\/\/blogs.uef.fi\/oikeuttakohtuudella\/2017\/01\/09\/digitaalinen-historiatieto-sailyy-jalkeesi-mutta-kuka-sita-hallinnoi\/","url":"https:\/\/blogs.uef.fi\/oikeuttakohtuudella\/2017\/01\/09\/digitaalinen-historiatieto-sailyy-jalkeesi-mutta-kuka-sita-hallinnoi\/","name":"Digitaalinen historiatieto s\u00e4ilyy j\u00e4lkeesi \u2013 mutta kuka sit\u00e4 hallinnoi? - OIKEUTTA KOHTUUDELLA \u2013 THE BLOG OF UEF LAW SCHOOL","isPartOf":{"@id":"https:\/\/blogs.uef.fi\/oikeuttakohtuudella\/#website"},"primaryImageOfPage":{"@id":"https:\/\/blogs.uef.fi\/oikeuttakohtuudella\/2017\/01\/09\/digitaalinen-historiatieto-sailyy-jalkeesi-mutta-kuka-sita-hallinnoi\/#primaryimage"},"image":{"@id":"https:\/\/blogs.uef.fi\/oikeuttakohtuudella\/2017\/01\/09\/digitaalinen-historiatieto-sailyy-jalkeesi-mutta-kuka-sita-hallinnoi\/#primaryimage"},"thumbnailUrl":"https:\/\/blogs.uef.fi\/oikeuttakohtuudella\/wp-content\/uploads\/sites\/9\/2017\/01\/denisgalkin_uusi.jpg","datePublished":"2017-01-09T12:29:21+00:00","dateModified":"2025-06-30T11:16:02+00:00","author":{"@id":"https:\/\/blogs.uef.fi\/oikeuttakohtuudella\/#\/schema\/person\/f0ba4af088b920da8687e1ac1dd43455"},"breadcrumb":{"@id":"https:\/\/blogs.uef.fi\/oikeuttakohtuudella\/2017\/01\/09\/digitaalinen-historiatieto-sailyy-jalkeesi-mutta-kuka-sita-hallinnoi\/#breadcrumb"},"inLanguage":"fi","potentialAction":[{"@type":"ReadAction","target":["https:\/\/blogs.uef.fi\/oikeuttakohtuudella\/2017\/01\/09\/digitaalinen-historiatieto-sailyy-jalkeesi-mutta-kuka-sita-hallinnoi\/"]}]},{"@type":"ImageObject","inLanguage":"fi","@id":"https:\/\/blogs.uef.fi\/oikeuttakohtuudella\/2017\/01\/09\/digitaalinen-historiatieto-sailyy-jalkeesi-mutta-kuka-sita-hallinnoi\/#primaryimage","url":"https:\/\/blogs.uef.fi\/oikeuttakohtuudella\/wp-content\/uploads\/sites\/9\/2017\/01\/denisgalkin_uusi.jpg","contentUrl":"https:\/\/blogs.uef.fi\/oikeuttakohtuudella\/wp-content\/uploads\/sites\/9\/2017\/01\/denisgalkin_uusi.jpg","width":100,"height":130},{"@type":"BreadcrumbList","@id":"https:\/\/blogs.uef.fi\/oikeuttakohtuudella\/2017\/01\/09\/digitaalinen-historiatieto-sailyy-jalkeesi-mutta-kuka-sita-hallinnoi\/#breadcrumb","itemListElement":[{"@type":"ListItem","position":1,"name":"Home","item":"https:\/\/blogs.uef.fi\/oikeuttakohtuudella\/"},{"@type":"ListItem","position":2,"name":"Digitaalinen historiatieto s\u00e4ilyy j\u00e4lkeesi \u2013 mutta kuka sit\u00e4 hallinnoi?"}]},{"@type":"WebSite","@id":"https:\/\/blogs.uef.fi\/oikeuttakohtuudella\/#website","url":"https:\/\/blogs.uef.fi\/oikeuttakohtuudella\/","name":"OIKEUTTA KOHTUUDELLA \u2013 THE BLOG OF UEF LAW SCHOOL","description":"","potentialAction":[{"@type":"SearchAction","target":{"@type":"EntryPoint","urlTemplate":"https:\/\/blogs.uef.fi\/oikeuttakohtuudella\/?s={search_term_string}"},"query-input":{"@type":"PropertyValueSpecification","valueRequired":true,"valueName":"search_term_string"}}],"inLanguage":"fi"},{"@type":"Person","@id":"https:\/\/blogs.uef.fi\/oikeuttakohtuudella\/#\/schema\/person\/f0ba4af088b920da8687e1ac1dd43455","name":"Oikeustieteet, UEF Law School","image":{"@type":"ImageObject","inLanguage":"fi","@id":"https:\/\/secure.gravatar.com\/avatar\/46c6336c730cf4a8d906dd4fc5719468732f2f986a2b0e3be1a516cec3c3320a?s=96&r=g","url":"https:\/\/secure.gravatar.com\/avatar\/46c6336c730cf4a8d906dd4fc5719468732f2f986a2b0e3be1a516cec3c3320a?s=96&r=g","contentUrl":"https:\/\/secure.gravatar.com\/avatar\/46c6336c730cf4a8d906dd4fc5719468732f2f986a2b0e3be1a516cec3c3320a?s=96&r=g","caption":"Oikeustieteet, UEF Law School"},"url":"https:\/\/blogs.uef.fi\/oikeuttakohtuudella\/author\/oskkor\/"}]}},"_links":{"self":[{"href":"https:\/\/blogs.uef.fi\/oikeuttakohtuudella\/wp-json\/wp\/v2\/posts\/311","targetHints":{"allow":["GET"]}}],"collection":[{"href":"https:\/\/blogs.uef.fi\/oikeuttakohtuudella\/wp-json\/wp\/v2\/posts"}],"about":[{"href":"https:\/\/blogs.uef.fi\/oikeuttakohtuudella\/wp-json\/wp\/v2\/types\/post"}],"author":[{"embeddable":true,"href":"https:\/\/blogs.uef.fi\/oikeuttakohtuudella\/wp-json\/wp\/v2\/users\/47"}],"replies":[{"embeddable":true,"href":"https:\/\/blogs.uef.fi\/oikeuttakohtuudella\/wp-json\/wp\/v2\/comments?post=311"}],"version-history":[{"count":2,"href":"https:\/\/blogs.uef.fi\/oikeuttakohtuudella\/wp-json\/wp\/v2\/posts\/311\/revisions"}],"predecessor-version":[{"id":2863,"href":"https:\/\/blogs.uef.fi\/oikeuttakohtuudella\/wp-json\/wp\/v2\/posts\/311\/revisions\/2863"}],"wp:attachment":[{"href":"https:\/\/blogs.uef.fi\/oikeuttakohtuudella\/wp-json\/wp\/v2\/media?parent=311"}],"wp:term":[{"taxonomy":"category","embeddable":true,"href":"https:\/\/blogs.uef.fi\/oikeuttakohtuudella\/wp-json\/wp\/v2\/categories?post=311"},{"taxonomy":"post_tag","embeddable":true,"href":"https:\/\/blogs.uef.fi\/oikeuttakohtuudella\/wp-json\/wp\/v2\/tags?post=311"}],"curies":[{"name":"wp","href":"https:\/\/api.w.org\/{rel}","templated":true}]}}