{"id":2800,"date":"2025-03-19T10:09:09","date_gmt":"2025-03-19T08:09:09","guid":{"rendered":"https:\/\/blogs.uef.fi\/oikeuttakohtuudella\/?p=2800"},"modified":"2025-03-19T10:09:10","modified_gmt":"2025-03-19T08:09:10","slug":"vaitostilaisuuden-jarjestelyt","status":"publish","type":"post","link":"https:\/\/blogs.uef.fi\/oikeuttakohtuudella\/2025\/03\/19\/vaitostilaisuuden-jarjestelyt\/","title":{"rendered":"V\u00e4it\u00f6sp\u00e4iv\u00e4n valmistelu \u2013 oikeustieteilij\u00e4st\u00e4 \u201dh\u00e4\u00e4suunnittelijaksi\u201d\u00a0"},"content":{"rendered":"\n<p><strong>Jussi Karkkulainen<\/strong>\u00a0<\/p>\n\n\n\n<p>Karkkulainen on rikos- ja prosessioikeuden yliopistonlehtori It\u00e4-Suomen yliopiston oikeustieteiden laitoksella.&nbsp;<\/p>\n\n\n\n<p>Rikosoikeuden alaan kuuluva v\u00e4it\u00f6skirjani <a href=\"https:\/\/erepo.uef.fi\/items\/20a8b6be-1b8d-4c66-9836-0178372173d0\" target=\"_blank\" rel=\"noreferrer noopener\">Tavoitetahallisuus \u2013 Junamatka rikostunnusmerkist\u00f6n olosuhteiden tahtomiseen<\/a> tarkastettiin julkisesti 25.10.2024. Vajaa kuukausi sen j\u00e4lkeen valmistuin oikeustieteen tohtoriksi. T\u00e4ss\u00e4 kirjoituksessa kerron kokemuksiani valmistautumisesta tohtoriopinnot huipentavaan v\u00e4it\u00f6stilaisuuteen.&nbsp;<\/p>\n\n\n\n<figure class=\"wp-block-image size-full\"><a href=\"https:\/\/blogs.uef.fi\/oikeuttakohtuudella\/wp-content\/uploads\/sites\/9\/2025\/03\/image.jpeg\"><img loading=\"lazy\" decoding=\"async\" width=\"940\" height=\"705\" src=\"https:\/\/blogs.uef.fi\/oikeuttakohtuudella\/wp-content\/uploads\/sites\/9\/2025\/03\/image.jpeg\" alt=\"\" class=\"wp-image-2801\" srcset=\"https:\/\/blogs.uef.fi\/oikeuttakohtuudella\/wp-content\/uploads\/sites\/9\/2025\/03\/image.jpeg 940w, https:\/\/blogs.uef.fi\/oikeuttakohtuudella\/wp-content\/uploads\/sites\/9\/2025\/03\/image-768x576.jpeg 768w\" sizes=\"auto, (max-width: 940px) 100vw, 940px\" \/><\/a><\/figure>\n\n\n\n<p>kuva: Inka K\u00e4m\u00e4r\u00e4inen&nbsp;<\/p>\n\n\n\n<p><strong>Kun v\u00e4ittelylupa on my\u00f6nnetty, voi huokaista helpotuksesta?<\/strong>&nbsp;<\/p>\n\n\n\n<p>J\u00e4tin v\u00e4it\u00f6skirjak\u00e4sikirjoitukseni esitarkastukseen 10.4.2024. P\u00e4iv\u00e4 oli aurinkoinen ja oloni kevyt, kun olin saattanut pitk\u00e4j\u00e4nteisen ty\u00f6n tuloksen seuraavaan vaiheeseen. Tiesin, ett\u00e4 esitarkastus tulisi todenn\u00e4k\u00f6isesti kest\u00e4m\u00e4\u00e4n kes\u00e4n yli, joten p\u00e4\u00e4sin j\u00e4tt\u00e4m\u00e4\u00e4n v\u00e4it\u00f6skirjaty\u00f6n pitk\u00e4st\u00e4 aikaa taka-alalle. Toisaalta v\u00e4it\u00f6skirjan esitarkastus oli my\u00f6s j\u00e4nnitt\u00e4v\u00e4\u00e4 odotuksen aikaa, koska v\u00e4it\u00f6skirjan kokonaisuus oli ensimm\u00e4ist\u00e4 kertaa kotiyliopiston ulkopuolisten asiantuntijoiden arvioitavana.&nbsp;&nbsp;<\/p>\n\n\n\n<p>Ensimm\u00e4inen esitarkastuslausunnoista saapui 26.7. ja toinen 6.8. Lausunnot olivat puoltavia, joten sain v\u00e4ittelyluvan heti seuraavana p\u00e4iv\u00e4n\u00e4. T\u00e4ss\u00e4 vaiheessa pystyin jo iloitsemaan siit\u00e4, ett\u00e4 v\u00e4it\u00f6stilaisuus tulisi toteutumaan ennemmin tai my\u00f6hemmin. V\u00e4ittelyluvan saamisen j\u00e4lkeen en voinut kuitenkaan huokaista helpotuksesta, koska edess\u00e4 olivat todella kiireiset viikot. Kalenteri t\u00e4yttyi yht\u00e4kki\u00e4 erilaisista pienist\u00e4, mutta yll\u00e4tt\u00e4v\u00e4n aikaa vievist\u00e4 k\u00e4yt\u00e4nn\u00f6n asioista. Ne muistuttivat h\u00e4\u00e4suunnittelijan tai tapahtumatuottajan ty\u00f6teht\u00e4vi\u00e4, joista minulla ei ollut aikaisempaa kokemusta.&nbsp;<\/p>\n\n\n\n<p><strong>Aikataulujen sopiminen ja yhteydenpito vastav\u00e4itt\u00e4j\u00e4\u00e4n<\/strong>&nbsp;<\/p>\n\n\n\n<p>Kiireisin k\u00e4yt\u00e4nn\u00f6n asia, joka t\u00e4ytyi hoitaa, oli v\u00e4it\u00f6stilaisuuden ajankohdan sopiminen arvoisan vastav\u00e4itt\u00e4j\u00e4ni, dosentti, oikeusneuvos <strong>Jussi Tapanin<\/strong>, arvoisan kustoksen, emeritusprofessori <strong>Matti Tolvasen<\/strong> ja toisen ohjaajani, apulaisprofessori <strong>Heikki Kallion<\/strong> kanssa. Kun sopiva v\u00e4it\u00f6sp\u00e4iv\u00e4 oli l\u00f6ytynyt, p\u00e4\u00e4sin varaamaan v\u00e4it\u00f6ssalia yhdess\u00e4 koulutussihteerimme kanssa. Koska tiesin tarvitsevani v\u00e4it\u00f6stilaisuudessa pianoa, vapaana ollut Carelia-rakennuksen sali C2 oli minulle mieleinen vaihtoehto. Salin varaamisen yhteydess\u00e4 oli t\u00e4rke\u00e4\u00e4 muistaa varata my\u00f6s aulatila v\u00e4it\u00f6ksen j\u00e4lkeist\u00e4 kahvitusta varten.\u00a0<\/p>\n\n\n\n<p>V\u00e4it\u00f6stilaisuuden ajankohdan sopimisen j\u00e4lkeen tiedustelin hyv\u00e4n tavan mukaisesti vastav\u00e4itt\u00e4j\u00e4lt\u00e4ni, voinko alkaa valmistella karonkkaa. Samalla sovimme v\u00e4it\u00f6stilaisuuden pukukoodista ja siit\u00e4, mink\u00e4laista valmistautumistilaa h\u00e4n tarvitsisi ennen tilaisuutta. Lis\u00e4ksi tiedustelin, onko h\u00e4nell\u00e4 puolisoa, jolle voisin l\u00e4hett\u00e4\u00e4 kukkia v\u00e4it\u00f6sp\u00e4iv\u00e4\u00e4 seuraavana aamuna. Olin kuullut aiemmin t\u00e4st\u00e4 vanhasta perinteest\u00e4 ja halusin noudattaa sit\u00e4. Kukkien l\u00e4hett\u00e4minen ei kuitenkaan ole nyky\u00e4\u00e4n kovin yleist\u00e4, ja osa puolestaan l\u00e4hett\u00e4\u00e4 kukat jo v\u00e4it\u00f6sp\u00e4iv\u00e4n\u00e4. Kukkal\u00e4hetyksen tilaaminen oli yll\u00e4tt\u00e4v\u00e4nkin yksinkertaista, ja sain my\u00f6hemmin tiedon, ett\u00e4 kukat olivat tulleet perille sovitusti ja kimppu oli ollut kaunis.&nbsp;<\/p>\n\n\n\n<p><strong>Kahvituksen ja karonkkapaikan sopiminen<\/strong>&nbsp;<\/p>\n\n\n\n<p>V\u00e4it\u00f6sp\u00e4iv\u00e4 on juhlap\u00e4iv\u00e4, ja juhliin kuuluu olennaisena osana ruoka. V\u00e4it\u00f6svalmistelun yksi keskeisimmist\u00e4 osista olikin v\u00e4it\u00f6skahvitusta ja karonkkapaikkaa koskevien tarjousten pyyt\u00e4minen ja mieluisimpien vaihtoehtojen valitseminen. Kahvitustarjouksen pyysin l\u00e4himm\u00e4st\u00e4 kampusravintolasta, josta sain luettelon mahdollisista kahvileivist\u00e4 ja muista yksityiskohdista. Karonkkapaikaksi valitsin Joensuun Rosson, jossa oli tarjolla hyv\u00e4lt\u00e4 kuulostava buffetmenu \u00e4\u00e4nieristettyyn ja yksityiseen Rosita-juhlatilaan. Karonkkapaikan kanssa oli t\u00e4rke\u00e4\u00e4 sopia muun muassa menun yksityiskohdista, erityisruokavalioista, illan aikataulusta ja juomien kaatamisesta. Kun karonkkapaikka oli sovittu, p\u00e4\u00e4sin laatimaan kutsun v\u00e4it\u00f6stilaisuuteeni ja tilanteen niin salliessa arvoisan vastav\u00e4itt\u00e4j\u00e4ni kunniaksi j\u00e4rjestett\u00e4v\u00e4\u00e4n karonkkaan.&nbsp;<\/p>\n\n\n\n<figure class=\"wp-block-image size-full\"><a href=\"https:\/\/blogs.uef.fi\/oikeuttakohtuudella\/wp-content\/uploads\/sites\/9\/2025\/03\/image-2.jpeg\"><img loading=\"lazy\" decoding=\"async\" width=\"968\" height=\"596\" src=\"https:\/\/blogs.uef.fi\/oikeuttakohtuudella\/wp-content\/uploads\/sites\/9\/2025\/03\/image-2.jpeg\" alt=\"\" class=\"wp-image-2803\" srcset=\"https:\/\/blogs.uef.fi\/oikeuttakohtuudella\/wp-content\/uploads\/sites\/9\/2025\/03\/image-2.jpeg 968w, https:\/\/blogs.uef.fi\/oikeuttakohtuudella\/wp-content\/uploads\/sites\/9\/2025\/03\/image-2-768x473.jpeg 768w\" sizes=\"auto, (max-width: 968px) 100vw, 968px\" \/><\/a><\/figure>\n\n\n\n<p>kuva: Inka K\u00e4m\u00e4r\u00e4inen&nbsp;<\/p>\n\n\n\n<p><strong>V\u00e4it\u00f6skirjan viimeistely, taitto ja painatus<\/strong>&nbsp;<\/p>\n\n\n\n<p>V\u00e4it\u00f6ksen ajankohdan ja paikan selvitty\u00e4 sain viel\u00e4 tutkimuksesta vastaavan varadekaanin p\u00e4\u00e4t\u00f6ksen v\u00e4it\u00f6stilaisuudesta. Sen j\u00e4lkeen tein julkaisusopimuksen v\u00e4it\u00f6skirjani julkaisemiseksi tiedekunnan julkaisusarjassa, ja pyysin yliopiston kirjastoa hankkimaan teokselle ISBN-numerot. Tein v\u00e4it\u00f6skirjaani viel\u00e4 pieni\u00e4 muokkauksia ja tarkan oikoluvun, kunnes tein tilauksen PunaMustalta. Yhteisty\u00f6 painotalon kanssa sujui nopeasti ja helposti, mutta taittovedosten tarkistamiseen kului yll\u00e4tt\u00e4v\u00e4n paljon aikaa. Vedosten huolellinen tarkistaminen oli t\u00e4rke\u00e4\u00e4, jotta tekstiin tai sen asetteluihin ei j\u00e4isi virheit\u00e4, jotka harmittaisivat my\u00f6hemmin. Kun olin hyv\u00e4ksynyt lopulta kolmannen taittovedoksen ja antanut painoluvan, valmiit v\u00e4it\u00f6skirjat saapuivat kotiovelleni muutamassa p\u00e4iv\u00e4ss\u00e4. N\u00e4in teos saatiin hyviss\u00e4 ajoin esille yliopiston kirjastoon ja p\u00e4\u00e4sin l\u00e4hett\u00e4m\u00e4\u00e4n ja jakamaan kirjoja ty\u00f6kavereille, tuttaville ja erilaisille yhteisty\u00f6kumppaneille.&nbsp;<\/p>\n\n\n\n<figure class=\"wp-block-image size-full\"><a href=\"https:\/\/blogs.uef.fi\/oikeuttakohtuudella\/wp-content\/uploads\/sites\/9\/2025\/03\/image-3.jpeg\"><img loading=\"lazy\" decoding=\"async\" width=\"721\" height=\"734\" src=\"https:\/\/blogs.uef.fi\/oikeuttakohtuudella\/wp-content\/uploads\/sites\/9\/2025\/03\/image-3.jpeg\" alt=\"\" class=\"wp-image-2804\" \/><\/a><\/figure>\n\n\n\n<p>kuva: Inka K\u00e4m\u00e4r\u00e4inen&nbsp;<\/p>\n\n\n\n<p><strong>Frakin mets\u00e4stys<\/strong>&nbsp;<\/p>\n\n\n\n<p>Kun pukukoodista oli sovittu hyviss\u00e4 ajoin vastav\u00e4itt\u00e4j\u00e4n ja kustoksen kanssa, minun t\u00e4ytyi viel\u00e4 l\u00f6yt\u00e4\u00e4 frakki v\u00e4it\u00f6sp\u00e4iv\u00e4\u00e4 varten. Melko nopeasti k\u00e4vi ilmi, ettei Joensuusta l\u00f6ytynyt vuokrattavia tai ostettavia frakkeja. Jonkin aikaa etsitty\u00e4ni l\u00f6ysin kuitenkin Espoosta vuokrausk\u00e4yt\u00f6st\u00e4 poistetun k\u00e4ytetyn frakin ja lis\u00e4ksi er\u00e4\u00e4st\u00e4 verkkokaupasta k\u00e4ytetyn mustan liivin, jota v\u00e4it\u00f6stilaisuudessa tarvitaan. K\u00e4yt\u00f6st\u00e4 poistetun, mutta kuitenkin siistin ja k\u00e4ytt\u00f6kelpoisen asun ostaminen oli ekologinen ja edullinen vaihtoehto. Frakki sattui olemaan my\u00f6s oikean kokoinen antamieni mittojen perusteella, vaikka frakkia olisi ehdottomasti suositeltavaa sovittaa etuk\u00e4teen. Pukuliikkeen myyj\u00e4 oli suorastaan j\u00e4rkyttynyt, kun kerroin puhelimessa, ett\u00e4 haluaisin ostaa frakin postitse sovittamatta.&nbsp;<\/p>\n\n\n\n<p><strong>V\u00e4it\u00f6skuva, tiedottaminen ja mediayhteisty\u00f6<\/strong>&nbsp;<\/p>\n\n\n\n<p>Jotta pitk\u00e4n ty\u00f6n tuloksena valmistunut v\u00e4it\u00f6skirja saisi lukijoita ja v\u00e4it\u00f6stilaisuus yleis\u00f6\u00e4, v\u00e4it\u00f6ksest\u00e4 on t\u00e4rke\u00e4\u00e4 tiedottaa yhteisty\u00f6ss\u00e4 yliopiston viestinn\u00e4n asiantuntijoiden kanssa. Ensimm\u00e4isen\u00e4 julkaistiin <a href=\"https:\/\/www.uef.fi\/fi\/tapahtuma\/vaitos-otm-jussi-karkkulainen-oikeustieteet-joensuu\" target=\"_blank\" rel=\"noreferrer noopener\">tapahtumailmoitus<\/a>, jota varten sain et\u00e4osallistumislinkin striimauksesta vastanneelta opetusavustajalta. T\u00e4m\u00e4n j\u00e4lkeen t\u00e4ytin v\u00e4it\u00f6stietolomakkeen, jonka pohjalta viestinn\u00e4n asiantuntija laati virallisen tiedotteen. Ennen tiedotteen julkaisemista k\u00e4vin yliopiston kustantamassa v\u00e4it\u00f6skuvauksessa, johon halusin menn\u00e4 vasta frakin saatuani.&nbsp;&nbsp;&nbsp;<\/p>\n\n\n\n<p>Kun tiedote ja v\u00e4it\u00f6skuva olivat valmiina, tiedote julkaistiin <a href=\"https:\/\/www.uef.fi\/fi\/artikkeli\/otm-jussi-karkkulainen-vaitos-25102024-rikosoikeudellista-tahallisuussaantelya-tulisi-tarkentaa\" target=\"_blank\" rel=\"noreferrer noopener\">yliopiston sivuilla<\/a> ja muun muassa Edilexiss\u00e4. Tiedote v\u00e4litettiin my\u00f6s uutismedioille, joista muun muassa Karjalainen, Iltalehti ja Koti-Karjala halusivat my\u00f6s haastatella minua. My\u00f6s mediayhteisty\u00f6h\u00f6n ja omien somejulkaisujeni tekemiseen kului yll\u00e4tt\u00e4v\u00e4n paljon aikaa, mutta tiedeviestint\u00e4 on osa tutkijan ty\u00f6t\u00e4.&nbsp;<\/p>\n\n\n\n<p><strong>Harjoittelu v\u00e4it\u00f6ssalissa ja v\u00e4it\u00f6st\u00e4 edelt\u00e4v\u00e4 p\u00e4iv\u00e4<\/strong>&nbsp;<\/p>\n\n\n\n<p>V\u00e4it\u00f6stilaisuuden alkajaisesitelm\u00e4 eli lectio praecursoria poikkeaa monista muista viestint\u00e4tilanteista siten, ett\u00e4 puhe luetaan suoraan paperista. T\u00e4llaisen puheen pit\u00e4minen oli itselleni uutta, koska yleens\u00e4 puhun ulkomuistista luentodiojen tai muiden muistiinpanojen pohjalta. K\u00e4vin syksyn aikana harjoittelemassa v\u00e4it\u00f6ssalissa nelj\u00e4 kertaa. N\u00e4in sain testattua, mink\u00e4lainen akustiikka salissa on ja milt\u00e4 puhuminen juuri kyseisen salin puhujanp\u00f6nt\u00f6ss\u00e4 tuntuu. Jokainen sali on hieman erilainen, ja my\u00f6s puhujanp\u00f6nt\u00f6n mittasuhteet vaikuttavat siihen, kuinka helppoa ja miellytt\u00e4v\u00e4\u00e4 puhetta on pit\u00e4\u00e4. Kun puhetta on harjoitellut v\u00e4it\u00f6ssalissa muutaman kerran, v\u00e4it\u00f6stilaisuuden alkaessa on itsevarma olo.&nbsp;&nbsp;<\/p>\n\n\n\n<p>Jokaisen harjoituskerran j\u00e4lkeen tein muutoksia valmistelemaani lectioon, koska jotkin sanat tai lauseet eiv\u00e4t tuntuneet toimivilta puhuttaessa. V\u00e4it\u00f6stilaisuuden l\u00e4hestyess\u00e4 my\u00f6s tiivistin lectiota jatkuvasti, jotta se ei olisi ohjeellista 20 minuuttia pidempi. Lectio tuli lopullisesti valmiiksi v\u00e4it\u00f6st\u00e4 edelt\u00e4v\u00e4n\u00e4 p\u00e4iv\u00e4n\u00e4, jolloin tulostin tekstin isofonttisena. Teippasin kaikki sivut yhteen, jotta v\u00e4lttyisin ik\u00e4vilt\u00e4 sivujen maahan tippumisilta v\u00e4it\u00f6stilaisuudessa. Samalla tavalla olin tottunut teippaamaan nuotteja esimerkiksi soittaessani viulua sinfoniaorkesterissa. Minulle oli my\u00f6s t\u00e4rke\u00e4\u00e4 kokeilla, onko salin piano vireess\u00e4 ja toimintakunnossa. Pianotuoli oli varsin nariseva, joten p\u00e4\u00e4tin, ett\u00e4 toisin saliin v\u00e4it\u00f6stilaisuuden ajaksi kuolleiden isovanhempieni pianotuolin.&nbsp;<\/p>\n\n\n\n<figure class=\"wp-block-image size-full\"><a href=\"https:\/\/blogs.uef.fi\/oikeuttakohtuudella\/wp-content\/uploads\/sites\/9\/2025\/03\/image-1.jpeg\"><img loading=\"lazy\" decoding=\"async\" width=\"668\" height=\"641\" src=\"https:\/\/blogs.uef.fi\/oikeuttakohtuudella\/wp-content\/uploads\/sites\/9\/2025\/03\/image-1.jpeg\" alt=\"\" class=\"wp-image-2802\" \/><\/a><\/figure>\n\n\n\n<p>kuva: Inka K\u00e4m\u00e4r\u00e4inen&nbsp;<\/p>\n\n\n\n<p>V\u00e4it\u00f6stilaisuutta edelt\u00e4v\u00e4n\u00e4 kahtena p\u00e4iv\u00e4n\u00e4 keskustelin silloisen akateemisen rehtorin <strong>Tapio M\u00e4\u00e4t\u00e4n<\/strong> ja tiedekuntamme tutkimuksesta vastaavan varadekaanin <strong>Tommi Laukkasen<\/strong> kanssa v\u00e4it\u00f6skirjastani ja tulevaisuudensuunnitelmistani. Lis\u00e4ksi kalenterini t\u00e4yttyi mediahaastatteluista ja pienempien k\u00e4yt\u00e4nn\u00f6n asioiden hoitamisesta. V\u00e4it\u00f6sp\u00e4iv\u00e4\u00e4 edelt\u00e4v\u00e4n\u00e4 iltana k\u00e4vimme mukavalla illallisella vastav\u00e4itt\u00e4j\u00e4ni ja ohjaajieni kanssa.\u00a0\u00a0<\/p>\n\n\n\n<p><strong>Omann\u00e4k\u00f6inen juhlap\u00e4iv\u00e4<\/strong>&nbsp;<\/p>\n\n\n\n<p>Halusin, ett\u00e4 v\u00e4it\u00f6sp\u00e4iv\u00e4ni ei olisi vain tieteen, vaan my\u00f6s taiteen, luovuuden ja urheilun juhlap\u00e4iv\u00e4. N\u00e4in p\u00e4iv\u00e4ss\u00e4 olisi l\u00e4sn\u00e4 minulle t\u00e4rkeit\u00e4 inspiraation l\u00e4hteit\u00e4. Lauloin v\u00e4it\u00f6stilaisuudessa s\u00e4velt\u00e4m\u00e4ni aarian, joka kertoo v\u00e4it\u00f6skirjani aiheesta. Tilaisuus pidettiin kuvassa olevan Rossignolin suksimallin mukaisessa salissa C2. V\u00e4it\u00f6stilaisuudessa keskusteltiin muun muassa luovan ajattelun roolista rikosoikeudellisessa tutkimusty\u00f6ss\u00e4ni. My\u00f6s karonkassa pyrin viihdytt\u00e4m\u00e4\u00e4n osallistujia esimerkiksi kanteleensoitolla, oopperaesityksell\u00e4, tietovisalla, rivoilla kansanrunoilla ja h\u00e4\u00e4juhlista tutuilla salateht\u00e4vill\u00e4. P\u00e4iv\u00e4n p\u00e4\u00e4tteeksi sainkin kuulla, ett\u00e4 olen kuin sipuli, josta kuoriutuu joka tapaamiskerralla uusia yll\u00e4tt\u00e4vi\u00e4 kerroksia.&nbsp;&nbsp;<\/p>\n\n\n\n<figure class=\"wp-block-image size-full\"><a href=\"https:\/\/blogs.uef.fi\/oikeuttakohtuudella\/wp-content\/uploads\/sites\/9\/2025\/03\/image-4.jpeg\"><img loading=\"lazy\" decoding=\"async\" width=\"923\" height=\"967\" src=\"https:\/\/blogs.uef.fi\/oikeuttakohtuudella\/wp-content\/uploads\/sites\/9\/2025\/03\/image-4.jpeg\" alt=\"\" class=\"wp-image-2805\" srcset=\"https:\/\/blogs.uef.fi\/oikeuttakohtuudella\/wp-content\/uploads\/sites\/9\/2025\/03\/image-4.jpeg 923w, https:\/\/blogs.uef.fi\/oikeuttakohtuudella\/wp-content\/uploads\/sites\/9\/2025\/03\/image-4-768x805.jpeg 768w\" sizes=\"auto, (max-width: 923px) 100vw, 923px\" \/><\/a><\/figure>\n\n\n\n<p>kuva: Inka K\u00e4m\u00e4r\u00e4inen&nbsp;<\/p>\n\n\n\n<p>V\u00e4it\u00f6sp\u00e4iv\u00e4st\u00e4 kannattaakin tehd\u00e4 omann\u00e4k\u00f6inen. Minulle oli t\u00e4rke\u00e4\u00e4 esimerkiksi karonkan alkoholittomuus \u2013 olen absolutisti ja halusin n\u00e4ytt\u00e4\u00e4 esimerkki\u00e4 siit\u00e4, ett\u00e4 hauskaa voi pit\u00e4\u00e4 ilman alkoholiakin. Halusin juhlap\u00e4iv\u00e4st\u00e4 my\u00f6s monipuolisen ja ohjelmant\u00e4yteisen, koska olen lapsesta asti tottunut h\u00e4\u00e4r\u00e4\u00e4m\u00e4\u00e4n juhlissa erilaisten soittimien kanssa. Mik\u00e4li v\u00e4ittelij\u00e4 ei halua laulaa karonkassa oopperaa ja juhlassa on v\u00e4hemm\u00e4n show-elementtej\u00e4, aikaa j\u00e4\u00e4 enemm\u00e4n vapaamuotoiselle keskustelulle. V\u00e4it\u00f6stilaisuuden ja etenkin karonkan voi j\u00e4rjest\u00e4\u00e4 my\u00f6s hyvin pienen\u00e4 tilaisuutena, varsinkin jos ei ty\u00f6skentele yliopistolla. Minulle oli t\u00e4rke\u00e4\u00e4 kutsua karonkkaan noin 20 ty\u00f6yhteis\u00f6n j\u00e4sent\u00e4, joiden kanssa olin tehnyt eniten yhteisty\u00f6t\u00e4. Karonkan voi j\u00e4rjest\u00e4\u00e4 my\u00f6s ep\u00e4muodollisena illallisena vastav\u00e4itt\u00e4j\u00e4n, kustoksen ja ohjaajien kanssa.&nbsp;&nbsp;<\/p>\n\n\n\n<p>V\u00e4it\u00f6sp\u00e4iv\u00e4 kannattaa suunnitella huolellisesti etuk\u00e4teen ja valmistella my\u00f6s karonkkapuhe. Listasin v\u00e4it\u00f6sp\u00e4iv\u00e4n\u00e4 ja kahtena edelt\u00e4v\u00e4n\u00e4 p\u00e4iv\u00e4n\u00e4 hoidettavat hommat ja aikataulut yhdelle A4-paperille. Se auttoi muistamaan kaikki yksityiskohdat, kuten kahvituksen maksamisen, vastav\u00e4itt\u00e4j\u00e4n ja ohjaajien lahjat sek\u00e4 v\u00e4it\u00f6skirjan luovuttamisen yl\u00e4koulun luokanvalvojalleni v\u00e4it\u00f6saamuna. V\u00e4it\u00f6svalmistelut tekiv\u00e4t syksyst\u00e4ni kiireisen, koska \u201dh\u00e4\u00e4suunnittelijan\u201d hommat tulivat rytin\u00e4ll\u00e4 kaikkien muiden ty\u00f6teht\u00e4vieni rinnalle. Vaikka v\u00e4it\u00f6stilaisuuden valmisteluihin liittyviin k\u00e4yt\u00e4nn\u00f6n asioihin kului paljon aikaa ja voimavaroja, vaivann\u00e4k\u00f6 ei mennyt miss\u00e4\u00e4n nimess\u00e4 hukkaan.&nbsp;&nbsp;<\/p>\n\n\n\n<p>Suurimpana huolenaiheenani oli, pysyisink\u00f6 terveen\u00e4 syksyn flunssakauden keskell\u00e4 ja saisinko siten toteutettua v\u00e4it\u00f6sp\u00e4iv\u00e4n suunnittelemallani tavalla lauluesityksi\u00e4 my\u00f6ten. P\u00e4iv\u00e4st\u00e4 tuli kuitenkin onnistunut ja sain nauttia siit\u00e4 terveen\u00e4. Haluan viel\u00e4 kiitt\u00e4\u00e4 kaikkia, jotka osallistuivat tai vaikuttivat v\u00e4it\u00f6smatkaani tavalla tai toisella. Seuraavaksi odotan kes\u00e4kuun promootiota, jossa minun ei tarvitse vain katsella muiden tohtorinhattuja, vaan p\u00e4\u00e4sen k\u00e4ytt\u00e4m\u00e4\u00e4n ensimm\u00e4ist\u00e4 kertaa omaa punaista hattuani.&nbsp;<\/p>\n\n\n\n<figure class=\"wp-block-image size-full\"><a href=\"https:\/\/blogs.uef.fi\/oikeuttakohtuudella\/wp-content\/uploads\/sites\/9\/2025\/03\/image-5.jpeg\"><img loading=\"lazy\" decoding=\"async\" width=\"761\" height=\"769\" src=\"https:\/\/blogs.uef.fi\/oikeuttakohtuudella\/wp-content\/uploads\/sites\/9\/2025\/03\/image-5.jpeg\" alt=\"\" class=\"wp-image-2806\" \/><\/a><\/figure>\n\n\n\n<p>kuva: Reima Kukkonen&nbsp;<\/p>\n\n\n\n<p><\/p>\n","protected":false},"excerpt":{"rendered":"<p>Jussi Karkkulainen\u00a0 Karkkulainen on rikos- ja prosessioikeuden yliopistonlehtori It\u00e4-Suomen yliopiston oikeustieteiden laitoksella.&nbsp; Rikosoikeuden alaan kuuluva v\u00e4it\u00f6skirjani Tavoitetahallisuus \u2013 Junamatka rikostunnusmerkist\u00f6n olosuhteiden tahtomiseen tarkastettiin julkisesti 25.10.2024. Vajaa kuukausi sen j\u00e4lkeen valmistuin oikeustieteen tohtoriksi. T\u00e4ss\u00e4 kirjoituksessa kerron kokemuksiani valmistautumisesta tohtoriopinnot huipentavaan v\u00e4it\u00f6stilaisuuteen.&nbsp; kuva: Inka K\u00e4m\u00e4r\u00e4inen&nbsp; Kun v\u00e4ittelylupa on my\u00f6nnetty, voi huokaista helpotuksesta?&nbsp; J\u00e4tin v\u00e4it\u00f6skirjak\u00e4sikirjoitukseni esitarkastukseen 10.4.2024. P\u00e4iv\u00e4 [&hellip;]<\/p>\n","protected":false},"author":616,"featured_media":0,"comment_status":"closed","ping_status":"closed","sticky":false,"template":"","format":"standard","meta":{"_acf_changed":false,"footnotes":""},"categories":[1],"tags":[833,830,831,832],"class_list":["post-2800","post","type-post","status-publish","format-standard","hentry","category-uncategorized","tag-karonkka","tag-vaitoskirja","tag-vaitostilaisuus","tag-vaitosvalmistelut"],"acf":[],"yoast_head":"<!-- This site is optimized with the Yoast SEO plugin v27.3 - https:\/\/yoast.com\/product\/yoast-seo-wordpress\/ -->\n<title>V\u00e4it\u00f6sp\u00e4iv\u00e4n valmistelu \u2013 oikeustieteilij\u00e4st\u00e4 \u201dh\u00e4\u00e4suunnittelijaksi\u201d\u00a0 - OIKEUTTA KOHTUUDELLA \u2013 THE BLOG OF UEF LAW SCHOOL<\/title>\n<meta name=\"description\" content=\"Tohtoriopinnot huipentavan v\u00e4it\u00f6sp\u00e4iv\u00e4n j\u00e4rjestelyt voivat yll\u00e4tt\u00e4\u00e4, mutta ovat vaivan v\u00e4\u00e4rti. OTT Jussi Karkkulainen jakaa vinkit onnistuneeseen p\u00e4iv\u00e4\u00e4n!\" \/>\n<meta name=\"robots\" content=\"index, follow, max-snippet:-1, max-image-preview:large, max-video-preview:-1\" \/>\n<link rel=\"canonical\" href=\"https:\/\/blogs.uef.fi\/oikeuttakohtuudella\/2025\/03\/19\/vaitostilaisuuden-jarjestelyt\/\" \/>\n<meta property=\"og:locale\" content=\"fi_FI\" \/>\n<meta property=\"og:type\" content=\"article\" \/>\n<meta property=\"og:title\" content=\"V\u00e4it\u00f6sp\u00e4iv\u00e4n valmistelu \u2013 oikeustieteilij\u00e4st\u00e4 \u201dh\u00e4\u00e4suunnittelijaksi\u201d\u00a0 - OIKEUTTA KOHTUUDELLA \u2013 THE BLOG OF UEF LAW SCHOOL\" \/>\n<meta property=\"og:description\" content=\"Tohtoriopinnot huipentavan v\u00e4it\u00f6sp\u00e4iv\u00e4n j\u00e4rjestelyt voivat yll\u00e4tt\u00e4\u00e4, mutta ovat vaivan v\u00e4\u00e4rti. OTT Jussi Karkkulainen jakaa vinkit onnistuneeseen p\u00e4iv\u00e4\u00e4n!\" \/>\n<meta property=\"og:url\" content=\"https:\/\/blogs.uef.fi\/oikeuttakohtuudella\/2025\/03\/19\/vaitostilaisuuden-jarjestelyt\/\" \/>\n<meta property=\"og:site_name\" content=\"OIKEUTTA KOHTUUDELLA \u2013 THE BLOG OF UEF LAW SCHOOL\" \/>\n<meta property=\"article:published_time\" content=\"2025-03-19T08:09:09+00:00\" \/>\n<meta property=\"article:modified_time\" content=\"2025-03-19T08:09:10+00:00\" \/>\n<meta property=\"og:image\" content=\"https:\/\/blogs.uef.fi\/oikeuttakohtuudella\/wp-content\/uploads\/sites\/9\/2025\/03\/image.jpeg\" \/>\n\t<meta property=\"og:image:width\" content=\"940\" \/>\n\t<meta property=\"og:image:height\" content=\"705\" \/>\n\t<meta property=\"og:image:type\" content=\"image\/jpeg\" \/>\n<meta name=\"author\" content=\"inkamara\" \/>\n<meta name=\"twitter:card\" content=\"summary_large_image\" \/>\n<meta name=\"twitter:label1\" content=\"Kirjoittanut\" \/>\n\t<meta name=\"twitter:data1\" content=\"inkamara\" \/>\n\t<meta name=\"twitter:label2\" content=\"Arvioitu lukuaika\" \/>\n\t<meta name=\"twitter:data2\" content=\"9 minuuttia\" \/>\n<script type=\"application\/ld+json\" class=\"yoast-schema-graph\">{\"@context\":\"https:\\\/\\\/schema.org\",\"@graph\":[{\"@type\":\"Article\",\"@id\":\"https:\\\/\\\/blogs.uef.fi\\\/oikeuttakohtuudella\\\/2025\\\/03\\\/19\\\/vaitostilaisuuden-jarjestelyt\\\/#article\",\"isPartOf\":{\"@id\":\"https:\\\/\\\/blogs.uef.fi\\\/oikeuttakohtuudella\\\/2025\\\/03\\\/19\\\/vaitostilaisuuden-jarjestelyt\\\/\"},\"author\":{\"name\":\"inkamara\",\"@id\":\"https:\\\/\\\/blogs.uef.fi\\\/oikeuttakohtuudella\\\/#\\\/schema\\\/person\\\/32527591a8685a276dcfde3faf31d3f8\"},\"headline\":\"V\u00e4it\u00f6sp\u00e4iv\u00e4n valmistelu \u2013 oikeustieteilij\u00e4st\u00e4 \u201dh\u00e4\u00e4suunnittelijaksi\u201d\u00a0\",\"datePublished\":\"2025-03-19T08:09:09+00:00\",\"dateModified\":\"2025-03-19T08:09:10+00:00\",\"mainEntityOfPage\":{\"@id\":\"https:\\\/\\\/blogs.uef.fi\\\/oikeuttakohtuudella\\\/2025\\\/03\\\/19\\\/vaitostilaisuuden-jarjestelyt\\\/\"},\"wordCount\":1731,\"image\":{\"@id\":\"https:\\\/\\\/blogs.uef.fi\\\/oikeuttakohtuudella\\\/2025\\\/03\\\/19\\\/vaitostilaisuuden-jarjestelyt\\\/#primaryimage\"},\"thumbnailUrl\":\"https:\\\/\\\/blogs.uef.fi\\\/oikeuttakohtuudella\\\/wp-content\\\/uploads\\\/sites\\\/9\\\/2025\\\/03\\\/image.jpeg\",\"keywords\":[\"karonkka\",\"v\u00e4it\u00f6skirja\",\"v\u00e4it\u00f6stilaisuus\",\"v\u00e4it\u00f6svalmistelut\"],\"articleSection\":[\"Uncategorized\"],\"inLanguage\":\"fi\"},{\"@type\":\"WebPage\",\"@id\":\"https:\\\/\\\/blogs.uef.fi\\\/oikeuttakohtuudella\\\/2025\\\/03\\\/19\\\/vaitostilaisuuden-jarjestelyt\\\/\",\"url\":\"https:\\\/\\\/blogs.uef.fi\\\/oikeuttakohtuudella\\\/2025\\\/03\\\/19\\\/vaitostilaisuuden-jarjestelyt\\\/\",\"name\":\"V\u00e4it\u00f6sp\u00e4iv\u00e4n valmistelu \u2013 oikeustieteilij\u00e4st\u00e4 \u201dh\u00e4\u00e4suunnittelijaksi\u201d\u00a0 - OIKEUTTA KOHTUUDELLA \u2013 THE BLOG OF UEF LAW SCHOOL\",\"isPartOf\":{\"@id\":\"https:\\\/\\\/blogs.uef.fi\\\/oikeuttakohtuudella\\\/#website\"},\"primaryImageOfPage\":{\"@id\":\"https:\\\/\\\/blogs.uef.fi\\\/oikeuttakohtuudella\\\/2025\\\/03\\\/19\\\/vaitostilaisuuden-jarjestelyt\\\/#primaryimage\"},\"image\":{\"@id\":\"https:\\\/\\\/blogs.uef.fi\\\/oikeuttakohtuudella\\\/2025\\\/03\\\/19\\\/vaitostilaisuuden-jarjestelyt\\\/#primaryimage\"},\"thumbnailUrl\":\"https:\\\/\\\/blogs.uef.fi\\\/oikeuttakohtuudella\\\/wp-content\\\/uploads\\\/sites\\\/9\\\/2025\\\/03\\\/image.jpeg\",\"datePublished\":\"2025-03-19T08:09:09+00:00\",\"dateModified\":\"2025-03-19T08:09:10+00:00\",\"author\":{\"@id\":\"https:\\\/\\\/blogs.uef.fi\\\/oikeuttakohtuudella\\\/#\\\/schema\\\/person\\\/32527591a8685a276dcfde3faf31d3f8\"},\"description\":\"Tohtoriopinnot huipentavan v\u00e4it\u00f6sp\u00e4iv\u00e4n j\u00e4rjestelyt voivat yll\u00e4tt\u00e4\u00e4, mutta ovat vaivan v\u00e4\u00e4rti. OTT Jussi Karkkulainen jakaa vinkit onnistuneeseen p\u00e4iv\u00e4\u00e4n!\",\"breadcrumb\":{\"@id\":\"https:\\\/\\\/blogs.uef.fi\\\/oikeuttakohtuudella\\\/2025\\\/03\\\/19\\\/vaitostilaisuuden-jarjestelyt\\\/#breadcrumb\"},\"inLanguage\":\"fi\",\"potentialAction\":[{\"@type\":\"ReadAction\",\"target\":[\"https:\\\/\\\/blogs.uef.fi\\\/oikeuttakohtuudella\\\/2025\\\/03\\\/19\\\/vaitostilaisuuden-jarjestelyt\\\/\"]}]},{\"@type\":\"ImageObject\",\"inLanguage\":\"fi\",\"@id\":\"https:\\\/\\\/blogs.uef.fi\\\/oikeuttakohtuudella\\\/2025\\\/03\\\/19\\\/vaitostilaisuuden-jarjestelyt\\\/#primaryimage\",\"url\":\"https:\\\/\\\/blogs.uef.fi\\\/oikeuttakohtuudella\\\/wp-content\\\/uploads\\\/sites\\\/9\\\/2025\\\/03\\\/image.jpeg\",\"contentUrl\":\"https:\\\/\\\/blogs.uef.fi\\\/oikeuttakohtuudella\\\/wp-content\\\/uploads\\\/sites\\\/9\\\/2025\\\/03\\\/image.jpeg\",\"width\":940,\"height\":705},{\"@type\":\"BreadcrumbList\",\"@id\":\"https:\\\/\\\/blogs.uef.fi\\\/oikeuttakohtuudella\\\/2025\\\/03\\\/19\\\/vaitostilaisuuden-jarjestelyt\\\/#breadcrumb\",\"itemListElement\":[{\"@type\":\"ListItem\",\"position\":1,\"name\":\"Home\",\"item\":\"https:\\\/\\\/blogs.uef.fi\\\/oikeuttakohtuudella\\\/\"},{\"@type\":\"ListItem\",\"position\":2,\"name\":\"V\u00e4it\u00f6sp\u00e4iv\u00e4n valmistelu \u2013 oikeustieteilij\u00e4st\u00e4 \u201dh\u00e4\u00e4suunnittelijaksi\u201d\u00a0\"}]},{\"@type\":\"WebSite\",\"@id\":\"https:\\\/\\\/blogs.uef.fi\\\/oikeuttakohtuudella\\\/#website\",\"url\":\"https:\\\/\\\/blogs.uef.fi\\\/oikeuttakohtuudella\\\/\",\"name\":\"OIKEUTTA KOHTUUDELLA \u2013 THE BLOG OF UEF LAW SCHOOL\",\"description\":\"\",\"potentialAction\":[{\"@type\":\"SearchAction\",\"target\":{\"@type\":\"EntryPoint\",\"urlTemplate\":\"https:\\\/\\\/blogs.uef.fi\\\/oikeuttakohtuudella\\\/?s={search_term_string}\"},\"query-input\":{\"@type\":\"PropertyValueSpecification\",\"valueRequired\":true,\"valueName\":\"search_term_string\"}}],\"inLanguage\":\"fi\"},{\"@type\":\"Person\",\"@id\":\"https:\\\/\\\/blogs.uef.fi\\\/oikeuttakohtuudella\\\/#\\\/schema\\\/person\\\/32527591a8685a276dcfde3faf31d3f8\",\"name\":\"inkamara\",\"image\":{\"@type\":\"ImageObject\",\"inLanguage\":\"fi\",\"@id\":\"https:\\\/\\\/secure.gravatar.com\\\/avatar\\\/ef6dbdfb7b46364660648e5dc268ec9dba5f0886f60dbd76fea958e3f138f7e8?s=96&r=g\",\"url\":\"https:\\\/\\\/secure.gravatar.com\\\/avatar\\\/ef6dbdfb7b46364660648e5dc268ec9dba5f0886f60dbd76fea958e3f138f7e8?s=96&r=g\",\"contentUrl\":\"https:\\\/\\\/secure.gravatar.com\\\/avatar\\\/ef6dbdfb7b46364660648e5dc268ec9dba5f0886f60dbd76fea958e3f138f7e8?s=96&r=g\",\"caption\":\"inkamara\"},\"url\":\"https:\\\/\\\/blogs.uef.fi\\\/oikeuttakohtuudella\\\/author\\\/inkamara\\\/\"}]}<\/script>\n<!-- \/ Yoast SEO plugin. -->","yoast_head_json":{"title":"V\u00e4it\u00f6sp\u00e4iv\u00e4n valmistelu \u2013 oikeustieteilij\u00e4st\u00e4 \u201dh\u00e4\u00e4suunnittelijaksi\u201d\u00a0 - OIKEUTTA KOHTUUDELLA \u2013 THE BLOG OF UEF LAW SCHOOL","description":"Tohtoriopinnot huipentavan v\u00e4it\u00f6sp\u00e4iv\u00e4n j\u00e4rjestelyt voivat yll\u00e4tt\u00e4\u00e4, mutta ovat vaivan v\u00e4\u00e4rti. OTT Jussi Karkkulainen jakaa vinkit onnistuneeseen p\u00e4iv\u00e4\u00e4n!","robots":{"index":"index","follow":"follow","max-snippet":"max-snippet:-1","max-image-preview":"max-image-preview:large","max-video-preview":"max-video-preview:-1"},"canonical":"https:\/\/blogs.uef.fi\/oikeuttakohtuudella\/2025\/03\/19\/vaitostilaisuuden-jarjestelyt\/","og_locale":"fi_FI","og_type":"article","og_title":"V\u00e4it\u00f6sp\u00e4iv\u00e4n valmistelu \u2013 oikeustieteilij\u00e4st\u00e4 \u201dh\u00e4\u00e4suunnittelijaksi\u201d\u00a0 - OIKEUTTA KOHTUUDELLA \u2013 THE BLOG OF UEF LAW SCHOOL","og_description":"Tohtoriopinnot huipentavan v\u00e4it\u00f6sp\u00e4iv\u00e4n j\u00e4rjestelyt voivat yll\u00e4tt\u00e4\u00e4, mutta ovat vaivan v\u00e4\u00e4rti. OTT Jussi Karkkulainen jakaa vinkit onnistuneeseen p\u00e4iv\u00e4\u00e4n!","og_url":"https:\/\/blogs.uef.fi\/oikeuttakohtuudella\/2025\/03\/19\/vaitostilaisuuden-jarjestelyt\/","og_site_name":"OIKEUTTA KOHTUUDELLA \u2013 THE BLOG OF UEF LAW SCHOOL","article_published_time":"2025-03-19T08:09:09+00:00","article_modified_time":"2025-03-19T08:09:10+00:00","og_image":[{"width":940,"height":705,"url":"https:\/\/blogs.uef.fi\/oikeuttakohtuudella\/wp-content\/uploads\/sites\/9\/2025\/03\/image.jpeg","type":"image\/jpeg"}],"author":"inkamara","twitter_card":"summary_large_image","twitter_misc":{"Kirjoittanut":"inkamara","Arvioitu lukuaika":"9 minuuttia"},"schema":{"@context":"https:\/\/schema.org","@graph":[{"@type":"Article","@id":"https:\/\/blogs.uef.fi\/oikeuttakohtuudella\/2025\/03\/19\/vaitostilaisuuden-jarjestelyt\/#article","isPartOf":{"@id":"https:\/\/blogs.uef.fi\/oikeuttakohtuudella\/2025\/03\/19\/vaitostilaisuuden-jarjestelyt\/"},"author":{"name":"inkamara","@id":"https:\/\/blogs.uef.fi\/oikeuttakohtuudella\/#\/schema\/person\/32527591a8685a276dcfde3faf31d3f8"},"headline":"V\u00e4it\u00f6sp\u00e4iv\u00e4n valmistelu \u2013 oikeustieteilij\u00e4st\u00e4 \u201dh\u00e4\u00e4suunnittelijaksi\u201d\u00a0","datePublished":"2025-03-19T08:09:09+00:00","dateModified":"2025-03-19T08:09:10+00:00","mainEntityOfPage":{"@id":"https:\/\/blogs.uef.fi\/oikeuttakohtuudella\/2025\/03\/19\/vaitostilaisuuden-jarjestelyt\/"},"wordCount":1731,"image":{"@id":"https:\/\/blogs.uef.fi\/oikeuttakohtuudella\/2025\/03\/19\/vaitostilaisuuden-jarjestelyt\/#primaryimage"},"thumbnailUrl":"https:\/\/blogs.uef.fi\/oikeuttakohtuudella\/wp-content\/uploads\/sites\/9\/2025\/03\/image.jpeg","keywords":["karonkka","v\u00e4it\u00f6skirja","v\u00e4it\u00f6stilaisuus","v\u00e4it\u00f6svalmistelut"],"articleSection":["Uncategorized"],"inLanguage":"fi"},{"@type":"WebPage","@id":"https:\/\/blogs.uef.fi\/oikeuttakohtuudella\/2025\/03\/19\/vaitostilaisuuden-jarjestelyt\/","url":"https:\/\/blogs.uef.fi\/oikeuttakohtuudella\/2025\/03\/19\/vaitostilaisuuden-jarjestelyt\/","name":"V\u00e4it\u00f6sp\u00e4iv\u00e4n valmistelu \u2013 oikeustieteilij\u00e4st\u00e4 \u201dh\u00e4\u00e4suunnittelijaksi\u201d\u00a0 - OIKEUTTA KOHTUUDELLA \u2013 THE BLOG OF UEF LAW SCHOOL","isPartOf":{"@id":"https:\/\/blogs.uef.fi\/oikeuttakohtuudella\/#website"},"primaryImageOfPage":{"@id":"https:\/\/blogs.uef.fi\/oikeuttakohtuudella\/2025\/03\/19\/vaitostilaisuuden-jarjestelyt\/#primaryimage"},"image":{"@id":"https:\/\/blogs.uef.fi\/oikeuttakohtuudella\/2025\/03\/19\/vaitostilaisuuden-jarjestelyt\/#primaryimage"},"thumbnailUrl":"https:\/\/blogs.uef.fi\/oikeuttakohtuudella\/wp-content\/uploads\/sites\/9\/2025\/03\/image.jpeg","datePublished":"2025-03-19T08:09:09+00:00","dateModified":"2025-03-19T08:09:10+00:00","author":{"@id":"https:\/\/blogs.uef.fi\/oikeuttakohtuudella\/#\/schema\/person\/32527591a8685a276dcfde3faf31d3f8"},"description":"Tohtoriopinnot huipentavan v\u00e4it\u00f6sp\u00e4iv\u00e4n j\u00e4rjestelyt voivat yll\u00e4tt\u00e4\u00e4, mutta ovat vaivan v\u00e4\u00e4rti. OTT Jussi Karkkulainen jakaa vinkit onnistuneeseen p\u00e4iv\u00e4\u00e4n!","breadcrumb":{"@id":"https:\/\/blogs.uef.fi\/oikeuttakohtuudella\/2025\/03\/19\/vaitostilaisuuden-jarjestelyt\/#breadcrumb"},"inLanguage":"fi","potentialAction":[{"@type":"ReadAction","target":["https:\/\/blogs.uef.fi\/oikeuttakohtuudella\/2025\/03\/19\/vaitostilaisuuden-jarjestelyt\/"]}]},{"@type":"ImageObject","inLanguage":"fi","@id":"https:\/\/blogs.uef.fi\/oikeuttakohtuudella\/2025\/03\/19\/vaitostilaisuuden-jarjestelyt\/#primaryimage","url":"https:\/\/blogs.uef.fi\/oikeuttakohtuudella\/wp-content\/uploads\/sites\/9\/2025\/03\/image.jpeg","contentUrl":"https:\/\/blogs.uef.fi\/oikeuttakohtuudella\/wp-content\/uploads\/sites\/9\/2025\/03\/image.jpeg","width":940,"height":705},{"@type":"BreadcrumbList","@id":"https:\/\/blogs.uef.fi\/oikeuttakohtuudella\/2025\/03\/19\/vaitostilaisuuden-jarjestelyt\/#breadcrumb","itemListElement":[{"@type":"ListItem","position":1,"name":"Home","item":"https:\/\/blogs.uef.fi\/oikeuttakohtuudella\/"},{"@type":"ListItem","position":2,"name":"V\u00e4it\u00f6sp\u00e4iv\u00e4n valmistelu \u2013 oikeustieteilij\u00e4st\u00e4 \u201dh\u00e4\u00e4suunnittelijaksi\u201d\u00a0"}]},{"@type":"WebSite","@id":"https:\/\/blogs.uef.fi\/oikeuttakohtuudella\/#website","url":"https:\/\/blogs.uef.fi\/oikeuttakohtuudella\/","name":"OIKEUTTA KOHTUUDELLA \u2013 THE BLOG OF UEF LAW SCHOOL","description":"","potentialAction":[{"@type":"SearchAction","target":{"@type":"EntryPoint","urlTemplate":"https:\/\/blogs.uef.fi\/oikeuttakohtuudella\/?s={search_term_string}"},"query-input":{"@type":"PropertyValueSpecification","valueRequired":true,"valueName":"search_term_string"}}],"inLanguage":"fi"},{"@type":"Person","@id":"https:\/\/blogs.uef.fi\/oikeuttakohtuudella\/#\/schema\/person\/32527591a8685a276dcfde3faf31d3f8","name":"inkamara","image":{"@type":"ImageObject","inLanguage":"fi","@id":"https:\/\/secure.gravatar.com\/avatar\/ef6dbdfb7b46364660648e5dc268ec9dba5f0886f60dbd76fea958e3f138f7e8?s=96&r=g","url":"https:\/\/secure.gravatar.com\/avatar\/ef6dbdfb7b46364660648e5dc268ec9dba5f0886f60dbd76fea958e3f138f7e8?s=96&r=g","contentUrl":"https:\/\/secure.gravatar.com\/avatar\/ef6dbdfb7b46364660648e5dc268ec9dba5f0886f60dbd76fea958e3f138f7e8?s=96&r=g","caption":"inkamara"},"url":"https:\/\/blogs.uef.fi\/oikeuttakohtuudella\/author\/inkamara\/"}]}},"_links":{"self":[{"href":"https:\/\/blogs.uef.fi\/oikeuttakohtuudella\/wp-json\/wp\/v2\/posts\/2800","targetHints":{"allow":["GET"]}}],"collection":[{"href":"https:\/\/blogs.uef.fi\/oikeuttakohtuudella\/wp-json\/wp\/v2\/posts"}],"about":[{"href":"https:\/\/blogs.uef.fi\/oikeuttakohtuudella\/wp-json\/wp\/v2\/types\/post"}],"author":[{"embeddable":true,"href":"https:\/\/blogs.uef.fi\/oikeuttakohtuudella\/wp-json\/wp\/v2\/users\/616"}],"replies":[{"embeddable":true,"href":"https:\/\/blogs.uef.fi\/oikeuttakohtuudella\/wp-json\/wp\/v2\/comments?post=2800"}],"version-history":[{"count":1,"href":"https:\/\/blogs.uef.fi\/oikeuttakohtuudella\/wp-json\/wp\/v2\/posts\/2800\/revisions"}],"predecessor-version":[{"id":2807,"href":"https:\/\/blogs.uef.fi\/oikeuttakohtuudella\/wp-json\/wp\/v2\/posts\/2800\/revisions\/2807"}],"wp:attachment":[{"href":"https:\/\/blogs.uef.fi\/oikeuttakohtuudella\/wp-json\/wp\/v2\/media?parent=2800"}],"wp:term":[{"taxonomy":"category","embeddable":true,"href":"https:\/\/blogs.uef.fi\/oikeuttakohtuudella\/wp-json\/wp\/v2\/categories?post=2800"},{"taxonomy":"post_tag","embeddable":true,"href":"https:\/\/blogs.uef.fi\/oikeuttakohtuudella\/wp-json\/wp\/v2\/tags?post=2800"}],"curies":[{"name":"wp","href":"https:\/\/api.w.org\/{rel}","templated":true}]}}