{"id":2258,"date":"2023-06-12T10:44:54","date_gmt":"2023-06-12T07:44:54","guid":{"rendered":"https:\/\/blogs.uef.fi\/oikeuttakohtuudella\/?p=2258"},"modified":"2025-07-28T16:24:26","modified_gmt":"2025-07-28T14:24:26","slug":"varjoja-paratiisissa-muistisairaan-ihmisen-oikeuksien-toteutuminen-hyvinvointivaltiossa-hankkeen-menetelmallinen-moninaisuus","status":"publish","type":"post","link":"https:\/\/blogs.uef.fi\/oikeuttakohtuudella\/2023\/06\/12\/varjoja-paratiisissa-muistisairaan-ihmisen-oikeuksien-toteutuminen-hyvinvointivaltiossa-hankkeen-menetelmallinen-moninaisuus\/","title":{"rendered":"\u201dVarjoja Paratiisissa? Muistisairaan ihmisen oikeuksien toteutuminen hyvinvointivaltiossa\u201d -hankkeen menetelm\u00e4llinen moninaisuus"},"content":{"rendered":"\n<p><strong>Katri Gadd ja Kaijus Ervasti<\/strong><\/p>\n\n\n\n<p><em>Gadd on tutkijatohtori ja Ervasti tutkimusjohtaja It\u00e4-Suomen yliopistossa oikeustieteiden laitoksella.<\/em><\/p>\n\n\n\n<p>&nbsp;<\/p>\n\n\n\n<p>Vuoden 2022 alussa Hyvinvointioikeuden keskuksessa alkoi Koneen S\u00e4\u00e4ti\u00f6n rahoittama kolmevuotinen hanke \u201dVarjoja paratiisissa? Muistisairaan ihmisen oikeuksien toteutuminen hyvinvointivaltiossa\u201d (VAPA). Hankkeen aikana tarkoituksenamme on selvitt\u00e4\u00e4 muistisairaiden ihmisten oikeusongelmia ja niiden korjauskeinoja. Tavoitteenamme on k\u00e4yd\u00e4 yhteiskunnallista keskustelua muistisairaiden ihmisten asemasta yhteiskunnassa.<\/p>\n\n\n\n<p>Tutkimuksemme teoreettisena taustana on access to justice -tutkimusperinne, jonka keski\u00f6ss\u00e4 on muodollisten oikeuksien eli lains\u00e4\u00e4d\u00e4nn\u00f6n sijaan ihmisten oikeuksien tosiasiallinen toteutuminen. Muistisairaiden ihmisten oikeuksien toteutumisen lis\u00e4ksi k\u00e4ymme my\u00f6s tieteellist\u00e4 keskustelua muun muassa erilaisten tutkimusmenetelmien hy\u00f6dynt\u00e4misest\u00e4 oikeustieteellisess\u00e4 tutkimuksessa. Hy\u00f6dynn\u00e4mme hankkeessa erilaisia, osin kokeileviakin tiedontuottamisen menetelmi\u00e4. Menetelmien avulla saadaan monipuolinen ja moniulotteinen kuva muistisairaiden ihmisten arjesta ja siin\u00e4 koetuista haasteista. &nbsp;T\u00e4llaisen tutkimuksen edellytys on monitieteinen yhteisty\u00f6.<\/p>\n\n\n\n<p>Vuosien 2022\u20132023 taitteessa teimme verkkopohjaisen kyselyn muistisairaille ihmisille ja heid\u00e4n l\u00e4heisilleen. Saimme siihen 205 vastausta. Vain joka seitsem\u00e4s vastaaja oli muistisairas henkil\u00f6, joten valtaosa vastaajista oli muistisairaiden ihmisten l\u00e4heisi\u00e4. Tiesimme, ettei se ole paras tutkimusmenetelm\u00e4 tutkittaessa muistisairaita ihmisi\u00e4. Kysely antaa kuitenkin hyv\u00e4n yleiskuvan muistisairaiden oikeusongelmista.<\/p>\n\n\n\n<p>Kyselyn lis\u00e4ksi olemme tehneet haastatteluita. Olemme haastatelleet 12 muistisairasta ihmist\u00e4 sek\u00e4 11 muistisairaan ihmisen l\u00e4heist\u00e4. &nbsp;T\u00e4ss\u00e4 kirjoituksessa keskitymme kuitenkin erityisesti kanssatutkimukseen sek\u00e4 taideperustaisiin tutkimusmenetelmiin, joita olemme k\u00e4ytt\u00e4neet tiedon tuottamisessa.<\/p>\n\n\n\n<p>Kanssatutkimuksella tarkoitetaan tutkimusta, jossa ihmisi\u00e4 ei n\u00e4hd\u00e4 vain tutkimuksen kohteina, vaan heid\u00e4t otetaan mukaan tutkimuksen tekemiseen. Kanssatutkimus voi toteutua monilla tavoilla ja kanssatutkijat voivat osallistua tutkimuksen eri vaiheisiin.&nbsp; VAPA-hankkeessa kanssatutkimusta on ollut niin tutkimuksen suunnittelussa kuin aineiston ker\u00e4\u00e4misess\u00e4kin. Olemme tehneet tiivist\u00e4 yhteisty\u00f6t\u00e4 esimerkiksi Muistiliiton kanssa. T\u00e4m\u00e4n lis\u00e4ksi VAPA:ssa on ollut mukana 13 muistisairaan ihmisen l\u00e4heist\u00e4 tekem\u00e4ss\u00e4 tutkimusta meid\u00e4n kanssamme. He ovat olleet mukana ideoimassa tutkimuksen toteutusta. Heid\u00e4n osaamisensa avulla olemme luoneet tapoja, joilla parhaiten tuottaa tietoa muistisairaiden ihmisten el\u00e4m\u00e4st\u00e4 heid\u00e4n l\u00e4heistens\u00e4 n\u00e4k\u00f6kulmasta.<\/p>\n\n\n\n<p>Kanssatutkijat nauhoittivat esimerkiksi k\u00e4ymi\u00e4\u00e4n vertaiskeskusteluja, jotkut tekiv\u00e4t autobiografisen kertomuksen ja nauhoittivat sen. Er\u00e4s kanssatutkija ehdotti tutkimusmateriaaliksi monen vuoden aikana kirjoittamiaan blogikirjoituksia. Vertaiskeskustelut toivat esille koettuja haasteita. Keskusteluista k\u00e4vi my\u00f6s ilmi haasteiden erikoislaatuisuus tai tavanomaisuus. Vertaiskeskusteluissa muistisairaan ihmisen l\u00e4heiset p\u00e4\u00e4tyiv\u00e4t my\u00f6s jakamaan toisilleen toimivia vinkkej\u00e4 joidenkin oikeudellisten haasteiden sel\u00e4tt\u00e4miseen. T\u00e4m\u00e4 onkin yksi kanssatutkimuksen positiivisista puolista ihmisten omien osallistumismahdollisuuksien kasvattamisen lis\u00e4ksi. Autobiografiset nauhoitukset antoivat l\u00e4heiselle mahdollisuuden kerronnan omatahtiseen etenemiseen. Henkil\u00f6 saattoi pit\u00e4\u00e4 tauon kerronnassaan, joka mahdollisti raskaiden aiheiden k\u00e4sittelemisen tuoman kuormituksen ajallisen jakamisen. Omatahtinen kerronta mahdollisti my\u00f6s rauhallisen oman pohdinnan, kun ei ollut painetta saada \u201dkaikkea sanottua\u201d ainutkertaisessa haastattelutilanteessa. Blogikirjoitusaineiston ehdoton etu on ajallisen ulottuvuuden esiintulo. Aineisto mahdollistaa yhden henkil\u00f6n pitkitt\u00e4isseurannan tuoden ilmi sen, miten jokaisen polulle osuu haastavampia ja helpompia aikoja, miten muistisairaan l\u00e4heisen asioiden hoitaminen on toisinaan ty\u00f6l\u00e4\u00e4mp\u00e4\u00e4 kuin normaalisti ja miten asuinpaikan vaihtaminen saattaa vaikuttaa niin muistisairaan ihmisen vointiin kuin my\u00f6s oikeudellisten ongelmien ilmenemiseen.<\/p>\n\n\n\n<p>VAPA:ssa olemme alusta asti halunneet tuottaa tietoa yhdess\u00e4 muistisairaiden ihmisten kanssa. Taideperustaiset tutkimusmenetelm\u00e4t (Art-Based Research &#8211; ABR) tarjosivat mahdollisuuden t\u00e4h\u00e4n. Taideperustaiset tutkimusmenetelm\u00e4t voidaan n\u00e4hd\u00e4 olevan taiteen ja tieteen leikkauskohdassa. Huolimatta siit\u00e4, ett\u00e4 tiede ja taide koetaan usein toistensa vastakohtaisiksi, molemmat pyrkiv\u00e4t tutkiskelemaan, havainnollistamaan ja kuvaamaan (ihmis)el\u00e4m\u00e4\u00e4. ABR:n suosio on kasvanut kvalitatiivisessa tutkimuksessa. Taideperustaisia tutkimusmenetelmi\u00e4 on sovellettu eri tieteenaloilla kuvattaessa ihmisten kokemuksia, mutta oikeudellisessa tutkimuksessa niit\u00e4 ei olla viel\u00e4 laajasti hy\u00f6dynnetty. Geroartisti Taina Semi j\u00e4rjesti kanssamme taidety\u00f6pajoja kolmella eri paikkakunnalla; Turussa, Tampereella ja Rovaniemell\u00e4, kahtena eri ty\u00f6pajana. Yhteens\u00e4 taidety\u00f6pajoihin osallistui nelisenkymment\u00e4 muistisairauteen sairastunutta ihmist\u00e4.<\/p>\n\n\n\n<p>Ty\u00f6pajojen alussa tutustuimme toisiimme luoden turvallisuuden tunnetta osallistujien v\u00e4lille. Varsinaisissa taideosioissa hy\u00f6dynsimme valokuvataidetta sek\u00e4 kirjoituksia. Osallistujat olivat valokuvanneet haluamiaan kohteita ennen ensimm\u00e4ist\u00e4 ty\u00f6pajakertaa. Ty\u00f6pajassa esiteltiin kuvia toisille. Valokuvat toivat esille osallistujille t\u00e4rkeit\u00e4 asioita ja elementtej\u00e4 heid\u00e4n ymp\u00e4rist\u00f6ist\u00e4\u00e4n. Valokuvat toimivat ankkureiden tavoin ja auttoivat muistisairaita ihmisi\u00e4 keskittym\u00e4\u00e4n ja kertomaan sellaisistakin asioista, jotka eiv\u00e4t olleet kyseisell\u00e4 hetkell\u00e4 heid\u00e4n edess\u00e4\u00e4n. Kuvat her\u00e4ttiv\u00e4t osallistujissa keskustelua ja monet kertoivat omista kokemuksistaan my\u00f6s muiden osallistujien valokuvien kautta. Jokainen teki omista valokuvistaan taulun. Tauluille annettiin yhdess\u00e4 nimi ja ne ripustettiin taiden\u00e4yttelyksi, jossa yhdess\u00e4 kiersimme. N\u00e4yttelyss\u00e4 k\u00e4vely aktivoi osallistujia my\u00f6s fyysisesti. Toisena ty\u00f6pajakertana osallistujat kirjoittivat huolikirjeet, joista niin ik\u00e4\u00e4n tehtiin taulut. Huolikirjeet sai osoittaa kenelle halusi. Osa osoitti kirjeens\u00e4 esimerkiksi omalle muistisairaudelleen. Kirjeiss\u00e4 n\u00e4kyi surua sairaudesta, huolta tulevasta, pelkoa menett\u00e4misest\u00e4 koski menett\u00e4minen sitten omaa itse\u00e4, toimintakyky\u00e4, l\u00e4heisi\u00e4 tai muistoja. Kirjeiss\u00e4 n\u00e4kyi tosin my\u00f6s asioita, jotka selke\u00e4sti tukivat osallistujien hyvinvointia, kuten l\u00e4heiset, luonto ja oma p\u00e4\u00e4tt\u00e4v\u00e4isyys. Jokainen ty\u00f6paja p\u00e4\u00e4ttyi aina yhteiseen ruokailuun. Ruokailu tarjosi mahdollisuuden luonnolliselle hiljaisuudelle, mutta my\u00f6s yhteiselle ty\u00f6pajan purkamiselle.<\/p>\n\n\n\n<p>Kun vilkaisee nopeasti aineistoamme, k\u00e4y selv\u00e4ksi, ett\u00e4 muistisairaan ihmisen hyvinvointiin vaikuttaa ajan pitk\u00e4 j\u00e4nne. Kunkin p\u00e4iv\u00e4n hyvinvointiin vaikuttaa se, mit\u00e4 muistisairas ihminen muistisairauksista tiet\u00e4\u00e4, miten on n\u00e4hnyt muistisairaita henkil\u00f6it\u00e4 kohdeltavan, mutta my\u00f6s oletukset ja arviot hoivan riitt\u00e4vyydest\u00e4 tulevaisuudessa. Mit\u00e4 minulle tai l\u00e4heiselleni tapahtuu? Sit\u00e4 pohti jokainen tutkimukseemme osallistunut.<\/p>\n\n\n\n<p>Laadulliset, tutkimusmenetelm\u00e4t ovat keskeinen osa nykyist\u00e4 empiirist\u00e4 oikeustutkimusta.&nbsp; Vaikuttaa silt\u00e4, ett\u00e4 empiirist\u00e4 oikeustutkimusta tehd\u00e4\u00e4n nykyisin etenkin ulkopuolisen rahoituksen voimin. Kilpailu ulkopuolisesta rahoituksesta on kovaa ja tuloksia pit\u00e4\u00e4 saada nopeasti. Kysymys kuuluukin, tukeeko reipastempoinen, nopeita tuloksia janoava tiede rauhallista ja syv\u00e4llist\u00e4 tiedontuottamista? Useat aineistomme osoittamat asiat ovat kuitenkin l\u00f6ydett\u00e4viss\u00e4 vain laadullisin, usein aikaa vievin menetelmin. N\u00e4ill\u00e4 menetelmill\u00e4 p\u00e4\u00e4st\u00e4\u00e4n kaikesta huolimatta k\u00e4siksi juuri siihen, mik\u00e4 oikeudensaantimahdollisuuksia k\u00e4sittelev\u00e4ss\u00e4 tutkimuksessa on olennaista, nimitt\u00e4in siihen miten ihmisten oikeudet heid\u00e4n el\u00e4m\u00e4ss\u00e4\u00e4n oikeasti toteutuvat.<\/p>\n\n\n\n<p>&nbsp;<\/p>\n\n\n\n<figure class=\"wp-block-image alignleft\"><a href=\"https:\/\/blogs.uef.fi\/oikeuttakohtuudella\/wp-content\/uploads\/sites\/9\/2023\/06\/UEF_Hyvinvointioikeuden_Keskus_Juhlalogo-05.jpg\"><img loading=\"lazy\" decoding=\"async\" width=\"150\" height=\"150\" src=\"https:\/\/blogs.uef.fi\/oikeuttakohtuudella\/wp-content\/uploads\/sites\/9\/2023\/06\/UEF_Hyvinvointioikeuden_Keskus_Juhlalogo-05-150x150.jpg\" alt=\"\" class=\"wp-image-2261\" srcset=\"https:\/\/blogs.uef.fi\/oikeuttakohtuudella\/wp-content\/uploads\/sites\/9\/2023\/06\/UEF_Hyvinvointioikeuden_Keskus_Juhlalogo-05-150x150.jpg 150w, https:\/\/blogs.uef.fi\/oikeuttakohtuudella\/wp-content\/uploads\/sites\/9\/2023\/06\/UEF_Hyvinvointioikeuden_Keskus_Juhlalogo-05-768x768.jpg 768w, https:\/\/blogs.uef.fi\/oikeuttakohtuudella\/wp-content\/uploads\/sites\/9\/2023\/06\/UEF_Hyvinvointioikeuden_Keskus_Juhlalogo-05-100x100.jpg 100w, https:\/\/blogs.uef.fi\/oikeuttakohtuudella\/wp-content\/uploads\/sites\/9\/2023\/06\/UEF_Hyvinvointioikeuden_Keskus_Juhlalogo-05.jpg 1182w\" sizes=\"auto, (max-width: 150px) 100vw, 150px\" \/><\/a><\/figure>\n\n\n\n<p><em><u><\/u> <a href=\"https:\/\/sites.uef.fi\/hyvinvointioikeus\/\">Hyvinvointioikeuden keskus<\/a> t\u00e4ytt\u00e4\u00e4 vuonna 2023 viisi vuotta ja juhlii kasvuaan alan merkitt\u00e4vimm\u00e4ksi tutkimus- ja opetuskeskittym\u00e4ksi Suomessa. Hyvinvointioikeuden keskus kokoaa yhteen ihmisten hyvinvointiin liittyv\u00e4n monitieteisen oikeudellisen tutkimuksen, asiantuntijuuden ja koulutuksen It\u00e4-Suomen yliopistossa. It\u00e4-Suomen yliopisto on ainoa yliopisto Suomessa, jossa hyvinvointioikeutta voi opiskella p\u00e4\u00e4aineena.<\/em> <em>Keskuksessa toimii noin 30 tutkijaa hyvinvointioikeuden eri aloilta.&nbsp;<\/em><\/p>\n","protected":false},"excerpt":{"rendered":"<p>Katri Gadd ja Kaijus Ervasti Gadd on tutkijatohtori ja Ervasti tutkimusjohtaja It\u00e4-Suomen yliopistossa oikeustieteiden laitoksella. &nbsp; Vuoden 2022 alussa Hyvinvointioikeuden keskuksessa alkoi Koneen S\u00e4\u00e4ti\u00f6n rahoittama kolmevuotinen hanke \u201dVarjoja paratiisissa? Muistisairaan ihmisen oikeuksien toteutuminen hyvinvointivaltiossa\u201d (VAPA). Hankkeen aikana tarkoituksenamme on selvitt\u00e4\u00e4 muistisairaiden ihmisten oikeusongelmia ja niiden korjauskeinoja. Tavoitteenamme on k\u00e4yd\u00e4 yhteiskunnallista keskustelua muistisairaiden ihmisten asemasta yhteiskunnassa. [&hellip;]<\/p>\n","protected":false},"author":441,"featured_media":0,"comment_status":"closed","ping_status":"closed","sticky":false,"template":"","format":"standard","meta":{"_acf_changed":false,"footnotes":""},"categories":[1],"tags":[],"class_list":["post-2258","post","type-post","status-publish","format-standard","hentry","category-uncategorized"],"acf":[],"yoast_head":"<!-- This site is optimized with the Yoast SEO plugin v27.3 - https:\/\/yoast.com\/product\/yoast-seo-wordpress\/ -->\n<title>\u201dVarjoja Paratiisissa? Muistisairaan ihmisen oikeuksien toteutuminen hyvinvointivaltiossa\u201d -hankkeen menetelm\u00e4llinen moninaisuus - OIKEUTTA KOHTUUDELLA \u2013 THE BLOG OF UEF LAW SCHOOL<\/title>\n<meta name=\"robots\" content=\"index, follow, max-snippet:-1, max-image-preview:large, max-video-preview:-1\" \/>\n<link rel=\"canonical\" href=\"https:\/\/blogs.uef.fi\/oikeuttakohtuudella\/2023\/06\/12\/varjoja-paratiisissa-muistisairaan-ihmisen-oikeuksien-toteutuminen-hyvinvointivaltiossa-hankkeen-menetelmallinen-moninaisuus\/\" \/>\n<meta property=\"og:locale\" content=\"fi_FI\" \/>\n<meta property=\"og:type\" content=\"article\" \/>\n<meta property=\"og:title\" content=\"\u201dVarjoja Paratiisissa? Muistisairaan ihmisen oikeuksien toteutuminen hyvinvointivaltiossa\u201d -hankkeen menetelm\u00e4llinen moninaisuus - OIKEUTTA KOHTUUDELLA \u2013 THE BLOG OF UEF LAW SCHOOL\" \/>\n<meta property=\"og:description\" content=\"Katri Gadd ja Kaijus Ervasti Gadd on tutkijatohtori ja Ervasti tutkimusjohtaja It\u00e4-Suomen yliopistossa oikeustieteiden laitoksella. &nbsp; Vuoden 2022 alussa Hyvinvointioikeuden keskuksessa alkoi Koneen S\u00e4\u00e4ti\u00f6n rahoittama kolmevuotinen hanke \u201dVarjoja paratiisissa? Muistisairaan ihmisen oikeuksien toteutuminen hyvinvointivaltiossa\u201d (VAPA). Hankkeen aikana tarkoituksenamme on selvitt\u00e4\u00e4 muistisairaiden ihmisten oikeusongelmia ja niiden korjauskeinoja. Tavoitteenamme on k\u00e4yd\u00e4 yhteiskunnallista keskustelua muistisairaiden ihmisten asemasta yhteiskunnassa. [&hellip;]\" \/>\n<meta property=\"og:url\" content=\"https:\/\/blogs.uef.fi\/oikeuttakohtuudella\/2023\/06\/12\/varjoja-paratiisissa-muistisairaan-ihmisen-oikeuksien-toteutuminen-hyvinvointivaltiossa-hankkeen-menetelmallinen-moninaisuus\/\" \/>\n<meta property=\"og:site_name\" content=\"OIKEUTTA KOHTUUDELLA \u2013 THE BLOG OF UEF LAW SCHOOL\" \/>\n<meta property=\"article:published_time\" content=\"2023-06-12T07:44:54+00:00\" \/>\n<meta property=\"article:modified_time\" content=\"2025-07-28T14:24:26+00:00\" \/>\n<meta property=\"og:image\" content=\"https:\/\/blogs.uef.fi\/oikeuttakohtuudella\/wp-content\/uploads\/sites\/9\/2023\/06\/UEF_Hyvinvointioikeuden_Keskus_Juhlalogo-05.jpg\" \/>\n\t<meta property=\"og:image:width\" content=\"1182\" \/>\n\t<meta property=\"og:image:height\" content=\"1182\" \/>\n\t<meta property=\"og:image:type\" content=\"image\/jpeg\" \/>\n<meta name=\"author\" content=\"htolvane\" \/>\n<meta name=\"twitter:card\" content=\"summary_large_image\" \/>\n<meta name=\"twitter:label1\" content=\"Kirjoittanut\" \/>\n\t<meta name=\"twitter:data1\" content=\"htolvane\" \/>\n\t<meta name=\"twitter:label2\" content=\"Arvioitu lukuaika\" \/>\n\t<meta name=\"twitter:data2\" content=\"6 minuuttia\" \/>\n<script type=\"application\/ld+json\" class=\"yoast-schema-graph\">{\"@context\":\"https:\\\/\\\/schema.org\",\"@graph\":[{\"@type\":\"Article\",\"@id\":\"https:\\\/\\\/blogs.uef.fi\\\/oikeuttakohtuudella\\\/2023\\\/06\\\/12\\\/varjoja-paratiisissa-muistisairaan-ihmisen-oikeuksien-toteutuminen-hyvinvointivaltiossa-hankkeen-menetelmallinen-moninaisuus\\\/#article\",\"isPartOf\":{\"@id\":\"https:\\\/\\\/blogs.uef.fi\\\/oikeuttakohtuudella\\\/2023\\\/06\\\/12\\\/varjoja-paratiisissa-muistisairaan-ihmisen-oikeuksien-toteutuminen-hyvinvointivaltiossa-hankkeen-menetelmallinen-moninaisuus\\\/\"},\"author\":{\"name\":\"htolvane\",\"@id\":\"https:\\\/\\\/blogs.uef.fi\\\/oikeuttakohtuudella\\\/#\\\/schema\\\/person\\\/077eb96e7f8206575b85bbe9d18e80ac\"},\"headline\":\"\u201dVarjoja Paratiisissa? Muistisairaan ihmisen oikeuksien toteutuminen hyvinvointivaltiossa\u201d -hankkeen menetelm\u00e4llinen moninaisuus\",\"datePublished\":\"2023-06-12T07:44:54+00:00\",\"dateModified\":\"2025-07-28T14:24:26+00:00\",\"mainEntityOfPage\":{\"@id\":\"https:\\\/\\\/blogs.uef.fi\\\/oikeuttakohtuudella\\\/2023\\\/06\\\/12\\\/varjoja-paratiisissa-muistisairaan-ihmisen-oikeuksien-toteutuminen-hyvinvointivaltiossa-hankkeen-menetelmallinen-moninaisuus\\\/\"},\"wordCount\":1015,\"image\":{\"@id\":\"https:\\\/\\\/blogs.uef.fi\\\/oikeuttakohtuudella\\\/2023\\\/06\\\/12\\\/varjoja-paratiisissa-muistisairaan-ihmisen-oikeuksien-toteutuminen-hyvinvointivaltiossa-hankkeen-menetelmallinen-moninaisuus\\\/#primaryimage\"},\"thumbnailUrl\":\"https:\\\/\\\/blogs.uef.fi\\\/oikeuttakohtuudella\\\/wp-content\\\/uploads\\\/sites\\\/9\\\/2023\\\/06\\\/UEF_Hyvinvointioikeuden_Keskus_Juhlalogo-05-150x150.jpg\",\"articleSection\":[\"Uncategorized\"],\"inLanguage\":\"fi\"},{\"@type\":\"WebPage\",\"@id\":\"https:\\\/\\\/blogs.uef.fi\\\/oikeuttakohtuudella\\\/2023\\\/06\\\/12\\\/varjoja-paratiisissa-muistisairaan-ihmisen-oikeuksien-toteutuminen-hyvinvointivaltiossa-hankkeen-menetelmallinen-moninaisuus\\\/\",\"url\":\"https:\\\/\\\/blogs.uef.fi\\\/oikeuttakohtuudella\\\/2023\\\/06\\\/12\\\/varjoja-paratiisissa-muistisairaan-ihmisen-oikeuksien-toteutuminen-hyvinvointivaltiossa-hankkeen-menetelmallinen-moninaisuus\\\/\",\"name\":\"\u201dVarjoja Paratiisissa? Muistisairaan ihmisen oikeuksien toteutuminen hyvinvointivaltiossa\u201d -hankkeen menetelm\u00e4llinen moninaisuus - OIKEUTTA KOHTUUDELLA \u2013 THE BLOG OF UEF LAW SCHOOL\",\"isPartOf\":{\"@id\":\"https:\\\/\\\/blogs.uef.fi\\\/oikeuttakohtuudella\\\/#website\"},\"primaryImageOfPage\":{\"@id\":\"https:\\\/\\\/blogs.uef.fi\\\/oikeuttakohtuudella\\\/2023\\\/06\\\/12\\\/varjoja-paratiisissa-muistisairaan-ihmisen-oikeuksien-toteutuminen-hyvinvointivaltiossa-hankkeen-menetelmallinen-moninaisuus\\\/#primaryimage\"},\"image\":{\"@id\":\"https:\\\/\\\/blogs.uef.fi\\\/oikeuttakohtuudella\\\/2023\\\/06\\\/12\\\/varjoja-paratiisissa-muistisairaan-ihmisen-oikeuksien-toteutuminen-hyvinvointivaltiossa-hankkeen-menetelmallinen-moninaisuus\\\/#primaryimage\"},\"thumbnailUrl\":\"https:\\\/\\\/blogs.uef.fi\\\/oikeuttakohtuudella\\\/wp-content\\\/uploads\\\/sites\\\/9\\\/2023\\\/06\\\/UEF_Hyvinvointioikeuden_Keskus_Juhlalogo-05-150x150.jpg\",\"datePublished\":\"2023-06-12T07:44:54+00:00\",\"dateModified\":\"2025-07-28T14:24:26+00:00\",\"author\":{\"@id\":\"https:\\\/\\\/blogs.uef.fi\\\/oikeuttakohtuudella\\\/#\\\/schema\\\/person\\\/077eb96e7f8206575b85bbe9d18e80ac\"},\"breadcrumb\":{\"@id\":\"https:\\\/\\\/blogs.uef.fi\\\/oikeuttakohtuudella\\\/2023\\\/06\\\/12\\\/varjoja-paratiisissa-muistisairaan-ihmisen-oikeuksien-toteutuminen-hyvinvointivaltiossa-hankkeen-menetelmallinen-moninaisuus\\\/#breadcrumb\"},\"inLanguage\":\"fi\",\"potentialAction\":[{\"@type\":\"ReadAction\",\"target\":[\"https:\\\/\\\/blogs.uef.fi\\\/oikeuttakohtuudella\\\/2023\\\/06\\\/12\\\/varjoja-paratiisissa-muistisairaan-ihmisen-oikeuksien-toteutuminen-hyvinvointivaltiossa-hankkeen-menetelmallinen-moninaisuus\\\/\"]}]},{\"@type\":\"ImageObject\",\"inLanguage\":\"fi\",\"@id\":\"https:\\\/\\\/blogs.uef.fi\\\/oikeuttakohtuudella\\\/2023\\\/06\\\/12\\\/varjoja-paratiisissa-muistisairaan-ihmisen-oikeuksien-toteutuminen-hyvinvointivaltiossa-hankkeen-menetelmallinen-moninaisuus\\\/#primaryimage\",\"url\":\"https:\\\/\\\/blogs.uef.fi\\\/oikeuttakohtuudella\\\/wp-content\\\/uploads\\\/sites\\\/9\\\/2023\\\/06\\\/UEF_Hyvinvointioikeuden_Keskus_Juhlalogo-05.jpg\",\"contentUrl\":\"https:\\\/\\\/blogs.uef.fi\\\/oikeuttakohtuudella\\\/wp-content\\\/uploads\\\/sites\\\/9\\\/2023\\\/06\\\/UEF_Hyvinvointioikeuden_Keskus_Juhlalogo-05.jpg\",\"width\":1182,\"height\":1182,\"caption\":\"Hyvinvointioikeuden keskus t\u00e4ytt\u00e4\u00e4 vuonna 2023 viisi vuotta ja juhlii kasvuaan alan merkitt\u00e4vimm\u00e4ksi tutkimus- ja opetuskeskittym\u00e4ksi Suomessa. Hyvinvointioikeuden keskus kokoaa yhteen ihmisten hyvinvointiin liittyv\u00e4n monitieteisen oikeudellisen tutkimuksen, asiantuntijuuden ja koulutuksen It\u00e4-Suomen yliopistossa. It\u00e4-Suomen yliopisto on ainoa yliopisto Suomessa, jossa hyvinvointioikeutta voi opiskella p\u00e4\u00e4aineena. Keskuksessa toimii noin 30 tutkijaa hyvinvointioikeuden eri aloilta\"},{\"@type\":\"BreadcrumbList\",\"@id\":\"https:\\\/\\\/blogs.uef.fi\\\/oikeuttakohtuudella\\\/2023\\\/06\\\/12\\\/varjoja-paratiisissa-muistisairaan-ihmisen-oikeuksien-toteutuminen-hyvinvointivaltiossa-hankkeen-menetelmallinen-moninaisuus\\\/#breadcrumb\",\"itemListElement\":[{\"@type\":\"ListItem\",\"position\":1,\"name\":\"Home\",\"item\":\"https:\\\/\\\/blogs.uef.fi\\\/oikeuttakohtuudella\\\/\"},{\"@type\":\"ListItem\",\"position\":2,\"name\":\"\u201dVarjoja Paratiisissa? Muistisairaan ihmisen oikeuksien toteutuminen hyvinvointivaltiossa\u201d -hankkeen menetelm\u00e4llinen moninaisuus\"}]},{\"@type\":\"WebSite\",\"@id\":\"https:\\\/\\\/blogs.uef.fi\\\/oikeuttakohtuudella\\\/#website\",\"url\":\"https:\\\/\\\/blogs.uef.fi\\\/oikeuttakohtuudella\\\/\",\"name\":\"OIKEUTTA KOHTUUDELLA \u2013 THE BLOG OF UEF LAW SCHOOL\",\"description\":\"\",\"potentialAction\":[{\"@type\":\"SearchAction\",\"target\":{\"@type\":\"EntryPoint\",\"urlTemplate\":\"https:\\\/\\\/blogs.uef.fi\\\/oikeuttakohtuudella\\\/?s={search_term_string}\"},\"query-input\":{\"@type\":\"PropertyValueSpecification\",\"valueRequired\":true,\"valueName\":\"search_term_string\"}}],\"inLanguage\":\"fi\"},{\"@type\":\"Person\",\"@id\":\"https:\\\/\\\/blogs.uef.fi\\\/oikeuttakohtuudella\\\/#\\\/schema\\\/person\\\/077eb96e7f8206575b85bbe9d18e80ac\",\"name\":\"htolvane\",\"image\":{\"@type\":\"ImageObject\",\"inLanguage\":\"fi\",\"@id\":\"https:\\\/\\\/secure.gravatar.com\\\/avatar\\\/3bb9d50f1816175355ff7354877dc3898d15012f382ab190ecc9ebfe3a5550ca?s=96&r=g\",\"url\":\"https:\\\/\\\/secure.gravatar.com\\\/avatar\\\/3bb9d50f1816175355ff7354877dc3898d15012f382ab190ecc9ebfe3a5550ca?s=96&r=g\",\"contentUrl\":\"https:\\\/\\\/secure.gravatar.com\\\/avatar\\\/3bb9d50f1816175355ff7354877dc3898d15012f382ab190ecc9ebfe3a5550ca?s=96&r=g\",\"caption\":\"htolvane\"},\"url\":\"https:\\\/\\\/blogs.uef.fi\\\/oikeuttakohtuudella\\\/author\\\/htolvane\\\/\"}]}<\/script>\n<!-- \/ Yoast SEO plugin. -->","yoast_head_json":{"title":"\u201dVarjoja Paratiisissa? Muistisairaan ihmisen oikeuksien toteutuminen hyvinvointivaltiossa\u201d -hankkeen menetelm\u00e4llinen moninaisuus - OIKEUTTA KOHTUUDELLA \u2013 THE BLOG OF UEF LAW SCHOOL","robots":{"index":"index","follow":"follow","max-snippet":"max-snippet:-1","max-image-preview":"max-image-preview:large","max-video-preview":"max-video-preview:-1"},"canonical":"https:\/\/blogs.uef.fi\/oikeuttakohtuudella\/2023\/06\/12\/varjoja-paratiisissa-muistisairaan-ihmisen-oikeuksien-toteutuminen-hyvinvointivaltiossa-hankkeen-menetelmallinen-moninaisuus\/","og_locale":"fi_FI","og_type":"article","og_title":"\u201dVarjoja Paratiisissa? Muistisairaan ihmisen oikeuksien toteutuminen hyvinvointivaltiossa\u201d -hankkeen menetelm\u00e4llinen moninaisuus - OIKEUTTA KOHTUUDELLA \u2013 THE BLOG OF UEF LAW SCHOOL","og_description":"Katri Gadd ja Kaijus Ervasti Gadd on tutkijatohtori ja Ervasti tutkimusjohtaja It\u00e4-Suomen yliopistossa oikeustieteiden laitoksella. &nbsp; Vuoden 2022 alussa Hyvinvointioikeuden keskuksessa alkoi Koneen S\u00e4\u00e4ti\u00f6n rahoittama kolmevuotinen hanke \u201dVarjoja paratiisissa? Muistisairaan ihmisen oikeuksien toteutuminen hyvinvointivaltiossa\u201d (VAPA). Hankkeen aikana tarkoituksenamme on selvitt\u00e4\u00e4 muistisairaiden ihmisten oikeusongelmia ja niiden korjauskeinoja. Tavoitteenamme on k\u00e4yd\u00e4 yhteiskunnallista keskustelua muistisairaiden ihmisten asemasta yhteiskunnassa. [&hellip;]","og_url":"https:\/\/blogs.uef.fi\/oikeuttakohtuudella\/2023\/06\/12\/varjoja-paratiisissa-muistisairaan-ihmisen-oikeuksien-toteutuminen-hyvinvointivaltiossa-hankkeen-menetelmallinen-moninaisuus\/","og_site_name":"OIKEUTTA KOHTUUDELLA \u2013 THE BLOG OF UEF LAW SCHOOL","article_published_time":"2023-06-12T07:44:54+00:00","article_modified_time":"2025-07-28T14:24:26+00:00","og_image":[{"width":1182,"height":1182,"url":"https:\/\/blogs.uef.fi\/oikeuttakohtuudella\/wp-content\/uploads\/sites\/9\/2023\/06\/UEF_Hyvinvointioikeuden_Keskus_Juhlalogo-05.jpg","type":"image\/jpeg"}],"author":"htolvane","twitter_card":"summary_large_image","twitter_misc":{"Kirjoittanut":"htolvane","Arvioitu lukuaika":"6 minuuttia"},"schema":{"@context":"https:\/\/schema.org","@graph":[{"@type":"Article","@id":"https:\/\/blogs.uef.fi\/oikeuttakohtuudella\/2023\/06\/12\/varjoja-paratiisissa-muistisairaan-ihmisen-oikeuksien-toteutuminen-hyvinvointivaltiossa-hankkeen-menetelmallinen-moninaisuus\/#article","isPartOf":{"@id":"https:\/\/blogs.uef.fi\/oikeuttakohtuudella\/2023\/06\/12\/varjoja-paratiisissa-muistisairaan-ihmisen-oikeuksien-toteutuminen-hyvinvointivaltiossa-hankkeen-menetelmallinen-moninaisuus\/"},"author":{"name":"htolvane","@id":"https:\/\/blogs.uef.fi\/oikeuttakohtuudella\/#\/schema\/person\/077eb96e7f8206575b85bbe9d18e80ac"},"headline":"\u201dVarjoja Paratiisissa? Muistisairaan ihmisen oikeuksien toteutuminen hyvinvointivaltiossa\u201d -hankkeen menetelm\u00e4llinen moninaisuus","datePublished":"2023-06-12T07:44:54+00:00","dateModified":"2025-07-28T14:24:26+00:00","mainEntityOfPage":{"@id":"https:\/\/blogs.uef.fi\/oikeuttakohtuudella\/2023\/06\/12\/varjoja-paratiisissa-muistisairaan-ihmisen-oikeuksien-toteutuminen-hyvinvointivaltiossa-hankkeen-menetelmallinen-moninaisuus\/"},"wordCount":1015,"image":{"@id":"https:\/\/blogs.uef.fi\/oikeuttakohtuudella\/2023\/06\/12\/varjoja-paratiisissa-muistisairaan-ihmisen-oikeuksien-toteutuminen-hyvinvointivaltiossa-hankkeen-menetelmallinen-moninaisuus\/#primaryimage"},"thumbnailUrl":"https:\/\/blogs.uef.fi\/oikeuttakohtuudella\/wp-content\/uploads\/sites\/9\/2023\/06\/UEF_Hyvinvointioikeuden_Keskus_Juhlalogo-05-150x150.jpg","articleSection":["Uncategorized"],"inLanguage":"fi"},{"@type":"WebPage","@id":"https:\/\/blogs.uef.fi\/oikeuttakohtuudella\/2023\/06\/12\/varjoja-paratiisissa-muistisairaan-ihmisen-oikeuksien-toteutuminen-hyvinvointivaltiossa-hankkeen-menetelmallinen-moninaisuus\/","url":"https:\/\/blogs.uef.fi\/oikeuttakohtuudella\/2023\/06\/12\/varjoja-paratiisissa-muistisairaan-ihmisen-oikeuksien-toteutuminen-hyvinvointivaltiossa-hankkeen-menetelmallinen-moninaisuus\/","name":"\u201dVarjoja Paratiisissa? Muistisairaan ihmisen oikeuksien toteutuminen hyvinvointivaltiossa\u201d -hankkeen menetelm\u00e4llinen moninaisuus - OIKEUTTA KOHTUUDELLA \u2013 THE BLOG OF UEF LAW SCHOOL","isPartOf":{"@id":"https:\/\/blogs.uef.fi\/oikeuttakohtuudella\/#website"},"primaryImageOfPage":{"@id":"https:\/\/blogs.uef.fi\/oikeuttakohtuudella\/2023\/06\/12\/varjoja-paratiisissa-muistisairaan-ihmisen-oikeuksien-toteutuminen-hyvinvointivaltiossa-hankkeen-menetelmallinen-moninaisuus\/#primaryimage"},"image":{"@id":"https:\/\/blogs.uef.fi\/oikeuttakohtuudella\/2023\/06\/12\/varjoja-paratiisissa-muistisairaan-ihmisen-oikeuksien-toteutuminen-hyvinvointivaltiossa-hankkeen-menetelmallinen-moninaisuus\/#primaryimage"},"thumbnailUrl":"https:\/\/blogs.uef.fi\/oikeuttakohtuudella\/wp-content\/uploads\/sites\/9\/2023\/06\/UEF_Hyvinvointioikeuden_Keskus_Juhlalogo-05-150x150.jpg","datePublished":"2023-06-12T07:44:54+00:00","dateModified":"2025-07-28T14:24:26+00:00","author":{"@id":"https:\/\/blogs.uef.fi\/oikeuttakohtuudella\/#\/schema\/person\/077eb96e7f8206575b85bbe9d18e80ac"},"breadcrumb":{"@id":"https:\/\/blogs.uef.fi\/oikeuttakohtuudella\/2023\/06\/12\/varjoja-paratiisissa-muistisairaan-ihmisen-oikeuksien-toteutuminen-hyvinvointivaltiossa-hankkeen-menetelmallinen-moninaisuus\/#breadcrumb"},"inLanguage":"fi","potentialAction":[{"@type":"ReadAction","target":["https:\/\/blogs.uef.fi\/oikeuttakohtuudella\/2023\/06\/12\/varjoja-paratiisissa-muistisairaan-ihmisen-oikeuksien-toteutuminen-hyvinvointivaltiossa-hankkeen-menetelmallinen-moninaisuus\/"]}]},{"@type":"ImageObject","inLanguage":"fi","@id":"https:\/\/blogs.uef.fi\/oikeuttakohtuudella\/2023\/06\/12\/varjoja-paratiisissa-muistisairaan-ihmisen-oikeuksien-toteutuminen-hyvinvointivaltiossa-hankkeen-menetelmallinen-moninaisuus\/#primaryimage","url":"https:\/\/blogs.uef.fi\/oikeuttakohtuudella\/wp-content\/uploads\/sites\/9\/2023\/06\/UEF_Hyvinvointioikeuden_Keskus_Juhlalogo-05.jpg","contentUrl":"https:\/\/blogs.uef.fi\/oikeuttakohtuudella\/wp-content\/uploads\/sites\/9\/2023\/06\/UEF_Hyvinvointioikeuden_Keskus_Juhlalogo-05.jpg","width":1182,"height":1182,"caption":"Hyvinvointioikeuden keskus t\u00e4ytt\u00e4\u00e4 vuonna 2023 viisi vuotta ja juhlii kasvuaan alan merkitt\u00e4vimm\u00e4ksi tutkimus- ja opetuskeskittym\u00e4ksi Suomessa. Hyvinvointioikeuden keskus kokoaa yhteen ihmisten hyvinvointiin liittyv\u00e4n monitieteisen oikeudellisen tutkimuksen, asiantuntijuuden ja koulutuksen It\u00e4-Suomen yliopistossa. It\u00e4-Suomen yliopisto on ainoa yliopisto Suomessa, jossa hyvinvointioikeutta voi opiskella p\u00e4\u00e4aineena. Keskuksessa toimii noin 30 tutkijaa hyvinvointioikeuden eri aloilta"},{"@type":"BreadcrumbList","@id":"https:\/\/blogs.uef.fi\/oikeuttakohtuudella\/2023\/06\/12\/varjoja-paratiisissa-muistisairaan-ihmisen-oikeuksien-toteutuminen-hyvinvointivaltiossa-hankkeen-menetelmallinen-moninaisuus\/#breadcrumb","itemListElement":[{"@type":"ListItem","position":1,"name":"Home","item":"https:\/\/blogs.uef.fi\/oikeuttakohtuudella\/"},{"@type":"ListItem","position":2,"name":"\u201dVarjoja Paratiisissa? Muistisairaan ihmisen oikeuksien toteutuminen hyvinvointivaltiossa\u201d -hankkeen menetelm\u00e4llinen moninaisuus"}]},{"@type":"WebSite","@id":"https:\/\/blogs.uef.fi\/oikeuttakohtuudella\/#website","url":"https:\/\/blogs.uef.fi\/oikeuttakohtuudella\/","name":"OIKEUTTA KOHTUUDELLA \u2013 THE BLOG OF UEF LAW SCHOOL","description":"","potentialAction":[{"@type":"SearchAction","target":{"@type":"EntryPoint","urlTemplate":"https:\/\/blogs.uef.fi\/oikeuttakohtuudella\/?s={search_term_string}"},"query-input":{"@type":"PropertyValueSpecification","valueRequired":true,"valueName":"search_term_string"}}],"inLanguage":"fi"},{"@type":"Person","@id":"https:\/\/blogs.uef.fi\/oikeuttakohtuudella\/#\/schema\/person\/077eb96e7f8206575b85bbe9d18e80ac","name":"htolvane","image":{"@type":"ImageObject","inLanguage":"fi","@id":"https:\/\/secure.gravatar.com\/avatar\/3bb9d50f1816175355ff7354877dc3898d15012f382ab190ecc9ebfe3a5550ca?s=96&r=g","url":"https:\/\/secure.gravatar.com\/avatar\/3bb9d50f1816175355ff7354877dc3898d15012f382ab190ecc9ebfe3a5550ca?s=96&r=g","contentUrl":"https:\/\/secure.gravatar.com\/avatar\/3bb9d50f1816175355ff7354877dc3898d15012f382ab190ecc9ebfe3a5550ca?s=96&r=g","caption":"htolvane"},"url":"https:\/\/blogs.uef.fi\/oikeuttakohtuudella\/author\/htolvane\/"}]}},"_links":{"self":[{"href":"https:\/\/blogs.uef.fi\/oikeuttakohtuudella\/wp-json\/wp\/v2\/posts\/2258","targetHints":{"allow":["GET"]}}],"collection":[{"href":"https:\/\/blogs.uef.fi\/oikeuttakohtuudella\/wp-json\/wp\/v2\/posts"}],"about":[{"href":"https:\/\/blogs.uef.fi\/oikeuttakohtuudella\/wp-json\/wp\/v2\/types\/post"}],"author":[{"embeddable":true,"href":"https:\/\/blogs.uef.fi\/oikeuttakohtuudella\/wp-json\/wp\/v2\/users\/441"}],"replies":[{"embeddable":true,"href":"https:\/\/blogs.uef.fi\/oikeuttakohtuudella\/wp-json\/wp\/v2\/comments?post=2258"}],"version-history":[{"count":2,"href":"https:\/\/blogs.uef.fi\/oikeuttakohtuudella\/wp-json\/wp\/v2\/posts\/2258\/revisions"}],"predecessor-version":[{"id":3013,"href":"https:\/\/blogs.uef.fi\/oikeuttakohtuudella\/wp-json\/wp\/v2\/posts\/2258\/revisions\/3013"}],"wp:attachment":[{"href":"https:\/\/blogs.uef.fi\/oikeuttakohtuudella\/wp-json\/wp\/v2\/media?parent=2258"}],"wp:term":[{"taxonomy":"category","embeddable":true,"href":"https:\/\/blogs.uef.fi\/oikeuttakohtuudella\/wp-json\/wp\/v2\/categories?post=2258"},{"taxonomy":"post_tag","embeddable":true,"href":"https:\/\/blogs.uef.fi\/oikeuttakohtuudella\/wp-json\/wp\/v2\/tags?post=2258"}],"curies":[{"name":"wp","href":"https:\/\/api.w.org\/{rel}","templated":true}]}}