{"id":2208,"date":"2023-02-16T17:09:49","date_gmt":"2023-02-16T14:09:49","guid":{"rendered":"https:\/\/blogs.uef.fi\/oikeuttakohtuudella\/?p=2208"},"modified":"2025-07-28T16:22:46","modified_gmt":"2025-07-28T14:22:46","slug":"hyvinvointioikeutta-opiskelemassa","status":"publish","type":"post","link":"https:\/\/blogs.uef.fi\/oikeuttakohtuudella\/2023\/02\/16\/hyvinvointioikeutta-opiskelemassa\/","title":{"rendered":"Hyvinvointioikeutta opiskelemassa"},"content":{"rendered":"\n<p><strong>Nea Hakulinen<\/strong><\/p>\n\n\n\n<p><em>Hakulinen on hyvinvointioikeuden p\u00e4\u00e4aineopiskelija It\u00e4-Suomen yliopistossa oikeustieteiden laitoksella.<\/em><\/p>\n\n\n\n<p>It\u00e4-Suomen yliopistossa on syksyst\u00e4 2021 alkaen ollut ainutlaatuinen mahdollisuus opiskella hyvinvointioikeutta p\u00e4\u00e4aineena hallintotieteiden kandidaatin (HTK) ja hallintotieteiden maisterin (HTM) tutkinnoissa. Hyvinvointioikeuden koulutuksen tarkoituksena on vastata muuttuviin yhteiskunnallisiin, lains\u00e4\u00e4d\u00e4nn\u00f6llisiin ja yksil\u00f6n hyvinvointiin liittyviin monialaisiin oikeudellisiin kysymyksiin. P\u00e4\u00e4aineopiskelun mahdollistamisen tavoitteena on vastata ajankohtaisiin oikeudellisiin tutkimus- ja koulutustarpeisiin.<\/p>\n\n\n\n<p>Olen aloittanut opintoni vuonna 2019 avoimessa yliopistossa suorittamalla yleiset oikeusj\u00e4rjestysopinnot. P\u00e4\u00e4sty\u00e4ni avoimen v\u00e4yl\u00e4n kautta tutkinto-opiskelijaksi jatkoin opintojani suorittamalla aine- ja kieliopintoja. Kun tieto uudesta hyvinvointioikeuden p\u00e4\u00e4aineesta tuli, tuntui luonnolliselta vaihtaa p\u00e4\u00e4aineeni t\u00e4h\u00e4n. Olinhan jo muutoinkin opiskellut pitk\u00e4lti hyvinvointioikeuteen liittyvi\u00e4 kursseja ja miettinyt kandidaatin tutkielman kirjoittamista mielenterveyspalveluista.<\/p>\n\n\n\n<p>It\u00e4-Suomen yliopistossa muutkin kuin HTK- ja HTM-tutkintoja suorittavat julkisoikeuden opiskelijat voivat vapaan sivuaineoikeuden ansiosta suorittaa hyvinvointioikeuden opintoja. Hyvinvointioikeuden kurssitarjonta on laaja ja suoritustavat ovat monipuolisia, mik\u00e4 palvelee hyvin mm. et\u00e4n\u00e4 opiskelevia, ty\u00f6ss\u00e4k\u00e4yvi\u00e4 ja perheellisi\u00e4 opiskelijoita. Kurssitarjonnasta on helposti l\u00f6ydett\u00e4viss\u00e4 useita mielenkiintoisia kokonaisuuksia niin vammaispalveluista, p\u00e4ihde- ja mielenterveyshuollosta kuin lastensuojelustakin.<\/p>\n\n\n\n<p>Kurssien suoritusmuodot ovat varsin vaihtelevia ja monipuolisia. Pid\u00e4n vaihtoehtoisista suoritustavoista paljon enemm\u00e4n kuin perinteisist\u00e4 salitenteist\u00e4. Oppimisp\u00e4iv\u00e4kirjojen itsereflektointi kurssin aikana, seminaarity\u00f6skentely ja muu ryhm\u00e4ty\u00f6skentely on mukavaa vaihtelua. Samalla koen sis\u00e4ist\u00e4v\u00e4ni eri tavalla tietoa ja omaksuvani hy\u00f6dyllisi\u00e4 ty\u00f6el\u00e4m\u00e4n taitoja, kun opiskelu ei ole pelk\u00e4st\u00e4\u00e4n vain itsen\u00e4ist\u00e4 kirjoista p\u00e4ntt\u00e4\u00e4mist\u00e4.<\/p>\n\n\n\n<p>Vaikka opinnot ovat olleet monipuolisia ja mielenkiintoisia, eniten innostusta ja motivaatiota koin saavani opetusavustajan teht\u00e4vist\u00e4 hyvinvointioikeuden tiimiss\u00e4. Opetusavustajat toimivat oikeustieteiden laitoksen henkil\u00f6kunnan apuk\u00e4sin\u00e4, mutta my\u00f6s yhdenlaisena v\u00e4liportaana henkil\u00f6kunnan ja opiskelijoiden v\u00e4lill\u00e4, jolloin opiskelijoiden n\u00e4kemykset voivat paremmin tulla henkil\u00f6kunnalle kuulluksi. Oikeustieteiden laitoksen k\u00e4yt\u00e4nt\u00f6 palkata opetusavustajia on t\u00e4rke\u00e4, sill\u00e4 se auttaa hahmottamaan, mit\u00e4 oman alan ty\u00f6t voivatkaan pit\u00e4\u00e4 sis\u00e4ll\u00e4\u00e4n. Monelle se toimii my\u00f6s ponnahduslautana my\u00f6hemm\u00e4n tutkijauran aloittamiselle. Kuten jo aikaisemmin totesin, hyvinvointioikeuden tiimiss\u00e4 ty\u00f6skentely sai paremmin ymm\u00e4rt\u00e4m\u00e4\u00e4n, miten monitieteellinen ja ajankohtainen aihe hyvinvointioikeus on. Kannustankin kaikkia suorittamaan edes muutaman hyvinvointioikeuden kurssin ja mik\u00e4li mahdollista, hakeutumaan my\u00f6s opetus- ja tutkimusavustajaksi.<\/p>\n\n\n\n<p>Kirjoitus on osa hyvinvointioikeuden keskuksen juhlavuoden julkaisuja. Juhlavuotta voi seurata sosiaalisessa mediassa ottamalla seurantaan #HVO5vuotta.<\/p>\n\n\n\n<p>&nbsp;<\/p>\n\n\n\n<figure class=\"wp-block-image alignleft\"><a href=\"https:\/\/blogs.uef.fi\/oikeuttakohtuudella\/wp-content\/uploads\/sites\/9\/2023\/01\/UEF_Hyvinvointioikeuden_Keskus_Juhlalogo-05.jpg\"><img loading=\"lazy\" decoding=\"async\" width=\"150\" height=\"150\" src=\"https:\/\/blogs.uef.fi\/oikeuttakohtuudella\/wp-content\/uploads\/sites\/9\/2023\/01\/UEF_Hyvinvointioikeuden_Keskus_Juhlalogo-05-150x150.jpg\" alt=\"Hyvinvointioikeuden keskuksen 5-vuotisjuhlavuoden logo\" class=\"wp-image-2189\" srcset=\"https:\/\/blogs.uef.fi\/oikeuttakohtuudella\/wp-content\/uploads\/sites\/9\/2023\/01\/UEF_Hyvinvointioikeuden_Keskus_Juhlalogo-05-150x150.jpg 150w, https:\/\/blogs.uef.fi\/oikeuttakohtuudella\/wp-content\/uploads\/sites\/9\/2023\/01\/UEF_Hyvinvointioikeuden_Keskus_Juhlalogo-05-768x768.jpg 768w, https:\/\/blogs.uef.fi\/oikeuttakohtuudella\/wp-content\/uploads\/sites\/9\/2023\/01\/UEF_Hyvinvointioikeuden_Keskus_Juhlalogo-05-100x100.jpg 100w, https:\/\/blogs.uef.fi\/oikeuttakohtuudella\/wp-content\/uploads\/sites\/9\/2023\/01\/UEF_Hyvinvointioikeuden_Keskus_Juhlalogo-05.jpg 1182w\" sizes=\"auto, (max-width: 150px) 100vw, 150px\" \/><\/a><\/figure>\n\n\n\n<p><em><a href=\"https:\/\/sites.uef.fi\/hyvinvointioikeus\/\">Hyvinvointioikeuden keskus<\/a> t\u00e4ytt\u00e4\u00e4 vuonna 2023 viisi vuotta ja juhlii kasvuaan alan merkitt\u00e4vimm\u00e4ksi tutkimus- ja opetuskeskittym\u00e4ksi Suomessa. Hyvinvointioikeuden keskus kokoaa yhteen ihmisten<\/em><br><em>hyvinvointiin liittyv\u00e4n monitieteisen oikeudellisen tutkimuksen, asiantuntijuuden ja koulutuksen It\u00e4-Suomen yliopistossa. It\u00e4-Suomen yliopisto on ainoa yliopisto Suomessa, jossa hyvinvointioikeutta voi opiskella p\u00e4\u00e4aineena. Keskuksessa toimii noin 30 tutkijaa hyvinvointioikeuden eri aloilta.<\/em><\/p>\n","protected":false},"excerpt":{"rendered":"<p>Nea Hakulinen Hakulinen on hyvinvointioikeuden p\u00e4\u00e4aineopiskelija It\u00e4-Suomen yliopistossa oikeustieteiden laitoksella. It\u00e4-Suomen yliopistossa on syksyst\u00e4 2021 alkaen ollut ainutlaatuinen mahdollisuus opiskella hyvinvointioikeutta p\u00e4\u00e4aineena hallintotieteiden kandidaatin (HTK) ja hallintotieteiden maisterin (HTM) tutkinnoissa. Hyvinvointioikeuden koulutuksen tarkoituksena on vastata muuttuviin yhteiskunnallisiin, lains\u00e4\u00e4d\u00e4nn\u00f6llisiin ja yksil\u00f6n hyvinvointiin liittyviin monialaisiin oikeudellisiin kysymyksiin. P\u00e4\u00e4aineopiskelun mahdollistamisen tavoitteena on vastata ajankohtaisiin oikeudellisiin tutkimus- ja koulutustarpeisiin. [&hellip;]<\/p>\n","protected":false},"author":441,"featured_media":0,"comment_status":"closed","ping_status":"closed","sticky":false,"template":"","format":"standard","meta":{"_acf_changed":false,"footnotes":""},"categories":[1],"tags":[],"class_list":["post-2208","post","type-post","status-publish","format-standard","hentry","category-uncategorized"],"acf":[],"yoast_head":"<!-- This site is optimized with the Yoast SEO plugin v27.3 - https:\/\/yoast.com\/product\/yoast-seo-wordpress\/ -->\n<title>Hyvinvointioikeutta opiskelemassa - OIKEUTTA KOHTUUDELLA \u2013 THE BLOG OF UEF LAW SCHOOL<\/title>\n<meta name=\"robots\" content=\"index, follow, max-snippet:-1, max-image-preview:large, max-video-preview:-1\" \/>\n<link rel=\"canonical\" href=\"https:\/\/blogs.uef.fi\/oikeuttakohtuudella\/2023\/02\/16\/hyvinvointioikeutta-opiskelemassa\/\" \/>\n<meta property=\"og:locale\" content=\"fi_FI\" \/>\n<meta property=\"og:type\" content=\"article\" \/>\n<meta property=\"og:title\" content=\"Hyvinvointioikeutta opiskelemassa - OIKEUTTA KOHTUUDELLA \u2013 THE BLOG OF UEF LAW SCHOOL\" \/>\n<meta property=\"og:description\" content=\"Nea Hakulinen Hakulinen on hyvinvointioikeuden p\u00e4\u00e4aineopiskelija It\u00e4-Suomen yliopistossa oikeustieteiden laitoksella. It\u00e4-Suomen yliopistossa on syksyst\u00e4 2021 alkaen ollut ainutlaatuinen mahdollisuus opiskella hyvinvointioikeutta p\u00e4\u00e4aineena hallintotieteiden kandidaatin (HTK) ja hallintotieteiden maisterin (HTM) tutkinnoissa. Hyvinvointioikeuden koulutuksen tarkoituksena on vastata muuttuviin yhteiskunnallisiin, lains\u00e4\u00e4d\u00e4nn\u00f6llisiin ja yksil\u00f6n hyvinvointiin liittyviin monialaisiin oikeudellisiin kysymyksiin. P\u00e4\u00e4aineopiskelun mahdollistamisen tavoitteena on vastata ajankohtaisiin oikeudellisiin tutkimus- ja koulutustarpeisiin. [&hellip;]\" \/>\n<meta property=\"og:url\" content=\"https:\/\/blogs.uef.fi\/oikeuttakohtuudella\/2023\/02\/16\/hyvinvointioikeutta-opiskelemassa\/\" \/>\n<meta property=\"og:site_name\" content=\"OIKEUTTA KOHTUUDELLA \u2013 THE BLOG OF UEF LAW SCHOOL\" \/>\n<meta property=\"article:published_time\" content=\"2023-02-16T14:09:49+00:00\" \/>\n<meta property=\"article:modified_time\" content=\"2025-07-28T14:22:46+00:00\" \/>\n<meta property=\"og:image\" content=\"https:\/\/blogs.uef.fi\/oikeuttakohtuudella\/wp-content\/uploads\/sites\/9\/2023\/01\/UEF_Hyvinvointioikeuden_Keskus_Juhlalogo-05.jpg\" \/>\n\t<meta property=\"og:image:width\" content=\"1182\" \/>\n\t<meta property=\"og:image:height\" content=\"1182\" \/>\n\t<meta property=\"og:image:type\" content=\"image\/jpeg\" \/>\n<meta name=\"author\" content=\"htolvane\" \/>\n<meta name=\"twitter:card\" content=\"summary_large_image\" \/>\n<meta name=\"twitter:label1\" content=\"Kirjoittanut\" \/>\n\t<meta name=\"twitter:data1\" content=\"htolvane\" \/>\n\t<meta name=\"twitter:label2\" content=\"Arvioitu lukuaika\" \/>\n\t<meta name=\"twitter:data2\" content=\"3 minuuttia\" \/>\n<script type=\"application\/ld+json\" class=\"yoast-schema-graph\">{\"@context\":\"https:\\\/\\\/schema.org\",\"@graph\":[{\"@type\":\"Article\",\"@id\":\"https:\\\/\\\/blogs.uef.fi\\\/oikeuttakohtuudella\\\/2023\\\/02\\\/16\\\/hyvinvointioikeutta-opiskelemassa\\\/#article\",\"isPartOf\":{\"@id\":\"https:\\\/\\\/blogs.uef.fi\\\/oikeuttakohtuudella\\\/2023\\\/02\\\/16\\\/hyvinvointioikeutta-opiskelemassa\\\/\"},\"author\":{\"name\":\"htolvane\",\"@id\":\"https:\\\/\\\/blogs.uef.fi\\\/oikeuttakohtuudella\\\/#\\\/schema\\\/person\\\/077eb96e7f8206575b85bbe9d18e80ac\"},\"headline\":\"Hyvinvointioikeutta opiskelemassa\",\"datePublished\":\"2023-02-16T14:09:49+00:00\",\"dateModified\":\"2025-07-28T14:22:46+00:00\",\"mainEntityOfPage\":{\"@id\":\"https:\\\/\\\/blogs.uef.fi\\\/oikeuttakohtuudella\\\/2023\\\/02\\\/16\\\/hyvinvointioikeutta-opiskelemassa\\\/\"},\"wordCount\":436,\"image\":{\"@id\":\"https:\\\/\\\/blogs.uef.fi\\\/oikeuttakohtuudella\\\/2023\\\/02\\\/16\\\/hyvinvointioikeutta-opiskelemassa\\\/#primaryimage\"},\"thumbnailUrl\":\"https:\\\/\\\/blogs.uef.fi\\\/oikeuttakohtuudella\\\/wp-content\\\/uploads\\\/sites\\\/9\\\/2023\\\/01\\\/UEF_Hyvinvointioikeuden_Keskus_Juhlalogo-05-150x150.jpg\",\"articleSection\":[\"Uncategorized\"],\"inLanguage\":\"fi\"},{\"@type\":\"WebPage\",\"@id\":\"https:\\\/\\\/blogs.uef.fi\\\/oikeuttakohtuudella\\\/2023\\\/02\\\/16\\\/hyvinvointioikeutta-opiskelemassa\\\/\",\"url\":\"https:\\\/\\\/blogs.uef.fi\\\/oikeuttakohtuudella\\\/2023\\\/02\\\/16\\\/hyvinvointioikeutta-opiskelemassa\\\/\",\"name\":\"Hyvinvointioikeutta opiskelemassa - OIKEUTTA KOHTUUDELLA \u2013 THE BLOG OF UEF LAW SCHOOL\",\"isPartOf\":{\"@id\":\"https:\\\/\\\/blogs.uef.fi\\\/oikeuttakohtuudella\\\/#website\"},\"primaryImageOfPage\":{\"@id\":\"https:\\\/\\\/blogs.uef.fi\\\/oikeuttakohtuudella\\\/2023\\\/02\\\/16\\\/hyvinvointioikeutta-opiskelemassa\\\/#primaryimage\"},\"image\":{\"@id\":\"https:\\\/\\\/blogs.uef.fi\\\/oikeuttakohtuudella\\\/2023\\\/02\\\/16\\\/hyvinvointioikeutta-opiskelemassa\\\/#primaryimage\"},\"thumbnailUrl\":\"https:\\\/\\\/blogs.uef.fi\\\/oikeuttakohtuudella\\\/wp-content\\\/uploads\\\/sites\\\/9\\\/2023\\\/01\\\/UEF_Hyvinvointioikeuden_Keskus_Juhlalogo-05-150x150.jpg\",\"datePublished\":\"2023-02-16T14:09:49+00:00\",\"dateModified\":\"2025-07-28T14:22:46+00:00\",\"author\":{\"@id\":\"https:\\\/\\\/blogs.uef.fi\\\/oikeuttakohtuudella\\\/#\\\/schema\\\/person\\\/077eb96e7f8206575b85bbe9d18e80ac\"},\"breadcrumb\":{\"@id\":\"https:\\\/\\\/blogs.uef.fi\\\/oikeuttakohtuudella\\\/2023\\\/02\\\/16\\\/hyvinvointioikeutta-opiskelemassa\\\/#breadcrumb\"},\"inLanguage\":\"fi\",\"potentialAction\":[{\"@type\":\"ReadAction\",\"target\":[\"https:\\\/\\\/blogs.uef.fi\\\/oikeuttakohtuudella\\\/2023\\\/02\\\/16\\\/hyvinvointioikeutta-opiskelemassa\\\/\"]}]},{\"@type\":\"ImageObject\",\"inLanguage\":\"fi\",\"@id\":\"https:\\\/\\\/blogs.uef.fi\\\/oikeuttakohtuudella\\\/2023\\\/02\\\/16\\\/hyvinvointioikeutta-opiskelemassa\\\/#primaryimage\",\"url\":\"https:\\\/\\\/blogs.uef.fi\\\/oikeuttakohtuudella\\\/wp-content\\\/uploads\\\/sites\\\/9\\\/2023\\\/01\\\/UEF_Hyvinvointioikeuden_Keskus_Juhlalogo-05.jpg\",\"contentUrl\":\"https:\\\/\\\/blogs.uef.fi\\\/oikeuttakohtuudella\\\/wp-content\\\/uploads\\\/sites\\\/9\\\/2023\\\/01\\\/UEF_Hyvinvointioikeuden_Keskus_Juhlalogo-05.jpg\",\"width\":1182,\"height\":1182,\"caption\":\"Hyvinvointioikeuden keskuksen 5-vuotisjuhlavuoden logo\"},{\"@type\":\"BreadcrumbList\",\"@id\":\"https:\\\/\\\/blogs.uef.fi\\\/oikeuttakohtuudella\\\/2023\\\/02\\\/16\\\/hyvinvointioikeutta-opiskelemassa\\\/#breadcrumb\",\"itemListElement\":[{\"@type\":\"ListItem\",\"position\":1,\"name\":\"Home\",\"item\":\"https:\\\/\\\/blogs.uef.fi\\\/oikeuttakohtuudella\\\/\"},{\"@type\":\"ListItem\",\"position\":2,\"name\":\"Hyvinvointioikeutta opiskelemassa\"}]},{\"@type\":\"WebSite\",\"@id\":\"https:\\\/\\\/blogs.uef.fi\\\/oikeuttakohtuudella\\\/#website\",\"url\":\"https:\\\/\\\/blogs.uef.fi\\\/oikeuttakohtuudella\\\/\",\"name\":\"OIKEUTTA KOHTUUDELLA \u2013 THE BLOG OF UEF LAW SCHOOL\",\"description\":\"\",\"potentialAction\":[{\"@type\":\"SearchAction\",\"target\":{\"@type\":\"EntryPoint\",\"urlTemplate\":\"https:\\\/\\\/blogs.uef.fi\\\/oikeuttakohtuudella\\\/?s={search_term_string}\"},\"query-input\":{\"@type\":\"PropertyValueSpecification\",\"valueRequired\":true,\"valueName\":\"search_term_string\"}}],\"inLanguage\":\"fi\"},{\"@type\":\"Person\",\"@id\":\"https:\\\/\\\/blogs.uef.fi\\\/oikeuttakohtuudella\\\/#\\\/schema\\\/person\\\/077eb96e7f8206575b85bbe9d18e80ac\",\"name\":\"htolvane\",\"image\":{\"@type\":\"ImageObject\",\"inLanguage\":\"fi\",\"@id\":\"https:\\\/\\\/secure.gravatar.com\\\/avatar\\\/3bb9d50f1816175355ff7354877dc3898d15012f382ab190ecc9ebfe3a5550ca?s=96&r=g\",\"url\":\"https:\\\/\\\/secure.gravatar.com\\\/avatar\\\/3bb9d50f1816175355ff7354877dc3898d15012f382ab190ecc9ebfe3a5550ca?s=96&r=g\",\"contentUrl\":\"https:\\\/\\\/secure.gravatar.com\\\/avatar\\\/3bb9d50f1816175355ff7354877dc3898d15012f382ab190ecc9ebfe3a5550ca?s=96&r=g\",\"caption\":\"htolvane\"},\"url\":\"https:\\\/\\\/blogs.uef.fi\\\/oikeuttakohtuudella\\\/author\\\/htolvane\\\/\"}]}<\/script>\n<!-- \/ Yoast SEO plugin. -->","yoast_head_json":{"title":"Hyvinvointioikeutta opiskelemassa - OIKEUTTA KOHTUUDELLA \u2013 THE BLOG OF UEF LAW SCHOOL","robots":{"index":"index","follow":"follow","max-snippet":"max-snippet:-1","max-image-preview":"max-image-preview:large","max-video-preview":"max-video-preview:-1"},"canonical":"https:\/\/blogs.uef.fi\/oikeuttakohtuudella\/2023\/02\/16\/hyvinvointioikeutta-opiskelemassa\/","og_locale":"fi_FI","og_type":"article","og_title":"Hyvinvointioikeutta opiskelemassa - OIKEUTTA KOHTUUDELLA \u2013 THE BLOG OF UEF LAW SCHOOL","og_description":"Nea Hakulinen Hakulinen on hyvinvointioikeuden p\u00e4\u00e4aineopiskelija It\u00e4-Suomen yliopistossa oikeustieteiden laitoksella. It\u00e4-Suomen yliopistossa on syksyst\u00e4 2021 alkaen ollut ainutlaatuinen mahdollisuus opiskella hyvinvointioikeutta p\u00e4\u00e4aineena hallintotieteiden kandidaatin (HTK) ja hallintotieteiden maisterin (HTM) tutkinnoissa. Hyvinvointioikeuden koulutuksen tarkoituksena on vastata muuttuviin yhteiskunnallisiin, lains\u00e4\u00e4d\u00e4nn\u00f6llisiin ja yksil\u00f6n hyvinvointiin liittyviin monialaisiin oikeudellisiin kysymyksiin. P\u00e4\u00e4aineopiskelun mahdollistamisen tavoitteena on vastata ajankohtaisiin oikeudellisiin tutkimus- ja koulutustarpeisiin. [&hellip;]","og_url":"https:\/\/blogs.uef.fi\/oikeuttakohtuudella\/2023\/02\/16\/hyvinvointioikeutta-opiskelemassa\/","og_site_name":"OIKEUTTA KOHTUUDELLA \u2013 THE BLOG OF UEF LAW SCHOOL","article_published_time":"2023-02-16T14:09:49+00:00","article_modified_time":"2025-07-28T14:22:46+00:00","og_image":[{"width":1182,"height":1182,"url":"https:\/\/blogs.uef.fi\/oikeuttakohtuudella\/wp-content\/uploads\/sites\/9\/2023\/01\/UEF_Hyvinvointioikeuden_Keskus_Juhlalogo-05.jpg","type":"image\/jpeg"}],"author":"htolvane","twitter_card":"summary_large_image","twitter_misc":{"Kirjoittanut":"htolvane","Arvioitu lukuaika":"3 minuuttia"},"schema":{"@context":"https:\/\/schema.org","@graph":[{"@type":"Article","@id":"https:\/\/blogs.uef.fi\/oikeuttakohtuudella\/2023\/02\/16\/hyvinvointioikeutta-opiskelemassa\/#article","isPartOf":{"@id":"https:\/\/blogs.uef.fi\/oikeuttakohtuudella\/2023\/02\/16\/hyvinvointioikeutta-opiskelemassa\/"},"author":{"name":"htolvane","@id":"https:\/\/blogs.uef.fi\/oikeuttakohtuudella\/#\/schema\/person\/077eb96e7f8206575b85bbe9d18e80ac"},"headline":"Hyvinvointioikeutta opiskelemassa","datePublished":"2023-02-16T14:09:49+00:00","dateModified":"2025-07-28T14:22:46+00:00","mainEntityOfPage":{"@id":"https:\/\/blogs.uef.fi\/oikeuttakohtuudella\/2023\/02\/16\/hyvinvointioikeutta-opiskelemassa\/"},"wordCount":436,"image":{"@id":"https:\/\/blogs.uef.fi\/oikeuttakohtuudella\/2023\/02\/16\/hyvinvointioikeutta-opiskelemassa\/#primaryimage"},"thumbnailUrl":"https:\/\/blogs.uef.fi\/oikeuttakohtuudella\/wp-content\/uploads\/sites\/9\/2023\/01\/UEF_Hyvinvointioikeuden_Keskus_Juhlalogo-05-150x150.jpg","articleSection":["Uncategorized"],"inLanguage":"fi"},{"@type":"WebPage","@id":"https:\/\/blogs.uef.fi\/oikeuttakohtuudella\/2023\/02\/16\/hyvinvointioikeutta-opiskelemassa\/","url":"https:\/\/blogs.uef.fi\/oikeuttakohtuudella\/2023\/02\/16\/hyvinvointioikeutta-opiskelemassa\/","name":"Hyvinvointioikeutta opiskelemassa - OIKEUTTA KOHTUUDELLA \u2013 THE BLOG OF UEF LAW SCHOOL","isPartOf":{"@id":"https:\/\/blogs.uef.fi\/oikeuttakohtuudella\/#website"},"primaryImageOfPage":{"@id":"https:\/\/blogs.uef.fi\/oikeuttakohtuudella\/2023\/02\/16\/hyvinvointioikeutta-opiskelemassa\/#primaryimage"},"image":{"@id":"https:\/\/blogs.uef.fi\/oikeuttakohtuudella\/2023\/02\/16\/hyvinvointioikeutta-opiskelemassa\/#primaryimage"},"thumbnailUrl":"https:\/\/blogs.uef.fi\/oikeuttakohtuudella\/wp-content\/uploads\/sites\/9\/2023\/01\/UEF_Hyvinvointioikeuden_Keskus_Juhlalogo-05-150x150.jpg","datePublished":"2023-02-16T14:09:49+00:00","dateModified":"2025-07-28T14:22:46+00:00","author":{"@id":"https:\/\/blogs.uef.fi\/oikeuttakohtuudella\/#\/schema\/person\/077eb96e7f8206575b85bbe9d18e80ac"},"breadcrumb":{"@id":"https:\/\/blogs.uef.fi\/oikeuttakohtuudella\/2023\/02\/16\/hyvinvointioikeutta-opiskelemassa\/#breadcrumb"},"inLanguage":"fi","potentialAction":[{"@type":"ReadAction","target":["https:\/\/blogs.uef.fi\/oikeuttakohtuudella\/2023\/02\/16\/hyvinvointioikeutta-opiskelemassa\/"]}]},{"@type":"ImageObject","inLanguage":"fi","@id":"https:\/\/blogs.uef.fi\/oikeuttakohtuudella\/2023\/02\/16\/hyvinvointioikeutta-opiskelemassa\/#primaryimage","url":"https:\/\/blogs.uef.fi\/oikeuttakohtuudella\/wp-content\/uploads\/sites\/9\/2023\/01\/UEF_Hyvinvointioikeuden_Keskus_Juhlalogo-05.jpg","contentUrl":"https:\/\/blogs.uef.fi\/oikeuttakohtuudella\/wp-content\/uploads\/sites\/9\/2023\/01\/UEF_Hyvinvointioikeuden_Keskus_Juhlalogo-05.jpg","width":1182,"height":1182,"caption":"Hyvinvointioikeuden keskuksen 5-vuotisjuhlavuoden logo"},{"@type":"BreadcrumbList","@id":"https:\/\/blogs.uef.fi\/oikeuttakohtuudella\/2023\/02\/16\/hyvinvointioikeutta-opiskelemassa\/#breadcrumb","itemListElement":[{"@type":"ListItem","position":1,"name":"Home","item":"https:\/\/blogs.uef.fi\/oikeuttakohtuudella\/"},{"@type":"ListItem","position":2,"name":"Hyvinvointioikeutta opiskelemassa"}]},{"@type":"WebSite","@id":"https:\/\/blogs.uef.fi\/oikeuttakohtuudella\/#website","url":"https:\/\/blogs.uef.fi\/oikeuttakohtuudella\/","name":"OIKEUTTA KOHTUUDELLA \u2013 THE BLOG OF UEF LAW SCHOOL","description":"","potentialAction":[{"@type":"SearchAction","target":{"@type":"EntryPoint","urlTemplate":"https:\/\/blogs.uef.fi\/oikeuttakohtuudella\/?s={search_term_string}"},"query-input":{"@type":"PropertyValueSpecification","valueRequired":true,"valueName":"search_term_string"}}],"inLanguage":"fi"},{"@type":"Person","@id":"https:\/\/blogs.uef.fi\/oikeuttakohtuudella\/#\/schema\/person\/077eb96e7f8206575b85bbe9d18e80ac","name":"htolvane","image":{"@type":"ImageObject","inLanguage":"fi","@id":"https:\/\/secure.gravatar.com\/avatar\/3bb9d50f1816175355ff7354877dc3898d15012f382ab190ecc9ebfe3a5550ca?s=96&r=g","url":"https:\/\/secure.gravatar.com\/avatar\/3bb9d50f1816175355ff7354877dc3898d15012f382ab190ecc9ebfe3a5550ca?s=96&r=g","contentUrl":"https:\/\/secure.gravatar.com\/avatar\/3bb9d50f1816175355ff7354877dc3898d15012f382ab190ecc9ebfe3a5550ca?s=96&r=g","caption":"htolvane"},"url":"https:\/\/blogs.uef.fi\/oikeuttakohtuudella\/author\/htolvane\/"}]}},"_links":{"self":[{"href":"https:\/\/blogs.uef.fi\/oikeuttakohtuudella\/wp-json\/wp\/v2\/posts\/2208","targetHints":{"allow":["GET"]}}],"collection":[{"href":"https:\/\/blogs.uef.fi\/oikeuttakohtuudella\/wp-json\/wp\/v2\/posts"}],"about":[{"href":"https:\/\/blogs.uef.fi\/oikeuttakohtuudella\/wp-json\/wp\/v2\/types\/post"}],"author":[{"embeddable":true,"href":"https:\/\/blogs.uef.fi\/oikeuttakohtuudella\/wp-json\/wp\/v2\/users\/441"}],"replies":[{"embeddable":true,"href":"https:\/\/blogs.uef.fi\/oikeuttakohtuudella\/wp-json\/wp\/v2\/comments?post=2208"}],"version-history":[{"count":2,"href":"https:\/\/blogs.uef.fi\/oikeuttakohtuudella\/wp-json\/wp\/v2\/posts\/2208\/revisions"}],"predecessor-version":[{"id":3009,"href":"https:\/\/blogs.uef.fi\/oikeuttakohtuudella\/wp-json\/wp\/v2\/posts\/2208\/revisions\/3009"}],"wp:attachment":[{"href":"https:\/\/blogs.uef.fi\/oikeuttakohtuudella\/wp-json\/wp\/v2\/media?parent=2208"}],"wp:term":[{"taxonomy":"category","embeddable":true,"href":"https:\/\/blogs.uef.fi\/oikeuttakohtuudella\/wp-json\/wp\/v2\/categories?post=2208"},{"taxonomy":"post_tag","embeddable":true,"href":"https:\/\/blogs.uef.fi\/oikeuttakohtuudella\/wp-json\/wp\/v2\/tags?post=2208"}],"curies":[{"name":"wp","href":"https:\/\/api.w.org\/{rel}","templated":true}]}}