{"id":2097,"date":"2022-06-07T11:55:21","date_gmt":"2022-06-07T08:55:21","guid":{"rendered":"https:\/\/blogs.uef.fi\/oikeuttakohtuudella\/?p=2097"},"modified":"2025-07-28T16:16:54","modified_gmt":"2025-07-28T14:16:54","slug":"kokemuksia-yliopistovaihdosta-nakokulmia-opiskelijoille-ja-henkilostolle","status":"publish","type":"post","link":"https:\/\/blogs.uef.fi\/oikeuttakohtuudella\/2022\/06\/07\/kokemuksia-yliopistovaihdosta-nakokulmia-opiskelijoille-ja-henkilostolle\/","title":{"rendered":"Kokemuksia yliopistovaihdosta \u2013 n\u00e4k\u00f6kulmia opiskelijoille ja henkil\u00f6st\u00f6lle"},"content":{"rendered":"\n<p>&nbsp;<\/p>\n\n\n\n<p><strong>Mika Nissinen<\/strong><\/p>\n\n\n\n<p><em>Nissinen on vero-oikeuden yliopistonlehtori It\u00e4-Suomen yliopistossa oikeustieteiden laitoksella.<\/em><\/p>\n\n\n\n<p>Yliopistovaihdosta tulee usein mieleen ennen kaikkea opiskelijoiden tekem\u00e4 vaihto-opiskelu toisessa yliopistossa, mutta my\u00f6s henkil\u00f6kunta voi l\u00e4hte\u00e4 vaihtoyliopistoon tutkijavierailulle. Henkil\u00f6st\u00f6lle suunnatun tutkijavierailun tavoitteena on muun muassa kehitt\u00e4\u00e4 opetus- ja tutkimustoimintaa sek\u00e4 yliopistojen v\u00e4lill\u00e4 ett\u00e4 henkil\u00f6kohtaisella tasolla. Tutkijavierailulla p\u00e4\u00e4see tutustumaan toisen yliopiston toimintaan sek\u00e4 sen henkil\u00f6kuntaan ja opiskelijoihin.<\/p>\n\n\n\n<p>Osana Erasmus+ -projektia osallistuin kev\u00e4\u00e4ll\u00e4 2022 kahden viikon ajan Navarran julkisen yliopiston (Universidad P\u00fablica de Navarra, UPNA) toimintaan Espanjassa (Pamplona). Tavoitteenani oli kehitt\u00e4\u00e4 opetus- ja tutkimustoimintaa UEF:n ja UPNA:n v\u00e4lill\u00e4,&nbsp; omaa vero-oikeuden osaamista sek\u00e4 jakaa osaamistani UPNA:lle.<\/p>\n\n\n\n<figure class=\"wp-block-image\"><a href=\"https:\/\/blogs.uef.fi\/oikeuttakohtuudella\/wp-content\/uploads\/sites\/9\/2022\/06\/Navarra.jpg\"><img loading=\"lazy\" decoding=\"async\" width=\"1479\" height=\"832\" src=\"https:\/\/blogs.uef.fi\/oikeuttakohtuudella\/wp-content\/uploads\/sites\/9\/2022\/06\/Navarra.jpg\" alt=\"Kuvassa n\u00e4kyy yhden laitoksen vaaleanharmaa rakennus, jossa py\u00f6reit\u00e4 ikkunoita katutasossa. Lis\u00e4ksi vihreit\u00e4 lehtipuita kampuksen puistotien varrella.\" class=\"wp-image-2099\" srcset=\"https:\/\/blogs.uef.fi\/oikeuttakohtuudella\/wp-content\/uploads\/sites\/9\/2022\/06\/Navarra.jpg 1479w, https:\/\/blogs.uef.fi\/oikeuttakohtuudella\/wp-content\/uploads\/sites\/9\/2022\/06\/Navarra-768x432.jpg 768w\" sizes=\"auto, (max-width: 1479px) 100vw, 1479px\" \/><\/a><\/figure>\n\n\n\n<p><\/p>\n\n\n\n<p>UPNA:ssa tapahtunut yhteisty\u00f6 piti sis\u00e4ll\u00e4\u00e4n mm. seuraavia kokonaisuuksia:<\/p>\n\n\n\n<ul class=\"wp-block-list\">\n<li>Seminaari: Church and taxation<\/li>\n\n\n\n<li>Luento: Tax system in Finland: a comparative overview<\/li>\n\n\n\n<li>Luento: The Evolution of the OECD Model Tax Convention on Tax Abuse<\/li>\n\n\n\n<li>Luento: Mobility and tax treaties (individuals and corporations)<\/li>\n\n\n\n<li>Luento: Investment funds and other selected issues<\/li>\n\n\n\n<li>Tutkimuksiin liittyv\u00e4 substanssikeskustelu<\/li>\n\n\n\n<li>V\u00e4it\u00f6skirjaohjaus (2 kpl)<\/li>\n\n\n\n<li>Tutustuminen UPNA:n toimintaan ja opetukseen erityisesti oikeustieteiden ja vero-oikeuden n\u00e4k\u00f6kulmasta<\/li>\n\n\n\n<li>Yhteisty\u00f6suunnittelu opetuksessa ja tutkimuksessa.<\/li>\n<\/ul>\n\n\n\n<p>Tutkijavierailun ansiosta p\u00e4\u00e4sin tutustumaan UPNA:n laadukkaaseen opetus- ja tutkimusty\u00f6h\u00f6n. UPNA:lla on muun muassa tarjolla vaihto-opiskelijoille laadukas englanninkielinen opetuskokonaisuus (muun muassa oikeustieteet ja kauppatieteet). Ty\u00f6skentelyn aikana pystyin my\u00f6s toivottavasti tarjoamaan osaamistani sek\u00e4 UPNA:n opiskelijoille ett\u00e4 tutkijakollegoilleni. Tarkoitus on muun muassa tehd\u00e4 tulevaisuudessa yhteist\u00e4 v\u00e4it\u00f6skirjaohjausta. Osana yhteisty\u00f6t\u00e4 tarkoitus on k\u00e4ynnist\u00e4\u00e4 yliopistojen v\u00e4lille kansainv\u00e4liseen vero-oikeuteen liittyv\u00e4 yhteiskurssi opiskelijoille.<\/p>\n\n\n\n<p>Yliopistojen v\u00e4linen yhteisty\u00f6 edellytt\u00e4\u00e4 yhteisty\u00f6t\u00e4 ihmisten v\u00e4lill\u00e4. Erityinen kiitos onnistuneesta tutkijavierailusta kuuluu professori Alejandro Torresille (valtios\u00e4\u00e4nt\u00f6oikeus) ja professori Hugo L\u00f3pezille (vero-oikeus). Opiskelun sek\u00e4 opetus- ja tutkimustoiminnan lis\u00e4ksi hyv\u00e4\u00e4n yhteisty\u00f6h\u00f6n kuuluukin oleellisesti my\u00f6s sosiaalinen kanssak\u00e4yminen sek\u00e4 opiskelija- ett\u00e4 henkil\u00f6kuntavaihdossa. Se luo osaltaan pohjaa tulevaisuudessa teht\u00e4v\u00e4lle yhteisty\u00f6lle. Uskallankin sanoa, ett\u00e4 t\u00e4ll\u00e4 tutkijavierailukokemuksella ja yhteisty\u00f6ll\u00e4 on varmasti kauaskantoiset positiiviset seuraukset.<\/p>\n\n\n\n<p>Hy\u00f6dynt\u00e4k\u00e4\u00e4 yliopistovaihdon tuomia mahdollisuuksia sek\u00e4 opiskeluvaiheessa ett\u00e4 ty\u00f6el\u00e4m\u00e4ss\u00e4. Yhten\u00e4 erinomaisena kohteena t\u00e4h\u00e4n on Universidad P\u00fablica de Navarra (<a href=\"https:\/\/www.unavarra.es\/\">https:\/\/www.unavarra.es\/<\/a>). Syksyn 2022 UEF:n oikeustieteen opiskelijoille tarkoitetut avoinna olleet kaksi opiskelijavaihtopaikkaa on jo t\u00e4ytetty, mutta seuraavilla hakukierroksilla uusia paikkoja tulee varmasti.<\/p>\n\n\n\n<figure class=\"wp-block-image\"><a href=\"https:\/\/blogs.uef.fi\/oikeuttakohtuudella\/wp-content\/uploads\/sites\/9\/2022\/06\/Plaza-del-Castillo-Pamplonan-vanhan-kaupungin-torialue.jpg\"><img loading=\"lazy\" decoding=\"async\" width=\"1557\" height=\"875\" src=\"https:\/\/blogs.uef.fi\/oikeuttakohtuudella\/wp-content\/uploads\/sites\/9\/2022\/06\/Plaza-del-Castillo-Pamplonan-vanhan-kaupungin-torialue.jpg\" alt=\"Torilla vaaleanruskeita suuria neli\u00f6laattoja ja reunassa vihreit\u00e4 nurmialueita, viel\u00e4 lehdett\u00f6mi\u00e4 ja oksattomia puun runkoja torin reunoilla. Toria ymp\u00e4r\u00f6i vanhat kuusi- ja seitsem\u00e4nkerroksiset rakennukset. Keskell\u00e4 toria py\u00f6re\u00e4 vaaleanruskea lava. Lis\u00e4ksi ihmisi\u00e4 torilla.\" class=\"wp-image-2102\" srcset=\"https:\/\/blogs.uef.fi\/oikeuttakohtuudella\/wp-content\/uploads\/sites\/9\/2022\/06\/Plaza-del-Castillo-Pamplonan-vanhan-kaupungin-torialue.jpg 1557w, https:\/\/blogs.uef.fi\/oikeuttakohtuudella\/wp-content\/uploads\/sites\/9\/2022\/06\/Plaza-del-Castillo-Pamplonan-vanhan-kaupungin-torialue-768x432.jpg 768w, https:\/\/blogs.uef.fi\/oikeuttakohtuudella\/wp-content\/uploads\/sites\/9\/2022\/06\/Plaza-del-Castillo-Pamplonan-vanhan-kaupungin-torialue-1536x863.jpg 1536w\" sizes=\"auto, (max-width: 1557px) 100vw, 1557px\" \/><\/a><\/figure>\n\n\n\n<p><\/p>\n","protected":false},"excerpt":{"rendered":"<p>&nbsp; Mika Nissinen Nissinen on vero-oikeuden yliopistonlehtori It\u00e4-Suomen yliopistossa oikeustieteiden laitoksella. Yliopistovaihdosta tulee usein mieleen ennen kaikkea opiskelijoiden tekem\u00e4 vaihto-opiskelu toisessa yliopistossa, mutta my\u00f6s henkil\u00f6kunta voi l\u00e4hte\u00e4 vaihtoyliopistoon tutkijavierailulle. Henkil\u00f6st\u00f6lle suunnatun tutkijavierailun tavoitteena on muun muassa kehitt\u00e4\u00e4 opetus- ja tutkimustoimintaa sek\u00e4 yliopistojen v\u00e4lill\u00e4 ett\u00e4 henkil\u00f6kohtaisella tasolla. Tutkijavierailulla p\u00e4\u00e4see tutustumaan toisen yliopiston toimintaan sek\u00e4 sen henkil\u00f6kuntaan [&hellip;]<\/p>\n","protected":false},"author":441,"featured_media":0,"comment_status":"closed","ping_status":"closed","sticky":false,"template":"","format":"standard","meta":{"_acf_changed":false,"footnotes":""},"categories":[1],"tags":[],"class_list":["post-2097","post","type-post","status-publish","format-standard","hentry","category-uncategorized"],"acf":[],"yoast_head":"<!-- This site is optimized with the Yoast SEO plugin v27.3 - https:\/\/yoast.com\/product\/yoast-seo-wordpress\/ -->\n<title>Kokemuksia yliopistovaihdosta \u2013 n\u00e4k\u00f6kulmia opiskelijoille ja henkil\u00f6st\u00f6lle - OIKEUTTA KOHTUUDELLA \u2013 THE BLOG OF UEF LAW SCHOOL<\/title>\n<meta name=\"robots\" content=\"index, follow, max-snippet:-1, max-image-preview:large, max-video-preview:-1\" \/>\n<link rel=\"canonical\" href=\"https:\/\/blogs.uef.fi\/oikeuttakohtuudella\/2022\/06\/07\/kokemuksia-yliopistovaihdosta-nakokulmia-opiskelijoille-ja-henkilostolle\/\" \/>\n<meta property=\"og:locale\" content=\"fi_FI\" \/>\n<meta property=\"og:type\" content=\"article\" \/>\n<meta property=\"og:title\" content=\"Kokemuksia yliopistovaihdosta \u2013 n\u00e4k\u00f6kulmia opiskelijoille ja henkil\u00f6st\u00f6lle - OIKEUTTA KOHTUUDELLA \u2013 THE BLOG OF UEF LAW SCHOOL\" \/>\n<meta property=\"og:description\" content=\"&nbsp; Mika Nissinen Nissinen on vero-oikeuden yliopistonlehtori It\u00e4-Suomen yliopistossa oikeustieteiden laitoksella. Yliopistovaihdosta tulee usein mieleen ennen kaikkea opiskelijoiden tekem\u00e4 vaihto-opiskelu toisessa yliopistossa, mutta my\u00f6s henkil\u00f6kunta voi l\u00e4hte\u00e4 vaihtoyliopistoon tutkijavierailulle. Henkil\u00f6st\u00f6lle suunnatun tutkijavierailun tavoitteena on muun muassa kehitt\u00e4\u00e4 opetus- ja tutkimustoimintaa sek\u00e4 yliopistojen v\u00e4lill\u00e4 ett\u00e4 henkil\u00f6kohtaisella tasolla. Tutkijavierailulla p\u00e4\u00e4see tutustumaan toisen yliopiston toimintaan sek\u00e4 sen henkil\u00f6kuntaan [&hellip;]\" \/>\n<meta property=\"og:url\" content=\"https:\/\/blogs.uef.fi\/oikeuttakohtuudella\/2022\/06\/07\/kokemuksia-yliopistovaihdosta-nakokulmia-opiskelijoille-ja-henkilostolle\/\" \/>\n<meta property=\"og:site_name\" content=\"OIKEUTTA KOHTUUDELLA \u2013 THE BLOG OF UEF LAW SCHOOL\" \/>\n<meta property=\"article:published_time\" content=\"2022-06-07T08:55:21+00:00\" \/>\n<meta property=\"article:modified_time\" content=\"2025-07-28T14:16:54+00:00\" \/>\n<meta property=\"og:image\" content=\"https:\/\/blogs.uef.fi\/oikeuttakohtuudella\/wp-content\/uploads\/sites\/9\/2022\/06\/Navarra.jpg\" \/>\n\t<meta property=\"og:image:width\" content=\"1479\" \/>\n\t<meta property=\"og:image:height\" content=\"832\" \/>\n\t<meta property=\"og:image:type\" content=\"image\/jpeg\" \/>\n<meta name=\"author\" content=\"htolvane\" \/>\n<meta name=\"twitter:card\" content=\"summary_large_image\" \/>\n<meta name=\"twitter:label1\" content=\"Kirjoittanut\" \/>\n\t<meta name=\"twitter:data1\" content=\"htolvane\" \/>\n\t<meta name=\"twitter:label2\" content=\"Arvioitu lukuaika\" \/>\n\t<meta name=\"twitter:data2\" content=\"3 minuuttia\" \/>\n<script type=\"application\/ld+json\" class=\"yoast-schema-graph\">{\"@context\":\"https:\\\/\\\/schema.org\",\"@graph\":[{\"@type\":\"Article\",\"@id\":\"https:\\\/\\\/blogs.uef.fi\\\/oikeuttakohtuudella\\\/2022\\\/06\\\/07\\\/kokemuksia-yliopistovaihdosta-nakokulmia-opiskelijoille-ja-henkilostolle\\\/#article\",\"isPartOf\":{\"@id\":\"https:\\\/\\\/blogs.uef.fi\\\/oikeuttakohtuudella\\\/2022\\\/06\\\/07\\\/kokemuksia-yliopistovaihdosta-nakokulmia-opiskelijoille-ja-henkilostolle\\\/\"},\"author\":{\"name\":\"htolvane\",\"@id\":\"https:\\\/\\\/blogs.uef.fi\\\/oikeuttakohtuudella\\\/#\\\/schema\\\/person\\\/077eb96e7f8206575b85bbe9d18e80ac\"},\"headline\":\"Kokemuksia yliopistovaihdosta \u2013 n\u00e4k\u00f6kulmia opiskelijoille ja henkil\u00f6st\u00f6lle\",\"datePublished\":\"2022-06-07T08:55:21+00:00\",\"dateModified\":\"2025-07-28T14:16:54+00:00\",\"mainEntityOfPage\":{\"@id\":\"https:\\\/\\\/blogs.uef.fi\\\/oikeuttakohtuudella\\\/2022\\\/06\\\/07\\\/kokemuksia-yliopistovaihdosta-nakokulmia-opiskelijoille-ja-henkilostolle\\\/\"},\"wordCount\":389,\"image\":{\"@id\":\"https:\\\/\\\/blogs.uef.fi\\\/oikeuttakohtuudella\\\/2022\\\/06\\\/07\\\/kokemuksia-yliopistovaihdosta-nakokulmia-opiskelijoille-ja-henkilostolle\\\/#primaryimage\"},\"thumbnailUrl\":\"https:\\\/\\\/blogs.uef.fi\\\/oikeuttakohtuudella\\\/wp-content\\\/uploads\\\/sites\\\/9\\\/2022\\\/06\\\/Navarra.jpg\",\"articleSection\":[\"Uncategorized\"],\"inLanguage\":\"fi\"},{\"@type\":\"WebPage\",\"@id\":\"https:\\\/\\\/blogs.uef.fi\\\/oikeuttakohtuudella\\\/2022\\\/06\\\/07\\\/kokemuksia-yliopistovaihdosta-nakokulmia-opiskelijoille-ja-henkilostolle\\\/\",\"url\":\"https:\\\/\\\/blogs.uef.fi\\\/oikeuttakohtuudella\\\/2022\\\/06\\\/07\\\/kokemuksia-yliopistovaihdosta-nakokulmia-opiskelijoille-ja-henkilostolle\\\/\",\"name\":\"Kokemuksia yliopistovaihdosta \u2013 n\u00e4k\u00f6kulmia opiskelijoille ja henkil\u00f6st\u00f6lle - OIKEUTTA KOHTUUDELLA \u2013 THE BLOG OF UEF LAW SCHOOL\",\"isPartOf\":{\"@id\":\"https:\\\/\\\/blogs.uef.fi\\\/oikeuttakohtuudella\\\/#website\"},\"primaryImageOfPage\":{\"@id\":\"https:\\\/\\\/blogs.uef.fi\\\/oikeuttakohtuudella\\\/2022\\\/06\\\/07\\\/kokemuksia-yliopistovaihdosta-nakokulmia-opiskelijoille-ja-henkilostolle\\\/#primaryimage\"},\"image\":{\"@id\":\"https:\\\/\\\/blogs.uef.fi\\\/oikeuttakohtuudella\\\/2022\\\/06\\\/07\\\/kokemuksia-yliopistovaihdosta-nakokulmia-opiskelijoille-ja-henkilostolle\\\/#primaryimage\"},\"thumbnailUrl\":\"https:\\\/\\\/blogs.uef.fi\\\/oikeuttakohtuudella\\\/wp-content\\\/uploads\\\/sites\\\/9\\\/2022\\\/06\\\/Navarra.jpg\",\"datePublished\":\"2022-06-07T08:55:21+00:00\",\"dateModified\":\"2025-07-28T14:16:54+00:00\",\"author\":{\"@id\":\"https:\\\/\\\/blogs.uef.fi\\\/oikeuttakohtuudella\\\/#\\\/schema\\\/person\\\/077eb96e7f8206575b85bbe9d18e80ac\"},\"breadcrumb\":{\"@id\":\"https:\\\/\\\/blogs.uef.fi\\\/oikeuttakohtuudella\\\/2022\\\/06\\\/07\\\/kokemuksia-yliopistovaihdosta-nakokulmia-opiskelijoille-ja-henkilostolle\\\/#breadcrumb\"},\"inLanguage\":\"fi\",\"potentialAction\":[{\"@type\":\"ReadAction\",\"target\":[\"https:\\\/\\\/blogs.uef.fi\\\/oikeuttakohtuudella\\\/2022\\\/06\\\/07\\\/kokemuksia-yliopistovaihdosta-nakokulmia-opiskelijoille-ja-henkilostolle\\\/\"]}]},{\"@type\":\"ImageObject\",\"inLanguage\":\"fi\",\"@id\":\"https:\\\/\\\/blogs.uef.fi\\\/oikeuttakohtuudella\\\/2022\\\/06\\\/07\\\/kokemuksia-yliopistovaihdosta-nakokulmia-opiskelijoille-ja-henkilostolle\\\/#primaryimage\",\"url\":\"https:\\\/\\\/blogs.uef.fi\\\/oikeuttakohtuudella\\\/wp-content\\\/uploads\\\/sites\\\/9\\\/2022\\\/06\\\/Navarra.jpg\",\"contentUrl\":\"https:\\\/\\\/blogs.uef.fi\\\/oikeuttakohtuudella\\\/wp-content\\\/uploads\\\/sites\\\/9\\\/2022\\\/06\\\/Navarra.jpg\",\"width\":1479,\"height\":832,\"caption\":\"Kuvassa n\u00e4kyy yhden laitoksen vaaleanharmaa rakennus, jossa py\u00f6reit\u00e4 ikkunoita katutasossa. Lis\u00e4ksi vihreit\u00e4 lehtipuita kampuksen puistotien varrella.\"},{\"@type\":\"BreadcrumbList\",\"@id\":\"https:\\\/\\\/blogs.uef.fi\\\/oikeuttakohtuudella\\\/2022\\\/06\\\/07\\\/kokemuksia-yliopistovaihdosta-nakokulmia-opiskelijoille-ja-henkilostolle\\\/#breadcrumb\",\"itemListElement\":[{\"@type\":\"ListItem\",\"position\":1,\"name\":\"Home\",\"item\":\"https:\\\/\\\/blogs.uef.fi\\\/oikeuttakohtuudella\\\/\"},{\"@type\":\"ListItem\",\"position\":2,\"name\":\"Kokemuksia yliopistovaihdosta \u2013 n\u00e4k\u00f6kulmia opiskelijoille ja henkil\u00f6st\u00f6lle\"}]},{\"@type\":\"WebSite\",\"@id\":\"https:\\\/\\\/blogs.uef.fi\\\/oikeuttakohtuudella\\\/#website\",\"url\":\"https:\\\/\\\/blogs.uef.fi\\\/oikeuttakohtuudella\\\/\",\"name\":\"OIKEUTTA KOHTUUDELLA \u2013 THE BLOG OF UEF LAW SCHOOL\",\"description\":\"\",\"potentialAction\":[{\"@type\":\"SearchAction\",\"target\":{\"@type\":\"EntryPoint\",\"urlTemplate\":\"https:\\\/\\\/blogs.uef.fi\\\/oikeuttakohtuudella\\\/?s={search_term_string}\"},\"query-input\":{\"@type\":\"PropertyValueSpecification\",\"valueRequired\":true,\"valueName\":\"search_term_string\"}}],\"inLanguage\":\"fi\"},{\"@type\":\"Person\",\"@id\":\"https:\\\/\\\/blogs.uef.fi\\\/oikeuttakohtuudella\\\/#\\\/schema\\\/person\\\/077eb96e7f8206575b85bbe9d18e80ac\",\"name\":\"htolvane\",\"image\":{\"@type\":\"ImageObject\",\"inLanguage\":\"fi\",\"@id\":\"https:\\\/\\\/secure.gravatar.com\\\/avatar\\\/3bb9d50f1816175355ff7354877dc3898d15012f382ab190ecc9ebfe3a5550ca?s=96&r=g\",\"url\":\"https:\\\/\\\/secure.gravatar.com\\\/avatar\\\/3bb9d50f1816175355ff7354877dc3898d15012f382ab190ecc9ebfe3a5550ca?s=96&r=g\",\"contentUrl\":\"https:\\\/\\\/secure.gravatar.com\\\/avatar\\\/3bb9d50f1816175355ff7354877dc3898d15012f382ab190ecc9ebfe3a5550ca?s=96&r=g\",\"caption\":\"htolvane\"},\"url\":\"https:\\\/\\\/blogs.uef.fi\\\/oikeuttakohtuudella\\\/author\\\/htolvane\\\/\"}]}<\/script>\n<!-- \/ Yoast SEO plugin. -->","yoast_head_json":{"title":"Kokemuksia yliopistovaihdosta \u2013 n\u00e4k\u00f6kulmia opiskelijoille ja henkil\u00f6st\u00f6lle - OIKEUTTA KOHTUUDELLA \u2013 THE BLOG OF UEF LAW SCHOOL","robots":{"index":"index","follow":"follow","max-snippet":"max-snippet:-1","max-image-preview":"max-image-preview:large","max-video-preview":"max-video-preview:-1"},"canonical":"https:\/\/blogs.uef.fi\/oikeuttakohtuudella\/2022\/06\/07\/kokemuksia-yliopistovaihdosta-nakokulmia-opiskelijoille-ja-henkilostolle\/","og_locale":"fi_FI","og_type":"article","og_title":"Kokemuksia yliopistovaihdosta \u2013 n\u00e4k\u00f6kulmia opiskelijoille ja henkil\u00f6st\u00f6lle - OIKEUTTA KOHTUUDELLA \u2013 THE BLOG OF UEF LAW SCHOOL","og_description":"&nbsp; Mika Nissinen Nissinen on vero-oikeuden yliopistonlehtori It\u00e4-Suomen yliopistossa oikeustieteiden laitoksella. Yliopistovaihdosta tulee usein mieleen ennen kaikkea opiskelijoiden tekem\u00e4 vaihto-opiskelu toisessa yliopistossa, mutta my\u00f6s henkil\u00f6kunta voi l\u00e4hte\u00e4 vaihtoyliopistoon tutkijavierailulle. Henkil\u00f6st\u00f6lle suunnatun tutkijavierailun tavoitteena on muun muassa kehitt\u00e4\u00e4 opetus- ja tutkimustoimintaa sek\u00e4 yliopistojen v\u00e4lill\u00e4 ett\u00e4 henkil\u00f6kohtaisella tasolla. Tutkijavierailulla p\u00e4\u00e4see tutustumaan toisen yliopiston toimintaan sek\u00e4 sen henkil\u00f6kuntaan [&hellip;]","og_url":"https:\/\/blogs.uef.fi\/oikeuttakohtuudella\/2022\/06\/07\/kokemuksia-yliopistovaihdosta-nakokulmia-opiskelijoille-ja-henkilostolle\/","og_site_name":"OIKEUTTA KOHTUUDELLA \u2013 THE BLOG OF UEF LAW SCHOOL","article_published_time":"2022-06-07T08:55:21+00:00","article_modified_time":"2025-07-28T14:16:54+00:00","og_image":[{"width":1479,"height":832,"url":"https:\/\/blogs.uef.fi\/oikeuttakohtuudella\/wp-content\/uploads\/sites\/9\/2022\/06\/Navarra.jpg","type":"image\/jpeg"}],"author":"htolvane","twitter_card":"summary_large_image","twitter_misc":{"Kirjoittanut":"htolvane","Arvioitu lukuaika":"3 minuuttia"},"schema":{"@context":"https:\/\/schema.org","@graph":[{"@type":"Article","@id":"https:\/\/blogs.uef.fi\/oikeuttakohtuudella\/2022\/06\/07\/kokemuksia-yliopistovaihdosta-nakokulmia-opiskelijoille-ja-henkilostolle\/#article","isPartOf":{"@id":"https:\/\/blogs.uef.fi\/oikeuttakohtuudella\/2022\/06\/07\/kokemuksia-yliopistovaihdosta-nakokulmia-opiskelijoille-ja-henkilostolle\/"},"author":{"name":"htolvane","@id":"https:\/\/blogs.uef.fi\/oikeuttakohtuudella\/#\/schema\/person\/077eb96e7f8206575b85bbe9d18e80ac"},"headline":"Kokemuksia yliopistovaihdosta \u2013 n\u00e4k\u00f6kulmia opiskelijoille ja henkil\u00f6st\u00f6lle","datePublished":"2022-06-07T08:55:21+00:00","dateModified":"2025-07-28T14:16:54+00:00","mainEntityOfPage":{"@id":"https:\/\/blogs.uef.fi\/oikeuttakohtuudella\/2022\/06\/07\/kokemuksia-yliopistovaihdosta-nakokulmia-opiskelijoille-ja-henkilostolle\/"},"wordCount":389,"image":{"@id":"https:\/\/blogs.uef.fi\/oikeuttakohtuudella\/2022\/06\/07\/kokemuksia-yliopistovaihdosta-nakokulmia-opiskelijoille-ja-henkilostolle\/#primaryimage"},"thumbnailUrl":"https:\/\/blogs.uef.fi\/oikeuttakohtuudella\/wp-content\/uploads\/sites\/9\/2022\/06\/Navarra.jpg","articleSection":["Uncategorized"],"inLanguage":"fi"},{"@type":"WebPage","@id":"https:\/\/blogs.uef.fi\/oikeuttakohtuudella\/2022\/06\/07\/kokemuksia-yliopistovaihdosta-nakokulmia-opiskelijoille-ja-henkilostolle\/","url":"https:\/\/blogs.uef.fi\/oikeuttakohtuudella\/2022\/06\/07\/kokemuksia-yliopistovaihdosta-nakokulmia-opiskelijoille-ja-henkilostolle\/","name":"Kokemuksia yliopistovaihdosta \u2013 n\u00e4k\u00f6kulmia opiskelijoille ja henkil\u00f6st\u00f6lle - OIKEUTTA KOHTUUDELLA \u2013 THE BLOG OF UEF LAW SCHOOL","isPartOf":{"@id":"https:\/\/blogs.uef.fi\/oikeuttakohtuudella\/#website"},"primaryImageOfPage":{"@id":"https:\/\/blogs.uef.fi\/oikeuttakohtuudella\/2022\/06\/07\/kokemuksia-yliopistovaihdosta-nakokulmia-opiskelijoille-ja-henkilostolle\/#primaryimage"},"image":{"@id":"https:\/\/blogs.uef.fi\/oikeuttakohtuudella\/2022\/06\/07\/kokemuksia-yliopistovaihdosta-nakokulmia-opiskelijoille-ja-henkilostolle\/#primaryimage"},"thumbnailUrl":"https:\/\/blogs.uef.fi\/oikeuttakohtuudella\/wp-content\/uploads\/sites\/9\/2022\/06\/Navarra.jpg","datePublished":"2022-06-07T08:55:21+00:00","dateModified":"2025-07-28T14:16:54+00:00","author":{"@id":"https:\/\/blogs.uef.fi\/oikeuttakohtuudella\/#\/schema\/person\/077eb96e7f8206575b85bbe9d18e80ac"},"breadcrumb":{"@id":"https:\/\/blogs.uef.fi\/oikeuttakohtuudella\/2022\/06\/07\/kokemuksia-yliopistovaihdosta-nakokulmia-opiskelijoille-ja-henkilostolle\/#breadcrumb"},"inLanguage":"fi","potentialAction":[{"@type":"ReadAction","target":["https:\/\/blogs.uef.fi\/oikeuttakohtuudella\/2022\/06\/07\/kokemuksia-yliopistovaihdosta-nakokulmia-opiskelijoille-ja-henkilostolle\/"]}]},{"@type":"ImageObject","inLanguage":"fi","@id":"https:\/\/blogs.uef.fi\/oikeuttakohtuudella\/2022\/06\/07\/kokemuksia-yliopistovaihdosta-nakokulmia-opiskelijoille-ja-henkilostolle\/#primaryimage","url":"https:\/\/blogs.uef.fi\/oikeuttakohtuudella\/wp-content\/uploads\/sites\/9\/2022\/06\/Navarra.jpg","contentUrl":"https:\/\/blogs.uef.fi\/oikeuttakohtuudella\/wp-content\/uploads\/sites\/9\/2022\/06\/Navarra.jpg","width":1479,"height":832,"caption":"Kuvassa n\u00e4kyy yhden laitoksen vaaleanharmaa rakennus, jossa py\u00f6reit\u00e4 ikkunoita katutasossa. Lis\u00e4ksi vihreit\u00e4 lehtipuita kampuksen puistotien varrella."},{"@type":"BreadcrumbList","@id":"https:\/\/blogs.uef.fi\/oikeuttakohtuudella\/2022\/06\/07\/kokemuksia-yliopistovaihdosta-nakokulmia-opiskelijoille-ja-henkilostolle\/#breadcrumb","itemListElement":[{"@type":"ListItem","position":1,"name":"Home","item":"https:\/\/blogs.uef.fi\/oikeuttakohtuudella\/"},{"@type":"ListItem","position":2,"name":"Kokemuksia yliopistovaihdosta \u2013 n\u00e4k\u00f6kulmia opiskelijoille ja henkil\u00f6st\u00f6lle"}]},{"@type":"WebSite","@id":"https:\/\/blogs.uef.fi\/oikeuttakohtuudella\/#website","url":"https:\/\/blogs.uef.fi\/oikeuttakohtuudella\/","name":"OIKEUTTA KOHTUUDELLA \u2013 THE BLOG OF UEF LAW SCHOOL","description":"","potentialAction":[{"@type":"SearchAction","target":{"@type":"EntryPoint","urlTemplate":"https:\/\/blogs.uef.fi\/oikeuttakohtuudella\/?s={search_term_string}"},"query-input":{"@type":"PropertyValueSpecification","valueRequired":true,"valueName":"search_term_string"}}],"inLanguage":"fi"},{"@type":"Person","@id":"https:\/\/blogs.uef.fi\/oikeuttakohtuudella\/#\/schema\/person\/077eb96e7f8206575b85bbe9d18e80ac","name":"htolvane","image":{"@type":"ImageObject","inLanguage":"fi","@id":"https:\/\/secure.gravatar.com\/avatar\/3bb9d50f1816175355ff7354877dc3898d15012f382ab190ecc9ebfe3a5550ca?s=96&r=g","url":"https:\/\/secure.gravatar.com\/avatar\/3bb9d50f1816175355ff7354877dc3898d15012f382ab190ecc9ebfe3a5550ca?s=96&r=g","contentUrl":"https:\/\/secure.gravatar.com\/avatar\/3bb9d50f1816175355ff7354877dc3898d15012f382ab190ecc9ebfe3a5550ca?s=96&r=g","caption":"htolvane"},"url":"https:\/\/blogs.uef.fi\/oikeuttakohtuudella\/author\/htolvane\/"}]}},"_links":{"self":[{"href":"https:\/\/blogs.uef.fi\/oikeuttakohtuudella\/wp-json\/wp\/v2\/posts\/2097","targetHints":{"allow":["GET"]}}],"collection":[{"href":"https:\/\/blogs.uef.fi\/oikeuttakohtuudella\/wp-json\/wp\/v2\/posts"}],"about":[{"href":"https:\/\/blogs.uef.fi\/oikeuttakohtuudella\/wp-json\/wp\/v2\/types\/post"}],"author":[{"embeddable":true,"href":"https:\/\/blogs.uef.fi\/oikeuttakohtuudella\/wp-json\/wp\/v2\/users\/441"}],"replies":[{"embeddable":true,"href":"https:\/\/blogs.uef.fi\/oikeuttakohtuudella\/wp-json\/wp\/v2\/comments?post=2097"}],"version-history":[{"count":2,"href":"https:\/\/blogs.uef.fi\/oikeuttakohtuudella\/wp-json\/wp\/v2\/posts\/2097\/revisions"}],"predecessor-version":[{"id":3000,"href":"https:\/\/blogs.uef.fi\/oikeuttakohtuudella\/wp-json\/wp\/v2\/posts\/2097\/revisions\/3000"}],"wp:attachment":[{"href":"https:\/\/blogs.uef.fi\/oikeuttakohtuudella\/wp-json\/wp\/v2\/media?parent=2097"}],"wp:term":[{"taxonomy":"category","embeddable":true,"href":"https:\/\/blogs.uef.fi\/oikeuttakohtuudella\/wp-json\/wp\/v2\/categories?post=2097"},{"taxonomy":"post_tag","embeddable":true,"href":"https:\/\/blogs.uef.fi\/oikeuttakohtuudella\/wp-json\/wp\/v2\/tags?post=2097"}],"curies":[{"name":"wp","href":"https:\/\/api.w.org\/{rel}","templated":true}]}}