{"id":1273,"date":"2019-06-07T20:22:38","date_gmt":"2019-06-07T17:22:38","guid":{"rendered":"https:\/\/blogs.uef.fi\/oikeuttakohtuudella\/?p=1273"},"modified":"2025-07-25T12:41:15","modified_gmt":"2025-07-25T10:41:15","slug":"ultimustohtorin-puhe-tohtoripromootiossa","status":"publish","type":"post","link":"https:\/\/blogs.uef.fi\/oikeuttakohtuudella\/2019\/06\/07\/ultimustohtorin-puhe-tohtoripromootiossa\/","title":{"rendered":"Ultimustohtorin puhe tohtoripromootiossa"},"content":{"rendered":"\n<figure class=\"wp-block-image aligncenter\"><a href=\"https:\/\/blogs.uef.fi\/oikeuttakohtuudella\/wp-content\/uploads\/sites\/9\/2019\/06\/tohtoripromootio_niko-soininen.jpg\"><img loading=\"lazy\" decoding=\"async\" width=\"1280\" height=\"920\" src=\"https:\/\/blogs.uef.fi\/oikeuttakohtuudella\/wp-content\/uploads\/sites\/9\/2019\/06\/tohtoripromootio_niko-soininen.jpg\" alt=\"\" class=\"wp-image-1289\" srcset=\"https:\/\/blogs.uef.fi\/oikeuttakohtuudella\/wp-content\/uploads\/sites\/9\/2019\/06\/tohtoripromootio_niko-soininen.jpg 1280w, https:\/\/blogs.uef.fi\/oikeuttakohtuudella\/wp-content\/uploads\/sites\/9\/2019\/06\/tohtoripromootio_niko-soininen-768x552.jpg 768w\" sizes=\"auto, (max-width: 1280px) 100vw, 1280px\" \/><\/a><\/figure>\n\n\n\n<p><em>OTT Niko Soininen, yliopistotutkija (oa), UEF, apulaisprofessori HY.<br>It\u00e4-Suomen yliopiston tohtoripromootiossa 7.6.2019.<\/em><\/p>\n\n\n\n<h2 class=\"wp-block-heading\"><strong>Tieteen rooli totuudenj\u00e4lkeisell\u00e4 ajalla<\/strong><\/h2>\n\n\n\n<p>Arvoisat kutsuvieraat! Dear invited guests! Thank you for coming and sharing with us the second doctoral conferment ceremony of the University of Eastern Finland.<\/p>\n\n\n\n<p><strong>Tiede<\/strong><\/p>\n\n\n\n<p>Vakiintuneen m\u00e4\u00e4ritelm\u00e4n mukaan tieteell\u00e4 tarkoitetaan ilmi\u00f6iden ja niiden v\u00e4listen suhteiden j\u00e4rjestelm\u00e4llist\u00e4 ja kriittist\u00e4 tutkimista ja sen avulla saadun tiedon j\u00e4sentynytt\u00e4 kokonaisuutta. Tiede on luonteeltaan julkista, kriittist\u00e4, itse\u00e4\u00e4n korjaavaa ja perustuu koeteltuihin menetelmiin. Tieteen viimek\u00e4tisen\u00e4 p\u00e4\u00e4m\u00e4\u00e4r\u00e4n\u00e4 on alati syvenev\u00e4 ja mahdollisimman objektiivinen ymm\u00e4rrys ihmisest\u00e4, ymp\u00e4rist\u00f6st\u00e4 ja yhteiskunnasta.<\/p>\n\n\n\n<p><strong>Ep\u00e4varmuus<\/strong><\/p>\n\n\n\n<p>Tiede liikkuu jatkuvasti valon ja h\u00e4m\u00e4r\u00e4n, varmuuden ja ep\u00e4varmuuden, v\u00e4limaastossa. Tiede valaisee kirkkaasti esimerkiksi sit\u00e4, kuinka ihminen on muuttanut merkitt\u00e4v\u00e4ll\u00e4 tavalla maapallon elonkeh\u00e4n monimuotoisuutta, ilmastoa ja merten kemiallista koostumusta. Tiede kertoo, ett\u00e4 planeetan rajat ovat tulossa vastaan. H\u00e4m\u00e4r\u00e4n peitossa on osin viel\u00e4 se, millaisia vaikutuksia n\u00e4ill\u00e4 muutoksilla tulee olemaan, ja mill\u00e4 aikaj\u00e4nteell\u00e4. Tieteen kriittisyys ja monimutkaisten ilmi\u00f6iden tutkimukseen liittyv\u00e4t ep\u00e4varmuudet tarkoittavat, ett\u00e4 globaaleja ymp\u00e4rist\u00f6muutoksia koskevaa tietoa, ja ihmisen roolia niiss\u00e4, voidaan my\u00f6s ep\u00e4ill\u00e4. Toisinaan n\u00e4m\u00e4 ep\u00e4ilyt saavat kuitenkin v\u00e4\u00e4ristyneet mittasuhteet.<\/p>\n\n\n\n<p><strong>Puhe totuudenj\u00e4lkeisest\u00e4 ajasta<\/strong><\/p>\n\n\n\n<p>Viimeisten vuosien aikana tieteen yhteiskunnallisessa roolissa tuntuu tapahtuneen murros. Yhten\u00e4 esimerkkin\u00e4 t\u00e4st\u00e4 on, ett\u00e4 ihmisen roolista globaalien ymp\u00e4rist\u00f6muutosten aiheuttajana on tietyiss\u00e4 piireiss\u00e4 tullut mielipidekysymys. T\u00e4m\u00e4 siit\u00e4 huolimatta, ett\u00e4 tiede on toistuvasti osoittanut ihmisen olevan merkitt\u00e4v\u00e4ss\u00e4 roolissa niin luonnon monimuotoisuuden ehtymisen kuin ilmastonmuutoksenkin aiheuttajana. Tieteen yhteiskunnallisen roolin murroksesta kertoo muutaman vuoden takainen kohu, joka koski kansainv\u00e4lisen ilmastopaneelin v\u00e4itetty\u00e4 ep\u00e4rehellisyytt\u00e4 ja poliittisuutta. Pyrkimykset horjuttaa tieteen yhteiskunnallista roolia eiv\u00e4t ole yll\u00e4tt\u00e4vi\u00e4, koska tiede on yksi ihmiskunnan mahtavimmista instituutioista. Tiede muodostaa keskeisen osan ihmiskunnan jaetusta muistista. Samoin kuin Y\u00f6n kuningas pyrkii Valtaistuinpeliss\u00e4 pyyhkim\u00e4\u00e4n Westerosin kansakunnan muistin surmaamalla Brandon Starkin, pyrkii tiedekriittinen populismi heikent\u00e4m\u00e4\u00e4n tieteen yhteiskunnallista roolia ihmiskunnan jaetun muistin vartijana.<\/p>\n\n\n\n<p>Tieteellisen tiedon perusteettoman riitauttamisen johdosta julkiseen keskusteluun on ilmestynyt vahvoja k\u00e4sitteit\u00e4, kuten \u201dtotuudenj\u00e4lkeinen aika\u201d ja \u201dtotuudenj\u00e4lkeinen politiikka\u201d. Molemmat viittaavat tavalla tai toisella siihen, ettei yhteiskunnallinen keskustelu pohjaudu samalla tavalla tieteeseen kuin aiemmin, tai ainakin tieteen yhteiskunnallisen roolin hyv\u00e4ksytt\u00e4vyys on aiempaa helpommin kiistett\u00e4viss\u00e4. Tove Janssonin \u201dMuumilaakson marraskuu\u201d -kirjassa on verraton kohtaus Ruttuvaarin ja Mymmelin v\u00e4lill\u00e4. Tuossa kohtauksessa Mymmeli toteaa Ruttuvaarille:<\/p>\n\n\n\n<p><em>\u2013 Min\u00e4 pid\u00e4n sinusta \u2013 Enk\u00e4 min\u00e4 tahdo pahoittaa sinun mielt\u00e4si.<\/em><br><em>\u2013 Sep\u00e4 hyv\u00e4, Ruttuvaari sanoi. \u2013 Mutta \u00e4l\u00e4 sitten en\u00e4\u00e4 koskaan selit\u00e4 miten mik\u00e4kin on, vaan anna minun rauhassa uskoa hauskoihin asioihin.<\/em><br><em>\u2013 Min\u00e4 yrit\u00e4n, Mymmeli sanoi.<\/em><\/p>\n\n\n\n<p>Mymmelin voi rivien v\u00e4list\u00e4 l\u00e4hes kuulla huokaavan syv\u00e4\u00e4n. Yhteiskunnan ja tieteen v\u00e4lisen suhteen arviointiin sovellettuna kohtauksen opetus on, ett\u00e4 aina tieteen tarjoamaa ep\u00e4miellytt\u00e4v\u00e4\u00e4 totuutta ei haluta kuulla, varsinkaan jos se riitauttaa ihmisen maailmankuvan perusteita. On paljon helpompi Ruttuvaarin tavoin uskoa omalta kannaltaan hauskoihin asioihin. Esimerkiksi luonnonvarat on helpompi ajatella ehtym\u00e4tt\u00f6min\u00e4 kuin hyv\u00e4ksy\u00e4 ihmiskunnan kest\u00e4vyysvajeen karu todellisuus, ja sen tarkoittamat muutokset l\u00e4nsimaiseen el\u00e4m\u00e4ntapaan. T\u00e4h\u00e4n ajatteluun meill\u00e4 ei kuitenkaan ole en\u00e4\u00e4 varaa. T\u00e4m\u00e4n tiede on meille opettanut.<\/p>\n\n\n\n<p><strong>Tieteen vastaisku ilman vastaiskua<\/strong><\/p>\n\n\n\n<p>\u201dTotuudenj\u00e4lkeist\u00e4 aikaa\u201d leimaavat ilmi\u00f6t houkuttelevat ja jopa provosoivat tieteentekij\u00f6it\u00e4 yhteiskunnalliseen keskusteluun. Jos yhteiskunnallinen keskustelu kyseenalaistaa tieteen, tiede kyseenalaistaa yhteiskunnallisen keskustelun, p\u00e4\u00e4ttely voisi edet\u00e4.<\/p>\n\n\n\n<p>Olen juristina ja ymp\u00e4rist\u00f6tutkijana pohtinut, millaisen roolin tiede voi ottaa sit\u00e4 v\u00e4heksyv\u00e4ss\u00e4 yhteiskunnallisessa keskustelussa. N\u00e4hd\u00e4kseni t\u00e4m\u00e4 rooli vaatii tietty\u00e4 varovaisuutta siit\u00e4kin huolimatta, ett\u00e4 populistinen tieteen marginalisointi huutaa yhteiskunnallista vastavoimaa. Filosofi <em>David Hume<\/em> totesi teoksessaan \u201dTutkimus inhimillisest\u00e4 luonnosta\u201d, ettei olemisesta voi johtaa pit\u00e4mist\u00e4. K\u00e4yt\u00e4nn\u00f6ss\u00e4 t\u00e4m\u00e4 toteamus tarkoittaa, ettei esimerkiksi globaaleista ymp\u00e4rist\u00f6muutoksista deskriptiivisen\u00e4 ilmi\u00f6n\u00e4 voi suoraan johtaa niit\u00e4 oikeudellisia ja muita keinoja, joilla n\u00e4ihin ongelmiin puututaan. Tieteen tuloksilla on parhaimmillaan merkitt\u00e4v\u00e4 vaikutus ihmisten mielipiteisiin, maailmankuvaan ja lopulta k\u00e4ytt\u00e4ytymiseen. Juristille on kuitenkin selv\u00e4\u00e4, ett\u00e4 tiede ei ole lains\u00e4\u00e4t\u00e4j\u00e4 eik\u00e4 tuomioistuin, vaikka sill\u00e4 onkin merkitt\u00e4v\u00e4 vaikutus molempien instituutioiden toimintaan. Suomen perustuslakiin kirjattu valta p\u00e4\u00e4tt\u00e4\u00e4 yhteiskunnallisista pelis\u00e4\u00e4nn\u00f6ist\u00e4 kuuluu ennen kaikkea eduskunnalle.<\/p>\n\n\n\n<p>Yhteiskunnallisessa keskustelussa tieteen on teht\u00e4v\u00e4 kuulijoilleen selv\u00e4ksi, milloin se pyrkii kuvaamaan todellisuutta objektiivisesti ja milloin se esitt\u00e4\u00e4 t\u00e4h\u00e4n tieteeseen nojaavia normatiivisia k\u00e4sityksi\u00e4 siit\u00e4, mihin maailmaa ja yhteiskuntaa olisi ohjattava. Tieteen on tuotettava objektiivista tietoa poliittisen p\u00e4\u00e4t\u00f6ksenteon tueksi, mutta poliittista prosessia ja demokratiaa tiede ei voi ohittaa. Jos n\u00e4in tehd\u00e4\u00e4n, tiede on vaarassa muuttua poliittisten p\u00e4\u00e4m\u00e4\u00e4rien k\u00e4tkemisen prosessiksi. Tieteen ja politiikan kudoksen on oltava tiivis, mutta kudoksesta on pystytt\u00e4v\u00e4 erottamaan tieteen ja politiikan langat toisistaan. Muuten tiede vajoaa yhdeksi yhteiskunnallisen keskustelun \u00e4\u00e4nitorveksi muiden joukossa. Totuus ja ep\u00e4totuus h\u00e4m\u00e4rtyv\u00e4t tavalla, joka ei tee oikeutta tieteelle yhten\u00e4 ihmiskunnan hienoimmista instituutioista.<\/p>\n\n\n\n<p>Yhteiskunnallisen teht\u00e4v\u00e4njaon kannalta hiljattain muodostetun hallitusohjelman tavoitteet ilmastonmuutoksen hillinn\u00e4n ja luonnon monimuotoisuuden turvaamisen osalta ovat eritt\u00e4in tervetulleita. Tieteell\u00e4 on ollut merkitt\u00e4v\u00e4 rooli n\u00e4it\u00e4 ilmi\u00f6it\u00e4 koskevan ymm\u00e4rryksen kehittymisess\u00e4 ja yhteiskunnallisen keskustelun her\u00e4tt\u00e4misess\u00e4. Tieteell\u00e4 on my\u00f6s merkitt\u00e4v\u00e4 rooli n\u00e4iden ymp\u00e4rist\u00f6ongelmien ratkaisemisessa. T\u00e4n\u00e4\u00e4n olen ylpe\u00e4 voidessani kutsua itse\u00e4ni tieteentekij\u00e4ksi.<\/p>\n\n\n\n<p>Arvoisat kunniavieraat! Kaikkien promovoitavien tohtoreiden puolesta, kiitos viela\u0308 kerran, etta\u0308 olette tulleet juhlistamaan kanssamme ta\u0308ta\u0308 tieteen juhlaa!<\/p>\n\n\n\n<p>Dear distinguished guests! On behalf of the now conferred doctors, thank you once more for celebrating with us this grand ceremony of science<\/p>\n\n\n\n<p><em>OTT Niko Soininen<\/em><\/p>\n","protected":false},"excerpt":{"rendered":"<p>OTT Niko Soininen, yliopistotutkija (oa), UEF, apulaisprofessori HY.It\u00e4-Suomen yliopiston tohtoripromootiossa 7.6.2019. Tieteen rooli totuudenj\u00e4lkeisell\u00e4 ajalla Arvoisat kutsuvieraat! Dear invited guests! Thank you for coming and sharing with us the second doctoral conferment ceremony of the University of Eastern Finland. Tiede Vakiintuneen m\u00e4\u00e4ritelm\u00e4n mukaan tieteell\u00e4 tarkoitetaan ilmi\u00f6iden ja niiden v\u00e4listen suhteiden j\u00e4rjestelm\u00e4llist\u00e4 ja kriittist\u00e4 tutkimista ja [&hellip;]<\/p>\n","protected":false},"author":47,"featured_media":0,"comment_status":"closed","ping_status":"closed","sticky":false,"template":"","format":"standard","meta":{"_acf_changed":false,"footnotes":""},"categories":[1],"tags":[],"class_list":["post-1273","post","type-post","status-publish","format-standard","hentry","category-uncategorized"],"acf":[],"yoast_head":"<!-- This site is optimized with the Yoast SEO plugin v27.3 - https:\/\/yoast.com\/product\/yoast-seo-wordpress\/ -->\n<title>Ultimustohtorin puhe tohtoripromootiossa - OIKEUTTA KOHTUUDELLA \u2013 THE BLOG OF UEF LAW SCHOOL<\/title>\n<meta name=\"robots\" content=\"index, follow, max-snippet:-1, max-image-preview:large, max-video-preview:-1\" \/>\n<link rel=\"canonical\" href=\"https:\/\/blogs.uef.fi\/oikeuttakohtuudella\/2019\/06\/07\/ultimustohtorin-puhe-tohtoripromootiossa\/\" \/>\n<meta property=\"og:locale\" content=\"fi_FI\" \/>\n<meta property=\"og:type\" content=\"article\" \/>\n<meta property=\"og:title\" content=\"Ultimustohtorin puhe tohtoripromootiossa - OIKEUTTA KOHTUUDELLA \u2013 THE BLOG OF UEF LAW SCHOOL\" \/>\n<meta property=\"og:description\" content=\"OTT Niko Soininen, yliopistotutkija (oa), UEF, apulaisprofessori HY.It\u00e4-Suomen yliopiston tohtoripromootiossa 7.6.2019. Tieteen rooli totuudenj\u00e4lkeisell\u00e4 ajalla Arvoisat kutsuvieraat! Dear invited guests! Thank you for coming and sharing with us the second doctoral conferment ceremony of the University of Eastern Finland. Tiede Vakiintuneen m\u00e4\u00e4ritelm\u00e4n mukaan tieteell\u00e4 tarkoitetaan ilmi\u00f6iden ja niiden v\u00e4listen suhteiden j\u00e4rjestelm\u00e4llist\u00e4 ja kriittist\u00e4 tutkimista ja [&hellip;]\" \/>\n<meta property=\"og:url\" content=\"https:\/\/blogs.uef.fi\/oikeuttakohtuudella\/2019\/06\/07\/ultimustohtorin-puhe-tohtoripromootiossa\/\" \/>\n<meta property=\"og:site_name\" content=\"OIKEUTTA KOHTUUDELLA \u2013 THE BLOG OF UEF LAW SCHOOL\" \/>\n<meta property=\"article:published_time\" content=\"2019-06-07T17:22:38+00:00\" \/>\n<meta property=\"article:modified_time\" content=\"2025-07-25T10:41:15+00:00\" \/>\n<meta property=\"og:image\" content=\"https:\/\/blogs.uef.fi\/oikeuttakohtuudella\/wp-content\/uploads\/sites\/9\/2019\/06\/tohtoripromootio_niko-soininen.jpg\" \/>\n\t<meta property=\"og:image:width\" content=\"1280\" \/>\n\t<meta property=\"og:image:height\" content=\"920\" \/>\n\t<meta property=\"og:image:type\" content=\"image\/jpeg\" \/>\n<meta name=\"author\" content=\"Oikeustieteet, UEF Law School\" \/>\n<meta name=\"twitter:card\" content=\"summary_large_image\" \/>\n<meta name=\"twitter:label1\" content=\"Kirjoittanut\" \/>\n\t<meta name=\"twitter:data1\" content=\"Oikeustieteet, UEF Law School\" \/>\n\t<meta name=\"twitter:label2\" content=\"Arvioitu lukuaika\" \/>\n\t<meta name=\"twitter:data2\" content=\"5 minuuttia\" \/>\n<script type=\"application\/ld+json\" class=\"yoast-schema-graph\">{\"@context\":\"https:\\\/\\\/schema.org\",\"@graph\":[{\"@type\":\"Article\",\"@id\":\"https:\\\/\\\/blogs.uef.fi\\\/oikeuttakohtuudella\\\/2019\\\/06\\\/07\\\/ultimustohtorin-puhe-tohtoripromootiossa\\\/#article\",\"isPartOf\":{\"@id\":\"https:\\\/\\\/blogs.uef.fi\\\/oikeuttakohtuudella\\\/2019\\\/06\\\/07\\\/ultimustohtorin-puhe-tohtoripromootiossa\\\/\"},\"author\":{\"name\":\"Oikeustieteet, UEF Law School\",\"@id\":\"https:\\\/\\\/blogs.uef.fi\\\/oikeuttakohtuudella\\\/#\\\/schema\\\/person\\\/f0ba4af088b920da8687e1ac1dd43455\"},\"headline\":\"Ultimustohtorin puhe tohtoripromootiossa\",\"datePublished\":\"2019-06-07T17:22:38+00:00\",\"dateModified\":\"2025-07-25T10:41:15+00:00\",\"mainEntityOfPage\":{\"@id\":\"https:\\\/\\\/blogs.uef.fi\\\/oikeuttakohtuudella\\\/2019\\\/06\\\/07\\\/ultimustohtorin-puhe-tohtoripromootiossa\\\/\"},\"wordCount\":918,\"image\":{\"@id\":\"https:\\\/\\\/blogs.uef.fi\\\/oikeuttakohtuudella\\\/2019\\\/06\\\/07\\\/ultimustohtorin-puhe-tohtoripromootiossa\\\/#primaryimage\"},\"thumbnailUrl\":\"https:\\\/\\\/blogs.uef.fi\\\/oikeuttakohtuudella\\\/wp-content\\\/uploads\\\/sites\\\/9\\\/2019\\\/06\\\/tohtoripromootio_niko-soininen.jpg\",\"articleSection\":[\"Uncategorized\"],\"inLanguage\":\"fi\"},{\"@type\":\"WebPage\",\"@id\":\"https:\\\/\\\/blogs.uef.fi\\\/oikeuttakohtuudella\\\/2019\\\/06\\\/07\\\/ultimustohtorin-puhe-tohtoripromootiossa\\\/\",\"url\":\"https:\\\/\\\/blogs.uef.fi\\\/oikeuttakohtuudella\\\/2019\\\/06\\\/07\\\/ultimustohtorin-puhe-tohtoripromootiossa\\\/\",\"name\":\"Ultimustohtorin puhe tohtoripromootiossa - OIKEUTTA KOHTUUDELLA \u2013 THE BLOG OF UEF LAW SCHOOL\",\"isPartOf\":{\"@id\":\"https:\\\/\\\/blogs.uef.fi\\\/oikeuttakohtuudella\\\/#website\"},\"primaryImageOfPage\":{\"@id\":\"https:\\\/\\\/blogs.uef.fi\\\/oikeuttakohtuudella\\\/2019\\\/06\\\/07\\\/ultimustohtorin-puhe-tohtoripromootiossa\\\/#primaryimage\"},\"image\":{\"@id\":\"https:\\\/\\\/blogs.uef.fi\\\/oikeuttakohtuudella\\\/2019\\\/06\\\/07\\\/ultimustohtorin-puhe-tohtoripromootiossa\\\/#primaryimage\"},\"thumbnailUrl\":\"https:\\\/\\\/blogs.uef.fi\\\/oikeuttakohtuudella\\\/wp-content\\\/uploads\\\/sites\\\/9\\\/2019\\\/06\\\/tohtoripromootio_niko-soininen.jpg\",\"datePublished\":\"2019-06-07T17:22:38+00:00\",\"dateModified\":\"2025-07-25T10:41:15+00:00\",\"author\":{\"@id\":\"https:\\\/\\\/blogs.uef.fi\\\/oikeuttakohtuudella\\\/#\\\/schema\\\/person\\\/f0ba4af088b920da8687e1ac1dd43455\"},\"breadcrumb\":{\"@id\":\"https:\\\/\\\/blogs.uef.fi\\\/oikeuttakohtuudella\\\/2019\\\/06\\\/07\\\/ultimustohtorin-puhe-tohtoripromootiossa\\\/#breadcrumb\"},\"inLanguage\":\"fi\",\"potentialAction\":[{\"@type\":\"ReadAction\",\"target\":[\"https:\\\/\\\/blogs.uef.fi\\\/oikeuttakohtuudella\\\/2019\\\/06\\\/07\\\/ultimustohtorin-puhe-tohtoripromootiossa\\\/\"]}]},{\"@type\":\"ImageObject\",\"inLanguage\":\"fi\",\"@id\":\"https:\\\/\\\/blogs.uef.fi\\\/oikeuttakohtuudella\\\/2019\\\/06\\\/07\\\/ultimustohtorin-puhe-tohtoripromootiossa\\\/#primaryimage\",\"url\":\"https:\\\/\\\/blogs.uef.fi\\\/oikeuttakohtuudella\\\/wp-content\\\/uploads\\\/sites\\\/9\\\/2019\\\/06\\\/tohtoripromootio_niko-soininen.jpg\",\"contentUrl\":\"https:\\\/\\\/blogs.uef.fi\\\/oikeuttakohtuudella\\\/wp-content\\\/uploads\\\/sites\\\/9\\\/2019\\\/06\\\/tohtoripromootio_niko-soininen.jpg\",\"width\":1280,\"height\":920},{\"@type\":\"BreadcrumbList\",\"@id\":\"https:\\\/\\\/blogs.uef.fi\\\/oikeuttakohtuudella\\\/2019\\\/06\\\/07\\\/ultimustohtorin-puhe-tohtoripromootiossa\\\/#breadcrumb\",\"itemListElement\":[{\"@type\":\"ListItem\",\"position\":1,\"name\":\"Home\",\"item\":\"https:\\\/\\\/blogs.uef.fi\\\/oikeuttakohtuudella\\\/\"},{\"@type\":\"ListItem\",\"position\":2,\"name\":\"Ultimustohtorin puhe tohtoripromootiossa\"}]},{\"@type\":\"WebSite\",\"@id\":\"https:\\\/\\\/blogs.uef.fi\\\/oikeuttakohtuudella\\\/#website\",\"url\":\"https:\\\/\\\/blogs.uef.fi\\\/oikeuttakohtuudella\\\/\",\"name\":\"OIKEUTTA KOHTUUDELLA \u2013 THE BLOG OF UEF LAW SCHOOL\",\"description\":\"\",\"potentialAction\":[{\"@type\":\"SearchAction\",\"target\":{\"@type\":\"EntryPoint\",\"urlTemplate\":\"https:\\\/\\\/blogs.uef.fi\\\/oikeuttakohtuudella\\\/?s={search_term_string}\"},\"query-input\":{\"@type\":\"PropertyValueSpecification\",\"valueRequired\":true,\"valueName\":\"search_term_string\"}}],\"inLanguage\":\"fi\"},{\"@type\":\"Person\",\"@id\":\"https:\\\/\\\/blogs.uef.fi\\\/oikeuttakohtuudella\\\/#\\\/schema\\\/person\\\/f0ba4af088b920da8687e1ac1dd43455\",\"name\":\"Oikeustieteet, UEF Law School\",\"image\":{\"@type\":\"ImageObject\",\"inLanguage\":\"fi\",\"@id\":\"https:\\\/\\\/secure.gravatar.com\\\/avatar\\\/46c6336c730cf4a8d906dd4fc5719468732f2f986a2b0e3be1a516cec3c3320a?s=96&r=g\",\"url\":\"https:\\\/\\\/secure.gravatar.com\\\/avatar\\\/46c6336c730cf4a8d906dd4fc5719468732f2f986a2b0e3be1a516cec3c3320a?s=96&r=g\",\"contentUrl\":\"https:\\\/\\\/secure.gravatar.com\\\/avatar\\\/46c6336c730cf4a8d906dd4fc5719468732f2f986a2b0e3be1a516cec3c3320a?s=96&r=g\",\"caption\":\"Oikeustieteet, UEF Law School\"},\"url\":\"https:\\\/\\\/blogs.uef.fi\\\/oikeuttakohtuudella\\\/author\\\/oskkor\\\/\"}]}<\/script>\n<!-- \/ Yoast SEO plugin. -->","yoast_head_json":{"title":"Ultimustohtorin puhe tohtoripromootiossa - OIKEUTTA KOHTUUDELLA \u2013 THE BLOG OF UEF LAW SCHOOL","robots":{"index":"index","follow":"follow","max-snippet":"max-snippet:-1","max-image-preview":"max-image-preview:large","max-video-preview":"max-video-preview:-1"},"canonical":"https:\/\/blogs.uef.fi\/oikeuttakohtuudella\/2019\/06\/07\/ultimustohtorin-puhe-tohtoripromootiossa\/","og_locale":"fi_FI","og_type":"article","og_title":"Ultimustohtorin puhe tohtoripromootiossa - OIKEUTTA KOHTUUDELLA \u2013 THE BLOG OF UEF LAW SCHOOL","og_description":"OTT Niko Soininen, yliopistotutkija (oa), UEF, apulaisprofessori HY.It\u00e4-Suomen yliopiston tohtoripromootiossa 7.6.2019. Tieteen rooli totuudenj\u00e4lkeisell\u00e4 ajalla Arvoisat kutsuvieraat! Dear invited guests! Thank you for coming and sharing with us the second doctoral conferment ceremony of the University of Eastern Finland. Tiede Vakiintuneen m\u00e4\u00e4ritelm\u00e4n mukaan tieteell\u00e4 tarkoitetaan ilmi\u00f6iden ja niiden v\u00e4listen suhteiden j\u00e4rjestelm\u00e4llist\u00e4 ja kriittist\u00e4 tutkimista ja [&hellip;]","og_url":"https:\/\/blogs.uef.fi\/oikeuttakohtuudella\/2019\/06\/07\/ultimustohtorin-puhe-tohtoripromootiossa\/","og_site_name":"OIKEUTTA KOHTUUDELLA \u2013 THE BLOG OF UEF LAW SCHOOL","article_published_time":"2019-06-07T17:22:38+00:00","article_modified_time":"2025-07-25T10:41:15+00:00","og_image":[{"width":1280,"height":920,"url":"https:\/\/blogs.uef.fi\/oikeuttakohtuudella\/wp-content\/uploads\/sites\/9\/2019\/06\/tohtoripromootio_niko-soininen.jpg","type":"image\/jpeg"}],"author":"Oikeustieteet, UEF Law School","twitter_card":"summary_large_image","twitter_misc":{"Kirjoittanut":"Oikeustieteet, UEF Law School","Arvioitu lukuaika":"5 minuuttia"},"schema":{"@context":"https:\/\/schema.org","@graph":[{"@type":"Article","@id":"https:\/\/blogs.uef.fi\/oikeuttakohtuudella\/2019\/06\/07\/ultimustohtorin-puhe-tohtoripromootiossa\/#article","isPartOf":{"@id":"https:\/\/blogs.uef.fi\/oikeuttakohtuudella\/2019\/06\/07\/ultimustohtorin-puhe-tohtoripromootiossa\/"},"author":{"name":"Oikeustieteet, UEF Law School","@id":"https:\/\/blogs.uef.fi\/oikeuttakohtuudella\/#\/schema\/person\/f0ba4af088b920da8687e1ac1dd43455"},"headline":"Ultimustohtorin puhe tohtoripromootiossa","datePublished":"2019-06-07T17:22:38+00:00","dateModified":"2025-07-25T10:41:15+00:00","mainEntityOfPage":{"@id":"https:\/\/blogs.uef.fi\/oikeuttakohtuudella\/2019\/06\/07\/ultimustohtorin-puhe-tohtoripromootiossa\/"},"wordCount":918,"image":{"@id":"https:\/\/blogs.uef.fi\/oikeuttakohtuudella\/2019\/06\/07\/ultimustohtorin-puhe-tohtoripromootiossa\/#primaryimage"},"thumbnailUrl":"https:\/\/blogs.uef.fi\/oikeuttakohtuudella\/wp-content\/uploads\/sites\/9\/2019\/06\/tohtoripromootio_niko-soininen.jpg","articleSection":["Uncategorized"],"inLanguage":"fi"},{"@type":"WebPage","@id":"https:\/\/blogs.uef.fi\/oikeuttakohtuudella\/2019\/06\/07\/ultimustohtorin-puhe-tohtoripromootiossa\/","url":"https:\/\/blogs.uef.fi\/oikeuttakohtuudella\/2019\/06\/07\/ultimustohtorin-puhe-tohtoripromootiossa\/","name":"Ultimustohtorin puhe tohtoripromootiossa - OIKEUTTA KOHTUUDELLA \u2013 THE BLOG OF UEF LAW SCHOOL","isPartOf":{"@id":"https:\/\/blogs.uef.fi\/oikeuttakohtuudella\/#website"},"primaryImageOfPage":{"@id":"https:\/\/blogs.uef.fi\/oikeuttakohtuudella\/2019\/06\/07\/ultimustohtorin-puhe-tohtoripromootiossa\/#primaryimage"},"image":{"@id":"https:\/\/blogs.uef.fi\/oikeuttakohtuudella\/2019\/06\/07\/ultimustohtorin-puhe-tohtoripromootiossa\/#primaryimage"},"thumbnailUrl":"https:\/\/blogs.uef.fi\/oikeuttakohtuudella\/wp-content\/uploads\/sites\/9\/2019\/06\/tohtoripromootio_niko-soininen.jpg","datePublished":"2019-06-07T17:22:38+00:00","dateModified":"2025-07-25T10:41:15+00:00","author":{"@id":"https:\/\/blogs.uef.fi\/oikeuttakohtuudella\/#\/schema\/person\/f0ba4af088b920da8687e1ac1dd43455"},"breadcrumb":{"@id":"https:\/\/blogs.uef.fi\/oikeuttakohtuudella\/2019\/06\/07\/ultimustohtorin-puhe-tohtoripromootiossa\/#breadcrumb"},"inLanguage":"fi","potentialAction":[{"@type":"ReadAction","target":["https:\/\/blogs.uef.fi\/oikeuttakohtuudella\/2019\/06\/07\/ultimustohtorin-puhe-tohtoripromootiossa\/"]}]},{"@type":"ImageObject","inLanguage":"fi","@id":"https:\/\/blogs.uef.fi\/oikeuttakohtuudella\/2019\/06\/07\/ultimustohtorin-puhe-tohtoripromootiossa\/#primaryimage","url":"https:\/\/blogs.uef.fi\/oikeuttakohtuudella\/wp-content\/uploads\/sites\/9\/2019\/06\/tohtoripromootio_niko-soininen.jpg","contentUrl":"https:\/\/blogs.uef.fi\/oikeuttakohtuudella\/wp-content\/uploads\/sites\/9\/2019\/06\/tohtoripromootio_niko-soininen.jpg","width":1280,"height":920},{"@type":"BreadcrumbList","@id":"https:\/\/blogs.uef.fi\/oikeuttakohtuudella\/2019\/06\/07\/ultimustohtorin-puhe-tohtoripromootiossa\/#breadcrumb","itemListElement":[{"@type":"ListItem","position":1,"name":"Home","item":"https:\/\/blogs.uef.fi\/oikeuttakohtuudella\/"},{"@type":"ListItem","position":2,"name":"Ultimustohtorin puhe tohtoripromootiossa"}]},{"@type":"WebSite","@id":"https:\/\/blogs.uef.fi\/oikeuttakohtuudella\/#website","url":"https:\/\/blogs.uef.fi\/oikeuttakohtuudella\/","name":"OIKEUTTA KOHTUUDELLA \u2013 THE BLOG OF UEF LAW SCHOOL","description":"","potentialAction":[{"@type":"SearchAction","target":{"@type":"EntryPoint","urlTemplate":"https:\/\/blogs.uef.fi\/oikeuttakohtuudella\/?s={search_term_string}"},"query-input":{"@type":"PropertyValueSpecification","valueRequired":true,"valueName":"search_term_string"}}],"inLanguage":"fi"},{"@type":"Person","@id":"https:\/\/blogs.uef.fi\/oikeuttakohtuudella\/#\/schema\/person\/f0ba4af088b920da8687e1ac1dd43455","name":"Oikeustieteet, UEF Law School","image":{"@type":"ImageObject","inLanguage":"fi","@id":"https:\/\/secure.gravatar.com\/avatar\/46c6336c730cf4a8d906dd4fc5719468732f2f986a2b0e3be1a516cec3c3320a?s=96&r=g","url":"https:\/\/secure.gravatar.com\/avatar\/46c6336c730cf4a8d906dd4fc5719468732f2f986a2b0e3be1a516cec3c3320a?s=96&r=g","contentUrl":"https:\/\/secure.gravatar.com\/avatar\/46c6336c730cf4a8d906dd4fc5719468732f2f986a2b0e3be1a516cec3c3320a?s=96&r=g","caption":"Oikeustieteet, UEF Law School"},"url":"https:\/\/blogs.uef.fi\/oikeuttakohtuudella\/author\/oskkor\/"}]}},"_links":{"self":[{"href":"https:\/\/blogs.uef.fi\/oikeuttakohtuudella\/wp-json\/wp\/v2\/posts\/1273","targetHints":{"allow":["GET"]}}],"collection":[{"href":"https:\/\/blogs.uef.fi\/oikeuttakohtuudella\/wp-json\/wp\/v2\/posts"}],"about":[{"href":"https:\/\/blogs.uef.fi\/oikeuttakohtuudella\/wp-json\/wp\/v2\/types\/post"}],"author":[{"embeddable":true,"href":"https:\/\/blogs.uef.fi\/oikeuttakohtuudella\/wp-json\/wp\/v2\/users\/47"}],"replies":[{"embeddable":true,"href":"https:\/\/blogs.uef.fi\/oikeuttakohtuudella\/wp-json\/wp\/v2\/comments?post=1273"}],"version-history":[{"count":2,"href":"https:\/\/blogs.uef.fi\/oikeuttakohtuudella\/wp-json\/wp\/v2\/posts\/1273\/revisions"}],"predecessor-version":[{"id":2951,"href":"https:\/\/blogs.uef.fi\/oikeuttakohtuudella\/wp-json\/wp\/v2\/posts\/1273\/revisions\/2951"}],"wp:attachment":[{"href":"https:\/\/blogs.uef.fi\/oikeuttakohtuudella\/wp-json\/wp\/v2\/media?parent=1273"}],"wp:term":[{"taxonomy":"category","embeddable":true,"href":"https:\/\/blogs.uef.fi\/oikeuttakohtuudella\/wp-json\/wp\/v2\/categories?post=1273"},{"taxonomy":"post_tag","embeddable":true,"href":"https:\/\/blogs.uef.fi\/oikeuttakohtuudella\/wp-json\/wp\/v2\/tags?post=1273"}],"curies":[{"name":"wp","href":"https:\/\/api.w.org\/{rel}","templated":true}]}}