{"id":1165,"date":"2019-01-21T10:26:21","date_gmt":"2019-01-21T07:26:21","guid":{"rendered":"https:\/\/blogs.uef.fi\/oikeuttakohtuudella\/?p=1165"},"modified":"2025-07-25T12:38:03","modified_gmt":"2025-07-25T10:38:03","slug":"arvoisat-juhlavieraat-hyvat-ystavat","status":"publish","type":"post","link":"https:\/\/blogs.uef.fi\/oikeuttakohtuudella\/2019\/01\/21\/arvoisat-juhlavieraat-hyvat-ystavat\/","title":{"rendered":"Arvoisat juhlavieraat, hyv\u00e4t yst\u00e4v\u00e4t!"},"content":{"rendered":"\n<figure class=\"wp-block-image\"><a href=\"https:\/\/blogs.uef.fi\/oikeuttakohtuudella\/wp-content\/uploads\/sites\/9\/2019\/01\/tolvanen.jpg\"><img loading=\"lazy\" decoding=\"async\" width=\"100\" height=\"131\" src=\"https:\/\/blogs.uef.fi\/oikeuttakohtuudella\/wp-content\/uploads\/sites\/9\/2019\/01\/tolvanen.jpg\" alt=\"\" class=\"wp-image-1167\" \/><\/a><\/figure>\n\n\n\n<p><em>Rikos- ja prosessioikeuden professorin&nbsp;Matti Tolvasen esitt\u00e4m\u00e4 juhlapuhe Oikeustieteiden laitoksen 20-vuotisjuhlassa 18.12.2018.<\/em><\/p>\n\n\n\n<p>Oma kokemukseni Joensuun, sittemmin It\u00e4-Suomen yliopistosta ulottuu jo 30 vuoden takaisiin aikoihin, jolloin pidin luentoja t\u00e4ydennyskoulutuskeskuksen j\u00e4rjest\u00e4mill\u00e4 yritt\u00e4j\u00e4kursseilla. Oikeustieteiden laitokseen tutustuin ensimm\u00e4isen kerran l\u00e4hemmin oikeustieteen p\u00e4ivill\u00e4 vuonna 1999. Noille oikeustieteen p\u00e4iville oli tunnusomaista tieteen ja k\u00e4yt\u00e4nn\u00f6n vuoropuhelu, jollaista t\u00e4n\u00e4 p\u00e4iv\u00e4n\u00e4 voi vain kaiholla muistella. Valitettavasti k\u00e4yt\u00e4nn\u00f6n ty\u00f6el\u00e4m\u00e4ss\u00e4 toimivia juristeja ei ole oikeustieteen p\u00e4ivill\u00e4 tuon j\u00e4lkeen enemm\u00e4lti n\u00e4kynyt.<\/p>\n\n\n\n<p>Opetustoimintani laitoksella alkoi 2000-luvun alussa rikosoikeuden tuntiopettajana rikos- ja prosessioikeuden peruskurssilla. Kokop\u00e4iv\u00e4iseksi, aluksi m\u00e4\u00e4r\u00e4aikaiseksi, professoriksi tulin 1.3.2003. T\u00e4ss\u00e4, kuulijoiden onneksi lyhyess\u00e4, puheessani koetan hahmottaa laitoksen kehittymist\u00e4 l\u00e4hinn\u00e4 oman kokemuksen kautta. Lupaan p\u00e4\u00e4st\u00e4\u00e4 kuulijat merkitt\u00e4v\u00e4sti v\u00e4hemm\u00e4ll\u00e4 verrattuna siihen p\u00e4iv\u00e4llispuheeseen, joka minulla oli kunnia pit\u00e4\u00e4 Olli Tiaisen majalla Joensuun yliopiston kauppa- ja oikeustieteiden tiedekunnan p\u00e4\u00e4tt\u00e4j\u00e4isiss\u00e4 joulukuussa 2009. Tuolloin puhe kesti lukuisine, l\u00e4hes kahteenkymmeneen nousevine kiitosmainintoineen ja niihin liittyvine asianmukaisine maljan kohotuksineen hyvinkin tunnin verran. Kantavin jaloin siit\u00e4kin selvittiin. Puheen pit\u00e4minen ei tosin ollut mit\u00e4\u00e4n verrattuna p\u00e4iv\u00e4llist\u00e4 seuranneeseen liki viiden tunnin mittaiseen saunomissessioon. Seuraavana p\u00e4iv\u00e4n\u00e4 syntyi kaikesta huolimatta tasokkaita referee-artikkeleita. On pakko todeta: oi niit\u00e4 aikoja.<\/p>\n\n\n\n<p>N\u00e4in joulun alla lienee sopivaa aloittaa Jeesuksen vertauksella kylv\u00e4j\u00e4st\u00e4. N\u00e4in vertaus kuuluu kaimani Matteuksen mukaan: Mies l\u00e4hti kylv\u00e4m\u00e4\u00e4n.&nbsp;Ja kun h\u00e4n kylvi, osa siemenest\u00e4 putosi tien oheen, ja linnut tulivat ja s\u00f6iv\u00e4t jyv\u00e4t.&nbsp; Osa putosi kallioiseen paikkaan, miss\u00e4 jyville ei ollut paljon maata. Ne nousivat kohta oraalle, koska maata ei ollut syv\u00e4lti, mutta auringon noustua oraat helteess\u00e4 kuivettuivat, koska niill\u00e4 ei ollut juurta.&nbsp; Osa taas putosi ohdakkeisiin, ja ohdakkeet kasvoivat ja tukahduttivat oraan.&nbsp; Mutta osa jyvist\u00e4 putosi hyv\u00e4\u00e4n maahan ja antoi sadon, mik\u00e4 sata, mik\u00e4 kuusikymment\u00e4, mik\u00e4 kolmekymment\u00e4 jyv\u00e4\u00e4.<\/p>\n\n\n\n<p>Mit\u00e4h\u00e4n t\u00e4m\u00e4 vertaus mahtaisi tarkoittaa It\u00e4-Suomen yliopiston oikeustieteiden laitokseen sovitettuna? Mielest\u00e4ni se kuvaa varsin sattuvasti laitoksen 20-vuotista taivalta. Kuvatkoot siemenet t\u00e4ss\u00e4 ideoita, tutkimuksellisia ja opetuksellisia innovaatioita. Tien oheen pudonneet jyv\u00e4t kuvaavat ideoita, joiden it\u00e4misen ja sadoksi kehitt\u00e4misen ovat est\u00e4neet ministeri\u00f6n tulostavoitteet ja rahoittajien kummalliset mieltymykset. Paljon hy\u00f6dyllist\u00e4 on j\u00e4\u00e4nyt tekem\u00e4tt\u00e4 siksi, ettei siit\u00e4 ole palkittu rahoitusmallissa.<\/p>\n\n\n\n<p>Kallioiseen maahan putoavat jyv\u00e4t kuvaavat niit\u00e4 runsaita ideoita, joilla ei ole ollut kasvamisen edellytyksi\u00e4. Taannoin pohdimme pieness\u00e4 piiriss\u00e4 sit\u00e4, miten paljon on tullut vuosien mittaan tehty\u00e4 turhia avauksia, joista ei ole k\u00e4teen j\u00e4\u00e4nyt kuin tekemisen vaiva, jos sit\u00e4k\u00e4\u00e4n. T\u00e4m\u00e4 huomio koskee toisaalta merkitt\u00e4v\u00e4\u00e4 m\u00e4\u00e4r\u00e4\u00e4 turhia rahoitushakemuksia, toisaalta lukuisia, sittemmin hedelm\u00e4tt\u00f6miksi j\u00e4\u00e4neit\u00e4, avauksia kansainv\u00e4lisen yhteisty\u00f6n alalla. Osittain t\u00e4t\u00e4 turhaa ty\u00f6t\u00e4 selitt\u00e4\u00e4 se, ett\u00e4 etenkin vuoteen 2012 asti laitos joutui jatkuvasti hakemaan profiiliaan oikeustieteellisten yksik\u00f6iden joukossa. Tuolle ajanjaksolle olivat tyypillisi\u00e4 erilaiset tutkintorakennekokeilut sek\u00e4 p\u00e4\u00e4aineiden ja hakukohteiden runsaus. Oikeustieteellisen alan tutkinnonanto-oikeus selkeytti tilannetta t\u00e4ss\u00e4 suhteessa ratkaisevasti. On kuitenkin syyt\u00e4 korostaa, ett\u00e4 laitoksella on hyvin tilaa kahdelle eri tutkintorakenteelle ja kahdelle juridiselle maisteritutkinnolle. Pulmia on aiheuttanut omalla tavallaan my\u00f6s tutkimuksen ja opetuksen vapaus. Varsin paljon on rakennettu kunkin laitokselle p\u00e4\u00e4ainetta johtamaan tulevan tutkijan tutkimusintressien ja jopa omien mieltymysten, etten sanoisi mielihalujen varaan. T\u00e4ss\u00e4 on se riski, ett\u00e4 ty\u00f6ntekij\u00e4n siirtyess\u00e4 muihin teht\u00e4viin h\u00e4nen ty\u00f6lleen on ollut vaikea l\u00f6yt\u00e4\u00e4 luontevaa jatkajaa, kun poisl\u00e4htev\u00e4n kehitt\u00e4m\u00e4 tutkimus- ja opetussuuntaus ei ole viel\u00e4 ehtinyt juurtua henkil\u00f6vaihdokset kest\u00e4viksi pysyviksi k\u00e4yt\u00e4nn\u00f6iksi.<\/p>\n\n\n\n<p>Ohdakkeisiin pudonneet jyv\u00e4t kuvaavat sit\u00e4 valitettavaa tosiasiaa, ett\u00e4 monet hyvin aikein pystyyn pannut hankkeet ovat hukkuneet elatuksen murheisiin ja tekij\u00f6iden puutteeseen. Kaikkeen sin\u00e4ns\u00e4 hy\u00f6dylliseenk\u00e4\u00e4n toimintaan eiv\u00e4t yksinkertaisesti aika ja voimat riit\u00e4.<\/p>\n\n\n\n<p>Onneksi merkitt\u00e4vin osa ty\u00f6st\u00e4mme on kuitenkin saanut otolliset kasvuolosuhteet. Laitoksen saavutukset ovat kiistattomia yht\u00e4 hyvin tutkimuksen kuin opetuksenkin alalla. Laitos on tuottanut merkitt\u00e4v\u00e4n m\u00e4\u00e4r\u00e4n eri tasojen tutkintoja ja laitoksen menestys rahoituksen hakumarkkinoilla kest\u00e4\u00e4 vertailun kolmeen muuhun oikeustieteellisen alan tutkintoja tuottavaan yksikk\u00f6\u00f6n. Tutkimus on keskittynyt yhteiskunnan n\u00e4k\u00f6kulmasta katsottuna relevantteihin tutkimusaloihin, ja opetuksen menetelmien puolella laitos on ollut monessa suhteessa edell\u00e4k\u00e4vij\u00e4. My\u00f6s maineemme ty\u00f6markkinoilla on hyv\u00e4.<\/p>\n\n\n\n<p>Juhlankin hetkell\u00e4 on aihetta kantaa huolta juridisesta perussivistyksest\u00e4. Sen alasajo alkoi jo kauan sitten, kun oikeustieteellisen alan perustutkinnosta katosi roomalaisen oikeuden opetus. Helsingiss\u00e4 roomalainen oikeus on viel\u00e4 yhden professorin nimikkeess\u00e4 mutta opetusta roomalaisesta oikeudesta ei ole saatavilla yhdess\u00e4k\u00e4\u00e4n koulutusyksik\u00f6ss\u00e4. Oman laitoksen murheellisempaan historiaan on luettavissa filosofian oppiaineen poistuminen professoritasoisten p\u00e4\u00e4aineiden joukosta. Itsekin kannan huonoa omaatuntoa siit\u00e4, etten tullut voimallisemmin puolustaneeksi yliopiston rehtorin pyrkimyst\u00e4 kyseisen oppiaineen alas ajamiseksi. Onneksi sent\u00e4\u00e4n aineopintotasoista opetusta on filosofiassa laitoksellemme tarjolla, ovathan oikeudellisenkin ajattelun perusideat per\u00e4isin juuri filosofiasta. Tulkoon selvyyden vuoksi todetuksi, ett\u00e4 minulla ei ole mit\u00e4\u00e4n sit\u00e4 vastaan, ett\u00e4 laitoksen tutkimusta suunnataan aloille, jossa on hyv\u00e4t rahoituksen hankkimisen n\u00e4kym\u00e4t, kunhan samalla huolehditaan siit\u00e4, ett\u00e4 tutkimus ja opetus rakentuvat perinteiselle, oikeudellisen ajattelun kovan ytimen tunnistavalle, kest\u00e4v\u00e4lle ja laaja-alaiselle juridiselle perusosaamiselle.<\/p>\n\n\n\n<p>Juridisen perussivistyksen merkitys ei rajoitu vain yliopistoon. Er\u00e4\u00e4t asianajajat ovat saattaneet tietooni, ett\u00e4 asianajotoimistoissa harjoittelussa olleita oikeustieteen opiskelijoita on jouduttu vapauttamaan teht\u00e4vist\u00e4\u00e4n kesken harjoittelun, kun harjoittelijan juridinen perusosaaminen on ollut niin puutteellista, ettei harjoittelija ole selviytynyt h\u00e4nelle uskotuista varsin vaatimattomistakaan ty\u00f6teht\u00e4vist\u00e4. T\u00e4m\u00e4 on huolestuttavaa ja pulmaan on pyritty vastaamaan ty\u00f6el\u00e4m\u00e4l\u00e4ht\u00f6isi\u00e4 opintojaksoja kehitt\u00e4m\u00e4ll\u00e4. Mainitsemani asianajajat ovatkin korostaneet, ett\u00e4 meid\u00e4n laitokseltamme tulevien harjoittelijoiden osaaminen on ollut parempaa kuin muista koulutusyksik\u00f6ist\u00e4 tulleiden. T\u00e4m\u00e4 on lohdullista kuultavaa, mutta ei kuitenkaan anna v\u00e4h\u00e4isint\u00e4k\u00e4\u00e4n aihetta tinki\u00e4 oikeudellisen perusosaamisen huolehtimisesta.<\/p>\n\n\n\n<p>Laitos on 20 vuodessa kasvanut muutaman henkil\u00f6n ydinjoukosta l\u00e4hemm\u00e4s sata tutkijaa ja opettajaa k\u00e4sitt\u00e4v\u00e4ksi laitokseksi. Kasvu on tietysti p\u00e4\u00e4osin my\u00f6nteinen ilmi\u00f6. Sill\u00e4 on kuitenkin ollut hintansa. Laitoksen alkuaikoina kaikki laitoksella ty\u00f6skentelev\u00e4t olivat laitoksen arjessa l\u00e4sn\u00e4 ja tunsivat toisensa. Toisin on nyt. Laitoskokouksissa kohtaa tuon tuostakin kollegoita, joita ei muista aiemmin ty\u00f6maalla tavanneensa. Ymm\u00e4rr\u00e4n kyll\u00e4, ett\u00e4 tutkimusty\u00f6 ei ole sidottua laitokseen fyysisen\u00e4 oliona, mutta uskallan kokemuksesta v\u00e4itt\u00e4\u00e4, ett\u00e4 ihmisten v\u00e4list\u00e4 v\u00e4lit\u00f6nt\u00e4 vuorovaikutusta ei voi sosiaalisella medialla paikata ilman, ett\u00e4 menetet\u00e4\u00e4n jotain korvaamatonta. Etenkin syksyisin pidett\u00e4v\u00e4 kaksip\u00e4iv\u00e4inen laitoskokous onkin ollut omiaan tutustuttamaan laitoksen ty\u00f6ntekij\u00f6it\u00e4 toisiinsa.<\/p>\n\n\n\n<p>Suuresti arvostamani, jo edesmennyt presidentti Mauno Koivisto korosti, ettei t\u00e4rkeint\u00e4 ole p\u00e4\u00e4m\u00e4\u00e4r\u00e4 vaan liike. H\u00e4n ei tarkoittanut, ettei ihmisen toiminnan tulisi olla tavoitteellista. Vapaan tieteen olemukselle on kuitenkin vierasta se, ett\u00e4 tutkimuksen tavoitteeksi m\u00e4\u00e4ritelt\u00e4isiin suoraviivaisesti jonkin tahdotun yhteiskunnallisen p\u00e4\u00e4m\u00e4\u00e4r\u00e4n edist\u00e4minen. Aaro Hellaakosken sanoin: tiet\u00e4 k\u00e4yden tien on vanki, vapaa vain on umpihanki. Tieteen tekeminen on parhaimmillaan umpihangessa tarpomista, uusien urien avaamista ja vallitsevien k\u00e4sitysten kyseenalaistamista. T\u00e4h\u00e4n yhteyteen sopivat hyvin my\u00f6s tango Satumaan sanat: aavan meren tuolla puolen jossakin on maa ja niin edelleen. Tuota kaukaista tavoitellaan, mutta sinne ei ole tarkoituskaan p\u00e4\u00e4st\u00e4, vain aatoksin mi kauas ent\u00e4\u00e4 sinne k\u00e4yd\u00e4 saamme. Jos tiede jonain p\u00e4iv\u00e4n\u00e4 l\u00f6yt\u00e4isi lopullisen totuuden, nimitett\u00e4k\u00f6\u00f6np\u00e4 sit\u00e4 vaikka perusnormiksi, tieteest\u00e4 katoaisi se, mik\u00e4 tekee siit\u00e4 kiehtovaa, salaper\u00e4ist\u00e4, suorastaan lumoavaa. Jatkakaamme siis perusnormin etsint\u00e4\u00e4 Hans Kelsenin viitoittamaa tiet\u00e4 seuraten.&nbsp;<em>Gutta cavat lapidem non vi, sed saepe cadendo.&nbsp;<\/em>Ei siis murskaten vaan hitaasti uurtaen.<\/p>\n\n\n\n<p>Rauhallista joulunaikaa arvoisat kollegat! On aika tehd\u00e4 ty\u00f6t\u00e4 ja on aika lev\u00e4t\u00e4. Ultra posse nemo obligatur eli varokaamme pakottamasta ket\u00e4\u00e4n yritt\u00e4m\u00e4\u00e4n yli voimiensa. Levossa ajatus kypsyy.<\/p>\n","protected":false},"excerpt":{"rendered":"<p>Rikos- ja prosessioikeuden professorin&nbsp;Matti Tolvasen esitt\u00e4m\u00e4 juhlapuhe Oikeustieteiden laitoksen 20-vuotisjuhlassa 18.12.2018. Oma kokemukseni Joensuun, sittemmin It\u00e4-Suomen yliopistosta ulottuu jo 30 vuoden takaisiin aikoihin, jolloin pidin luentoja t\u00e4ydennyskoulutuskeskuksen j\u00e4rjest\u00e4mill\u00e4 yritt\u00e4j\u00e4kursseilla. Oikeustieteiden laitokseen tutustuin ensimm\u00e4isen kerran l\u00e4hemmin oikeustieteen p\u00e4ivill\u00e4 vuonna 1999. Noille oikeustieteen p\u00e4iville oli tunnusomaista tieteen ja k\u00e4yt\u00e4nn\u00f6n vuoropuhelu, jollaista t\u00e4n\u00e4 p\u00e4iv\u00e4n\u00e4 voi vain kaiholla muistella. [&hellip;]<\/p>\n","protected":false},"author":47,"featured_media":0,"comment_status":"closed","ping_status":"closed","sticky":false,"template":"","format":"standard","meta":{"_acf_changed":false,"footnotes":""},"categories":[1],"tags":[],"class_list":["post-1165","post","type-post","status-publish","format-standard","hentry","category-uncategorized"],"acf":[],"yoast_head":"<!-- This site is optimized with the Yoast SEO plugin v27.3 - https:\/\/yoast.com\/product\/yoast-seo-wordpress\/ -->\n<title>Arvoisat juhlavieraat, hyv\u00e4t yst\u00e4v\u00e4t! - OIKEUTTA KOHTUUDELLA \u2013 THE BLOG OF UEF LAW SCHOOL<\/title>\n<meta name=\"robots\" content=\"index, follow, max-snippet:-1, max-image-preview:large, max-video-preview:-1\" \/>\n<link rel=\"canonical\" href=\"https:\/\/blogs.uef.fi\/oikeuttakohtuudella\/2019\/01\/21\/arvoisat-juhlavieraat-hyvat-ystavat\/\" \/>\n<meta property=\"og:locale\" content=\"fi_FI\" \/>\n<meta property=\"og:type\" content=\"article\" \/>\n<meta property=\"og:title\" content=\"Arvoisat juhlavieraat, hyv\u00e4t yst\u00e4v\u00e4t! - OIKEUTTA KOHTUUDELLA \u2013 THE BLOG OF UEF LAW SCHOOL\" \/>\n<meta property=\"og:description\" content=\"Rikos- ja prosessioikeuden professorin&nbsp;Matti Tolvasen esitt\u00e4m\u00e4 juhlapuhe Oikeustieteiden laitoksen 20-vuotisjuhlassa 18.12.2018. Oma kokemukseni Joensuun, sittemmin It\u00e4-Suomen yliopistosta ulottuu jo 30 vuoden takaisiin aikoihin, jolloin pidin luentoja t\u00e4ydennyskoulutuskeskuksen j\u00e4rjest\u00e4mill\u00e4 yritt\u00e4j\u00e4kursseilla. Oikeustieteiden laitokseen tutustuin ensimm\u00e4isen kerran l\u00e4hemmin oikeustieteen p\u00e4ivill\u00e4 vuonna 1999. Noille oikeustieteen p\u00e4iville oli tunnusomaista tieteen ja k\u00e4yt\u00e4nn\u00f6n vuoropuhelu, jollaista t\u00e4n\u00e4 p\u00e4iv\u00e4n\u00e4 voi vain kaiholla muistella. [&hellip;]\" \/>\n<meta property=\"og:url\" content=\"https:\/\/blogs.uef.fi\/oikeuttakohtuudella\/2019\/01\/21\/arvoisat-juhlavieraat-hyvat-ystavat\/\" \/>\n<meta property=\"og:site_name\" content=\"OIKEUTTA KOHTUUDELLA \u2013 THE BLOG OF UEF LAW SCHOOL\" \/>\n<meta property=\"article:published_time\" content=\"2019-01-21T07:26:21+00:00\" \/>\n<meta property=\"article:modified_time\" content=\"2025-07-25T10:38:03+00:00\" \/>\n<meta property=\"og:image\" content=\"https:\/\/blogs.uef.fi\/oikeuttakohtuudella\/wp-content\/uploads\/sites\/9\/2019\/01\/tolvanen.jpg\" \/>\n\t<meta property=\"og:image:width\" content=\"100\" \/>\n\t<meta property=\"og:image:height\" content=\"131\" \/>\n\t<meta property=\"og:image:type\" content=\"image\/jpeg\" \/>\n<meta name=\"author\" content=\"Oikeustieteet, UEF Law School\" \/>\n<meta name=\"twitter:card\" content=\"summary_large_image\" \/>\n<meta name=\"twitter:label1\" content=\"Kirjoittanut\" \/>\n\t<meta name=\"twitter:data1\" content=\"Oikeustieteet, UEF Law School\" \/>\n\t<meta name=\"twitter:label2\" content=\"Arvioitu lukuaika\" \/>\n\t<meta name=\"twitter:data2\" content=\"7 minuuttia\" \/>\n<script type=\"application\/ld+json\" class=\"yoast-schema-graph\">{\"@context\":\"https:\\\/\\\/schema.org\",\"@graph\":[{\"@type\":\"Article\",\"@id\":\"https:\\\/\\\/blogs.uef.fi\\\/oikeuttakohtuudella\\\/2019\\\/01\\\/21\\\/arvoisat-juhlavieraat-hyvat-ystavat\\\/#article\",\"isPartOf\":{\"@id\":\"https:\\\/\\\/blogs.uef.fi\\\/oikeuttakohtuudella\\\/2019\\\/01\\\/21\\\/arvoisat-juhlavieraat-hyvat-ystavat\\\/\"},\"author\":{\"name\":\"Oikeustieteet, UEF Law School\",\"@id\":\"https:\\\/\\\/blogs.uef.fi\\\/oikeuttakohtuudella\\\/#\\\/schema\\\/person\\\/f0ba4af088b920da8687e1ac1dd43455\"},\"headline\":\"Arvoisat juhlavieraat, hyv\u00e4t yst\u00e4v\u00e4t!\",\"datePublished\":\"2019-01-21T07:26:21+00:00\",\"dateModified\":\"2025-07-25T10:38:03+00:00\",\"mainEntityOfPage\":{\"@id\":\"https:\\\/\\\/blogs.uef.fi\\\/oikeuttakohtuudella\\\/2019\\\/01\\\/21\\\/arvoisat-juhlavieraat-hyvat-ystavat\\\/\"},\"wordCount\":1278,\"image\":{\"@id\":\"https:\\\/\\\/blogs.uef.fi\\\/oikeuttakohtuudella\\\/2019\\\/01\\\/21\\\/arvoisat-juhlavieraat-hyvat-ystavat\\\/#primaryimage\"},\"thumbnailUrl\":\"https:\\\/\\\/blogs.uef.fi\\\/oikeuttakohtuudella\\\/wp-content\\\/uploads\\\/sites\\\/9\\\/2019\\\/01\\\/tolvanen.jpg\",\"articleSection\":[\"Uncategorized\"],\"inLanguage\":\"fi\"},{\"@type\":\"WebPage\",\"@id\":\"https:\\\/\\\/blogs.uef.fi\\\/oikeuttakohtuudella\\\/2019\\\/01\\\/21\\\/arvoisat-juhlavieraat-hyvat-ystavat\\\/\",\"url\":\"https:\\\/\\\/blogs.uef.fi\\\/oikeuttakohtuudella\\\/2019\\\/01\\\/21\\\/arvoisat-juhlavieraat-hyvat-ystavat\\\/\",\"name\":\"Arvoisat juhlavieraat, hyv\u00e4t yst\u00e4v\u00e4t! - OIKEUTTA KOHTUUDELLA \u2013 THE BLOG OF UEF LAW SCHOOL\",\"isPartOf\":{\"@id\":\"https:\\\/\\\/blogs.uef.fi\\\/oikeuttakohtuudella\\\/#website\"},\"primaryImageOfPage\":{\"@id\":\"https:\\\/\\\/blogs.uef.fi\\\/oikeuttakohtuudella\\\/2019\\\/01\\\/21\\\/arvoisat-juhlavieraat-hyvat-ystavat\\\/#primaryimage\"},\"image\":{\"@id\":\"https:\\\/\\\/blogs.uef.fi\\\/oikeuttakohtuudella\\\/2019\\\/01\\\/21\\\/arvoisat-juhlavieraat-hyvat-ystavat\\\/#primaryimage\"},\"thumbnailUrl\":\"https:\\\/\\\/blogs.uef.fi\\\/oikeuttakohtuudella\\\/wp-content\\\/uploads\\\/sites\\\/9\\\/2019\\\/01\\\/tolvanen.jpg\",\"datePublished\":\"2019-01-21T07:26:21+00:00\",\"dateModified\":\"2025-07-25T10:38:03+00:00\",\"author\":{\"@id\":\"https:\\\/\\\/blogs.uef.fi\\\/oikeuttakohtuudella\\\/#\\\/schema\\\/person\\\/f0ba4af088b920da8687e1ac1dd43455\"},\"breadcrumb\":{\"@id\":\"https:\\\/\\\/blogs.uef.fi\\\/oikeuttakohtuudella\\\/2019\\\/01\\\/21\\\/arvoisat-juhlavieraat-hyvat-ystavat\\\/#breadcrumb\"},\"inLanguage\":\"fi\",\"potentialAction\":[{\"@type\":\"ReadAction\",\"target\":[\"https:\\\/\\\/blogs.uef.fi\\\/oikeuttakohtuudella\\\/2019\\\/01\\\/21\\\/arvoisat-juhlavieraat-hyvat-ystavat\\\/\"]}]},{\"@type\":\"ImageObject\",\"inLanguage\":\"fi\",\"@id\":\"https:\\\/\\\/blogs.uef.fi\\\/oikeuttakohtuudella\\\/2019\\\/01\\\/21\\\/arvoisat-juhlavieraat-hyvat-ystavat\\\/#primaryimage\",\"url\":\"https:\\\/\\\/blogs.uef.fi\\\/oikeuttakohtuudella\\\/wp-content\\\/uploads\\\/sites\\\/9\\\/2019\\\/01\\\/tolvanen.jpg\",\"contentUrl\":\"https:\\\/\\\/blogs.uef.fi\\\/oikeuttakohtuudella\\\/wp-content\\\/uploads\\\/sites\\\/9\\\/2019\\\/01\\\/tolvanen.jpg\",\"width\":100,\"height\":131},{\"@type\":\"BreadcrumbList\",\"@id\":\"https:\\\/\\\/blogs.uef.fi\\\/oikeuttakohtuudella\\\/2019\\\/01\\\/21\\\/arvoisat-juhlavieraat-hyvat-ystavat\\\/#breadcrumb\",\"itemListElement\":[{\"@type\":\"ListItem\",\"position\":1,\"name\":\"Home\",\"item\":\"https:\\\/\\\/blogs.uef.fi\\\/oikeuttakohtuudella\\\/\"},{\"@type\":\"ListItem\",\"position\":2,\"name\":\"Arvoisat juhlavieraat, hyv\u00e4t yst\u00e4v\u00e4t!\"}]},{\"@type\":\"WebSite\",\"@id\":\"https:\\\/\\\/blogs.uef.fi\\\/oikeuttakohtuudella\\\/#website\",\"url\":\"https:\\\/\\\/blogs.uef.fi\\\/oikeuttakohtuudella\\\/\",\"name\":\"OIKEUTTA KOHTUUDELLA \u2013 THE BLOG OF UEF LAW SCHOOL\",\"description\":\"\",\"potentialAction\":[{\"@type\":\"SearchAction\",\"target\":{\"@type\":\"EntryPoint\",\"urlTemplate\":\"https:\\\/\\\/blogs.uef.fi\\\/oikeuttakohtuudella\\\/?s={search_term_string}\"},\"query-input\":{\"@type\":\"PropertyValueSpecification\",\"valueRequired\":true,\"valueName\":\"search_term_string\"}}],\"inLanguage\":\"fi\"},{\"@type\":\"Person\",\"@id\":\"https:\\\/\\\/blogs.uef.fi\\\/oikeuttakohtuudella\\\/#\\\/schema\\\/person\\\/f0ba4af088b920da8687e1ac1dd43455\",\"name\":\"Oikeustieteet, UEF Law School\",\"image\":{\"@type\":\"ImageObject\",\"inLanguage\":\"fi\",\"@id\":\"https:\\\/\\\/secure.gravatar.com\\\/avatar\\\/46c6336c730cf4a8d906dd4fc5719468732f2f986a2b0e3be1a516cec3c3320a?s=96&r=g\",\"url\":\"https:\\\/\\\/secure.gravatar.com\\\/avatar\\\/46c6336c730cf4a8d906dd4fc5719468732f2f986a2b0e3be1a516cec3c3320a?s=96&r=g\",\"contentUrl\":\"https:\\\/\\\/secure.gravatar.com\\\/avatar\\\/46c6336c730cf4a8d906dd4fc5719468732f2f986a2b0e3be1a516cec3c3320a?s=96&r=g\",\"caption\":\"Oikeustieteet, UEF Law School\"},\"url\":\"https:\\\/\\\/blogs.uef.fi\\\/oikeuttakohtuudella\\\/author\\\/oskkor\\\/\"}]}<\/script>\n<!-- \/ Yoast SEO plugin. -->","yoast_head_json":{"title":"Arvoisat juhlavieraat, hyv\u00e4t yst\u00e4v\u00e4t! - OIKEUTTA KOHTUUDELLA \u2013 THE BLOG OF UEF LAW SCHOOL","robots":{"index":"index","follow":"follow","max-snippet":"max-snippet:-1","max-image-preview":"max-image-preview:large","max-video-preview":"max-video-preview:-1"},"canonical":"https:\/\/blogs.uef.fi\/oikeuttakohtuudella\/2019\/01\/21\/arvoisat-juhlavieraat-hyvat-ystavat\/","og_locale":"fi_FI","og_type":"article","og_title":"Arvoisat juhlavieraat, hyv\u00e4t yst\u00e4v\u00e4t! - OIKEUTTA KOHTUUDELLA \u2013 THE BLOG OF UEF LAW SCHOOL","og_description":"Rikos- ja prosessioikeuden professorin&nbsp;Matti Tolvasen esitt\u00e4m\u00e4 juhlapuhe Oikeustieteiden laitoksen 20-vuotisjuhlassa 18.12.2018. Oma kokemukseni Joensuun, sittemmin It\u00e4-Suomen yliopistosta ulottuu jo 30 vuoden takaisiin aikoihin, jolloin pidin luentoja t\u00e4ydennyskoulutuskeskuksen j\u00e4rjest\u00e4mill\u00e4 yritt\u00e4j\u00e4kursseilla. Oikeustieteiden laitokseen tutustuin ensimm\u00e4isen kerran l\u00e4hemmin oikeustieteen p\u00e4ivill\u00e4 vuonna 1999. Noille oikeustieteen p\u00e4iville oli tunnusomaista tieteen ja k\u00e4yt\u00e4nn\u00f6n vuoropuhelu, jollaista t\u00e4n\u00e4 p\u00e4iv\u00e4n\u00e4 voi vain kaiholla muistella. [&hellip;]","og_url":"https:\/\/blogs.uef.fi\/oikeuttakohtuudella\/2019\/01\/21\/arvoisat-juhlavieraat-hyvat-ystavat\/","og_site_name":"OIKEUTTA KOHTUUDELLA \u2013 THE BLOG OF UEF LAW SCHOOL","article_published_time":"2019-01-21T07:26:21+00:00","article_modified_time":"2025-07-25T10:38:03+00:00","og_image":[{"width":100,"height":131,"url":"https:\/\/blogs.uef.fi\/oikeuttakohtuudella\/wp-content\/uploads\/sites\/9\/2019\/01\/tolvanen.jpg","type":"image\/jpeg"}],"author":"Oikeustieteet, UEF Law School","twitter_card":"summary_large_image","twitter_misc":{"Kirjoittanut":"Oikeustieteet, UEF Law School","Arvioitu lukuaika":"7 minuuttia"},"schema":{"@context":"https:\/\/schema.org","@graph":[{"@type":"Article","@id":"https:\/\/blogs.uef.fi\/oikeuttakohtuudella\/2019\/01\/21\/arvoisat-juhlavieraat-hyvat-ystavat\/#article","isPartOf":{"@id":"https:\/\/blogs.uef.fi\/oikeuttakohtuudella\/2019\/01\/21\/arvoisat-juhlavieraat-hyvat-ystavat\/"},"author":{"name":"Oikeustieteet, UEF Law School","@id":"https:\/\/blogs.uef.fi\/oikeuttakohtuudella\/#\/schema\/person\/f0ba4af088b920da8687e1ac1dd43455"},"headline":"Arvoisat juhlavieraat, hyv\u00e4t yst\u00e4v\u00e4t!","datePublished":"2019-01-21T07:26:21+00:00","dateModified":"2025-07-25T10:38:03+00:00","mainEntityOfPage":{"@id":"https:\/\/blogs.uef.fi\/oikeuttakohtuudella\/2019\/01\/21\/arvoisat-juhlavieraat-hyvat-ystavat\/"},"wordCount":1278,"image":{"@id":"https:\/\/blogs.uef.fi\/oikeuttakohtuudella\/2019\/01\/21\/arvoisat-juhlavieraat-hyvat-ystavat\/#primaryimage"},"thumbnailUrl":"https:\/\/blogs.uef.fi\/oikeuttakohtuudella\/wp-content\/uploads\/sites\/9\/2019\/01\/tolvanen.jpg","articleSection":["Uncategorized"],"inLanguage":"fi"},{"@type":"WebPage","@id":"https:\/\/blogs.uef.fi\/oikeuttakohtuudella\/2019\/01\/21\/arvoisat-juhlavieraat-hyvat-ystavat\/","url":"https:\/\/blogs.uef.fi\/oikeuttakohtuudella\/2019\/01\/21\/arvoisat-juhlavieraat-hyvat-ystavat\/","name":"Arvoisat juhlavieraat, hyv\u00e4t yst\u00e4v\u00e4t! - OIKEUTTA KOHTUUDELLA \u2013 THE BLOG OF UEF LAW SCHOOL","isPartOf":{"@id":"https:\/\/blogs.uef.fi\/oikeuttakohtuudella\/#website"},"primaryImageOfPage":{"@id":"https:\/\/blogs.uef.fi\/oikeuttakohtuudella\/2019\/01\/21\/arvoisat-juhlavieraat-hyvat-ystavat\/#primaryimage"},"image":{"@id":"https:\/\/blogs.uef.fi\/oikeuttakohtuudella\/2019\/01\/21\/arvoisat-juhlavieraat-hyvat-ystavat\/#primaryimage"},"thumbnailUrl":"https:\/\/blogs.uef.fi\/oikeuttakohtuudella\/wp-content\/uploads\/sites\/9\/2019\/01\/tolvanen.jpg","datePublished":"2019-01-21T07:26:21+00:00","dateModified":"2025-07-25T10:38:03+00:00","author":{"@id":"https:\/\/blogs.uef.fi\/oikeuttakohtuudella\/#\/schema\/person\/f0ba4af088b920da8687e1ac1dd43455"},"breadcrumb":{"@id":"https:\/\/blogs.uef.fi\/oikeuttakohtuudella\/2019\/01\/21\/arvoisat-juhlavieraat-hyvat-ystavat\/#breadcrumb"},"inLanguage":"fi","potentialAction":[{"@type":"ReadAction","target":["https:\/\/blogs.uef.fi\/oikeuttakohtuudella\/2019\/01\/21\/arvoisat-juhlavieraat-hyvat-ystavat\/"]}]},{"@type":"ImageObject","inLanguage":"fi","@id":"https:\/\/blogs.uef.fi\/oikeuttakohtuudella\/2019\/01\/21\/arvoisat-juhlavieraat-hyvat-ystavat\/#primaryimage","url":"https:\/\/blogs.uef.fi\/oikeuttakohtuudella\/wp-content\/uploads\/sites\/9\/2019\/01\/tolvanen.jpg","contentUrl":"https:\/\/blogs.uef.fi\/oikeuttakohtuudella\/wp-content\/uploads\/sites\/9\/2019\/01\/tolvanen.jpg","width":100,"height":131},{"@type":"BreadcrumbList","@id":"https:\/\/blogs.uef.fi\/oikeuttakohtuudella\/2019\/01\/21\/arvoisat-juhlavieraat-hyvat-ystavat\/#breadcrumb","itemListElement":[{"@type":"ListItem","position":1,"name":"Home","item":"https:\/\/blogs.uef.fi\/oikeuttakohtuudella\/"},{"@type":"ListItem","position":2,"name":"Arvoisat juhlavieraat, hyv\u00e4t yst\u00e4v\u00e4t!"}]},{"@type":"WebSite","@id":"https:\/\/blogs.uef.fi\/oikeuttakohtuudella\/#website","url":"https:\/\/blogs.uef.fi\/oikeuttakohtuudella\/","name":"OIKEUTTA KOHTUUDELLA \u2013 THE BLOG OF UEF LAW SCHOOL","description":"","potentialAction":[{"@type":"SearchAction","target":{"@type":"EntryPoint","urlTemplate":"https:\/\/blogs.uef.fi\/oikeuttakohtuudella\/?s={search_term_string}"},"query-input":{"@type":"PropertyValueSpecification","valueRequired":true,"valueName":"search_term_string"}}],"inLanguage":"fi"},{"@type":"Person","@id":"https:\/\/blogs.uef.fi\/oikeuttakohtuudella\/#\/schema\/person\/f0ba4af088b920da8687e1ac1dd43455","name":"Oikeustieteet, UEF Law School","image":{"@type":"ImageObject","inLanguage":"fi","@id":"https:\/\/secure.gravatar.com\/avatar\/46c6336c730cf4a8d906dd4fc5719468732f2f986a2b0e3be1a516cec3c3320a?s=96&r=g","url":"https:\/\/secure.gravatar.com\/avatar\/46c6336c730cf4a8d906dd4fc5719468732f2f986a2b0e3be1a516cec3c3320a?s=96&r=g","contentUrl":"https:\/\/secure.gravatar.com\/avatar\/46c6336c730cf4a8d906dd4fc5719468732f2f986a2b0e3be1a516cec3c3320a?s=96&r=g","caption":"Oikeustieteet, UEF Law School"},"url":"https:\/\/blogs.uef.fi\/oikeuttakohtuudella\/author\/oskkor\/"}]}},"_links":{"self":[{"href":"https:\/\/blogs.uef.fi\/oikeuttakohtuudella\/wp-json\/wp\/v2\/posts\/1165","targetHints":{"allow":["GET"]}}],"collection":[{"href":"https:\/\/blogs.uef.fi\/oikeuttakohtuudella\/wp-json\/wp\/v2\/posts"}],"about":[{"href":"https:\/\/blogs.uef.fi\/oikeuttakohtuudella\/wp-json\/wp\/v2\/types\/post"}],"author":[{"embeddable":true,"href":"https:\/\/blogs.uef.fi\/oikeuttakohtuudella\/wp-json\/wp\/v2\/users\/47"}],"replies":[{"embeddable":true,"href":"https:\/\/blogs.uef.fi\/oikeuttakohtuudella\/wp-json\/wp\/v2\/comments?post=1165"}],"version-history":[{"count":2,"href":"https:\/\/blogs.uef.fi\/oikeuttakohtuudella\/wp-json\/wp\/v2\/posts\/1165\/revisions"}],"predecessor-version":[{"id":2945,"href":"https:\/\/blogs.uef.fi\/oikeuttakohtuudella\/wp-json\/wp\/v2\/posts\/1165\/revisions\/2945"}],"wp:attachment":[{"href":"https:\/\/blogs.uef.fi\/oikeuttakohtuudella\/wp-json\/wp\/v2\/media?parent=1165"}],"wp:term":[{"taxonomy":"category","embeddable":true,"href":"https:\/\/blogs.uef.fi\/oikeuttakohtuudella\/wp-json\/wp\/v2\/categories?post=1165"},{"taxonomy":"post_tag","embeddable":true,"href":"https:\/\/blogs.uef.fi\/oikeuttakohtuudella\/wp-json\/wp\/v2\/tags?post=1165"}],"curies":[{"name":"wp","href":"https:\/\/api.w.org\/{rel}","templated":true}]}}