{"id":1119,"date":"2018-12-03T14:41:57","date_gmt":"2018-12-03T11:41:57","guid":{"rendered":"https:\/\/blogs.uef.fi\/oikeuttakohtuudella\/?p=1119"},"modified":"2025-07-25T12:30:33","modified_gmt":"2025-07-25T10:30:33","slug":"havinneet-tentit-ja-toimenpiteet-tapahtuneen-johdosta","status":"publish","type":"post","link":"https:\/\/blogs.uef.fi\/oikeuttakohtuudella\/2018\/12\/03\/havinneet-tentit-ja-toimenpiteet-tapahtuneen-johdosta\/","title":{"rendered":"H\u00e4vinneet tentit ja toimenpiteet tapahtuneen johdosta"},"content":{"rendered":"\n<figure class=\"wp-block-image\"><a href=\"https:\/\/blogs.uef.fi\/oikeuttakohtuudella\/wp-content\/uploads\/sites\/9\/2015\/11\/Tapio_M\u00e4\u00e4tt\u00e43.jpg\"><img loading=\"lazy\" decoding=\"async\" width=\"136\" height=\"197\" src=\"https:\/\/blogs.uef.fi\/oikeuttakohtuudella\/wp-content\/uploads\/sites\/9\/2015\/11\/Tapio_M\u00e4\u00e4tt\u00e43.jpg\" alt=\"\" class=\"wp-image-111\" \/><\/a><\/figure>\n\n\n\n<p><em>Tapio M\u00e4\u00e4tt\u00e4<\/em><br><em>Kirjoittaja on It\u00e4-Suomen yliopiston oikeustieteiden laitoksen johtaja ja ymp\u00e4rist\u00f6oikeuden professori<\/em><\/p>\n\n\n\n<p>Oikeustieteiden laitoksen yhden tentin tenttivastauksista p\u00e4\u00e4osa on mit\u00e4 ilmeisimmin h\u00e4vinnyt postissa. Vastausten h\u00e4vi\u00e4minen on tapahtunut, kun laitos postitti vastaukset tentaattorille korjattavaksi.<\/p>\n\n\n\n<p>Laitos pahoittelee tapahtunutta. Opiskelijoille on tiedotettu vastausten h\u00e4vi\u00e4misest\u00e4 heti kun asia on k\u00e4ynyt ilmi. Asiaa selvitell\u00e4\u00e4n edelleen yhteisty\u00f6ss\u00e4 postin kanssa. Kyseisest\u00e4 tentist\u00e4 j\u00e4rjestet\u00e4\u00e4n kaksi ylim\u00e4\u00e4r\u00e4ist\u00e4 tenttikierrosta v\u00e4litt\u00f6m\u00e4sti kahdessa seuraavassa yleisess\u00e4 tentiss\u00e4. Tentaattori on my\u00f6s ilmoittanut opiskelijoille, ett\u00e4 h\u00e4n ottaa tapahtuneen huomioon uusintatenttej\u00e4 korjatessaan.<\/p>\n\n\n\n<p>Osa et\u00e4tenttipaikoista on skannannut vastaukset. N\u00e4m\u00e4 tentit on arvosteltu normaalisti. Jos h\u00e4vinneeksi ep\u00e4illyt vastaukset viel\u00e4 postista l\u00f6ytyv\u00e4t, ne arvostellaan. Jos opiskelija on t\u00e4ll\u00f6in ehtinyt jo osallistua uusintatenttiin, parempi suoritus j\u00e4\u00e4 voimaan.<\/p>\n\n\n\n<p>It\u00e4-Suomen yliopisto on tehnyt tietosuojavaltuutetun toimistolle tietosuoja-asetuksen edellytt\u00e4m\u00e4n ilmoituksen henkil\u00f6tietojen tietoturvaloukkauksesta.<\/p>\n\n\n\n<p>Oikeustieteiden laitos tulee tapahtuneen johdosta muuttamaan prosessejaan tenttivastausten k\u00e4sittelyss\u00e4 siten, ettei vastaavaa en\u00e4\u00e4 voi tulevaisuudessa tapahtua.<\/p>\n\n\n\n<p>Vastaan t\u00e4ss\u00e4 blogissa keskitetysti tenttiin osallistuneilta opiskelijoilta tulleisiin kysymyksiin.<\/p>\n\n\n\n<p><em>Kysymys: Kaikille tenttiin osallistuneille tulisi antaa suoritusmerkint\u00e4 arvosanalla \u201dhyv\u00e4ksytty\u201d.<\/em><\/p>\n\n\n\n<p><em>Vastaus:<\/em>Yhdenvertaisuussyist\u00e4 t\u00e4t\u00e4 ei voida pit\u00e4\u00e4 perusteltuna. Osa tenttiin osallistujista on voinut luopua tentist\u00e4. Aiempien kyseisen opintojakson tenttikierrosten kokemusten perusteella on ilmeist\u00e4, ett\u00e4 osa vastanneista olisi tullut hyl\u00e4tyksi. Kaikkien osallistuneiden suoritusten hyv\u00e4ksyminen ei ole perusteltua my\u00f6sk\u00e4\u00e4n siksi, koska kyseinen opintojakso on osa Yleiset oikeusj\u00e4rjestysopinnot (60 op) -kokonaisuutta, jonka suorittaneet saavat opiskelupaikan avoimen yliopiston v\u00e4yl\u00e4n kautta oikeustieteiden laitoksella julkisoikeuden HTK\/HTM-tutkintoihin.<\/p>\n\n\n\n<p><em>Kysymys: Tenttiin osallistuneille tulisi j\u00e4rjest\u00e4\u00e4 korvaava suoritustapa.<\/em><\/p>\n\n\n\n<p><em>Vastaus:<\/em>Voimassa olevan opinto-oppaan mukaan \u201dYleisiin oikeusj\u00e4rjestysopintoihin kuuluviin opintojaksoihin \u2013 \u2013 hyv\u00e4ksyt\u00e4\u00e4n vaihtoehtoinen suoritustapa vain poikkeuksellisesti ja erityisest\u00e4 syyst\u00e4.\u201d Kyseinen opinto-oppaan kohta on muotoiltu siten, ett\u00e4 vaihtoehtoisen suoritustavan k\u00e4ytt\u00f6\u00e4 voidaan harkita sellaisissa yksitt\u00e4isiss\u00e4 tapauksissa, joissa opiskelijan mahdollisuudet suorittaa opintoja ovat vakavasti vaikeutuneet esimerkiksi henkil\u00f6kohtaisen tilanteen vuoksi. Vaihtoehtoisen suoritustavan k\u00e4ytt\u00f6 yleisiin oikeusj\u00e4rjestysopintoihin sis\u00e4ltyviss\u00e4 kursseissa on tarkoitettu \u00e4\u00e4rimm\u00e4isen harvinaiseksi ja aina yksil\u00f6lliseen, tapauskohtaiseen harkintaan perustuvaksi. Yleist\u00e4 korvaavaa suoritustapaa ei siksi ole t\u00e4ss\u00e4 valitettavassakaan tilanteessa pidetty perusteltuna.<\/p>\n\n\n\n<p><em>Kysymys: Laitoksen tulisi korvata vahingot, jotka aiheutuvat tenttien h\u00e4vi\u00e4misest\u00e4.<\/em><\/p>\n\n\n\n<p>Oikeustieteiden laitos vastaa tenttien h\u00e4vi\u00e4misest\u00e4 aiheutuneista vahingoista voimassa olevan oikeuden mukaisesti eli&nbsp;esimerkiksi et\u00e4tenttien valvontamaksut tai muut vastaavat selke\u00e4t ja v\u00e4h\u00e4iset kustannukset voidaan korvata.<\/p>\n","protected":false},"excerpt":{"rendered":"<p>Tapio M\u00e4\u00e4tt\u00e4Kirjoittaja on It\u00e4-Suomen yliopiston oikeustieteiden laitoksen johtaja ja ymp\u00e4rist\u00f6oikeuden professori Oikeustieteiden laitoksen yhden tentin tenttivastauksista p\u00e4\u00e4osa on mit\u00e4 ilmeisimmin h\u00e4vinnyt postissa. Vastausten h\u00e4vi\u00e4minen on tapahtunut, kun laitos postitti vastaukset tentaattorille korjattavaksi. Laitos pahoittelee tapahtunutta. Opiskelijoille on tiedotettu vastausten h\u00e4vi\u00e4misest\u00e4 heti kun asia on k\u00e4ynyt ilmi. Asiaa selvitell\u00e4\u00e4n edelleen yhteisty\u00f6ss\u00e4 postin kanssa. Kyseisest\u00e4 tentist\u00e4 j\u00e4rjestet\u00e4\u00e4n [&hellip;]<\/p>\n","protected":false},"author":47,"featured_media":0,"comment_status":"closed","ping_status":"closed","sticky":false,"template":"","format":"standard","meta":{"_acf_changed":false,"footnotes":""},"categories":[1],"tags":[],"class_list":["post-1119","post","type-post","status-publish","format-standard","hentry","category-uncategorized"],"acf":[],"yoast_head":"<!-- This site is optimized with the Yoast SEO plugin v27.3 - https:\/\/yoast.com\/product\/yoast-seo-wordpress\/ -->\n<title>H\u00e4vinneet tentit ja toimenpiteet tapahtuneen johdosta - OIKEUTTA KOHTUUDELLA \u2013 THE BLOG OF UEF LAW SCHOOL<\/title>\n<meta name=\"robots\" content=\"index, follow, max-snippet:-1, max-image-preview:large, max-video-preview:-1\" \/>\n<link rel=\"canonical\" href=\"https:\/\/blogs.uef.fi\/oikeuttakohtuudella\/2018\/12\/03\/havinneet-tentit-ja-toimenpiteet-tapahtuneen-johdosta\/\" \/>\n<meta property=\"og:locale\" content=\"fi_FI\" \/>\n<meta property=\"og:type\" content=\"article\" \/>\n<meta property=\"og:title\" content=\"H\u00e4vinneet tentit ja toimenpiteet tapahtuneen johdosta - OIKEUTTA KOHTUUDELLA \u2013 THE BLOG OF UEF LAW SCHOOL\" \/>\n<meta property=\"og:description\" content=\"Tapio M\u00e4\u00e4tt\u00e4Kirjoittaja on It\u00e4-Suomen yliopiston oikeustieteiden laitoksen johtaja ja ymp\u00e4rist\u00f6oikeuden professori Oikeustieteiden laitoksen yhden tentin tenttivastauksista p\u00e4\u00e4osa on mit\u00e4 ilmeisimmin h\u00e4vinnyt postissa. Vastausten h\u00e4vi\u00e4minen on tapahtunut, kun laitos postitti vastaukset tentaattorille korjattavaksi. Laitos pahoittelee tapahtunutta. Opiskelijoille on tiedotettu vastausten h\u00e4vi\u00e4misest\u00e4 heti kun asia on k\u00e4ynyt ilmi. Asiaa selvitell\u00e4\u00e4n edelleen yhteisty\u00f6ss\u00e4 postin kanssa. Kyseisest\u00e4 tentist\u00e4 j\u00e4rjestet\u00e4\u00e4n [&hellip;]\" \/>\n<meta property=\"og:url\" content=\"https:\/\/blogs.uef.fi\/oikeuttakohtuudella\/2018\/12\/03\/havinneet-tentit-ja-toimenpiteet-tapahtuneen-johdosta\/\" \/>\n<meta property=\"og:site_name\" content=\"OIKEUTTA KOHTUUDELLA \u2013 THE BLOG OF UEF LAW SCHOOL\" \/>\n<meta property=\"article:published_time\" content=\"2018-12-03T11:41:57+00:00\" \/>\n<meta property=\"article:modified_time\" content=\"2025-07-25T10:30:33+00:00\" \/>\n<meta name=\"author\" content=\"Oikeustieteet, UEF Law School\" \/>\n<meta name=\"twitter:card\" content=\"summary_large_image\" \/>\n<meta name=\"twitter:label1\" content=\"Kirjoittanut\" \/>\n\t<meta name=\"twitter:data1\" content=\"Oikeustieteet, UEF Law School\" \/>\n\t<meta name=\"twitter:label2\" content=\"Arvioitu lukuaika\" \/>\n\t<meta name=\"twitter:data2\" content=\"3 minuuttia\" \/>\n<script type=\"application\/ld+json\" class=\"yoast-schema-graph\">{\"@context\":\"https:\\\/\\\/schema.org\",\"@graph\":[{\"@type\":\"Article\",\"@id\":\"https:\\\/\\\/blogs.uef.fi\\\/oikeuttakohtuudella\\\/2018\\\/12\\\/03\\\/havinneet-tentit-ja-toimenpiteet-tapahtuneen-johdosta\\\/#article\",\"isPartOf\":{\"@id\":\"https:\\\/\\\/blogs.uef.fi\\\/oikeuttakohtuudella\\\/2018\\\/12\\\/03\\\/havinneet-tentit-ja-toimenpiteet-tapahtuneen-johdosta\\\/\"},\"author\":{\"name\":\"Oikeustieteet, UEF Law School\",\"@id\":\"https:\\\/\\\/blogs.uef.fi\\\/oikeuttakohtuudella\\\/#\\\/schema\\\/person\\\/f0ba4af088b920da8687e1ac1dd43455\"},\"headline\":\"H\u00e4vinneet tentit ja toimenpiteet tapahtuneen johdosta\",\"datePublished\":\"2018-12-03T11:41:57+00:00\",\"dateModified\":\"2025-07-25T10:30:33+00:00\",\"mainEntityOfPage\":{\"@id\":\"https:\\\/\\\/blogs.uef.fi\\\/oikeuttakohtuudella\\\/2018\\\/12\\\/03\\\/havinneet-tentit-ja-toimenpiteet-tapahtuneen-johdosta\\\/\"},\"wordCount\":397,\"articleSection\":[\"Uncategorized\"],\"inLanguage\":\"fi\"},{\"@type\":\"WebPage\",\"@id\":\"https:\\\/\\\/blogs.uef.fi\\\/oikeuttakohtuudella\\\/2018\\\/12\\\/03\\\/havinneet-tentit-ja-toimenpiteet-tapahtuneen-johdosta\\\/\",\"url\":\"https:\\\/\\\/blogs.uef.fi\\\/oikeuttakohtuudella\\\/2018\\\/12\\\/03\\\/havinneet-tentit-ja-toimenpiteet-tapahtuneen-johdosta\\\/\",\"name\":\"H\u00e4vinneet tentit ja toimenpiteet tapahtuneen johdosta - OIKEUTTA KOHTUUDELLA \u2013 THE BLOG OF UEF LAW SCHOOL\",\"isPartOf\":{\"@id\":\"https:\\\/\\\/blogs.uef.fi\\\/oikeuttakohtuudella\\\/#website\"},\"datePublished\":\"2018-12-03T11:41:57+00:00\",\"dateModified\":\"2025-07-25T10:30:33+00:00\",\"author\":{\"@id\":\"https:\\\/\\\/blogs.uef.fi\\\/oikeuttakohtuudella\\\/#\\\/schema\\\/person\\\/f0ba4af088b920da8687e1ac1dd43455\"},\"breadcrumb\":{\"@id\":\"https:\\\/\\\/blogs.uef.fi\\\/oikeuttakohtuudella\\\/2018\\\/12\\\/03\\\/havinneet-tentit-ja-toimenpiteet-tapahtuneen-johdosta\\\/#breadcrumb\"},\"inLanguage\":\"fi\",\"potentialAction\":[{\"@type\":\"ReadAction\",\"target\":[\"https:\\\/\\\/blogs.uef.fi\\\/oikeuttakohtuudella\\\/2018\\\/12\\\/03\\\/havinneet-tentit-ja-toimenpiteet-tapahtuneen-johdosta\\\/\"]}]},{\"@type\":\"BreadcrumbList\",\"@id\":\"https:\\\/\\\/blogs.uef.fi\\\/oikeuttakohtuudella\\\/2018\\\/12\\\/03\\\/havinneet-tentit-ja-toimenpiteet-tapahtuneen-johdosta\\\/#breadcrumb\",\"itemListElement\":[{\"@type\":\"ListItem\",\"position\":1,\"name\":\"Home\",\"item\":\"https:\\\/\\\/blogs.uef.fi\\\/oikeuttakohtuudella\\\/\"},{\"@type\":\"ListItem\",\"position\":2,\"name\":\"H\u00e4vinneet tentit ja toimenpiteet tapahtuneen johdosta\"}]},{\"@type\":\"WebSite\",\"@id\":\"https:\\\/\\\/blogs.uef.fi\\\/oikeuttakohtuudella\\\/#website\",\"url\":\"https:\\\/\\\/blogs.uef.fi\\\/oikeuttakohtuudella\\\/\",\"name\":\"OIKEUTTA KOHTUUDELLA \u2013 THE BLOG OF UEF LAW SCHOOL\",\"description\":\"\",\"potentialAction\":[{\"@type\":\"SearchAction\",\"target\":{\"@type\":\"EntryPoint\",\"urlTemplate\":\"https:\\\/\\\/blogs.uef.fi\\\/oikeuttakohtuudella\\\/?s={search_term_string}\"},\"query-input\":{\"@type\":\"PropertyValueSpecification\",\"valueRequired\":true,\"valueName\":\"search_term_string\"}}],\"inLanguage\":\"fi\"},{\"@type\":\"Person\",\"@id\":\"https:\\\/\\\/blogs.uef.fi\\\/oikeuttakohtuudella\\\/#\\\/schema\\\/person\\\/f0ba4af088b920da8687e1ac1dd43455\",\"name\":\"Oikeustieteet, UEF Law School\",\"image\":{\"@type\":\"ImageObject\",\"inLanguage\":\"fi\",\"@id\":\"https:\\\/\\\/secure.gravatar.com\\\/avatar\\\/46c6336c730cf4a8d906dd4fc5719468732f2f986a2b0e3be1a516cec3c3320a?s=96&r=g\",\"url\":\"https:\\\/\\\/secure.gravatar.com\\\/avatar\\\/46c6336c730cf4a8d906dd4fc5719468732f2f986a2b0e3be1a516cec3c3320a?s=96&r=g\",\"contentUrl\":\"https:\\\/\\\/secure.gravatar.com\\\/avatar\\\/46c6336c730cf4a8d906dd4fc5719468732f2f986a2b0e3be1a516cec3c3320a?s=96&r=g\",\"caption\":\"Oikeustieteet, UEF Law School\"},\"url\":\"https:\\\/\\\/blogs.uef.fi\\\/oikeuttakohtuudella\\\/author\\\/oskkor\\\/\"}]}<\/script>\n<!-- \/ Yoast SEO plugin. -->","yoast_head_json":{"title":"H\u00e4vinneet tentit ja toimenpiteet tapahtuneen johdosta - OIKEUTTA KOHTUUDELLA \u2013 THE BLOG OF UEF LAW SCHOOL","robots":{"index":"index","follow":"follow","max-snippet":"max-snippet:-1","max-image-preview":"max-image-preview:large","max-video-preview":"max-video-preview:-1"},"canonical":"https:\/\/blogs.uef.fi\/oikeuttakohtuudella\/2018\/12\/03\/havinneet-tentit-ja-toimenpiteet-tapahtuneen-johdosta\/","og_locale":"fi_FI","og_type":"article","og_title":"H\u00e4vinneet tentit ja toimenpiteet tapahtuneen johdosta - OIKEUTTA KOHTUUDELLA \u2013 THE BLOG OF UEF LAW SCHOOL","og_description":"Tapio M\u00e4\u00e4tt\u00e4Kirjoittaja on It\u00e4-Suomen yliopiston oikeustieteiden laitoksen johtaja ja ymp\u00e4rist\u00f6oikeuden professori Oikeustieteiden laitoksen yhden tentin tenttivastauksista p\u00e4\u00e4osa on mit\u00e4 ilmeisimmin h\u00e4vinnyt postissa. Vastausten h\u00e4vi\u00e4minen on tapahtunut, kun laitos postitti vastaukset tentaattorille korjattavaksi. Laitos pahoittelee tapahtunutta. Opiskelijoille on tiedotettu vastausten h\u00e4vi\u00e4misest\u00e4 heti kun asia on k\u00e4ynyt ilmi. Asiaa selvitell\u00e4\u00e4n edelleen yhteisty\u00f6ss\u00e4 postin kanssa. Kyseisest\u00e4 tentist\u00e4 j\u00e4rjestet\u00e4\u00e4n [&hellip;]","og_url":"https:\/\/blogs.uef.fi\/oikeuttakohtuudella\/2018\/12\/03\/havinneet-tentit-ja-toimenpiteet-tapahtuneen-johdosta\/","og_site_name":"OIKEUTTA KOHTUUDELLA \u2013 THE BLOG OF UEF LAW SCHOOL","article_published_time":"2018-12-03T11:41:57+00:00","article_modified_time":"2025-07-25T10:30:33+00:00","author":"Oikeustieteet, UEF Law School","twitter_card":"summary_large_image","twitter_misc":{"Kirjoittanut":"Oikeustieteet, UEF Law School","Arvioitu lukuaika":"3 minuuttia"},"schema":{"@context":"https:\/\/schema.org","@graph":[{"@type":"Article","@id":"https:\/\/blogs.uef.fi\/oikeuttakohtuudella\/2018\/12\/03\/havinneet-tentit-ja-toimenpiteet-tapahtuneen-johdosta\/#article","isPartOf":{"@id":"https:\/\/blogs.uef.fi\/oikeuttakohtuudella\/2018\/12\/03\/havinneet-tentit-ja-toimenpiteet-tapahtuneen-johdosta\/"},"author":{"name":"Oikeustieteet, UEF Law School","@id":"https:\/\/blogs.uef.fi\/oikeuttakohtuudella\/#\/schema\/person\/f0ba4af088b920da8687e1ac1dd43455"},"headline":"H\u00e4vinneet tentit ja toimenpiteet tapahtuneen johdosta","datePublished":"2018-12-03T11:41:57+00:00","dateModified":"2025-07-25T10:30:33+00:00","mainEntityOfPage":{"@id":"https:\/\/blogs.uef.fi\/oikeuttakohtuudella\/2018\/12\/03\/havinneet-tentit-ja-toimenpiteet-tapahtuneen-johdosta\/"},"wordCount":397,"articleSection":["Uncategorized"],"inLanguage":"fi"},{"@type":"WebPage","@id":"https:\/\/blogs.uef.fi\/oikeuttakohtuudella\/2018\/12\/03\/havinneet-tentit-ja-toimenpiteet-tapahtuneen-johdosta\/","url":"https:\/\/blogs.uef.fi\/oikeuttakohtuudella\/2018\/12\/03\/havinneet-tentit-ja-toimenpiteet-tapahtuneen-johdosta\/","name":"H\u00e4vinneet tentit ja toimenpiteet tapahtuneen johdosta - OIKEUTTA KOHTUUDELLA \u2013 THE BLOG OF UEF LAW SCHOOL","isPartOf":{"@id":"https:\/\/blogs.uef.fi\/oikeuttakohtuudella\/#website"},"datePublished":"2018-12-03T11:41:57+00:00","dateModified":"2025-07-25T10:30:33+00:00","author":{"@id":"https:\/\/blogs.uef.fi\/oikeuttakohtuudella\/#\/schema\/person\/f0ba4af088b920da8687e1ac1dd43455"},"breadcrumb":{"@id":"https:\/\/blogs.uef.fi\/oikeuttakohtuudella\/2018\/12\/03\/havinneet-tentit-ja-toimenpiteet-tapahtuneen-johdosta\/#breadcrumb"},"inLanguage":"fi","potentialAction":[{"@type":"ReadAction","target":["https:\/\/blogs.uef.fi\/oikeuttakohtuudella\/2018\/12\/03\/havinneet-tentit-ja-toimenpiteet-tapahtuneen-johdosta\/"]}]},{"@type":"BreadcrumbList","@id":"https:\/\/blogs.uef.fi\/oikeuttakohtuudella\/2018\/12\/03\/havinneet-tentit-ja-toimenpiteet-tapahtuneen-johdosta\/#breadcrumb","itemListElement":[{"@type":"ListItem","position":1,"name":"Home","item":"https:\/\/blogs.uef.fi\/oikeuttakohtuudella\/"},{"@type":"ListItem","position":2,"name":"H\u00e4vinneet tentit ja toimenpiteet tapahtuneen johdosta"}]},{"@type":"WebSite","@id":"https:\/\/blogs.uef.fi\/oikeuttakohtuudella\/#website","url":"https:\/\/blogs.uef.fi\/oikeuttakohtuudella\/","name":"OIKEUTTA KOHTUUDELLA \u2013 THE BLOG OF UEF LAW SCHOOL","description":"","potentialAction":[{"@type":"SearchAction","target":{"@type":"EntryPoint","urlTemplate":"https:\/\/blogs.uef.fi\/oikeuttakohtuudella\/?s={search_term_string}"},"query-input":{"@type":"PropertyValueSpecification","valueRequired":true,"valueName":"search_term_string"}}],"inLanguage":"fi"},{"@type":"Person","@id":"https:\/\/blogs.uef.fi\/oikeuttakohtuudella\/#\/schema\/person\/f0ba4af088b920da8687e1ac1dd43455","name":"Oikeustieteet, UEF Law School","image":{"@type":"ImageObject","inLanguage":"fi","@id":"https:\/\/secure.gravatar.com\/avatar\/46c6336c730cf4a8d906dd4fc5719468732f2f986a2b0e3be1a516cec3c3320a?s=96&r=g","url":"https:\/\/secure.gravatar.com\/avatar\/46c6336c730cf4a8d906dd4fc5719468732f2f986a2b0e3be1a516cec3c3320a?s=96&r=g","contentUrl":"https:\/\/secure.gravatar.com\/avatar\/46c6336c730cf4a8d906dd4fc5719468732f2f986a2b0e3be1a516cec3c3320a?s=96&r=g","caption":"Oikeustieteet, UEF Law School"},"url":"https:\/\/blogs.uef.fi\/oikeuttakohtuudella\/author\/oskkor\/"}]}},"_links":{"self":[{"href":"https:\/\/blogs.uef.fi\/oikeuttakohtuudella\/wp-json\/wp\/v2\/posts\/1119","targetHints":{"allow":["GET"]}}],"collection":[{"href":"https:\/\/blogs.uef.fi\/oikeuttakohtuudella\/wp-json\/wp\/v2\/posts"}],"about":[{"href":"https:\/\/blogs.uef.fi\/oikeuttakohtuudella\/wp-json\/wp\/v2\/types\/post"}],"author":[{"embeddable":true,"href":"https:\/\/blogs.uef.fi\/oikeuttakohtuudella\/wp-json\/wp\/v2\/users\/47"}],"replies":[{"embeddable":true,"href":"https:\/\/blogs.uef.fi\/oikeuttakohtuudella\/wp-json\/wp\/v2\/comments?post=1119"}],"version-history":[{"count":2,"href":"https:\/\/blogs.uef.fi\/oikeuttakohtuudella\/wp-json\/wp\/v2\/posts\/1119\/revisions"}],"predecessor-version":[{"id":2936,"href":"https:\/\/blogs.uef.fi\/oikeuttakohtuudella\/wp-json\/wp\/v2\/posts\/1119\/revisions\/2936"}],"wp:attachment":[{"href":"https:\/\/blogs.uef.fi\/oikeuttakohtuudella\/wp-json\/wp\/v2\/media?parent=1119"}],"wp:term":[{"taxonomy":"category","embeddable":true,"href":"https:\/\/blogs.uef.fi\/oikeuttakohtuudella\/wp-json\/wp\/v2\/categories?post=1119"},{"taxonomy":"post_tag","embeddable":true,"href":"https:\/\/blogs.uef.fi\/oikeuttakohtuudella\/wp-json\/wp\/v2\/tags?post=1119"}],"curies":[{"name":"wp","href":"https:\/\/api.w.org\/{rel}","templated":true}]}}