{"id":3086,"date":"2025-12-01T19:17:02","date_gmt":"2025-12-01T17:17:02","guid":{"rendered":"https:\/\/blogs.uef.fi\/metsatieteet-yritysyhteistyo\/?p=3086"},"modified":"2025-12-10T17:19:17","modified_gmt":"2025-12-10T15:19:17","slug":"strengthening-bioeconomy-skills-and-collaboration-highlights-from-ebsf-2025","status":"publish","type":"post","link":"https:\/\/blogs.uef.fi\/metsatieteet-yritysyhteistyo\/2025\/12\/01\/strengthening-bioeconomy-skills-and-collaboration-highlights-from-ebsf-2025\/?lang=en","title":{"rendered":"Strengthening Bioeconomy Skills and Collaboration: Highlights from EBSF 2025"},"content":{"rendered":"\n<p class=\"has-text-align-center\"><em><strong><em>The bioeconomy plays a key role in Europe\u2019s green transition. By harnessing biological resources, advancing innovative biotechnologies, and developing bio-based products and services, it offers solutions for a more sustainable future. But building a strong bioeconomy isn\u2019t just about technology; it requires new skills and collaborative approaches across regions and borders. These themes were at the heart of discussions at the European Bioeconomy Scientific Forum (EBSF) 2025, where experts explored how creativity and cooperation can shape the next steps for bio-based innovation.<\/em>&nbsp;<\/strong>&nbsp;&nbsp;&nbsp;&nbsp;&nbsp;&nbsp;<\/em><\/p>\n\n\n\n<p><em>Text by Denis Dobrynin<\/em>. <\/p>\n\n\n\n<p><em>Edited by Satu Helenius<\/em><\/p>\n\n\n\n<figure class=\"wp-block-image size-large is-resized\"><img loading=\"lazy\" decoding=\"async\" width=\"1024\" height=\"256\" src=\"https:\/\/blogs.uef.fi\/metsatieteet-yritysyhteistyo\/wp-content\/uploads\/sites\/226\/2024\/11\/3-1024x256.png\" alt=\"\" class=\"wp-image-653\" style=\"width:80px;height:auto\" srcset=\"https:\/\/blogs.uef.fi\/metsatieteet-yritysyhteistyo\/wp-content\/uploads\/sites\/226\/2024\/11\/3-1024x256.png 1024w, https:\/\/blogs.uef.fi\/metsatieteet-yritysyhteistyo\/wp-content\/uploads\/sites\/226\/2024\/11\/3-300x75.png 300w, https:\/\/blogs.uef.fi\/metsatieteet-yritysyhteistyo\/wp-content\/uploads\/sites\/226\/2024\/11\/3-768x192.png 768w, https:\/\/blogs.uef.fi\/metsatieteet-yritysyhteistyo\/wp-content\/uploads\/sites\/226\/2024\/11\/3-1536x384.png 1536w, https:\/\/blogs.uef.fi\/metsatieteet-yritysyhteistyo\/wp-content\/uploads\/sites\/226\/2024\/11\/3.png 1584w\" sizes=\"auto, (max-width: 1024px) 100vw, 1024px\" \/><\/figure>\n\n\n\n<h5 class=\"wp-block-heading\"><strong>The European Bioeconomy Scientific Forum Arrives in Joensuu<\/strong><\/h5>\n\n\n\n<p>Surrounded by the early summer greenery of Joensuu, participants from across the globe convened on the University of Eastern Finland\u2019s campus for the European Bioeconomy Scene Forum 2025 (EBSF2025). Held on 11\u201313 June and organised under the European Bioeconomy University (EBU) Alliance, the forum provided a setting where natural surroundings and academic exchange met.<\/p>\n\n\n\n<p>The programme focused on central themes in advancing the bioeconomy: strengthening regional and international collaboration, promoting knowledge exchange across geographical and disciplinary boundaries, enhancing innovation capabilities, and supporting career development for emerging professionals in the field.<\/p>\n\n\n\n<p>EBSF2025 brought together more than one hundred participants from 26 countries across Europe, Latin America, Africa, and Asia. The diverse group included international experts, professors, researchers, students, policymakers, government representatives, and early\u2011career professionals, illustrating the broad and interconnected nature of the bioeconomy community.<\/p>\n\n\n\n<figure class=\"wp-block-image size-large is-resized\"><img loading=\"lazy\" decoding=\"async\" width=\"1024\" height=\"256\" src=\"https:\/\/blogs.uef.fi\/metsatieteet-yritysyhteistyo\/wp-content\/uploads\/sites\/226\/2024\/11\/3-1024x256.png\" alt=\"\" class=\"wp-image-653\" style=\"width:80px;height:auto\" srcset=\"https:\/\/blogs.uef.fi\/metsatieteet-yritysyhteistyo\/wp-content\/uploads\/sites\/226\/2024\/11\/3-1024x256.png 1024w, https:\/\/blogs.uef.fi\/metsatieteet-yritysyhteistyo\/wp-content\/uploads\/sites\/226\/2024\/11\/3-300x75.png 300w, https:\/\/blogs.uef.fi\/metsatieteet-yritysyhteistyo\/wp-content\/uploads\/sites\/226\/2024\/11\/3-768x192.png 768w, https:\/\/blogs.uef.fi\/metsatieteet-yritysyhteistyo\/wp-content\/uploads\/sites\/226\/2024\/11\/3-1536x384.png 1536w, https:\/\/blogs.uef.fi\/metsatieteet-yritysyhteistyo\/wp-content\/uploads\/sites\/226\/2024\/11\/3.png 1584w\" sizes=\"auto, (max-width: 1024px) 100vw, 1024px\" \/><\/figure>\n\n\n\n<figure class=\"wp-block-image size-large is-resized\"><img loading=\"lazy\" decoding=\"async\" width=\"1024\" height=\"768\" src=\"https:\/\/blogs.uef.fi\/metsatieteet-yritysyhteistyo\/wp-content\/uploads\/sites\/226\/2025\/12\/Picture1-1024x768.jpg\" alt=\"\" class=\"wp-image-3108\" style=\"width:578px;height:auto\" srcset=\"https:\/\/blogs.uef.fi\/metsatieteet-yritysyhteistyo\/wp-content\/uploads\/sites\/226\/2025\/12\/Picture1-1024x768.jpg 1024w, https:\/\/blogs.uef.fi\/metsatieteet-yritysyhteistyo\/wp-content\/uploads\/sites\/226\/2025\/12\/Picture1-300x225.jpg 300w, https:\/\/blogs.uef.fi\/metsatieteet-yritysyhteistyo\/wp-content\/uploads\/sites\/226\/2025\/12\/Picture1-768x576.jpg 768w, https:\/\/blogs.uef.fi\/metsatieteet-yritysyhteistyo\/wp-content\/uploads\/sites\/226\/2025\/12\/Picture1.jpg 1120w\" sizes=\"auto, (max-width: 1024px) 100vw, 1024px\" \/><\/figure>\n\n\n\n<p><em>The forum participants<\/em><\/p>\n\n\n\n<h5 class=\"wp-block-heading\"><strong>Key Themes: Collaboration, Innovation, and Skills<\/strong><\/h5>\n\n\n\n<p>The Forum\u2019s keynote speakers addressed a range of topics, including the bioeconomy within the new European Commission\u2019s agenda, the current state and outlook of the global bioeconomy, as well as regional and national bioeconomy initiatives and platforms. Several presentations highlighted bioeconomy education and university-led research. During the Young Professionals session, speakers shared their visions for the bioeconomy and recounted their career experiences in entrepreneurship, investment, and sustainability management. Speakers-entrepreneurs shared their professional journeys, startup building, and provided tips and tricks to those considering bioeconomy-related entrepreneurship. &nbsp;<\/p>\n\n\n\n<figure class=\"wp-block-image size-large is-resized\"><img loading=\"lazy\" decoding=\"async\" width=\"1024\" height=\"256\" src=\"https:\/\/blogs.uef.fi\/metsatieteet-yritysyhteistyo\/wp-content\/uploads\/sites\/226\/2024\/11\/3-1024x256.png\" alt=\"\" class=\"wp-image-653\" style=\"width:80px;height:auto\" srcset=\"https:\/\/blogs.uef.fi\/metsatieteet-yritysyhteistyo\/wp-content\/uploads\/sites\/226\/2024\/11\/3-1024x256.png 1024w, https:\/\/blogs.uef.fi\/metsatieteet-yritysyhteistyo\/wp-content\/uploads\/sites\/226\/2024\/11\/3-300x75.png 300w, https:\/\/blogs.uef.fi\/metsatieteet-yritysyhteistyo\/wp-content\/uploads\/sites\/226\/2024\/11\/3-768x192.png 768w, https:\/\/blogs.uef.fi\/metsatieteet-yritysyhteistyo\/wp-content\/uploads\/sites\/226\/2024\/11\/3-1536x384.png 1536w, https:\/\/blogs.uef.fi\/metsatieteet-yritysyhteistyo\/wp-content\/uploads\/sites\/226\/2024\/11\/3.png 1584w\" sizes=\"auto, (max-width: 1024px) 100vw, 1024px\" \/><\/figure>\n\n\n\n<figure class=\"wp-block-image size-large\"><img loading=\"lazy\" decoding=\"async\" width=\"1024\" height=\"360\" src=\"https:\/\/blogs.uef.fi\/metsatieteet-yritysyhteistyo\/wp-content\/uploads\/sites\/226\/2025\/12\/Picture2-2-1024x360.jpg\" alt=\"\" class=\"wp-image-3121\" srcset=\"https:\/\/blogs.uef.fi\/metsatieteet-yritysyhteistyo\/wp-content\/uploads\/sites\/226\/2025\/12\/Picture2-2-1024x360.jpg 1024w, https:\/\/blogs.uef.fi\/metsatieteet-yritysyhteistyo\/wp-content\/uploads\/sites\/226\/2025\/12\/Picture2-2-300x105.jpg 300w, https:\/\/blogs.uef.fi\/metsatieteet-yritysyhteistyo\/wp-content\/uploads\/sites\/226\/2025\/12\/Picture2-2-768x270.jpg 768w, https:\/\/blogs.uef.fi\/metsatieteet-yritysyhteistyo\/wp-content\/uploads\/sites\/226\/2025\/12\/Picture2-2-1536x540.jpg 1536w, https:\/\/blogs.uef.fi\/metsatieteet-yritysyhteistyo\/wp-content\/uploads\/sites\/226\/2025\/12\/Picture2-2.jpg 2048w\" sizes=\"auto, (max-width: 1024px) 100vw, 1024px\" \/><\/figure>\n\n\n\n<p><em>The forum participants<\/em><\/p>\n\n\n\n<h5 class=\"wp-block-heading\"><strong>Research and Innovation Through Poster Pitches<\/strong><\/h5>\n\n\n\n<p>Poster pitching sessions were organised to encourage young participants to present their ideas and key findings engagingly and attractively within a limited time, while also helping them develop their public speaking skills. The forum poster pitch sessions motivated young scientists and innovators to present their project results and ideas. <\/p>\n\n\n\n<ul class=\"wp-block-list\">\n<li>The session on Biotechnologies and Bio-businesses included topics such as the sustainability of the agri-food supply chain, valorisation of by-products in the agricultural and forestry sectors, biorefining of marine algae, the development of new bio-based materials and products, and waste management.<\/li>\n\n\n\n<li>The session on Bioresource Management and Governance covered citizen science, digital technologies, and the integration of forest big data and machine learning in planning and managing the use of nature. The session also linked the bioeconomy to sustainable natural resource management, nature conservation, and the resolution of environmental conflicts.<\/li>\n\n\n\n<li>The session on Bioeconomy Policies and Stakeholders introduced regional and global bioeconomy networks and platforms, connected bioeconomy to social innovation and local stakeholders\u2019 empowerment, and highlighted the role of youth and students in the bioeconomy. It also suggested future-thinking approaches to bioeconomy development.&nbsp;<\/li>\n<\/ul>\n\n\n\n<figure class=\"wp-block-image size-large is-resized\"><img loading=\"lazy\" decoding=\"async\" width=\"1024\" height=\"256\" src=\"https:\/\/blogs.uef.fi\/metsatieteet-yritysyhteistyo\/wp-content\/uploads\/sites\/226\/2024\/11\/3-1024x256.png\" alt=\"\" class=\"wp-image-653\" style=\"width:80px;height:auto\" srcset=\"https:\/\/blogs.uef.fi\/metsatieteet-yritysyhteistyo\/wp-content\/uploads\/sites\/226\/2024\/11\/3-1024x256.png 1024w, https:\/\/blogs.uef.fi\/metsatieteet-yritysyhteistyo\/wp-content\/uploads\/sites\/226\/2024\/11\/3-300x75.png 300w, https:\/\/blogs.uef.fi\/metsatieteet-yritysyhteistyo\/wp-content\/uploads\/sites\/226\/2024\/11\/3-768x192.png 768w, https:\/\/blogs.uef.fi\/metsatieteet-yritysyhteistyo\/wp-content\/uploads\/sites\/226\/2024\/11\/3-1536x384.png 1536w, https:\/\/blogs.uef.fi\/metsatieteet-yritysyhteistyo\/wp-content\/uploads\/sites\/226\/2024\/11\/3.png 1584w\" sizes=\"auto, (max-width: 1024px) 100vw, 1024px\" \/><\/figure>\n\n\n\n<figure class=\"wp-block-image aligncenter size-large is-resized\"><img loading=\"lazy\" decoding=\"async\" width=\"1024\" height=\"576\" src=\"https:\/\/blogs.uef.fi\/metsatieteet-yritysyhteistyo\/wp-content\/uploads\/sites\/226\/2025\/12\/Picture3-1024x576.jpg\" alt=\"\" class=\"wp-image-3097\" style=\"width:722px;height:auto\" srcset=\"https:\/\/blogs.uef.fi\/metsatieteet-yritysyhteistyo\/wp-content\/uploads\/sites\/226\/2025\/12\/Picture3-1024x576.jpg 1024w, https:\/\/blogs.uef.fi\/metsatieteet-yritysyhteistyo\/wp-content\/uploads\/sites\/226\/2025\/12\/Picture3-300x169.jpg 300w, https:\/\/blogs.uef.fi\/metsatieteet-yritysyhteistyo\/wp-content\/uploads\/sites\/226\/2025\/12\/Picture3-768x432.jpg 768w, https:\/\/blogs.uef.fi\/metsatieteet-yritysyhteistyo\/wp-content\/uploads\/sites\/226\/2025\/12\/Picture3-992x558.jpg 992w, https:\/\/blogs.uef.fi\/metsatieteet-yritysyhteistyo\/wp-content\/uploads\/sites\/226\/2025\/12\/Picture3.jpg 1176w\" sizes=\"auto, (max-width: 1024px) 100vw, 1024px\" \/><\/figure>\n\n\n\n<p class=\"has-text-align-left\"><em>Winners of the poster pitching competition<\/em>: <em>Lorena D\u00edaz Fern\u00e1ndez de Quincoces, Angelina E\u00dfer, Monserrath Ximena Lascano Galarza, Diana Carolina Huertas Bernal, Aitana Zoco de La Fuente, Viivi Berg.<\/em><\/p>\n\n\n\n<h5 class=\"wp-block-heading\"><strong>Workshops in Koli: From Ideas to Action<\/strong><\/h5>\n\n\n\n<p>The main forum days were followed by three workshops held in Koli National Park. The workshops focused on Horizon Scanning for Bioeconomy, Empowering Youth in the Bioeconomy, and Universities and Global Collaboration in the Bioeconomy. These engaging workshops, along with a brief walking tour through the forested hills of Koli National Park, provided a great ending to the forum.<\/p>\n\n\n\n<figure class=\"wp-block-image size-large is-resized\"><img loading=\"lazy\" decoding=\"async\" width=\"1024\" height=\"256\" src=\"https:\/\/blogs.uef.fi\/metsatieteet-yritysyhteistyo\/wp-content\/uploads\/sites\/226\/2024\/11\/3-1024x256.png\" alt=\"\" class=\"wp-image-653\" style=\"width:80px;height:auto\" srcset=\"https:\/\/blogs.uef.fi\/metsatieteet-yritysyhteistyo\/wp-content\/uploads\/sites\/226\/2024\/11\/3-1024x256.png 1024w, https:\/\/blogs.uef.fi\/metsatieteet-yritysyhteistyo\/wp-content\/uploads\/sites\/226\/2024\/11\/3-300x75.png 300w, https:\/\/blogs.uef.fi\/metsatieteet-yritysyhteistyo\/wp-content\/uploads\/sites\/226\/2024\/11\/3-768x192.png 768w, https:\/\/blogs.uef.fi\/metsatieteet-yritysyhteistyo\/wp-content\/uploads\/sites\/226\/2024\/11\/3-1536x384.png 1536w, https:\/\/blogs.uef.fi\/metsatieteet-yritysyhteistyo\/wp-content\/uploads\/sites\/226\/2024\/11\/3.png 1584w\" sizes=\"auto, (max-width: 1024px) 100vw, 1024px\" \/><\/figure>\n\n\n\n<figure class=\"wp-block-image aligncenter size-large is-resized\"><img loading=\"lazy\" decoding=\"async\" width=\"1024\" height=\"768\" src=\"https:\/\/blogs.uef.fi\/metsatieteet-yritysyhteistyo\/wp-content\/uploads\/sites\/226\/2025\/12\/Picture4-1024x768.jpg\" alt=\"\" class=\"wp-image-3092\" style=\"width:452px;height:auto\" srcset=\"https:\/\/blogs.uef.fi\/metsatieteet-yritysyhteistyo\/wp-content\/uploads\/sites\/226\/2025\/12\/Picture4-1024x768.jpg 1024w, https:\/\/blogs.uef.fi\/metsatieteet-yritysyhteistyo\/wp-content\/uploads\/sites\/226\/2025\/12\/Picture4-300x225.jpg 300w, https:\/\/blogs.uef.fi\/metsatieteet-yritysyhteistyo\/wp-content\/uploads\/sites\/226\/2025\/12\/Picture4-768x576.jpg 768w, https:\/\/blogs.uef.fi\/metsatieteet-yritysyhteistyo\/wp-content\/uploads\/sites\/226\/2025\/12\/Picture4.jpg 1472w\" sizes=\"auto, (max-width: 1024px) 100vw, 1024px\" \/><\/figure>\n\n\n\n<p class=\"has-text-align-center\"><em>Forum participants at the Koli National Park (from left to right): Anu Laakkonen (University of Eastern Finland), Giuseppe Pellegrino (The Directorate-General for Research and Innovation), Denis Dobrynin (University of Eastern Finland)<\/em><\/p>\n\n\n\n<figure class=\"wp-block-image size-large is-resized\"><img loading=\"lazy\" decoding=\"async\" width=\"1024\" height=\"256\" src=\"https:\/\/blogs.uef.fi\/metsatieteet-yritysyhteistyo\/wp-content\/uploads\/sites\/226\/2024\/11\/3-1024x256.png\" alt=\"\" class=\"wp-image-653\" style=\"width:80px;height:auto\" srcset=\"https:\/\/blogs.uef.fi\/metsatieteet-yritysyhteistyo\/wp-content\/uploads\/sites\/226\/2024\/11\/3-1024x256.png 1024w, https:\/\/blogs.uef.fi\/metsatieteet-yritysyhteistyo\/wp-content\/uploads\/sites\/226\/2024\/11\/3-300x75.png 300w, https:\/\/blogs.uef.fi\/metsatieteet-yritysyhteistyo\/wp-content\/uploads\/sites\/226\/2024\/11\/3-768x192.png 768w, https:\/\/blogs.uef.fi\/metsatieteet-yritysyhteistyo\/wp-content\/uploads\/sites\/226\/2024\/11\/3-1536x384.png 1536w, https:\/\/blogs.uef.fi\/metsatieteet-yritysyhteistyo\/wp-content\/uploads\/sites\/226\/2024\/11\/3.png 1584w\" sizes=\"auto, (max-width: 1024px) 100vw, 1024px\" \/><\/figure>\n\n\n\n<h5 class=\"wp-block-heading\"><strong>Towards the next EBSF<\/strong><\/h5>\n\n\n\n<p>As the forum came to an end, a clear message remained: the development of the bioeconomy depends on collaboration across disciplines and regions. Researchers, students, practitioners, and policy actors all have a role in shaping practical and sustainable solutions. For the School of Forest Sciences, the discussions offered valuable perspectives on skills needs, research directions, and opportunities for cooperation. Our school will continue contributing through its teaching, research, and networks, supporting the development of a responsible and resilient bioeconomy in Finland and beyond. We also look forward to the next European Bioeconomy Scientific Forum, which will be hosted by AgroParisTech in Paris in early autumn 2027.&nbsp;&nbsp;&nbsp;<\/p>\n\n\n\n<figure class=\"wp-block-image size-large is-resized\"><img loading=\"lazy\" decoding=\"async\" width=\"1024\" height=\"256\" src=\"https:\/\/blogs.uef.fi\/metsatieteet-yritysyhteistyo\/wp-content\/uploads\/sites\/226\/2024\/11\/3-1024x256.png\" alt=\"\" class=\"wp-image-653\" style=\"width:80px;height:auto\" srcset=\"https:\/\/blogs.uef.fi\/metsatieteet-yritysyhteistyo\/wp-content\/uploads\/sites\/226\/2024\/11\/3-1024x256.png 1024w, https:\/\/blogs.uef.fi\/metsatieteet-yritysyhteistyo\/wp-content\/uploads\/sites\/226\/2024\/11\/3-300x75.png 300w, https:\/\/blogs.uef.fi\/metsatieteet-yritysyhteistyo\/wp-content\/uploads\/sites\/226\/2024\/11\/3-768x192.png 768w, https:\/\/blogs.uef.fi\/metsatieteet-yritysyhteistyo\/wp-content\/uploads\/sites\/226\/2024\/11\/3-1536x384.png 1536w, https:\/\/blogs.uef.fi\/metsatieteet-yritysyhteistyo\/wp-content\/uploads\/sites\/226\/2024\/11\/3.png 1584w\" sizes=\"auto, (max-width: 1024px) 100vw, 1024px\" \/><\/figure>\n\n\n\n<figure class=\"wp-block-image aligncenter size-large is-resized\"><img loading=\"lazy\" decoding=\"async\" width=\"1024\" height=\"843\" src=\"https:\/\/blogs.uef.fi\/metsatieteet-yritysyhteistyo\/wp-content\/uploads\/sites\/226\/2025\/12\/Picture5-1024x843.jpg\" alt=\"\" class=\"wp-image-3089\" style=\"width:470px;height:auto\" srcset=\"https:\/\/blogs.uef.fi\/metsatieteet-yritysyhteistyo\/wp-content\/uploads\/sites\/226\/2025\/12\/Picture5-1024x843.jpg 1024w, https:\/\/blogs.uef.fi\/metsatieteet-yritysyhteistyo\/wp-content\/uploads\/sites\/226\/2025\/12\/Picture5-300x247.jpg 300w, https:\/\/blogs.uef.fi\/metsatieteet-yritysyhteistyo\/wp-content\/uploads\/sites\/226\/2025\/12\/Picture5-768x632.jpg 768w, https:\/\/blogs.uef.fi\/metsatieteet-yritysyhteistyo\/wp-content\/uploads\/sites\/226\/2025\/12\/Picture5.jpg 1051w\" sizes=\"auto, (max-width: 1024px) 100vw, 1024px\" \/><\/figure>\n\n\n\n<p class=\"has-text-align-center\"><em>Members of the UEF forum organising team (from left to right): Denis Dobrynin, Teppo Hujala, and Natasa Lovric.<\/em><\/p>\n\n\n\n<figure class=\"wp-block-image size-large is-resized\"><img loading=\"lazy\" decoding=\"async\" width=\"1024\" height=\"256\" src=\"https:\/\/blogs.uef.fi\/metsatieteet-yritysyhteistyo\/wp-content\/uploads\/sites\/226\/2024\/11\/3-1024x256.png\" alt=\"\" class=\"wp-image-653\" style=\"width:200px;height:auto\" srcset=\"https:\/\/blogs.uef.fi\/metsatieteet-yritysyhteistyo\/wp-content\/uploads\/sites\/226\/2024\/11\/3-1024x256.png 1024w, https:\/\/blogs.uef.fi\/metsatieteet-yritysyhteistyo\/wp-content\/uploads\/sites\/226\/2024\/11\/3-300x75.png 300w, https:\/\/blogs.uef.fi\/metsatieteet-yritysyhteistyo\/wp-content\/uploads\/sites\/226\/2024\/11\/3-768x192.png 768w, https:\/\/blogs.uef.fi\/metsatieteet-yritysyhteistyo\/wp-content\/uploads\/sites\/226\/2024\/11\/3-1536x384.png 1536w, https:\/\/blogs.uef.fi\/metsatieteet-yritysyhteistyo\/wp-content\/uploads\/sites\/226\/2024\/11\/3.png 1584w\" sizes=\"auto, (max-width: 1024px) 100vw, 1024px\" \/><\/figure>\n\n\n\n<p><em>The European Bioeconomy Scientific Forum is the official biennial event of the European Bioeconomy University Alliance (EBU). The EBU consists of eight European universities and aims to contribute to the establishment of Europe\u2019s leading intellectual institution for education, research, and innovation in the bioeconomy.&nbsp;<\/em><br>&nbsp;<br><em>This alliance strengthens the connection between academia, policy, and practice to enhance a sustainable and competitive European bioeconomy while collaborating with European and global networks and partners. University of Eastern Finland holds the EBU\u2019s Presidency 2025-2026, and Rector Tapio M\u00e4\u00e4tt\u00e4 serves as the current Chair of the Presidency. Next EBSF will be hosted by AgroParisTech in Paris in early autumn 2027.<\/em><br>&nbsp;<\/p>\n","protected":false},"excerpt":{"rendered":"<p>The bioeconomy plays a key role in Europe\u2019s green transition. By harnessing biological resources, advancing innovative biotechnologies, and developing bio-based products and services, it offers solutions for a more sustainable future. But building a strong bioeconomy isn\u2019t just about technology; it requires new skills and collaborative approaches across regions and borders. These themes were at [&hellip;]<\/p>\n","protected":false},"author":492,"featured_media":3115,"comment_status":"open","ping_status":"open","sticky":false,"template":"","format":"standard","meta":{"_acf_changed":false,"footnotes":""},"categories":[58],"tags":[61,62],"class_list":["post-3086","post","type-post","status-publish","format-standard","has-post-thumbnail","hentry","category-blog-posts","tag-bioeconomy","tag-innovation"],"acf":[],"yoast_head":"<!-- This site is optimized with the Yoast SEO plugin v27.3 - https:\/\/yoast.com\/product\/yoast-seo-wordpress\/ -->\n<title>Strengthening Bioeconomy Skills and Collaboration: Highlights from EBSF 2025 - UEF - Mets\u00e4tieteet yritysyhteisty\u00f6<\/title>\n<meta name=\"robots\" content=\"index, follow, max-snippet:-1, max-image-preview:large, max-video-preview:-1\" \/>\n<link rel=\"canonical\" href=\"https:\/\/blogs.uef.fi\/metsatieteet-yritysyhteistyo\/2025\/12\/01\/strengthening-bioeconomy-skills-and-collaboration-highlights-from-ebsf-2025\/\" \/>\n<meta property=\"og:locale\" content=\"fi_FI\" \/>\n<meta property=\"og:type\" content=\"article\" \/>\n<meta property=\"og:title\" content=\"Strengthening Bioeconomy Skills and Collaboration: Highlights from EBSF 2025 - UEF - Mets\u00e4tieteet yritysyhteisty\u00f6\" \/>\n<meta property=\"og:description\" content=\"The bioeconomy plays a key role in Europe\u2019s green transition. By harnessing biological resources, advancing innovative biotechnologies, and developing bio-based products and services, it offers solutions for a more sustainable future. But building a strong bioeconomy isn\u2019t just about technology; it requires new skills and collaborative approaches across regions and borders. These themes were at [&hellip;]\" \/>\n<meta property=\"og:url\" content=\"https:\/\/blogs.uef.fi\/metsatieteet-yritysyhteistyo\/2025\/12\/01\/strengthening-bioeconomy-skills-and-collaboration-highlights-from-ebsf-2025\/?lang=en\" \/>\n<meta property=\"og:site_name\" content=\"UEF - Mets\u00e4tieteet yritysyhteisty\u00f6\" \/>\n<meta property=\"article:published_time\" content=\"2025-12-01T17:17:02+00:00\" \/>\n<meta property=\"article:modified_time\" content=\"2025-12-10T15:19:17+00:00\" \/>\n<meta property=\"og:image\" content=\"https:\/\/blogs.uef.fi\/metsatieteet-yritysyhteistyo\/wp-content\/uploads\/sites\/226\/2025\/12\/Picture-5.jpeg\" \/>\n\t<meta property=\"og:image:width\" content=\"800\" \/>\n\t<meta property=\"og:image:height\" content=\"450\" \/>\n\t<meta property=\"og:image:type\" content=\"image\/jpeg\" \/>\n<meta name=\"author\" content=\"satuhel\" \/>\n<meta name=\"twitter:card\" content=\"summary_large_image\" \/>\n<meta name=\"twitter:label1\" content=\"Kirjoittanut\" \/>\n\t<meta name=\"twitter:data1\" content=\"satuhel\" \/>\n\t<meta name=\"twitter:label2\" content=\"Arvioitu lukuaika\" \/>\n\t<meta name=\"twitter:data2\" content=\"9 minuuttia\" \/>\n<script type=\"application\/ld+json\" class=\"yoast-schema-graph\">{\"@context\":\"https:\\\/\\\/schema.org\",\"@graph\":[{\"@type\":\"Article\",\"@id\":\"https:\\\/\\\/blogs.uef.fi\\\/metsatieteet-yritysyhteistyo\\\/2025\\\/12\\\/01\\\/strengthening-bioeconomy-skills-and-collaboration-highlights-from-ebsf-2025\\\/?lang=en#article\",\"isPartOf\":{\"@id\":\"https:\\\/\\\/blogs.uef.fi\\\/metsatieteet-yritysyhteistyo\\\/2025\\\/12\\\/01\\\/strengthening-bioeconomy-skills-and-collaboration-highlights-from-ebsf-2025\\\/?lang=en\"},\"author\":{\"name\":\"satuhel\",\"@id\":\"https:\\\/\\\/blogs.uef.fi\\\/metsatieteet-yritysyhteistyo\\\/#\\\/schema\\\/person\\\/0abc1726f7f0787bc7a3b1784339b528\"},\"headline\":\"Strengthening Bioeconomy Skills and Collaboration: Highlights from EBSF 2025\",\"datePublished\":\"2025-12-01T17:17:02+00:00\",\"dateModified\":\"2025-12-10T15:19:17+00:00\",\"mainEntityOfPage\":{\"@id\":\"https:\\\/\\\/blogs.uef.fi\\\/metsatieteet-yritysyhteistyo\\\/2025\\\/12\\\/01\\\/strengthening-bioeconomy-skills-and-collaboration-highlights-from-ebsf-2025\\\/?lang=en\"},\"wordCount\":903,\"commentCount\":0,\"image\":{\"@id\":\"https:\\\/\\\/blogs.uef.fi\\\/metsatieteet-yritysyhteistyo\\\/2025\\\/12\\\/01\\\/strengthening-bioeconomy-skills-and-collaboration-highlights-from-ebsf-2025\\\/?lang=en#primaryimage\"},\"thumbnailUrl\":\"https:\\\/\\\/blogs.uef.fi\\\/metsatieteet-yritysyhteistyo\\\/wp-content\\\/uploads\\\/sites\\\/226\\\/2025\\\/12\\\/Picture-5.jpeg\",\"keywords\":[\"Bioeconomy\",\"Innovation\"],\"articleSection\":[\"Blog posts\"],\"inLanguage\":\"fi\",\"potentialAction\":[{\"@type\":\"CommentAction\",\"name\":\"Comment\",\"target\":[\"https:\\\/\\\/blogs.uef.fi\\\/metsatieteet-yritysyhteistyo\\\/2025\\\/12\\\/01\\\/strengthening-bioeconomy-skills-and-collaboration-highlights-from-ebsf-2025\\\/?lang=en#respond\"]}]},{\"@type\":\"WebPage\",\"@id\":\"https:\\\/\\\/blogs.uef.fi\\\/metsatieteet-yritysyhteistyo\\\/2025\\\/12\\\/01\\\/strengthening-bioeconomy-skills-and-collaboration-highlights-from-ebsf-2025\\\/?lang=en\",\"url\":\"https:\\\/\\\/blogs.uef.fi\\\/metsatieteet-yritysyhteistyo\\\/2025\\\/12\\\/01\\\/strengthening-bioeconomy-skills-and-collaboration-highlights-from-ebsf-2025\\\/?lang=en\",\"name\":\"Strengthening Bioeconomy Skills and Collaboration: Highlights from EBSF 2025 - UEF - Mets\u00e4tieteet yritysyhteisty\u00f6\",\"isPartOf\":{\"@id\":\"https:\\\/\\\/blogs.uef.fi\\\/metsatieteet-yritysyhteistyo\\\/#website\"},\"primaryImageOfPage\":{\"@id\":\"https:\\\/\\\/blogs.uef.fi\\\/metsatieteet-yritysyhteistyo\\\/2025\\\/12\\\/01\\\/strengthening-bioeconomy-skills-and-collaboration-highlights-from-ebsf-2025\\\/?lang=en#primaryimage\"},\"image\":{\"@id\":\"https:\\\/\\\/blogs.uef.fi\\\/metsatieteet-yritysyhteistyo\\\/2025\\\/12\\\/01\\\/strengthening-bioeconomy-skills-and-collaboration-highlights-from-ebsf-2025\\\/?lang=en#primaryimage\"},\"thumbnailUrl\":\"https:\\\/\\\/blogs.uef.fi\\\/metsatieteet-yritysyhteistyo\\\/wp-content\\\/uploads\\\/sites\\\/226\\\/2025\\\/12\\\/Picture-5.jpeg\",\"datePublished\":\"2025-12-01T17:17:02+00:00\",\"dateModified\":\"2025-12-10T15:19:17+00:00\",\"author\":{\"@id\":\"https:\\\/\\\/blogs.uef.fi\\\/metsatieteet-yritysyhteistyo\\\/#\\\/schema\\\/person\\\/0abc1726f7f0787bc7a3b1784339b528\"},\"breadcrumb\":{\"@id\":\"https:\\\/\\\/blogs.uef.fi\\\/metsatieteet-yritysyhteistyo\\\/2025\\\/12\\\/01\\\/strengthening-bioeconomy-skills-and-collaboration-highlights-from-ebsf-2025\\\/?lang=en#breadcrumb\"},\"inLanguage\":\"fi\",\"potentialAction\":[{\"@type\":\"ReadAction\",\"target\":[\"https:\\\/\\\/blogs.uef.fi\\\/metsatieteet-yritysyhteistyo\\\/2025\\\/12\\\/01\\\/strengthening-bioeconomy-skills-and-collaboration-highlights-from-ebsf-2025\\\/?lang=en\"]}]},{\"@type\":\"ImageObject\",\"inLanguage\":\"fi\",\"@id\":\"https:\\\/\\\/blogs.uef.fi\\\/metsatieteet-yritysyhteistyo\\\/2025\\\/12\\\/01\\\/strengthening-bioeconomy-skills-and-collaboration-highlights-from-ebsf-2025\\\/?lang=en#primaryimage\",\"url\":\"https:\\\/\\\/blogs.uef.fi\\\/metsatieteet-yritysyhteistyo\\\/wp-content\\\/uploads\\\/sites\\\/226\\\/2025\\\/12\\\/Picture-5.jpeg\",\"contentUrl\":\"https:\\\/\\\/blogs.uef.fi\\\/metsatieteet-yritysyhteistyo\\\/wp-content\\\/uploads\\\/sites\\\/226\\\/2025\\\/12\\\/Picture-5.jpeg\",\"width\":800,\"height\":450,\"caption\":\"The forum participants who took part in the workshops at Koli National Park visited the Ukko-Koli Hill Top, Finland\u2019s National Landscape.\"},{\"@type\":\"BreadcrumbList\",\"@id\":\"https:\\\/\\\/blogs.uef.fi\\\/metsatieteet-yritysyhteistyo\\\/2025\\\/12\\\/01\\\/strengthening-bioeconomy-skills-and-collaboration-highlights-from-ebsf-2025\\\/?lang=en#breadcrumb\",\"itemListElement\":[{\"@type\":\"ListItem\",\"position\":1,\"name\":\"Home\",\"item\":\"https:\\\/\\\/blogs.uef.fi\\\/metsatieteet-yritysyhteistyo\\\/\"},{\"@type\":\"ListItem\",\"position\":2,\"name\":\"Strengthening Bioeconomy Skills and Collaboration: Highlights from EBSF 2025\"}]},{\"@type\":\"WebSite\",\"@id\":\"https:\\\/\\\/blogs.uef.fi\\\/metsatieteet-yritysyhteistyo\\\/#website\",\"url\":\"https:\\\/\\\/blogs.uef.fi\\\/metsatieteet-yritysyhteistyo\\\/\",\"name\":\"UEF - Mets\u00e4tieteet yritysyhteisty\u00f6\",\"description\":\"\",\"potentialAction\":[{\"@type\":\"SearchAction\",\"target\":{\"@type\":\"EntryPoint\",\"urlTemplate\":\"https:\\\/\\\/blogs.uef.fi\\\/metsatieteet-yritysyhteistyo\\\/?s={search_term_string}\"},\"query-input\":{\"@type\":\"PropertyValueSpecification\",\"valueRequired\":true,\"valueName\":\"search_term_string\"}}],\"inLanguage\":\"fi\"},{\"@type\":\"Person\",\"@id\":\"https:\\\/\\\/blogs.uef.fi\\\/metsatieteet-yritysyhteistyo\\\/#\\\/schema\\\/person\\\/0abc1726f7f0787bc7a3b1784339b528\",\"name\":\"satuhel\",\"image\":{\"@type\":\"ImageObject\",\"inLanguage\":\"fi\",\"@id\":\"https:\\\/\\\/secure.gravatar.com\\\/avatar\\\/849a85fb73bd603f43f19e11fe9a3d1769db79e3a63618d0843e37446694fe98?s=96&d=mm&r=g\",\"url\":\"https:\\\/\\\/secure.gravatar.com\\\/avatar\\\/849a85fb73bd603f43f19e11fe9a3d1769db79e3a63618d0843e37446694fe98?s=96&d=mm&r=g\",\"contentUrl\":\"https:\\\/\\\/secure.gravatar.com\\\/avatar\\\/849a85fb73bd603f43f19e11fe9a3d1769db79e3a63618d0843e37446694fe98?s=96&d=mm&r=g\",\"caption\":\"satuhel\"},\"url\":\"https:\\\/\\\/blogs.uef.fi\\\/metsatieteet-yritysyhteistyo\\\/author\\\/satuhel\\\/\"}]}<\/script>\n<!-- \/ Yoast SEO plugin. -->","yoast_head_json":{"title":"Strengthening Bioeconomy Skills and Collaboration: Highlights from EBSF 2025 - UEF - Mets\u00e4tieteet yritysyhteisty\u00f6","robots":{"index":"index","follow":"follow","max-snippet":"max-snippet:-1","max-image-preview":"max-image-preview:large","max-video-preview":"max-video-preview:-1"},"canonical":"https:\/\/blogs.uef.fi\/metsatieteet-yritysyhteistyo\/2025\/12\/01\/strengthening-bioeconomy-skills-and-collaboration-highlights-from-ebsf-2025\/","og_locale":"fi_FI","og_type":"article","og_title":"Strengthening Bioeconomy Skills and Collaboration: Highlights from EBSF 2025 - UEF - Mets\u00e4tieteet yritysyhteisty\u00f6","og_description":"The bioeconomy plays a key role in Europe\u2019s green transition. By harnessing biological resources, advancing innovative biotechnologies, and developing bio-based products and services, it offers solutions for a more sustainable future. But building a strong bioeconomy isn\u2019t just about technology; it requires new skills and collaborative approaches across regions and borders. These themes were at [&hellip;]","og_url":"https:\/\/blogs.uef.fi\/metsatieteet-yritysyhteistyo\/2025\/12\/01\/strengthening-bioeconomy-skills-and-collaboration-highlights-from-ebsf-2025\/?lang=en","og_site_name":"UEF - Mets\u00e4tieteet yritysyhteisty\u00f6","article_published_time":"2025-12-01T17:17:02+00:00","article_modified_time":"2025-12-10T15:19:17+00:00","og_image":[{"width":800,"height":450,"url":"https:\/\/blogs.uef.fi\/metsatieteet-yritysyhteistyo\/wp-content\/uploads\/sites\/226\/2025\/12\/Picture-5.jpeg","type":"image\/jpeg"}],"author":"satuhel","twitter_card":"summary_large_image","twitter_misc":{"Kirjoittanut":"satuhel","Arvioitu lukuaika":"9 minuuttia"},"schema":{"@context":"https:\/\/schema.org","@graph":[{"@type":"Article","@id":"https:\/\/blogs.uef.fi\/metsatieteet-yritysyhteistyo\/2025\/12\/01\/strengthening-bioeconomy-skills-and-collaboration-highlights-from-ebsf-2025\/?lang=en#article","isPartOf":{"@id":"https:\/\/blogs.uef.fi\/metsatieteet-yritysyhteistyo\/2025\/12\/01\/strengthening-bioeconomy-skills-and-collaboration-highlights-from-ebsf-2025\/?lang=en"},"author":{"name":"satuhel","@id":"https:\/\/blogs.uef.fi\/metsatieteet-yritysyhteistyo\/#\/schema\/person\/0abc1726f7f0787bc7a3b1784339b528"},"headline":"Strengthening Bioeconomy Skills and Collaboration: Highlights from EBSF 2025","datePublished":"2025-12-01T17:17:02+00:00","dateModified":"2025-12-10T15:19:17+00:00","mainEntityOfPage":{"@id":"https:\/\/blogs.uef.fi\/metsatieteet-yritysyhteistyo\/2025\/12\/01\/strengthening-bioeconomy-skills-and-collaboration-highlights-from-ebsf-2025\/?lang=en"},"wordCount":903,"commentCount":0,"image":{"@id":"https:\/\/blogs.uef.fi\/metsatieteet-yritysyhteistyo\/2025\/12\/01\/strengthening-bioeconomy-skills-and-collaboration-highlights-from-ebsf-2025\/?lang=en#primaryimage"},"thumbnailUrl":"https:\/\/blogs.uef.fi\/metsatieteet-yritysyhteistyo\/wp-content\/uploads\/sites\/226\/2025\/12\/Picture-5.jpeg","keywords":["Bioeconomy","Innovation"],"articleSection":["Blog posts"],"inLanguage":"fi","potentialAction":[{"@type":"CommentAction","name":"Comment","target":["https:\/\/blogs.uef.fi\/metsatieteet-yritysyhteistyo\/2025\/12\/01\/strengthening-bioeconomy-skills-and-collaboration-highlights-from-ebsf-2025\/?lang=en#respond"]}]},{"@type":"WebPage","@id":"https:\/\/blogs.uef.fi\/metsatieteet-yritysyhteistyo\/2025\/12\/01\/strengthening-bioeconomy-skills-and-collaboration-highlights-from-ebsf-2025\/?lang=en","url":"https:\/\/blogs.uef.fi\/metsatieteet-yritysyhteistyo\/2025\/12\/01\/strengthening-bioeconomy-skills-and-collaboration-highlights-from-ebsf-2025\/?lang=en","name":"Strengthening Bioeconomy Skills and Collaboration: Highlights from EBSF 2025 - UEF - Mets\u00e4tieteet yritysyhteisty\u00f6","isPartOf":{"@id":"https:\/\/blogs.uef.fi\/metsatieteet-yritysyhteistyo\/#website"},"primaryImageOfPage":{"@id":"https:\/\/blogs.uef.fi\/metsatieteet-yritysyhteistyo\/2025\/12\/01\/strengthening-bioeconomy-skills-and-collaboration-highlights-from-ebsf-2025\/?lang=en#primaryimage"},"image":{"@id":"https:\/\/blogs.uef.fi\/metsatieteet-yritysyhteistyo\/2025\/12\/01\/strengthening-bioeconomy-skills-and-collaboration-highlights-from-ebsf-2025\/?lang=en#primaryimage"},"thumbnailUrl":"https:\/\/blogs.uef.fi\/metsatieteet-yritysyhteistyo\/wp-content\/uploads\/sites\/226\/2025\/12\/Picture-5.jpeg","datePublished":"2025-12-01T17:17:02+00:00","dateModified":"2025-12-10T15:19:17+00:00","author":{"@id":"https:\/\/blogs.uef.fi\/metsatieteet-yritysyhteistyo\/#\/schema\/person\/0abc1726f7f0787bc7a3b1784339b528"},"breadcrumb":{"@id":"https:\/\/blogs.uef.fi\/metsatieteet-yritysyhteistyo\/2025\/12\/01\/strengthening-bioeconomy-skills-and-collaboration-highlights-from-ebsf-2025\/?lang=en#breadcrumb"},"inLanguage":"fi","potentialAction":[{"@type":"ReadAction","target":["https:\/\/blogs.uef.fi\/metsatieteet-yritysyhteistyo\/2025\/12\/01\/strengthening-bioeconomy-skills-and-collaboration-highlights-from-ebsf-2025\/?lang=en"]}]},{"@type":"ImageObject","inLanguage":"fi","@id":"https:\/\/blogs.uef.fi\/metsatieteet-yritysyhteistyo\/2025\/12\/01\/strengthening-bioeconomy-skills-and-collaboration-highlights-from-ebsf-2025\/?lang=en#primaryimage","url":"https:\/\/blogs.uef.fi\/metsatieteet-yritysyhteistyo\/wp-content\/uploads\/sites\/226\/2025\/12\/Picture-5.jpeg","contentUrl":"https:\/\/blogs.uef.fi\/metsatieteet-yritysyhteistyo\/wp-content\/uploads\/sites\/226\/2025\/12\/Picture-5.jpeg","width":800,"height":450,"caption":"The forum participants who took part in the workshops at Koli National Park visited the Ukko-Koli Hill Top, Finland\u2019s National Landscape."},{"@type":"BreadcrumbList","@id":"https:\/\/blogs.uef.fi\/metsatieteet-yritysyhteistyo\/2025\/12\/01\/strengthening-bioeconomy-skills-and-collaboration-highlights-from-ebsf-2025\/?lang=en#breadcrumb","itemListElement":[{"@type":"ListItem","position":1,"name":"Home","item":"https:\/\/blogs.uef.fi\/metsatieteet-yritysyhteistyo\/"},{"@type":"ListItem","position":2,"name":"Strengthening Bioeconomy Skills and Collaboration: Highlights from EBSF 2025"}]},{"@type":"WebSite","@id":"https:\/\/blogs.uef.fi\/metsatieteet-yritysyhteistyo\/#website","url":"https:\/\/blogs.uef.fi\/metsatieteet-yritysyhteistyo\/","name":"UEF - Mets\u00e4tieteet yritysyhteisty\u00f6","description":"","potentialAction":[{"@type":"SearchAction","target":{"@type":"EntryPoint","urlTemplate":"https:\/\/blogs.uef.fi\/metsatieteet-yritysyhteistyo\/?s={search_term_string}"},"query-input":{"@type":"PropertyValueSpecification","valueRequired":true,"valueName":"search_term_string"}}],"inLanguage":"fi"},{"@type":"Person","@id":"https:\/\/blogs.uef.fi\/metsatieteet-yritysyhteistyo\/#\/schema\/person\/0abc1726f7f0787bc7a3b1784339b528","name":"satuhel","image":{"@type":"ImageObject","inLanguage":"fi","@id":"https:\/\/secure.gravatar.com\/avatar\/849a85fb73bd603f43f19e11fe9a3d1769db79e3a63618d0843e37446694fe98?s=96&d=mm&r=g","url":"https:\/\/secure.gravatar.com\/avatar\/849a85fb73bd603f43f19e11fe9a3d1769db79e3a63618d0843e37446694fe98?s=96&d=mm&r=g","contentUrl":"https:\/\/secure.gravatar.com\/avatar\/849a85fb73bd603f43f19e11fe9a3d1769db79e3a63618d0843e37446694fe98?s=96&d=mm&r=g","caption":"satuhel"},"url":"https:\/\/blogs.uef.fi\/metsatieteet-yritysyhteistyo\/author\/satuhel\/"}]}},"_links":{"self":[{"href":"https:\/\/blogs.uef.fi\/metsatieteet-yritysyhteistyo\/wp-json\/wp\/v2\/posts\/3086","targetHints":{"allow":["GET"]}}],"collection":[{"href":"https:\/\/blogs.uef.fi\/metsatieteet-yritysyhteistyo\/wp-json\/wp\/v2\/posts"}],"about":[{"href":"https:\/\/blogs.uef.fi\/metsatieteet-yritysyhteistyo\/wp-json\/wp\/v2\/types\/post"}],"author":[{"embeddable":true,"href":"https:\/\/blogs.uef.fi\/metsatieteet-yritysyhteistyo\/wp-json\/wp\/v2\/users\/492"}],"replies":[{"embeddable":true,"href":"https:\/\/blogs.uef.fi\/metsatieteet-yritysyhteistyo\/wp-json\/wp\/v2\/comments?post=3086"}],"version-history":[{"count":2,"href":"https:\/\/blogs.uef.fi\/metsatieteet-yritysyhteistyo\/wp-json\/wp\/v2\/posts\/3086\/revisions"}],"predecessor-version":[{"id":3134,"href":"https:\/\/blogs.uef.fi\/metsatieteet-yritysyhteistyo\/wp-json\/wp\/v2\/posts\/3086\/revisions\/3134"}],"wp:featuredmedia":[{"embeddable":true,"href":"https:\/\/blogs.uef.fi\/metsatieteet-yritysyhteistyo\/wp-json\/wp\/v2\/media\/3115"}],"wp:attachment":[{"href":"https:\/\/blogs.uef.fi\/metsatieteet-yritysyhteistyo\/wp-json\/wp\/v2\/media?parent=3086"}],"wp:term":[{"taxonomy":"category","embeddable":true,"href":"https:\/\/blogs.uef.fi\/metsatieteet-yritysyhteistyo\/wp-json\/wp\/v2\/categories?post=3086"},{"taxonomy":"post_tag","embeddable":true,"href":"https:\/\/blogs.uef.fi\/metsatieteet-yritysyhteistyo\/wp-json\/wp\/v2\/tags?post=3086"}],"curies":[{"name":"wp","href":"https:\/\/api.w.org\/{rel}","templated":true}]}}