{"id":150,"date":"2025-03-06T09:46:13","date_gmt":"2025-03-06T07:46:13","guid":{"rendered":"https:\/\/blogs.uef.fi\/luterilaiset-maskuliinisuudet\/?p=150"},"modified":"2025-03-06T09:46:14","modified_gmt":"2025-03-06T07:46:14","slug":"nakokulmia-uskontoon-ja-maskuliinisuuteen-mieshankkeiden-avausseminaarissa","status":"publish","type":"post","link":"https:\/\/blogs.uef.fi\/luterilaiset-maskuliinisuudet\/2025\/03\/06\/nakokulmia-uskontoon-ja-maskuliinisuuteen-mieshankkeiden-avausseminaarissa\/","title":{"rendered":"N\u00e4k\u00f6kulmia uskontoon ja maskuliinisuuteen mieshankkeiden avausseminaarissa"},"content":{"rendered":"\n<p><em>Mieshankkeiden paikalla olleet tutkijat, vasemmalta alkaen Jenni Sp\u00e4nn\u00e4ri, Anna Sofia Salonen, Johanna Mantere, Marjukka Laiho, Sini Mikkola, Miia Kuha, Kati Tervo-Niemel\u00e4 ja Tapio Leinonen<\/em> (kuva: Teuvo Laitila)<\/p>\n\n\n\n<p>Hankkeemme <a href=\"https:\/\/uefconnect.uef.fi\/luterilaiset-maskuliinisuudet-1517%e2%80%931937\/\">Luterilaiset maskuliinisuudet 1517-1937<\/a> j\u00e4rjesti torstaina 20.2.2025 Joensuussa yhteisen avausseminaarin <a href=\"https:\/\/www.uef.fi\/en\/event\/exploring-masculinities-and-religion-historical-and-contemporary-perspectives-through-research\">&#8221;Exploring masculinities and religion: historical and contemporary perspectives through research&#8221;<\/a> toisen It\u00e4-Suomen yliopiston teologisen osaston tutkimushankkeen <a href=\"https:\/\/uefconnect.uef.fi\/uskonto-merkitys-ja-maskuliinisuus-miesten-eletty-uskonto-suomessa\/\">Uskonto, merkitys ja maskuliinisuus: Miesten eletty uskonto Suomessa<\/a> kanssa. P\u00e4iv\u00e4 koostui hankkeiden yleisest\u00e4 esittelyst\u00e4 sek\u00e4 hankkeiden tutkijoiden esitelmist\u00e4, joissa tuotiin esille erilaisia n\u00e4k\u00f6kulmia mieheyden ja uskonnon tutkimiseen. Esitelm\u00e4t her\u00e4ttiv\u00e4t vilkastakin keskustelua, jota k\u00e4ytiin erityisesti paikan p\u00e4\u00e4ll\u00e4 olevien osallistujien mutta my\u00f6s et\u00e4yhteyden kautta osallistuneiden kesken. <\/p>\n\n\n\n<p>Hankkeiden johtajat Sini Mikkola ja Kati Tervo-Niemel\u00e4 avasivat p\u00e4iv\u00e4n esittelem\u00e4ll\u00e4 hankkeiden l\u00e4ht\u00f6kohtia ja tutkimuskysymyksi\u00e4, joihin niiss\u00e4 pyrit\u00e4\u00e4n vastaamaan. Esityksiss\u00e4 todettiin, ett\u00e4 hankkeiden teoreettisissa l\u00e4ht\u00f6kohdissa on paljon yhteist\u00e4, vaikka toinen tutkimuksista keskittyykin nyky-yhteiskuntaan ja toisen konteksti on historiallinen. P\u00e4iv\u00e4n kuluessa n\u00e4it\u00e4 yhdist\u00e4vi\u00e4 pintoja havaittiin varsin paljon ja yhteisty\u00f6 hankkeiden v\u00e4lill\u00e4 todettiin t\u00e4rke\u00e4ksi my\u00f6s jatkossa.<\/p>\n\n\n\n<p>Aamup\u00e4iv\u00e4 rakentui hankkeemme tutkijoiden osahankkeiden esittelyist\u00e4. Tapio Leinonen kertoi viimeistelyvaiheessa olevaan systemaattisen teologian v\u00e4it\u00f6stutkimukseensa liittyv\u00e4st\u00e4 osahankkeestaan, jossa h\u00e4n tarkastelee muun muassa Martin Lutherin teologiassa esiintyvi\u00e4 k\u00e4sityksi\u00e4 maskuliinisuudesta. Leinonen esitteli Lutherin k\u00e4sityksi\u00e4 ihanteellisesta johtajuudesta t\u00e4m\u00e4n opetuksessa Mooseksen viidennest\u00e4 kirjasta. Kiinnostavasti Luther kiinnitti huomiota kuvauksiin Mooseksen hyv\u00e4st\u00e4 terveydest\u00e4 ja fyysisest\u00e4 voimasta t\u00e4m\u00e4n korkeasta i\u00e4st\u00e4 huolimatta. Mooseksen maskuliininen, kyvyk\u00e4s keho symboloi Leinosen mukaan t\u00e4m\u00e4n opettaman lain kest\u00e4v\u00e4\u00e4 voimaa.<\/p>\n\n\n\n<figure class=\"wp-block-image size-large is-resized\"><img loading=\"lazy\" decoding=\"async\" width=\"1024\" height=\"783\" src=\"https:\/\/blogs.uef.fi\/luterilaiset-maskuliinisuudet\/wp-content\/uploads\/sites\/229\/2025\/02\/IMG_5676-scaled-e1740474429237-1024x783.jpg\" alt=\"\" class=\"wp-image-172\" style=\"width:650px;height:auto\" srcset=\"https:\/\/blogs.uef.fi\/luterilaiset-maskuliinisuudet\/wp-content\/uploads\/sites\/229\/2025\/02\/IMG_5676-scaled-e1740474429237-1024x783.jpg 1024w, https:\/\/blogs.uef.fi\/luterilaiset-maskuliinisuudet\/wp-content\/uploads\/sites\/229\/2025\/02\/IMG_5676-scaled-e1740474429237-300x230.jpg 300w, https:\/\/blogs.uef.fi\/luterilaiset-maskuliinisuudet\/wp-content\/uploads\/sites\/229\/2025\/02\/IMG_5676-scaled-e1740474429237-768x588.jpg 768w, https:\/\/blogs.uef.fi\/luterilaiset-maskuliinisuudet\/wp-content\/uploads\/sites\/229\/2025\/02\/IMG_5676-scaled-e1740474429237-1536x1175.jpg 1536w, https:\/\/blogs.uef.fi\/luterilaiset-maskuliinisuudet\/wp-content\/uploads\/sites\/229\/2025\/02\/IMG_5676-scaled-e1740474429237.jpg 1890w\" sizes=\"auto, (max-width: 1024px) 100vw, 1024px\" \/><figcaption class=\"wp-element-caption\">Tapio Leinonen esitelm\u00f6im\u00e4ss\u00e4 Lutherista, johtajuudesta ja maskuliinisuudesta (kuva: Sini Mikkola)<\/figcaption><\/figure>\n\n\n\n<p>Seuraavaksi Hanna P\u00f6yry kertoi kirkkohistorian v\u00e4it\u00f6stutkimuksestaan, jossa h\u00e4n tarkastelee mieheyden ihanteita 1800-luvun alkupuolen kristillisiss\u00e4 lehdiss\u00e4. P\u00f6yry esitteli havaintojaan 1830-luvulla ilmestyneest\u00e4 Hengellisi\u00e4 sanomia -lehdest\u00e4, joka oli ensimm\u00e4inen suomenkielinen hengellinen lehti. P\u00f6yryn mukaan lehden kuvaukset esimerkiksi saamelaisten parissa tehdyst\u00e4 l\u00e4hetysty\u00f6st\u00e4 heijastavat ajan k\u00e4sityksi\u00e4 mieheydest\u00e4: suomalaiset (mies)viranomaiset esitettiin is\u00e4llisin\u00e4 sivilisaation edustajina, kun taas saamelaiset esitettiin er\u00e4maassa el\u00e4vin\u00e4 &#8221;poikina&#8221;, jotka eiv\u00e4t ymm\u00e4rt\u00e4neet omia hengellisi\u00e4 tarpeitaan.<\/p>\n\n\n\n<p>Miia Kuha esitteli aamup\u00e4iv\u00e4n p\u00e4\u00e4tteeksi osaprojektiaan, joka tarkastelee pappien esitt\u00e4mist\u00e4 aviomiehin\u00e4 heid\u00e4n vaimojensa ruumis- eli hautajaissaarnojen el\u00e4m\u00e4kerroissa 1600- ja 1700-luvuilla. Esimerkkin\u00e4 Kuha k\u00e4ytti vuonna 1628 julkaistua Uppsalan yliopiston teologian professori ja rovasti Laurentius Olai Walliuksen vaimon, 25-vuotiaana kuolleen Karin Timansdotterin el\u00e4m\u00e4kertaa. Kuhan mukaan ajan sukupuolinormeissa korostuva miehen auktoriteettiasema ei nouse esille aineistosta, vaan aviomiehet esitet\u00e4\u00e4n n\u00e4iss\u00e4 miesten kirjoittamissa teksteiss\u00e4 huolehtivaisina, rakastavina ja vaimon mielipiteet huomioon ottavina. N\u00e4iss\u00e4 alustavissakin tuloksissa n\u00e4kyy mainiosti se, ett\u00e4 k\u00e4yt\u00e4nn\u00f6n el\u00e4m\u00e4ss\u00e4 miesten ominaisuudet ja k\u00e4yt\u00f6s saattoivat poiketa (ja usein poikkesivat) merkitt\u00e4viss\u00e4 m\u00e4\u00e4rin niist\u00e4 sukupuolittuneista ihanteista, joita miehille esitettiin. <\/p>\n\n\n\n<p>Iltap\u00e4iv\u00e4n esitykset edustivat Uskonto, merkitys ja maskuliinisuus -hanketta ja keskittyiv\u00e4t mieheyden ja uskonnon tutkimukseen nyky-yhteiskunnassa. Marjukka Laiho toi esille metodologisia ja teoreettisia n\u00e4k\u00f6kulmia mieheyden ja maskuliinisuuksien tutkimukseen. Laihon mukaan kysymyst\u00e4 siit\u00e4, mit\u00e4 &#8221;miehell\u00e4&#8221; ymm\u00e4rret\u00e4\u00e4n, voi l\u00e4hesty\u00e4 useista n\u00e4k\u00f6kulmista, joista mieheyden kulttuuristen ja yhteiskunnallisten merkitysten kannalta olennaisin on mieheyden ymm\u00e4rt\u00e4minen ennen kaikkea sosiaalisena konstruktiona. Kokemuksen ja eletyn uskonnon n\u00e4k\u00f6kulmat samoin kuin kanssatutkijuus nousivat Laihon esitelm\u00e4ss\u00e4 keskeisiksi.<\/p>\n\n\n\n<p>Seuraavaksi Johanna Mantere toi esille alustavia tutkimustuloksia isyyden kokemuksia k\u00e4sittelev\u00e4st\u00e4 haastattelututkimuksestaan, jossa hy\u00f6dynnet\u00e4\u00e4n my\u00f6s kanssatutkijuutta samoin kuin visuaalisia menetelmi\u00e4. Mantere kertoi, ett\u00e4 monen miehen kohdalla yhteys hengellisyyteen oli syntynyt tai vahvistunut is\u00e4ksi tullessa. H\u00e4nen mukaansa nykyinen postmoderni isyys liittyy usein &#8221;v\u00e4litt\u00e4v\u00e4\u00e4n maskuliinisuuteen&#8221;, jossa esimerkiksi oman is\u00e4ns\u00e4 et\u00e4iseksi kokeneet miehet haluavat luoda suhteensa lapsiin kiinteiksi ja l\u00e4heisiksi.<\/p>\n\n\n\n<figure class=\"wp-block-image size-large is-resized\"><img loading=\"lazy\" decoding=\"async\" width=\"871\" height=\"1024\" src=\"https:\/\/blogs.uef.fi\/luterilaiset-maskuliinisuudet\/wp-content\/uploads\/sites\/229\/2025\/02\/IMG_5684-871x1024.jpg\" alt=\"\" class=\"wp-image-190\" style=\"width:544px;height:auto\" srcset=\"https:\/\/blogs.uef.fi\/luterilaiset-maskuliinisuudet\/wp-content\/uploads\/sites\/229\/2025\/02\/IMG_5684-871x1024.jpg 871w, https:\/\/blogs.uef.fi\/luterilaiset-maskuliinisuudet\/wp-content\/uploads\/sites\/229\/2025\/02\/IMG_5684-255x300.jpg 255w, https:\/\/blogs.uef.fi\/luterilaiset-maskuliinisuudet\/wp-content\/uploads\/sites\/229\/2025\/02\/IMG_5684-768x903.jpg 768w, https:\/\/blogs.uef.fi\/luterilaiset-maskuliinisuudet\/wp-content\/uploads\/sites\/229\/2025\/02\/IMG_5684-1306x1536.jpg 1306w, https:\/\/blogs.uef.fi\/luterilaiset-maskuliinisuudet\/wp-content\/uploads\/sites\/229\/2025\/02\/IMG_5684-1741x2048.jpg 1741w, https:\/\/blogs.uef.fi\/luterilaiset-maskuliinisuudet\/wp-content\/uploads\/sites\/229\/2025\/02\/IMG_5684.jpg 1884w\" sizes=\"auto, (max-width: 871px) 100vw, 871px\" \/><figcaption class=\"wp-element-caption\">Johanna Mantere ja isyyden muokkaamat miehet (kuva: Sini Mikkola)<\/figcaption><\/figure>\n\n\n\n<p>P\u00e4iv\u00e4n viimeisess\u00e4 esitelm\u00e4ss\u00e4 Kati Tervo-Niemel\u00e4 esitteli mediassakin paljon esill\u00e4 ollutta tutkimustaan, jonka mukaan nuorten miesten uskonnollisuus on viime vuosina lis\u00e4\u00e4ntynyt selv\u00e4sti enemm\u00e4n verrattuna muihin ik\u00e4ryhmiin ja nuoriin naisiin. Tervo-Niemel\u00e4 pohti syit\u00e4 t\u00e4m\u00e4n muutoksen taustalla nostaen esille erityisesti kuulumisen, yhteis\u00f6llisyyden ja turvallisuuden merkityksen. Nuoret miehet arvostavat kirkon perinteit\u00e4 ja kokevat uskonnon antavan toivoa ep\u00e4varmoina aikoina. H\u00e4nen mukaansa lis\u00e4\u00e4ntynyt uskonnollisuus ei kuitenkaan haastateltavien omissa n\u00e4kemyksiss\u00e4 v\u00e4ltt\u00e4m\u00e4tt\u00e4 liity suoraan konservatiivisiin arvoihin ja niiden nousuun, vaan tutkitut uskonnolliset nuoret miehet edustavat monenlaisia arvoja ja mielipiteit\u00e4.<\/p>\n\n\n\n<p>Seminaari p\u00e4\u00e4tettiin yhteiseen keskusteluun tulevaisuuden suuntaviivoista ja hankkeen vet\u00e4jien haastatteluun &#8221;M-studiossa&#8221;. Siin\u00e4 pohdittiin muun muassa tutkijan asemoitumiseen liittyvi\u00e4 kysymyksi\u00e4, kuten sit\u00e4, miten tutkijan sukupuoli, ik\u00e4 tai muut tekij\u00e4t vaikuttavat tutkimukseen ja sen tekemiseen. T\u00e4st\u00e4 kysymyksest\u00e4 kirjoittanemme hankkeen kuluessa viel\u00e4 t\u00e4nne bloginkin puolelle. <\/p>\n\n\n\n<figure class=\"wp-block-image size-large is-resized\"><img loading=\"lazy\" decoding=\"async\" width=\"976\" height=\"1024\" src=\"https:\/\/blogs.uef.fi\/luterilaiset-maskuliinisuudet\/wp-content\/uploads\/sites\/229\/2025\/02\/c8574088-3e0f-44f1-8926-c1b1e88b67e9-976x1024.jpeg\" alt=\"\" class=\"wp-image-173\" style=\"width:473px;height:auto\" \/><figcaption class=\"wp-element-caption\">&#8221;M-studio&#8221;, vet\u00e4j\u00e4n\u00e4 Jenni Sp\u00e4nn\u00e4ri (kuva: Anna Salonen)<\/figcaption><\/figure>\n\n\n\n<p>Miia Kuha &amp; Sini Mikkola<\/p>\n","protected":false},"excerpt":{"rendered":"<p>Mieshankkeiden paikalla olleet tutkijat, vasemmalta alkaen Jenni Sp\u00e4nn\u00e4ri, Anna Sofia Salonen, Johanna Mantere, Marjukka Laiho, Sini Mikkola, Miia Kuha, Kati Tervo-Niemel\u00e4 ja Tapio Leinonen (kuva: Teuvo Laitila) Hankkeemme Luterilaiset maskuliinisuudet 1517-1937 j\u00e4rjesti torstaina 20.2.2025 Joensuussa yhteisen avausseminaarin &#8221;Exploring masculinities and religion: historical and contemporary perspectives through research&#8221; toisen It\u00e4-Suomen yliopiston teologisen osaston tutkimushankkeen Uskonto, merkitys [&hellip;]<\/p>\n","protected":false},"author":542,"featured_media":193,"comment_status":"closed","ping_status":"open","sticky":false,"template":"","format":"standard","meta":{"_acf_changed":false,"footnotes":""},"categories":[7],"tags":[16,11,9,8,18,17,13,10],"class_list":["post-150","post","type-post","status-publish","format-standard","has-post-thumbnail","hentry","category-hanke-esittely","tag-kriittinen-miestutkimus","tag-luterilaisuus","tag-maskuliinisuudet","tag-mieheys","tag-sukupuolihistoria","tag-suomalainen-mies","tag-tutkimushanke","tag-uskonto"],"acf":[],"yoast_head":"<!-- This site is optimized with the Yoast SEO plugin v27.3 - https:\/\/yoast.com\/product\/yoast-seo-wordpress\/ -->\n<title>N\u00e4k\u00f6kulmia uskontoon ja maskuliinisuuteen mieshankkeiden avausseminaarissa - Luterilaiset maskuliinisuudet 1517\u20131937<\/title>\n<meta name=\"robots\" content=\"index, follow, max-snippet:-1, max-image-preview:large, max-video-preview:-1\" \/>\n<link rel=\"canonical\" href=\"https:\/\/blogs.uef.fi\/luterilaiset-maskuliinisuudet\/2025\/03\/06\/nakokulmia-uskontoon-ja-maskuliinisuuteen-mieshankkeiden-avausseminaarissa\/\" \/>\n<meta property=\"og:locale\" content=\"fi_FI\" \/>\n<meta property=\"og:type\" content=\"article\" \/>\n<meta property=\"og:title\" content=\"N\u00e4k\u00f6kulmia uskontoon ja maskuliinisuuteen mieshankkeiden avausseminaarissa - Luterilaiset maskuliinisuudet 1517\u20131937\" \/>\n<meta property=\"og:description\" content=\"Mieshankkeiden paikalla olleet tutkijat, vasemmalta alkaen Jenni Sp\u00e4nn\u00e4ri, Anna Sofia Salonen, Johanna Mantere, Marjukka Laiho, Sini Mikkola, Miia Kuha, Kati Tervo-Niemel\u00e4 ja Tapio Leinonen (kuva: Teuvo Laitila) Hankkeemme Luterilaiset maskuliinisuudet 1517-1937 j\u00e4rjesti torstaina 20.2.2025 Joensuussa yhteisen avausseminaarin &#8221;Exploring masculinities and religion: historical and contemporary perspectives through research&#8221; toisen It\u00e4-Suomen yliopiston teologisen osaston tutkimushankkeen Uskonto, merkitys [&hellip;]\" \/>\n<meta property=\"og:url\" content=\"https:\/\/blogs.uef.fi\/luterilaiset-maskuliinisuudet\/2025\/03\/06\/nakokulmia-uskontoon-ja-maskuliinisuuteen-mieshankkeiden-avausseminaarissa\/\" \/>\n<meta property=\"og:site_name\" content=\"Luterilaiset maskuliinisuudet 1517\u20131937\" \/>\n<meta property=\"article:published_time\" content=\"2025-03-06T07:46:13+00:00\" \/>\n<meta property=\"article:modified_time\" content=\"2025-03-06T07:46:14+00:00\" \/>\n<meta property=\"og:image\" content=\"https:\/\/blogs.uef.fi\/luterilaiset-maskuliinisuudet\/wp-content\/uploads\/sites\/229\/2025\/02\/IMG_5688-1.jpg\" \/>\n\t<meta property=\"og:image:width\" content=\"2454\" \/>\n\t<meta property=\"og:image:height\" content=\"1171\" \/>\n\t<meta property=\"og:image:type\" content=\"image\/jpeg\" \/>\n<meta name=\"author\" content=\"Sini Mikkola\" \/>\n<meta name=\"twitter:card\" content=\"summary_large_image\" \/>\n<meta name=\"twitter:label1\" content=\"Kirjoittanut\" \/>\n\t<meta name=\"twitter:data1\" content=\"Sini Mikkola\" \/>\n\t<meta name=\"twitter:label2\" content=\"Arvioitu lukuaika\" \/>\n\t<meta name=\"twitter:data2\" content=\"5 minuuttia\" \/>\n<script type=\"application\/ld+json\" class=\"yoast-schema-graph\">{\"@context\":\"https:\\\/\\\/schema.org\",\"@graph\":[{\"@type\":\"Article\",\"@id\":\"https:\\\/\\\/blogs.uef.fi\\\/luterilaiset-maskuliinisuudet\\\/2025\\\/03\\\/06\\\/nakokulmia-uskontoon-ja-maskuliinisuuteen-mieshankkeiden-avausseminaarissa\\\/#article\",\"isPartOf\":{\"@id\":\"https:\\\/\\\/blogs.uef.fi\\\/luterilaiset-maskuliinisuudet\\\/2025\\\/03\\\/06\\\/nakokulmia-uskontoon-ja-maskuliinisuuteen-mieshankkeiden-avausseminaarissa\\\/\"},\"author\":{\"name\":\"Sini Mikkola\",\"@id\":\"https:\\\/\\\/blogs.uef.fi\\\/luterilaiset-maskuliinisuudet\\\/#\\\/schema\\\/person\\\/0e05451333c939e1baf0d319f099635e\"},\"headline\":\"N\u00e4k\u00f6kulmia uskontoon ja maskuliinisuuteen mieshankkeiden avausseminaarissa\",\"datePublished\":\"2025-03-06T07:46:13+00:00\",\"dateModified\":\"2025-03-06T07:46:14+00:00\",\"mainEntityOfPage\":{\"@id\":\"https:\\\/\\\/blogs.uef.fi\\\/luterilaiset-maskuliinisuudet\\\/2025\\\/03\\\/06\\\/nakokulmia-uskontoon-ja-maskuliinisuuteen-mieshankkeiden-avausseminaarissa\\\/\"},\"wordCount\":792,\"image\":{\"@id\":\"https:\\\/\\\/blogs.uef.fi\\\/luterilaiset-maskuliinisuudet\\\/2025\\\/03\\\/06\\\/nakokulmia-uskontoon-ja-maskuliinisuuteen-mieshankkeiden-avausseminaarissa\\\/#primaryimage\"},\"thumbnailUrl\":\"https:\\\/\\\/blogs.uef.fi\\\/luterilaiset-maskuliinisuudet\\\/wp-content\\\/uploads\\\/sites\\\/229\\\/2025\\\/02\\\/IMG_5688-1.jpg\",\"keywords\":[\"Kriittinen miestutkimus\",\"Luterilaisuus\",\"Maskuliinisuudet\",\"Mieheys\",\"Sukupuolihistoria\",\"Suomalainen mies\",\"Tutkimushanke\",\"Uskonto\"],\"articleSection\":[\"Hanke-esittely\"],\"inLanguage\":\"fi\"},{\"@type\":\"WebPage\",\"@id\":\"https:\\\/\\\/blogs.uef.fi\\\/luterilaiset-maskuliinisuudet\\\/2025\\\/03\\\/06\\\/nakokulmia-uskontoon-ja-maskuliinisuuteen-mieshankkeiden-avausseminaarissa\\\/\",\"url\":\"https:\\\/\\\/blogs.uef.fi\\\/luterilaiset-maskuliinisuudet\\\/2025\\\/03\\\/06\\\/nakokulmia-uskontoon-ja-maskuliinisuuteen-mieshankkeiden-avausseminaarissa\\\/\",\"name\":\"N\u00e4k\u00f6kulmia uskontoon ja maskuliinisuuteen mieshankkeiden avausseminaarissa - Luterilaiset maskuliinisuudet 1517\u20131937\",\"isPartOf\":{\"@id\":\"https:\\\/\\\/blogs.uef.fi\\\/luterilaiset-maskuliinisuudet\\\/#website\"},\"primaryImageOfPage\":{\"@id\":\"https:\\\/\\\/blogs.uef.fi\\\/luterilaiset-maskuliinisuudet\\\/2025\\\/03\\\/06\\\/nakokulmia-uskontoon-ja-maskuliinisuuteen-mieshankkeiden-avausseminaarissa\\\/#primaryimage\"},\"image\":{\"@id\":\"https:\\\/\\\/blogs.uef.fi\\\/luterilaiset-maskuliinisuudet\\\/2025\\\/03\\\/06\\\/nakokulmia-uskontoon-ja-maskuliinisuuteen-mieshankkeiden-avausseminaarissa\\\/#primaryimage\"},\"thumbnailUrl\":\"https:\\\/\\\/blogs.uef.fi\\\/luterilaiset-maskuliinisuudet\\\/wp-content\\\/uploads\\\/sites\\\/229\\\/2025\\\/02\\\/IMG_5688-1.jpg\",\"datePublished\":\"2025-03-06T07:46:13+00:00\",\"dateModified\":\"2025-03-06T07:46:14+00:00\",\"author\":{\"@id\":\"https:\\\/\\\/blogs.uef.fi\\\/luterilaiset-maskuliinisuudet\\\/#\\\/schema\\\/person\\\/0e05451333c939e1baf0d319f099635e\"},\"breadcrumb\":{\"@id\":\"https:\\\/\\\/blogs.uef.fi\\\/luterilaiset-maskuliinisuudet\\\/2025\\\/03\\\/06\\\/nakokulmia-uskontoon-ja-maskuliinisuuteen-mieshankkeiden-avausseminaarissa\\\/#breadcrumb\"},\"inLanguage\":\"fi\",\"potentialAction\":[{\"@type\":\"ReadAction\",\"target\":[\"https:\\\/\\\/blogs.uef.fi\\\/luterilaiset-maskuliinisuudet\\\/2025\\\/03\\\/06\\\/nakokulmia-uskontoon-ja-maskuliinisuuteen-mieshankkeiden-avausseminaarissa\\\/\"]}]},{\"@type\":\"ImageObject\",\"inLanguage\":\"fi\",\"@id\":\"https:\\\/\\\/blogs.uef.fi\\\/luterilaiset-maskuliinisuudet\\\/2025\\\/03\\\/06\\\/nakokulmia-uskontoon-ja-maskuliinisuuteen-mieshankkeiden-avausseminaarissa\\\/#primaryimage\",\"url\":\"https:\\\/\\\/blogs.uef.fi\\\/luterilaiset-maskuliinisuudet\\\/wp-content\\\/uploads\\\/sites\\\/229\\\/2025\\\/02\\\/IMG_5688-1.jpg\",\"contentUrl\":\"https:\\\/\\\/blogs.uef.fi\\\/luterilaiset-maskuliinisuudet\\\/wp-content\\\/uploads\\\/sites\\\/229\\\/2025\\\/02\\\/IMG_5688-1.jpg\",\"width\":2454,\"height\":1171},{\"@type\":\"BreadcrumbList\",\"@id\":\"https:\\\/\\\/blogs.uef.fi\\\/luterilaiset-maskuliinisuudet\\\/2025\\\/03\\\/06\\\/nakokulmia-uskontoon-ja-maskuliinisuuteen-mieshankkeiden-avausseminaarissa\\\/#breadcrumb\",\"itemListElement\":[{\"@type\":\"ListItem\",\"position\":1,\"name\":\"Home\",\"item\":\"https:\\\/\\\/blogs.uef.fi\\\/luterilaiset-maskuliinisuudet\\\/\"},{\"@type\":\"ListItem\",\"position\":2,\"name\":\"N\u00e4k\u00f6kulmia uskontoon ja maskuliinisuuteen mieshankkeiden avausseminaarissa\"}]},{\"@type\":\"WebSite\",\"@id\":\"https:\\\/\\\/blogs.uef.fi\\\/luterilaiset-maskuliinisuudet\\\/#website\",\"url\":\"https:\\\/\\\/blogs.uef.fi\\\/luterilaiset-maskuliinisuudet\\\/\",\"name\":\"Luterilaiset maskuliinisuudet 1517\u20131937\",\"description\":\"\",\"potentialAction\":[{\"@type\":\"SearchAction\",\"target\":{\"@type\":\"EntryPoint\",\"urlTemplate\":\"https:\\\/\\\/blogs.uef.fi\\\/luterilaiset-maskuliinisuudet\\\/?s={search_term_string}\"},\"query-input\":{\"@type\":\"PropertyValueSpecification\",\"valueRequired\":true,\"valueName\":\"search_term_string\"}}],\"inLanguage\":\"fi\"},{\"@type\":\"Person\",\"@id\":\"https:\\\/\\\/blogs.uef.fi\\\/luterilaiset-maskuliinisuudet\\\/#\\\/schema\\\/person\\\/0e05451333c939e1baf0d319f099635e\",\"name\":\"Sini Mikkola\",\"image\":{\"@type\":\"ImageObject\",\"inLanguage\":\"fi\",\"@id\":\"https:\\\/\\\/secure.gravatar.com\\\/avatar\\\/19a33fe78c72bc472f48f0fa6fe66c4e1646e4160bab6562094fc1e423cb1d6b?s=96&d=mm&r=g\",\"url\":\"https:\\\/\\\/secure.gravatar.com\\\/avatar\\\/19a33fe78c72bc472f48f0fa6fe66c4e1646e4160bab6562094fc1e423cb1d6b?s=96&d=mm&r=g\",\"contentUrl\":\"https:\\\/\\\/secure.gravatar.com\\\/avatar\\\/19a33fe78c72bc472f48f0fa6fe66c4e1646e4160bab6562094fc1e423cb1d6b?s=96&d=mm&r=g\",\"caption\":\"Sini Mikkola\"},\"url\":\"https:\\\/\\\/blogs.uef.fi\\\/luterilaiset-maskuliinisuudet\\\/author\\\/sinimikkola\\\/\"}]}<\/script>\n<!-- \/ Yoast SEO plugin. -->","yoast_head_json":{"title":"N\u00e4k\u00f6kulmia uskontoon ja maskuliinisuuteen mieshankkeiden avausseminaarissa - Luterilaiset maskuliinisuudet 1517\u20131937","robots":{"index":"index","follow":"follow","max-snippet":"max-snippet:-1","max-image-preview":"max-image-preview:large","max-video-preview":"max-video-preview:-1"},"canonical":"https:\/\/blogs.uef.fi\/luterilaiset-maskuliinisuudet\/2025\/03\/06\/nakokulmia-uskontoon-ja-maskuliinisuuteen-mieshankkeiden-avausseminaarissa\/","og_locale":"fi_FI","og_type":"article","og_title":"N\u00e4k\u00f6kulmia uskontoon ja maskuliinisuuteen mieshankkeiden avausseminaarissa - Luterilaiset maskuliinisuudet 1517\u20131937","og_description":"Mieshankkeiden paikalla olleet tutkijat, vasemmalta alkaen Jenni Sp\u00e4nn\u00e4ri, Anna Sofia Salonen, Johanna Mantere, Marjukka Laiho, Sini Mikkola, Miia Kuha, Kati Tervo-Niemel\u00e4 ja Tapio Leinonen (kuva: Teuvo Laitila) Hankkeemme Luterilaiset maskuliinisuudet 1517-1937 j\u00e4rjesti torstaina 20.2.2025 Joensuussa yhteisen avausseminaarin &#8221;Exploring masculinities and religion: historical and contemporary perspectives through research&#8221; toisen It\u00e4-Suomen yliopiston teologisen osaston tutkimushankkeen Uskonto, merkitys [&hellip;]","og_url":"https:\/\/blogs.uef.fi\/luterilaiset-maskuliinisuudet\/2025\/03\/06\/nakokulmia-uskontoon-ja-maskuliinisuuteen-mieshankkeiden-avausseminaarissa\/","og_site_name":"Luterilaiset maskuliinisuudet 1517\u20131937","article_published_time":"2025-03-06T07:46:13+00:00","article_modified_time":"2025-03-06T07:46:14+00:00","og_image":[{"width":2454,"height":1171,"url":"https:\/\/blogs.uef.fi\/luterilaiset-maskuliinisuudet\/wp-content\/uploads\/sites\/229\/2025\/02\/IMG_5688-1.jpg","type":"image\/jpeg"}],"author":"Sini Mikkola","twitter_card":"summary_large_image","twitter_misc":{"Kirjoittanut":"Sini Mikkola","Arvioitu lukuaika":"5 minuuttia"},"schema":{"@context":"https:\/\/schema.org","@graph":[{"@type":"Article","@id":"https:\/\/blogs.uef.fi\/luterilaiset-maskuliinisuudet\/2025\/03\/06\/nakokulmia-uskontoon-ja-maskuliinisuuteen-mieshankkeiden-avausseminaarissa\/#article","isPartOf":{"@id":"https:\/\/blogs.uef.fi\/luterilaiset-maskuliinisuudet\/2025\/03\/06\/nakokulmia-uskontoon-ja-maskuliinisuuteen-mieshankkeiden-avausseminaarissa\/"},"author":{"name":"Sini Mikkola","@id":"https:\/\/blogs.uef.fi\/luterilaiset-maskuliinisuudet\/#\/schema\/person\/0e05451333c939e1baf0d319f099635e"},"headline":"N\u00e4k\u00f6kulmia uskontoon ja maskuliinisuuteen mieshankkeiden avausseminaarissa","datePublished":"2025-03-06T07:46:13+00:00","dateModified":"2025-03-06T07:46:14+00:00","mainEntityOfPage":{"@id":"https:\/\/blogs.uef.fi\/luterilaiset-maskuliinisuudet\/2025\/03\/06\/nakokulmia-uskontoon-ja-maskuliinisuuteen-mieshankkeiden-avausseminaarissa\/"},"wordCount":792,"image":{"@id":"https:\/\/blogs.uef.fi\/luterilaiset-maskuliinisuudet\/2025\/03\/06\/nakokulmia-uskontoon-ja-maskuliinisuuteen-mieshankkeiden-avausseminaarissa\/#primaryimage"},"thumbnailUrl":"https:\/\/blogs.uef.fi\/luterilaiset-maskuliinisuudet\/wp-content\/uploads\/sites\/229\/2025\/02\/IMG_5688-1.jpg","keywords":["Kriittinen miestutkimus","Luterilaisuus","Maskuliinisuudet","Mieheys","Sukupuolihistoria","Suomalainen mies","Tutkimushanke","Uskonto"],"articleSection":["Hanke-esittely"],"inLanguage":"fi"},{"@type":"WebPage","@id":"https:\/\/blogs.uef.fi\/luterilaiset-maskuliinisuudet\/2025\/03\/06\/nakokulmia-uskontoon-ja-maskuliinisuuteen-mieshankkeiden-avausseminaarissa\/","url":"https:\/\/blogs.uef.fi\/luterilaiset-maskuliinisuudet\/2025\/03\/06\/nakokulmia-uskontoon-ja-maskuliinisuuteen-mieshankkeiden-avausseminaarissa\/","name":"N\u00e4k\u00f6kulmia uskontoon ja maskuliinisuuteen mieshankkeiden avausseminaarissa - Luterilaiset maskuliinisuudet 1517\u20131937","isPartOf":{"@id":"https:\/\/blogs.uef.fi\/luterilaiset-maskuliinisuudet\/#website"},"primaryImageOfPage":{"@id":"https:\/\/blogs.uef.fi\/luterilaiset-maskuliinisuudet\/2025\/03\/06\/nakokulmia-uskontoon-ja-maskuliinisuuteen-mieshankkeiden-avausseminaarissa\/#primaryimage"},"image":{"@id":"https:\/\/blogs.uef.fi\/luterilaiset-maskuliinisuudet\/2025\/03\/06\/nakokulmia-uskontoon-ja-maskuliinisuuteen-mieshankkeiden-avausseminaarissa\/#primaryimage"},"thumbnailUrl":"https:\/\/blogs.uef.fi\/luterilaiset-maskuliinisuudet\/wp-content\/uploads\/sites\/229\/2025\/02\/IMG_5688-1.jpg","datePublished":"2025-03-06T07:46:13+00:00","dateModified":"2025-03-06T07:46:14+00:00","author":{"@id":"https:\/\/blogs.uef.fi\/luterilaiset-maskuliinisuudet\/#\/schema\/person\/0e05451333c939e1baf0d319f099635e"},"breadcrumb":{"@id":"https:\/\/blogs.uef.fi\/luterilaiset-maskuliinisuudet\/2025\/03\/06\/nakokulmia-uskontoon-ja-maskuliinisuuteen-mieshankkeiden-avausseminaarissa\/#breadcrumb"},"inLanguage":"fi","potentialAction":[{"@type":"ReadAction","target":["https:\/\/blogs.uef.fi\/luterilaiset-maskuliinisuudet\/2025\/03\/06\/nakokulmia-uskontoon-ja-maskuliinisuuteen-mieshankkeiden-avausseminaarissa\/"]}]},{"@type":"ImageObject","inLanguage":"fi","@id":"https:\/\/blogs.uef.fi\/luterilaiset-maskuliinisuudet\/2025\/03\/06\/nakokulmia-uskontoon-ja-maskuliinisuuteen-mieshankkeiden-avausseminaarissa\/#primaryimage","url":"https:\/\/blogs.uef.fi\/luterilaiset-maskuliinisuudet\/wp-content\/uploads\/sites\/229\/2025\/02\/IMG_5688-1.jpg","contentUrl":"https:\/\/blogs.uef.fi\/luterilaiset-maskuliinisuudet\/wp-content\/uploads\/sites\/229\/2025\/02\/IMG_5688-1.jpg","width":2454,"height":1171},{"@type":"BreadcrumbList","@id":"https:\/\/blogs.uef.fi\/luterilaiset-maskuliinisuudet\/2025\/03\/06\/nakokulmia-uskontoon-ja-maskuliinisuuteen-mieshankkeiden-avausseminaarissa\/#breadcrumb","itemListElement":[{"@type":"ListItem","position":1,"name":"Home","item":"https:\/\/blogs.uef.fi\/luterilaiset-maskuliinisuudet\/"},{"@type":"ListItem","position":2,"name":"N\u00e4k\u00f6kulmia uskontoon ja maskuliinisuuteen mieshankkeiden avausseminaarissa"}]},{"@type":"WebSite","@id":"https:\/\/blogs.uef.fi\/luterilaiset-maskuliinisuudet\/#website","url":"https:\/\/blogs.uef.fi\/luterilaiset-maskuliinisuudet\/","name":"Luterilaiset maskuliinisuudet 1517\u20131937","description":"","potentialAction":[{"@type":"SearchAction","target":{"@type":"EntryPoint","urlTemplate":"https:\/\/blogs.uef.fi\/luterilaiset-maskuliinisuudet\/?s={search_term_string}"},"query-input":{"@type":"PropertyValueSpecification","valueRequired":true,"valueName":"search_term_string"}}],"inLanguage":"fi"},{"@type":"Person","@id":"https:\/\/blogs.uef.fi\/luterilaiset-maskuliinisuudet\/#\/schema\/person\/0e05451333c939e1baf0d319f099635e","name":"Sini Mikkola","image":{"@type":"ImageObject","inLanguage":"fi","@id":"https:\/\/secure.gravatar.com\/avatar\/19a33fe78c72bc472f48f0fa6fe66c4e1646e4160bab6562094fc1e423cb1d6b?s=96&d=mm&r=g","url":"https:\/\/secure.gravatar.com\/avatar\/19a33fe78c72bc472f48f0fa6fe66c4e1646e4160bab6562094fc1e423cb1d6b?s=96&d=mm&r=g","contentUrl":"https:\/\/secure.gravatar.com\/avatar\/19a33fe78c72bc472f48f0fa6fe66c4e1646e4160bab6562094fc1e423cb1d6b?s=96&d=mm&r=g","caption":"Sini Mikkola"},"url":"https:\/\/blogs.uef.fi\/luterilaiset-maskuliinisuudet\/author\/sinimikkola\/"}]}},"_links":{"self":[{"href":"https:\/\/blogs.uef.fi\/luterilaiset-maskuliinisuudet\/wp-json\/wp\/v2\/posts\/150","targetHints":{"allow":["GET"]}}],"collection":[{"href":"https:\/\/blogs.uef.fi\/luterilaiset-maskuliinisuudet\/wp-json\/wp\/v2\/posts"}],"about":[{"href":"https:\/\/blogs.uef.fi\/luterilaiset-maskuliinisuudet\/wp-json\/wp\/v2\/types\/post"}],"author":[{"embeddable":true,"href":"https:\/\/blogs.uef.fi\/luterilaiset-maskuliinisuudet\/wp-json\/wp\/v2\/users\/542"}],"replies":[{"embeddable":true,"href":"https:\/\/blogs.uef.fi\/luterilaiset-maskuliinisuudet\/wp-json\/wp\/v2\/comments?post=150"}],"version-history":[{"count":1,"href":"https:\/\/blogs.uef.fi\/luterilaiset-maskuliinisuudet\/wp-json\/wp\/v2\/posts\/150\/revisions"}],"predecessor-version":[{"id":207,"href":"https:\/\/blogs.uef.fi\/luterilaiset-maskuliinisuudet\/wp-json\/wp\/v2\/posts\/150\/revisions\/207"}],"wp:featuredmedia":[{"embeddable":true,"href":"https:\/\/blogs.uef.fi\/luterilaiset-maskuliinisuudet\/wp-json\/wp\/v2\/media\/193"}],"wp:attachment":[{"href":"https:\/\/blogs.uef.fi\/luterilaiset-maskuliinisuudet\/wp-json\/wp\/v2\/media?parent=150"}],"wp:term":[{"taxonomy":"category","embeddable":true,"href":"https:\/\/blogs.uef.fi\/luterilaiset-maskuliinisuudet\/wp-json\/wp\/v2\/categories?post=150"},{"taxonomy":"post_tag","embeddable":true,"href":"https:\/\/blogs.uef.fi\/luterilaiset-maskuliinisuudet\/wp-json\/wp\/v2\/tags?post=150"}],"curies":[{"name":"wp","href":"https:\/\/api.w.org\/{rel}","templated":true}]}}