{"id":75,"date":"2017-08-21T12:28:06","date_gmt":"2017-08-21T09:28:06","guid":{"rendered":"https:\/\/blogs.uef.fi\/ktl\/?p=75"},"modified":"2023-10-18T13:12:33","modified_gmt":"2023-10-18T10:12:33","slug":"yhteiskunnallinen-eriarvoisuus-voi-purkautua-monella-tavalla-nytko-se-sitten-tapahtui-ensimmainen-terroristisella-motiivilla-varusteltu-teko-suomen-maaperalla","status":"publish","type":"post","link":"https:\/\/blogs.uef.fi\/ktl\/2017\/08\/21\/yhteiskunnallinen-eriarvoisuus-voi-purkautua-monella-tavalla-nytko-se-sitten-tapahtui-ensimmainen-terroristisella-motiivilla-varusteltu-teko-suomen-maaperalla\/","title":{"rendered":"Yhteiskunnallinen eriarvoisuus voi purkautua monella tavalla"},"content":{"rendered":"\n<p>Olen kuluvan kev\u00e4\u00e4n aikana tehnyt kentt\u00e4t\u00f6it\u00e4 Kiteen Koivikon vastaanotto\u00adkeskuk\u00adsessa. Kentt\u00e4t\u00f6iss\u00e4 kartuttamani kokemuksen ja tiet\u00e4myksen perusteella olen hiukan eri mielt\u00e4 er\u00e4iden turvallisuudesta vastaavien viranomaisten kanssa. Viime p\u00e4ivin\u00e4 on kuulunut ajatuksia siit\u00e4, ett\u00e4 Turussa tapahtuneen verity\u00f6nkaltaisen teon est\u00e4minen olisi \u00e4\u00e4rimm\u00e4isen hankalaa. Itse ajattelen, ett\u00e4 esim. ministerill\u00e4 ja muilla julkisen vallan p\u00e4\u00e4t\u00f6ksentekij\u00f6ill\u00e4 on k\u00e4dess\u00e4\u00e4n avaimet, joilla he voivat merkitt\u00e4v\u00e4ll\u00e4 tavalla v\u00e4hent\u00e4\u00e4 riski\u00e4 t\u00e4m\u00e4nkaltaisiin terroristisiin tekoihin. T\u00e4ll\u00e4 tarkoitan sit\u00e4, ett\u00e4 suomalaisen yhteiskunnan turvallisuutta parannetaan t\u00e4ll\u00e4 hetkell\u00e4 parhaiten k\u00e4ytt\u00e4\u00adm\u00e4ll\u00e4 apuna sosiaalipolitiikan keinoja \u2013 kyse ei ole niink\u00e4\u00e4n lains\u00e4\u00e4d\u00e4nn\u00f6llisist\u00e4 toimista (kepist\u00e4 ja kontrollista) kuin yhteiskunnallisen eriarvoisuuden v\u00e4hent\u00e4miseen t\u00e4ht\u00e4\u00e4vien toimenpiteiden t\u00e4yt\u00e4nt\u00f6\u00f6npanosta (porkkanoista).<\/p>\n\n\n\n<figure class=\"wp-block-image size-full\"><img loading=\"lazy\" decoding=\"async\" width=\"710\" height=\"1024\" src=\"https:\/\/blogs.uef.fi\/ktl\/wp-content\/uploads\/sites\/31\/2023\/10\/kiteen-koivikko.jpg\" alt=\"\" class=\"wp-image-1905\" \/><figcaption class=\"wp-element-caption\"><em>Kiteen Koivikko<\/em>, <a href=\"https:\/\/kiteenkoivikko.fi\/\">https:\/\/kiteenkoivikko.fi\/<\/a><\/figcaption><\/figure>\n\n\n\n<p>Meit\u00e4 tutkijoita syytet\u00e4\u00e4n usein siit\u00e4, ett\u00e4 kritisoimme ja arvioimme tilanteita ilman konkreettisia ehdotuksia siit\u00e4, mit\u00e4 pit\u00e4isi tehd\u00e4. Ehdotan t\u00e4ss\u00e4 muutamaa asiaa konkreettisesti viritt\u00e4m\u00e4\u00e4n keskustelua (huom! julkisen vallan edustajat saavat huoletta ottaa n\u00e4it\u00e4 asioita agendalleen). Maahanmuuttokysymykset ovat t\u00e4ll\u00e4 hetkell\u00e4 keskittyneet turvapaikanhakijoista k\u00e4ytyyn keskusteluun. T\u00e4m\u00e4 onkin j\u00e4rkev\u00e4\u00e4 ja tarpeellista. Tilanne vastaanottokeskuksissa on siet\u00e4m\u00e4t\u00f6n. Asukkaat itse vertaavat el\u00e4m\u00e4\u00e4 vastaanottokeskuksessa vankileirill\u00e4 el\u00e4miseen.<\/p>\n\n\n\n<ul class=\"wp-block-list\">\n<li>Jotta turvapaikanhakijoiden \u201dp\u00e4\u00e4n levi\u00e4minen\u201d voitaisiin est\u00e4\u00e4, olisi turvapaikan\u00adhakuprosessia nopeutettava. Hakuprosessia on mahdollista nopeuttaa sit\u00e4 kautta, ett\u00e4 hakemusten k\u00e4sittelyyn pit\u00e4isi yksinkertaisesti palkata enemm\u00e4n viranomaisia.<\/li>\n\n\n\n<li>Turvapaikkahaastatteluissa pit\u00e4isi aina on l\u00e4sn\u00e4olotulkkaus, joka tapahtuisi hakijan \u00e4idinkielell\u00e4.<\/li>\n\n\n\n<li>Ensisijaisen t\u00e4rke\u00e4\u00e4 on my\u00f6s kohdistaa kansalaisj\u00e4rjest\u00f6 ja muuta \u201davustus\u00adtoimintaa\u201d ja \u201dmy\u00f6t\u00e4el\u00e4mist\u00e4\u201d Suomeen yksin tulleisiin miehiin. T\u00e4ll\u00e4 hetkell\u00e4 se v\u00e4h\u00e4inen ajanvietetoiminta, jota kolmannen sektorin kautta tuotetaan turvapaikan\u00adhakijoille, kohdistuu p\u00e4\u00e4asiassa perheisiin ja lapsiin. V\u00e4lill\u00e4 minusta on tuntunut silt\u00e4, ettei yksin tulleista miehist\u00e4 ole kukaan kiinnostunut.<\/li>\n\n\n\n<li>Lis\u00e4ksi alaik\u00e4isten yksin tulleiden turvapaikanhakijoiden siirt\u00e4minen 18 vuotta t\u00e4ytetty\u00e4\u00e4n \u201dnormaaleihin\u201d vastaanottokeskuksiin asumaan aikuisten ihmisten kanssa on v\u00e4hint\u00e4\u00e4nkin kyseenalaista. N\u00e4m\u00e4 alaik\u00e4iset asuvat huomattavasti pienemmiss\u00e4 yksik\u00f6iss\u00e4 ennen t\u00e4ysi-ik\u00e4isyytt\u00e4, heit\u00e4 autetaan kaikenlaisissa arjen toiminnoissa \u2013 kuten lapsia konsanaan. Mutta kun he tulevat t\u00e4ysi-ik\u00e4isiksi heid\u00e4t siirret\u00e4\u00e4n isoihin yksik\u00f6ihin ja oletetaan heid\u00e4n osaavan huolehtia omista asioistaan vieraassa maassa. Olisiko oikeasti ihan mahdotonta, ett\u00e4 nuoret turvapaikanhakijat voisivat asua joko alaik\u00e4isten yksik\u00f6iss\u00e4, perhemajoituksessa tai voisiko heille per\u00e4ti j\u00e4rjest\u00e4\u00e4 oman yksikk\u00f6ns\u00e4.<\/li>\n<\/ul>\n\n\n\n<p>Politiikassa, sosiaalipolitiikassa etenkin, on aina kyse resursseista eli rahasta. Viime k\u00e4dess\u00e4 kyse on valtiontalouden tuloista ja menoista, ja siit\u00e4 miten resursseja jaetaan. Talouspolitiikka on politiikkaa siin\u00e4 miss\u00e4 mik\u00e4 tahansa muukin politiikan lohko eli siin\u00e4 tehd\u00e4\u00e4n aina valintoja, arvovalintoja sen suhteen, miten resursseja jaetaan. Tulot ja menot on saava balanssiin. Yhteiskunta \/ valtio ei saa liikaa velkaantua, n\u00e4in suoma\u00adlai\u00adsia on opetettu jo 15 vuoden ajan. Meille on my\u00f6s sy\u00f6tetty alitajuntaan mekanismi siit\u00e4, ett\u00e4 tuloverohissi kulkee vain yhteen suuntaan \u2013 alasp\u00e4in. Eik\u00e4 progressiivista verotusta en\u00e4\u00e4 k\u00e4yt\u00e4nn\u00f6ss\u00e4 ole olemassakaan. Valtio ehk\u00e4 tarvitsee lis\u00e4\u00e4 tuloja, jotta edell\u00e4 esitt\u00e4m\u00e4ni listan konkreettiset toimenpide-ehdotukset olisi mahdollista toteut\u00adtaa, mutta valtio voi my\u00f6s verotuksella ker\u00e4t\u00e4 lis\u00e4\u00e4 tuloja. Toisaalta se, miten nykyinen veroista koottava \u201dpotti\u201d jaetaan, on poliittinen valintakysymys \u2013 miten paljon kulutamme yritystukiin ja kuinka paljon sosiaalipolitiikkaan ja yhteiskunnan marginaa\u00adlissa el\u00e4vien tulonsiirtoihin ja hyvinvointipalveluihin. Jos haluamme s\u00e4ilytt\u00e4\u00e4 yhteis\u00adkunta\u00adrauhan, niin meid\u00e4n on puututtava niihin ongelmiin, joista rauhattomuus yhteis\u00adkunnissa kumpuaa.<\/p>\n\n\n\n<div class=\"person-card\">\n        <h2>Kirjoittaja<\/h2>\n    \n                    <a href=\"https:\/\/uefconnect.uef.fi\/henkilo\/pirjo.pollanen\/\" class=\"person-card-link hover-scale-down\">\n                            <div class=\"person-card-item\">\n                    <div class=\"person-card-column-left\">\n                                                    <img decoding=\"async\" class=\"person-card-image\" src=\"https:\/\/blogs.uef.fi\/ktl\/wp-content\/uploads\/sites\/31\/2021\/10\/ktl-logo-engl-vertical-rgb-1.png\" alt=\"Pirjo\" \/>\n                                            <\/div>\n\n                    <div class=\"person-card-column-right\">\n                                                <p class=\"person-card-name\">Pirjo P\u00f6ll\u00e4nen<\/p>\n                        \n                                                <p class=\"person-card-position\">yliopistotutkija<\/p>\n                        \n                                                <p class=\"person-card-organisation\">Karjalan tutkimuslaitos<\/p>\n                        \n                        \n                                                    <div>\n\t\t\t\t\t\t\t<svg xmlns=\"http:\/\/www.w3.org\/2000\/svg\" height=\"25px\" viewBox=\"0 -960 960 960\" width=\"24px\" ><path fill=\"currentColor\" d=\"M200-120q-33 0-56.5-23.5T120-200v-560q0-33 23.5-56.5T200-840h280v80H200v560h560v-280h80v280q0 33-23.5 56.5T760-120H200Zm188-212-56-56 372-372H560v-80h280v280h-80v-144L388-332Z\"\/><\/svg>\t\t\t\t\t\t\t<\/div>\n                                            <\/div>\n                <\/div>\n                            <\/a>\n                            <\/div>\n","protected":false},"excerpt":{"rendered":"<p>Olen kuluvan kev\u00e4\u00e4n aikana tehnyt kentt\u00e4t\u00f6it\u00e4 Kiteen Koivikon vastaanotto\u00adkeskuk\u00adsessa. Kentt\u00e4t\u00f6iss\u00e4 kartuttamani kokemuksen ja tiet\u00e4myksen perusteella olen hiukan eri mielt\u00e4 er\u00e4iden turvallisuudesta vastaavien viranomaisten kanssa. Viime p\u00e4ivin\u00e4 on kuulunut ajatuksia siit\u00e4, ett\u00e4 Turussa tapahtuneen verity\u00f6nkaltaisen teon est\u00e4minen olisi \u00e4\u00e4rimm\u00e4isen hankalaa. Itse ajattelen, ett\u00e4 esim. ministerill\u00e4 ja muilla julkisen vallan p\u00e4\u00e4t\u00f6ksentekij\u00f6ill\u00e4 on k\u00e4dess\u00e4\u00e4n avaimet, joilla he voivat [&hellip;]<\/p>\n","protected":false},"author":416,"featured_media":0,"comment_status":"closed","ping_status":"closed","sticky":false,"template":"","format":"standard","meta":{"_acf_changed":false,"footnotes":""},"categories":[13],"tags":[],"class_list":["post-75","post","type-post","status-publish","format-standard","hentry","category-pirjo-pollanen"],"acf":[],"yoast_head":"<!-- This site is optimized with the Yoast SEO plugin v27.3 - https:\/\/yoast.com\/product\/yoast-seo-wordpress\/ -->\n<title>Yhteiskunnallinen eriarvoisuus voi purkautua monella tavalla - KTL - Karelian Institute<\/title>\n<meta name=\"description\" content=\"Olen kuluvan kev\u00e4\u00e4n aikana tehnyt kentt\u00e4t\u00f6it\u00e4 Kiteen Koivikon vastaanotto\u00adkeskuk\u00adsessa. Kentt\u00e4t\u00f6iss\u00e4 kartuttamani kokemuksen ja tiet\u00e4myksen perusteella olen hiukan eri mielt\u00e4 er\u00e4iden turvallisuudesta vastaavien viranomaisten kanssa.\" \/>\n<meta name=\"robots\" content=\"index, follow, max-snippet:-1, max-image-preview:large, max-video-preview:-1\" \/>\n<link rel=\"canonical\" href=\"https:\/\/blogs.uef.fi\/ktl\/2017\/08\/21\/yhteiskunnallinen-eriarvoisuus-voi-purkautua-monella-tavalla-nytko-se-sitten-tapahtui-ensimmainen-terroristisella-motiivilla-varusteltu-teko-suomen-maaperalla\/\" \/>\n<meta property=\"og:locale\" content=\"en_US\" \/>\n<meta property=\"og:type\" content=\"article\" \/>\n<meta property=\"og:title\" content=\"Yhteiskunnallinen eriarvoisuus voi purkautua monella tavalla - KTL - Karelian Institute\" \/>\n<meta property=\"og:description\" content=\"Olen kuluvan kev\u00e4\u00e4n aikana tehnyt kentt\u00e4t\u00f6it\u00e4 Kiteen Koivikon vastaanotto\u00adkeskuk\u00adsessa. Kentt\u00e4t\u00f6iss\u00e4 kartuttamani kokemuksen ja tiet\u00e4myksen perusteella olen hiukan eri mielt\u00e4 er\u00e4iden turvallisuudesta vastaavien viranomaisten kanssa.\" \/>\n<meta property=\"og:url\" content=\"https:\/\/blogs.uef.fi\/ktl\/2017\/08\/21\/yhteiskunnallinen-eriarvoisuus-voi-purkautua-monella-tavalla-nytko-se-sitten-tapahtui-ensimmainen-terroristisella-motiivilla-varusteltu-teko-suomen-maaperalla\/\" \/>\n<meta property=\"og:site_name\" content=\"KTL - Karelian Institute\" \/>\n<meta property=\"article:published_time\" content=\"2017-08-21T09:28:06+00:00\" \/>\n<meta property=\"article:modified_time\" content=\"2023-10-18T10:12:33+00:00\" \/>\n<meta property=\"og:image\" content=\"https:\/\/blogs.uef.fi\/ktl\/wp-content\/uploads\/sites\/31\/2023\/10\/kiteen-koivikko.jpg\" \/>\n<meta name=\"author\" content=\"Editorial Team\" \/>\n<meta name=\"twitter:card\" content=\"summary_large_image\" \/>\n<meta name=\"twitter:label1\" content=\"Written by\" \/>\n\t<meta name=\"twitter:data1\" content=\"Editorial Team\" \/>\n\t<meta name=\"twitter:label2\" content=\"Est. reading time\" \/>\n\t<meta name=\"twitter:data2\" content=\"3 minutes\" \/>\n<script type=\"application\/ld+json\" class=\"yoast-schema-graph\">{\"@context\":\"https:\\\/\\\/schema.org\",\"@graph\":[{\"@type\":\"Article\",\"@id\":\"https:\\\/\\\/blogs.uef.fi\\\/ktl\\\/2017\\\/08\\\/21\\\/yhteiskunnallinen-eriarvoisuus-voi-purkautua-monella-tavalla-nytko-se-sitten-tapahtui-ensimmainen-terroristisella-motiivilla-varusteltu-teko-suomen-maaperalla\\\/#article\",\"isPartOf\":{\"@id\":\"https:\\\/\\\/blogs.uef.fi\\\/ktl\\\/2017\\\/08\\\/21\\\/yhteiskunnallinen-eriarvoisuus-voi-purkautua-monella-tavalla-nytko-se-sitten-tapahtui-ensimmainen-terroristisella-motiivilla-varusteltu-teko-suomen-maaperalla\\\/\"},\"author\":{\"name\":\"Editorial Team\",\"@id\":\"https:\\\/\\\/blogs.uef.fi\\\/ktl\\\/#\\\/schema\\\/person\\\/d387678eca8acacc511b25489c54c5d4\"},\"headline\":\"Yhteiskunnallinen eriarvoisuus voi purkautua monella tavalla\",\"datePublished\":\"2017-08-21T09:28:06+00:00\",\"dateModified\":\"2023-10-18T10:12:33+00:00\",\"mainEntityOfPage\":{\"@id\":\"https:\\\/\\\/blogs.uef.fi\\\/ktl\\\/2017\\\/08\\\/21\\\/yhteiskunnallinen-eriarvoisuus-voi-purkautua-monella-tavalla-nytko-se-sitten-tapahtui-ensimmainen-terroristisella-motiivilla-varusteltu-teko-suomen-maaperalla\\\/\"},\"wordCount\":576,\"image\":{\"@id\":\"https:\\\/\\\/blogs.uef.fi\\\/ktl\\\/2017\\\/08\\\/21\\\/yhteiskunnallinen-eriarvoisuus-voi-purkautua-monella-tavalla-nytko-se-sitten-tapahtui-ensimmainen-terroristisella-motiivilla-varusteltu-teko-suomen-maaperalla\\\/#primaryimage\"},\"thumbnailUrl\":\"https:\\\/\\\/blogs.uef.fi\\\/ktl\\\/wp-content\\\/uploads\\\/sites\\\/31\\\/2023\\\/10\\\/kiteen-koivikko.jpg\",\"articleSection\":[\"Pirjo P\u00f6ll\u00e4nen\"],\"inLanguage\":\"en-US\"},{\"@type\":\"WebPage\",\"@id\":\"https:\\\/\\\/blogs.uef.fi\\\/ktl\\\/2017\\\/08\\\/21\\\/yhteiskunnallinen-eriarvoisuus-voi-purkautua-monella-tavalla-nytko-se-sitten-tapahtui-ensimmainen-terroristisella-motiivilla-varusteltu-teko-suomen-maaperalla\\\/\",\"url\":\"https:\\\/\\\/blogs.uef.fi\\\/ktl\\\/2017\\\/08\\\/21\\\/yhteiskunnallinen-eriarvoisuus-voi-purkautua-monella-tavalla-nytko-se-sitten-tapahtui-ensimmainen-terroristisella-motiivilla-varusteltu-teko-suomen-maaperalla\\\/\",\"name\":\"Yhteiskunnallinen eriarvoisuus voi purkautua monella tavalla - KTL - Karelian Institute\",\"isPartOf\":{\"@id\":\"https:\\\/\\\/blogs.uef.fi\\\/ktl\\\/#website\"},\"primaryImageOfPage\":{\"@id\":\"https:\\\/\\\/blogs.uef.fi\\\/ktl\\\/2017\\\/08\\\/21\\\/yhteiskunnallinen-eriarvoisuus-voi-purkautua-monella-tavalla-nytko-se-sitten-tapahtui-ensimmainen-terroristisella-motiivilla-varusteltu-teko-suomen-maaperalla\\\/#primaryimage\"},\"image\":{\"@id\":\"https:\\\/\\\/blogs.uef.fi\\\/ktl\\\/2017\\\/08\\\/21\\\/yhteiskunnallinen-eriarvoisuus-voi-purkautua-monella-tavalla-nytko-se-sitten-tapahtui-ensimmainen-terroristisella-motiivilla-varusteltu-teko-suomen-maaperalla\\\/#primaryimage\"},\"thumbnailUrl\":\"https:\\\/\\\/blogs.uef.fi\\\/ktl\\\/wp-content\\\/uploads\\\/sites\\\/31\\\/2023\\\/10\\\/kiteen-koivikko.jpg\",\"datePublished\":\"2017-08-21T09:28:06+00:00\",\"dateModified\":\"2023-10-18T10:12:33+00:00\",\"author\":{\"@id\":\"https:\\\/\\\/blogs.uef.fi\\\/ktl\\\/#\\\/schema\\\/person\\\/d387678eca8acacc511b25489c54c5d4\"},\"description\":\"Olen kuluvan kev\u00e4\u00e4n aikana tehnyt kentt\u00e4t\u00f6it\u00e4 Kiteen Koivikon vastaanotto\u00adkeskuk\u00adsessa. Kentt\u00e4t\u00f6iss\u00e4 kartuttamani kokemuksen ja tiet\u00e4myksen perusteella olen hiukan eri mielt\u00e4 er\u00e4iden turvallisuudesta vastaavien viranomaisten kanssa.\",\"breadcrumb\":{\"@id\":\"https:\\\/\\\/blogs.uef.fi\\\/ktl\\\/2017\\\/08\\\/21\\\/yhteiskunnallinen-eriarvoisuus-voi-purkautua-monella-tavalla-nytko-se-sitten-tapahtui-ensimmainen-terroristisella-motiivilla-varusteltu-teko-suomen-maaperalla\\\/#breadcrumb\"},\"inLanguage\":\"en-US\",\"potentialAction\":[{\"@type\":\"ReadAction\",\"target\":[\"https:\\\/\\\/blogs.uef.fi\\\/ktl\\\/2017\\\/08\\\/21\\\/yhteiskunnallinen-eriarvoisuus-voi-purkautua-monella-tavalla-nytko-se-sitten-tapahtui-ensimmainen-terroristisella-motiivilla-varusteltu-teko-suomen-maaperalla\\\/\"]}]},{\"@type\":\"ImageObject\",\"inLanguage\":\"en-US\",\"@id\":\"https:\\\/\\\/blogs.uef.fi\\\/ktl\\\/2017\\\/08\\\/21\\\/yhteiskunnallinen-eriarvoisuus-voi-purkautua-monella-tavalla-nytko-se-sitten-tapahtui-ensimmainen-terroristisella-motiivilla-varusteltu-teko-suomen-maaperalla\\\/#primaryimage\",\"url\":\"https:\\\/\\\/blogs.uef.fi\\\/ktl\\\/wp-content\\\/uploads\\\/sites\\\/31\\\/2023\\\/10\\\/kiteen-koivikko.jpg\",\"contentUrl\":\"https:\\\/\\\/blogs.uef.fi\\\/ktl\\\/wp-content\\\/uploads\\\/sites\\\/31\\\/2023\\\/10\\\/kiteen-koivikko.jpg\",\"width\":710,\"height\":1024},{\"@type\":\"BreadcrumbList\",\"@id\":\"https:\\\/\\\/blogs.uef.fi\\\/ktl\\\/2017\\\/08\\\/21\\\/yhteiskunnallinen-eriarvoisuus-voi-purkautua-monella-tavalla-nytko-se-sitten-tapahtui-ensimmainen-terroristisella-motiivilla-varusteltu-teko-suomen-maaperalla\\\/#breadcrumb\",\"itemListElement\":[{\"@type\":\"ListItem\",\"position\":1,\"name\":\"Home\",\"item\":\"https:\\\/\\\/blogs.uef.fi\\\/ktl\\\/\"},{\"@type\":\"ListItem\",\"position\":2,\"name\":\"Yhteiskunnallinen eriarvoisuus voi purkautua monella tavalla\"}]},{\"@type\":\"WebSite\",\"@id\":\"https:\\\/\\\/blogs.uef.fi\\\/ktl\\\/#website\",\"url\":\"https:\\\/\\\/blogs.uef.fi\\\/ktl\\\/\",\"name\":\"KTL - Karelian Institute\",\"description\":\"Paikallista ja kansainv\u00e4lista tutkimusta vuodesta 1971 \\\/\\\/ Local and international research since 1971\",\"potentialAction\":[{\"@type\":\"SearchAction\",\"target\":{\"@type\":\"EntryPoint\",\"urlTemplate\":\"https:\\\/\\\/blogs.uef.fi\\\/ktl\\\/?s={search_term_string}\"},\"query-input\":{\"@type\":\"PropertyValueSpecification\",\"valueRequired\":true,\"valueName\":\"search_term_string\"}}],\"inLanguage\":\"en-US\"},{\"@type\":\"Person\",\"@id\":\"https:\\\/\\\/blogs.uef.fi\\\/ktl\\\/#\\\/schema\\\/person\\\/d387678eca8acacc511b25489c54c5d4\",\"name\":\"Editorial Team\",\"url\":\"https:\\\/\\\/blogs.uef.fi\\\/ktl\\\/author\\\/alicjaf\\\/\"}]}<\/script>\n<!-- \/ Yoast SEO plugin. -->","yoast_head_json":{"title":"Yhteiskunnallinen eriarvoisuus voi purkautua monella tavalla - KTL - Karelian Institute","description":"Olen kuluvan kev\u00e4\u00e4n aikana tehnyt kentt\u00e4t\u00f6it\u00e4 Kiteen Koivikon vastaanotto\u00adkeskuk\u00adsessa. Kentt\u00e4t\u00f6iss\u00e4 kartuttamani kokemuksen ja tiet\u00e4myksen perusteella olen hiukan eri mielt\u00e4 er\u00e4iden turvallisuudesta vastaavien viranomaisten kanssa.","robots":{"index":"index","follow":"follow","max-snippet":"max-snippet:-1","max-image-preview":"max-image-preview:large","max-video-preview":"max-video-preview:-1"},"canonical":"https:\/\/blogs.uef.fi\/ktl\/2017\/08\/21\/yhteiskunnallinen-eriarvoisuus-voi-purkautua-monella-tavalla-nytko-se-sitten-tapahtui-ensimmainen-terroristisella-motiivilla-varusteltu-teko-suomen-maaperalla\/","og_locale":"en_US","og_type":"article","og_title":"Yhteiskunnallinen eriarvoisuus voi purkautua monella tavalla - KTL - Karelian Institute","og_description":"Olen kuluvan kev\u00e4\u00e4n aikana tehnyt kentt\u00e4t\u00f6it\u00e4 Kiteen Koivikon vastaanotto\u00adkeskuk\u00adsessa. Kentt\u00e4t\u00f6iss\u00e4 kartuttamani kokemuksen ja tiet\u00e4myksen perusteella olen hiukan eri mielt\u00e4 er\u00e4iden turvallisuudesta vastaavien viranomaisten kanssa.","og_url":"https:\/\/blogs.uef.fi\/ktl\/2017\/08\/21\/yhteiskunnallinen-eriarvoisuus-voi-purkautua-monella-tavalla-nytko-se-sitten-tapahtui-ensimmainen-terroristisella-motiivilla-varusteltu-teko-suomen-maaperalla\/","og_site_name":"KTL - Karelian Institute","article_published_time":"2017-08-21T09:28:06+00:00","article_modified_time":"2023-10-18T10:12:33+00:00","og_image":[{"url":"https:\/\/blogs.uef.fi\/ktl\/wp-content\/uploads\/sites\/31\/2023\/10\/kiteen-koivikko.jpg","type":"","width":"","height":""}],"author":"Editorial Team","twitter_card":"summary_large_image","twitter_misc":{"Written by":"Editorial Team","Est. reading time":"3 minutes"},"schema":{"@context":"https:\/\/schema.org","@graph":[{"@type":"Article","@id":"https:\/\/blogs.uef.fi\/ktl\/2017\/08\/21\/yhteiskunnallinen-eriarvoisuus-voi-purkautua-monella-tavalla-nytko-se-sitten-tapahtui-ensimmainen-terroristisella-motiivilla-varusteltu-teko-suomen-maaperalla\/#article","isPartOf":{"@id":"https:\/\/blogs.uef.fi\/ktl\/2017\/08\/21\/yhteiskunnallinen-eriarvoisuus-voi-purkautua-monella-tavalla-nytko-se-sitten-tapahtui-ensimmainen-terroristisella-motiivilla-varusteltu-teko-suomen-maaperalla\/"},"author":{"name":"Editorial Team","@id":"https:\/\/blogs.uef.fi\/ktl\/#\/schema\/person\/d387678eca8acacc511b25489c54c5d4"},"headline":"Yhteiskunnallinen eriarvoisuus voi purkautua monella tavalla","datePublished":"2017-08-21T09:28:06+00:00","dateModified":"2023-10-18T10:12:33+00:00","mainEntityOfPage":{"@id":"https:\/\/blogs.uef.fi\/ktl\/2017\/08\/21\/yhteiskunnallinen-eriarvoisuus-voi-purkautua-monella-tavalla-nytko-se-sitten-tapahtui-ensimmainen-terroristisella-motiivilla-varusteltu-teko-suomen-maaperalla\/"},"wordCount":576,"image":{"@id":"https:\/\/blogs.uef.fi\/ktl\/2017\/08\/21\/yhteiskunnallinen-eriarvoisuus-voi-purkautua-monella-tavalla-nytko-se-sitten-tapahtui-ensimmainen-terroristisella-motiivilla-varusteltu-teko-suomen-maaperalla\/#primaryimage"},"thumbnailUrl":"https:\/\/blogs.uef.fi\/ktl\/wp-content\/uploads\/sites\/31\/2023\/10\/kiteen-koivikko.jpg","articleSection":["Pirjo P\u00f6ll\u00e4nen"],"inLanguage":"en-US"},{"@type":"WebPage","@id":"https:\/\/blogs.uef.fi\/ktl\/2017\/08\/21\/yhteiskunnallinen-eriarvoisuus-voi-purkautua-monella-tavalla-nytko-se-sitten-tapahtui-ensimmainen-terroristisella-motiivilla-varusteltu-teko-suomen-maaperalla\/","url":"https:\/\/blogs.uef.fi\/ktl\/2017\/08\/21\/yhteiskunnallinen-eriarvoisuus-voi-purkautua-monella-tavalla-nytko-se-sitten-tapahtui-ensimmainen-terroristisella-motiivilla-varusteltu-teko-suomen-maaperalla\/","name":"Yhteiskunnallinen eriarvoisuus voi purkautua monella tavalla - KTL - Karelian Institute","isPartOf":{"@id":"https:\/\/blogs.uef.fi\/ktl\/#website"},"primaryImageOfPage":{"@id":"https:\/\/blogs.uef.fi\/ktl\/2017\/08\/21\/yhteiskunnallinen-eriarvoisuus-voi-purkautua-monella-tavalla-nytko-se-sitten-tapahtui-ensimmainen-terroristisella-motiivilla-varusteltu-teko-suomen-maaperalla\/#primaryimage"},"image":{"@id":"https:\/\/blogs.uef.fi\/ktl\/2017\/08\/21\/yhteiskunnallinen-eriarvoisuus-voi-purkautua-monella-tavalla-nytko-se-sitten-tapahtui-ensimmainen-terroristisella-motiivilla-varusteltu-teko-suomen-maaperalla\/#primaryimage"},"thumbnailUrl":"https:\/\/blogs.uef.fi\/ktl\/wp-content\/uploads\/sites\/31\/2023\/10\/kiteen-koivikko.jpg","datePublished":"2017-08-21T09:28:06+00:00","dateModified":"2023-10-18T10:12:33+00:00","author":{"@id":"https:\/\/blogs.uef.fi\/ktl\/#\/schema\/person\/d387678eca8acacc511b25489c54c5d4"},"description":"Olen kuluvan kev\u00e4\u00e4n aikana tehnyt kentt\u00e4t\u00f6it\u00e4 Kiteen Koivikon vastaanotto\u00adkeskuk\u00adsessa. Kentt\u00e4t\u00f6iss\u00e4 kartuttamani kokemuksen ja tiet\u00e4myksen perusteella olen hiukan eri mielt\u00e4 er\u00e4iden turvallisuudesta vastaavien viranomaisten kanssa.","breadcrumb":{"@id":"https:\/\/blogs.uef.fi\/ktl\/2017\/08\/21\/yhteiskunnallinen-eriarvoisuus-voi-purkautua-monella-tavalla-nytko-se-sitten-tapahtui-ensimmainen-terroristisella-motiivilla-varusteltu-teko-suomen-maaperalla\/#breadcrumb"},"inLanguage":"en-US","potentialAction":[{"@type":"ReadAction","target":["https:\/\/blogs.uef.fi\/ktl\/2017\/08\/21\/yhteiskunnallinen-eriarvoisuus-voi-purkautua-monella-tavalla-nytko-se-sitten-tapahtui-ensimmainen-terroristisella-motiivilla-varusteltu-teko-suomen-maaperalla\/"]}]},{"@type":"ImageObject","inLanguage":"en-US","@id":"https:\/\/blogs.uef.fi\/ktl\/2017\/08\/21\/yhteiskunnallinen-eriarvoisuus-voi-purkautua-monella-tavalla-nytko-se-sitten-tapahtui-ensimmainen-terroristisella-motiivilla-varusteltu-teko-suomen-maaperalla\/#primaryimage","url":"https:\/\/blogs.uef.fi\/ktl\/wp-content\/uploads\/sites\/31\/2023\/10\/kiteen-koivikko.jpg","contentUrl":"https:\/\/blogs.uef.fi\/ktl\/wp-content\/uploads\/sites\/31\/2023\/10\/kiteen-koivikko.jpg","width":710,"height":1024},{"@type":"BreadcrumbList","@id":"https:\/\/blogs.uef.fi\/ktl\/2017\/08\/21\/yhteiskunnallinen-eriarvoisuus-voi-purkautua-monella-tavalla-nytko-se-sitten-tapahtui-ensimmainen-terroristisella-motiivilla-varusteltu-teko-suomen-maaperalla\/#breadcrumb","itemListElement":[{"@type":"ListItem","position":1,"name":"Home","item":"https:\/\/blogs.uef.fi\/ktl\/"},{"@type":"ListItem","position":2,"name":"Yhteiskunnallinen eriarvoisuus voi purkautua monella tavalla"}]},{"@type":"WebSite","@id":"https:\/\/blogs.uef.fi\/ktl\/#website","url":"https:\/\/blogs.uef.fi\/ktl\/","name":"KTL - Karelian Institute","description":"Paikallista ja kansainv\u00e4lista tutkimusta vuodesta 1971 \/\/ Local and international research since 1971","potentialAction":[{"@type":"SearchAction","target":{"@type":"EntryPoint","urlTemplate":"https:\/\/blogs.uef.fi\/ktl\/?s={search_term_string}"},"query-input":{"@type":"PropertyValueSpecification","valueRequired":true,"valueName":"search_term_string"}}],"inLanguage":"en-US"},{"@type":"Person","@id":"https:\/\/blogs.uef.fi\/ktl\/#\/schema\/person\/d387678eca8acacc511b25489c54c5d4","name":"Editorial Team","url":"https:\/\/blogs.uef.fi\/ktl\/author\/alicjaf\/"}]}},"_links":{"self":[{"href":"https:\/\/blogs.uef.fi\/ktl\/wp-json\/wp\/v2\/posts\/75","targetHints":{"allow":["GET"]}}],"collection":[{"href":"https:\/\/blogs.uef.fi\/ktl\/wp-json\/wp\/v2\/posts"}],"about":[{"href":"https:\/\/blogs.uef.fi\/ktl\/wp-json\/wp\/v2\/types\/post"}],"author":[{"embeddable":true,"href":"https:\/\/blogs.uef.fi\/ktl\/wp-json\/wp\/v2\/users\/416"}],"replies":[{"embeddable":true,"href":"https:\/\/blogs.uef.fi\/ktl\/wp-json\/wp\/v2\/comments?post=75"}],"version-history":[{"count":2,"href":"https:\/\/blogs.uef.fi\/ktl\/wp-json\/wp\/v2\/posts\/75\/revisions"}],"predecessor-version":[{"id":2143,"href":"https:\/\/blogs.uef.fi\/ktl\/wp-json\/wp\/v2\/posts\/75\/revisions\/2143"}],"wp:attachment":[{"href":"https:\/\/blogs.uef.fi\/ktl\/wp-json\/wp\/v2\/media?parent=75"}],"wp:term":[{"taxonomy":"category","embeddable":true,"href":"https:\/\/blogs.uef.fi\/ktl\/wp-json\/wp\/v2\/categories?post=75"},{"taxonomy":"post_tag","embeddable":true,"href":"https:\/\/blogs.uef.fi\/ktl\/wp-json\/wp\/v2\/tags?post=75"}],"curies":[{"name":"wp","href":"https:\/\/api.w.org\/{rel}","templated":true}]}}