{"id":578,"date":"2020-12-09T12:47:58","date_gmt":"2020-12-09T10:47:58","guid":{"rendered":"https:\/\/blogs.uef.fi\/ktl\/?p=578"},"modified":"2023-10-18T13:16:53","modified_gmt":"2023-10-18T10:16:53","slug":"paikallista-historiaa-puoli-vuosisataa","status":"publish","type":"post","link":"https:\/\/blogs.uef.fi\/ktl\/2020\/12\/09\/paikallista-historiaa-puoli-vuosisataa\/","title":{"rendered":"Paikallista historiaa puoli vuosisataa"},"content":{"rendered":"\n<figure class=\"wp-block-image size-full\"><img loading=\"lazy\" decoding=\"async\" width=\"1080\" height=\"1080\" src=\"https:\/\/blogs.uef.fi\/ktl\/wp-content\/uploads\/sites\/31\/2020\/12\/ktl-50.jpg\" alt=\"luku: 50\" class=\"wp-image-581\" srcset=\"https:\/\/blogs.uef.fi\/ktl\/wp-content\/uploads\/sites\/31\/2020\/12\/ktl-50.jpg 1080w, https:\/\/blogs.uef.fi\/ktl\/wp-content\/uploads\/sites\/31\/2020\/12\/ktl-50-150x150.jpg 150w, https:\/\/blogs.uef.fi\/ktl\/wp-content\/uploads\/sites\/31\/2020\/12\/ktl-50-768x768.jpg 768w, https:\/\/blogs.uef.fi\/ktl\/wp-content\/uploads\/sites\/31\/2020\/12\/ktl-50-100x100.jpg 100w\" sizes=\"auto, (max-width: 1080px) 100vw, 1080px\" \/><figcaption class=\"wp-element-caption\"><em>Karjalan tutkimuslaitos t\u00e4ytt\u00e4\u00e4 50 vuotta.<\/em><\/figcaption><\/figure>\n\n\n\n<p>Karjalan tutkimuslaitos tarjosi alkuvuosista saakka muutaman laitosharjoittelupaikan. Kulttuurintutkijoita osallistui kentt\u00e4t\u00f6ihin, mutta historianopiskelijat ker\u00e4siv\u00e4t l\u00e4hdeaineistonsa erilaisista arkistoista ja laitokselle hankituilta mikrofilmeilt\u00e4. Paikallishistorian kirjoittamista pidettiin havainnollisuutensa ja monipuolisuutensa vuoksi erinomaisena jatkokoulutuksena tuleville historianopettajille.<br>Laitos tuki n\u00e4in aluettaan tarjoamalla asiantuntemustaan ja koulutettuja kirjoittajia erilaisiin historiahankkeisiin. Laitoksen toiminnassa paikallishistorian kirjoittaminen (maakunta-, pit\u00e4j\u00e4- ja kuntahistoriat) on ollut pitk\u00e4aikaisinta ja ulosp\u00e4in, etenkin omalle alueelleen n\u00e4kyv\u00e4\u00e4 toimintaa. Erilaiset kunta- ja aluehistoriat ovat kuuluneet tutkimuslaitoksen ohjelmaan koko Karjalan tutkimuslaitoksen olemassaoloajan. Savon ja Pohjois-Karjalan maakuntahistorioiden ohella Karjalan tutkimuslaitoksen tutkimusohjelmaan ovat sis\u00e4ltyneet lukuisat Pohjois-Karjalan ja Savon kuntien, seurakuntien, liikelaitosten ja erilaisten j\u00e4rjest\u00f6jen historiat aivan kuten laitosta perustettaessa suunniteltiin.<\/p>\n\n\n\n<p>Karjalan tutkimuslaitoksen perinteet Pohjois-Karjalan maakuntahistorian eri osien (II ja III Veijo Saloheimo, IV Kimmo Katajala (toim.) ja V Ismo Bj\u00f6rn (toim.) ja alueen kuntien paikallishistorioiden kirjoittamiseksi voidaan j\u00e4ljitt\u00e4\u00e4 Kauko Pirisen puheenvuoroon Pohjois-Karjalan maakuntaseminaarissa maaliskuussa 1966. Pirinen painotti tutkimusten popularisointia. Maakunnan menneisyys oli saatava kansan k\u00e4siin, joka oli saatava tuntemaan itsens\u00e4 pohjoiskarjalaiseksi. Samaa ajatusta painotti h\u00e4nen oppilaansa Veijo Saloheimo. Pohjois-Karjalaan oli kirjoitettava oma maakuntahistoria ja pit\u00e4j\u00e4historiat. Pirinen kiinnitti historiankirjoituksen Joensuun korkeakoulun opettajankoulutukseen. Pirisen mukaan yliopistollinen opetus, my\u00f6s opettajien valmistukseen t\u00e4ht\u00e4\u00e4v\u00e4, vaati rinnalleen tutkimusta. Samassa puheenvuorossa Pirinen ajoi my\u00f6s maakunta-arkistoa Joensuuhun. Se tukisi historiantutkimuksen ohella my\u00f6s yhteiskunnallista tutkimusta. Sodan uhkaa ei en\u00e4\u00e4 1960-luvulla ollut, joten maakunta-arkisto voitiin sijoittaa h\u00e4nen mukaansa Neuvostoliitosta huolta kantamatta jo n\u00e4in l\u00e4helle rajaa. Maakunta-arkiston saaminen oli vastaavasti n\u00e4hty t\u00e4rke\u00e4n\u00e4 my\u00f6s Jyv\u00e4skyl\u00e4n ja Oulun yliopistojen historian laitoksilla tutkimuksen, opetuksen ja alueidentiteetin kannalta.<\/p>\n\n\n\n<p>Pirisen ajatukset entisten suurpit\u00e4jien historiankirjoittamisesta toteutuivat Suur-Liperin (Maija-Liisa Tuomi), Vanhan Tohmaj\u00e4rven (Jaana Juvonen) ja Suur-Ilomantsin (Ismo Bj\u00f6rn) historioiden kohdalla. Suurpit\u00e4jist\u00e4 itsen\u00e4istyneet kunnat saivat nekin omat kuntahistoriansa, Tutkimuslaitoksen suojissa tai valvonnan alla on tutkittu ja kirjoitettu l\u00e4hes kaikkien pohjoiskarjalaisten kuntien historiat: Eno (Ismo Bj\u00f6rn), Ilomantsi (Ismo Bj\u00f6rn), Joensuu (ty\u00f6n alla Jukka Kokkonen ja Alina Kuusisto), Kontiolahti (Liisa Ryypp\u00f6), Liperi (Pekka Pakarinen), Nurmes (ty\u00f6n alla Jukka Kokkonen ja Alina Kuusisto), Outokumpu (Ismo Bj\u00f6rn), Polvij\u00e4rvi (Maija-Liisa Tuomi), Tuupovaara (Ismo Bj\u00f6rn) ja Valtimo (Ismo Bj\u00f6rn).<\/p>\n\n\n\n<p>Historiankirjoitusta tehtiin Saloheimon aikana my\u00f6s virkaty\u00f6n\u00e4, mutta sittemmin enimm\u00e4kseen ulkopuolisen, kuntien ja seurakuntien, s\u00e4\u00e4ti\u00f6iden ja my\u00f6s liikelaitosten ja muiden rahoittajien turvin. Alkujaan historiat olivat selke\u00e4 osa laitoksen toimintaa ja ty\u00f6t\u00e4. V\u00e4hitellen yliopisto ja laitos halusivat kirjoitusty\u00f6st\u00e4 my\u00f6s rahallisen tai rahassa laskettavissa olevan siivunsa. T\u00e4m\u00e4 johti erilaisten yhteisty\u00f6sopimusten solmimiseen. K\u00e4yt\u00e4nn\u00f6ss\u00e4 yliopisto tuli kuhunkin hankkeeseen mukaan tarjoamalla kirjoittajalle ty\u00f6pisteen. Kirjoittaja puolestaan oli projektitutkijana Karjalan tutkimuslaitoksen henkil\u00f6kuntaa, opetti ja kirjoitti laitoksen nimiss\u00e4 sek\u00e4 osallistui normaaliin laitosty\u00f6h\u00f6n. Alueellisen sidoksen kannalta historiantutkijoilla on ollut merkitt\u00e4v\u00e4, mutta toisinaan piiloon j\u00e4\u00e4nyt teht\u00e4v\u00e4. Tutkijoilta on kysytty apua, neuvoja ja ohjeita, heit\u00e4 on pyydetty puhujiksi ja asiantuntijoiksi. Yhteydet paikalliseen talousel\u00e4m\u00e4\u00e4n ovat muodostuneet vahvoiksi muun muassa erilaisten liike-el\u00e4m\u00e4\u00e4 ja liikemiessukuja koskevien historiakirjoitusten ja asiantuntijateht\u00e4vien kautta.<\/p>\n\n\n\n<p>Historian projektitutkijoiden rahoitus on aina poikennut hieman muista tutkijoista, sill\u00e4 historian kohdalla rahoitus on tullut selkein\u00e4 toimeksiantoina ja konkreettisina tavoitteina kirjasta. Historiantutkija on p\u00e4\u00e4ssyt suunnittelemaan kirjan kuvituksen ja koko ulkoasun. Projektitutkijan kohdalla on aina kysymys my\u00f6s toimeentulosta. Omat tieteelliset tavoitteet on toisinaan ollut pakko j\u00e4tt\u00e4\u00e4 sivuun, kun toimeentulo on kiinni ulkopuolisesta rahoituksesta ja tilaajan toiveista. Ammattitaitoinen historiankirjoittaja muuntaa Jukka Kokkosen ja Jenni Merovuon tavoin itsens\u00e4 1700-luvun rajahistorian asiantuntijasta hetkess\u00e4 1900-luvun lapsisotilaiden tutkijaksi tai 2000-luvun liikelaitostutkijaksi, tai Alina Kuusiston lailla Euroopan unionin pohjoisen ulottuvuuden tutkimuksesta Nurmeksen maatalouden uudistukseen. Jukka Kokkonen on kirjoittanut varsinaisena akateemisena tutkimusty\u00f6n\u00e4\u00e4n Ruotsin ja Ven\u00e4j\u00e4n suhteista, mutta tehnyt samaan aikaan useita tieteelliset mitat t\u00e4ytt\u00e4vi\u00e4 tilaushistorioita ja muun muassa sukuselvityksi\u00e4. Kokkosen kaksiosainen Salmi ja salmilaiset -historiateos (2015, 2019) oli jo ulkoisesti varsin n\u00e4ytt\u00e4v\u00e4 meriitti niin tekij\u00e4lleen kuin koko laitokselle. Kokkosen uusin kirja Rajan rauha \u2013 it\u00e4raja ja suojautumisen keinot 1490\u20131809 ilmestyy joulukuussa 2020. Historiantutkijoiden laajat monografiat vaativat vuosikausien ty\u00f6n, mutta ne ovat yliopiston keskeisen rajaan ja laaja-alaiseen Ven\u00e4j\u00e4-osaamiseen liittyv\u00e4n vahvuusalan ytimess\u00e4.<\/p>\n\n\n\n<p>Karjalan tutkimuslaitoksen alue- ja paikallishistorian tutkijat verkostoituvat 2020 omaksi tutkimusryhm\u00e4kseen, joka ilmoitti tekev\u00e4ns\u00e4 yhteisty\u00f6t\u00e4 It\u00e4-Suomen ja Karjalan (raja-) alueelle kytkeytyvien historiahankkeiden parissa tutkijoina, toimittajina ja asiantuntijoina monissa alueen, maakunnan, kuntien, kylien sek\u00e4 instituutioiden, kuten koulujen ja yritysten, historiaan liittyviss\u00e4 projekteissa joko itsen\u00e4isin\u00e4 tutkijoina tai ty\u00f6ryhm\u00e4n osana. Historiantutkijat k\u00e4yv\u00e4t \u201dsaloheimolaisina\u201d puhumassa erilaisissa tilaisuuksissa, kirjoittaen blogeja ja kolumneja sek\u00e4 tarjoten asiantuntemustaan historiaan liittyviss\u00e4 kysymyksiss\u00e4. Samalla he toteuttavat yht\u00e4 yliopiston keskeist\u00e4 teht\u00e4v\u00e4\u00e4 osallistumalla yhteiskunnalliseen keskusteluun kriittisin\u00e4 historian kautta asioita l\u00e4hestyvin\u00e4 kootee\u00e4ll\u00e4l\u00e4isin\u00e4.<\/p>\n\n\n\n<div class=\"person-card\">\n        <h2>Kirjoittaja<\/h2>\n    \n                    <a href=\"https:\/\/uefconnect.uef.fi\/henkilo\/ismo.bjorn\/\" class=\"person-card-link hover-scale-down\">\n                            <div class=\"person-card-item\">\n                    <div class=\"person-card-column-left\">\n                                                    <img decoding=\"async\" class=\"person-card-image\" src=\"https:\/\/blogs.uef.fi\/ktl\/wp-content\/uploads\/sites\/31\/2020\/04\/Ismo-Bjorn-autokuva-160420-uusi-e1587026333964.jpg\" alt=\"Ismo\" \/>\n                                            <\/div>\n\n                    <div class=\"person-card-column-right\">\n                                                <p class=\"person-card-name\">Ismo Bj\u00f6rn<\/p>\n                        \n                                                <p class=\"person-card-position\">erikoistutkija<\/p>\n                        \n                                                <p class=\"person-card-organisation\">Karjalan tutkimuslaitos<\/p>\n                        \n                        \n                                                    <div>\n\t\t\t\t\t\t\t<svg xmlns=\"http:\/\/www.w3.org\/2000\/svg\" height=\"25px\" viewBox=\"0 -960 960 960\" width=\"24px\" ><path fill=\"currentColor\" d=\"M200-120q-33 0-56.5-23.5T120-200v-560q0-33 23.5-56.5T200-840h280v80H200v560h560v-280h80v280q0 33-23.5 56.5T760-120H200Zm188-212-56-56 372-372H560v-80h280v280h-80v-144L388-332Z\"\/><\/svg>\t\t\t\t\t\t\t<\/div>\n                                            <\/div>\n                <\/div>\n                            <\/a>\n                            <\/div>\n","protected":false},"excerpt":{"rendered":"<p>Karjalan tutkimuslaitos tarjosi alkuvuosista saakka muutaman laitosharjoittelupaikan. Kulttuurintutkijoita osallistui kentt\u00e4t\u00f6ihin, mutta historianopiskelijat ker\u00e4siv\u00e4t l\u00e4hdeaineistonsa erilaisista arkistoista ja laitokselle hankituilta mikrofilmeilt\u00e4. Paikallishistorian kirjoittamista pidettiin havainnollisuutensa ja monipuolisuutensa vuoksi erinomaisena jatkokoulutuksena tuleville historianopettajille.Laitos tuki n\u00e4in aluettaan tarjoamalla asiantuntemustaan ja koulutettuja kirjoittajia erilaisiin historiahankkeisiin. Laitoksen toiminnassa paikallishistorian kirjoittaminen (maakunta-, pit\u00e4j\u00e4- ja kuntahistoriat) on ollut pitk\u00e4aikaisinta ja ulosp\u00e4in, etenkin [&hellip;]<\/p>\n","protected":false},"author":416,"featured_media":0,"comment_status":"closed","ping_status":"closed","sticky":false,"template":"","format":"standard","meta":{"_acf_changed":false,"footnotes":""},"categories":[17],"tags":[149,41,33,37,39,170,194],"class_list":["post-578","post","type-post","status-publish","format-standard","hentry","category-ismo-bjorn","tag-50-vuotta","tag-historian-tutkimus","tag-ismo-bjorn","tag-ita-suomen-yliopisto","tag-karjalan-tutkimuslaitos","tag-karjalan-tutkimuslaitos-50-vuotta","tag-paikallishistoria"],"acf":[],"yoast_head":"<!-- This site is optimized with the Yoast SEO plugin v27.3 - https:\/\/yoast.com\/product\/yoast-seo-wordpress\/ -->\n<title>Paikallista historiaa puoli vuosisataa - KTL - Karelian Institute<\/title>\n<meta name=\"description\" content=\"Ismo Bj\u00f6rn kirjoittaa Karjalan tutkimuslaitoksen paikallishistorian tutkimuksesta.\" \/>\n<meta name=\"robots\" content=\"index, follow, max-snippet:-1, max-image-preview:large, max-video-preview:-1\" \/>\n<link rel=\"canonical\" href=\"https:\/\/blogs.uef.fi\/ktl\/2020\/12\/09\/paikallista-historiaa-puoli-vuosisataa\/\" \/>\n<meta property=\"og:locale\" content=\"en_US\" \/>\n<meta property=\"og:type\" content=\"article\" \/>\n<meta property=\"og:title\" content=\"Paikallista historiaa puoli vuosisataa - KTL - Karelian Institute\" \/>\n<meta property=\"og:description\" content=\"Ismo Bj\u00f6rn kirjoittaa Karjalan tutkimuslaitoksen paikallishistorian tutkimuksesta.\" \/>\n<meta property=\"og:url\" content=\"https:\/\/blogs.uef.fi\/ktl\/2020\/12\/09\/paikallista-historiaa-puoli-vuosisataa\/\" \/>\n<meta property=\"og:site_name\" content=\"KTL - Karelian Institute\" \/>\n<meta property=\"article:published_time\" content=\"2020-12-09T10:47:58+00:00\" \/>\n<meta property=\"article:modified_time\" content=\"2023-10-18T10:16:53+00:00\" \/>\n<meta property=\"og:image\" content=\"https:\/\/blogs.uef.fi\/ktl\/wp-content\/uploads\/sites\/31\/2020\/12\/ktl-50.jpg\" \/>\n<meta name=\"author\" content=\"Editorial Team\" \/>\n<meta name=\"twitter:card\" content=\"summary_large_image\" \/>\n<meta name=\"twitter:label1\" content=\"Written by\" \/>\n\t<meta name=\"twitter:data1\" content=\"Editorial Team\" \/>\n\t<meta name=\"twitter:label2\" content=\"Est. reading time\" \/>\n\t<meta name=\"twitter:data2\" content=\"4 minutes\" \/>\n<script type=\"application\/ld+json\" class=\"yoast-schema-graph\">{\"@context\":\"https:\\\/\\\/schema.org\",\"@graph\":[{\"@type\":\"Article\",\"@id\":\"https:\\\/\\\/blogs.uef.fi\\\/ktl\\\/2020\\\/12\\\/09\\\/paikallista-historiaa-puoli-vuosisataa\\\/#article\",\"isPartOf\":{\"@id\":\"https:\\\/\\\/blogs.uef.fi\\\/ktl\\\/2020\\\/12\\\/09\\\/paikallista-historiaa-puoli-vuosisataa\\\/\"},\"author\":{\"name\":\"Editorial Team\",\"@id\":\"https:\\\/\\\/blogs.uef.fi\\\/ktl\\\/#\\\/schema\\\/person\\\/d387678eca8acacc511b25489c54c5d4\"},\"headline\":\"Paikallista historiaa puoli vuosisataa\",\"datePublished\":\"2020-12-09T10:47:58+00:00\",\"dateModified\":\"2023-10-18T10:16:53+00:00\",\"mainEntityOfPage\":{\"@id\":\"https:\\\/\\\/blogs.uef.fi\\\/ktl\\\/2020\\\/12\\\/09\\\/paikallista-historiaa-puoli-vuosisataa\\\/\"},\"wordCount\":774,\"image\":{\"@id\":\"https:\\\/\\\/blogs.uef.fi\\\/ktl\\\/2020\\\/12\\\/09\\\/paikallista-historiaa-puoli-vuosisataa\\\/#primaryimage\"},\"thumbnailUrl\":\"https:\\\/\\\/blogs.uef.fi\\\/ktl\\\/wp-content\\\/uploads\\\/sites\\\/31\\\/2020\\\/12\\\/ktl-50.jpg\",\"keywords\":[\"50 vuotta\",\"historian tutkimus\",\"Ismo Bj\u00f6rn\",\"It\u00e4-Suomen yliopisto\",\"Karjalan tutkimuslaitos\",\"Karjalan tutkimuslaitos 50 vuotta\",\"Paikallishistoria\"],\"articleSection\":[\"Ismo Bj\u00f6rn\"],\"inLanguage\":\"en-US\"},{\"@type\":\"WebPage\",\"@id\":\"https:\\\/\\\/blogs.uef.fi\\\/ktl\\\/2020\\\/12\\\/09\\\/paikallista-historiaa-puoli-vuosisataa\\\/\",\"url\":\"https:\\\/\\\/blogs.uef.fi\\\/ktl\\\/2020\\\/12\\\/09\\\/paikallista-historiaa-puoli-vuosisataa\\\/\",\"name\":\"Paikallista historiaa puoli vuosisataa - KTL - Karelian Institute\",\"isPartOf\":{\"@id\":\"https:\\\/\\\/blogs.uef.fi\\\/ktl\\\/#website\"},\"primaryImageOfPage\":{\"@id\":\"https:\\\/\\\/blogs.uef.fi\\\/ktl\\\/2020\\\/12\\\/09\\\/paikallista-historiaa-puoli-vuosisataa\\\/#primaryimage\"},\"image\":{\"@id\":\"https:\\\/\\\/blogs.uef.fi\\\/ktl\\\/2020\\\/12\\\/09\\\/paikallista-historiaa-puoli-vuosisataa\\\/#primaryimage\"},\"thumbnailUrl\":\"https:\\\/\\\/blogs.uef.fi\\\/ktl\\\/wp-content\\\/uploads\\\/sites\\\/31\\\/2020\\\/12\\\/ktl-50.jpg\",\"datePublished\":\"2020-12-09T10:47:58+00:00\",\"dateModified\":\"2023-10-18T10:16:53+00:00\",\"author\":{\"@id\":\"https:\\\/\\\/blogs.uef.fi\\\/ktl\\\/#\\\/schema\\\/person\\\/d387678eca8acacc511b25489c54c5d4\"},\"description\":\"Ismo Bj\u00f6rn kirjoittaa Karjalan tutkimuslaitoksen paikallishistorian tutkimuksesta.\",\"breadcrumb\":{\"@id\":\"https:\\\/\\\/blogs.uef.fi\\\/ktl\\\/2020\\\/12\\\/09\\\/paikallista-historiaa-puoli-vuosisataa\\\/#breadcrumb\"},\"inLanguage\":\"en-US\",\"potentialAction\":[{\"@type\":\"ReadAction\",\"target\":[\"https:\\\/\\\/blogs.uef.fi\\\/ktl\\\/2020\\\/12\\\/09\\\/paikallista-historiaa-puoli-vuosisataa\\\/\"]}]},{\"@type\":\"ImageObject\",\"inLanguage\":\"en-US\",\"@id\":\"https:\\\/\\\/blogs.uef.fi\\\/ktl\\\/2020\\\/12\\\/09\\\/paikallista-historiaa-puoli-vuosisataa\\\/#primaryimage\",\"url\":\"https:\\\/\\\/blogs.uef.fi\\\/ktl\\\/wp-content\\\/uploads\\\/sites\\\/31\\\/2020\\\/12\\\/ktl-50.jpg\",\"contentUrl\":\"https:\\\/\\\/blogs.uef.fi\\\/ktl\\\/wp-content\\\/uploads\\\/sites\\\/31\\\/2020\\\/12\\\/ktl-50.jpg\",\"width\":1080,\"height\":1080,\"caption\":\"luku: 50\"},{\"@type\":\"BreadcrumbList\",\"@id\":\"https:\\\/\\\/blogs.uef.fi\\\/ktl\\\/2020\\\/12\\\/09\\\/paikallista-historiaa-puoli-vuosisataa\\\/#breadcrumb\",\"itemListElement\":[{\"@type\":\"ListItem\",\"position\":1,\"name\":\"Home\",\"item\":\"https:\\\/\\\/blogs.uef.fi\\\/ktl\\\/\"},{\"@type\":\"ListItem\",\"position\":2,\"name\":\"Paikallista historiaa puoli vuosisataa\"}]},{\"@type\":\"WebSite\",\"@id\":\"https:\\\/\\\/blogs.uef.fi\\\/ktl\\\/#website\",\"url\":\"https:\\\/\\\/blogs.uef.fi\\\/ktl\\\/\",\"name\":\"KTL - Karelian Institute\",\"description\":\"Paikallista ja kansainv\u00e4lista tutkimusta vuodesta 1971 \\\/\\\/ Local and international research since 1971\",\"potentialAction\":[{\"@type\":\"SearchAction\",\"target\":{\"@type\":\"EntryPoint\",\"urlTemplate\":\"https:\\\/\\\/blogs.uef.fi\\\/ktl\\\/?s={search_term_string}\"},\"query-input\":{\"@type\":\"PropertyValueSpecification\",\"valueRequired\":true,\"valueName\":\"search_term_string\"}}],\"inLanguage\":\"en-US\"},{\"@type\":\"Person\",\"@id\":\"https:\\\/\\\/blogs.uef.fi\\\/ktl\\\/#\\\/schema\\\/person\\\/d387678eca8acacc511b25489c54c5d4\",\"name\":\"Editorial Team\",\"url\":\"https:\\\/\\\/blogs.uef.fi\\\/ktl\\\/author\\\/alicjaf\\\/\"}]}<\/script>\n<!-- \/ Yoast SEO plugin. -->","yoast_head_json":{"title":"Paikallista historiaa puoli vuosisataa - KTL - Karelian Institute","description":"Ismo Bj\u00f6rn kirjoittaa Karjalan tutkimuslaitoksen paikallishistorian tutkimuksesta.","robots":{"index":"index","follow":"follow","max-snippet":"max-snippet:-1","max-image-preview":"max-image-preview:large","max-video-preview":"max-video-preview:-1"},"canonical":"https:\/\/blogs.uef.fi\/ktl\/2020\/12\/09\/paikallista-historiaa-puoli-vuosisataa\/","og_locale":"en_US","og_type":"article","og_title":"Paikallista historiaa puoli vuosisataa - KTL - Karelian Institute","og_description":"Ismo Bj\u00f6rn kirjoittaa Karjalan tutkimuslaitoksen paikallishistorian tutkimuksesta.","og_url":"https:\/\/blogs.uef.fi\/ktl\/2020\/12\/09\/paikallista-historiaa-puoli-vuosisataa\/","og_site_name":"KTL - Karelian Institute","article_published_time":"2020-12-09T10:47:58+00:00","article_modified_time":"2023-10-18T10:16:53+00:00","og_image":[{"url":"https:\/\/blogs.uef.fi\/ktl\/wp-content\/uploads\/sites\/31\/2020\/12\/ktl-50.jpg","type":"","width":"","height":""}],"author":"Editorial Team","twitter_card":"summary_large_image","twitter_misc":{"Written by":"Editorial Team","Est. reading time":"4 minutes"},"schema":{"@context":"https:\/\/schema.org","@graph":[{"@type":"Article","@id":"https:\/\/blogs.uef.fi\/ktl\/2020\/12\/09\/paikallista-historiaa-puoli-vuosisataa\/#article","isPartOf":{"@id":"https:\/\/blogs.uef.fi\/ktl\/2020\/12\/09\/paikallista-historiaa-puoli-vuosisataa\/"},"author":{"name":"Editorial Team","@id":"https:\/\/blogs.uef.fi\/ktl\/#\/schema\/person\/d387678eca8acacc511b25489c54c5d4"},"headline":"Paikallista historiaa puoli vuosisataa","datePublished":"2020-12-09T10:47:58+00:00","dateModified":"2023-10-18T10:16:53+00:00","mainEntityOfPage":{"@id":"https:\/\/blogs.uef.fi\/ktl\/2020\/12\/09\/paikallista-historiaa-puoli-vuosisataa\/"},"wordCount":774,"image":{"@id":"https:\/\/blogs.uef.fi\/ktl\/2020\/12\/09\/paikallista-historiaa-puoli-vuosisataa\/#primaryimage"},"thumbnailUrl":"https:\/\/blogs.uef.fi\/ktl\/wp-content\/uploads\/sites\/31\/2020\/12\/ktl-50.jpg","keywords":["50 vuotta","historian tutkimus","Ismo Bj\u00f6rn","It\u00e4-Suomen yliopisto","Karjalan tutkimuslaitos","Karjalan tutkimuslaitos 50 vuotta","Paikallishistoria"],"articleSection":["Ismo Bj\u00f6rn"],"inLanguage":"en-US"},{"@type":"WebPage","@id":"https:\/\/blogs.uef.fi\/ktl\/2020\/12\/09\/paikallista-historiaa-puoli-vuosisataa\/","url":"https:\/\/blogs.uef.fi\/ktl\/2020\/12\/09\/paikallista-historiaa-puoli-vuosisataa\/","name":"Paikallista historiaa puoli vuosisataa - KTL - Karelian Institute","isPartOf":{"@id":"https:\/\/blogs.uef.fi\/ktl\/#website"},"primaryImageOfPage":{"@id":"https:\/\/blogs.uef.fi\/ktl\/2020\/12\/09\/paikallista-historiaa-puoli-vuosisataa\/#primaryimage"},"image":{"@id":"https:\/\/blogs.uef.fi\/ktl\/2020\/12\/09\/paikallista-historiaa-puoli-vuosisataa\/#primaryimage"},"thumbnailUrl":"https:\/\/blogs.uef.fi\/ktl\/wp-content\/uploads\/sites\/31\/2020\/12\/ktl-50.jpg","datePublished":"2020-12-09T10:47:58+00:00","dateModified":"2023-10-18T10:16:53+00:00","author":{"@id":"https:\/\/blogs.uef.fi\/ktl\/#\/schema\/person\/d387678eca8acacc511b25489c54c5d4"},"description":"Ismo Bj\u00f6rn kirjoittaa Karjalan tutkimuslaitoksen paikallishistorian tutkimuksesta.","breadcrumb":{"@id":"https:\/\/blogs.uef.fi\/ktl\/2020\/12\/09\/paikallista-historiaa-puoli-vuosisataa\/#breadcrumb"},"inLanguage":"en-US","potentialAction":[{"@type":"ReadAction","target":["https:\/\/blogs.uef.fi\/ktl\/2020\/12\/09\/paikallista-historiaa-puoli-vuosisataa\/"]}]},{"@type":"ImageObject","inLanguage":"en-US","@id":"https:\/\/blogs.uef.fi\/ktl\/2020\/12\/09\/paikallista-historiaa-puoli-vuosisataa\/#primaryimage","url":"https:\/\/blogs.uef.fi\/ktl\/wp-content\/uploads\/sites\/31\/2020\/12\/ktl-50.jpg","contentUrl":"https:\/\/blogs.uef.fi\/ktl\/wp-content\/uploads\/sites\/31\/2020\/12\/ktl-50.jpg","width":1080,"height":1080,"caption":"luku: 50"},{"@type":"BreadcrumbList","@id":"https:\/\/blogs.uef.fi\/ktl\/2020\/12\/09\/paikallista-historiaa-puoli-vuosisataa\/#breadcrumb","itemListElement":[{"@type":"ListItem","position":1,"name":"Home","item":"https:\/\/blogs.uef.fi\/ktl\/"},{"@type":"ListItem","position":2,"name":"Paikallista historiaa puoli vuosisataa"}]},{"@type":"WebSite","@id":"https:\/\/blogs.uef.fi\/ktl\/#website","url":"https:\/\/blogs.uef.fi\/ktl\/","name":"KTL - Karelian Institute","description":"Paikallista ja kansainv\u00e4lista tutkimusta vuodesta 1971 \/\/ Local and international research since 1971","potentialAction":[{"@type":"SearchAction","target":{"@type":"EntryPoint","urlTemplate":"https:\/\/blogs.uef.fi\/ktl\/?s={search_term_string}"},"query-input":{"@type":"PropertyValueSpecification","valueRequired":true,"valueName":"search_term_string"}}],"inLanguage":"en-US"},{"@type":"Person","@id":"https:\/\/blogs.uef.fi\/ktl\/#\/schema\/person\/d387678eca8acacc511b25489c54c5d4","name":"Editorial Team","url":"https:\/\/blogs.uef.fi\/ktl\/author\/alicjaf\/"}]}},"_links":{"self":[{"href":"https:\/\/blogs.uef.fi\/ktl\/wp-json\/wp\/v2\/posts\/578","targetHints":{"allow":["GET"]}}],"collection":[{"href":"https:\/\/blogs.uef.fi\/ktl\/wp-json\/wp\/v2\/posts"}],"about":[{"href":"https:\/\/blogs.uef.fi\/ktl\/wp-json\/wp\/v2\/types\/post"}],"author":[{"embeddable":true,"href":"https:\/\/blogs.uef.fi\/ktl\/wp-json\/wp\/v2\/users\/416"}],"replies":[{"embeddable":true,"href":"https:\/\/blogs.uef.fi\/ktl\/wp-json\/wp\/v2\/comments?post=578"}],"version-history":[{"count":2,"href":"https:\/\/blogs.uef.fi\/ktl\/wp-json\/wp\/v2\/posts\/578\/revisions"}],"predecessor-version":[{"id":2215,"href":"https:\/\/blogs.uef.fi\/ktl\/wp-json\/wp\/v2\/posts\/578\/revisions\/2215"}],"wp:attachment":[{"href":"https:\/\/blogs.uef.fi\/ktl\/wp-json\/wp\/v2\/media?parent=578"}],"wp:term":[{"taxonomy":"category","embeddable":true,"href":"https:\/\/blogs.uef.fi\/ktl\/wp-json\/wp\/v2\/categories?post=578"},{"taxonomy":"post_tag","embeddable":true,"href":"https:\/\/blogs.uef.fi\/ktl\/wp-json\/wp\/v2\/tags?post=578"}],"curies":[{"name":"wp","href":"https:\/\/api.w.org\/{rel}","templated":true}]}}