{"id":502,"date":"2020-11-05T15:33:38","date_gmt":"2020-11-05T13:33:38","guid":{"rendered":"https:\/\/blogs.uef.fi\/ktl\/?p=502"},"modified":"2023-10-18T13:17:28","modified_gmt":"2023-10-18T10:17:28","slug":"mista-vauhtia-valokuituun","status":"publish","type":"post","link":"https:\/\/blogs.uef.fi\/ktl\/2020\/11\/05\/mista-vauhtia-valokuituun\/","title":{"rendered":"Mist\u00e4 vauhtia valokuituun?"},"content":{"rendered":"\n<p>Onnen maa -elokuvassa kulkukauppias julisti plastiikin muuttavan maaseudun arjen. Nyttemmin sen on arveltu mullistuvan internetin ansiosta. Avainsana on digitalisaatio. Sen my\u00f6t\u00e4 monet fyysiset tuotteet muuttuvat digitaalisiksi, mik\u00e4 alentaa k\u00e4ytt\u00f6-, jakelu- ja kuljetuskustannuksia. Sanomalehti on eturivin esimerkki. Paperilehden painaminen ja kuljettaminen on ty\u00f6l\u00e4st\u00e4. Sen sijaan verkkolehti singahtaa lukijalle silm\u00e4nr\u00e4p\u00e4yksess\u00e4.<\/p>\n\n\n\n<p>Kuulostaa hyv\u00e4lt\u00e4, mutta tosiel\u00e4m\u00e4 on toisenlaista. Varsinkin maaseudulla tietoliikenneverkot ovat puutteellisia ja my\u00f6s ihmisten digikykyjen ja -halujen v\u00e4h\u00e4isyys hidastaa tietoverkkojen hy\u00f6dynt\u00e4mist\u00e4. N\u00e4it\u00e4 ongelmia pohdittiin maaseudun valokuituinvestoinnit -selvityksess\u00e4, joka julkaistiin kev\u00e4\u00e4ll\u00e4 2020.<\/p>\n\n\n\n<p>Selvityksen mukaan maaseudun valokuiturakentaminen etenee hitaasti, hajautuneena ja julkisen tuen varassa. Syyn\u00e4 on investointien heikko liiketaloudellinen kannattavuus. Kilometri valokuitua maksaa kaivuut\u00f6ineen kymppitonnin. Jos kilometrin matkalla on viisi taloa, kustannusten kattaminen edellytt\u00e4\u00e4 parin tonnin liittymismaksua. Kahden talon tapauksessa hinta nousee useisiin tuhansiin. Melko kallista, joten teleyritysten mielenkiinto on kohdistunut langattomiin verkkoihin.<\/p>\n\n\n\n<p>Valokuitu on kuitenkin etev\u00e4 tiedonsiirtotekniikka, ja sill\u00e4 on symboliarvoa tietoyhteiskuntakehityksen ja -politiikan tason osoittajana. Vuodesta 2010 l\u00e4htien harvaan asuttujen alueiden valokuiturakentamista on tuettu valtion varoin ja sittemmin my\u00f6s EU:n maaseuturahastosta. Tukiehdot ovat vaihdelleet, mutta periaatteena on ollut kustannusten kattaminen kolmesta l\u00e4hteest\u00e4: valtion ja EU:n tukena, kuntien rahoituksena ja k\u00e4ytt\u00e4jien omavastuuna.<\/p>\n\n\n\n<p>Vuosina 2010\u201320 Suomessa toteutettiin julkisen tuen avulla noin 200 valokuituhanketta. Niiden tuloksena kuitua vedettiin yli 25&nbsp;000 kilometri\u00e4 ja liittymi\u00e4 myytiin liki 40&nbsp;000. Hankealueilla asuvien n\u00e4k\u00f6kulmasta tuen vaikutuksia ei voi v\u00e4h\u00e4tell\u00e4: valtio, EU ja kunta ovat maksaneet leijonanosan ja parhaimmillaan vain kolmannes kustannuksista on kohdistunut k\u00e4ytt\u00e4jien kukkaroon.<\/p>\n\n\n\n<p>Valtion ja EU:n tuki valokuituun on edellytt\u00e4nyt kuntien osallistumista. Pohjois-Karjalassakin kuntien suhtautuminen on vaihdellut. Useimmat ovat ottaneet varovaisen linjan. Mobiiliverkkojen arvellaan riitt\u00e4v\u00e4n ja markkinavetoisen rakentamisen toivotaan elpyv\u00e4n tiedonsiirtotarpeiden lis\u00e4\u00e4ntyess\u00e4. Kamreeri tukee varovaisutta esimerkkeineen. Ongelmatapauksissa useat valokuituhankkeiden riskit ovat realisoituneet: kustannusarviot ovat ylittyneet, liittymien kauppa on k\u00e4ynyt vaisusti ja valokuituyhti\u00f6iden taloudenpito on ajautunut umpikujaan.<\/p>\n\n\n\n<p>Nykyvauhdilla ja -tukipolitiikalla tavoite kattavasta ja alueellisesti tasapuolisesta valokuituverkosta saavutetaan kuluvan vuosisadan loppuun menness\u00e4. Nopeampi aikataulu edellytt\u00e4\u00e4 tukien moninkertaistamista tai kysynt\u00e4painetta. Mist\u00e4 l\u00f6ytyy viisastenkivi viimeksi mainittuun?<\/p>\n\n\n\n<p>Kirjoitus on julkaistu <a href=\"https:\/\/www.karjalainen.fi\/\">Sanomalehti Karjalaisen<\/a> Vetoa ja pitoa -kolumnisarjassa 5.11.2020.<\/p>\n\n\n\n<div class=\"person-card\">\n        <h2>Kirjoittajat<\/h2>\n    \n                    <a href=\"https:\/\/uefconnect.uef.fi\/henkilo\/timo.hirvonen\/\" class=\"person-card-link hover-scale-down\">\n                            <div class=\"person-card-item\">\n                    <div class=\"person-card-column-left\">\n                                                    <img decoding=\"async\" class=\"person-card-image\" src=\"https:\/\/blogs.uef.fi\/ktl\/wp-content\/uploads\/sites\/31\/2021\/10\/ktl-logo-engl-vertical-rgb-1.png\" alt=\"KTL logo\" \/>\n                                            <\/div>\n\n                    <div class=\"person-card-column-right\">\n                                                <p class=\"person-card-name\">Timo Hirvonen<\/p>\n                        \n                                                <p class=\"person-card-position\">tutkija<\/p>\n                        \n                                                <p class=\"person-card-organisation\">Alue- ja kuntatutkimuskeskus Spatia Alue- ja kuntatutkimuskeskus Spatia<\/p>\n                        \n                        \n                                                    <div>\n\t\t\t\t\t\t\t<svg xmlns=\"http:\/\/www.w3.org\/2000\/svg\" height=\"25px\" viewBox=\"0 -960 960 960\" width=\"24px\" ><path fill=\"currentColor\" d=\"M200-120q-33 0-56.5-23.5T120-200v-560q0-33 23.5-56.5T200-840h280v80H200v560h560v-280h80v280q0 33-23.5 56.5T760-120H200Zm188-212-56-56 372-372H560v-80h280v280h-80v-144L388-332Z\"\/><\/svg>\t\t\t\t\t\t\t<\/div>\n                                            <\/div>\n                <\/div>\n                            <\/a>\n                            <\/div>\n\n\n\n<div class=\"person-card\">\n    \n                    <a href=\"https:\/\/uefconnect.uef.fi\/henkilo\/arja.kurvinen\/\" class=\"person-card-link hover-scale-down\">\n                            <div class=\"person-card-item\">\n                    <div class=\"person-card-column-left\">\n                                                    <img decoding=\"async\" class=\"person-card-image\" src=\"https:\/\/blogs.uef.fi\/ktl\/wp-content\/uploads\/sites\/31\/2021\/10\/ktl-logo-engl-vertical-rgb-1.png\" alt=\"KTL logo\" \/>\n                                            <\/div>\n\n                    <div class=\"person-card-column-right\">\n                                                <p class=\"person-card-name\">Arja Kurvinen<\/p>\n                        \n                                                <p class=\"person-card-position\">erikoistutkija<\/p>\n                        \n                                                <p class=\"person-card-organisation\">Alue- ja kuntatutkimuskeskus Spatia<\/p>\n                        \n                        \n                                                    <div>\n\t\t\t\t\t\t\t<svg xmlns=\"http:\/\/www.w3.org\/2000\/svg\" height=\"25px\" viewBox=\"0 -960 960 960\" width=\"24px\" ><path fill=\"currentColor\" d=\"M200-120q-33 0-56.5-23.5T120-200v-560q0-33 23.5-56.5T200-840h280v80H200v560h560v-280h80v280q0 33-23.5 56.5T760-120H200Zm188-212-56-56 372-372H560v-80h280v280h-80v-144L388-332Z\"\/><\/svg>\t\t\t\t\t\t\t<\/div>\n                                            <\/div>\n                <\/div>\n                            <\/a>\n                            <\/div>\n","protected":false},"excerpt":{"rendered":"<p>Onnen maa -elokuvassa kulkukauppias julisti plastiikin muuttavan maaseudun arjen. Nyttemmin sen on arveltu mullistuvan internetin ansiosta. Avainsana on digitalisaatio. Sen my\u00f6t\u00e4 monet fyysiset tuotteet muuttuvat digitaalisiksi, mik\u00e4 alentaa k\u00e4ytt\u00f6-, jakelu- ja kuljetuskustannuksia. Sanomalehti on eturivin esimerkki. Paperilehden painaminen ja kuljettaminen on ty\u00f6l\u00e4st\u00e4. Sen sijaan verkkolehti singahtaa lukijalle silm\u00e4nr\u00e4p\u00e4yksess\u00e4. Kuulostaa hyv\u00e4lt\u00e4, mutta tosiel\u00e4m\u00e4 on toisenlaista. Varsinkin [&hellip;]<\/p>\n","protected":false},"author":119,"featured_media":0,"comment_status":"closed","ping_status":"closed","sticky":false,"template":"","format":"standard","meta":{"_acf_changed":false,"footnotes":""},"categories":[178,175],"tags":[187,184,181],"class_list":["post-502","post","type-post","status-publish","format-standard","hentry","category-arja-kurvinen","category-timo-hirvonen","tag-digitalisaatio","tag-maaseutu","tag-valokuitu"],"acf":[],"yoast_head":"<!-- This site is optimized with the Yoast SEO plugin v27.3 - https:\/\/yoast.com\/product\/yoast-seo-wordpress\/ -->\n<title>Mist\u00e4 vauhtia valokuituun? - KTL - Karelian Institute<\/title>\n<meta name=\"description\" content=\"Nykyvauhdilla ja -tukipolitiikalla tavoite kattavasta ja alueellisesti tasapuolisesta valokuituverkosta saavutetaan kuluvan vuosisadan loppuun menness\u00e4. Nopeampi aikataulu edellytt\u00e4\u00e4 tukien moninkertaistamista tai kysynt\u00e4painetta.\" \/>\n<meta name=\"robots\" content=\"index, follow, max-snippet:-1, max-image-preview:large, max-video-preview:-1\" \/>\n<link rel=\"canonical\" href=\"https:\/\/blogs.uef.fi\/ktl\/2020\/11\/05\/mista-vauhtia-valokuituun\/\" \/>\n<meta property=\"og:locale\" content=\"en_US\" \/>\n<meta property=\"og:type\" content=\"article\" \/>\n<meta property=\"og:title\" content=\"Mist\u00e4 vauhtia valokuituun? - KTL - Karelian Institute\" \/>\n<meta property=\"og:description\" content=\"Nykyvauhdilla ja -tukipolitiikalla tavoite kattavasta ja alueellisesti tasapuolisesta valokuituverkosta saavutetaan kuluvan vuosisadan loppuun menness\u00e4. Nopeampi aikataulu edellytt\u00e4\u00e4 tukien moninkertaistamista tai kysynt\u00e4painetta.\" \/>\n<meta property=\"og:url\" content=\"https:\/\/blogs.uef.fi\/ktl\/2020\/11\/05\/mista-vauhtia-valokuituun\/\" \/>\n<meta property=\"og:site_name\" content=\"KTL - Karelian Institute\" \/>\n<meta property=\"article:published_time\" content=\"2020-11-05T13:33:38+00:00\" \/>\n<meta property=\"article:modified_time\" content=\"2023-10-18T10:17:28+00:00\" \/>\n<meta name=\"author\" content=\"piippon\" \/>\n<meta name=\"twitter:card\" content=\"summary_large_image\" \/>\n<meta name=\"twitter:label1\" content=\"Written by\" \/>\n\t<meta name=\"twitter:data1\" content=\"piippon\" \/>\n\t<meta name=\"twitter:label2\" content=\"Est. reading time\" \/>\n\t<meta name=\"twitter:data2\" content=\"2 minutes\" \/>\n<script type=\"application\/ld+json\" class=\"yoast-schema-graph\">{\"@context\":\"https:\\\/\\\/schema.org\",\"@graph\":[{\"@type\":\"Article\",\"@id\":\"https:\\\/\\\/blogs.uef.fi\\\/ktl\\\/2020\\\/11\\\/05\\\/mista-vauhtia-valokuituun\\\/#article\",\"isPartOf\":{\"@id\":\"https:\\\/\\\/blogs.uef.fi\\\/ktl\\\/2020\\\/11\\\/05\\\/mista-vauhtia-valokuituun\\\/\"},\"author\":{\"name\":\"piippon\",\"@id\":\"https:\\\/\\\/blogs.uef.fi\\\/ktl\\\/#\\\/schema\\\/person\\\/7f365cb0446f2ed9d47cd91e53931e3f\"},\"headline\":\"Mist\u00e4 vauhtia valokuituun?\",\"datePublished\":\"2020-11-05T13:33:38+00:00\",\"dateModified\":\"2023-10-18T10:17:28+00:00\",\"mainEntityOfPage\":{\"@id\":\"https:\\\/\\\/blogs.uef.fi\\\/ktl\\\/2020\\\/11\\\/05\\\/mista-vauhtia-valokuituun\\\/\"},\"wordCount\":353,\"keywords\":[\"digitalisaatio\",\"maaseutu\",\"valokuitu\"],\"articleSection\":[\"Arja Kurvinen\",\"Timo Hirvonen\"],\"inLanguage\":\"en-US\"},{\"@type\":\"WebPage\",\"@id\":\"https:\\\/\\\/blogs.uef.fi\\\/ktl\\\/2020\\\/11\\\/05\\\/mista-vauhtia-valokuituun\\\/\",\"url\":\"https:\\\/\\\/blogs.uef.fi\\\/ktl\\\/2020\\\/11\\\/05\\\/mista-vauhtia-valokuituun\\\/\",\"name\":\"Mist\u00e4 vauhtia valokuituun? - KTL - Karelian Institute\",\"isPartOf\":{\"@id\":\"https:\\\/\\\/blogs.uef.fi\\\/ktl\\\/#website\"},\"datePublished\":\"2020-11-05T13:33:38+00:00\",\"dateModified\":\"2023-10-18T10:17:28+00:00\",\"author\":{\"@id\":\"https:\\\/\\\/blogs.uef.fi\\\/ktl\\\/#\\\/schema\\\/person\\\/7f365cb0446f2ed9d47cd91e53931e3f\"},\"description\":\"Nykyvauhdilla ja -tukipolitiikalla tavoite kattavasta ja alueellisesti tasapuolisesta valokuituverkosta saavutetaan kuluvan vuosisadan loppuun menness\u00e4. Nopeampi aikataulu edellytt\u00e4\u00e4 tukien moninkertaistamista tai kysynt\u00e4painetta.\",\"breadcrumb\":{\"@id\":\"https:\\\/\\\/blogs.uef.fi\\\/ktl\\\/2020\\\/11\\\/05\\\/mista-vauhtia-valokuituun\\\/#breadcrumb\"},\"inLanguage\":\"en-US\",\"potentialAction\":[{\"@type\":\"ReadAction\",\"target\":[\"https:\\\/\\\/blogs.uef.fi\\\/ktl\\\/2020\\\/11\\\/05\\\/mista-vauhtia-valokuituun\\\/\"]}]},{\"@type\":\"BreadcrumbList\",\"@id\":\"https:\\\/\\\/blogs.uef.fi\\\/ktl\\\/2020\\\/11\\\/05\\\/mista-vauhtia-valokuituun\\\/#breadcrumb\",\"itemListElement\":[{\"@type\":\"ListItem\",\"position\":1,\"name\":\"Home\",\"item\":\"https:\\\/\\\/blogs.uef.fi\\\/ktl\\\/\"},{\"@type\":\"ListItem\",\"position\":2,\"name\":\"Mist\u00e4 vauhtia valokuituun?\"}]},{\"@type\":\"WebSite\",\"@id\":\"https:\\\/\\\/blogs.uef.fi\\\/ktl\\\/#website\",\"url\":\"https:\\\/\\\/blogs.uef.fi\\\/ktl\\\/\",\"name\":\"KTL - Karelian Institute\",\"description\":\"Paikallista ja kansainv\u00e4lista tutkimusta vuodesta 1971 \\\/\\\/ Local and international research since 1971\",\"potentialAction\":[{\"@type\":\"SearchAction\",\"target\":{\"@type\":\"EntryPoint\",\"urlTemplate\":\"https:\\\/\\\/blogs.uef.fi\\\/ktl\\\/?s={search_term_string}\"},\"query-input\":{\"@type\":\"PropertyValueSpecification\",\"valueRequired\":true,\"valueName\":\"search_term_string\"}}],\"inLanguage\":\"en-US\"},{\"@type\":\"Person\",\"@id\":\"https:\\\/\\\/blogs.uef.fi\\\/ktl\\\/#\\\/schema\\\/person\\\/7f365cb0446f2ed9d47cd91e53931e3f\",\"name\":\"piippon\",\"url\":\"https:\\\/\\\/blogs.uef.fi\\\/ktl\\\/author\\\/piippon\\\/\"}]}<\/script>\n<!-- \/ Yoast SEO plugin. -->","yoast_head_json":{"title":"Mist\u00e4 vauhtia valokuituun? - KTL - Karelian Institute","description":"Nykyvauhdilla ja -tukipolitiikalla tavoite kattavasta ja alueellisesti tasapuolisesta valokuituverkosta saavutetaan kuluvan vuosisadan loppuun menness\u00e4. Nopeampi aikataulu edellytt\u00e4\u00e4 tukien moninkertaistamista tai kysynt\u00e4painetta.","robots":{"index":"index","follow":"follow","max-snippet":"max-snippet:-1","max-image-preview":"max-image-preview:large","max-video-preview":"max-video-preview:-1"},"canonical":"https:\/\/blogs.uef.fi\/ktl\/2020\/11\/05\/mista-vauhtia-valokuituun\/","og_locale":"en_US","og_type":"article","og_title":"Mist\u00e4 vauhtia valokuituun? - KTL - Karelian Institute","og_description":"Nykyvauhdilla ja -tukipolitiikalla tavoite kattavasta ja alueellisesti tasapuolisesta valokuituverkosta saavutetaan kuluvan vuosisadan loppuun menness\u00e4. Nopeampi aikataulu edellytt\u00e4\u00e4 tukien moninkertaistamista tai kysynt\u00e4painetta.","og_url":"https:\/\/blogs.uef.fi\/ktl\/2020\/11\/05\/mista-vauhtia-valokuituun\/","og_site_name":"KTL - Karelian Institute","article_published_time":"2020-11-05T13:33:38+00:00","article_modified_time":"2023-10-18T10:17:28+00:00","author":"piippon","twitter_card":"summary_large_image","twitter_misc":{"Written by":"piippon","Est. reading time":"2 minutes"},"schema":{"@context":"https:\/\/schema.org","@graph":[{"@type":"Article","@id":"https:\/\/blogs.uef.fi\/ktl\/2020\/11\/05\/mista-vauhtia-valokuituun\/#article","isPartOf":{"@id":"https:\/\/blogs.uef.fi\/ktl\/2020\/11\/05\/mista-vauhtia-valokuituun\/"},"author":{"name":"piippon","@id":"https:\/\/blogs.uef.fi\/ktl\/#\/schema\/person\/7f365cb0446f2ed9d47cd91e53931e3f"},"headline":"Mist\u00e4 vauhtia valokuituun?","datePublished":"2020-11-05T13:33:38+00:00","dateModified":"2023-10-18T10:17:28+00:00","mainEntityOfPage":{"@id":"https:\/\/blogs.uef.fi\/ktl\/2020\/11\/05\/mista-vauhtia-valokuituun\/"},"wordCount":353,"keywords":["digitalisaatio","maaseutu","valokuitu"],"articleSection":["Arja Kurvinen","Timo Hirvonen"],"inLanguage":"en-US"},{"@type":"WebPage","@id":"https:\/\/blogs.uef.fi\/ktl\/2020\/11\/05\/mista-vauhtia-valokuituun\/","url":"https:\/\/blogs.uef.fi\/ktl\/2020\/11\/05\/mista-vauhtia-valokuituun\/","name":"Mist\u00e4 vauhtia valokuituun? - KTL - Karelian Institute","isPartOf":{"@id":"https:\/\/blogs.uef.fi\/ktl\/#website"},"datePublished":"2020-11-05T13:33:38+00:00","dateModified":"2023-10-18T10:17:28+00:00","author":{"@id":"https:\/\/blogs.uef.fi\/ktl\/#\/schema\/person\/7f365cb0446f2ed9d47cd91e53931e3f"},"description":"Nykyvauhdilla ja -tukipolitiikalla tavoite kattavasta ja alueellisesti tasapuolisesta valokuituverkosta saavutetaan kuluvan vuosisadan loppuun menness\u00e4. Nopeampi aikataulu edellytt\u00e4\u00e4 tukien moninkertaistamista tai kysynt\u00e4painetta.","breadcrumb":{"@id":"https:\/\/blogs.uef.fi\/ktl\/2020\/11\/05\/mista-vauhtia-valokuituun\/#breadcrumb"},"inLanguage":"en-US","potentialAction":[{"@type":"ReadAction","target":["https:\/\/blogs.uef.fi\/ktl\/2020\/11\/05\/mista-vauhtia-valokuituun\/"]}]},{"@type":"BreadcrumbList","@id":"https:\/\/blogs.uef.fi\/ktl\/2020\/11\/05\/mista-vauhtia-valokuituun\/#breadcrumb","itemListElement":[{"@type":"ListItem","position":1,"name":"Home","item":"https:\/\/blogs.uef.fi\/ktl\/"},{"@type":"ListItem","position":2,"name":"Mist\u00e4 vauhtia valokuituun?"}]},{"@type":"WebSite","@id":"https:\/\/blogs.uef.fi\/ktl\/#website","url":"https:\/\/blogs.uef.fi\/ktl\/","name":"KTL - Karelian Institute","description":"Paikallista ja kansainv\u00e4lista tutkimusta vuodesta 1971 \/\/ Local and international research since 1971","potentialAction":[{"@type":"SearchAction","target":{"@type":"EntryPoint","urlTemplate":"https:\/\/blogs.uef.fi\/ktl\/?s={search_term_string}"},"query-input":{"@type":"PropertyValueSpecification","valueRequired":true,"valueName":"search_term_string"}}],"inLanguage":"en-US"},{"@type":"Person","@id":"https:\/\/blogs.uef.fi\/ktl\/#\/schema\/person\/7f365cb0446f2ed9d47cd91e53931e3f","name":"piippon","url":"https:\/\/blogs.uef.fi\/ktl\/author\/piippon\/"}]}},"_links":{"self":[{"href":"https:\/\/blogs.uef.fi\/ktl\/wp-json\/wp\/v2\/posts\/502","targetHints":{"allow":["GET"]}}],"collection":[{"href":"https:\/\/blogs.uef.fi\/ktl\/wp-json\/wp\/v2\/posts"}],"about":[{"href":"https:\/\/blogs.uef.fi\/ktl\/wp-json\/wp\/v2\/types\/post"}],"author":[{"embeddable":true,"href":"https:\/\/blogs.uef.fi\/ktl\/wp-json\/wp\/v2\/users\/119"}],"replies":[{"embeddable":true,"href":"https:\/\/blogs.uef.fi\/ktl\/wp-json\/wp\/v2\/comments?post=502"}],"version-history":[{"count":2,"href":"https:\/\/blogs.uef.fi\/ktl\/wp-json\/wp\/v2\/posts\/502\/revisions"}],"predecessor-version":[{"id":2227,"href":"https:\/\/blogs.uef.fi\/ktl\/wp-json\/wp\/v2\/posts\/502\/revisions\/2227"}],"wp:attachment":[{"href":"https:\/\/blogs.uef.fi\/ktl\/wp-json\/wp\/v2\/media?parent=502"}],"wp:term":[{"taxonomy":"category","embeddable":true,"href":"https:\/\/blogs.uef.fi\/ktl\/wp-json\/wp\/v2\/categories?post=502"},{"taxonomy":"post_tag","embeddable":true,"href":"https:\/\/blogs.uef.fi\/ktl\/wp-json\/wp\/v2\/tags?post=502"}],"curies":[{"name":"wp","href":"https:\/\/api.w.org\/{rel}","templated":true}]}}