{"id":494,"date":"2020-11-05T10:17:07","date_gmt":"2020-11-05T08:17:07","guid":{"rendered":"https:\/\/blogs.uef.fi\/ktl\/?p=494"},"modified":"2023-10-18T13:17:43","modified_gmt":"2023-10-18T10:17:43","slug":"pietarin-kautta-venajan-rajoille","status":"publish","type":"post","link":"https:\/\/blogs.uef.fi\/ktl\/2020\/11\/05\/pietarin-kautta-venajan-rajoille\/","title":{"rendered":"Pietarin kautta Ven\u00e4j\u00e4n rajoille"},"content":{"rendered":"\n<p>Joensuun yliopisto oli Karjalan tutkimuslaitoksen johdolla mukana Suomen eri yliopistojen kamppaillessa Ven\u00e4j\u00e4n ja It\u00e4-Europan tutkimuksen johtoasemasta. Yliopistojen v\u00e4linen ty\u00f6njako hahmottui aluksi maantieteellisesti siten, ett\u00e4 Lapin ylipisto keskittyi Barentsin alueeseen, Helsingin yliopisto It\u00e4meren ymp\u00e4rist\u00f6\u00f6n ja Joensuun yliopisto Karjalan tasavaltaan. N\u00e4it\u00e4 kirjaamattomia reviirirajoja ryhdyttiin ylitt\u00e4m\u00e4\u00e4n 1990-luvun puoliv\u00e4liss\u00e4. Kysymys oli pitk\u00e4lti ven\u00e4l\u00e4isist\u00e4 yhteisty\u00f6kumppaneista. Erityinen kiinnostus koski Pietarin laitoksia, joilla oli huomattavasti enemm\u00e4n resursseja kuin joensuulaisille vanhastaan tutuilla, mutta v\u00e4h\u00e4varaisilla Petroskoin yhteisty\u00f6tahoilla. Kun Karjalan tutkimuslaitos otti Pietarin mukaan tutkittavaksi alueeksi, astui Joensuun yliopisto Helsingin yliopiston varpaille. Teko oli tietoinen, mutta Pietarin kautta uskottiin laitoksen saavan Ven\u00e4j\u00e4-tutkimukselle ulkopuolista, kansainv\u00e4list\u00e4 rahaa ja uusia yhteisty\u00f6suhteita my\u00f6s kolmansien maiden kanssa. Tutkittava alue laajeni samaan aikaan my\u00f6s Barentsin alueelle, sill\u00e4 Suomen Euroopan unionille tekem\u00e4 aloite Pohjoisen ulottuvuuden politiikasta avaisi ehken ja mahdollisesti toisia rahoituskanavia tutkimukselle. N\u00e4in yliopisto ulotti tutkimuksensa my\u00f6s Lapin yliopiston tontille.<\/p>\n\n\n\n<figure class=\"wp-block-image size-full\"><img loading=\"lazy\" decoding=\"async\" width=\"1920\" height=\"2560\" src=\"https:\/\/blogs.uef.fi\/ktl\/wp-content\/uploads\/sites\/31\/2023\/10\/pexels-petra-nesti-9195915-scaled.jpg\" alt=\"\" class=\"wp-image-1797\" srcset=\"https:\/\/blogs.uef.fi\/ktl\/wp-content\/uploads\/sites\/31\/2023\/10\/pexels-petra-nesti-9195915-scaled.jpg 1920w, https:\/\/blogs.uef.fi\/ktl\/wp-content\/uploads\/sites\/31\/2023\/10\/pexels-petra-nesti-9195915-768x1024.jpg 768w, https:\/\/blogs.uef.fi\/ktl\/wp-content\/uploads\/sites\/31\/2023\/10\/pexels-petra-nesti-9195915-1152x1536.jpg 1152w, https:\/\/blogs.uef.fi\/ktl\/wp-content\/uploads\/sites\/31\/2023\/10\/pexels-petra-nesti-9195915-1536x2048.jpg 1536w\" sizes=\"auto, (max-width: 1920px) 100vw, 1920px\" \/><figcaption class=\"wp-element-caption\"><em>Karjalan tutkimuslaitoksen painopistealaksi valittua rajoja ja raja-alueita koskevan tutkimusta kehitettiin Rajatutkimusverkosto-projektin nimiss\u00e4.<\/em><\/figcaption><\/figure>\n\n\n\n<p>Karjalan tutkimuslaitos ja koko Joensuun yliopisto k\u00e4rsiv\u00e4t tappion, kun opetusministeri\u00f6 antoi Helsingin yliopistolle valtakunnallisen roolin Ven\u00e4j\u00e4n ja It\u00e4-Euroopan tutkimuksen koordinointiin. T\u00e4t\u00e4 varten perustettiin erityinen Aleksanteri-instituutti. Se suuntautui alkuun vahvasti elinkeinoel\u00e4m\u00e4\u00e4 palveleviin hankkeisiin, sill\u00e4 niihin oli mahdollista saada EU-rahoitusta. Aleksanteri-instituutti muutti hieman luonnettaan, kun se sai rahoituksen Ven\u00e4j\u00e4n ja It\u00e4-Euroopan tutkijakoulun k\u00e4ynnist\u00e4miseen. Helsinki muodosti n\u00e4in Joensuulle haasteen, johon oli vastattava. Karjalan tutkimuslaitoksella, eik\u00e4 Joensuun yliopistolla ollut halua toimia Helsingin yliopiston Aleksanteri-instituutin alaisena. Laitoksella kuulunut tuohtumus vaihtui uuteen toimintatarmoon. Tutkimusta ryhdyttiin suuntaamaan Ven\u00e4j\u00e4n sijaan rajaan ja raja-alueisiin.<\/p>\n\n\n\n<p>Joensuussa Ven\u00e4j\u00e4-tutkimusta oli tehty Karjalan tutkimuslaitoksen ohella tiedekunnissa ja t\u00e4ydennyskoulutuksessa, jossa toimiva It\u00e4innova tarjosi it\u00e4osaamiseen keskittyv\u00e4\u00e4 ammatillista ja kaupallista koulutusta ja tarjosi palveluja raja-alueyhteisty\u00f6t\u00e4 koskeville kongresseille. Karjalan tutkimuslaitos j\u00e4rjesti yhdess\u00e4 It\u00e4innovan kanssa kansainv\u00e4lisen symposiumin, jonka teemana oli Euroopan unionin rajalla. Symposium oli omalta osaltaan kiinnitt\u00e4m\u00e4ss\u00e4 tutkimusta Euroopan unioniin. Ven\u00e4j\u00e4\u00e4 l\u00e4hestyttiin erilaisten EU-ohjelmien rajaseutuyhteisty\u00f6n ja eurooppalaisen kansalaisyhteiskunta-n\u00e4kemyksen kautta. Kansalaisyhteiskunnan synty\u00e4 selvitt\u00e4vill\u00e4 tutkimuksilla oli kysynt\u00e4\u00e4. Kansa ja valta. Jatkuvuus ja muutos Ven\u00e4j\u00e4ll\u00e4 1900-luvulla sai rahoitusta Suomen Akatemialta 1997 ja seuraavana vuonna Ilkka Liikasen Civic Culture and Nationality in North-West Russia and Estonia sai Akatemian rahoituksen. Kansalaisyhteiskuntatutkimus laajensi yhteyksi\u00e4 Baltiaan, Englantiin ja Skandinaviaan.<\/p>\n\n\n\n<p>Kun Joensuun yliopiston yleisen tason profiloitumisessa 1990-luvun lopulla nousivat esiin Euroopan raja- ja reuna-alueiden yhteiskunta- ja kulttuurikehitys, niin juuri n\u00e4ill\u00e4 aloilla tutkimuslaitos saattoi osoittaa tuloksellisuuttaan. Ensisijaiset alueelliset kohteet eli it\u00e4inen Suomi, Karjala ja Pietari vaikutusalueineen m\u00e4\u00e4riteltiin rajaseuduksi, jotka olivat id\u00e4n ja l\u00e4nnen rajalla, kuten perinteisesti oli totuttu tulkitsemaan, mutta nyt, uutena painotuksena: Pohjois-Euroopassa.<\/p>\n\n\n\n<p>Suomi asemoi itse\u00e4\u00e4n l\u00e4nteen ja Karjalan tutkimuslaitoksen johto ymm\u00e4rsi l\u00e4ntisten kumppaneiden tuovan tutkimukselle rahaa. Se n\u00e4kyi tutkimuksen suuntauksissa ja toki my\u00f6s tulkinnoissa. Yhteiskuntatieteellinen osasto haki kumppanuuksia \u201dl\u00e4nnest\u00e4\u201d eli Britanniasta ja Yhdysvalloista. Teemana oli post-kommunismi, joka englanninkielisess\u00e4 puheessa k\u00e4\u00e4ntyi sittemmin muotoon \u201dpost-sovjet\u201d. Rajatutkimukseen liittyi kirja Curtains of Iron and Gold. Reconstructing Borders and Scalaes of Interaction\u201d. (Ashgate Publishing 1999.) Yhteiskuntatieteellinen osasto j\u00e4rjesti yhdess\u00e4 Tampereen Rauhan ja konfliktintutkimuskeskuksen kanssa sek\u00e4 San Diegon yliopiston kanssa kansainv\u00e4lisen konferenssin Border Regions on Transition Joensuussa ja Sortavalassa. Rahoittajina olivat Suomen Akatemia ja Norjan ulkopoliittinen Instituutti.<\/p>\n\n\n\n<p>Karjalan tutkimuslaitoksen painopistealaksi valittua rajoja ja raja-alueita koskevan tutkimusta kehitettiin Rajatutkimusverkosto-projektin nimiss\u00e4. Toukokuussa 1998 aloitetun verkoston tavoite oli vahvistaa Joensuun yliopiston asemaa raja-alueita koskevan tutkimuksen piiriss\u00e4. Hankkeen ohjausryhm\u00e4\u00e4n kuului puheenjohtajan, yliopiston uuden rehtorin Perttu Vartiaisen ohella Tarja Cronberg. Hankkeen johtajana toimi Heikki Eskelinen ja suunnittelijana Pirjo Jukarainen. Rajatutkimusverkostoa rahoittivat Euroopan unionin Interreg-ohjelma ja opetusministeri\u00f6. Raja- ja l\u00e4hialuekeskusta valmisteltiin yhdess\u00e4 Pohjois-Karjalan liiton, Joensuun Tiedepuiston ja muiden sidosryhmien kanssa.<\/p>\n\n\n\n<div class=\"person-card\">\n        <h2>Kirjoittaja<\/h2>\n    \n                    <a href=\"https:\/\/uefconnect.uef.fi\/henkilo\/ismo.bjorn\/\" class=\"person-card-link hover-scale-down\">\n                            <div class=\"person-card-item\">\n                    <div class=\"person-card-column-left\">\n                                                    <img decoding=\"async\" class=\"person-card-image\" src=\"https:\/\/blogs.uef.fi\/ktl\/wp-content\/uploads\/sites\/31\/2020\/04\/Ismo-Bjorn-autokuva-160420-uusi-e1587026333964.jpg\" alt=\"Ismo\" \/>\n                                            <\/div>\n\n                    <div class=\"person-card-column-right\">\n                                                <p class=\"person-card-name\">Ismo Bj\u00f6rn<\/p>\n                        \n                                                <p class=\"person-card-position\">erikoistutkija<\/p>\n                        \n                                                <p class=\"person-card-organisation\">Karjalan tutkimuslaitos<\/p>\n                        \n                        \n                                                    <div>\n\t\t\t\t\t\t\t<svg xmlns=\"http:\/\/www.w3.org\/2000\/svg\" height=\"25px\" viewBox=\"0 -960 960 960\" width=\"24px\" ><path fill=\"currentColor\" d=\"M200-120q-33 0-56.5-23.5T120-200v-560q0-33 23.5-56.5T200-840h280v80H200v560h560v-280h80v280q0 33-23.5 56.5T760-120H200Zm188-212-56-56 372-372H560v-80h280v280h-80v-144L388-332Z\"\/><\/svg>\t\t\t\t\t\t\t<\/div>\n                                            <\/div>\n                <\/div>\n                            <\/a>\n                            <\/div>\n","protected":false},"excerpt":{"rendered":"<p>Joensuun yliopisto oli Karjalan tutkimuslaitoksen johdolla mukana Suomen eri yliopistojen kamppaillessa Ven\u00e4j\u00e4n ja It\u00e4-Europan tutkimuksen johtoasemasta. Yliopistojen v\u00e4linen ty\u00f6njako hahmottui aluksi maantieteellisesti siten, ett\u00e4 Lapin ylipisto keskittyi Barentsin alueeseen, Helsingin yliopisto It\u00e4meren ymp\u00e4rist\u00f6\u00f6n ja Joensuun yliopisto Karjalan tasavaltaan. N\u00e4it\u00e4 kirjaamattomia reviirirajoja ryhdyttiin ylitt\u00e4m\u00e4\u00e4n 1990-luvun puoliv\u00e4liss\u00e4. Kysymys oli pitk\u00e4lti ven\u00e4l\u00e4isist\u00e4 yhteisty\u00f6kumppaneista. Erityinen kiinnostus koski Pietarin laitoksia, [&hellip;]<\/p>\n","protected":false},"author":119,"featured_media":0,"comment_status":"closed","ping_status":"closed","sticky":false,"template":"","format":"standard","meta":{"_acf_changed":false,"footnotes":""},"categories":[17],"tags":[170,173],"class_list":["post-494","post","type-post","status-publish","format-standard","hentry","category-ismo-bjorn","tag-karjalan-tutkimuslaitos-50-vuotta","tag-venaja-ja-rajatutkimus"],"acf":[],"yoast_head":"<!-- This site is optimized with the Yoast SEO plugin v27.3 - https:\/\/yoast.com\/product\/yoast-seo-wordpress\/ -->\n<title>Pietarin kautta Ven\u00e4j\u00e4n rajoille - KTL - Karelian Institute<\/title>\n<meta name=\"description\" content=\"KTL painopistealaksi valittua rajoja ja raja-alueita koskevan tutkimusta kehitettiin Rajatutkimusverkosto-projektin nimiss\u00e4. Toukokuussa 1998 aloitetun verkoston tavoite oli vahvistaa Joensuun yliopiston asemaa raja-alueita koskevan tutkimuksen piiriss\u00e4.\" \/>\n<meta name=\"robots\" content=\"index, follow, max-snippet:-1, max-image-preview:large, max-video-preview:-1\" \/>\n<link rel=\"canonical\" href=\"https:\/\/blogs.uef.fi\/ktl\/2020\/11\/05\/pietarin-kautta-venajan-rajoille\/\" \/>\n<meta property=\"og:locale\" content=\"en_US\" \/>\n<meta property=\"og:type\" content=\"article\" \/>\n<meta property=\"og:title\" content=\"Pietarin kautta Ven\u00e4j\u00e4n rajoille - KTL - Karelian Institute\" \/>\n<meta property=\"og:description\" content=\"KTL painopistealaksi valittua rajoja ja raja-alueita koskevan tutkimusta kehitettiin Rajatutkimusverkosto-projektin nimiss\u00e4. Toukokuussa 1998 aloitetun verkoston tavoite oli vahvistaa Joensuun yliopiston asemaa raja-alueita koskevan tutkimuksen piiriss\u00e4.\" \/>\n<meta property=\"og:url\" content=\"https:\/\/blogs.uef.fi\/ktl\/2020\/11\/05\/pietarin-kautta-venajan-rajoille\/\" \/>\n<meta property=\"og:site_name\" content=\"KTL - Karelian Institute\" \/>\n<meta property=\"article:published_time\" content=\"2020-11-05T08:17:07+00:00\" \/>\n<meta property=\"article:modified_time\" content=\"2023-10-18T10:17:43+00:00\" \/>\n<meta property=\"og:image\" content=\"https:\/\/blogs.uef.fi\/ktl\/wp-content\/uploads\/sites\/31\/2023\/10\/pexels-petra-nesti-9195915-scaled.jpg\" \/>\n<meta name=\"author\" content=\"piippon\" \/>\n<meta name=\"twitter:card\" content=\"summary_large_image\" \/>\n<meta name=\"twitter:label1\" content=\"Written by\" \/>\n\t<meta name=\"twitter:data1\" content=\"piippon\" \/>\n\t<meta name=\"twitter:label2\" content=\"Est. reading time\" \/>\n\t<meta name=\"twitter:data2\" content=\"3 minutes\" \/>\n<script type=\"application\/ld+json\" class=\"yoast-schema-graph\">{\"@context\":\"https:\\\/\\\/schema.org\",\"@graph\":[{\"@type\":\"Article\",\"@id\":\"https:\\\/\\\/blogs.uef.fi\\\/ktl\\\/2020\\\/11\\\/05\\\/pietarin-kautta-venajan-rajoille\\\/#article\",\"isPartOf\":{\"@id\":\"https:\\\/\\\/blogs.uef.fi\\\/ktl\\\/2020\\\/11\\\/05\\\/pietarin-kautta-venajan-rajoille\\\/\"},\"author\":{\"name\":\"piippon\",\"@id\":\"https:\\\/\\\/blogs.uef.fi\\\/ktl\\\/#\\\/schema\\\/person\\\/7f365cb0446f2ed9d47cd91e53931e3f\"},\"headline\":\"Pietarin kautta Ven\u00e4j\u00e4n rajoille\",\"datePublished\":\"2020-11-05T08:17:07+00:00\",\"dateModified\":\"2023-10-18T10:17:43+00:00\",\"mainEntityOfPage\":{\"@id\":\"https:\\\/\\\/blogs.uef.fi\\\/ktl\\\/2020\\\/11\\\/05\\\/pietarin-kautta-venajan-rajoille\\\/\"},\"wordCount\":621,\"image\":{\"@id\":\"https:\\\/\\\/blogs.uef.fi\\\/ktl\\\/2020\\\/11\\\/05\\\/pietarin-kautta-venajan-rajoille\\\/#primaryimage\"},\"thumbnailUrl\":\"https:\\\/\\\/blogs.uef.fi\\\/ktl\\\/wp-content\\\/uploads\\\/sites\\\/31\\\/2023\\\/10\\\/pexels-petra-nesti-9195915-scaled.jpg\",\"keywords\":[\"Karjalan tutkimuslaitos 50 vuotta\",\"Ven\u00e4j\u00e4- ja rajatutkimus\"],\"articleSection\":[\"Ismo Bj\u00f6rn\"],\"inLanguage\":\"en-US\"},{\"@type\":\"WebPage\",\"@id\":\"https:\\\/\\\/blogs.uef.fi\\\/ktl\\\/2020\\\/11\\\/05\\\/pietarin-kautta-venajan-rajoille\\\/\",\"url\":\"https:\\\/\\\/blogs.uef.fi\\\/ktl\\\/2020\\\/11\\\/05\\\/pietarin-kautta-venajan-rajoille\\\/\",\"name\":\"Pietarin kautta Ven\u00e4j\u00e4n rajoille - KTL - Karelian Institute\",\"isPartOf\":{\"@id\":\"https:\\\/\\\/blogs.uef.fi\\\/ktl\\\/#website\"},\"primaryImageOfPage\":{\"@id\":\"https:\\\/\\\/blogs.uef.fi\\\/ktl\\\/2020\\\/11\\\/05\\\/pietarin-kautta-venajan-rajoille\\\/#primaryimage\"},\"image\":{\"@id\":\"https:\\\/\\\/blogs.uef.fi\\\/ktl\\\/2020\\\/11\\\/05\\\/pietarin-kautta-venajan-rajoille\\\/#primaryimage\"},\"thumbnailUrl\":\"https:\\\/\\\/blogs.uef.fi\\\/ktl\\\/wp-content\\\/uploads\\\/sites\\\/31\\\/2023\\\/10\\\/pexels-petra-nesti-9195915-scaled.jpg\",\"datePublished\":\"2020-11-05T08:17:07+00:00\",\"dateModified\":\"2023-10-18T10:17:43+00:00\",\"author\":{\"@id\":\"https:\\\/\\\/blogs.uef.fi\\\/ktl\\\/#\\\/schema\\\/person\\\/7f365cb0446f2ed9d47cd91e53931e3f\"},\"description\":\"KTL painopistealaksi valittua rajoja ja raja-alueita koskevan tutkimusta kehitettiin Rajatutkimusverkosto-projektin nimiss\u00e4. Toukokuussa 1998 aloitetun verkoston tavoite oli vahvistaa Joensuun yliopiston asemaa raja-alueita koskevan tutkimuksen piiriss\u00e4.\",\"breadcrumb\":{\"@id\":\"https:\\\/\\\/blogs.uef.fi\\\/ktl\\\/2020\\\/11\\\/05\\\/pietarin-kautta-venajan-rajoille\\\/#breadcrumb\"},\"inLanguage\":\"en-US\",\"potentialAction\":[{\"@type\":\"ReadAction\",\"target\":[\"https:\\\/\\\/blogs.uef.fi\\\/ktl\\\/2020\\\/11\\\/05\\\/pietarin-kautta-venajan-rajoille\\\/\"]}]},{\"@type\":\"ImageObject\",\"inLanguage\":\"en-US\",\"@id\":\"https:\\\/\\\/blogs.uef.fi\\\/ktl\\\/2020\\\/11\\\/05\\\/pietarin-kautta-venajan-rajoille\\\/#primaryimage\",\"url\":\"https:\\\/\\\/blogs.uef.fi\\\/ktl\\\/wp-content\\\/uploads\\\/sites\\\/31\\\/2023\\\/10\\\/pexels-petra-nesti-9195915-scaled.jpg\",\"contentUrl\":\"https:\\\/\\\/blogs.uef.fi\\\/ktl\\\/wp-content\\\/uploads\\\/sites\\\/31\\\/2023\\\/10\\\/pexels-petra-nesti-9195915-scaled.jpg\",\"width\":1920,\"height\":2560},{\"@type\":\"BreadcrumbList\",\"@id\":\"https:\\\/\\\/blogs.uef.fi\\\/ktl\\\/2020\\\/11\\\/05\\\/pietarin-kautta-venajan-rajoille\\\/#breadcrumb\",\"itemListElement\":[{\"@type\":\"ListItem\",\"position\":1,\"name\":\"Home\",\"item\":\"https:\\\/\\\/blogs.uef.fi\\\/ktl\\\/\"},{\"@type\":\"ListItem\",\"position\":2,\"name\":\"Pietarin kautta Ven\u00e4j\u00e4n rajoille\"}]},{\"@type\":\"WebSite\",\"@id\":\"https:\\\/\\\/blogs.uef.fi\\\/ktl\\\/#website\",\"url\":\"https:\\\/\\\/blogs.uef.fi\\\/ktl\\\/\",\"name\":\"KTL - Karelian Institute\",\"description\":\"Paikallista ja kansainv\u00e4lista tutkimusta vuodesta 1971 \\\/\\\/ Local and international research since 1971\",\"potentialAction\":[{\"@type\":\"SearchAction\",\"target\":{\"@type\":\"EntryPoint\",\"urlTemplate\":\"https:\\\/\\\/blogs.uef.fi\\\/ktl\\\/?s={search_term_string}\"},\"query-input\":{\"@type\":\"PropertyValueSpecification\",\"valueRequired\":true,\"valueName\":\"search_term_string\"}}],\"inLanguage\":\"en-US\"},{\"@type\":\"Person\",\"@id\":\"https:\\\/\\\/blogs.uef.fi\\\/ktl\\\/#\\\/schema\\\/person\\\/7f365cb0446f2ed9d47cd91e53931e3f\",\"name\":\"piippon\",\"url\":\"https:\\\/\\\/blogs.uef.fi\\\/ktl\\\/author\\\/piippon\\\/\"}]}<\/script>\n<!-- \/ Yoast SEO plugin. -->","yoast_head_json":{"title":"Pietarin kautta Ven\u00e4j\u00e4n rajoille - KTL - Karelian Institute","description":"KTL painopistealaksi valittua rajoja ja raja-alueita koskevan tutkimusta kehitettiin Rajatutkimusverkosto-projektin nimiss\u00e4. Toukokuussa 1998 aloitetun verkoston tavoite oli vahvistaa Joensuun yliopiston asemaa raja-alueita koskevan tutkimuksen piiriss\u00e4.","robots":{"index":"index","follow":"follow","max-snippet":"max-snippet:-1","max-image-preview":"max-image-preview:large","max-video-preview":"max-video-preview:-1"},"canonical":"https:\/\/blogs.uef.fi\/ktl\/2020\/11\/05\/pietarin-kautta-venajan-rajoille\/","og_locale":"en_US","og_type":"article","og_title":"Pietarin kautta Ven\u00e4j\u00e4n rajoille - KTL - Karelian Institute","og_description":"KTL painopistealaksi valittua rajoja ja raja-alueita koskevan tutkimusta kehitettiin Rajatutkimusverkosto-projektin nimiss\u00e4. Toukokuussa 1998 aloitetun verkoston tavoite oli vahvistaa Joensuun yliopiston asemaa raja-alueita koskevan tutkimuksen piiriss\u00e4.","og_url":"https:\/\/blogs.uef.fi\/ktl\/2020\/11\/05\/pietarin-kautta-venajan-rajoille\/","og_site_name":"KTL - Karelian Institute","article_published_time":"2020-11-05T08:17:07+00:00","article_modified_time":"2023-10-18T10:17:43+00:00","og_image":[{"url":"https:\/\/blogs.uef.fi\/ktl\/wp-content\/uploads\/sites\/31\/2023\/10\/pexels-petra-nesti-9195915-scaled.jpg","type":"","width":"","height":""}],"author":"piippon","twitter_card":"summary_large_image","twitter_misc":{"Written by":"piippon","Est. reading time":"3 minutes"},"schema":{"@context":"https:\/\/schema.org","@graph":[{"@type":"Article","@id":"https:\/\/blogs.uef.fi\/ktl\/2020\/11\/05\/pietarin-kautta-venajan-rajoille\/#article","isPartOf":{"@id":"https:\/\/blogs.uef.fi\/ktl\/2020\/11\/05\/pietarin-kautta-venajan-rajoille\/"},"author":{"name":"piippon","@id":"https:\/\/blogs.uef.fi\/ktl\/#\/schema\/person\/7f365cb0446f2ed9d47cd91e53931e3f"},"headline":"Pietarin kautta Ven\u00e4j\u00e4n rajoille","datePublished":"2020-11-05T08:17:07+00:00","dateModified":"2023-10-18T10:17:43+00:00","mainEntityOfPage":{"@id":"https:\/\/blogs.uef.fi\/ktl\/2020\/11\/05\/pietarin-kautta-venajan-rajoille\/"},"wordCount":621,"image":{"@id":"https:\/\/blogs.uef.fi\/ktl\/2020\/11\/05\/pietarin-kautta-venajan-rajoille\/#primaryimage"},"thumbnailUrl":"https:\/\/blogs.uef.fi\/ktl\/wp-content\/uploads\/sites\/31\/2023\/10\/pexels-petra-nesti-9195915-scaled.jpg","keywords":["Karjalan tutkimuslaitos 50 vuotta","Ven\u00e4j\u00e4- ja rajatutkimus"],"articleSection":["Ismo Bj\u00f6rn"],"inLanguage":"en-US"},{"@type":"WebPage","@id":"https:\/\/blogs.uef.fi\/ktl\/2020\/11\/05\/pietarin-kautta-venajan-rajoille\/","url":"https:\/\/blogs.uef.fi\/ktl\/2020\/11\/05\/pietarin-kautta-venajan-rajoille\/","name":"Pietarin kautta Ven\u00e4j\u00e4n rajoille - KTL - Karelian Institute","isPartOf":{"@id":"https:\/\/blogs.uef.fi\/ktl\/#website"},"primaryImageOfPage":{"@id":"https:\/\/blogs.uef.fi\/ktl\/2020\/11\/05\/pietarin-kautta-venajan-rajoille\/#primaryimage"},"image":{"@id":"https:\/\/blogs.uef.fi\/ktl\/2020\/11\/05\/pietarin-kautta-venajan-rajoille\/#primaryimage"},"thumbnailUrl":"https:\/\/blogs.uef.fi\/ktl\/wp-content\/uploads\/sites\/31\/2023\/10\/pexels-petra-nesti-9195915-scaled.jpg","datePublished":"2020-11-05T08:17:07+00:00","dateModified":"2023-10-18T10:17:43+00:00","author":{"@id":"https:\/\/blogs.uef.fi\/ktl\/#\/schema\/person\/7f365cb0446f2ed9d47cd91e53931e3f"},"description":"KTL painopistealaksi valittua rajoja ja raja-alueita koskevan tutkimusta kehitettiin Rajatutkimusverkosto-projektin nimiss\u00e4. Toukokuussa 1998 aloitetun verkoston tavoite oli vahvistaa Joensuun yliopiston asemaa raja-alueita koskevan tutkimuksen piiriss\u00e4.","breadcrumb":{"@id":"https:\/\/blogs.uef.fi\/ktl\/2020\/11\/05\/pietarin-kautta-venajan-rajoille\/#breadcrumb"},"inLanguage":"en-US","potentialAction":[{"@type":"ReadAction","target":["https:\/\/blogs.uef.fi\/ktl\/2020\/11\/05\/pietarin-kautta-venajan-rajoille\/"]}]},{"@type":"ImageObject","inLanguage":"en-US","@id":"https:\/\/blogs.uef.fi\/ktl\/2020\/11\/05\/pietarin-kautta-venajan-rajoille\/#primaryimage","url":"https:\/\/blogs.uef.fi\/ktl\/wp-content\/uploads\/sites\/31\/2023\/10\/pexels-petra-nesti-9195915-scaled.jpg","contentUrl":"https:\/\/blogs.uef.fi\/ktl\/wp-content\/uploads\/sites\/31\/2023\/10\/pexels-petra-nesti-9195915-scaled.jpg","width":1920,"height":2560},{"@type":"BreadcrumbList","@id":"https:\/\/blogs.uef.fi\/ktl\/2020\/11\/05\/pietarin-kautta-venajan-rajoille\/#breadcrumb","itemListElement":[{"@type":"ListItem","position":1,"name":"Home","item":"https:\/\/blogs.uef.fi\/ktl\/"},{"@type":"ListItem","position":2,"name":"Pietarin kautta Ven\u00e4j\u00e4n rajoille"}]},{"@type":"WebSite","@id":"https:\/\/blogs.uef.fi\/ktl\/#website","url":"https:\/\/blogs.uef.fi\/ktl\/","name":"KTL - Karelian Institute","description":"Paikallista ja kansainv\u00e4lista tutkimusta vuodesta 1971 \/\/ Local and international research since 1971","potentialAction":[{"@type":"SearchAction","target":{"@type":"EntryPoint","urlTemplate":"https:\/\/blogs.uef.fi\/ktl\/?s={search_term_string}"},"query-input":{"@type":"PropertyValueSpecification","valueRequired":true,"valueName":"search_term_string"}}],"inLanguage":"en-US"},{"@type":"Person","@id":"https:\/\/blogs.uef.fi\/ktl\/#\/schema\/person\/7f365cb0446f2ed9d47cd91e53931e3f","name":"piippon","url":"https:\/\/blogs.uef.fi\/ktl\/author\/piippon\/"}]}},"_links":{"self":[{"href":"https:\/\/blogs.uef.fi\/ktl\/wp-json\/wp\/v2\/posts\/494","targetHints":{"allow":["GET"]}}],"collection":[{"href":"https:\/\/blogs.uef.fi\/ktl\/wp-json\/wp\/v2\/posts"}],"about":[{"href":"https:\/\/blogs.uef.fi\/ktl\/wp-json\/wp\/v2\/types\/post"}],"author":[{"embeddable":true,"href":"https:\/\/blogs.uef.fi\/ktl\/wp-json\/wp\/v2\/users\/119"}],"replies":[{"embeddable":true,"href":"https:\/\/blogs.uef.fi\/ktl\/wp-json\/wp\/v2\/comments?post=494"}],"version-history":[{"count":2,"href":"https:\/\/blogs.uef.fi\/ktl\/wp-json\/wp\/v2\/posts\/494\/revisions"}],"predecessor-version":[{"id":2233,"href":"https:\/\/blogs.uef.fi\/ktl\/wp-json\/wp\/v2\/posts\/494\/revisions\/2233"}],"wp:attachment":[{"href":"https:\/\/blogs.uef.fi\/ktl\/wp-json\/wp\/v2\/media?parent=494"}],"wp:term":[{"taxonomy":"category","embeddable":true,"href":"https:\/\/blogs.uef.fi\/ktl\/wp-json\/wp\/v2\/categories?post=494"},{"taxonomy":"post_tag","embeddable":true,"href":"https:\/\/blogs.uef.fi\/ktl\/wp-json\/wp\/v2\/tags?post=494"}],"curies":[{"name":"wp","href":"https:\/\/api.w.org\/{rel}","templated":true}]}}