{"id":141,"date":"2020-02-28T15:36:47","date_gmt":"2020-02-28T13:36:47","guid":{"rendered":"https:\/\/blogs.uef.fi\/ktl\/?p=141"},"modified":"2023-10-18T12:37:45","modified_gmt":"2023-10-18T09:37:45","slug":"ismo-bjorn-40-vuotta-yliopistolla","status":"publish","type":"post","link":"https:\/\/blogs.uef.fi\/ktl\/2020\/02\/28\/ismo-bjorn-40-vuotta-yliopistolla\/","title":{"rendered":"Ismo Bj\u00f6rn 40 vuotta yliopistolla"},"content":{"rendered":"\n<figure class=\"wp-block-image size-full\"><img loading=\"lazy\" decoding=\"async\" width=\"400\" height=\"300\" src=\"https:\/\/blogs.uef.fi\/ktl\/wp-content\/uploads\/sites\/31\/2020\/02\/Ismon-semmakuva-e1582896770843.jpg\" alt=\"Ismo lierihatussa\" class=\"wp-image-159\" \/><figcaption class=\"wp-element-caption\"><em>Ismo Bj\u00f6rnin kuva<\/em><\/figcaption><\/figure>\n\n\n\n<p><strong>Pirjo P\u00f6ll\u00e4nen<\/strong>: <strong>Miten tuo 40 vuotta yliopistolla jakaantuu, kauanko olet ollut t\u00f6iss\u00e4, ja miten kauan opiskellut?<\/strong><\/p>\n\n\n\n<p><strong><a href=\"https:\/\/uefconnect.uef.fi\/henkilo\/ismo.bjorn\/\">Ismo Bj\u00f6rn<\/a>:<\/strong> Minulla meni seitsem\u00e4n vuotta valmistumiseen. Olisin valmistunut nelj\u00e4ss\u00e4 vuodessa, mutta sitten tajusin, miten kivaa opiskelu oli, ja yksi vuosi meni ihan vanhan p\u00e4\u00e4talon kuppilassa istumiseen Jari Ehrnroothin, \u201dPappi\u201d Ratilaisen, joka on nyt jo edesmennyt, Risto Patrikaisen, Elina Pajulan ja Vesukka Puurosen ynn\u00e4 muiden mielenkiintoisten kanssa. Siin\u00e4 innostuksessa otin sitten my\u00f6s sosiologian opinnot ohjelmaani. Minulla on sellainen laaja tutkinto, joka pit\u00e4\u00e4 sis\u00e4ll\u00e4\u00e4n kulttuuriantropologiaa, yhteiskuntapolitiikkaa, kirjallisuutta, etnologiaa, jota suoritin Jyv\u00e4skyl\u00e4n yliopistoon ja tiedotusopin appro Tampereen yliopiston vaatimusten mukaisesti. Sitten oli Suomen historia p\u00e4\u00e4aineena, ja yleisest\u00e4 historiasta tein sivulavin.<\/p>\n\n\n\n<p>Virkamiesharjoitteluun menin sitten l\u00e4\u00e4ninhallitukseen, ja siihen aikaanhan siell\u00e4 olisi saanut heti t\u00f6it\u00e4 esimerkiksi alkoholitarkastajana, mutta tiesin, ett\u00e4 virkamiesura ei minua olisi innostanut. Menin stipendiaatiksi Afrikka Instituuttiin, Upsalaan. Siihen aikaan kaikki Afrikan tutkijat k\u00e4viv\u00e4t siell\u00e4. Ei minusta Afrikan tutkijaa tullut kuitenkaan (haastattelijan huomautus: liek\u00f6 noilta ajoilta per\u00e4isin Ismon poikkeuksellisen hyv\u00e4 ruotsin kielen taito). Ensimm\u00e4inen artikkeli tuli gradusta ja opiskeluaikoina mukaan tuli muutenkin vahva kirjoittamisen kulttuuri. Alkoi sanomalehtikirjoittelu, ylioppilaskunnan hallituksessa olin mukana, ja toimintaan kuuluivat n\u00e4m\u00e4 niin sanotut erilaiset vaihtoehto-\/pienlehdet, joihin opiskelukavereiden kanssa kirjoiteltiin. Sellaisia olivat mm. Aino, Pakanan huuto ja F\u00b4emakko.<\/p>\n\n\n\n<p>Ty\u00f6nteko puolestaan alkoi siten, ett\u00e4 ensin olin Helsingin yliopiston palkkalistoilla, Helsingin yliopiston Kansanrunouden laitoksella asutustoimintatutkimusta tekem\u00e4ss\u00e4 tutkimusavustajana. Olisivat odottaneet, ett\u00e4 olisin alkanut tehd\u00e4 jatkotutkintoani sinne, mutta se ei kiinnostanut tarpeeksi. Niin\u00e4 aikoina alkoi my\u00f6s valjeta ristiriita yliopistoissa sen suhteen, ett\u00e4 k\u00e4yt\u00e4nt\u00f6 ja puheet ovat eri asioita. Jotkut professorit teettiv\u00e4t paljon t\u00f6it\u00e4 ilman, ett\u00e4 niist\u00e4 olisi maksettu palkkaa, esim. seminaarien j\u00e4rjest\u00e4misi\u00e4 odotettiin ilman korvausta. Tai esimerkiksi ensimm\u00e4inen ulkomaanmatka Siperiaan, vanhauskoisten seminaariin, niin ei kerrottu, ett\u00e4 matkaa varten tulee itse hommata rahoitus. Sitten t\u00e4m\u00e4n asutustoimintatutkimuksen kautta tutustuin maaseutututkimusta tekeviin (Jukka) Oksaan, (Pertti) Rannikkoon, Keijo Kantaseen, (Seppo) Knuuttilaan ja Eero Vataseen.<\/p>\n\n\n\n<p>Varsinainen ensimm\u00e4inen oma ty\u00f6 oli Suur-Ilomantsin historia, tuolloin 1980-luvun lopulla tulin t\u00f6ihin tutkimuslaitokselle. Tuossa ty\u00f6ss\u00e4 oli mukana saloheimolainen ajattelu, jossa kirjoitetaan maakuntahistoriaa ja eri kuntien historioita alueidentiteetin luomiseksi. Seppo Sivonen minut houkutteli mukaan tuohon hankkeeseen. Vaikka olin nuori, niin kuntien johtajillekin olin sitten sopiva henkil\u00f6 tuota tutkimusta tekem\u00e4\u00e4n, koska minulla oli kokemusta haastattelujen tekemisest\u00e4. Tuohon aikaan minua kiinnosti ortodoksinen kirkko vanhauskoisuuden ja my\u00f6s kirkkojen v\u00e4lisen rinnakkaiselon kautta. Silloin puhuttiin paljon mikrohistoriasta. Ajatuksena oli, ett\u00e4 alkuper\u00e4isaineisto kertoo jotakin tutkimuskohteesta, ja toisaalta on sitten yhteiskunnallinen rakenne, siis lains\u00e4\u00e4d\u00e4nt\u00f6 ja yhteiskunnallinen tilanne, miss\u00e4 arkistoista esiin kaivetut asiat tapahtuvat. Yhteiskunnallinen tilanne ja l\u00e4hteiden kautta esiin tuleva sitten yhdess\u00e4 muodostavat sen k\u00e4sityksen, mit\u00e4 el\u00e4m\u00e4 on ollut. T\u00e4m\u00e4 oli yritys katsoa paikallisl\u00e4hteiden kautta historiaa, ja siit\u00e4 tuli minun, hieman pieleen mennyt lisuri.<\/p>\n\n\n\n<p>Sitten Pertti Rannikko pyysi minua mukaan El\u00e4misen taika taigalla hankkeeseen, koska arveli, ett\u00e4 voisin tehd\u00e4 my\u00f6s muuta kuin perinteist\u00e4 historian tutkimusta. Tutkimusryhm\u00e4ss\u00e4 toimiminen oli minulle ensimm\u00e4inen kerta ja uutta, ja se tuli nimenomaan t\u00e4m\u00e4n Rannikon ryhm\u00e4n kautta. T\u00e4ss\u00e4 ryhm\u00e4ss\u00e4 oli mukana nohevia tutkijoita, mm. arvostettu kollega Ilkka Eisto, jonka ajattelu teki suuren vaikutuksen. Sitten toisaalla oli ensin opettajana ja sitten laitoksella kollegana Kaija Heikkinen, joka ajatteli asioista jotenkin toisin, ja h\u00e4n sai minutkin katsomaan maailmaa eri tavoin, h\u00e4n antoi jo kulttuurinantropologian kursseilla erilaisia, toisinaan kummallisilta tuntuneita kirjoja luettavaksi. Kaija oli mukana hyvin erilaisissa yhteiskunnallisissa keskusteluissa, joista kaikista en edes ymm\u00e4rt\u00e4nyt, mist\u00e4 niiss\u00e4 lopulta oli kyse. My\u00f6hemmin olen n\u00e4ihin keskusteluihin t\u00f6rm\u00e4nnyt ja tajunnut niiden merkityksen, ja voin sanoa, ett\u00e4 olen oppinut teoreettiset klassikotkin ei-sosiologisessa kontekstissa ja viitekehyksess\u00e4 vaan Kaijan esittelem\u00e4n kulttuurisen viitekehyksen kautta.<\/p>\n\n\n\n<p><strong>Oletko ollut yliopistolla muualla t\u00f6iss\u00e4 kuin KTL:ll\u00e4?<\/strong><\/p>\n\n\n\n<p>En ymm\u00e4rt\u00e4\u00e4kseni ole kyll\u00e4 ollut, tai eka ty\u00f6huone mulla oli kemian laitoksen alakerrassa, jossa 1984\/85 joulun aikaan litteroin haastatteluja.<\/p>\n\n\n\n<p><strong>Mik\u00e4 nykymuotoisessa yliopistossa on parempaa kuin 40 vuoden takaisessa yliopistossa?<\/strong><\/p>\n\n\n\n<p>Jaa-a. No, omasta n\u00e4k\u00f6kulmastani ymm\u00e4rr\u00e4n yliopistoa nyky\u00e4\u00e4n paremmin, sen miten yliopisto toimii. Yliopiston raadollisuus, ja tavoitteet n\u00e4kyv\u00e4t selvemmin. El\u00e4mme aikaa, jossa s\u00e4\u00e4tyjen palautus on tapahtumassa yliopistoon, ja sen kyll\u00e4 tyhmempikin n\u00e4kee. T\u00e4ss\u00e4 ajassa eri ty\u00f6ntekij\u00e4ryhmien v\u00e4liset erot selkiytyv\u00e4t ja vahvistuvat, ja t\u00e4m\u00e4n kehityksen kyll\u00e4 pystyy selv\u00e4sti n\u00e4kem\u00e4\u00e4n.<\/p>\n\n\n\n<p><strong>Mit\u00e4 kaipaat, niilt\u00e4 ajoilta, kun KTL sijaitsi fyysisesti Pielisjoen linnassa?<\/strong><\/p>\n\n\n\n<p>Eritt\u00e4in vahvaa me-henke\u00e4, yhteishenke\u00e4. Rauhaa. Me-henki oli sellaista, jossa siivoojatkin olivat osa yhteis\u00f6\u00e4, tosin ovathan viel\u00e4 nyky\u00e4\u00e4nkin. Kokemus siit\u00e4, ett\u00e4 linnasta k\u00e4sin ei tarvinnut ottaa osaa yliopiston k\u00e4yt\u00e4v\u00e4politiikkaan. Oltiin vahva ryhm\u00e4, jossa oli sellainen pakkomonitieteisyys. Rauha tehd\u00e4 tutkimusta. Ja muuten, kun el\u00e4t osana kaupunkia, tori, liikenne ja kaikki, olet keskell\u00e4 kaikkea, keskell\u00e4 maailmaa, joka on erilainen kuin t\u00e4ss\u00e4 kampuksella.<\/p>\n\n\n\n<p>Sielt\u00e4 en sitten kaipaa ep\u00e4varmuutta (haastattelijan huomautus: tuolloin Ismo ty\u00f6skenteli p\u00e4tk\u00e4t\u00f6iss\u00e4). Se jatkuva huoli rahoituksesta, kalvava tunne rahan loppumisesta. Tuolloin alkoi my\u00f6s se puhe ja kamppailu overheadien saamisesta yliopistolle, esim. kunnilta tulevasta rahasta, esim. kuntahistoriat, ja yliopistot halusivat oman osuutensa yleiskustannusosuuksina. Se ep\u00e4varmuus siit\u00e4, onko itse v\u00e4\u00e4r\u00e4ll\u00e4 tiell\u00e4, vai onko osa yliopistoa, tai miten. Kysymykset siit\u00e4, ett\u00e4 jos toimi yliopiston ulkopuolisella rahalla, niin kuka maksaa puhelut jne.<\/p>\n\n\n\n<p><strong>Mik\u00e4 on suomalaisen historian tutkimuksen tila t\u00e4ll\u00e4 hetkell\u00e4?<\/strong><\/p>\n\n\n\n<p>Vaikea vastata suoraan. Ei ole olemassa yht\u00e4 yhten\u00e4ist\u00e4 historian tutkimusta, on hajaannus, useita eri malleja ja kehityskulkuja. Osan historian tutkimuksen roolitus on mennyt vahvojen yksitt\u00e4isten henkil\u00f6iden br\u00e4nd\u00e4ykseksi, jonka alla sitten itseasiassa useat henkil\u00f6t tekev\u00e4t tutkimusta. On valtakunnan historioitsijoita ja vaihtoehtohistoriankirjoittajia. Kaupallinen historian tutkimus on yksi suunta. Tilaushistorioiden mekanismeja s\u00e4\u00e4telev\u00e4t markkinat ja yritt\u00e4jyys, tekij\u00f6it\u00e4 on pakotettu yritt\u00e4jyyteen. Se on er\u00e4\u00e4nlaista pakkoyritt\u00e4jyytt\u00e4, jotta voisi ottaa tilaust\u00f6it\u00e4 vastaan, niin laskutuksen on tapahduttava yritysten kautta. Akateemisella puolella taas puhdas historian tutkimus ei en\u00e4\u00e4 niink\u00e4\u00e4n toimi, vaan historian tutkimus l\u00e4hestyy muita tieteit\u00e4. Nyky\u00e4\u00e4n historiallinen jatkumo ja aika perspektiivi on mukana muussa tutkimuksessa. Toisaalta minua h\u00e4iritsee v\u00e4h\u00e4n se, ett\u00e4 kuten tuolla historian tutkimuksen p\u00e4ivill\u00e4kin n\u00e4kee, niin joillakin historian tutkijoilla puuttuu yhteiskunnallinen n\u00e4kemys.<\/p>\n\n\n\n<p><strong>Jos et olisi historian tutkija, mutta olisit kuitenkin tutkija, niin mink\u00e4 alan tutkija olisit?<\/strong><\/p>\n\n\n\n<p>Hassu kysymys. Opiskeluaikojen mukaan etnologi. Tutkisin yhteiskuntaa etnologin silmin, yhteis\u00f6tutkimuksen n\u00e4k\u00f6kulmasta, ei siis yhteiskuntapolitiikkaa, vaan yhteiskuntaa kulttuurin kautta. Teoretisointi ei kiinnostaisi. No maantiede voisi olla my\u00f6s.<\/p>\n\n\n\n<p><strong>Miten ty\u00f6kaverit ovat muuttuneet viimeisten vuosikymmenten my\u00f6t\u00e4?<\/strong><\/p>\n\n\n\n<p>Eiv\u00e4t ole muuttuneet mitenk\u00e4\u00e4n. Ihan t\u00e4sm\u00e4lleen samaa porukkaa on ollut aina. Samanlaisia tyyppej\u00e4, samanlaisia hahmoja. On iloisia huipputyyppej\u00e4, on pyrkyreit\u00e4, jotka m\u00e4\u00e4r\u00e4tietoisesti hakeutuvat virka-asemiin. Samanlaisia hahmoja on ollut aina ja on edelleen.<\/p>\n\n\n\n<p><strong>Jos saisit nostaa esiin yhden keskeisen henkil\u00f6n, joka ei en\u00e4\u00e4 ole t\u00f6iss\u00e4 KTL:ll\u00e4, niin kenet haluaisit nostaa esiin \u2013 joku, joka on ollut sinulle henkil\u00f6kohtaisesti t\u00e4rke\u00e4 hahmo tai joka on mielest\u00e4si ollut t\u00e4rke\u00e4 hahmo KTL:n n\u00e4k\u00f6kulmasta.<\/strong><\/p>\n\n\n\n<p>Kaija Heikkinen. Kaijalla oli yksinkertaisia kysymyksi\u00e4, n\u00e4ki kokonaisuuksien l\u00e4pi. Oli aina eri mielt\u00e4 asioista. Oli hahmona j\u00e4rkev\u00e4 ja kyseenalaistava, osasi ohjata ihmisi\u00e4, antaa neuvoja, ja k\u00e4ski ajattelemaan omilla aivoillaan. Toinen on Jukka Oksa. Jukka vei meid\u00e4t nuoret maailmalle, sit\u00e4 Kaija ei tehnyt, h\u00e4n toimi muulla tavoin. Jukka esitteli meit\u00e4 maailmalla ihmisille ja osasi ihmetell\u00e4 meid\u00e4n kanssa. Jukka Oksa oli my\u00f6s ristiriitainen hahmo, h\u00e4nt\u00e4 pidettiin vastarannan kiisken\u00e4, koska oli vasemmistolainen, SKDL ja muuta, mutta h\u00e4nh\u00e4n on henkil\u00f6n\u00e4 hyvin rauhallinen, yst\u00e4v\u00e4llinen, rauhoitteli aina v\u00e4h\u00e4n samalla tavoin kuin nyky\u00e4\u00e4n Petri Kahila, ett\u00e4 kyll\u00e4 t\u00e4m\u00e4 t\u00e4st\u00e4, ja kyll\u00e4 t\u00e4st\u00e4 selvit\u00e4\u00e4n.<\/p>\n\n\n\n<p><strong>Mik\u00e4 Karjalan tutkimuslaitoksella on parasta?<\/strong><\/p>\n\n\n\n<p>T\u00e4\u00e4ll\u00e4 teht\u00e4v\u00e4ll\u00e4 ty\u00f6ll\u00e4 on ollut ja on edelleen konkreettinen tavoite, ja l\u00e4ht\u00f6kohta on hyv\u00e4. My\u00f6s jatkuva ty\u00f6n uudelleen arviointi. Tutkimuslaitoksen el\u00e4m\u00e4st\u00e4 voi katsoa, miten suomalainen yliopisto tai oikeastaan koko OECD alueen yliopistopolitiikka on muuttunut: alueesta, osaksi Euroopan Unionin rajatutkimusta. T\u00e4\u00e4ll\u00e4 teht\u00e4v\u00e4 tutkimus on osa kansainv\u00e4list\u00e4 alueellisesti merkityksellist\u00e4 tutkimusta. Karjalan tutkimuslaitoksella on alueen kautta aina tutkittu asioita, jotka on my\u00f6hemmin tajuttu osaksi normaalia arkea ja laajempia kokonaisuuksia. Hallinnolliset, kansainv\u00e4lisen politiikan ja talouden muutokset normaalissa arjessa ovat olleet KTL:n tutkimuksen kohteina. Se on niin osuva kaikessa kliseisyydess\u00e4\u00e4n, ett\u00e4 reunalta n\u00e4kee tarkemmin. Ei ole tutkittu l\u00e4hi\u00f6it\u00e4, mutta eurooppalaista maaseutualuetta ja haja-asutusalueen arkea on tuotu p\u00e4\u00e4tt\u00e4jien tietoon. 1970-luvun alussa oli p\u00e4iv\u00e4hoidon vaikutus arkeen, tasa-arvo ja niiden vaikutus ihmisten arkeen. N\u00e4it\u00e4 ei tulisi esiin ilman Karjalan tutkimuslaitoksen tutkimusta, ja se sama teht\u00e4v\u00e4 on edelleen, ja edelleen tutkitaan n\u00e4it\u00e4 samoja asioita. T\u00e4llainen hajautettu, monin\u00e4k\u00f6kulmainen tutkimus syvent\u00e4\u00e4 ja monipuolistaa tutkimusta, koko tutkimuskentt\u00e4\u00e4, ja luo uusia teoreettisia l\u00e4ht\u00f6kohtia ja vie tiedett\u00e4 eteenp\u00e4in.<\/p>\n\n\n\n<p><strong>Kenelle haluaisit l\u00e4hett\u00e4\u00e4 terveisi\u00e4?<\/strong><\/p>\n\n\n\n<p>Hyv\u00e4 kysymys. Tiedepoliittinen kysymys. Ketk\u00e4 ovat t\u00e4m\u00e4n Newsletterin lukijoita? Omalla kohdalla en l\u00e4het\u00e4 terveisi\u00e4 kollegoille tai lukijoille, vaan Puurosen Vesalle.<\/p>\n\n\n\n<div class=\"person-card\">\n        <h2>Kirjoittaja<\/h2>\n    \n                    <a href=\"https:\/\/uefconnect.uef.fi\/henkilo\/pirjo.pollanen\/\" class=\"person-card-link hover-scale-down\">\n                            <div class=\"person-card-item\">\n                    <div class=\"person-card-column-left\">\n                                                    <img decoding=\"async\" class=\"person-card-image\" src=\"https:\/\/blogs.uef.fi\/ktl\/wp-content\/uploads\/sites\/31\/2021\/10\/ktl-logo-engl-vertical-rgb-1.png\" alt=\"KTL logo\" \/>\n                                            <\/div>\n\n                    <div class=\"person-card-column-right\">\n                                                <p class=\"person-card-name\">Pirjo P\u00f6ll\u00e4nen<\/p>\n                        \n                                                <p class=\"person-card-position\">yliopistotutkija<\/p>\n                        \n                                                <p class=\"person-card-organisation\">Karjalan tutkimuslaitos<\/p>\n                        \n                        \n                                                    <div>\n\t\t\t\t\t\t\t<svg xmlns=\"http:\/\/www.w3.org\/2000\/svg\" height=\"25px\" viewBox=\"0 -960 960 960\" width=\"24px\" ><path fill=\"currentColor\" d=\"M200-120q-33 0-56.5-23.5T120-200v-560q0-33 23.5-56.5T200-840h280v80H200v560h560v-280h80v280q0 33-23.5 56.5T760-120H200Zm188-212-56-56 372-372H560v-80h280v280h-80v-144L388-332Z\"\/><\/svg>\t\t\t\t\t\t\t<\/div>\n                                            <\/div>\n                <\/div>\n                            <\/a>\n                            <\/div>\n","protected":false},"excerpt":{"rendered":"<p>Pirjo P\u00f6ll\u00e4nen: Miten tuo 40 vuotta yliopistolla jakaantuu, kauanko olet ollut t\u00f6iss\u00e4, ja miten kauan opiskellut? Ismo Bj\u00f6rn: Minulla meni seitsem\u00e4n vuotta valmistumiseen. Olisin valmistunut nelj\u00e4ss\u00e4 vuodessa, mutta sitten tajusin, miten kivaa opiskelu oli, ja yksi vuosi meni ihan vanhan p\u00e4\u00e4talon kuppilassa istumiseen Jari Ehrnroothin, \u201dPappi\u201d Ratilaisen, joka on nyt jo edesmennyt, Risto Patrikaisen, Elina [&hellip;]<\/p>\n","protected":false},"author":119,"featured_media":0,"comment_status":"closed","ping_status":"closed","sticky":false,"template":"","format":"standard","meta":{"_acf_changed":false,"footnotes":""},"categories":[13],"tags":[41,33,37,35,39,31],"class_list":["post-141","post","type-post","status-publish","format-standard","hentry","category-pirjo-pollanen","tag-historian-tutkimus","tag-ismo-bjorn","tag-ita-suomen-yliopisto","tag-joensuun-yliopisto","tag-karjalan-tutkimuslaitos","tag-pirjo-pollanen"],"acf":[],"yoast_head":"<!-- This site is optimized with the Yoast SEO plugin v27.3 - https:\/\/yoast.com\/product\/yoast-seo-wordpress\/ -->\n<title>Ismo Bj\u00f6rn 40 vuotta yliopistolla - KTL - Karelian Institute<\/title>\n<meta name=\"description\" content=\"Miten 40 vuotta yliopistolla jakaantuu Ismo Bj\u00f6rnille?\" \/>\n<meta name=\"robots\" content=\"index, follow, max-snippet:-1, max-image-preview:large, max-video-preview:-1\" \/>\n<link rel=\"canonical\" href=\"https:\/\/blogs.uef.fi\/ktl\/2020\/02\/28\/ismo-bjorn-40-vuotta-yliopistolla\/\" \/>\n<meta property=\"og:locale\" content=\"en_US\" \/>\n<meta property=\"og:type\" content=\"article\" \/>\n<meta property=\"og:title\" content=\"Ismo Bj\u00f6rn 40 vuotta yliopistolla - KTL - Karelian Institute\" \/>\n<meta property=\"og:description\" content=\"Miten 40 vuotta yliopistolla jakaantuu Ismo Bj\u00f6rnille?\" \/>\n<meta property=\"og:url\" content=\"https:\/\/blogs.uef.fi\/ktl\/2020\/02\/28\/ismo-bjorn-40-vuotta-yliopistolla\/\" \/>\n<meta property=\"og:site_name\" content=\"KTL - Karelian Institute\" \/>\n<meta property=\"article:published_time\" content=\"2020-02-28T13:36:47+00:00\" \/>\n<meta property=\"article:modified_time\" content=\"2023-10-18T09:37:45+00:00\" \/>\n<meta property=\"og:image\" content=\"https:\/\/blogs.uef.fi\/ktl\/wp-content\/uploads\/sites\/31\/2020\/02\/Ismon-semmakuva-e1582896770843.jpg\" \/>\n<meta name=\"author\" content=\"piippon\" \/>\n<meta name=\"twitter:card\" content=\"summary_large_image\" \/>\n<meta name=\"twitter:label1\" content=\"Written by\" \/>\n\t<meta name=\"twitter:data1\" content=\"piippon\" \/>\n\t<meta name=\"twitter:label2\" content=\"Est. reading time\" \/>\n\t<meta name=\"twitter:data2\" content=\"6 minutes\" \/>\n<script type=\"application\/ld+json\" class=\"yoast-schema-graph\">{\"@context\":\"https:\\\/\\\/schema.org\",\"@graph\":[{\"@type\":\"Article\",\"@id\":\"https:\\\/\\\/blogs.uef.fi\\\/ktl\\\/2020\\\/02\\\/28\\\/ismo-bjorn-40-vuotta-yliopistolla\\\/#article\",\"isPartOf\":{\"@id\":\"https:\\\/\\\/blogs.uef.fi\\\/ktl\\\/2020\\\/02\\\/28\\\/ismo-bjorn-40-vuotta-yliopistolla\\\/\"},\"author\":{\"name\":\"piippon\",\"@id\":\"https:\\\/\\\/blogs.uef.fi\\\/ktl\\\/#\\\/schema\\\/person\\\/7f365cb0446f2ed9d47cd91e53931e3f\"},\"headline\":\"Ismo Bj\u00f6rn 40 vuotta yliopistolla\",\"datePublished\":\"2020-02-28T13:36:47+00:00\",\"dateModified\":\"2023-10-18T09:37:45+00:00\",\"mainEntityOfPage\":{\"@id\":\"https:\\\/\\\/blogs.uef.fi\\\/ktl\\\/2020\\\/02\\\/28\\\/ismo-bjorn-40-vuotta-yliopistolla\\\/\"},\"wordCount\":1506,\"image\":{\"@id\":\"https:\\\/\\\/blogs.uef.fi\\\/ktl\\\/2020\\\/02\\\/28\\\/ismo-bjorn-40-vuotta-yliopistolla\\\/#primaryimage\"},\"thumbnailUrl\":\"https:\\\/\\\/blogs.uef.fi\\\/ktl\\\/wp-content\\\/uploads\\\/sites\\\/31\\\/2020\\\/02\\\/Ismon-semmakuva-e1582896770843.jpg\",\"keywords\":[\"historian tutkimus\",\"Ismo Bj\u00f6rn\",\"It\u00e4-Suomen yliopisto\",\"Joensuun yliopisto\",\"Karjalan tutkimuslaitos\",\"Pirjo P\u00f6ll\u00e4nen\"],\"articleSection\":[\"Pirjo P\u00f6ll\u00e4nen\"],\"inLanguage\":\"en-US\"},{\"@type\":\"WebPage\",\"@id\":\"https:\\\/\\\/blogs.uef.fi\\\/ktl\\\/2020\\\/02\\\/28\\\/ismo-bjorn-40-vuotta-yliopistolla\\\/\",\"url\":\"https:\\\/\\\/blogs.uef.fi\\\/ktl\\\/2020\\\/02\\\/28\\\/ismo-bjorn-40-vuotta-yliopistolla\\\/\",\"name\":\"Ismo Bj\u00f6rn 40 vuotta yliopistolla - KTL - Karelian Institute\",\"isPartOf\":{\"@id\":\"https:\\\/\\\/blogs.uef.fi\\\/ktl\\\/#website\"},\"primaryImageOfPage\":{\"@id\":\"https:\\\/\\\/blogs.uef.fi\\\/ktl\\\/2020\\\/02\\\/28\\\/ismo-bjorn-40-vuotta-yliopistolla\\\/#primaryimage\"},\"image\":{\"@id\":\"https:\\\/\\\/blogs.uef.fi\\\/ktl\\\/2020\\\/02\\\/28\\\/ismo-bjorn-40-vuotta-yliopistolla\\\/#primaryimage\"},\"thumbnailUrl\":\"https:\\\/\\\/blogs.uef.fi\\\/ktl\\\/wp-content\\\/uploads\\\/sites\\\/31\\\/2020\\\/02\\\/Ismon-semmakuva-e1582896770843.jpg\",\"datePublished\":\"2020-02-28T13:36:47+00:00\",\"dateModified\":\"2023-10-18T09:37:45+00:00\",\"author\":{\"@id\":\"https:\\\/\\\/blogs.uef.fi\\\/ktl\\\/#\\\/schema\\\/person\\\/7f365cb0446f2ed9d47cd91e53931e3f\"},\"description\":\"Miten 40 vuotta yliopistolla jakaantuu Ismo Bj\u00f6rnille?\",\"breadcrumb\":{\"@id\":\"https:\\\/\\\/blogs.uef.fi\\\/ktl\\\/2020\\\/02\\\/28\\\/ismo-bjorn-40-vuotta-yliopistolla\\\/#breadcrumb\"},\"inLanguage\":\"en-US\",\"potentialAction\":[{\"@type\":\"ReadAction\",\"target\":[\"https:\\\/\\\/blogs.uef.fi\\\/ktl\\\/2020\\\/02\\\/28\\\/ismo-bjorn-40-vuotta-yliopistolla\\\/\"]}]},{\"@type\":\"ImageObject\",\"inLanguage\":\"en-US\",\"@id\":\"https:\\\/\\\/blogs.uef.fi\\\/ktl\\\/2020\\\/02\\\/28\\\/ismo-bjorn-40-vuotta-yliopistolla\\\/#primaryimage\",\"url\":\"https:\\\/\\\/blogs.uef.fi\\\/ktl\\\/wp-content\\\/uploads\\\/sites\\\/31\\\/2020\\\/02\\\/Ismon-semmakuva-e1582896770843.jpg\",\"contentUrl\":\"https:\\\/\\\/blogs.uef.fi\\\/ktl\\\/wp-content\\\/uploads\\\/sites\\\/31\\\/2020\\\/02\\\/Ismon-semmakuva-e1582896770843.jpg\",\"width\":400,\"height\":300,\"caption\":\"Ismo lierihatussa\"},{\"@type\":\"BreadcrumbList\",\"@id\":\"https:\\\/\\\/blogs.uef.fi\\\/ktl\\\/2020\\\/02\\\/28\\\/ismo-bjorn-40-vuotta-yliopistolla\\\/#breadcrumb\",\"itemListElement\":[{\"@type\":\"ListItem\",\"position\":1,\"name\":\"Home\",\"item\":\"https:\\\/\\\/blogs.uef.fi\\\/ktl\\\/\"},{\"@type\":\"ListItem\",\"position\":2,\"name\":\"Ismo Bj\u00f6rn 40 vuotta yliopistolla\"}]},{\"@type\":\"WebSite\",\"@id\":\"https:\\\/\\\/blogs.uef.fi\\\/ktl\\\/#website\",\"url\":\"https:\\\/\\\/blogs.uef.fi\\\/ktl\\\/\",\"name\":\"KTL - Karelian Institute\",\"description\":\"Paikallista ja kansainv\u00e4lista tutkimusta vuodesta 1971 \\\/\\\/ Local and international research since 1971\",\"potentialAction\":[{\"@type\":\"SearchAction\",\"target\":{\"@type\":\"EntryPoint\",\"urlTemplate\":\"https:\\\/\\\/blogs.uef.fi\\\/ktl\\\/?s={search_term_string}\"},\"query-input\":{\"@type\":\"PropertyValueSpecification\",\"valueRequired\":true,\"valueName\":\"search_term_string\"}}],\"inLanguage\":\"en-US\"},{\"@type\":\"Person\",\"@id\":\"https:\\\/\\\/blogs.uef.fi\\\/ktl\\\/#\\\/schema\\\/person\\\/7f365cb0446f2ed9d47cd91e53931e3f\",\"name\":\"piippon\",\"url\":\"https:\\\/\\\/blogs.uef.fi\\\/ktl\\\/author\\\/piippon\\\/\"}]}<\/script>\n<!-- \/ Yoast SEO plugin. -->","yoast_head_json":{"title":"Ismo Bj\u00f6rn 40 vuotta yliopistolla - KTL - Karelian Institute","description":"Miten 40 vuotta yliopistolla jakaantuu Ismo Bj\u00f6rnille?","robots":{"index":"index","follow":"follow","max-snippet":"max-snippet:-1","max-image-preview":"max-image-preview:large","max-video-preview":"max-video-preview:-1"},"canonical":"https:\/\/blogs.uef.fi\/ktl\/2020\/02\/28\/ismo-bjorn-40-vuotta-yliopistolla\/","og_locale":"en_US","og_type":"article","og_title":"Ismo Bj\u00f6rn 40 vuotta yliopistolla - KTL - Karelian Institute","og_description":"Miten 40 vuotta yliopistolla jakaantuu Ismo Bj\u00f6rnille?","og_url":"https:\/\/blogs.uef.fi\/ktl\/2020\/02\/28\/ismo-bjorn-40-vuotta-yliopistolla\/","og_site_name":"KTL - Karelian Institute","article_published_time":"2020-02-28T13:36:47+00:00","article_modified_time":"2023-10-18T09:37:45+00:00","og_image":[{"url":"https:\/\/blogs.uef.fi\/ktl\/wp-content\/uploads\/sites\/31\/2020\/02\/Ismon-semmakuva-e1582896770843.jpg","type":"","width":"","height":""}],"author":"piippon","twitter_card":"summary_large_image","twitter_misc":{"Written by":"piippon","Est. reading time":"6 minutes"},"schema":{"@context":"https:\/\/schema.org","@graph":[{"@type":"Article","@id":"https:\/\/blogs.uef.fi\/ktl\/2020\/02\/28\/ismo-bjorn-40-vuotta-yliopistolla\/#article","isPartOf":{"@id":"https:\/\/blogs.uef.fi\/ktl\/2020\/02\/28\/ismo-bjorn-40-vuotta-yliopistolla\/"},"author":{"name":"piippon","@id":"https:\/\/blogs.uef.fi\/ktl\/#\/schema\/person\/7f365cb0446f2ed9d47cd91e53931e3f"},"headline":"Ismo Bj\u00f6rn 40 vuotta yliopistolla","datePublished":"2020-02-28T13:36:47+00:00","dateModified":"2023-10-18T09:37:45+00:00","mainEntityOfPage":{"@id":"https:\/\/blogs.uef.fi\/ktl\/2020\/02\/28\/ismo-bjorn-40-vuotta-yliopistolla\/"},"wordCount":1506,"image":{"@id":"https:\/\/blogs.uef.fi\/ktl\/2020\/02\/28\/ismo-bjorn-40-vuotta-yliopistolla\/#primaryimage"},"thumbnailUrl":"https:\/\/blogs.uef.fi\/ktl\/wp-content\/uploads\/sites\/31\/2020\/02\/Ismon-semmakuva-e1582896770843.jpg","keywords":["historian tutkimus","Ismo Bj\u00f6rn","It\u00e4-Suomen yliopisto","Joensuun yliopisto","Karjalan tutkimuslaitos","Pirjo P\u00f6ll\u00e4nen"],"articleSection":["Pirjo P\u00f6ll\u00e4nen"],"inLanguage":"en-US"},{"@type":"WebPage","@id":"https:\/\/blogs.uef.fi\/ktl\/2020\/02\/28\/ismo-bjorn-40-vuotta-yliopistolla\/","url":"https:\/\/blogs.uef.fi\/ktl\/2020\/02\/28\/ismo-bjorn-40-vuotta-yliopistolla\/","name":"Ismo Bj\u00f6rn 40 vuotta yliopistolla - KTL - Karelian Institute","isPartOf":{"@id":"https:\/\/blogs.uef.fi\/ktl\/#website"},"primaryImageOfPage":{"@id":"https:\/\/blogs.uef.fi\/ktl\/2020\/02\/28\/ismo-bjorn-40-vuotta-yliopistolla\/#primaryimage"},"image":{"@id":"https:\/\/blogs.uef.fi\/ktl\/2020\/02\/28\/ismo-bjorn-40-vuotta-yliopistolla\/#primaryimage"},"thumbnailUrl":"https:\/\/blogs.uef.fi\/ktl\/wp-content\/uploads\/sites\/31\/2020\/02\/Ismon-semmakuva-e1582896770843.jpg","datePublished":"2020-02-28T13:36:47+00:00","dateModified":"2023-10-18T09:37:45+00:00","author":{"@id":"https:\/\/blogs.uef.fi\/ktl\/#\/schema\/person\/7f365cb0446f2ed9d47cd91e53931e3f"},"description":"Miten 40 vuotta yliopistolla jakaantuu Ismo Bj\u00f6rnille?","breadcrumb":{"@id":"https:\/\/blogs.uef.fi\/ktl\/2020\/02\/28\/ismo-bjorn-40-vuotta-yliopistolla\/#breadcrumb"},"inLanguage":"en-US","potentialAction":[{"@type":"ReadAction","target":["https:\/\/blogs.uef.fi\/ktl\/2020\/02\/28\/ismo-bjorn-40-vuotta-yliopistolla\/"]}]},{"@type":"ImageObject","inLanguage":"en-US","@id":"https:\/\/blogs.uef.fi\/ktl\/2020\/02\/28\/ismo-bjorn-40-vuotta-yliopistolla\/#primaryimage","url":"https:\/\/blogs.uef.fi\/ktl\/wp-content\/uploads\/sites\/31\/2020\/02\/Ismon-semmakuva-e1582896770843.jpg","contentUrl":"https:\/\/blogs.uef.fi\/ktl\/wp-content\/uploads\/sites\/31\/2020\/02\/Ismon-semmakuva-e1582896770843.jpg","width":400,"height":300,"caption":"Ismo lierihatussa"},{"@type":"BreadcrumbList","@id":"https:\/\/blogs.uef.fi\/ktl\/2020\/02\/28\/ismo-bjorn-40-vuotta-yliopistolla\/#breadcrumb","itemListElement":[{"@type":"ListItem","position":1,"name":"Home","item":"https:\/\/blogs.uef.fi\/ktl\/"},{"@type":"ListItem","position":2,"name":"Ismo Bj\u00f6rn 40 vuotta yliopistolla"}]},{"@type":"WebSite","@id":"https:\/\/blogs.uef.fi\/ktl\/#website","url":"https:\/\/blogs.uef.fi\/ktl\/","name":"KTL - Karelian Institute","description":"Paikallista ja kansainv\u00e4lista tutkimusta vuodesta 1971 \/\/ Local and international research since 1971","potentialAction":[{"@type":"SearchAction","target":{"@type":"EntryPoint","urlTemplate":"https:\/\/blogs.uef.fi\/ktl\/?s={search_term_string}"},"query-input":{"@type":"PropertyValueSpecification","valueRequired":true,"valueName":"search_term_string"}}],"inLanguage":"en-US"},{"@type":"Person","@id":"https:\/\/blogs.uef.fi\/ktl\/#\/schema\/person\/7f365cb0446f2ed9d47cd91e53931e3f","name":"piippon","url":"https:\/\/blogs.uef.fi\/ktl\/author\/piippon\/"}]}},"_links":{"self":[{"href":"https:\/\/blogs.uef.fi\/ktl\/wp-json\/wp\/v2\/posts\/141","targetHints":{"allow":["GET"]}}],"collection":[{"href":"https:\/\/blogs.uef.fi\/ktl\/wp-json\/wp\/v2\/posts"}],"about":[{"href":"https:\/\/blogs.uef.fi\/ktl\/wp-json\/wp\/v2\/types\/post"}],"author":[{"embeddable":true,"href":"https:\/\/blogs.uef.fi\/ktl\/wp-json\/wp\/v2\/users\/119"}],"replies":[{"embeddable":true,"href":"https:\/\/blogs.uef.fi\/ktl\/wp-json\/wp\/v2\/comments?post=141"}],"version-history":[{"count":2,"href":"https:\/\/blogs.uef.fi\/ktl\/wp-json\/wp\/v2\/posts\/141\/revisions"}],"predecessor-version":[{"id":2074,"href":"https:\/\/blogs.uef.fi\/ktl\/wp-json\/wp\/v2\/posts\/141\/revisions\/2074"}],"wp:attachment":[{"href":"https:\/\/blogs.uef.fi\/ktl\/wp-json\/wp\/v2\/media?parent=141"}],"wp:term":[{"taxonomy":"category","embeddable":true,"href":"https:\/\/blogs.uef.fi\/ktl\/wp-json\/wp\/v2\/categories?post=141"},{"taxonomy":"post_tag","embeddable":true,"href":"https:\/\/blogs.uef.fi\/ktl\/wp-json\/wp\/v2\/tags?post=141"}],"curies":[{"name":"wp","href":"https:\/\/api.w.org\/{rel}","templated":true}]}}