{"id":1194,"date":"2023-01-11T17:37:45","date_gmt":"2023-01-11T15:37:45","guid":{"rendered":"https:\/\/blogs.uef.fi\/ktl\/?p=1194"},"modified":"2023-10-11T13:06:21","modified_gmt":"2023-10-11T10:06:21","slug":"karjala-yhteistyo-on-ulkopolitiikkaa-aluepolitiikkaa-ja-arjen-vuorovaikutusta","status":"publish","type":"post","link":"https:\/\/blogs.uef.fi\/ktl\/2023\/01\/11\/karjala-yhteistyo-on-ulkopolitiikkaa-aluepolitiikkaa-ja-arjen-vuorovaikutusta\/","title":{"rendered":"Karjala-yhteisty\u00f6 on ulkopolitiikkaa, aluepolitiikkaa ja arjen vuorovaikutusta"},"content":{"rendered":"\n<p>Tutkijat <a href=\"https:\/\/uefconnect.uef.fi\/henkilo\/alina.kuusisto\/\">Alina Kuusisto<\/a> ja <a href=\"https:\/\/uefconnect.uef.fi\/henkilo\/pirjo.pollanen\/\">Pirjo P\u00f6ll\u00e4nen<\/a> Karjalan tutkimuslaitokselta hahmottavat it\u00e4rajan ylitt\u00e4v\u00e4n vuorovaikutuksen monipuolisuutta ja monia merkityksi\u00e4 Pohjois-Karjalalle ja pohjoiskarjalaisille toimijoille edelt\u00e4vien 30 vuoden aikana ennen nykyist\u00e4 muuttunutta geopoliittista tilannetta.<\/p>\n\n\n\n<p>Blogi on luettavissa <a href=\"https:\/\/www.pk-historiallinenyhdistys.com\/uutiset--blogit\/karjala-yhteistyo-on-ulkopolitiikkaa-aluepolitiikkaa-ja-arjen-vuorovaikutusta\">Pohjois-Karjalan historiallisen yhdistyksen verkkosivulla<\/a>.<\/p>\n\n\n\n<p>Kirjoitus on osa <a href=\"https:\/\/uefconnect.uef.fi\/tutkimusryhma\/toimijoiden-karjalat-30-vuotta-rajat-ylittavaa-vuorovaikutusta-pohjois-karjalassa\/\">Toimijoiden Karjalat \u2013 30 vuotta rajat ylitt\u00e4v\u00e4\u00e4 yhteisty\u00f6t\u00e4 Pohjois-Karjalassa<\/a> -tutkimushankkeen meneill\u00e4\u00e4n olevaa ty\u00f6t\u00e4.<\/p>\n","protected":false},"excerpt":{"rendered":"<p>Tutkijat Alina Kuusisto ja Pirjo P\u00f6ll\u00e4nen Karjalan tutkimuslaitokselta hahmottavat it\u00e4rajan ylitt\u00e4v\u00e4n vuorovaikutuksen monipuolisuutta ja monia merkityksi\u00e4 Pohjois-Karjalalle ja pohjoiskarjalaisille toimijoille edelt\u00e4vien 30 vuoden aikana ennen nykyist\u00e4 muuttunutta geopoliittista tilannetta. Blogi on luettavissa Pohjois-Karjalan historiallisen yhdistyksen verkkosivulla. Kirjoitus on osa Toimijoiden Karjalat \u2013 30 vuotta rajat ylitt\u00e4v\u00e4\u00e4 yhteisty\u00f6t\u00e4 Pohjois-Karjalassa -tutkimushankkeen meneill\u00e4\u00e4n olevaa ty\u00f6t\u00e4.<\/p>\n","protected":false},"author":119,"featured_media":0,"comment_status":"closed","ping_status":"closed","sticky":false,"template":"","format":"standard","meta":{"_acf_changed":false,"footnotes":""},"categories":[69,13],"tags":[426,429,432,414,420,417,423],"class_list":["post-1194","post","type-post","status-publish","format-standard","hentry","category-alina-kuusisto","category-pirjo-pollanen","tag-aluepolitiikka","tag-arjen-vuorovaikutus","tag-euregio-karelia","tag-itaraja","tag-karjala-yhteistyo","tag-pohjois-karjala","tag-ulkopolitiika"],"acf":[],"yoast_head":"<!-- This site is optimized with the Yoast SEO plugin v27.3 - https:\/\/yoast.com\/product\/yoast-seo-wordpress\/ -->\n<title>Karjala-yhteisty\u00f6 on ulkopolitiikkaa, aluepolitiikkaa ja arjen vuorovaikutusta - KTL - Karelian Institute<\/title>\n<meta name=\"robots\" content=\"index, follow, max-snippet:-1, max-image-preview:large, max-video-preview:-1\" \/>\n<link rel=\"canonical\" href=\"https:\/\/blogs.uef.fi\/ktl\/2023\/01\/11\/karjala-yhteistyo-on-ulkopolitiikkaa-aluepolitiikkaa-ja-arjen-vuorovaikutusta\/\" \/>\n<meta property=\"og:locale\" content=\"en_US\" \/>\n<meta property=\"og:type\" content=\"article\" \/>\n<meta property=\"og:title\" content=\"Karjala-yhteisty\u00f6 on ulkopolitiikkaa, aluepolitiikkaa ja arjen vuorovaikutusta - KTL - Karelian Institute\" \/>\n<meta property=\"og:description\" content=\"Tutkijat Alina Kuusisto ja Pirjo P\u00f6ll\u00e4nen Karjalan tutkimuslaitokselta hahmottavat it\u00e4rajan ylitt\u00e4v\u00e4n vuorovaikutuksen monipuolisuutta ja monia merkityksi\u00e4 Pohjois-Karjalalle ja pohjoiskarjalaisille toimijoille edelt\u00e4vien 30 vuoden aikana ennen nykyist\u00e4 muuttunutta geopoliittista tilannetta. Blogi on luettavissa Pohjois-Karjalan historiallisen yhdistyksen verkkosivulla. Kirjoitus on osa Toimijoiden Karjalat \u2013 30 vuotta rajat ylitt\u00e4v\u00e4\u00e4 yhteisty\u00f6t\u00e4 Pohjois-Karjalassa -tutkimushankkeen meneill\u00e4\u00e4n olevaa ty\u00f6t\u00e4.\" \/>\n<meta property=\"og:url\" content=\"https:\/\/blogs.uef.fi\/ktl\/2023\/01\/11\/karjala-yhteistyo-on-ulkopolitiikkaa-aluepolitiikkaa-ja-arjen-vuorovaikutusta\/\" \/>\n<meta property=\"og:site_name\" content=\"KTL - Karelian Institute\" \/>\n<meta property=\"article:published_time\" content=\"2023-01-11T15:37:45+00:00\" \/>\n<meta property=\"article:modified_time\" content=\"2023-10-11T10:06:21+00:00\" \/>\n<meta name=\"author\" content=\"piippon\" \/>\n<meta name=\"twitter:card\" content=\"summary_large_image\" \/>\n<meta name=\"twitter:label1\" content=\"Written by\" \/>\n\t<meta name=\"twitter:data1\" content=\"piippon\" \/>\n\t<meta name=\"twitter:label2\" content=\"Est. reading time\" \/>\n\t<meta name=\"twitter:data2\" content=\"1 minute\" \/>\n<script type=\"application\/ld+json\" class=\"yoast-schema-graph\">{\"@context\":\"https:\\\/\\\/schema.org\",\"@graph\":[{\"@type\":\"Article\",\"@id\":\"https:\\\/\\\/blogs.uef.fi\\\/ktl\\\/2023\\\/01\\\/11\\\/karjala-yhteistyo-on-ulkopolitiikkaa-aluepolitiikkaa-ja-arjen-vuorovaikutusta\\\/#article\",\"isPartOf\":{\"@id\":\"https:\\\/\\\/blogs.uef.fi\\\/ktl\\\/2023\\\/01\\\/11\\\/karjala-yhteistyo-on-ulkopolitiikkaa-aluepolitiikkaa-ja-arjen-vuorovaikutusta\\\/\"},\"author\":{\"name\":\"piippon\",\"@id\":\"https:\\\/\\\/blogs.uef.fi\\\/ktl\\\/#\\\/schema\\\/person\\\/7f365cb0446f2ed9d47cd91e53931e3f\"},\"headline\":\"Karjala-yhteisty\u00f6 on ulkopolitiikkaa, aluepolitiikkaa ja arjen vuorovaikutusta\",\"datePublished\":\"2023-01-11T15:37:45+00:00\",\"dateModified\":\"2023-10-11T10:06:21+00:00\",\"mainEntityOfPage\":{\"@id\":\"https:\\\/\\\/blogs.uef.fi\\\/ktl\\\/2023\\\/01\\\/11\\\/karjala-yhteistyo-on-ulkopolitiikkaa-aluepolitiikkaa-ja-arjen-vuorovaikutusta\\\/\"},\"wordCount\":66,\"keywords\":[\"aluepolitiikka\",\"arjen vuorovaikutus\",\"Euregio Karelia\",\"it\u00e4raja\",\"Karjala-yhteisty\u00f6\",\"Pohjois-Karjala\",\"ulkopolitiika\"],\"articleSection\":[\"Alina Kuusisto\",\"Pirjo P\u00f6ll\u00e4nen\"],\"inLanguage\":\"en-US\"},{\"@type\":\"WebPage\",\"@id\":\"https:\\\/\\\/blogs.uef.fi\\\/ktl\\\/2023\\\/01\\\/11\\\/karjala-yhteistyo-on-ulkopolitiikkaa-aluepolitiikkaa-ja-arjen-vuorovaikutusta\\\/\",\"url\":\"https:\\\/\\\/blogs.uef.fi\\\/ktl\\\/2023\\\/01\\\/11\\\/karjala-yhteistyo-on-ulkopolitiikkaa-aluepolitiikkaa-ja-arjen-vuorovaikutusta\\\/\",\"name\":\"Karjala-yhteisty\u00f6 on ulkopolitiikkaa, aluepolitiikkaa ja arjen vuorovaikutusta - KTL - Karelian Institute\",\"isPartOf\":{\"@id\":\"https:\\\/\\\/blogs.uef.fi\\\/ktl\\\/#website\"},\"datePublished\":\"2023-01-11T15:37:45+00:00\",\"dateModified\":\"2023-10-11T10:06:21+00:00\",\"author\":{\"@id\":\"https:\\\/\\\/blogs.uef.fi\\\/ktl\\\/#\\\/schema\\\/person\\\/7f365cb0446f2ed9d47cd91e53931e3f\"},\"breadcrumb\":{\"@id\":\"https:\\\/\\\/blogs.uef.fi\\\/ktl\\\/2023\\\/01\\\/11\\\/karjala-yhteistyo-on-ulkopolitiikkaa-aluepolitiikkaa-ja-arjen-vuorovaikutusta\\\/#breadcrumb\"},\"inLanguage\":\"en-US\",\"potentialAction\":[{\"@type\":\"ReadAction\",\"target\":[\"https:\\\/\\\/blogs.uef.fi\\\/ktl\\\/2023\\\/01\\\/11\\\/karjala-yhteistyo-on-ulkopolitiikkaa-aluepolitiikkaa-ja-arjen-vuorovaikutusta\\\/\"]}]},{\"@type\":\"BreadcrumbList\",\"@id\":\"https:\\\/\\\/blogs.uef.fi\\\/ktl\\\/2023\\\/01\\\/11\\\/karjala-yhteistyo-on-ulkopolitiikkaa-aluepolitiikkaa-ja-arjen-vuorovaikutusta\\\/#breadcrumb\",\"itemListElement\":[{\"@type\":\"ListItem\",\"position\":1,\"name\":\"Home\",\"item\":\"https:\\\/\\\/blogs.uef.fi\\\/ktl\\\/\"},{\"@type\":\"ListItem\",\"position\":2,\"name\":\"Karjala-yhteisty\u00f6 on ulkopolitiikkaa, aluepolitiikkaa ja arjen vuorovaikutusta\"}]},{\"@type\":\"WebSite\",\"@id\":\"https:\\\/\\\/blogs.uef.fi\\\/ktl\\\/#website\",\"url\":\"https:\\\/\\\/blogs.uef.fi\\\/ktl\\\/\",\"name\":\"KTL - Karelian Institute\",\"description\":\"Paikallista ja kansainv\u00e4lista tutkimusta vuodesta 1971 \\\/\\\/ Local and international research since 1971\",\"potentialAction\":[{\"@type\":\"SearchAction\",\"target\":{\"@type\":\"EntryPoint\",\"urlTemplate\":\"https:\\\/\\\/blogs.uef.fi\\\/ktl\\\/?s={search_term_string}\"},\"query-input\":{\"@type\":\"PropertyValueSpecification\",\"valueRequired\":true,\"valueName\":\"search_term_string\"}}],\"inLanguage\":\"en-US\"},{\"@type\":\"Person\",\"@id\":\"https:\\\/\\\/blogs.uef.fi\\\/ktl\\\/#\\\/schema\\\/person\\\/7f365cb0446f2ed9d47cd91e53931e3f\",\"name\":\"piippon\",\"url\":\"https:\\\/\\\/blogs.uef.fi\\\/ktl\\\/author\\\/piippon\\\/\"}]}<\/script>\n<!-- \/ Yoast SEO plugin. -->","yoast_head_json":{"title":"Karjala-yhteisty\u00f6 on ulkopolitiikkaa, aluepolitiikkaa ja arjen vuorovaikutusta - KTL - Karelian Institute","robots":{"index":"index","follow":"follow","max-snippet":"max-snippet:-1","max-image-preview":"max-image-preview:large","max-video-preview":"max-video-preview:-1"},"canonical":"https:\/\/blogs.uef.fi\/ktl\/2023\/01\/11\/karjala-yhteistyo-on-ulkopolitiikkaa-aluepolitiikkaa-ja-arjen-vuorovaikutusta\/","og_locale":"en_US","og_type":"article","og_title":"Karjala-yhteisty\u00f6 on ulkopolitiikkaa, aluepolitiikkaa ja arjen vuorovaikutusta - KTL - Karelian Institute","og_description":"Tutkijat Alina Kuusisto ja Pirjo P\u00f6ll\u00e4nen Karjalan tutkimuslaitokselta hahmottavat it\u00e4rajan ylitt\u00e4v\u00e4n vuorovaikutuksen monipuolisuutta ja monia merkityksi\u00e4 Pohjois-Karjalalle ja pohjoiskarjalaisille toimijoille edelt\u00e4vien 30 vuoden aikana ennen nykyist\u00e4 muuttunutta geopoliittista tilannetta. Blogi on luettavissa Pohjois-Karjalan historiallisen yhdistyksen verkkosivulla. Kirjoitus on osa Toimijoiden Karjalat \u2013 30 vuotta rajat ylitt\u00e4v\u00e4\u00e4 yhteisty\u00f6t\u00e4 Pohjois-Karjalassa -tutkimushankkeen meneill\u00e4\u00e4n olevaa ty\u00f6t\u00e4.","og_url":"https:\/\/blogs.uef.fi\/ktl\/2023\/01\/11\/karjala-yhteistyo-on-ulkopolitiikkaa-aluepolitiikkaa-ja-arjen-vuorovaikutusta\/","og_site_name":"KTL - Karelian Institute","article_published_time":"2023-01-11T15:37:45+00:00","article_modified_time":"2023-10-11T10:06:21+00:00","author":"piippon","twitter_card":"summary_large_image","twitter_misc":{"Written by":"piippon","Est. reading time":"1 minute"},"schema":{"@context":"https:\/\/schema.org","@graph":[{"@type":"Article","@id":"https:\/\/blogs.uef.fi\/ktl\/2023\/01\/11\/karjala-yhteistyo-on-ulkopolitiikkaa-aluepolitiikkaa-ja-arjen-vuorovaikutusta\/#article","isPartOf":{"@id":"https:\/\/blogs.uef.fi\/ktl\/2023\/01\/11\/karjala-yhteistyo-on-ulkopolitiikkaa-aluepolitiikkaa-ja-arjen-vuorovaikutusta\/"},"author":{"name":"piippon","@id":"https:\/\/blogs.uef.fi\/ktl\/#\/schema\/person\/7f365cb0446f2ed9d47cd91e53931e3f"},"headline":"Karjala-yhteisty\u00f6 on ulkopolitiikkaa, aluepolitiikkaa ja arjen vuorovaikutusta","datePublished":"2023-01-11T15:37:45+00:00","dateModified":"2023-10-11T10:06:21+00:00","mainEntityOfPage":{"@id":"https:\/\/blogs.uef.fi\/ktl\/2023\/01\/11\/karjala-yhteistyo-on-ulkopolitiikkaa-aluepolitiikkaa-ja-arjen-vuorovaikutusta\/"},"wordCount":66,"keywords":["aluepolitiikka","arjen vuorovaikutus","Euregio Karelia","it\u00e4raja","Karjala-yhteisty\u00f6","Pohjois-Karjala","ulkopolitiika"],"articleSection":["Alina Kuusisto","Pirjo P\u00f6ll\u00e4nen"],"inLanguage":"en-US"},{"@type":"WebPage","@id":"https:\/\/blogs.uef.fi\/ktl\/2023\/01\/11\/karjala-yhteistyo-on-ulkopolitiikkaa-aluepolitiikkaa-ja-arjen-vuorovaikutusta\/","url":"https:\/\/blogs.uef.fi\/ktl\/2023\/01\/11\/karjala-yhteistyo-on-ulkopolitiikkaa-aluepolitiikkaa-ja-arjen-vuorovaikutusta\/","name":"Karjala-yhteisty\u00f6 on ulkopolitiikkaa, aluepolitiikkaa ja arjen vuorovaikutusta - KTL - Karelian Institute","isPartOf":{"@id":"https:\/\/blogs.uef.fi\/ktl\/#website"},"datePublished":"2023-01-11T15:37:45+00:00","dateModified":"2023-10-11T10:06:21+00:00","author":{"@id":"https:\/\/blogs.uef.fi\/ktl\/#\/schema\/person\/7f365cb0446f2ed9d47cd91e53931e3f"},"breadcrumb":{"@id":"https:\/\/blogs.uef.fi\/ktl\/2023\/01\/11\/karjala-yhteistyo-on-ulkopolitiikkaa-aluepolitiikkaa-ja-arjen-vuorovaikutusta\/#breadcrumb"},"inLanguage":"en-US","potentialAction":[{"@type":"ReadAction","target":["https:\/\/blogs.uef.fi\/ktl\/2023\/01\/11\/karjala-yhteistyo-on-ulkopolitiikkaa-aluepolitiikkaa-ja-arjen-vuorovaikutusta\/"]}]},{"@type":"BreadcrumbList","@id":"https:\/\/blogs.uef.fi\/ktl\/2023\/01\/11\/karjala-yhteistyo-on-ulkopolitiikkaa-aluepolitiikkaa-ja-arjen-vuorovaikutusta\/#breadcrumb","itemListElement":[{"@type":"ListItem","position":1,"name":"Home","item":"https:\/\/blogs.uef.fi\/ktl\/"},{"@type":"ListItem","position":2,"name":"Karjala-yhteisty\u00f6 on ulkopolitiikkaa, aluepolitiikkaa ja arjen vuorovaikutusta"}]},{"@type":"WebSite","@id":"https:\/\/blogs.uef.fi\/ktl\/#website","url":"https:\/\/blogs.uef.fi\/ktl\/","name":"KTL - Karelian Institute","description":"Paikallista ja kansainv\u00e4lista tutkimusta vuodesta 1971 \/\/ Local and international research since 1971","potentialAction":[{"@type":"SearchAction","target":{"@type":"EntryPoint","urlTemplate":"https:\/\/blogs.uef.fi\/ktl\/?s={search_term_string}"},"query-input":{"@type":"PropertyValueSpecification","valueRequired":true,"valueName":"search_term_string"}}],"inLanguage":"en-US"},{"@type":"Person","@id":"https:\/\/blogs.uef.fi\/ktl\/#\/schema\/person\/7f365cb0446f2ed9d47cd91e53931e3f","name":"piippon","url":"https:\/\/blogs.uef.fi\/ktl\/author\/piippon\/"}]}},"_links":{"self":[{"href":"https:\/\/blogs.uef.fi\/ktl\/wp-json\/wp\/v2\/posts\/1194","targetHints":{"allow":["GET"]}}],"collection":[{"href":"https:\/\/blogs.uef.fi\/ktl\/wp-json\/wp\/v2\/posts"}],"about":[{"href":"https:\/\/blogs.uef.fi\/ktl\/wp-json\/wp\/v2\/types\/post"}],"author":[{"embeddable":true,"href":"https:\/\/blogs.uef.fi\/ktl\/wp-json\/wp\/v2\/users\/119"}],"replies":[{"embeddable":true,"href":"https:\/\/blogs.uef.fi\/ktl\/wp-json\/wp\/v2\/comments?post=1194"}],"version-history":[{"count":2,"href":"https:\/\/blogs.uef.fi\/ktl\/wp-json\/wp\/v2\/posts\/1194\/revisions"}],"predecessor-version":[{"id":1529,"href":"https:\/\/blogs.uef.fi\/ktl\/wp-json\/wp\/v2\/posts\/1194\/revisions\/1529"}],"wp:attachment":[{"href":"https:\/\/blogs.uef.fi\/ktl\/wp-json\/wp\/v2\/media?parent=1194"}],"wp:term":[{"taxonomy":"category","embeddable":true,"href":"https:\/\/blogs.uef.fi\/ktl\/wp-json\/wp\/v2\/categories?post=1194"},{"taxonomy":"post_tag","embeddable":true,"href":"https:\/\/blogs.uef.fi\/ktl\/wp-json\/wp\/v2\/tags?post=1194"}],"curies":[{"name":"wp","href":"https:\/\/api.w.org\/{rel}","templated":true}]}}