{"id":351,"date":"2024-08-28T12:58:34","date_gmt":"2024-08-28T10:58:34","guid":{"rendered":"https:\/\/blogs.uef.fi\/kestavyyspalapeli\/?p=351"},"modified":"2024-08-28T13:23:28","modified_gmt":"2024-08-28T11:23:28","slug":"kestavyysmurros-vaatii-arvojen-ja-elamantapojen-muutoksen","status":"publish","type":"post","link":"https:\/\/blogs.uef.fi\/kestavyyspalapeli\/2024\/08\/28\/kestavyysmurros-vaatii-arvojen-ja-elamantapojen-muutoksen\/","title":{"rendered":"Kest\u00e4vyysmurros vaatii arvojen ja el\u00e4m\u00e4ntapojen muutoksen"},"content":{"rendered":"\n<p><em>Ekologisesti kest\u00e4v\u00e4n yhteiskunnan rakentaminen on osoittautunut \u00e4\u00e4rimm\u00e4isen hankalaksi teht\u00e4v\u00e4ksi. Yhteiskunnallisten rakenteiden muuttamisen lis\u00e4ksi ihmiset tulisi my\u00f6s saada muuttamaan el\u00e4m\u00e4ntapojaan, ja t\u00e4m\u00e4 on osoittautunut eritt\u00e4in vaikeaksi. Muutos voi olla vaikea, vaikka muutokset olisivat ihmiselle itselleen helppoja, terveellisi\u00e4 ja halpoja. Ekologinen kriisi on asettanut yhteiskunnille valtavan muutostarpeen, jota kutsumme kest\u00e4vyysmurrokseksi. Kest\u00e4vyysmurroksessa pit\u00e4isi samanaikaisesti lis\u00e4t\u00e4 uusiutuvan energian tuotantoa sek\u00e4 huolehtia luonnon monimuotoisuuden s\u00e4ilymisest\u00e4 ja ennallistamisesta niin, ett\u00e4 muutos olisi sosiaalisesti ja kulttuurisesti kest\u00e4v\u00e4. T\u00e4ss\u00e4 jutussa hankekoordinaattori ja ty\u00f6pajojen vet\u00e4j\u00e4 Timo Kuusiola tarkastelee muutosvastaisuuden taustalla piilevi\u00e4 syit\u00e4 sek\u00e4 yhteiskunnallisia ja henkil\u00f6kohtaisia muutostarpeita omiin kokemuksiin ja kirjallisuusl\u00e4hteisiin nojautuen.<\/em><\/p>\n\n\n\n<p><\/p>\n\n\n\n<p><\/p>\n\n\n\n<p><strong>Olen<\/strong> toiminut ilmasto- ja ymp\u00e4rist\u00f6kysymysten parissa yli 10 vuotta erilaisissa teht\u00e4viss\u00e4 sek\u00e4 kunta- ett\u00e4 kansalaisj\u00e4rjest\u00f6puolella. Olen ollut mukana ruohonjuuritason hankkeissa, joissa on yritetty saada kansalaisia mukaan tekem\u00e4\u00e4n ilmastotekoja. Kokemusteni kautta tied\u00e4n, kuinka vaikeaa ihmisten k\u00e4ytt\u00e4ytymiseen vaikuttaminen on. Olen huomannut, ett\u00e4 ylh\u00e4\u00e4lt\u00e4 ohjattu valistaminen puree enimm\u00e4kseen sellaisiin, jotka ovat jo ennest\u00e4\u00e4n valveutuneita ilmastoasioista ja el\u00e4v\u00e4t muutenkin jo kohtuullisen ekologisesti kest\u00e4v\u00e4\u00e4 el\u00e4m\u00e4\u00e4. Tuon kaltaisille ihmisille valistaminen saattaa aiheuttaa kuitenkin ahdistusta, koska he kokevat tarvetta muuttaa el\u00e4m\u00e4\u00e4ns\u00e4 viel\u00e4 ekologisemmaksi, jolloin se saattaa tapahtua kohtuuttomasti oman hyvinvoinnin kustannuksella. Samasta syyst\u00e4 my\u00f6s syyllist\u00e4miseen tukeutuvat vaikuttamiskeinot aiheuttavat vain enemm\u00e4n muutosvastaisuutta ja luovat ahdistusta ekologisesti valveutuneissa ihmisiss\u00e4, jotka ovat jo ennest\u00e4\u00e4n ahdistuneita. Edell\u00e4 mainittujen asioiden takia suhtaudun melko kriittisesti ylh\u00e4\u00e4lt\u00e4 ohjatun valistamisen voimaan.&nbsp;<\/p>\n\n\n\n<p>Olen my\u00f6s huomannut, miten haastavaa muutoksen tekeminen on. Oma hiilijalanj\u00e4lkeni oli viel\u00e4 vuoteen 2017 asti keskim\u00e4\u00e4r\u00e4isell\u00e4 tasolla, vaikka olin jo siin\u00e4 vaiheessa toiminut kuusi vuotta ilmasto- ja ymp\u00e4rist\u00f6alalla ja yhten\u00e4 ty\u00f6teht\u00e4v\u00e4n\u00e4 oli juuri kansalaisten valistaminen ilmastotekoihin. Kuvittelin siten itsekin el\u00e4v\u00e4ni ekologista el\u00e4m\u00e4\u00e4, mutta p\u00e4\u00e4st\u00f6testi paljasti totuuden. Silloisessa el\u00e4m\u00e4ss\u00e4ni suurin suoraan omaan toimijuuteeni ja valintoihin liittyv\u00e4 p\u00e4\u00e4st\u00f6vaikutus tuli matkailusta ja ruokavaliosta. Ennen vuotta 2017 tein yleens\u00e4 yhden tai kaksi matkaa vuodessa lent\u00e4en ja sen lis\u00e4ksi s\u00f6in melko paljon lihaa sek\u00e4 asuin yksin isossa kaukol\u00e4mmitteisess\u00e4 kaksiossa ja omistin auton, jolla ajoin melko v\u00e4h\u00e4n, mutta usein turhia matkoja. Oikeutin lentomatkat itselleni sill\u00e4, ett\u00e4 teen ilmasto- ja ymp\u00e4rist\u00f6ty\u00f6t\u00e4, joilla ik\u00e4\u00e4n kuin voisin kompensoida omista el\u00e4m\u00e4nvalinnoista aiheutuvat p\u00e4\u00e4st\u00f6t.&nbsp;<\/p>\n\n\n\n<h2 class=\"wp-block-heading\">Aivojen suojamuurit tekev\u00e4t muutoksesta haastavaa<\/h2>\n\n\n\n<p>Kompensointia puoltava ajattelutapa liittyy vahvasti my\u00f6s Yle Areenasta katsomaani Ilmastoparadoksi-dokumenttisarjaan. Dokumenttisarjassa on esitetty norjalaisen psykologi ja ekonomi Per Espen Stoknesin tutkimuksiin perustuneita teorioita aivojemme pystytt\u00e4mist\u00e4 suojamuureista, jotka est\u00e4v\u00e4t meit\u00e4 ymm\u00e4rt\u00e4m\u00e4st\u00e4 omaa rooliamme ymp\u00e4rist\u00f6n tuhoutumisessa.&nbsp;<\/p>\n\n\n\n<p>Omaan esimerkkiini siit\u00e4, kuinka omalla ymp\u00e4rist\u00f6ty\u00f6ll\u00e4ni ajattelin kompensoivani ep\u00e4ekologista el\u00e4m\u00e4ntapaani, on suoraan kytk\u00f6ksiss\u00e4 Per Espen Stoknesin Ilmastoparadoksi-dokumenttisarjassa esitettyyn kiist\u00e4miseen liittyv\u00e4\u00e4n aivojen suojamuuriin. Se voi toimia muun muassa niin, ett\u00e4 ihminen kiist\u00e4\u00e4 oman osuutensa ymp\u00e4rist\u00f6n tuhoutumisesta. Toinen suojamuuri liittyy dissonanssiin eli ristiriitaan nykyisen el\u00e4m\u00e4ntyylin ja vaadittavan muutoksen v\u00e4lill\u00e4, jolloin aivot pyrkiv\u00e4t poistamaan ristiriidan perustelemalla omia valintoja ja v\u00e4h\u00e4ttelem\u00e4ll\u00e4 niiden vaikutusta. Niin kuin tein itsekin perustellessani lomalentoja tarpeella p\u00e4\u00e4st\u00e4 purkamaan ilmasto- ja ymp\u00e4rist\u00f6ty\u00f6st\u00e4 syntynytt\u00e4 stressi\u00e4 ulkomaanmatkalla.&nbsp;<\/p>\n\n\n\n<p>Ratkaisuiksi Stoknes esitt\u00e4\u00e4 dissonanssin osalta ensinn\u00e4kin sen, ett\u00e4 muutos pit\u00e4isi saada helpoksi, ja toisena, ett\u00e4 hyv\u00e4t esimerkit rohkaisevat my\u00f6s muita muutoksen tekemisess\u00e4. Kiist\u00e4misen osalta Stoknes esitt\u00e4\u00e4 ratkaisuksi muutoksen mahdolliseksi osoittamisen eli k\u00e4yt\u00e4nn\u00f6ss\u00e4 hyv\u00e4t esimerkit auttavat my\u00f6s kiist\u00e4miseen liittyv\u00e4n suojamuurin murtamisessa.&nbsp;<\/p>\n\n\n\n<p>Vuoden 2017 j\u00e4lkeen olen tehnyt radikaaleja muutoksia el\u00e4m\u00e4ntapoihini, niiden my\u00f6t\u00e4 olen saanut v\u00e4hennetty\u00e4 hiilijalanj\u00e4lkeni vuoden 2016 noin 10 hiliidioksidiekvivalenttitonnin tasosta nykyiseen noin 2,5 tonnin tasoon. T\u00e4ytyy kuitenkin sanoa, ett\u00e4 muutos ei ole tullut helposti, vaan siihen ovat vaikuttaneet my\u00f6s merkitt\u00e4v\u00e4sti henkil\u00f6kohtaiset ajattelutapojen ja el\u00e4m\u00e4nkatsomukseen liittyv\u00e4t muutokset kuten buddhalaisuuden oppien omaksuminen ja sit\u00e4 kautta my\u00f6t\u00e4tuntotaitojen kehitt\u00e4minen ja arvojen muuttuminen. Suurimmat p\u00e4\u00e4st\u00f6pudotukset ovat tulleet lentomatkojen radikaalista v\u00e4hent\u00e4misest\u00e4, maal\u00e4mmitteiseen kommuuniasuntoon muuttamisesta sek\u00e4 autoilun ja lihan sy\u00f6nnin lopettamisesta. Yksi vaikutin on ollut my\u00f6s itsens\u00e4ty\u00f6llist\u00e4j\u00e4ksi ryhtyminen, jonka my\u00f6t\u00e4 tulotasoni on pudonnut mutta vapaa-ajan m\u00e4\u00e4r\u00e4 lis\u00e4\u00e4ntynyt. Pid\u00e4n kuitenkin nykyist\u00e4 el\u00e4m\u00e4ntapaani paljon terveellisemp\u00e4n\u00e4 ja henkisesti rikkaampana kuin aikaisempaa paljon luonnonvaroja kuluttavaa el\u00e4m\u00e4ntapaani.&nbsp;<\/p>\n\n\n\n<h2 class=\"wp-block-heading\">Yhteiskunnallinen muutos tarvitsee onnistuakseen my\u00f6s arvojen muutoksen<\/h2>\n\n\n\n<p>Arvojen ja erilaisten motivaattoreiden vaikutuksesta hyvinvointiin on k\u00e4sitelty my\u00f6s Johan Harin <em>Mielen yhteydet<\/em> -kirjassa. Kirjassa on mainittu, kuinka ihmisell\u00e4 on kaksi perusmotivaatiota eli sis\u00e4inen motivaatio ja ulkoinen motivaatio. Sis\u00e4iseen motivaatioon kuuluvat asiat, joita ihminen haluaa tehd\u00e4 puhtaasti siksi, ett\u00e4 arvostaa niit\u00e4 sellaisenaan &#8211; ei siksi, ett\u00e4 hy\u00f6tyisi niist\u00e4 jotenkin. Ulkoiseen motivaatioon kuuluvat asiat, joita ei erityisemmin halua tehd\u00e4 mutta tekee saadakseen niist\u00e4 tietyn hy\u00f6dyn (esim. rahaa, ihailua, seksi\u00e4 tai korkeamman aseman).&nbsp;<\/p>\n\n\n\n<p>Omassa el\u00e4m\u00e4ntapojen muutoksessani keskeist\u00e4 oli juuri arvojen ja niihin liittyvien motivaatioiden muuttuminen enemm\u00e4n sis\u00e4isiksi arvoiksi, esimerkiksi henkiseen hyvinvointiin liittyviksi arvoiksi. Vallitsevat kriisit, joista koko ihmiskunnan kannalta uhkaavimpana voidaan pit\u00e4\u00e4 ekologista kriisi\u00e4, ovat asettaneet ihmiskunnalle ennenn\u00e4kem\u00e4tt\u00f6m\u00e4n muutostarpeen. Yhteiskunnallisella tasolla tied\u00e4mme jo melko hyvin, miten yhteiskuntaj\u00e4rjestelm\u00e4mme osien, esimerkiksi energiaj\u00e4rjestelm\u00e4n, tulisi muuttua. Suurempi kysymys kuitenkin on, riitt\u00e4v\u00e4tk\u00f6 pelk\u00e4st\u00e4\u00e4n yhteiskuntaj\u00e4rjestelmien tasolla tehdyt muutokset k\u00e4\u00e4nt\u00e4m\u00e4\u00e4n koko ihmiskunnan ymp\u00e4rist\u00f6vaikutukset ekologisten rajojen sis\u00e4lle. T\u00e4st\u00e4 on my\u00f6s ollut eri\u00e4vi\u00e4 n\u00e4kemyksi\u00e4 asiantuntijoiden ja tutkijoiden kesken.&nbsp;<\/p>\n\n\n\n<p>Nykyisen tieteellisen tiedon valossa n\u00e4ytt\u00e4\u00e4 kuitenkin vahvasti silt\u00e4, ett\u00e4 pelk\u00e4st\u00e4\u00e4n yhteiskuntaj\u00e4rjestelmiss\u00e4 tapahtuva energiaj\u00e4rjestelm\u00e4n muuttaminen ei riit\u00e4 saamaan koko ihmiskunnan ymp\u00e4rist\u00f6vaikutusta ekologisten rajojen sis\u00e4lle, mink\u00e4 takia on esitetty merkitt\u00e4vi\u00e4 vaatimuksia my\u00f6s ihmisten el\u00e4m\u00e4ntapojen muutoksiksi. T\u00e4h\u00e4n liittyy vahvasti my\u00f6s arvoihin liittyv\u00e4 kysymys siit\u00e4, pyrit\u00e4\u00e4nk\u00f6 turvaamaan kaikille el\u00e4ville olennoille hyv\u00e4\u00e4n el\u00e4m\u00e4\u00e4n riitt\u00e4v\u00e4 elintaso ja elinymp\u00e4rist\u00f6 vai ollaanko kiinnostuneita vain omasta ja l\u00e4himm\u00e4isten hyv\u00e4n el\u00e4m\u00e4n edellytyksist\u00e4. Edell\u00e4 mainittu asia liittyy my\u00f6s yhteen Stoknesin esitt\u00e4m\u00e4\u00e4n aivojen suojamuuriin eli et\u00e4isyyteen liittyv\u00e4\u00e4n suojamuuriin, jonka mukaan asiat, jotka eiv\u00e4t suoraan vaikuta itseen tai omaan l\u00e4hipiirin, koetaan et\u00e4isiksi eik\u00e4 niihin kiinnitet\u00e4 herk\u00e4sti huomiota. Et\u00e4isyys voi tarkoittaa sek\u00e4 maantieteellist\u00e4 et\u00e4isyytt\u00e4 ett\u00e4 aikaan liittyv\u00e4\u00e4 et\u00e4isyytt\u00e4 &#8211; esimerkiksi sit\u00e4, ett\u00e4 tulevaisuuteen liittyv\u00e4t asiat koetaan et\u00e4isiksi.<br><br>Koronapandemiasta ja muista globaaleista kriiseist\u00e4 on kuitenkin opittu, ett\u00e4 yhteiskunnat ovat hyvin verkottuneita kesken\u00e4\u00e4n. Yhteiskuntien verkottuneisuuden takia ekologisen kriisin vaikutukset eiv\u00e4t pysy loputtomasti vain paikallisina, vaan jossain kohtaa niist\u00e4 tulee globaaleja ongelmia, jotka v\u00e4ist\u00e4m\u00e4tt\u00e4 vaikuttavat my\u00f6s rikkaissa maissa el\u00e4vien mahdollisuuksiin el\u00e4\u00e4 hyv\u00e4\u00e4 el\u00e4m\u00e4\u00e4. Uhat ja katastrofit eiv\u00e4t my\u00f6sk\u00e4\u00e4n v\u00e4ltt\u00e4m\u00e4tt\u00e4 her\u00e4t\u00e4 ihmisi\u00e4, jos esiin tulee Stoknesin mainitsema tuomiop\u00e4iv\u00e4n suojamuuri, jossa ihminen turtuu uhkaaviin ja huonoihin uutisiin.&nbsp;<\/p>\n\n\n\n<h2 class=\"wp-block-heading\">Muutosvastaisuutta tulisi torjua nojautumalla vaihtoehtoisiin el\u00e4m\u00e4ntapoihin<\/h2>\n\n\n\n<p>Et\u00e4isyyden ja tuomioip\u00e4iv\u00e4n suojamuureihin liittyv\u00e4t vahvasti erilaiset tulevaisuuskuvat, joita on pohdittu my\u00f6s David Jonstadin <em>Sivilisaatio loppu<\/em> -kirjassa. Kirjassa mainitaan esimerkkin\u00e4 Ruotsin ymp\u00e4rist\u00f6tutkimuslaitoksessa tehty tutkimus, jossa kartoitettiin tutkijoiden tulevaisuuskuvia. Tutkimuksessa oli nelj\u00e4 eri tulevaisuuskuvaa, joista yksi nimettiin \u201cvihre\u00e4ksi toivoksi\u201d, joka oli kaikista optimistisin tulevaisuuskuva. Tutkimukseen osallistuneista hyvin harva tutkija piti \u201cvihre\u00e4n toivon\u201d kaltaista tulevaisuutta todenn\u00e4k\u00f6isen\u00e4. Silti poliittinen keskustelu yleens\u00e4 kietoutuu juuri tuon \u201cvihre\u00e4n toivon\u201d kaltaisen tulevaisuuskuvan varaan, jossa nojaudutaan vahvasti erilaisiin teknologisiin innovaatioihin. Yhdeksi syyksi Jonstad nostaa niin kutsutun Panglosin taudin, josta k\u00e4rsiv\u00e4t eiv\u00e4t pysty ajattelemaan ep\u00e4toivottuja tulevaisuuskuvia eiv\u00e4tk\u00e4 pysty my\u00f6sk\u00e4\u00e4n miettim\u00e4\u00e4n ep\u00e4toivottuihin tulevaisuuksiin varautumista.&nbsp;<\/p>\n\n\n\n<p>Jonstadin kirjassa on my\u00f6s hyvi\u00e4 pohdintoja toivosta. Kirjassa siteerataan amerikkalaista ymp\u00e4rist\u00f6professori ja kirjailija David Orria: \u201cSanotaan, ett\u00e4 meid\u00e4n t\u00e4ytyy tehd\u00e4 toivosta mahdollinen, ei vakuuttaa toivottomuutta\u201d. Samaan aiheeseen liittyv\u00e4t my\u00f6s kirjassa siiteerattu kirjailija ja historioitsija Robert Wrightin pohdinnat: \u201cToivo, ajaa meit\u00e4 l\u00f6yt\u00e4m\u00e4\u00e4n uusia ratkaisuja vanhoihin ongelmiin, jotka puolestaan luovat entist\u00e4 pahempia ongelmia. Ne poliitikot, joilla on eniten tyhji\u00e4 lupauksia, valitsevat toivon. Ja kuten jokainen osakev\u00e4litt\u00e4j\u00e4 tai lottokauppias tiet\u00e4\u00e4, useimmat meist\u00e4 valitsevat toivonhitusen mielummin kuin varovaisen ja ennustettavan s\u00e4\u00e4st\u00e4misen. Aivan samoin kuin ahneus, toivokin on kapitalismin k\u00e4ytt\u00f6voima.\u201d<\/p>\n\n\n\n<p class=\"has-text-align-center\"><em>&#8221;Vihre\u00e4\u00e4n toivoon nojautumalla kansalaisille annetaan sellainen kuva, ett\u00e4 nykyisen kaltainen luonnonvaroja kuluttava el\u00e4m\u00e4ntapa olisi mahdollista my\u00f6s ekologisissa rajoissa, kunhan vain saadaan tehty\u00e4 rakenteellisia ja teknologisia muutoksia yhteiskunnassa<\/em>.&#8221;<\/p>\n\n\n\n<p>Jonstadin esitt\u00e4m\u00e4t argumentit koskien vihre\u00e4\u00e4 toivoa ovat hieman yksinkertaistettuja. Vihre\u00e4ss\u00e4 toivossa keskeist\u00e4 on teknologisiin innovaatioihin tukeutuminen. Eik\u00e4 vihre\u00e4 toivo ole vain poliitikkojen suosikki, vaan siihen turvautuvat my\u00f6s monet ekonomistit ja talouspoliitikot. My\u00f6s ymp\u00e4rist\u00f6liikkeen sis\u00e4ll\u00e4 osa nojaa n\u00e4kemyksens\u00e4 vahvasti teknologisuskovaiseen vihre\u00e4n toivon kaltaiseen tulevaisuuskuvaan. En my\u00f6sk\u00e4\u00e4n jaa Jonstadin n\u00e4kemyst\u00e4 Panglosin taudin olevan syy vihre\u00e4\u00e4n toivoon nojautumisessa. Teknologiauskovaiseen vihre\u00e4\u00e4n toivoon turvautuvilla asiantuntijoilla ja poliitikoilla ei ole ongelmaa huonojen tulevaisuuskuvien ajattelemisessa. He turvautuvat vihre\u00e4\u00e4n toivoon yleens\u00e4 siksi, ett\u00e4 siihen nojautuvien tulevaisuuskuvien avulla pystyt\u00e4\u00e4n paremmin perustelemaan kansalaisille tarvittavia toimia nykyhetkess\u00e4. Ongelmana on, ett\u00e4 vihre\u00e4\u00e4n toivoon nojautumalla kansalaisille annetaan sellainen kuva, ett\u00e4 nykyisen kaltainen luonnonvaroja kuluttava el\u00e4m\u00e4ntapa olisi mahdollista my\u00f6s ekologisissa rajoissa, kunhan vaan saadaan tehty\u00e4 rakenteellisia ja teknologisia muutoksia yhteiskunnassa.&nbsp;<\/p>\n\n\n\n<p>Tutkimukset ovat osoittaneet, ett\u00e4 nykyinen luonnonvaroja kuluttava el\u00e4m\u00e4ntapa ei ole ainakaan l\u00e4hitulevaisuudessa mahdollista varsinkaan niin, ett\u00e4 turvattaisiin samalla hyv\u00e4\u00e4n el\u00e4m\u00e4\u00e4n riitt\u00e4v\u00e4 elintaso kaikille ihmisille, saati muille eli\u00f6lajeille. Tarvitsemme v\u00e4ist\u00e4m\u00e4tt\u00e4 muutosta my\u00f6s el\u00e4m\u00e4ntavoissa. Muutoksen pit\u00e4isi tapahtua my\u00f6s ihmisten arvoissa ja erityisesti siin\u00e4, millaiseksi m\u00e4\u00e4ritell\u00e4\u00e4n hyv\u00e4 el\u00e4m\u00e4. Nykyinen hyv\u00e4n el\u00e4m\u00e4n malli on syntynyt kapitalismin m\u00e4\u00e4ritt\u00e4m\u00e4n\u00e4, ja siin\u00e4 korostetaan yksil\u00f6tason materiaalista menestyst\u00e4.&nbsp;<\/p>\n\n\n\n<p>Uuden hyv\u00e4n el\u00e4m\u00e4n mallin tulisi pohjautua sis\u00e4isiin arvoihin eli asioihin mist\u00e4 oikeasti nauttii vain tekemisen ilosta eik\u00e4 sen takia, ett\u00e4 voisi saavuttaa jotain. Arvojen muutoksella voitaisiin samanaikaisesti torjua sek\u00e4 ekologista kriisi\u00e4 ett\u00e4 mielenterveyskriisi\u00e4, koska niin kuin Johan Harin <em>Mielen yhteydet<\/em> -kirjassa on osoitettu, ulkoiset arvot eiv\u00e4t ole haitallisia vain luonnolle, vaan ne ovat keskeinen tekij\u00e4 my\u00f6s mielenterveyskriisin syntymisess\u00e4. Edell\u00e4 mainittujen seikkojen vuoksi olisikin t\u00e4rke\u00e4\u00e4, ett\u00e4 muutosvastaisuutta torjuttaisiin n\u00e4ytt\u00e4m\u00e4ll\u00e4 konkreettisia ja toimivia esimerkkej\u00e4 sis\u00e4isi\u00e4 arvoja korostavista el\u00e4m\u00e4ntavoista sek\u00e4 tekem\u00e4ll\u00e4 niihin siirtymisest\u00e4 mahdollisimman helppoa varallisuustasosta riippumatta sen sijaan, ett\u00e4 nojattaisiin vihre\u00e4n toivon kaltaisiin ep\u00e4todenn\u00e4k\u00f6isiin tulevaisuuskuviin.&nbsp;&nbsp;<\/p>\n\n\n\n<p><br>Haluan kuitenkin viel\u00e4 lopuksi korostaa, ett\u00e4 t\u00e4t\u00e4k\u00e4\u00e4n asiaa ei tulisi l\u00e4hesty\u00e4 kaksijakoisesti eli joko tai kysymyksen\u00e4 vaan enemm\u00e4n moniulotteisesti eli kyse on sek\u00e4 ett\u00e4. Eli tarvitsemme sek\u00e4 yhteiskunnallisia muutostarpeita kuten muutoksia energiaj\u00e4rjestelm\u00e4ss\u00e4, mutta samanaikaisesti pit\u00e4\u00e4 v\u00e4hent\u00e4\u00e4 kulutusta, joka taas tarvitsee onnistuakseen sek\u00e4 yhteiskunnallista ohjausta ett\u00e4 muutosta ihmisten el\u00e4m\u00e4ntavoissa ja arvoissa.&nbsp;&nbsp;<\/p>\n\n\n\n<h3 class=\"wp-block-heading\">Kirjoittaja<\/h3>\n\n\n\n<p>Timo Kuusiola, Ajatushautomo Creatura<\/p>\n\n\n\n<h5 class=\"wp-block-heading\">Tekstiss\u00e4 viitatut l\u00e4hteet<\/h5>\n\n\n\n<p>Harin, Johan 2019. Mielen yhteydet, Bazar Kustannus.\u00a0<\/p>\n\n\n\n<p>Jonstad, David 2016. Sivilisaation loppu, Into Kustannus.<\/p>\n\n\n\n<p>Stoknes, Per Espen, 2020. Ilmastoparadoksi -tv-sarja (Tuotanto Rethink New Media Solutions Ab Oy).<\/p>\n\n\n\n<h5 class=\"wp-block-heading\">Kuva<\/h5>\n\n\n\n<p>Markus Trienke\/Wikimedia Commons, <a href=\"https:\/\/creativecommons.org\/licenses\/by-sa\/3.0\">CC BY-SA 3.0<\/a><\/p>\n","protected":false},"excerpt":{"rendered":"<p>Ekologisesti kest\u00e4v\u00e4n yhteiskunnan rakentaminen on osoittautunut \u00e4\u00e4rimm\u00e4isen hankalaksi teht\u00e4v\u00e4ksi. Yhteiskunnallisten rakenteiden muuttamisen lis\u00e4ksi ihmiset tulisi my\u00f6s saada muuttamaan el\u00e4m\u00e4ntapojaan, ja t\u00e4m\u00e4 on osoittautunut eritt\u00e4in vaikeaksi. Muutos voi olla vaikea, vaikka muutokset olisivat ihmiselle itselleen helppoja, terveellisi\u00e4 ja halpoja. Ekologinen kriisi on asettanut yhteiskunnille valtavan muutostarpeen, jota kutsumme kest\u00e4vyysmurrokseksi. Kest\u00e4vyysmurroksessa pit\u00e4isi samanaikaisesti lis\u00e4t\u00e4 uusiutuvan energian tuotantoa [&hellip;]<\/p>\n","protected":false},"author":604,"featured_media":354,"comment_status":"open","ping_status":"open","sticky":false,"template":"","format":"standard","meta":{"_acf_changed":false,"footnotes":""},"categories":[1],"tags":[79,76,8],"class_list":["post-351","post","type-post","status-publish","format-standard","has-post-thumbnail","hentry","category-uncategorized","tag-arvot","tag-elamantapa","tag-kestavyysmurros"],"acf":[],"yoast_head":"<!-- This site is optimized with the Yoast SEO plugin v27.3 - https:\/\/yoast.com\/product\/yoast-seo-wordpress\/ -->\n<title>Kest\u00e4vyysmurros vaatii arvojen ja el\u00e4m\u00e4ntapojen muutoksen - Blogi kest\u00e4vyyspalapelist\u00e4<\/title>\n<meta name=\"robots\" content=\"index, follow, max-snippet:-1, max-image-preview:large, max-video-preview:-1\" \/>\n<link rel=\"canonical\" href=\"https:\/\/blogs.uef.fi\/kestavyyspalapeli\/2024\/08\/28\/kestavyysmurros-vaatii-arvojen-ja-elamantapojen-muutoksen\/\" \/>\n<meta property=\"og:locale\" content=\"fi_FI\" \/>\n<meta property=\"og:type\" content=\"article\" \/>\n<meta property=\"og:title\" content=\"Kest\u00e4vyysmurros vaatii arvojen ja el\u00e4m\u00e4ntapojen muutoksen - Blogi kest\u00e4vyyspalapelist\u00e4\" \/>\n<meta property=\"og:description\" content=\"Ekologisesti kest\u00e4v\u00e4n yhteiskunnan rakentaminen on osoittautunut \u00e4\u00e4rimm\u00e4isen hankalaksi teht\u00e4v\u00e4ksi. Yhteiskunnallisten rakenteiden muuttamisen lis\u00e4ksi ihmiset tulisi my\u00f6s saada muuttamaan el\u00e4m\u00e4ntapojaan, ja t\u00e4m\u00e4 on osoittautunut eritt\u00e4in vaikeaksi. Muutos voi olla vaikea, vaikka muutokset olisivat ihmiselle itselleen helppoja, terveellisi\u00e4 ja halpoja. Ekologinen kriisi on asettanut yhteiskunnille valtavan muutostarpeen, jota kutsumme kest\u00e4vyysmurrokseksi. Kest\u00e4vyysmurroksessa pit\u00e4isi samanaikaisesti lis\u00e4t\u00e4 uusiutuvan energian tuotantoa [&hellip;]\" \/>\n<meta property=\"og:url\" content=\"https:\/\/blogs.uef.fi\/kestavyyspalapeli\/2024\/08\/28\/kestavyysmurros-vaatii-arvojen-ja-elamantapojen-muutoksen\/\" \/>\n<meta property=\"og:site_name\" content=\"Blogi kest\u00e4vyyspalapelist\u00e4\" \/>\n<meta property=\"article:published_time\" content=\"2024-08-28T10:58:34+00:00\" \/>\n<meta property=\"article:modified_time\" content=\"2024-08-28T11:23:28+00:00\" \/>\n<meta property=\"og:image\" content=\"https:\/\/blogs.uef.fi\/kestavyyspalapeli\/wp-content\/uploads\/sites\/187\/2024\/08\/1024px-Ecological_Niche_128950481.jpg\" \/>\n\t<meta property=\"og:image:width\" content=\"1024\" \/>\n\t<meta property=\"og:image:height\" content=\"371\" \/>\n\t<meta property=\"og:image:type\" content=\"image\/jpeg\" \/>\n<meta name=\"author\" content=\"Toimitus\" \/>\n<meta name=\"twitter:card\" content=\"summary_large_image\" \/>\n<meta name=\"twitter:label1\" content=\"Kirjoittanut\" \/>\n\t<meta name=\"twitter:data1\" content=\"Toimitus\" \/>\n\t<meta name=\"twitter:label2\" content=\"Arvioitu lukuaika\" \/>\n\t<meta name=\"twitter:data2\" content=\"10 minuuttia\" \/>\n<script type=\"application\/ld+json\" class=\"yoast-schema-graph\">{\"@context\":\"https:\\\/\\\/schema.org\",\"@graph\":[{\"@type\":\"Article\",\"@id\":\"https:\\\/\\\/blogs.uef.fi\\\/kestavyyspalapeli\\\/2024\\\/08\\\/28\\\/kestavyysmurros-vaatii-arvojen-ja-elamantapojen-muutoksen\\\/#article\",\"isPartOf\":{\"@id\":\"https:\\\/\\\/blogs.uef.fi\\\/kestavyyspalapeli\\\/2024\\\/08\\\/28\\\/kestavyysmurros-vaatii-arvojen-ja-elamantapojen-muutoksen\\\/\"},\"author\":{\"name\":\"Toimitus\",\"@id\":\"https:\\\/\\\/blogs.uef.fi\\\/kestavyyspalapeli\\\/#\\\/schema\\\/person\\\/1ece4128ba038ace61748085cfc9b2fd\"},\"headline\":\"Kest\u00e4vyysmurros vaatii arvojen ja el\u00e4m\u00e4ntapojen muutoksen\",\"datePublished\":\"2024-08-28T10:58:34+00:00\",\"dateModified\":\"2024-08-28T11:23:28+00:00\",\"mainEntityOfPage\":{\"@id\":\"https:\\\/\\\/blogs.uef.fi\\\/kestavyyspalapeli\\\/2024\\\/08\\\/28\\\/kestavyysmurros-vaatii-arvojen-ja-elamantapojen-muutoksen\\\/\"},\"wordCount\":1872,\"commentCount\":0,\"publisher\":{\"@id\":\"https:\\\/\\\/blogs.uef.fi\\\/kestavyyspalapeli\\\/#organization\"},\"image\":{\"@id\":\"https:\\\/\\\/blogs.uef.fi\\\/kestavyyspalapeli\\\/2024\\\/08\\\/28\\\/kestavyysmurros-vaatii-arvojen-ja-elamantapojen-muutoksen\\\/#primaryimage\"},\"thumbnailUrl\":\"https:\\\/\\\/blogs.uef.fi\\\/kestavyyspalapeli\\\/wp-content\\\/uploads\\\/sites\\\/187\\\/2024\\\/08\\\/1024px-Ecological_Niche_128950481.jpg\",\"keywords\":[\"arvot\",\"el\u00e4m\u00e4ntapa\",\"kest\u00e4vyysmurros\"],\"articleSection\":[\"Uncategorized\"],\"inLanguage\":\"fi\",\"potentialAction\":[{\"@type\":\"CommentAction\",\"name\":\"Comment\",\"target\":[\"https:\\\/\\\/blogs.uef.fi\\\/kestavyyspalapeli\\\/2024\\\/08\\\/28\\\/kestavyysmurros-vaatii-arvojen-ja-elamantapojen-muutoksen\\\/#respond\"]}]},{\"@type\":\"WebPage\",\"@id\":\"https:\\\/\\\/blogs.uef.fi\\\/kestavyyspalapeli\\\/2024\\\/08\\\/28\\\/kestavyysmurros-vaatii-arvojen-ja-elamantapojen-muutoksen\\\/\",\"url\":\"https:\\\/\\\/blogs.uef.fi\\\/kestavyyspalapeli\\\/2024\\\/08\\\/28\\\/kestavyysmurros-vaatii-arvojen-ja-elamantapojen-muutoksen\\\/\",\"name\":\"Kest\u00e4vyysmurros vaatii arvojen ja el\u00e4m\u00e4ntapojen muutoksen - Blogi kest\u00e4vyyspalapelist\u00e4\",\"isPartOf\":{\"@id\":\"https:\\\/\\\/blogs.uef.fi\\\/kestavyyspalapeli\\\/#website\"},\"primaryImageOfPage\":{\"@id\":\"https:\\\/\\\/blogs.uef.fi\\\/kestavyyspalapeli\\\/2024\\\/08\\\/28\\\/kestavyysmurros-vaatii-arvojen-ja-elamantapojen-muutoksen\\\/#primaryimage\"},\"image\":{\"@id\":\"https:\\\/\\\/blogs.uef.fi\\\/kestavyyspalapeli\\\/2024\\\/08\\\/28\\\/kestavyysmurros-vaatii-arvojen-ja-elamantapojen-muutoksen\\\/#primaryimage\"},\"thumbnailUrl\":\"https:\\\/\\\/blogs.uef.fi\\\/kestavyyspalapeli\\\/wp-content\\\/uploads\\\/sites\\\/187\\\/2024\\\/08\\\/1024px-Ecological_Niche_128950481.jpg\",\"datePublished\":\"2024-08-28T10:58:34+00:00\",\"dateModified\":\"2024-08-28T11:23:28+00:00\",\"breadcrumb\":{\"@id\":\"https:\\\/\\\/blogs.uef.fi\\\/kestavyyspalapeli\\\/2024\\\/08\\\/28\\\/kestavyysmurros-vaatii-arvojen-ja-elamantapojen-muutoksen\\\/#breadcrumb\"},\"inLanguage\":\"fi\",\"potentialAction\":[{\"@type\":\"ReadAction\",\"target\":[\"https:\\\/\\\/blogs.uef.fi\\\/kestavyyspalapeli\\\/2024\\\/08\\\/28\\\/kestavyysmurros-vaatii-arvojen-ja-elamantapojen-muutoksen\\\/\"]}]},{\"@type\":\"ImageObject\",\"inLanguage\":\"fi\",\"@id\":\"https:\\\/\\\/blogs.uef.fi\\\/kestavyyspalapeli\\\/2024\\\/08\\\/28\\\/kestavyysmurros-vaatii-arvojen-ja-elamantapojen-muutoksen\\\/#primaryimage\",\"url\":\"https:\\\/\\\/blogs.uef.fi\\\/kestavyyspalapeli\\\/wp-content\\\/uploads\\\/sites\\\/187\\\/2024\\\/08\\\/1024px-Ecological_Niche_128950481.jpg\",\"contentUrl\":\"https:\\\/\\\/blogs.uef.fi\\\/kestavyyspalapeli\\\/wp-content\\\/uploads\\\/sites\\\/187\\\/2024\\\/08\\\/1024px-Ecological_Niche_128950481.jpg\",\"width\":1024,\"height\":371},{\"@type\":\"BreadcrumbList\",\"@id\":\"https:\\\/\\\/blogs.uef.fi\\\/kestavyyspalapeli\\\/2024\\\/08\\\/28\\\/kestavyysmurros-vaatii-arvojen-ja-elamantapojen-muutoksen\\\/#breadcrumb\",\"itemListElement\":[{\"@type\":\"ListItem\",\"position\":1,\"name\":\"Home\",\"item\":\"https:\\\/\\\/blogs.uef.fi\\\/kestavyyspalapeli\\\/\"},{\"@type\":\"ListItem\",\"position\":2,\"name\":\"Kest\u00e4vyysmurros vaatii arvojen ja el\u00e4m\u00e4ntapojen muutoksen\"}]},{\"@type\":\"WebSite\",\"@id\":\"https:\\\/\\\/blogs.uef.fi\\\/kestavyyspalapeli\\\/#website\",\"url\":\"https:\\\/\\\/blogs.uef.fi\\\/kestavyyspalapeli\\\/\",\"name\":\"Blogi kest\u00e4vyyspalapelist\u00e4\",\"description\":\"\",\"publisher\":{\"@id\":\"https:\\\/\\\/blogs.uef.fi\\\/kestavyyspalapeli\\\/#organization\"},\"potentialAction\":[{\"@type\":\"SearchAction\",\"target\":{\"@type\":\"EntryPoint\",\"urlTemplate\":\"https:\\\/\\\/blogs.uef.fi\\\/kestavyyspalapeli\\\/?s={search_term_string}\"},\"query-input\":{\"@type\":\"PropertyValueSpecification\",\"valueRequired\":true,\"valueName\":\"search_term_string\"}}],\"inLanguage\":\"fi\"},{\"@type\":\"Organization\",\"@id\":\"https:\\\/\\\/blogs.uef.fi\\\/kestavyyspalapeli\\\/#organization\",\"name\":\"Blogi kest\u00e4vyyspalapelist\u00e4\",\"url\":\"https:\\\/\\\/blogs.uef.fi\\\/kestavyyspalapeli\\\/\",\"logo\":{\"@type\":\"ImageObject\",\"inLanguage\":\"fi\",\"@id\":\"https:\\\/\\\/blogs.uef.fi\\\/kestavyyspalapeli\\\/#\\\/schema\\\/logo\\\/image\\\/\",\"url\":\"https:\\\/\\\/blogs.uef.fi\\\/kestavyyspalapeli\\\/wp-content\\\/uploads\\\/sites\\\/187\\\/2023\\\/03\\\/cropped-UEF_wordpress_white.png\",\"contentUrl\":\"https:\\\/\\\/blogs.uef.fi\\\/kestavyyspalapeli\\\/wp-content\\\/uploads\\\/sites\\\/187\\\/2023\\\/03\\\/cropped-UEF_wordpress_white.png\",\"width\":250,\"height\":250,\"caption\":\"Blogi kest\u00e4vyyspalapelist\u00e4\"},\"image\":{\"@id\":\"https:\\\/\\\/blogs.uef.fi\\\/kestavyyspalapeli\\\/#\\\/schema\\\/logo\\\/image\\\/\"}},{\"@type\":\"Person\",\"@id\":\"https:\\\/\\\/blogs.uef.fi\\\/kestavyyspalapeli\\\/#\\\/schema\\\/person\\\/1ece4128ba038ace61748085cfc9b2fd\",\"name\":\"Toimitus\",\"image\":{\"@type\":\"ImageObject\",\"inLanguage\":\"fi\",\"@id\":\"https:\\\/\\\/secure.gravatar.com\\\/avatar\\\/974b75169dfba34b5f32630b052c6e9b4e7cec6f7bb7324dc1b2cf77f651803d?s=96&d=mm&r=g\",\"url\":\"https:\\\/\\\/secure.gravatar.com\\\/avatar\\\/974b75169dfba34b5f32630b052c6e9b4e7cec6f7bb7324dc1b2cf77f651803d?s=96&d=mm&r=g\",\"contentUrl\":\"https:\\\/\\\/secure.gravatar.com\\\/avatar\\\/974b75169dfba34b5f32630b052c6e9b4e7cec6f7bb7324dc1b2cf77f651803d?s=96&d=mm&r=g\",\"caption\":\"Toimitus\"},\"url\":\"https:\\\/\\\/blogs.uef.fi\\\/kestavyyspalapeli\\\/author\\\/anmuston\\\/\"}]}<\/script>\n<!-- \/ Yoast SEO plugin. -->","yoast_head_json":{"title":"Kest\u00e4vyysmurros vaatii arvojen ja el\u00e4m\u00e4ntapojen muutoksen - Blogi kest\u00e4vyyspalapelist\u00e4","robots":{"index":"index","follow":"follow","max-snippet":"max-snippet:-1","max-image-preview":"max-image-preview:large","max-video-preview":"max-video-preview:-1"},"canonical":"https:\/\/blogs.uef.fi\/kestavyyspalapeli\/2024\/08\/28\/kestavyysmurros-vaatii-arvojen-ja-elamantapojen-muutoksen\/","og_locale":"fi_FI","og_type":"article","og_title":"Kest\u00e4vyysmurros vaatii arvojen ja el\u00e4m\u00e4ntapojen muutoksen - Blogi kest\u00e4vyyspalapelist\u00e4","og_description":"Ekologisesti kest\u00e4v\u00e4n yhteiskunnan rakentaminen on osoittautunut \u00e4\u00e4rimm\u00e4isen hankalaksi teht\u00e4v\u00e4ksi. Yhteiskunnallisten rakenteiden muuttamisen lis\u00e4ksi ihmiset tulisi my\u00f6s saada muuttamaan el\u00e4m\u00e4ntapojaan, ja t\u00e4m\u00e4 on osoittautunut eritt\u00e4in vaikeaksi. Muutos voi olla vaikea, vaikka muutokset olisivat ihmiselle itselleen helppoja, terveellisi\u00e4 ja halpoja. Ekologinen kriisi on asettanut yhteiskunnille valtavan muutostarpeen, jota kutsumme kest\u00e4vyysmurrokseksi. Kest\u00e4vyysmurroksessa pit\u00e4isi samanaikaisesti lis\u00e4t\u00e4 uusiutuvan energian tuotantoa [&hellip;]","og_url":"https:\/\/blogs.uef.fi\/kestavyyspalapeli\/2024\/08\/28\/kestavyysmurros-vaatii-arvojen-ja-elamantapojen-muutoksen\/","og_site_name":"Blogi kest\u00e4vyyspalapelist\u00e4","article_published_time":"2024-08-28T10:58:34+00:00","article_modified_time":"2024-08-28T11:23:28+00:00","og_image":[{"width":1024,"height":371,"url":"https:\/\/blogs.uef.fi\/kestavyyspalapeli\/wp-content\/uploads\/sites\/187\/2024\/08\/1024px-Ecological_Niche_128950481.jpg","type":"image\/jpeg"}],"author":"Toimitus","twitter_card":"summary_large_image","twitter_misc":{"Kirjoittanut":"Toimitus","Arvioitu lukuaika":"10 minuuttia"},"schema":{"@context":"https:\/\/schema.org","@graph":[{"@type":"Article","@id":"https:\/\/blogs.uef.fi\/kestavyyspalapeli\/2024\/08\/28\/kestavyysmurros-vaatii-arvojen-ja-elamantapojen-muutoksen\/#article","isPartOf":{"@id":"https:\/\/blogs.uef.fi\/kestavyyspalapeli\/2024\/08\/28\/kestavyysmurros-vaatii-arvojen-ja-elamantapojen-muutoksen\/"},"author":{"name":"Toimitus","@id":"https:\/\/blogs.uef.fi\/kestavyyspalapeli\/#\/schema\/person\/1ece4128ba038ace61748085cfc9b2fd"},"headline":"Kest\u00e4vyysmurros vaatii arvojen ja el\u00e4m\u00e4ntapojen muutoksen","datePublished":"2024-08-28T10:58:34+00:00","dateModified":"2024-08-28T11:23:28+00:00","mainEntityOfPage":{"@id":"https:\/\/blogs.uef.fi\/kestavyyspalapeli\/2024\/08\/28\/kestavyysmurros-vaatii-arvojen-ja-elamantapojen-muutoksen\/"},"wordCount":1872,"commentCount":0,"publisher":{"@id":"https:\/\/blogs.uef.fi\/kestavyyspalapeli\/#organization"},"image":{"@id":"https:\/\/blogs.uef.fi\/kestavyyspalapeli\/2024\/08\/28\/kestavyysmurros-vaatii-arvojen-ja-elamantapojen-muutoksen\/#primaryimage"},"thumbnailUrl":"https:\/\/blogs.uef.fi\/kestavyyspalapeli\/wp-content\/uploads\/sites\/187\/2024\/08\/1024px-Ecological_Niche_128950481.jpg","keywords":["arvot","el\u00e4m\u00e4ntapa","kest\u00e4vyysmurros"],"articleSection":["Uncategorized"],"inLanguage":"fi","potentialAction":[{"@type":"CommentAction","name":"Comment","target":["https:\/\/blogs.uef.fi\/kestavyyspalapeli\/2024\/08\/28\/kestavyysmurros-vaatii-arvojen-ja-elamantapojen-muutoksen\/#respond"]}]},{"@type":"WebPage","@id":"https:\/\/blogs.uef.fi\/kestavyyspalapeli\/2024\/08\/28\/kestavyysmurros-vaatii-arvojen-ja-elamantapojen-muutoksen\/","url":"https:\/\/blogs.uef.fi\/kestavyyspalapeli\/2024\/08\/28\/kestavyysmurros-vaatii-arvojen-ja-elamantapojen-muutoksen\/","name":"Kest\u00e4vyysmurros vaatii arvojen ja el\u00e4m\u00e4ntapojen muutoksen - Blogi kest\u00e4vyyspalapelist\u00e4","isPartOf":{"@id":"https:\/\/blogs.uef.fi\/kestavyyspalapeli\/#website"},"primaryImageOfPage":{"@id":"https:\/\/blogs.uef.fi\/kestavyyspalapeli\/2024\/08\/28\/kestavyysmurros-vaatii-arvojen-ja-elamantapojen-muutoksen\/#primaryimage"},"image":{"@id":"https:\/\/blogs.uef.fi\/kestavyyspalapeli\/2024\/08\/28\/kestavyysmurros-vaatii-arvojen-ja-elamantapojen-muutoksen\/#primaryimage"},"thumbnailUrl":"https:\/\/blogs.uef.fi\/kestavyyspalapeli\/wp-content\/uploads\/sites\/187\/2024\/08\/1024px-Ecological_Niche_128950481.jpg","datePublished":"2024-08-28T10:58:34+00:00","dateModified":"2024-08-28T11:23:28+00:00","breadcrumb":{"@id":"https:\/\/blogs.uef.fi\/kestavyyspalapeli\/2024\/08\/28\/kestavyysmurros-vaatii-arvojen-ja-elamantapojen-muutoksen\/#breadcrumb"},"inLanguage":"fi","potentialAction":[{"@type":"ReadAction","target":["https:\/\/blogs.uef.fi\/kestavyyspalapeli\/2024\/08\/28\/kestavyysmurros-vaatii-arvojen-ja-elamantapojen-muutoksen\/"]}]},{"@type":"ImageObject","inLanguage":"fi","@id":"https:\/\/blogs.uef.fi\/kestavyyspalapeli\/2024\/08\/28\/kestavyysmurros-vaatii-arvojen-ja-elamantapojen-muutoksen\/#primaryimage","url":"https:\/\/blogs.uef.fi\/kestavyyspalapeli\/wp-content\/uploads\/sites\/187\/2024\/08\/1024px-Ecological_Niche_128950481.jpg","contentUrl":"https:\/\/blogs.uef.fi\/kestavyyspalapeli\/wp-content\/uploads\/sites\/187\/2024\/08\/1024px-Ecological_Niche_128950481.jpg","width":1024,"height":371},{"@type":"BreadcrumbList","@id":"https:\/\/blogs.uef.fi\/kestavyyspalapeli\/2024\/08\/28\/kestavyysmurros-vaatii-arvojen-ja-elamantapojen-muutoksen\/#breadcrumb","itemListElement":[{"@type":"ListItem","position":1,"name":"Home","item":"https:\/\/blogs.uef.fi\/kestavyyspalapeli\/"},{"@type":"ListItem","position":2,"name":"Kest\u00e4vyysmurros vaatii arvojen ja el\u00e4m\u00e4ntapojen muutoksen"}]},{"@type":"WebSite","@id":"https:\/\/blogs.uef.fi\/kestavyyspalapeli\/#website","url":"https:\/\/blogs.uef.fi\/kestavyyspalapeli\/","name":"Blogi kest\u00e4vyyspalapelist\u00e4","description":"","publisher":{"@id":"https:\/\/blogs.uef.fi\/kestavyyspalapeli\/#organization"},"potentialAction":[{"@type":"SearchAction","target":{"@type":"EntryPoint","urlTemplate":"https:\/\/blogs.uef.fi\/kestavyyspalapeli\/?s={search_term_string}"},"query-input":{"@type":"PropertyValueSpecification","valueRequired":true,"valueName":"search_term_string"}}],"inLanguage":"fi"},{"@type":"Organization","@id":"https:\/\/blogs.uef.fi\/kestavyyspalapeli\/#organization","name":"Blogi kest\u00e4vyyspalapelist\u00e4","url":"https:\/\/blogs.uef.fi\/kestavyyspalapeli\/","logo":{"@type":"ImageObject","inLanguage":"fi","@id":"https:\/\/blogs.uef.fi\/kestavyyspalapeli\/#\/schema\/logo\/image\/","url":"https:\/\/blogs.uef.fi\/kestavyyspalapeli\/wp-content\/uploads\/sites\/187\/2023\/03\/cropped-UEF_wordpress_white.png","contentUrl":"https:\/\/blogs.uef.fi\/kestavyyspalapeli\/wp-content\/uploads\/sites\/187\/2023\/03\/cropped-UEF_wordpress_white.png","width":250,"height":250,"caption":"Blogi kest\u00e4vyyspalapelist\u00e4"},"image":{"@id":"https:\/\/blogs.uef.fi\/kestavyyspalapeli\/#\/schema\/logo\/image\/"}},{"@type":"Person","@id":"https:\/\/blogs.uef.fi\/kestavyyspalapeli\/#\/schema\/person\/1ece4128ba038ace61748085cfc9b2fd","name":"Toimitus","image":{"@type":"ImageObject","inLanguage":"fi","@id":"https:\/\/secure.gravatar.com\/avatar\/974b75169dfba34b5f32630b052c6e9b4e7cec6f7bb7324dc1b2cf77f651803d?s=96&d=mm&r=g","url":"https:\/\/secure.gravatar.com\/avatar\/974b75169dfba34b5f32630b052c6e9b4e7cec6f7bb7324dc1b2cf77f651803d?s=96&d=mm&r=g","contentUrl":"https:\/\/secure.gravatar.com\/avatar\/974b75169dfba34b5f32630b052c6e9b4e7cec6f7bb7324dc1b2cf77f651803d?s=96&d=mm&r=g","caption":"Toimitus"},"url":"https:\/\/blogs.uef.fi\/kestavyyspalapeli\/author\/anmuston\/"}]}},"_links":{"self":[{"href":"https:\/\/blogs.uef.fi\/kestavyyspalapeli\/wp-json\/wp\/v2\/posts\/351","targetHints":{"allow":["GET"]}}],"collection":[{"href":"https:\/\/blogs.uef.fi\/kestavyyspalapeli\/wp-json\/wp\/v2\/posts"}],"about":[{"href":"https:\/\/blogs.uef.fi\/kestavyyspalapeli\/wp-json\/wp\/v2\/types\/post"}],"author":[{"embeddable":true,"href":"https:\/\/blogs.uef.fi\/kestavyyspalapeli\/wp-json\/wp\/v2\/users\/604"}],"replies":[{"embeddable":true,"href":"https:\/\/blogs.uef.fi\/kestavyyspalapeli\/wp-json\/wp\/v2\/comments?post=351"}],"version-history":[{"count":2,"href":"https:\/\/blogs.uef.fi\/kestavyyspalapeli\/wp-json\/wp\/v2\/posts\/351\/revisions"}],"predecessor-version":[{"id":385,"href":"https:\/\/blogs.uef.fi\/kestavyyspalapeli\/wp-json\/wp\/v2\/posts\/351\/revisions\/385"}],"wp:featuredmedia":[{"embeddable":true,"href":"https:\/\/blogs.uef.fi\/kestavyyspalapeli\/wp-json\/wp\/v2\/media\/354"}],"wp:attachment":[{"href":"https:\/\/blogs.uef.fi\/kestavyyspalapeli\/wp-json\/wp\/v2\/media?parent=351"}],"wp:term":[{"taxonomy":"category","embeddable":true,"href":"https:\/\/blogs.uef.fi\/kestavyyspalapeli\/wp-json\/wp\/v2\/categories?post=351"},{"taxonomy":"post_tag","embeddable":true,"href":"https:\/\/blogs.uef.fi\/kestavyyspalapeli\/wp-json\/wp\/v2\/tags?post=351"}],"curies":[{"name":"wp","href":"https:\/\/api.w.org\/{rel}","templated":true}]}}