{"id":110,"date":"2023-06-30T17:09:49","date_gmt":"2023-06-30T15:09:49","guid":{"rendered":"https:\/\/blogs.uef.fi\/kestavyyspalapeli\/?p=110"},"modified":"2023-09-01T09:28:51","modified_gmt":"2023-09-01T07:28:51","slug":"110","status":"publish","type":"post","link":"https:\/\/blogs.uef.fi\/kestavyyspalapeli\/2023\/06\/30\/110\/","title":{"rendered":"Syrj\u00e4isyyden, kest\u00e4vyysmurroksen ja yhteiskunnan polarisaation v\u00e4lisist\u00e4 suhteista\u00a0"},"content":{"rendered":"\n<h1 class=\"wp-block-heading\"><\/h1>\n\n\n\n<p>Yhteiskunnassa vallitsevat fyysiset, sosiaaliset, kulttuuriset yms. jakolinjat v\u00e4est\u00f6ryhmien v\u00e4lill\u00e4 luovat marginalisoitumisen kokemuksia: jotkut v\u00e4est\u00f6ryhm\u00e4t ajautuvat yhteiskunnan marginaaliin jonkin sellaisen ominaisuutensa takia, jonka suhteen he poikkeavat yhteiskunnan hallitsevista normeista. Koska yhteiskunnallisiin murrostilanteisiin liittyy usein valtakamppailuja, tuovat ne olemassa olevia jakolinjoja ja normeja ja n\u00e4ihin liittyvi\u00e4 valtasuhteita n\u00e4kyviksi ja uusintavat ja syvent\u00e4v\u00e4t niit\u00e4. Jakolinjojen syveneminen voi vaikeuttaa yhteistoimintaa muutokseen sopeutumiseksi ja muutokseen kytk\u00f6ksiss\u00e4 olevien ongelmien ratkaisemiseksi. Siksi on t\u00e4rke\u00e4\u00e4 ensinn\u00e4kin tunnistaa olemassa olevia jakolinjoja ja niiden syntymekanismeja ja toiseksi pyrki\u00e4 loiventamaan niit\u00e4.<br><\/p>\n\n\n\n<p>Yhteiskunnallisen polarisaation on havaittu usein lis\u00e4\u00e4ntyv\u00e4n yhteiskunnan murrostilanteissa, joissa jokin totuttu tie on kuljettu loppuun ja arkiset rutiinit uhkaavat muuttua. T\u00e4m\u00e4 n\u00e4kyy esimerkiksi poliittisen keskustelun polarisoitumisena, jossa erilaisia jakolinjoja korostaen rakennetaan meit\u00e4 ja muita, sek\u00e4 populististen puolueiden ja poliitikkojen suosion lis\u00e4\u00e4ntymisen\u00e4. 2000-luvulla populismin suosion nousu on ollut yleismaailmallinen ilmi\u00f6, mutta \u00e4\u00e4nestysk\u00e4ytt\u00e4ytymisen perusteella nousu on ollut erityisen vahvaa kasvukeskusten ulkopuolella. Miksi?<\/p>\n\n\n\n<h2 class=\"wp-block-heading\"><strong>Syrj\u00e4isyydest\u00e4&nbsp;<\/strong><\/h2>\n\n\n\n<p>Tarkastellaan ensin syrj\u00e4isyytt\u00e4. Esimerkiksi Andrew Fischerin (2015) mukaan sellaiset aluekategoriat kuin \u201dkaupunki\u201d, \u201dmaaseutu\u201d, \u201dkeskus\u201d ja \u201dperiferia\u201d ovat syntyneet alun perin sen takia, ett\u00e4 on haluttu arvioida alueiden v\u00e4lisi\u00e4 eroja niiden teknologisen ja talouden kehityksen asteissa ja elinkeinorakenteissa. Sittemmin jaottelujen varaan on kehittynyt erilaisia vakiintuneita alueiden v\u00e4lisi\u00e4 roolituksia: periferian, maaseudun ja syrj\u00e4seudun ydinteht\u00e4v\u00e4 on ollut luonnonvarojen ja elintarvikkeiden alkutuotanto, ja keskukset toimivat vallan ja vaurauden keskittymisen alueina, joissa periferioissa tuotettujen vaurauden raaka-aineitten arvon m\u00e4\u00e4rittely ja usein my\u00f6s kulutus tapahtuvat. Toisaalta keskukset ovat samalla toimineet yhteiskunnan toiminnan ja kehityksen nettomaksajina, ja Suomessakin alueellinen tasapaino ja syrj\u00e4seutujen kehitt\u00e4minen on usein tapahtunut keskuksista syrj\u00e4seuduille suuntautuneilla tulonsiirroilla.<br><\/p>\n\n\n\n<p>N\u00e4iden roolien tuottamiseksi ja oikeuttamiseksi periferioita ja keskuksia pyrit\u00e4\u00e4n erottelemaan toisistaan sek\u00e4 todellisten ett\u00e4 kuviteltujen suhteiden ja ominaisuuksien avulla: periferiat on n\u00e4hty \u201dtaantuvina\u201d, \u201dsyrj\u00e4isin\u00e4\u201d, \u201dvaikeasti saavutettavina\u201d, \u201dluonnonvaroista riippuvaisina\u201d ja \u201dheikosti kehittynein\u00e4\u201d suhteessa keskuksiin. T\u00e4llaiset m\u00e4\u00e4rittelyt tuottavat ja yll\u00e4pit\u00e4v\u00e4t tehokkaasti toiseutta ja alisteisuutta, mill\u00e4 on seurauksia my\u00f6s alueiden henkiseen ilmapiiriin: \u201dsyrj\u00e4ss\u00e4\u201d el\u00e4v\u00e4t saattavat pit\u00e4\u00e4 tai olettaa muiden pit\u00e4v\u00e4n itse\u00e4\u00e4n ja elinaluettaan alempiarvoisena ja merkityksett\u00f6m\u00e4mp\u00e4n\u00e4 \u2013 fyysinen syrj\u00e4isyys tuottaa syrj\u00e4isyytt\u00e4 mielentilana (kts. H\u00e4yrynen &amp; H\u00e4meenaho 2020). Keskus-periferia -jaottelu ei kuitenkaan ole todellinen dikotomia, vaan vertailukohdasta riippuen osin k\u00e4yt\u00e4nn\u00f6llinen ja suurelta osin kuvitteellinen suhde: my\u00f6s suurin osa maantieteellisiss\u00e4 keskuksissa asuvista kokee itsens\u00e4 \u201dsyrj\u00e4isiksi\u201d tai toisiksi erilaisissa vertailuasetelmissa \u2013 l\u00e4hi\u00f6n asukkaat suurkaupungeissa, v\u00e4hemmist\u00f6ryhm\u00e4t valtav\u00e4est\u00f6n keskell\u00e4 ja valtakunnalliset toimijat suhteessa globaaleihin toimijoihin. Stuart Halliin viitaten \u201dtoiseus\u201d on yleinen kokemus ja harva ajattelee olevansa \u201densimm\u00e4isi\u00e4\u201d. Keskus on aina jossain oman piirin ulkopuolella.<\/p>\n\n\n\n<h2 class=\"wp-block-heading\"><strong>Murroksesta&nbsp;<\/strong><\/h2>\n\n\n\n<p>Pohditaan seuraavaksi yhteiskunnallisten murrosten yhteytt\u00e4 alueellisiin suhteisiin. Joidenkin tutkijoiden mukaan murrokset voimistavat alueiden v\u00e4lisi\u00e4 roolituksia ja valtasuhteita jakamalla alueita murrosten \u201dvoittajiin\u201d ja \u201dh\u00e4vi\u00e4jiin\u201d. Esimerkiksi kest\u00e4vyysmurroksen kaltaisiin yhteiskunnallisiin siirtymiin liittyy voimakkaita kilpailevia intressej\u00e4 siit\u00e4, mit\u00e4 siirtymill\u00e4 tavoitellaan ja miten ne toteutetaan. Mik\u00e4li valmiiksi valtaa pit\u00e4v\u00e4t toimijat hy\u00f6tyv\u00e4t keskus-periferia -tyyppisist\u00e4 jaotteluista, saattavat ne pyrki\u00e4 yll\u00e4pit\u00e4m\u00e4\u00e4n ja uusintamaan n\u00e4it\u00e4 roolituksia my\u00f6s yhteiskunnallisissa murrostilanteissa turvatakseen oman asemansa ja saavutetut etunsa sek\u00e4 hy\u00f6ty\u00e4kseen murroksen tuottamista mahdollisuuksista. Sellaisilla alueilla ja niiden toimijoilla, jotka ovat valmiiksi ennest\u00e4\u00e4n \u201dheikommassa\u201d asemassa, ei ehk\u00e4 riit\u00e4 resursseja l\u00e4hte\u00e4 t\u00e4ss\u00e4 kilpailussa haastamaan valtaa pit\u00e4vien tahtoa, vaan ne saattavat j\u00e4\u00e4d\u00e4 omine tarpeineen ja intresseineen ulkopuolisiksi muutostilanteessa sek\u00e4 siihen liittyv\u00e4st\u00e4 keskustelusta. T\u00e4ll\u00f6in voi k\u00e4yd\u00e4 niin, ett\u00e4 keskukset p\u00e4\u00e4tt\u00e4v\u00e4t eri alueiden tarpeet alueiden puolesta.<br><\/p>\n\n\n\n<p>Esimerkkin\u00e4 t\u00e4st\u00e4 murrosten keinot ja tavoitteet saatetaan laatia l\u00e4hinn\u00e4 keskuksista k\u00e4sin ja keskusten ehdoilla. Kest\u00e4vyysmurrokseen liittyen kest\u00e4vyyden m\u00e4\u00e4ritelmien ja tavoitteiden n\u00e4hd\u00e4\u00e4n usein perustuvan kasvukeskusten olosuhteisiin, kuten julkisen liikenteen ja ty\u00f6matkapy\u00f6r\u00e4ilyn kehitt\u00e4miseen, tiiviin ja energiatehokkaan asumisen edist\u00e4miseen, keskitettyyn uusiutuvan energian tuotantoon, kest\u00e4vien kulutusvalintojen tarjoamiseen sek\u00e4 kasvavaan biotalouteen ja uusiin teknisiin innovaatioihin. T\u00e4ll\u00f6in sellaiset alueet, joista julkinen joukkoliikenne puuttuu, joissa v\u00e4limatkat ovat pitk\u00e4t ja asutus v\u00e4lj\u00e4\u00e4, joissa puul\u00e4mmityksell\u00e4 on merkitt\u00e4v\u00e4 rooli rakennusten l\u00e4mmitt\u00e4misess\u00e4, joissa kuluttamisen valikoimat ovat suppeat ja joista puuttuu infrastruktuuri ja osaaminen uusien innovaatioiden k\u00e4ytt\u00f6\u00f6n ottamiseksi n\u00e4ytt\u00e4ytyv\u00e4t l\u00e4ht\u00f6kohtaisesti ep\u00e4kest\u00e4vin\u00e4 ja kest\u00e4vyysmurrosta hidastavina. Samalla syrj\u00e4isten alueiden asema intensiivisen luonnonvarojen tuottajana voi biotalouden kasvutavoitteiden my\u00f6t\u00e4 entisest\u00e4\u00e4n voimistua.<br><\/p>\n\n\n\n<p>Keskusl\u00e4ht\u00f6inen murros saattaa pahimmillaan ruokkia ep\u00e4onnistumisen, ep\u00e4reiluuden ja ulkopuolisuuden kokemuksia syrj\u00e4seudulla el\u00e4vien keskuudessa esimerkiksi silloin, jos vallitsevien el\u00e4m\u00e4ntapojen ja elinkeinojen vastuullisuus kyseenalaistetaan ilman, ett\u00e4 niiden tilalle tarjotaan todellisia vaihtoehtoja. Murrokseen liittyv\u00e4ss\u00e4 keskustelussa ulkopuoliseksi j\u00e4\u00e4v\u00e4n silmiss\u00e4 koko kest\u00e4vyysmurros voi j\u00e4\u00e4d\u00e4 et\u00e4iseksi ja sen tarpeellisuus kyseenalaistua. Jos kest\u00e4vyysmurrokseen liittyy kokemuksia el\u00e4m\u00e4n vaikeuttamisesta turhan takia ja muutoksen tuottamien hy\u00f6tyjen olemattomuudesta tai h\u00e4vi\u00e4misest\u00e4 jonnekin muualle, voi seurauksena olla uhriutumista ja kurjuuspuhetta. T\u00e4m\u00e4 voimistaa yhteiskunnallista polarisaatiota.<\/p>\n\n\n\n<h2 class=\"wp-block-heading\"><strong>Polarisaatiosta<\/strong><\/h2>\n\n\n\n<p>Yhteiskunnalliset murrokset ja niihin liittyv\u00e4t kilpailutilanteet saattavat uusintaa ja voimistaa alueiden v\u00e4lisi\u00e4 todellisia ja kuviteltuja suhteita ja niihin perustuvia valtarakenteita. N\u00e4m\u00e4 suhteet toimivat jaottelun materiaalina my\u00f6s alueen sis\u00e4isiss\u00e4 muutokseen liittyviss\u00e4 valtakysymyksiss\u00e4 eri ryhmien ja toimijoiden v\u00e4lill\u00e4. Yhteiskunnallisten muutosten onkin tutkimuksissa havaittu tuovan n\u00e4kyv\u00e4ksi niin yhteiskunnallisia kuin alueiden sis\u00e4isi\u00e4kin jaotteluja: kun ep\u00e4varmuus ja huoli omista oikeuksista ja oman ty\u00f6paikan tai elinkeinon s\u00e4ilymisest\u00e4 lis\u00e4\u00e4ntyv\u00e4t kasvottomaksi koetun muutoksen my\u00f6t\u00e4, nostaa se vastarintaa sek\u00e4 tarvetta luoda me\/he -jaotteluja ja etsi\u00e4 syntipukkia muutokselle ja sen aiheuttamille todellisille ja kuvitelluille uhille \u201dulkopuolisiksi\u201d katsotuista toimijoista. Syntipukiksi joutuvat helposti esimerkiksi maahanmuuttajat, ymp\u00e4rist\u00f6aktivistit, Euroopan unioni tai muutokseen my\u00f6nteisesti suhtautuvat poliittiset tahot, jotka saatetaan leimata kansaa tarpeettomiksi koetuilla ymp\u00e4rist\u00f6nsuojeluhankkeilla kyykytt\u00e4v\u00e4ksi \u201deliitiksi\u201d. Tutkija Susan Clayton (2020) on kirjoittanut, ett\u00e4 ymp\u00e4rist\u00f6ongelmien kiist\u00e4misess\u00e4 ja ymp\u00e4rist\u00f6nsuojeluhankkeiden vastustamisessa olisi kyse ennemmin luokkakapinoinnista valtaa pit\u00e4v\u00e4\u00e4 \u201deliitti\u00e4\u201d vastaan kuin kansalaisten todellisista arvoista ja uskomuksista.<br><\/p>\n\n\n\n<p>Yhteiskunnassa valmiiksi vallitsevien jaottelujen ja kest\u00e4vyysmurroksen yhdess\u00e4 luomat olosuhteet toimivat otollisena kasvualustana yhteiskunnan polarisaatiolle. Yhteiskunnalliset jakolinjat ja yhteiskunnallisen muutoksen synnytt\u00e4m\u00e4 ep\u00e4varmuus ja huoli ovat polttoainetta sellaistenkin poliittisten p\u00e4\u00e4m\u00e4\u00e4rien edist\u00e4miseen, joilla ei v\u00e4ltt\u00e4m\u00e4tt\u00e4 ole tekemist\u00e4 alkuper\u00e4isen kysymyksen eli yhteiskunnallisen murroksen ja sen syiden kanssa. \u201dKansan \u00e4\u00e4nen\u00e4\u201d esiintyv\u00e4t tahot koettavat hy\u00f6dynt\u00e4\u00e4 havaitsemiaan jakolinjoja ja ep\u00e4varmuuksia lietsomalla niit\u00e4 entisest\u00e4\u00e4n ja pyrkim\u00e4ll\u00e4 profiloitumaan poliittisten kilpailijoidensa eli \u201deliitin\u201d ja sen edist\u00e4mien muutosten vastustajana.<br><\/p>\n\n\n\n<p>Esiintyess\u00e4\u00e4n syrj\u00e4seudun \u00e4\u00e4nitorvena ja puolustajana poliittiset toimijat tuottavat yksinkertaistavaa stereotypiaa alueen v\u00e4est\u00f6st\u00e4: esimerkiksi tietyn alueen edustajana profiloituneiden toimijoiden aggressiivisesta ymp\u00e4rist\u00f6toimien vastustamisesta voi synty\u00e4 vaikutelma, ett\u00e4 alueella vallitsee yhten\u00e4inen vaikkapa suurpetojen suojelua tai EU:n ilmastopolitiikkaa vastustava rintama. Oleellista on, kuka p\u00e4\u00e4see \u00e4\u00e4neen \u201dalueen edustajana\u201d, ja keiden \u00e4\u00e4ni j\u00e4\u00e4 kuulumatta. Yleens\u00e4 \u00e4\u00e4neen p\u00e4\u00e4sev\u00e4t ne \u00e4\u00e4nekk\u00e4imm\u00e4t ja aggressiivisimmat, jotka osaavat tehokkaasti vedota moniin alueen asukkaiden koettuihin pelkoihin ja ep\u00e4oikeudenmukaisuuden kokemuksiin, eli ne, jotka edustavat hallitsevaa kuvaa alueesta ja sen v\u00e4est\u00f6st\u00e4.<br><\/p>\n\n\n\n<p>Luonnonsuojelualueiden perustamiseen, kaivoshankkeisiin ja muihin syrj\u00e4seutujen luonnonvarojen ja maan k\u00e4ytt\u00f6\u00f6n liittyv\u00e4t alueiden sis\u00e4iset konfliktit ovat kuitenkin osoittaneet, ett\u00e4 my\u00f6s syrj\u00e4seuduilla el\u00e4\u00e4 kesken\u00e4\u00e4n erilaisia ihmisi\u00e4, joilla on erilaisia muutoksiin ja omaan alueeseensa ja el\u00e4m\u00e4\u00e4ns\u00e4 liittyvi\u00e4 arvoja, intressej\u00e4 ja ajattelutapoja. T\u00e4m\u00e4n moninaisuuden tunnistaminen ja tunnustaminen sek\u00e4 erilaisten alueen asukkaiden \u00e4\u00e4nen tuominen mukaan yhteiskunnan muutoksia k\u00e4sittelev\u00e4\u00e4n keskusteluun on t\u00e4rke\u00e4\u00e4 my\u00f6s torjuttaessa yhteiskunnan polarisoitumista yhteiskunnallisissa murrostilanteissa.<\/p>\n\n\n\n<figure class=\"wp-block-image size-large\"><img loading=\"lazy\" decoding=\"async\" width=\"1024\" height=\"768\" src=\"https:\/\/blogs.uef.fi\/kestavyyspalapeli\/wp-content\/uploads\/sites\/187\/2023\/06\/piikkilanka-aita2-1024x768.jpg\" alt=\"\" class=\"wp-image-113\" srcset=\"https:\/\/blogs.uef.fi\/kestavyyspalapeli\/wp-content\/uploads\/sites\/187\/2023\/06\/piikkilanka-aita2-1024x768.jpg 1024w, https:\/\/blogs.uef.fi\/kestavyyspalapeli\/wp-content\/uploads\/sites\/187\/2023\/06\/piikkilanka-aita2-300x225.jpg 300w, https:\/\/blogs.uef.fi\/kestavyyspalapeli\/wp-content\/uploads\/sites\/187\/2023\/06\/piikkilanka-aita2-768x576.jpg 768w, https:\/\/blogs.uef.fi\/kestavyyspalapeli\/wp-content\/uploads\/sites\/187\/2023\/06\/piikkilanka-aita2-1536x1152.jpg 1536w, https:\/\/blogs.uef.fi\/kestavyyspalapeli\/wp-content\/uploads\/sites\/187\/2023\/06\/piikkilanka-aita2-2048x1536.jpg 2048w\" sizes=\"auto, (max-width: 1024px) 100vw, 1024px\" \/><figcaption class=\"wp-element-caption\"><em>Kuva: Emmi Salmivuori<\/em><\/figcaption><\/figure>\n\n\n\n<p><strong>Tekstin viittaukset:<\/strong>&nbsp;<\/p>\n\n\n\n<p>Clayton, Susan (2020): Conservation psychology and climate change. Teoksessa Claude, Henry; Johan Rockstr\u00f6m &amp; Nicolas Stern (ed.): <em>Standing up for a Sustainable World. Voices of Change.<\/em> Edward Elgar Publishing, UK\/USA 2020. <a href=\"http:\/\/doi.org\/10.4337\/9781800371781\" target=\"_blank\" rel=\"noreferrer noopener\">http:\/\/doi.org\/10.4337\/9781800371781<\/a>&nbsp;<\/p>\n\n\n\n<p>Fischer, A. M. (2015): The End of Peripheries? On the Enduring Relevance of Structuralism for Understanding Contemporary Global Development. <em>Development and Change<\/em> 46(4): 700\u2013732. DOI: 10.1111\/dech.12180&nbsp;<\/p>\n\n\n\n<p>Hall, Stuart: <em>Identiteetti<\/em>. Suom. ja toim. Mikko Lehtonen ja Juha Herkman. Vastapaino, Tampere 1999. 285 s<\/p>\n\n\n\n<p>H\u00e4yrynen, Simo &amp; H\u00e4meenaho, Pilvi (2020): <em>Green clashes: cultural dynamics of scales in sustainability transitions in European peripheries.<\/em> PALGRAVE COMMUNICATIONS | (2020) 6:90 | https:\/\/doi.org\/10.1057\/s41599-020-0472-x&nbsp;<\/p>\n\n\n\n<p><\/p>\n\n\n\n<p><em><strong>Kirjoittajat:<\/strong><\/em><\/p>\n\n\n\n<p>Emmi Salmivuori, v\u00e4it\u00f6skirjatutkija, Kest\u00e4vyysmurroksen marginaalit -hankkeen hankekoordinaattori (It\u00e4-Suomen yliopisto)<\/p>\n\n\n\n<p>Simo H\u00e4yrynen, ymp\u00e4rist\u00f6politiikan yliopistolehtori ja yhteiskuntapolitiikan dosentti (It\u00e4-Suomen yliopisto), kulttuuripolitiikan dosentti (Turun yliopisto)<\/p>\n\n\n\n<p>Anna Mustonen, v\u00e4it\u00f6skirjatutkija, Kest\u00e4vyysmurroksen marginaalit -hankkeen hankejohtaja (It\u00e4-Suomen yliopisto)<\/p>\n","protected":false},"excerpt":{"rendered":"<p>Yhteiskunnassa vallitsevat fyysiset, sosiaaliset, kulttuuriset yms. jakolinjat v\u00e4est\u00f6ryhmien v\u00e4lill\u00e4 luovat marginalisoitumisen kokemuksia: jotkut v\u00e4est\u00f6ryhm\u00e4t ajautuvat yhteiskunnan marginaaliin jonkin sellaisen ominaisuutensa takia, jonka suhteen he poikkeavat yhteiskunnan hallitsevista normeista. Koska yhteiskunnallisiin murrostilanteisiin liittyy usein valtakamppailuja, tuovat ne olemassa olevia jakolinjoja ja normeja ja n\u00e4ihin liittyvi\u00e4 valtasuhteita n\u00e4kyviksi ja uusintavat ja syvent\u00e4v\u00e4t niit\u00e4. Jakolinjojen syveneminen voi vaikeuttaa [&hellip;]<\/p>\n","protected":false},"author":602,"featured_media":0,"comment_status":"open","ping_status":"open","sticky":false,"template":"","format":"standard","meta":{"_acf_changed":false,"footnotes":""},"categories":[1],"tags":[32,35,29],"class_list":["post-110","post","type-post","status-publish","format-standard","hentry","category-uncategorized","tag-murros","tag-polarisaatio","tag-syrjaisyys"],"acf":[],"yoast_head":"<!-- This site is optimized with the Yoast SEO plugin v27.3 - https:\/\/yoast.com\/product\/yoast-seo-wordpress\/ -->\n<title>Syrj\u00e4isyyden, kest\u00e4vyysmurroksen ja yhteiskunnan polarisaation v\u00e4lisist\u00e4 suhteista\u00a0 - Blogi kest\u00e4vyyspalapelist\u00e4<\/title>\n<meta name=\"description\" content=\"Yhteiskunnallisen polarisaation on havaittu usein lis\u00e4\u00e4ntyv\u00e4n yhteiskunnan murrostilanteissa, joissa jokin totuttu tie on kuljettu loppuun ja arkiset rutiinit uhkaavat muuttua. T\u00e4m\u00e4 n\u00e4kyy esimerkiksi poliittisen keskustelun polarisoitumisena, jossa erilaisia jakolinjoja korostaen rakennetaan meit\u00e4 ja muita, sek\u00e4 populististen puolueiden ja poliitikkojen suosion lis\u00e4\u00e4ntymisen\u00e4. 2000-luvulla populismin suosion nousu on ollut yleismaailmallinen ilmi\u00f6, mutta \u00e4\u00e4nestysk\u00e4ytt\u00e4ytymisen perusteella nousu on ollut erityisen vahvaa kasvukeskusten ulkopuolella. Miksi?\" \/>\n<meta name=\"robots\" content=\"index, follow, max-snippet:-1, max-image-preview:large, max-video-preview:-1\" \/>\n<link rel=\"canonical\" href=\"https:\/\/blogs.uef.fi\/kestavyyspalapeli\/2023\/06\/30\/110\/\" \/>\n<meta property=\"og:locale\" content=\"fi_FI\" \/>\n<meta property=\"og:type\" content=\"article\" \/>\n<meta property=\"og:title\" content=\"Syrj\u00e4isyyden, kest\u00e4vyysmurroksen ja yhteiskunnan polarisaation v\u00e4lisist\u00e4 suhteista\u00a0 - Blogi kest\u00e4vyyspalapelist\u00e4\" \/>\n<meta property=\"og:description\" content=\"Yhteiskunnallisen polarisaation on havaittu usein lis\u00e4\u00e4ntyv\u00e4n yhteiskunnan murrostilanteissa, joissa jokin totuttu tie on kuljettu loppuun ja arkiset rutiinit uhkaavat muuttua. T\u00e4m\u00e4 n\u00e4kyy esimerkiksi poliittisen keskustelun polarisoitumisena, jossa erilaisia jakolinjoja korostaen rakennetaan meit\u00e4 ja muita, sek\u00e4 populististen puolueiden ja poliitikkojen suosion lis\u00e4\u00e4ntymisen\u00e4. 2000-luvulla populismin suosion nousu on ollut yleismaailmallinen ilmi\u00f6, mutta \u00e4\u00e4nestysk\u00e4ytt\u00e4ytymisen perusteella nousu on ollut erityisen vahvaa kasvukeskusten ulkopuolella. Miksi?\" \/>\n<meta property=\"og:url\" content=\"https:\/\/blogs.uef.fi\/kestavyyspalapeli\/2023\/06\/30\/110\/\" \/>\n<meta property=\"og:site_name\" content=\"Blogi kest\u00e4vyyspalapelist\u00e4\" \/>\n<meta property=\"article:author\" content=\"https:\/\/www.facebook.com\/profile.php?id=100090675645664\" \/>\n<meta property=\"article:published_time\" content=\"2023-06-30T15:09:49+00:00\" \/>\n<meta property=\"article:modified_time\" content=\"2023-09-01T07:28:51+00:00\" \/>\n<meta property=\"og:image\" content=\"https:\/\/blogs.uef.fi\/kestavyyspalapeli\/wp-content\/uploads\/sites\/187\/2023\/06\/piikkilanka-aita2-1024x768.jpg\" \/>\n<meta name=\"author\" content=\"Kest\u00e4vyyspalapeli\" \/>\n<meta name=\"twitter:card\" content=\"summary_large_image\" \/>\n<meta name=\"twitter:creator\" content=\"@KestPalaPeli\" \/>\n<meta name=\"twitter:label1\" content=\"Kirjoittanut\" \/>\n\t<meta name=\"twitter:data1\" content=\"Kest\u00e4vyyspalapeli\" \/>\n\t<meta name=\"twitter:label2\" content=\"Arvioitu lukuaika\" \/>\n\t<meta name=\"twitter:data2\" content=\"8 minuuttia\" \/>\n<script type=\"application\/ld+json\" class=\"yoast-schema-graph\">{\"@context\":\"https:\\\/\\\/schema.org\",\"@graph\":[{\"@type\":\"Article\",\"@id\":\"https:\\\/\\\/blogs.uef.fi\\\/kestavyyspalapeli\\\/2023\\\/06\\\/30\\\/110\\\/#article\",\"isPartOf\":{\"@id\":\"https:\\\/\\\/blogs.uef.fi\\\/kestavyyspalapeli\\\/2023\\\/06\\\/30\\\/110\\\/\"},\"author\":{\"name\":\"Kest\u00e4vyyspalapeli\",\"@id\":\"https:\\\/\\\/blogs.uef.fi\\\/kestavyyspalapeli\\\/#\\\/schema\\\/person\\\/6b9ed0d1c721f64a6ef97f51e567aff4\"},\"headline\":\"Syrj\u00e4isyyden, kest\u00e4vyysmurroksen ja yhteiskunnan polarisaation v\u00e4lisist\u00e4 suhteista\u00a0\",\"datePublished\":\"2023-06-30T15:09:49+00:00\",\"dateModified\":\"2023-09-01T07:28:51+00:00\",\"mainEntityOfPage\":{\"@id\":\"https:\\\/\\\/blogs.uef.fi\\\/kestavyyspalapeli\\\/2023\\\/06\\\/30\\\/110\\\/\"},\"wordCount\":1409,\"commentCount\":0,\"publisher\":{\"@id\":\"https:\\\/\\\/blogs.uef.fi\\\/kestavyyspalapeli\\\/#organization\"},\"image\":{\"@id\":\"https:\\\/\\\/blogs.uef.fi\\\/kestavyyspalapeli\\\/2023\\\/06\\\/30\\\/110\\\/#primaryimage\"},\"thumbnailUrl\":\"https:\\\/\\\/blogs.uef.fi\\\/kestavyyspalapeli\\\/wp-content\\\/uploads\\\/sites\\\/187\\\/2023\\\/06\\\/piikkilanka-aita2-1024x768.jpg\",\"keywords\":[\"murros\",\"polarisaatio\",\"syrj\u00e4isyys\"],\"articleSection\":[\"Uncategorized\"],\"inLanguage\":\"fi\",\"potentialAction\":[{\"@type\":\"CommentAction\",\"name\":\"Comment\",\"target\":[\"https:\\\/\\\/blogs.uef.fi\\\/kestavyyspalapeli\\\/2023\\\/06\\\/30\\\/110\\\/#respond\"]}]},{\"@type\":\"WebPage\",\"@id\":\"https:\\\/\\\/blogs.uef.fi\\\/kestavyyspalapeli\\\/2023\\\/06\\\/30\\\/110\\\/\",\"url\":\"https:\\\/\\\/blogs.uef.fi\\\/kestavyyspalapeli\\\/2023\\\/06\\\/30\\\/110\\\/\",\"name\":\"Syrj\u00e4isyyden, kest\u00e4vyysmurroksen ja yhteiskunnan polarisaation v\u00e4lisist\u00e4 suhteista\u00a0 - Blogi kest\u00e4vyyspalapelist\u00e4\",\"isPartOf\":{\"@id\":\"https:\\\/\\\/blogs.uef.fi\\\/kestavyyspalapeli\\\/#website\"},\"primaryImageOfPage\":{\"@id\":\"https:\\\/\\\/blogs.uef.fi\\\/kestavyyspalapeli\\\/2023\\\/06\\\/30\\\/110\\\/#primaryimage\"},\"image\":{\"@id\":\"https:\\\/\\\/blogs.uef.fi\\\/kestavyyspalapeli\\\/2023\\\/06\\\/30\\\/110\\\/#primaryimage\"},\"thumbnailUrl\":\"https:\\\/\\\/blogs.uef.fi\\\/kestavyyspalapeli\\\/wp-content\\\/uploads\\\/sites\\\/187\\\/2023\\\/06\\\/piikkilanka-aita2-1024x768.jpg\",\"datePublished\":\"2023-06-30T15:09:49+00:00\",\"dateModified\":\"2023-09-01T07:28:51+00:00\",\"description\":\"Yhteiskunnallisen polarisaation on havaittu usein lis\u00e4\u00e4ntyv\u00e4n yhteiskunnan murrostilanteissa, joissa jokin totuttu tie on kuljettu loppuun ja arkiset rutiinit uhkaavat muuttua. T\u00e4m\u00e4 n\u00e4kyy esimerkiksi poliittisen keskustelun polarisoitumisena, jossa erilaisia jakolinjoja korostaen rakennetaan meit\u00e4 ja muita, sek\u00e4 populististen puolueiden ja poliitikkojen suosion lis\u00e4\u00e4ntymisen\u00e4. 2000-luvulla populismin suosion nousu on ollut yleismaailmallinen ilmi\u00f6, mutta \u00e4\u00e4nestysk\u00e4ytt\u00e4ytymisen perusteella nousu on ollut erityisen vahvaa kasvukeskusten ulkopuolella. Miksi?\",\"breadcrumb\":{\"@id\":\"https:\\\/\\\/blogs.uef.fi\\\/kestavyyspalapeli\\\/2023\\\/06\\\/30\\\/110\\\/#breadcrumb\"},\"inLanguage\":\"fi\",\"potentialAction\":[{\"@type\":\"ReadAction\",\"target\":[\"https:\\\/\\\/blogs.uef.fi\\\/kestavyyspalapeli\\\/2023\\\/06\\\/30\\\/110\\\/\"]}]},{\"@type\":\"ImageObject\",\"inLanguage\":\"fi\",\"@id\":\"https:\\\/\\\/blogs.uef.fi\\\/kestavyyspalapeli\\\/2023\\\/06\\\/30\\\/110\\\/#primaryimage\",\"url\":\"https:\\\/\\\/blogs.uef.fi\\\/kestavyyspalapeli\\\/wp-content\\\/uploads\\\/sites\\\/187\\\/2023\\\/06\\\/piikkilanka-aita2-scaled.jpg\",\"contentUrl\":\"https:\\\/\\\/blogs.uef.fi\\\/kestavyyspalapeli\\\/wp-content\\\/uploads\\\/sites\\\/187\\\/2023\\\/06\\\/piikkilanka-aita2-scaled.jpg\",\"width\":2560,\"height\":1920,\"caption\":\"OLYMPUS DIGITAL CAMERA\"},{\"@type\":\"BreadcrumbList\",\"@id\":\"https:\\\/\\\/blogs.uef.fi\\\/kestavyyspalapeli\\\/2023\\\/06\\\/30\\\/110\\\/#breadcrumb\",\"itemListElement\":[{\"@type\":\"ListItem\",\"position\":1,\"name\":\"Home\",\"item\":\"https:\\\/\\\/blogs.uef.fi\\\/kestavyyspalapeli\\\/\"},{\"@type\":\"ListItem\",\"position\":2,\"name\":\"Syrj\u00e4isyyden, kest\u00e4vyysmurroksen ja yhteiskunnan polarisaation v\u00e4lisist\u00e4 suhteista\u00a0\"}]},{\"@type\":\"WebSite\",\"@id\":\"https:\\\/\\\/blogs.uef.fi\\\/kestavyyspalapeli\\\/#website\",\"url\":\"https:\\\/\\\/blogs.uef.fi\\\/kestavyyspalapeli\\\/\",\"name\":\"Blogi kest\u00e4vyyspalapelist\u00e4\",\"description\":\"\",\"publisher\":{\"@id\":\"https:\\\/\\\/blogs.uef.fi\\\/kestavyyspalapeli\\\/#organization\"},\"potentialAction\":[{\"@type\":\"SearchAction\",\"target\":{\"@type\":\"EntryPoint\",\"urlTemplate\":\"https:\\\/\\\/blogs.uef.fi\\\/kestavyyspalapeli\\\/?s={search_term_string}\"},\"query-input\":{\"@type\":\"PropertyValueSpecification\",\"valueRequired\":true,\"valueName\":\"search_term_string\"}}],\"inLanguage\":\"fi\"},{\"@type\":\"Organization\",\"@id\":\"https:\\\/\\\/blogs.uef.fi\\\/kestavyyspalapeli\\\/#organization\",\"name\":\"Blogi kest\u00e4vyyspalapelist\u00e4\",\"url\":\"https:\\\/\\\/blogs.uef.fi\\\/kestavyyspalapeli\\\/\",\"logo\":{\"@type\":\"ImageObject\",\"inLanguage\":\"fi\",\"@id\":\"https:\\\/\\\/blogs.uef.fi\\\/kestavyyspalapeli\\\/#\\\/schema\\\/logo\\\/image\\\/\",\"url\":\"https:\\\/\\\/blogs.uef.fi\\\/kestavyyspalapeli\\\/wp-content\\\/uploads\\\/sites\\\/187\\\/2023\\\/03\\\/cropped-UEF_wordpress_white.png\",\"contentUrl\":\"https:\\\/\\\/blogs.uef.fi\\\/kestavyyspalapeli\\\/wp-content\\\/uploads\\\/sites\\\/187\\\/2023\\\/03\\\/cropped-UEF_wordpress_white.png\",\"width\":250,\"height\":250,\"caption\":\"Blogi kest\u00e4vyyspalapelist\u00e4\"},\"image\":{\"@id\":\"https:\\\/\\\/blogs.uef.fi\\\/kestavyyspalapeli\\\/#\\\/schema\\\/logo\\\/image\\\/\"}},{\"@type\":\"Person\",\"@id\":\"https:\\\/\\\/blogs.uef.fi\\\/kestavyyspalapeli\\\/#\\\/schema\\\/person\\\/6b9ed0d1c721f64a6ef97f51e567aff4\",\"name\":\"Kest\u00e4vyyspalapeli\",\"image\":{\"@type\":\"ImageObject\",\"inLanguage\":\"fi\",\"@id\":\"https:\\\/\\\/secure.gravatar.com\\\/avatar\\\/d66b3278234dc6481916236b9435d987ee86290f43f2ce1d9cb30bf2349242c0?s=96&d=mm&r=g\",\"url\":\"https:\\\/\\\/secure.gravatar.com\\\/avatar\\\/d66b3278234dc6481916236b9435d987ee86290f43f2ce1d9cb30bf2349242c0?s=96&d=mm&r=g\",\"contentUrl\":\"https:\\\/\\\/secure.gravatar.com\\\/avatar\\\/d66b3278234dc6481916236b9435d987ee86290f43f2ce1d9cb30bf2349242c0?s=96&d=mm&r=g\",\"caption\":\"Kest\u00e4vyyspalapeli\"},\"sameAs\":[\"https:\\\/\\\/uefconnect.uef.fi\\\/tutkimusryhma\\\/kestavyysmurroksen-marginaalit\\\/\",\"https:\\\/\\\/www.facebook.com\\\/profile.php?id=100090675645664\",\"https:\\\/\\\/www.instagram.com\\\/kestavyyspalapeli\\\/\",\"https:\\\/\\\/x.com\\\/KestPalaPeli\"],\"url\":\"https:\\\/\\\/blogs.uef.fi\\\/kestavyyspalapeli\\\/author\\\/emmiaho\\\/\"}]}<\/script>\n<!-- \/ Yoast SEO plugin. -->","yoast_head_json":{"title":"Syrj\u00e4isyyden, kest\u00e4vyysmurroksen ja yhteiskunnan polarisaation v\u00e4lisist\u00e4 suhteista\u00a0 - Blogi kest\u00e4vyyspalapelist\u00e4","description":"Yhteiskunnallisen polarisaation on havaittu usein lis\u00e4\u00e4ntyv\u00e4n yhteiskunnan murrostilanteissa, joissa jokin totuttu tie on kuljettu loppuun ja arkiset rutiinit uhkaavat muuttua. T\u00e4m\u00e4 n\u00e4kyy esimerkiksi poliittisen keskustelun polarisoitumisena, jossa erilaisia jakolinjoja korostaen rakennetaan meit\u00e4 ja muita, sek\u00e4 populististen puolueiden ja poliitikkojen suosion lis\u00e4\u00e4ntymisen\u00e4. 2000-luvulla populismin suosion nousu on ollut yleismaailmallinen ilmi\u00f6, mutta \u00e4\u00e4nestysk\u00e4ytt\u00e4ytymisen perusteella nousu on ollut erityisen vahvaa kasvukeskusten ulkopuolella. Miksi?","robots":{"index":"index","follow":"follow","max-snippet":"max-snippet:-1","max-image-preview":"max-image-preview:large","max-video-preview":"max-video-preview:-1"},"canonical":"https:\/\/blogs.uef.fi\/kestavyyspalapeli\/2023\/06\/30\/110\/","og_locale":"fi_FI","og_type":"article","og_title":"Syrj\u00e4isyyden, kest\u00e4vyysmurroksen ja yhteiskunnan polarisaation v\u00e4lisist\u00e4 suhteista\u00a0 - Blogi kest\u00e4vyyspalapelist\u00e4","og_description":"Yhteiskunnallisen polarisaation on havaittu usein lis\u00e4\u00e4ntyv\u00e4n yhteiskunnan murrostilanteissa, joissa jokin totuttu tie on kuljettu loppuun ja arkiset rutiinit uhkaavat muuttua. T\u00e4m\u00e4 n\u00e4kyy esimerkiksi poliittisen keskustelun polarisoitumisena, jossa erilaisia jakolinjoja korostaen rakennetaan meit\u00e4 ja muita, sek\u00e4 populististen puolueiden ja poliitikkojen suosion lis\u00e4\u00e4ntymisen\u00e4. 2000-luvulla populismin suosion nousu on ollut yleismaailmallinen ilmi\u00f6, mutta \u00e4\u00e4nestysk\u00e4ytt\u00e4ytymisen perusteella nousu on ollut erityisen vahvaa kasvukeskusten ulkopuolella. Miksi?","og_url":"https:\/\/blogs.uef.fi\/kestavyyspalapeli\/2023\/06\/30\/110\/","og_site_name":"Blogi kest\u00e4vyyspalapelist\u00e4","article_author":"https:\/\/www.facebook.com\/profile.php?id=100090675645664","article_published_time":"2023-06-30T15:09:49+00:00","article_modified_time":"2023-09-01T07:28:51+00:00","og_image":[{"url":"https:\/\/blogs.uef.fi\/kestavyyspalapeli\/wp-content\/uploads\/sites\/187\/2023\/06\/piikkilanka-aita2-1024x768.jpg","type":"","width":"","height":""}],"author":"Kest\u00e4vyyspalapeli","twitter_card":"summary_large_image","twitter_creator":"@KestPalaPeli","twitter_misc":{"Kirjoittanut":"Kest\u00e4vyyspalapeli","Arvioitu lukuaika":"8 minuuttia"},"schema":{"@context":"https:\/\/schema.org","@graph":[{"@type":"Article","@id":"https:\/\/blogs.uef.fi\/kestavyyspalapeli\/2023\/06\/30\/110\/#article","isPartOf":{"@id":"https:\/\/blogs.uef.fi\/kestavyyspalapeli\/2023\/06\/30\/110\/"},"author":{"name":"Kest\u00e4vyyspalapeli","@id":"https:\/\/blogs.uef.fi\/kestavyyspalapeli\/#\/schema\/person\/6b9ed0d1c721f64a6ef97f51e567aff4"},"headline":"Syrj\u00e4isyyden, kest\u00e4vyysmurroksen ja yhteiskunnan polarisaation v\u00e4lisist\u00e4 suhteista\u00a0","datePublished":"2023-06-30T15:09:49+00:00","dateModified":"2023-09-01T07:28:51+00:00","mainEntityOfPage":{"@id":"https:\/\/blogs.uef.fi\/kestavyyspalapeli\/2023\/06\/30\/110\/"},"wordCount":1409,"commentCount":0,"publisher":{"@id":"https:\/\/blogs.uef.fi\/kestavyyspalapeli\/#organization"},"image":{"@id":"https:\/\/blogs.uef.fi\/kestavyyspalapeli\/2023\/06\/30\/110\/#primaryimage"},"thumbnailUrl":"https:\/\/blogs.uef.fi\/kestavyyspalapeli\/wp-content\/uploads\/sites\/187\/2023\/06\/piikkilanka-aita2-1024x768.jpg","keywords":["murros","polarisaatio","syrj\u00e4isyys"],"articleSection":["Uncategorized"],"inLanguage":"fi","potentialAction":[{"@type":"CommentAction","name":"Comment","target":["https:\/\/blogs.uef.fi\/kestavyyspalapeli\/2023\/06\/30\/110\/#respond"]}]},{"@type":"WebPage","@id":"https:\/\/blogs.uef.fi\/kestavyyspalapeli\/2023\/06\/30\/110\/","url":"https:\/\/blogs.uef.fi\/kestavyyspalapeli\/2023\/06\/30\/110\/","name":"Syrj\u00e4isyyden, kest\u00e4vyysmurroksen ja yhteiskunnan polarisaation v\u00e4lisist\u00e4 suhteista\u00a0 - Blogi kest\u00e4vyyspalapelist\u00e4","isPartOf":{"@id":"https:\/\/blogs.uef.fi\/kestavyyspalapeli\/#website"},"primaryImageOfPage":{"@id":"https:\/\/blogs.uef.fi\/kestavyyspalapeli\/2023\/06\/30\/110\/#primaryimage"},"image":{"@id":"https:\/\/blogs.uef.fi\/kestavyyspalapeli\/2023\/06\/30\/110\/#primaryimage"},"thumbnailUrl":"https:\/\/blogs.uef.fi\/kestavyyspalapeli\/wp-content\/uploads\/sites\/187\/2023\/06\/piikkilanka-aita2-1024x768.jpg","datePublished":"2023-06-30T15:09:49+00:00","dateModified":"2023-09-01T07:28:51+00:00","description":"Yhteiskunnallisen polarisaation on havaittu usein lis\u00e4\u00e4ntyv\u00e4n yhteiskunnan murrostilanteissa, joissa jokin totuttu tie on kuljettu loppuun ja arkiset rutiinit uhkaavat muuttua. T\u00e4m\u00e4 n\u00e4kyy esimerkiksi poliittisen keskustelun polarisoitumisena, jossa erilaisia jakolinjoja korostaen rakennetaan meit\u00e4 ja muita, sek\u00e4 populististen puolueiden ja poliitikkojen suosion lis\u00e4\u00e4ntymisen\u00e4. 2000-luvulla populismin suosion nousu on ollut yleismaailmallinen ilmi\u00f6, mutta \u00e4\u00e4nestysk\u00e4ytt\u00e4ytymisen perusteella nousu on ollut erityisen vahvaa kasvukeskusten ulkopuolella. Miksi?","breadcrumb":{"@id":"https:\/\/blogs.uef.fi\/kestavyyspalapeli\/2023\/06\/30\/110\/#breadcrumb"},"inLanguage":"fi","potentialAction":[{"@type":"ReadAction","target":["https:\/\/blogs.uef.fi\/kestavyyspalapeli\/2023\/06\/30\/110\/"]}]},{"@type":"ImageObject","inLanguage":"fi","@id":"https:\/\/blogs.uef.fi\/kestavyyspalapeli\/2023\/06\/30\/110\/#primaryimage","url":"https:\/\/blogs.uef.fi\/kestavyyspalapeli\/wp-content\/uploads\/sites\/187\/2023\/06\/piikkilanka-aita2-scaled.jpg","contentUrl":"https:\/\/blogs.uef.fi\/kestavyyspalapeli\/wp-content\/uploads\/sites\/187\/2023\/06\/piikkilanka-aita2-scaled.jpg","width":2560,"height":1920,"caption":"OLYMPUS DIGITAL CAMERA"},{"@type":"BreadcrumbList","@id":"https:\/\/blogs.uef.fi\/kestavyyspalapeli\/2023\/06\/30\/110\/#breadcrumb","itemListElement":[{"@type":"ListItem","position":1,"name":"Home","item":"https:\/\/blogs.uef.fi\/kestavyyspalapeli\/"},{"@type":"ListItem","position":2,"name":"Syrj\u00e4isyyden, kest\u00e4vyysmurroksen ja yhteiskunnan polarisaation v\u00e4lisist\u00e4 suhteista\u00a0"}]},{"@type":"WebSite","@id":"https:\/\/blogs.uef.fi\/kestavyyspalapeli\/#website","url":"https:\/\/blogs.uef.fi\/kestavyyspalapeli\/","name":"Blogi kest\u00e4vyyspalapelist\u00e4","description":"","publisher":{"@id":"https:\/\/blogs.uef.fi\/kestavyyspalapeli\/#organization"},"potentialAction":[{"@type":"SearchAction","target":{"@type":"EntryPoint","urlTemplate":"https:\/\/blogs.uef.fi\/kestavyyspalapeli\/?s={search_term_string}"},"query-input":{"@type":"PropertyValueSpecification","valueRequired":true,"valueName":"search_term_string"}}],"inLanguage":"fi"},{"@type":"Organization","@id":"https:\/\/blogs.uef.fi\/kestavyyspalapeli\/#organization","name":"Blogi kest\u00e4vyyspalapelist\u00e4","url":"https:\/\/blogs.uef.fi\/kestavyyspalapeli\/","logo":{"@type":"ImageObject","inLanguage":"fi","@id":"https:\/\/blogs.uef.fi\/kestavyyspalapeli\/#\/schema\/logo\/image\/","url":"https:\/\/blogs.uef.fi\/kestavyyspalapeli\/wp-content\/uploads\/sites\/187\/2023\/03\/cropped-UEF_wordpress_white.png","contentUrl":"https:\/\/blogs.uef.fi\/kestavyyspalapeli\/wp-content\/uploads\/sites\/187\/2023\/03\/cropped-UEF_wordpress_white.png","width":250,"height":250,"caption":"Blogi kest\u00e4vyyspalapelist\u00e4"},"image":{"@id":"https:\/\/blogs.uef.fi\/kestavyyspalapeli\/#\/schema\/logo\/image\/"}},{"@type":"Person","@id":"https:\/\/blogs.uef.fi\/kestavyyspalapeli\/#\/schema\/person\/6b9ed0d1c721f64a6ef97f51e567aff4","name":"Kest\u00e4vyyspalapeli","image":{"@type":"ImageObject","inLanguage":"fi","@id":"https:\/\/secure.gravatar.com\/avatar\/d66b3278234dc6481916236b9435d987ee86290f43f2ce1d9cb30bf2349242c0?s=96&d=mm&r=g","url":"https:\/\/secure.gravatar.com\/avatar\/d66b3278234dc6481916236b9435d987ee86290f43f2ce1d9cb30bf2349242c0?s=96&d=mm&r=g","contentUrl":"https:\/\/secure.gravatar.com\/avatar\/d66b3278234dc6481916236b9435d987ee86290f43f2ce1d9cb30bf2349242c0?s=96&d=mm&r=g","caption":"Kest\u00e4vyyspalapeli"},"sameAs":["https:\/\/uefconnect.uef.fi\/tutkimusryhma\/kestavyysmurroksen-marginaalit\/","https:\/\/www.facebook.com\/profile.php?id=100090675645664","https:\/\/www.instagram.com\/kestavyyspalapeli\/","https:\/\/x.com\/KestPalaPeli"],"url":"https:\/\/blogs.uef.fi\/kestavyyspalapeli\/author\/emmiaho\/"}]}},"_links":{"self":[{"href":"https:\/\/blogs.uef.fi\/kestavyyspalapeli\/wp-json\/wp\/v2\/posts\/110","targetHints":{"allow":["GET"]}}],"collection":[{"href":"https:\/\/blogs.uef.fi\/kestavyyspalapeli\/wp-json\/wp\/v2\/posts"}],"about":[{"href":"https:\/\/blogs.uef.fi\/kestavyyspalapeli\/wp-json\/wp\/v2\/types\/post"}],"author":[{"embeddable":true,"href":"https:\/\/blogs.uef.fi\/kestavyyspalapeli\/wp-json\/wp\/v2\/users\/602"}],"replies":[{"embeddable":true,"href":"https:\/\/blogs.uef.fi\/kestavyyspalapeli\/wp-json\/wp\/v2\/comments?post=110"}],"version-history":[{"count":1,"href":"https:\/\/blogs.uef.fi\/kestavyyspalapeli\/wp-json\/wp\/v2\/posts\/110\/revisions"}],"predecessor-version":[{"id":207,"href":"https:\/\/blogs.uef.fi\/kestavyyspalapeli\/wp-json\/wp\/v2\/posts\/110\/revisions\/207"}],"wp:attachment":[{"href":"https:\/\/blogs.uef.fi\/kestavyyspalapeli\/wp-json\/wp\/v2\/media?parent=110"}],"wp:term":[{"taxonomy":"category","embeddable":true,"href":"https:\/\/blogs.uef.fi\/kestavyyspalapeli\/wp-json\/wp\/v2\/categories?post=110"},{"taxonomy":"post_tag","embeddable":true,"href":"https:\/\/blogs.uef.fi\/kestavyyspalapeli\/wp-json\/wp\/v2\/tags?post=110"}],"curies":[{"name":"wp","href":"https:\/\/api.w.org\/{rel}","templated":true}]}}