{"id":477,"date":"2024-06-11T12:15:23","date_gmt":"2024-06-11T10:15:23","guid":{"rendered":"https:\/\/blogs.uef.fi\/kaupungit-ruotsin-suurvallan-itarajalla\/?p=477"},"modified":"2024-08-16T14:40:35","modified_gmt":"2024-08-16T12:40:35","slug":"hankeporukka-kokoontui-ensimmaiseen-workshopiin","status":"publish","type":"post","link":"https:\/\/blogs.uef.fi\/kaupungit-ruotsin-suurvallan-itarajalla\/2024\/06\/11\/hankeporukka-kokoontui-ensimmaiseen-workshopiin\/","title":{"rendered":"Hankeporukka kokoontui ensimm\u00e4iseen workshopiin"},"content":{"rendered":"\n<p>Jenni Merovuo<\/p>\n\n\n\n<p>Rajan kaupungit -hanke on p\u00e4\u00e4ssyt jo vauhtiin kev\u00e4\u00e4n kuluessa, kun Nevanlinnan, K\u00e4kisalmen, Sortavalan, Brahean ja Kajaanin raastuvanoikeuksien p\u00f6yt\u00e4kirjat on uudelleendigitoitu ja luettu koneellisesti HTR-teknologian avulla Kansallisarkistossa. Huhtikuussa kokoonnuimme ensimm\u00e4ist\u00e4 kertaa koko hankeporukan voimin Kansallisarkiston tiloissa kuulemaan koneluvun tuloksista sek\u00e4 kartoittamaan ja suunnittelemaan hankkeen seuraavia askeleita.<\/p>\n\n\n\n<figure class=\"wp-block-image size-full\"><img loading=\"lazy\" decoding=\"async\" width=\"800\" height=\"600\" src=\"https:\/\/blogs.uef.fi\/kaupungit-ruotsin-suurvallan-itarajalla\/wp-content\/uploads\/sites\/209\/2024\/06\/Kuva-3-hankkeen-tutkijat-pieni.jpg\" alt=\"\" class=\"wp-image-486\" srcset=\"https:\/\/blogs.uef.fi\/kaupungit-ruotsin-suurvallan-itarajalla\/wp-content\/uploads\/sites\/209\/2024\/06\/Kuva-3-hankkeen-tutkijat-pieni.jpg 800w, https:\/\/blogs.uef.fi\/kaupungit-ruotsin-suurvallan-itarajalla\/wp-content\/uploads\/sites\/209\/2024\/06\/Kuva-3-hankkeen-tutkijat-pieni-300x225.jpg 300w, https:\/\/blogs.uef.fi\/kaupungit-ruotsin-suurvallan-itarajalla\/wp-content\/uploads\/sites\/209\/2024\/06\/Kuva-3-hankkeen-tutkijat-pieni-768x576.jpg 768w\" sizes=\"auto, (max-width: 800px) 100vw, 800px\" \/><figcaption class=\"wp-element-caption\"><em>Hankkeen tutkijat Kasper Kepsu, Antti H\u00e4rk\u00f6nen, Jukka Kokkonen, Jenni Merovuo ja Kimmo Katajala.<\/em><\/figcaption><\/figure>\n\n\n\n<p>Kimmo Katajala avasi workshopin k\u00e4sittelem\u00e4ll\u00e4 hankkeen menetelm\u00e4llist\u00e4 ydint\u00e4 eli vertailevaa mikrohistoriaa tutkimuksellisena viitekehyksen\u00e4. Vaikka mikrohistoriaa on tutkittu runsaasti, on vertailevaa mikrohistoriaa tehty harvemmin. T\u00e4h\u00e4n on vaikuttanut luonnollisesti menetelm\u00e4n vaativuus, mutta siihen haetaan nyt ratkaisua digihumanistisista menetelmist\u00e4, jotka voivat mahdollistaa vertailevat kysymyksenasettelut.<\/p>\n\n\n\n<p>Ville-Pekka K\u00e4\u00e4ri\u00e4inen ja Kimmo Elo kutsuttiin mukaan puhumaan omista digihumanistisista tutkimuksistaan. K\u00e4\u00e4ri\u00e4inen kertoi kokemuksistaan HTR:n ja Transkribuksen kanssa ty\u00f6skentelyst\u00e4. Ty\u00f6n alla olevassa v\u00e4it\u00f6skirjassaan K\u00e4\u00e4ri\u00e4inen tutkii valtionmuodostusta Iisalmen pit\u00e4j\u00e4ss\u00e4 1600-luvulla tuomiokirjojen kautta. K\u00e4\u00e4ri\u00e4inen on my\u00f6s tuottanut tutkimusprosessinsa aikana avoimen HTR-mallin, joka toimii hyvin my\u00f6s hankkeen aineistoon. K\u00e4\u00e4ri\u00e4isen kokemuksista Transkribuksen ja tietokannan rakentamisesta sek\u00e4 verkostoanalyysista saimme arvokasta ajateltavaa.<\/p>\n\n\n\n<p>Elo perehdytti meid\u00e4t verkostoanalyysin mahdollisuuksiin sek\u00e4 havaintomatriisien tekemiseen. Verkoston rakenne ja matriisien rakentaminen tuomiokirjadatan pohjalta puhutti ryhm\u00e4\u00e4, sill\u00e4 t\u00e4ss\u00e4 ty\u00f6vaiheessa tehdyt valinnat ohjaavat tutkimuksen painopisteit\u00e4 my\u00f6hemmiss\u00e4 vaiheissa. Rajaamalla muuttujia tutkimus tehd\u00e4\u00e4n hallittavaksi, mutta samalla kokonaiskuva verkostoista kapenee. Puuttuvan datan ymm\u00e4rt\u00e4minen onkin ensisijaisen t\u00e4rke\u00e4\u00e4, koska tuomiokirjat kertovat ensisijaisesti normien rikkomisesta ja v\u00e4lillisesti siit\u00e4 mik\u00e4 oli tavallista ja hyv\u00e4ksytt\u00e4v\u00e4\u00e4. Usein kaikkein l\u00e4himm\u00e4t ja kaupunkilaisille ilmeisimm\u00e4t suhteet mainitaan vain harvoin ja ohimennen. Kaupunkien valtasuhteet voivat n\u00e4ky\u00e4 monella tapaa henkil\u00f6kohtaisista verkostoista kauppasuhteisiin ja asemasta velkasuhteisiin. Mutta kuinka voidaan huomioida ajalliset ja tilalliset muutokset toimijoiden statuksessa?<\/p>\n\n\n\n<p>Keskustelu muistutti siit\u00e4, kuinka t\u00e4rke\u00e4\u00e4 on mahdollistaa joustavuus suhteiden analyysissa jo aineiston keruuvaiheessa. Verkostoanalyysi auttaa hahmottamaan rakenteita ja tunnistamaan ja visualisoimaan m\u00e4\u00e4r\u00e4llisesti laajoja kokonaisuuksia, mutta sen rinnalla analyysissa k\u00e4ytet\u00e4\u00e4n jatkuvasti my\u00f6s l\u00e4hilukua. Vasta konteksti avaa verkostojen syvemm\u00e4t yhteydet ja merkitykset.<\/p>\n\n\n\n<figure class=\"wp-block-image size-full\"><img loading=\"lazy\" decoding=\"async\" width=\"800\" height=\"533\" src=\"https:\/\/blogs.uef.fi\/kaupungit-ruotsin-suurvallan-itarajalla\/wp-content\/uploads\/sites\/209\/2024\/06\/kuva-1-2024-04-workshop-KA-pieni.jpeg\" alt=\"\" class=\"wp-image-489\" srcset=\"https:\/\/blogs.uef.fi\/kaupungit-ruotsin-suurvallan-itarajalla\/wp-content\/uploads\/sites\/209\/2024\/06\/kuva-1-2024-04-workshop-KA-pieni.jpeg 800w, https:\/\/blogs.uef.fi\/kaupungit-ruotsin-suurvallan-itarajalla\/wp-content\/uploads\/sites\/209\/2024\/06\/kuva-1-2024-04-workshop-KA-pieni-300x200.jpeg 300w, https:\/\/blogs.uef.fi\/kaupungit-ruotsin-suurvallan-itarajalla\/wp-content\/uploads\/sites\/209\/2024\/06\/kuva-1-2024-04-workshop-KA-pieni-768x512.jpeg 768w\" sizes=\"auto, (max-width: 800px) 100vw, 800px\" \/><figcaption class=\"wp-element-caption\"><em>Ilkka Jokipii ja Sanna Joska kertoivat koneluvusta ja sen tuloksista. Lis\u00e4\u00e4 heid\u00e4n ty\u00f6st\u00e4\u00e4n aikaisemmassa postauksessa<\/em> <em><a href=\"https:\/\/blogs.uef.fi\/kaupungit-ruotsin-suurvallan-itarajalla\/2024\/05\/31\/kasinkirjoitetun-tekstin-koneellinen-tunnistaminen-kansallisarkistossa-opetusaineistoa-supermallille\/\" target=\"_blank\" rel=\"noreferrer noopener\">t\u00e4\u00e4ll\u00e4.<\/a><\/em><\/figcaption><\/figure>\n\n\n\n<p>Rajan kaupunkeja aikaisemminkin tutkineet Jukka Kokkonen ja Kasper Kepsu puhuivat tutkimuksellisista mahdollisuuksista esimerkkien kautta. Kepsu toi esiin Nevanlinnan aseman merkitt\u00e4v\u00e4n\u00e4 v\u00e4litt\u00e4j\u00e4n\u00e4, mik\u00e4 n\u00e4kyy my\u00f6s kaupungin verkostoissa. My\u00f6s Kokkosen esittelem\u00e4 Brahea oli v\u00e4litt\u00e4j\u00e4 sek\u00e4 rajan yli ett\u00e4 rajaseudun pohjoisen ja etel\u00e4isen osan v\u00e4lill\u00e4. Kaupunkien v\u00e4lisi\u00e4 yhteyksi\u00e4 voimme saavuttaa vertailun kautta, mutta on my\u00f6s pohdittava tarkkaan, mit\u00e4 muita l\u00e4hdeainesitoja on mahdollista ottaa tarkasteluun raastuvanoikeuden p\u00f6yt\u00e4kirjojen lis\u00e4ksi.<\/p>\n\n\n\n<figure class=\"wp-block-image size-full\"><img loading=\"lazy\" decoding=\"async\" width=\"800\" height=\"600\" src=\"https:\/\/blogs.uef.fi\/kaupungit-ruotsin-suurvallan-itarajalla\/wp-content\/uploads\/sites\/209\/2024\/06\/kuva-2-viisas-hiiri-Merovuo-Kokkonen-Harkonen-01-pieni.jpg\" alt=\"\" class=\"wp-image-480\" srcset=\"https:\/\/blogs.uef.fi\/kaupungit-ruotsin-suurvallan-itarajalla\/wp-content\/uploads\/sites\/209\/2024\/06\/kuva-2-viisas-hiiri-Merovuo-Kokkonen-Harkonen-01-pieni.jpg 800w, https:\/\/blogs.uef.fi\/kaupungit-ruotsin-suurvallan-itarajalla\/wp-content\/uploads\/sites\/209\/2024\/06\/kuva-2-viisas-hiiri-Merovuo-Kokkonen-Harkonen-01-pieni-300x225.jpg 300w, https:\/\/blogs.uef.fi\/kaupungit-ruotsin-suurvallan-itarajalla\/wp-content\/uploads\/sites\/209\/2024\/06\/kuva-2-viisas-hiiri-Merovuo-Kokkonen-Harkonen-01-pieni-768x576.jpg 768w\" sizes=\"auto, (max-width: 800px) 100vw, 800px\" \/><figcaption class=\"wp-element-caption\"><em>Tutkijat Merovuo, Kokkonen ja H\u00e4rk\u00f6nen tervehtim\u00e4ss\u00e4 Viisasta hiirt\u00e4 Rauhankadun toimipisteell\u00e4.<\/em><\/figcaption><\/figure>\n","protected":false},"excerpt":{"rendered":"<p>Jenni Merovuo Rajan kaupungit -hanke on p\u00e4\u00e4ssyt jo vauhtiin kev\u00e4\u00e4n kuluessa, kun Nevanlinnan, K\u00e4kisalmen, Sortavalan, Brahean ja Kajaanin raastuvanoikeuksien p\u00f6yt\u00e4kirjat on uudelleendigitoitu ja luettu koneellisesti HTR-teknologian avulla Kansallisarkistossa. Huhtikuussa kokoonnuimme ensimm\u00e4ist\u00e4 kertaa koko hankeporukan voimin Kansallisarkiston tiloissa kuulemaan koneluvun tuloksista sek\u00e4 kartoittamaan ja suunnittelemaan hankkeen seuraavia askeleita. Kimmo Katajala avasi workshopin k\u00e4sittelem\u00e4ll\u00e4 hankkeen menetelm\u00e4llist\u00e4 ydint\u00e4 [&hellip;]<\/p>\n","protected":false},"author":668,"featured_media":0,"comment_status":"open","ping_status":"open","sticky":false,"template":"","format":"standard","meta":{"_acf_changed":false,"footnotes":""},"categories":[1],"tags":[25,32,29],"class_list":["post-477","post","type-post","status-publish","format-standard","hentry","category-uncategorized","tag-1600-luku","tag-htr","tag-transkribus"],"acf":[],"yoast_head":"<!-- This site is optimized with the Yoast SEO plugin v27.3 - https:\/\/yoast.com\/product\/yoast-seo-wordpress\/ -->\n<title>Hankeporukka kokoontui ensimm\u00e4iseen workshopiin - Kaupungit Ruotsin suurvallan it\u00e4rajalla -blogi<\/title>\n<meta name=\"robots\" content=\"index, follow, max-snippet:-1, max-image-preview:large, max-video-preview:-1\" \/>\n<link rel=\"canonical\" href=\"https:\/\/blogs.uef.fi\/kaupungit-ruotsin-suurvallan-itarajalla\/2024\/06\/11\/hankeporukka-kokoontui-ensimmaiseen-workshopiin\/\" \/>\n<meta property=\"og:locale\" content=\"fi_FI\" \/>\n<meta property=\"og:type\" content=\"article\" \/>\n<meta property=\"og:title\" content=\"Hankeporukka kokoontui ensimm\u00e4iseen workshopiin - Kaupungit Ruotsin suurvallan it\u00e4rajalla -blogi\" \/>\n<meta property=\"og:description\" content=\"Jenni Merovuo Rajan kaupungit -hanke on p\u00e4\u00e4ssyt jo vauhtiin kev\u00e4\u00e4n kuluessa, kun Nevanlinnan, K\u00e4kisalmen, Sortavalan, Brahean ja Kajaanin raastuvanoikeuksien p\u00f6yt\u00e4kirjat on uudelleendigitoitu ja luettu koneellisesti HTR-teknologian avulla Kansallisarkistossa. Huhtikuussa kokoonnuimme ensimm\u00e4ist\u00e4 kertaa koko hankeporukan voimin Kansallisarkiston tiloissa kuulemaan koneluvun tuloksista sek\u00e4 kartoittamaan ja suunnittelemaan hankkeen seuraavia askeleita. Kimmo Katajala avasi workshopin k\u00e4sittelem\u00e4ll\u00e4 hankkeen menetelm\u00e4llist\u00e4 ydint\u00e4 [&hellip;]\" \/>\n<meta property=\"og:url\" content=\"https:\/\/blogs.uef.fi\/kaupungit-ruotsin-suurvallan-itarajalla\/2024\/06\/11\/hankeporukka-kokoontui-ensimmaiseen-workshopiin\/\" \/>\n<meta property=\"og:site_name\" content=\"Kaupungit Ruotsin suurvallan it\u00e4rajalla -blogi\" \/>\n<meta property=\"article:published_time\" content=\"2024-06-11T10:15:23+00:00\" \/>\n<meta property=\"article:modified_time\" content=\"2024-08-16T12:40:35+00:00\" \/>\n<meta property=\"og:image\" content=\"https:\/\/blogs.uef.fi\/kaupungit-ruotsin-suurvallan-itarajalla\/wp-content\/uploads\/sites\/209\/2024\/06\/Kuva-3-hankkeen-tutkijat-pieni.jpg\" \/>\n<meta name=\"author\" content=\"jmerovuo\" \/>\n<meta name=\"twitter:card\" content=\"summary_large_image\" \/>\n<meta name=\"twitter:label1\" content=\"Kirjoittanut\" \/>\n\t<meta name=\"twitter:data1\" content=\"jmerovuo\" \/>\n\t<meta name=\"twitter:label2\" content=\"Arvioitu lukuaika\" \/>\n\t<meta name=\"twitter:data2\" content=\"3 minuuttia\" \/>\n<script type=\"application\/ld+json\" class=\"yoast-schema-graph\">{\"@context\":\"https:\\\/\\\/schema.org\",\"@graph\":[{\"@type\":\"Article\",\"@id\":\"https:\\\/\\\/blogs.uef.fi\\\/kaupungit-ruotsin-suurvallan-itarajalla\\\/2024\\\/06\\\/11\\\/hankeporukka-kokoontui-ensimmaiseen-workshopiin\\\/#article\",\"isPartOf\":{\"@id\":\"https:\\\/\\\/blogs.uef.fi\\\/kaupungit-ruotsin-suurvallan-itarajalla\\\/2024\\\/06\\\/11\\\/hankeporukka-kokoontui-ensimmaiseen-workshopiin\\\/\"},\"author\":{\"name\":\"jmerovuo\",\"@id\":\"https:\\\/\\\/blogs.uef.fi\\\/kaupungit-ruotsin-suurvallan-itarajalla\\\/#\\\/schema\\\/person\\\/936bd9e247602a91764b49cc4a647d0d\"},\"headline\":\"Hankeporukka kokoontui ensimm\u00e4iseen workshopiin\",\"datePublished\":\"2024-06-11T10:15:23+00:00\",\"dateModified\":\"2024-08-16T12:40:35+00:00\",\"mainEntityOfPage\":{\"@id\":\"https:\\\/\\\/blogs.uef.fi\\\/kaupungit-ruotsin-suurvallan-itarajalla\\\/2024\\\/06\\\/11\\\/hankeporukka-kokoontui-ensimmaiseen-workshopiin\\\/\"},\"wordCount\":465,\"commentCount\":0,\"image\":{\"@id\":\"https:\\\/\\\/blogs.uef.fi\\\/kaupungit-ruotsin-suurvallan-itarajalla\\\/2024\\\/06\\\/11\\\/hankeporukka-kokoontui-ensimmaiseen-workshopiin\\\/#primaryimage\"},\"thumbnailUrl\":\"https:\\\/\\\/blogs.uef.fi\\\/kaupungit-ruotsin-suurvallan-itarajalla\\\/wp-content\\\/uploads\\\/sites\\\/209\\\/2024\\\/06\\\/Kuva-3-hankkeen-tutkijat-pieni.jpg\",\"keywords\":[\"1600-luku\",\"HTR\",\"Transkribus\"],\"articleSection\":[\"Uncategorized\"],\"inLanguage\":\"fi\",\"potentialAction\":[{\"@type\":\"CommentAction\",\"name\":\"Comment\",\"target\":[\"https:\\\/\\\/blogs.uef.fi\\\/kaupungit-ruotsin-suurvallan-itarajalla\\\/2024\\\/06\\\/11\\\/hankeporukka-kokoontui-ensimmaiseen-workshopiin\\\/#respond\"]}]},{\"@type\":\"WebPage\",\"@id\":\"https:\\\/\\\/blogs.uef.fi\\\/kaupungit-ruotsin-suurvallan-itarajalla\\\/2024\\\/06\\\/11\\\/hankeporukka-kokoontui-ensimmaiseen-workshopiin\\\/\",\"url\":\"https:\\\/\\\/blogs.uef.fi\\\/kaupungit-ruotsin-suurvallan-itarajalla\\\/2024\\\/06\\\/11\\\/hankeporukka-kokoontui-ensimmaiseen-workshopiin\\\/\",\"name\":\"Hankeporukka kokoontui ensimm\u00e4iseen workshopiin - Kaupungit Ruotsin suurvallan it\u00e4rajalla -blogi\",\"isPartOf\":{\"@id\":\"https:\\\/\\\/blogs.uef.fi\\\/kaupungit-ruotsin-suurvallan-itarajalla\\\/#website\"},\"primaryImageOfPage\":{\"@id\":\"https:\\\/\\\/blogs.uef.fi\\\/kaupungit-ruotsin-suurvallan-itarajalla\\\/2024\\\/06\\\/11\\\/hankeporukka-kokoontui-ensimmaiseen-workshopiin\\\/#primaryimage\"},\"image\":{\"@id\":\"https:\\\/\\\/blogs.uef.fi\\\/kaupungit-ruotsin-suurvallan-itarajalla\\\/2024\\\/06\\\/11\\\/hankeporukka-kokoontui-ensimmaiseen-workshopiin\\\/#primaryimage\"},\"thumbnailUrl\":\"https:\\\/\\\/blogs.uef.fi\\\/kaupungit-ruotsin-suurvallan-itarajalla\\\/wp-content\\\/uploads\\\/sites\\\/209\\\/2024\\\/06\\\/Kuva-3-hankkeen-tutkijat-pieni.jpg\",\"datePublished\":\"2024-06-11T10:15:23+00:00\",\"dateModified\":\"2024-08-16T12:40:35+00:00\",\"author\":{\"@id\":\"https:\\\/\\\/blogs.uef.fi\\\/kaupungit-ruotsin-suurvallan-itarajalla\\\/#\\\/schema\\\/person\\\/936bd9e247602a91764b49cc4a647d0d\"},\"breadcrumb\":{\"@id\":\"https:\\\/\\\/blogs.uef.fi\\\/kaupungit-ruotsin-suurvallan-itarajalla\\\/2024\\\/06\\\/11\\\/hankeporukka-kokoontui-ensimmaiseen-workshopiin\\\/#breadcrumb\"},\"inLanguage\":\"fi\",\"potentialAction\":[{\"@type\":\"ReadAction\",\"target\":[\"https:\\\/\\\/blogs.uef.fi\\\/kaupungit-ruotsin-suurvallan-itarajalla\\\/2024\\\/06\\\/11\\\/hankeporukka-kokoontui-ensimmaiseen-workshopiin\\\/\"]}]},{\"@type\":\"ImageObject\",\"inLanguage\":\"fi\",\"@id\":\"https:\\\/\\\/blogs.uef.fi\\\/kaupungit-ruotsin-suurvallan-itarajalla\\\/2024\\\/06\\\/11\\\/hankeporukka-kokoontui-ensimmaiseen-workshopiin\\\/#primaryimage\",\"url\":\"https:\\\/\\\/blogs.uef.fi\\\/kaupungit-ruotsin-suurvallan-itarajalla\\\/wp-content\\\/uploads\\\/sites\\\/209\\\/2024\\\/06\\\/Kuva-3-hankkeen-tutkijat-pieni.jpg\",\"contentUrl\":\"https:\\\/\\\/blogs.uef.fi\\\/kaupungit-ruotsin-suurvallan-itarajalla\\\/wp-content\\\/uploads\\\/sites\\\/209\\\/2024\\\/06\\\/Kuva-3-hankkeen-tutkijat-pieni.jpg\",\"width\":800,\"height\":600},{\"@type\":\"BreadcrumbList\",\"@id\":\"https:\\\/\\\/blogs.uef.fi\\\/kaupungit-ruotsin-suurvallan-itarajalla\\\/2024\\\/06\\\/11\\\/hankeporukka-kokoontui-ensimmaiseen-workshopiin\\\/#breadcrumb\",\"itemListElement\":[{\"@type\":\"ListItem\",\"position\":1,\"name\":\"Home\",\"item\":\"https:\\\/\\\/blogs.uef.fi\\\/kaupungit-ruotsin-suurvallan-itarajalla\\\/\"},{\"@type\":\"ListItem\",\"position\":2,\"name\":\"Hankeporukka kokoontui ensimm\u00e4iseen workshopiin\"}]},{\"@type\":\"WebSite\",\"@id\":\"https:\\\/\\\/blogs.uef.fi\\\/kaupungit-ruotsin-suurvallan-itarajalla\\\/#website\",\"url\":\"https:\\\/\\\/blogs.uef.fi\\\/kaupungit-ruotsin-suurvallan-itarajalla\\\/\",\"name\":\"Kaupungit Ruotsin suurvallan it\u00e4rajalla -blogi\",\"description\":\"kaupungit; varhainen uusi aika; Ruotsin suurvalta-aika; 1600-luku, verkostot\",\"potentialAction\":[{\"@type\":\"SearchAction\",\"target\":{\"@type\":\"EntryPoint\",\"urlTemplate\":\"https:\\\/\\\/blogs.uef.fi\\\/kaupungit-ruotsin-suurvallan-itarajalla\\\/?s={search_term_string}\"},\"query-input\":{\"@type\":\"PropertyValueSpecification\",\"valueRequired\":true,\"valueName\":\"search_term_string\"}}],\"inLanguage\":\"fi\"},{\"@type\":\"Person\",\"@id\":\"https:\\\/\\\/blogs.uef.fi\\\/kaupungit-ruotsin-suurvallan-itarajalla\\\/#\\\/schema\\\/person\\\/936bd9e247602a91764b49cc4a647d0d\",\"name\":\"jmerovuo\",\"image\":{\"@type\":\"ImageObject\",\"inLanguage\":\"fi\",\"@id\":\"https:\\\/\\\/secure.gravatar.com\\\/avatar\\\/af8893f65675616dda8580df06b53d7ccf22ec8d940729602fc286053e0ee0ac?s=96&d=mm&r=g\",\"url\":\"https:\\\/\\\/secure.gravatar.com\\\/avatar\\\/af8893f65675616dda8580df06b53d7ccf22ec8d940729602fc286053e0ee0ac?s=96&d=mm&r=g\",\"contentUrl\":\"https:\\\/\\\/secure.gravatar.com\\\/avatar\\\/af8893f65675616dda8580df06b53d7ccf22ec8d940729602fc286053e0ee0ac?s=96&d=mm&r=g\",\"caption\":\"jmerovuo\"},\"url\":\"https:\\\/\\\/blogs.uef.fi\\\/kaupungit-ruotsin-suurvallan-itarajalla\\\/author\\\/jmerovuo\\\/\"}]}<\/script>\n<!-- \/ Yoast SEO plugin. -->","yoast_head_json":{"title":"Hankeporukka kokoontui ensimm\u00e4iseen workshopiin - Kaupungit Ruotsin suurvallan it\u00e4rajalla -blogi","robots":{"index":"index","follow":"follow","max-snippet":"max-snippet:-1","max-image-preview":"max-image-preview:large","max-video-preview":"max-video-preview:-1"},"canonical":"https:\/\/blogs.uef.fi\/kaupungit-ruotsin-suurvallan-itarajalla\/2024\/06\/11\/hankeporukka-kokoontui-ensimmaiseen-workshopiin\/","og_locale":"fi_FI","og_type":"article","og_title":"Hankeporukka kokoontui ensimm\u00e4iseen workshopiin - Kaupungit Ruotsin suurvallan it\u00e4rajalla -blogi","og_description":"Jenni Merovuo Rajan kaupungit -hanke on p\u00e4\u00e4ssyt jo vauhtiin kev\u00e4\u00e4n kuluessa, kun Nevanlinnan, K\u00e4kisalmen, Sortavalan, Brahean ja Kajaanin raastuvanoikeuksien p\u00f6yt\u00e4kirjat on uudelleendigitoitu ja luettu koneellisesti HTR-teknologian avulla Kansallisarkistossa. Huhtikuussa kokoonnuimme ensimm\u00e4ist\u00e4 kertaa koko hankeporukan voimin Kansallisarkiston tiloissa kuulemaan koneluvun tuloksista sek\u00e4 kartoittamaan ja suunnittelemaan hankkeen seuraavia askeleita. Kimmo Katajala avasi workshopin k\u00e4sittelem\u00e4ll\u00e4 hankkeen menetelm\u00e4llist\u00e4 ydint\u00e4 [&hellip;]","og_url":"https:\/\/blogs.uef.fi\/kaupungit-ruotsin-suurvallan-itarajalla\/2024\/06\/11\/hankeporukka-kokoontui-ensimmaiseen-workshopiin\/","og_site_name":"Kaupungit Ruotsin suurvallan it\u00e4rajalla -blogi","article_published_time":"2024-06-11T10:15:23+00:00","article_modified_time":"2024-08-16T12:40:35+00:00","og_image":[{"url":"https:\/\/blogs.uef.fi\/kaupungit-ruotsin-suurvallan-itarajalla\/wp-content\/uploads\/sites\/209\/2024\/06\/Kuva-3-hankkeen-tutkijat-pieni.jpg","type":"","width":"","height":""}],"author":"jmerovuo","twitter_card":"summary_large_image","twitter_misc":{"Kirjoittanut":"jmerovuo","Arvioitu lukuaika":"3 minuuttia"},"schema":{"@context":"https:\/\/schema.org","@graph":[{"@type":"Article","@id":"https:\/\/blogs.uef.fi\/kaupungit-ruotsin-suurvallan-itarajalla\/2024\/06\/11\/hankeporukka-kokoontui-ensimmaiseen-workshopiin\/#article","isPartOf":{"@id":"https:\/\/blogs.uef.fi\/kaupungit-ruotsin-suurvallan-itarajalla\/2024\/06\/11\/hankeporukka-kokoontui-ensimmaiseen-workshopiin\/"},"author":{"name":"jmerovuo","@id":"https:\/\/blogs.uef.fi\/kaupungit-ruotsin-suurvallan-itarajalla\/#\/schema\/person\/936bd9e247602a91764b49cc4a647d0d"},"headline":"Hankeporukka kokoontui ensimm\u00e4iseen workshopiin","datePublished":"2024-06-11T10:15:23+00:00","dateModified":"2024-08-16T12:40:35+00:00","mainEntityOfPage":{"@id":"https:\/\/blogs.uef.fi\/kaupungit-ruotsin-suurvallan-itarajalla\/2024\/06\/11\/hankeporukka-kokoontui-ensimmaiseen-workshopiin\/"},"wordCount":465,"commentCount":0,"image":{"@id":"https:\/\/blogs.uef.fi\/kaupungit-ruotsin-suurvallan-itarajalla\/2024\/06\/11\/hankeporukka-kokoontui-ensimmaiseen-workshopiin\/#primaryimage"},"thumbnailUrl":"https:\/\/blogs.uef.fi\/kaupungit-ruotsin-suurvallan-itarajalla\/wp-content\/uploads\/sites\/209\/2024\/06\/Kuva-3-hankkeen-tutkijat-pieni.jpg","keywords":["1600-luku","HTR","Transkribus"],"articleSection":["Uncategorized"],"inLanguage":"fi","potentialAction":[{"@type":"CommentAction","name":"Comment","target":["https:\/\/blogs.uef.fi\/kaupungit-ruotsin-suurvallan-itarajalla\/2024\/06\/11\/hankeporukka-kokoontui-ensimmaiseen-workshopiin\/#respond"]}]},{"@type":"WebPage","@id":"https:\/\/blogs.uef.fi\/kaupungit-ruotsin-suurvallan-itarajalla\/2024\/06\/11\/hankeporukka-kokoontui-ensimmaiseen-workshopiin\/","url":"https:\/\/blogs.uef.fi\/kaupungit-ruotsin-suurvallan-itarajalla\/2024\/06\/11\/hankeporukka-kokoontui-ensimmaiseen-workshopiin\/","name":"Hankeporukka kokoontui ensimm\u00e4iseen workshopiin - Kaupungit Ruotsin suurvallan it\u00e4rajalla -blogi","isPartOf":{"@id":"https:\/\/blogs.uef.fi\/kaupungit-ruotsin-suurvallan-itarajalla\/#website"},"primaryImageOfPage":{"@id":"https:\/\/blogs.uef.fi\/kaupungit-ruotsin-suurvallan-itarajalla\/2024\/06\/11\/hankeporukka-kokoontui-ensimmaiseen-workshopiin\/#primaryimage"},"image":{"@id":"https:\/\/blogs.uef.fi\/kaupungit-ruotsin-suurvallan-itarajalla\/2024\/06\/11\/hankeporukka-kokoontui-ensimmaiseen-workshopiin\/#primaryimage"},"thumbnailUrl":"https:\/\/blogs.uef.fi\/kaupungit-ruotsin-suurvallan-itarajalla\/wp-content\/uploads\/sites\/209\/2024\/06\/Kuva-3-hankkeen-tutkijat-pieni.jpg","datePublished":"2024-06-11T10:15:23+00:00","dateModified":"2024-08-16T12:40:35+00:00","author":{"@id":"https:\/\/blogs.uef.fi\/kaupungit-ruotsin-suurvallan-itarajalla\/#\/schema\/person\/936bd9e247602a91764b49cc4a647d0d"},"breadcrumb":{"@id":"https:\/\/blogs.uef.fi\/kaupungit-ruotsin-suurvallan-itarajalla\/2024\/06\/11\/hankeporukka-kokoontui-ensimmaiseen-workshopiin\/#breadcrumb"},"inLanguage":"fi","potentialAction":[{"@type":"ReadAction","target":["https:\/\/blogs.uef.fi\/kaupungit-ruotsin-suurvallan-itarajalla\/2024\/06\/11\/hankeporukka-kokoontui-ensimmaiseen-workshopiin\/"]}]},{"@type":"ImageObject","inLanguage":"fi","@id":"https:\/\/blogs.uef.fi\/kaupungit-ruotsin-suurvallan-itarajalla\/2024\/06\/11\/hankeporukka-kokoontui-ensimmaiseen-workshopiin\/#primaryimage","url":"https:\/\/blogs.uef.fi\/kaupungit-ruotsin-suurvallan-itarajalla\/wp-content\/uploads\/sites\/209\/2024\/06\/Kuva-3-hankkeen-tutkijat-pieni.jpg","contentUrl":"https:\/\/blogs.uef.fi\/kaupungit-ruotsin-suurvallan-itarajalla\/wp-content\/uploads\/sites\/209\/2024\/06\/Kuva-3-hankkeen-tutkijat-pieni.jpg","width":800,"height":600},{"@type":"BreadcrumbList","@id":"https:\/\/blogs.uef.fi\/kaupungit-ruotsin-suurvallan-itarajalla\/2024\/06\/11\/hankeporukka-kokoontui-ensimmaiseen-workshopiin\/#breadcrumb","itemListElement":[{"@type":"ListItem","position":1,"name":"Home","item":"https:\/\/blogs.uef.fi\/kaupungit-ruotsin-suurvallan-itarajalla\/"},{"@type":"ListItem","position":2,"name":"Hankeporukka kokoontui ensimm\u00e4iseen workshopiin"}]},{"@type":"WebSite","@id":"https:\/\/blogs.uef.fi\/kaupungit-ruotsin-suurvallan-itarajalla\/#website","url":"https:\/\/blogs.uef.fi\/kaupungit-ruotsin-suurvallan-itarajalla\/","name":"Kaupungit Ruotsin suurvallan it\u00e4rajalla -blogi","description":"kaupungit; varhainen uusi aika; Ruotsin suurvalta-aika; 1600-luku, verkostot","potentialAction":[{"@type":"SearchAction","target":{"@type":"EntryPoint","urlTemplate":"https:\/\/blogs.uef.fi\/kaupungit-ruotsin-suurvallan-itarajalla\/?s={search_term_string}"},"query-input":{"@type":"PropertyValueSpecification","valueRequired":true,"valueName":"search_term_string"}}],"inLanguage":"fi"},{"@type":"Person","@id":"https:\/\/blogs.uef.fi\/kaupungit-ruotsin-suurvallan-itarajalla\/#\/schema\/person\/936bd9e247602a91764b49cc4a647d0d","name":"jmerovuo","image":{"@type":"ImageObject","inLanguage":"fi","@id":"https:\/\/secure.gravatar.com\/avatar\/af8893f65675616dda8580df06b53d7ccf22ec8d940729602fc286053e0ee0ac?s=96&d=mm&r=g","url":"https:\/\/secure.gravatar.com\/avatar\/af8893f65675616dda8580df06b53d7ccf22ec8d940729602fc286053e0ee0ac?s=96&d=mm&r=g","contentUrl":"https:\/\/secure.gravatar.com\/avatar\/af8893f65675616dda8580df06b53d7ccf22ec8d940729602fc286053e0ee0ac?s=96&d=mm&r=g","caption":"jmerovuo"},"url":"https:\/\/blogs.uef.fi\/kaupungit-ruotsin-suurvallan-itarajalla\/author\/jmerovuo\/"}]}},"_links":{"self":[{"href":"https:\/\/blogs.uef.fi\/kaupungit-ruotsin-suurvallan-itarajalla\/wp-json\/wp\/v2\/posts\/477","targetHints":{"allow":["GET"]}}],"collection":[{"href":"https:\/\/blogs.uef.fi\/kaupungit-ruotsin-suurvallan-itarajalla\/wp-json\/wp\/v2\/posts"}],"about":[{"href":"https:\/\/blogs.uef.fi\/kaupungit-ruotsin-suurvallan-itarajalla\/wp-json\/wp\/v2\/types\/post"}],"author":[{"embeddable":true,"href":"https:\/\/blogs.uef.fi\/kaupungit-ruotsin-suurvallan-itarajalla\/wp-json\/wp\/v2\/users\/668"}],"replies":[{"embeddable":true,"href":"https:\/\/blogs.uef.fi\/kaupungit-ruotsin-suurvallan-itarajalla\/wp-json\/wp\/v2\/comments?post=477"}],"version-history":[{"count":1,"href":"https:\/\/blogs.uef.fi\/kaupungit-ruotsin-suurvallan-itarajalla\/wp-json\/wp\/v2\/posts\/477\/revisions"}],"predecessor-version":[{"id":492,"href":"https:\/\/blogs.uef.fi\/kaupungit-ruotsin-suurvallan-itarajalla\/wp-json\/wp\/v2\/posts\/477\/revisions\/492"}],"wp:attachment":[{"href":"https:\/\/blogs.uef.fi\/kaupungit-ruotsin-suurvallan-itarajalla\/wp-json\/wp\/v2\/media?parent=477"}],"wp:term":[{"taxonomy":"category","embeddable":true,"href":"https:\/\/blogs.uef.fi\/kaupungit-ruotsin-suurvallan-itarajalla\/wp-json\/wp\/v2\/categories?post=477"},{"taxonomy":"post_tag","embeddable":true,"href":"https:\/\/blogs.uef.fi\/kaupungit-ruotsin-suurvallan-itarajalla\/wp-json\/wp\/v2\/tags?post=477"}],"curies":[{"name":"wp","href":"https:\/\/api.w.org\/{rel}","templated":true}]}}