{"id":412,"date":"2024-03-12T14:59:26","date_gmt":"2024-03-12T12:59:26","guid":{"rendered":"https:\/\/blogs.uef.fi\/kaupungit-ruotsin-suurvallan-itarajalla\/?p=412"},"modified":"2025-02-17T09:55:22","modified_gmt":"2025-02-17T07:55:22","slug":"itarajan-kaupunkihistoriaa","status":"publish","type":"post","link":"https:\/\/blogs.uef.fi\/kaupungit-ruotsin-suurvallan-itarajalla\/2024\/03\/12\/itarajan-kaupunkihistoriaa\/","title":{"rendered":"It\u00e4rajan kaupunkihistoriaa!"},"content":{"rendered":"\n<p>Luet parhaillaan tutkimushankkeen &#8221;It\u00e4rajan kaupungit Ruotsin suurvallan it\u00e4rajalla&#8221; blogisivua. T\u00e4\u00e4ll\u00e4 kerromme hankkeen kuulumisia, tehtyj\u00e4 havaintoja ja ihan vain hankkeessa mukana olevien fiiliksi\u00e4. Hankkeessa tutkijoina ovat FM Jenni Merovuo, FM Antti H\u00e4rk\u00f6nen, dosentti Kasper Kepsu ja dosentti Jukka Kokkonen. Tutkimushankkeen vastuullisena johtajana on professori Kimmo Katajala ja kolmivuotisen hankkeen on rahoittanut vuoden 2024 alusta l\u00e4htien Svenska Litteraturs\u00e4llskapet i Finland.<\/p>\n\n\n\n<p>Tutkimushankkeen alkuvaiheessa luodaan yhteisty\u00f6ss\u00e4 Kansallisarkiston kanssa Nevanlinnan, K\u00e4kisalmen, Sortavalan, Brahean ja Kajaanin 1600-luvulta s\u00e4ilyneist\u00e4 raastuvanoikeuksien p\u00f6yt\u00e4kirjoista s\u00e4hk\u00f6inen tekstikorpus. N\u00e4ist\u00e4 tekstitiedostoista koostetaan verkostoanalyysity\u00f6kaluille havaintomatriisit, joiden avulla luodaan raastuvanoikeuden p\u00f6yt\u00e4kirjossa olevista tapauksista kaupunkien sis\u00e4isten ja v\u00e4listen sosiaalisten ja kaupallisten verkostojen kuvaukset. N\u00e4m\u00e4 kuvaukset muodostavat perustan hankkeessa kirjoitettavalle artikkeleiden antologialle.<\/p>\n\n\n\n<p><\/p>\n","protected":false},"excerpt":{"rendered":"<p>Luet parhaillaan tutkimushankkeen &#8221;It\u00e4rajan kaupungit Ruotsin suurvallan it\u00e4rajalla&#8221; blogisivua. T\u00e4\u00e4ll\u00e4 kerromme hankkeen kuulumisia, tehtyj\u00e4 havaintoja ja ihan vain hankkeessa mukana olevien fiiliksi\u00e4. Hankkeessa tutkijoina ovat FM Jenni Merovuo, FM Antti H\u00e4rk\u00f6nen, dosentti Kasper Kepsu ja dosentti Jukka Kokkonen. Tutkimushankkeen vastuullisena johtajana on professori Kimmo Katajala ja kolmivuotisen hankkeen on rahoittanut vuoden 2024 alusta l\u00e4htien Svenska [&hellip;]<\/p>\n","protected":false},"author":675,"featured_media":0,"comment_status":"open","ping_status":"open","sticky":false,"template":"","format":"standard","meta":{"_acf_changed":false,"footnotes":""},"categories":[1],"tags":[25,22,16,28,19],"class_list":["post-412","post","type-post","status-publish","format-standard","hentry","category-uncategorized","tag-1600-luku","tag-digitaalinen-humanismi","tag-kaupunkihistoria","tag-ruotsin-suurvalta-aika","tag-varhainen-uusi-aika"],"acf":[],"yoast_head":"<!-- This site is optimized with the Yoast SEO plugin v27.3 - https:\/\/yoast.com\/product\/yoast-seo-wordpress\/ -->\n<title>It\u00e4rajan kaupunkihistoriaa! - Kaupungit Ruotsin suurvallan it\u00e4rajalla -blogi<\/title>\n<meta name=\"robots\" content=\"index, follow, max-snippet:-1, max-image-preview:large, max-video-preview:-1\" \/>\n<link rel=\"canonical\" href=\"https:\/\/blogs.uef.fi\/kaupungit-ruotsin-suurvallan-itarajalla\/2024\/03\/12\/itarajan-kaupunkihistoriaa\/\" \/>\n<meta property=\"og:locale\" content=\"fi_FI\" \/>\n<meta property=\"og:type\" content=\"article\" \/>\n<meta property=\"og:title\" content=\"It\u00e4rajan kaupunkihistoriaa! - Kaupungit Ruotsin suurvallan it\u00e4rajalla -blogi\" \/>\n<meta property=\"og:description\" content=\"Luet parhaillaan tutkimushankkeen &#8221;It\u00e4rajan kaupungit Ruotsin suurvallan it\u00e4rajalla&#8221; blogisivua. T\u00e4\u00e4ll\u00e4 kerromme hankkeen kuulumisia, tehtyj\u00e4 havaintoja ja ihan vain hankkeessa mukana olevien fiiliksi\u00e4. Hankkeessa tutkijoina ovat FM Jenni Merovuo, FM Antti H\u00e4rk\u00f6nen, dosentti Kasper Kepsu ja dosentti Jukka Kokkonen. Tutkimushankkeen vastuullisena johtajana on professori Kimmo Katajala ja kolmivuotisen hankkeen on rahoittanut vuoden 2024 alusta l\u00e4htien Svenska [&hellip;]\" \/>\n<meta property=\"og:url\" content=\"https:\/\/blogs.uef.fi\/kaupungit-ruotsin-suurvallan-itarajalla\/2024\/03\/12\/itarajan-kaupunkihistoriaa\/\" \/>\n<meta property=\"og:site_name\" content=\"Kaupungit Ruotsin suurvallan it\u00e4rajalla -blogi\" \/>\n<meta property=\"article:published_time\" content=\"2024-03-12T12:59:26+00:00\" \/>\n<meta property=\"article:modified_time\" content=\"2025-02-17T07:55:22+00:00\" \/>\n<meta name=\"author\" content=\"katajala\" \/>\n<meta name=\"twitter:card\" content=\"summary_large_image\" \/>\n<meta name=\"twitter:label1\" content=\"Kirjoittanut\" \/>\n\t<meta name=\"twitter:data1\" content=\"katajala\" \/>\n\t<meta name=\"twitter:label2\" content=\"Arvioitu lukuaika\" \/>\n\t<meta name=\"twitter:data2\" content=\"1 minuutti\" \/>\n<script type=\"application\/ld+json\" class=\"yoast-schema-graph\">{\"@context\":\"https:\\\/\\\/schema.org\",\"@graph\":[{\"@type\":\"Article\",\"@id\":\"https:\\\/\\\/blogs.uef.fi\\\/kaupungit-ruotsin-suurvallan-itarajalla\\\/2024\\\/03\\\/12\\\/itarajan-kaupunkihistoriaa\\\/#article\",\"isPartOf\":{\"@id\":\"https:\\\/\\\/blogs.uef.fi\\\/kaupungit-ruotsin-suurvallan-itarajalla\\\/2024\\\/03\\\/12\\\/itarajan-kaupunkihistoriaa\\\/\"},\"author\":{\"name\":\"katajala\",\"@id\":\"https:\\\/\\\/blogs.uef.fi\\\/kaupungit-ruotsin-suurvallan-itarajalla\\\/#\\\/schema\\\/person\\\/c2a999600058bd5094ea9b06c0e6dd87\"},\"headline\":\"It\u00e4rajan kaupunkihistoriaa!\",\"datePublished\":\"2024-03-12T12:59:26+00:00\",\"dateModified\":\"2025-02-17T07:55:22+00:00\",\"mainEntityOfPage\":{\"@id\":\"https:\\\/\\\/blogs.uef.fi\\\/kaupungit-ruotsin-suurvallan-itarajalla\\\/2024\\\/03\\\/12\\\/itarajan-kaupunkihistoriaa\\\/\"},\"wordCount\":128,\"commentCount\":0,\"keywords\":[\"1600-luku\",\"digitaalinen humanismi\",\"kaupunkihistoria\",\"Ruotsin suurvalta-aika\",\"varhainen uusi aika\"],\"articleSection\":[\"Uncategorized\"],\"inLanguage\":\"fi\",\"potentialAction\":[{\"@type\":\"CommentAction\",\"name\":\"Comment\",\"target\":[\"https:\\\/\\\/blogs.uef.fi\\\/kaupungit-ruotsin-suurvallan-itarajalla\\\/2024\\\/03\\\/12\\\/itarajan-kaupunkihistoriaa\\\/#respond\"]}]},{\"@type\":\"WebPage\",\"@id\":\"https:\\\/\\\/blogs.uef.fi\\\/kaupungit-ruotsin-suurvallan-itarajalla\\\/2024\\\/03\\\/12\\\/itarajan-kaupunkihistoriaa\\\/\",\"url\":\"https:\\\/\\\/blogs.uef.fi\\\/kaupungit-ruotsin-suurvallan-itarajalla\\\/2024\\\/03\\\/12\\\/itarajan-kaupunkihistoriaa\\\/\",\"name\":\"It\u00e4rajan kaupunkihistoriaa! - Kaupungit Ruotsin suurvallan it\u00e4rajalla -blogi\",\"isPartOf\":{\"@id\":\"https:\\\/\\\/blogs.uef.fi\\\/kaupungit-ruotsin-suurvallan-itarajalla\\\/#website\"},\"datePublished\":\"2024-03-12T12:59:26+00:00\",\"dateModified\":\"2025-02-17T07:55:22+00:00\",\"author\":{\"@id\":\"https:\\\/\\\/blogs.uef.fi\\\/kaupungit-ruotsin-suurvallan-itarajalla\\\/#\\\/schema\\\/person\\\/c2a999600058bd5094ea9b06c0e6dd87\"},\"breadcrumb\":{\"@id\":\"https:\\\/\\\/blogs.uef.fi\\\/kaupungit-ruotsin-suurvallan-itarajalla\\\/2024\\\/03\\\/12\\\/itarajan-kaupunkihistoriaa\\\/#breadcrumb\"},\"inLanguage\":\"fi\",\"potentialAction\":[{\"@type\":\"ReadAction\",\"target\":[\"https:\\\/\\\/blogs.uef.fi\\\/kaupungit-ruotsin-suurvallan-itarajalla\\\/2024\\\/03\\\/12\\\/itarajan-kaupunkihistoriaa\\\/\"]}]},{\"@type\":\"BreadcrumbList\",\"@id\":\"https:\\\/\\\/blogs.uef.fi\\\/kaupungit-ruotsin-suurvallan-itarajalla\\\/2024\\\/03\\\/12\\\/itarajan-kaupunkihistoriaa\\\/#breadcrumb\",\"itemListElement\":[{\"@type\":\"ListItem\",\"position\":1,\"name\":\"Home\",\"item\":\"https:\\\/\\\/blogs.uef.fi\\\/kaupungit-ruotsin-suurvallan-itarajalla\\\/\"},{\"@type\":\"ListItem\",\"position\":2,\"name\":\"It\u00e4rajan kaupunkihistoriaa!\"}]},{\"@type\":\"WebSite\",\"@id\":\"https:\\\/\\\/blogs.uef.fi\\\/kaupungit-ruotsin-suurvallan-itarajalla\\\/#website\",\"url\":\"https:\\\/\\\/blogs.uef.fi\\\/kaupungit-ruotsin-suurvallan-itarajalla\\\/\",\"name\":\"Kaupungit Ruotsin suurvallan it\u00e4rajalla -blogi\",\"description\":\"kaupungit; varhainen uusi aika; Ruotsin suurvalta-aika; 1600-luku, verkostot\",\"potentialAction\":[{\"@type\":\"SearchAction\",\"target\":{\"@type\":\"EntryPoint\",\"urlTemplate\":\"https:\\\/\\\/blogs.uef.fi\\\/kaupungit-ruotsin-suurvallan-itarajalla\\\/?s={search_term_string}\"},\"query-input\":{\"@type\":\"PropertyValueSpecification\",\"valueRequired\":true,\"valueName\":\"search_term_string\"}}],\"inLanguage\":\"fi\"},{\"@type\":\"Person\",\"@id\":\"https:\\\/\\\/blogs.uef.fi\\\/kaupungit-ruotsin-suurvallan-itarajalla\\\/#\\\/schema\\\/person\\\/c2a999600058bd5094ea9b06c0e6dd87\",\"name\":\"katajala\",\"image\":{\"@type\":\"ImageObject\",\"inLanguage\":\"fi\",\"@id\":\"https:\\\/\\\/secure.gravatar.com\\\/avatar\\\/5769793c48c516caee132d94ea0233a7591651f4f44301d6624f65536d80d505?s=96&d=mm&r=g\",\"url\":\"https:\\\/\\\/secure.gravatar.com\\\/avatar\\\/5769793c48c516caee132d94ea0233a7591651f4f44301d6624f65536d80d505?s=96&d=mm&r=g\",\"contentUrl\":\"https:\\\/\\\/secure.gravatar.com\\\/avatar\\\/5769793c48c516caee132d94ea0233a7591651f4f44301d6624f65536d80d505?s=96&d=mm&r=g\",\"caption\":\"katajala\"},\"url\":\"https:\\\/\\\/blogs.uef.fi\\\/kaupungit-ruotsin-suurvallan-itarajalla\\\/author\\\/katajala\\\/\"}]}<\/script>\n<!-- \/ Yoast SEO plugin. -->","yoast_head_json":{"title":"It\u00e4rajan kaupunkihistoriaa! - Kaupungit Ruotsin suurvallan it\u00e4rajalla -blogi","robots":{"index":"index","follow":"follow","max-snippet":"max-snippet:-1","max-image-preview":"max-image-preview:large","max-video-preview":"max-video-preview:-1"},"canonical":"https:\/\/blogs.uef.fi\/kaupungit-ruotsin-suurvallan-itarajalla\/2024\/03\/12\/itarajan-kaupunkihistoriaa\/","og_locale":"fi_FI","og_type":"article","og_title":"It\u00e4rajan kaupunkihistoriaa! - Kaupungit Ruotsin suurvallan it\u00e4rajalla -blogi","og_description":"Luet parhaillaan tutkimushankkeen &#8221;It\u00e4rajan kaupungit Ruotsin suurvallan it\u00e4rajalla&#8221; blogisivua. T\u00e4\u00e4ll\u00e4 kerromme hankkeen kuulumisia, tehtyj\u00e4 havaintoja ja ihan vain hankkeessa mukana olevien fiiliksi\u00e4. Hankkeessa tutkijoina ovat FM Jenni Merovuo, FM Antti H\u00e4rk\u00f6nen, dosentti Kasper Kepsu ja dosentti Jukka Kokkonen. Tutkimushankkeen vastuullisena johtajana on professori Kimmo Katajala ja kolmivuotisen hankkeen on rahoittanut vuoden 2024 alusta l\u00e4htien Svenska [&hellip;]","og_url":"https:\/\/blogs.uef.fi\/kaupungit-ruotsin-suurvallan-itarajalla\/2024\/03\/12\/itarajan-kaupunkihistoriaa\/","og_site_name":"Kaupungit Ruotsin suurvallan it\u00e4rajalla -blogi","article_published_time":"2024-03-12T12:59:26+00:00","article_modified_time":"2025-02-17T07:55:22+00:00","author":"katajala","twitter_card":"summary_large_image","twitter_misc":{"Kirjoittanut":"katajala","Arvioitu lukuaika":"1 minuutti"},"schema":{"@context":"https:\/\/schema.org","@graph":[{"@type":"Article","@id":"https:\/\/blogs.uef.fi\/kaupungit-ruotsin-suurvallan-itarajalla\/2024\/03\/12\/itarajan-kaupunkihistoriaa\/#article","isPartOf":{"@id":"https:\/\/blogs.uef.fi\/kaupungit-ruotsin-suurvallan-itarajalla\/2024\/03\/12\/itarajan-kaupunkihistoriaa\/"},"author":{"name":"katajala","@id":"https:\/\/blogs.uef.fi\/kaupungit-ruotsin-suurvallan-itarajalla\/#\/schema\/person\/c2a999600058bd5094ea9b06c0e6dd87"},"headline":"It\u00e4rajan kaupunkihistoriaa!","datePublished":"2024-03-12T12:59:26+00:00","dateModified":"2025-02-17T07:55:22+00:00","mainEntityOfPage":{"@id":"https:\/\/blogs.uef.fi\/kaupungit-ruotsin-suurvallan-itarajalla\/2024\/03\/12\/itarajan-kaupunkihistoriaa\/"},"wordCount":128,"commentCount":0,"keywords":["1600-luku","digitaalinen humanismi","kaupunkihistoria","Ruotsin suurvalta-aika","varhainen uusi aika"],"articleSection":["Uncategorized"],"inLanguage":"fi","potentialAction":[{"@type":"CommentAction","name":"Comment","target":["https:\/\/blogs.uef.fi\/kaupungit-ruotsin-suurvallan-itarajalla\/2024\/03\/12\/itarajan-kaupunkihistoriaa\/#respond"]}]},{"@type":"WebPage","@id":"https:\/\/blogs.uef.fi\/kaupungit-ruotsin-suurvallan-itarajalla\/2024\/03\/12\/itarajan-kaupunkihistoriaa\/","url":"https:\/\/blogs.uef.fi\/kaupungit-ruotsin-suurvallan-itarajalla\/2024\/03\/12\/itarajan-kaupunkihistoriaa\/","name":"It\u00e4rajan kaupunkihistoriaa! - Kaupungit Ruotsin suurvallan it\u00e4rajalla -blogi","isPartOf":{"@id":"https:\/\/blogs.uef.fi\/kaupungit-ruotsin-suurvallan-itarajalla\/#website"},"datePublished":"2024-03-12T12:59:26+00:00","dateModified":"2025-02-17T07:55:22+00:00","author":{"@id":"https:\/\/blogs.uef.fi\/kaupungit-ruotsin-suurvallan-itarajalla\/#\/schema\/person\/c2a999600058bd5094ea9b06c0e6dd87"},"breadcrumb":{"@id":"https:\/\/blogs.uef.fi\/kaupungit-ruotsin-suurvallan-itarajalla\/2024\/03\/12\/itarajan-kaupunkihistoriaa\/#breadcrumb"},"inLanguage":"fi","potentialAction":[{"@type":"ReadAction","target":["https:\/\/blogs.uef.fi\/kaupungit-ruotsin-suurvallan-itarajalla\/2024\/03\/12\/itarajan-kaupunkihistoriaa\/"]}]},{"@type":"BreadcrumbList","@id":"https:\/\/blogs.uef.fi\/kaupungit-ruotsin-suurvallan-itarajalla\/2024\/03\/12\/itarajan-kaupunkihistoriaa\/#breadcrumb","itemListElement":[{"@type":"ListItem","position":1,"name":"Home","item":"https:\/\/blogs.uef.fi\/kaupungit-ruotsin-suurvallan-itarajalla\/"},{"@type":"ListItem","position":2,"name":"It\u00e4rajan kaupunkihistoriaa!"}]},{"@type":"WebSite","@id":"https:\/\/blogs.uef.fi\/kaupungit-ruotsin-suurvallan-itarajalla\/#website","url":"https:\/\/blogs.uef.fi\/kaupungit-ruotsin-suurvallan-itarajalla\/","name":"Kaupungit Ruotsin suurvallan it\u00e4rajalla -blogi","description":"kaupungit; varhainen uusi aika; Ruotsin suurvalta-aika; 1600-luku, verkostot","potentialAction":[{"@type":"SearchAction","target":{"@type":"EntryPoint","urlTemplate":"https:\/\/blogs.uef.fi\/kaupungit-ruotsin-suurvallan-itarajalla\/?s={search_term_string}"},"query-input":{"@type":"PropertyValueSpecification","valueRequired":true,"valueName":"search_term_string"}}],"inLanguage":"fi"},{"@type":"Person","@id":"https:\/\/blogs.uef.fi\/kaupungit-ruotsin-suurvallan-itarajalla\/#\/schema\/person\/c2a999600058bd5094ea9b06c0e6dd87","name":"katajala","image":{"@type":"ImageObject","inLanguage":"fi","@id":"https:\/\/secure.gravatar.com\/avatar\/5769793c48c516caee132d94ea0233a7591651f4f44301d6624f65536d80d505?s=96&d=mm&r=g","url":"https:\/\/secure.gravatar.com\/avatar\/5769793c48c516caee132d94ea0233a7591651f4f44301d6624f65536d80d505?s=96&d=mm&r=g","contentUrl":"https:\/\/secure.gravatar.com\/avatar\/5769793c48c516caee132d94ea0233a7591651f4f44301d6624f65536d80d505?s=96&d=mm&r=g","caption":"katajala"},"url":"https:\/\/blogs.uef.fi\/kaupungit-ruotsin-suurvallan-itarajalla\/author\/katajala\/"}]}},"_links":{"self":[{"href":"https:\/\/blogs.uef.fi\/kaupungit-ruotsin-suurvallan-itarajalla\/wp-json\/wp\/v2\/posts\/412","targetHints":{"allow":["GET"]}}],"collection":[{"href":"https:\/\/blogs.uef.fi\/kaupungit-ruotsin-suurvallan-itarajalla\/wp-json\/wp\/v2\/posts"}],"about":[{"href":"https:\/\/blogs.uef.fi\/kaupungit-ruotsin-suurvallan-itarajalla\/wp-json\/wp\/v2\/types\/post"}],"author":[{"embeddable":true,"href":"https:\/\/blogs.uef.fi\/kaupungit-ruotsin-suurvallan-itarajalla\/wp-json\/wp\/v2\/users\/675"}],"replies":[{"embeddable":true,"href":"https:\/\/blogs.uef.fi\/kaupungit-ruotsin-suurvallan-itarajalla\/wp-json\/wp\/v2\/comments?post=412"}],"version-history":[{"count":1,"href":"https:\/\/blogs.uef.fi\/kaupungit-ruotsin-suurvallan-itarajalla\/wp-json\/wp\/v2\/posts\/412\/revisions"}],"predecessor-version":[{"id":415,"href":"https:\/\/blogs.uef.fi\/kaupungit-ruotsin-suurvallan-itarajalla\/wp-json\/wp\/v2\/posts\/412\/revisions\/415"}],"wp:attachment":[{"href":"https:\/\/blogs.uef.fi\/kaupungit-ruotsin-suurvallan-itarajalla\/wp-json\/wp\/v2\/media?parent=412"}],"wp:term":[{"taxonomy":"category","embeddable":true,"href":"https:\/\/blogs.uef.fi\/kaupungit-ruotsin-suurvallan-itarajalla\/wp-json\/wp\/v2\/categories?post=412"},{"taxonomy":"post_tag","embeddable":true,"href":"https:\/\/blogs.uef.fi\/kaupungit-ruotsin-suurvallan-itarajalla\/wp-json\/wp\/v2\/tags?post=412"}],"curies":[{"name":"wp","href":"https:\/\/api.w.org\/{rel}","templated":true}]}}