{"id":8697,"date":"2023-01-25T11:36:35","date_gmt":"2023-01-25T09:36:35","guid":{"rendered":"https:\/\/blogs.uef.fi\/karjalanelvytys\/?p=8697"},"modified":"2023-08-21T12:46:33","modified_gmt":"2023-08-21T09:46:33","slug":"zoom-luento-vahemmistokielet-karjala-ja-kieliteknologia","status":"publish","type":"post","link":"https:\/\/blogs.uef.fi\/karjalanelvytys\/2023\/01\/25\/zoom-luento-vahemmistokielet-karjala-ja-kieliteknologia\/","title":{"rendered":"Zoom-luento: V\u00e4hemmist\u00f6kielet, karjala ja kieliteknologia"},"content":{"rendered":"<p>It\u00e4-Suomen yliopiston karjalan kielen elvytyshanke j\u00e4rjest\u00e4\u00e4 keskiviikkona 8.2. kello 17\u201318 avoimen kieliteknologiaa k\u00e4sittelev\u00e4n Zoom-luennon.<\/p>\n<p>Luennon tulee pit\u00e4m\u00e4\u00e4n Flammie Pirinen Tromssan yliopistosta. Tapahtumassa kieliteknologiaa k\u00e4sitell\u00e4\u00e4n juuri v\u00e4hemmist\u00f6kielten ja karjalan kielen n\u00e4k\u00f6kulmasta. K\u00e4sitelt\u00e4vi\u00e4 aiheita ovat kieliteknologiaresurssit, n\u00e4pp\u00e4imist\u00f6asettelut, mobiilin\u00e4pp\u00e4imist\u00f6t, korpukset ja mahdolliset konek\u00e4\u00e4ntimet ja kieliopintarkistimet. Jos aikaa j\u00e4\u00e4, tapahtumassa esitell\u00e4\u00e4n my\u00f6s divvun.org-verkkosivua, jolle on koottu v\u00e4hemmist\u00f6kielille suunniteltuja kielity\u00f6kaluja ja -resursseja.<\/p>\n<p>Luento pidet\u00e4\u00e4n suomeksi ja se sopii sek\u00e4 kieliteknologiasta kiinnostuneille ett\u00e4 niille, joille aihe on vieras. Luennon loppuun on varattu aikaa keskustelulle ja kysymyksille. Tilaisuus tallennetaan, joten sen voi katsoa my\u00f6s my\u00f6hemmin.<\/p>\n<p>Luennolle tulee ilmoittautua viimeist\u00e4\u00e4n 7.2. Ilmoittautuneille l\u00e4hetet\u00e4\u00e4n Zoom-kutsu s\u00e4hk\u00f6postitse 8.2. aamup\u00e4iv\u00e4n aikana.<\/p>\n<p><a href=\"https:\/\/link.webropolsurveys.com\/S\/95C12CA53108556A\">Ilmoittautua voit t\u00e4st\u00e4 linkist\u00e4.<\/a><\/p>\n","protected":false},"excerpt":{"rendered":"<p>It\u00e4-Suomen yliopiston karjalan kielen elvytyshanke j\u00e4rjest\u00e4\u00e4 keskiviikkona 8.2. kello 17\u201318 avoimen kieliteknologiaa k\u00e4sittelev\u00e4n Zoom-luennon. Luennon tulee pit\u00e4m\u00e4\u00e4n Flammie Pirinen Tromssan yliopistosta. Tapahtumassa kieliteknologiaa k\u00e4sitell\u00e4\u00e4n juuri v\u00e4hemmist\u00f6kielten ja karjalan kielen n\u00e4k\u00f6kulmasta. K\u00e4sitelt\u00e4vi\u00e4 aiheita ovat kieliteknologiaresurssit, n\u00e4pp\u00e4imist\u00f6asettelut, mobiilin\u00e4pp\u00e4imist\u00f6t, korpukset ja mahdolliset konek\u00e4\u00e4ntimet ja kieliopintarkistimet. Jos aikaa j\u00e4\u00e4, tapahtumassa esitell\u00e4\u00e4n my\u00f6s divvun.org-verkkosivua, jolle on koottu v\u00e4hemmist\u00f6kielille suunniteltuja kielity\u00f6kaluja [&hellip;]<\/p>\n","protected":false},"author":580,"featured_media":0,"comment_status":"open","ping_status":"open","sticky":false,"template":"","format":"standard","meta":{"_acf_changed":false,"footnotes":""},"categories":[1],"tags":[55,26],"class_list":["post-8697","post","type-post","status-publish","format-standard","hentry","category-uncategorized","tag-kielenopiskelun-sahkoiset-apuvalineet","tag-tapahtumat"],"acf":[],"yoast_head":"<!-- This site is optimized with the Yoast SEO plugin v27.3 - https:\/\/yoast.com\/product\/yoast-seo-wordpress\/ -->\n<title>Zoom-luento: V\u00e4hemmist\u00f6kielet, karjala ja kieliteknologia - Karjalan kielen elvytt\u00e4minen<\/title>\n<meta name=\"robots\" content=\"index, follow, max-snippet:-1, max-image-preview:large, max-video-preview:-1\" \/>\n<link rel=\"canonical\" href=\"https:\/\/blogs.uef.fi\/karjalanelvytys\/2023\/01\/25\/zoom-luento-vahemmistokielet-karjala-ja-kieliteknologia\/\" \/>\n<meta property=\"og:locale\" content=\"fi_FI\" \/>\n<meta property=\"og:type\" content=\"article\" \/>\n<meta property=\"og:title\" content=\"Zoom-luento: V\u00e4hemmist\u00f6kielet, karjala ja kieliteknologia - Karjalan kielen elvytt\u00e4minen\" \/>\n<meta property=\"og:description\" content=\"It\u00e4-Suomen yliopiston karjalan kielen elvytyshanke j\u00e4rjest\u00e4\u00e4 keskiviikkona 8.2. kello 17\u201318 avoimen kieliteknologiaa k\u00e4sittelev\u00e4n Zoom-luennon. Luennon tulee pit\u00e4m\u00e4\u00e4n Flammie Pirinen Tromssan yliopistosta. Tapahtumassa kieliteknologiaa k\u00e4sitell\u00e4\u00e4n juuri v\u00e4hemmist\u00f6kielten ja karjalan kielen n\u00e4k\u00f6kulmasta. K\u00e4sitelt\u00e4vi\u00e4 aiheita ovat kieliteknologiaresurssit, n\u00e4pp\u00e4imist\u00f6asettelut, mobiilin\u00e4pp\u00e4imist\u00f6t, korpukset ja mahdolliset konek\u00e4\u00e4ntimet ja kieliopintarkistimet. Jos aikaa j\u00e4\u00e4, tapahtumassa esitell\u00e4\u00e4n my\u00f6s divvun.org-verkkosivua, jolle on koottu v\u00e4hemmist\u00f6kielille suunniteltuja kielity\u00f6kaluja [&hellip;]\" \/>\n<meta property=\"og:url\" content=\"https:\/\/blogs.uef.fi\/karjalanelvytys\/2023\/01\/25\/zoom-luento-vahemmistokielet-karjala-ja-kieliteknologia\/\" \/>\n<meta property=\"og:site_name\" content=\"Karjalan kielen elvytt\u00e4minen\" \/>\n<meta property=\"article:published_time\" content=\"2023-01-25T09:36:35+00:00\" \/>\n<meta property=\"article:modified_time\" content=\"2023-08-21T09:46:33+00:00\" \/>\n<meta name=\"author\" content=\"Niko Tynnyrinen\" \/>\n<meta name=\"twitter:card\" content=\"summary_large_image\" \/>\n<meta name=\"twitter:label1\" content=\"Kirjoittanut\" \/>\n\t<meta name=\"twitter:data1\" content=\"Niko Tynnyrinen\" \/>\n\t<meta name=\"twitter:label2\" content=\"Arvioitu lukuaika\" \/>\n\t<meta name=\"twitter:data2\" content=\"1 minuutti\" \/>\n<script type=\"application\/ld+json\" class=\"yoast-schema-graph\">{\"@context\":\"https:\\\/\\\/schema.org\",\"@graph\":[{\"@type\":\"Article\",\"@id\":\"https:\\\/\\\/blogs.uef.fi\\\/karjalanelvytys\\\/2023\\\/01\\\/25\\\/zoom-luento-vahemmistokielet-karjala-ja-kieliteknologia\\\/#article\",\"isPartOf\":{\"@id\":\"https:\\\/\\\/blogs.uef.fi\\\/karjalanelvytys\\\/2023\\\/01\\\/25\\\/zoom-luento-vahemmistokielet-karjala-ja-kieliteknologia\\\/\"},\"author\":{\"name\":\"Niko Tynnyrinen\",\"@id\":\"https:\\\/\\\/blogs.uef.fi\\\/karjalanelvytys\\\/#\\\/schema\\\/person\\\/621a5a2d8165cae7989f49c34ac3e845\"},\"headline\":\"Zoom-luento: V\u00e4hemmist\u00f6kielet, karjala ja kieliteknologia\",\"datePublished\":\"2023-01-25T09:36:35+00:00\",\"dateModified\":\"2023-08-21T09:46:33+00:00\",\"mainEntityOfPage\":{\"@id\":\"https:\\\/\\\/blogs.uef.fi\\\/karjalanelvytys\\\/2023\\\/01\\\/25\\\/zoom-luento-vahemmistokielet-karjala-ja-kieliteknologia\\\/\"},\"wordCount\":145,\"commentCount\":0,\"keywords\":[\"kielenopiskelun s\u00e4hk\u00f6iset apuv\u00e4lineet\",\"tapahtumat\"],\"articleSection\":[\"Uncategorized\"],\"inLanguage\":\"fi\",\"potentialAction\":[{\"@type\":\"CommentAction\",\"name\":\"Comment\",\"target\":[\"https:\\\/\\\/blogs.uef.fi\\\/karjalanelvytys\\\/2023\\\/01\\\/25\\\/zoom-luento-vahemmistokielet-karjala-ja-kieliteknologia\\\/#respond\"]}]},{\"@type\":\"WebPage\",\"@id\":\"https:\\\/\\\/blogs.uef.fi\\\/karjalanelvytys\\\/2023\\\/01\\\/25\\\/zoom-luento-vahemmistokielet-karjala-ja-kieliteknologia\\\/\",\"url\":\"https:\\\/\\\/blogs.uef.fi\\\/karjalanelvytys\\\/2023\\\/01\\\/25\\\/zoom-luento-vahemmistokielet-karjala-ja-kieliteknologia\\\/\",\"name\":\"Zoom-luento: V\u00e4hemmist\u00f6kielet, karjala ja kieliteknologia - Karjalan kielen elvytt\u00e4minen\",\"isPartOf\":{\"@id\":\"https:\\\/\\\/blogs.uef.fi\\\/karjalanelvytys\\\/#website\"},\"datePublished\":\"2023-01-25T09:36:35+00:00\",\"dateModified\":\"2023-08-21T09:46:33+00:00\",\"author\":{\"@id\":\"https:\\\/\\\/blogs.uef.fi\\\/karjalanelvytys\\\/#\\\/schema\\\/person\\\/621a5a2d8165cae7989f49c34ac3e845\"},\"breadcrumb\":{\"@id\":\"https:\\\/\\\/blogs.uef.fi\\\/karjalanelvytys\\\/2023\\\/01\\\/25\\\/zoom-luento-vahemmistokielet-karjala-ja-kieliteknologia\\\/#breadcrumb\"},\"inLanguage\":\"fi\",\"potentialAction\":[{\"@type\":\"ReadAction\",\"target\":[\"https:\\\/\\\/blogs.uef.fi\\\/karjalanelvytys\\\/2023\\\/01\\\/25\\\/zoom-luento-vahemmistokielet-karjala-ja-kieliteknologia\\\/\"]}]},{\"@type\":\"BreadcrumbList\",\"@id\":\"https:\\\/\\\/blogs.uef.fi\\\/karjalanelvytys\\\/2023\\\/01\\\/25\\\/zoom-luento-vahemmistokielet-karjala-ja-kieliteknologia\\\/#breadcrumb\",\"itemListElement\":[{\"@type\":\"ListItem\",\"position\":1,\"name\":\"Home\",\"item\":\"https:\\\/\\\/blogs.uef.fi\\\/karjalanelvytys\\\/\"},{\"@type\":\"ListItem\",\"position\":2,\"name\":\"Zoom-luento: V\u00e4hemmist\u00f6kielet, karjala ja kieliteknologia\"}]},{\"@type\":\"WebSite\",\"@id\":\"https:\\\/\\\/blogs.uef.fi\\\/karjalanelvytys\\\/#website\",\"url\":\"https:\\\/\\\/blogs.uef.fi\\\/karjalanelvytys\\\/\",\"name\":\"Karjalan kielen elvytt\u00e4minen\",\"description\":\"\",\"potentialAction\":[{\"@type\":\"SearchAction\",\"target\":{\"@type\":\"EntryPoint\",\"urlTemplate\":\"https:\\\/\\\/blogs.uef.fi\\\/karjalanelvytys\\\/?s={search_term_string}\"},\"query-input\":{\"@type\":\"PropertyValueSpecification\",\"valueRequired\":true,\"valueName\":\"search_term_string\"}}],\"inLanguage\":\"fi\"},{\"@type\":\"Person\",\"@id\":\"https:\\\/\\\/blogs.uef.fi\\\/karjalanelvytys\\\/#\\\/schema\\\/person\\\/621a5a2d8165cae7989f49c34ac3e845\",\"name\":\"Niko Tynnyrinen\",\"image\":{\"@type\":\"ImageObject\",\"inLanguage\":\"fi\",\"@id\":\"https:\\\/\\\/secure.gravatar.com\\\/avatar\\\/c363118608772bc79e49a121a006dfe575b3d98afd884e1c7c163fcc962875ea?s=96&d=mm&r=g\",\"url\":\"https:\\\/\\\/secure.gravatar.com\\\/avatar\\\/c363118608772bc79e49a121a006dfe575b3d98afd884e1c7c163fcc962875ea?s=96&d=mm&r=g\",\"contentUrl\":\"https:\\\/\\\/secure.gravatar.com\\\/avatar\\\/c363118608772bc79e49a121a006dfe575b3d98afd884e1c7c163fcc962875ea?s=96&d=mm&r=g\",\"caption\":\"Niko Tynnyrinen\"},\"url\":\"https:\\\/\\\/blogs.uef.fi\\\/karjalanelvytys\\\/author\\\/mtynnyri\\\/\"}]}<\/script>\n<!-- \/ Yoast SEO plugin. -->","yoast_head_json":{"title":"Zoom-luento: V\u00e4hemmist\u00f6kielet, karjala ja kieliteknologia - Karjalan kielen elvytt\u00e4minen","robots":{"index":"index","follow":"follow","max-snippet":"max-snippet:-1","max-image-preview":"max-image-preview:large","max-video-preview":"max-video-preview:-1"},"canonical":"https:\/\/blogs.uef.fi\/karjalanelvytys\/2023\/01\/25\/zoom-luento-vahemmistokielet-karjala-ja-kieliteknologia\/","og_locale":"fi_FI","og_type":"article","og_title":"Zoom-luento: V\u00e4hemmist\u00f6kielet, karjala ja kieliteknologia - Karjalan kielen elvytt\u00e4minen","og_description":"It\u00e4-Suomen yliopiston karjalan kielen elvytyshanke j\u00e4rjest\u00e4\u00e4 keskiviikkona 8.2. kello 17\u201318 avoimen kieliteknologiaa k\u00e4sittelev\u00e4n Zoom-luennon. Luennon tulee pit\u00e4m\u00e4\u00e4n Flammie Pirinen Tromssan yliopistosta. Tapahtumassa kieliteknologiaa k\u00e4sitell\u00e4\u00e4n juuri v\u00e4hemmist\u00f6kielten ja karjalan kielen n\u00e4k\u00f6kulmasta. K\u00e4sitelt\u00e4vi\u00e4 aiheita ovat kieliteknologiaresurssit, n\u00e4pp\u00e4imist\u00f6asettelut, mobiilin\u00e4pp\u00e4imist\u00f6t, korpukset ja mahdolliset konek\u00e4\u00e4ntimet ja kieliopintarkistimet. Jos aikaa j\u00e4\u00e4, tapahtumassa esitell\u00e4\u00e4n my\u00f6s divvun.org-verkkosivua, jolle on koottu v\u00e4hemmist\u00f6kielille suunniteltuja kielity\u00f6kaluja [&hellip;]","og_url":"https:\/\/blogs.uef.fi\/karjalanelvytys\/2023\/01\/25\/zoom-luento-vahemmistokielet-karjala-ja-kieliteknologia\/","og_site_name":"Karjalan kielen elvytt\u00e4minen","article_published_time":"2023-01-25T09:36:35+00:00","article_modified_time":"2023-08-21T09:46:33+00:00","author":"Niko Tynnyrinen","twitter_card":"summary_large_image","twitter_misc":{"Kirjoittanut":"Niko Tynnyrinen","Arvioitu lukuaika":"1 minuutti"},"schema":{"@context":"https:\/\/schema.org","@graph":[{"@type":"Article","@id":"https:\/\/blogs.uef.fi\/karjalanelvytys\/2023\/01\/25\/zoom-luento-vahemmistokielet-karjala-ja-kieliteknologia\/#article","isPartOf":{"@id":"https:\/\/blogs.uef.fi\/karjalanelvytys\/2023\/01\/25\/zoom-luento-vahemmistokielet-karjala-ja-kieliteknologia\/"},"author":{"name":"Niko Tynnyrinen","@id":"https:\/\/blogs.uef.fi\/karjalanelvytys\/#\/schema\/person\/621a5a2d8165cae7989f49c34ac3e845"},"headline":"Zoom-luento: V\u00e4hemmist\u00f6kielet, karjala ja kieliteknologia","datePublished":"2023-01-25T09:36:35+00:00","dateModified":"2023-08-21T09:46:33+00:00","mainEntityOfPage":{"@id":"https:\/\/blogs.uef.fi\/karjalanelvytys\/2023\/01\/25\/zoom-luento-vahemmistokielet-karjala-ja-kieliteknologia\/"},"wordCount":145,"commentCount":0,"keywords":["kielenopiskelun s\u00e4hk\u00f6iset apuv\u00e4lineet","tapahtumat"],"articleSection":["Uncategorized"],"inLanguage":"fi","potentialAction":[{"@type":"CommentAction","name":"Comment","target":["https:\/\/blogs.uef.fi\/karjalanelvytys\/2023\/01\/25\/zoom-luento-vahemmistokielet-karjala-ja-kieliteknologia\/#respond"]}]},{"@type":"WebPage","@id":"https:\/\/blogs.uef.fi\/karjalanelvytys\/2023\/01\/25\/zoom-luento-vahemmistokielet-karjala-ja-kieliteknologia\/","url":"https:\/\/blogs.uef.fi\/karjalanelvytys\/2023\/01\/25\/zoom-luento-vahemmistokielet-karjala-ja-kieliteknologia\/","name":"Zoom-luento: V\u00e4hemmist\u00f6kielet, karjala ja kieliteknologia - Karjalan kielen elvytt\u00e4minen","isPartOf":{"@id":"https:\/\/blogs.uef.fi\/karjalanelvytys\/#website"},"datePublished":"2023-01-25T09:36:35+00:00","dateModified":"2023-08-21T09:46:33+00:00","author":{"@id":"https:\/\/blogs.uef.fi\/karjalanelvytys\/#\/schema\/person\/621a5a2d8165cae7989f49c34ac3e845"},"breadcrumb":{"@id":"https:\/\/blogs.uef.fi\/karjalanelvytys\/2023\/01\/25\/zoom-luento-vahemmistokielet-karjala-ja-kieliteknologia\/#breadcrumb"},"inLanguage":"fi","potentialAction":[{"@type":"ReadAction","target":["https:\/\/blogs.uef.fi\/karjalanelvytys\/2023\/01\/25\/zoom-luento-vahemmistokielet-karjala-ja-kieliteknologia\/"]}]},{"@type":"BreadcrumbList","@id":"https:\/\/blogs.uef.fi\/karjalanelvytys\/2023\/01\/25\/zoom-luento-vahemmistokielet-karjala-ja-kieliteknologia\/#breadcrumb","itemListElement":[{"@type":"ListItem","position":1,"name":"Home","item":"https:\/\/blogs.uef.fi\/karjalanelvytys\/"},{"@type":"ListItem","position":2,"name":"Zoom-luento: V\u00e4hemmist\u00f6kielet, karjala ja kieliteknologia"}]},{"@type":"WebSite","@id":"https:\/\/blogs.uef.fi\/karjalanelvytys\/#website","url":"https:\/\/blogs.uef.fi\/karjalanelvytys\/","name":"Karjalan kielen elvytt\u00e4minen","description":"","potentialAction":[{"@type":"SearchAction","target":{"@type":"EntryPoint","urlTemplate":"https:\/\/blogs.uef.fi\/karjalanelvytys\/?s={search_term_string}"},"query-input":{"@type":"PropertyValueSpecification","valueRequired":true,"valueName":"search_term_string"}}],"inLanguage":"fi"},{"@type":"Person","@id":"https:\/\/blogs.uef.fi\/karjalanelvytys\/#\/schema\/person\/621a5a2d8165cae7989f49c34ac3e845","name":"Niko Tynnyrinen","image":{"@type":"ImageObject","inLanguage":"fi","@id":"https:\/\/secure.gravatar.com\/avatar\/c363118608772bc79e49a121a006dfe575b3d98afd884e1c7c163fcc962875ea?s=96&d=mm&r=g","url":"https:\/\/secure.gravatar.com\/avatar\/c363118608772bc79e49a121a006dfe575b3d98afd884e1c7c163fcc962875ea?s=96&d=mm&r=g","contentUrl":"https:\/\/secure.gravatar.com\/avatar\/c363118608772bc79e49a121a006dfe575b3d98afd884e1c7c163fcc962875ea?s=96&d=mm&r=g","caption":"Niko Tynnyrinen"},"url":"https:\/\/blogs.uef.fi\/karjalanelvytys\/author\/mtynnyri\/"}]}},"_links":{"self":[{"href":"https:\/\/blogs.uef.fi\/karjalanelvytys\/wp-json\/wp\/v2\/posts\/8697","targetHints":{"allow":["GET"]}}],"collection":[{"href":"https:\/\/blogs.uef.fi\/karjalanelvytys\/wp-json\/wp\/v2\/posts"}],"about":[{"href":"https:\/\/blogs.uef.fi\/karjalanelvytys\/wp-json\/wp\/v2\/types\/post"}],"author":[{"embeddable":true,"href":"https:\/\/blogs.uef.fi\/karjalanelvytys\/wp-json\/wp\/v2\/users\/580"}],"replies":[{"embeddable":true,"href":"https:\/\/blogs.uef.fi\/karjalanelvytys\/wp-json\/wp\/v2\/comments?post=8697"}],"version-history":[{"count":2,"href":"https:\/\/blogs.uef.fi\/karjalanelvytys\/wp-json\/wp\/v2\/posts\/8697\/revisions"}],"predecessor-version":[{"id":8719,"href":"https:\/\/blogs.uef.fi\/karjalanelvytys\/wp-json\/wp\/v2\/posts\/8697\/revisions\/8719"}],"wp:attachment":[{"href":"https:\/\/blogs.uef.fi\/karjalanelvytys\/wp-json\/wp\/v2\/media?parent=8697"}],"wp:term":[{"taxonomy":"category","embeddable":true,"href":"https:\/\/blogs.uef.fi\/karjalanelvytys\/wp-json\/wp\/v2\/categories?post=8697"},{"taxonomy":"post_tag","embeddable":true,"href":"https:\/\/blogs.uef.fi\/karjalanelvytys\/wp-json\/wp\/v2\/tags?post=8697"}],"curies":[{"name":"wp","href":"https:\/\/api.w.org\/{rel}","templated":true}]}}