{"id":7656,"date":"2022-11-30T10:18:23","date_gmt":"2022-11-30T08:18:23","guid":{"rendered":"https:\/\/blogs.uef.fi\/karjalanelvytys\/?p=7656"},"modified":"2023-08-21T12:49:40","modified_gmt":"2023-08-21T09:49:40","slug":"uutiskirje-marraskuu-2022","status":"publish","type":"post","link":"https:\/\/blogs.uef.fi\/karjalanelvytys\/2022\/11\/30\/uutiskirje-marraskuu-2022\/","title":{"rendered":"Uutiskirje, marraskuu 2022"},"content":{"rendered":"<p>V\u00e4hitellen olemme laskeutuneet karjalan kielen viikon j\u00e4lkeiseen aikaan ja joulunodotukseen. Karjalan kielen viikkoa vietettiin t\u00e4n\u00e4kin vuonna monin eri tavoin ymp\u00e4ri maata, ja my\u00f6s elvytyshankkeen v\u00e4ki ty\u00f6skenteli kovasti viikon eteen. Viikon j\u00e4ljilt\u00e4 ja muutenkin elvytyshankkeen blogissa ja someissa on taas kaikenlaista uutta ja kiinnostavaa, joten kuulumisten koonti uutiskirjeeseen lienee paikoillaan.<\/p>\n<p>&nbsp;<\/p>\n<p><strong>Karjalan kielen viikko<\/strong><\/p>\n<p>Kuukauden tapahtumista suurin ja keskeisin oli tietenkin karjalan kielen viikko, jota vietettiin t\u00e4n\u00e4 vuonna 21.\u201327.11. Elvytyshanke osallistui viikkoon muun muassa k\u00e4\u00e4nt\u00e4m\u00e4ll\u00e4 It\u00e4-Suomen yliopiston Carelia-kampusravintolan ruokalistat karjalaksi ja julkaisemalla suuren joukon karjalankielisi\u00e4 kirjoituksia, kertomuksia ja videoita. Koko elvytyshankkeen v\u00e4ki tahtoo vilpitt\u00f6m\u00e4sti kiitt\u00e4\u00e4 kaikkia oman kirjoituksensa l\u00e4hett\u00e4neit\u00e4!<\/p>\n<p>Kirjoitukset, videot ja kuvat j\u00e4\u00e4v\u00e4t internettiin, joten niit\u00e4 voi jatkossakin lukea ja katsella vapaasti. L\u00f6yd\u00e4t karjalan kielen viikon materiaalit elvytyshankkeen blogista, Karjalan kieli el\u00e4y -Facebook-sivulta ja Karjalan Sivistysseuran Uudis\u010duppu-ajankohtaiskanavalta.<\/p>\n<p><a href=\"https:\/\/blogs.uef.fi\/karjalanelvytys\/karjalan-kielen-nedalin-2022-tekstat\/\">Linkki teksteihin elvytyshankkeen blogissa.<\/a><\/p>\n<p><a href=\"https:\/\/www.facebook.com\/profile.php?id=100068689297562\">Linkki Karjalan kieli el\u00e4y -Facebook-sivulle.<\/a><\/p>\n<p><a href=\"https:\/\/uutiscuppu.karjalansivistysseura.fi\/tag\/karjalan-kieli-elay\/\">Linkki Uudis\u010dupussa.<\/a><\/p>\n<p>&nbsp;<\/p>\n<p><strong>Karjalaine i\u00e4ni -videosarja julkaistu<\/strong><\/p>\n<p>Karjalazet Nuoret Suomes \u2013 Karjalaiset Nuoret \u0160uomessa -yhdistys, valokuvaaja Anne Kalliola ja karjalan kielen elvytyshanke ovat tuottaneet yhdess\u00e4 karjalaisnuoria k\u00e4sittelev\u00e4n Karjalaine i\u00e4ni -videosarjan. Videosarjassa k\u00e4sitell\u00e4\u00e4n karjalaisten nuorten identiteettej\u00e4, haasteita ja tulevaisuudenn\u00e4kymi\u00e4, ja teossarjalla on pituutta yhteens\u00e4 reilut 15 minuuttia.<\/p>\n<p>Videosarjan julkistamistilaisuutta vietettiin It\u00e4-Suomen yliopiston Joensuun kampuksella 24.11. eli keskell\u00e4 karjalan kielen viikkoa. Jatkossa videosarja on vapaasti katsottavissa elvytyshankkeen blogissa. Videoilla kuullaan karjalan kielen kaikkia p\u00e4\u00e4murteita eli vienan-, etel\u00e4- ja livvinkarjalaa sek\u00e4 suomen kielen kaakkoismurteita. Videoihin voi halutessaan valita suomen-, karjalan- tai englanninkieliset tekstitykset.<\/p>\n<p><a href=\"https:\/\/blogs.uef.fi\/karjalanelvytys\/karjalaine-iani\/\">Linkki videoihin elvytyshankkeen blogissa.<\/a><\/p>\n<p>&nbsp;<\/p>\n<p><strong>Kev\u00e4tlukukaudella alkavat karjalan kielen ja kulttuurin kurssit avoimessa yliopistossa<\/strong><\/p>\n<p>Tammikuusta alkaen on taas tarjolla iso joukko karjalan kielen ja kulttuurin kursseja avoimen yliopiston kautta. Kev\u00e4tlukukaudella j\u00e4rjestet\u00e4\u00e4n seuraavat karjalan kielen ja kulttuurin opintojaksot:<\/p>\n<ul>\n<li>2121723 Karjalan kielen keskustelukurssi (vienankarjala), 3 op, alkaa 10.1.2023<\/li>\n<li>FH00CU15 Karjalan kielen keskustelukurssi (etel\u00e4karjala), 3 op, alkaa 11.1.2023<\/li>\n<li>2121702 Livvinkarjalan keskustelukurssi, alkaa tammikuussa 2023<\/li>\n<li>FH00CU17 N\u00e4k\u00f6kumia karjalaiseen perinnekulttuuriin, 5 op, alkaa 9.1.2023<\/li>\n<li>2121732 Karjalan kielen sanakirja- ja sanastoty\u00f6, 5 op, alkaa 27.2.2023<\/li>\n<li>2127244 Karjalan kansanmusiikki, 5 op, alkaa 18.1.2023<\/li>\n<\/ul>\n<p>Keskustelukurssit ja N\u00e4k\u00f6kulmia karjalaiseen perinnekulttuuriin -kurssi ovat perusopintoja, sanakirja- ja sanastoty\u00f6n ja kansanmusiikin kurssit aineopintoja. Lis\u00e4\u00e4 tietoja opintojaksojen sis\u00e4ll\u00f6st\u00e4 ja ilmoittautumisesta saa Opintopolusta.<\/p>\n<p><a href=\"https:\/\/opintopolku.fi\/app\/#!\/koulutus\/1.2.246.562.17.45182979455\">Linkki perusopintojen tietoihin Opintopolussa.<\/a><\/p>\n<p><a href=\"https:\/\/opintopolku.fi\/app\/#!\/koulutus\/1.2.246.562.17.989787556710\">Linkki aineopintojen tietoihin Opintopolussa.<\/a><\/p>\n<p>&nbsp;<\/p>\n<p><strong>Paginperti-keskustelukerhon terveiset<\/strong><\/p>\n<p>Karjalan kielen viikkoa juhlittiin Joensuussa ja et\u00e4n\u00e4 kokoontuvassa Paginperti-keskustelukerhossa sunnuntaina 27.11. Osallistujia oli runsaasti ja ohjelmassa oli muun muassa karjalankielist\u00e4 karaokea ja Helsingin Karjalaisen kruugan esitys.<\/p>\n<p>Paginpertiss\u00e4 suunniteltiin my\u00f6s tulevaa, ja ilmoille heitettiin ainakin ajatus karjalaisten nuorten kanssa yhdess\u00e4 pidett\u00e4vist\u00e4 keskustelutapaamisista.<\/p>\n<p>Paginpertin tiedotusta voi seurata elvytyshankkeen blogissa, Paginpertin Facebook-sivulla tai s\u00e4hk\u00f6postilistalla. Jos et ole s\u00e4hk\u00f6postilistalla, mutta tahtoisit jatkossa saada tietoa elvytyshankkeen ja Paginpertin uusimmista kuulumisista s\u00e4hk\u00f6postitse, voit pyyt\u00e4\u00e4 lis\u00e4yst\u00e4 listalle s\u00e4hk\u00f6postitse osoitteesta karjalanelvytys@uef.fi.<\/p>\n<p><a href=\"https:\/\/www.facebook.com\/profile.php?id=100064822175951\">Linkki Paginpertin Facebook-sivulle.<\/a><\/p>\n<p><a href=\"https:\/\/blogs.uef.fi\/karjalanelvytys\/paginapertti\/\">Linkki Paginpertin sivulle elvytyshankkeen blogissa.<\/a><\/p>\n<p>&nbsp;<\/p>\n<p><strong>Uutta opastajan \u010dupussa: kielioppia, kuvaharjoituksia&#8230;<\/strong><\/p>\n<p>Elvytyshankkeen blogin opastajan \u010duppua eli opettajien materiaalipankkia on taas p\u00e4ivitetty. Edellisen uutiskirjeen j\u00e4lkeen blogissa on julkaistu Hannu Turusen ideoima starinat kuvis -harjoitus, linkki karjalan kielen taitotasomerkkej\u00e4 koskeviin kirjoituksiin sek\u00e4 suomeksi ett\u00e4 karjalaksi ja Karjalan kielet ry:n laatima p\u00e4ivitetty Karjalan Grammari 1 (PDF-muodossa).<\/p>\n<p>Opastajan \u010duppu on syksyn mittaan p\u00e4ivittynyt s\u00e4\u00e4nn\u00f6llisesti, joten sit\u00e4 kannattaa ehdottomasti seurailla jatkossakin!<\/p>\n<p><a href=\"https:\/\/blogs.uef.fi\/karjalanelvytys\/opastajan-cuppu\/\">Linkki opastajan \u010duppuun.<\/a><\/p>\n<p>&nbsp;<\/p>\n<p><strong>Katerina da Mi\u0161a opassetah suvikarjalua -sarja julkaistu kokonaisuudessaan<\/strong><\/p>\n<p>Elvytyshankkeen blogissa on julkaistu kymmenosainen videosarja, jossa Katarina Paalamo ja Mika Saatsi opettavat suvikarjalan perusteita. Videosarjan ensimm\u00e4iset osat on julkaistu jo aiemmin t\u00e4n\u00e4 vuonna, mutta nyt sarja l\u00f6ytyy elvytyshankkeen blogista kokonaisuudessaan.<\/p>\n<p>Videot on tarkoitettu avuksi kaikille karjalan kielest\u00e4 ja etel\u00e4karjalasta kiinnostuneille, ja niit\u00e4 voi k\u00e4ytt\u00e4\u00e4 karjalan kielen kurssien video-oppimateriaalina. Videoilla opetetaan muun muassa tervehdyksi\u00e4, perhe-, kaupunki- ja ruokasanastoa ja v\u00e4rej\u00e4. Videot on tekstitetty.<\/p>\n<p><a href=\"https:\/\/blogs.uef.fi\/karjalanelvytys\/katerina-da-misa-opassetah-suvikarjalua\/\">Linkki videoihin.<\/a><\/p>\n<p>&nbsp;<\/p>\n<p><strong>Uusi Suistamon paginua -Youtube-kanava<\/strong><\/p>\n<p>Suistamon perinneseuran kielity\u00f6ryhm\u00e4 on yhteisty\u00f6ss\u00e4 It\u00e4-Suomen yliopiston karjalan kielen elvytyshankkeen kanssa litteroinut SKS:n \u00e4\u00e4nitearkistossa s\u00e4ilytett\u00e4vi\u00e4 suistamolaisen Ilja Kotikallion (Il\u2019l\u2019a Sinda) karjalankielisi\u00e4 haastatteluja.<\/p>\n<p>Haastattelut ovat nyt tekstitettyin\u00e4 ja kaikkien kuultavina Suistamon perinneseuran Youtube-kanavalla. Jokaisen haastatteluvideon kommenttiosioon on ker\u00e4tty pieni karjala-suomi-sanasto, ja videoissa k\u00e4sitell\u00e4\u00e4n muun muassa pruazniekkoja ja tauteja ja niiden hoitoa.<\/p>\n<p><a href=\"https:\/\/www.youtube.com\/@suistamonpaginua\">Linkki Youtube-kanvalle.<\/a><\/p>\n<p>&nbsp;<\/p>\n<p><strong>Karjalan kielen sanakirjat koottu elvytyshankkeen blogiin<\/strong><\/p>\n<p>Elvytyshankkeen blogiin on tehty uusi sivu, jolle on ker\u00e4tty ilmaiseksi internetist\u00e4 l\u00f6ytyvi\u00e4 karjalan kielen sanakirjoja ja sanastoja. Osa sanastoista on yksikielisi\u00e4, osassa on toisena kielen\u00e4 suomi tai ven\u00e4j\u00e4.<\/p>\n<p><a href=\"https:\/\/blogs.uef.fi\/karjalanelvytys\/karjalan-kielen-sanakirjat\/\">Linkki sanakirjaluetteloon.<\/a><\/p>\n<p>&nbsp;<\/p>\n<p><strong>Uusi Gostis-podcast<\/strong><\/p>\n<p>Levoin Mi\u0161a eli Karjalahipsteri ja karjalan elvytyshanke ovat yhdess\u00e4 tuottaneet karjalankielisen Gostis-podcastin, jota on t\u00e4h\u00e4n menness\u00e4 julkaistu kahden jakson verran. Podcastissa Mi\u0161a vierailee karjalaisten luona ja haastattelee heit\u00e4 karjalaisuuteen liittyvist\u00e4 aiheista.<\/p>\n<p>Podcastia voi kuunnella Karjalahipsterin Soundcloud-tililt\u00e4.<\/p>\n<p><a href=\"https:\/\/soundcloud.com\/karjalahipsteri\">Linkki Soundcloudiin.<\/a><\/p>\n<p>&nbsp;<\/p>\n<p><strong>K\u00e4\u00e4nn\u00f6sseminaarikurssi on tullut p\u00e4\u00e4t\u00f6kseens\u00e4, materiaalit j\u00e4\u00e4t\u00e4v\u00e4t luettaviksi<\/strong><\/p>\n<p>It\u00e4-Suomen yliopistossa syksyll\u00e4 pidetty karjalan k\u00e4\u00e4nn\u00f6sseminaarikurssi on tullut p\u00e4\u00e4t\u00f6kseens\u00e4, mutta sen aikana tuotetut k\u00e4\u00e4nn\u00f6kset suomenkielisine alkuteksteineen j\u00e4\u00e4v\u00e4t luettaviksi elvytyshankkeen blogin ki\u00e4nn\u00f6sseminuaran \u010duppuun. Opiskelijat ovat kurssin aikana k\u00e4\u00e4nt\u00e4neet muun muassa ruokalistoja, sanastoja, vuoropuheluita ja Wikipedia-artikkeleita.<\/p>\n<p><a href=\"https:\/\/blogs.uef.fi\/karjalanelvytys\/kiannosseminuaran-cuppu\/\">Linkki ki\u00e4nn\u00f6sseminuaran \u010duppuun.<\/a><\/p>\n<p>&nbsp;<\/p>\n<p><strong>Video- ja audiopainotteinen linkkilistaus ty\u00f6n alla<\/strong><\/p>\n<p>Aiemmissa uutiskirjeiss\u00e4 on mainostettu elvytyshankkeen blogissa julkaistuja linkkilistauksia, joihin on ker\u00e4tty karjalaisia ja karjalan kielt\u00e4 k\u00e4sittelevi\u00e4 artikkeleita suomeksi ja karjalaksi. Ty\u00f6st\u00e4mme parasta aikaa blogiin erillisi\u00e4 luetteloja my\u00f6s audiovisuaaliselle materiaalille (videot, dokumentit, televisio- ja radio-ohjelmat, podcastit).<\/p>\n<p>Aiempia linkkilistauksia ty\u00f6st\u00e4ess\u00e4mme olemme huomanneet internetin olevan yll\u00e4tt\u00e4v\u00e4n t\u00e4ynn\u00e4 karjalaisuutta k\u00e4sittelev\u00e4\u00e4 materiaalia. Uusillakin linkkilistausluonnoksilla alkaa olla hyv\u00e4 m\u00e4\u00e4r\u00e4 pituutta, mutta kuulemme t\u00e4ss\u00e4 asiassa mielell\u00e4mme my\u00f6s kieliyhteis\u00f6\u00e4. Jos sinulla on tiedossasi jokin kiinnostava tai opettavainen audiovisuaalinen aineisto, joka l\u00f6ytyy ilmaisena internetist\u00e4, ota yhteytt\u00e4 osoitteeseen karjalanelvytys@uef.fi.<\/p>\n<p>My\u00f6s tekstiartikkeleista voi edelleen olla yhteydess\u00e4, sill\u00e4 kaikkia linkkilistauksia pyrit\u00e4\u00e4n p\u00e4ivitt\u00e4m\u00e4\u00e4n s\u00e4\u00e4nn\u00f6llisesti.<\/p>\n<p><a href=\"https:\/\/blogs.uef.fi\/karjalanelvytys\/karjalaiset-ja-karjalan-kieli-mediassa-2\/\">Linkki aiempiin linkkilistauksiin.<\/a><\/p>\n<p>&nbsp;<\/p>\n","protected":false},"excerpt":{"rendered":"<p>V\u00e4hitellen olemme laskeutuneet karjalan kielen viikon j\u00e4lkeiseen aikaan ja joulunodotukseen. Karjalan kielen viikkoa vietettiin t\u00e4n\u00e4kin vuonna monin eri tavoin ymp\u00e4ri maata, ja my\u00f6s elvytyshankkeen v\u00e4ki ty\u00f6skenteli kovasti viikon eteen. Viikon j\u00e4ljilt\u00e4 ja muutenkin elvytyshankkeen blogissa ja someissa on taas kaikenlaista uutta ja kiinnostavaa, joten kuulumisten koonti uutiskirjeeseen lienee paikoillaan. &nbsp; Karjalan kielen viikko Kuukauden tapahtumista [&hellip;]<\/p>\n","protected":false},"author":580,"featured_media":0,"comment_status":"open","ping_status":"open","sticky":false,"template":"","format":"standard","meta":{"_acf_changed":false,"footnotes":""},"categories":[1],"tags":[29],"class_list":["post-7656","post","type-post","status-publish","format-standard","hentry","category-uncategorized","tag-uutiskirjeet"],"acf":[],"yoast_head":"<!-- This site is optimized with the Yoast SEO plugin v27.3 - https:\/\/yoast.com\/product\/yoast-seo-wordpress\/ -->\n<title>Uutiskirje, marraskuu 2022 - Karjalan kielen elvytt\u00e4minen<\/title>\n<meta name=\"robots\" content=\"index, follow, max-snippet:-1, max-image-preview:large, max-video-preview:-1\" \/>\n<link rel=\"canonical\" href=\"https:\/\/blogs.uef.fi\/karjalanelvytys\/2022\/11\/30\/uutiskirje-marraskuu-2022\/\" \/>\n<meta property=\"og:locale\" content=\"fi_FI\" \/>\n<meta property=\"og:type\" content=\"article\" \/>\n<meta property=\"og:title\" content=\"Uutiskirje, marraskuu 2022 - Karjalan kielen elvytt\u00e4minen\" \/>\n<meta property=\"og:description\" content=\"V\u00e4hitellen olemme laskeutuneet karjalan kielen viikon j\u00e4lkeiseen aikaan ja joulunodotukseen. Karjalan kielen viikkoa vietettiin t\u00e4n\u00e4kin vuonna monin eri tavoin ymp\u00e4ri maata, ja my\u00f6s elvytyshankkeen v\u00e4ki ty\u00f6skenteli kovasti viikon eteen. Viikon j\u00e4ljilt\u00e4 ja muutenkin elvytyshankkeen blogissa ja someissa on taas kaikenlaista uutta ja kiinnostavaa, joten kuulumisten koonti uutiskirjeeseen lienee paikoillaan. &nbsp; Karjalan kielen viikko Kuukauden tapahtumista [&hellip;]\" \/>\n<meta property=\"og:url\" content=\"https:\/\/blogs.uef.fi\/karjalanelvytys\/2022\/11\/30\/uutiskirje-marraskuu-2022\/\" \/>\n<meta property=\"og:site_name\" content=\"Karjalan kielen elvytt\u00e4minen\" \/>\n<meta property=\"article:published_time\" content=\"2022-11-30T08:18:23+00:00\" \/>\n<meta property=\"article:modified_time\" content=\"2023-08-21T09:49:40+00:00\" \/>\n<meta name=\"author\" content=\"Niko Tynnyrinen\" \/>\n<meta name=\"twitter:card\" content=\"summary_large_image\" \/>\n<meta name=\"twitter:label1\" content=\"Kirjoittanut\" \/>\n\t<meta name=\"twitter:data1\" content=\"Niko Tynnyrinen\" \/>\n\t<meta name=\"twitter:label2\" content=\"Arvioitu lukuaika\" \/>\n\t<meta name=\"twitter:data2\" content=\"6 minuuttia\" \/>\n<script type=\"application\/ld+json\" class=\"yoast-schema-graph\">{\"@context\":\"https:\\\/\\\/schema.org\",\"@graph\":[{\"@type\":\"Article\",\"@id\":\"https:\\\/\\\/blogs.uef.fi\\\/karjalanelvytys\\\/2022\\\/11\\\/30\\\/uutiskirje-marraskuu-2022\\\/#article\",\"isPartOf\":{\"@id\":\"https:\\\/\\\/blogs.uef.fi\\\/karjalanelvytys\\\/2022\\\/11\\\/30\\\/uutiskirje-marraskuu-2022\\\/\"},\"author\":{\"name\":\"Niko Tynnyrinen\",\"@id\":\"https:\\\/\\\/blogs.uef.fi\\\/karjalanelvytys\\\/#\\\/schema\\\/person\\\/621a5a2d8165cae7989f49c34ac3e845\"},\"headline\":\"Uutiskirje, marraskuu 2022\",\"datePublished\":\"2022-11-30T08:18:23+00:00\",\"dateModified\":\"2023-08-21T09:49:40+00:00\",\"mainEntityOfPage\":{\"@id\":\"https:\\\/\\\/blogs.uef.fi\\\/karjalanelvytys\\\/2022\\\/11\\\/30\\\/uutiskirje-marraskuu-2022\\\/\"},\"wordCount\":975,\"commentCount\":0,\"keywords\":[\"uutiskirjeet\"],\"articleSection\":[\"Uncategorized\"],\"inLanguage\":\"fi\",\"potentialAction\":[{\"@type\":\"CommentAction\",\"name\":\"Comment\",\"target\":[\"https:\\\/\\\/blogs.uef.fi\\\/karjalanelvytys\\\/2022\\\/11\\\/30\\\/uutiskirje-marraskuu-2022\\\/#respond\"]}]},{\"@type\":\"WebPage\",\"@id\":\"https:\\\/\\\/blogs.uef.fi\\\/karjalanelvytys\\\/2022\\\/11\\\/30\\\/uutiskirje-marraskuu-2022\\\/\",\"url\":\"https:\\\/\\\/blogs.uef.fi\\\/karjalanelvytys\\\/2022\\\/11\\\/30\\\/uutiskirje-marraskuu-2022\\\/\",\"name\":\"Uutiskirje, marraskuu 2022 - Karjalan kielen elvytt\u00e4minen\",\"isPartOf\":{\"@id\":\"https:\\\/\\\/blogs.uef.fi\\\/karjalanelvytys\\\/#website\"},\"datePublished\":\"2022-11-30T08:18:23+00:00\",\"dateModified\":\"2023-08-21T09:49:40+00:00\",\"author\":{\"@id\":\"https:\\\/\\\/blogs.uef.fi\\\/karjalanelvytys\\\/#\\\/schema\\\/person\\\/621a5a2d8165cae7989f49c34ac3e845\"},\"breadcrumb\":{\"@id\":\"https:\\\/\\\/blogs.uef.fi\\\/karjalanelvytys\\\/2022\\\/11\\\/30\\\/uutiskirje-marraskuu-2022\\\/#breadcrumb\"},\"inLanguage\":\"fi\",\"potentialAction\":[{\"@type\":\"ReadAction\",\"target\":[\"https:\\\/\\\/blogs.uef.fi\\\/karjalanelvytys\\\/2022\\\/11\\\/30\\\/uutiskirje-marraskuu-2022\\\/\"]}]},{\"@type\":\"BreadcrumbList\",\"@id\":\"https:\\\/\\\/blogs.uef.fi\\\/karjalanelvytys\\\/2022\\\/11\\\/30\\\/uutiskirje-marraskuu-2022\\\/#breadcrumb\",\"itemListElement\":[{\"@type\":\"ListItem\",\"position\":1,\"name\":\"Home\",\"item\":\"https:\\\/\\\/blogs.uef.fi\\\/karjalanelvytys\\\/\"},{\"@type\":\"ListItem\",\"position\":2,\"name\":\"Uutiskirje, marraskuu 2022\"}]},{\"@type\":\"WebSite\",\"@id\":\"https:\\\/\\\/blogs.uef.fi\\\/karjalanelvytys\\\/#website\",\"url\":\"https:\\\/\\\/blogs.uef.fi\\\/karjalanelvytys\\\/\",\"name\":\"Karjalan kielen elvytt\u00e4minen\",\"description\":\"\",\"potentialAction\":[{\"@type\":\"SearchAction\",\"target\":{\"@type\":\"EntryPoint\",\"urlTemplate\":\"https:\\\/\\\/blogs.uef.fi\\\/karjalanelvytys\\\/?s={search_term_string}\"},\"query-input\":{\"@type\":\"PropertyValueSpecification\",\"valueRequired\":true,\"valueName\":\"search_term_string\"}}],\"inLanguage\":\"fi\"},{\"@type\":\"Person\",\"@id\":\"https:\\\/\\\/blogs.uef.fi\\\/karjalanelvytys\\\/#\\\/schema\\\/person\\\/621a5a2d8165cae7989f49c34ac3e845\",\"name\":\"Niko Tynnyrinen\",\"image\":{\"@type\":\"ImageObject\",\"inLanguage\":\"fi\",\"@id\":\"https:\\\/\\\/secure.gravatar.com\\\/avatar\\\/c363118608772bc79e49a121a006dfe575b3d98afd884e1c7c163fcc962875ea?s=96&d=mm&r=g\",\"url\":\"https:\\\/\\\/secure.gravatar.com\\\/avatar\\\/c363118608772bc79e49a121a006dfe575b3d98afd884e1c7c163fcc962875ea?s=96&d=mm&r=g\",\"contentUrl\":\"https:\\\/\\\/secure.gravatar.com\\\/avatar\\\/c363118608772bc79e49a121a006dfe575b3d98afd884e1c7c163fcc962875ea?s=96&d=mm&r=g\",\"caption\":\"Niko Tynnyrinen\"},\"url\":\"https:\\\/\\\/blogs.uef.fi\\\/karjalanelvytys\\\/author\\\/mtynnyri\\\/\"}]}<\/script>\n<!-- \/ Yoast SEO plugin. -->","yoast_head_json":{"title":"Uutiskirje, marraskuu 2022 - Karjalan kielen elvytt\u00e4minen","robots":{"index":"index","follow":"follow","max-snippet":"max-snippet:-1","max-image-preview":"max-image-preview:large","max-video-preview":"max-video-preview:-1"},"canonical":"https:\/\/blogs.uef.fi\/karjalanelvytys\/2022\/11\/30\/uutiskirje-marraskuu-2022\/","og_locale":"fi_FI","og_type":"article","og_title":"Uutiskirje, marraskuu 2022 - Karjalan kielen elvytt\u00e4minen","og_description":"V\u00e4hitellen olemme laskeutuneet karjalan kielen viikon j\u00e4lkeiseen aikaan ja joulunodotukseen. Karjalan kielen viikkoa vietettiin t\u00e4n\u00e4kin vuonna monin eri tavoin ymp\u00e4ri maata, ja my\u00f6s elvytyshankkeen v\u00e4ki ty\u00f6skenteli kovasti viikon eteen. Viikon j\u00e4ljilt\u00e4 ja muutenkin elvytyshankkeen blogissa ja someissa on taas kaikenlaista uutta ja kiinnostavaa, joten kuulumisten koonti uutiskirjeeseen lienee paikoillaan. &nbsp; Karjalan kielen viikko Kuukauden tapahtumista [&hellip;]","og_url":"https:\/\/blogs.uef.fi\/karjalanelvytys\/2022\/11\/30\/uutiskirje-marraskuu-2022\/","og_site_name":"Karjalan kielen elvytt\u00e4minen","article_published_time":"2022-11-30T08:18:23+00:00","article_modified_time":"2023-08-21T09:49:40+00:00","author":"Niko Tynnyrinen","twitter_card":"summary_large_image","twitter_misc":{"Kirjoittanut":"Niko Tynnyrinen","Arvioitu lukuaika":"6 minuuttia"},"schema":{"@context":"https:\/\/schema.org","@graph":[{"@type":"Article","@id":"https:\/\/blogs.uef.fi\/karjalanelvytys\/2022\/11\/30\/uutiskirje-marraskuu-2022\/#article","isPartOf":{"@id":"https:\/\/blogs.uef.fi\/karjalanelvytys\/2022\/11\/30\/uutiskirje-marraskuu-2022\/"},"author":{"name":"Niko Tynnyrinen","@id":"https:\/\/blogs.uef.fi\/karjalanelvytys\/#\/schema\/person\/621a5a2d8165cae7989f49c34ac3e845"},"headline":"Uutiskirje, marraskuu 2022","datePublished":"2022-11-30T08:18:23+00:00","dateModified":"2023-08-21T09:49:40+00:00","mainEntityOfPage":{"@id":"https:\/\/blogs.uef.fi\/karjalanelvytys\/2022\/11\/30\/uutiskirje-marraskuu-2022\/"},"wordCount":975,"commentCount":0,"keywords":["uutiskirjeet"],"articleSection":["Uncategorized"],"inLanguage":"fi","potentialAction":[{"@type":"CommentAction","name":"Comment","target":["https:\/\/blogs.uef.fi\/karjalanelvytys\/2022\/11\/30\/uutiskirje-marraskuu-2022\/#respond"]}]},{"@type":"WebPage","@id":"https:\/\/blogs.uef.fi\/karjalanelvytys\/2022\/11\/30\/uutiskirje-marraskuu-2022\/","url":"https:\/\/blogs.uef.fi\/karjalanelvytys\/2022\/11\/30\/uutiskirje-marraskuu-2022\/","name":"Uutiskirje, marraskuu 2022 - Karjalan kielen elvytt\u00e4minen","isPartOf":{"@id":"https:\/\/blogs.uef.fi\/karjalanelvytys\/#website"},"datePublished":"2022-11-30T08:18:23+00:00","dateModified":"2023-08-21T09:49:40+00:00","author":{"@id":"https:\/\/blogs.uef.fi\/karjalanelvytys\/#\/schema\/person\/621a5a2d8165cae7989f49c34ac3e845"},"breadcrumb":{"@id":"https:\/\/blogs.uef.fi\/karjalanelvytys\/2022\/11\/30\/uutiskirje-marraskuu-2022\/#breadcrumb"},"inLanguage":"fi","potentialAction":[{"@type":"ReadAction","target":["https:\/\/blogs.uef.fi\/karjalanelvytys\/2022\/11\/30\/uutiskirje-marraskuu-2022\/"]}]},{"@type":"BreadcrumbList","@id":"https:\/\/blogs.uef.fi\/karjalanelvytys\/2022\/11\/30\/uutiskirje-marraskuu-2022\/#breadcrumb","itemListElement":[{"@type":"ListItem","position":1,"name":"Home","item":"https:\/\/blogs.uef.fi\/karjalanelvytys\/"},{"@type":"ListItem","position":2,"name":"Uutiskirje, marraskuu 2022"}]},{"@type":"WebSite","@id":"https:\/\/blogs.uef.fi\/karjalanelvytys\/#website","url":"https:\/\/blogs.uef.fi\/karjalanelvytys\/","name":"Karjalan kielen elvytt\u00e4minen","description":"","potentialAction":[{"@type":"SearchAction","target":{"@type":"EntryPoint","urlTemplate":"https:\/\/blogs.uef.fi\/karjalanelvytys\/?s={search_term_string}"},"query-input":{"@type":"PropertyValueSpecification","valueRequired":true,"valueName":"search_term_string"}}],"inLanguage":"fi"},{"@type":"Person","@id":"https:\/\/blogs.uef.fi\/karjalanelvytys\/#\/schema\/person\/621a5a2d8165cae7989f49c34ac3e845","name":"Niko Tynnyrinen","image":{"@type":"ImageObject","inLanguage":"fi","@id":"https:\/\/secure.gravatar.com\/avatar\/c363118608772bc79e49a121a006dfe575b3d98afd884e1c7c163fcc962875ea?s=96&d=mm&r=g","url":"https:\/\/secure.gravatar.com\/avatar\/c363118608772bc79e49a121a006dfe575b3d98afd884e1c7c163fcc962875ea?s=96&d=mm&r=g","contentUrl":"https:\/\/secure.gravatar.com\/avatar\/c363118608772bc79e49a121a006dfe575b3d98afd884e1c7c163fcc962875ea?s=96&d=mm&r=g","caption":"Niko Tynnyrinen"},"url":"https:\/\/blogs.uef.fi\/karjalanelvytys\/author\/mtynnyri\/"}]}},"_links":{"self":[{"href":"https:\/\/blogs.uef.fi\/karjalanelvytys\/wp-json\/wp\/v2\/posts\/7656","targetHints":{"allow":["GET"]}}],"collection":[{"href":"https:\/\/blogs.uef.fi\/karjalanelvytys\/wp-json\/wp\/v2\/posts"}],"about":[{"href":"https:\/\/blogs.uef.fi\/karjalanelvytys\/wp-json\/wp\/v2\/types\/post"}],"author":[{"embeddable":true,"href":"https:\/\/blogs.uef.fi\/karjalanelvytys\/wp-json\/wp\/v2\/users\/580"}],"replies":[{"embeddable":true,"href":"https:\/\/blogs.uef.fi\/karjalanelvytys\/wp-json\/wp\/v2\/comments?post=7656"}],"version-history":[{"count":3,"href":"https:\/\/blogs.uef.fi\/karjalanelvytys\/wp-json\/wp\/v2\/posts\/7656\/revisions"}],"predecessor-version":[{"id":7685,"href":"https:\/\/blogs.uef.fi\/karjalanelvytys\/wp-json\/wp\/v2\/posts\/7656\/revisions\/7685"}],"wp:attachment":[{"href":"https:\/\/blogs.uef.fi\/karjalanelvytys\/wp-json\/wp\/v2\/media?parent=7656"}],"wp:term":[{"taxonomy":"category","embeddable":true,"href":"https:\/\/blogs.uef.fi\/karjalanelvytys\/wp-json\/wp\/v2\/categories?post=7656"},{"taxonomy":"post_tag","embeddable":true,"href":"https:\/\/blogs.uef.fi\/karjalanelvytys\/wp-json\/wp\/v2\/tags?post=7656"}],"curies":[{"name":"wp","href":"https:\/\/api.w.org\/{rel}","templated":true}]}}