{"id":7382,"date":"2022-11-14T11:49:09","date_gmt":"2022-11-14T09:49:09","guid":{"rendered":"https:\/\/blogs.uef.fi\/karjalanelvytys\/?p=7382"},"modified":"2023-08-21T12:50:06","modified_gmt":"2023-08-21T09:50:06","slug":"karjalaine-iani-videoprojektin-julkistamistilaisuus-joensuussa-24-11-2022","status":"publish","type":"post","link":"https:\/\/blogs.uef.fi\/karjalanelvytys\/2022\/11\/14\/karjalaine-iani-videoprojektin-julkistamistilaisuus-joensuussa-24-11-2022\/","title":{"rendered":"Karjalaine i\u00e4ni -videoprojektin julkistamistilaisuus Joensuussa 24.11.2022"},"content":{"rendered":"<p>Karjalazet Nuoret Suomes \u2013 Karjalaiset Nuoret \u0160uome\u0161\u0161a -yhdistys, valokuvaaja Anne Kalliola ja It\u00e4-Suomen yliopiston karjalan kielen elvytyshanke ovat tuottaneet karjalaisia nuoria k\u00e4sittelev\u00e4n Karjalaine i\u00e4ni -videosarjan.<\/p>\n<div id=\"attachment_7385\" style=\"width: 310px\" class=\"wp-caption alignnone\"><img loading=\"lazy\" decoding=\"async\" aria-describedby=\"caption-attachment-7385\" class=\"size-medium wp-image-7385\" src=\"https:\/\/blogs.uef.fi\/karjalanelvytys\/wp-content\/uploads\/sites\/155\/2022\/11\/Karjalaine-iani-1-300x163.png\" alt=\"\" width=\"300\" height=\"163\" srcset=\"https:\/\/blogs.uef.fi\/karjalanelvytys\/wp-content\/uploads\/sites\/155\/2022\/11\/Karjalaine-iani-1-300x163.png 300w, https:\/\/blogs.uef.fi\/karjalanelvytys\/wp-content\/uploads\/sites\/155\/2022\/11\/Karjalaine-iani-1-1024x558.png 1024w, https:\/\/blogs.uef.fi\/karjalanelvytys\/wp-content\/uploads\/sites\/155\/2022\/11\/Karjalaine-iani-1-768x418.png 768w, https:\/\/blogs.uef.fi\/karjalanelvytys\/wp-content\/uploads\/sites\/155\/2022\/11\/Karjalaine-iani-1.png 1280w\" sizes=\"auto, (max-width: 300px) 100vw, 300px\" \/><p id=\"caption-attachment-7385\" class=\"wp-caption-text\">Kuva: Anne Kalliola<\/p><\/div>\n<p>Videosarja koostuu viidest\u00e4 lyhytelokuvasta, joiden pituus on yhteens\u00e4 15 minuuttia ja 22 sekuntia. Videot k\u00e4sittelev\u00e4t Suomessa asuvien karjalaisnuorten kokemuksia ja identiteettej\u00e4. Kaikki videoilla esiintyv\u00e4t nuoret ovat karjalaisia, mink\u00e4 lis\u00e4ksi videoilla kuultavat tekstit perustuvat karjalaisnuorille suunnatulla kyselylomakkeella ker\u00e4ttyihin kirjoituksiin. Nuorten kokemuksista l\u00e4hdettiin etsim\u00e4\u00e4n yht\u00e4l\u00e4isyyksi\u00e4 ja kokonaisuuksia, ja toimitusty\u00f6n pohjalta syntyi viidest\u00e4 eri teemasta koostuva videosarja: <strong>etsiminen<\/strong> (e\u010dind\u00e4), <strong>kipu<\/strong> (kibu), <strong>kotiinpaluu<\/strong> (kotihmy\u00f6\u0161tymini), <strong>yhteis\u00f6<\/strong> (yhtehist\u00f6) ja <strong>ylpeys<\/strong> (ylbevys).<\/p>\n<p>Videoilla kuullaan kaikkia karjalan kielen p\u00e4\u00e4murteita eli vienan-, etel\u00e4- ja livvinkarjalaa sek\u00e4 suomen kielen kaakkoisia karjalaismurteita. Videot on tekstitetty suomeksi, karjalaksi ja englanniksi. My\u00f6s tekstien lukijat ovat karjalaisnuoria, joista osa esiintyy my\u00f6s videoilla.<\/p>\n<div id=\"attachment_7388\" style=\"width: 310px\" class=\"wp-caption alignnone\"><img loading=\"lazy\" decoding=\"async\" aria-describedby=\"caption-attachment-7388\" class=\"size-medium wp-image-7388\" src=\"https:\/\/blogs.uef.fi\/karjalanelvytys\/wp-content\/uploads\/sites\/155\/2022\/11\/Karjalaine-iani-2-300x169.png\" alt=\"\" width=\"300\" height=\"169\" srcset=\"https:\/\/blogs.uef.fi\/karjalanelvytys\/wp-content\/uploads\/sites\/155\/2022\/11\/Karjalaine-iani-2-300x169.png 300w, https:\/\/blogs.uef.fi\/karjalanelvytys\/wp-content\/uploads\/sites\/155\/2022\/11\/Karjalaine-iani-2-1024x575.png 1024w, https:\/\/blogs.uef.fi\/karjalanelvytys\/wp-content\/uploads\/sites\/155\/2022\/11\/Karjalaine-iani-2-768x431.png 768w, https:\/\/blogs.uef.fi\/karjalanelvytys\/wp-content\/uploads\/sites\/155\/2022\/11\/Karjalaine-iani-2.png 1280w\" sizes=\"auto, (max-width: 300px) 100vw, 300px\" \/><p id=\"caption-attachment-7388\" class=\"wp-caption-text\">Kuva: Juulia K\u00e4\u00e4ri\u00e4<\/p><\/div>\n<p><strong>Julkistamistilaisuus Joensuussa<\/strong><\/p>\n<p>Kutsumme kaikki videosarjasta kiinnostuneet Joensuussa <strong>24.11.<\/strong> pidett\u00e4v\u00e4\u00e4n julkistamistilaisuuteen. Tilaisuus pidet\u00e4\u00e4n kello <strong>14\u201316 It\u00e4-Suomen yliopiston Agora-rakennuksessa<\/strong> (Yliopistonkatu 4), salissa <strong>AG100<\/strong>. Tapahtumaa voi seurata my\u00f6s Zoomin v\u00e4lityksell\u00e4.<\/p>\n<p>Ohjelmassa on tekij\u00e4tiimin paneelikeskustelu, videoiden esittely ja kahvitarjoilu. Paneelikeskustelun aikana on mahdollista esitt\u00e4\u00e4 kysymyksi\u00e4.<\/p>\n<p>Ilmoittauduthan tapahtumaan alla olevan linkin v\u00e4lityksell\u00e4, ett\u00e4 osaamme varata oikean m\u00e4\u00e4r\u00e4n tarjottavia. Saman linkin v\u00e4lityksell\u00e4 voit j\u00e4tt\u00e4\u00e4 meille s\u00e4hk\u00f6postiosoitteen, johon saat halutessasi Zoom-kutsun hyviss\u00e4 ajoin ennen tapahtumaa.<\/p>\n<p>Linkki ilmoittautumiseen: <a href=\"https:\/\/link.webropolsurveys.com\/S\/900B9EB194ED61D8\">linkki<\/a>.<\/p>\n","protected":false},"excerpt":{"rendered":"<p>Karjalazet Nuoret Suomes \u2013 Karjalaiset Nuoret \u0160uome\u0161\u0161a -yhdistys, valokuvaaja Anne Kalliola ja It\u00e4-Suomen yliopiston karjalan kielen elvytyshanke ovat tuottaneet karjalaisia nuoria k\u00e4sittelev\u00e4n Karjalaine i\u00e4ni -videosarjan. Videosarja koostuu viidest\u00e4 lyhytelokuvasta, joiden pituus on yhteens\u00e4 15 minuuttia ja 22 sekuntia. Videot k\u00e4sittelev\u00e4t Suomessa asuvien karjalaisnuorten kokemuksia ja identiteettej\u00e4. Kaikki videoilla esiintyv\u00e4t nuoret ovat karjalaisia, mink\u00e4 lis\u00e4ksi videoilla [&hellip;]<\/p>\n","protected":false},"author":580,"featured_media":0,"comment_status":"open","ping_status":"open","sticky":false,"template":"","format":"standard","meta":{"_acf_changed":false,"footnotes":""},"categories":[1],"tags":[61],"class_list":["post-7382","post","type-post","status-publish","format-standard","hentry","category-uncategorized","tag-audio-ja-video"],"acf":[],"yoast_head":"<!-- This site is optimized with the Yoast SEO plugin v27.3 - https:\/\/yoast.com\/product\/yoast-seo-wordpress\/ -->\n<title>Karjalaine i\u00e4ni -videoprojektin julkistamistilaisuus Joensuussa 24.11.2022 - Karjalan kielen elvytt\u00e4minen<\/title>\n<meta name=\"robots\" content=\"index, follow, max-snippet:-1, max-image-preview:large, max-video-preview:-1\" \/>\n<link rel=\"canonical\" href=\"https:\/\/blogs.uef.fi\/karjalanelvytys\/2022\/11\/14\/karjalaine-iani-videoprojektin-julkistamistilaisuus-joensuussa-24-11-2022\/\" \/>\n<meta property=\"og:locale\" content=\"fi_FI\" \/>\n<meta property=\"og:type\" content=\"article\" \/>\n<meta property=\"og:title\" content=\"Karjalaine i\u00e4ni -videoprojektin julkistamistilaisuus Joensuussa 24.11.2022 - Karjalan kielen elvytt\u00e4minen\" \/>\n<meta property=\"og:description\" content=\"Karjalazet Nuoret Suomes \u2013 Karjalaiset Nuoret \u0160uome\u0161\u0161a -yhdistys, valokuvaaja Anne Kalliola ja It\u00e4-Suomen yliopiston karjalan kielen elvytyshanke ovat tuottaneet karjalaisia nuoria k\u00e4sittelev\u00e4n Karjalaine i\u00e4ni -videosarjan. Videosarja koostuu viidest\u00e4 lyhytelokuvasta, joiden pituus on yhteens\u00e4 15 minuuttia ja 22 sekuntia. Videot k\u00e4sittelev\u00e4t Suomessa asuvien karjalaisnuorten kokemuksia ja identiteettej\u00e4. Kaikki videoilla esiintyv\u00e4t nuoret ovat karjalaisia, mink\u00e4 lis\u00e4ksi videoilla [&hellip;]\" \/>\n<meta property=\"og:url\" content=\"https:\/\/blogs.uef.fi\/karjalanelvytys\/2022\/11\/14\/karjalaine-iani-videoprojektin-julkistamistilaisuus-joensuussa-24-11-2022\/\" \/>\n<meta property=\"og:site_name\" content=\"Karjalan kielen elvytt\u00e4minen\" \/>\n<meta property=\"article:published_time\" content=\"2022-11-14T09:49:09+00:00\" \/>\n<meta property=\"article:modified_time\" content=\"2023-08-21T09:50:06+00:00\" \/>\n<meta property=\"og:image\" content=\"https:\/\/blogs.uef.fi\/karjalanelvytys\/wp-content\/uploads\/sites\/155\/2022\/11\/Karjalaine-iani-1-300x163.png\" \/>\n<meta name=\"author\" content=\"Niko Tynnyrinen\" \/>\n<meta name=\"twitter:card\" content=\"summary_large_image\" \/>\n<meta name=\"twitter:label1\" content=\"Kirjoittanut\" \/>\n\t<meta name=\"twitter:data1\" content=\"Niko Tynnyrinen\" \/>\n\t<meta name=\"twitter:label2\" content=\"Arvioitu lukuaika\" \/>\n\t<meta name=\"twitter:data2\" content=\"2 minuuttia\" \/>\n<script type=\"application\/ld+json\" class=\"yoast-schema-graph\">{\"@context\":\"https:\\\/\\\/schema.org\",\"@graph\":[{\"@type\":\"Article\",\"@id\":\"https:\\\/\\\/blogs.uef.fi\\\/karjalanelvytys\\\/2022\\\/11\\\/14\\\/karjalaine-iani-videoprojektin-julkistamistilaisuus-joensuussa-24-11-2022\\\/#article\",\"isPartOf\":{\"@id\":\"https:\\\/\\\/blogs.uef.fi\\\/karjalanelvytys\\\/2022\\\/11\\\/14\\\/karjalaine-iani-videoprojektin-julkistamistilaisuus-joensuussa-24-11-2022\\\/\"},\"author\":{\"name\":\"Niko Tynnyrinen\",\"@id\":\"https:\\\/\\\/blogs.uef.fi\\\/karjalanelvytys\\\/#\\\/schema\\\/person\\\/621a5a2d8165cae7989f49c34ac3e845\"},\"headline\":\"Karjalaine i\u00e4ni -videoprojektin julkistamistilaisuus Joensuussa 24.11.2022\",\"datePublished\":\"2022-11-14T09:49:09+00:00\",\"dateModified\":\"2023-08-21T09:50:06+00:00\",\"mainEntityOfPage\":{\"@id\":\"https:\\\/\\\/blogs.uef.fi\\\/karjalanelvytys\\\/2022\\\/11\\\/14\\\/karjalaine-iani-videoprojektin-julkistamistilaisuus-joensuussa-24-11-2022\\\/\"},\"wordCount\":250,\"commentCount\":0,\"image\":{\"@id\":\"https:\\\/\\\/blogs.uef.fi\\\/karjalanelvytys\\\/2022\\\/11\\\/14\\\/karjalaine-iani-videoprojektin-julkistamistilaisuus-joensuussa-24-11-2022\\\/#primaryimage\"},\"thumbnailUrl\":\"https:\\\/\\\/blogs.uef.fi\\\/karjalanelvytys\\\/wp-content\\\/uploads\\\/sites\\\/155\\\/2022\\\/11\\\/Karjalaine-iani-1-300x163.png\",\"keywords\":[\"audio ja video\"],\"articleSection\":[\"Uncategorized\"],\"inLanguage\":\"fi\",\"potentialAction\":[{\"@type\":\"CommentAction\",\"name\":\"Comment\",\"target\":[\"https:\\\/\\\/blogs.uef.fi\\\/karjalanelvytys\\\/2022\\\/11\\\/14\\\/karjalaine-iani-videoprojektin-julkistamistilaisuus-joensuussa-24-11-2022\\\/#respond\"]}]},{\"@type\":\"WebPage\",\"@id\":\"https:\\\/\\\/blogs.uef.fi\\\/karjalanelvytys\\\/2022\\\/11\\\/14\\\/karjalaine-iani-videoprojektin-julkistamistilaisuus-joensuussa-24-11-2022\\\/\",\"url\":\"https:\\\/\\\/blogs.uef.fi\\\/karjalanelvytys\\\/2022\\\/11\\\/14\\\/karjalaine-iani-videoprojektin-julkistamistilaisuus-joensuussa-24-11-2022\\\/\",\"name\":\"Karjalaine i\u00e4ni -videoprojektin julkistamistilaisuus Joensuussa 24.11.2022 - Karjalan kielen elvytt\u00e4minen\",\"isPartOf\":{\"@id\":\"https:\\\/\\\/blogs.uef.fi\\\/karjalanelvytys\\\/#website\"},\"primaryImageOfPage\":{\"@id\":\"https:\\\/\\\/blogs.uef.fi\\\/karjalanelvytys\\\/2022\\\/11\\\/14\\\/karjalaine-iani-videoprojektin-julkistamistilaisuus-joensuussa-24-11-2022\\\/#primaryimage\"},\"image\":{\"@id\":\"https:\\\/\\\/blogs.uef.fi\\\/karjalanelvytys\\\/2022\\\/11\\\/14\\\/karjalaine-iani-videoprojektin-julkistamistilaisuus-joensuussa-24-11-2022\\\/#primaryimage\"},\"thumbnailUrl\":\"https:\\\/\\\/blogs.uef.fi\\\/karjalanelvytys\\\/wp-content\\\/uploads\\\/sites\\\/155\\\/2022\\\/11\\\/Karjalaine-iani-1-300x163.png\",\"datePublished\":\"2022-11-14T09:49:09+00:00\",\"dateModified\":\"2023-08-21T09:50:06+00:00\",\"author\":{\"@id\":\"https:\\\/\\\/blogs.uef.fi\\\/karjalanelvytys\\\/#\\\/schema\\\/person\\\/621a5a2d8165cae7989f49c34ac3e845\"},\"breadcrumb\":{\"@id\":\"https:\\\/\\\/blogs.uef.fi\\\/karjalanelvytys\\\/2022\\\/11\\\/14\\\/karjalaine-iani-videoprojektin-julkistamistilaisuus-joensuussa-24-11-2022\\\/#breadcrumb\"},\"inLanguage\":\"fi\",\"potentialAction\":[{\"@type\":\"ReadAction\",\"target\":[\"https:\\\/\\\/blogs.uef.fi\\\/karjalanelvytys\\\/2022\\\/11\\\/14\\\/karjalaine-iani-videoprojektin-julkistamistilaisuus-joensuussa-24-11-2022\\\/\"]}]},{\"@type\":\"ImageObject\",\"inLanguage\":\"fi\",\"@id\":\"https:\\\/\\\/blogs.uef.fi\\\/karjalanelvytys\\\/2022\\\/11\\\/14\\\/karjalaine-iani-videoprojektin-julkistamistilaisuus-joensuussa-24-11-2022\\\/#primaryimage\",\"url\":\"https:\\\/\\\/blogs.uef.fi\\\/karjalanelvytys\\\/wp-content\\\/uploads\\\/sites\\\/155\\\/2022\\\/11\\\/Karjalaine-iani-1.png\",\"contentUrl\":\"https:\\\/\\\/blogs.uef.fi\\\/karjalanelvytys\\\/wp-content\\\/uploads\\\/sites\\\/155\\\/2022\\\/11\\\/Karjalaine-iani-1.png\",\"width\":1280,\"height\":697,\"caption\":\"Kuva Karjalaine i\u00e4ni -videolta. Kuva: Anne Kalliola\"},{\"@type\":\"BreadcrumbList\",\"@id\":\"https:\\\/\\\/blogs.uef.fi\\\/karjalanelvytys\\\/2022\\\/11\\\/14\\\/karjalaine-iani-videoprojektin-julkistamistilaisuus-joensuussa-24-11-2022\\\/#breadcrumb\",\"itemListElement\":[{\"@type\":\"ListItem\",\"position\":1,\"name\":\"Home\",\"item\":\"https:\\\/\\\/blogs.uef.fi\\\/karjalanelvytys\\\/\"},{\"@type\":\"ListItem\",\"position\":2,\"name\":\"Karjalaine i\u00e4ni -videoprojektin julkistamistilaisuus Joensuussa 24.11.2022\"}]},{\"@type\":\"WebSite\",\"@id\":\"https:\\\/\\\/blogs.uef.fi\\\/karjalanelvytys\\\/#website\",\"url\":\"https:\\\/\\\/blogs.uef.fi\\\/karjalanelvytys\\\/\",\"name\":\"Karjalan kielen elvytt\u00e4minen\",\"description\":\"\",\"potentialAction\":[{\"@type\":\"SearchAction\",\"target\":{\"@type\":\"EntryPoint\",\"urlTemplate\":\"https:\\\/\\\/blogs.uef.fi\\\/karjalanelvytys\\\/?s={search_term_string}\"},\"query-input\":{\"@type\":\"PropertyValueSpecification\",\"valueRequired\":true,\"valueName\":\"search_term_string\"}}],\"inLanguage\":\"fi\"},{\"@type\":\"Person\",\"@id\":\"https:\\\/\\\/blogs.uef.fi\\\/karjalanelvytys\\\/#\\\/schema\\\/person\\\/621a5a2d8165cae7989f49c34ac3e845\",\"name\":\"Niko Tynnyrinen\",\"image\":{\"@type\":\"ImageObject\",\"inLanguage\":\"fi\",\"@id\":\"https:\\\/\\\/secure.gravatar.com\\\/avatar\\\/c363118608772bc79e49a121a006dfe575b3d98afd884e1c7c163fcc962875ea?s=96&d=mm&r=g\",\"url\":\"https:\\\/\\\/secure.gravatar.com\\\/avatar\\\/c363118608772bc79e49a121a006dfe575b3d98afd884e1c7c163fcc962875ea?s=96&d=mm&r=g\",\"contentUrl\":\"https:\\\/\\\/secure.gravatar.com\\\/avatar\\\/c363118608772bc79e49a121a006dfe575b3d98afd884e1c7c163fcc962875ea?s=96&d=mm&r=g\",\"caption\":\"Niko Tynnyrinen\"},\"url\":\"https:\\\/\\\/blogs.uef.fi\\\/karjalanelvytys\\\/author\\\/mtynnyri\\\/\"}]}<\/script>\n<!-- \/ Yoast SEO plugin. -->","yoast_head_json":{"title":"Karjalaine i\u00e4ni -videoprojektin julkistamistilaisuus Joensuussa 24.11.2022 - Karjalan kielen elvytt\u00e4minen","robots":{"index":"index","follow":"follow","max-snippet":"max-snippet:-1","max-image-preview":"max-image-preview:large","max-video-preview":"max-video-preview:-1"},"canonical":"https:\/\/blogs.uef.fi\/karjalanelvytys\/2022\/11\/14\/karjalaine-iani-videoprojektin-julkistamistilaisuus-joensuussa-24-11-2022\/","og_locale":"fi_FI","og_type":"article","og_title":"Karjalaine i\u00e4ni -videoprojektin julkistamistilaisuus Joensuussa 24.11.2022 - Karjalan kielen elvytt\u00e4minen","og_description":"Karjalazet Nuoret Suomes \u2013 Karjalaiset Nuoret \u0160uome\u0161\u0161a -yhdistys, valokuvaaja Anne Kalliola ja It\u00e4-Suomen yliopiston karjalan kielen elvytyshanke ovat tuottaneet karjalaisia nuoria k\u00e4sittelev\u00e4n Karjalaine i\u00e4ni -videosarjan. Videosarja koostuu viidest\u00e4 lyhytelokuvasta, joiden pituus on yhteens\u00e4 15 minuuttia ja 22 sekuntia. Videot k\u00e4sittelev\u00e4t Suomessa asuvien karjalaisnuorten kokemuksia ja identiteettej\u00e4. Kaikki videoilla esiintyv\u00e4t nuoret ovat karjalaisia, mink\u00e4 lis\u00e4ksi videoilla [&hellip;]","og_url":"https:\/\/blogs.uef.fi\/karjalanelvytys\/2022\/11\/14\/karjalaine-iani-videoprojektin-julkistamistilaisuus-joensuussa-24-11-2022\/","og_site_name":"Karjalan kielen elvytt\u00e4minen","article_published_time":"2022-11-14T09:49:09+00:00","article_modified_time":"2023-08-21T09:50:06+00:00","og_image":[{"url":"https:\/\/blogs.uef.fi\/karjalanelvytys\/wp-content\/uploads\/sites\/155\/2022\/11\/Karjalaine-iani-1-300x163.png","type":"","width":"","height":""}],"author":"Niko Tynnyrinen","twitter_card":"summary_large_image","twitter_misc":{"Kirjoittanut":"Niko Tynnyrinen","Arvioitu lukuaika":"2 minuuttia"},"schema":{"@context":"https:\/\/schema.org","@graph":[{"@type":"Article","@id":"https:\/\/blogs.uef.fi\/karjalanelvytys\/2022\/11\/14\/karjalaine-iani-videoprojektin-julkistamistilaisuus-joensuussa-24-11-2022\/#article","isPartOf":{"@id":"https:\/\/blogs.uef.fi\/karjalanelvytys\/2022\/11\/14\/karjalaine-iani-videoprojektin-julkistamistilaisuus-joensuussa-24-11-2022\/"},"author":{"name":"Niko Tynnyrinen","@id":"https:\/\/blogs.uef.fi\/karjalanelvytys\/#\/schema\/person\/621a5a2d8165cae7989f49c34ac3e845"},"headline":"Karjalaine i\u00e4ni -videoprojektin julkistamistilaisuus Joensuussa 24.11.2022","datePublished":"2022-11-14T09:49:09+00:00","dateModified":"2023-08-21T09:50:06+00:00","mainEntityOfPage":{"@id":"https:\/\/blogs.uef.fi\/karjalanelvytys\/2022\/11\/14\/karjalaine-iani-videoprojektin-julkistamistilaisuus-joensuussa-24-11-2022\/"},"wordCount":250,"commentCount":0,"image":{"@id":"https:\/\/blogs.uef.fi\/karjalanelvytys\/2022\/11\/14\/karjalaine-iani-videoprojektin-julkistamistilaisuus-joensuussa-24-11-2022\/#primaryimage"},"thumbnailUrl":"https:\/\/blogs.uef.fi\/karjalanelvytys\/wp-content\/uploads\/sites\/155\/2022\/11\/Karjalaine-iani-1-300x163.png","keywords":["audio ja video"],"articleSection":["Uncategorized"],"inLanguage":"fi","potentialAction":[{"@type":"CommentAction","name":"Comment","target":["https:\/\/blogs.uef.fi\/karjalanelvytys\/2022\/11\/14\/karjalaine-iani-videoprojektin-julkistamistilaisuus-joensuussa-24-11-2022\/#respond"]}]},{"@type":"WebPage","@id":"https:\/\/blogs.uef.fi\/karjalanelvytys\/2022\/11\/14\/karjalaine-iani-videoprojektin-julkistamistilaisuus-joensuussa-24-11-2022\/","url":"https:\/\/blogs.uef.fi\/karjalanelvytys\/2022\/11\/14\/karjalaine-iani-videoprojektin-julkistamistilaisuus-joensuussa-24-11-2022\/","name":"Karjalaine i\u00e4ni -videoprojektin julkistamistilaisuus Joensuussa 24.11.2022 - Karjalan kielen elvytt\u00e4minen","isPartOf":{"@id":"https:\/\/blogs.uef.fi\/karjalanelvytys\/#website"},"primaryImageOfPage":{"@id":"https:\/\/blogs.uef.fi\/karjalanelvytys\/2022\/11\/14\/karjalaine-iani-videoprojektin-julkistamistilaisuus-joensuussa-24-11-2022\/#primaryimage"},"image":{"@id":"https:\/\/blogs.uef.fi\/karjalanelvytys\/2022\/11\/14\/karjalaine-iani-videoprojektin-julkistamistilaisuus-joensuussa-24-11-2022\/#primaryimage"},"thumbnailUrl":"https:\/\/blogs.uef.fi\/karjalanelvytys\/wp-content\/uploads\/sites\/155\/2022\/11\/Karjalaine-iani-1-300x163.png","datePublished":"2022-11-14T09:49:09+00:00","dateModified":"2023-08-21T09:50:06+00:00","author":{"@id":"https:\/\/blogs.uef.fi\/karjalanelvytys\/#\/schema\/person\/621a5a2d8165cae7989f49c34ac3e845"},"breadcrumb":{"@id":"https:\/\/blogs.uef.fi\/karjalanelvytys\/2022\/11\/14\/karjalaine-iani-videoprojektin-julkistamistilaisuus-joensuussa-24-11-2022\/#breadcrumb"},"inLanguage":"fi","potentialAction":[{"@type":"ReadAction","target":["https:\/\/blogs.uef.fi\/karjalanelvytys\/2022\/11\/14\/karjalaine-iani-videoprojektin-julkistamistilaisuus-joensuussa-24-11-2022\/"]}]},{"@type":"ImageObject","inLanguage":"fi","@id":"https:\/\/blogs.uef.fi\/karjalanelvytys\/2022\/11\/14\/karjalaine-iani-videoprojektin-julkistamistilaisuus-joensuussa-24-11-2022\/#primaryimage","url":"https:\/\/blogs.uef.fi\/karjalanelvytys\/wp-content\/uploads\/sites\/155\/2022\/11\/Karjalaine-iani-1.png","contentUrl":"https:\/\/blogs.uef.fi\/karjalanelvytys\/wp-content\/uploads\/sites\/155\/2022\/11\/Karjalaine-iani-1.png","width":1280,"height":697,"caption":"Kuva Karjalaine i\u00e4ni -videolta. Kuva: Anne Kalliola"},{"@type":"BreadcrumbList","@id":"https:\/\/blogs.uef.fi\/karjalanelvytys\/2022\/11\/14\/karjalaine-iani-videoprojektin-julkistamistilaisuus-joensuussa-24-11-2022\/#breadcrumb","itemListElement":[{"@type":"ListItem","position":1,"name":"Home","item":"https:\/\/blogs.uef.fi\/karjalanelvytys\/"},{"@type":"ListItem","position":2,"name":"Karjalaine i\u00e4ni -videoprojektin julkistamistilaisuus Joensuussa 24.11.2022"}]},{"@type":"WebSite","@id":"https:\/\/blogs.uef.fi\/karjalanelvytys\/#website","url":"https:\/\/blogs.uef.fi\/karjalanelvytys\/","name":"Karjalan kielen elvytt\u00e4minen","description":"","potentialAction":[{"@type":"SearchAction","target":{"@type":"EntryPoint","urlTemplate":"https:\/\/blogs.uef.fi\/karjalanelvytys\/?s={search_term_string}"},"query-input":{"@type":"PropertyValueSpecification","valueRequired":true,"valueName":"search_term_string"}}],"inLanguage":"fi"},{"@type":"Person","@id":"https:\/\/blogs.uef.fi\/karjalanelvytys\/#\/schema\/person\/621a5a2d8165cae7989f49c34ac3e845","name":"Niko Tynnyrinen","image":{"@type":"ImageObject","inLanguage":"fi","@id":"https:\/\/secure.gravatar.com\/avatar\/c363118608772bc79e49a121a006dfe575b3d98afd884e1c7c163fcc962875ea?s=96&d=mm&r=g","url":"https:\/\/secure.gravatar.com\/avatar\/c363118608772bc79e49a121a006dfe575b3d98afd884e1c7c163fcc962875ea?s=96&d=mm&r=g","contentUrl":"https:\/\/secure.gravatar.com\/avatar\/c363118608772bc79e49a121a006dfe575b3d98afd884e1c7c163fcc962875ea?s=96&d=mm&r=g","caption":"Niko Tynnyrinen"},"url":"https:\/\/blogs.uef.fi\/karjalanelvytys\/author\/mtynnyri\/"}]}},"_links":{"self":[{"href":"https:\/\/blogs.uef.fi\/karjalanelvytys\/wp-json\/wp\/v2\/posts\/7382","targetHints":{"allow":["GET"]}}],"collection":[{"href":"https:\/\/blogs.uef.fi\/karjalanelvytys\/wp-json\/wp\/v2\/posts"}],"about":[{"href":"https:\/\/blogs.uef.fi\/karjalanelvytys\/wp-json\/wp\/v2\/types\/post"}],"author":[{"embeddable":true,"href":"https:\/\/blogs.uef.fi\/karjalanelvytys\/wp-json\/wp\/v2\/users\/580"}],"replies":[{"embeddable":true,"href":"https:\/\/blogs.uef.fi\/karjalanelvytys\/wp-json\/wp\/v2\/comments?post=7382"}],"version-history":[{"count":2,"href":"https:\/\/blogs.uef.fi\/karjalanelvytys\/wp-json\/wp\/v2\/posts\/7382\/revisions"}],"predecessor-version":[{"id":11656,"href":"https:\/\/blogs.uef.fi\/karjalanelvytys\/wp-json\/wp\/v2\/posts\/7382\/revisions\/11656"}],"wp:attachment":[{"href":"https:\/\/blogs.uef.fi\/karjalanelvytys\/wp-json\/wp\/v2\/media?parent=7382"}],"wp:term":[{"taxonomy":"category","embeddable":true,"href":"https:\/\/blogs.uef.fi\/karjalanelvytys\/wp-json\/wp\/v2\/categories?post=7382"},{"taxonomy":"post_tag","embeddable":true,"href":"https:\/\/blogs.uef.fi\/karjalanelvytys\/wp-json\/wp\/v2\/tags?post=7382"}],"curies":[{"name":"wp","href":"https:\/\/api.w.org\/{rel}","templated":true}]}}