{"id":7190,"date":"2022-10-21T13:26:07","date_gmt":"2022-10-21T10:26:07","guid":{"rendered":"https:\/\/blogs.uef.fi\/karjalanelvytys\/?p=7190"},"modified":"2024-09-10T14:39:05","modified_gmt":"2024-09-10T11:39:05","slug":"uutiskirje-lokakuu-2022","status":"publish","type":"post","link":"https:\/\/blogs.uef.fi\/karjalanelvytys\/2022\/10\/21\/uutiskirje-lokakuu-2022\/","title":{"rendered":"Uutiskirje, lokakuu 2022"},"content":{"rendered":"<p>Syksy etenee kovaa vauhtia ja my\u00f6s elvytyshankkeen blogia ja Instagramia on edellisen uutiskirjeen j\u00e4lkeen p\u00e4ivitetty s\u00e4\u00e4nn\u00f6llisesti. Tahti ei ole ainakaan hidastumassa, sill\u00e4 marraskuussa vietet\u00e4\u00e4n kolmannen kerran karjalan kielen viikkoa, joka huipentuu 27.11. pidett\u00e4v\u00e4\u00e4n karjalan kielen p\u00e4iv\u00e4\u00e4n. Karjalan kielen viikosta ja muista menneist\u00e4 ja tulevista tapahtumista saat tietoa t\u00e4st\u00e4 uutiskirjeest\u00e4.<\/p>\n<p><strong>Karjalan kielen viikko<\/strong><\/p>\n<p>Karjalan kielen viikkoa vietet\u00e4\u00e4n t\u00e4n\u00e4 vuonna 21.\u201327. marraskuuta. Viikon teemaksi on valittu karjalan armas sana ja osallistua voi l\u00e4hett\u00e4m\u00e4ll\u00e4 osoitteeseen karjalanelvytys@uef.fi joko kirjoituksen (maksimipituus noin puoli sivua) tai lyhyen videon (maksimipituus noin yksi minuutti).<\/p>\n<p>Odotamme karjalan t\u00e4rkeit\u00e4, hauskoja, mielenkiintoisia ja kauniita sanoja koskevia kirjoituksia ja videoita kaikilla karjalan murteilla. Voit osallistua oman taitotasosi puitteissa, sill\u00e4 elvytyshankkeen kieliasiantuntijat auttavat tarvittaessa kieliasun kanssa. Liit\u00e4 kirjoitukseesi my\u00f6s kuva.<\/p>\n<p>Tarkemmat osallistumisohjeet on annettu elvytyshankkeen blogissa karjalan kolmella p\u00e4\u00e4murteella.<\/p>\n<p><a href=\"https:\/\/blogs.uef.fi\/karjalanelvytys\/2022\/10\/07\/karjalan-kielen-nedali-21-27-11-2022\/\">Linkki osallistumisohjeisiin<\/a>.<\/p>\n<p><strong>Ensimm\u00e4isen opettajien tapaamisen kuulumiset<\/strong><\/p>\n<p>12.10. pidettiin ensimm\u00e4inen karjalan opettajien ja muiden kieliammattilaisten tapaaminen. Tapahtumaan osallistui viitisentoista henkil\u00f6\u00e4 ja sen aikana syntyi hyv\u00e4\u00e4 keskustelua muun muassa erilaisista teht\u00e4v\u00e4tyypeist\u00e4, oppimateriaaleista ja harjoituksista. Tapaamisessa keskusteltiin my\u00f6s yleisell\u00e4 tasolla erityisesti opisto-opettamiselle ominaisista haasteista ja esimerkiksi tavoista, joilla opetukseen voi sis\u00e4llytt\u00e4\u00e4 useita eri murteita.<\/p>\n<p>Tapaamisessa alustavasti p\u00e4\u00e4tettiin, ett\u00e4 syksyn aikana tavataan toisenkin kerran. Yksi mahdollinen ajankohta tapaamiselle on joulukuun alku heti karjalan kielen viikon j\u00e4lkeen, mutta tapahtuman tiedot tarkentuvat my\u00f6hemmin.<\/p>\n<p>Asiasta tiedotetaan opisto-opettajille suunnatulla s\u00e4hk\u00f6postilistalla. Jos kuulet t\u00e4st\u00e4 nyt ensimm\u00e4ist\u00e4 kertaa, opetat karjalaa jonkinlaisella kurssilla ja tahtoisit osallistua opettajille j\u00e4rjestettyihin tapaamisiin, ota yhteytt\u00e4 osoitteeseen karjalanelvytys@uef.fi.<\/p>\n<p><strong>Perhe- ja sateenkaarisanasto<\/strong><\/p>\n<p>Elvytyshankkeen blogin Sanastoryhm\u00e4n sanastoja -osiossa on julkaistu perhe- ja sateenkaarisanasto livvinkarjalaksi. Sanasto koostuu perhe-el\u00e4m\u00e4\u00e4 ja seksuaali- ja sukupuoliv\u00e4hemmist\u00f6j\u00e4 koskevista ajankohtaisista termeist\u00e4 ja se julkaistaan my\u00f6hemmin my\u00f6s vienan- ja etel\u00e4karjalaksi.<\/p>\n<p>Sanaston pohjan muodostavan suomenkielisen sanalistan on koonnut Katerina Paalamo, ja livvinkarjalaksi k\u00e4\u00e4nn\u00f6kset ovat laatineet Natalia Giloeva, Niko Tynnyrinen ja karjalan k\u00e4\u00e4nn\u00f6sseminaarikurssin opiskelijat.<\/p>\n<p><a href=\"https:\/\/blogs.uef.fi\/karjalanelvytys\/pereh-da-ukonvemmelsanasto-suomi-livvinkarjala\/\">Linkki sanastoon<\/a>.<\/p>\n<p><strong>Karjalaiset ja karjalan kieli mediassa -linkkilistaukset<\/strong><\/p>\n<p>Elvytyshankkeen blogissa on julkaistu kaksi linkkilistausta karjalaisia ja karjalan kielt\u00e4 k\u00e4sittelevist\u00e4 verkkoartikkeleista. Ensimm\u00e4inen lista koostuu suomenkielisist\u00e4, enimm\u00e4kseen suomalaisissa verkkomedioissa julkaisuista artikkeleista ja toinen Suomessa tai Ven\u00e4j\u00e4n Karjalassa kirjoitetuista karjalankielisist\u00e4 artikkeleista.<\/p>\n<p>Kumpaakin luetteloa p\u00e4ivitet\u00e4\u00e4n. Jos sinulla on tiedossasi jokin suomen- tai karjalankielinen listoihin sopiva artikkeli, voit l\u00e4hett\u00e4\u00e4 sen tiedot s\u00e4hk\u00f6postitse osoitteeseen karjalanelvytys@uef.fi.<\/p>\n<p><a href=\"https:\/\/blogs.uef.fi\/karjalanelvytys\/karjalaiset-ja-karjalan-kieli-mediassa\/\">Linkki suomenkieliseen listaukseen<\/a>.<\/p>\n<p><a href=\"https:\/\/blogs.uef.fi\/karjalanelvytys\/karjalan-kieli-da-karjalazet-medies\/\">Linkki karjalankieliseen listaukseen<\/a>.<\/p>\n<p><strong>Ohjeet karjalaksi kirjoittamiseen tietokoneella ja mobiililaitteella<\/strong><\/p>\n<p>Elvytyshankkeen blogin Opastajan \u010dupussa on julkaistu suomenkieliset ohjeet karjalan kirjoittamiseen tietokoneella ja mobiililaitteella.<\/p>\n<p>Karjalan kirjoittaminen suomenkielisell\u00e4 standardin\u00e4pp\u00e4imist\u00f6ll\u00e4 voi olla haasteellista siksi, ett\u00e4 kirjainten \u010d, \u0161 ja \u017e kirjoittaminen ei v\u00e4ltt\u00e4m\u00e4tt\u00e4 onnistu. Blogin ohjeiden avulla voi aseentaa laitteelleen joko juuri karjalaa ajatellen laaditun n\u00e4pp\u00e4imist\u00f6n tai l\u00f6yt\u00e4\u00e4 vaihtoehtoisen ratkaisun, jonka avulla kaikkien karjalan aakkosten kirjoittaminen onnistuu.<\/p>\n<p><a href=\"https:\/\/blogs.uef.fi\/karjalanelvytys\/karjalaksi-kirjoittaminen-tietokoneella-ja-puhelimella\/\">Linkki ohjeisiin<\/a>.<\/p>\n<p><strong>Kahoot-ohjeet<\/strong><\/p>\n<p>Elvytyshankkeen blogin Opastajan \u010dupussa on julkaistu kuvalliset suomenkieliset ohjeet ilmaisen Kahoot-tietovisaty\u00f6kalun k\u00e4ytt\u00f6\u00f6n.<\/p>\n<p>Kahoot on verkossa k\u00e4ytett\u00e4v\u00e4 tietovisaty\u00f6kalu, jota voi hyvin hy\u00f6dynt\u00e4\u00e4 esimerkiksi kielenopetuksessa. Ohjeet auttavat tunnusten luomisessa ja tietovisojen hakemisessa, tekemisess\u00e4 ja pelaamisessa.<\/p>\n<p><a href=\"https:\/\/blogs.uef.fi\/karjalanelvytys\/wp-content\/uploads\/sites\/155\/2022\/10\/Karjalan-elvytysprojekti-Kahoot-ohje.pdf\">Linkki ohjeisiin<\/a>.<\/p>\n<p><strong>Koirien elostu -tekstit nyt my\u00f6s blogissa<\/strong><\/p>\n<p>Facebookista-tutut karjalankieliset Koirien elostu -tekstit l\u00f6ytyv\u00e4t nyky\u00e4\u00e4n my\u00f6s elvytyshankkeen blogista omalta Koirien elostu \u2013 koirien el\u00e4m\u00e4\u00e4 -sivultaan.<\/p>\n<p>Tekstit jaetaan jatkossakin ensisijaisesti Koirien elostu \u2013 Koirien el\u00e4m\u00e4\u00e4 -Facebook-ryhm\u00e4\u00e4n.<\/p>\n<p><a href=\"https:\/\/www.facebook.com\/koirienelostu\">Linkki Facebook-ryhm\u00e4\u00e4n<\/a>.<\/p>\n<p><a href=\"https:\/\/blogs.uef.fi\/karjalanelvytys\/koirien-elostu-koirien-elamaa\/\">Linkki teksteihin elvytyshankkeen blogissa<\/a>.<\/p>\n<p><strong>Aiempien vuosien karjalan kielen viikkojen tekstit elvytyshankkeen blogissa<\/strong><\/p>\n<p>Karjalan kielen viikoon voi viritt\u00e4yty\u00e4 vaikkapa lukemalla edellisten vuosien tekstej\u00e4. Tekstit ovat aiemminkin olleet luettavina Karjalan Sivistysseuran Uudis\u010dupussa ja Karjalan kieli el\u00e4y -Facebook-sivulla, mutta nyt ne on ker\u00e4tty selkeiksi kokonaisuuksi my\u00f6s elvytyshankkeen blogiin.<\/p>\n<p><a href=\"https:\/\/blogs.uef.fi\/karjalanelvytys\/karjalan-kielen-nedalin-2020-tekstat\/\">Linkki vuoden 2020 teksteihin<\/a>.<\/p>\n<p><a href=\"https:\/\/blogs.uef.fi\/karjalanelvytys\/karjalan-kielen-nedalin-2021-tekstat\/\">Linkki vuoden 2021 teksteihin<\/a>.<\/p>\n<p><strong>Uutta ki\u00e4nn\u00f6sseminuaran \u010dupussa<\/strong><\/p>\n<p>Viime uutiskirjeess\u00e4 julkistetussa ki\u00e4nn\u00f6sseminuaran \u010dupussa on kuukauden aikana julkaistu suuri m\u00e4\u00e4r\u00e4 karjalan k\u00e4\u00e4nn\u00f6sseminaarikurssin opiskelijoiden kirjoituksia. Opiskelijat ovat k\u00e4\u00e4nt\u00e4neet karjalaksi muun muassa uusia uutisissa esiintyvi\u00e4 sanoja, Wikipedia-artikkeleita, ruokalistoja, vuoropuheluita ja omia kuulumisiaan.<\/p>\n<p>Kaikki tekstit l\u00f6ytyv\u00e4t \u010dupusta sek\u00e4 karjalaksi ett\u00e4 suomeksi.<\/p>\n<p><a href=\"https:\/\/blogs.uef.fi\/karjalanelvytys\/kiannosseminuaran-cuppu\/\">Linkki ki\u00e4nn\u00f6sseminuaran \u010duppuun<\/a>.<\/p>\n","protected":false},"excerpt":{"rendered":"<p>Syksy etenee kovaa vauhtia ja my\u00f6s elvytyshankkeen blogia ja Instagramia on edellisen uutiskirjeen j\u00e4lkeen p\u00e4ivitetty s\u00e4\u00e4nn\u00f6llisesti. Tahti ei ole ainakaan hidastumassa, sill\u00e4 marraskuussa vietet\u00e4\u00e4n kolmannen kerran karjalan kielen viikkoa, joka huipentuu 27.11. pidett\u00e4v\u00e4\u00e4n karjalan kielen p\u00e4iv\u00e4\u00e4n. Karjalan kielen viikosta ja muista menneist\u00e4 ja tulevista tapahtumista saat tietoa t\u00e4st\u00e4 uutiskirjeest\u00e4. Karjalan kielen viikko Karjalan kielen viikkoa [&hellip;]<\/p>\n","protected":false},"author":580,"featured_media":0,"comment_status":"open","ping_status":"open","sticky":false,"template":"","format":"standard","meta":{"_acf_changed":false,"footnotes":""},"categories":[1],"tags":[29],"class_list":["post-7190","post","type-post","status-publish","format-standard","hentry","category-uncategorized","tag-uutiskirjeet"],"acf":[],"yoast_head":"<!-- This site is optimized with the Yoast SEO plugin v27.3 - https:\/\/yoast.com\/product\/yoast-seo-wordpress\/ -->\n<title>Uutiskirje, lokakuu 2022 - Karjalan kielen elvytt\u00e4minen<\/title>\n<meta name=\"robots\" content=\"index, follow, max-snippet:-1, max-image-preview:large, max-video-preview:-1\" \/>\n<link rel=\"canonical\" href=\"https:\/\/blogs.uef.fi\/karjalanelvytys\/2022\/10\/21\/uutiskirje-lokakuu-2022\/\" \/>\n<meta property=\"og:locale\" content=\"fi_FI\" \/>\n<meta property=\"og:type\" content=\"article\" \/>\n<meta property=\"og:title\" content=\"Uutiskirje, lokakuu 2022 - Karjalan kielen elvytt\u00e4minen\" \/>\n<meta property=\"og:description\" content=\"Syksy etenee kovaa vauhtia ja my\u00f6s elvytyshankkeen blogia ja Instagramia on edellisen uutiskirjeen j\u00e4lkeen p\u00e4ivitetty s\u00e4\u00e4nn\u00f6llisesti. Tahti ei ole ainakaan hidastumassa, sill\u00e4 marraskuussa vietet\u00e4\u00e4n kolmannen kerran karjalan kielen viikkoa, joka huipentuu 27.11. pidett\u00e4v\u00e4\u00e4n karjalan kielen p\u00e4iv\u00e4\u00e4n. Karjalan kielen viikosta ja muista menneist\u00e4 ja tulevista tapahtumista saat tietoa t\u00e4st\u00e4 uutiskirjeest\u00e4. Karjalan kielen viikko Karjalan kielen viikkoa [&hellip;]\" \/>\n<meta property=\"og:url\" content=\"https:\/\/blogs.uef.fi\/karjalanelvytys\/2022\/10\/21\/uutiskirje-lokakuu-2022\/\" \/>\n<meta property=\"og:site_name\" content=\"Karjalan kielen elvytt\u00e4minen\" \/>\n<meta property=\"article:published_time\" content=\"2022-10-21T10:26:07+00:00\" \/>\n<meta property=\"article:modified_time\" content=\"2024-09-10T11:39:05+00:00\" \/>\n<meta name=\"author\" content=\"Niko Tynnyrinen\" \/>\n<meta name=\"twitter:card\" content=\"summary_large_image\" \/>\n<meta name=\"twitter:label1\" content=\"Kirjoittanut\" \/>\n\t<meta name=\"twitter:data1\" content=\"Niko Tynnyrinen\" \/>\n\t<meta name=\"twitter:label2\" content=\"Arvioitu lukuaika\" \/>\n\t<meta name=\"twitter:data2\" content=\"4 minuuttia\" \/>\n<script type=\"application\/ld+json\" class=\"yoast-schema-graph\">{\"@context\":\"https:\\\/\\\/schema.org\",\"@graph\":[{\"@type\":\"Article\",\"@id\":\"https:\\\/\\\/blogs.uef.fi\\\/karjalanelvytys\\\/2022\\\/10\\\/21\\\/uutiskirje-lokakuu-2022\\\/#article\",\"isPartOf\":{\"@id\":\"https:\\\/\\\/blogs.uef.fi\\\/karjalanelvytys\\\/2022\\\/10\\\/21\\\/uutiskirje-lokakuu-2022\\\/\"},\"author\":{\"name\":\"Niko Tynnyrinen\",\"@id\":\"https:\\\/\\\/blogs.uef.fi\\\/karjalanelvytys\\\/#\\\/schema\\\/person\\\/621a5a2d8165cae7989f49c34ac3e845\"},\"headline\":\"Uutiskirje, lokakuu 2022\",\"datePublished\":\"2022-10-21T10:26:07+00:00\",\"dateModified\":\"2024-09-10T11:39:05+00:00\",\"mainEntityOfPage\":{\"@id\":\"https:\\\/\\\/blogs.uef.fi\\\/karjalanelvytys\\\/2022\\\/10\\\/21\\\/uutiskirje-lokakuu-2022\\\/\"},\"wordCount\":674,\"commentCount\":0,\"keywords\":[\"uutiskirjeet\"],\"articleSection\":[\"Uncategorized\"],\"inLanguage\":\"fi\",\"potentialAction\":[{\"@type\":\"CommentAction\",\"name\":\"Comment\",\"target\":[\"https:\\\/\\\/blogs.uef.fi\\\/karjalanelvytys\\\/2022\\\/10\\\/21\\\/uutiskirje-lokakuu-2022\\\/#respond\"]}]},{\"@type\":\"WebPage\",\"@id\":\"https:\\\/\\\/blogs.uef.fi\\\/karjalanelvytys\\\/2022\\\/10\\\/21\\\/uutiskirje-lokakuu-2022\\\/\",\"url\":\"https:\\\/\\\/blogs.uef.fi\\\/karjalanelvytys\\\/2022\\\/10\\\/21\\\/uutiskirje-lokakuu-2022\\\/\",\"name\":\"Uutiskirje, lokakuu 2022 - Karjalan kielen elvytt\u00e4minen\",\"isPartOf\":{\"@id\":\"https:\\\/\\\/blogs.uef.fi\\\/karjalanelvytys\\\/#website\"},\"datePublished\":\"2022-10-21T10:26:07+00:00\",\"dateModified\":\"2024-09-10T11:39:05+00:00\",\"author\":{\"@id\":\"https:\\\/\\\/blogs.uef.fi\\\/karjalanelvytys\\\/#\\\/schema\\\/person\\\/621a5a2d8165cae7989f49c34ac3e845\"},\"breadcrumb\":{\"@id\":\"https:\\\/\\\/blogs.uef.fi\\\/karjalanelvytys\\\/2022\\\/10\\\/21\\\/uutiskirje-lokakuu-2022\\\/#breadcrumb\"},\"inLanguage\":\"fi\",\"potentialAction\":[{\"@type\":\"ReadAction\",\"target\":[\"https:\\\/\\\/blogs.uef.fi\\\/karjalanelvytys\\\/2022\\\/10\\\/21\\\/uutiskirje-lokakuu-2022\\\/\"]}]},{\"@type\":\"BreadcrumbList\",\"@id\":\"https:\\\/\\\/blogs.uef.fi\\\/karjalanelvytys\\\/2022\\\/10\\\/21\\\/uutiskirje-lokakuu-2022\\\/#breadcrumb\",\"itemListElement\":[{\"@type\":\"ListItem\",\"position\":1,\"name\":\"Home\",\"item\":\"https:\\\/\\\/blogs.uef.fi\\\/karjalanelvytys\\\/\"},{\"@type\":\"ListItem\",\"position\":2,\"name\":\"Uutiskirje, lokakuu 2022\"}]},{\"@type\":\"WebSite\",\"@id\":\"https:\\\/\\\/blogs.uef.fi\\\/karjalanelvytys\\\/#website\",\"url\":\"https:\\\/\\\/blogs.uef.fi\\\/karjalanelvytys\\\/\",\"name\":\"Karjalan kielen elvytt\u00e4minen\",\"description\":\"\",\"potentialAction\":[{\"@type\":\"SearchAction\",\"target\":{\"@type\":\"EntryPoint\",\"urlTemplate\":\"https:\\\/\\\/blogs.uef.fi\\\/karjalanelvytys\\\/?s={search_term_string}\"},\"query-input\":{\"@type\":\"PropertyValueSpecification\",\"valueRequired\":true,\"valueName\":\"search_term_string\"}}],\"inLanguage\":\"fi\"},{\"@type\":\"Person\",\"@id\":\"https:\\\/\\\/blogs.uef.fi\\\/karjalanelvytys\\\/#\\\/schema\\\/person\\\/621a5a2d8165cae7989f49c34ac3e845\",\"name\":\"Niko Tynnyrinen\",\"image\":{\"@type\":\"ImageObject\",\"inLanguage\":\"fi\",\"@id\":\"https:\\\/\\\/secure.gravatar.com\\\/avatar\\\/c363118608772bc79e49a121a006dfe575b3d98afd884e1c7c163fcc962875ea?s=96&d=mm&r=g\",\"url\":\"https:\\\/\\\/secure.gravatar.com\\\/avatar\\\/c363118608772bc79e49a121a006dfe575b3d98afd884e1c7c163fcc962875ea?s=96&d=mm&r=g\",\"contentUrl\":\"https:\\\/\\\/secure.gravatar.com\\\/avatar\\\/c363118608772bc79e49a121a006dfe575b3d98afd884e1c7c163fcc962875ea?s=96&d=mm&r=g\",\"caption\":\"Niko Tynnyrinen\"},\"url\":\"https:\\\/\\\/blogs.uef.fi\\\/karjalanelvytys\\\/author\\\/mtynnyri\\\/\"}]}<\/script>\n<!-- \/ Yoast SEO plugin. -->","yoast_head_json":{"title":"Uutiskirje, lokakuu 2022 - Karjalan kielen elvytt\u00e4minen","robots":{"index":"index","follow":"follow","max-snippet":"max-snippet:-1","max-image-preview":"max-image-preview:large","max-video-preview":"max-video-preview:-1"},"canonical":"https:\/\/blogs.uef.fi\/karjalanelvytys\/2022\/10\/21\/uutiskirje-lokakuu-2022\/","og_locale":"fi_FI","og_type":"article","og_title":"Uutiskirje, lokakuu 2022 - Karjalan kielen elvytt\u00e4minen","og_description":"Syksy etenee kovaa vauhtia ja my\u00f6s elvytyshankkeen blogia ja Instagramia on edellisen uutiskirjeen j\u00e4lkeen p\u00e4ivitetty s\u00e4\u00e4nn\u00f6llisesti. Tahti ei ole ainakaan hidastumassa, sill\u00e4 marraskuussa vietet\u00e4\u00e4n kolmannen kerran karjalan kielen viikkoa, joka huipentuu 27.11. pidett\u00e4v\u00e4\u00e4n karjalan kielen p\u00e4iv\u00e4\u00e4n. Karjalan kielen viikosta ja muista menneist\u00e4 ja tulevista tapahtumista saat tietoa t\u00e4st\u00e4 uutiskirjeest\u00e4. Karjalan kielen viikko Karjalan kielen viikkoa [&hellip;]","og_url":"https:\/\/blogs.uef.fi\/karjalanelvytys\/2022\/10\/21\/uutiskirje-lokakuu-2022\/","og_site_name":"Karjalan kielen elvytt\u00e4minen","article_published_time":"2022-10-21T10:26:07+00:00","article_modified_time":"2024-09-10T11:39:05+00:00","author":"Niko Tynnyrinen","twitter_card":"summary_large_image","twitter_misc":{"Kirjoittanut":"Niko Tynnyrinen","Arvioitu lukuaika":"4 minuuttia"},"schema":{"@context":"https:\/\/schema.org","@graph":[{"@type":"Article","@id":"https:\/\/blogs.uef.fi\/karjalanelvytys\/2022\/10\/21\/uutiskirje-lokakuu-2022\/#article","isPartOf":{"@id":"https:\/\/blogs.uef.fi\/karjalanelvytys\/2022\/10\/21\/uutiskirje-lokakuu-2022\/"},"author":{"name":"Niko Tynnyrinen","@id":"https:\/\/blogs.uef.fi\/karjalanelvytys\/#\/schema\/person\/621a5a2d8165cae7989f49c34ac3e845"},"headline":"Uutiskirje, lokakuu 2022","datePublished":"2022-10-21T10:26:07+00:00","dateModified":"2024-09-10T11:39:05+00:00","mainEntityOfPage":{"@id":"https:\/\/blogs.uef.fi\/karjalanelvytys\/2022\/10\/21\/uutiskirje-lokakuu-2022\/"},"wordCount":674,"commentCount":0,"keywords":["uutiskirjeet"],"articleSection":["Uncategorized"],"inLanguage":"fi","potentialAction":[{"@type":"CommentAction","name":"Comment","target":["https:\/\/blogs.uef.fi\/karjalanelvytys\/2022\/10\/21\/uutiskirje-lokakuu-2022\/#respond"]}]},{"@type":"WebPage","@id":"https:\/\/blogs.uef.fi\/karjalanelvytys\/2022\/10\/21\/uutiskirje-lokakuu-2022\/","url":"https:\/\/blogs.uef.fi\/karjalanelvytys\/2022\/10\/21\/uutiskirje-lokakuu-2022\/","name":"Uutiskirje, lokakuu 2022 - Karjalan kielen elvytt\u00e4minen","isPartOf":{"@id":"https:\/\/blogs.uef.fi\/karjalanelvytys\/#website"},"datePublished":"2022-10-21T10:26:07+00:00","dateModified":"2024-09-10T11:39:05+00:00","author":{"@id":"https:\/\/blogs.uef.fi\/karjalanelvytys\/#\/schema\/person\/621a5a2d8165cae7989f49c34ac3e845"},"breadcrumb":{"@id":"https:\/\/blogs.uef.fi\/karjalanelvytys\/2022\/10\/21\/uutiskirje-lokakuu-2022\/#breadcrumb"},"inLanguage":"fi","potentialAction":[{"@type":"ReadAction","target":["https:\/\/blogs.uef.fi\/karjalanelvytys\/2022\/10\/21\/uutiskirje-lokakuu-2022\/"]}]},{"@type":"BreadcrumbList","@id":"https:\/\/blogs.uef.fi\/karjalanelvytys\/2022\/10\/21\/uutiskirje-lokakuu-2022\/#breadcrumb","itemListElement":[{"@type":"ListItem","position":1,"name":"Home","item":"https:\/\/blogs.uef.fi\/karjalanelvytys\/"},{"@type":"ListItem","position":2,"name":"Uutiskirje, lokakuu 2022"}]},{"@type":"WebSite","@id":"https:\/\/blogs.uef.fi\/karjalanelvytys\/#website","url":"https:\/\/blogs.uef.fi\/karjalanelvytys\/","name":"Karjalan kielen elvytt\u00e4minen","description":"","potentialAction":[{"@type":"SearchAction","target":{"@type":"EntryPoint","urlTemplate":"https:\/\/blogs.uef.fi\/karjalanelvytys\/?s={search_term_string}"},"query-input":{"@type":"PropertyValueSpecification","valueRequired":true,"valueName":"search_term_string"}}],"inLanguage":"fi"},{"@type":"Person","@id":"https:\/\/blogs.uef.fi\/karjalanelvytys\/#\/schema\/person\/621a5a2d8165cae7989f49c34ac3e845","name":"Niko Tynnyrinen","image":{"@type":"ImageObject","inLanguage":"fi","@id":"https:\/\/secure.gravatar.com\/avatar\/c363118608772bc79e49a121a006dfe575b3d98afd884e1c7c163fcc962875ea?s=96&d=mm&r=g","url":"https:\/\/secure.gravatar.com\/avatar\/c363118608772bc79e49a121a006dfe575b3d98afd884e1c7c163fcc962875ea?s=96&d=mm&r=g","contentUrl":"https:\/\/secure.gravatar.com\/avatar\/c363118608772bc79e49a121a006dfe575b3d98afd884e1c7c163fcc962875ea?s=96&d=mm&r=g","caption":"Niko Tynnyrinen"},"url":"https:\/\/blogs.uef.fi\/karjalanelvytys\/author\/mtynnyri\/"}]}},"_links":{"self":[{"href":"https:\/\/blogs.uef.fi\/karjalanelvytys\/wp-json\/wp\/v2\/posts\/7190","targetHints":{"allow":["GET"]}}],"collection":[{"href":"https:\/\/blogs.uef.fi\/karjalanelvytys\/wp-json\/wp\/v2\/posts"}],"about":[{"href":"https:\/\/blogs.uef.fi\/karjalanelvytys\/wp-json\/wp\/v2\/types\/post"}],"author":[{"embeddable":true,"href":"https:\/\/blogs.uef.fi\/karjalanelvytys\/wp-json\/wp\/v2\/users\/580"}],"replies":[{"embeddable":true,"href":"https:\/\/blogs.uef.fi\/karjalanelvytys\/wp-json\/wp\/v2\/comments?post=7190"}],"version-history":[{"count":2,"href":"https:\/\/blogs.uef.fi\/karjalanelvytys\/wp-json\/wp\/v2\/posts\/7190\/revisions"}],"predecessor-version":[{"id":19173,"href":"https:\/\/blogs.uef.fi\/karjalanelvytys\/wp-json\/wp\/v2\/posts\/7190\/revisions\/19173"}],"wp:attachment":[{"href":"https:\/\/blogs.uef.fi\/karjalanelvytys\/wp-json\/wp\/v2\/media?parent=7190"}],"wp:term":[{"taxonomy":"category","embeddable":true,"href":"https:\/\/blogs.uef.fi\/karjalanelvytys\/wp-json\/wp\/v2\/categories?post=7190"},{"taxonomy":"post_tag","embeddable":true,"href":"https:\/\/blogs.uef.fi\/karjalanelvytys\/wp-json\/wp\/v2\/tags?post=7190"}],"curies":[{"name":"wp","href":"https:\/\/api.w.org\/{rel}","templated":true}]}}