{"id":6015,"date":"2022-08-03T13:57:58","date_gmt":"2022-08-03T10:57:58","guid":{"rendered":"https:\/\/blogs.uef.fi\/karjalanelvytys\/?p=6015"},"modified":"2023-08-21T13:04:32","modified_gmt":"2023-08-21T10:04:32","slug":"vallice-oma-armas-muarjaine","status":"publish","type":"post","link":"https:\/\/blogs.uef.fi\/karjalanelvytys\/2022\/08\/03\/vallice-oma-armas-muarjaine\/","title":{"rendered":"Valli\u010de oma armas muarjaine"},"content":{"rendered":"<p>Nyg\u00f6i on muarjuaigu. Muarjastu kypsen\u00f6y savus dai me\u010d\u00e4s. Ongo sinul mitahto moine muarju, kudamua suvai\u010det en\u00e4mb\u00e4l? Luvettelos l\u00f6vv\u00e4t sadu- dai me\u010d\u010dymuarjua.<\/p>\n<p><img loading=\"lazy\" decoding=\"async\" class=\"alignnone wp-image-6021\" src=\"https:\/\/blogs.uef.fi\/karjalanelvytys\/wp-content\/uploads\/sites\/155\/2022\/08\/Muarjat-300x200.jpg\" alt=\"Muarjat\" width=\"383\" height=\"255\" srcset=\"https:\/\/blogs.uef.fi\/karjalanelvytys\/wp-content\/uploads\/sites\/155\/2022\/08\/Muarjat-300x200.jpg 300w, https:\/\/blogs.uef.fi\/karjalanelvytys\/wp-content\/uploads\/sites\/155\/2022\/08\/Muarjat.jpg 612w\" sizes=\"auto, (max-width: 383px) 100vw, 383px\" \/><\/p>\n<p>Muarjuniekku, valli\u010de oma armas muarjaine n\u00e4mmis:<\/p>\n<p><strong>buola<\/strong> \u2013 puolukka<\/p>\n<p><strong>garbalo<\/strong> \u2013 karpalo<\/p>\n<p><strong>hillo, muur\u2019oi<\/strong> \u2013 lakka<\/p>\n<p><strong>irga<\/strong> \u2013 saskatoon<\/p>\n<p><strong>juomoi<\/strong> \u2013 juolukka<\/p>\n<p><strong>karvaismarja<\/strong> \u2013 &nbsp;karviainen<\/p>\n<p><strong>keldu\u010dihoi<\/strong>&nbsp; \u2013 valkoherukka<\/p>\n<p><strong>mand\u017eoi<\/strong> \u2013 mansikka<\/p>\n<p><strong>me\u010d\u010d\u00e4mand\u017eikka<\/strong> \u2013 mets\u00e4mansikka<\/p>\n<p><strong>must\u2019oi \u2013<\/strong> mustikka<\/p>\n<p><strong>mu\u0161ta pihlajamarja<\/strong> \u2013 marja-aronia<\/p>\n<p><strong>mu\u0161ta smorodina, mustu \u010dihoi<\/strong> \u2013 mustaherukka<\/p>\n<p><strong>or\u2019hoi <\/strong>&nbsp;\u2013 mesimarja<\/p>\n<p><strong>ru\u0161kie smorodina, ruskei \u010dihoi<\/strong> \u2013 punaherukka<\/p>\n<p><strong>\u0161l\u2019uboi <\/strong>\u2013 ylikyps\u00e4 lakka<\/p>\n<p><strong>smorodina, \u010dihoi<\/strong> \u2013 viinimarja, herukka<\/p>\n<p><strong>tartukki<\/strong> \u2013 tyrni<\/p>\n<p><strong>vavarno<\/strong> \u2013 vadelma<\/p>\n<p>&nbsp;<\/p>\n<p><a href=\"https:\/\/link.webropolsurveys.com\/S\/57347BB4D86419AD\"><strong>Linku i\u00e4nestykseh<\/strong><\/a><\/p>\n<p>I\u00e4nest\u00e4mine on avvoi 15.9.2022 sah. Ehti vallita oma muarjaine!<\/p>\n<p>Li\u017ei\u00e4 muarjusanastuo l\u00f6vv\u00e4t t\u00e4s:<\/p>\n<p><a href=\"https:\/\/blogs.uef.fi\/karjalanelvytys\/marjat-ta-marjakasvit-marjat-da-marjakazvit-muarjat-da-muarjukazvit\/\">https:\/\/blogs.uef.fi\/karjalanelvytys\/marjat-ta-marjakasvit-marjat-da-marjakazvit-muarjat-da-muarjukazvit\/<\/a><\/p>\n<p>&nbsp;<\/p>\n<p>&nbsp;<\/p>\n<p>&nbsp;<\/p>\n<p>&nbsp;<\/p>\n<p>&nbsp;<\/p>\n<p>&nbsp;<\/p>\n","protected":false},"excerpt":{"rendered":"<p>Nyg\u00f6i on muarjuaigu. Muarjastu kypsen\u00f6y savus dai me\u010d\u00e4s. Ongo sinul mitahto moine muarju, kudamua suvai\u010det en\u00e4mb\u00e4l? Luvettelos l\u00f6vv\u00e4t sadu- dai me\u010d\u010dymuarjua. Muarjuniekku, valli\u010de oma armas muarjaine n\u00e4mmis: buola \u2013 puolukka garbalo \u2013 karpalo hillo, muur\u2019oi \u2013 lakka irga \u2013 saskatoon juomoi \u2013 juolukka karvaismarja \u2013 &nbsp;karviainen keldu\u010dihoi&nbsp; \u2013 valkoherukka mand\u017eoi \u2013 mansikka me\u010d\u010d\u00e4mand\u017eikka \u2013 mets\u00e4mansikka [&hellip;]<\/p>\n","protected":false},"author":419,"featured_media":0,"comment_status":"open","ping_status":"open","sticky":false,"template":"","format":"standard","meta":{"_acf_changed":false,"footnotes":""},"categories":[1],"tags":[38],"class_list":["post-6015","post","type-post","status-publish","format-standard","hentry","category-uncategorized","tag-aanestykset"],"acf":[],"yoast_head":"<!-- This site is optimized with the Yoast SEO plugin v27.3 - https:\/\/yoast.com\/product\/yoast-seo-wordpress\/ -->\n<title>Valli\u010de oma armas muarjaine - Karjalan kielen elvytt\u00e4minen<\/title>\n<meta name=\"robots\" content=\"index, follow, max-snippet:-1, max-image-preview:large, max-video-preview:-1\" \/>\n<link rel=\"canonical\" href=\"https:\/\/blogs.uef.fi\/karjalanelvytys\/2022\/08\/03\/vallice-oma-armas-muarjaine\/\" \/>\n<meta property=\"og:locale\" content=\"fi_FI\" \/>\n<meta property=\"og:type\" content=\"article\" \/>\n<meta property=\"og:title\" content=\"Valli\u010de oma armas muarjaine - Karjalan kielen elvytt\u00e4minen\" \/>\n<meta property=\"og:description\" content=\"Nyg\u00f6i on muarjuaigu. Muarjastu kypsen\u00f6y savus dai me\u010d\u00e4s. Ongo sinul mitahto moine muarju, kudamua suvai\u010det en\u00e4mb\u00e4l? Luvettelos l\u00f6vv\u00e4t sadu- dai me\u010d\u010dymuarjua. Muarjuniekku, valli\u010de oma armas muarjaine n\u00e4mmis: buola \u2013 puolukka garbalo \u2013 karpalo hillo, muur\u2019oi \u2013 lakka irga \u2013 saskatoon juomoi \u2013 juolukka karvaismarja \u2013 &nbsp;karviainen keldu\u010dihoi&nbsp; \u2013 valkoherukka mand\u017eoi \u2013 mansikka me\u010d\u010d\u00e4mand\u017eikka \u2013 mets\u00e4mansikka [&hellip;]\" \/>\n<meta property=\"og:url\" content=\"https:\/\/blogs.uef.fi\/karjalanelvytys\/2022\/08\/03\/vallice-oma-armas-muarjaine\/\" \/>\n<meta property=\"og:site_name\" content=\"Karjalan kielen elvytt\u00e4minen\" \/>\n<meta property=\"article:published_time\" content=\"2022-08-03T10:57:58+00:00\" \/>\n<meta property=\"article:modified_time\" content=\"2023-08-21T10:04:32+00:00\" \/>\n<meta property=\"og:image\" content=\"https:\/\/blogs.uef.fi\/karjalanelvytys\/wp-content\/uploads\/sites\/155\/2022\/08\/Muarjat-300x200.jpg\" \/>\n<meta name=\"author\" content=\"Helka Riionheimo\" \/>\n<meta name=\"twitter:card\" content=\"summary_large_image\" \/>\n<meta name=\"twitter:creator\" content=\"@uef-admin\" \/>\n<meta name=\"twitter:label1\" content=\"Kirjoittanut\" \/>\n\t<meta name=\"twitter:data1\" content=\"Helka Riionheimo\" \/>\n\t<meta name=\"twitter:label2\" content=\"Arvioitu lukuaika\" \/>\n\t<meta name=\"twitter:data2\" content=\"1 minuutti\" \/>\n<script type=\"application\/ld+json\" class=\"yoast-schema-graph\">{\"@context\":\"https:\\\/\\\/schema.org\",\"@graph\":[{\"@type\":\"Article\",\"@id\":\"https:\\\/\\\/blogs.uef.fi\\\/karjalanelvytys\\\/2022\\\/08\\\/03\\\/vallice-oma-armas-muarjaine\\\/#article\",\"isPartOf\":{\"@id\":\"https:\\\/\\\/blogs.uef.fi\\\/karjalanelvytys\\\/2022\\\/08\\\/03\\\/vallice-oma-armas-muarjaine\\\/\"},\"author\":{\"name\":\"Helka Riionheimo\",\"@id\":\"https:\\\/\\\/blogs.uef.fi\\\/karjalanelvytys\\\/#\\\/schema\\\/person\\\/fd54c2fbe53fa457331b2b4f837526bb\"},\"headline\":\"Valli\u010de oma armas muarjaine\",\"datePublished\":\"2022-08-03T10:57:58+00:00\",\"dateModified\":\"2023-08-21T10:04:32+00:00\",\"mainEntityOfPage\":{\"@id\":\"https:\\\/\\\/blogs.uef.fi\\\/karjalanelvytys\\\/2022\\\/08\\\/03\\\/vallice-oma-armas-muarjaine\\\/\"},\"wordCount\":139,\"commentCount\":0,\"image\":{\"@id\":\"https:\\\/\\\/blogs.uef.fi\\\/karjalanelvytys\\\/2022\\\/08\\\/03\\\/vallice-oma-armas-muarjaine\\\/#primaryimage\"},\"thumbnailUrl\":\"https:\\\/\\\/blogs.uef.fi\\\/karjalanelvytys\\\/wp-content\\\/uploads\\\/sites\\\/155\\\/2022\\\/08\\\/Muarjat-300x200.jpg\",\"keywords\":[\"\u00e4\u00e4nestykset\"],\"articleSection\":[\"Uncategorized\"],\"inLanguage\":\"fi\",\"potentialAction\":[{\"@type\":\"CommentAction\",\"name\":\"Comment\",\"target\":[\"https:\\\/\\\/blogs.uef.fi\\\/karjalanelvytys\\\/2022\\\/08\\\/03\\\/vallice-oma-armas-muarjaine\\\/#respond\"]}]},{\"@type\":\"WebPage\",\"@id\":\"https:\\\/\\\/blogs.uef.fi\\\/karjalanelvytys\\\/2022\\\/08\\\/03\\\/vallice-oma-armas-muarjaine\\\/\",\"url\":\"https:\\\/\\\/blogs.uef.fi\\\/karjalanelvytys\\\/2022\\\/08\\\/03\\\/vallice-oma-armas-muarjaine\\\/\",\"name\":\"Valli\u010de oma armas muarjaine - Karjalan kielen elvytt\u00e4minen\",\"isPartOf\":{\"@id\":\"https:\\\/\\\/blogs.uef.fi\\\/karjalanelvytys\\\/#website\"},\"primaryImageOfPage\":{\"@id\":\"https:\\\/\\\/blogs.uef.fi\\\/karjalanelvytys\\\/2022\\\/08\\\/03\\\/vallice-oma-armas-muarjaine\\\/#primaryimage\"},\"image\":{\"@id\":\"https:\\\/\\\/blogs.uef.fi\\\/karjalanelvytys\\\/2022\\\/08\\\/03\\\/vallice-oma-armas-muarjaine\\\/#primaryimage\"},\"thumbnailUrl\":\"https:\\\/\\\/blogs.uef.fi\\\/karjalanelvytys\\\/wp-content\\\/uploads\\\/sites\\\/155\\\/2022\\\/08\\\/Muarjat-300x200.jpg\",\"datePublished\":\"2022-08-03T10:57:58+00:00\",\"dateModified\":\"2023-08-21T10:04:32+00:00\",\"author\":{\"@id\":\"https:\\\/\\\/blogs.uef.fi\\\/karjalanelvytys\\\/#\\\/schema\\\/person\\\/fd54c2fbe53fa457331b2b4f837526bb\"},\"breadcrumb\":{\"@id\":\"https:\\\/\\\/blogs.uef.fi\\\/karjalanelvytys\\\/2022\\\/08\\\/03\\\/vallice-oma-armas-muarjaine\\\/#breadcrumb\"},\"inLanguage\":\"fi\",\"potentialAction\":[{\"@type\":\"ReadAction\",\"target\":[\"https:\\\/\\\/blogs.uef.fi\\\/karjalanelvytys\\\/2022\\\/08\\\/03\\\/vallice-oma-armas-muarjaine\\\/\"]}]},{\"@type\":\"ImageObject\",\"inLanguage\":\"fi\",\"@id\":\"https:\\\/\\\/blogs.uef.fi\\\/karjalanelvytys\\\/2022\\\/08\\\/03\\\/vallice-oma-armas-muarjaine\\\/#primaryimage\",\"url\":\"https:\\\/\\\/blogs.uef.fi\\\/karjalanelvytys\\\/wp-content\\\/uploads\\\/sites\\\/155\\\/2022\\\/08\\\/Muarjat.jpg\",\"contentUrl\":\"https:\\\/\\\/blogs.uef.fi\\\/karjalanelvytys\\\/wp-content\\\/uploads\\\/sites\\\/155\\\/2022\\\/08\\\/Muarjat.jpg\",\"width\":612,\"height\":408,\"caption\":\"Muarjat\"},{\"@type\":\"BreadcrumbList\",\"@id\":\"https:\\\/\\\/blogs.uef.fi\\\/karjalanelvytys\\\/2022\\\/08\\\/03\\\/vallice-oma-armas-muarjaine\\\/#breadcrumb\",\"itemListElement\":[{\"@type\":\"ListItem\",\"position\":1,\"name\":\"Home\",\"item\":\"https:\\\/\\\/blogs.uef.fi\\\/karjalanelvytys\\\/\"},{\"@type\":\"ListItem\",\"position\":2,\"name\":\"Valli\u010de oma armas muarjaine\"}]},{\"@type\":\"WebSite\",\"@id\":\"https:\\\/\\\/blogs.uef.fi\\\/karjalanelvytys\\\/#website\",\"url\":\"https:\\\/\\\/blogs.uef.fi\\\/karjalanelvytys\\\/\",\"name\":\"Karjalan kielen elvytt\u00e4minen\",\"description\":\"\",\"potentialAction\":[{\"@type\":\"SearchAction\",\"target\":{\"@type\":\"EntryPoint\",\"urlTemplate\":\"https:\\\/\\\/blogs.uef.fi\\\/karjalanelvytys\\\/?s={search_term_string}\"},\"query-input\":{\"@type\":\"PropertyValueSpecification\",\"valueRequired\":true,\"valueName\":\"search_term_string\"}}],\"inLanguage\":\"fi\"},{\"@type\":\"Person\",\"@id\":\"https:\\\/\\\/blogs.uef.fi\\\/karjalanelvytys\\\/#\\\/schema\\\/person\\\/fd54c2fbe53fa457331b2b4f837526bb\",\"name\":\"Helka Riionheimo\",\"image\":{\"@type\":\"ImageObject\",\"inLanguage\":\"fi\",\"@id\":\"https:\\\/\\\/secure.gravatar.com\\\/avatar\\\/25f9131414b801d7767a6460021edf556f46d6470e14f6cecc470e5b2e5aeae7?s=96&d=mm&r=g\",\"url\":\"https:\\\/\\\/secure.gravatar.com\\\/avatar\\\/25f9131414b801d7767a6460021edf556f46d6470e14f6cecc470e5b2e5aeae7?s=96&d=mm&r=g\",\"contentUrl\":\"https:\\\/\\\/secure.gravatar.com\\\/avatar\\\/25f9131414b801d7767a6460021edf556f46d6470e14f6cecc470e5b2e5aeae7?s=96&d=mm&r=g\",\"caption\":\"Helka Riionheimo\"},\"sameAs\":[\"https:\\\/\\\/x.com\\\/uef-admin\"],\"url\":\"https:\\\/\\\/blogs.uef.fi\\\/karjalanelvytys\\\/author\\\/riionhei\\\/\"}]}<\/script>\n<!-- \/ Yoast SEO plugin. -->","yoast_head_json":{"title":"Valli\u010de oma armas muarjaine - Karjalan kielen elvytt\u00e4minen","robots":{"index":"index","follow":"follow","max-snippet":"max-snippet:-1","max-image-preview":"max-image-preview:large","max-video-preview":"max-video-preview:-1"},"canonical":"https:\/\/blogs.uef.fi\/karjalanelvytys\/2022\/08\/03\/vallice-oma-armas-muarjaine\/","og_locale":"fi_FI","og_type":"article","og_title":"Valli\u010de oma armas muarjaine - Karjalan kielen elvytt\u00e4minen","og_description":"Nyg\u00f6i on muarjuaigu. Muarjastu kypsen\u00f6y savus dai me\u010d\u00e4s. Ongo sinul mitahto moine muarju, kudamua suvai\u010det en\u00e4mb\u00e4l? Luvettelos l\u00f6vv\u00e4t sadu- dai me\u010d\u010dymuarjua. Muarjuniekku, valli\u010de oma armas muarjaine n\u00e4mmis: buola \u2013 puolukka garbalo \u2013 karpalo hillo, muur\u2019oi \u2013 lakka irga \u2013 saskatoon juomoi \u2013 juolukka karvaismarja \u2013 &nbsp;karviainen keldu\u010dihoi&nbsp; \u2013 valkoherukka mand\u017eoi \u2013 mansikka me\u010d\u010d\u00e4mand\u017eikka \u2013 mets\u00e4mansikka [&hellip;]","og_url":"https:\/\/blogs.uef.fi\/karjalanelvytys\/2022\/08\/03\/vallice-oma-armas-muarjaine\/","og_site_name":"Karjalan kielen elvytt\u00e4minen","article_published_time":"2022-08-03T10:57:58+00:00","article_modified_time":"2023-08-21T10:04:32+00:00","og_image":[{"url":"https:\/\/blogs.uef.fi\/karjalanelvytys\/wp-content\/uploads\/sites\/155\/2022\/08\/Muarjat-300x200.jpg","type":"","width":"","height":""}],"author":"Helka Riionheimo","twitter_card":"summary_large_image","twitter_creator":"@uef-admin","twitter_misc":{"Kirjoittanut":"Helka Riionheimo","Arvioitu lukuaika":"1 minuutti"},"schema":{"@context":"https:\/\/schema.org","@graph":[{"@type":"Article","@id":"https:\/\/blogs.uef.fi\/karjalanelvytys\/2022\/08\/03\/vallice-oma-armas-muarjaine\/#article","isPartOf":{"@id":"https:\/\/blogs.uef.fi\/karjalanelvytys\/2022\/08\/03\/vallice-oma-armas-muarjaine\/"},"author":{"name":"Helka Riionheimo","@id":"https:\/\/blogs.uef.fi\/karjalanelvytys\/#\/schema\/person\/fd54c2fbe53fa457331b2b4f837526bb"},"headline":"Valli\u010de oma armas muarjaine","datePublished":"2022-08-03T10:57:58+00:00","dateModified":"2023-08-21T10:04:32+00:00","mainEntityOfPage":{"@id":"https:\/\/blogs.uef.fi\/karjalanelvytys\/2022\/08\/03\/vallice-oma-armas-muarjaine\/"},"wordCount":139,"commentCount":0,"image":{"@id":"https:\/\/blogs.uef.fi\/karjalanelvytys\/2022\/08\/03\/vallice-oma-armas-muarjaine\/#primaryimage"},"thumbnailUrl":"https:\/\/blogs.uef.fi\/karjalanelvytys\/wp-content\/uploads\/sites\/155\/2022\/08\/Muarjat-300x200.jpg","keywords":["\u00e4\u00e4nestykset"],"articleSection":["Uncategorized"],"inLanguage":"fi","potentialAction":[{"@type":"CommentAction","name":"Comment","target":["https:\/\/blogs.uef.fi\/karjalanelvytys\/2022\/08\/03\/vallice-oma-armas-muarjaine\/#respond"]}]},{"@type":"WebPage","@id":"https:\/\/blogs.uef.fi\/karjalanelvytys\/2022\/08\/03\/vallice-oma-armas-muarjaine\/","url":"https:\/\/blogs.uef.fi\/karjalanelvytys\/2022\/08\/03\/vallice-oma-armas-muarjaine\/","name":"Valli\u010de oma armas muarjaine - Karjalan kielen elvytt\u00e4minen","isPartOf":{"@id":"https:\/\/blogs.uef.fi\/karjalanelvytys\/#website"},"primaryImageOfPage":{"@id":"https:\/\/blogs.uef.fi\/karjalanelvytys\/2022\/08\/03\/vallice-oma-armas-muarjaine\/#primaryimage"},"image":{"@id":"https:\/\/blogs.uef.fi\/karjalanelvytys\/2022\/08\/03\/vallice-oma-armas-muarjaine\/#primaryimage"},"thumbnailUrl":"https:\/\/blogs.uef.fi\/karjalanelvytys\/wp-content\/uploads\/sites\/155\/2022\/08\/Muarjat-300x200.jpg","datePublished":"2022-08-03T10:57:58+00:00","dateModified":"2023-08-21T10:04:32+00:00","author":{"@id":"https:\/\/blogs.uef.fi\/karjalanelvytys\/#\/schema\/person\/fd54c2fbe53fa457331b2b4f837526bb"},"breadcrumb":{"@id":"https:\/\/blogs.uef.fi\/karjalanelvytys\/2022\/08\/03\/vallice-oma-armas-muarjaine\/#breadcrumb"},"inLanguage":"fi","potentialAction":[{"@type":"ReadAction","target":["https:\/\/blogs.uef.fi\/karjalanelvytys\/2022\/08\/03\/vallice-oma-armas-muarjaine\/"]}]},{"@type":"ImageObject","inLanguage":"fi","@id":"https:\/\/blogs.uef.fi\/karjalanelvytys\/2022\/08\/03\/vallice-oma-armas-muarjaine\/#primaryimage","url":"https:\/\/blogs.uef.fi\/karjalanelvytys\/wp-content\/uploads\/sites\/155\/2022\/08\/Muarjat.jpg","contentUrl":"https:\/\/blogs.uef.fi\/karjalanelvytys\/wp-content\/uploads\/sites\/155\/2022\/08\/Muarjat.jpg","width":612,"height":408,"caption":"Muarjat"},{"@type":"BreadcrumbList","@id":"https:\/\/blogs.uef.fi\/karjalanelvytys\/2022\/08\/03\/vallice-oma-armas-muarjaine\/#breadcrumb","itemListElement":[{"@type":"ListItem","position":1,"name":"Home","item":"https:\/\/blogs.uef.fi\/karjalanelvytys\/"},{"@type":"ListItem","position":2,"name":"Valli\u010de oma armas muarjaine"}]},{"@type":"WebSite","@id":"https:\/\/blogs.uef.fi\/karjalanelvytys\/#website","url":"https:\/\/blogs.uef.fi\/karjalanelvytys\/","name":"Karjalan kielen elvytt\u00e4minen","description":"","potentialAction":[{"@type":"SearchAction","target":{"@type":"EntryPoint","urlTemplate":"https:\/\/blogs.uef.fi\/karjalanelvytys\/?s={search_term_string}"},"query-input":{"@type":"PropertyValueSpecification","valueRequired":true,"valueName":"search_term_string"}}],"inLanguage":"fi"},{"@type":"Person","@id":"https:\/\/blogs.uef.fi\/karjalanelvytys\/#\/schema\/person\/fd54c2fbe53fa457331b2b4f837526bb","name":"Helka Riionheimo","image":{"@type":"ImageObject","inLanguage":"fi","@id":"https:\/\/secure.gravatar.com\/avatar\/25f9131414b801d7767a6460021edf556f46d6470e14f6cecc470e5b2e5aeae7?s=96&d=mm&r=g","url":"https:\/\/secure.gravatar.com\/avatar\/25f9131414b801d7767a6460021edf556f46d6470e14f6cecc470e5b2e5aeae7?s=96&d=mm&r=g","contentUrl":"https:\/\/secure.gravatar.com\/avatar\/25f9131414b801d7767a6460021edf556f46d6470e14f6cecc470e5b2e5aeae7?s=96&d=mm&r=g","caption":"Helka Riionheimo"},"sameAs":["https:\/\/x.com\/uef-admin"],"url":"https:\/\/blogs.uef.fi\/karjalanelvytys\/author\/riionhei\/"}]}},"_links":{"self":[{"href":"https:\/\/blogs.uef.fi\/karjalanelvytys\/wp-json\/wp\/v2\/posts\/6015","targetHints":{"allow":["GET"]}}],"collection":[{"href":"https:\/\/blogs.uef.fi\/karjalanelvytys\/wp-json\/wp\/v2\/posts"}],"about":[{"href":"https:\/\/blogs.uef.fi\/karjalanelvytys\/wp-json\/wp\/v2\/types\/post"}],"author":[{"embeddable":true,"href":"https:\/\/blogs.uef.fi\/karjalanelvytys\/wp-json\/wp\/v2\/users\/419"}],"replies":[{"embeddable":true,"href":"https:\/\/blogs.uef.fi\/karjalanelvytys\/wp-json\/wp\/v2\/comments?post=6015"}],"version-history":[{"count":2,"href":"https:\/\/blogs.uef.fi\/karjalanelvytys\/wp-json\/wp\/v2\/posts\/6015\/revisions"}],"predecessor-version":[{"id":11689,"href":"https:\/\/blogs.uef.fi\/karjalanelvytys\/wp-json\/wp\/v2\/posts\/6015\/revisions\/11689"}],"wp:attachment":[{"href":"https:\/\/blogs.uef.fi\/karjalanelvytys\/wp-json\/wp\/v2\/media?parent=6015"}],"wp:term":[{"taxonomy":"category","embeddable":true,"href":"https:\/\/blogs.uef.fi\/karjalanelvytys\/wp-json\/wp\/v2\/categories?post=6015"},{"taxonomy":"post_tag","embeddable":true,"href":"https:\/\/blogs.uef.fi\/karjalanelvytys\/wp-json\/wp\/v2\/tags?post=6015"}],"curies":[{"name":"wp","href":"https:\/\/api.w.org\/{rel}","templated":true}]}}