{"id":41,"date":"2021-02-11T14:23:58","date_gmt":"2021-02-11T12:23:58","guid":{"rendered":"https:\/\/blogs.uef.fi\/karjalanelvytys\/?p=41"},"modified":"2023-08-21T13:22:39","modified_gmt":"2023-08-21T10:22:39","slug":"karjalan-kielen-elvytyshankkeen-blogi-2021-2022","status":"publish","type":"post","link":"https:\/\/blogs.uef.fi\/karjalanelvytys\/2021\/02\/11\/karjalan-kielen-elvytyshankkeen-blogi-2021-2022\/","title":{"rendered":"Karjalan kielen elvytyshankkeen blogi 2021-2022"},"content":{"rendered":"<p>T\u00e4m\u00e4 on It\u00e4-Suomen yliopiston johtaman karjalan kielen elvytyshankkeen blogi vuosina 2021-2022. Blogikirjoituksissa kerrotaan hankkeen toiminnasta, ja sivulle kerrytet\u00e4\u00e4n v\u00e4hitellen my\u00f6s muuta sis\u00e4lt\u00f6\u00e4, esimerkiksi karjalan kielen uudissanoja ja muuta aineistoa.<\/p>\n","protected":false},"excerpt":{"rendered":"<p>T\u00e4m\u00e4 on It\u00e4-Suomen yliopiston johtaman karjalan kielen elvytyshankkeen blogi vuosina 2021-2022. Blogikirjoituksissa kerrotaan hankkeen toiminnasta, ja sivulle kerrytet\u00e4\u00e4n v\u00e4hitellen my\u00f6s muuta sis\u00e4lt\u00f6\u00e4, esimerkiksi karjalan kielen uudissanoja ja muuta aineistoa.<\/p>\n","protected":false},"author":419,"featured_media":0,"comment_status":"open","ping_status":"open","sticky":false,"template":"","format":"standard","meta":{"_acf_changed":false,"footnotes":""},"categories":[1],"tags":[46],"class_list":["post-41","post","type-post","status-publish","format-standard","hentry","category-uncategorized","tag-elvytyshankkeen-toiminta-ja-kuulumiset"],"acf":[],"yoast_head":"<!-- This site is optimized with the Yoast SEO plugin v27.3 - https:\/\/yoast.com\/product\/yoast-seo-wordpress\/ -->\n<title>Karjalan kielen elvytyshankkeen blogi 2021-2022 - Karjalan kielen elvytt\u00e4minen<\/title>\n<meta name=\"robots\" content=\"index, follow, max-snippet:-1, max-image-preview:large, max-video-preview:-1\" \/>\n<link rel=\"canonical\" href=\"https:\/\/blogs.uef.fi\/karjalanelvytys\/2021\/02\/11\/karjalan-kielen-elvytyshankkeen-blogi-2021-2022\/\" \/>\n<meta property=\"og:locale\" content=\"fi_FI\" \/>\n<meta property=\"og:type\" content=\"article\" \/>\n<meta property=\"og:title\" content=\"Karjalan kielen elvytyshankkeen blogi 2021-2022 - Karjalan kielen elvytt\u00e4minen\" \/>\n<meta property=\"og:description\" content=\"T\u00e4m\u00e4 on It\u00e4-Suomen yliopiston johtaman karjalan kielen elvytyshankkeen blogi vuosina 2021-2022. Blogikirjoituksissa kerrotaan hankkeen toiminnasta, ja sivulle kerrytet\u00e4\u00e4n v\u00e4hitellen my\u00f6s muuta sis\u00e4lt\u00f6\u00e4, esimerkiksi karjalan kielen uudissanoja ja muuta aineistoa.\" \/>\n<meta property=\"og:url\" content=\"https:\/\/blogs.uef.fi\/karjalanelvytys\/2021\/02\/11\/karjalan-kielen-elvytyshankkeen-blogi-2021-2022\/\" \/>\n<meta property=\"og:site_name\" content=\"Karjalan kielen elvytt\u00e4minen\" \/>\n<meta property=\"article:published_time\" content=\"2021-02-11T12:23:58+00:00\" \/>\n<meta property=\"article:modified_time\" content=\"2023-08-21T10:22:39+00:00\" \/>\n<meta name=\"author\" content=\"Helka Riionheimo\" \/>\n<meta name=\"twitter:card\" content=\"summary_large_image\" \/>\n<meta name=\"twitter:creator\" content=\"@uef-admin\" \/>\n<meta name=\"twitter:label1\" content=\"Kirjoittanut\" \/>\n\t<meta name=\"twitter:data1\" content=\"Helka Riionheimo\" \/>\n\t<meta name=\"twitter:label2\" content=\"Arvioitu lukuaika\" \/>\n\t<meta name=\"twitter:data2\" content=\"1 minuutti\" \/>\n<script type=\"application\/ld+json\" class=\"yoast-schema-graph\">{\"@context\":\"https:\\\/\\\/schema.org\",\"@graph\":[{\"@type\":\"Article\",\"@id\":\"https:\\\/\\\/blogs.uef.fi\\\/karjalanelvytys\\\/2021\\\/02\\\/11\\\/karjalan-kielen-elvytyshankkeen-blogi-2021-2022\\\/#article\",\"isPartOf\":{\"@id\":\"https:\\\/\\\/blogs.uef.fi\\\/karjalanelvytys\\\/2021\\\/02\\\/11\\\/karjalan-kielen-elvytyshankkeen-blogi-2021-2022\\\/\"},\"author\":{\"name\":\"Helka Riionheimo\",\"@id\":\"https:\\\/\\\/blogs.uef.fi\\\/karjalanelvytys\\\/#\\\/schema\\\/person\\\/fd54c2fbe53fa457331b2b4f837526bb\"},\"headline\":\"Karjalan kielen elvytyshankkeen blogi 2021-2022\",\"datePublished\":\"2021-02-11T12:23:58+00:00\",\"dateModified\":\"2023-08-21T10:22:39+00:00\",\"mainEntityOfPage\":{\"@id\":\"https:\\\/\\\/blogs.uef.fi\\\/karjalanelvytys\\\/2021\\\/02\\\/11\\\/karjalan-kielen-elvytyshankkeen-blogi-2021-2022\\\/\"},\"wordCount\":40,\"commentCount\":0,\"keywords\":[\"elvytyshankkeen toiminta ja kuulumiset\"],\"articleSection\":[\"Uncategorized\"],\"inLanguage\":\"fi\",\"potentialAction\":[{\"@type\":\"CommentAction\",\"name\":\"Comment\",\"target\":[\"https:\\\/\\\/blogs.uef.fi\\\/karjalanelvytys\\\/2021\\\/02\\\/11\\\/karjalan-kielen-elvytyshankkeen-blogi-2021-2022\\\/#respond\"]}]},{\"@type\":\"WebPage\",\"@id\":\"https:\\\/\\\/blogs.uef.fi\\\/karjalanelvytys\\\/2021\\\/02\\\/11\\\/karjalan-kielen-elvytyshankkeen-blogi-2021-2022\\\/\",\"url\":\"https:\\\/\\\/blogs.uef.fi\\\/karjalanelvytys\\\/2021\\\/02\\\/11\\\/karjalan-kielen-elvytyshankkeen-blogi-2021-2022\\\/\",\"name\":\"Karjalan kielen elvytyshankkeen blogi 2021-2022 - Karjalan kielen elvytt\u00e4minen\",\"isPartOf\":{\"@id\":\"https:\\\/\\\/blogs.uef.fi\\\/karjalanelvytys\\\/#website\"},\"datePublished\":\"2021-02-11T12:23:58+00:00\",\"dateModified\":\"2023-08-21T10:22:39+00:00\",\"author\":{\"@id\":\"https:\\\/\\\/blogs.uef.fi\\\/karjalanelvytys\\\/#\\\/schema\\\/person\\\/fd54c2fbe53fa457331b2b4f837526bb\"},\"breadcrumb\":{\"@id\":\"https:\\\/\\\/blogs.uef.fi\\\/karjalanelvytys\\\/2021\\\/02\\\/11\\\/karjalan-kielen-elvytyshankkeen-blogi-2021-2022\\\/#breadcrumb\"},\"inLanguage\":\"fi\",\"potentialAction\":[{\"@type\":\"ReadAction\",\"target\":[\"https:\\\/\\\/blogs.uef.fi\\\/karjalanelvytys\\\/2021\\\/02\\\/11\\\/karjalan-kielen-elvytyshankkeen-blogi-2021-2022\\\/\"]}]},{\"@type\":\"BreadcrumbList\",\"@id\":\"https:\\\/\\\/blogs.uef.fi\\\/karjalanelvytys\\\/2021\\\/02\\\/11\\\/karjalan-kielen-elvytyshankkeen-blogi-2021-2022\\\/#breadcrumb\",\"itemListElement\":[{\"@type\":\"ListItem\",\"position\":1,\"name\":\"Home\",\"item\":\"https:\\\/\\\/blogs.uef.fi\\\/karjalanelvytys\\\/\"},{\"@type\":\"ListItem\",\"position\":2,\"name\":\"Karjalan kielen elvytyshankkeen blogi 2021-2022\"}]},{\"@type\":\"WebSite\",\"@id\":\"https:\\\/\\\/blogs.uef.fi\\\/karjalanelvytys\\\/#website\",\"url\":\"https:\\\/\\\/blogs.uef.fi\\\/karjalanelvytys\\\/\",\"name\":\"Karjalan kielen elvytt\u00e4minen\",\"description\":\"\",\"potentialAction\":[{\"@type\":\"SearchAction\",\"target\":{\"@type\":\"EntryPoint\",\"urlTemplate\":\"https:\\\/\\\/blogs.uef.fi\\\/karjalanelvytys\\\/?s={search_term_string}\"},\"query-input\":{\"@type\":\"PropertyValueSpecification\",\"valueRequired\":true,\"valueName\":\"search_term_string\"}}],\"inLanguage\":\"fi\"},{\"@type\":\"Person\",\"@id\":\"https:\\\/\\\/blogs.uef.fi\\\/karjalanelvytys\\\/#\\\/schema\\\/person\\\/fd54c2fbe53fa457331b2b4f837526bb\",\"name\":\"Helka Riionheimo\",\"image\":{\"@type\":\"ImageObject\",\"inLanguage\":\"fi\",\"@id\":\"https:\\\/\\\/secure.gravatar.com\\\/avatar\\\/25f9131414b801d7767a6460021edf556f46d6470e14f6cecc470e5b2e5aeae7?s=96&d=mm&r=g\",\"url\":\"https:\\\/\\\/secure.gravatar.com\\\/avatar\\\/25f9131414b801d7767a6460021edf556f46d6470e14f6cecc470e5b2e5aeae7?s=96&d=mm&r=g\",\"contentUrl\":\"https:\\\/\\\/secure.gravatar.com\\\/avatar\\\/25f9131414b801d7767a6460021edf556f46d6470e14f6cecc470e5b2e5aeae7?s=96&d=mm&r=g\",\"caption\":\"Helka Riionheimo\"},\"sameAs\":[\"https:\\\/\\\/x.com\\\/uef-admin\"],\"url\":\"https:\\\/\\\/blogs.uef.fi\\\/karjalanelvytys\\\/author\\\/riionhei\\\/\"}]}<\/script>\n<!-- \/ Yoast SEO plugin. -->","yoast_head_json":{"title":"Karjalan kielen elvytyshankkeen blogi 2021-2022 - Karjalan kielen elvytt\u00e4minen","robots":{"index":"index","follow":"follow","max-snippet":"max-snippet:-1","max-image-preview":"max-image-preview:large","max-video-preview":"max-video-preview:-1"},"canonical":"https:\/\/blogs.uef.fi\/karjalanelvytys\/2021\/02\/11\/karjalan-kielen-elvytyshankkeen-blogi-2021-2022\/","og_locale":"fi_FI","og_type":"article","og_title":"Karjalan kielen elvytyshankkeen blogi 2021-2022 - Karjalan kielen elvytt\u00e4minen","og_description":"T\u00e4m\u00e4 on It\u00e4-Suomen yliopiston johtaman karjalan kielen elvytyshankkeen blogi vuosina 2021-2022. Blogikirjoituksissa kerrotaan hankkeen toiminnasta, ja sivulle kerrytet\u00e4\u00e4n v\u00e4hitellen my\u00f6s muuta sis\u00e4lt\u00f6\u00e4, esimerkiksi karjalan kielen uudissanoja ja muuta aineistoa.","og_url":"https:\/\/blogs.uef.fi\/karjalanelvytys\/2021\/02\/11\/karjalan-kielen-elvytyshankkeen-blogi-2021-2022\/","og_site_name":"Karjalan kielen elvytt\u00e4minen","article_published_time":"2021-02-11T12:23:58+00:00","article_modified_time":"2023-08-21T10:22:39+00:00","author":"Helka Riionheimo","twitter_card":"summary_large_image","twitter_creator":"@uef-admin","twitter_misc":{"Kirjoittanut":"Helka Riionheimo","Arvioitu lukuaika":"1 minuutti"},"schema":{"@context":"https:\/\/schema.org","@graph":[{"@type":"Article","@id":"https:\/\/blogs.uef.fi\/karjalanelvytys\/2021\/02\/11\/karjalan-kielen-elvytyshankkeen-blogi-2021-2022\/#article","isPartOf":{"@id":"https:\/\/blogs.uef.fi\/karjalanelvytys\/2021\/02\/11\/karjalan-kielen-elvytyshankkeen-blogi-2021-2022\/"},"author":{"name":"Helka Riionheimo","@id":"https:\/\/blogs.uef.fi\/karjalanelvytys\/#\/schema\/person\/fd54c2fbe53fa457331b2b4f837526bb"},"headline":"Karjalan kielen elvytyshankkeen blogi 2021-2022","datePublished":"2021-02-11T12:23:58+00:00","dateModified":"2023-08-21T10:22:39+00:00","mainEntityOfPage":{"@id":"https:\/\/blogs.uef.fi\/karjalanelvytys\/2021\/02\/11\/karjalan-kielen-elvytyshankkeen-blogi-2021-2022\/"},"wordCount":40,"commentCount":0,"keywords":["elvytyshankkeen toiminta ja kuulumiset"],"articleSection":["Uncategorized"],"inLanguage":"fi","potentialAction":[{"@type":"CommentAction","name":"Comment","target":["https:\/\/blogs.uef.fi\/karjalanelvytys\/2021\/02\/11\/karjalan-kielen-elvytyshankkeen-blogi-2021-2022\/#respond"]}]},{"@type":"WebPage","@id":"https:\/\/blogs.uef.fi\/karjalanelvytys\/2021\/02\/11\/karjalan-kielen-elvytyshankkeen-blogi-2021-2022\/","url":"https:\/\/blogs.uef.fi\/karjalanelvytys\/2021\/02\/11\/karjalan-kielen-elvytyshankkeen-blogi-2021-2022\/","name":"Karjalan kielen elvytyshankkeen blogi 2021-2022 - Karjalan kielen elvytt\u00e4minen","isPartOf":{"@id":"https:\/\/blogs.uef.fi\/karjalanelvytys\/#website"},"datePublished":"2021-02-11T12:23:58+00:00","dateModified":"2023-08-21T10:22:39+00:00","author":{"@id":"https:\/\/blogs.uef.fi\/karjalanelvytys\/#\/schema\/person\/fd54c2fbe53fa457331b2b4f837526bb"},"breadcrumb":{"@id":"https:\/\/blogs.uef.fi\/karjalanelvytys\/2021\/02\/11\/karjalan-kielen-elvytyshankkeen-blogi-2021-2022\/#breadcrumb"},"inLanguage":"fi","potentialAction":[{"@type":"ReadAction","target":["https:\/\/blogs.uef.fi\/karjalanelvytys\/2021\/02\/11\/karjalan-kielen-elvytyshankkeen-blogi-2021-2022\/"]}]},{"@type":"BreadcrumbList","@id":"https:\/\/blogs.uef.fi\/karjalanelvytys\/2021\/02\/11\/karjalan-kielen-elvytyshankkeen-blogi-2021-2022\/#breadcrumb","itemListElement":[{"@type":"ListItem","position":1,"name":"Home","item":"https:\/\/blogs.uef.fi\/karjalanelvytys\/"},{"@type":"ListItem","position":2,"name":"Karjalan kielen elvytyshankkeen blogi 2021-2022"}]},{"@type":"WebSite","@id":"https:\/\/blogs.uef.fi\/karjalanelvytys\/#website","url":"https:\/\/blogs.uef.fi\/karjalanelvytys\/","name":"Karjalan kielen elvytt\u00e4minen","description":"","potentialAction":[{"@type":"SearchAction","target":{"@type":"EntryPoint","urlTemplate":"https:\/\/blogs.uef.fi\/karjalanelvytys\/?s={search_term_string}"},"query-input":{"@type":"PropertyValueSpecification","valueRequired":true,"valueName":"search_term_string"}}],"inLanguage":"fi"},{"@type":"Person","@id":"https:\/\/blogs.uef.fi\/karjalanelvytys\/#\/schema\/person\/fd54c2fbe53fa457331b2b4f837526bb","name":"Helka Riionheimo","image":{"@type":"ImageObject","inLanguage":"fi","@id":"https:\/\/secure.gravatar.com\/avatar\/25f9131414b801d7767a6460021edf556f46d6470e14f6cecc470e5b2e5aeae7?s=96&d=mm&r=g","url":"https:\/\/secure.gravatar.com\/avatar\/25f9131414b801d7767a6460021edf556f46d6470e14f6cecc470e5b2e5aeae7?s=96&d=mm&r=g","contentUrl":"https:\/\/secure.gravatar.com\/avatar\/25f9131414b801d7767a6460021edf556f46d6470e14f6cecc470e5b2e5aeae7?s=96&d=mm&r=g","caption":"Helka Riionheimo"},"sameAs":["https:\/\/x.com\/uef-admin"],"url":"https:\/\/blogs.uef.fi\/karjalanelvytys\/author\/riionhei\/"}]}},"_links":{"self":[{"href":"https:\/\/blogs.uef.fi\/karjalanelvytys\/wp-json\/wp\/v2\/posts\/41","targetHints":{"allow":["GET"]}}],"collection":[{"href":"https:\/\/blogs.uef.fi\/karjalanelvytys\/wp-json\/wp\/v2\/posts"}],"about":[{"href":"https:\/\/blogs.uef.fi\/karjalanelvytys\/wp-json\/wp\/v2\/types\/post"}],"author":[{"embeddable":true,"href":"https:\/\/blogs.uef.fi\/karjalanelvytys\/wp-json\/wp\/v2\/users\/419"}],"replies":[{"embeddable":true,"href":"https:\/\/blogs.uef.fi\/karjalanelvytys\/wp-json\/wp\/v2\/comments?post=41"}],"version-history":[{"count":1,"href":"https:\/\/blogs.uef.fi\/karjalanelvytys\/wp-json\/wp\/v2\/posts\/41\/revisions"}],"predecessor-version":[{"id":44,"href":"https:\/\/blogs.uef.fi\/karjalanelvytys\/wp-json\/wp\/v2\/posts\/41\/revisions\/44"}],"wp:attachment":[{"href":"https:\/\/blogs.uef.fi\/karjalanelvytys\/wp-json\/wp\/v2\/media?parent=41"}],"wp:term":[{"taxonomy":"category","embeddable":true,"href":"https:\/\/blogs.uef.fi\/karjalanelvytys\/wp-json\/wp\/v2\/categories?post=41"},{"taxonomy":"post_tag","embeddable":true,"href":"https:\/\/blogs.uef.fi\/karjalanelvytys\/wp-json\/wp\/v2\/tags?post=41"}],"curies":[{"name":"wp","href":"https:\/\/api.w.org\/{rel}","templated":true}]}}