{"id":3201,"date":"2021-12-16T13:33:34","date_gmt":"2021-12-16T11:33:34","guid":{"rendered":"https:\/\/blogs.uef.fi\/karjalanelvytys\/?p=3201"},"modified":"2024-09-10T11:07:09","modified_gmt":"2024-09-10T08:07:09","slug":"talvikuun-rahvahankerahmo-kogemuksie-kielien-elvytannasta","status":"publish","type":"post","link":"https:\/\/blogs.uef.fi\/karjalanelvytys\/2021\/12\/16\/talvikuun-rahvahankerahmo-kogemuksie-kielien-elvytannasta\/","title":{"rendered":"Talvikuun rahvahankerahmo: kogemuksie kielien elvyt\u00e4nn\u00e4st\u00e4"},"content":{"rendered":"<p>Nell\u00e4n\u00e4pi\u00e4n\u00e4 9. talvikuuda piettih Zoomassa karjalan kielen elvytysprojektan rahvahankerahmo, kumbane oli jatkuo kevi\u00e4ll\u00e4 pietyll\u00e4 kerahmolla. Zooman tiedoloin mugah t\u00e4ll\u00e4 kerdua keralla oli kogo aijan nenga 55 hengie. Talvikuun kerahmon yhten\u00e4 suurena tiemana oli saamelazien kielenelvytysruado. Sih liittyjist\u00e4 kogemuksista sanelemah oli ku\u010duttu kaksi paginanpid\u00e4ji\u00e4, Annika Pasanen da Tauno Ljetoff.<\/p>\n<p>Annika Pasazen pagina koski saamen kielien da karjalan kielen liz\u00e4ksi varavonalazien kielien elvyt\u00e4ndi\u00e4 ylehizell\u00e4 tazolla. Yksi Pasazen ajatuksista oli nengone: konza elvytet\u00e4h kield\u00e4, yhell\u00e4 aigua on t\u00e4rgie elvytti\u00e4 mield\u00e4gi. Yhell\u00e4h hi\u00e4n muissutti karjalan kielen elvyt\u00e4nn\u00e4st\u00e4 kiinnostunuzie siid\u00e4, jotta kieleh liittyj\u00e4t pozitiivizet ajatukset ei viel\u00e4 yksin\u00e4h elvytet\u00e4 kield\u00e4, a sid\u00e4 varoin tarvitah kovembie keinoloi da elvytystavottehien ka\u010d\u010delendua yhess\u00e4 kieliyhtehiz\u00f6n kessen. Pasanen jatko iell\u00e4h, jotta kielenelvytyksen pohjana pid\u00e4y olla globualista tutkimustieduo da ezimerkkil\u00f6i.<\/p>\n<p>Kerahmon toine pagizija oli Tauno Ljetoff, kumbane saneli koltansaamen elvyt\u00e4nn\u00e4st\u00e4 da siid\u00e4, mid\u00e4 hi\u00e4n i\u010de on ruadan koltansaamen kielen hyv\u00e4ksi da mid\u00e4 jogahine voi i\u010de ruadua varavonalazen kielen elvytt\u00e4mizeksi. Ljetoff sano, jotta kield\u00e4 pid\u00e4y moneh tabah oppie pidi\u00e4 k\u00e4ytt\u00f6kielen\u00e4 ezimerkiksi ki\u00e4nn\u00f6ksien avulla. Ljetoffan mugah varavonalazen kielen azieda eist\u00e4y liz\u00e4ksi se, kun kield\u00e4 tuuvah n\u00e4gyvih eri tilandehissa.<\/p>\n<p>Kerahmon lopussa lyhy\u00f6t paginanvuorot suadih viel\u00e4 Risto Salmela da Niko Tynnyrinen. Risto Salmela saneli omien sanoin mugah \u201ctavallizen mu\u017eikan\u201d n\u00e4g\u00f6kulmasta siid\u00e4, kuin hi\u00e4n oppiu paissa omalla lapsella karjalaksi da mimmozie probliemoi sih liittyy. Salmela sano, jotta lapsie varoin v\u00e4ltt\u00e4m\u00e4tt\u00e4 pid\u00e4is suaha lizi\u00e4 karjalankielizie materijualoi, ezimerkiksi lapsilla tarkotettuloi nygyaigazie filmoi.<\/p>\n<p>Karjalazie nuorie kerahmossa evusti Niko Tynnyrinen. Nuorilda hi\u00e4n toi kerahmoh nengozen viestin: karjalaksi ei ole olemassa nuorilla tarkotettuo materijualua, da konza pluanoissa on luadie karjalankielizie ainehistoloi, pid\u00e4is duumaija, kuinba ne autettais nuorie.<\/p>\n<p>Passibo kaikilla ozanottajilla! Hyvi\u00e4 Ra\u0161tavua da ozakasta Uutta vuotta!<\/p>\n","protected":false},"excerpt":{"rendered":"<p>Nell\u00e4n\u00e4pi\u00e4n\u00e4 9. talvikuuda piettih Zoomassa karjalan kielen elvytysprojektan rahvahankerahmo, kumbane oli jatkuo kevi\u00e4ll\u00e4 pietyll\u00e4 kerahmolla. Zooman tiedoloin mugah t\u00e4ll\u00e4 kerdua keralla oli kogo aijan nenga 55 hengie. Talvikuun kerahmon yhten\u00e4 suurena tiemana oli saamelazien kielenelvytysruado. Sih liittyjist\u00e4 kogemuksista sanelemah oli ku\u010duttu kaksi paginanpid\u00e4ji\u00e4, Annika Pasanen da Tauno Ljetoff. Annika Pasazen pagina koski saamen kielien da [&hellip;]<\/p>\n","protected":false},"author":477,"featured_media":0,"comment_status":"open","ping_status":"open","sticky":false,"template":"","format":"standard","meta":{"_acf_changed":false,"footnotes":""},"categories":[1],"tags":[46,26],"class_list":["post-3201","post","type-post","status-publish","format-standard","hentry","category-uncategorized","tag-elvytyshankkeen-toiminta-ja-kuulumiset","tag-tapahtumat"],"acf":[],"yoast_head":"<!-- This site is optimized with the Yoast SEO plugin v27.3 - https:\/\/yoast.com\/product\/yoast-seo-wordpress\/ -->\n<title>Talvikuun rahvahankerahmo: kogemuksie kielien elvyt\u00e4nn\u00e4st\u00e4 - Karjalan kielen elvytt\u00e4minen<\/title>\n<meta name=\"robots\" content=\"index, follow, max-snippet:-1, max-image-preview:large, max-video-preview:-1\" \/>\n<link rel=\"canonical\" href=\"https:\/\/blogs.uef.fi\/karjalanelvytys\/2021\/12\/16\/talvikuun-rahvahankerahmo-kogemuksie-kielien-elvytannasta\/\" \/>\n<meta property=\"og:locale\" content=\"fi_FI\" \/>\n<meta property=\"og:type\" content=\"article\" \/>\n<meta property=\"og:title\" content=\"Talvikuun rahvahankerahmo: kogemuksie kielien elvyt\u00e4nn\u00e4st\u00e4 - Karjalan kielen elvytt\u00e4minen\" \/>\n<meta property=\"og:description\" content=\"Nell\u00e4n\u00e4pi\u00e4n\u00e4 9. talvikuuda piettih Zoomassa karjalan kielen elvytysprojektan rahvahankerahmo, kumbane oli jatkuo kevi\u00e4ll\u00e4 pietyll\u00e4 kerahmolla. Zooman tiedoloin mugah t\u00e4ll\u00e4 kerdua keralla oli kogo aijan nenga 55 hengie. Talvikuun kerahmon yhten\u00e4 suurena tiemana oli saamelazien kielenelvytysruado. Sih liittyjist\u00e4 kogemuksista sanelemah oli ku\u010duttu kaksi paginanpid\u00e4ji\u00e4, Annika Pasanen da Tauno Ljetoff. Annika Pasazen pagina koski saamen kielien da [&hellip;]\" \/>\n<meta property=\"og:url\" content=\"https:\/\/blogs.uef.fi\/karjalanelvytys\/2021\/12\/16\/talvikuun-rahvahankerahmo-kogemuksie-kielien-elvytannasta\/\" \/>\n<meta property=\"og:site_name\" content=\"Karjalan kielen elvytt\u00e4minen\" \/>\n<meta property=\"article:published_time\" content=\"2021-12-16T11:33:34+00:00\" \/>\n<meta property=\"article:modified_time\" content=\"2024-09-10T08:07:09+00:00\" \/>\n<meta name=\"author\" content=\"Katerina Paalamo\" \/>\n<meta name=\"twitter:card\" content=\"summary_large_image\" \/>\n<meta name=\"twitter:label1\" content=\"Kirjoittanut\" \/>\n\t<meta name=\"twitter:data1\" content=\"Katerina Paalamo\" \/>\n\t<meta name=\"twitter:label2\" content=\"Arvioitu lukuaika\" \/>\n\t<meta name=\"twitter:data2\" content=\"2 minuuttia\" \/>\n<script type=\"application\/ld+json\" class=\"yoast-schema-graph\">{\"@context\":\"https:\\\/\\\/schema.org\",\"@graph\":[{\"@type\":\"Article\",\"@id\":\"https:\\\/\\\/blogs.uef.fi\\\/karjalanelvytys\\\/2021\\\/12\\\/16\\\/talvikuun-rahvahankerahmo-kogemuksie-kielien-elvytannasta\\\/#article\",\"isPartOf\":{\"@id\":\"https:\\\/\\\/blogs.uef.fi\\\/karjalanelvytys\\\/2021\\\/12\\\/16\\\/talvikuun-rahvahankerahmo-kogemuksie-kielien-elvytannasta\\\/\"},\"author\":{\"name\":\"Katerina Paalamo\",\"@id\":\"https:\\\/\\\/blogs.uef.fi\\\/karjalanelvytys\\\/#\\\/schema\\\/person\\\/2621a011f5bbc87a64d68341a4516b3a\"},\"headline\":\"Talvikuun rahvahankerahmo: kogemuksie kielien elvyt\u00e4nn\u00e4st\u00e4\",\"datePublished\":\"2021-12-16T11:33:34+00:00\",\"dateModified\":\"2024-09-10T08:07:09+00:00\",\"mainEntityOfPage\":{\"@id\":\"https:\\\/\\\/blogs.uef.fi\\\/karjalanelvytys\\\/2021\\\/12\\\/16\\\/talvikuun-rahvahankerahmo-kogemuksie-kielien-elvytannasta\\\/\"},\"wordCount\":320,\"commentCount\":0,\"keywords\":[\"elvytyshankkeen toiminta ja kuulumiset\",\"tapahtumat\"],\"articleSection\":[\"Uncategorized\"],\"inLanguage\":\"fi\",\"potentialAction\":[{\"@type\":\"CommentAction\",\"name\":\"Comment\",\"target\":[\"https:\\\/\\\/blogs.uef.fi\\\/karjalanelvytys\\\/2021\\\/12\\\/16\\\/talvikuun-rahvahankerahmo-kogemuksie-kielien-elvytannasta\\\/#respond\"]}]},{\"@type\":\"WebPage\",\"@id\":\"https:\\\/\\\/blogs.uef.fi\\\/karjalanelvytys\\\/2021\\\/12\\\/16\\\/talvikuun-rahvahankerahmo-kogemuksie-kielien-elvytannasta\\\/\",\"url\":\"https:\\\/\\\/blogs.uef.fi\\\/karjalanelvytys\\\/2021\\\/12\\\/16\\\/talvikuun-rahvahankerahmo-kogemuksie-kielien-elvytannasta\\\/\",\"name\":\"Talvikuun rahvahankerahmo: kogemuksie kielien elvyt\u00e4nn\u00e4st\u00e4 - Karjalan kielen elvytt\u00e4minen\",\"isPartOf\":{\"@id\":\"https:\\\/\\\/blogs.uef.fi\\\/karjalanelvytys\\\/#website\"},\"datePublished\":\"2021-12-16T11:33:34+00:00\",\"dateModified\":\"2024-09-10T08:07:09+00:00\",\"author\":{\"@id\":\"https:\\\/\\\/blogs.uef.fi\\\/karjalanelvytys\\\/#\\\/schema\\\/person\\\/2621a011f5bbc87a64d68341a4516b3a\"},\"breadcrumb\":{\"@id\":\"https:\\\/\\\/blogs.uef.fi\\\/karjalanelvytys\\\/2021\\\/12\\\/16\\\/talvikuun-rahvahankerahmo-kogemuksie-kielien-elvytannasta\\\/#breadcrumb\"},\"inLanguage\":\"fi\",\"potentialAction\":[{\"@type\":\"ReadAction\",\"target\":[\"https:\\\/\\\/blogs.uef.fi\\\/karjalanelvytys\\\/2021\\\/12\\\/16\\\/talvikuun-rahvahankerahmo-kogemuksie-kielien-elvytannasta\\\/\"]}]},{\"@type\":\"BreadcrumbList\",\"@id\":\"https:\\\/\\\/blogs.uef.fi\\\/karjalanelvytys\\\/2021\\\/12\\\/16\\\/talvikuun-rahvahankerahmo-kogemuksie-kielien-elvytannasta\\\/#breadcrumb\",\"itemListElement\":[{\"@type\":\"ListItem\",\"position\":1,\"name\":\"Home\",\"item\":\"https:\\\/\\\/blogs.uef.fi\\\/karjalanelvytys\\\/\"},{\"@type\":\"ListItem\",\"position\":2,\"name\":\"Talvikuun rahvahankerahmo: kogemuksie kielien elvyt\u00e4nn\u00e4st\u00e4\"}]},{\"@type\":\"WebSite\",\"@id\":\"https:\\\/\\\/blogs.uef.fi\\\/karjalanelvytys\\\/#website\",\"url\":\"https:\\\/\\\/blogs.uef.fi\\\/karjalanelvytys\\\/\",\"name\":\"Karjalan kielen elvytt\u00e4minen\",\"description\":\"\",\"potentialAction\":[{\"@type\":\"SearchAction\",\"target\":{\"@type\":\"EntryPoint\",\"urlTemplate\":\"https:\\\/\\\/blogs.uef.fi\\\/karjalanelvytys\\\/?s={search_term_string}\"},\"query-input\":{\"@type\":\"PropertyValueSpecification\",\"valueRequired\":true,\"valueName\":\"search_term_string\"}}],\"inLanguage\":\"fi\"},{\"@type\":\"Person\",\"@id\":\"https:\\\/\\\/blogs.uef.fi\\\/karjalanelvytys\\\/#\\\/schema\\\/person\\\/2621a011f5bbc87a64d68341a4516b3a\",\"name\":\"Katerina Paalamo\",\"image\":{\"@type\":\"ImageObject\",\"inLanguage\":\"fi\",\"@id\":\"https:\\\/\\\/secure.gravatar.com\\\/avatar\\\/0e021bfd84f425d103b024710a771d69c2810f076c3fa7e9604049b6d522d297?s=96&d=mm&r=g\",\"url\":\"https:\\\/\\\/secure.gravatar.com\\\/avatar\\\/0e021bfd84f425d103b024710a771d69c2810f076c3fa7e9604049b6d522d297?s=96&d=mm&r=g\",\"contentUrl\":\"https:\\\/\\\/secure.gravatar.com\\\/avatar\\\/0e021bfd84f425d103b024710a771d69c2810f076c3fa7e9604049b6d522d297?s=96&d=mm&r=g\",\"caption\":\"Katerina Paalamo\"},\"url\":\"https:\\\/\\\/blogs.uef.fi\\\/karjalanelvytys\\\/author\\\/katerinap\\\/\"}]}<\/script>\n<!-- \/ Yoast SEO plugin. -->","yoast_head_json":{"title":"Talvikuun rahvahankerahmo: kogemuksie kielien elvyt\u00e4nn\u00e4st\u00e4 - Karjalan kielen elvytt\u00e4minen","robots":{"index":"index","follow":"follow","max-snippet":"max-snippet:-1","max-image-preview":"max-image-preview:large","max-video-preview":"max-video-preview:-1"},"canonical":"https:\/\/blogs.uef.fi\/karjalanelvytys\/2021\/12\/16\/talvikuun-rahvahankerahmo-kogemuksie-kielien-elvytannasta\/","og_locale":"fi_FI","og_type":"article","og_title":"Talvikuun rahvahankerahmo: kogemuksie kielien elvyt\u00e4nn\u00e4st\u00e4 - Karjalan kielen elvytt\u00e4minen","og_description":"Nell\u00e4n\u00e4pi\u00e4n\u00e4 9. talvikuuda piettih Zoomassa karjalan kielen elvytysprojektan rahvahankerahmo, kumbane oli jatkuo kevi\u00e4ll\u00e4 pietyll\u00e4 kerahmolla. Zooman tiedoloin mugah t\u00e4ll\u00e4 kerdua keralla oli kogo aijan nenga 55 hengie. Talvikuun kerahmon yhten\u00e4 suurena tiemana oli saamelazien kielenelvytysruado. Sih liittyjist\u00e4 kogemuksista sanelemah oli ku\u010duttu kaksi paginanpid\u00e4ji\u00e4, Annika Pasanen da Tauno Ljetoff. Annika Pasazen pagina koski saamen kielien da [&hellip;]","og_url":"https:\/\/blogs.uef.fi\/karjalanelvytys\/2021\/12\/16\/talvikuun-rahvahankerahmo-kogemuksie-kielien-elvytannasta\/","og_site_name":"Karjalan kielen elvytt\u00e4minen","article_published_time":"2021-12-16T11:33:34+00:00","article_modified_time":"2024-09-10T08:07:09+00:00","author":"Katerina Paalamo","twitter_card":"summary_large_image","twitter_misc":{"Kirjoittanut":"Katerina Paalamo","Arvioitu lukuaika":"2 minuuttia"},"schema":{"@context":"https:\/\/schema.org","@graph":[{"@type":"Article","@id":"https:\/\/blogs.uef.fi\/karjalanelvytys\/2021\/12\/16\/talvikuun-rahvahankerahmo-kogemuksie-kielien-elvytannasta\/#article","isPartOf":{"@id":"https:\/\/blogs.uef.fi\/karjalanelvytys\/2021\/12\/16\/talvikuun-rahvahankerahmo-kogemuksie-kielien-elvytannasta\/"},"author":{"name":"Katerina Paalamo","@id":"https:\/\/blogs.uef.fi\/karjalanelvytys\/#\/schema\/person\/2621a011f5bbc87a64d68341a4516b3a"},"headline":"Talvikuun rahvahankerahmo: kogemuksie kielien elvyt\u00e4nn\u00e4st\u00e4","datePublished":"2021-12-16T11:33:34+00:00","dateModified":"2024-09-10T08:07:09+00:00","mainEntityOfPage":{"@id":"https:\/\/blogs.uef.fi\/karjalanelvytys\/2021\/12\/16\/talvikuun-rahvahankerahmo-kogemuksie-kielien-elvytannasta\/"},"wordCount":320,"commentCount":0,"keywords":["elvytyshankkeen toiminta ja kuulumiset","tapahtumat"],"articleSection":["Uncategorized"],"inLanguage":"fi","potentialAction":[{"@type":"CommentAction","name":"Comment","target":["https:\/\/blogs.uef.fi\/karjalanelvytys\/2021\/12\/16\/talvikuun-rahvahankerahmo-kogemuksie-kielien-elvytannasta\/#respond"]}]},{"@type":"WebPage","@id":"https:\/\/blogs.uef.fi\/karjalanelvytys\/2021\/12\/16\/talvikuun-rahvahankerahmo-kogemuksie-kielien-elvytannasta\/","url":"https:\/\/blogs.uef.fi\/karjalanelvytys\/2021\/12\/16\/talvikuun-rahvahankerahmo-kogemuksie-kielien-elvytannasta\/","name":"Talvikuun rahvahankerahmo: kogemuksie kielien elvyt\u00e4nn\u00e4st\u00e4 - Karjalan kielen elvytt\u00e4minen","isPartOf":{"@id":"https:\/\/blogs.uef.fi\/karjalanelvytys\/#website"},"datePublished":"2021-12-16T11:33:34+00:00","dateModified":"2024-09-10T08:07:09+00:00","author":{"@id":"https:\/\/blogs.uef.fi\/karjalanelvytys\/#\/schema\/person\/2621a011f5bbc87a64d68341a4516b3a"},"breadcrumb":{"@id":"https:\/\/blogs.uef.fi\/karjalanelvytys\/2021\/12\/16\/talvikuun-rahvahankerahmo-kogemuksie-kielien-elvytannasta\/#breadcrumb"},"inLanguage":"fi","potentialAction":[{"@type":"ReadAction","target":["https:\/\/blogs.uef.fi\/karjalanelvytys\/2021\/12\/16\/talvikuun-rahvahankerahmo-kogemuksie-kielien-elvytannasta\/"]}]},{"@type":"BreadcrumbList","@id":"https:\/\/blogs.uef.fi\/karjalanelvytys\/2021\/12\/16\/talvikuun-rahvahankerahmo-kogemuksie-kielien-elvytannasta\/#breadcrumb","itemListElement":[{"@type":"ListItem","position":1,"name":"Home","item":"https:\/\/blogs.uef.fi\/karjalanelvytys\/"},{"@type":"ListItem","position":2,"name":"Talvikuun rahvahankerahmo: kogemuksie kielien elvyt\u00e4nn\u00e4st\u00e4"}]},{"@type":"WebSite","@id":"https:\/\/blogs.uef.fi\/karjalanelvytys\/#website","url":"https:\/\/blogs.uef.fi\/karjalanelvytys\/","name":"Karjalan kielen elvytt\u00e4minen","description":"","potentialAction":[{"@type":"SearchAction","target":{"@type":"EntryPoint","urlTemplate":"https:\/\/blogs.uef.fi\/karjalanelvytys\/?s={search_term_string}"},"query-input":{"@type":"PropertyValueSpecification","valueRequired":true,"valueName":"search_term_string"}}],"inLanguage":"fi"},{"@type":"Person","@id":"https:\/\/blogs.uef.fi\/karjalanelvytys\/#\/schema\/person\/2621a011f5bbc87a64d68341a4516b3a","name":"Katerina Paalamo","image":{"@type":"ImageObject","inLanguage":"fi","@id":"https:\/\/secure.gravatar.com\/avatar\/0e021bfd84f425d103b024710a771d69c2810f076c3fa7e9604049b6d522d297?s=96&d=mm&r=g","url":"https:\/\/secure.gravatar.com\/avatar\/0e021bfd84f425d103b024710a771d69c2810f076c3fa7e9604049b6d522d297?s=96&d=mm&r=g","contentUrl":"https:\/\/secure.gravatar.com\/avatar\/0e021bfd84f425d103b024710a771d69c2810f076c3fa7e9604049b6d522d297?s=96&d=mm&r=g","caption":"Katerina Paalamo"},"url":"https:\/\/blogs.uef.fi\/karjalanelvytys\/author\/katerinap\/"}]}},"_links":{"self":[{"href":"https:\/\/blogs.uef.fi\/karjalanelvytys\/wp-json\/wp\/v2\/posts\/3201","targetHints":{"allow":["GET"]}}],"collection":[{"href":"https:\/\/blogs.uef.fi\/karjalanelvytys\/wp-json\/wp\/v2\/posts"}],"about":[{"href":"https:\/\/blogs.uef.fi\/karjalanelvytys\/wp-json\/wp\/v2\/types\/post"}],"author":[{"embeddable":true,"href":"https:\/\/blogs.uef.fi\/karjalanelvytys\/wp-json\/wp\/v2\/users\/477"}],"replies":[{"embeddable":true,"href":"https:\/\/blogs.uef.fi\/karjalanelvytys\/wp-json\/wp\/v2\/comments?post=3201"}],"version-history":[{"count":2,"href":"https:\/\/blogs.uef.fi\/karjalanelvytys\/wp-json\/wp\/v2\/posts\/3201\/revisions"}],"predecessor-version":[{"id":19130,"href":"https:\/\/blogs.uef.fi\/karjalanelvytys\/wp-json\/wp\/v2\/posts\/3201\/revisions\/19130"}],"wp:attachment":[{"href":"https:\/\/blogs.uef.fi\/karjalanelvytys\/wp-json\/wp\/v2\/media?parent=3201"}],"wp:term":[{"taxonomy":"category","embeddable":true,"href":"https:\/\/blogs.uef.fi\/karjalanelvytys\/wp-json\/wp\/v2\/categories?post=3201"},{"taxonomy":"post_tag","embeddable":true,"href":"https:\/\/blogs.uef.fi\/karjalanelvytys\/wp-json\/wp\/v2\/tags?post=3201"}],"curies":[{"name":"wp","href":"https:\/\/api.w.org\/{rel}","templated":true}]}}