{"id":23861,"date":"2026-09-01T13:24:20","date_gmt":"2026-09-01T10:24:20","guid":{"rendered":"https:\/\/blogs.uef.fi\/karjalanelvytys\/?p=23861"},"modified":"2026-09-01T13:30:23","modified_gmt":"2026-09-01T10:30:23","slug":"uutiskirje-syyskuu-2026","status":"publish","type":"post","link":"https:\/\/blogs.uef.fi\/karjalanelvytys\/2026\/09\/01\/uutiskirje-syyskuu-2026\/","title":{"rendered":"Uutiskirje, syyskuu 2026"},"content":{"rendered":"\n<p>Uusi lukuvuosi on k\u00e4ynnistym\u00e4ss\u00e4 ja karjalan kurssit ja karjalankieliset keskustelukerhot palaavat kes\u00e4tauolta. Syksy tuo mukanaan my\u00f6s muita mahdollisuuksia kuulla ja k\u00e4ytt\u00e4\u00e4 karjalaa. Esimerkiksi kansalaisopistot tarjoavat t\u00e4n\u00e4 vuonna enn\u00e4tyksellisen paljon karjalan kielen ja karjalaisen kulttuurin kursseja, joiden tiedot on ker\u00e4tty karjalan elvytt\u00e4misen blogiin. Nyt on hyv\u00e4 my\u00f6s v\u00e4hitellen k\u00e4\u00e4nt\u00e4\u00e4 katse kohti marraskuussa j\u00e4rjestett\u00e4v\u00e4\u00e4 karjalan kielen viikkoa \u2013 siit\u00e4kin kerromme hieman lis\u00e4\u00e4 uutiskirjeen lopussa.<\/p>\n\n\n\n<h2 class=\"wp-block-heading\">Karjalan kielen kurssit It\u00e4-Suomen yliopistossa<\/h2>\n\n\n\n<p>Karjalan elvytt\u00e4misen blogissa on julkaistu kirjoitus, jossa esitell\u00e4\u00e4n It\u00e4-Suomen yliopiston karjalan kielen ja kulttuurin kurssit lukuvuonna 2026\u20132027 sek\u00e4 kerrotaan toisten yliopistojen kanssa solmituista RIPA-sopimuksista. Sopimukset antavat sopimusyliopistojen opiskelijoille mahdollisuuden suorittaa veloituksetta It\u00e4-Suomen yliopiston karjalan kielen ja kulttuurin kursseja. My\u00f6s It\u00e4-Suomen yliopiston karjalan kielen ja kulttuurin opiskelijat voivat suorittaa valikoituja sopimusyliopistojen kursseja. N\u00e4ist\u00e4kin mahdollisuuksista kerrotaan lis\u00e4\u00e4 kirjoituksessa.<\/p>\n\n\n\n<p>Kielikurssien osalta yliopistolla on vienankarjalan vuosi, mink\u00e4 lis\u00e4ksi syksyll\u00e4 j\u00e4rjestet\u00e4\u00e4n etel\u00e4karjalan keskustelukurssi. Vuosittaisten kurssien kuten karjalan johdatuskurssin ja asiatekstien k\u00e4\u00e4nt\u00e4misen kurssin lis\u00e4ksi j\u00e4rjestet\u00e4\u00e4n t\u00e4n\u00e4 lukuvuonna ensimm\u00e4ist\u00e4 kertaa itkuvirsiperinteen ja karjalan kielen kieliopin kurssit. <\/p>\n\n\n\n<p>Lis\u00e4\u00e4 It\u00e4-Suomen yliopiston karjalan opinnoista voit lukea yll\u00e4 mainitusta kirjoituksesta.<\/p>\n\n\n\n<p><a href=\"https:\/\/blogs.uef.fi\/karjalanelvytys\/2026\/08\/25\/opastusainehen-tervehtys-uvven-opastusvuvven-2026-2027-kynnyksel\/\" data-type=\"link\" data-id=\"https:\/\/blogs.uef.fi\/karjalanelvytys\/2026\/08\/25\/opastusainehen-tervehtys-uvven-opastusvuvven-2026-2027-kynnyksel\/\">Linkki kirjoitukseen karjalan elvytt\u00e4misen blogissa.<\/a><\/p>\n\n\n\n<h2 class=\"wp-block-heading\">Karjalan kielen kurssit kansalaisopistoissa<\/h2>\n\n\n\n<p>Blogissa on julkaistu my\u00f6s kirjoitus, johon on ker\u00e4tty kansalais- ja ty\u00f6v\u00e4enopistoissa sek\u00e4 verkossa j\u00e4rjestett\u00e4vi\u00e4 karjalan kielen ja karjalaisen kulttuurin kursseja. Kursseja on t\u00e4n\u00e4 vuonna erityisen paljon, ja opiskelumahdollisuuksia l\u00f6ytyy kaikista karjalan p\u00e4\u00e4murteista kiinnostuneille. Perinteisten kielikurssien lis\u00e4ksi kirjoituksesta l\u00f6ytyy esimerkiksi karjalaista kulttuuria k\u00e4sittelevi\u00e4 keskustelukursseja ja Kuopiossa j\u00e4rjestett\u00e4v\u00e4 karjalankielinen muskari. Kuhmossa ja Sotkamossa j\u00e4rjestett\u00e4viin kursseihin on saatu Opetushallituksen opintoseteliavustusta, joten ne ovat opiskelijoille ilmaisia.<\/p>\n\n\n\n<p>Kurssien luetteloa voidaan p\u00e4ivitt\u00e4\u00e4. Jos sinulla on tiedossasi kurssi, jota ei ole mainittu luettelossa ja jolle voi viel\u00e4 ilmoittautua, l\u00e4het\u00e4 sen tiedot meille s\u00e4hk\u00f6postitse (<a href=\"mailto:karjalanelvytys@uef.fi\">karjalanelvytys@uef.fi<\/a>).<\/p>\n\n\n\n<p><a href=\"https:\/\/blogs.uef.fi\/karjalanelvytys\/2026\/08\/17\/karjalan-kielen-da-karjalazen-kultuuran-kursat-suomen-eri-curil-4\/\" data-type=\"link\" data-id=\"https:\/\/blogs.uef.fi\/karjalanelvytys\/2026\/08\/17\/karjalan-kielen-da-karjalazen-kultuuran-kursat-suomen-eri-curil-4\/\">Linkki kirjoitukseen karjalan elvytt\u00e4misen blogissa.<\/a><\/p>\n\n\n\n<h2 class=\"wp-block-heading\">Shared Futures -hankkeen aloitustapaaminen Joensuussa 23. syyskuuta \u2013 mukana my\u00f6s karjalan kieli<\/h2>\n\n\n\n<p>It\u00e4-Suomen yliopiston soveltavan kasvatustieteen ja opettajankoulutuksen osastolla on k\u00e4ynnistynyt uusi Shared Futures -hanke, joka tuo yhteen kansainv\u00e4listen opettajankoulutusohjelmien kandi- ja maisteriopiskelijat sek\u00e4 lukuisat paikalliset yhteis\u00f6t. Projektin tarkoituksena on tunnistaa yhteis\u00f6j\u00e4 koskevia ongelmia ja kehitt\u00e4mistarpeita, joihin opiskelijat voivat opinn\u00e4ytet\u00f6iss\u00e4\u00e4n etsi\u00e4 ratkaisuja.<\/p>\n\n\n\n<p>Hanke k\u00e4ynnistyy aloitustapaamisella, joka j\u00e4rjestet\u00e4\u00e4n It\u00e4-Suomen yliopiston Joensuun kampuksen Futura-rakennuksessa (F112) 23.9. kello 13\u201317. Tapaamista voi seurata my\u00f6s et\u00e4yhteydell\u00e4. Tapaamiseen kuuluu muun muassa paneelikeskustelu, jossa karjalankielist\u00e4 yhteis\u00f6\u00e4 edustaa <strong>Niko Tynnyrinen<\/strong>. Lis\u00e4ksi tapahtumassa voidaan keskustella avoimesti. Tapaamiseen ovat yliopistoyhteis\u00f6n lis\u00e4ksi tervetulleita kaikki edustettuihin paikallisyhteis\u00f6ihin kuuluvat tai niist\u00e4 ja kansainv\u00e4lisest\u00e4 yhteisty\u00f6st\u00e4 kiinnostuneet. Tapaamisen kieli on englanti.<\/p>\n\n\n\n<p>Lis\u00e4tietoja hankkeesta ja aloitustapaamisesta antaa <strong>Lais Oliveira Leite<\/strong> (lais.oliveira.leite@uef.fi). Aloitustapaamiseen ilmoittaudutaan etuk\u00e4teen ilmoittautumislomakkeella.<\/p>\n\n\n\n<p><a href=\"https:\/\/forms.cloud.microsoft\/pages\/responsepage.aspx?id=Lp-HhwRz8ku68mPn-D88NNxPFOU73a5MmhWhMkrRlGZUNDlaNjVSNDZGVVQ4MFlGNjlBM084U0VDMi4u&amp;route=shorturl\" data-type=\"link\" data-id=\"https:\/\/forms.cloud.microsoft\/pages\/responsepage.aspx?id=Lp-HhwRz8ku68mPn-D88NNxPFOU73a5MmhWhMkrRlGZUNDlaNjVSNDZGVVQ4MFlGNjlBM084U0VDMi4u&amp;route=shorturl\">Linkki ilmoittautumislomakkeelle.<\/a><\/p>\n\n\n\n<h2 class=\"wp-block-heading\">Karjalan kieli n\u00e4kyy Tutkijoiden y\u00f6 -tapahtumassa Joensuussa 25.9.<\/h2>\n\n\n\n<p>Karjalan kielen oppiaine ja karjalan kielen sanakirjahanke n\u00e4kyv\u00e4t Joensuussa 25.9. kello 16\u201320 j\u00e4rjestett\u00e4v\u00e4ss\u00e4 Tutkijoiden y\u00f6 -tapahtumassa. Kyse on koko perheelle suunnatusta tiedetapahtumasta, jossa It\u00e4-Suomen yliopiston tutkijat esittelev\u00e4t ty\u00f6t\u00e4\u00e4n ja tutkimustaan esimerkiksi hauskojen teht\u00e4vien kautta. Karjalan asiantuntijat esittelev\u00e4t tapahtumassa kieliasiantuntijan ty\u00f6t\u00e4 sek\u00e4 kertovat, miten uhanalaiselle kielelle tehd\u00e4\u00e4n sanakirjaa. Tapahtumassa voi my\u00f6s tutustua yht\u00e4l\u00e4isyyksiin ja eroavaisuuksiin suomen ja karjalan sanojen v\u00e4lill\u00e4.<\/p>\n\n\n\n<p>Tapahtumaan on vapaa p\u00e4\u00e4sy. Tarkemmat tiedot ja aikataulu ilmoitetaan my\u00f6hemmin tapahtuman omilla verkkosivuilla. Karjalan kielen oppiainetta edustavat Niko Tynnyrinen ja <strong>Elena Rapa<\/strong>.<\/p>\n\n\n\n<p><a href=\"https:\/\/www.uef.fi\/fi\/tutkijoiden-yo-2026-joensuu\" data-type=\"link\" data-id=\"https:\/\/www.uef.fi\/fi\/tutkijoiden-yo-2026-joensuu\">Linkki tapahtuman verkkosivuille.<\/a><\/p>\n\n\n\n<h2 class=\"wp-block-heading\">Karjalankieliset keskustelukerhot syksyll\u00e4 2026<\/h2>\n\n\n\n<p>Karjalankieliset keskustelukerhot jatkavat toimintaansa syksyll\u00e4. Joensuussa kokoontuu tuttuun tapaan kaksi keskustelukerhoa, kaikille avoin ja nuorille ja nuorille aikuisille suunnattu. Keskustelukerhojen koko syksyn aikataulun l\u00f6yd\u00e4t karjalan elvytt\u00e4misen blogista keskustelukerhojen omalta sivulta.<\/p>\n\n\n\n<p><a href=\"https:\/\/blogs.uef.fi\/karjalanelvytys\/paginapertti\/\" data-type=\"link\" data-id=\"https:\/\/blogs.uef.fi\/karjalanelvytys\/paginapertti\/\">Linkki keskustelukerhojen sivulle elvytt\u00e4misen blogissa. <\/a><\/p>\n\n\n\n<p>Joensuun ensimm\u00e4inen kaikille avoin keskustelukerho kokoontuu torstaina 3.9. kello 16\u201318 kyykk\u00e4pelin merkeiss\u00e4. Alustava tapaamispaikka on Louhelan pallokentt\u00e4 (L\u00e4nsikatu 17). Sateen sattuessa tai jos kentt\u00e4 ei yll\u00e4tt\u00e4en ole k\u00e4ytett\u00e4viss\u00e4, kokoontuu keskustelukerho tavalliseen tapaan Aurora-rakennuksen takkahuoneella. Jos tapaamispaikka muuttuu, ilmoitetaan asiasta mahdollisimman hyviss\u00e4 ajoin keskustelukerhojen omalla sivulla karjalan elvytt\u00e4misen blogissa.<\/p>\n\n\n\n<h2 class=\"wp-block-heading\">Karjalan kielen viikko 2026<\/h2>\n\n\n\n<p>Marraskuussa j\u00e4rjestet\u00e4\u00e4n jo seitsem\u00e4tt\u00e4 kertaa karjalan kielen viikko. T\u00e4n\u00e4 vuonna viikkoa juhlitaan 23.\u201329.11. Osallistumisohjeet ja tietoa viikon ohjelmasta jaetaan my\u00f6hemmin syksyll\u00e4, mutta viikon teeman voimme paljastaa jo nyt: miun \u0161anakniikani karjalak\u0161i\/miun sanakniigane karjalaksi\/minun sanakniigaine karjalakse. <\/p>\n\n\n\n<p>T\u00e4n\u00e4 vuonna keskityt\u00e4\u00e4n siis karjalan kielen sanastoon ja siihen, millaista uutta, erityist\u00e4 tai ehk\u00e4 aiemmin unohtunutta tai huomiotta j\u00e4\u00e4nytt\u00e4 sanastoa olisi unelmiesi karjalankielisess\u00e4 verkkosanakirjassa. L\u00e4hemp\u00e4n\u00e4 juhlaviikkoa otamme tuttuun tapaan vastaan aihetta k\u00e4sittelevi\u00e4 kuvia, videoita, lyhyit\u00e4 kirjoituksia ja muita materiaaleja, ja t\u00e4n\u00e4 vuonna osallistujilla on my\u00f6s mahdollisuus ehdottaa sanoja tekeill\u00e4 olevaan karjalan kielen verkkosanakirjaan.<\/p>\n\n\n\n<p>Karjalan kielen viikolla j\u00e4rjestett\u00e4vist\u00e4 et\u00e4- tai kasvokkaisista tapahtumista voit v\u00e4litt\u00e4\u00e4 tietoa viikon j\u00e4rjest\u00e4jille s\u00e4hk\u00f6postitse (<a href=\"mailto:karjalanelvytys@uef.fi\">karjalanelvytys@uef.fi<\/a>). Tietoa viikon tapahtumista jaetaan my\u00f6hemmin karjalan elvytt\u00e4misen blogissa ja sosiaalisen median kanavilla.<\/p>\n","protected":false},"excerpt":{"rendered":"<p>Uusi lukuvuosi on k\u00e4ynnistym\u00e4ss\u00e4 ja karjalan kurssit ja karjalankieliset keskustelukerhot palaavat kes\u00e4tauolta. Syksy tuo mukanaan my\u00f6s muita mahdollisuuksia kuulla ja k\u00e4ytt\u00e4\u00e4 karjalaa. Esimerkiksi kansalaisopistot tarjoavat t\u00e4n\u00e4 vuonna enn\u00e4tyksellisen paljon karjalan kielen ja karjalaisen kulttuurin kursseja, joiden tiedot on ker\u00e4tty karjalan elvytt\u00e4misen blogiin. Nyt on hyv\u00e4 my\u00f6s v\u00e4hitellen k\u00e4\u00e4nt\u00e4\u00e4 katse kohti marraskuussa j\u00e4rjestett\u00e4v\u00e4\u00e4 karjalan kielen viikkoa [&hellip;]<\/p>\n","protected":false},"author":580,"featured_media":0,"comment_status":"open","ping_status":"open","sticky":false,"template":"","format":"standard","meta":{"_acf_changed":false,"footnotes":""},"categories":[1],"tags":[],"class_list":["post-23861","post","type-post","status-publish","format-standard","hentry","category-uncategorized"],"acf":[],"yoast_head":"<!-- This site is optimized with the Yoast SEO plugin v28.2 - https:\/\/yoast.com\/product\/yoast-seo-wordpress\/ -->\n<title>Uutiskirje, syyskuu 2026 - Karjalan kielen elvytt\u00e4minen<\/title>\n<meta name=\"robots\" content=\"index, follow, max-snippet:-1, max-image-preview:large, max-video-preview:-1\" \/>\n<link rel=\"canonical\" href=\"https:\/\/blogs.uef.fi\/karjalanelvytys\/2026\/09\/01\/uutiskirje-syyskuu-2026\/\" \/>\n<meta property=\"og:locale\" content=\"fi_FI\" \/>\n<meta property=\"og:type\" content=\"article\" \/>\n<meta property=\"og:title\" content=\"Uutiskirje, syyskuu 2026 - Karjalan kielen elvytt\u00e4minen\" \/>\n<meta property=\"og:description\" content=\"Uusi lukuvuosi on k\u00e4ynnistym\u00e4ss\u00e4 ja karjalan kurssit ja karjalankieliset keskustelukerhot palaavat kes\u00e4tauolta. Syksy tuo mukanaan my\u00f6s muita mahdollisuuksia kuulla ja k\u00e4ytt\u00e4\u00e4 karjalaa. Esimerkiksi kansalaisopistot tarjoavat t\u00e4n\u00e4 vuonna enn\u00e4tyksellisen paljon karjalan kielen ja karjalaisen kulttuurin kursseja, joiden tiedot on ker\u00e4tty karjalan elvytt\u00e4misen blogiin. Nyt on hyv\u00e4 my\u00f6s v\u00e4hitellen k\u00e4\u00e4nt\u00e4\u00e4 katse kohti marraskuussa j\u00e4rjestett\u00e4v\u00e4\u00e4 karjalan kielen viikkoa [&hellip;]\" \/>\n<meta property=\"og:url\" content=\"https:\/\/blogs.uef.fi\/karjalanelvytys\/2026\/09\/01\/uutiskirje-syyskuu-2026\/\" \/>\n<meta property=\"og:site_name\" content=\"Karjalan kielen elvytt\u00e4minen\" \/>\n<meta property=\"article:published_time\" content=\"2026-09-01T10:24:20+00:00\" \/>\n<meta property=\"article:modified_time\" content=\"2026-09-01T10:30:23+00:00\" \/>\n<meta name=\"author\" content=\"Niko Tynnyrinen\" \/>\n<meta name=\"twitter:card\" content=\"summary_large_image\" \/>\n<meta name=\"twitter:label1\" content=\"Kirjoittanut\" \/>\n\t<meta name=\"twitter:data1\" content=\"Niko Tynnyrinen\" \/>\n\t<meta name=\"twitter:label2\" content=\"Arvioitu lukuaika\" \/>\n\t<meta name=\"twitter:data2\" content=\"5 minuuttia\" \/>\n<script type=\"application\/ld+json\" class=\"yoast-schema-graph\">{\"@context\":\"https:\\\/\\\/schema.org\",\"@graph\":[{\"@type\":\"Article\",\"@id\":\"https:\\\/\\\/blogs.uef.fi\\\/karjalanelvytys\\\/2026\\\/09\\\/01\\\/uutiskirje-syyskuu-2026\\\/#article\",\"isPartOf\":{\"@id\":\"https:\\\/\\\/blogs.uef.fi\\\/karjalanelvytys\\\/2026\\\/09\\\/01\\\/uutiskirje-syyskuu-2026\\\/\"},\"author\":{\"name\":\"Niko Tynnyrinen\",\"@id\":\"https:\\\/\\\/blogs.uef.fi\\\/karjalanelvytys\\\/#\\\/schema\\\/person\\\/621a5a2d8165cae7989f49c34ac3e845\"},\"headline\":\"Uutiskirje, syyskuu 2026\",\"datePublished\":\"2026-09-01T10:24:20+00:00\",\"dateModified\":\"2026-09-01T10:30:23+00:00\",\"mainEntityOfPage\":{\"@id\":\"https:\\\/\\\/blogs.uef.fi\\\/karjalanelvytys\\\/2026\\\/09\\\/01\\\/uutiskirje-syyskuu-2026\\\/\"},\"wordCount\":821,\"commentCount\":0,\"articleSection\":[\"Uncategorized\"],\"inLanguage\":\"fi\",\"potentialAction\":[{\"@type\":\"CommentAction\",\"name\":\"Comment\",\"target\":[\"https:\\\/\\\/blogs.uef.fi\\\/karjalanelvytys\\\/2026\\\/09\\\/01\\\/uutiskirje-syyskuu-2026\\\/#respond\"]}]},{\"@type\":\"WebPage\",\"@id\":\"https:\\\/\\\/blogs.uef.fi\\\/karjalanelvytys\\\/2026\\\/09\\\/01\\\/uutiskirje-syyskuu-2026\\\/\",\"url\":\"https:\\\/\\\/blogs.uef.fi\\\/karjalanelvytys\\\/2026\\\/09\\\/01\\\/uutiskirje-syyskuu-2026\\\/\",\"name\":\"Uutiskirje, syyskuu 2026 - Karjalan kielen elvytt\u00e4minen\",\"isPartOf\":{\"@id\":\"https:\\\/\\\/blogs.uef.fi\\\/karjalanelvytys\\\/#website\"},\"datePublished\":\"2026-09-01T10:24:20+00:00\",\"dateModified\":\"2026-09-01T10:30:23+00:00\",\"author\":{\"@id\":\"https:\\\/\\\/blogs.uef.fi\\\/karjalanelvytys\\\/#\\\/schema\\\/person\\\/621a5a2d8165cae7989f49c34ac3e845\"},\"breadcrumb\":{\"@id\":\"https:\\\/\\\/blogs.uef.fi\\\/karjalanelvytys\\\/2026\\\/09\\\/01\\\/uutiskirje-syyskuu-2026\\\/#breadcrumb\"},\"inLanguage\":\"fi\",\"potentialAction\":[{\"@type\":\"ReadAction\",\"target\":[\"https:\\\/\\\/blogs.uef.fi\\\/karjalanelvytys\\\/2026\\\/09\\\/01\\\/uutiskirje-syyskuu-2026\\\/\"]}]},{\"@type\":\"BreadcrumbList\",\"@id\":\"https:\\\/\\\/blogs.uef.fi\\\/karjalanelvytys\\\/2026\\\/09\\\/01\\\/uutiskirje-syyskuu-2026\\\/#breadcrumb\",\"itemListElement\":[{\"@type\":\"ListItem\",\"position\":1,\"name\":\"Home\",\"item\":\"https:\\\/\\\/blogs.uef.fi\\\/karjalanelvytys\\\/\"},{\"@type\":\"ListItem\",\"position\":2,\"name\":\"Uutiskirje, syyskuu 2026\"}]},{\"@type\":\"WebSite\",\"@id\":\"https:\\\/\\\/blogs.uef.fi\\\/karjalanelvytys\\\/#website\",\"url\":\"https:\\\/\\\/blogs.uef.fi\\\/karjalanelvytys\\\/\",\"name\":\"Karjalan kielen elvytt\u00e4minen\",\"description\":\"\",\"potentialAction\":[{\"@type\":\"SearchAction\",\"target\":{\"@type\":\"EntryPoint\",\"urlTemplate\":\"https:\\\/\\\/blogs.uef.fi\\\/karjalanelvytys\\\/?s={search_term_string}\"},\"query-input\":{\"@type\":\"PropertyValueSpecification\",\"valueRequired\":true,\"valueName\":\"search_term_string\"}}],\"inLanguage\":\"fi\"},{\"@type\":\"Person\",\"@id\":\"https:\\\/\\\/blogs.uef.fi\\\/karjalanelvytys\\\/#\\\/schema\\\/person\\\/621a5a2d8165cae7989f49c34ac3e845\",\"name\":\"Niko Tynnyrinen\",\"image\":{\"@type\":\"ImageObject\",\"inLanguage\":\"fi\",\"@id\":\"https:\\\/\\\/secure.gravatar.com\\\/avatar\\\/c363118608772bc79e49a121a006dfe575b3d98afd884e1c7c163fcc962875ea?s=96&d=mm&r=g\",\"url\":\"https:\\\/\\\/secure.gravatar.com\\\/avatar\\\/c363118608772bc79e49a121a006dfe575b3d98afd884e1c7c163fcc962875ea?s=96&d=mm&r=g\",\"contentUrl\":\"https:\\\/\\\/secure.gravatar.com\\\/avatar\\\/c363118608772bc79e49a121a006dfe575b3d98afd884e1c7c163fcc962875ea?s=96&d=mm&r=g\",\"caption\":\"Niko Tynnyrinen\"},\"url\":\"https:\\\/\\\/blogs.uef.fi\\\/karjalanelvytys\\\/author\\\/mtynnyri\\\/\"}]}<\/script>\n<!-- \/ Yoast SEO plugin. -->","yoast_head_json":{"title":"Uutiskirje, syyskuu 2026 - Karjalan kielen elvytt\u00e4minen","robots":{"index":"index","follow":"follow","max-snippet":"max-snippet:-1","max-image-preview":"max-image-preview:large","max-video-preview":"max-video-preview:-1"},"canonical":"https:\/\/blogs.uef.fi\/karjalanelvytys\/2026\/09\/01\/uutiskirje-syyskuu-2026\/","og_locale":"fi_FI","og_type":"article","og_title":"Uutiskirje, syyskuu 2026 - Karjalan kielen elvytt\u00e4minen","og_description":"Uusi lukuvuosi on k\u00e4ynnistym\u00e4ss\u00e4 ja karjalan kurssit ja karjalankieliset keskustelukerhot palaavat kes\u00e4tauolta. Syksy tuo mukanaan my\u00f6s muita mahdollisuuksia kuulla ja k\u00e4ytt\u00e4\u00e4 karjalaa. Esimerkiksi kansalaisopistot tarjoavat t\u00e4n\u00e4 vuonna enn\u00e4tyksellisen paljon karjalan kielen ja karjalaisen kulttuurin kursseja, joiden tiedot on ker\u00e4tty karjalan elvytt\u00e4misen blogiin. Nyt on hyv\u00e4 my\u00f6s v\u00e4hitellen k\u00e4\u00e4nt\u00e4\u00e4 katse kohti marraskuussa j\u00e4rjestett\u00e4v\u00e4\u00e4 karjalan kielen viikkoa [&hellip;]","og_url":"https:\/\/blogs.uef.fi\/karjalanelvytys\/2026\/09\/01\/uutiskirje-syyskuu-2026\/","og_site_name":"Karjalan kielen elvytt\u00e4minen","article_published_time":"2026-09-01T10:24:20+00:00","article_modified_time":"2026-09-01T10:30:23+00:00","author":"Niko Tynnyrinen","twitter_card":"summary_large_image","twitter_misc":{"Kirjoittanut":"Niko Tynnyrinen","Arvioitu lukuaika":"5 minuuttia"},"schema":{"@context":"https:\/\/schema.org","@graph":[{"@type":"Article","@id":"https:\/\/blogs.uef.fi\/karjalanelvytys\/2026\/09\/01\/uutiskirje-syyskuu-2026\/#article","isPartOf":{"@id":"https:\/\/blogs.uef.fi\/karjalanelvytys\/2026\/09\/01\/uutiskirje-syyskuu-2026\/"},"author":{"name":"Niko Tynnyrinen","@id":"https:\/\/blogs.uef.fi\/karjalanelvytys\/#\/schema\/person\/621a5a2d8165cae7989f49c34ac3e845"},"headline":"Uutiskirje, syyskuu 2026","datePublished":"2026-09-01T10:24:20+00:00","dateModified":"2026-09-01T10:30:23+00:00","mainEntityOfPage":{"@id":"https:\/\/blogs.uef.fi\/karjalanelvytys\/2026\/09\/01\/uutiskirje-syyskuu-2026\/"},"wordCount":821,"commentCount":0,"articleSection":["Uncategorized"],"inLanguage":"fi","potentialAction":[{"@type":"CommentAction","name":"Comment","target":["https:\/\/blogs.uef.fi\/karjalanelvytys\/2026\/09\/01\/uutiskirje-syyskuu-2026\/#respond"]}]},{"@type":"WebPage","@id":"https:\/\/blogs.uef.fi\/karjalanelvytys\/2026\/09\/01\/uutiskirje-syyskuu-2026\/","url":"https:\/\/blogs.uef.fi\/karjalanelvytys\/2026\/09\/01\/uutiskirje-syyskuu-2026\/","name":"Uutiskirje, syyskuu 2026 - Karjalan kielen elvytt\u00e4minen","isPartOf":{"@id":"https:\/\/blogs.uef.fi\/karjalanelvytys\/#website"},"datePublished":"2026-09-01T10:24:20+00:00","dateModified":"2026-09-01T10:30:23+00:00","author":{"@id":"https:\/\/blogs.uef.fi\/karjalanelvytys\/#\/schema\/person\/621a5a2d8165cae7989f49c34ac3e845"},"breadcrumb":{"@id":"https:\/\/blogs.uef.fi\/karjalanelvytys\/2026\/09\/01\/uutiskirje-syyskuu-2026\/#breadcrumb"},"inLanguage":"fi","potentialAction":[{"@type":"ReadAction","target":["https:\/\/blogs.uef.fi\/karjalanelvytys\/2026\/09\/01\/uutiskirje-syyskuu-2026\/"]}]},{"@type":"BreadcrumbList","@id":"https:\/\/blogs.uef.fi\/karjalanelvytys\/2026\/09\/01\/uutiskirje-syyskuu-2026\/#breadcrumb","itemListElement":[{"@type":"ListItem","position":1,"name":"Home","item":"https:\/\/blogs.uef.fi\/karjalanelvytys\/"},{"@type":"ListItem","position":2,"name":"Uutiskirje, syyskuu 2026"}]},{"@type":"WebSite","@id":"https:\/\/blogs.uef.fi\/karjalanelvytys\/#website","url":"https:\/\/blogs.uef.fi\/karjalanelvytys\/","name":"Karjalan kielen elvytt\u00e4minen","description":"","potentialAction":[{"@type":"SearchAction","target":{"@type":"EntryPoint","urlTemplate":"https:\/\/blogs.uef.fi\/karjalanelvytys\/?s={search_term_string}"},"query-input":{"@type":"PropertyValueSpecification","valueRequired":true,"valueName":"search_term_string"}}],"inLanguage":"fi"},{"@type":"Person","@id":"https:\/\/blogs.uef.fi\/karjalanelvytys\/#\/schema\/person\/621a5a2d8165cae7989f49c34ac3e845","name":"Niko Tynnyrinen","image":{"@type":"ImageObject","inLanguage":"fi","@id":"https:\/\/secure.gravatar.com\/avatar\/c363118608772bc79e49a121a006dfe575b3d98afd884e1c7c163fcc962875ea?s=96&d=mm&r=g","url":"https:\/\/secure.gravatar.com\/avatar\/c363118608772bc79e49a121a006dfe575b3d98afd884e1c7c163fcc962875ea?s=96&d=mm&r=g","contentUrl":"https:\/\/secure.gravatar.com\/avatar\/c363118608772bc79e49a121a006dfe575b3d98afd884e1c7c163fcc962875ea?s=96&d=mm&r=g","caption":"Niko Tynnyrinen"},"url":"https:\/\/blogs.uef.fi\/karjalanelvytys\/author\/mtynnyri\/"}]}},"_links":{"self":[{"href":"https:\/\/blogs.uef.fi\/karjalanelvytys\/wp-json\/wp\/v2\/posts\/23861","targetHints":{"allow":["GET"]}}],"collection":[{"href":"https:\/\/blogs.uef.fi\/karjalanelvytys\/wp-json\/wp\/v2\/posts"}],"about":[{"href":"https:\/\/blogs.uef.fi\/karjalanelvytys\/wp-json\/wp\/v2\/types\/post"}],"author":[{"embeddable":true,"href":"https:\/\/blogs.uef.fi\/karjalanelvytys\/wp-json\/wp\/v2\/users\/580"}],"replies":[{"embeddable":true,"href":"https:\/\/blogs.uef.fi\/karjalanelvytys\/wp-json\/wp\/v2\/comments?post=23861"}],"version-history":[{"count":2,"href":"https:\/\/blogs.uef.fi\/karjalanelvytys\/wp-json\/wp\/v2\/posts\/23861\/revisions"}],"predecessor-version":[{"id":23867,"href":"https:\/\/blogs.uef.fi\/karjalanelvytys\/wp-json\/wp\/v2\/posts\/23861\/revisions\/23867"}],"wp:attachment":[{"href":"https:\/\/blogs.uef.fi\/karjalanelvytys\/wp-json\/wp\/v2\/media?parent=23861"}],"wp:term":[{"taxonomy":"category","embeddable":true,"href":"https:\/\/blogs.uef.fi\/karjalanelvytys\/wp-json\/wp\/v2\/categories?post=23861"},{"taxonomy":"post_tag","embeddable":true,"href":"https:\/\/blogs.uef.fi\/karjalanelvytys\/wp-json\/wp\/v2\/tags?post=23861"}],"curies":[{"name":"wp","href":"https:\/\/api.w.org\/{rel}","templated":true}]}}