{"id":23696,"date":"2026-04-28T09:46:29","date_gmt":"2026-04-28T06:46:29","guid":{"rendered":"https:\/\/blogs.uef.fi\/karjalanelvytys\/?p=23696"},"modified":"2026-04-28T09:47:59","modified_gmt":"2026-04-28T06:47:59","slug":"pikkarazien-sanoin-sanasto-jullattu-kaikilla-karjalan-piamurdehilla","status":"publish","type":"post","link":"https:\/\/blogs.uef.fi\/karjalanelvytys\/2026\/04\/28\/pikkarazien-sanoin-sanasto-jullattu-kaikilla-karjalan-piamurdehilla\/","title":{"rendered":"Pikkarazien sanoin sanasto jullattu kaikilla karjalan pi\u00e4murdehilla"},"content":{"rendered":"\n<p>Elvytyksen blogassa on jullattu kielispetsialistoin luajittu Pikkarazet sanat -sanasto, kumbane o\u010dikkoh mugah keri\u00e4y tukkuh er\u00e4hie karjalan kielen pienie, ga t\u00e4rgiel\u00f6i sanoi, kuin ezimerkiksi konjunktoi, pronominoi da adverbil\u00f6i kaikilla karjalan pi\u00e4murdehilla. &nbsp;<\/p>\n\n\n\n<p><a href=\"https:\/\/blogs.uef.fi\/karjalanelvytys\/pikkarazet-sanat-suomi-vienankarjala-suvikarjala-livvinkarjala\/\" id=\"https:\/\/blogs.uef.fi\/karjalanelvytys\/pikkarazet-sanat-suomi-vienankarjala-suvikarjala-livvinkarjala\/\">Linkka sanastoh.<\/a><\/p>\n\n\n\n<p>Jogahizella sanalla on annettu ezimerkkivirkeh, kumbane auttau ellend\u00e4m\u00e4h kuin sanua k\u00e4ytet\u00e4h. Olemma ezimerkiksi huomannun, jotta sanua \u2018hos\u2019 (suomeksi vaikka) k\u00e4ytet\u00e4h tuagieh vi\u00e4r\u00e4ss\u00e4 merki\u010dyksess\u00e4, sent\u00e4h kun se sevotetah suomen sanah &#8217;jos&#8217;. T\u00e4ss\u00e4 ezimerkki hos-sanan k\u00e4yt\u00f6st\u00e4 kaikilla murdehilla:\u00a0\u00a0<\/p>\n\n\n\n<p><strong>ho\u0161<\/strong>, <strong>hot<\/strong>, <strong>vaikka <\/strong>\u2013 ho\u0161 mit\u00e4; M\u00e4nin jumppah, ho\u0161 milma vaivuttiki.&nbsp;<\/p>\n\n\n\n<p><strong>hos<\/strong>, <strong>hot <\/strong>\u2013 hos mid\u00e4; M\u00e4nin jumppah, hos milma vaivuttigi.&nbsp;<\/p>\n\n\n\n<p><strong>hos <\/strong>\u2013 hos mid\u00e4; Menin jumpah, hos minuu vaivuttigi.&nbsp;<\/p>\n\n\n\n<p>Alluksi t\u00e4d\u00e4 sanastuo ruvettih keri\u00e4m\u00e4h tukkuh kieliyhtehiz\u00f6n toivehien kautti. Hos sanasson sanat ollah jo tuttavat da k\u00e4yt\u00f6ss\u00e4, ehotetah sanassossa er\u00e4hie uuziegi muodoloi k\u00e4ytt\u00f6h. Ezimerkiksi suvikarjalan kohalla sanassossa ehotetah uuvet variantat se\u017ee da se\u017eo (suomeksi \u2018my\u00f6s\u2019), sent\u00e4h kun suvikarjalassa ei aijembah ole selgieh ollun k\u00e4yt\u00f6ss\u00e4 \u2018my\u00f6s\u2019 sanua vienankarjalan (niise) da livvinkarjalan (se\u017eo) tabah. T\u00e4ll\u00e4 ehotuksella pyrrit\u00e4h vastuamah suvikarjalan opastujien da k\u00e4ytt\u00e4jien tarbeheh:&nbsp;<\/p>\n\n\n\n<p><strong>niise <\/strong>\u2013 Pakajan niise karjalak\u0161i.&nbsp;<\/p>\n\n\n\n<p><strong>se\u017ee<\/strong>, <strong>se\u017eo <\/strong>\u2013 Pagizen se\u017ee karjalaksi.&nbsp;<\/p>\n\n\n\n<p><strong>se\u017eo <\/strong>\u2013 Pagizen se\u017eo karjalakse.&nbsp;<\/p>\n\n\n\n<p>T\u00e4m\u00e4 sanasto auttau alguh da ozuttelou ylehizimm\u00e4t pikkarazet sanat. Sanastoh ei ole otettu jogahista piend\u00e4 sanua, a pi\u00e4paino on ollun moizissa sanoissa, kumbazet ollah samanmoizet libo l\u00e4hill\u00e4 toine toista kaikissa murdehissa. Sanastuo rubiemma t\u00e4yvend\u00e4m\u00e4h tulijalla aigua.&nbsp;<\/p>\n","protected":false},"excerpt":{"rendered":"<p>Elvytyksen blogassa on jullattu kielispetsialistoin luajittu Pikkarazet sanat -sanasto, kumbane o\u010dikkoh mugah keri\u00e4y tukkuh er\u00e4hie karjalan kielen pienie, ga t\u00e4rgiel\u00f6i sanoi, kuin ezimerkiksi konjunktoi, pronominoi da adverbil\u00f6i kaikilla karjalan pi\u00e4murdehilla. &nbsp; Linkka sanastoh. Jogahizella sanalla on annettu ezimerkkivirkeh, kumbane auttau ellend\u00e4m\u00e4h kuin sanua k\u00e4ytet\u00e4h. Olemma ezimerkiksi huomannun, jotta sanua \u2018hos\u2019 (suomeksi vaikka) k\u00e4ytet\u00e4h tuagieh vi\u00e4r\u00e4ss\u00e4 [&hellip;]<\/p>\n","protected":false},"author":580,"featured_media":0,"comment_status":"open","ping_status":"open","sticky":false,"template":"","format":"standard","meta":{"_acf_changed":false,"footnotes":""},"categories":[1],"tags":[],"class_list":["post-23696","post","type-post","status-publish","format-standard","hentry","category-uncategorized"],"acf":[],"yoast_head":"<!-- This site is optimized with the Yoast SEO plugin v27.3 - https:\/\/yoast.com\/product\/yoast-seo-wordpress\/ -->\n<title>Pikkarazien sanoin sanasto jullattu kaikilla karjalan pi\u00e4murdehilla - Karjalan kielen elvytt\u00e4minen<\/title>\n<meta name=\"robots\" content=\"index, follow, max-snippet:-1, max-image-preview:large, max-video-preview:-1\" \/>\n<link rel=\"canonical\" href=\"https:\/\/blogs.uef.fi\/karjalanelvytys\/2026\/04\/28\/pikkarazien-sanoin-sanasto-jullattu-kaikilla-karjalan-piamurdehilla\/\" \/>\n<meta property=\"og:locale\" content=\"fi_FI\" \/>\n<meta property=\"og:type\" content=\"article\" \/>\n<meta property=\"og:title\" content=\"Pikkarazien sanoin sanasto jullattu kaikilla karjalan pi\u00e4murdehilla - Karjalan kielen elvytt\u00e4minen\" \/>\n<meta property=\"og:description\" content=\"Elvytyksen blogassa on jullattu kielispetsialistoin luajittu Pikkarazet sanat -sanasto, kumbane o\u010dikkoh mugah keri\u00e4y tukkuh er\u00e4hie karjalan kielen pienie, ga t\u00e4rgiel\u00f6i sanoi, kuin ezimerkiksi konjunktoi, pronominoi da adverbil\u00f6i kaikilla karjalan pi\u00e4murdehilla. &nbsp; Linkka sanastoh. Jogahizella sanalla on annettu ezimerkkivirkeh, kumbane auttau ellend\u00e4m\u00e4h kuin sanua k\u00e4ytet\u00e4h. Olemma ezimerkiksi huomannun, jotta sanua \u2018hos\u2019 (suomeksi vaikka) k\u00e4ytet\u00e4h tuagieh vi\u00e4r\u00e4ss\u00e4 [&hellip;]\" \/>\n<meta property=\"og:url\" content=\"https:\/\/blogs.uef.fi\/karjalanelvytys\/2026\/04\/28\/pikkarazien-sanoin-sanasto-jullattu-kaikilla-karjalan-piamurdehilla\/\" \/>\n<meta property=\"og:site_name\" content=\"Karjalan kielen elvytt\u00e4minen\" \/>\n<meta property=\"article:published_time\" content=\"2026-04-28T06:46:29+00:00\" \/>\n<meta property=\"article:modified_time\" content=\"2026-04-28T06:47:59+00:00\" \/>\n<meta name=\"author\" content=\"Niko Tynnyrinen\" \/>\n<meta name=\"twitter:card\" content=\"summary_large_image\" \/>\n<meta name=\"twitter:label1\" content=\"Kirjoittanut\" \/>\n\t<meta name=\"twitter:data1\" content=\"Niko Tynnyrinen\" \/>\n\t<meta name=\"twitter:label2\" content=\"Arvioitu lukuaika\" \/>\n\t<meta name=\"twitter:data2\" content=\"2 minuuttia\" \/>\n<script type=\"application\/ld+json\" class=\"yoast-schema-graph\">{\"@context\":\"https:\\\/\\\/schema.org\",\"@graph\":[{\"@type\":\"Article\",\"@id\":\"https:\\\/\\\/blogs.uef.fi\\\/karjalanelvytys\\\/2026\\\/04\\\/28\\\/pikkarazien-sanoin-sanasto-jullattu-kaikilla-karjalan-piamurdehilla\\\/#article\",\"isPartOf\":{\"@id\":\"https:\\\/\\\/blogs.uef.fi\\\/karjalanelvytys\\\/2026\\\/04\\\/28\\\/pikkarazien-sanoin-sanasto-jullattu-kaikilla-karjalan-piamurdehilla\\\/\"},\"author\":{\"name\":\"Niko Tynnyrinen\",\"@id\":\"https:\\\/\\\/blogs.uef.fi\\\/karjalanelvytys\\\/#\\\/schema\\\/person\\\/621a5a2d8165cae7989f49c34ac3e845\"},\"headline\":\"Pikkarazien sanoin sanasto jullattu kaikilla karjalan pi\u00e4murdehilla\",\"datePublished\":\"2026-04-28T06:46:29+00:00\",\"dateModified\":\"2026-04-28T06:47:59+00:00\",\"mainEntityOfPage\":{\"@id\":\"https:\\\/\\\/blogs.uef.fi\\\/karjalanelvytys\\\/2026\\\/04\\\/28\\\/pikkarazien-sanoin-sanasto-jullattu-kaikilla-karjalan-piamurdehilla\\\/\"},\"wordCount\":278,\"commentCount\":0,\"articleSection\":[\"Uncategorized\"],\"inLanguage\":\"fi\",\"potentialAction\":[{\"@type\":\"CommentAction\",\"name\":\"Comment\",\"target\":[\"https:\\\/\\\/blogs.uef.fi\\\/karjalanelvytys\\\/2026\\\/04\\\/28\\\/pikkarazien-sanoin-sanasto-jullattu-kaikilla-karjalan-piamurdehilla\\\/#respond\"]}]},{\"@type\":\"WebPage\",\"@id\":\"https:\\\/\\\/blogs.uef.fi\\\/karjalanelvytys\\\/2026\\\/04\\\/28\\\/pikkarazien-sanoin-sanasto-jullattu-kaikilla-karjalan-piamurdehilla\\\/\",\"url\":\"https:\\\/\\\/blogs.uef.fi\\\/karjalanelvytys\\\/2026\\\/04\\\/28\\\/pikkarazien-sanoin-sanasto-jullattu-kaikilla-karjalan-piamurdehilla\\\/\",\"name\":\"Pikkarazien sanoin sanasto jullattu kaikilla karjalan pi\u00e4murdehilla - Karjalan kielen elvytt\u00e4minen\",\"isPartOf\":{\"@id\":\"https:\\\/\\\/blogs.uef.fi\\\/karjalanelvytys\\\/#website\"},\"datePublished\":\"2026-04-28T06:46:29+00:00\",\"dateModified\":\"2026-04-28T06:47:59+00:00\",\"author\":{\"@id\":\"https:\\\/\\\/blogs.uef.fi\\\/karjalanelvytys\\\/#\\\/schema\\\/person\\\/621a5a2d8165cae7989f49c34ac3e845\"},\"breadcrumb\":{\"@id\":\"https:\\\/\\\/blogs.uef.fi\\\/karjalanelvytys\\\/2026\\\/04\\\/28\\\/pikkarazien-sanoin-sanasto-jullattu-kaikilla-karjalan-piamurdehilla\\\/#breadcrumb\"},\"inLanguage\":\"fi\",\"potentialAction\":[{\"@type\":\"ReadAction\",\"target\":[\"https:\\\/\\\/blogs.uef.fi\\\/karjalanelvytys\\\/2026\\\/04\\\/28\\\/pikkarazien-sanoin-sanasto-jullattu-kaikilla-karjalan-piamurdehilla\\\/\"]}]},{\"@type\":\"BreadcrumbList\",\"@id\":\"https:\\\/\\\/blogs.uef.fi\\\/karjalanelvytys\\\/2026\\\/04\\\/28\\\/pikkarazien-sanoin-sanasto-jullattu-kaikilla-karjalan-piamurdehilla\\\/#breadcrumb\",\"itemListElement\":[{\"@type\":\"ListItem\",\"position\":1,\"name\":\"Home\",\"item\":\"https:\\\/\\\/blogs.uef.fi\\\/karjalanelvytys\\\/\"},{\"@type\":\"ListItem\",\"position\":2,\"name\":\"Pikkarazien sanoin sanasto jullattu kaikilla karjalan pi\u00e4murdehilla\"}]},{\"@type\":\"WebSite\",\"@id\":\"https:\\\/\\\/blogs.uef.fi\\\/karjalanelvytys\\\/#website\",\"url\":\"https:\\\/\\\/blogs.uef.fi\\\/karjalanelvytys\\\/\",\"name\":\"Karjalan kielen elvytt\u00e4minen\",\"description\":\"\",\"potentialAction\":[{\"@type\":\"SearchAction\",\"target\":{\"@type\":\"EntryPoint\",\"urlTemplate\":\"https:\\\/\\\/blogs.uef.fi\\\/karjalanelvytys\\\/?s={search_term_string}\"},\"query-input\":{\"@type\":\"PropertyValueSpecification\",\"valueRequired\":true,\"valueName\":\"search_term_string\"}}],\"inLanguage\":\"fi\"},{\"@type\":\"Person\",\"@id\":\"https:\\\/\\\/blogs.uef.fi\\\/karjalanelvytys\\\/#\\\/schema\\\/person\\\/621a5a2d8165cae7989f49c34ac3e845\",\"name\":\"Niko Tynnyrinen\",\"image\":{\"@type\":\"ImageObject\",\"inLanguage\":\"fi\",\"@id\":\"https:\\\/\\\/secure.gravatar.com\\\/avatar\\\/c363118608772bc79e49a121a006dfe575b3d98afd884e1c7c163fcc962875ea?s=96&d=mm&r=g\",\"url\":\"https:\\\/\\\/secure.gravatar.com\\\/avatar\\\/c363118608772bc79e49a121a006dfe575b3d98afd884e1c7c163fcc962875ea?s=96&d=mm&r=g\",\"contentUrl\":\"https:\\\/\\\/secure.gravatar.com\\\/avatar\\\/c363118608772bc79e49a121a006dfe575b3d98afd884e1c7c163fcc962875ea?s=96&d=mm&r=g\",\"caption\":\"Niko Tynnyrinen\"},\"url\":\"https:\\\/\\\/blogs.uef.fi\\\/karjalanelvytys\\\/author\\\/mtynnyri\\\/\"}]}<\/script>\n<!-- \/ Yoast SEO plugin. -->","yoast_head_json":{"title":"Pikkarazien sanoin sanasto jullattu kaikilla karjalan pi\u00e4murdehilla - Karjalan kielen elvytt\u00e4minen","robots":{"index":"index","follow":"follow","max-snippet":"max-snippet:-1","max-image-preview":"max-image-preview:large","max-video-preview":"max-video-preview:-1"},"canonical":"https:\/\/blogs.uef.fi\/karjalanelvytys\/2026\/04\/28\/pikkarazien-sanoin-sanasto-jullattu-kaikilla-karjalan-piamurdehilla\/","og_locale":"fi_FI","og_type":"article","og_title":"Pikkarazien sanoin sanasto jullattu kaikilla karjalan pi\u00e4murdehilla - Karjalan kielen elvytt\u00e4minen","og_description":"Elvytyksen blogassa on jullattu kielispetsialistoin luajittu Pikkarazet sanat -sanasto, kumbane o\u010dikkoh mugah keri\u00e4y tukkuh er\u00e4hie karjalan kielen pienie, ga t\u00e4rgiel\u00f6i sanoi, kuin ezimerkiksi konjunktoi, pronominoi da adverbil\u00f6i kaikilla karjalan pi\u00e4murdehilla. &nbsp; Linkka sanastoh. Jogahizella sanalla on annettu ezimerkkivirkeh, kumbane auttau ellend\u00e4m\u00e4h kuin sanua k\u00e4ytet\u00e4h. Olemma ezimerkiksi huomannun, jotta sanua \u2018hos\u2019 (suomeksi vaikka) k\u00e4ytet\u00e4h tuagieh vi\u00e4r\u00e4ss\u00e4 [&hellip;]","og_url":"https:\/\/blogs.uef.fi\/karjalanelvytys\/2026\/04\/28\/pikkarazien-sanoin-sanasto-jullattu-kaikilla-karjalan-piamurdehilla\/","og_site_name":"Karjalan kielen elvytt\u00e4minen","article_published_time":"2026-04-28T06:46:29+00:00","article_modified_time":"2026-04-28T06:47:59+00:00","author":"Niko Tynnyrinen","twitter_card":"summary_large_image","twitter_misc":{"Kirjoittanut":"Niko Tynnyrinen","Arvioitu lukuaika":"2 minuuttia"},"schema":{"@context":"https:\/\/schema.org","@graph":[{"@type":"Article","@id":"https:\/\/blogs.uef.fi\/karjalanelvytys\/2026\/04\/28\/pikkarazien-sanoin-sanasto-jullattu-kaikilla-karjalan-piamurdehilla\/#article","isPartOf":{"@id":"https:\/\/blogs.uef.fi\/karjalanelvytys\/2026\/04\/28\/pikkarazien-sanoin-sanasto-jullattu-kaikilla-karjalan-piamurdehilla\/"},"author":{"name":"Niko Tynnyrinen","@id":"https:\/\/blogs.uef.fi\/karjalanelvytys\/#\/schema\/person\/621a5a2d8165cae7989f49c34ac3e845"},"headline":"Pikkarazien sanoin sanasto jullattu kaikilla karjalan pi\u00e4murdehilla","datePublished":"2026-04-28T06:46:29+00:00","dateModified":"2026-04-28T06:47:59+00:00","mainEntityOfPage":{"@id":"https:\/\/blogs.uef.fi\/karjalanelvytys\/2026\/04\/28\/pikkarazien-sanoin-sanasto-jullattu-kaikilla-karjalan-piamurdehilla\/"},"wordCount":278,"commentCount":0,"articleSection":["Uncategorized"],"inLanguage":"fi","potentialAction":[{"@type":"CommentAction","name":"Comment","target":["https:\/\/blogs.uef.fi\/karjalanelvytys\/2026\/04\/28\/pikkarazien-sanoin-sanasto-jullattu-kaikilla-karjalan-piamurdehilla\/#respond"]}]},{"@type":"WebPage","@id":"https:\/\/blogs.uef.fi\/karjalanelvytys\/2026\/04\/28\/pikkarazien-sanoin-sanasto-jullattu-kaikilla-karjalan-piamurdehilla\/","url":"https:\/\/blogs.uef.fi\/karjalanelvytys\/2026\/04\/28\/pikkarazien-sanoin-sanasto-jullattu-kaikilla-karjalan-piamurdehilla\/","name":"Pikkarazien sanoin sanasto jullattu kaikilla karjalan pi\u00e4murdehilla - Karjalan kielen elvytt\u00e4minen","isPartOf":{"@id":"https:\/\/blogs.uef.fi\/karjalanelvytys\/#website"},"datePublished":"2026-04-28T06:46:29+00:00","dateModified":"2026-04-28T06:47:59+00:00","author":{"@id":"https:\/\/blogs.uef.fi\/karjalanelvytys\/#\/schema\/person\/621a5a2d8165cae7989f49c34ac3e845"},"breadcrumb":{"@id":"https:\/\/blogs.uef.fi\/karjalanelvytys\/2026\/04\/28\/pikkarazien-sanoin-sanasto-jullattu-kaikilla-karjalan-piamurdehilla\/#breadcrumb"},"inLanguage":"fi","potentialAction":[{"@type":"ReadAction","target":["https:\/\/blogs.uef.fi\/karjalanelvytys\/2026\/04\/28\/pikkarazien-sanoin-sanasto-jullattu-kaikilla-karjalan-piamurdehilla\/"]}]},{"@type":"BreadcrumbList","@id":"https:\/\/blogs.uef.fi\/karjalanelvytys\/2026\/04\/28\/pikkarazien-sanoin-sanasto-jullattu-kaikilla-karjalan-piamurdehilla\/#breadcrumb","itemListElement":[{"@type":"ListItem","position":1,"name":"Home","item":"https:\/\/blogs.uef.fi\/karjalanelvytys\/"},{"@type":"ListItem","position":2,"name":"Pikkarazien sanoin sanasto jullattu kaikilla karjalan pi\u00e4murdehilla"}]},{"@type":"WebSite","@id":"https:\/\/blogs.uef.fi\/karjalanelvytys\/#website","url":"https:\/\/blogs.uef.fi\/karjalanelvytys\/","name":"Karjalan kielen elvytt\u00e4minen","description":"","potentialAction":[{"@type":"SearchAction","target":{"@type":"EntryPoint","urlTemplate":"https:\/\/blogs.uef.fi\/karjalanelvytys\/?s={search_term_string}"},"query-input":{"@type":"PropertyValueSpecification","valueRequired":true,"valueName":"search_term_string"}}],"inLanguage":"fi"},{"@type":"Person","@id":"https:\/\/blogs.uef.fi\/karjalanelvytys\/#\/schema\/person\/621a5a2d8165cae7989f49c34ac3e845","name":"Niko Tynnyrinen","image":{"@type":"ImageObject","inLanguage":"fi","@id":"https:\/\/secure.gravatar.com\/avatar\/c363118608772bc79e49a121a006dfe575b3d98afd884e1c7c163fcc962875ea?s=96&d=mm&r=g","url":"https:\/\/secure.gravatar.com\/avatar\/c363118608772bc79e49a121a006dfe575b3d98afd884e1c7c163fcc962875ea?s=96&d=mm&r=g","contentUrl":"https:\/\/secure.gravatar.com\/avatar\/c363118608772bc79e49a121a006dfe575b3d98afd884e1c7c163fcc962875ea?s=96&d=mm&r=g","caption":"Niko Tynnyrinen"},"url":"https:\/\/blogs.uef.fi\/karjalanelvytys\/author\/mtynnyri\/"}]}},"_links":{"self":[{"href":"https:\/\/blogs.uef.fi\/karjalanelvytys\/wp-json\/wp\/v2\/posts\/23696","targetHints":{"allow":["GET"]}}],"collection":[{"href":"https:\/\/blogs.uef.fi\/karjalanelvytys\/wp-json\/wp\/v2\/posts"}],"about":[{"href":"https:\/\/blogs.uef.fi\/karjalanelvytys\/wp-json\/wp\/v2\/types\/post"}],"author":[{"embeddable":true,"href":"https:\/\/blogs.uef.fi\/karjalanelvytys\/wp-json\/wp\/v2\/users\/580"}],"replies":[{"embeddable":true,"href":"https:\/\/blogs.uef.fi\/karjalanelvytys\/wp-json\/wp\/v2\/comments?post=23696"}],"version-history":[{"count":2,"href":"https:\/\/blogs.uef.fi\/karjalanelvytys\/wp-json\/wp\/v2\/posts\/23696\/revisions"}],"predecessor-version":[{"id":23704,"href":"https:\/\/blogs.uef.fi\/karjalanelvytys\/wp-json\/wp\/v2\/posts\/23696\/revisions\/23704"}],"wp:attachment":[{"href":"https:\/\/blogs.uef.fi\/karjalanelvytys\/wp-json\/wp\/v2\/media?parent=23696"}],"wp:term":[{"taxonomy":"category","embeddable":true,"href":"https:\/\/blogs.uef.fi\/karjalanelvytys\/wp-json\/wp\/v2\/categories?post=23696"},{"taxonomy":"post_tag","embeddable":true,"href":"https:\/\/blogs.uef.fi\/karjalanelvytys\/wp-json\/wp\/v2\/tags?post=23696"}],"curies":[{"name":"wp","href":"https:\/\/api.w.org\/{rel}","templated":true}]}}