{"id":23688,"date":"2026-04-27T12:27:13","date_gmt":"2026-04-27T09:27:13","guid":{"rendered":"https:\/\/blogs.uef.fi\/karjalanelvytys\/?p=23688"},"modified":"2026-04-27T13:07:54","modified_gmt":"2026-04-27T10:07:54","slug":"karjalan-kielen-opetuksen-ja-elvytyksen-kevatpaiva-28-5","status":"publish","type":"post","link":"https:\/\/blogs.uef.fi\/karjalanelvytys\/2026\/04\/27\/karjalan-kielen-opetuksen-ja-elvytyksen-kevatpaiva-28-5\/","title":{"rendered":"Karjalan kielen opastandan da elvyt\u00e4nd\u00e4n kev\u00e4tp\u00e4ivy 28.5."},"content":{"rendered":"\n<h3 class=\"wp-block-heading\">Suomeksi<\/h3>\n\n\n\n<p>Karjalan kielen oppiaine j\u00e4rjest\u00e4\u00e4 ensimm\u00e4ist\u00e4 kertaa karjalan kielen opetuksen ja elvytyksen kev\u00e4tp\u00e4iv\u00e4n. Tapahtuma j\u00e4rjestet\u00e4\u00e4n torstaina 28. toukokuuta kello 13\u201316, ja sit\u00e4 voi seurata It\u00e4-Suomen yliopiston Joensuun kampuksella Agoran salissa AG100 tai Zoomin v\u00e4lityksell\u00e4.<\/p>\n\n\n\n<p>Kev\u00e4tp\u00e4iv\u00e4ss\u00e4 esitell\u00e4\u00e4n It\u00e4-Suomen yliopiston karjalan opetukseen, tutkimukseen ja elvytt\u00e4miseen liittyv\u00e4\u00e4 ajankohtaista toimintaa ja kerrotaan esimerkiksi tutkimusprojektien kuulumisia. Tapahtuman loppupuolelle on varattu aikaa yleiselle keskustelulle ja kysymyksille.<\/p>\n\n\n\n<p>Tapahtuman ja esitelmien kielet ovat karjala ja suomi.<\/p>\n\n\n\t<div id=\"accordion-block_6a626a4e5025858bac16c39e83c59a41\" class=\"accordions\">\n\t\t\t\t\t<div class=\"accordion accordion-js\">\n\t\t\t\t<button class=\"accordion__button\" aria-controls=\"content-6504\" aria-expanded=\"false\" id=\"accordion-control-6504\">\n\t\t\t\t\t<h3 class=\"accordion__heading\" >\n\t\t\t\t\t\tTapahtuman alustava ohjelma (aukeaa klikkaamalla)\t\t\t\t\t<\/h3>\n\t\t\t\t<\/button>\n\t\t\t\t<div class=\"accordion__content\" role=\"region\" aria-labelledby=\"accordion-control-6504\" aria-hidden=\"true\" id=\"content-6504\">\n\t\t\t\t\t<p>13\u201314.15: Puheenvuoroja ja esityksi\u00e4<\/p>\n<p>Huom.! Esitelmien otsikot on suomennettu t\u00e4h\u00e4n suomenkieliseen ohjelmaan, mutta niiden kieli on karjala. Karjalankieliset otsikot l\u00f6yd\u00e4t alempaa karjalankielisen tiedotteen yhteydest\u00e4.<\/p>\n<p><strong>Ilja Moshnikov<\/strong>: karjalan kielen oppiaineen kuulumiset<\/p>\n<p><strong>Elena Rapa<\/strong>: etel\u00e4karjalan opetus ja elvytys<\/p>\n<p><strong>Natalia Giloeva<\/strong>: kielen opetuksen ja elvytt\u00e4misen yhdist\u00e4minen<\/p>\n<p><strong>Olga Karlova<\/strong>:<span data-olk-copy-source=\"MessageBody\"> yhteisty\u00f6 kieliyhteis\u00f6n kanssa<\/span><\/p>\n<p><strong>Niko Tynnyrinen<\/strong>: karjalan erilaiset elvytysty\u00f6t<\/p>\n<p>14.15\u201314.40: Keskustelua ja kysymyksi\u00e4<\/p>\n<p>14.40\u201315: Tauko<\/p>\n<p>15\u201315.20: <strong>Riho Gr\u00fcnthal<\/strong> kertoo karjalan kielen lautakunnan toiminnasta<\/p>\n<p>15.20\u201316: Keskustelua ja kysymyksi\u00e4<\/p>\n\t\t\t\t<\/div>\n\t\t\t<\/div>\n\t\t\t<\/div>\n\t\n\n\n<p>Tapahtumaan tulee ilmoittautua ennakkoon Webropol-lomakkeella. Kerrothan lomakkeella, tahdotko seurata tapahtumaa paikan p\u00e4\u00e4ll\u00e4 Joensuussa vai et\u00e4yhteydell\u00e4. Zoom-kutsu l\u00e4hetet\u00e4\u00e4n et\u00e4osallistujille viimeist\u00e4\u00e4n 28.5. aamup\u00e4iv\u00e4ll\u00e4.<\/p>\n\n\n\n<p><a href=\"https:\/\/link.webropolsurveys.com\/S\/DB4B6EF319DEC6F7\" id=\"https:\/\/link.webropolsurveys.com\/S\/DB4B6EF319DEC6F7\">Linkki Webropol-lomakkeelle.<\/a><\/p>\n\n\n\n<p>Tietoa tapahtumasta saa jakaa karjalan opetuksesta ja elvytyksest\u00e4 sek\u00e4 yliopiston toiminnasta kiinnostuneille. Toivomme kuitenkin, ettet jaa Zoom-linkki\u00e4 eteenp\u00e4in vaan ohjeistat kaikkia kiinnostuneita ilmoittautumaan Webropol-lomakkeen kautta.<\/p>\n\n\n\n<p>Lis\u00e4tietoja tapahtumasta antaa <strong>Niko Tynnyrinen <\/strong>(<a href=\"mailto:niko.tynnyrinen@uef.fi\">niko.tynnyrinen@uef.fi<\/a>). Toivotamme kaikki karjalan kielest\u00e4 kiinnostuneet tervetulleiksi tutustumaan toimintaamme ja vaihtamaan kuulumisia ja kokemuksia!<\/p>\n\n\n\n<h3 class=\"wp-block-heading\">Karjalakse<\/h3>\n\n\n\n<p>Karjalan kielen opastusaineh j\u00e4rjest\u00e4y enzim\u00e4sty kerdua karjalan kielen opastandan da elvyt\u00e4nd\u00e4n kev\u00e4tp\u00e4iv\u00e4n. Tapahtumu piet\u00e4h nell\u00e4npi\u00e4n 28. oraskuudu \u010d 13\u201316. Tapahtumua voit sebrata P\u00e4iv\u00e4nnouzu-Suomen yliopiston Jovensuun kampuksel Agoran zualas AG100 libo Zooman kauti.<\/p>\n\n\n\n<p>Kev\u00e4tp\u00e4iv\u00e4s ozutetah P\u00e4iv\u00e4nnouzu-Suomen yliopiston karjalan opastukseh, tutkimukseh da elvyt\u00e4nd\u00e4h liittyji\u00e4 aijankohtastu ruandua sego kerrotah ezimerkikse tutkimusprojektoin kuulumizii. Tapahtuman loppupuolele on j\u00e4tetty aigua yhtehizele paginale da kyzymyksile.<\/p>\n\n\n\n<p>Tapahtuman da paginoin kielet ollah karjala da suomi.<\/p>\n\n\n\t<div id=\"accordion-block_b03051d749ad990ffd0c688c8547e2ce\" class=\"accordions\">\n\t\t\t\t\t<div class=\"accordion accordion-js\">\n\t\t\t\t<button class=\"accordion__button\" aria-controls=\"content-334\" aria-expanded=\"false\" id=\"accordion-control-334\">\n\t\t\t\t\t<h3 class=\"accordion__heading\" >\n\t\t\t\t\t\tTapahtuman allustai programmu (avavuu plikkuamal)\t\t\t\t\t<\/h3>\n\t\t\t\t<\/button>\n\t\t\t\t<div class=\"accordion__content\" role=\"region\" aria-labelledby=\"accordion-control-334\" aria-hidden=\"true\" id=\"content-334\">\n\t\t\t\t\t<p>13\u201314.15: Paginvuoroloi da ezityksii<\/p>\n<p><strong>Ilja Moshnikov<\/strong>: karjalan kielen opastusainehen kuulumizet<\/p>\n<p><strong>Elena Rapa<\/strong>: suvikarjalan opassanda da elvytys<\/p>\n<p><strong>Natalia Giloeva<\/strong>: opastandan da elvyt\u00e4nd\u00e4n sobivuttamine<\/p>\n<p><strong>Olga Karlova<\/strong>: yhtehini ruato kieliyhtehis\u00f6n kera<\/p>\n<p><strong>Niko Tynnyrinen<\/strong>: karjalan eriluaduzet elvytysruavot<\/p>\n<p>14.15\u201314.40: Paginua da kyzymysty<\/p>\n<p>14.40\u201315: Pauzu<\/p>\n<p>15\u201315.20: <strong>Riho Gr\u00fcnthal<\/strong> kerdou karjalan kielen komissien ruavos<\/p>\n<p>15.20\u201316: Paginua da kyzymysty<\/p>\n\t\t\t\t<\/div>\n\t\t\t<\/div>\n\t\t\t<\/div>\n\t\n\n\n<p>Tapahtumah pid\u00e4y ilmoittuakseh edukyndeh Webropol-ankietal. Sanoth\u00e4i ankietal, tahtotgo sebrata tapahtumua Jovensuus vai loito\u010di. Zoom-ku\u010d\u010du ty\u00f6t\u00e4h loitto-ozanottajile ei my\u00f6hemb\u00e4 huondesp\u00e4ivi\u00e4 28.5.<\/p>\n\n\n\n<p><a href=\"https:\/\/link.webropolsurveys.com\/S\/DB4B6EF319DEC6F7\" id=\"https:\/\/link.webropolsurveys.com\/S\/DB4B6EF319DEC6F7\">Linku Webropol-ankietale.<\/a><\/p>\n\n\n\n<p>Tieduo tapahtumah n\u00e4h suau jagua niil\u00f6ile, kudualoin mielii karjalan opastandu da elvytys sego yliopiston ruado kiinnitet\u00e4h. Toivommo yksikai, gu et jua Zoom-linkua edehp\u00e4i, ga kyzyt kaikkii ozallistujii ilmoittavumah Webropol-ankietan kauti.<\/p>\n\n\n\n<p>Li\u017e\u00e4tieduo tapahtumah n\u00e4h andau <strong>Niko Tynnyrinen <\/strong>(<a href=\"mailto:niko.tynnyrinen@uef.fi\">niko.tynnyrinen@uef.fi<\/a>). Ku\u010dummo kaikkii karjalan suvai\u010d\u010dijoi tuttavumah meij\u00e4n ruandah da sanelemah omii kuulumizii da kogemuksii!<\/p>\n","protected":false},"excerpt":{"rendered":"<p>Suomeksi Karjalan kielen oppiaine j\u00e4rjest\u00e4\u00e4 ensimm\u00e4ist\u00e4 kertaa karjalan kielen opetuksen ja elvytyksen kev\u00e4tp\u00e4iv\u00e4n. Tapahtuma j\u00e4rjestet\u00e4\u00e4n torstaina 28. toukokuuta kello 13\u201316, ja sit\u00e4 voi seurata It\u00e4-Suomen yliopiston Joensuun kampuksella Agoran salissa AG100 tai Zoomin v\u00e4lityksell\u00e4. Kev\u00e4tp\u00e4iv\u00e4ss\u00e4 esitell\u00e4\u00e4n It\u00e4-Suomen yliopiston karjalan opetukseen, tutkimukseen ja elvytt\u00e4miseen liittyv\u00e4\u00e4 ajankohtaista toimintaa ja kerrotaan esimerkiksi tutkimusprojektien kuulumisia. Tapahtuman loppupuolelle on varattu [&hellip;]<\/p>\n","protected":false},"author":580,"featured_media":0,"comment_status":"open","ping_status":"open","sticky":false,"template":"","format":"standard","meta":{"_acf_changed":false,"footnotes":""},"categories":[1],"tags":[],"class_list":["post-23688","post","type-post","status-publish","format-standard","hentry","category-uncategorized"],"acf":[],"yoast_head":"<!-- This site is optimized with the Yoast SEO plugin v27.3 - https:\/\/yoast.com\/product\/yoast-seo-wordpress\/ -->\n<title>Karjalan kielen opastandan da elvyt\u00e4nd\u00e4n kev\u00e4tp\u00e4ivy 28.5. - Karjalan kielen elvytt\u00e4minen<\/title>\n<meta name=\"robots\" content=\"index, follow, max-snippet:-1, max-image-preview:large, max-video-preview:-1\" \/>\n<link rel=\"canonical\" href=\"https:\/\/blogs.uef.fi\/karjalanelvytys\/2026\/04\/27\/karjalan-kielen-opetuksen-ja-elvytyksen-kevatpaiva-28-5\/\" \/>\n<meta property=\"og:locale\" content=\"fi_FI\" \/>\n<meta property=\"og:type\" content=\"article\" \/>\n<meta property=\"og:title\" content=\"Karjalan kielen opastandan da elvyt\u00e4nd\u00e4n kev\u00e4tp\u00e4ivy 28.5. - Karjalan kielen elvytt\u00e4minen\" \/>\n<meta property=\"og:description\" content=\"Suomeksi Karjalan kielen oppiaine j\u00e4rjest\u00e4\u00e4 ensimm\u00e4ist\u00e4 kertaa karjalan kielen opetuksen ja elvytyksen kev\u00e4tp\u00e4iv\u00e4n. Tapahtuma j\u00e4rjestet\u00e4\u00e4n torstaina 28. toukokuuta kello 13\u201316, ja sit\u00e4 voi seurata It\u00e4-Suomen yliopiston Joensuun kampuksella Agoran salissa AG100 tai Zoomin v\u00e4lityksell\u00e4. Kev\u00e4tp\u00e4iv\u00e4ss\u00e4 esitell\u00e4\u00e4n It\u00e4-Suomen yliopiston karjalan opetukseen, tutkimukseen ja elvytt\u00e4miseen liittyv\u00e4\u00e4 ajankohtaista toimintaa ja kerrotaan esimerkiksi tutkimusprojektien kuulumisia. Tapahtuman loppupuolelle on varattu [&hellip;]\" \/>\n<meta property=\"og:url\" content=\"https:\/\/blogs.uef.fi\/karjalanelvytys\/2026\/04\/27\/karjalan-kielen-opetuksen-ja-elvytyksen-kevatpaiva-28-5\/\" \/>\n<meta property=\"og:site_name\" content=\"Karjalan kielen elvytt\u00e4minen\" \/>\n<meta property=\"article:published_time\" content=\"2026-04-27T09:27:13+00:00\" \/>\n<meta property=\"article:modified_time\" content=\"2026-04-27T10:07:54+00:00\" \/>\n<meta name=\"author\" content=\"Niko Tynnyrinen\" \/>\n<meta name=\"twitter:card\" content=\"summary_large_image\" \/>\n<meta name=\"twitter:label1\" content=\"Kirjoittanut\" \/>\n\t<meta name=\"twitter:data1\" content=\"Niko Tynnyrinen\" \/>\n\t<meta name=\"twitter:label2\" content=\"Arvioitu lukuaika\" \/>\n\t<meta name=\"twitter:data2\" content=\"2 minuuttia\" \/>\n<script type=\"application\/ld+json\" class=\"yoast-schema-graph\">{\"@context\":\"https:\\\/\\\/schema.org\",\"@graph\":[{\"@type\":\"Article\",\"@id\":\"https:\\\/\\\/blogs.uef.fi\\\/karjalanelvytys\\\/2026\\\/04\\\/27\\\/karjalan-kielen-opetuksen-ja-elvytyksen-kevatpaiva-28-5\\\/#article\",\"isPartOf\":{\"@id\":\"https:\\\/\\\/blogs.uef.fi\\\/karjalanelvytys\\\/2026\\\/04\\\/27\\\/karjalan-kielen-opetuksen-ja-elvytyksen-kevatpaiva-28-5\\\/\"},\"author\":{\"name\":\"Niko Tynnyrinen\",\"@id\":\"https:\\\/\\\/blogs.uef.fi\\\/karjalanelvytys\\\/#\\\/schema\\\/person\\\/621a5a2d8165cae7989f49c34ac3e845\"},\"headline\":\"Karjalan kielen opastandan da elvyt\u00e4nd\u00e4n kev\u00e4tp\u00e4ivy 28.5.\",\"datePublished\":\"2026-04-27T09:27:13+00:00\",\"dateModified\":\"2026-04-27T10:07:54+00:00\",\"mainEntityOfPage\":{\"@id\":\"https:\\\/\\\/blogs.uef.fi\\\/karjalanelvytys\\\/2026\\\/04\\\/27\\\/karjalan-kielen-opetuksen-ja-elvytyksen-kevatpaiva-28-5\\\/\"},\"wordCount\":346,\"commentCount\":0,\"articleSection\":[\"Uncategorized\"],\"inLanguage\":\"fi\",\"potentialAction\":[{\"@type\":\"CommentAction\",\"name\":\"Comment\",\"target\":[\"https:\\\/\\\/blogs.uef.fi\\\/karjalanelvytys\\\/2026\\\/04\\\/27\\\/karjalan-kielen-opetuksen-ja-elvytyksen-kevatpaiva-28-5\\\/#respond\"]}]},{\"@type\":\"WebPage\",\"@id\":\"https:\\\/\\\/blogs.uef.fi\\\/karjalanelvytys\\\/2026\\\/04\\\/27\\\/karjalan-kielen-opetuksen-ja-elvytyksen-kevatpaiva-28-5\\\/\",\"url\":\"https:\\\/\\\/blogs.uef.fi\\\/karjalanelvytys\\\/2026\\\/04\\\/27\\\/karjalan-kielen-opetuksen-ja-elvytyksen-kevatpaiva-28-5\\\/\",\"name\":\"Karjalan kielen opastandan da elvyt\u00e4nd\u00e4n kev\u00e4tp\u00e4ivy 28.5. - Karjalan kielen elvytt\u00e4minen\",\"isPartOf\":{\"@id\":\"https:\\\/\\\/blogs.uef.fi\\\/karjalanelvytys\\\/#website\"},\"datePublished\":\"2026-04-27T09:27:13+00:00\",\"dateModified\":\"2026-04-27T10:07:54+00:00\",\"author\":{\"@id\":\"https:\\\/\\\/blogs.uef.fi\\\/karjalanelvytys\\\/#\\\/schema\\\/person\\\/621a5a2d8165cae7989f49c34ac3e845\"},\"breadcrumb\":{\"@id\":\"https:\\\/\\\/blogs.uef.fi\\\/karjalanelvytys\\\/2026\\\/04\\\/27\\\/karjalan-kielen-opetuksen-ja-elvytyksen-kevatpaiva-28-5\\\/#breadcrumb\"},\"inLanguage\":\"fi\",\"potentialAction\":[{\"@type\":\"ReadAction\",\"target\":[\"https:\\\/\\\/blogs.uef.fi\\\/karjalanelvytys\\\/2026\\\/04\\\/27\\\/karjalan-kielen-opetuksen-ja-elvytyksen-kevatpaiva-28-5\\\/\"]}]},{\"@type\":\"BreadcrumbList\",\"@id\":\"https:\\\/\\\/blogs.uef.fi\\\/karjalanelvytys\\\/2026\\\/04\\\/27\\\/karjalan-kielen-opetuksen-ja-elvytyksen-kevatpaiva-28-5\\\/#breadcrumb\",\"itemListElement\":[{\"@type\":\"ListItem\",\"position\":1,\"name\":\"Home\",\"item\":\"https:\\\/\\\/blogs.uef.fi\\\/karjalanelvytys\\\/\"},{\"@type\":\"ListItem\",\"position\":2,\"name\":\"Karjalan kielen opastandan da elvyt\u00e4nd\u00e4n kev\u00e4tp\u00e4ivy 28.5.\"}]},{\"@type\":\"WebSite\",\"@id\":\"https:\\\/\\\/blogs.uef.fi\\\/karjalanelvytys\\\/#website\",\"url\":\"https:\\\/\\\/blogs.uef.fi\\\/karjalanelvytys\\\/\",\"name\":\"Karjalan kielen elvytt\u00e4minen\",\"description\":\"\",\"potentialAction\":[{\"@type\":\"SearchAction\",\"target\":{\"@type\":\"EntryPoint\",\"urlTemplate\":\"https:\\\/\\\/blogs.uef.fi\\\/karjalanelvytys\\\/?s={search_term_string}\"},\"query-input\":{\"@type\":\"PropertyValueSpecification\",\"valueRequired\":true,\"valueName\":\"search_term_string\"}}],\"inLanguage\":\"fi\"},{\"@type\":\"Person\",\"@id\":\"https:\\\/\\\/blogs.uef.fi\\\/karjalanelvytys\\\/#\\\/schema\\\/person\\\/621a5a2d8165cae7989f49c34ac3e845\",\"name\":\"Niko Tynnyrinen\",\"image\":{\"@type\":\"ImageObject\",\"inLanguage\":\"fi\",\"@id\":\"https:\\\/\\\/secure.gravatar.com\\\/avatar\\\/c363118608772bc79e49a121a006dfe575b3d98afd884e1c7c163fcc962875ea?s=96&d=mm&r=g\",\"url\":\"https:\\\/\\\/secure.gravatar.com\\\/avatar\\\/c363118608772bc79e49a121a006dfe575b3d98afd884e1c7c163fcc962875ea?s=96&d=mm&r=g\",\"contentUrl\":\"https:\\\/\\\/secure.gravatar.com\\\/avatar\\\/c363118608772bc79e49a121a006dfe575b3d98afd884e1c7c163fcc962875ea?s=96&d=mm&r=g\",\"caption\":\"Niko Tynnyrinen\"},\"url\":\"https:\\\/\\\/blogs.uef.fi\\\/karjalanelvytys\\\/author\\\/mtynnyri\\\/\"}]}<\/script>\n<!-- \/ Yoast SEO plugin. -->","yoast_head_json":{"title":"Karjalan kielen opastandan da elvyt\u00e4nd\u00e4n kev\u00e4tp\u00e4ivy 28.5. - Karjalan kielen elvytt\u00e4minen","robots":{"index":"index","follow":"follow","max-snippet":"max-snippet:-1","max-image-preview":"max-image-preview:large","max-video-preview":"max-video-preview:-1"},"canonical":"https:\/\/blogs.uef.fi\/karjalanelvytys\/2026\/04\/27\/karjalan-kielen-opetuksen-ja-elvytyksen-kevatpaiva-28-5\/","og_locale":"fi_FI","og_type":"article","og_title":"Karjalan kielen opastandan da elvyt\u00e4nd\u00e4n kev\u00e4tp\u00e4ivy 28.5. - Karjalan kielen elvytt\u00e4minen","og_description":"Suomeksi Karjalan kielen oppiaine j\u00e4rjest\u00e4\u00e4 ensimm\u00e4ist\u00e4 kertaa karjalan kielen opetuksen ja elvytyksen kev\u00e4tp\u00e4iv\u00e4n. Tapahtuma j\u00e4rjestet\u00e4\u00e4n torstaina 28. toukokuuta kello 13\u201316, ja sit\u00e4 voi seurata It\u00e4-Suomen yliopiston Joensuun kampuksella Agoran salissa AG100 tai Zoomin v\u00e4lityksell\u00e4. Kev\u00e4tp\u00e4iv\u00e4ss\u00e4 esitell\u00e4\u00e4n It\u00e4-Suomen yliopiston karjalan opetukseen, tutkimukseen ja elvytt\u00e4miseen liittyv\u00e4\u00e4 ajankohtaista toimintaa ja kerrotaan esimerkiksi tutkimusprojektien kuulumisia. Tapahtuman loppupuolelle on varattu [&hellip;]","og_url":"https:\/\/blogs.uef.fi\/karjalanelvytys\/2026\/04\/27\/karjalan-kielen-opetuksen-ja-elvytyksen-kevatpaiva-28-5\/","og_site_name":"Karjalan kielen elvytt\u00e4minen","article_published_time":"2026-04-27T09:27:13+00:00","article_modified_time":"2026-04-27T10:07:54+00:00","author":"Niko Tynnyrinen","twitter_card":"summary_large_image","twitter_misc":{"Kirjoittanut":"Niko Tynnyrinen","Arvioitu lukuaika":"2 minuuttia"},"schema":{"@context":"https:\/\/schema.org","@graph":[{"@type":"Article","@id":"https:\/\/blogs.uef.fi\/karjalanelvytys\/2026\/04\/27\/karjalan-kielen-opetuksen-ja-elvytyksen-kevatpaiva-28-5\/#article","isPartOf":{"@id":"https:\/\/blogs.uef.fi\/karjalanelvytys\/2026\/04\/27\/karjalan-kielen-opetuksen-ja-elvytyksen-kevatpaiva-28-5\/"},"author":{"name":"Niko Tynnyrinen","@id":"https:\/\/blogs.uef.fi\/karjalanelvytys\/#\/schema\/person\/621a5a2d8165cae7989f49c34ac3e845"},"headline":"Karjalan kielen opastandan da elvyt\u00e4nd\u00e4n kev\u00e4tp\u00e4ivy 28.5.","datePublished":"2026-04-27T09:27:13+00:00","dateModified":"2026-04-27T10:07:54+00:00","mainEntityOfPage":{"@id":"https:\/\/blogs.uef.fi\/karjalanelvytys\/2026\/04\/27\/karjalan-kielen-opetuksen-ja-elvytyksen-kevatpaiva-28-5\/"},"wordCount":346,"commentCount":0,"articleSection":["Uncategorized"],"inLanguage":"fi","potentialAction":[{"@type":"CommentAction","name":"Comment","target":["https:\/\/blogs.uef.fi\/karjalanelvytys\/2026\/04\/27\/karjalan-kielen-opetuksen-ja-elvytyksen-kevatpaiva-28-5\/#respond"]}]},{"@type":"WebPage","@id":"https:\/\/blogs.uef.fi\/karjalanelvytys\/2026\/04\/27\/karjalan-kielen-opetuksen-ja-elvytyksen-kevatpaiva-28-5\/","url":"https:\/\/blogs.uef.fi\/karjalanelvytys\/2026\/04\/27\/karjalan-kielen-opetuksen-ja-elvytyksen-kevatpaiva-28-5\/","name":"Karjalan kielen opastandan da elvyt\u00e4nd\u00e4n kev\u00e4tp\u00e4ivy 28.5. - Karjalan kielen elvytt\u00e4minen","isPartOf":{"@id":"https:\/\/blogs.uef.fi\/karjalanelvytys\/#website"},"datePublished":"2026-04-27T09:27:13+00:00","dateModified":"2026-04-27T10:07:54+00:00","author":{"@id":"https:\/\/blogs.uef.fi\/karjalanelvytys\/#\/schema\/person\/621a5a2d8165cae7989f49c34ac3e845"},"breadcrumb":{"@id":"https:\/\/blogs.uef.fi\/karjalanelvytys\/2026\/04\/27\/karjalan-kielen-opetuksen-ja-elvytyksen-kevatpaiva-28-5\/#breadcrumb"},"inLanguage":"fi","potentialAction":[{"@type":"ReadAction","target":["https:\/\/blogs.uef.fi\/karjalanelvytys\/2026\/04\/27\/karjalan-kielen-opetuksen-ja-elvytyksen-kevatpaiva-28-5\/"]}]},{"@type":"BreadcrumbList","@id":"https:\/\/blogs.uef.fi\/karjalanelvytys\/2026\/04\/27\/karjalan-kielen-opetuksen-ja-elvytyksen-kevatpaiva-28-5\/#breadcrumb","itemListElement":[{"@type":"ListItem","position":1,"name":"Home","item":"https:\/\/blogs.uef.fi\/karjalanelvytys\/"},{"@type":"ListItem","position":2,"name":"Karjalan kielen opastandan da elvyt\u00e4nd\u00e4n kev\u00e4tp\u00e4ivy 28.5."}]},{"@type":"WebSite","@id":"https:\/\/blogs.uef.fi\/karjalanelvytys\/#website","url":"https:\/\/blogs.uef.fi\/karjalanelvytys\/","name":"Karjalan kielen elvytt\u00e4minen","description":"","potentialAction":[{"@type":"SearchAction","target":{"@type":"EntryPoint","urlTemplate":"https:\/\/blogs.uef.fi\/karjalanelvytys\/?s={search_term_string}"},"query-input":{"@type":"PropertyValueSpecification","valueRequired":true,"valueName":"search_term_string"}}],"inLanguage":"fi"},{"@type":"Person","@id":"https:\/\/blogs.uef.fi\/karjalanelvytys\/#\/schema\/person\/621a5a2d8165cae7989f49c34ac3e845","name":"Niko Tynnyrinen","image":{"@type":"ImageObject","inLanguage":"fi","@id":"https:\/\/secure.gravatar.com\/avatar\/c363118608772bc79e49a121a006dfe575b3d98afd884e1c7c163fcc962875ea?s=96&d=mm&r=g","url":"https:\/\/secure.gravatar.com\/avatar\/c363118608772bc79e49a121a006dfe575b3d98afd884e1c7c163fcc962875ea?s=96&d=mm&r=g","contentUrl":"https:\/\/secure.gravatar.com\/avatar\/c363118608772bc79e49a121a006dfe575b3d98afd884e1c7c163fcc962875ea?s=96&d=mm&r=g","caption":"Niko Tynnyrinen"},"url":"https:\/\/blogs.uef.fi\/karjalanelvytys\/author\/mtynnyri\/"}]}},"_links":{"self":[{"href":"https:\/\/blogs.uef.fi\/karjalanelvytys\/wp-json\/wp\/v2\/posts\/23688","targetHints":{"allow":["GET"]}}],"collection":[{"href":"https:\/\/blogs.uef.fi\/karjalanelvytys\/wp-json\/wp\/v2\/posts"}],"about":[{"href":"https:\/\/blogs.uef.fi\/karjalanelvytys\/wp-json\/wp\/v2\/types\/post"}],"author":[{"embeddable":true,"href":"https:\/\/blogs.uef.fi\/karjalanelvytys\/wp-json\/wp\/v2\/users\/580"}],"replies":[{"embeddable":true,"href":"https:\/\/blogs.uef.fi\/karjalanelvytys\/wp-json\/wp\/v2\/comments?post=23688"}],"version-history":[{"count":2,"href":"https:\/\/blogs.uef.fi\/karjalanelvytys\/wp-json\/wp\/v2\/posts\/23688\/revisions"}],"predecessor-version":[{"id":23693,"href":"https:\/\/blogs.uef.fi\/karjalanelvytys\/wp-json\/wp\/v2\/posts\/23688\/revisions\/23693"}],"wp:attachment":[{"href":"https:\/\/blogs.uef.fi\/karjalanelvytys\/wp-json\/wp\/v2\/media?parent=23688"}],"wp:term":[{"taxonomy":"category","embeddable":true,"href":"https:\/\/blogs.uef.fi\/karjalanelvytys\/wp-json\/wp\/v2\/categories?post=23688"},{"taxonomy":"post_tag","embeddable":true,"href":"https:\/\/blogs.uef.fi\/karjalanelvytys\/wp-json\/wp\/v2\/tags?post=23688"}],"curies":[{"name":"wp","href":"https:\/\/api.w.org\/{rel}","templated":true}]}}