{"id":22125,"date":"2025-05-15T10:23:17","date_gmt":"2025-05-15T07:23:17","guid":{"rendered":"https:\/\/blogs.uef.fi\/karjalanelvytys\/?p=22125"},"modified":"2026-02-11T11:00:57","modified_gmt":"2026-02-11T09:00:57","slug":"karjalan-kesaopinnot-ita-suomen-yliopiston-avoimessa-yliopistossa","status":"publish","type":"post","link":"https:\/\/blogs.uef.fi\/karjalanelvytys\/2025\/05\/15\/karjalan-kesaopinnot-ita-suomen-yliopiston-avoimessa-yliopistossa\/","title":{"rendered":"Karjalan kes\u00e4opinnot It\u00e4-Suomen yliopiston avoimessa yliopistossa"},"content":{"rendered":"\n<p>It\u00e4-Suomen yliopiston karjalan kielen ja kulttuurin opintoja on mahdollista suorittaa avoimen yliopiston kautta my\u00f6s kes\u00e4ll\u00e4. Kes\u00e4opintoihin voi ilmoittautua toukokuun loppuun saakka. Linkit suoritustapojen per\u00e4ss\u00e4 viev\u00e4t opintojakson kuvaukseen ja ilmoittautumisohjeisiin It\u00e4-Suomen yliopiston avoimen yliopiston verkkosivuilla.<\/p>\n\n\n\n<p>Kes\u00e4ll\u00e4 tarjotaan seuraavat perusopintojen opintojaksot:<\/p>\n\n\n\n<ul class=\"wp-block-list\">\n<li>Johdatus karjalan kieleen ja kulttuuriin (3 op), essee (<a href=\"https:\/\/www.uef.fi\/fi\/jatkuva-oppiminen\/johdatus-karjalan-kieleen-ja-kulttuuriin-essee-lv-2024-2025\">linkki<\/a>)<\/li>\n\n\n\n<li>Karjalan historia (4 op), kotitentti tai essee (<a href=\"https:\/\/www.uef.fi\/fi\/jatkuva-oppiminen\/karjalan-historia-kotitentti-essee-lv-2024-2025\">linkki<\/a>) tai s\u00e4hk\u00f6inen tentti (<a href=\"https:\/\/www.uef.fi\/fi\/jatkuva-oppiminen\/karjalan-historia-sahkoinen-tentti-lv-2024-2025\">linkki<\/a>)<\/li>\n\n\n\n<li>N\u00e4k\u00f6kulmia karjalaiseen perinnekulttuuriin (5 op), oppimisteht\u00e4v\u00e4t (<a href=\"https:\/\/www.uef.fi\/fi\/jatkuva-oppiminen\/nakokulmia-karjalaiseen-perinnekulttuuriin-oppimistehtavat-lv-2024-2025\">linkki<\/a>) tai s\u00e4hk\u00f6inen tentti (<a href=\"https:\/\/www.uef.fi\/fi\/jatkuva-oppiminen\/nakokulmia-karjalaiseen-perinnekulttuuriin-sahkoinen-tentti-lv-2024-2025\">linkki<\/a>)<\/li>\n<\/ul>\n\n\n\n<p>Kes\u00e4ll\u00e4 tarjotaan seuraavat aineopintojen opintojaksot:<\/p>\n\n\n\n<ul class=\"wp-block-list\">\n<li>Karjala ja ven\u00e4j\u00e4 (5 op), verkkokurssi (<a href=\"https:\/\/www.uef.fi\/fi\/jatkuva-oppiminen\/karjala-ja-venaja-oppimistehtavat-lv-2024-2025\">linkki<\/a>)<\/li>\n\n\n\n<li>V\u00e4hemmist\u00f6kielet ja uhanalaisuus (5 op), oppimisteht\u00e4v\u00e4t (<a href=\"https:\/\/www.uef.fi\/fi\/jatkuva-oppiminen\/vahemmistokielet-ja-uhanalaisuus-oppimistehtavat-lv-2024-2025\">linkki<\/a>) tai s\u00e4hk\u00f6inen tentti (<a href=\"https:\/\/www.uef.fi\/fi\/jatkuva-oppiminen\/vahemmistokielet-ja-uhanalaisuus-sahkoinen-tentti-lv-2024-2025\">linkki<\/a>)<\/li>\n\n\n\n<li>Nykyn\u00e4k\u00f6kulmia Karjalaan ja karjalaisuuteen (5 op), s\u00e4hk\u00f6inen tentti (<a href=\"https:\/\/www.uef.fi\/fi\/jatkuva-oppiminen\/nykynakokulmia-karjalaan-ja-karjalaisuuteen-sahkoinen-tentti-lv-2024-2025\">linkki<\/a>) tai essee (<a href=\"https:\/\/www.uef.fi\/fi\/jatkuva-oppiminen\/nykynakokulmia-karjalaan-ja-karjalaisuuteen-essee-lv-2024-2025\">linkki<\/a>)<\/li>\n\n\n\n<li>Rajakarjalaismurteet (5 op), verkkokurssi (<a href=\"https:\/\/www.uef.fi\/fi\/jatkuva-oppiminen\/rajakarjalaismurteet-verkkokurssi-lv-2024-2025\">linkki<\/a>)<\/li>\n\n\n\n<li>Karjalainen rituaaliperinne (5 op), essee (<a href=\"https:\/\/www.uef.fi\/fi\/jatkuva-oppiminen\/karjalainen-rituaaliperinne-essee-lv-2024-2025\">linkki<\/a>)<\/li>\n\n\n\n<li>Karjalan kansanmusiikki (5 op), s\u00e4hk\u00f6inen tentti tai kirjatentti l\u00e4hitenttin\u00e4 Joensuun kampuksella (<a href=\"https:\/\/www.uef.fi\/fi\/jatkuva-oppiminen\/karjalan-kansanmusiikki-kirjatentti-lv-2024-2025\">linkki<\/a>) tai essee (<a href=\"https:\/\/www.uef.fi\/fi\/jatkuva-oppiminen\/karjalan-kansanmusiikki-essee-lv-2024-2025\">linkki<\/a>)<\/li>\n<\/ul>\n","protected":false},"excerpt":{"rendered":"<p>It\u00e4-Suomen yliopiston karjalan kielen ja kulttuurin opintoja on mahdollista suorittaa avoimen yliopiston kautta my\u00f6s kes\u00e4ll\u00e4. Kes\u00e4opintoihin voi ilmoittautua toukokuun loppuun saakka. Linkit suoritustapojen per\u00e4ss\u00e4 viev\u00e4t opintojakson kuvaukseen ja ilmoittautumisohjeisiin It\u00e4-Suomen yliopiston avoimen yliopiston verkkosivuilla. Kes\u00e4ll\u00e4 tarjotaan seuraavat perusopintojen opintojaksot: Kes\u00e4ll\u00e4 tarjotaan seuraavat aineopintojen opintojaksot:<\/p>\n","protected":false},"author":580,"featured_media":0,"comment_status":"open","ping_status":"open","sticky":false,"template":"","format":"standard","meta":{"_acf_changed":false,"footnotes":""},"categories":[1],"tags":[14],"class_list":["post-22125","post","type-post","status-publish","format-standard","hentry","category-uncategorized","tag-karjalan-kielen-kurssit"],"acf":[],"yoast_head":"<!-- This site is optimized with the Yoast SEO plugin v27.3 - https:\/\/yoast.com\/product\/yoast-seo-wordpress\/ -->\n<title>Karjalan kes\u00e4opinnot It\u00e4-Suomen yliopiston avoimessa yliopistossa - Karjalan kielen elvytt\u00e4minen<\/title>\n<meta name=\"robots\" content=\"index, follow, max-snippet:-1, max-image-preview:large, max-video-preview:-1\" \/>\n<link rel=\"canonical\" href=\"https:\/\/blogs.uef.fi\/karjalanelvytys\/2025\/05\/15\/karjalan-kesaopinnot-ita-suomen-yliopiston-avoimessa-yliopistossa\/\" \/>\n<meta property=\"og:locale\" content=\"fi_FI\" \/>\n<meta property=\"og:type\" content=\"article\" \/>\n<meta property=\"og:title\" content=\"Karjalan kes\u00e4opinnot It\u00e4-Suomen yliopiston avoimessa yliopistossa - Karjalan kielen elvytt\u00e4minen\" \/>\n<meta property=\"og:description\" content=\"It\u00e4-Suomen yliopiston karjalan kielen ja kulttuurin opintoja on mahdollista suorittaa avoimen yliopiston kautta my\u00f6s kes\u00e4ll\u00e4. Kes\u00e4opintoihin voi ilmoittautua toukokuun loppuun saakka. Linkit suoritustapojen per\u00e4ss\u00e4 viev\u00e4t opintojakson kuvaukseen ja ilmoittautumisohjeisiin It\u00e4-Suomen yliopiston avoimen yliopiston verkkosivuilla. Kes\u00e4ll\u00e4 tarjotaan seuraavat perusopintojen opintojaksot: Kes\u00e4ll\u00e4 tarjotaan seuraavat aineopintojen opintojaksot:\" \/>\n<meta property=\"og:url\" content=\"https:\/\/blogs.uef.fi\/karjalanelvytys\/2025\/05\/15\/karjalan-kesaopinnot-ita-suomen-yliopiston-avoimessa-yliopistossa\/\" \/>\n<meta property=\"og:site_name\" content=\"Karjalan kielen elvytt\u00e4minen\" \/>\n<meta property=\"article:published_time\" content=\"2025-05-15T07:23:17+00:00\" \/>\n<meta property=\"article:modified_time\" content=\"2026-02-11T09:00:57+00:00\" \/>\n<meta name=\"author\" content=\"Niko Tynnyrinen\" \/>\n<meta name=\"twitter:card\" content=\"summary_large_image\" \/>\n<meta name=\"twitter:label1\" content=\"Kirjoittanut\" \/>\n\t<meta name=\"twitter:data1\" content=\"Niko Tynnyrinen\" \/>\n\t<meta name=\"twitter:label2\" content=\"Arvioitu lukuaika\" \/>\n\t<meta name=\"twitter:data2\" content=\"1 minuutti\" \/>\n<script type=\"application\/ld+json\" class=\"yoast-schema-graph\">{\"@context\":\"https:\\\/\\\/schema.org\",\"@graph\":[{\"@type\":\"Article\",\"@id\":\"https:\\\/\\\/blogs.uef.fi\\\/karjalanelvytys\\\/2025\\\/05\\\/15\\\/karjalan-kesaopinnot-ita-suomen-yliopiston-avoimessa-yliopistossa\\\/#article\",\"isPartOf\":{\"@id\":\"https:\\\/\\\/blogs.uef.fi\\\/karjalanelvytys\\\/2025\\\/05\\\/15\\\/karjalan-kesaopinnot-ita-suomen-yliopiston-avoimessa-yliopistossa\\\/\"},\"author\":{\"name\":\"Niko Tynnyrinen\",\"@id\":\"https:\\\/\\\/blogs.uef.fi\\\/karjalanelvytys\\\/#\\\/schema\\\/person\\\/621a5a2d8165cae7989f49c34ac3e845\"},\"headline\":\"Karjalan kes\u00e4opinnot It\u00e4-Suomen yliopiston avoimessa yliopistossa\",\"datePublished\":\"2025-05-15T07:23:17+00:00\",\"dateModified\":\"2026-02-11T09:00:57+00:00\",\"mainEntityOfPage\":{\"@id\":\"https:\\\/\\\/blogs.uef.fi\\\/karjalanelvytys\\\/2025\\\/05\\\/15\\\/karjalan-kesaopinnot-ita-suomen-yliopiston-avoimessa-yliopistossa\\\/\"},\"wordCount\":162,\"commentCount\":0,\"keywords\":[\"karjalan kielen kurssit\"],\"articleSection\":[\"Uncategorized\"],\"inLanguage\":\"fi\",\"potentialAction\":[{\"@type\":\"CommentAction\",\"name\":\"Comment\",\"target\":[\"https:\\\/\\\/blogs.uef.fi\\\/karjalanelvytys\\\/2025\\\/05\\\/15\\\/karjalan-kesaopinnot-ita-suomen-yliopiston-avoimessa-yliopistossa\\\/#respond\"]}]},{\"@type\":\"WebPage\",\"@id\":\"https:\\\/\\\/blogs.uef.fi\\\/karjalanelvytys\\\/2025\\\/05\\\/15\\\/karjalan-kesaopinnot-ita-suomen-yliopiston-avoimessa-yliopistossa\\\/\",\"url\":\"https:\\\/\\\/blogs.uef.fi\\\/karjalanelvytys\\\/2025\\\/05\\\/15\\\/karjalan-kesaopinnot-ita-suomen-yliopiston-avoimessa-yliopistossa\\\/\",\"name\":\"Karjalan kes\u00e4opinnot It\u00e4-Suomen yliopiston avoimessa yliopistossa - Karjalan kielen elvytt\u00e4minen\",\"isPartOf\":{\"@id\":\"https:\\\/\\\/blogs.uef.fi\\\/karjalanelvytys\\\/#website\"},\"datePublished\":\"2025-05-15T07:23:17+00:00\",\"dateModified\":\"2026-02-11T09:00:57+00:00\",\"author\":{\"@id\":\"https:\\\/\\\/blogs.uef.fi\\\/karjalanelvytys\\\/#\\\/schema\\\/person\\\/621a5a2d8165cae7989f49c34ac3e845\"},\"breadcrumb\":{\"@id\":\"https:\\\/\\\/blogs.uef.fi\\\/karjalanelvytys\\\/2025\\\/05\\\/15\\\/karjalan-kesaopinnot-ita-suomen-yliopiston-avoimessa-yliopistossa\\\/#breadcrumb\"},\"inLanguage\":\"fi\",\"potentialAction\":[{\"@type\":\"ReadAction\",\"target\":[\"https:\\\/\\\/blogs.uef.fi\\\/karjalanelvytys\\\/2025\\\/05\\\/15\\\/karjalan-kesaopinnot-ita-suomen-yliopiston-avoimessa-yliopistossa\\\/\"]}]},{\"@type\":\"BreadcrumbList\",\"@id\":\"https:\\\/\\\/blogs.uef.fi\\\/karjalanelvytys\\\/2025\\\/05\\\/15\\\/karjalan-kesaopinnot-ita-suomen-yliopiston-avoimessa-yliopistossa\\\/#breadcrumb\",\"itemListElement\":[{\"@type\":\"ListItem\",\"position\":1,\"name\":\"Home\",\"item\":\"https:\\\/\\\/blogs.uef.fi\\\/karjalanelvytys\\\/\"},{\"@type\":\"ListItem\",\"position\":2,\"name\":\"Karjalan kes\u00e4opinnot It\u00e4-Suomen yliopiston avoimessa yliopistossa\"}]},{\"@type\":\"WebSite\",\"@id\":\"https:\\\/\\\/blogs.uef.fi\\\/karjalanelvytys\\\/#website\",\"url\":\"https:\\\/\\\/blogs.uef.fi\\\/karjalanelvytys\\\/\",\"name\":\"Karjalan kielen elvytt\u00e4minen\",\"description\":\"\",\"potentialAction\":[{\"@type\":\"SearchAction\",\"target\":{\"@type\":\"EntryPoint\",\"urlTemplate\":\"https:\\\/\\\/blogs.uef.fi\\\/karjalanelvytys\\\/?s={search_term_string}\"},\"query-input\":{\"@type\":\"PropertyValueSpecification\",\"valueRequired\":true,\"valueName\":\"search_term_string\"}}],\"inLanguage\":\"fi\"},{\"@type\":\"Person\",\"@id\":\"https:\\\/\\\/blogs.uef.fi\\\/karjalanelvytys\\\/#\\\/schema\\\/person\\\/621a5a2d8165cae7989f49c34ac3e845\",\"name\":\"Niko Tynnyrinen\",\"image\":{\"@type\":\"ImageObject\",\"inLanguage\":\"fi\",\"@id\":\"https:\\\/\\\/secure.gravatar.com\\\/avatar\\\/c363118608772bc79e49a121a006dfe575b3d98afd884e1c7c163fcc962875ea?s=96&d=mm&r=g\",\"url\":\"https:\\\/\\\/secure.gravatar.com\\\/avatar\\\/c363118608772bc79e49a121a006dfe575b3d98afd884e1c7c163fcc962875ea?s=96&d=mm&r=g\",\"contentUrl\":\"https:\\\/\\\/secure.gravatar.com\\\/avatar\\\/c363118608772bc79e49a121a006dfe575b3d98afd884e1c7c163fcc962875ea?s=96&d=mm&r=g\",\"caption\":\"Niko Tynnyrinen\"},\"url\":\"https:\\\/\\\/blogs.uef.fi\\\/karjalanelvytys\\\/author\\\/mtynnyri\\\/\"}]}<\/script>\n<!-- \/ Yoast SEO plugin. -->","yoast_head_json":{"title":"Karjalan kes\u00e4opinnot It\u00e4-Suomen yliopiston avoimessa yliopistossa - Karjalan kielen elvytt\u00e4minen","robots":{"index":"index","follow":"follow","max-snippet":"max-snippet:-1","max-image-preview":"max-image-preview:large","max-video-preview":"max-video-preview:-1"},"canonical":"https:\/\/blogs.uef.fi\/karjalanelvytys\/2025\/05\/15\/karjalan-kesaopinnot-ita-suomen-yliopiston-avoimessa-yliopistossa\/","og_locale":"fi_FI","og_type":"article","og_title":"Karjalan kes\u00e4opinnot It\u00e4-Suomen yliopiston avoimessa yliopistossa - Karjalan kielen elvytt\u00e4minen","og_description":"It\u00e4-Suomen yliopiston karjalan kielen ja kulttuurin opintoja on mahdollista suorittaa avoimen yliopiston kautta my\u00f6s kes\u00e4ll\u00e4. Kes\u00e4opintoihin voi ilmoittautua toukokuun loppuun saakka. Linkit suoritustapojen per\u00e4ss\u00e4 viev\u00e4t opintojakson kuvaukseen ja ilmoittautumisohjeisiin It\u00e4-Suomen yliopiston avoimen yliopiston verkkosivuilla. Kes\u00e4ll\u00e4 tarjotaan seuraavat perusopintojen opintojaksot: Kes\u00e4ll\u00e4 tarjotaan seuraavat aineopintojen opintojaksot:","og_url":"https:\/\/blogs.uef.fi\/karjalanelvytys\/2025\/05\/15\/karjalan-kesaopinnot-ita-suomen-yliopiston-avoimessa-yliopistossa\/","og_site_name":"Karjalan kielen elvytt\u00e4minen","article_published_time":"2025-05-15T07:23:17+00:00","article_modified_time":"2026-02-11T09:00:57+00:00","author":"Niko Tynnyrinen","twitter_card":"summary_large_image","twitter_misc":{"Kirjoittanut":"Niko Tynnyrinen","Arvioitu lukuaika":"1 minuutti"},"schema":{"@context":"https:\/\/schema.org","@graph":[{"@type":"Article","@id":"https:\/\/blogs.uef.fi\/karjalanelvytys\/2025\/05\/15\/karjalan-kesaopinnot-ita-suomen-yliopiston-avoimessa-yliopistossa\/#article","isPartOf":{"@id":"https:\/\/blogs.uef.fi\/karjalanelvytys\/2025\/05\/15\/karjalan-kesaopinnot-ita-suomen-yliopiston-avoimessa-yliopistossa\/"},"author":{"name":"Niko Tynnyrinen","@id":"https:\/\/blogs.uef.fi\/karjalanelvytys\/#\/schema\/person\/621a5a2d8165cae7989f49c34ac3e845"},"headline":"Karjalan kes\u00e4opinnot It\u00e4-Suomen yliopiston avoimessa yliopistossa","datePublished":"2025-05-15T07:23:17+00:00","dateModified":"2026-02-11T09:00:57+00:00","mainEntityOfPage":{"@id":"https:\/\/blogs.uef.fi\/karjalanelvytys\/2025\/05\/15\/karjalan-kesaopinnot-ita-suomen-yliopiston-avoimessa-yliopistossa\/"},"wordCount":162,"commentCount":0,"keywords":["karjalan kielen kurssit"],"articleSection":["Uncategorized"],"inLanguage":"fi","potentialAction":[{"@type":"CommentAction","name":"Comment","target":["https:\/\/blogs.uef.fi\/karjalanelvytys\/2025\/05\/15\/karjalan-kesaopinnot-ita-suomen-yliopiston-avoimessa-yliopistossa\/#respond"]}]},{"@type":"WebPage","@id":"https:\/\/blogs.uef.fi\/karjalanelvytys\/2025\/05\/15\/karjalan-kesaopinnot-ita-suomen-yliopiston-avoimessa-yliopistossa\/","url":"https:\/\/blogs.uef.fi\/karjalanelvytys\/2025\/05\/15\/karjalan-kesaopinnot-ita-suomen-yliopiston-avoimessa-yliopistossa\/","name":"Karjalan kes\u00e4opinnot It\u00e4-Suomen yliopiston avoimessa yliopistossa - Karjalan kielen elvytt\u00e4minen","isPartOf":{"@id":"https:\/\/blogs.uef.fi\/karjalanelvytys\/#website"},"datePublished":"2025-05-15T07:23:17+00:00","dateModified":"2026-02-11T09:00:57+00:00","author":{"@id":"https:\/\/blogs.uef.fi\/karjalanelvytys\/#\/schema\/person\/621a5a2d8165cae7989f49c34ac3e845"},"breadcrumb":{"@id":"https:\/\/blogs.uef.fi\/karjalanelvytys\/2025\/05\/15\/karjalan-kesaopinnot-ita-suomen-yliopiston-avoimessa-yliopistossa\/#breadcrumb"},"inLanguage":"fi","potentialAction":[{"@type":"ReadAction","target":["https:\/\/blogs.uef.fi\/karjalanelvytys\/2025\/05\/15\/karjalan-kesaopinnot-ita-suomen-yliopiston-avoimessa-yliopistossa\/"]}]},{"@type":"BreadcrumbList","@id":"https:\/\/blogs.uef.fi\/karjalanelvytys\/2025\/05\/15\/karjalan-kesaopinnot-ita-suomen-yliopiston-avoimessa-yliopistossa\/#breadcrumb","itemListElement":[{"@type":"ListItem","position":1,"name":"Home","item":"https:\/\/blogs.uef.fi\/karjalanelvytys\/"},{"@type":"ListItem","position":2,"name":"Karjalan kes\u00e4opinnot It\u00e4-Suomen yliopiston avoimessa yliopistossa"}]},{"@type":"WebSite","@id":"https:\/\/blogs.uef.fi\/karjalanelvytys\/#website","url":"https:\/\/blogs.uef.fi\/karjalanelvytys\/","name":"Karjalan kielen elvytt\u00e4minen","description":"","potentialAction":[{"@type":"SearchAction","target":{"@type":"EntryPoint","urlTemplate":"https:\/\/blogs.uef.fi\/karjalanelvytys\/?s={search_term_string}"},"query-input":{"@type":"PropertyValueSpecification","valueRequired":true,"valueName":"search_term_string"}}],"inLanguage":"fi"},{"@type":"Person","@id":"https:\/\/blogs.uef.fi\/karjalanelvytys\/#\/schema\/person\/621a5a2d8165cae7989f49c34ac3e845","name":"Niko Tynnyrinen","image":{"@type":"ImageObject","inLanguage":"fi","@id":"https:\/\/secure.gravatar.com\/avatar\/c363118608772bc79e49a121a006dfe575b3d98afd884e1c7c163fcc962875ea?s=96&d=mm&r=g","url":"https:\/\/secure.gravatar.com\/avatar\/c363118608772bc79e49a121a006dfe575b3d98afd884e1c7c163fcc962875ea?s=96&d=mm&r=g","contentUrl":"https:\/\/secure.gravatar.com\/avatar\/c363118608772bc79e49a121a006dfe575b3d98afd884e1c7c163fcc962875ea?s=96&d=mm&r=g","caption":"Niko Tynnyrinen"},"url":"https:\/\/blogs.uef.fi\/karjalanelvytys\/author\/mtynnyri\/"}]}},"_links":{"self":[{"href":"https:\/\/blogs.uef.fi\/karjalanelvytys\/wp-json\/wp\/v2\/posts\/22125","targetHints":{"allow":["GET"]}}],"collection":[{"href":"https:\/\/blogs.uef.fi\/karjalanelvytys\/wp-json\/wp\/v2\/posts"}],"about":[{"href":"https:\/\/blogs.uef.fi\/karjalanelvytys\/wp-json\/wp\/v2\/types\/post"}],"author":[{"embeddable":true,"href":"https:\/\/blogs.uef.fi\/karjalanelvytys\/wp-json\/wp\/v2\/users\/580"}],"replies":[{"embeddable":true,"href":"https:\/\/blogs.uef.fi\/karjalanelvytys\/wp-json\/wp\/v2\/comments?post=22125"}],"version-history":[{"count":1,"href":"https:\/\/blogs.uef.fi\/karjalanelvytys\/wp-json\/wp\/v2\/posts\/22125\/revisions"}],"predecessor-version":[{"id":22126,"href":"https:\/\/blogs.uef.fi\/karjalanelvytys\/wp-json\/wp\/v2\/posts\/22125\/revisions\/22126"}],"wp:attachment":[{"href":"https:\/\/blogs.uef.fi\/karjalanelvytys\/wp-json\/wp\/v2\/media?parent=22125"}],"wp:term":[{"taxonomy":"category","embeddable":true,"href":"https:\/\/blogs.uef.fi\/karjalanelvytys\/wp-json\/wp\/v2\/categories?post=22125"},{"taxonomy":"post_tag","embeddable":true,"href":"https:\/\/blogs.uef.fi\/karjalanelvytys\/wp-json\/wp\/v2\/tags?post=22125"}],"curies":[{"name":"wp","href":"https:\/\/api.w.org\/{rel}","templated":true}]}}