{"id":21815,"date":"2025-03-21T14:49:22","date_gmt":"2025-03-21T12:49:22","guid":{"rendered":"https:\/\/blogs.uef.fi\/karjalanelvytys\/?p=21815"},"modified":"2026-02-11T11:03:29","modified_gmt":"2026-02-11T09:03:29","slug":"kessetah-taitonayttelys-helsinkissa","status":"publish","type":"post","link":"https:\/\/blogs.uef.fi\/karjalanelvytys\/2025\/03\/21\/kessetah-taitonayttelys-helsinkissa\/","title":{"rendered":"Ke\u0161\u0161et\u00e4h-taiton\u00e4yttely\u0161 Helsinkiss\u00e4"},"content":{"rendered":"\n<p>Teksti ta kuvat: Olga Karlova<\/p>\n\n\n\n<p><em>M\u00e4nn\u00e4 net\u00e4lill\u00e4 milma \u00e4ij\u00e4lti lyky\u0161ti, \u010dokkain k\u00e4yv\u00e4 Ke\u0161\u0161et\u00e4h-taiton\u00e4yttelyk\u0161eh. Karjalaista taituo voipi ihual\u2019l\u2019a melki ke\u0161kilinna\u0161\u0161a Helsinkiss\u00e4. Nuoret karjalaiset taituolijat no\u0161\u0161etah pi\u00e4t\u00e4h ta viel\u00e4i karjalak\u0161i. Milma karjalankielist\u00e4 karjalaista t\u00e4mm\u00f6ni tielo ka\u010do \u0161iivitt\u00e4y.<\/em><\/p>\n\n\n\n<p>Joven\u0161uun juna oli tua\u0161\u0161en my\u00f6h\u00e4\u0161\u0161\u00e4 ta miula tuli kiireh, kun toini my\u00f6hempi va\u0161tauvunta oli jo etukynteh \u0161ovittu. En nikuin tahton j\u00e4tty\u00e4 Ke\u0161\u0161et\u00e4h-n\u00e4yttely\u0161t\u00e4 n\u00e4k\u00f6m\u00e4tt\u00e4, \u0161ent\u00e4h juoksin juna\u0161ta pi\u00e4 kolmantena jalkana Ok\u0161asenkavulla 11.&nbsp;Pi\u00e4\u0161ty\u00f6 paikalla pietyin ottamah kuvua \u0161uuren ikkunan eteh, kumpase\u0161\u0161a \u010domenteliutu n\u00e4yttelyk\u0161en nimi ta kojika\u0161 kirjapol\u010d\u010da lamppuneh, kev\u00e4tkukkineh ta divanapieluk\u0161ineh. Tulkua terveh!<\/p>\n\n\n\n<figure class=\"wp-block-image size-large is-resized\"><img loading=\"lazy\" decoding=\"async\" width=\"1024\" height=\"768\" src=\"https:\/\/blogs.uef.fi\/karjalanelvytys\/wp-content\/uploads\/sites\/155\/2025\/03\/20250313_143150-1024x768.jpg\" alt=\"N\u00e4yteikkuna. Taiden\u00e4yttely.\" class=\"wp-image-21816\" style=\"width:597px;height:auto\" srcset=\"https:\/\/blogs.uef.fi\/karjalanelvytys\/wp-content\/uploads\/sites\/155\/2025\/03\/20250313_143150-1024x768.jpg 1024w, https:\/\/blogs.uef.fi\/karjalanelvytys\/wp-content\/uploads\/sites\/155\/2025\/03\/20250313_143150-300x225.jpg 300w, https:\/\/blogs.uef.fi\/karjalanelvytys\/wp-content\/uploads\/sites\/155\/2025\/03\/20250313_143150-768x576.jpg 768w, https:\/\/blogs.uef.fi\/karjalanelvytys\/wp-content\/uploads\/sites\/155\/2025\/03\/20250313_143150-1536x1152.jpg 1536w, https:\/\/blogs.uef.fi\/karjalanelvytys\/wp-content\/uploads\/sites\/155\/2025\/03\/20250313_143150.jpg 2000w\" sizes=\"auto, (max-width: 1024px) 100vw, 1024px\" \/><figcaption class=\"wp-element-caption\">Ke\u0161\u0161et\u00e4h-n\u00e4yttelyk\u0161en tilat pihalta p\u00e4in n\u00e4htyn\u00e4. Ka\u010d\u010dokkua, vierahalla va\u0161tah kiireht\u00e4y taituolija!<\/figcaption><\/figure>\n\n\n\n<p>Va\u0161\u0161a\u0161\u0161a oli taituolija <strong>Mikki Noroila<\/strong>, kumpani \u0161in\u00e4 p\u00e4iv\u00e4n\u00e4 \u0161attu olomah n\u00e4yttelyk\u0161en \u201cvartei\u010d\u010dijana\u201d. Olemma matkuajan opa\u0161\u0161u\u0161vuuvven oloh n\u00e4keytyn Mikin keralla net\u00e4litt\u00e4in P\u00e4iv\u00e4nnou\u0161u-\u0160uomen yliopisson vienankarjalan kielikur\u0161\u0161iloilla verkkoyhtevy\u00f6n kautti. Ta nyt loittotuttavu\u0161\u0161unnan j\u00e4lkeh olima j\u00e4lkim\u00f6iten n\u2019okakkah ta karjalan pakinat ei tahottu loppuo. Kukkahat kummat!<\/p>\n\n\n\n<p>Milma kostitettih \u010d\u00e4ijyll\u00e4 ta \u0161iit\u00e4 kiertim\u00e4 yhe\u0161\u0161\u00e4 n\u00e4yttelyk\u0161en tevok\u0161et. Tevok\u0161ien monipuolisu\u0161 oli vaikuttava, ta tuntoni ollah unohtumattomat. T\u00e4m\u00e4n p\u00e4iv\u00e4n karjalaiset taituolijat tahotah muistua omie pravovanhempie, taijon kautti ko\u0161etetah omah karjalaisuoh, no\u0161\u0161etah peito\u0161\u0161a olijua perinty\u00f6 ta luajitah \u0161iit\u00e4 n\u00e4kyj\u00e4 ta jatkuja.<\/p>\n\n\n\n<figure class=\"wp-block-image size-large is-resized\"><img loading=\"lazy\" decoding=\"async\" width=\"1024\" height=\"1024\" src=\"https:\/\/blogs.uef.fi\/karjalanelvytys\/wp-content\/uploads\/sites\/155\/2025\/03\/IMG_2025-03-21_14-30-47-1024x1024.jpg\" alt=\"Karjalaisia taideteoksia\" class=\"wp-image-21817\" style=\"width:585px;height:auto\" srcset=\"https:\/\/blogs.uef.fi\/karjalanelvytys\/wp-content\/uploads\/sites\/155\/2025\/03\/IMG_2025-03-21_14-30-47-1024x1024.jpg 1024w, https:\/\/blogs.uef.fi\/karjalanelvytys\/wp-content\/uploads\/sites\/155\/2025\/03\/IMG_2025-03-21_14-30-47-300x300.jpg 300w, https:\/\/blogs.uef.fi\/karjalanelvytys\/wp-content\/uploads\/sites\/155\/2025\/03\/IMG_2025-03-21_14-30-47-150x150.jpg 150w, https:\/\/blogs.uef.fi\/karjalanelvytys\/wp-content\/uploads\/sites\/155\/2025\/03\/IMG_2025-03-21_14-30-47-768x768.jpg 768w, https:\/\/blogs.uef.fi\/karjalanelvytys\/wp-content\/uploads\/sites\/155\/2025\/03\/IMG_2025-03-21_14-30-47.jpg 1080w\" sizes=\"auto, (max-width: 1024px) 100vw, 1024px\" \/><figcaption class=\"wp-element-caption\">Ke\u0161\u0161et\u00e4h-taiton\u00e4yttelyn tevok\u0161ie<\/figcaption><\/figure>\n\n\n\n<p><em>\u00c4mm\u00f6n ki\u00e4t<\/em>, kumpasissa kuva\u0161\u0161utah \u201ct\u00e4m\u00e4n- ta tuonilmasien v\u00e4lit\u201d. Evakkojen muisselmien peru\u0161tehella ker\u00e4tty <em>oprasa\u010duppu<\/em> merkkin\u00e4 \u0161iit\u00e4, jotta \u201cke\u0161en ji\u00e4nytt\u00e4 voipi viel\u00e4 paikata\u201d. &nbsp;<em>Kuoliensorokka<\/em>, kumpasen h\u00e4nn\u00e4\u0161\u0161\u00e4 el\u00e4y kantajan v\u00e4ki, \u201cmity\u0161 v\u00e4ki?\u201d. <em>Muamon ru\u0161kiet tukat<\/em> ta <em>\u00e4mm\u00f6lt\u00e4 perityt tekstiilit<\/em> perehen \u201cstarinankertojina\u201d. Matka karjalaisuon tutkimuk\u0161en yjinkohtah ta <em>kuvatut pakinat <\/em>karjalan kielen kehitt\u00e4j\u00e4n keralla, \u201cassimilatijon loito\u0161kantaset vaikutuk\u0161et\u201d i\u010de\u0161\u0161\u00e4 tevok\u0161en luatija\u0161\u0161a. \u201cTa\u010dmat\u201d, kumpaset vihjatah va\u0161\u0161uk\u0161ena piettyh karjalaisuoh, ka \u0161e ottau ta nou\u0161ou <em>ru\u0161kienpoiminnan ornamenttina<\/em>. Yhteh oman \u0161uvun istorielliseh faktah pohjautuja videotevo\u0161, kumpase\u0161\u0161a vessel\u00e4h luatuh sko\u010ditah ei ihan lykyll\u00e4 otetut kuvat ta er\u00e4h\u00e4t arhiiva-ainehet, a niijen <em>episodillisen \u0161ijottelun<\/em> kautti pi\u00e4\u0161\u00f6y kiini karjalaisen istorijan loukkoloih. El\u00e4vy\u00e4, t\u00e4\u0161\u0161\u00e4 ta nyt mi\u00e4n ie\u0161\u0161\u00e4 nousijua karjalaista taijehta.<\/p>\n\n\n\n<figure class=\"wp-block-image size-large is-resized\"><img loading=\"lazy\" decoding=\"async\" width=\"1024\" height=\"1024\" src=\"https:\/\/blogs.uef.fi\/karjalanelvytys\/wp-content\/uploads\/sites\/155\/2025\/03\/IMG_2025-03-21_14-43-54-1024x1024.jpg\" alt=\"Karjalaista taidetta\" class=\"wp-image-21818\" style=\"width:540px;height:auto\" srcset=\"https:\/\/blogs.uef.fi\/karjalanelvytys\/wp-content\/uploads\/sites\/155\/2025\/03\/IMG_2025-03-21_14-43-54-1024x1024.jpg 1024w, https:\/\/blogs.uef.fi\/karjalanelvytys\/wp-content\/uploads\/sites\/155\/2025\/03\/IMG_2025-03-21_14-43-54-300x300.jpg 300w, https:\/\/blogs.uef.fi\/karjalanelvytys\/wp-content\/uploads\/sites\/155\/2025\/03\/IMG_2025-03-21_14-43-54-150x150.jpg 150w, https:\/\/blogs.uef.fi\/karjalanelvytys\/wp-content\/uploads\/sites\/155\/2025\/03\/IMG_2025-03-21_14-43-54-768x768.jpg 768w, https:\/\/blogs.uef.fi\/karjalanelvytys\/wp-content\/uploads\/sites\/155\/2025\/03\/IMG_2025-03-21_14-43-54.jpg 1080w\" sizes=\"auto, (max-width: 1024px) 100vw, 1024px\" \/><figcaption class=\"wp-element-caption\">Ke\u0161\u0161et\u00e4h-taiton\u00e4yttelyk\u0161en tevok\u0161ie<\/figcaption><\/figure>\n\n\n\n<p>Ke\u0161\u0161et\u00e4h, taituolijat: <strong>Papu Hyypi\u00e4, Henna Hyv\u00e4rinen, Hannele Kumpulainen, Mikki Noroila, Reeta Suvanto <\/strong>ta<strong> Lumi Tuomi.<\/strong><\/p>\n\n\n\n<p>On aika pietty\u00f6 ta smiettie, mimmoista \u201cyhtehist\u00e4 muistuo my\u00f6 kuvomma\u201d ta mit\u00e4 tuomma t\u00e4h aikah. Passipo, Ke\u0161\u0161et\u00e4h, kotvasek\u0161i piett\u00e4mise\u0161t\u00e4, ke\u0161\u0161\u00e4n a\u0161tuo iell\u00e4h.<\/p>\n\n\n\n<p>Ke\u0161\u0161et\u00e4h-n\u00e4yttely\u0161 ruatau 29.3. \u0161uaten. T\u00e4n\u00e4pi\u00e4n\u00e4 pi\u00e4tin\u010d\u010d\u00e4n\u00e4 21.3. Ke\u0161\u0161et\u00e4h-ruatojoukko ku\u010d\u010duu illa\u010d\u010duh \u010d 18\u201321 (Oksasenkatu 11, Helsinki).<\/p>\n\n\n\n<p><a href=\"https:\/\/oksasenkatu11.fi\/keeth\" target=\"_blank\" rel=\"noreferrer noopener\">Linkki Ke\u0161\u0161et\u00e4h-n\u00e4yttelyk\u0161en \u0161ivulla<\/a>.<\/p>\n\n\n\n<p>Kirjutuk\u0161e\u0161\u0161a on k\u00e4ytetty taitotevok\u0161ih liittyjie tekstij\u00e4, kumpasien ki\u00e4nt\u00e4mise\u0161\u0161\u00e4 on auttan karjalan elvytyk\u0161en ruatojoukko.<\/p>\n","protected":false},"excerpt":{"rendered":"<p>Teksti ta kuvat: Olga Karlova M\u00e4nn\u00e4 net\u00e4lill\u00e4 milma \u00e4ij\u00e4lti lyky\u0161ti, \u010dokkain k\u00e4yv\u00e4 Ke\u0161\u0161et\u00e4h-taiton\u00e4yttelyk\u0161eh. Karjalaista taituo voipi ihual\u2019l\u2019a melki ke\u0161kilinna\u0161\u0161a Helsinkiss\u00e4. Nuoret karjalaiset taituolijat no\u0161\u0161etah pi\u00e4t\u00e4h ta viel\u00e4i karjalak\u0161i. Milma karjalankielist\u00e4 karjalaista t\u00e4mm\u00f6ni tielo ka\u010do \u0161iivitt\u00e4y. Joven\u0161uun juna oli tua\u0161\u0161en my\u00f6h\u00e4\u0161\u0161\u00e4 ta miula tuli kiireh, kun toini my\u00f6hempi va\u0161tauvunta oli jo etukynteh \u0161ovittu. En nikuin tahton [&hellip;]<\/p>\n","protected":false},"author":480,"featured_media":0,"comment_status":"open","ping_status":"open","sticky":false,"template":"","format":"standard","meta":{"_acf_changed":false,"footnotes":""},"categories":[1],"tags":[46],"class_list":["post-21815","post","type-post","status-publish","format-standard","hentry","category-uncategorized","tag-elvytyshankkeen-toiminta-ja-kuulumiset"],"acf":[],"yoast_head":"<!-- This site is optimized with the Yoast SEO plugin v27.3 - https:\/\/yoast.com\/product\/yoast-seo-wordpress\/ -->\n<title>Ke\u0161\u0161et\u00e4h-taiton\u00e4yttely\u0161 Helsinkiss\u00e4 - Karjalan kielen elvytt\u00e4minen<\/title>\n<meta name=\"robots\" content=\"index, follow, max-snippet:-1, max-image-preview:large, max-video-preview:-1\" \/>\n<link rel=\"canonical\" href=\"https:\/\/blogs.uef.fi\/karjalanelvytys\/2025\/03\/21\/kessetah-taitonayttelys-helsinkissa\/\" \/>\n<meta property=\"og:locale\" content=\"fi_FI\" \/>\n<meta property=\"og:type\" content=\"article\" \/>\n<meta property=\"og:title\" content=\"Ke\u0161\u0161et\u00e4h-taiton\u00e4yttely\u0161 Helsinkiss\u00e4 - Karjalan kielen elvytt\u00e4minen\" \/>\n<meta property=\"og:description\" content=\"Teksti ta kuvat: Olga Karlova M\u00e4nn\u00e4 net\u00e4lill\u00e4 milma \u00e4ij\u00e4lti lyky\u0161ti, \u010dokkain k\u00e4yv\u00e4 Ke\u0161\u0161et\u00e4h-taiton\u00e4yttelyk\u0161eh. Karjalaista taituo voipi ihual\u2019l\u2019a melki ke\u0161kilinna\u0161\u0161a Helsinkiss\u00e4. Nuoret karjalaiset taituolijat no\u0161\u0161etah pi\u00e4t\u00e4h ta viel\u00e4i karjalak\u0161i. Milma karjalankielist\u00e4 karjalaista t\u00e4mm\u00f6ni tielo ka\u010do \u0161iivitt\u00e4y. Joven\u0161uun juna oli tua\u0161\u0161en my\u00f6h\u00e4\u0161\u0161\u00e4 ta miula tuli kiireh, kun toini my\u00f6hempi va\u0161tauvunta oli jo etukynteh \u0161ovittu. En nikuin tahton [&hellip;]\" \/>\n<meta property=\"og:url\" content=\"https:\/\/blogs.uef.fi\/karjalanelvytys\/2025\/03\/21\/kessetah-taitonayttelys-helsinkissa\/\" \/>\n<meta property=\"og:site_name\" content=\"Karjalan kielen elvytt\u00e4minen\" \/>\n<meta property=\"article:published_time\" content=\"2025-03-21T12:49:22+00:00\" \/>\n<meta property=\"article:modified_time\" content=\"2026-02-11T09:03:29+00:00\" \/>\n<meta property=\"og:image\" content=\"https:\/\/blogs.uef.fi\/karjalanelvytys\/wp-content\/uploads\/sites\/155\/2025\/03\/20250313_143150.jpg\" \/>\n\t<meta property=\"og:image:width\" content=\"2000\" \/>\n\t<meta property=\"og:image:height\" content=\"1500\" \/>\n\t<meta property=\"og:image:type\" content=\"image\/jpeg\" \/>\n<meta name=\"author\" content=\"Olga Karlova\" \/>\n<meta name=\"twitter:card\" content=\"summary_large_image\" \/>\n<meta name=\"twitter:label1\" content=\"Kirjoittanut\" \/>\n\t<meta name=\"twitter:data1\" content=\"Olga Karlova\" \/>\n<script type=\"application\/ld+json\" class=\"yoast-schema-graph\">{\"@context\":\"https:\\\/\\\/schema.org\",\"@graph\":[{\"@type\":\"Article\",\"@id\":\"https:\\\/\\\/blogs.uef.fi\\\/karjalanelvytys\\\/2025\\\/03\\\/21\\\/kessetah-taitonayttelys-helsinkissa\\\/#article\",\"isPartOf\":{\"@id\":\"https:\\\/\\\/blogs.uef.fi\\\/karjalanelvytys\\\/2025\\\/03\\\/21\\\/kessetah-taitonayttelys-helsinkissa\\\/\"},\"author\":{\"name\":\"Olga Karlova\",\"@id\":\"https:\\\/\\\/blogs.uef.fi\\\/karjalanelvytys\\\/#\\\/schema\\\/person\\\/703250f200e77ceba45ec4dbca35c3f0\"},\"headline\":\"Ke\u0161\u0161et\u00e4h-taiton\u00e4yttely\u0161 Helsinkiss\u00e4\",\"datePublished\":\"2025-03-21T12:49:22+00:00\",\"dateModified\":\"2026-02-11T09:03:29+00:00\",\"mainEntityOfPage\":{\"@id\":\"https:\\\/\\\/blogs.uef.fi\\\/karjalanelvytys\\\/2025\\\/03\\\/21\\\/kessetah-taitonayttelys-helsinkissa\\\/\"},\"wordCount\":528,\"commentCount\":0,\"image\":{\"@id\":\"https:\\\/\\\/blogs.uef.fi\\\/karjalanelvytys\\\/2025\\\/03\\\/21\\\/kessetah-taitonayttelys-helsinkissa\\\/#primaryimage\"},\"thumbnailUrl\":\"https:\\\/\\\/blogs.uef.fi\\\/karjalanelvytys\\\/wp-content\\\/uploads\\\/sites\\\/155\\\/2025\\\/03\\\/20250313_143150-1024x768.jpg\",\"keywords\":[\"elvytyshankkeen toiminta ja kuulumiset\"],\"articleSection\":[\"Uncategorized\"],\"inLanguage\":\"fi\",\"potentialAction\":[{\"@type\":\"CommentAction\",\"name\":\"Comment\",\"target\":[\"https:\\\/\\\/blogs.uef.fi\\\/karjalanelvytys\\\/2025\\\/03\\\/21\\\/kessetah-taitonayttelys-helsinkissa\\\/#respond\"]}]},{\"@type\":\"WebPage\",\"@id\":\"https:\\\/\\\/blogs.uef.fi\\\/karjalanelvytys\\\/2025\\\/03\\\/21\\\/kessetah-taitonayttelys-helsinkissa\\\/\",\"url\":\"https:\\\/\\\/blogs.uef.fi\\\/karjalanelvytys\\\/2025\\\/03\\\/21\\\/kessetah-taitonayttelys-helsinkissa\\\/\",\"name\":\"Ke\u0161\u0161et\u00e4h-taiton\u00e4yttely\u0161 Helsinkiss\u00e4 - Karjalan kielen elvytt\u00e4minen\",\"isPartOf\":{\"@id\":\"https:\\\/\\\/blogs.uef.fi\\\/karjalanelvytys\\\/#website\"},\"primaryImageOfPage\":{\"@id\":\"https:\\\/\\\/blogs.uef.fi\\\/karjalanelvytys\\\/2025\\\/03\\\/21\\\/kessetah-taitonayttelys-helsinkissa\\\/#primaryimage\"},\"image\":{\"@id\":\"https:\\\/\\\/blogs.uef.fi\\\/karjalanelvytys\\\/2025\\\/03\\\/21\\\/kessetah-taitonayttelys-helsinkissa\\\/#primaryimage\"},\"thumbnailUrl\":\"https:\\\/\\\/blogs.uef.fi\\\/karjalanelvytys\\\/wp-content\\\/uploads\\\/sites\\\/155\\\/2025\\\/03\\\/20250313_143150-1024x768.jpg\",\"datePublished\":\"2025-03-21T12:49:22+00:00\",\"dateModified\":\"2026-02-11T09:03:29+00:00\",\"author\":{\"@id\":\"https:\\\/\\\/blogs.uef.fi\\\/karjalanelvytys\\\/#\\\/schema\\\/person\\\/703250f200e77ceba45ec4dbca35c3f0\"},\"breadcrumb\":{\"@id\":\"https:\\\/\\\/blogs.uef.fi\\\/karjalanelvytys\\\/2025\\\/03\\\/21\\\/kessetah-taitonayttelys-helsinkissa\\\/#breadcrumb\"},\"inLanguage\":\"fi\",\"potentialAction\":[{\"@type\":\"ReadAction\",\"target\":[\"https:\\\/\\\/blogs.uef.fi\\\/karjalanelvytys\\\/2025\\\/03\\\/21\\\/kessetah-taitonayttelys-helsinkissa\\\/\"]}]},{\"@type\":\"ImageObject\",\"inLanguage\":\"fi\",\"@id\":\"https:\\\/\\\/blogs.uef.fi\\\/karjalanelvytys\\\/2025\\\/03\\\/21\\\/kessetah-taitonayttelys-helsinkissa\\\/#primaryimage\",\"url\":\"https:\\\/\\\/blogs.uef.fi\\\/karjalanelvytys\\\/wp-content\\\/uploads\\\/sites\\\/155\\\/2025\\\/03\\\/20250313_143150.jpg\",\"contentUrl\":\"https:\\\/\\\/blogs.uef.fi\\\/karjalanelvytys\\\/wp-content\\\/uploads\\\/sites\\\/155\\\/2025\\\/03\\\/20250313_143150.jpg\",\"width\":2000,\"height\":1500,\"caption\":\"Ke\u0161\u0161et\u00e4h -n\u00e4yttelyk\u0161en tilat pihalta p\u00e4in n\u00e4htyn\u00e4. Ka\u010d\u010dokkua, viera\u0161ta va\u0161tah kiireht\u00e4y taituolija.\"},{\"@type\":\"BreadcrumbList\",\"@id\":\"https:\\\/\\\/blogs.uef.fi\\\/karjalanelvytys\\\/2025\\\/03\\\/21\\\/kessetah-taitonayttelys-helsinkissa\\\/#breadcrumb\",\"itemListElement\":[{\"@type\":\"ListItem\",\"position\":1,\"name\":\"Home\",\"item\":\"https:\\\/\\\/blogs.uef.fi\\\/karjalanelvytys\\\/\"},{\"@type\":\"ListItem\",\"position\":2,\"name\":\"Ke\u0161\u0161et\u00e4h-taiton\u00e4yttely\u0161 Helsinkiss\u00e4\"}]},{\"@type\":\"WebSite\",\"@id\":\"https:\\\/\\\/blogs.uef.fi\\\/karjalanelvytys\\\/#website\",\"url\":\"https:\\\/\\\/blogs.uef.fi\\\/karjalanelvytys\\\/\",\"name\":\"Karjalan kielen elvytt\u00e4minen\",\"description\":\"\",\"potentialAction\":[{\"@type\":\"SearchAction\",\"target\":{\"@type\":\"EntryPoint\",\"urlTemplate\":\"https:\\\/\\\/blogs.uef.fi\\\/karjalanelvytys\\\/?s={search_term_string}\"},\"query-input\":{\"@type\":\"PropertyValueSpecification\",\"valueRequired\":true,\"valueName\":\"search_term_string\"}}],\"inLanguage\":\"fi\"},{\"@type\":\"Person\",\"@id\":\"https:\\\/\\\/blogs.uef.fi\\\/karjalanelvytys\\\/#\\\/schema\\\/person\\\/703250f200e77ceba45ec4dbca35c3f0\",\"name\":\"Olga Karlova\",\"image\":{\"@type\":\"ImageObject\",\"inLanguage\":\"fi\",\"@id\":\"https:\\\/\\\/secure.gravatar.com\\\/avatar\\\/5e8092c0420e53db4f0a5a446e30af8b8b94f8b6e86edd48edac9d4ffd6d322d?s=96&d=mm&r=g\",\"url\":\"https:\\\/\\\/secure.gravatar.com\\\/avatar\\\/5e8092c0420e53db4f0a5a446e30af8b8b94f8b6e86edd48edac9d4ffd6d322d?s=96&d=mm&r=g\",\"contentUrl\":\"https:\\\/\\\/secure.gravatar.com\\\/avatar\\\/5e8092c0420e53db4f0a5a446e30af8b8b94f8b6e86edd48edac9d4ffd6d322d?s=96&d=mm&r=g\",\"caption\":\"Olga Karlova\"},\"url\":\"https:\\\/\\\/blogs.uef.fi\\\/karjalanelvytys\\\/author\\\/karlova\\\/\"}]}<\/script>\n<!-- \/ Yoast SEO plugin. -->","yoast_head_json":{"title":"Ke\u0161\u0161et\u00e4h-taiton\u00e4yttely\u0161 Helsinkiss\u00e4 - Karjalan kielen elvytt\u00e4minen","robots":{"index":"index","follow":"follow","max-snippet":"max-snippet:-1","max-image-preview":"max-image-preview:large","max-video-preview":"max-video-preview:-1"},"canonical":"https:\/\/blogs.uef.fi\/karjalanelvytys\/2025\/03\/21\/kessetah-taitonayttelys-helsinkissa\/","og_locale":"fi_FI","og_type":"article","og_title":"Ke\u0161\u0161et\u00e4h-taiton\u00e4yttely\u0161 Helsinkiss\u00e4 - Karjalan kielen elvytt\u00e4minen","og_description":"Teksti ta kuvat: Olga Karlova M\u00e4nn\u00e4 net\u00e4lill\u00e4 milma \u00e4ij\u00e4lti lyky\u0161ti, \u010dokkain k\u00e4yv\u00e4 Ke\u0161\u0161et\u00e4h-taiton\u00e4yttelyk\u0161eh. Karjalaista taituo voipi ihual\u2019l\u2019a melki ke\u0161kilinna\u0161\u0161a Helsinkiss\u00e4. Nuoret karjalaiset taituolijat no\u0161\u0161etah pi\u00e4t\u00e4h ta viel\u00e4i karjalak\u0161i. Milma karjalankielist\u00e4 karjalaista t\u00e4mm\u00f6ni tielo ka\u010do \u0161iivitt\u00e4y. Joven\u0161uun juna oli tua\u0161\u0161en my\u00f6h\u00e4\u0161\u0161\u00e4 ta miula tuli kiireh, kun toini my\u00f6hempi va\u0161tauvunta oli jo etukynteh \u0161ovittu. En nikuin tahton [&hellip;]","og_url":"https:\/\/blogs.uef.fi\/karjalanelvytys\/2025\/03\/21\/kessetah-taitonayttelys-helsinkissa\/","og_site_name":"Karjalan kielen elvytt\u00e4minen","article_published_time":"2025-03-21T12:49:22+00:00","article_modified_time":"2026-02-11T09:03:29+00:00","og_image":[{"width":2000,"height":1500,"url":"https:\/\/blogs.uef.fi\/karjalanelvytys\/wp-content\/uploads\/sites\/155\/2025\/03\/20250313_143150.jpg","type":"image\/jpeg"}],"author":"Olga Karlova","twitter_card":"summary_large_image","twitter_misc":{"Kirjoittanut":"Olga Karlova"},"schema":{"@context":"https:\/\/schema.org","@graph":[{"@type":"Article","@id":"https:\/\/blogs.uef.fi\/karjalanelvytys\/2025\/03\/21\/kessetah-taitonayttelys-helsinkissa\/#article","isPartOf":{"@id":"https:\/\/blogs.uef.fi\/karjalanelvytys\/2025\/03\/21\/kessetah-taitonayttelys-helsinkissa\/"},"author":{"name":"Olga Karlova","@id":"https:\/\/blogs.uef.fi\/karjalanelvytys\/#\/schema\/person\/703250f200e77ceba45ec4dbca35c3f0"},"headline":"Ke\u0161\u0161et\u00e4h-taiton\u00e4yttely\u0161 Helsinkiss\u00e4","datePublished":"2025-03-21T12:49:22+00:00","dateModified":"2026-02-11T09:03:29+00:00","mainEntityOfPage":{"@id":"https:\/\/blogs.uef.fi\/karjalanelvytys\/2025\/03\/21\/kessetah-taitonayttelys-helsinkissa\/"},"wordCount":528,"commentCount":0,"image":{"@id":"https:\/\/blogs.uef.fi\/karjalanelvytys\/2025\/03\/21\/kessetah-taitonayttelys-helsinkissa\/#primaryimage"},"thumbnailUrl":"https:\/\/blogs.uef.fi\/karjalanelvytys\/wp-content\/uploads\/sites\/155\/2025\/03\/20250313_143150-1024x768.jpg","keywords":["elvytyshankkeen toiminta ja kuulumiset"],"articleSection":["Uncategorized"],"inLanguage":"fi","potentialAction":[{"@type":"CommentAction","name":"Comment","target":["https:\/\/blogs.uef.fi\/karjalanelvytys\/2025\/03\/21\/kessetah-taitonayttelys-helsinkissa\/#respond"]}]},{"@type":"WebPage","@id":"https:\/\/blogs.uef.fi\/karjalanelvytys\/2025\/03\/21\/kessetah-taitonayttelys-helsinkissa\/","url":"https:\/\/blogs.uef.fi\/karjalanelvytys\/2025\/03\/21\/kessetah-taitonayttelys-helsinkissa\/","name":"Ke\u0161\u0161et\u00e4h-taiton\u00e4yttely\u0161 Helsinkiss\u00e4 - Karjalan kielen elvytt\u00e4minen","isPartOf":{"@id":"https:\/\/blogs.uef.fi\/karjalanelvytys\/#website"},"primaryImageOfPage":{"@id":"https:\/\/blogs.uef.fi\/karjalanelvytys\/2025\/03\/21\/kessetah-taitonayttelys-helsinkissa\/#primaryimage"},"image":{"@id":"https:\/\/blogs.uef.fi\/karjalanelvytys\/2025\/03\/21\/kessetah-taitonayttelys-helsinkissa\/#primaryimage"},"thumbnailUrl":"https:\/\/blogs.uef.fi\/karjalanelvytys\/wp-content\/uploads\/sites\/155\/2025\/03\/20250313_143150-1024x768.jpg","datePublished":"2025-03-21T12:49:22+00:00","dateModified":"2026-02-11T09:03:29+00:00","author":{"@id":"https:\/\/blogs.uef.fi\/karjalanelvytys\/#\/schema\/person\/703250f200e77ceba45ec4dbca35c3f0"},"breadcrumb":{"@id":"https:\/\/blogs.uef.fi\/karjalanelvytys\/2025\/03\/21\/kessetah-taitonayttelys-helsinkissa\/#breadcrumb"},"inLanguage":"fi","potentialAction":[{"@type":"ReadAction","target":["https:\/\/blogs.uef.fi\/karjalanelvytys\/2025\/03\/21\/kessetah-taitonayttelys-helsinkissa\/"]}]},{"@type":"ImageObject","inLanguage":"fi","@id":"https:\/\/blogs.uef.fi\/karjalanelvytys\/2025\/03\/21\/kessetah-taitonayttelys-helsinkissa\/#primaryimage","url":"https:\/\/blogs.uef.fi\/karjalanelvytys\/wp-content\/uploads\/sites\/155\/2025\/03\/20250313_143150.jpg","contentUrl":"https:\/\/blogs.uef.fi\/karjalanelvytys\/wp-content\/uploads\/sites\/155\/2025\/03\/20250313_143150.jpg","width":2000,"height":1500,"caption":"Ke\u0161\u0161et\u00e4h -n\u00e4yttelyk\u0161en tilat pihalta p\u00e4in n\u00e4htyn\u00e4. Ka\u010d\u010dokkua, viera\u0161ta va\u0161tah kiireht\u00e4y taituolija."},{"@type":"BreadcrumbList","@id":"https:\/\/blogs.uef.fi\/karjalanelvytys\/2025\/03\/21\/kessetah-taitonayttelys-helsinkissa\/#breadcrumb","itemListElement":[{"@type":"ListItem","position":1,"name":"Home","item":"https:\/\/blogs.uef.fi\/karjalanelvytys\/"},{"@type":"ListItem","position":2,"name":"Ke\u0161\u0161et\u00e4h-taiton\u00e4yttely\u0161 Helsinkiss\u00e4"}]},{"@type":"WebSite","@id":"https:\/\/blogs.uef.fi\/karjalanelvytys\/#website","url":"https:\/\/blogs.uef.fi\/karjalanelvytys\/","name":"Karjalan kielen elvytt\u00e4minen","description":"","potentialAction":[{"@type":"SearchAction","target":{"@type":"EntryPoint","urlTemplate":"https:\/\/blogs.uef.fi\/karjalanelvytys\/?s={search_term_string}"},"query-input":{"@type":"PropertyValueSpecification","valueRequired":true,"valueName":"search_term_string"}}],"inLanguage":"fi"},{"@type":"Person","@id":"https:\/\/blogs.uef.fi\/karjalanelvytys\/#\/schema\/person\/703250f200e77ceba45ec4dbca35c3f0","name":"Olga Karlova","image":{"@type":"ImageObject","inLanguage":"fi","@id":"https:\/\/secure.gravatar.com\/avatar\/5e8092c0420e53db4f0a5a446e30af8b8b94f8b6e86edd48edac9d4ffd6d322d?s=96&d=mm&r=g","url":"https:\/\/secure.gravatar.com\/avatar\/5e8092c0420e53db4f0a5a446e30af8b8b94f8b6e86edd48edac9d4ffd6d322d?s=96&d=mm&r=g","contentUrl":"https:\/\/secure.gravatar.com\/avatar\/5e8092c0420e53db4f0a5a446e30af8b8b94f8b6e86edd48edac9d4ffd6d322d?s=96&d=mm&r=g","caption":"Olga Karlova"},"url":"https:\/\/blogs.uef.fi\/karjalanelvytys\/author\/karlova\/"}]}},"_links":{"self":[{"href":"https:\/\/blogs.uef.fi\/karjalanelvytys\/wp-json\/wp\/v2\/posts\/21815","targetHints":{"allow":["GET"]}}],"collection":[{"href":"https:\/\/blogs.uef.fi\/karjalanelvytys\/wp-json\/wp\/v2\/posts"}],"about":[{"href":"https:\/\/blogs.uef.fi\/karjalanelvytys\/wp-json\/wp\/v2\/types\/post"}],"author":[{"embeddable":true,"href":"https:\/\/blogs.uef.fi\/karjalanelvytys\/wp-json\/wp\/v2\/users\/480"}],"replies":[{"embeddable":true,"href":"https:\/\/blogs.uef.fi\/karjalanelvytys\/wp-json\/wp\/v2\/comments?post=21815"}],"version-history":[{"count":1,"href":"https:\/\/blogs.uef.fi\/karjalanelvytys\/wp-json\/wp\/v2\/posts\/21815\/revisions"}],"predecessor-version":[{"id":21841,"href":"https:\/\/blogs.uef.fi\/karjalanelvytys\/wp-json\/wp\/v2\/posts\/21815\/revisions\/21841"}],"wp:attachment":[{"href":"https:\/\/blogs.uef.fi\/karjalanelvytys\/wp-json\/wp\/v2\/media?parent=21815"}],"wp:term":[{"taxonomy":"category","embeddable":true,"href":"https:\/\/blogs.uef.fi\/karjalanelvytys\/wp-json\/wp\/v2\/categories?post=21815"},{"taxonomy":"post_tag","embeddable":true,"href":"https:\/\/blogs.uef.fi\/karjalanelvytys\/wp-json\/wp\/v2\/tags?post=21815"}],"curies":[{"name":"wp","href":"https:\/\/api.w.org\/{rel}","templated":true}]}}