{"id":21787,"date":"2025-03-14T12:50:38","date_gmt":"2025-03-14T10:50:38","guid":{"rendered":"https:\/\/blogs.uef.fi\/karjalanelvytys\/?p=21787"},"modified":"2026-02-11T11:03:39","modified_gmt":"2026-02-11T09:03:39","slug":"karjalankieline-kniigukluubu-jovensuus-26-3-6-5","status":"publish","type":"post","link":"https:\/\/blogs.uef.fi\/karjalanelvytys\/2025\/03\/14\/karjalankieline-kniigukluubu-jovensuus-26-3-6-5\/","title":{"rendered":"Karjalankieline kniigukluubu Jovensuus 26.3.\u20136.5."},"content":{"rendered":"\n<p>Tulgua terveh karjalankielizeh kniigukluubah! T\u00e4m\u00e4 ku\u010d\u010du on jullattu suomekse da karjalakse (suomenkieline tekstu alemba).<\/p>\n\n\n\n<h3 class=\"wp-block-heading\">Karjalakse<\/h3>\n\n\n\n<p>Luvemmo yhtes pala-palal <strong>Leena Lehtolazen<\/strong>\u00a0H\u00e4i eli pajol -kniigan (suom. Ensimm\u00e4inen murhani), kuduan <strong>Maria Kuismin<\/strong>\u00a0on ki\u00e4nd\u00e4nyh livvinkarjalakse. Kniigas on 197 sivuu da se on kniigukluubah ni\u0161koi juattu kolmeh nenga 65 sivun vuittih. Jogahizen vuitin lugemizeh ni\u0161koi on aigua kaksi ned\u00e4lii. Vastavummo enne lugemizen allandua da jogahizen vuitin lugemizen j\u00e4lgeh. Voit pi\u00e4tti\u00e4 i\u010de, tuletgo ker\u00e4le joga vastavundah vai vaigu ezm\u00e4zele da j\u00e4lgim\u00e4zele kerrale.<\/p>\n\n\n\n<h5 class=\"wp-block-heading\">Kniigukluuban pluanu:<\/h5>\n\n\n\n<ul class=\"wp-block-list\">\n<li><strong>Ezm\u00e4ine vastavundu<\/strong> (algupagin da kniigoin juandu): kolmasp\u00e4ivy 26.3. \u010d 17\u201318<\/li>\n\n\n\n<li><strong>Ezm\u00e4ine luguvuitti<\/strong>: sivut 1\u201366<\/li>\n\n\n\n<li><strong>Toine vastavundu<\/strong>: toinargi 8.4. \u010d 17\u201318<\/li>\n\n\n\n<li><strong>Toine luguvuitti<\/strong>: sivut 67\u2013132<\/li>\n\n\n\n<li><strong>Kolmas vastavundu<\/strong>: kolmasp\u00e4ivy 23.4. \u010d 17\u201318<\/li>\n\n\n\n<li><strong>Kolmas luguvuitti<\/strong>: sivut 133\u2013197<\/li>\n\n\n\n<li><strong>J\u00e4lgim\u00e4ine vastavundu<\/strong>: toinargi 6.5. \u010d 17\u201318<\/li>\n<\/ul>\n\n\n\n<p>Vastavummo ainos P\u00e4iv\u00e4nnouzu-Suomen yliopiston Jovensuun kampuksel. Vastavundukohtu on Aurora-huonuksen kaminperti.<\/p>\n\n\n\n<p>Karjalan Sivistysseura on andanuh kniigukluubale podarkakse H\u00e4i eli pajol -kniigua. Kniigukluubah voit ilmoittuakseh Webropol-ankietal da kymmene ezm\u00e4sty kniigua omakse pakinnuttu suajah sen ilmai. Kluubah voibi\u00a0ottua ozua en\u00e4m kymmendy ristikanzua, send\u00e4h gu kniigua voit se\u017eo ostua Karjalan Sivistysseuran verkolaukas libo ottua laihinah kirjastos. Kerro Webropol-ankietal, tahtotgo kniigan vai ostatgo sen i\u010de. Kerrommo sinule s\u00e4hk\u00f6po\u0161ta\u010di 1\u20132 ruadop\u00e4iv\u00e4n kulujes ankietan ty\u00f6nd\u00e4mizes, ongo sinule t\u00e4ydynyh kniigua.<\/p>\n\n\n\n<p><a href=\"https:\/\/link.webropolsurveys.com\/S\/6B053CCBF8D8AD94\">Linku Webropol-ankietale.<\/a><\/p>\n\n\n\n<p><a href=\"https:\/\/www.karjalansivistysseura.fi\/tuote\/leena-lehtolainen-hai-eli-pajol-maria-kallio-dekku\/\">Linku kniigah Karjalan Sivistysseuran verkolaukas.<\/a><\/p>\n\n\n\n<p>Vastavundois pagizemmo kniigan tapahtumis da karjalakse lugemizes. Vastavundois voit paista kaikil karjalan murdehil da\/libo suomekse. Niil\u00f6ih voit\u00a0ottua ozua, hos etni<strong> <\/strong>olisgi ehtinyh lugie kogo vuittii (et varanne juonnehpal\u2019l\u2019astuksii) libo pagizet\u00a0karjalakse vaigu v\u00e4h\u00e4zen. Opastummo lugemah da pagizemah yhtes!<\/p>\n\n\n\n<figure class=\"wp-block-image size-full is-resized\"><img loading=\"lazy\" decoding=\"async\" width=\"397\" height=\"553\" src=\"https:\/\/blogs.uef.fi\/karjalanelvytys\/wp-content\/uploads\/sites\/155\/2025\/03\/KSS-kansikuva-Hai-eli-pajol.png\" alt=\"\" class=\"wp-image-21788\" style=\"width:auto;height:400px\" srcset=\"https:\/\/blogs.uef.fi\/karjalanelvytys\/wp-content\/uploads\/sites\/155\/2025\/03\/KSS-kansikuva-Hai-eli-pajol.png 397w, https:\/\/blogs.uef.fi\/karjalanelvytys\/wp-content\/uploads\/sites\/155\/2025\/03\/KSS-kansikuva-Hai-eli-pajol-215x300.png 215w\" sizes=\"auto, (max-width: 397px) 100vw, 397px\" \/><figcaption class=\"wp-element-caption\">H\u00e4i eli pajol -kniigu. Kuva: Karjalan Sivistysseura<\/figcaption><\/figure>\n\n\n\n<h5 class=\"wp-block-heading\">Kniigan kuvavus Karjalan Sivistysseuran verkolaukasp\u00e4i:<\/h5>\n\n\n\n<p>\u201dOpastuihoran harjaitandat-briegut loppietahes, konzu meres l\u00f6ydyy pokoiniekku. Rikoksen sellit\u00e4ndi\u00e4 da horaniekoin v\u00e4lil\u00f6in pengomistu ei avvuta se dielo, ku ker\u00e4hizis on nuoren ylikonstuabelin Maria Kallion vahnua dovari\u0161\u0161ua.<\/p>\n\n\n\n<p>Davai ruadoh, duumai\u010din mid\u00e4tah pi\u00e4lepandavua \u0161kuapase\u010d\u010dijes. Virgujupku oli Pasilas, sit parembat d\u017einsat v\u00e4ltettih. Tukat oldih m\u00e4rr\u00e4t, no kuivuaju vai p\u00f6rhist\u00e4s net ruskiekse tuulenpez\u00e4kse. Opiin vieldi\u00e4 mid\u00e4tah manklua ruskottavah ro\u017eah da irvistin zirkalole. Minulgo, puoskan n\u00e4g\u00f6hizel naizenallul, pid\u00e4s nyg\u00f6i l\u00e4htie zakonan da por\u2019atkan puolistajakse Vuosaaren agjale?&#8221;<\/p>\n\n\n\n<p>Kyzymyksih vastuau <strong>Niko Tynnyrinen <\/strong>(niko.tynnyrinen@uef.fi).<\/p>\n\n\n\n<h3 class=\"wp-block-heading\">Suomeksi<\/h3>\n\n\n\n<p>Luemme yhdess\u00e4 v\u00e4h\u00e4n kerrallaan <strong>Leena Lehtolaisen <\/strong>H\u00e4i eli pajol -kirjan (suom. Ensimm\u00e4inen murhani), jonka <strong>Maria Kuismin <\/strong>on k\u00e4\u00e4nt\u00e4nyt livvinkarjalaksi. Kirjassa on 197 sivua ja se on lukupiiri\u00e4 varten jaettu kolmeen noin 65 sivun osioon. Jokaisen osion lukemiseen on aikaa kaksi viikkoa. Tapaamme ennen lukemisen aloittamista ja jokaisen osion lukemisen j\u00e4lkeen. Voit itse p\u00e4\u00e4tt\u00e4\u00e4, tuletko paikalle kaikkiin tapaamisiin vai vain ensimm\u00e4iselle ja viimeiselle kerralle.<\/p>\n\n\n\n<h5 class=\"wp-block-heading\">Kirjakerhon aikataulu:<\/h5>\n\n\n\n<ul class=\"wp-block-list\">\n<li><strong>Ensimm\u00e4inen tapaaminen<\/strong> (aloituskeskustelu ja kirjojen jakaminen): keskiviikko 26.3. kello 17\u201318<\/li>\n\n\n\n<li><strong>Ensimm\u00e4inen lukuosio<\/strong>: sivut 1\u201366<\/li>\n\n\n\n<li><strong>Toinen tapaaminen<\/strong>: tiistai 8.4. kello 17\u201318<\/li>\n\n\n\n<li><strong>Toinen lukuosio<\/strong>: sivut 67\u2013132<\/li>\n\n\n\n<li><strong>Kolmas tapaaminen<\/strong>: keskiviikko 23.4. kello 17\u201318<\/li>\n\n\n\n<li><strong>Kolmas lukuosio<\/strong>: sivut 133\u2013197<\/li>\n\n\n\n<li><strong>Viimeinen tapaaminen<\/strong>: tiistai 6.5. kello 17\u201318<\/li>\n<\/ul>\n\n\n\n<p>Kokoonnumme aina It\u00e4-Suomen yliopiston Joensuun kampuksella. Tapaamispaikka on Aurora-rakennuksen takkahuone.<\/p>\n\n\n\n<p>Karjalan Sivistysseura on lahjoittanut lukupiirille H\u00e4i eli pajol -kirjoja. Lukupiiriin tulee ilmoittautua Webropol-lomakkeella ja kymmenen ensimm\u00e4isen\u00e4 kirjaa itselleen toivonutta saa sen ilmaiseksi. Lukupiiriin voi kuitenkin osallistua yli kymmenen henke\u00e4, koska kirjan voi my\u00f6s ostaa Karjalan Sivistysseuran verkkokaupasta tai lainata kirjastosta. Kerro Webropol-lomakkeella, tahdotko kirjan vai hankitko sen itse. Ilmoitamme sinulle 1\u20132 arkip\u00e4iv\u00e4n sis\u00e4ll\u00e4 lomakkeen t\u00e4ytt\u00e4misest\u00e4, onko sinulle riitt\u00e4nyt kirja.<\/p>\n\n\n\n<p><a href=\"https:\/\/link.webropolsurveys.com\/S\/6B053CCBF8D8AD94\">Linkki Webropol-lomakkeelle.<\/a><\/p>\n\n\n\n<p><a href=\"https:\/\/www.karjalansivistysseura.fi\/tuote\/leena-lehtolainen-hai-eli-pajol-maria-kallio-dekku\/\">Linkki kirjaan Karjalan Sivistysseuran verkkokaupassa.<\/a><\/p>\n\n\n\n<p>Tapaamisissa keskustellaan kirjan tapahtumista ja karjalaksi lukemisesta. Voit k\u00e4ytt\u00e4\u00e4 tapaamisissa kaikkia karjalan murteita ja\/tai suomea. Voit osallistua, vaikket olisi ehtinyt lukea koko aluetta (ellet pelk\u00e4\u00e4 juonipaljastuksia) tai vaikka puhuisit karjalaksi vain v\u00e4h\u00e4n. Totuttelemme lukemaan ja puhumaan yhdess\u00e4!<\/p>\n\n\n\n<h5 class=\"wp-block-heading\">Kirjan kuvaus Karjalan Sivistysseuran verkkokaupassa (huom. eroaa hieman karjalankielisest\u00e4 kuvauksesta):<\/h5>\n\n\n\n<p>&#8221;Opiskelijakuoron railakkaat harjoitukset helsinkil\u00e4ishuvilalla katkeavat, kun ykk\u00f6sbasso l\u00f6ydet\u00e4\u00e4n rantavedest\u00e4 kuolleena.<\/p>\n\n\n\n<p>Tapaus on n\u00e4yt\u00f6n paikka Maria Kalliolle, jonka tuoretta uraa rikososaston ylikonstaapelina rasittaa se, ett\u00e4 h\u00e4n on sek\u00e4 nuori ett\u00e4 nainen. Kun rikosta aletaan selvitt\u00e4\u00e4, uoron hilpe\u00e4n julkisivun takaa paljastuu katkeria kaunoja ja kiristyneit\u00e4 ihmissuhteita, eik\u00e4 niiden penkomista helpota havainto, ett\u00e4 joukossa on Marian vanhoja kavereita.&#8221;<\/p>\n\n\n\n<p>Kysymyksiin vastaa <strong>Niko Tynnyrinen <\/strong>(niko.tynnyrinen@uef.fi).<\/p>\n","protected":false},"excerpt":{"rendered":"<p>Tulgua terveh karjalankielizeh kniigukluubah! T\u00e4m\u00e4 ku\u010d\u010du on jullattu suomekse da karjalakse (suomenkieline tekstu alemba). Karjalakse Luvemmo yhtes pala-palal Leena Lehtolazen\u00a0H\u00e4i eli pajol -kniigan (suom. Ensimm\u00e4inen murhani), kuduan Maria Kuismin\u00a0on ki\u00e4nd\u00e4nyh livvinkarjalakse. Kniigas on 197 sivuu da se on kniigukluubah ni\u0161koi juattu kolmeh nenga 65 sivun vuittih. Jogahizen vuitin lugemizeh ni\u0161koi on aigua kaksi ned\u00e4lii. Vastavummo [&hellip;]<\/p>\n","protected":false},"author":580,"featured_media":0,"comment_status":"open","ping_status":"open","sticky":false,"template":"","format":"standard","meta":{"_acf_changed":false,"footnotes":""},"categories":[1],"tags":[26],"class_list":["post-21787","post","type-post","status-publish","format-standard","hentry","category-uncategorized","tag-tapahtumat"],"acf":[],"yoast_head":"<!-- This site is optimized with the Yoast SEO plugin v27.3 - https:\/\/yoast.com\/product\/yoast-seo-wordpress\/ -->\n<title>Karjalankieline kniigukluubu Jovensuus 26.3.\u20136.5. - Karjalan kielen elvytt\u00e4minen<\/title>\n<meta name=\"robots\" content=\"index, follow, max-snippet:-1, max-image-preview:large, max-video-preview:-1\" \/>\n<link rel=\"canonical\" href=\"https:\/\/blogs.uef.fi\/karjalanelvytys\/2025\/03\/14\/karjalankieline-kniigukluubu-jovensuus-26-3-6-5\/\" \/>\n<meta property=\"og:locale\" content=\"fi_FI\" \/>\n<meta property=\"og:type\" content=\"article\" \/>\n<meta property=\"og:title\" content=\"Karjalankieline kniigukluubu Jovensuus 26.3.\u20136.5. - Karjalan kielen elvytt\u00e4minen\" \/>\n<meta property=\"og:description\" content=\"Tulgua terveh karjalankielizeh kniigukluubah! T\u00e4m\u00e4 ku\u010d\u010du on jullattu suomekse da karjalakse (suomenkieline tekstu alemba). Karjalakse Luvemmo yhtes pala-palal Leena Lehtolazen\u00a0H\u00e4i eli pajol -kniigan (suom. Ensimm\u00e4inen murhani), kuduan Maria Kuismin\u00a0on ki\u00e4nd\u00e4nyh livvinkarjalakse. Kniigas on 197 sivuu da se on kniigukluubah ni\u0161koi juattu kolmeh nenga 65 sivun vuittih. Jogahizen vuitin lugemizeh ni\u0161koi on aigua kaksi ned\u00e4lii. Vastavummo [&hellip;]\" \/>\n<meta property=\"og:url\" content=\"https:\/\/blogs.uef.fi\/karjalanelvytys\/2025\/03\/14\/karjalankieline-kniigukluubu-jovensuus-26-3-6-5\/\" \/>\n<meta property=\"og:site_name\" content=\"Karjalan kielen elvytt\u00e4minen\" \/>\n<meta property=\"article:published_time\" content=\"2025-03-14T10:50:38+00:00\" \/>\n<meta property=\"article:modified_time\" content=\"2026-02-11T09:03:39+00:00\" \/>\n<meta property=\"og:image\" content=\"https:\/\/blogs.uef.fi\/karjalanelvytys\/wp-content\/uploads\/sites\/155\/2025\/03\/KSS-kansikuva-Hai-eli-pajol.png\" \/>\n\t<meta property=\"og:image:width\" content=\"397\" \/>\n\t<meta property=\"og:image:height\" content=\"553\" \/>\n\t<meta property=\"og:image:type\" content=\"image\/png\" \/>\n<meta name=\"author\" content=\"Niko Tynnyrinen\" \/>\n<meta name=\"twitter:card\" content=\"summary_large_image\" \/>\n<meta name=\"twitter:label1\" content=\"Kirjoittanut\" \/>\n\t<meta name=\"twitter:data1\" content=\"Niko Tynnyrinen\" \/>\n<script type=\"application\/ld+json\" class=\"yoast-schema-graph\">{\"@context\":\"https:\\\/\\\/schema.org\",\"@graph\":[{\"@type\":\"Article\",\"@id\":\"https:\\\/\\\/blogs.uef.fi\\\/karjalanelvytys\\\/2025\\\/03\\\/14\\\/karjalankieline-kniigukluubu-jovensuus-26-3-6-5\\\/#article\",\"isPartOf\":{\"@id\":\"https:\\\/\\\/blogs.uef.fi\\\/karjalanelvytys\\\/2025\\\/03\\\/14\\\/karjalankieline-kniigukluubu-jovensuus-26-3-6-5\\\/\"},\"author\":{\"name\":\"Niko Tynnyrinen\",\"@id\":\"https:\\\/\\\/blogs.uef.fi\\\/karjalanelvytys\\\/#\\\/schema\\\/person\\\/621a5a2d8165cae7989f49c34ac3e845\"},\"headline\":\"Karjalankieline kniigukluubu Jovensuus 26.3.\u20136.5.\",\"datePublished\":\"2025-03-14T10:50:38+00:00\",\"dateModified\":\"2026-02-11T09:03:39+00:00\",\"mainEntityOfPage\":{\"@id\":\"https:\\\/\\\/blogs.uef.fi\\\/karjalanelvytys\\\/2025\\\/03\\\/14\\\/karjalankieline-kniigukluubu-jovensuus-26-3-6-5\\\/\"},\"wordCount\":698,\"commentCount\":0,\"image\":{\"@id\":\"https:\\\/\\\/blogs.uef.fi\\\/karjalanelvytys\\\/2025\\\/03\\\/14\\\/karjalankieline-kniigukluubu-jovensuus-26-3-6-5\\\/#primaryimage\"},\"thumbnailUrl\":\"https:\\\/\\\/blogs.uef.fi\\\/karjalanelvytys\\\/wp-content\\\/uploads\\\/sites\\\/155\\\/2025\\\/03\\\/KSS-kansikuva-Hai-eli-pajol.png\",\"keywords\":[\"tapahtumat\"],\"articleSection\":[\"Uncategorized\"],\"inLanguage\":\"fi\",\"potentialAction\":[{\"@type\":\"CommentAction\",\"name\":\"Comment\",\"target\":[\"https:\\\/\\\/blogs.uef.fi\\\/karjalanelvytys\\\/2025\\\/03\\\/14\\\/karjalankieline-kniigukluubu-jovensuus-26-3-6-5\\\/#respond\"]}]},{\"@type\":\"WebPage\",\"@id\":\"https:\\\/\\\/blogs.uef.fi\\\/karjalanelvytys\\\/2025\\\/03\\\/14\\\/karjalankieline-kniigukluubu-jovensuus-26-3-6-5\\\/\",\"url\":\"https:\\\/\\\/blogs.uef.fi\\\/karjalanelvytys\\\/2025\\\/03\\\/14\\\/karjalankieline-kniigukluubu-jovensuus-26-3-6-5\\\/\",\"name\":\"Karjalankieline kniigukluubu Jovensuus 26.3.\u20136.5. - Karjalan kielen elvytt\u00e4minen\",\"isPartOf\":{\"@id\":\"https:\\\/\\\/blogs.uef.fi\\\/karjalanelvytys\\\/#website\"},\"primaryImageOfPage\":{\"@id\":\"https:\\\/\\\/blogs.uef.fi\\\/karjalanelvytys\\\/2025\\\/03\\\/14\\\/karjalankieline-kniigukluubu-jovensuus-26-3-6-5\\\/#primaryimage\"},\"image\":{\"@id\":\"https:\\\/\\\/blogs.uef.fi\\\/karjalanelvytys\\\/2025\\\/03\\\/14\\\/karjalankieline-kniigukluubu-jovensuus-26-3-6-5\\\/#primaryimage\"},\"thumbnailUrl\":\"https:\\\/\\\/blogs.uef.fi\\\/karjalanelvytys\\\/wp-content\\\/uploads\\\/sites\\\/155\\\/2025\\\/03\\\/KSS-kansikuva-Hai-eli-pajol.png\",\"datePublished\":\"2025-03-14T10:50:38+00:00\",\"dateModified\":\"2026-02-11T09:03:39+00:00\",\"author\":{\"@id\":\"https:\\\/\\\/blogs.uef.fi\\\/karjalanelvytys\\\/#\\\/schema\\\/person\\\/621a5a2d8165cae7989f49c34ac3e845\"},\"breadcrumb\":{\"@id\":\"https:\\\/\\\/blogs.uef.fi\\\/karjalanelvytys\\\/2025\\\/03\\\/14\\\/karjalankieline-kniigukluubu-jovensuus-26-3-6-5\\\/#breadcrumb\"},\"inLanguage\":\"fi\",\"potentialAction\":[{\"@type\":\"ReadAction\",\"target\":[\"https:\\\/\\\/blogs.uef.fi\\\/karjalanelvytys\\\/2025\\\/03\\\/14\\\/karjalankieline-kniigukluubu-jovensuus-26-3-6-5\\\/\"]}]},{\"@type\":\"ImageObject\",\"inLanguage\":\"fi\",\"@id\":\"https:\\\/\\\/blogs.uef.fi\\\/karjalanelvytys\\\/2025\\\/03\\\/14\\\/karjalankieline-kniigukluubu-jovensuus-26-3-6-5\\\/#primaryimage\",\"url\":\"https:\\\/\\\/blogs.uef.fi\\\/karjalanelvytys\\\/wp-content\\\/uploads\\\/sites\\\/155\\\/2025\\\/03\\\/KSS-kansikuva-Hai-eli-pajol.png\",\"contentUrl\":\"https:\\\/\\\/blogs.uef.fi\\\/karjalanelvytys\\\/wp-content\\\/uploads\\\/sites\\\/155\\\/2025\\\/03\\\/KSS-kansikuva-Hai-eli-pajol.png\",\"width\":397,\"height\":553},{\"@type\":\"BreadcrumbList\",\"@id\":\"https:\\\/\\\/blogs.uef.fi\\\/karjalanelvytys\\\/2025\\\/03\\\/14\\\/karjalankieline-kniigukluubu-jovensuus-26-3-6-5\\\/#breadcrumb\",\"itemListElement\":[{\"@type\":\"ListItem\",\"position\":1,\"name\":\"Home\",\"item\":\"https:\\\/\\\/blogs.uef.fi\\\/karjalanelvytys\\\/\"},{\"@type\":\"ListItem\",\"position\":2,\"name\":\"Karjalankieline kniigukluubu Jovensuus 26.3.\u20136.5.\"}]},{\"@type\":\"WebSite\",\"@id\":\"https:\\\/\\\/blogs.uef.fi\\\/karjalanelvytys\\\/#website\",\"url\":\"https:\\\/\\\/blogs.uef.fi\\\/karjalanelvytys\\\/\",\"name\":\"Karjalan kielen elvytt\u00e4minen\",\"description\":\"\",\"potentialAction\":[{\"@type\":\"SearchAction\",\"target\":{\"@type\":\"EntryPoint\",\"urlTemplate\":\"https:\\\/\\\/blogs.uef.fi\\\/karjalanelvytys\\\/?s={search_term_string}\"},\"query-input\":{\"@type\":\"PropertyValueSpecification\",\"valueRequired\":true,\"valueName\":\"search_term_string\"}}],\"inLanguage\":\"fi\"},{\"@type\":\"Person\",\"@id\":\"https:\\\/\\\/blogs.uef.fi\\\/karjalanelvytys\\\/#\\\/schema\\\/person\\\/621a5a2d8165cae7989f49c34ac3e845\",\"name\":\"Niko Tynnyrinen\",\"image\":{\"@type\":\"ImageObject\",\"inLanguage\":\"fi\",\"@id\":\"https:\\\/\\\/secure.gravatar.com\\\/avatar\\\/c363118608772bc79e49a121a006dfe575b3d98afd884e1c7c163fcc962875ea?s=96&d=mm&r=g\",\"url\":\"https:\\\/\\\/secure.gravatar.com\\\/avatar\\\/c363118608772bc79e49a121a006dfe575b3d98afd884e1c7c163fcc962875ea?s=96&d=mm&r=g\",\"contentUrl\":\"https:\\\/\\\/secure.gravatar.com\\\/avatar\\\/c363118608772bc79e49a121a006dfe575b3d98afd884e1c7c163fcc962875ea?s=96&d=mm&r=g\",\"caption\":\"Niko Tynnyrinen\"},\"url\":\"https:\\\/\\\/blogs.uef.fi\\\/karjalanelvytys\\\/author\\\/mtynnyri\\\/\"}]}<\/script>\n<!-- \/ Yoast SEO plugin. -->","yoast_head_json":{"title":"Karjalankieline kniigukluubu Jovensuus 26.3.\u20136.5. - Karjalan kielen elvytt\u00e4minen","robots":{"index":"index","follow":"follow","max-snippet":"max-snippet:-1","max-image-preview":"max-image-preview:large","max-video-preview":"max-video-preview:-1"},"canonical":"https:\/\/blogs.uef.fi\/karjalanelvytys\/2025\/03\/14\/karjalankieline-kniigukluubu-jovensuus-26-3-6-5\/","og_locale":"fi_FI","og_type":"article","og_title":"Karjalankieline kniigukluubu Jovensuus 26.3.\u20136.5. - Karjalan kielen elvytt\u00e4minen","og_description":"Tulgua terveh karjalankielizeh kniigukluubah! T\u00e4m\u00e4 ku\u010d\u010du on jullattu suomekse da karjalakse (suomenkieline tekstu alemba). Karjalakse Luvemmo yhtes pala-palal Leena Lehtolazen\u00a0H\u00e4i eli pajol -kniigan (suom. Ensimm\u00e4inen murhani), kuduan Maria Kuismin\u00a0on ki\u00e4nd\u00e4nyh livvinkarjalakse. Kniigas on 197 sivuu da se on kniigukluubah ni\u0161koi juattu kolmeh nenga 65 sivun vuittih. Jogahizen vuitin lugemizeh ni\u0161koi on aigua kaksi ned\u00e4lii. Vastavummo [&hellip;]","og_url":"https:\/\/blogs.uef.fi\/karjalanelvytys\/2025\/03\/14\/karjalankieline-kniigukluubu-jovensuus-26-3-6-5\/","og_site_name":"Karjalan kielen elvytt\u00e4minen","article_published_time":"2025-03-14T10:50:38+00:00","article_modified_time":"2026-02-11T09:03:39+00:00","og_image":[{"width":397,"height":553,"url":"https:\/\/blogs.uef.fi\/karjalanelvytys\/wp-content\/uploads\/sites\/155\/2025\/03\/KSS-kansikuva-Hai-eli-pajol.png","type":"image\/png"}],"author":"Niko Tynnyrinen","twitter_card":"summary_large_image","twitter_misc":{"Kirjoittanut":"Niko Tynnyrinen"},"schema":{"@context":"https:\/\/schema.org","@graph":[{"@type":"Article","@id":"https:\/\/blogs.uef.fi\/karjalanelvytys\/2025\/03\/14\/karjalankieline-kniigukluubu-jovensuus-26-3-6-5\/#article","isPartOf":{"@id":"https:\/\/blogs.uef.fi\/karjalanelvytys\/2025\/03\/14\/karjalankieline-kniigukluubu-jovensuus-26-3-6-5\/"},"author":{"name":"Niko Tynnyrinen","@id":"https:\/\/blogs.uef.fi\/karjalanelvytys\/#\/schema\/person\/621a5a2d8165cae7989f49c34ac3e845"},"headline":"Karjalankieline kniigukluubu Jovensuus 26.3.\u20136.5.","datePublished":"2025-03-14T10:50:38+00:00","dateModified":"2026-02-11T09:03:39+00:00","mainEntityOfPage":{"@id":"https:\/\/blogs.uef.fi\/karjalanelvytys\/2025\/03\/14\/karjalankieline-kniigukluubu-jovensuus-26-3-6-5\/"},"wordCount":698,"commentCount":0,"image":{"@id":"https:\/\/blogs.uef.fi\/karjalanelvytys\/2025\/03\/14\/karjalankieline-kniigukluubu-jovensuus-26-3-6-5\/#primaryimage"},"thumbnailUrl":"https:\/\/blogs.uef.fi\/karjalanelvytys\/wp-content\/uploads\/sites\/155\/2025\/03\/KSS-kansikuva-Hai-eli-pajol.png","keywords":["tapahtumat"],"articleSection":["Uncategorized"],"inLanguage":"fi","potentialAction":[{"@type":"CommentAction","name":"Comment","target":["https:\/\/blogs.uef.fi\/karjalanelvytys\/2025\/03\/14\/karjalankieline-kniigukluubu-jovensuus-26-3-6-5\/#respond"]}]},{"@type":"WebPage","@id":"https:\/\/blogs.uef.fi\/karjalanelvytys\/2025\/03\/14\/karjalankieline-kniigukluubu-jovensuus-26-3-6-5\/","url":"https:\/\/blogs.uef.fi\/karjalanelvytys\/2025\/03\/14\/karjalankieline-kniigukluubu-jovensuus-26-3-6-5\/","name":"Karjalankieline kniigukluubu Jovensuus 26.3.\u20136.5. - Karjalan kielen elvytt\u00e4minen","isPartOf":{"@id":"https:\/\/blogs.uef.fi\/karjalanelvytys\/#website"},"primaryImageOfPage":{"@id":"https:\/\/blogs.uef.fi\/karjalanelvytys\/2025\/03\/14\/karjalankieline-kniigukluubu-jovensuus-26-3-6-5\/#primaryimage"},"image":{"@id":"https:\/\/blogs.uef.fi\/karjalanelvytys\/2025\/03\/14\/karjalankieline-kniigukluubu-jovensuus-26-3-6-5\/#primaryimage"},"thumbnailUrl":"https:\/\/blogs.uef.fi\/karjalanelvytys\/wp-content\/uploads\/sites\/155\/2025\/03\/KSS-kansikuva-Hai-eli-pajol.png","datePublished":"2025-03-14T10:50:38+00:00","dateModified":"2026-02-11T09:03:39+00:00","author":{"@id":"https:\/\/blogs.uef.fi\/karjalanelvytys\/#\/schema\/person\/621a5a2d8165cae7989f49c34ac3e845"},"breadcrumb":{"@id":"https:\/\/blogs.uef.fi\/karjalanelvytys\/2025\/03\/14\/karjalankieline-kniigukluubu-jovensuus-26-3-6-5\/#breadcrumb"},"inLanguage":"fi","potentialAction":[{"@type":"ReadAction","target":["https:\/\/blogs.uef.fi\/karjalanelvytys\/2025\/03\/14\/karjalankieline-kniigukluubu-jovensuus-26-3-6-5\/"]}]},{"@type":"ImageObject","inLanguage":"fi","@id":"https:\/\/blogs.uef.fi\/karjalanelvytys\/2025\/03\/14\/karjalankieline-kniigukluubu-jovensuus-26-3-6-5\/#primaryimage","url":"https:\/\/blogs.uef.fi\/karjalanelvytys\/wp-content\/uploads\/sites\/155\/2025\/03\/KSS-kansikuva-Hai-eli-pajol.png","contentUrl":"https:\/\/blogs.uef.fi\/karjalanelvytys\/wp-content\/uploads\/sites\/155\/2025\/03\/KSS-kansikuva-Hai-eli-pajol.png","width":397,"height":553},{"@type":"BreadcrumbList","@id":"https:\/\/blogs.uef.fi\/karjalanelvytys\/2025\/03\/14\/karjalankieline-kniigukluubu-jovensuus-26-3-6-5\/#breadcrumb","itemListElement":[{"@type":"ListItem","position":1,"name":"Home","item":"https:\/\/blogs.uef.fi\/karjalanelvytys\/"},{"@type":"ListItem","position":2,"name":"Karjalankieline kniigukluubu Jovensuus 26.3.\u20136.5."}]},{"@type":"WebSite","@id":"https:\/\/blogs.uef.fi\/karjalanelvytys\/#website","url":"https:\/\/blogs.uef.fi\/karjalanelvytys\/","name":"Karjalan kielen elvytt\u00e4minen","description":"","potentialAction":[{"@type":"SearchAction","target":{"@type":"EntryPoint","urlTemplate":"https:\/\/blogs.uef.fi\/karjalanelvytys\/?s={search_term_string}"},"query-input":{"@type":"PropertyValueSpecification","valueRequired":true,"valueName":"search_term_string"}}],"inLanguage":"fi"},{"@type":"Person","@id":"https:\/\/blogs.uef.fi\/karjalanelvytys\/#\/schema\/person\/621a5a2d8165cae7989f49c34ac3e845","name":"Niko Tynnyrinen","image":{"@type":"ImageObject","inLanguage":"fi","@id":"https:\/\/secure.gravatar.com\/avatar\/c363118608772bc79e49a121a006dfe575b3d98afd884e1c7c163fcc962875ea?s=96&d=mm&r=g","url":"https:\/\/secure.gravatar.com\/avatar\/c363118608772bc79e49a121a006dfe575b3d98afd884e1c7c163fcc962875ea?s=96&d=mm&r=g","contentUrl":"https:\/\/secure.gravatar.com\/avatar\/c363118608772bc79e49a121a006dfe575b3d98afd884e1c7c163fcc962875ea?s=96&d=mm&r=g","caption":"Niko Tynnyrinen"},"url":"https:\/\/blogs.uef.fi\/karjalanelvytys\/author\/mtynnyri\/"}]}},"_links":{"self":[{"href":"https:\/\/blogs.uef.fi\/karjalanelvytys\/wp-json\/wp\/v2\/posts\/21787","targetHints":{"allow":["GET"]}}],"collection":[{"href":"https:\/\/blogs.uef.fi\/karjalanelvytys\/wp-json\/wp\/v2\/posts"}],"about":[{"href":"https:\/\/blogs.uef.fi\/karjalanelvytys\/wp-json\/wp\/v2\/types\/post"}],"author":[{"embeddable":true,"href":"https:\/\/blogs.uef.fi\/karjalanelvytys\/wp-json\/wp\/v2\/users\/580"}],"replies":[{"embeddable":true,"href":"https:\/\/blogs.uef.fi\/karjalanelvytys\/wp-json\/wp\/v2\/comments?post=21787"}],"version-history":[{"count":2,"href":"https:\/\/blogs.uef.fi\/karjalanelvytys\/wp-json\/wp\/v2\/posts\/21787\/revisions"}],"predecessor-version":[{"id":21811,"href":"https:\/\/blogs.uef.fi\/karjalanelvytys\/wp-json\/wp\/v2\/posts\/21787\/revisions\/21811"}],"wp:attachment":[{"href":"https:\/\/blogs.uef.fi\/karjalanelvytys\/wp-json\/wp\/v2\/media?parent=21787"}],"wp:term":[{"taxonomy":"category","embeddable":true,"href":"https:\/\/blogs.uef.fi\/karjalanelvytys\/wp-json\/wp\/v2\/categories?post=21787"},{"taxonomy":"post_tag","embeddable":true,"href":"https:\/\/blogs.uef.fi\/karjalanelvytys\/wp-json\/wp\/v2\/tags?post=21787"}],"curies":[{"name":"wp","href":"https:\/\/api.w.org\/{rel}","templated":true}]}}