{"id":21739,"date":"2025-03-03T09:01:55","date_gmt":"2025-03-03T07:01:55","guid":{"rendered":"https:\/\/blogs.uef.fi\/karjalanelvytys\/?p=21739"},"modified":"2025-03-10T15:48:58","modified_gmt":"2025-03-10T13:48:58","slug":"uutiskirje-maaliskuu-2025","status":"publish","type":"post","link":"https:\/\/blogs.uef.fi\/karjalanelvytys\/2025\/03\/03\/uutiskirje-maaliskuu-2025\/","title":{"rendered":"Uutiskirje, maaliskuu 2025"},"content":{"rendered":"\n<p>Aika k\u00e4y kohti kev\u00e4tt\u00e4. Kev\u00e4ttalvella tulevat p\u00e4\u00e4t\u00f6kseens\u00e4 lukuvuosittaiset karjalan kielitaitokurssit, ja ahkerien opiskelijoiden tuottamia aineistoja julkaistaan tavan mukaan elvytyksen blogissa. Helmikuun aikana on julkaistu muutakin karjalankielist\u00e4 aineistoa, ja karjalankieliset keskustelukerhot jatkavat maaliskuussa kokoontumista sek\u00e4 Joensuussa ett\u00e4 muissa kaupungeissa. Uutiskirjeest\u00e4 saat tietoa my\u00f6s muutamasta uudesta tai tauolta palaavasta keskustelukerhosta.<\/p>\n\n\n\n<h2 class=\"wp-block-heading\">Vienankarjalainen pakinaklupi-keskustelukerho<\/h2>\n\n\n\n<p>It\u00e4-Suomen yliopisto j\u00e4rjest\u00e4\u00e4 kev\u00e4\u00e4n 2025 ajan Zoomissa vienankarjalaista pakinaklupi-keskustelukerhoa. Kerho kokoontuu 20.3, 10.4. ja 8.5. kello 16\u201317. Ohjelmassa on vapaata keskustelua karjalaksi. Kerhoa vet\u00e4\u00e4 vienankarjalan opettaja ja kieliasiantuntija <strong>Olga Karlova<\/strong>. Linkki\u00e4 tapaamiseen voit pyyt\u00e4\u00e4 s\u00e4hk\u00f6postitse Olgalta (olga.karlova@uef.fi).<\/p>\n\n\n\n<p>Pakinaklupi on kokoontunut my\u00f6s aiempina vuosina, ja aiempien vuosien kerhojen osallistujien laatimia kirjoituksia ja muita materiaaleja on julkaistu elvytyksen blogissa. Materiaalien kautta kerhon toimintaan on mahdollista tutustua etuk\u00e4teen.<\/p>\n\n\n\n<p><a href=\"https:\/\/blogs.uef.fi\/karjalanelvytys\/vienankarjalaini-pakinaklupi\/\">Linkki Vienankarjalaisen pakinaklupin omalle sivulle.<\/a><\/p>\n\n\n\n<h2 class=\"wp-block-heading\">Vienankarjalan opiskelijoiden kirjoitukset blogissa<\/h2>\n\n\n\n<p>Karjalan kielen elvytys ja kehitt\u00e4minen kulkevat k\u00e4si k\u00e4dess\u00e4 opetuksen kanssa. Opiskelijat kutsutaan mukaan kielenelvytykseen aina ensimm\u00e4isist\u00e4 kielitaitokursseista alkaen esimerkiksi antamalla heille kotiteht\u00e4vi\u00e4, jotka kohentavat karjalan elinvoimaisuutta. Mahdollisimman moni kurssiteht\u00e4v\u00e4 julkaistaankin karjalan elvytyksen blogissa, jotta kielest\u00e4 kiinnostuneilla olisi k\u00e4ytett\u00e4viss\u00e4 aiempaa enemm\u00e4n karjalankielist\u00e4 materiaalia.<\/p>\n\n\n\n<p>Elvytyksen blogiin on nyt tehty uusi Vienankarjalan opa\u0161tujat kirjutetah -sivu, jolle on ker\u00e4tty lukuvuosien 2022\u20132023 ja 2024\u20132025 vienankarjalan perus-, jatko- ja keskustelukurssien kirjoituksia. Kuluvan lukuvuoden osalta sivua p\u00e4ivitet\u00e4\u00e4n, ja sille tullaan kev\u00e4\u00e4n aikana lis\u00e4\u00e4m\u00e4\u00e4n tekstej\u00e4. Kaikki kielimateriaalit on tarkistanut vienankarjalan opettaja <strong>Olga Karlova<\/strong>. Materiaaleja saa vapaasti k\u00e4ytt\u00e4\u00e4 karjalan opiskelussa ja opetuksessa.<\/p>\n\n\n\n<p><a href=\"https:\/\/blogs.uef.fi\/karjalanelvytys\/vienankarjalan-opastujat-kirjutetah\/\">Linkki vienankarjalan opiskelijoiden kirjoituksiin.<\/a><\/p>\n\n\n\n<h2 class=\"wp-block-heading\">Kirjoitukset karjalankielisest\u00e4 fantasiasanastosta ja Ylen karjalankielisist\u00e4 uutisista<\/h2>\n\n\n\n<p>Alamme aika ajoin julkaisemaan elvytyksen blogissa karjalan kieliasiantuntijoiden ja muiden ty\u00f6ntekij\u00f6iden kirjoituksia ajankohtaisista tai heit\u00e4 muuten kiinnostavista aiheista. Ensimm\u00e4inen teksti julkaistiin helmikuussa, ja siin\u00e4 elvytyksen koordinaattori <strong>Niko Tynnyrinen <\/strong>kirjoittaa karjalaisten nuorten kanssa pohtimastaan karjalankielisest\u00e4 fantasiasanastosta.<\/p>\n\n\n\n<p><a href=\"https:\/\/blogs.uef.fi\/karjalanelvytys\/2025\/02\/13\/ugahukat-da-vaihtopiat-uuttu-da-vahnua-fantuaziisanastuo-karjalakse\/\">Linkki Nikon kirjoitukseen elvytyksen blogissa.<\/a><\/p>\n\n\n\n<p>Helmikuun lopussa julkaistiin my\u00f6s Ylen karjalankielisi\u00e4 uutisia juhlistava kirjoitus sen kunniaksi, ett\u00e4 uutiset t\u00e4yttiv\u00e4t 27.2. kymmenen vuotta. Karjalankieliset uutiset ovat paitsi tarjonneet karjalankielisille ajankohtaista tietoa heid\u00e4n omalla kielell\u00e4\u00e4n my\u00f6s kehitt\u00e4neet karjalan kielt\u00e4 ja sen sanastoa. Uudissanojen luominen on keskeinen osa uutistekstien karjalantamista, ja iso osa uutisia varten luoduista sanoista on lujennut k\u00e4ytt\u00f6\u00f6n ja mukautettu my\u00f6s muihin karjalan murteisiin \u2013 muun muassa monille tutut <em>po\u010dinruo\u010d\u010di <\/em>ja <em>yskyniekanvakku <\/em>esiintyiv\u00e4t ensimm\u00e4isen kerran Ylen karjalankielisiss\u00e4 uutisissa. <strong>Natalia Giloevan <\/strong>kirjoittama lyhyt juhlakirjoitus tarkastelee uutisk\u00e4\u00e4nn\u00f6ksi\u00e4 varten kehitettyj\u00e4 verbej\u00e4 ja valottaa hieman niiden luomisprosessia.<\/p>\n\n\n\n<p><a href=\"https:\/\/blogs.uef.fi\/karjalanelvytys\/2025\/02\/27\/ylen-karjalankielizet-uudizet-10-vuottu\/\">Linkki Natalian kirjoitukseen elvytyksen blogissa.<\/a><\/p>\n\n\n\n<p>My\u00f6s Yle juhlisti kymmenenvuotista uutisohjelmaa julkaisemalla pienen aihetta k\u00e4sittelev\u00e4n artikkelin, johon sis\u00e4ltyy noin seitsem\u00e4nminuuttinen haastattelu <strong>Natalia Giloevan <\/strong>kanssa. Artikkeli on luettavissa suomeksi ja livvinkarjalaksi.<\/p>\n\n\n\n<p><a href=\"https:\/\/yle.fi\/a\/74-20146312\">Linkki artikkeliin suomeksi.<\/a><\/p>\n\n\n\n<p><a href=\"https:\/\/yle.fi\/a\/74-20146446\">Linkki artikkeliin livvinkarjalaksi.<\/a><\/p>\n\n\n\n<h2 class=\"wp-block-heading\">Taukojumppa karjalaksi<\/h2>\n\n\n\n<p>It\u00e4-Suomen yliopistolla vietettiin helmikuun viimeisell\u00e4 viikolla liikuntailtap\u00e4iv\u00e4\u00e4, jolloin elvytyksen blogissa julkaistiin karjalankielinen taukojumppavideo. Video on jo kuudes osa Olga ta Jelena paissah -videosarjaa, jota toteutetaan yhdess\u00e4 Karjalan Sivistysseuran kanssa.<\/p>\n\n\n\n<p>T\u00e4ll\u00e4 kertaa <strong>Olga Karlova<\/strong> ja <strong>Elena Rapa<\/strong> ohjeistavat vienankarjalaksi taukojumpan, joka sopii hyvin teht\u00e4v\u00e4ksi vaikkapa opiskelu- tai ty\u00f6p\u00e4iv\u00e4n aikana.<\/p>\n\n\n\n<p><a href=\"https:\/\/blogs.uef.fi\/karjalanelvytys\/2025\/02\/25\/valikotvajumppa-karjalaksi\/\">Linkki videoon elvytyksen blogissa.<\/a><\/p>\n\n\n\n<p>Blogin lis\u00e4ksi videon voit katsoa karjalan elvytyksen Instagram-k\u00e4ytt\u00e4j\u00e4lt\u00e4, jolla my\u00f6s aiemmat Olga ta Jelena paissah -videot on julkaistu.<\/p>\n\n\n\n<p><a href=\"https:\/\/www.instagram.com\/karjalan_elvytys\/\">Linkki karjalan elvytyksen Instagramiin.<\/a><\/p>\n\n\n\n<h2 class=\"wp-block-heading\">Ke\u0161\u0161et\u00e4h-taiden\u00e4yttely Helsingiss\u00e4<\/h2>\n\n\n\n<p>V\u00e4lit\u00e4mme tietoa helsinkil\u00e4isess\u00e4 Oksasenkatu 11 -galleriassa 7.\u201329.3. n\u00e4ht\u00e4vill\u00e4 olevasta karjalaisten taiteilijoiden Ke\u0161\u0161et\u00e4h-yhteisn\u00e4yttelyst\u00e4. N\u00e4yttelyn taiteilijat ovat <strong>Papu Hyypi\u00e4<\/strong>, <strong>Henna Hyv\u00e4rinen<\/strong>, <strong>Hannele Kumpulainen<\/strong>, <strong>Mikki Noroila<\/strong>, <strong>Reeta Suvanto<\/strong> ja <strong>Lumi Tuomi<\/strong>.<\/p>\n\n\n\n<p>N\u00e4yttelytila on avoinna keskiviikosta perjantaihin kello 12\u201318 ja lauantaina ja sunnuntaina kello 12\u201317. Avajaisia vietet\u00e4\u00e4n torstaina 6.3. kello 17\u201320. Lis\u00e4ksi n\u00e4yttelyn yhteydess\u00e4 pidet\u00e4\u00e4n 15.3. kello 18\u201320 performanssi-ilta ja 21.3. kello 18\u201321 illa\u010d\u010du. Lis\u00e4tietoja molemmista tapahtumista ja itse n\u00e4yttelyst\u00e4 l\u00f6yd\u00e4t gallerian verkkosivuilta.<\/p>\n\n\n\n<p><a href=\"https:\/\/oksasenkatu11.fi\/keeth\">Lis\u00e4tietoja n\u00e4yttelyst\u00e4 Oksasenkatu 11 -gallerian verkkosivuilla.<\/a><\/p>\n\n\n\n<h2 class=\"wp-block-heading\">Paginpertit Joensuussa<\/h2>\n\n\n\n<p>Joensuun karjalankieliset Paginperti-keskustelukerhto kokoontuvat maaliskuussa tuttuun tapaan It\u00e4-Suomen yliopiston Aurora-rakennuksen takkahuoneessa. Nuorille suunnattu Paginperti kokoontuu torstaina 13.3. kello 16.30\u201318.30 ja kaikille avoin Paginperti torstaina 27.3. kello 16\u201318. Tulgua terveh! Jos takkahuone ei ole tuttu, voit tulla yliopiston kirjaston ja Agora-rakennuksen v\u00e4liselle sis\u00e4pihalle Alkukivet-patsaan viereen viitt\u00e4 minuuttia ennen Paginpertin alkua. Paginpertin vet\u00e4j\u00e4 tulee paikalle ja n\u00e4ytt\u00e4\u00e4 tien takkahuoneelle.<\/p>\n\n\n\n<p>Lis\u00e4tietoja keskustelukerhojen toiminnasta l\u00f6yd\u00e4t elvytyksen blogin Paginapertti-sivulta.<\/p>\n\n\n\n<p><a href=\"https:\/\/blogs.uef.fi\/karjalanelvytys\/paginapertti\/\">Linkki Paginapertti-sivulle elvytyksen blogissa.<\/a><\/p>\n\n\n\n<h2 class=\"wp-block-heading\">Paginpertit muissa kaupungeissa<\/h2>\n\n\n\n<p>Paginperti-keskustelukerhot kokoontuvat Joensuun lis\u00e4ksi my\u00f6s muilla paikkakunnilla. Nappaa t\u00e4st\u00e4 sinulle parhaiten sopivan keskustelukerhon tiedot ja k\u00e4y keskustelemassa karjalaksi. Muista, ett\u00e4 paginpertiin voi aina menn\u00e4 my\u00f6s vain kuuntelemaan.<\/p>\n\n\n\n<p>It\u00e4-Suomen yliopiston tiedossa ovat seuraavat keskustelukerhot:<\/p>\n\n\n\n<ul class=\"wp-block-list\">\n<li><strong>Helsinki<\/strong>: 17.3. kello 17\u201319 osoitteessa Luotsikatu 9 D, lis\u00e4tietoja Instagramista (@paginpertipialinnas)<\/li>\n\n\n\n<li><strong>Tampere<\/strong>: 4.3. kello 17\u201319 osoitteessa Koulukatu 12, lis\u00e4tietoja Instagramista (@tamberenpaginperti)<\/li>\n\n\n\n<li><strong>Oulu<\/strong>: 16.3. kello 14\u201316 osoitteessa Torikatu 74, lis\u00e4tietoja Facebookista (Oulun pakinapirtti \u2013 paginapertti \u2013 paginperti -ryhm\u00e4)<\/li>\n\n\n\n<li><strong>Jyv\u00e4skyl\u00e4<\/strong>: 27.3. kello 17.30\u201319.30 osoitteessa Paperitehtaankatu 1, lis\u00e4tietoja Instagramista (@paginpertijyvaskylas)<\/li>\n\n\n\n<li><strong>Kuopio<\/strong>: 8.3. kello 10\u201312 osoitteessa Kauppakatu 40\u201342, lis\u00e4tietoja Instagramista (@paginpertikuopios)&nbsp;<\/li>\n\n\n\n<li><strong>Nurmes<\/strong>: 3.3. kello 18\u201319.30 osoitteessa Salmenkatu 5, lis\u00e4tietoja Instagramista (@suojarvelazet)<\/li>\n\n\n\n<li><strong>Lieksa<\/strong>: 12.3. kello 18\u201319.30 osoitteessa Saavankatu 2, lis\u00e4tietoja Instagramista (@suojarvelazet)<\/li>\n<\/ul>\n\n\n\n<h2 class=\"wp-block-heading\">Muut karjalankieliset kerhot<\/h2>\n\n\n\n<p>Paginpertien lis\u00e4ksi Suomessa kokoontuu muita karjalankielisi\u00e4 kerhoja. Jos sinulla on tiedossasi Paginperti tai muu kerho, jota t\u00e4ss\u00e4 uutiskirjeess\u00e4 ei ole mainittu, voit l\u00e4hett\u00e4\u00e4 meille sen tiedot s\u00e4hk\u00f6postitse (<a href=\"mailto:karjalanelvytys@uef.fi\">karjalanelvytys@uef.fi<\/a>). Uutiskirjeess\u00e4 mainostettavien kerhojen tulee l\u00e4ht\u00f6kohtaisesti olla p\u00e4\u00e4symaksuttomia ja kaikille avoimia.<\/p>\n\n\n\n<p>Oulussa kokoontuu kev\u00e4\u00e4n ajan Pohjois-Viena -seuran j\u00e4rjest\u00e4m\u00e4 aikuisille suunnattu vienankarjalan kerho. Kerho on kokoontunut kerran helmikuussa, ja sen tulevat tapaamiset ovat 5.3., 26.3., 23.4. ja 21.5 kello 17\u201318.30. Kerho kokoontuu Pohjois-Suomen ortodoksisen seurakunnan kerhohuoneella osoitteessa Torikatu 74. Osallistuminen ei edellyt\u00e4 karjalaisia sukujuuria tai karjalan kielen osaamista. Lis\u00e4tietoja kerhosta antaa seuran puheenjohtaja (<a href=\"mailto:puheenjohtaja@pohjoisvienaseura.fi\">puheenjohtaja@pohjoisvienaseura.fi<\/a>).<\/p>\n\n\n\n<p>Siilinj\u00e4rvell\u00e4 kokoontuu kerran kuussa perheille suunnattu karjalan kielen kerho, jota j\u00e4rjest\u00e4\u00e4 Manssilan Nuorisoseura Rajakivi ry. Kerho kokoontuu Siilinj\u00e4rven kirjaston alakerrassa sijaitsevassa Tapaamossa. Kerhon tulevat tapaamiset ovat lauantaisin 15.3., 5.4., 26.4. ja 17.5. kello 10 alkaen. Kerhoon voi ilmoittautua tai lis\u00e4tietoja kysy\u00e4 l\u00e4hett\u00e4m\u00e4ll\u00e4 s\u00e4hk\u00f6postia <strong>Tuula Iljinille <\/strong>(<a href=\"mailto:tuula.iljin@gmail.com\">tuula.iljin@gmail.com<\/a>). Tervetuloa mukaan kaikki lapset, vanhemmat ja isovanhemmat!<\/p>\n","protected":false},"excerpt":{"rendered":"<p>Aika k\u00e4y kohti kev\u00e4tt\u00e4. Kev\u00e4ttalvella tulevat p\u00e4\u00e4t\u00f6kseens\u00e4 lukuvuosittaiset karjalan kielitaitokurssit, ja ahkerien opiskelijoiden tuottamia aineistoja julkaistaan tavan mukaan elvytyksen blogissa. Helmikuun aikana on julkaistu muutakin karjalankielist\u00e4 aineistoa, ja karjalankieliset keskustelukerhot jatkavat maaliskuussa kokoontumista sek\u00e4 Joensuussa ett\u00e4 muissa kaupungeissa. Uutiskirjeest\u00e4 saat tietoa my\u00f6s muutamasta uudesta tai tauolta palaavasta keskustelukerhosta. Vienankarjalainen pakinaklupi-keskustelukerho It\u00e4-Suomen yliopisto j\u00e4rjest\u00e4\u00e4 kev\u00e4\u00e4n 2025 [&hellip;]<\/p>\n","protected":false},"author":580,"featured_media":0,"comment_status":"open","ping_status":"open","sticky":false,"template":"","format":"standard","meta":{"_acf_changed":false,"footnotes":""},"categories":[1],"tags":[29],"class_list":["post-21739","post","type-post","status-publish","format-standard","hentry","category-uncategorized","tag-uutiskirjeet"],"acf":[],"yoast_head":"<!-- This site is optimized with the Yoast SEO plugin v27.3 - https:\/\/yoast.com\/product\/yoast-seo-wordpress\/ -->\n<title>Uutiskirje, maaliskuu 2025 - Karjalan kielen elvytt\u00e4minen<\/title>\n<meta name=\"robots\" content=\"index, follow, max-snippet:-1, max-image-preview:large, max-video-preview:-1\" \/>\n<link rel=\"canonical\" href=\"https:\/\/blogs.uef.fi\/karjalanelvytys\/2025\/03\/03\/uutiskirje-maaliskuu-2025\/\" \/>\n<meta property=\"og:locale\" content=\"fi_FI\" \/>\n<meta property=\"og:type\" content=\"article\" \/>\n<meta property=\"og:title\" content=\"Uutiskirje, maaliskuu 2025 - Karjalan kielen elvytt\u00e4minen\" \/>\n<meta property=\"og:description\" content=\"Aika k\u00e4y kohti kev\u00e4tt\u00e4. Kev\u00e4ttalvella tulevat p\u00e4\u00e4t\u00f6kseens\u00e4 lukuvuosittaiset karjalan kielitaitokurssit, ja ahkerien opiskelijoiden tuottamia aineistoja julkaistaan tavan mukaan elvytyksen blogissa. Helmikuun aikana on julkaistu muutakin karjalankielist\u00e4 aineistoa, ja karjalankieliset keskustelukerhot jatkavat maaliskuussa kokoontumista sek\u00e4 Joensuussa ett\u00e4 muissa kaupungeissa. Uutiskirjeest\u00e4 saat tietoa my\u00f6s muutamasta uudesta tai tauolta palaavasta keskustelukerhosta. Vienankarjalainen pakinaklupi-keskustelukerho It\u00e4-Suomen yliopisto j\u00e4rjest\u00e4\u00e4 kev\u00e4\u00e4n 2025 [&hellip;]\" \/>\n<meta property=\"og:url\" content=\"https:\/\/blogs.uef.fi\/karjalanelvytys\/2025\/03\/03\/uutiskirje-maaliskuu-2025\/\" \/>\n<meta property=\"og:site_name\" content=\"Karjalan kielen elvytt\u00e4minen\" \/>\n<meta property=\"article:published_time\" content=\"2025-03-03T07:01:55+00:00\" \/>\n<meta property=\"article:modified_time\" content=\"2025-03-10T13:48:58+00:00\" \/>\n<meta name=\"author\" content=\"Niko Tynnyrinen\" \/>\n<meta name=\"twitter:card\" content=\"summary_large_image\" \/>\n<meta name=\"twitter:label1\" content=\"Kirjoittanut\" \/>\n\t<meta name=\"twitter:data1\" content=\"Niko Tynnyrinen\" \/>\n\t<meta name=\"twitter:label2\" content=\"Arvioitu lukuaika\" \/>\n\t<meta name=\"twitter:data2\" content=\"6 minuuttia\" \/>\n<script type=\"application\/ld+json\" class=\"yoast-schema-graph\">{\"@context\":\"https:\\\/\\\/schema.org\",\"@graph\":[{\"@type\":\"Article\",\"@id\":\"https:\\\/\\\/blogs.uef.fi\\\/karjalanelvytys\\\/2025\\\/03\\\/03\\\/uutiskirje-maaliskuu-2025\\\/#article\",\"isPartOf\":{\"@id\":\"https:\\\/\\\/blogs.uef.fi\\\/karjalanelvytys\\\/2025\\\/03\\\/03\\\/uutiskirje-maaliskuu-2025\\\/\"},\"author\":{\"name\":\"Niko Tynnyrinen\",\"@id\":\"https:\\\/\\\/blogs.uef.fi\\\/karjalanelvytys\\\/#\\\/schema\\\/person\\\/621a5a2d8165cae7989f49c34ac3e845\"},\"headline\":\"Uutiskirje, maaliskuu 2025\",\"datePublished\":\"2025-03-03T07:01:55+00:00\",\"dateModified\":\"2025-03-10T13:48:58+00:00\",\"mainEntityOfPage\":{\"@id\":\"https:\\\/\\\/blogs.uef.fi\\\/karjalanelvytys\\\/2025\\\/03\\\/03\\\/uutiskirje-maaliskuu-2025\\\/\"},\"wordCount\":962,\"commentCount\":0,\"keywords\":[\"uutiskirjeet\"],\"articleSection\":[\"Uncategorized\"],\"inLanguage\":\"fi\",\"potentialAction\":[{\"@type\":\"CommentAction\",\"name\":\"Comment\",\"target\":[\"https:\\\/\\\/blogs.uef.fi\\\/karjalanelvytys\\\/2025\\\/03\\\/03\\\/uutiskirje-maaliskuu-2025\\\/#respond\"]}]},{\"@type\":\"WebPage\",\"@id\":\"https:\\\/\\\/blogs.uef.fi\\\/karjalanelvytys\\\/2025\\\/03\\\/03\\\/uutiskirje-maaliskuu-2025\\\/\",\"url\":\"https:\\\/\\\/blogs.uef.fi\\\/karjalanelvytys\\\/2025\\\/03\\\/03\\\/uutiskirje-maaliskuu-2025\\\/\",\"name\":\"Uutiskirje, maaliskuu 2025 - Karjalan kielen elvytt\u00e4minen\",\"isPartOf\":{\"@id\":\"https:\\\/\\\/blogs.uef.fi\\\/karjalanelvytys\\\/#website\"},\"datePublished\":\"2025-03-03T07:01:55+00:00\",\"dateModified\":\"2025-03-10T13:48:58+00:00\",\"author\":{\"@id\":\"https:\\\/\\\/blogs.uef.fi\\\/karjalanelvytys\\\/#\\\/schema\\\/person\\\/621a5a2d8165cae7989f49c34ac3e845\"},\"breadcrumb\":{\"@id\":\"https:\\\/\\\/blogs.uef.fi\\\/karjalanelvytys\\\/2025\\\/03\\\/03\\\/uutiskirje-maaliskuu-2025\\\/#breadcrumb\"},\"inLanguage\":\"fi\",\"potentialAction\":[{\"@type\":\"ReadAction\",\"target\":[\"https:\\\/\\\/blogs.uef.fi\\\/karjalanelvytys\\\/2025\\\/03\\\/03\\\/uutiskirje-maaliskuu-2025\\\/\"]}]},{\"@type\":\"BreadcrumbList\",\"@id\":\"https:\\\/\\\/blogs.uef.fi\\\/karjalanelvytys\\\/2025\\\/03\\\/03\\\/uutiskirje-maaliskuu-2025\\\/#breadcrumb\",\"itemListElement\":[{\"@type\":\"ListItem\",\"position\":1,\"name\":\"Home\",\"item\":\"https:\\\/\\\/blogs.uef.fi\\\/karjalanelvytys\\\/\"},{\"@type\":\"ListItem\",\"position\":2,\"name\":\"Uutiskirje, maaliskuu 2025\"}]},{\"@type\":\"WebSite\",\"@id\":\"https:\\\/\\\/blogs.uef.fi\\\/karjalanelvytys\\\/#website\",\"url\":\"https:\\\/\\\/blogs.uef.fi\\\/karjalanelvytys\\\/\",\"name\":\"Karjalan kielen elvytt\u00e4minen\",\"description\":\"\",\"potentialAction\":[{\"@type\":\"SearchAction\",\"target\":{\"@type\":\"EntryPoint\",\"urlTemplate\":\"https:\\\/\\\/blogs.uef.fi\\\/karjalanelvytys\\\/?s={search_term_string}\"},\"query-input\":{\"@type\":\"PropertyValueSpecification\",\"valueRequired\":true,\"valueName\":\"search_term_string\"}}],\"inLanguage\":\"fi\"},{\"@type\":\"Person\",\"@id\":\"https:\\\/\\\/blogs.uef.fi\\\/karjalanelvytys\\\/#\\\/schema\\\/person\\\/621a5a2d8165cae7989f49c34ac3e845\",\"name\":\"Niko Tynnyrinen\",\"image\":{\"@type\":\"ImageObject\",\"inLanguage\":\"fi\",\"@id\":\"https:\\\/\\\/secure.gravatar.com\\\/avatar\\\/c363118608772bc79e49a121a006dfe575b3d98afd884e1c7c163fcc962875ea?s=96&d=mm&r=g\",\"url\":\"https:\\\/\\\/secure.gravatar.com\\\/avatar\\\/c363118608772bc79e49a121a006dfe575b3d98afd884e1c7c163fcc962875ea?s=96&d=mm&r=g\",\"contentUrl\":\"https:\\\/\\\/secure.gravatar.com\\\/avatar\\\/c363118608772bc79e49a121a006dfe575b3d98afd884e1c7c163fcc962875ea?s=96&d=mm&r=g\",\"caption\":\"Niko Tynnyrinen\"},\"url\":\"https:\\\/\\\/blogs.uef.fi\\\/karjalanelvytys\\\/author\\\/mtynnyri\\\/\"}]}<\/script>\n<!-- \/ Yoast SEO plugin. -->","yoast_head_json":{"title":"Uutiskirje, maaliskuu 2025 - Karjalan kielen elvytt\u00e4minen","robots":{"index":"index","follow":"follow","max-snippet":"max-snippet:-1","max-image-preview":"max-image-preview:large","max-video-preview":"max-video-preview:-1"},"canonical":"https:\/\/blogs.uef.fi\/karjalanelvytys\/2025\/03\/03\/uutiskirje-maaliskuu-2025\/","og_locale":"fi_FI","og_type":"article","og_title":"Uutiskirje, maaliskuu 2025 - Karjalan kielen elvytt\u00e4minen","og_description":"Aika k\u00e4y kohti kev\u00e4tt\u00e4. Kev\u00e4ttalvella tulevat p\u00e4\u00e4t\u00f6kseens\u00e4 lukuvuosittaiset karjalan kielitaitokurssit, ja ahkerien opiskelijoiden tuottamia aineistoja julkaistaan tavan mukaan elvytyksen blogissa. Helmikuun aikana on julkaistu muutakin karjalankielist\u00e4 aineistoa, ja karjalankieliset keskustelukerhot jatkavat maaliskuussa kokoontumista sek\u00e4 Joensuussa ett\u00e4 muissa kaupungeissa. Uutiskirjeest\u00e4 saat tietoa my\u00f6s muutamasta uudesta tai tauolta palaavasta keskustelukerhosta. Vienankarjalainen pakinaklupi-keskustelukerho It\u00e4-Suomen yliopisto j\u00e4rjest\u00e4\u00e4 kev\u00e4\u00e4n 2025 [&hellip;]","og_url":"https:\/\/blogs.uef.fi\/karjalanelvytys\/2025\/03\/03\/uutiskirje-maaliskuu-2025\/","og_site_name":"Karjalan kielen elvytt\u00e4minen","article_published_time":"2025-03-03T07:01:55+00:00","article_modified_time":"2025-03-10T13:48:58+00:00","author":"Niko Tynnyrinen","twitter_card":"summary_large_image","twitter_misc":{"Kirjoittanut":"Niko Tynnyrinen","Arvioitu lukuaika":"6 minuuttia"},"schema":{"@context":"https:\/\/schema.org","@graph":[{"@type":"Article","@id":"https:\/\/blogs.uef.fi\/karjalanelvytys\/2025\/03\/03\/uutiskirje-maaliskuu-2025\/#article","isPartOf":{"@id":"https:\/\/blogs.uef.fi\/karjalanelvytys\/2025\/03\/03\/uutiskirje-maaliskuu-2025\/"},"author":{"name":"Niko Tynnyrinen","@id":"https:\/\/blogs.uef.fi\/karjalanelvytys\/#\/schema\/person\/621a5a2d8165cae7989f49c34ac3e845"},"headline":"Uutiskirje, maaliskuu 2025","datePublished":"2025-03-03T07:01:55+00:00","dateModified":"2025-03-10T13:48:58+00:00","mainEntityOfPage":{"@id":"https:\/\/blogs.uef.fi\/karjalanelvytys\/2025\/03\/03\/uutiskirje-maaliskuu-2025\/"},"wordCount":962,"commentCount":0,"keywords":["uutiskirjeet"],"articleSection":["Uncategorized"],"inLanguage":"fi","potentialAction":[{"@type":"CommentAction","name":"Comment","target":["https:\/\/blogs.uef.fi\/karjalanelvytys\/2025\/03\/03\/uutiskirje-maaliskuu-2025\/#respond"]}]},{"@type":"WebPage","@id":"https:\/\/blogs.uef.fi\/karjalanelvytys\/2025\/03\/03\/uutiskirje-maaliskuu-2025\/","url":"https:\/\/blogs.uef.fi\/karjalanelvytys\/2025\/03\/03\/uutiskirje-maaliskuu-2025\/","name":"Uutiskirje, maaliskuu 2025 - Karjalan kielen elvytt\u00e4minen","isPartOf":{"@id":"https:\/\/blogs.uef.fi\/karjalanelvytys\/#website"},"datePublished":"2025-03-03T07:01:55+00:00","dateModified":"2025-03-10T13:48:58+00:00","author":{"@id":"https:\/\/blogs.uef.fi\/karjalanelvytys\/#\/schema\/person\/621a5a2d8165cae7989f49c34ac3e845"},"breadcrumb":{"@id":"https:\/\/blogs.uef.fi\/karjalanelvytys\/2025\/03\/03\/uutiskirje-maaliskuu-2025\/#breadcrumb"},"inLanguage":"fi","potentialAction":[{"@type":"ReadAction","target":["https:\/\/blogs.uef.fi\/karjalanelvytys\/2025\/03\/03\/uutiskirje-maaliskuu-2025\/"]}]},{"@type":"BreadcrumbList","@id":"https:\/\/blogs.uef.fi\/karjalanelvytys\/2025\/03\/03\/uutiskirje-maaliskuu-2025\/#breadcrumb","itemListElement":[{"@type":"ListItem","position":1,"name":"Home","item":"https:\/\/blogs.uef.fi\/karjalanelvytys\/"},{"@type":"ListItem","position":2,"name":"Uutiskirje, maaliskuu 2025"}]},{"@type":"WebSite","@id":"https:\/\/blogs.uef.fi\/karjalanelvytys\/#website","url":"https:\/\/blogs.uef.fi\/karjalanelvytys\/","name":"Karjalan kielen elvytt\u00e4minen","description":"","potentialAction":[{"@type":"SearchAction","target":{"@type":"EntryPoint","urlTemplate":"https:\/\/blogs.uef.fi\/karjalanelvytys\/?s={search_term_string}"},"query-input":{"@type":"PropertyValueSpecification","valueRequired":true,"valueName":"search_term_string"}}],"inLanguage":"fi"},{"@type":"Person","@id":"https:\/\/blogs.uef.fi\/karjalanelvytys\/#\/schema\/person\/621a5a2d8165cae7989f49c34ac3e845","name":"Niko Tynnyrinen","image":{"@type":"ImageObject","inLanguage":"fi","@id":"https:\/\/secure.gravatar.com\/avatar\/c363118608772bc79e49a121a006dfe575b3d98afd884e1c7c163fcc962875ea?s=96&d=mm&r=g","url":"https:\/\/secure.gravatar.com\/avatar\/c363118608772bc79e49a121a006dfe575b3d98afd884e1c7c163fcc962875ea?s=96&d=mm&r=g","contentUrl":"https:\/\/secure.gravatar.com\/avatar\/c363118608772bc79e49a121a006dfe575b3d98afd884e1c7c163fcc962875ea?s=96&d=mm&r=g","caption":"Niko Tynnyrinen"},"url":"https:\/\/blogs.uef.fi\/karjalanelvytys\/author\/mtynnyri\/"}]}},"_links":{"self":[{"href":"https:\/\/blogs.uef.fi\/karjalanelvytys\/wp-json\/wp\/v2\/posts\/21739","targetHints":{"allow":["GET"]}}],"collection":[{"href":"https:\/\/blogs.uef.fi\/karjalanelvytys\/wp-json\/wp\/v2\/posts"}],"about":[{"href":"https:\/\/blogs.uef.fi\/karjalanelvytys\/wp-json\/wp\/v2\/types\/post"}],"author":[{"embeddable":true,"href":"https:\/\/blogs.uef.fi\/karjalanelvytys\/wp-json\/wp\/v2\/users\/580"}],"replies":[{"embeddable":true,"href":"https:\/\/blogs.uef.fi\/karjalanelvytys\/wp-json\/wp\/v2\/comments?post=21739"}],"version-history":[{"count":2,"href":"https:\/\/blogs.uef.fi\/karjalanelvytys\/wp-json\/wp\/v2\/posts\/21739\/revisions"}],"predecessor-version":[{"id":21742,"href":"https:\/\/blogs.uef.fi\/karjalanelvytys\/wp-json\/wp\/v2\/posts\/21739\/revisions\/21742"}],"wp:attachment":[{"href":"https:\/\/blogs.uef.fi\/karjalanelvytys\/wp-json\/wp\/v2\/media?parent=21739"}],"wp:term":[{"taxonomy":"category","embeddable":true,"href":"https:\/\/blogs.uef.fi\/karjalanelvytys\/wp-json\/wp\/v2\/categories?post=21739"},{"taxonomy":"post_tag","embeddable":true,"href":"https:\/\/blogs.uef.fi\/karjalanelvytys\/wp-json\/wp\/v2\/tags?post=21739"}],"curies":[{"name":"wp","href":"https:\/\/api.w.org\/{rel}","templated":true}]}}