{"id":20494,"date":"2024-11-12T11:59:31","date_gmt":"2024-11-12T09:59:31","guid":{"rendered":"https:\/\/blogs.uef.fi\/karjalanelvytys\/?p=20494"},"modified":"2025-01-03T09:29:35","modified_gmt":"2025-01-03T07:29:35","slug":"koykan-outin-starinoja-vuokkiniemessa-vuotena-1968-videosarja-julattu","status":"publish","type":"post","link":"https:\/\/blogs.uef.fi\/karjalanelvytys\/2024\/11\/12\/koykan-outin-starinoja-vuokkiniemessa-vuotena-1968-videosarja-julattu\/","title":{"rendered":"K\u00f6yk\u00e4n Outin starinoja Vuokkinieme\u0161\u0161\u00e4 vuotena 1968 -video\u0161arja julattu"},"content":{"rendered":"\n<p>Karjalan kielen elvyty\u0161projekti ta Vuokkiniemi-\u0161eura ollah luajittu yhe\u0161\u0161\u00e4 11-o\u0161asen video\u0161arjan, kumpani pohjautuu<strong>&nbsp;Pertti Virtarannan<\/strong>&nbsp;Vuokkinieme\u0161\u0161\u00e4 vuotena 1968 luatimih pakautteluloih. Pakauttelui\u00e4nittehie \u0161\u00e4ilytet\u00e4h Kotimaisien kielien ke\u0161kuk\u0161e\u0161\u0161a, ta niill\u00e4 kuullah <strong>Outi Lipkiny\u00e4 <\/strong>(K\u00f6yk\u00e4n Outi). Nyt julatu\u0161\u0161a projektissa pakauttelumaterijalista on valittu katkelmie, kumpaset on tekstitetty ta kuvitettu. Videoloih valitut katkelmat ta valokuvat kuvual&#8217;l&#8217;ah vanhua Vienan Karjalan alovehta ta Vuokkinient\u00e4 aikana, min\u00e4 pakauteltu kielimuasteri K\u00f6yk\u00e4n Outi on el\u00e4n.&nbsp;<\/p>\n\n\n\n<p>Videot on planuitu Vuokkiniemi-\u0161euran halli\u010duk\u0161e\u0161ta muuvvo\u0161\u0161etu\u0161\u0161a ruatojouko\u0161\u0161a, kumpaista on ohjannun \u0161euran pakinanvet\u00e4j\u00e4 <strong>Jyrki M\u00e4kel\u00e4<\/strong>. K\u00e4sikirjutuk\u0161et tekstityk\u0161ineh on valmistan <strong>Olga Karlova<\/strong>. Videot on luatin tuottaja ta gruafikko <strong>Jussi Sinkkonen<\/strong>.<\/p>\n\n\n\n<p>Videot voipi ka\u010d\u010duo Vuokkiniemi-\u0161euran YouTube-kanavalla.&nbsp;<\/p>\n\n\n\n<p><a href=\"https:\/\/www.youtube.com\/playlist?list=PLrgeSb6T5JnBovLTQP-gIYx2z35EK_iix\">Linkki videoloih YouTube\u0161\u0161a.<\/a><\/p>\n\n\n\n<p>Videoprojektin julkuantapruasniekkua piet\u00e4h ihan karjalan kielen net\u00e4lin alla pi\u00e4tin\u010d\u010d\u00e4n\u00e4 22.11. \u010d. 17&nbsp;Helsinkiss\u00e4.&nbsp;Tapahtuma on Karjalan \u0160ivissy\u0161\u0161euran tiloissa (Luotsikatu 9 D) ta \u0161iih on v\u00e4ll\u00e4 pi\u00e4\u0161y. Olga Karlova kertou Outi Lipkin\u00e4\u0161t\u00e4 ta projektin totevutanna\u0161ta, min lis\u00e4k\u0161i on hyv\u00e4 mahto&nbsp;yhe\u0161\u0161\u00e4&nbsp;ka\u010d\u010duo er\u00e4h\u00e4t julattuloista videoloista.<\/p>\n","protected":false},"excerpt":{"rendered":"<p>Karjalan kielen elvyty\u0161projekti ta Vuokkiniemi-\u0161eura ollah luajittu yhe\u0161\u0161\u00e4 11-o\u0161asen video\u0161arjan, kumpani pohjautuu&nbsp;Pertti Virtarannan&nbsp;Vuokkinieme\u0161\u0161\u00e4 vuotena 1968 luatimih pakautteluloih. Pakauttelui\u00e4nittehie \u0161\u00e4ilytet\u00e4h Kotimaisien kielien ke\u0161kuk\u0161e\u0161\u0161a, ta niill\u00e4 kuullah Outi Lipkiny\u00e4 (K\u00f6yk\u00e4n Outi). Nyt julatu\u0161\u0161a projektissa pakauttelumaterijalista on valittu katkelmie, kumpaset on tekstitetty ta kuvitettu. Videoloih valitut katkelmat ta valokuvat kuvual&#8217;l&#8217;ah vanhua Vienan Karjalan alovehta ta Vuokkinient\u00e4 aikana, min\u00e4 [&hellip;]<\/p>\n","protected":false},"author":580,"featured_media":0,"comment_status":"open","ping_status":"open","sticky":false,"template":"","format":"standard","meta":{"_acf_changed":false,"footnotes":""},"categories":[1],"tags":[61],"class_list":["post-20494","post","type-post","status-publish","format-standard","hentry","category-uncategorized","tag-audio-ja-video"],"acf":[],"yoast_head":"<!-- This site is optimized with the Yoast SEO plugin v27.3 - https:\/\/yoast.com\/product\/yoast-seo-wordpress\/ -->\n<title>K\u00f6yk\u00e4n Outin starinoja Vuokkinieme\u0161\u0161\u00e4 vuotena 1968 -video\u0161arja julattu - Karjalan kielen elvytt\u00e4minen<\/title>\n<meta name=\"robots\" content=\"index, follow, max-snippet:-1, max-image-preview:large, max-video-preview:-1\" \/>\n<link rel=\"canonical\" href=\"https:\/\/blogs.uef.fi\/karjalanelvytys\/2024\/11\/12\/koykan-outin-starinoja-vuokkiniemessa-vuotena-1968-videosarja-julattu\/\" \/>\n<meta property=\"og:locale\" content=\"fi_FI\" \/>\n<meta property=\"og:type\" content=\"article\" \/>\n<meta property=\"og:title\" content=\"K\u00f6yk\u00e4n Outin starinoja Vuokkinieme\u0161\u0161\u00e4 vuotena 1968 -video\u0161arja julattu - Karjalan kielen elvytt\u00e4minen\" \/>\n<meta property=\"og:description\" content=\"Karjalan kielen elvyty\u0161projekti ta Vuokkiniemi-\u0161eura ollah luajittu yhe\u0161\u0161\u00e4 11-o\u0161asen video\u0161arjan, kumpani pohjautuu&nbsp;Pertti Virtarannan&nbsp;Vuokkinieme\u0161\u0161\u00e4 vuotena 1968 luatimih pakautteluloih. Pakauttelui\u00e4nittehie \u0161\u00e4ilytet\u00e4h Kotimaisien kielien ke\u0161kuk\u0161e\u0161\u0161a, ta niill\u00e4 kuullah Outi Lipkiny\u00e4 (K\u00f6yk\u00e4n Outi). Nyt julatu\u0161\u0161a projektissa pakauttelumaterijalista on valittu katkelmie, kumpaset on tekstitetty ta kuvitettu. Videoloih valitut katkelmat ta valokuvat kuvual&#8217;l&#8217;ah vanhua Vienan Karjalan alovehta ta Vuokkinient\u00e4 aikana, min\u00e4 [&hellip;]\" \/>\n<meta property=\"og:url\" content=\"https:\/\/blogs.uef.fi\/karjalanelvytys\/2024\/11\/12\/koykan-outin-starinoja-vuokkiniemessa-vuotena-1968-videosarja-julattu\/\" \/>\n<meta property=\"og:site_name\" content=\"Karjalan kielen elvytt\u00e4minen\" \/>\n<meta property=\"article:published_time\" content=\"2024-11-12T09:59:31+00:00\" \/>\n<meta property=\"article:modified_time\" content=\"2025-01-03T07:29:35+00:00\" \/>\n<meta name=\"author\" content=\"Niko Tynnyrinen\" \/>\n<meta name=\"twitter:card\" content=\"summary_large_image\" \/>\n<meta name=\"twitter:label1\" content=\"Kirjoittanut\" \/>\n\t<meta name=\"twitter:data1\" content=\"Niko Tynnyrinen\" \/>\n\t<meta name=\"twitter:label2\" content=\"Arvioitu lukuaika\" \/>\n\t<meta name=\"twitter:data2\" content=\"1 minuutti\" \/>\n<script type=\"application\/ld+json\" class=\"yoast-schema-graph\">{\"@context\":\"https:\\\/\\\/schema.org\",\"@graph\":[{\"@type\":\"Article\",\"@id\":\"https:\\\/\\\/blogs.uef.fi\\\/karjalanelvytys\\\/2024\\\/11\\\/12\\\/koykan-outin-starinoja-vuokkiniemessa-vuotena-1968-videosarja-julattu\\\/#article\",\"isPartOf\":{\"@id\":\"https:\\\/\\\/blogs.uef.fi\\\/karjalanelvytys\\\/2024\\\/11\\\/12\\\/koykan-outin-starinoja-vuokkiniemessa-vuotena-1968-videosarja-julattu\\\/\"},\"author\":{\"name\":\"Niko Tynnyrinen\",\"@id\":\"https:\\\/\\\/blogs.uef.fi\\\/karjalanelvytys\\\/#\\\/schema\\\/person\\\/621a5a2d8165cae7989f49c34ac3e845\"},\"headline\":\"K\u00f6yk\u00e4n Outin starinoja Vuokkinieme\u0161\u0161\u00e4 vuotena 1968 -video\u0161arja julattu\",\"datePublished\":\"2024-11-12T09:59:31+00:00\",\"dateModified\":\"2025-01-03T07:29:35+00:00\",\"mainEntityOfPage\":{\"@id\":\"https:\\\/\\\/blogs.uef.fi\\\/karjalanelvytys\\\/2024\\\/11\\\/12\\\/koykan-outin-starinoja-vuokkiniemessa-vuotena-1968-videosarja-julattu\\\/\"},\"wordCount\":202,\"commentCount\":0,\"keywords\":[\"audio ja video\"],\"articleSection\":[\"Uncategorized\"],\"inLanguage\":\"fi\",\"potentialAction\":[{\"@type\":\"CommentAction\",\"name\":\"Comment\",\"target\":[\"https:\\\/\\\/blogs.uef.fi\\\/karjalanelvytys\\\/2024\\\/11\\\/12\\\/koykan-outin-starinoja-vuokkiniemessa-vuotena-1968-videosarja-julattu\\\/#respond\"]}]},{\"@type\":\"WebPage\",\"@id\":\"https:\\\/\\\/blogs.uef.fi\\\/karjalanelvytys\\\/2024\\\/11\\\/12\\\/koykan-outin-starinoja-vuokkiniemessa-vuotena-1968-videosarja-julattu\\\/\",\"url\":\"https:\\\/\\\/blogs.uef.fi\\\/karjalanelvytys\\\/2024\\\/11\\\/12\\\/koykan-outin-starinoja-vuokkiniemessa-vuotena-1968-videosarja-julattu\\\/\",\"name\":\"K\u00f6yk\u00e4n Outin starinoja Vuokkinieme\u0161\u0161\u00e4 vuotena 1968 -video\u0161arja julattu - Karjalan kielen elvytt\u00e4minen\",\"isPartOf\":{\"@id\":\"https:\\\/\\\/blogs.uef.fi\\\/karjalanelvytys\\\/#website\"},\"datePublished\":\"2024-11-12T09:59:31+00:00\",\"dateModified\":\"2025-01-03T07:29:35+00:00\",\"author\":{\"@id\":\"https:\\\/\\\/blogs.uef.fi\\\/karjalanelvytys\\\/#\\\/schema\\\/person\\\/621a5a2d8165cae7989f49c34ac3e845\"},\"breadcrumb\":{\"@id\":\"https:\\\/\\\/blogs.uef.fi\\\/karjalanelvytys\\\/2024\\\/11\\\/12\\\/koykan-outin-starinoja-vuokkiniemessa-vuotena-1968-videosarja-julattu\\\/#breadcrumb\"},\"inLanguage\":\"fi\",\"potentialAction\":[{\"@type\":\"ReadAction\",\"target\":[\"https:\\\/\\\/blogs.uef.fi\\\/karjalanelvytys\\\/2024\\\/11\\\/12\\\/koykan-outin-starinoja-vuokkiniemessa-vuotena-1968-videosarja-julattu\\\/\"]}]},{\"@type\":\"BreadcrumbList\",\"@id\":\"https:\\\/\\\/blogs.uef.fi\\\/karjalanelvytys\\\/2024\\\/11\\\/12\\\/koykan-outin-starinoja-vuokkiniemessa-vuotena-1968-videosarja-julattu\\\/#breadcrumb\",\"itemListElement\":[{\"@type\":\"ListItem\",\"position\":1,\"name\":\"Home\",\"item\":\"https:\\\/\\\/blogs.uef.fi\\\/karjalanelvytys\\\/\"},{\"@type\":\"ListItem\",\"position\":2,\"name\":\"K\u00f6yk\u00e4n Outin starinoja Vuokkinieme\u0161\u0161\u00e4 vuotena 1968 -video\u0161arja julattu\"}]},{\"@type\":\"WebSite\",\"@id\":\"https:\\\/\\\/blogs.uef.fi\\\/karjalanelvytys\\\/#website\",\"url\":\"https:\\\/\\\/blogs.uef.fi\\\/karjalanelvytys\\\/\",\"name\":\"Karjalan kielen elvytt\u00e4minen\",\"description\":\"\",\"potentialAction\":[{\"@type\":\"SearchAction\",\"target\":{\"@type\":\"EntryPoint\",\"urlTemplate\":\"https:\\\/\\\/blogs.uef.fi\\\/karjalanelvytys\\\/?s={search_term_string}\"},\"query-input\":{\"@type\":\"PropertyValueSpecification\",\"valueRequired\":true,\"valueName\":\"search_term_string\"}}],\"inLanguage\":\"fi\"},{\"@type\":\"Person\",\"@id\":\"https:\\\/\\\/blogs.uef.fi\\\/karjalanelvytys\\\/#\\\/schema\\\/person\\\/621a5a2d8165cae7989f49c34ac3e845\",\"name\":\"Niko Tynnyrinen\",\"image\":{\"@type\":\"ImageObject\",\"inLanguage\":\"fi\",\"@id\":\"https:\\\/\\\/secure.gravatar.com\\\/avatar\\\/c363118608772bc79e49a121a006dfe575b3d98afd884e1c7c163fcc962875ea?s=96&d=mm&r=g\",\"url\":\"https:\\\/\\\/secure.gravatar.com\\\/avatar\\\/c363118608772bc79e49a121a006dfe575b3d98afd884e1c7c163fcc962875ea?s=96&d=mm&r=g\",\"contentUrl\":\"https:\\\/\\\/secure.gravatar.com\\\/avatar\\\/c363118608772bc79e49a121a006dfe575b3d98afd884e1c7c163fcc962875ea?s=96&d=mm&r=g\",\"caption\":\"Niko Tynnyrinen\"},\"url\":\"https:\\\/\\\/blogs.uef.fi\\\/karjalanelvytys\\\/author\\\/mtynnyri\\\/\"}]}<\/script>\n<!-- \/ Yoast SEO plugin. -->","yoast_head_json":{"title":"K\u00f6yk\u00e4n Outin starinoja Vuokkinieme\u0161\u0161\u00e4 vuotena 1968 -video\u0161arja julattu - Karjalan kielen elvytt\u00e4minen","robots":{"index":"index","follow":"follow","max-snippet":"max-snippet:-1","max-image-preview":"max-image-preview:large","max-video-preview":"max-video-preview:-1"},"canonical":"https:\/\/blogs.uef.fi\/karjalanelvytys\/2024\/11\/12\/koykan-outin-starinoja-vuokkiniemessa-vuotena-1968-videosarja-julattu\/","og_locale":"fi_FI","og_type":"article","og_title":"K\u00f6yk\u00e4n Outin starinoja Vuokkinieme\u0161\u0161\u00e4 vuotena 1968 -video\u0161arja julattu - Karjalan kielen elvytt\u00e4minen","og_description":"Karjalan kielen elvyty\u0161projekti ta Vuokkiniemi-\u0161eura ollah luajittu yhe\u0161\u0161\u00e4 11-o\u0161asen video\u0161arjan, kumpani pohjautuu&nbsp;Pertti Virtarannan&nbsp;Vuokkinieme\u0161\u0161\u00e4 vuotena 1968 luatimih pakautteluloih. Pakauttelui\u00e4nittehie \u0161\u00e4ilytet\u00e4h Kotimaisien kielien ke\u0161kuk\u0161e\u0161\u0161a, ta niill\u00e4 kuullah Outi Lipkiny\u00e4 (K\u00f6yk\u00e4n Outi). Nyt julatu\u0161\u0161a projektissa pakauttelumaterijalista on valittu katkelmie, kumpaset on tekstitetty ta kuvitettu. Videoloih valitut katkelmat ta valokuvat kuvual&#8217;l&#8217;ah vanhua Vienan Karjalan alovehta ta Vuokkinient\u00e4 aikana, min\u00e4 [&hellip;]","og_url":"https:\/\/blogs.uef.fi\/karjalanelvytys\/2024\/11\/12\/koykan-outin-starinoja-vuokkiniemessa-vuotena-1968-videosarja-julattu\/","og_site_name":"Karjalan kielen elvytt\u00e4minen","article_published_time":"2024-11-12T09:59:31+00:00","article_modified_time":"2025-01-03T07:29:35+00:00","author":"Niko Tynnyrinen","twitter_card":"summary_large_image","twitter_misc":{"Kirjoittanut":"Niko Tynnyrinen","Arvioitu lukuaika":"1 minuutti"},"schema":{"@context":"https:\/\/schema.org","@graph":[{"@type":"Article","@id":"https:\/\/blogs.uef.fi\/karjalanelvytys\/2024\/11\/12\/koykan-outin-starinoja-vuokkiniemessa-vuotena-1968-videosarja-julattu\/#article","isPartOf":{"@id":"https:\/\/blogs.uef.fi\/karjalanelvytys\/2024\/11\/12\/koykan-outin-starinoja-vuokkiniemessa-vuotena-1968-videosarja-julattu\/"},"author":{"name":"Niko Tynnyrinen","@id":"https:\/\/blogs.uef.fi\/karjalanelvytys\/#\/schema\/person\/621a5a2d8165cae7989f49c34ac3e845"},"headline":"K\u00f6yk\u00e4n Outin starinoja Vuokkinieme\u0161\u0161\u00e4 vuotena 1968 -video\u0161arja julattu","datePublished":"2024-11-12T09:59:31+00:00","dateModified":"2025-01-03T07:29:35+00:00","mainEntityOfPage":{"@id":"https:\/\/blogs.uef.fi\/karjalanelvytys\/2024\/11\/12\/koykan-outin-starinoja-vuokkiniemessa-vuotena-1968-videosarja-julattu\/"},"wordCount":202,"commentCount":0,"keywords":["audio ja video"],"articleSection":["Uncategorized"],"inLanguage":"fi","potentialAction":[{"@type":"CommentAction","name":"Comment","target":["https:\/\/blogs.uef.fi\/karjalanelvytys\/2024\/11\/12\/koykan-outin-starinoja-vuokkiniemessa-vuotena-1968-videosarja-julattu\/#respond"]}]},{"@type":"WebPage","@id":"https:\/\/blogs.uef.fi\/karjalanelvytys\/2024\/11\/12\/koykan-outin-starinoja-vuokkiniemessa-vuotena-1968-videosarja-julattu\/","url":"https:\/\/blogs.uef.fi\/karjalanelvytys\/2024\/11\/12\/koykan-outin-starinoja-vuokkiniemessa-vuotena-1968-videosarja-julattu\/","name":"K\u00f6yk\u00e4n Outin starinoja Vuokkinieme\u0161\u0161\u00e4 vuotena 1968 -video\u0161arja julattu - Karjalan kielen elvytt\u00e4minen","isPartOf":{"@id":"https:\/\/blogs.uef.fi\/karjalanelvytys\/#website"},"datePublished":"2024-11-12T09:59:31+00:00","dateModified":"2025-01-03T07:29:35+00:00","author":{"@id":"https:\/\/blogs.uef.fi\/karjalanelvytys\/#\/schema\/person\/621a5a2d8165cae7989f49c34ac3e845"},"breadcrumb":{"@id":"https:\/\/blogs.uef.fi\/karjalanelvytys\/2024\/11\/12\/koykan-outin-starinoja-vuokkiniemessa-vuotena-1968-videosarja-julattu\/#breadcrumb"},"inLanguage":"fi","potentialAction":[{"@type":"ReadAction","target":["https:\/\/blogs.uef.fi\/karjalanelvytys\/2024\/11\/12\/koykan-outin-starinoja-vuokkiniemessa-vuotena-1968-videosarja-julattu\/"]}]},{"@type":"BreadcrumbList","@id":"https:\/\/blogs.uef.fi\/karjalanelvytys\/2024\/11\/12\/koykan-outin-starinoja-vuokkiniemessa-vuotena-1968-videosarja-julattu\/#breadcrumb","itemListElement":[{"@type":"ListItem","position":1,"name":"Home","item":"https:\/\/blogs.uef.fi\/karjalanelvytys\/"},{"@type":"ListItem","position":2,"name":"K\u00f6yk\u00e4n Outin starinoja Vuokkinieme\u0161\u0161\u00e4 vuotena 1968 -video\u0161arja julattu"}]},{"@type":"WebSite","@id":"https:\/\/blogs.uef.fi\/karjalanelvytys\/#website","url":"https:\/\/blogs.uef.fi\/karjalanelvytys\/","name":"Karjalan kielen elvytt\u00e4minen","description":"","potentialAction":[{"@type":"SearchAction","target":{"@type":"EntryPoint","urlTemplate":"https:\/\/blogs.uef.fi\/karjalanelvytys\/?s={search_term_string}"},"query-input":{"@type":"PropertyValueSpecification","valueRequired":true,"valueName":"search_term_string"}}],"inLanguage":"fi"},{"@type":"Person","@id":"https:\/\/blogs.uef.fi\/karjalanelvytys\/#\/schema\/person\/621a5a2d8165cae7989f49c34ac3e845","name":"Niko Tynnyrinen","image":{"@type":"ImageObject","inLanguage":"fi","@id":"https:\/\/secure.gravatar.com\/avatar\/c363118608772bc79e49a121a006dfe575b3d98afd884e1c7c163fcc962875ea?s=96&d=mm&r=g","url":"https:\/\/secure.gravatar.com\/avatar\/c363118608772bc79e49a121a006dfe575b3d98afd884e1c7c163fcc962875ea?s=96&d=mm&r=g","contentUrl":"https:\/\/secure.gravatar.com\/avatar\/c363118608772bc79e49a121a006dfe575b3d98afd884e1c7c163fcc962875ea?s=96&d=mm&r=g","caption":"Niko Tynnyrinen"},"url":"https:\/\/blogs.uef.fi\/karjalanelvytys\/author\/mtynnyri\/"}]}},"_links":{"self":[{"href":"https:\/\/blogs.uef.fi\/karjalanelvytys\/wp-json\/wp\/v2\/posts\/20494","targetHints":{"allow":["GET"]}}],"collection":[{"href":"https:\/\/blogs.uef.fi\/karjalanelvytys\/wp-json\/wp\/v2\/posts"}],"about":[{"href":"https:\/\/blogs.uef.fi\/karjalanelvytys\/wp-json\/wp\/v2\/types\/post"}],"author":[{"embeddable":true,"href":"https:\/\/blogs.uef.fi\/karjalanelvytys\/wp-json\/wp\/v2\/users\/580"}],"replies":[{"embeddable":true,"href":"https:\/\/blogs.uef.fi\/karjalanelvytys\/wp-json\/wp\/v2\/comments?post=20494"}],"version-history":[{"count":2,"href":"https:\/\/blogs.uef.fi\/karjalanelvytys\/wp-json\/wp\/v2\/posts\/20494\/revisions"}],"predecessor-version":[{"id":20500,"href":"https:\/\/blogs.uef.fi\/karjalanelvytys\/wp-json\/wp\/v2\/posts\/20494\/revisions\/20500"}],"wp:attachment":[{"href":"https:\/\/blogs.uef.fi\/karjalanelvytys\/wp-json\/wp\/v2\/media?parent=20494"}],"wp:term":[{"taxonomy":"category","embeddable":true,"href":"https:\/\/blogs.uef.fi\/karjalanelvytys\/wp-json\/wp\/v2\/categories?post=20494"},{"taxonomy":"post_tag","embeddable":true,"href":"https:\/\/blogs.uef.fi\/karjalanelvytys\/wp-json\/wp\/v2\/tags?post=20494"}],"curies":[{"name":"wp","href":"https:\/\/api.w.org\/{rel}","templated":true}]}}