{"id":18801,"date":"2024-08-19T11:48:05","date_gmt":"2024-08-19T08:48:05","guid":{"rendered":"https:\/\/blogs.uef.fi\/karjalanelvytys\/?p=18801"},"modified":"2024-10-04T10:19:28","modified_gmt":"2024-10-04T07:19:28","slug":"karjalan-kielen-da-karjalazen-kultuuran-kursat-suomen-eri-curil-sygyzy-2024","status":"publish","type":"post","link":"https:\/\/blogs.uef.fi\/karjalanelvytys\/2024\/08\/19\/karjalan-kielen-da-karjalazen-kultuuran-kursat-suomen-eri-curil-sygyzy-2024\/","title":{"rendered":"Karjalan kielen da karjalazen kul&#8217;tuuran kursat Suomen eri \u010duril (sygyzy 2024)"},"content":{"rendered":"\n<p>Karjalan kieleh da karjalazeh kul\u2019tuurah voit opastuo eri kohtis da li\u017e\u00e4kse vie interneta\u010di. Olemmo ker\u00e4nnyh yhteh tieduo sih n\u00e4h, kus t\u00e4n\u00e4 sygyzyn moizii kursoi piet\u00e4h. Kursoin piendykohtih kuulutah rahvahanopistot, kielikerhot da kieliker\u00e4hm\u00f6t. Tiijot ollah suomekse, da niidy rubiemmo t\u00e4vvend\u00e4m\u00e4h.<\/p>\n\n\n\n<p>Er\u00e4h\u00e4t kursois jatkutah kevi\u00e4h sah. Toizien opistoloin kev\u00e4tkursoile pid\u00e4y ilmoittuakseh eri\u017ee.<\/p>\n\n\n\n<p>Voit sin\u00e4gi ilmoittua karjalan kielen elvytysprojektale (karjalanelvytys@uef.fi) karjalan kielen da karjalazen kul\u2019tuuran kursah n\u00e4h, ollou sinul mid\u00e4 uuttu tieduo.<\/p>\n\n\n\n<p>E\u010di t\u00e4s i\u010delles p\u00e4tt\u00e4vy kursu:<\/p>\n\n\n\n<h2 class=\"wp-block-heading\">Ilomantsin kansalaisopisto<\/h2>\n\n\n\n<h5 class=\"wp-block-heading\">ET\u00c4: Pagizemmo karjalakse, alkeet<\/h5>\n\n\n\n<p>Opettaja: Nina Barmina<br>Paikkatilanne: kurssilla on tilaa<br>Aika: 11.9.2024\u20132.4.2025, keskiviikkoisin kello 17.00\u201318.00<br>Paikka: et\u00e4opetus<br>Kurssimaksu: 31,00 \u20ac<br>Murre: livvinkarjala<\/p>\n\n\n\n<p>Kehit\u00e4t omua livvin karjalan pagizemizen da kuulluon ellend\u00e4mizen taidoloi. Opastundu pohjavuu lehtitekstoih, radivo-ohjelmih da videoloih. Luajit v\u00e4lil se\u017eo omii kirjutuksii. Ker\u00e4vymm\u00f6 joga toine ned\u00e4li. Opastundu men\u00f6y jeuroppalaizen kielitutkindon tazoloil A1-A2.<\/p>\n\n\n\n<p><a href=\"https:\/\/uusi.opistopalvelut.fi\/ilomantsi\/fi\/course\/3156\/\">Linkki lis\u00e4tietoihin ja ilmoittautumiseen.<\/a><\/p>\n\n\n\n<h5 class=\"wp-block-heading\">ET\u00c4: Pagizemmo karjalakse, jatko<\/h5>\n\n\n\n<p>Opettaja: Nina Barmina<br>Paikkatilanne: kurssilla on tilaa<br>Aika: 11.9.2024\u201320.3.2025, keskiviikkoisin kello 18.30\u201319.30<br>Paikka: et\u00e4opetus<br>Kurssimaksu: 31,00 \u20ac<br>Murre: livvinkarjala<\/p>\n\n\n\n<p>Kehit\u00e4t omua livvin karjalan pagizemizen da kuulluon ellend\u00e4mizen taidoloi. Opastundu pohjavuu lehtitekstoih, radivo-ohjelmih da videoloih. Luajit v\u00e4lil se\u017eo omii kirjutuksii. Ker\u00e4vymm\u00f6 joga toine ned\u00e4li. Opastundu men\u00f6y jeuroppalaizen kielitutkindon tazoloil A2-B2.<\/p>\n\n\n\n<p><a href=\"https:\/\/uusi.opistopalvelut.fi\/ilomantsi\/fi\/course\/3157\/\">Linkki lis\u00e4tietoihin ja ilmoittautumiseen.<\/a><\/p>\n\n\n\n<h5 class=\"wp-block-heading\">ET\u00c4: Karjalan kielen alkeet, lukeminen ja kirjoittaminen<\/h5>\n\n\n\n<p>Opettaja: Nina Barmina<br>Paikkatilanne: kurssilla on tilaa<br>Aika: 19.9.2024\u201320.3.2025, torstaisin kello 17.00\u201318.15<br>Paikka: et\u00e4opetus<br>Kurssimaksu: 50,00 \u20ac<br>Murre: livvinkarjala<\/p>\n\n\n\n<p>Opit livvin karjalan alkeet. Harjoittelemme lukemista ja kirjoittamista. Tutuksi tulee my\u00f6s kieliopin perusasiat, jossa p\u00e4\u00e4painona substantiivit ja niiden taivutus. Opiskelu tapahtuu kielitaidon eurooppalaisen viitekehyksen tasoilla A1-A2.<\/p>\n\n\n\n<p><a href=\"https:\/\/uusi.opistopalvelut.fi\/ilomantsi\/fi\/course\/3154\/\">Linkki lis\u00e4tietoihin ja ilmoittautumiseen.<\/a><\/p>\n\n\n\n<h5 class=\"wp-block-heading\">ET\u00c4: Karjalan kielen jatko, kirjoittaminen<\/h5>\n\n\n\n<p>Opettaja: Nina Barmina<br>Paikkatilanne: kurssilla on tilaa<br>Aika: 19.9.2024\u201320.3.2025, torstaisin kello 18.30\u201319.45<br>Paikka: et\u00e4opetus<br>Kurssimaksu: 50,00 \u20ac<br>Murre: livvinkarjala<\/p>\n\n\n\n<p>Kehit\u00e4t monipuolisesti livvin karjalan osaamistasi. Opit my\u00f6s kielioppia, jossa p\u00e4\u00e4painona verbit. Opiskelu tapahtuu kielitaidon eurooppalaisen viitekehyksen tasoilla A2-B1.<\/p>\n\n\n\n<p><a href=\"https:\/\/uusi.opistopalvelut.fi\/ilomantsi\/fi\/course\/3155\/\">Linkki lis\u00e4tietoihin ja ilmoittautumiseen.<\/a><\/p>\n\n\n\n<h2 class=\"wp-block-heading\">Joensuun seudun kansalaisopisto<\/h2>\n\n\n\n<h5 class=\"wp-block-heading\">Karjalan kieli ja kulttuuri<\/h5>\n\n\n\n<p>Opettaja: Niko Tynnyrinen<br>Paikkatilanne: kurssilla on tilaa<br>Aika: 16.9\u20139.12.2024, maanantaisin kello 16.45\u201318.15<br>Paikka: Papinkatu 3, Joensuu (Opistotalo, lk 3102)<br>Kurssimaksu: 67,00 \u20ac<br>Murre: livvinkarjala<\/p>\n\n\n\n<p>Erilaisten tekstien ja teht\u00e4vien avulla opiskellaan livvinkarjalan perussanastoa ja kielioppia. Kurssilla k\u00e4sitell\u00e4\u00e4n jossain m\u00e4\u00e4rin muitakin karjalan kielimuotoja. Sopii kaikille karjalasta ja karjalaisesta kulttuurista kiinnostuneille. My\u00f6s uudet opiskelijat ovat tervetulleita. Opettajana toimii livvinkarjalan puhuja. Kurssilla on mahdollista suorittaa kielitaitoa osoittava vapaaehtoinen osaamismerkki.<\/p>\n\n\n\n<p><a href=\"https:\/\/uusi.opistopalvelut.fi\/joensuu\/fi\/course\/23944\">Linkki lis\u00e4tietoihin ja ilmoittautumiseen.<\/a><\/p>\n\n\n\n<h2 class=\"wp-block-heading\">Jokilatvan opisto<\/h2>\n\n\n\n<h5 class=\"wp-block-heading\">Karjalankieli ja kulttuuri (taso A1)<\/h5>\n\n\n\n<p>Opettaja: Eila Markkinen<br>Paikkatilanne: kurssilla on tilaa<br>Aika: 16.9.2024\u20137.4.2025, maanantaisin kello 18.00\u201319.30<br>Paikka: Kirkkokatu 4, Haapaj\u00e4rvi (lukio, luokka 12)<br>Kurssimaksu: 62,00 \u20ac<br>Murre: livvinkarjala<\/p>\n\n\n\n<p>Kurssilla opiskellaan karjalan kielt\u00e4, yht\u00e4 sen p\u00e4\u00e4murteista, livvinkarjalaa. Harjoitellaan kielt\u00e4 monipuolisilla yksil\u00f6- ja ryhm\u00e4harjoituksilla ja opitaan k\u00e4ytt\u00e4m\u00e4\u00e4n sit\u00e4 keskeisiss\u00e4 arkisissa tilanteissa. Sis\u00e4lt\u00f6teemoina mm. perhe, koti, ty\u00f6 ja harrastukset, ostoksilla, ruokailu, terveys, matkustaminen, vierailulla ja juhlat Tutustutaan samalla my\u00f6s monipuoliseen, rikkaaseen karjalaiseen kulttuuriin. Kurssin k\u00e4yty\u00e4\u00e4n opiskelija ymm\u00e4rt\u00e4\u00e4 perustason puhuttua kielt\u00e4 ja helppotajuisia tekstej\u00e4, selvi\u00e4\u00e4 yksinkertaisissa puhetilanteissa sek\u00e4 osaa kirjoittaa lyhyit\u00e4 tekstej\u00e4 ja peruskielioppia.<\/p>\n\n\n\n<p><a href=\"https:\/\/uusi.opistopalvelut.fi\/jokilatva\/fi\/course\/9708\">Linkki lis\u00e4tietoihin ja ilmoittautumiseen.<\/a><\/p>\n\n\n\n<h2 class=\"wp-block-heading\">Kalliola opisto<\/h2>\n\n\n\n<h5 class=\"wp-block-heading\">Karjala alkeet, verkko-opetus<\/h5>\n\n\n\n<p>Opettaja: Aleksandra Soloveva<br>Paikkatilanne: kurssilla on tilaa<br>Aika: 10.9.\u20133.12.2024, tiistaisin kello 18.00\u201319.30<br>Paikka: et\u00e4opetus<br>Kurssimaksu: 91,00 \u20ac<br>Murre: vienankarjala<\/p>\n\n\n\n<p>L\u00e4ht\u00f6taso 0. Tavoitetaso A1.1.<\/p>\n\n\n\n<p>Tutustumme karjalaisiin kirjaimiin ja \u00e4\u00e4nteisiin sek\u00e4 opimme kielen perusrakenteita. Puhumme my\u00f6s Karjalasta ja karjalaisten arkiel\u00e4m\u00e4st\u00e4.<\/p>\n\n\n\n<p>Aihepiirit: tervehdykset, tutustuminen, viikonp\u00e4iv\u00e4t, perhe ja koti, p\u00e4iv\u00e4j\u00e4rjestys, kellonajat, ruoka ja juoma.<\/p>\n\n\n\n<p>Rakenteet: verbin persoonap\u00e4\u00e4tteet, negatiivinen lause, kysymyssanat, adjektiivit, paikallissijat, partitiivi.<\/p>\n\n\n\n<p>Oppikirja: Olga Karlova: Vienankarjalan alkeiskur\u0161\u0161i.<\/p>\n\n\n\n<p><a href=\"https:\/\/opisto.kalliola.fi\/kurssit\/karjalan-kieli\/\">Linkki lis\u00e4tietoihin ja ilmoittautumiseen.<\/a><\/p>\n\n\n\n<h5 class=\"wp-block-heading\">Karjala IV, verkko-opetus<\/h5>\n\n\n\n<p>Opettaja: Ekaterina Kuzmina<br>Paikkatilanne: kurssilla on tilaa<br>Aika: 9.9.\u20132.12.2024, maanantaisin kello 18.00\u201319.30<br>Paikka: et\u00e4opetus<br>Kurssimaksu: 91,00 \u20ac<br>Taitotaso: A2.1-A2.2<br>Murre: vienankarjala<\/p>\n\n\n\n<p>Tervetuloa jatkamaan karjalan kielen opetusta. Oppituntien aikana kommunikoimme paljon eri asioista. Kielioppiaiheet on k\u00e4sitelty, joten usein vain toistamme ja muistamme erilaisia kieliopillisia rakenteita. Kursseilla luemme tekstej\u00e4, artikkeleita Oma Mua-lehdest\u00e4, teemme harjoituksia ja keskustelemme. Opit karjalaisista perinteist\u00e4, ruuasta ja vanhoista saduista ja tarinoista. Oppituntien aikana katsomme kuvia, videoita ja uutisia sek\u00e4 kuuntelemme musiikkia Karjalasta.<\/p>\n\n\n\n<p>Kurssi sopii hyvin noin kolme vuotta karjalaa opistossa opiskelleille tai muulla tavalla opiskelleille.<\/p>\n\n\n\n<p>Oppikirja: Pekka Zaikov: Vienankarjalan kielioppi ja opettajan materiaalit.<\/p>\n\n\n\n<p><a href=\"https:\/\/opisto.kalliola.fi\/kurssit\/karjalan-kieli\/\">Linkki lis\u00e4tietoihin ja ilmoittautumiseen.<\/a><\/p>\n\n\n\n<h2 class=\"wp-block-heading\">Kuopion kansalaisopisto<\/h2>\n\n\n\n<h5 class=\"wp-block-heading\">Karjalan kieli (livvinkarjala) A<\/h5>\n\n\n\n<p>Opettaja: Aleksi Ruuskanen<br>Paikkatilanne: kurssilla on tilaa<br>Aika: 25.9.\u201320.11.2024, keskiviikkoisin kello 18.00\u201319.30<br>Paikka: Puistokatu 20, Kuopio (D141 Joutsen)<br>Kurssimaksu: 43,00 \u20ac<br>Murre: livvinkarjala<\/p>\n\n\n\n<p>T\u00e4m\u00e4 kurssi tarjoaa sinulle mahdollisuuden syventy\u00e4 karjalan kieleen ja sen monimuotoisuuteen. Olitpa aloittelija tai jo hieman perehtynyt, tulet varmasti nauttimaan t\u00e4st\u00e4 kulttuurisesta matkasta. Kurssilla harjoittelemme karjalan \u00e4\u00e4nt\u00e4mist\u00e4, sanastoa, peruskielioppia sek\u00e4 tavallisia kielenk\u00e4ytt\u00f6- ja keskustelutilanteita. Kurssi on nykyaikaisen kielenopetuksen mukaisesti osallistava, joten pari- ja ryhm\u00e4harjoitukset kannustavat alusta pit\u00e4en opiskelijoita osallistumaan aktiivisesti ja tuottamaan kielt\u00e4 itse sek\u00e4 suullisesti ett\u00e4 kirjallisesti. Kielioppitermist\u00f6 pidet\u00e4\u00e4n yksinkertaisena, sill\u00e4 tarkoituksena on oppia kielt\u00e4, ei kielitieteen sanastoa. Kurssin opetuskielen\u00e4 on karjala. Tule opastumah karjalan kieleh! <\/p>\n\n\n\n<p><a href=\"https:\/\/uusi.opistopalvelut.fi\/kuopio\/fi\/course\/31463\">Linkki lis\u00e4tietoihin ja ilmoittautumiseen.<\/a><\/p>\n\n\n\n<h2 class=\"wp-block-heading\">Lapinlahden kansalaisopisto<\/h2>\n\n\n\n<h5 class=\"wp-block-heading\">Karjalan kieli ja kulttuuri<\/h5>\n\n\n\n<p>Opettaja: Hannu Turunen<br>Paikkatilanne: kurssilla on tilaa<br>Aika: 17.9.\u20133.12.2024, tiistaisin kello 18.00\u201319.15<br>Paikka: Kivist\u00f6ntie 2, Lapinlahti (Lukio, lk 14)<br>Kurssimaksu: 38,00 \u20ac<br>Murre: livvinkarjala<\/p>\n\n\n\n<p>Karjalan kielen opiskelua kirjallisin ja suullisin teht\u00e4vin, netiss\u00e4 vapaasti k\u00e4yt\u00f6ss\u00e4 olevia opetusohjelmia ja opettajan tuottamaa omaa materiaalia hy\u00f6dynt\u00e4en. Karjalainen kulttuuriperinne nivotaan kurssiin laulu- ja runoilloin, ja mahdollisin vierailuin sopiviin n\u00e4yttelyihin tai konsertteihin. Kansalaisopiston kautta voi hakea karjalan kielen (livvinkarjala) osaamismerkkej\u00e4 (karjalan kielell\u00e4 maltomerkkej\u00e4).<\/p>\n\n\n\n<p><a href=\"https:\/\/www.opistopalvelut.fi\/kaskikuusi\/course.php?l=fi&amp;t=6547\">Linkki lis\u00e4tietoihin ja ilmoittautumiseen.<\/a><\/p>\n\n\n\n<h2 class=\"wp-block-heading\">Pielaveden ja Keiteleen kansalaisopisto<\/h2>\n\n\n\n<h5 class=\"wp-block-heading\">Karjalankieli<\/h5>\n\n\n\n<p>Opettaja: Kari P. Koslonen<br>Paikkatilanne: kurssilla on tilaa<br>Aika: 20.9.\u201329.11.2024, perjantaisin kello 17.00\u201318.30<br>Paikka: Koulutie 3, Pielavesi (Opinportti, lk. 23)<br>Kurssimaksu: 24,00 \u20ac<br>Murre: ei tarkennettu<\/p>\n\n\n\n<p>Terveh hyv\u00e4 ristikanzu. Himoittauko sinuu tuttavuo Karjalan kieleh da kuturah. Tule joukkoh yhtes opastumah libo mustelemah Karjalan kieldy. Kiinnostaako karjalankieli? Tule tutustumaan ja oppimaan mukavaan joukkoon tekstien, runojen ja laulujen kautta Karjalan kielt\u00e4. Ryhm\u00e4 kokoontuu joka perjantai. Kurssimaksu sis\u00e4lt\u00e4\u00e4 materiaalit.<\/p>\n\n\n\n<p><a href=\"https:\/\/uusi.opistopalvelut.fi\/pielavesi\/fi\/course\/4359\">Linkki lis\u00e4tietoihin ja ilmoittautumiseen.<\/a><\/p>\n\n\n\n<h2 class=\"wp-block-heading\">Siilinj\u00e4rven kansalaisopisto<\/h2>\n\n\n\n<h5 class=\"wp-block-heading\">Karjalan kielt\u00e4 ja kulttuuria kaikille, syksy<\/h5>\n\n\n\n<p>Opettaja: Kari P. Koslonen<br>Paikkatilanne: kurssilla on tilaa<br>Aika: 12.9.\u201312.12.2024, torstaisin kello 17.00\u201318.30<br>Paikka: Koskentie 1, Siilinj\u00e4rvi (Ahmon koulu, viipale 4, 12)<br>Kurssimaksu: 40,50 \u20ac<br>Murre: livvinkarjala<\/p>\n\n\n\n<p>Tule mukavaan seuraan harrastamaan karjalan kielt\u00e4 ja kulttuuria! Kurssilla tutustutaan karjalaiseen el\u00e4m\u00e4nmuotoon ja kieleen lauluja ja runoja unohtamatta. Oppikirja OPASTUMMO KARJALAKSE sek\u00e4 opettajan lis\u00e4materiaali.<\/p>\n\n\n\n<p><a href=\"https:\/\/uusi.opistopalvelut.fi\/siilinjarvi\/fi\/course\/6968\">Linkki lis\u00e4tietoihin ja ilmoittautumiseen.<\/a><\/p>\n\n\n\n<h2 class=\"wp-block-heading\">Sotkamon kansalaisopisto<\/h2>\n\n\n\n<h5 class=\"wp-block-heading\">Karjalan kielt\u00e4 ja kulttuuria, UUSI<\/h5>\n\n\n\n<p>Opettaja: Ellen Leinonen<br>Paikkatilanne: kurssilla on tilaa<br>Aika: 25.10.\u201315.11.2024, perjantaisin kello 17.30\u201319.00<br>Paikka: Akkoniementie 25, Sotkamo (lukio, lk. B123)<br>Kurssimaksu: 35,00 \u20ac<br>Murre: etel\u00e4karjala\/varsinaiskarjala<\/p>\n\n\n\n<p>Kurssi sopii kaikille sukujuuriltaan karjalaisille ja muuten vain Karjalasta, karjalaisuudesta, karjalan kielest\u00e4 ja kulttuurista kiinnostuneille. Aiheita k\u00e4sitell\u00e4\u00e4n tiedon sek\u00e4 kurssilaisten muistojen ja kokemusten kautta. Tutustumme karjalan kielen kolmeen murteeseen (viena, livvi ja varsinaiskarjala) ja opiskelemme varsinaiskarjalan alkeita. Lis\u00e4ksi kielt\u00e4 opimme\/kertaamme mm. kuuntelemalla, laulamalla ja k\u00e4\u00e4nt\u00e4m\u00e4ll\u00e4 karjalankielisi\u00e4 lauluja ja pelaamalla leikkimielisi\u00e4 pelej\u00e4.<\/p>\n\n\n\n<p><a href=\"https:\/\/uusi.opistopalvelut.fi\/sotkamo\/fi\/course\/7466\/\">Linkki lis\u00e4tietoihin ja ilmoittautumiseen.<\/a><\/p>\n\n\n\n<h2 class=\"wp-block-heading\">Tuusulan opisto<\/h2>\n\n\n\n<h5 class=\"wp-block-heading\">Karjalan kielen ja kulttuurin alkeiskurssi verkossa<\/h5>\n\n\n\n<p>Opettaja: Mika Saatsi<br>Paikkatilanne: kurssilla on tilaa<br>Aika: 26.8.\u201321.10.2024, maanantaisin kello 18.30\u201320.00<br>Paikka: et\u00e4opetus<br>Kurssimaksu: 26,00 \u20ac<br>Murre: etel\u00e4karjala\/varsinaiskarjala<\/p>\n\n\n\n<p>Kurssilla keskityt\u00e4\u00e4n karjalan kielen (varzinkarjala\/suvikarjala) ja kulttuurin alkeisiin. Kurssin opetuskielen\u00e4 karjala ja suomi. Syyslomaviikolla 42 on opetusta. Taitotaso A1.<\/p>\n\n\n\n<p><a href=\"https:\/\/opistopalvelut.fi\/tuusula\/course.php?l=fi&amp;t=8457\">Linkki lis\u00e4tietoihin ja ilmoittautumiseen.<\/a><\/p>\n\n\n\n<h5 class=\"wp-block-heading\">Karjalan kielen ja kulttuurin jatkokurssi verkossa<\/h5>\n\n\n\n<p>Opettaja: Mika Saatsi<br>Paikkatilanne: kurssilla on tilaa<br>Aika: 11.11.\u201316.12.2024, maanantaisin kello 18.30\u201320.00<br>Paikka: et\u00e4opetus<br>Kurssimaksu: 22,00 \u20ac<br>Murre: etel\u00e4karjala\/varsinaiskarjala<\/p>\n\n\n\n<p>Kurssilla jatketaan karjalan kielen (varzinkarjala\/suvikarjala) ja kulttuurin alkeiden opiskelua ja rohkaistutaan puhumaan! Kurssin opetuskielen\u00e4 karjala ja suomi. Taitotaso A1.<\/p>\n\n\n\n<p><a href=\"https:\/\/opistopalvelut.fi\/tuusula\/course.php?l=fi&amp;t=8458\">Linkki lis\u00e4tietoihin ja ilmoittautumiseen.<\/a><\/p>\n\n\n\n<h2 class=\"wp-block-heading\">Ylivieskan seudun kansalaisopisto<\/h2>\n\n\n\n<h5 class=\"wp-block-heading\">KARJALAN KIELEN JA KULTTUURIN ALKEISKURSSI<\/h5>\n\n\n\n<p>Opettaja: Eila Markkinen<br>Paikkatilanne: kurssilla on tilaa<br>Aika: 13.9.\u201322.11.2024, perjantaisin kello 17.00\u201318.30<br>Paikka: M\u00e4ntytie 2, Ylivieska (Kaisaniemen koulu)<br>Kurssimaksu: 38,00 \u20ac<br>Murre: livvinkarjala<\/p>\n\n\n\n<p>Karjalan kielen ja kulttuurin alkeiskurssilla opiskellaan yht\u00e4 kielen p\u00e4\u00e4murteista (livvi), ja tutustutaan samalla rikkaaseen karjalaiseen kulttuuriin. T\u00e4ll\u00e4 kurssilla harjoittelet k\u00e4ytt\u00e4m\u00e4\u00e4n kielt\u00e4 monipuolisilla yksil\u00f6- ja ryhm\u00e4harjoituksilla ja opit k\u00e4ytt\u00e4m\u00e4\u00e4n sit\u00e4 keskeisiss\u00e4 arkisissa tilanteissa. Sis\u00e4lt\u00f6teemoina; Perhe, koti, ty\u00f6 ja harrastukset, ostoksilla, ruokailu, terveys, vierailulla, juhlat. Kielen opiskelussa tutustut samalla my\u00f6s monipuoliseen, rikkaaseen karjalaiseen kulttuuriin. Kurssin k\u00e4yty\u00e4si ymm\u00e4rr\u00e4t perustason puhuttua kielt\u00e4 ja helppotajuisia tekstej\u00e4, selvi\u00e4t yksinkertaisissa puhetilanteissa sek\u00e4 osaat kirjoittaa lyhyit\u00e4 tekstej\u00e4 ja peruskielioppia.<\/p>\n\n\n\n<p><a href=\"https:\/\/uusi.opistopalvelut.fi\/ylivieska\/fi\/course\/6334\">Linkki lis\u00e4tietoihin ja ilmoittautumiseen.<\/a><\/p>\n\n\n\n<h2 class=\"wp-block-heading\">Yl\u00e4-Karjalan kansalaisopisto<\/h2>\n\n\n\n<h5 class=\"wp-block-heading\">Karjalan kieli<\/h5>\n\n\n\n<p>Opettaja: Iiris Korkatsu<br>Paikkatilanne: kurssilla on tilaa<br>Aika: 3.9.\u201326.11.2024, tiistaisin kello 18.00\u201319.30<br>Paikka: Kirkkokatu 15, Nurmes (Kirkkokadun yl\u00e4koulu, lk. B303)<br>Kurssimaksu: 35,00 \u20ac<br>Murre: etel\u00e4karjala\/varsinaiskarjala<\/p>\n\n\n\n<p>Opetellaan alkeista l\u00e4htien, kuten kirjaimet, \u00e4\u00e4nt\u00e4minen, lukusanat, tervehdykset uusille tulijoille ja pitemm\u00e4lle ehtineille t\u00e4m\u00e4 k\u00e4y kertauksena. Opiskellaan teoriaa, kielioppia, puhumista. Oppimateriaalina k\u00e4ytet\u00e4\u00e4n kielioppia, sanakirjaa, laulukirjoja ja tekstimonisteita. Opetus on varsinaiskarjalan kielt\u00e4. Tunnit koostuvat teoriasta, tekstin lukemisesta, keskustelusta ja tuttujen laulujen laulamisesta karjalan kielell\u00e4.<\/p>\n\n\n\n<p><a href=\"https:\/\/uusi.opistopalvelut.fi\/ylakarjala\/fi\/course\/3212\/\">Linkki lis\u00e4tietoihin ja ilmoittautumiseen.<\/a><\/p>\n","protected":false},"excerpt":{"rendered":"<p>Karjalan kieleh da karjalazeh kul\u2019tuurah voit opastuo eri kohtis da li\u017e\u00e4kse vie interneta\u010di. Olemmo ker\u00e4nnyh yhteh tieduo sih n\u00e4h, kus t\u00e4n\u00e4 sygyzyn moizii kursoi piet\u00e4h. Kursoin piendykohtih kuulutah rahvahanopistot, kielikerhot da kieliker\u00e4hm\u00f6t. Tiijot ollah suomekse, da niidy rubiemmo t\u00e4vvend\u00e4m\u00e4h. Er\u00e4h\u00e4t kursois jatkutah kevi\u00e4h sah. Toizien opistoloin kev\u00e4tkursoile pid\u00e4y ilmoittuakseh eri\u017ee. Voit sin\u00e4gi ilmoittua karjalan kielen [&hellip;]<\/p>\n","protected":false},"author":580,"featured_media":0,"comment_status":"open","ping_status":"open","sticky":false,"template":"","format":"standard","meta":{"_acf_changed":false,"footnotes":""},"categories":[1],"tags":[14],"class_list":["post-18801","post","type-post","status-publish","format-standard","hentry","category-uncategorized","tag-karjalan-kielen-kurssit"],"acf":[],"yoast_head":"<!-- This site is optimized with the Yoast SEO plugin v27.3 - https:\/\/yoast.com\/product\/yoast-seo-wordpress\/ -->\n<title>Karjalan kielen da karjalazen kul&#039;tuuran kursat Suomen eri \u010duril (sygyzy 2024) - Karjalan kielen elvytt\u00e4minen<\/title>\n<meta name=\"robots\" content=\"index, follow, max-snippet:-1, max-image-preview:large, max-video-preview:-1\" \/>\n<link rel=\"canonical\" href=\"https:\/\/blogs.uef.fi\/karjalanelvytys\/2024\/08\/19\/karjalan-kielen-da-karjalazen-kultuuran-kursat-suomen-eri-curil-sygyzy-2024\/\" \/>\n<meta property=\"og:locale\" content=\"fi_FI\" \/>\n<meta property=\"og:type\" content=\"article\" \/>\n<meta property=\"og:title\" content=\"Karjalan kielen da karjalazen kul&#039;tuuran kursat Suomen eri \u010duril (sygyzy 2024) - Karjalan kielen elvytt\u00e4minen\" \/>\n<meta property=\"og:description\" content=\"Karjalan kieleh da karjalazeh kul\u2019tuurah voit opastuo eri kohtis da li\u017e\u00e4kse vie interneta\u010di. Olemmo ker\u00e4nnyh yhteh tieduo sih n\u00e4h, kus t\u00e4n\u00e4 sygyzyn moizii kursoi piet\u00e4h. Kursoin piendykohtih kuulutah rahvahanopistot, kielikerhot da kieliker\u00e4hm\u00f6t. Tiijot ollah suomekse, da niidy rubiemmo t\u00e4vvend\u00e4m\u00e4h. Er\u00e4h\u00e4t kursois jatkutah kevi\u00e4h sah. Toizien opistoloin kev\u00e4tkursoile pid\u00e4y ilmoittuakseh eri\u017ee. Voit sin\u00e4gi ilmoittua karjalan kielen [&hellip;]\" \/>\n<meta property=\"og:url\" content=\"https:\/\/blogs.uef.fi\/karjalanelvytys\/2024\/08\/19\/karjalan-kielen-da-karjalazen-kultuuran-kursat-suomen-eri-curil-sygyzy-2024\/\" \/>\n<meta property=\"og:site_name\" content=\"Karjalan kielen elvytt\u00e4minen\" \/>\n<meta property=\"article:published_time\" content=\"2024-08-19T08:48:05+00:00\" \/>\n<meta property=\"article:modified_time\" content=\"2024-10-04T07:19:28+00:00\" \/>\n<meta name=\"author\" content=\"Niko Tynnyrinen\" \/>\n<meta name=\"twitter:card\" content=\"summary_large_image\" \/>\n<meta name=\"twitter:label1\" content=\"Kirjoittanut\" \/>\n\t<meta name=\"twitter:data1\" content=\"Niko Tynnyrinen\" \/>\n\t<meta name=\"twitter:label2\" content=\"Arvioitu lukuaika\" \/>\n\t<meta name=\"twitter:data2\" content=\"9 minuuttia\" \/>\n<script type=\"application\/ld+json\" class=\"yoast-schema-graph\">{\"@context\":\"https:\\\/\\\/schema.org\",\"@graph\":[{\"@type\":\"Article\",\"@id\":\"https:\\\/\\\/blogs.uef.fi\\\/karjalanelvytys\\\/2024\\\/08\\\/19\\\/karjalan-kielen-da-karjalazen-kultuuran-kursat-suomen-eri-curil-sygyzy-2024\\\/#article\",\"isPartOf\":{\"@id\":\"https:\\\/\\\/blogs.uef.fi\\\/karjalanelvytys\\\/2024\\\/08\\\/19\\\/karjalan-kielen-da-karjalazen-kultuuran-kursat-suomen-eri-curil-sygyzy-2024\\\/\"},\"author\":{\"name\":\"Niko Tynnyrinen\",\"@id\":\"https:\\\/\\\/blogs.uef.fi\\\/karjalanelvytys\\\/#\\\/schema\\\/person\\\/621a5a2d8165cae7989f49c34ac3e845\"},\"headline\":\"Karjalan kielen da karjalazen kul&#8217;tuuran kursat Suomen eri \u010duril (sygyzy 2024)\",\"datePublished\":\"2024-08-19T08:48:05+00:00\",\"dateModified\":\"2024-10-04T07:19:28+00:00\",\"mainEntityOfPage\":{\"@id\":\"https:\\\/\\\/blogs.uef.fi\\\/karjalanelvytys\\\/2024\\\/08\\\/19\\\/karjalan-kielen-da-karjalazen-kultuuran-kursat-suomen-eri-curil-sygyzy-2024\\\/\"},\"wordCount\":1390,\"commentCount\":0,\"keywords\":[\"karjalan kielen kurssit\"],\"articleSection\":[\"Uncategorized\"],\"inLanguage\":\"fi\",\"potentialAction\":[{\"@type\":\"CommentAction\",\"name\":\"Comment\",\"target\":[\"https:\\\/\\\/blogs.uef.fi\\\/karjalanelvytys\\\/2024\\\/08\\\/19\\\/karjalan-kielen-da-karjalazen-kultuuran-kursat-suomen-eri-curil-sygyzy-2024\\\/#respond\"]}]},{\"@type\":\"WebPage\",\"@id\":\"https:\\\/\\\/blogs.uef.fi\\\/karjalanelvytys\\\/2024\\\/08\\\/19\\\/karjalan-kielen-da-karjalazen-kultuuran-kursat-suomen-eri-curil-sygyzy-2024\\\/\",\"url\":\"https:\\\/\\\/blogs.uef.fi\\\/karjalanelvytys\\\/2024\\\/08\\\/19\\\/karjalan-kielen-da-karjalazen-kultuuran-kursat-suomen-eri-curil-sygyzy-2024\\\/\",\"name\":\"Karjalan kielen da karjalazen kul'tuuran kursat Suomen eri \u010duril (sygyzy 2024) - Karjalan kielen elvytt\u00e4minen\",\"isPartOf\":{\"@id\":\"https:\\\/\\\/blogs.uef.fi\\\/karjalanelvytys\\\/#website\"},\"datePublished\":\"2024-08-19T08:48:05+00:00\",\"dateModified\":\"2024-10-04T07:19:28+00:00\",\"author\":{\"@id\":\"https:\\\/\\\/blogs.uef.fi\\\/karjalanelvytys\\\/#\\\/schema\\\/person\\\/621a5a2d8165cae7989f49c34ac3e845\"},\"breadcrumb\":{\"@id\":\"https:\\\/\\\/blogs.uef.fi\\\/karjalanelvytys\\\/2024\\\/08\\\/19\\\/karjalan-kielen-da-karjalazen-kultuuran-kursat-suomen-eri-curil-sygyzy-2024\\\/#breadcrumb\"},\"inLanguage\":\"fi\",\"potentialAction\":[{\"@type\":\"ReadAction\",\"target\":[\"https:\\\/\\\/blogs.uef.fi\\\/karjalanelvytys\\\/2024\\\/08\\\/19\\\/karjalan-kielen-da-karjalazen-kultuuran-kursat-suomen-eri-curil-sygyzy-2024\\\/\"]}]},{\"@type\":\"BreadcrumbList\",\"@id\":\"https:\\\/\\\/blogs.uef.fi\\\/karjalanelvytys\\\/2024\\\/08\\\/19\\\/karjalan-kielen-da-karjalazen-kultuuran-kursat-suomen-eri-curil-sygyzy-2024\\\/#breadcrumb\",\"itemListElement\":[{\"@type\":\"ListItem\",\"position\":1,\"name\":\"Home\",\"item\":\"https:\\\/\\\/blogs.uef.fi\\\/karjalanelvytys\\\/\"},{\"@type\":\"ListItem\",\"position\":2,\"name\":\"Karjalan kielen da karjalazen kul&#8217;tuuran kursat Suomen eri \u010duril (sygyzy 2024)\"}]},{\"@type\":\"WebSite\",\"@id\":\"https:\\\/\\\/blogs.uef.fi\\\/karjalanelvytys\\\/#website\",\"url\":\"https:\\\/\\\/blogs.uef.fi\\\/karjalanelvytys\\\/\",\"name\":\"Karjalan kielen elvytt\u00e4minen\",\"description\":\"\",\"potentialAction\":[{\"@type\":\"SearchAction\",\"target\":{\"@type\":\"EntryPoint\",\"urlTemplate\":\"https:\\\/\\\/blogs.uef.fi\\\/karjalanelvytys\\\/?s={search_term_string}\"},\"query-input\":{\"@type\":\"PropertyValueSpecification\",\"valueRequired\":true,\"valueName\":\"search_term_string\"}}],\"inLanguage\":\"fi\"},{\"@type\":\"Person\",\"@id\":\"https:\\\/\\\/blogs.uef.fi\\\/karjalanelvytys\\\/#\\\/schema\\\/person\\\/621a5a2d8165cae7989f49c34ac3e845\",\"name\":\"Niko Tynnyrinen\",\"image\":{\"@type\":\"ImageObject\",\"inLanguage\":\"fi\",\"@id\":\"https:\\\/\\\/secure.gravatar.com\\\/avatar\\\/c363118608772bc79e49a121a006dfe575b3d98afd884e1c7c163fcc962875ea?s=96&d=mm&r=g\",\"url\":\"https:\\\/\\\/secure.gravatar.com\\\/avatar\\\/c363118608772bc79e49a121a006dfe575b3d98afd884e1c7c163fcc962875ea?s=96&d=mm&r=g\",\"contentUrl\":\"https:\\\/\\\/secure.gravatar.com\\\/avatar\\\/c363118608772bc79e49a121a006dfe575b3d98afd884e1c7c163fcc962875ea?s=96&d=mm&r=g\",\"caption\":\"Niko Tynnyrinen\"},\"url\":\"https:\\\/\\\/blogs.uef.fi\\\/karjalanelvytys\\\/author\\\/mtynnyri\\\/\"}]}<\/script>\n<!-- \/ Yoast SEO plugin. -->","yoast_head_json":{"title":"Karjalan kielen da karjalazen kul'tuuran kursat Suomen eri \u010duril (sygyzy 2024) - Karjalan kielen elvytt\u00e4minen","robots":{"index":"index","follow":"follow","max-snippet":"max-snippet:-1","max-image-preview":"max-image-preview:large","max-video-preview":"max-video-preview:-1"},"canonical":"https:\/\/blogs.uef.fi\/karjalanelvytys\/2024\/08\/19\/karjalan-kielen-da-karjalazen-kultuuran-kursat-suomen-eri-curil-sygyzy-2024\/","og_locale":"fi_FI","og_type":"article","og_title":"Karjalan kielen da karjalazen kul'tuuran kursat Suomen eri \u010duril (sygyzy 2024) - Karjalan kielen elvytt\u00e4minen","og_description":"Karjalan kieleh da karjalazeh kul\u2019tuurah voit opastuo eri kohtis da li\u017e\u00e4kse vie interneta\u010di. Olemmo ker\u00e4nnyh yhteh tieduo sih n\u00e4h, kus t\u00e4n\u00e4 sygyzyn moizii kursoi piet\u00e4h. Kursoin piendykohtih kuulutah rahvahanopistot, kielikerhot da kieliker\u00e4hm\u00f6t. Tiijot ollah suomekse, da niidy rubiemmo t\u00e4vvend\u00e4m\u00e4h. Er\u00e4h\u00e4t kursois jatkutah kevi\u00e4h sah. Toizien opistoloin kev\u00e4tkursoile pid\u00e4y ilmoittuakseh eri\u017ee. Voit sin\u00e4gi ilmoittua karjalan kielen [&hellip;]","og_url":"https:\/\/blogs.uef.fi\/karjalanelvytys\/2024\/08\/19\/karjalan-kielen-da-karjalazen-kultuuran-kursat-suomen-eri-curil-sygyzy-2024\/","og_site_name":"Karjalan kielen elvytt\u00e4minen","article_published_time":"2024-08-19T08:48:05+00:00","article_modified_time":"2024-10-04T07:19:28+00:00","author":"Niko Tynnyrinen","twitter_card":"summary_large_image","twitter_misc":{"Kirjoittanut":"Niko Tynnyrinen","Arvioitu lukuaika":"9 minuuttia"},"schema":{"@context":"https:\/\/schema.org","@graph":[{"@type":"Article","@id":"https:\/\/blogs.uef.fi\/karjalanelvytys\/2024\/08\/19\/karjalan-kielen-da-karjalazen-kultuuran-kursat-suomen-eri-curil-sygyzy-2024\/#article","isPartOf":{"@id":"https:\/\/blogs.uef.fi\/karjalanelvytys\/2024\/08\/19\/karjalan-kielen-da-karjalazen-kultuuran-kursat-suomen-eri-curil-sygyzy-2024\/"},"author":{"name":"Niko Tynnyrinen","@id":"https:\/\/blogs.uef.fi\/karjalanelvytys\/#\/schema\/person\/621a5a2d8165cae7989f49c34ac3e845"},"headline":"Karjalan kielen da karjalazen kul&#8217;tuuran kursat Suomen eri \u010duril (sygyzy 2024)","datePublished":"2024-08-19T08:48:05+00:00","dateModified":"2024-10-04T07:19:28+00:00","mainEntityOfPage":{"@id":"https:\/\/blogs.uef.fi\/karjalanelvytys\/2024\/08\/19\/karjalan-kielen-da-karjalazen-kultuuran-kursat-suomen-eri-curil-sygyzy-2024\/"},"wordCount":1390,"commentCount":0,"keywords":["karjalan kielen kurssit"],"articleSection":["Uncategorized"],"inLanguage":"fi","potentialAction":[{"@type":"CommentAction","name":"Comment","target":["https:\/\/blogs.uef.fi\/karjalanelvytys\/2024\/08\/19\/karjalan-kielen-da-karjalazen-kultuuran-kursat-suomen-eri-curil-sygyzy-2024\/#respond"]}]},{"@type":"WebPage","@id":"https:\/\/blogs.uef.fi\/karjalanelvytys\/2024\/08\/19\/karjalan-kielen-da-karjalazen-kultuuran-kursat-suomen-eri-curil-sygyzy-2024\/","url":"https:\/\/blogs.uef.fi\/karjalanelvytys\/2024\/08\/19\/karjalan-kielen-da-karjalazen-kultuuran-kursat-suomen-eri-curil-sygyzy-2024\/","name":"Karjalan kielen da karjalazen kul'tuuran kursat Suomen eri \u010duril (sygyzy 2024) - Karjalan kielen elvytt\u00e4minen","isPartOf":{"@id":"https:\/\/blogs.uef.fi\/karjalanelvytys\/#website"},"datePublished":"2024-08-19T08:48:05+00:00","dateModified":"2024-10-04T07:19:28+00:00","author":{"@id":"https:\/\/blogs.uef.fi\/karjalanelvytys\/#\/schema\/person\/621a5a2d8165cae7989f49c34ac3e845"},"breadcrumb":{"@id":"https:\/\/blogs.uef.fi\/karjalanelvytys\/2024\/08\/19\/karjalan-kielen-da-karjalazen-kultuuran-kursat-suomen-eri-curil-sygyzy-2024\/#breadcrumb"},"inLanguage":"fi","potentialAction":[{"@type":"ReadAction","target":["https:\/\/blogs.uef.fi\/karjalanelvytys\/2024\/08\/19\/karjalan-kielen-da-karjalazen-kultuuran-kursat-suomen-eri-curil-sygyzy-2024\/"]}]},{"@type":"BreadcrumbList","@id":"https:\/\/blogs.uef.fi\/karjalanelvytys\/2024\/08\/19\/karjalan-kielen-da-karjalazen-kultuuran-kursat-suomen-eri-curil-sygyzy-2024\/#breadcrumb","itemListElement":[{"@type":"ListItem","position":1,"name":"Home","item":"https:\/\/blogs.uef.fi\/karjalanelvytys\/"},{"@type":"ListItem","position":2,"name":"Karjalan kielen da karjalazen kul&#8217;tuuran kursat Suomen eri \u010duril (sygyzy 2024)"}]},{"@type":"WebSite","@id":"https:\/\/blogs.uef.fi\/karjalanelvytys\/#website","url":"https:\/\/blogs.uef.fi\/karjalanelvytys\/","name":"Karjalan kielen elvytt\u00e4minen","description":"","potentialAction":[{"@type":"SearchAction","target":{"@type":"EntryPoint","urlTemplate":"https:\/\/blogs.uef.fi\/karjalanelvytys\/?s={search_term_string}"},"query-input":{"@type":"PropertyValueSpecification","valueRequired":true,"valueName":"search_term_string"}}],"inLanguage":"fi"},{"@type":"Person","@id":"https:\/\/blogs.uef.fi\/karjalanelvytys\/#\/schema\/person\/621a5a2d8165cae7989f49c34ac3e845","name":"Niko Tynnyrinen","image":{"@type":"ImageObject","inLanguage":"fi","@id":"https:\/\/secure.gravatar.com\/avatar\/c363118608772bc79e49a121a006dfe575b3d98afd884e1c7c163fcc962875ea?s=96&d=mm&r=g","url":"https:\/\/secure.gravatar.com\/avatar\/c363118608772bc79e49a121a006dfe575b3d98afd884e1c7c163fcc962875ea?s=96&d=mm&r=g","contentUrl":"https:\/\/secure.gravatar.com\/avatar\/c363118608772bc79e49a121a006dfe575b3d98afd884e1c7c163fcc962875ea?s=96&d=mm&r=g","caption":"Niko Tynnyrinen"},"url":"https:\/\/blogs.uef.fi\/karjalanelvytys\/author\/mtynnyri\/"}]}},"_links":{"self":[{"href":"https:\/\/blogs.uef.fi\/karjalanelvytys\/wp-json\/wp\/v2\/posts\/18801","targetHints":{"allow":["GET"]}}],"collection":[{"href":"https:\/\/blogs.uef.fi\/karjalanelvytys\/wp-json\/wp\/v2\/posts"}],"about":[{"href":"https:\/\/blogs.uef.fi\/karjalanelvytys\/wp-json\/wp\/v2\/types\/post"}],"author":[{"embeddable":true,"href":"https:\/\/blogs.uef.fi\/karjalanelvytys\/wp-json\/wp\/v2\/users\/580"}],"replies":[{"embeddable":true,"href":"https:\/\/blogs.uef.fi\/karjalanelvytys\/wp-json\/wp\/v2\/comments?post=18801"}],"version-history":[{"count":2,"href":"https:\/\/blogs.uef.fi\/karjalanelvytys\/wp-json\/wp\/v2\/posts\/18801\/revisions"}],"predecessor-version":[{"id":19064,"href":"https:\/\/blogs.uef.fi\/karjalanelvytys\/wp-json\/wp\/v2\/posts\/18801\/revisions\/19064"}],"wp:attachment":[{"href":"https:\/\/blogs.uef.fi\/karjalanelvytys\/wp-json\/wp\/v2\/media?parent=18801"}],"wp:term":[{"taxonomy":"category","embeddable":true,"href":"https:\/\/blogs.uef.fi\/karjalanelvytys\/wp-json\/wp\/v2\/categories?post=18801"},{"taxonomy":"post_tag","embeddable":true,"href":"https:\/\/blogs.uef.fi\/karjalanelvytys\/wp-json\/wp\/v2\/tags?post=18801"}],"curies":[{"name":"wp","href":"https:\/\/api.w.org\/{rel}","templated":true}]}}